{"id":102509,"date":"2023-11-01T10:47:34","date_gmt":"2023-11-01T09:47:34","guid":{"rendered":"https:\/\/spanienaktuell.net\/wordpress\/?p=102509"},"modified":"2023-11-01T10:47:34","modified_gmt":"2023-11-01T09:47:34","slug":"outdoortrends-november-2023","status":"publish","type":"post","link":"https:\/\/spanienaktuell.net\/wordpress\/outdoortrends-november-2023\/","title":{"rendered":"Outdoortrends November 2023"},"content":{"rendered":"<p><strong>E-Scooter Motocompacto von Honda<\/strong><\/p>\n<p><img decoding=\"async\" class=\"aligncenter size-full wp-image-102510\" src=\"https:\/\/spanienaktuell.net\/wordpress\/wp-content\/uploads\/2023\/11\/pro.jpg\" alt=\"\" width=\"1044\" height=\"765\" srcset=\"https:\/\/spanienaktuell.net\/wordpress\/wp-content\/uploads\/2023\/11\/pro.jpg 1044w, https:\/\/spanienaktuell.net\/wordpress\/wp-content\/uploads\/2023\/11\/pro-300x220.jpg 300w, https:\/\/spanienaktuell.net\/wordpress\/wp-content\/uploads\/2023\/11\/pro-1024x750.jpg 1024w, https:\/\/spanienaktuell.net\/wordpress\/wp-content\/uploads\/2023\/11\/pro-768x563.jpg 768w, https:\/\/spanienaktuell.net\/wordpress\/wp-content\/uploads\/2023\/11\/pro-350x256.jpg 350w\" sizes=\"(max-width: 1044px) 100vw, 1044px\" \/><\/p>\n<p>Der faltbare Scooter ist 24 km\/h schnell u. kann an einer herk\u00f6mmlichen Steckdose in nur 3,5 Stunden aufgeladen werden, er hat eine Reichweite von 20 Kilometern u. wiegt \u00a0rund 19 Kilogramm. Das Pedallose Geh\u00e4use l\u00e4sst sich sauber in eine langlebige, kompakte Form zusammenfalten, die sich universell an Ihre Staur\u00e4ume anpasst. <strong>Weitere Informationen finden Sie auf <\/strong><span style=\"color: #0000ff;\"><a style=\"color: #0000ff;\" href=\"https:\/\/motocompacto.honda.com\"><strong>https:\/\/motocompacto.honda.com<\/strong><\/a><\/span><\/p>\n<p>&nbsp;<\/p>\n<p><strong>Haibike ADVENTR FS 10<\/strong><\/p>\n<p><img decoding=\"async\" class=\"aligncenter wp-image-102514 size-full\" src=\"https:\/\/spanienaktuell.net\/wordpress\/wp-content\/uploads\/2023\/11\/Haibik-e1698831993959.png\" alt=\"\" width=\"1500\" height=\"742\" srcset=\"https:\/\/spanienaktuell.net\/wordpress\/wp-content\/uploads\/2023\/11\/Haibik-e1698831993959.png 1500w, https:\/\/spanienaktuell.net\/wordpress\/wp-content\/uploads\/2023\/11\/Haibik-e1698831993959-300x148.png 300w, https:\/\/spanienaktuell.net\/wordpress\/wp-content\/uploads\/2023\/11\/Haibik-e1698831993959-1024x507.png 1024w, https:\/\/spanienaktuell.net\/wordpress\/wp-content\/uploads\/2023\/11\/Haibik-e1698831993959-768x380.png 768w, https:\/\/spanienaktuell.net\/wordpress\/wp-content\/uploads\/2023\/11\/Haibik-e1698831993959-350x173.png 350w\" sizes=\"(max-width: 1500px) 100vw, 1500px\" \/><\/p>\n<p>Das Haibike ADVENTR FS 10 mit 29&#8243; Laufr\u00e4dern ist das perfekte eBike f\u00fcr Abenteurer! Der kompakte u. leistungsstarke Yamaha PW-X3 Motor mit 85 Nm Drehmoment u. einem 720 Wh Akku bringt Sie locker \u00fcber die h\u00f6chsten Berge. <strong>Weitere Informationen finden Sie unter <\/strong><a href=\"http:\/\/www.haibike.com\/de\"><strong><span style=\"color: #0000ff;\">www.haibike.com\/de<\/span><\/strong><\/a><strong> oder auf<\/strong> <a href=\"http:\/\/www.biciterraneo.com\"><strong><span style=\"color: #0000ff;\">www.biciterraneo.com<\/span><\/strong><\/a><strong>\u00a0 in Torre del Mar-Malaga<\/strong><\/p>\n<p>&nbsp;<\/p>\n<p><strong>Leichtes aerodynamisches Design-CAMP365 MODELL T<\/strong><\/p>\n<p><img decoding=\"async\" class=\"aligncenter size-full wp-image-102512\" src=\"https:\/\/spanienaktuell.net\/wordpress\/wp-content\/uploads\/2023\/11\/CAMP-scaled.jpg\" alt=\"\" width=\"1440\" height=\"810\" srcset=\"https:\/\/spanienaktuell.net\/wordpress\/wp-content\/uploads\/2023\/11\/CAMP-scaled.jpg 1440w, https:\/\/spanienaktuell.net\/wordpress\/wp-content\/uploads\/2023\/11\/CAMP-300x169.jpg 300w, https:\/\/spanienaktuell.net\/wordpress\/wp-content\/uploads\/2023\/11\/CAMP-1024x576.jpg 1024w, https:\/\/spanienaktuell.net\/wordpress\/wp-content\/uploads\/2023\/11\/CAMP-768x432.jpg 768w, https:\/\/spanienaktuell.net\/wordpress\/wp-content\/uploads\/2023\/11\/CAMP-350x197.jpg 350w\" sizes=\"(max-width: 1440px) 100vw, 1440px\" \/><\/p>\n<p>Auf dem Campingplatz l\u00e4sst sich das Modell T von CAMP365 in wenigen Minuten zu einem ger\u00e4umigen, komfortablen Domizil f\u00fcr den Urlaub entfalten. Der Camp365 T verwandelt Ihren Pickup in ein echtes Lifestyle-Fahrzeug. <strong>Weitere Informationen finden Sie auf <\/strong><span style=\"color: #0000ff;\"><a style=\"color: #0000ff;\" href=\"https:\/\/camp365.com\"><strong>https:\/\/camp365.com<\/strong><\/a><\/span><\/p>\n<p>&nbsp;<\/p>\n<p><strong>Wallywhy150-<\/strong> <strong>5-Sterne-Aussicht, 5-Sterne-Stimmung<\/strong><\/p>\n<p><img decoding=\"async\" class=\"aligncenter size-full wp-image-102511\" src=\"https:\/\/spanienaktuell.net\/wordpress\/wp-content\/uploads\/2023\/11\/50-scaled.jpg\" alt=\"\" width=\"1440\" height=\"687\" srcset=\"https:\/\/spanienaktuell.net\/wordpress\/wp-content\/uploads\/2023\/11\/50-scaled.jpg 1440w, https:\/\/spanienaktuell.net\/wordpress\/wp-content\/uploads\/2023\/11\/50-300x143.jpg 300w, https:\/\/spanienaktuell.net\/wordpress\/wp-content\/uploads\/2023\/11\/50-1024x489.jpg 1024w, https:\/\/spanienaktuell.net\/wordpress\/wp-content\/uploads\/2023\/11\/50-768x366.jpg 768w, https:\/\/spanienaktuell.net\/wordpress\/wp-content\/uploads\/2023\/11\/50-1536x733.jpg 1536w, https:\/\/spanienaktuell.net\/wordpress\/wp-content\/uploads\/2023\/11\/50-350x167.jpg 350w\" sizes=\"(max-width: 1440px) 100vw, 1440px\" \/><\/p>\n<p>Die Wallywhy150 bietet einen hohen Bug u. eine vordere Eignersuite, die in Kombination mit umlaufenden Fenstern einen 270-Grad-Blick erm\u00f6glichen. Vom Boden bis zur Decke reichendes Glas sorgt f\u00fcr viel Licht im Ess-Aufenthaltsbereich u. Hauptsalon. Das Schiff verf\u00fcgt \u00fcber vier Kabinen u. zwei zus\u00e4tzliche Mannschaftskabinen. Drei leistungsstarke Volvo Penta-Motoren\u00a0 bringen die Wallywhy150 auf eine Geschwindigkeit von bis zu 23 Knoten \u00a0<strong>Weitere Informationen finden Sie auf <\/strong><span style=\"color: #0000ff;\"><a style=\"color: #0000ff;\" href=\"http:\/\/www.wally.com\"><strong>www.wally.com<\/strong><\/a><\/span><\/p>\n<p>&nbsp;<\/p>\n<p><strong>NIESMANN &amp; BISCHOFF-ARTO<\/strong><\/p>\n<p><img decoding=\"async\" class=\"aligncenter size-full wp-image-102515\" src=\"https:\/\/spanienaktuell.net\/wordpress\/wp-content\/uploads\/2023\/11\/niesmannbischoff-scaled.jpg\" alt=\"\" width=\"1440\" height=\"810\" srcset=\"https:\/\/spanienaktuell.net\/wordpress\/wp-content\/uploads\/2023\/11\/niesmannbischoff-scaled.jpg 1440w, https:\/\/spanienaktuell.net\/wordpress\/wp-content\/uploads\/2023\/11\/niesmannbischoff-300x169.jpg 300w, https:\/\/spanienaktuell.net\/wordpress\/wp-content\/uploads\/2023\/11\/niesmannbischoff-1024x576.jpg 1024w, https:\/\/spanienaktuell.net\/wordpress\/wp-content\/uploads\/2023\/11\/niesmannbischoff-768x432.jpg 768w, https:\/\/spanienaktuell.net\/wordpress\/wp-content\/uploads\/2023\/11\/niesmannbischoff-1536x864.jpg 1536w, https:\/\/spanienaktuell.net\/wordpress\/wp-content\/uploads\/2023\/11\/niesmannbischoff-350x197.jpg 350w\" sizes=\"(max-width: 1440px) 100vw, 1440px\" \/><\/p>\n<p>Der Arto basiert auf dem Fiat Ducato, mit zwei Fahrgestelll\u00e4ngen u. \u00fcber 10 verf\u00fcgbaren Grundrissen sowie nahezu endlosen Individualisierungsm\u00f6glichkeiten. Die Grundausstattung umfasst eine voll ausgestattete K\u00fcche, ein Badezimmer mit Spa-Optionen, einen Wohnbereich u. ein Schlafzimmer mit einem Queensize-Bett.<\/p>\n<p><strong>Weitere Informationen finden Sie auf <\/strong><span style=\"color: #0000ff;\"><a style=\"color: #0000ff;\" href=\"http:\/\/www.niesmann-bischoff.com\"><strong>www.niesmann-bischoff.com<\/strong><\/a><\/span><\/p>\n<p><strong>\u00a0<\/strong><\/p>\n<p><strong>Otzi Ember Grill aus Edelstahl<\/strong><\/p>\n<p><img decoding=\"async\" class=\"aligncenter size-full wp-image-102513\" src=\"https:\/\/spanienaktuell.net\/wordpress\/wp-content\/uploads\/2023\/11\/grill.jpg\" alt=\"\" width=\"959\" height=\"640\" srcset=\"https:\/\/spanienaktuell.net\/wordpress\/wp-content\/uploads\/2023\/11\/grill.jpg 959w, https:\/\/spanienaktuell.net\/wordpress\/wp-content\/uploads\/2023\/11\/grill-300x200.jpg 300w, https:\/\/spanienaktuell.net\/wordpress\/wp-content\/uploads\/2023\/11\/grill-768x513.jpg 768w, https:\/\/spanienaktuell.net\/wordpress\/wp-content\/uploads\/2023\/11\/grill-350x234.jpg 350w\" sizes=\"(max-width: 959px) 100vw, 959px\" \/><\/p>\n<p>Perfekt f\u00fcr 2 Personen. Ideal f\u00fcr Camping, Overlanding oder das Leben im Van. Wiegt 4 kg, l\u00e4sst sich in einem 33 x 33 cm gro\u00dfen Koffer verstauen u. v\u00f6llig flach zusammenfalten. <strong>Weitere Informationen finden Sie auf <\/strong><span style=\"color: #0000ff;\"><a style=\"color: #0000ff;\" href=\"http:\/\/www.otzigear.com\"><strong>www.otzigear.com<\/strong><\/a><\/span><\/p>\n","protected":false},"excerpt":{"rendered":"<p>E-Scooter Motocompacto von Honda Der faltbare Scooter ist 24 km\/h schnell u. kann an einer herk\u00f6mmlichen Steckdose in nur 3,5 [&hellip;]<\/p>\n","protected":false},"author":3,"featured_media":102510,"comment_status":"closed","ping_status":"closed","sticky":false,"template":"","format":"standard","meta":{"footnotes":""},"categories":[33],"tags":[],"class_list":["post-102509","post","type-post","status-publish","format-standard","has-post-thumbnail","hentry","category-trends"],"yoast_head":"<!-- This site is optimized with the Yoast SEO plugin v27.1.1 - https:\/\/yoast.com\/product\/yoast-seo-wordpress\/ -->\n<title>Outdoortrends November 2023 - Spanien aktuell<\/title>\n<meta name=\"robots\" content=\"index, follow, max-snippet:-1, max-image-preview:large, max-video-preview:-1\" \/>\n<link rel=\"canonical\" href=\"https:\/\/spanienaktuell.net\/wordpress\/outdoortrends-november-2023\/\" \/>\n<meta property=\"og:locale\" content=\"es_ES\" \/>\n<meta property=\"og:type\" content=\"article\" \/>\n<meta property=\"og:title\" content=\"Outdoortrends November 2023 - Spanien aktuell\" \/>\n<meta property=\"og:description\" content=\"E-Scooter Motocompacto von Honda Der faltbare Scooter ist 24 km\/h schnell u. kann an einer herk\u00f6mmlichen Steckdose in nur 3,5 [&hellip;]\" \/>\n<meta property=\"og:url\" content=\"https:\/\/spanienaktuell.net\/wordpress\/outdoortrends-november-2023\/\" \/>\n<meta property=\"og:site_name\" content=\"Spanien aktuell\" \/>\n<meta property=\"article:published_time\" content=\"2023-11-01T09:47:34+00:00\" \/>\n<meta property=\"og:image\" content=\"https:\/\/spanienaktuell.net\/wordpress\/wp-content\/uploads\/2023\/11\/pro.jpg\" \/>\n\t<meta property=\"og:image:width\" content=\"1044\" \/>\n\t<meta property=\"og:image:height\" content=\"765\" \/>\n\t<meta property=\"og:image:type\" content=\"image\/jpeg\" \/>\n<meta name=\"author\" content=\"Spanien Aktuell\" \/>\n<meta name=\"twitter:card\" content=\"summary_large_image\" \/>\n<meta name=\"twitter:label1\" content=\"Escrito por\" \/>\n\t<meta name=\"twitter:data1\" content=\"Spanien Aktuell\" \/>\n\t<meta name=\"twitter:label2\" content=\"Tiempo de lectura\" \/>\n\t<meta name=\"twitter:data2\" content=\"3 minutos\" \/>\n<script type=\"application\/ld+json\" class=\"yoast-schema-graph\">{\"@context\":\"https:\/\/schema.org\",\"@graph\":[{\"@type\":\"Article\",\"@id\":\"https:\/\/spanienaktuell.net\/wordpress\/outdoortrends-november-2023\/#article\",\"isPartOf\":{\"@id\":\"https:\/\/spanienaktuell.net\/wordpress\/outdoortrends-november-2023\/\"},\"author\":{\"name\":\"Spanien Aktuell\",\"@id\":\"https:\/\/spanienaktuell.net\/wordpress\/#\/schema\/person\/bc410cfae0161b201d837ebfeeba7fd0\"},\"headline\":\"Outdoortrends November 2023\",\"datePublished\":\"2023-11-01T09:47:34+00:00\",\"mainEntityOfPage\":{\"@id\":\"https:\/\/spanienaktuell.net\/wordpress\/outdoortrends-november-2023\/\"},\"wordCount\":346,\"publisher\":{\"@id\":\"https:\/\/spanienaktuell.net\/wordpress\/#organization\"},\"image\":{\"@id\":\"https:\/\/spanienaktuell.net\/wordpress\/outdoortrends-november-2023\/#primaryimage\"},\"thumbnailUrl\":\"https:\/\/spanienaktuell.net\/wordpress\/wp-content\/uploads\/2023\/11\/pro.jpg\",\"articleSection\":[\"Trends\"],\"inLanguage\":\"es\"},{\"@type\":\"WebPage\",\"@id\":\"https:\/\/spanienaktuell.net\/wordpress\/outdoortrends-november-2023\/\",\"url\":\"https:\/\/spanienaktuell.net\/wordpress\/outdoortrends-november-2023\/\",\"name\":\"Outdoortrends November 2023 - Spanien aktuell\",\"isPartOf\":{\"@id\":\"https:\/\/spanienaktuell.net\/wordpress\/#website\"},\"primaryImageOfPage\":{\"@id\":\"https:\/\/spanienaktuell.net\/wordpress\/outdoortrends-november-2023\/#primaryimage\"},\"image\":{\"@id\":\"https:\/\/spanienaktuell.net\/wordpress\/outdoortrends-november-2023\/#primaryimage\"},\"thumbnailUrl\":\"https:\/\/spanienaktuell.net\/wordpress\/wp-content\/uploads\/2023\/11\/pro.jpg\",\"datePublished\":\"2023-11-01T09:47:34+00:00\",\"breadcrumb\":{\"@id\":\"https:\/\/spanienaktuell.net\/wordpress\/outdoortrends-november-2023\/#breadcrumb\"},\"inLanguage\":\"es\",\"potentialAction\":[{\"@type\":\"ReadAction\",\"target\":[\"https:\/\/spanienaktuell.net\/wordpress\/outdoortrends-november-2023\/\"]}]},{\"@type\":\"ImageObject\",\"inLanguage\":\"es\",\"@id\":\"https:\/\/spanienaktuell.net\/wordpress\/outdoortrends-november-2023\/#primaryimage\",\"url\":\"https:\/\/spanienaktuell.net\/wordpress\/wp-content\/uploads\/2023\/11\/pro.jpg\",\"contentUrl\":\"https:\/\/spanienaktuell.net\/wordpress\/wp-content\/uploads\/2023\/11\/pro.jpg\",\"width\":1044,\"height\":765},{\"@type\":\"BreadcrumbList\",\"@id\":\"https:\/\/spanienaktuell.net\/wordpress\/outdoortrends-november-2023\/#breadcrumb\",\"itemListElement\":[{\"@type\":\"ListItem\",\"position\":1,\"name\":\"Portada\",\"item\":\"https:\/\/spanienaktuell.net\/wordpress\/\"},{\"@type\":\"ListItem\",\"position\":2,\"name\":\"Outdoortrends November 2023\"}]},{\"@type\":\"WebSite\",\"@id\":\"https:\/\/spanienaktuell.net\/wordpress\/#website\",\"url\":\"https:\/\/spanienaktuell.net\/wordpress\/\",\"name\":\"Spanien aktuell\",\"description\":\"The German magazine number 1 on the Costa del Sol\",\"publisher\":{\"@id\":\"https:\/\/spanienaktuell.net\/wordpress\/#organization\"},\"potentialAction\":[{\"@type\":\"SearchAction\",\"target\":{\"@type\":\"EntryPoint\",\"urlTemplate\":\"https:\/\/spanienaktuell.net\/wordpress\/?s={search_term_string}\"},\"query-input\":{\"@type\":\"PropertyValueSpecification\",\"valueRequired\":true,\"valueName\":\"search_term_string\"}}],\"inLanguage\":\"es\"},{\"@type\":\"Organization\",\"@id\":\"https:\/\/spanienaktuell.net\/wordpress\/#organization\",\"name\":\"Spanien aktuell\",\"url\":\"https:\/\/spanienaktuell.net\/wordpress\/\",\"logo\":{\"@type\":\"ImageObject\",\"inLanguage\":\"es\",\"@id\":\"https:\/\/spanienaktuell.net\/wordpress\/#\/schema\/logo\/image\/\",\"url\":\"https:\/\/spanienaktuell.net\/wordpress\/wp-content\/uploads\/2019\/06\/cropped-Logo-spanien-aktuell-png-web-e1561631085388.png\",\"contentUrl\":\"https:\/\/spanienaktuell.net\/wordpress\/wp-content\/uploads\/2019\/06\/cropped-Logo-spanien-aktuell-png-web-e1561631085388.png\",\"width\":512,\"height\":110,\"caption\":\"Spanien aktuell\"},\"image\":{\"@id\":\"https:\/\/spanienaktuell.net\/wordpress\/#\/schema\/logo\/image\/\"}},{\"@type\":\"Person\",\"@id\":\"https:\/\/spanienaktuell.net\/wordpress\/#\/schema\/person\/bc410cfae0161b201d837ebfeeba7fd0\",\"name\":\"Spanien Aktuell\",\"image\":{\"@type\":\"ImageObject\",\"inLanguage\":\"es\",\"@id\":\"https:\/\/spanienaktuell.net\/wordpress\/#\/schema\/person\/image\/\",\"url\":\"https:\/\/spanienaktuell.net\/wordpress\/wp-content\/uploads\/2019\/06\/cropped-Logo-spanien-aktuell-png-fav2-100x100.png\",\"contentUrl\":\"https:\/\/spanienaktuell.net\/wordpress\/wp-content\/uploads\/2019\/06\/cropped-Logo-spanien-aktuell-png-fav2-100x100.png\",\"caption\":\"Spanien Aktuell\"},\"url\":\"https:\/\/spanienaktuell.net\/wordpress\/author\/koalum\/\"}]}<\/script>\n<!-- \/ Yoast SEO plugin. -->","yoast_head_json":{"title":"Outdoortrends November 2023 - Spanien aktuell","robots":{"index":"index","follow":"follow","max-snippet":"max-snippet:-1","max-image-preview":"max-image-preview:large","max-video-preview":"max-video-preview:-1"},"canonical":"https:\/\/spanienaktuell.net\/wordpress\/outdoortrends-november-2023\/","og_locale":"es_ES","og_type":"article","og_title":"Outdoortrends November 2023 - Spanien aktuell","og_description":"E-Scooter Motocompacto von Honda Der faltbare Scooter ist 24 km\/h schnell u. kann an einer herk\u00f6mmlichen Steckdose in nur 3,5 [&hellip;]","og_url":"https:\/\/spanienaktuell.net\/wordpress\/outdoortrends-november-2023\/","og_site_name":"Spanien aktuell","article_published_time":"2023-11-01T09:47:34+00:00","og_image":[{"width":1044,"height":765,"url":"https:\/\/spanienaktuell.net\/wordpress\/wp-content\/uploads\/2023\/11\/pro.jpg","type":"image\/jpeg"}],"author":"Spanien Aktuell","twitter_card":"summary_large_image","twitter_misc":{"Escrito por":"Spanien Aktuell","Tiempo de lectura":"3 minutos"},"schema":{"@context":"https:\/\/schema.org","@graph":[{"@type":"Article","@id":"https:\/\/spanienaktuell.net\/wordpress\/outdoortrends-november-2023\/#article","isPartOf":{"@id":"https:\/\/spanienaktuell.net\/wordpress\/outdoortrends-november-2023\/"},"author":{"name":"Spanien Aktuell","@id":"https:\/\/spanienaktuell.net\/wordpress\/#\/schema\/person\/bc410cfae0161b201d837ebfeeba7fd0"},"headline":"Outdoortrends November 2023","datePublished":"2023-11-01T09:47:34+00:00","mainEntityOfPage":{"@id":"https:\/\/spanienaktuell.net\/wordpress\/outdoortrends-november-2023\/"},"wordCount":346,"publisher":{"@id":"https:\/\/spanienaktuell.net\/wordpress\/#organization"},"image":{"@id":"https:\/\/spanienaktuell.net\/wordpress\/outdoortrends-november-2023\/#primaryimage"},"thumbnailUrl":"https:\/\/spanienaktuell.net\/wordpress\/wp-content\/uploads\/2023\/11\/pro.jpg","articleSection":["Trends"],"inLanguage":"es"},{"@type":"WebPage","@id":"https:\/\/spanienaktuell.net\/wordpress\/outdoortrends-november-2023\/","url":"https:\/\/spanienaktuell.net\/wordpress\/outdoortrends-november-2023\/","name":"Outdoortrends November 2023 - Spanien aktuell","isPartOf":{"@id":"https:\/\/spanienaktuell.net\/wordpress\/#website"},"primaryImageOfPage":{"@id":"https:\/\/spanienaktuell.net\/wordpress\/outdoortrends-november-2023\/#primaryimage"},"image":{"@id":"https:\/\/spanienaktuell.net\/wordpress\/outdoortrends-november-2023\/#primaryimage"},"thumbnailUrl":"https:\/\/spanienaktuell.net\/wordpress\/wp-content\/uploads\/2023\/11\/pro.jpg","datePublished":"2023-11-01T09:47:34+00:00","breadcrumb":{"@id":"https:\/\/spanienaktuell.net\/wordpress\/outdoortrends-november-2023\/#breadcrumb"},"inLanguage":"es","potentialAction":[{"@type":"ReadAction","target":["https:\/\/spanienaktuell.net\/wordpress\/outdoortrends-november-2023\/"]}]},{"@type":"ImageObject","inLanguage":"es","@id":"https:\/\/spanienaktuell.net\/wordpress\/outdoortrends-november-2023\/#primaryimage","url":"https:\/\/spanienaktuell.net\/wordpress\/wp-content\/uploads\/2023\/11\/pro.jpg","contentUrl":"https:\/\/spanienaktuell.net\/wordpress\/wp-content\/uploads\/2023\/11\/pro.jpg","width":1044,"height":765},{"@type":"BreadcrumbList","@id":"https:\/\/spanienaktuell.net\/wordpress\/outdoortrends-november-2023\/#breadcrumb","itemListElement":[{"@type":"ListItem","position":1,"name":"Portada","item":"https:\/\/spanienaktuell.net\/wordpress\/"},{"@type":"ListItem","position":2,"name":"Outdoortrends November 2023"}]},{"@type":"WebSite","@id":"https:\/\/spanienaktuell.net\/wordpress\/#website","url":"https:\/\/spanienaktuell.net\/wordpress\/","name":"Spanien aktuell","description":"The German magazine number 1 on the Costa del Sol","publisher":{"@id":"https:\/\/spanienaktuell.net\/wordpress\/#organization"},"potentialAction":[{"@type":"SearchAction","target":{"@type":"EntryPoint","urlTemplate":"https:\/\/spanienaktuell.net\/wordpress\/?s={search_term_string}"},"query-input":{"@type":"PropertyValueSpecification","valueRequired":true,"valueName":"search_term_string"}}],"inLanguage":"es"},{"@type":"Organization","@id":"https:\/\/spanienaktuell.net\/wordpress\/#organization","name":"Spanien aktuell","url":"https:\/\/spanienaktuell.net\/wordpress\/","logo":{"@type":"ImageObject","inLanguage":"es","@id":"https:\/\/spanienaktuell.net\/wordpress\/#\/schema\/logo\/image\/","url":"https:\/\/spanienaktuell.net\/wordpress\/wp-content\/uploads\/2019\/06\/cropped-Logo-spanien-aktuell-png-web-e1561631085388.png","contentUrl":"https:\/\/spanienaktuell.net\/wordpress\/wp-content\/uploads\/2019\/06\/cropped-Logo-spanien-aktuell-png-web-e1561631085388.png","width":512,"height":110,"caption":"Spanien aktuell"},"image":{"@id":"https:\/\/spanienaktuell.net\/wordpress\/#\/schema\/logo\/image\/"}},{"@type":"Person","@id":"https:\/\/spanienaktuell.net\/wordpress\/#\/schema\/person\/bc410cfae0161b201d837ebfeeba7fd0","name":"Spanien Aktuell","image":{"@type":"ImageObject","inLanguage":"es","@id":"https:\/\/spanienaktuell.net\/wordpress\/#\/schema\/person\/image\/","url":"https:\/\/spanienaktuell.net\/wordpress\/wp-content\/uploads\/2019\/06\/cropped-Logo-spanien-aktuell-png-fav2-100x100.png","contentUrl":"https:\/\/spanienaktuell.net\/wordpress\/wp-content\/uploads\/2019\/06\/cropped-Logo-spanien-aktuell-png-fav2-100x100.png","caption":"Spanien Aktuell"},"url":"https:\/\/spanienaktuell.net\/wordpress\/author\/koalum\/"}]}},"_links":{"self":[{"href":"https:\/\/spanienaktuell.net\/wordpress\/wp-json\/wp\/v2\/posts\/102509","targetHints":{"allow":["GET"]}}],"collection":[{"href":"https:\/\/spanienaktuell.net\/wordpress\/wp-json\/wp\/v2\/posts"}],"about":[{"href":"https:\/\/spanienaktuell.net\/wordpress\/wp-json\/wp\/v2\/types\/post"}],"author":[{"embeddable":true,"href":"https:\/\/spanienaktuell.net\/wordpress\/wp-json\/wp\/v2\/users\/3"}],"replies":[{"embeddable":true,"href":"https:\/\/spanienaktuell.net\/wordpress\/wp-json\/wp\/v2\/comments?post=102509"}],"version-history":[{"count":1,"href":"https:\/\/spanienaktuell.net\/wordpress\/wp-json\/wp\/v2\/posts\/102509\/revisions"}],"predecessor-version":[{"id":102519,"href":"https:\/\/spanienaktuell.net\/wordpress\/wp-json\/wp\/v2\/posts\/102509\/revisions\/102519"}],"wp:featuredmedia":[{"embeddable":true,"href":"https:\/\/spanienaktuell.net\/wordpress\/wp-json\/wp\/v2\/media\/102510"}],"wp:attachment":[{"href":"https:\/\/spanienaktuell.net\/wordpress\/wp-json\/wp\/v2\/media?parent=102509"}],"wp:term":[{"taxonomy":"category","embeddable":true,"href":"https:\/\/spanienaktuell.net\/wordpress\/wp-json\/wp\/v2\/categories?post=102509"},{"taxonomy":"post_tag","embeddable":true,"href":"https:\/\/spanienaktuell.net\/wordpress\/wp-json\/wp\/v2\/tags?post=102509"}],"curies":[{"name":"wp","href":"https:\/\/api.w.org\/{rel}","templated":true}]}}