{"id":103168,"date":"2024-03-01T00:11:18","date_gmt":"2024-02-29T23:11:18","guid":{"rendered":"https:\/\/spanienaktuell.net\/wordpress\/?p=103168"},"modified":"2024-03-03T11:57:32","modified_gmt":"2024-03-03T10:57:32","slug":"kommentar-februar-2024-saat-und-gut","status":"publish","type":"post","link":"https:\/\/spanienaktuell.net\/wordpress\/kommentar-februar-2024-saat-und-gut\/","title":{"rendered":"Kommentar M\u00e4rz 2024 \u2013 Saat und gut"},"content":{"rendered":"<p>Agrarkonzerne verschaffen sich mit Patenten auf Saatgut immer mehr Kontrolle \u00fcber unsere Lebensmittel. Saatgut, das eigentlich ein \u00fcber Jahrtausende gewachsenes Gemeingut ist und eine ganz wunderbare Eigenschaft hat: Es vervielf\u00e4ltigt sich! Die EU-Rechtsvorschriften \u00fcber die Vermarktung von Saatgut haben sich seit den 1960er Jahren zu einem komplexen Geflecht von Instrumenten entwickelt, das im Laufe der Zeit mehrfach ge\u00e4ndert wurde.<\/p>\n<p>Heute ist Saatgut ein Gewinnfaktor f\u00fcr einige wenige Unternehmen, die den Weltmarkt dominieren. Die meisten Samen sind durch technische Mechanismen, wie die Hybridz\u00fcchtung, biologisch nicht mehr sortenfest vermehrbar oder durch rechtliche Mechanismen, wie Patente und Sortenschutz, nicht mehr frei zug\u00e4nglich. Gleichzeitig geht das kulturelle Wissen darum, wie Saatgut vermehrt oder gez\u00fcchtet wird, fast schneller als die Sortenvielfalt selbst verloren.<\/p>\n<p>Auch die Entwicklung, Verwendung und Kontrolle von Saatgut ist seit jeher ein politisch brisantes Thema, nicht nur in der EU, sondern weltweit. W\u00e4hrend traditionell mehr als 6.000 Pflanzenarten zur Nahrungsmittelerzeugung angebaut wurden, tragen heute weniger als 200 Arten wesentlich zur Nahrungsmittelproduktion bei, und nur 9 Pflanzenarten machen 66% der gesamten Pflanzenproduktion aus. Insgesamt ist die Europ\u00e4ische Union nach den Vereinigten Staaten und China drittgr\u00f6\u00dfte Saatgutmarkt der Welt und macht etwa 20% des Weltmarktes aus. Der europ\u00e4ische Saatgutmarkt hatte im Jahr 2021 einen Wert von 16,77 Mrd. USD und wird bis 2026 sch\u00e4tzungsweise 25,68 Mrd. USD erreichen, insbesondere aufgrund der steigenden Nachfrage nach Getreide, \u00d6len und Gem\u00fcse sowie Tierfutter.<\/p>\n<p>Der Zugang zum Saatgutmarkt ist in der EU f\u00fcr b\u00e4uerliche Gemeinschaften, Erhaltungsorganisationen, Startups und einzelne Landwirte, die vielf\u00e4ltige, lokal erzeugte Sorten anbieten, die an die Bed\u00fcrfnisse der agrar\u00f6kologischen und \u00f6kologischen Produktion angepasst sind, schwierig. Organisationen wurden sogar verklagt, weil sie Saatgut verkauften, das nicht in den offiziellen Saatgutkatalogen eingetragen war, wie in dem ber\u00fcchtigten Gerichtsverfahren von 2008 zwischen der franz\u00f6sischen Vereinigung Kokopelli und dem Unternehmen Graines Baumaux, das bis zum Europ\u00e4ischen Gerichtshof ging.<\/p>\n<p>Heute beherrschen die drei Konzerne Bayer-Monsanto, Dow-DuPont und ChemChina-Syngenta mehr als 60% des weltweiten Saatgutmarktes. Nebenbei bemerkt \u201eEs sind die gleichen Konzerne, die 70% des Pestizidmarktes innehaben\u201c. Mit gentechnischen Verfahren erzeugte Sorten, aber inzwischen auch einige Ergebnisse herk\u00f6mmlicher Z\u00fcchtung, werden vermehrt mit Patenten gesch\u00fctzt. Dabei befinden sich 97% aller Saatgut-Patente in den H\u00e4nden von Unternehmen aus Industriel\u00e4ndern, obwohl 90% der biologischen Ressourcen urspr\u00fcnglich aus dem Globalen S\u00fcden stammen.<\/p>\n<p>Saatgutgesetze weltweit ignorieren oder kriminalisieren die allt\u00e4gliche und vielerorts noch selbstverst\u00e4ndliche Praxis von Bauern, Saatgut zu vermehren, zu tauschen und zu verkaufen. So wurden in Kolumbien 2008 ein Freihandelsabkommen mit den USA abgeschlossen, dass in der \u201eRichtline 970\u201d vorsieht, dass nur noch zertifiziertes Saatgut verwendet werden darf. Daraufhin wurden zwischen 2010 und 2012 vom kolumbianischen Institut f\u00fcr Landwirtschaft etwa 4.200 Tonnen b\u00e4uerliches, nicht-zertifiziertes Reis-, Kartoffel-, Mais und Weizensaatgut konfisziert und in einer M\u00fcllhalde verbuddelt!<\/p>\n<p>Leider beg\u00fcnstigt der derzeitige Rechtsrahmen f\u00fcr die Saatgutvermarktung nur die Entwicklung und Verwendung einheitlicher Pflanzensorten, die f\u00fcr den industriellen Anbau bestimmt sind. Er schr\u00e4nkt die Nutzung der kultivierten Pflanzenvielfalt ein.<\/p>\n<p>In Anbetracht dieser Entwicklungen wird deutlich: Wer unsere Saat kontrolliert, hat die Macht, unsere Ern\u00e4hrung zu bestimmen. Daher ist es an der Zeit, sich f\u00fcr den Schutz der Saatvielfalt einzusetzen. Denn eine vielf\u00e4ltige Saat ist nicht nur &#8216;gut&#8217;, sondern auch unsere beste Hoffnung f\u00fcr eine nachhaltige Zukunft. Diese Vereinheitlichung von Innovationen bringt erhebliche negative wirtschaftliche, soziale und \u00f6kologische Auswirkungen mit sich und unterstreicht die Dringlichkeit, Ma\u00dfnahmen zum Schutz der Saatvielfalt zu ergreifen.01<\/p>\n","protected":false},"excerpt":{"rendered":"<p>Agrarkonzerne verschaffen sich mit Patenten auf Saatgut immer mehr Kontrolle \u00fcber unsere Lebensmittel. Saatgut, das eigentlich ein \u00fcber Jahrtausende gewachsenes [&hellip;]<\/p>\n","protected":false},"author":4,"featured_media":990,"comment_status":"closed","ping_status":"closed","sticky":false,"template":"","format":"standard","meta":{"footnotes":""},"categories":[23],"tags":[],"class_list":["post-103168","post","type-post","status-publish","format-standard","has-post-thumbnail","hentry","category-kommentar"],"yoast_head":"<!-- This site is optimized with the Yoast SEO plugin v27.1.1 - https:\/\/yoast.com\/product\/yoast-seo-wordpress\/ -->\n<title>Kommentar M\u00e4rz 2024 \u2013 Saat und gut - Spanien aktuell<\/title>\n<meta name=\"robots\" content=\"index, follow, max-snippet:-1, max-image-preview:large, max-video-preview:-1\" \/>\n<link rel=\"canonical\" href=\"https:\/\/spanienaktuell.net\/wordpress\/kommentar-februar-2024-saat-und-gut\/\" \/>\n<meta property=\"og:locale\" content=\"es_ES\" \/>\n<meta property=\"og:type\" content=\"article\" \/>\n<meta property=\"og:title\" content=\"Kommentar M\u00e4rz 2024 \u2013 Saat und gut - Spanien aktuell\" \/>\n<meta property=\"og:description\" content=\"Agrarkonzerne verschaffen sich mit Patenten auf Saatgut immer mehr Kontrolle \u00fcber unsere Lebensmittel. Saatgut, das eigentlich ein \u00fcber Jahrtausende gewachsenes [&hellip;]\" \/>\n<meta property=\"og:url\" content=\"https:\/\/spanienaktuell.net\/wordpress\/kommentar-februar-2024-saat-und-gut\/\" \/>\n<meta property=\"og:site_name\" content=\"Spanien aktuell\" \/>\n<meta property=\"article:published_time\" content=\"2024-02-29T23:11:18+00:00\" \/>\n<meta property=\"article:modified_time\" content=\"2024-03-03T10:57:32+00:00\" \/>\n<meta property=\"og:image\" content=\"https:\/\/spanienaktuell.net\/wordpress\/wp-content\/uploads\/2016\/11\/kommentar.png\" \/>\n\t<meta property=\"og:image:width\" content=\"1920\" \/>\n\t<meta property=\"og:image:height\" content=\"1280\" \/>\n\t<meta property=\"og:image:type\" content=\"image\/png\" \/>\n<meta name=\"author\" content=\"Kai Ertel\" \/>\n<meta name=\"twitter:card\" content=\"summary_large_image\" \/>\n<meta name=\"twitter:label1\" content=\"Escrito por\" \/>\n\t<meta name=\"twitter:data1\" content=\"Kai Ertel\" \/>\n\t<meta name=\"twitter:label2\" content=\"Tiempo de lectura\" \/>\n\t<meta name=\"twitter:data2\" content=\"3 minutos\" \/>\n<script type=\"application\/ld+json\" class=\"yoast-schema-graph\">{\"@context\":\"https:\/\/schema.org\",\"@graph\":[{\"@type\":\"Article\",\"@id\":\"https:\/\/spanienaktuell.net\/wordpress\/kommentar-februar-2024-saat-und-gut\/#article\",\"isPartOf\":{\"@id\":\"https:\/\/spanienaktuell.net\/wordpress\/kommentar-februar-2024-saat-und-gut\/\"},\"author\":{\"name\":\"Kai Ertel\",\"@id\":\"https:\/\/spanienaktuell.net\/wordpress\/#\/schema\/person\/0e64ea555b02455cc98b58590d99c815\"},\"headline\":\"Kommentar M\u00e4rz 2024 \u2013 Saat und gut\",\"datePublished\":\"2024-02-29T23:11:18+00:00\",\"dateModified\":\"2024-03-03T10:57:32+00:00\",\"mainEntityOfPage\":{\"@id\":\"https:\/\/spanienaktuell.net\/wordpress\/kommentar-februar-2024-saat-und-gut\/\"},\"wordCount\":571,\"publisher\":{\"@id\":\"https:\/\/spanienaktuell.net\/wordpress\/#organization\"},\"image\":{\"@id\":\"https:\/\/spanienaktuell.net\/wordpress\/kommentar-februar-2024-saat-und-gut\/#primaryimage\"},\"thumbnailUrl\":\"https:\/\/spanienaktuell.net\/wordpress\/wp-content\/uploads\/2016\/11\/kommentar.png\",\"articleSection\":[\"Kommentar\"],\"inLanguage\":\"es\"},{\"@type\":\"WebPage\",\"@id\":\"https:\/\/spanienaktuell.net\/wordpress\/kommentar-februar-2024-saat-und-gut\/\",\"url\":\"https:\/\/spanienaktuell.net\/wordpress\/kommentar-februar-2024-saat-und-gut\/\",\"name\":\"Kommentar M\u00e4rz 2024 \u2013 Saat und gut - Spanien aktuell\",\"isPartOf\":{\"@id\":\"https:\/\/spanienaktuell.net\/wordpress\/#website\"},\"primaryImageOfPage\":{\"@id\":\"https:\/\/spanienaktuell.net\/wordpress\/kommentar-februar-2024-saat-und-gut\/#primaryimage\"},\"image\":{\"@id\":\"https:\/\/spanienaktuell.net\/wordpress\/kommentar-februar-2024-saat-und-gut\/#primaryimage\"},\"thumbnailUrl\":\"https:\/\/spanienaktuell.net\/wordpress\/wp-content\/uploads\/2016\/11\/kommentar.png\",\"datePublished\":\"2024-02-29T23:11:18+00:00\",\"dateModified\":\"2024-03-03T10:57:32+00:00\",\"breadcrumb\":{\"@id\":\"https:\/\/spanienaktuell.net\/wordpress\/kommentar-februar-2024-saat-und-gut\/#breadcrumb\"},\"inLanguage\":\"es\",\"potentialAction\":[{\"@type\":\"ReadAction\",\"target\":[\"https:\/\/spanienaktuell.net\/wordpress\/kommentar-februar-2024-saat-und-gut\/\"]}]},{\"@type\":\"ImageObject\",\"inLanguage\":\"es\",\"@id\":\"https:\/\/spanienaktuell.net\/wordpress\/kommentar-februar-2024-saat-und-gut\/#primaryimage\",\"url\":\"https:\/\/spanienaktuell.net\/wordpress\/wp-content\/uploads\/2016\/11\/kommentar.png\",\"contentUrl\":\"https:\/\/spanienaktuell.net\/wordpress\/wp-content\/uploads\/2016\/11\/kommentar.png\",\"width\":1920,\"height\":1280},{\"@type\":\"BreadcrumbList\",\"@id\":\"https:\/\/spanienaktuell.net\/wordpress\/kommentar-februar-2024-saat-und-gut\/#breadcrumb\",\"itemListElement\":[{\"@type\":\"ListItem\",\"position\":1,\"name\":\"Portada\",\"item\":\"https:\/\/spanienaktuell.net\/wordpress\/\"},{\"@type\":\"ListItem\",\"position\":2,\"name\":\"Kommentar M\u00e4rz 2024 \u2013 Saat und gut\"}]},{\"@type\":\"WebSite\",\"@id\":\"https:\/\/spanienaktuell.net\/wordpress\/#website\",\"url\":\"https:\/\/spanienaktuell.net\/wordpress\/\",\"name\":\"Spanien aktuell\",\"description\":\"The German magazine number 1 on the Costa del Sol\",\"publisher\":{\"@id\":\"https:\/\/spanienaktuell.net\/wordpress\/#organization\"},\"potentialAction\":[{\"@type\":\"SearchAction\",\"target\":{\"@type\":\"EntryPoint\",\"urlTemplate\":\"https:\/\/spanienaktuell.net\/wordpress\/?s={search_term_string}\"},\"query-input\":{\"@type\":\"PropertyValueSpecification\",\"valueRequired\":true,\"valueName\":\"search_term_string\"}}],\"inLanguage\":\"es\"},{\"@type\":\"Organization\",\"@id\":\"https:\/\/spanienaktuell.net\/wordpress\/#organization\",\"name\":\"Spanien aktuell\",\"url\":\"https:\/\/spanienaktuell.net\/wordpress\/\",\"logo\":{\"@type\":\"ImageObject\",\"inLanguage\":\"es\",\"@id\":\"https:\/\/spanienaktuell.net\/wordpress\/#\/schema\/logo\/image\/\",\"url\":\"https:\/\/spanienaktuell.net\/wordpress\/wp-content\/uploads\/2019\/06\/cropped-Logo-spanien-aktuell-png-web-e1561631085388.png\",\"contentUrl\":\"https:\/\/spanienaktuell.net\/wordpress\/wp-content\/uploads\/2019\/06\/cropped-Logo-spanien-aktuell-png-web-e1561631085388.png\",\"width\":512,\"height\":110,\"caption\":\"Spanien aktuell\"},\"image\":{\"@id\":\"https:\/\/spanienaktuell.net\/wordpress\/#\/schema\/logo\/image\/\"}},{\"@type\":\"Person\",\"@id\":\"https:\/\/spanienaktuell.net\/wordpress\/#\/schema\/person\/0e64ea555b02455cc98b58590d99c815\",\"name\":\"Kai Ertel\",\"image\":{\"@type\":\"ImageObject\",\"inLanguage\":\"es\",\"@id\":\"https:\/\/spanienaktuell.net\/wordpress\/#\/schema\/person\/image\/\",\"url\":\"https:\/\/spanienaktuell.net\/wordpress\/wp-content\/uploads\/2023\/11\/kai-ertel.png\",\"contentUrl\":\"https:\/\/spanienaktuell.net\/wordpress\/wp-content\/uploads\/2023\/11\/kai-ertel.png\",\"caption\":\"Kai Ertel\"},\"url\":\"https:\/\/spanienaktuell.net\/wordpress\/author\/kaiertel\/\"}]}<\/script>\n<!-- \/ Yoast SEO plugin. -->","yoast_head_json":{"title":"Kommentar M\u00e4rz 2024 \u2013 Saat und gut - Spanien aktuell","robots":{"index":"index","follow":"follow","max-snippet":"max-snippet:-1","max-image-preview":"max-image-preview:large","max-video-preview":"max-video-preview:-1"},"canonical":"https:\/\/spanienaktuell.net\/wordpress\/kommentar-februar-2024-saat-und-gut\/","og_locale":"es_ES","og_type":"article","og_title":"Kommentar M\u00e4rz 2024 \u2013 Saat und gut - Spanien aktuell","og_description":"Agrarkonzerne verschaffen sich mit Patenten auf Saatgut immer mehr Kontrolle \u00fcber unsere Lebensmittel. Saatgut, das eigentlich ein \u00fcber Jahrtausende gewachsenes [&hellip;]","og_url":"https:\/\/spanienaktuell.net\/wordpress\/kommentar-februar-2024-saat-und-gut\/","og_site_name":"Spanien aktuell","article_published_time":"2024-02-29T23:11:18+00:00","article_modified_time":"2024-03-03T10:57:32+00:00","og_image":[{"width":1920,"height":1280,"url":"https:\/\/spanienaktuell.net\/wordpress\/wp-content\/uploads\/2016\/11\/kommentar.png","type":"image\/png"}],"author":"Kai Ertel","twitter_card":"summary_large_image","twitter_misc":{"Escrito por":"Kai Ertel","Tiempo de lectura":"3 minutos"},"schema":{"@context":"https:\/\/schema.org","@graph":[{"@type":"Article","@id":"https:\/\/spanienaktuell.net\/wordpress\/kommentar-februar-2024-saat-und-gut\/#article","isPartOf":{"@id":"https:\/\/spanienaktuell.net\/wordpress\/kommentar-februar-2024-saat-und-gut\/"},"author":{"name":"Kai Ertel","@id":"https:\/\/spanienaktuell.net\/wordpress\/#\/schema\/person\/0e64ea555b02455cc98b58590d99c815"},"headline":"Kommentar M\u00e4rz 2024 \u2013 Saat und gut","datePublished":"2024-02-29T23:11:18+00:00","dateModified":"2024-03-03T10:57:32+00:00","mainEntityOfPage":{"@id":"https:\/\/spanienaktuell.net\/wordpress\/kommentar-februar-2024-saat-und-gut\/"},"wordCount":571,"publisher":{"@id":"https:\/\/spanienaktuell.net\/wordpress\/#organization"},"image":{"@id":"https:\/\/spanienaktuell.net\/wordpress\/kommentar-februar-2024-saat-und-gut\/#primaryimage"},"thumbnailUrl":"https:\/\/spanienaktuell.net\/wordpress\/wp-content\/uploads\/2016\/11\/kommentar.png","articleSection":["Kommentar"],"inLanguage":"es"},{"@type":"WebPage","@id":"https:\/\/spanienaktuell.net\/wordpress\/kommentar-februar-2024-saat-und-gut\/","url":"https:\/\/spanienaktuell.net\/wordpress\/kommentar-februar-2024-saat-und-gut\/","name":"Kommentar M\u00e4rz 2024 \u2013 Saat und gut - Spanien aktuell","isPartOf":{"@id":"https:\/\/spanienaktuell.net\/wordpress\/#website"},"primaryImageOfPage":{"@id":"https:\/\/spanienaktuell.net\/wordpress\/kommentar-februar-2024-saat-und-gut\/#primaryimage"},"image":{"@id":"https:\/\/spanienaktuell.net\/wordpress\/kommentar-februar-2024-saat-und-gut\/#primaryimage"},"thumbnailUrl":"https:\/\/spanienaktuell.net\/wordpress\/wp-content\/uploads\/2016\/11\/kommentar.png","datePublished":"2024-02-29T23:11:18+00:00","dateModified":"2024-03-03T10:57:32+00:00","breadcrumb":{"@id":"https:\/\/spanienaktuell.net\/wordpress\/kommentar-februar-2024-saat-und-gut\/#breadcrumb"},"inLanguage":"es","potentialAction":[{"@type":"ReadAction","target":["https:\/\/spanienaktuell.net\/wordpress\/kommentar-februar-2024-saat-und-gut\/"]}]},{"@type":"ImageObject","inLanguage":"es","@id":"https:\/\/spanienaktuell.net\/wordpress\/kommentar-februar-2024-saat-und-gut\/#primaryimage","url":"https:\/\/spanienaktuell.net\/wordpress\/wp-content\/uploads\/2016\/11\/kommentar.png","contentUrl":"https:\/\/spanienaktuell.net\/wordpress\/wp-content\/uploads\/2016\/11\/kommentar.png","width":1920,"height":1280},{"@type":"BreadcrumbList","@id":"https:\/\/spanienaktuell.net\/wordpress\/kommentar-februar-2024-saat-und-gut\/#breadcrumb","itemListElement":[{"@type":"ListItem","position":1,"name":"Portada","item":"https:\/\/spanienaktuell.net\/wordpress\/"},{"@type":"ListItem","position":2,"name":"Kommentar M\u00e4rz 2024 \u2013 Saat und gut"}]},{"@type":"WebSite","@id":"https:\/\/spanienaktuell.net\/wordpress\/#website","url":"https:\/\/spanienaktuell.net\/wordpress\/","name":"Spanien aktuell","description":"The German magazine number 1 on the Costa del Sol","publisher":{"@id":"https:\/\/spanienaktuell.net\/wordpress\/#organization"},"potentialAction":[{"@type":"SearchAction","target":{"@type":"EntryPoint","urlTemplate":"https:\/\/spanienaktuell.net\/wordpress\/?s={search_term_string}"},"query-input":{"@type":"PropertyValueSpecification","valueRequired":true,"valueName":"search_term_string"}}],"inLanguage":"es"},{"@type":"Organization","@id":"https:\/\/spanienaktuell.net\/wordpress\/#organization","name":"Spanien aktuell","url":"https:\/\/spanienaktuell.net\/wordpress\/","logo":{"@type":"ImageObject","inLanguage":"es","@id":"https:\/\/spanienaktuell.net\/wordpress\/#\/schema\/logo\/image\/","url":"https:\/\/spanienaktuell.net\/wordpress\/wp-content\/uploads\/2019\/06\/cropped-Logo-spanien-aktuell-png-web-e1561631085388.png","contentUrl":"https:\/\/spanienaktuell.net\/wordpress\/wp-content\/uploads\/2019\/06\/cropped-Logo-spanien-aktuell-png-web-e1561631085388.png","width":512,"height":110,"caption":"Spanien aktuell"},"image":{"@id":"https:\/\/spanienaktuell.net\/wordpress\/#\/schema\/logo\/image\/"}},{"@type":"Person","@id":"https:\/\/spanienaktuell.net\/wordpress\/#\/schema\/person\/0e64ea555b02455cc98b58590d99c815","name":"Kai Ertel","image":{"@type":"ImageObject","inLanguage":"es","@id":"https:\/\/spanienaktuell.net\/wordpress\/#\/schema\/person\/image\/","url":"https:\/\/spanienaktuell.net\/wordpress\/wp-content\/uploads\/2023\/11\/kai-ertel.png","contentUrl":"https:\/\/spanienaktuell.net\/wordpress\/wp-content\/uploads\/2023\/11\/kai-ertel.png","caption":"Kai Ertel"},"url":"https:\/\/spanienaktuell.net\/wordpress\/author\/kaiertel\/"}]}},"_links":{"self":[{"href":"https:\/\/spanienaktuell.net\/wordpress\/wp-json\/wp\/v2\/posts\/103168","targetHints":{"allow":["GET"]}}],"collection":[{"href":"https:\/\/spanienaktuell.net\/wordpress\/wp-json\/wp\/v2\/posts"}],"about":[{"href":"https:\/\/spanienaktuell.net\/wordpress\/wp-json\/wp\/v2\/types\/post"}],"author":[{"embeddable":true,"href":"https:\/\/spanienaktuell.net\/wordpress\/wp-json\/wp\/v2\/users\/4"}],"replies":[{"embeddable":true,"href":"https:\/\/spanienaktuell.net\/wordpress\/wp-json\/wp\/v2\/comments?post=103168"}],"version-history":[{"count":2,"href":"https:\/\/spanienaktuell.net\/wordpress\/wp-json\/wp\/v2\/posts\/103168\/revisions"}],"predecessor-version":[{"id":103386,"href":"https:\/\/spanienaktuell.net\/wordpress\/wp-json\/wp\/v2\/posts\/103168\/revisions\/103386"}],"wp:featuredmedia":[{"embeddable":true,"href":"https:\/\/spanienaktuell.net\/wordpress\/wp-json\/wp\/v2\/media\/990"}],"wp:attachment":[{"href":"https:\/\/spanienaktuell.net\/wordpress\/wp-json\/wp\/v2\/media?parent=103168"}],"wp:term":[{"taxonomy":"category","embeddable":true,"href":"https:\/\/spanienaktuell.net\/wordpress\/wp-json\/wp\/v2\/categories?post=103168"},{"taxonomy":"post_tag","embeddable":true,"href":"https:\/\/spanienaktuell.net\/wordpress\/wp-json\/wp\/v2\/tags?post=103168"}],"curies":[{"name":"wp","href":"https:\/\/api.w.org\/{rel}","templated":true}]}}