{"id":103212,"date":"2024-03-01T00:42:18","date_gmt":"2024-02-29T23:42:18","guid":{"rendered":"https:\/\/spanienaktuell.net\/wordpress\/?p=103212"},"modified":"2024-02-23T17:43:59","modified_gmt":"2024-02-23T16:43:59","slug":"sonnige-zeiten-fur-bio-sudeuropa-ubertrifft-das-eu-ziel-okologische-anbauflache-wachst-rasant","status":"publish","type":"post","link":"https:\/\/spanienaktuell.net\/wordpress\/sonnige-zeiten-fur-bio-sudeuropa-ubertrifft-das-eu-ziel-okologische-anbauflache-wachst-rasant\/","title":{"rendered":"Sonnige Zeiten f\u00fcr Bio: S\u00fcdeuropa \u00fcbertrifft das EU-Ziel \u2013 \u00f6kologische Anbaufl\u00e4che w\u00e4chst rasant"},"content":{"rendered":"<figure id=\"attachment_103213\" aria-describedby=\"caption-attachment-103213\" style=\"width: 1440px\" class=\"wp-caption aligncenter\"><img decoding=\"async\" class=\"size-full wp-image-103213\" src=\"https:\/\/spanienaktuell.net\/wordpress\/wp-content\/uploads\/2024\/02\/ENVATO-ELEMENTS-almerimar-almeria-spain-aerial-view-at-sunset-2023-11-27-05-14-08-utc-copia-scaled.jpg\" alt=\"\" width=\"1440\" height=\"831\" srcset=\"https:\/\/spanienaktuell.net\/wordpress\/wp-content\/uploads\/2024\/02\/ENVATO-ELEMENTS-almerimar-almeria-spain-aerial-view-at-sunset-2023-11-27-05-14-08-utc-copia-scaled.jpg 1440w, https:\/\/spanienaktuell.net\/wordpress\/wp-content\/uploads\/2024\/02\/ENVATO-ELEMENTS-almerimar-almeria-spain-aerial-view-at-sunset-2023-11-27-05-14-08-utc-copia-300x173.jpg 300w, https:\/\/spanienaktuell.net\/wordpress\/wp-content\/uploads\/2024\/02\/ENVATO-ELEMENTS-almerimar-almeria-spain-aerial-view-at-sunset-2023-11-27-05-14-08-utc-copia-1024x591.jpg 1024w, https:\/\/spanienaktuell.net\/wordpress\/wp-content\/uploads\/2024\/02\/ENVATO-ELEMENTS-almerimar-almeria-spain-aerial-view-at-sunset-2023-11-27-05-14-08-utc-copia-768x443.jpg 768w, https:\/\/spanienaktuell.net\/wordpress\/wp-content\/uploads\/2024\/02\/ENVATO-ELEMENTS-almerimar-almeria-spain-aerial-view-at-sunset-2023-11-27-05-14-08-utc-copia-1536x886.jpg 1536w, https:\/\/spanienaktuell.net\/wordpress\/wp-content\/uploads\/2024\/02\/ENVATO-ELEMENTS-almerimar-almeria-spain-aerial-view-at-sunset-2023-11-27-05-14-08-utc-copia-2048x1181.jpg 2048w, https:\/\/spanienaktuell.net\/wordpress\/wp-content\/uploads\/2024\/02\/ENVATO-ELEMENTS-almerimar-almeria-spain-aerial-view-at-sunset-2023-11-27-05-14-08-utc-copia-350x202.jpg 350w\" sizes=\"(max-width: 1440px) 100vw, 1440px\" \/><figcaption id=\"caption-attachment-103213\" class=\"wp-caption-text\">Foto: Andalusien-Almeria<\/figcaption><\/figure>\n<p><em>Spaniens f\u00fchrende Rolle in der \u00f6kologischen Landwirtschaft: Ein Blick auf die zweitgr\u00f6\u00dfte EU-Anbaufl\u00e4che und weltweit viertgr\u00f6\u00dfte, mit fast 40.000 Betrieben in einer florierenden nachhaltigen Bewegung<\/em><\/p>\n<p><strong>Spanien <\/strong>hat die zweitgr\u00f6\u00dfte \u00f6kologische Anbaufl\u00e4che in der EU und die viertgr\u00f6\u00dfte in der Welt mit fast 40.000 Betrieben, darunter Erzeuger, Verarbeiter und Vermarkter.<\/p>\n<p>Der \u00f6kologische Landbau ist eine wachsende Form der Landwirtschaft, die die besten Umweltpraktiken mit einem hohen Ma\u00df an biologischer Vielfalt und der Erhaltung der nat\u00fcrlichen Ressourcen verbindet. Sie zielt darauf ab, in \u00dcbereinstimmung mit den Vorlieben bestimmter Verbraucher f\u00fcr aus nat\u00fcrlichen Prozessen gewonnene Produkte zu produzieren.<\/p>\n<p>Die Europ\u00e4ische Union hat verschiedene Standards zur F\u00f6rderung des \u00f6kologischen Landbaus festgelegt.\u00a0 So hat sich Europa das Ziel gesetzt, bis 2030 25% seiner landwirtschaftlichen Nutzfl\u00e4che \u00f6kologisch zu bewirtschaften.<\/p>\n<p>Die neuesten Daten zum \u00f6kologischen Landbau, die von den Forschungsinstituten f\u00fcr biologischen Landbau (FiBL) und IFOAM-Organics International in der 24. Ausgabe von \u201eThe World of Organic Farming\u00bb ver\u00f6ffentlicht wurden, zeigen, dass im Jahr 2021 17,8 Millionen Hektar landwirtschaftliche Fl\u00e4che in Europa \u00f6kologisch bewirtschaftet werden (EU: 15,6 Millionen Hektar). Mit 2,6 Millionen Hektar und rund 40.000 Betrieben, die sich aus Erzeugern, Verarbeitern und Vermarktern zusammensetzen, liegt <strong>Spanien<\/strong> an zweiter Stelle nach Frankreich mit fast 2,8 Millionen Hektar.<\/p>\n<p>Aussagekr\u00e4ftige Daten liefert die Region <strong>Andalusien<\/strong>, die zu einem Ma\u00dfstab f\u00fcr die \u00f6kologische landwirtschaftliche Produktion geworden ist. Laut der statistischen Bilanz von <strong>Andalusien 2022<\/strong> verf\u00fcgt diese autonome Gemeinschaft in S\u00fcdeuropa \u00fcber mehr als 1,3 Millionen Hektar \u00f6kologisch bewirtschaftete Fl\u00e4che, was 48,92% der landesweit f\u00fcr den \u00f6kologischen Landbau genutzten Fl\u00e4che entspricht.<\/p>\n<figure id=\"attachment_103214\" aria-describedby=\"caption-attachment-103214\" style=\"width: 1440px\" class=\"wp-caption aligncenter\"><img decoding=\"async\" class=\"size-full wp-image-103214\" src=\"https:\/\/spanienaktuell.net\/wordpress\/wp-content\/uploads\/2024\/02\/Foto-Pixabay-fatosum-tomato-2525976_1920-scaled.jpg\" alt=\"\" width=\"1440\" height=\"960\" srcset=\"https:\/\/spanienaktuell.net\/wordpress\/wp-content\/uploads\/2024\/02\/Foto-Pixabay-fatosum-tomato-2525976_1920-scaled.jpg 1440w, https:\/\/spanienaktuell.net\/wordpress\/wp-content\/uploads\/2024\/02\/Foto-Pixabay-fatosum-tomato-2525976_1920-300x200.jpg 300w, https:\/\/spanienaktuell.net\/wordpress\/wp-content\/uploads\/2024\/02\/Foto-Pixabay-fatosum-tomato-2525976_1920-1024x683.jpg 1024w, https:\/\/spanienaktuell.net\/wordpress\/wp-content\/uploads\/2024\/02\/Foto-Pixabay-fatosum-tomato-2525976_1920-768x512.jpg 768w, https:\/\/spanienaktuell.net\/wordpress\/wp-content\/uploads\/2024\/02\/Foto-Pixabay-fatosum-tomato-2525976_1920-1536x1024.jpg 1536w, https:\/\/spanienaktuell.net\/wordpress\/wp-content\/uploads\/2024\/02\/Foto-Pixabay-fatosum-tomato-2525976_1920-350x233.jpg 350w\" sizes=\"(max-width: 1440px) 100vw, 1440px\" \/><figcaption id=\"caption-attachment-103214\" class=\"wp-caption-text\">Foto: Pixabay-fatosum<\/figcaption><\/figure>\n<p>Die neuesten Daten des Ministeriums f\u00fcr Landwirtschaft, Fischerei und l\u00e4ndliche Entwicklung der andalusischen Regionalregierung (2022) zeigen, dass <strong>Almeria<\/strong> mit insgesamt 4.922 Hektar (davon fast 90% Winterkulturen mit 4.382 Hektar) die f\u00fchrende Provinz im \u00f6kologischen Gem\u00fcseanbau ist (37,8%), zu der weitere 1.748 Hektar in <strong>Granada<\/strong> hinzukommen. Zwischen den beiden s\u00fcdeurop\u00e4ischen Provinzen <strong>Almeria<\/strong> und <strong>Granada<\/strong> befindet sich mehr als die H\u00e4lfte der \u00f6kologischen Gartenbaufl\u00e4che Andalusiens. Im vergangenen Jahr wurden 27,4% der andalusischen Landwirtschaftsfl\u00e4che \u00f6kologisch bewirtschaftet (davon 86% mit Sonnengew\u00e4chsh\u00e4usern), eine Zahl, die \u00fcber dem von der Europ\u00e4ischen Kommission gesetzten Ziel liegt.<\/p>\n<p>Sowohl die \u00f6kologische Anbaufl\u00e4che als auch die Einzelhandelsums\u00e4tze nehmen weltweit weiter zu, wie aus Daten aus 191 L\u00e4ndern hervorgeht. Wenn die Nachfrage nach Bioprodukten in Europa in diesem Tempo anh\u00e4lt, werden die s\u00fcdeurop\u00e4ischen Gew\u00e4chsh\u00e4user ihre Produktion in den n\u00e4chsten f\u00fcnf Jahren voraussichtlich verdoppeln. Der Grund daf\u00fcr ist, dass die k\u00fcnftigen europ\u00e4ischen Verordnungen \u00fcber den \u00f6kologischen Landbau nur den Bodenanbau abdecken, der in diesem Gebiet das landwirtschaftliche System ist, ein gro\u00dfer Vorteil gegen\u00fcber konkurrierenden L\u00e4ndern, die auf Hydrokultursubstrat anbauen.<\/p>\n<p>Weltweit gesehen haben die europ\u00e4ischen L\u00e4nder den gr\u00f6\u00dften Anteil am Umsatz mit Bio-Lebensmitteln, gemessen an ihrem jeweiligen Lebensmittelmarkt. D\u00e4nemark hat mit 13 Prozent im Jahr 2020 den h\u00f6chsten Anteil am weltweiten Bio-Lebensmittelumsatz, gefolgt von \u00d6sterreich mit 11,3 Prozent und der Schweiz mit 10,3 Prozent, so die gleiche Studie von FiBL und IFOAM-Organics International.<\/p>\n<p><strong>Die Kampagne &#8216;Es kommt aus dem Gew\u00e4chshaus&#8217;<\/strong><\/p>\n<p>Der spanische Branchenverband f\u00fcr Obst und Gem\u00fcse, HORTIESPA\u00d1A, hat das Programm &#8216;It&#8217;s Greenhouse. Nachhaltiges Obst und Gem\u00fcse aus Europa\u00bb ins Leben gerufen, eine Kampagne zur F\u00f6rderung der Vorteile des Gartenbaus unter Solargew\u00e4chsh\u00e4usern in S\u00fcdspanien, der wichtigsten Region f\u00fcr nachhaltigen Obst- und Gem\u00fcseanbau in Europa.<\/p>\n<p>Die Initiative, die voraussichtlich drei Jahre (bis Februar 2026) in <strong>Spanien<\/strong> und Deutschland laufen wird, hat eine Gesamtinvestition von 2 Millionen Euro und wird von HORTIESPA\u00d1A und der Europ\u00e4ischen Union im Rahmen der F\u00f6rderung von Agrar- und Ern\u00e4hrungsprodukten \u201eEnjoy, It&#8217;s from Europe\u00bb mitfinanziert.<\/p>\n<p><em>Quelle: lifePR-Almer\u00eda,\u00a0 ausdemgewachshaus.de<\/em><\/p>\n","protected":false},"excerpt":{"rendered":"<p>Spaniens f\u00fchrende Rolle in der \u00f6kologischen Landwirtschaft: Ein Blick auf die zweitgr\u00f6\u00dfte EU-Anbaufl\u00e4che und weltweit viertgr\u00f6\u00dfte, mit fast 40.000 Betrieben [&hellip;]<\/p>\n","protected":false},"author":3,"featured_media":103213,"comment_status":"closed","ping_status":"closed","sticky":false,"template":"","format":"standard","meta":{"footnotes":""},"categories":[30],"tags":[],"class_list":["post-103212","post","type-post","status-publish","format-standard","has-post-thumbnail","hentry","category-recht-gesellschaft"],"yoast_head":"<!-- This site is optimized with the Yoast SEO plugin v27.1.1 - https:\/\/yoast.com\/product\/yoast-seo-wordpress\/ -->\n<title>Sonnige Zeiten f\u00fcr Bio: S\u00fcdeuropa \u00fcbertrifft das EU-Ziel \u2013 \u00f6kologische Anbaufl\u00e4che w\u00e4chst rasant - Spanien aktuell<\/title>\n<meta name=\"robots\" content=\"index, follow, max-snippet:-1, max-image-preview:large, max-video-preview:-1\" \/>\n<link rel=\"canonical\" href=\"https:\/\/spanienaktuell.net\/wordpress\/sonnige-zeiten-fur-bio-sudeuropa-ubertrifft-das-eu-ziel-okologische-anbauflache-wachst-rasant\/\" \/>\n<meta property=\"og:locale\" content=\"es_ES\" \/>\n<meta property=\"og:type\" content=\"article\" \/>\n<meta property=\"og:title\" content=\"Sonnige Zeiten f\u00fcr Bio: S\u00fcdeuropa \u00fcbertrifft das EU-Ziel \u2013 \u00f6kologische Anbaufl\u00e4che w\u00e4chst rasant - Spanien aktuell\" \/>\n<meta property=\"og:description\" content=\"Spaniens f\u00fchrende Rolle in der \u00f6kologischen Landwirtschaft: Ein Blick auf die zweitgr\u00f6\u00dfte EU-Anbaufl\u00e4che und weltweit viertgr\u00f6\u00dfte, mit fast 40.000 Betrieben [&hellip;]\" \/>\n<meta property=\"og:url\" content=\"https:\/\/spanienaktuell.net\/wordpress\/sonnige-zeiten-fur-bio-sudeuropa-ubertrifft-das-eu-ziel-okologische-anbauflache-wachst-rasant\/\" \/>\n<meta property=\"og:site_name\" content=\"Spanien aktuell\" \/>\n<meta property=\"article:published_time\" content=\"2024-02-29T23:42:18+00:00\" \/>\n<meta property=\"og:image\" content=\"https:\/\/spanienaktuell.net\/wordpress\/wp-content\/uploads\/2024\/02\/ENVATO-ELEMENTS-almerimar-almeria-spain-aerial-view-at-sunset-2023-11-27-05-14-08-utc-copia-scaled.jpg\" \/>\n\t<meta property=\"og:image:width\" content=\"1440\" \/>\n\t<meta property=\"og:image:height\" content=\"831\" \/>\n\t<meta property=\"og:image:type\" content=\"image\/jpeg\" \/>\n<meta name=\"author\" content=\"Spanien Aktuell\" \/>\n<meta name=\"twitter:card\" content=\"summary_large_image\" \/>\n<meta name=\"twitter:label1\" content=\"Escrito por\" \/>\n\t<meta name=\"twitter:data1\" content=\"Spanien Aktuell\" \/>\n\t<meta name=\"twitter:label2\" content=\"Tiempo de lectura\" \/>\n\t<meta name=\"twitter:data2\" content=\"4 minutos\" \/>\n<script type=\"application\/ld+json\" class=\"yoast-schema-graph\">{\"@context\":\"https:\/\/schema.org\",\"@graph\":[{\"@type\":\"Article\",\"@id\":\"https:\/\/spanienaktuell.net\/wordpress\/sonnige-zeiten-fur-bio-sudeuropa-ubertrifft-das-eu-ziel-okologische-anbauflache-wachst-rasant\/#article\",\"isPartOf\":{\"@id\":\"https:\/\/spanienaktuell.net\/wordpress\/sonnige-zeiten-fur-bio-sudeuropa-ubertrifft-das-eu-ziel-okologische-anbauflache-wachst-rasant\/\"},\"author\":{\"name\":\"Spanien Aktuell\",\"@id\":\"https:\/\/spanienaktuell.net\/wordpress\/#\/schema\/person\/bc410cfae0161b201d837ebfeeba7fd0\"},\"headline\":\"Sonnige Zeiten f\u00fcr Bio: S\u00fcdeuropa \u00fcbertrifft das EU-Ziel \u2013 \u00f6kologische Anbaufl\u00e4che w\u00e4chst rasant\",\"datePublished\":\"2024-02-29T23:42:18+00:00\",\"mainEntityOfPage\":{\"@id\":\"https:\/\/spanienaktuell.net\/wordpress\/sonnige-zeiten-fur-bio-sudeuropa-ubertrifft-das-eu-ziel-okologische-anbauflache-wachst-rasant\/\"},\"wordCount\":647,\"publisher\":{\"@id\":\"https:\/\/spanienaktuell.net\/wordpress\/#organization\"},\"image\":{\"@id\":\"https:\/\/spanienaktuell.net\/wordpress\/sonnige-zeiten-fur-bio-sudeuropa-ubertrifft-das-eu-ziel-okologische-anbauflache-wachst-rasant\/#primaryimage\"},\"thumbnailUrl\":\"https:\/\/spanienaktuell.net\/wordpress\/wp-content\/uploads\/2024\/02\/ENVATO-ELEMENTS-almerimar-almeria-spain-aerial-view-at-sunset-2023-11-27-05-14-08-utc-copia-scaled.jpg\",\"articleSection\":[\"Recht\"],\"inLanguage\":\"es\"},{\"@type\":\"WebPage\",\"@id\":\"https:\/\/spanienaktuell.net\/wordpress\/sonnige-zeiten-fur-bio-sudeuropa-ubertrifft-das-eu-ziel-okologische-anbauflache-wachst-rasant\/\",\"url\":\"https:\/\/spanienaktuell.net\/wordpress\/sonnige-zeiten-fur-bio-sudeuropa-ubertrifft-das-eu-ziel-okologische-anbauflache-wachst-rasant\/\",\"name\":\"Sonnige Zeiten f\u00fcr Bio: S\u00fcdeuropa \u00fcbertrifft das EU-Ziel \u2013 \u00f6kologische Anbaufl\u00e4che w\u00e4chst rasant - Spanien aktuell\",\"isPartOf\":{\"@id\":\"https:\/\/spanienaktuell.net\/wordpress\/#website\"},\"primaryImageOfPage\":{\"@id\":\"https:\/\/spanienaktuell.net\/wordpress\/sonnige-zeiten-fur-bio-sudeuropa-ubertrifft-das-eu-ziel-okologische-anbauflache-wachst-rasant\/#primaryimage\"},\"image\":{\"@id\":\"https:\/\/spanienaktuell.net\/wordpress\/sonnige-zeiten-fur-bio-sudeuropa-ubertrifft-das-eu-ziel-okologische-anbauflache-wachst-rasant\/#primaryimage\"},\"thumbnailUrl\":\"https:\/\/spanienaktuell.net\/wordpress\/wp-content\/uploads\/2024\/02\/ENVATO-ELEMENTS-almerimar-almeria-spain-aerial-view-at-sunset-2023-11-27-05-14-08-utc-copia-scaled.jpg\",\"datePublished\":\"2024-02-29T23:42:18+00:00\",\"breadcrumb\":{\"@id\":\"https:\/\/spanienaktuell.net\/wordpress\/sonnige-zeiten-fur-bio-sudeuropa-ubertrifft-das-eu-ziel-okologische-anbauflache-wachst-rasant\/#breadcrumb\"},\"inLanguage\":\"es\",\"potentialAction\":[{\"@type\":\"ReadAction\",\"target\":[\"https:\/\/spanienaktuell.net\/wordpress\/sonnige-zeiten-fur-bio-sudeuropa-ubertrifft-das-eu-ziel-okologische-anbauflache-wachst-rasant\/\"]}]},{\"@type\":\"ImageObject\",\"inLanguage\":\"es\",\"@id\":\"https:\/\/spanienaktuell.net\/wordpress\/sonnige-zeiten-fur-bio-sudeuropa-ubertrifft-das-eu-ziel-okologische-anbauflache-wachst-rasant\/#primaryimage\",\"url\":\"https:\/\/spanienaktuell.net\/wordpress\/wp-content\/uploads\/2024\/02\/ENVATO-ELEMENTS-almerimar-almeria-spain-aerial-view-at-sunset-2023-11-27-05-14-08-utc-copia-scaled.jpg\",\"contentUrl\":\"https:\/\/spanienaktuell.net\/wordpress\/wp-content\/uploads\/2024\/02\/ENVATO-ELEMENTS-almerimar-almeria-spain-aerial-view-at-sunset-2023-11-27-05-14-08-utc-copia-scaled.jpg\",\"width\":1440,\"height\":831,\"caption\":\"Foto: Andalusien-Almeria\"},{\"@type\":\"BreadcrumbList\",\"@id\":\"https:\/\/spanienaktuell.net\/wordpress\/sonnige-zeiten-fur-bio-sudeuropa-ubertrifft-das-eu-ziel-okologische-anbauflache-wachst-rasant\/#breadcrumb\",\"itemListElement\":[{\"@type\":\"ListItem\",\"position\":1,\"name\":\"Portada\",\"item\":\"https:\/\/spanienaktuell.net\/wordpress\/\"},{\"@type\":\"ListItem\",\"position\":2,\"name\":\"Sonnige Zeiten f\u00fcr Bio: S\u00fcdeuropa \u00fcbertrifft das EU-Ziel \u2013 \u00f6kologische Anbaufl\u00e4che w\u00e4chst rasant\"}]},{\"@type\":\"WebSite\",\"@id\":\"https:\/\/spanienaktuell.net\/wordpress\/#website\",\"url\":\"https:\/\/spanienaktuell.net\/wordpress\/\",\"name\":\"Spanien aktuell\",\"description\":\"The German magazine number 1 on the Costa del Sol\",\"publisher\":{\"@id\":\"https:\/\/spanienaktuell.net\/wordpress\/#organization\"},\"potentialAction\":[{\"@type\":\"SearchAction\",\"target\":{\"@type\":\"EntryPoint\",\"urlTemplate\":\"https:\/\/spanienaktuell.net\/wordpress\/?s={search_term_string}\"},\"query-input\":{\"@type\":\"PropertyValueSpecification\",\"valueRequired\":true,\"valueName\":\"search_term_string\"}}],\"inLanguage\":\"es\"},{\"@type\":\"Organization\",\"@id\":\"https:\/\/spanienaktuell.net\/wordpress\/#organization\",\"name\":\"Spanien aktuell\",\"url\":\"https:\/\/spanienaktuell.net\/wordpress\/\",\"logo\":{\"@type\":\"ImageObject\",\"inLanguage\":\"es\",\"@id\":\"https:\/\/spanienaktuell.net\/wordpress\/#\/schema\/logo\/image\/\",\"url\":\"https:\/\/spanienaktuell.net\/wordpress\/wp-content\/uploads\/2019\/06\/cropped-Logo-spanien-aktuell-png-web-e1561631085388.png\",\"contentUrl\":\"https:\/\/spanienaktuell.net\/wordpress\/wp-content\/uploads\/2019\/06\/cropped-Logo-spanien-aktuell-png-web-e1561631085388.png\",\"width\":512,\"height\":110,\"caption\":\"Spanien aktuell\"},\"image\":{\"@id\":\"https:\/\/spanienaktuell.net\/wordpress\/#\/schema\/logo\/image\/\"}},{\"@type\":\"Person\",\"@id\":\"https:\/\/spanienaktuell.net\/wordpress\/#\/schema\/person\/bc410cfae0161b201d837ebfeeba7fd0\",\"name\":\"Spanien Aktuell\",\"image\":{\"@type\":\"ImageObject\",\"inLanguage\":\"es\",\"@id\":\"https:\/\/spanienaktuell.net\/wordpress\/#\/schema\/person\/image\/\",\"url\":\"https:\/\/spanienaktuell.net\/wordpress\/wp-content\/uploads\/2019\/06\/cropped-Logo-spanien-aktuell-png-fav2-100x100.png\",\"contentUrl\":\"https:\/\/spanienaktuell.net\/wordpress\/wp-content\/uploads\/2019\/06\/cropped-Logo-spanien-aktuell-png-fav2-100x100.png\",\"caption\":\"Spanien Aktuell\"},\"url\":\"https:\/\/spanienaktuell.net\/wordpress\/author\/koalum\/\"}]}<\/script>\n<!-- \/ Yoast SEO plugin. -->","yoast_head_json":{"title":"Sonnige Zeiten f\u00fcr Bio: S\u00fcdeuropa \u00fcbertrifft das EU-Ziel \u2013 \u00f6kologische Anbaufl\u00e4che w\u00e4chst rasant - Spanien aktuell","robots":{"index":"index","follow":"follow","max-snippet":"max-snippet:-1","max-image-preview":"max-image-preview:large","max-video-preview":"max-video-preview:-1"},"canonical":"https:\/\/spanienaktuell.net\/wordpress\/sonnige-zeiten-fur-bio-sudeuropa-ubertrifft-das-eu-ziel-okologische-anbauflache-wachst-rasant\/","og_locale":"es_ES","og_type":"article","og_title":"Sonnige Zeiten f\u00fcr Bio: S\u00fcdeuropa \u00fcbertrifft das EU-Ziel \u2013 \u00f6kologische Anbaufl\u00e4che w\u00e4chst rasant - Spanien aktuell","og_description":"Spaniens f\u00fchrende Rolle in der \u00f6kologischen Landwirtschaft: Ein Blick auf die zweitgr\u00f6\u00dfte EU-Anbaufl\u00e4che und weltweit viertgr\u00f6\u00dfte, mit fast 40.000 Betrieben [&hellip;]","og_url":"https:\/\/spanienaktuell.net\/wordpress\/sonnige-zeiten-fur-bio-sudeuropa-ubertrifft-das-eu-ziel-okologische-anbauflache-wachst-rasant\/","og_site_name":"Spanien aktuell","article_published_time":"2024-02-29T23:42:18+00:00","og_image":[{"width":1440,"height":831,"url":"https:\/\/spanienaktuell.net\/wordpress\/wp-content\/uploads\/2024\/02\/ENVATO-ELEMENTS-almerimar-almeria-spain-aerial-view-at-sunset-2023-11-27-05-14-08-utc-copia-scaled.jpg","type":"image\/jpeg"}],"author":"Spanien Aktuell","twitter_card":"summary_large_image","twitter_misc":{"Escrito por":"Spanien Aktuell","Tiempo de lectura":"4 minutos"},"schema":{"@context":"https:\/\/schema.org","@graph":[{"@type":"Article","@id":"https:\/\/spanienaktuell.net\/wordpress\/sonnige-zeiten-fur-bio-sudeuropa-ubertrifft-das-eu-ziel-okologische-anbauflache-wachst-rasant\/#article","isPartOf":{"@id":"https:\/\/spanienaktuell.net\/wordpress\/sonnige-zeiten-fur-bio-sudeuropa-ubertrifft-das-eu-ziel-okologische-anbauflache-wachst-rasant\/"},"author":{"name":"Spanien Aktuell","@id":"https:\/\/spanienaktuell.net\/wordpress\/#\/schema\/person\/bc410cfae0161b201d837ebfeeba7fd0"},"headline":"Sonnige Zeiten f\u00fcr Bio: S\u00fcdeuropa \u00fcbertrifft das EU-Ziel \u2013 \u00f6kologische Anbaufl\u00e4che w\u00e4chst rasant","datePublished":"2024-02-29T23:42:18+00:00","mainEntityOfPage":{"@id":"https:\/\/spanienaktuell.net\/wordpress\/sonnige-zeiten-fur-bio-sudeuropa-ubertrifft-das-eu-ziel-okologische-anbauflache-wachst-rasant\/"},"wordCount":647,"publisher":{"@id":"https:\/\/spanienaktuell.net\/wordpress\/#organization"},"image":{"@id":"https:\/\/spanienaktuell.net\/wordpress\/sonnige-zeiten-fur-bio-sudeuropa-ubertrifft-das-eu-ziel-okologische-anbauflache-wachst-rasant\/#primaryimage"},"thumbnailUrl":"https:\/\/spanienaktuell.net\/wordpress\/wp-content\/uploads\/2024\/02\/ENVATO-ELEMENTS-almerimar-almeria-spain-aerial-view-at-sunset-2023-11-27-05-14-08-utc-copia-scaled.jpg","articleSection":["Recht"],"inLanguage":"es"},{"@type":"WebPage","@id":"https:\/\/spanienaktuell.net\/wordpress\/sonnige-zeiten-fur-bio-sudeuropa-ubertrifft-das-eu-ziel-okologische-anbauflache-wachst-rasant\/","url":"https:\/\/spanienaktuell.net\/wordpress\/sonnige-zeiten-fur-bio-sudeuropa-ubertrifft-das-eu-ziel-okologische-anbauflache-wachst-rasant\/","name":"Sonnige Zeiten f\u00fcr Bio: S\u00fcdeuropa \u00fcbertrifft das EU-Ziel \u2013 \u00f6kologische Anbaufl\u00e4che w\u00e4chst rasant - Spanien aktuell","isPartOf":{"@id":"https:\/\/spanienaktuell.net\/wordpress\/#website"},"primaryImageOfPage":{"@id":"https:\/\/spanienaktuell.net\/wordpress\/sonnige-zeiten-fur-bio-sudeuropa-ubertrifft-das-eu-ziel-okologische-anbauflache-wachst-rasant\/#primaryimage"},"image":{"@id":"https:\/\/spanienaktuell.net\/wordpress\/sonnige-zeiten-fur-bio-sudeuropa-ubertrifft-das-eu-ziel-okologische-anbauflache-wachst-rasant\/#primaryimage"},"thumbnailUrl":"https:\/\/spanienaktuell.net\/wordpress\/wp-content\/uploads\/2024\/02\/ENVATO-ELEMENTS-almerimar-almeria-spain-aerial-view-at-sunset-2023-11-27-05-14-08-utc-copia-scaled.jpg","datePublished":"2024-02-29T23:42:18+00:00","breadcrumb":{"@id":"https:\/\/spanienaktuell.net\/wordpress\/sonnige-zeiten-fur-bio-sudeuropa-ubertrifft-das-eu-ziel-okologische-anbauflache-wachst-rasant\/#breadcrumb"},"inLanguage":"es","potentialAction":[{"@type":"ReadAction","target":["https:\/\/spanienaktuell.net\/wordpress\/sonnige-zeiten-fur-bio-sudeuropa-ubertrifft-das-eu-ziel-okologische-anbauflache-wachst-rasant\/"]}]},{"@type":"ImageObject","inLanguage":"es","@id":"https:\/\/spanienaktuell.net\/wordpress\/sonnige-zeiten-fur-bio-sudeuropa-ubertrifft-das-eu-ziel-okologische-anbauflache-wachst-rasant\/#primaryimage","url":"https:\/\/spanienaktuell.net\/wordpress\/wp-content\/uploads\/2024\/02\/ENVATO-ELEMENTS-almerimar-almeria-spain-aerial-view-at-sunset-2023-11-27-05-14-08-utc-copia-scaled.jpg","contentUrl":"https:\/\/spanienaktuell.net\/wordpress\/wp-content\/uploads\/2024\/02\/ENVATO-ELEMENTS-almerimar-almeria-spain-aerial-view-at-sunset-2023-11-27-05-14-08-utc-copia-scaled.jpg","width":1440,"height":831,"caption":"Foto: Andalusien-Almeria"},{"@type":"BreadcrumbList","@id":"https:\/\/spanienaktuell.net\/wordpress\/sonnige-zeiten-fur-bio-sudeuropa-ubertrifft-das-eu-ziel-okologische-anbauflache-wachst-rasant\/#breadcrumb","itemListElement":[{"@type":"ListItem","position":1,"name":"Portada","item":"https:\/\/spanienaktuell.net\/wordpress\/"},{"@type":"ListItem","position":2,"name":"Sonnige Zeiten f\u00fcr Bio: S\u00fcdeuropa \u00fcbertrifft das EU-Ziel \u2013 \u00f6kologische Anbaufl\u00e4che w\u00e4chst rasant"}]},{"@type":"WebSite","@id":"https:\/\/spanienaktuell.net\/wordpress\/#website","url":"https:\/\/spanienaktuell.net\/wordpress\/","name":"Spanien aktuell","description":"The German magazine number 1 on the Costa del Sol","publisher":{"@id":"https:\/\/spanienaktuell.net\/wordpress\/#organization"},"potentialAction":[{"@type":"SearchAction","target":{"@type":"EntryPoint","urlTemplate":"https:\/\/spanienaktuell.net\/wordpress\/?s={search_term_string}"},"query-input":{"@type":"PropertyValueSpecification","valueRequired":true,"valueName":"search_term_string"}}],"inLanguage":"es"},{"@type":"Organization","@id":"https:\/\/spanienaktuell.net\/wordpress\/#organization","name":"Spanien aktuell","url":"https:\/\/spanienaktuell.net\/wordpress\/","logo":{"@type":"ImageObject","inLanguage":"es","@id":"https:\/\/spanienaktuell.net\/wordpress\/#\/schema\/logo\/image\/","url":"https:\/\/spanienaktuell.net\/wordpress\/wp-content\/uploads\/2019\/06\/cropped-Logo-spanien-aktuell-png-web-e1561631085388.png","contentUrl":"https:\/\/spanienaktuell.net\/wordpress\/wp-content\/uploads\/2019\/06\/cropped-Logo-spanien-aktuell-png-web-e1561631085388.png","width":512,"height":110,"caption":"Spanien aktuell"},"image":{"@id":"https:\/\/spanienaktuell.net\/wordpress\/#\/schema\/logo\/image\/"}},{"@type":"Person","@id":"https:\/\/spanienaktuell.net\/wordpress\/#\/schema\/person\/bc410cfae0161b201d837ebfeeba7fd0","name":"Spanien Aktuell","image":{"@type":"ImageObject","inLanguage":"es","@id":"https:\/\/spanienaktuell.net\/wordpress\/#\/schema\/person\/image\/","url":"https:\/\/spanienaktuell.net\/wordpress\/wp-content\/uploads\/2019\/06\/cropped-Logo-spanien-aktuell-png-fav2-100x100.png","contentUrl":"https:\/\/spanienaktuell.net\/wordpress\/wp-content\/uploads\/2019\/06\/cropped-Logo-spanien-aktuell-png-fav2-100x100.png","caption":"Spanien Aktuell"},"url":"https:\/\/spanienaktuell.net\/wordpress\/author\/koalum\/"}]}},"_links":{"self":[{"href":"https:\/\/spanienaktuell.net\/wordpress\/wp-json\/wp\/v2\/posts\/103212","targetHints":{"allow":["GET"]}}],"collection":[{"href":"https:\/\/spanienaktuell.net\/wordpress\/wp-json\/wp\/v2\/posts"}],"about":[{"href":"https:\/\/spanienaktuell.net\/wordpress\/wp-json\/wp\/v2\/types\/post"}],"author":[{"embeddable":true,"href":"https:\/\/spanienaktuell.net\/wordpress\/wp-json\/wp\/v2\/users\/3"}],"replies":[{"embeddable":true,"href":"https:\/\/spanienaktuell.net\/wordpress\/wp-json\/wp\/v2\/comments?post=103212"}],"version-history":[{"count":1,"href":"https:\/\/spanienaktuell.net\/wordpress\/wp-json\/wp\/v2\/posts\/103212\/revisions"}],"predecessor-version":[{"id":103215,"href":"https:\/\/spanienaktuell.net\/wordpress\/wp-json\/wp\/v2\/posts\/103212\/revisions\/103215"}],"wp:featuredmedia":[{"embeddable":true,"href":"https:\/\/spanienaktuell.net\/wordpress\/wp-json\/wp\/v2\/media\/103213"}],"wp:attachment":[{"href":"https:\/\/spanienaktuell.net\/wordpress\/wp-json\/wp\/v2\/media?parent=103212"}],"wp:term":[{"taxonomy":"category","embeddable":true,"href":"https:\/\/spanienaktuell.net\/wordpress\/wp-json\/wp\/v2\/categories?post=103212"},{"taxonomy":"post_tag","embeddable":true,"href":"https:\/\/spanienaktuell.net\/wordpress\/wp-json\/wp\/v2\/tags?post=103212"}],"curies":[{"name":"wp","href":"https:\/\/api.w.org\/{rel}","templated":true}]}}