{"id":103519,"date":"2024-04-01T20:04:28","date_gmt":"2024-04-01T19:04:28","guid":{"rendered":"https:\/\/spanienaktuell.net\/wordpress\/?p=103519"},"modified":"2024-04-01T20:05:04","modified_gmt":"2024-04-01T19:05:04","slug":"erfolgreich-auf-dem-jakobsweg-starten-wichtige-tipps-zur-vorbereitung","status":"publish","type":"post","link":"https:\/\/spanienaktuell.net\/wordpress\/erfolgreich-auf-dem-jakobsweg-starten-wichtige-tipps-zur-vorbereitung\/","title":{"rendered":"Erfolgreich auf dem Jakobsweg starten: Wichtige Tipps zur Vorbereitung"},"content":{"rendered":"<figure id=\"attachment_103520\" aria-describedby=\"caption-attachment-103520\" style=\"width: 1440px\" class=\"wp-caption aligncenter\"><img decoding=\"async\" class=\"size-full wp-image-103520\" src=\"https:\/\/spanienaktuell.net\/wordpress\/wp-content\/uploads\/2024\/04\/Foto-Pixabay-path-501781-scaled.jpg\" alt=\"\" width=\"1440\" height=\"960\" srcset=\"https:\/\/spanienaktuell.net\/wordpress\/wp-content\/uploads\/2024\/04\/Foto-Pixabay-path-501781-scaled.jpg 1440w, https:\/\/spanienaktuell.net\/wordpress\/wp-content\/uploads\/2024\/04\/Foto-Pixabay-path-501781-300x200.jpg 300w, https:\/\/spanienaktuell.net\/wordpress\/wp-content\/uploads\/2024\/04\/Foto-Pixabay-path-501781-1024x683.jpg 1024w, https:\/\/spanienaktuell.net\/wordpress\/wp-content\/uploads\/2024\/04\/Foto-Pixabay-path-501781-768x512.jpg 768w, https:\/\/spanienaktuell.net\/wordpress\/wp-content\/uploads\/2024\/04\/Foto-Pixabay-path-501781-1536x1024.jpg 1536w, https:\/\/spanienaktuell.net\/wordpress\/wp-content\/uploads\/2024\/04\/Foto-Pixabay-path-501781-2048x1365.jpg 2048w, https:\/\/spanienaktuell.net\/wordpress\/wp-content\/uploads\/2024\/04\/Foto-Pixabay-path-501781-350x233.jpg 350w\" sizes=\"(max-width: 1440px) 100vw, 1440px\" \/><figcaption id=\"caption-attachment-103520\" class=\"wp-caption-text\">Foto: Pixabay<\/figcaption><\/figure>\n<p><strong><em>Bevor Sie sich der pers\u00f6nlichen Herausforderung des Jakobswegs stellen, sollten Sie sicher sein, dass Sie gut vorbereitet sind. Hier geben wir Ihnen erste Tipps f\u00fcr den Einstieg. <\/em><\/strong><\/p>\n<p>Um die Compostela zu erhalten, also das Zertifikat, das Ihre Leistung best\u00e4tigt, ben\u00f6tigen Sie Ihre pers\u00f6nlichen Unterlagen und den Pilgerausweis, ein pass\u00e4hnliches Dokument, das Ihnen den Zugang zu den Herb ergen am Weg erm\u00f6glicht.<\/p>\n<figure id=\"attachment_103524\" aria-describedby=\"caption-attachment-103524\" style=\"width: 1440px\" class=\"wp-caption aligncenter\"><img decoding=\"async\" class=\"size-full wp-image-103524\" src=\"https:\/\/spanienaktuell.net\/wordpress\/wp-content\/uploads\/2024\/04\/Foto-Pixabay-Barbara-Bumm-jakobsweg-250367_1920-toc-scaled.jpg\" alt=\"\" width=\"1440\" height=\"959\" srcset=\"https:\/\/spanienaktuell.net\/wordpress\/wp-content\/uploads\/2024\/04\/Foto-Pixabay-Barbara-Bumm-jakobsweg-250367_1920-toc-scaled.jpg 1440w, https:\/\/spanienaktuell.net\/wordpress\/wp-content\/uploads\/2024\/04\/Foto-Pixabay-Barbara-Bumm-jakobsweg-250367_1920-toc-300x200.jpg 300w, https:\/\/spanienaktuell.net\/wordpress\/wp-content\/uploads\/2024\/04\/Foto-Pixabay-Barbara-Bumm-jakobsweg-250367_1920-toc-1024x682.jpg 1024w, https:\/\/spanienaktuell.net\/wordpress\/wp-content\/uploads\/2024\/04\/Foto-Pixabay-Barbara-Bumm-jakobsweg-250367_1920-toc-768x511.jpg 768w, https:\/\/spanienaktuell.net\/wordpress\/wp-content\/uploads\/2024\/04\/Foto-Pixabay-Barbara-Bumm-jakobsweg-250367_1920-toc-1536x1022.jpg 1536w, https:\/\/spanienaktuell.net\/wordpress\/wp-content\/uploads\/2024\/04\/Foto-Pixabay-Barbara-Bumm-jakobsweg-250367_1920-toc-350x233.jpg 350w\" sizes=\"(max-width: 1440px) 100vw, 1440px\" \/><figcaption id=\"caption-attachment-103524\" class=\"wp-caption-text\">Foto: Pixabay-Barbara Bumm<\/figcaption><\/figure>\n<p>Dort und in Pfarreien, Rath\u00e4usern und sogar in autorisierten Bars kann man den Stempel bekommen, der jede Etappe akkreditiert. Um sie zu erhalten, wenden Sie sich an eine Pfarrei oder eine Herberge in der Ortschaft, in der Sie Ihre Reise beginnen, oder an einen Verein der Freunde des Jakobswegs.<\/p>\n<figure id=\"attachment_103536\" aria-describedby=\"caption-attachment-103536\" style=\"width: 1440px\" class=\"wp-caption aligncenter\"><img decoding=\"async\" class=\"size-full wp-image-103536\" src=\"https:\/\/spanienaktuell.net\/wordpress\/wp-content\/uploads\/2024\/04\/1-scaled.jpg\" alt=\"\" width=\"1440\" height=\"960\" srcset=\"https:\/\/spanienaktuell.net\/wordpress\/wp-content\/uploads\/2024\/04\/1-scaled.jpg 1440w, https:\/\/spanienaktuell.net\/wordpress\/wp-content\/uploads\/2024\/04\/1-300x200.jpg 300w, https:\/\/spanienaktuell.net\/wordpress\/wp-content\/uploads\/2024\/04\/1-1024x683.jpg 1024w, https:\/\/spanienaktuell.net\/wordpress\/wp-content\/uploads\/2024\/04\/1-768x512.jpg 768w, https:\/\/spanienaktuell.net\/wordpress\/wp-content\/uploads\/2024\/04\/1-1536x1024.jpg 1536w, https:\/\/spanienaktuell.net\/wordpress\/wp-content\/uploads\/2024\/04\/1-2048x1365.jpg 2048w, https:\/\/spanienaktuell.net\/wordpress\/wp-content\/uploads\/2024\/04\/1-350x233.jpg 350w\" sizes=\"(max-width: 1440px) 100vw, 1440px\" \/><figcaption id=\"caption-attachment-103536\" class=\"wp-caption-text\">Foto: Kathedrale von Santiago<\/figcaption><\/figure>\n<p>Den letzten Stempel, den Sie in der Kathedrale von Santiago erhalten, bekommen Sie im Pilgerb\u00fcro von Santiago de Compostela. Bitte beachten Sie, dass Sie f\u00fcr den Erwerb der Compostela eine Strecke von mindestens 100 Kilometern zu Fu\u00df oder zu Pferd bzw. 200 Kilometern mit dem Fahrrad nachweisen m\u00fcssen. Au\u00dferdem ist es notwendig, den Pilgerweg aus religi\u00f6sen oder spirituellen Gr\u00fcnden gemacht zu haben. Wenn Ihr Grund ein anderer ist, k\u00f6nnen Sie stattdessen ein Pilgerzertifikat beantragen. Was Sie aber entscheiden m\u00fcssen, bevor Sie beginnen, ist, wie Sie pilgern wollen. Es gibt mehrere M\u00f6glichkeiten. Wir geben Ihnen einige Anhaltspunkte, damit Sie Ihre Pilgerfahrt, wie auch immer Sie sich entscheiden, erfolgreich abschlie\u00dfen k\u00f6nnen.<\/p>\n<p><strong>Zu Fu\u00df<\/strong><\/p>\n<figure id=\"attachment_103535\" aria-describedby=\"caption-attachment-103535\" style=\"width: 1440px\" class=\"wp-caption aligncenter\"><img decoding=\"async\" class=\"size-full wp-image-103535\" src=\"https:\/\/spanienaktuell.net\/wordpress\/wp-content\/uploads\/2024\/04\/Foto-Pixabay-xtberlin-jakobsweg-747482_1920-scaled.jpg\" alt=\"\" width=\"1440\" height=\"811\" srcset=\"https:\/\/spanienaktuell.net\/wordpress\/wp-content\/uploads\/2024\/04\/Foto-Pixabay-xtberlin-jakobsweg-747482_1920-scaled.jpg 1440w, https:\/\/spanienaktuell.net\/wordpress\/wp-content\/uploads\/2024\/04\/Foto-Pixabay-xtberlin-jakobsweg-747482_1920-300x169.jpg 300w, https:\/\/spanienaktuell.net\/wordpress\/wp-content\/uploads\/2024\/04\/Foto-Pixabay-xtberlin-jakobsweg-747482_1920-1024x577.jpg 1024w, https:\/\/spanienaktuell.net\/wordpress\/wp-content\/uploads\/2024\/04\/Foto-Pixabay-xtberlin-jakobsweg-747482_1920-768x432.jpg 768w, https:\/\/spanienaktuell.net\/wordpress\/wp-content\/uploads\/2024\/04\/Foto-Pixabay-xtberlin-jakobsweg-747482_1920-1536x865.jpg 1536w, https:\/\/spanienaktuell.net\/wordpress\/wp-content\/uploads\/2024\/04\/Foto-Pixabay-xtberlin-jakobsweg-747482_1920-350x197.jpg 350w\" sizes=\"(max-width: 1440px) 100vw, 1440px\" \/><figcaption id=\"caption-attachment-103535\" class=\"wp-caption-text\">Foto: Pixabay-xtberlin<\/figcaption><\/figure>\n<p>Wenn Ihnen die unmittelbarste Erfahrung des Weges zusagt, ist das Wandern die beste und einfachste Wahl. So k\u00f6nnen Sie die Landschaft im eigenen Rhythmus bewundern, die Kl\u00e4nge der Natur genie\u00dfen und sich mit Menschen aus aller Welt unterhalten. Oder Sie genie\u00dfen im Alleingang in aller Stille. Der Jakobsweg ist ein idealer Rahmen f\u00fcr die Meditation. Wenn Sie sich f\u00fcr den Fu\u00dfmarsch entscheiden, w\u00e4hlen Sie einen guten Rucksack und achten Sie beim Bef\u00fcllen darauf, dass er nicht mehr als 10 % Ihres K\u00f6rpergewichts bzw. maximal acht Kilogramm wiegt. Auf Ihrer Reise wechseln sich unbefestigte Wege mit asphaltierten Abschnitten ab. Tragen Sie deshalb bequeme Schuhe f\u00fcr jedes Terrain: bereits eingelaufene gute Wanderstiefel und Turnschuhe. St\u00f6cke sind f\u00fcr die steileren Abschnitte sehr empfehlenswert. Denken Sie an die Dinge f\u00fcr Ihre pers\u00f6nliche Hygiene und ein kleines Erste-Hilfe-Set. Bitte beachten Sie, dass in manchen Gegenden die Temperaturen auch im Sommer recht k\u00fchl sein k\u00f6nnen.<\/p>\n<p><img decoding=\"async\" class=\"aligncenter size-full wp-image-103537\" src=\"https:\/\/spanienaktuell.net\/wordpress\/wp-content\/uploads\/2024\/04\/2-1-scaled.jpg\" alt=\"\" width=\"1440\" height=\"943\" srcset=\"https:\/\/spanienaktuell.net\/wordpress\/wp-content\/uploads\/2024\/04\/2-1-scaled.jpg 1440w, https:\/\/spanienaktuell.net\/wordpress\/wp-content\/uploads\/2024\/04\/2-1-300x196.jpg 300w, https:\/\/spanienaktuell.net\/wordpress\/wp-content\/uploads\/2024\/04\/2-1-1024x670.jpg 1024w, https:\/\/spanienaktuell.net\/wordpress\/wp-content\/uploads\/2024\/04\/2-1-768x503.jpg 768w, https:\/\/spanienaktuell.net\/wordpress\/wp-content\/uploads\/2024\/04\/2-1-1536x1006.jpg 1536w, https:\/\/spanienaktuell.net\/wordpress\/wp-content\/uploads\/2024\/04\/2-1-2048x1341.jpg 2048w, https:\/\/spanienaktuell.net\/wordpress\/wp-content\/uploads\/2024\/04\/2-1-350x229.jpg 350w\" sizes=\"(max-width: 1440px) 100vw, 1440px\" \/><\/p>\n<p>Bringen Sie deshalb warme Kleidung und einen Regenumhang mit, um sich und Ihren Rucksack zu sch\u00fctzen, falls es regnet. Spanien ist das Land der Sonne, also sollten ein Hut und Sonnencreme mit von der Partie sein. Wenn es Zeit ist zum Ausruhen, bieten viele Herbergen ein Bett an, auf dem Sie Ihren Schlafsack ausbreiten k\u00f6nnen. Manchmal muss man mit dem Boden vorlieb nehmen. Deshalb ist eine Matte im Gep\u00e4ck nie fehl am Platz.<\/p>\n<p><strong>Mit dem Fahrrad<\/strong><\/p>\n<figure id=\"attachment_103527\" aria-describedby=\"caption-attachment-103527\" style=\"width: 1440px\" class=\"wp-caption aligncenter\"><img decoding=\"async\" class=\"size-full wp-image-103527\" src=\"https:\/\/spanienaktuell.net\/wordpress\/wp-content\/uploads\/2024\/04\/Foto-Pixabay-Gustav-Sommer-jakobsweg-2709140_1920-scaled.jpg\" alt=\"\" width=\"1440\" height=\"810\" srcset=\"https:\/\/spanienaktuell.net\/wordpress\/wp-content\/uploads\/2024\/04\/Foto-Pixabay-Gustav-Sommer-jakobsweg-2709140_1920-scaled.jpg 1440w, https:\/\/spanienaktuell.net\/wordpress\/wp-content\/uploads\/2024\/04\/Foto-Pixabay-Gustav-Sommer-jakobsweg-2709140_1920-300x169.jpg 300w, https:\/\/spanienaktuell.net\/wordpress\/wp-content\/uploads\/2024\/04\/Foto-Pixabay-Gustav-Sommer-jakobsweg-2709140_1920-1024x576.jpg 1024w, https:\/\/spanienaktuell.net\/wordpress\/wp-content\/uploads\/2024\/04\/Foto-Pixabay-Gustav-Sommer-jakobsweg-2709140_1920-768x432.jpg 768w, https:\/\/spanienaktuell.net\/wordpress\/wp-content\/uploads\/2024\/04\/Foto-Pixabay-Gustav-Sommer-jakobsweg-2709140_1920-1536x864.jpg 1536w, https:\/\/spanienaktuell.net\/wordpress\/wp-content\/uploads\/2024\/04\/Foto-Pixabay-Gustav-Sommer-jakobsweg-2709140_1920-350x197.jpg 350w\" sizes=\"(max-width: 1440px) 100vw, 1440px\" \/><figcaption id=\"caption-attachment-103527\" class=\"wp-caption-text\">Foto: Pixabay-Gustav Sommer<\/figcaption><\/figure>\n<p>Wenn Sie gerne in die Pedale treten, ist das Radfahren auf dem Camino ein einzigartiges Erlebnis. Sie k\u00f6nnen viel mehr Kilometer pro Etappe zur\u00fccklegen und die endlosen Sehensw\u00fcrdigkeiten, die am Jakobsweg liegen, schnell erreichen. Um das Meiste herauszuholen, sollten Sie eine Route planen, die zu Ihrer Fitness passt, und versuchen die mildeste Jahreszeit mit dem wenigsten Regen zu w\u00e4hlen, obwohl der Jakobsweg f\u00fcr jede Jahreszeit perfekt ausgestattet ist und ein Netz von gem\u00fctlichen Herbergen besitzt, die Ihnen jederzeit Schutz bieten. Der Franz\u00f6sische und der Englische Weg bereiten keine gro\u00dfen Schwierigkeiten. Der Camino de la Costa oder Camino del Norte und der Camino Primitivo bieten beste Wetterbedingungen f\u00fcr eine Reise im Fr\u00fchjahr und Sommer. Auf der Route \u201eV\u00eda de la Plata\u201c ist die Hitze in den zentralen Wochen des Sommers ein wichtiger Faktor, den Sie ber\u00fccksichtigen sollten. Jede Strecke bietet Abschnitte und Etappen mit Varianten f\u00fcr diejenigen, die den Weg mit dem Fahrrad zur\u00fccklegen. Sie sind sehr gut ausgeschildert, und in speziellen Reisef\u00fchrern finden Sie weitere Informationen.<\/p>\n<figure id=\"attachment_103534\" aria-describedby=\"caption-attachment-103534\" style=\"width: 1280px\" class=\"wp-caption aligncenter\"><img decoding=\"async\" class=\"size-full wp-image-103534\" src=\"https:\/\/spanienaktuell.net\/wordpress\/wp-content\/uploads\/2024\/04\/Foto-Pixabay-Wolfgang-Schwenk-camino-6767766_1280.jpg\" alt=\"\" width=\"1280\" height=\"853\" srcset=\"https:\/\/spanienaktuell.net\/wordpress\/wp-content\/uploads\/2024\/04\/Foto-Pixabay-Wolfgang-Schwenk-camino-6767766_1280.jpg 1280w, https:\/\/spanienaktuell.net\/wordpress\/wp-content\/uploads\/2024\/04\/Foto-Pixabay-Wolfgang-Schwenk-camino-6767766_1280-300x200.jpg 300w, https:\/\/spanienaktuell.net\/wordpress\/wp-content\/uploads\/2024\/04\/Foto-Pixabay-Wolfgang-Schwenk-camino-6767766_1280-1024x682.jpg 1024w, https:\/\/spanienaktuell.net\/wordpress\/wp-content\/uploads\/2024\/04\/Foto-Pixabay-Wolfgang-Schwenk-camino-6767766_1280-768x512.jpg 768w, https:\/\/spanienaktuell.net\/wordpress\/wp-content\/uploads\/2024\/04\/Foto-Pixabay-Wolfgang-Schwenk-camino-6767766_1280-350x233.jpg 350w\" sizes=\"(max-width: 1280px) 100vw, 1280px\" \/><figcaption id=\"caption-attachment-103534\" class=\"wp-caption-text\">Foto: Pixabay-Wolfgang Schwenk<\/figcaption><\/figure>\n<p>Die meisten Empfehlungen f\u00fcr wandernde Pilger treffen auch f\u00fcr Sie zu. Denken Sie auch an die notwendige Ausr\u00fcstung f\u00fcr das Fahrrad (Ersatzschlauch, Flicken, Luftpumpe\u2026) und f\u00fcr sich selbst (Brille, Helm, Handschuhe, Warnweste f\u00fcr Stra\u00dfenabschnitte \u2026). Ber\u00fccksichtigen Sie, dass Fu\u00dfpilger in den \u00f6ffentlichen Herbergen Vorrang haben.<\/p>\n<p><strong>Mit dem Pferd<\/strong><\/p>\n<figure id=\"attachment_103531\" aria-describedby=\"caption-attachment-103531\" style=\"width: 1440px\" class=\"wp-caption aligncenter\"><img decoding=\"async\" class=\"size-full wp-image-103531\" src=\"https:\/\/spanienaktuell.net\/wordpress\/wp-content\/uploads\/2024\/04\/Foto-Pixabay-Michel-Trouillet-pilgrim-6169295_1920-scaled.jpg\" alt=\"\" width=\"1440\" height=\"1049\" srcset=\"https:\/\/spanienaktuell.net\/wordpress\/wp-content\/uploads\/2024\/04\/Foto-Pixabay-Michel-Trouillet-pilgrim-6169295_1920-scaled.jpg 1440w, https:\/\/spanienaktuell.net\/wordpress\/wp-content\/uploads\/2024\/04\/Foto-Pixabay-Michel-Trouillet-pilgrim-6169295_1920-300x219.jpg 300w, https:\/\/spanienaktuell.net\/wordpress\/wp-content\/uploads\/2024\/04\/Foto-Pixabay-Michel-Trouillet-pilgrim-6169295_1920-1024x746.jpg 1024w, https:\/\/spanienaktuell.net\/wordpress\/wp-content\/uploads\/2024\/04\/Foto-Pixabay-Michel-Trouillet-pilgrim-6169295_1920-768x560.jpg 768w, https:\/\/spanienaktuell.net\/wordpress\/wp-content\/uploads\/2024\/04\/Foto-Pixabay-Michel-Trouillet-pilgrim-6169295_1920-1536x1119.jpg 1536w, https:\/\/spanienaktuell.net\/wordpress\/wp-content\/uploads\/2024\/04\/Foto-Pixabay-Michel-Trouillet-pilgrim-6169295_1920-350x255.jpg 350w\" sizes=\"(max-width: 1440px) 100vw, 1440px\" \/><figcaption id=\"caption-attachment-103531\" class=\"wp-caption-text\">Foto: Pixabay-Michel Trouillet<\/figcaption><\/figure>\n<p>Steigen Sie auf den R\u00fccken eines Pferdes und legen Sie den Jakobsweg zur\u00fcck wie die K\u00f6nige und Ritter des Mittelalters. Eine einmalige Art, den Jakobsweg kennenzulernen. Die Vorbereitungen sind in diesem Fall umfangreicher und Sie m\u00fcssen rechtzeitig die Pl\u00e4tze reservieren, an denen Ihr Pferd ausruhen kann. Ebenso m\u00fcssen Sie die Futters\u00e4cke vorbereiten, die entlang der Strecke ben\u00f6tigt werden. Obwohl es eine entspannte Art und Weise ist, den Weg zu machen, ist eine gewisse Fitness unentbehrlich.<\/p>\n<figure id=\"attachment_103528\" aria-describedby=\"caption-attachment-103528\" style=\"width: 810px\" class=\"wp-caption aligncenter\"><img decoding=\"async\" class=\"size-full wp-image-103528\" src=\"https:\/\/spanienaktuell.net\/wordpress\/wp-content\/uploads\/2024\/04\/Foto-Pixabay-Kalima-Ros-santiago-7052626_1920-scaled.jpg\" alt=\"\" width=\"810\" height=\"1080\" srcset=\"https:\/\/spanienaktuell.net\/wordpress\/wp-content\/uploads\/2024\/04\/Foto-Pixabay-Kalima-Ros-santiago-7052626_1920-scaled.jpg 810w, https:\/\/spanienaktuell.net\/wordpress\/wp-content\/uploads\/2024\/04\/Foto-Pixabay-Kalima-Ros-santiago-7052626_1920-225x300.jpg 225w, https:\/\/spanienaktuell.net\/wordpress\/wp-content\/uploads\/2024\/04\/Foto-Pixabay-Kalima-Ros-santiago-7052626_1920-768x1024.jpg 768w, https:\/\/spanienaktuell.net\/wordpress\/wp-content\/uploads\/2024\/04\/Foto-Pixabay-Kalima-Ros-santiago-7052626_1920-1152x1536.jpg 1152w, https:\/\/spanienaktuell.net\/wordpress\/wp-content\/uploads\/2024\/04\/Foto-Pixabay-Kalima-Ros-santiago-7052626_1920-350x467.jpg 350w\" sizes=\"(max-width: 810px) 100vw, 810px\" \/><figcaption id=\"caption-attachment-103528\" class=\"wp-caption-text\">Foto: Pixabay-Kalima Ros<\/figcaption><\/figure>\n<p>Planen Sie nicht zu lange Etappen, damit Sie mehrere Stopps einlegen k\u00f6nnen, um sich die Beine zu vertreten und die vielen Erlebnisse mitzunehmen, die Ihre Route Ihnen bietet. Das Einreiten nach Santiago de Compostela m\u00fcssen Sie der lokalen Polizei (Telefonnummer 092) einige Tage im Voraus melden.<\/p>\n<p>Dort informiert man Sie \u00fcber den Zeitpunkt und die Strecke, der Sie folgen m\u00fcssen. Zus\u00e4tzlich erhalten Sie eine Zugangsgenehmigung zum Plaza del Obradoiro, um kurz vor der Kathedrale verweilen zu k\u00f6nnen. Machen Sie ein Selfie, das Sie an dieses unglaubliche Erlebnis erinnert.<\/p>\n<p><strong>Mit dem Segelboot<\/strong><\/p>\n<figure id=\"attachment_103521\" aria-describedby=\"caption-attachment-103521\" style=\"width: 1440px\" class=\"wp-caption aligncenter\"><img decoding=\"async\" class=\"size-full wp-image-103521\" src=\"https:\/\/spanienaktuell.net\/wordpress\/wp-content\/uploads\/2024\/04\/Foto-Pixabay-Usameredith-yacht-802319_1920-scaled.jpg\" alt=\"\" width=\"1440\" height=\"1080\" srcset=\"https:\/\/spanienaktuell.net\/wordpress\/wp-content\/uploads\/2024\/04\/Foto-Pixabay-Usameredith-yacht-802319_1920-scaled.jpg 1440w, https:\/\/spanienaktuell.net\/wordpress\/wp-content\/uploads\/2024\/04\/Foto-Pixabay-Usameredith-yacht-802319_1920-300x225.jpg 300w, https:\/\/spanienaktuell.net\/wordpress\/wp-content\/uploads\/2024\/04\/Foto-Pixabay-Usameredith-yacht-802319_1920-1024x768.jpg 1024w, https:\/\/spanienaktuell.net\/wordpress\/wp-content\/uploads\/2024\/04\/Foto-Pixabay-Usameredith-yacht-802319_1920-768x576.jpg 768w, https:\/\/spanienaktuell.net\/wordpress\/wp-content\/uploads\/2024\/04\/Foto-Pixabay-Usameredith-yacht-802319_1920-1536x1152.jpg 1536w, https:\/\/spanienaktuell.net\/wordpress\/wp-content\/uploads\/2024\/04\/Foto-Pixabay-Usameredith-yacht-802319_1920-350x263.jpg 350w\" sizes=\"(max-width: 1440px) 100vw, 1440px\" \/><figcaption id=\"caption-attachment-103521\" class=\"wp-caption-text\">Foto: Pixabay-Usameredith<\/figcaption><\/figure>\n<p>Seit 2016 kann der Pilgerweg nach Santiago auch durch die Gew\u00e4sser der Biskaya f\u00fchren. Engl\u00e4nder und Iren waren die ersten, die im 12. Jahrhundert auf dem Seeweg nach Santiago de Compostela aufbrachen. Machen Sie die Leinen los und segeln Sie einen neuen Kurs. Eine gute M\u00f6glichkeit, den Jakobsweg noch spannender zu machen. Auf dieser Route, bekannt als \u201eSail the Way-Navega el Camino\u201c, fahren Sie parallel zum Camino del Norte 17 Yachth\u00e4fen im Baskenland, Kantabrien, Asturien und Galicien an. Um Ihre Compostela zu erhalten, m\u00fcssen Sie mindestens 100 Seemeilen (182 Kilometer) zur\u00fccklegen, in jedem der anerkannten H\u00e4fen Ihren Pilgerausweis abstempeln lassen und die letzte Etappe zwischen Monte do Gozo und Santiago de Compostela zu Fu\u00df zur\u00fccklegen.<\/p>\n<p><strong>\u00dcbernachtung<\/strong><\/p>\n<figure id=\"attachment_103530\" aria-describedby=\"caption-attachment-103530\" style=\"width: 1440px\" class=\"wp-caption aligncenter\"><img decoding=\"async\" class=\"size-full wp-image-103530\" src=\"https:\/\/spanienaktuell.net\/wordpress\/wp-content\/uploads\/2024\/04\/Foto-Pixabay-KarloKolumno-jakobsweg-2076064_1920-toc-scaled.jpg\" alt=\"\" width=\"1440\" height=\"960\" srcset=\"https:\/\/spanienaktuell.net\/wordpress\/wp-content\/uploads\/2024\/04\/Foto-Pixabay-KarloKolumno-jakobsweg-2076064_1920-toc-scaled.jpg 1440w, https:\/\/spanienaktuell.net\/wordpress\/wp-content\/uploads\/2024\/04\/Foto-Pixabay-KarloKolumno-jakobsweg-2076064_1920-toc-300x200.jpg 300w, https:\/\/spanienaktuell.net\/wordpress\/wp-content\/uploads\/2024\/04\/Foto-Pixabay-KarloKolumno-jakobsweg-2076064_1920-toc-1024x683.jpg 1024w, https:\/\/spanienaktuell.net\/wordpress\/wp-content\/uploads\/2024\/04\/Foto-Pixabay-KarloKolumno-jakobsweg-2076064_1920-toc-768x512.jpg 768w, https:\/\/spanienaktuell.net\/wordpress\/wp-content\/uploads\/2024\/04\/Foto-Pixabay-KarloKolumno-jakobsweg-2076064_1920-toc-1536x1024.jpg 1536w, https:\/\/spanienaktuell.net\/wordpress\/wp-content\/uploads\/2024\/04\/Foto-Pixabay-KarloKolumno-jakobsweg-2076064_1920-toc-350x233.jpg 350w\" sizes=\"(max-width: 1440px) 100vw, 1440px\" \/><figcaption id=\"caption-attachment-103530\" class=\"wp-caption-text\">Foto: Pixabay-KarloKolumno<\/figcaption><\/figure>\n<p>Entlang des Jakobswegs bieten sich zahlreiche Optionen f\u00fcr \u00dcbernachtungen, von denen jede ihren eigenen besonderen Reiz hat.<\/p>\n<p><strong>Herbergen <\/strong><\/p>\n<p>Um den Jakobsweg besonders authentisch zu erleben, sollten Sie in den zahlreichen Herbergen \u00fcbernachten. Es gibt zwei Arten: Die \u00f6ffentlichen Herbergen sind kostenlos, oder es reicht aus, wenn Sie eine kleine Spende machen. Die Pl\u00e4tze sind begrenzt und werden nach dem Prinzip wer zuerst kommt, mahlt zuerst, vergeben. Pilger, die zu Fu\u00df oder zu Pferd unterwegs sind, haben Vorrang vor denen, die mit dem Fahrrad reisen.<\/p>\n<figure id=\"attachment_103533\" aria-describedby=\"caption-attachment-103533\" style=\"width: 1440px\" class=\"wp-caption aligncenter\"><img decoding=\"async\" class=\"size-full wp-image-103533\" src=\"https:\/\/spanienaktuell.net\/wordpress\/wp-content\/uploads\/2024\/04\/Foto-Pixabay-Wolfgang-Schwenk-spain-6837619_1920-scaled.jpg\" alt=\"\" width=\"1440\" height=\"960\" srcset=\"https:\/\/spanienaktuell.net\/wordpress\/wp-content\/uploads\/2024\/04\/Foto-Pixabay-Wolfgang-Schwenk-spain-6837619_1920-scaled.jpg 1440w, https:\/\/spanienaktuell.net\/wordpress\/wp-content\/uploads\/2024\/04\/Foto-Pixabay-Wolfgang-Schwenk-spain-6837619_1920-300x200.jpg 300w, https:\/\/spanienaktuell.net\/wordpress\/wp-content\/uploads\/2024\/04\/Foto-Pixabay-Wolfgang-Schwenk-spain-6837619_1920-1024x683.jpg 1024w, https:\/\/spanienaktuell.net\/wordpress\/wp-content\/uploads\/2024\/04\/Foto-Pixabay-Wolfgang-Schwenk-spain-6837619_1920-768x512.jpg 768w, https:\/\/spanienaktuell.net\/wordpress\/wp-content\/uploads\/2024\/04\/Foto-Pixabay-Wolfgang-Schwenk-spain-6837619_1920-1536x1024.jpg 1536w, https:\/\/spanienaktuell.net\/wordpress\/wp-content\/uploads\/2024\/04\/Foto-Pixabay-Wolfgang-Schwenk-spain-6837619_1920-350x233.jpg 350w\" sizes=\"(max-width: 1440px) 100vw, 1440px\" \/><figcaption id=\"caption-attachment-103533\" class=\"wp-caption-text\">Foto: Pixabay-Wolfgang Schwenk<\/figcaption><\/figure>\n<p>Doch keine Sorge, Sie werden immer einen Platz zum Ausruhen finden. Es gibt weitere private Herbergen, und wenn es in den Herbergen an Platz mangelt, werden Kirchen, Sportzentren, Schulen und andere \u00f6ffentliche Geb\u00e4ude eingerichtet, um Pilger willkommen zu hei\u00dfen. Sie m\u00fcssen die An- und Abreisezeiten sowie die n\u00e4chtliche Ruhezeit einhalten, um Ihre Nachtruhe und die Ihrer Mitpilger zu gew\u00e4hrleisten. Die Atmosph\u00e4re der Solidarit\u00e4t mit anderen Wanderern ist in diesen Unterk\u00fcnften deutlich zu sp\u00fcren. Wenn Sie dort \u00fcbernachten, tauchen Sie ein in die authentische Erfahrung der urspr\u00fcnglichen Jakobspilger.<\/p>\n<p><strong>Hotels <\/strong><\/p>\n<figure id=\"attachment_103522\" aria-describedby=\"caption-attachment-103522\" style=\"width: 1218px\" class=\"wp-caption aligncenter\"><img decoding=\"async\" class=\"size-full wp-image-103522\" src=\"https:\/\/spanienaktuell.net\/wordpress\/wp-content\/uploads\/2024\/04\/Foto-Pixabay-Anne-and-Saturnino-Miranda-plasencia-spain-2529275_1920.jpg\" alt=\"\" width=\"1218\" height=\"1080\" srcset=\"https:\/\/spanienaktuell.net\/wordpress\/wp-content\/uploads\/2024\/04\/Foto-Pixabay-Anne-and-Saturnino-Miranda-plasencia-spain-2529275_1920.jpg 1218w, https:\/\/spanienaktuell.net\/wordpress\/wp-content\/uploads\/2024\/04\/Foto-Pixabay-Anne-and-Saturnino-Miranda-plasencia-spain-2529275_1920-300x266.jpg 300w, https:\/\/spanienaktuell.net\/wordpress\/wp-content\/uploads\/2024\/04\/Foto-Pixabay-Anne-and-Saturnino-Miranda-plasencia-spain-2529275_1920-1024x908.jpg 1024w, https:\/\/spanienaktuell.net\/wordpress\/wp-content\/uploads\/2024\/04\/Foto-Pixabay-Anne-and-Saturnino-Miranda-plasencia-spain-2529275_1920-768x681.jpg 768w, https:\/\/spanienaktuell.net\/wordpress\/wp-content\/uploads\/2024\/04\/Foto-Pixabay-Anne-and-Saturnino-Miranda-plasencia-spain-2529275_1920-350x310.jpg 350w\" sizes=\"(max-width: 1218px) 100vw, 1218px\" \/><figcaption id=\"caption-attachment-103522\" class=\"wp-caption-text\">Foto: Pixabay-Anne and Saturnino Miranda<\/figcaption><\/figure>\n<p>Spanien verf\u00fcgt \u00fcber eine ausgezeichnete touristische Infrastruktur. Am Jakobsweg finden Sie eine gro\u00dfe Auswahl an Privatunterk\u00fcnften, die auf Ihren Geschmack und Ihr Budget abgestimmt sind. Von klassischen Hotels und Herbergen aller Kategorien \u00fcber Kuranlagen, in denen die Zeit stehen geblieben zu sein scheint, bis hin zu modernen Hotels mit Spa, in denen man sich etwas Zeit nehmen kann, um sich zu verw\u00f6hnen. In den l\u00e4ndlichen Unterk\u00fcnften, die Sie entlang des Weges finden, werden Sie einen famili\u00e4ren freundlichen Service erhalten.<\/p>\n<p><strong>Campingpl\u00e4tze<\/strong><\/p>\n<p><img decoding=\"async\" class=\"aligncenter size-full wp-image-103539\" src=\"https:\/\/spanienaktuell.net\/wordpress\/wp-content\/uploads\/2024\/04\/ENVATO-ELEMENTS-camping-in-the-forest-2023-11-27-05-05-51-utc-scaled.jpg\" alt=\"\" width=\"1440\" height=\"961\" srcset=\"https:\/\/spanienaktuell.net\/wordpress\/wp-content\/uploads\/2024\/04\/ENVATO-ELEMENTS-camping-in-the-forest-2023-11-27-05-05-51-utc-scaled.jpg 1440w, https:\/\/spanienaktuell.net\/wordpress\/wp-content\/uploads\/2024\/04\/ENVATO-ELEMENTS-camping-in-the-forest-2023-11-27-05-05-51-utc-300x200.jpg 300w, https:\/\/spanienaktuell.net\/wordpress\/wp-content\/uploads\/2024\/04\/ENVATO-ELEMENTS-camping-in-the-forest-2023-11-27-05-05-51-utc-1024x683.jpg 1024w, https:\/\/spanienaktuell.net\/wordpress\/wp-content\/uploads\/2024\/04\/ENVATO-ELEMENTS-camping-in-the-forest-2023-11-27-05-05-51-utc-768x513.jpg 768w, https:\/\/spanienaktuell.net\/wordpress\/wp-content\/uploads\/2024\/04\/ENVATO-ELEMENTS-camping-in-the-forest-2023-11-27-05-05-51-utc-1536x1025.jpg 1536w, https:\/\/spanienaktuell.net\/wordpress\/wp-content\/uploads\/2024\/04\/ENVATO-ELEMENTS-camping-in-the-forest-2023-11-27-05-05-51-utc-2048x1367.jpg 2048w, https:\/\/spanienaktuell.net\/wordpress\/wp-content\/uploads\/2024\/04\/ENVATO-ELEMENTS-camping-in-the-forest-2023-11-27-05-05-51-utc-350x234.jpg 350w\" sizes=\"(max-width: 1440px) 100vw, 1440px\" \/><\/p>\n<p>Wenn Sie besonders engen Kontakt mit der Natur suchen, sind Sie auf den Campingpl\u00e4tzen am Jakobsweg genau richtig. Die meisten von ihnen befinden sich in den privilegierten Gr\u00fcnzonen der Orte, die Sie durchqueren. Auch hier gibt es unterschiedliche Kategorien. Alle bieten mindestens die grundlegenden Serviceangebote, und einige von ihnen k\u00f6nnen dar\u00fcber hinaus mit Schwimmb\u00e4dern, Aktivit\u00e4ten f\u00fcr Kinder und sogar Animation aufwarten. Am Camino del Norte finden Sie das gr\u00f6\u00dfte Netz von Campingpl\u00e4tzen, in einigen Orten sogar mehrere. Freies Campen unterliegt in Spanien bestimmten gesetzlichen Vorschriften. Informieren Sie sich, bevor Sie Ihr Zelt aufschlagen.<\/p>\n<p><strong>Parador-Hotels <\/strong><\/p>\n<p>Erleben Sie den Jakobseg und seine Geschichte und \u00fcbernachten Sie in Parador-Hotels. Die Parador-Hotels sind einzigartige Unterk\u00fcnfte die in au\u00dfergew\u00f6hnlich sch\u00f6nen Naturgebieten oder in historischen Anlagen untergebracht sind. Pal\u00e4ste, Kl\u00f6ster, Burgen, Schl\u00f6sser \u2026 Wahre Sehensw\u00fcrdigkeiten, die \u00fcber den ganzen Komfort des 21. Jahrhunderts verf\u00fcgen und Ihnen Einblicke in die Kultur Spaniens bieten. Einige davon sind Museums-Paradores und geh\u00f6ren zum k\u00fcnstlerischen und kulturellen Erbe Spaniens. Sie alle bieten ein fantastisches gastronomisches Angebot mit den besten Geschmacksnuancen der traditionellen K\u00fcche der jeweiligen Region. Gegenw\u00e4rtig gibt es fast hundert Parador-Hotels in ganz Spanien. Die vollst\u00e4ndige Liste finden Sie unter <a href=\"http:\/\/www.parador.es\">http:\/\/www.parador.es<\/a>\u00a0 .Am Camino del Norte befindet sich der Parador von Santillana del Mar (Kantabrien), ein Bau mit der typischen Gebirgsarchitektur der Region.<\/p>\n<figure id=\"attachment_103538\" aria-describedby=\"caption-attachment-103538\" style=\"width: 1440px\" class=\"wp-caption aligncenter\"><img decoding=\"async\" class=\"size-full wp-image-103538\" src=\"https:\/\/spanienaktuell.net\/wordpress\/wp-content\/uploads\/2024\/04\/Cangas-de-Onis-Foto-Unsplash-Alan-Angelats-alan-angelats-S_fspc5c9Jo-unsplash-scaled.jpg\" alt=\"\" width=\"1440\" height=\"1080\" srcset=\"https:\/\/spanienaktuell.net\/wordpress\/wp-content\/uploads\/2024\/04\/Cangas-de-Onis-Foto-Unsplash-Alan-Angelats-alan-angelats-S_fspc5c9Jo-unsplash-scaled.jpg 1440w, https:\/\/spanienaktuell.net\/wordpress\/wp-content\/uploads\/2024\/04\/Cangas-de-Onis-Foto-Unsplash-Alan-Angelats-alan-angelats-S_fspc5c9Jo-unsplash-300x225.jpg 300w, https:\/\/spanienaktuell.net\/wordpress\/wp-content\/uploads\/2024\/04\/Cangas-de-Onis-Foto-Unsplash-Alan-Angelats-alan-angelats-S_fspc5c9Jo-unsplash-1024x768.jpg 1024w, https:\/\/spanienaktuell.net\/wordpress\/wp-content\/uploads\/2024\/04\/Cangas-de-Onis-Foto-Unsplash-Alan-Angelats-alan-angelats-S_fspc5c9Jo-unsplash-768x576.jpg 768w, https:\/\/spanienaktuell.net\/wordpress\/wp-content\/uploads\/2024\/04\/Cangas-de-Onis-Foto-Unsplash-Alan-Angelats-alan-angelats-S_fspc5c9Jo-unsplash-1536x1152.jpg 1536w, https:\/\/spanienaktuell.net\/wordpress\/wp-content\/uploads\/2024\/04\/Cangas-de-Onis-Foto-Unsplash-Alan-Angelats-alan-angelats-S_fspc5c9Jo-unsplash-2048x1536.jpg 2048w, https:\/\/spanienaktuell.net\/wordpress\/wp-content\/uploads\/2024\/04\/Cangas-de-Onis-Foto-Unsplash-Alan-Angelats-alan-angelats-S_fspc5c9Jo-unsplash-350x263.jpg 350w\" sizes=\"(max-width: 1440px) 100vw, 1440px\" \/><figcaption id=\"caption-attachment-103538\" class=\"wp-caption-text\">Cangas de Onis, Foto: Unsplash-Alan Angelats<\/figcaption><\/figure>\n<p>Wenn Sie in Asturien in Cangas de On\u00eds sind, werden Sie von dem alten Kloster San Pedro de Villanueva beeindruckt sein, das inmitten der Picos de Europa liegt Einmal in Galicien angekommen, k\u00f6nnen Sie herrliche Aussichten genie\u00dfen und in einem Pazo, einem typischen galicischen Landgut mit herrschaftlichem Charakter und urspr\u00fcnglicher Architektur \u00fcbernachten, dem Parador von Ver\u00edn (Ourense). In derselben Provinz sp\u00fcren Sie den kl\u00f6sterlichen Frieden in den Kreuzg\u00e4ngen des Klosters Santo Estevo. Wenn Sie sich f\u00fcr den Portugiesischen Weg entscheiden, sp\u00fcren Sie im Parador von Baiona (Pontevedra), einer spektakul\u00e4ren Festung mit Meerblick, die Geschichte hautnah erleben.<\/p>\n<figure id=\"attachment_103526\" aria-describedby=\"caption-attachment-103526\" style=\"width: 1355px\" class=\"wp-caption aligncenter\"><img decoding=\"async\" class=\"size-full wp-image-103526\" src=\"https:\/\/spanienaktuell.net\/wordpress\/wp-content\/uploads\/2024\/04\/Foto-Pixabay-Falco-scallop-796379_1920-scaled.jpg\" alt=\"\" width=\"1355\" height=\"1080\" srcset=\"https:\/\/spanienaktuell.net\/wordpress\/wp-content\/uploads\/2024\/04\/Foto-Pixabay-Falco-scallop-796379_1920-scaled.jpg 1355w, https:\/\/spanienaktuell.net\/wordpress\/wp-content\/uploads\/2024\/04\/Foto-Pixabay-Falco-scallop-796379_1920-300x239.jpg 300w, https:\/\/spanienaktuell.net\/wordpress\/wp-content\/uploads\/2024\/04\/Foto-Pixabay-Falco-scallop-796379_1920-1024x816.jpg 1024w, https:\/\/spanienaktuell.net\/wordpress\/wp-content\/uploads\/2024\/04\/Foto-Pixabay-Falco-scallop-796379_1920-768x612.jpg 768w, https:\/\/spanienaktuell.net\/wordpress\/wp-content\/uploads\/2024\/04\/Foto-Pixabay-Falco-scallop-796379_1920-1536x1224.jpg 1536w, https:\/\/spanienaktuell.net\/wordpress\/wp-content\/uploads\/2024\/04\/Foto-Pixabay-Falco-scallop-796379_1920-350x279.jpg 350w\" sizes=\"(max-width: 1355px) 100vw, 1355px\" \/><figcaption id=\"caption-attachment-103526\" class=\"wp-caption-text\">Foto: Pixabay-Falco<\/figcaption><\/figure>\n<p>Auf dem Jakobsweg zu pilgern, ist weit mehr als nur eine k\u00f6rperliche Reise. Es ist eine Reise der Selbstreflexion, des Wachstums und der Spiritualit\u00e4t. Die Vielfalt der Landschaften, die Begegnungen mit Menschen aus aller Welt und die Erfahrungen entlang des Weges machen diese Pilgerfahrt zu einem unvergesslichen Abenteuer.<\/p>\n<figure id=\"attachment_103532\" aria-describedby=\"caption-attachment-103532\" style=\"width: 1440px\" class=\"wp-caption aligncenter\"><img decoding=\"async\" class=\"wp-image-103532 size-full\" src=\"https:\/\/spanienaktuell.net\/wordpress\/wp-content\/uploads\/2024\/04\/Foto-Pixabay-Sarahi-Rivera-sarahi-rivera-LV4FCw1Qw0Q-unsplash-scaled.jpg\" alt=\"\" width=\"1440\" height=\"960\" srcset=\"https:\/\/spanienaktuell.net\/wordpress\/wp-content\/uploads\/2024\/04\/Foto-Pixabay-Sarahi-Rivera-sarahi-rivera-LV4FCw1Qw0Q-unsplash-scaled.jpg 1440w, https:\/\/spanienaktuell.net\/wordpress\/wp-content\/uploads\/2024\/04\/Foto-Pixabay-Sarahi-Rivera-sarahi-rivera-LV4FCw1Qw0Q-unsplash-300x200.jpg 300w, https:\/\/spanienaktuell.net\/wordpress\/wp-content\/uploads\/2024\/04\/Foto-Pixabay-Sarahi-Rivera-sarahi-rivera-LV4FCw1Qw0Q-unsplash-1024x683.jpg 1024w, https:\/\/spanienaktuell.net\/wordpress\/wp-content\/uploads\/2024\/04\/Foto-Pixabay-Sarahi-Rivera-sarahi-rivera-LV4FCw1Qw0Q-unsplash-768x512.jpg 768w, https:\/\/spanienaktuell.net\/wordpress\/wp-content\/uploads\/2024\/04\/Foto-Pixabay-Sarahi-Rivera-sarahi-rivera-LV4FCw1Qw0Q-unsplash-1536x1024.jpg 1536w, https:\/\/spanienaktuell.net\/wordpress\/wp-content\/uploads\/2024\/04\/Foto-Pixabay-Sarahi-Rivera-sarahi-rivera-LV4FCw1Qw0Q-unsplash-2048x1365.jpg 2048w, https:\/\/spanienaktuell.net\/wordpress\/wp-content\/uploads\/2024\/04\/Foto-Pixabay-Sarahi-Rivera-sarahi-rivera-LV4FCw1Qw0Q-unsplash-350x233.jpg 350w\" sizes=\"(max-width: 1440px) 100vw, 1440px\" \/><figcaption id=\"caption-attachment-103532\" class=\"wp-caption-text\">Foto Pixabay-Sarah\u00ed Rivera\u00a0<\/figcaption><\/figure>\n<p>Ob Sie zu Fu\u00df gehen, mit dem Fahrrad fahren, zu Pferd reiten oder sogar segeln, der Jakobsweg bietet f\u00fcr jeden Reisenden eine einzigartige Erfahrung. Die Herausforderungen und Belohnungen, die Sie auf Ihrem Weg erfahren werden, werden Sie f\u00fcr immer pr\u00e4gen.<\/p>\n<figure id=\"attachment_103525\" aria-describedby=\"caption-attachment-103525\" style=\"width: 1077px\" class=\"wp-caption aligncenter\"><img decoding=\"async\" class=\"size-full wp-image-103525\" src=\"https:\/\/spanienaktuell.net\/wordpress\/wp-content\/uploads\/2024\/04\/Foto-Pixabay-Ben-Kerckx-tile-3239447_1920-scaled.jpg\" alt=\"\" width=\"1077\" height=\"1080\" srcset=\"https:\/\/spanienaktuell.net\/wordpress\/wp-content\/uploads\/2024\/04\/Foto-Pixabay-Ben-Kerckx-tile-3239447_1920-scaled.jpg 1077w, https:\/\/spanienaktuell.net\/wordpress\/wp-content\/uploads\/2024\/04\/Foto-Pixabay-Ben-Kerckx-tile-3239447_1920-300x300.jpg 300w, https:\/\/spanienaktuell.net\/wordpress\/wp-content\/uploads\/2024\/04\/Foto-Pixabay-Ben-Kerckx-tile-3239447_1920-1021x1024.jpg 1021w, https:\/\/spanienaktuell.net\/wordpress\/wp-content\/uploads\/2024\/04\/Foto-Pixabay-Ben-Kerckx-tile-3239447_1920-150x150.jpg 150w, https:\/\/spanienaktuell.net\/wordpress\/wp-content\/uploads\/2024\/04\/Foto-Pixabay-Ben-Kerckx-tile-3239447_1920-768x770.jpg 768w, https:\/\/spanienaktuell.net\/wordpress\/wp-content\/uploads\/2024\/04\/Foto-Pixabay-Ben-Kerckx-tile-3239447_1920-1532x1536.jpg 1532w, https:\/\/spanienaktuell.net\/wordpress\/wp-content\/uploads\/2024\/04\/Foto-Pixabay-Ben-Kerckx-tile-3239447_1920-350x351.jpg 350w, https:\/\/spanienaktuell.net\/wordpress\/wp-content\/uploads\/2024\/04\/Foto-Pixabay-Ben-Kerckx-tile-3239447_1920-348x348.jpg 348w\" sizes=\"(max-width: 1077px) 100vw, 1077px\" \/><figcaption id=\"caption-attachment-103525\" class=\"wp-caption-text\">Foto Pixabay-Ben Kerckx<\/figcaption><\/figure>\n<p><strong>Wir hoffen, dass diese praktischen Tipps und Informationen Ihnen helfen, Ihre Pilgerreise optimal vorzubereiten und zu genie\u00dfen.<\/strong><\/p>\n<p><strong>Buen Camino!<\/strong><\/p>\n<p><strong>Weitere Informationen erhalten Sie <\/strong><a href=\"https:\/\/www.santiagoturismo.com\/camino-de-santiago\"><strong>hier<\/strong><\/a><strong>\u00a0 <\/strong><\/p>\n<p><em>Text: Spanien aktuell-Cesar Certier<\/em> \u00a9<\/p>\n","protected":false},"excerpt":{"rendered":"<p>Bevor Sie sich der pers\u00f6nlichen Herausforderung des Jakobswegs stellen, sollten Sie sicher sein, dass Sie gut vorbereitet sind. Hier geben [&hellip;]<\/p>\n","protected":false},"author":3,"featured_media":103520,"comment_status":"closed","ping_status":"closed","sticky":false,"template":"","format":"standard","meta":{"footnotes":""},"categories":[31],"tags":[],"class_list":["post-103519","post","type-post","status-publish","format-standard","has-post-thumbnail","hentry","category-reise"],"yoast_head":"<!-- This site is optimized with the Yoast SEO plugin v27.1.1 - https:\/\/yoast.com\/product\/yoast-seo-wordpress\/ -->\n<title>Erfolgreich auf dem Jakobsweg starten: Wichtige Tipps zur Vorbereitung - Spanien aktuell<\/title>\n<meta name=\"robots\" content=\"index, follow, max-snippet:-1, max-image-preview:large, max-video-preview:-1\" \/>\n<link rel=\"canonical\" href=\"https:\/\/spanienaktuell.net\/wordpress\/erfolgreich-auf-dem-jakobsweg-starten-wichtige-tipps-zur-vorbereitung\/\" \/>\n<meta property=\"og:locale\" content=\"es_ES\" \/>\n<meta property=\"og:type\" content=\"article\" \/>\n<meta property=\"og:title\" content=\"Erfolgreich auf dem Jakobsweg starten: Wichtige Tipps zur Vorbereitung - Spanien aktuell\" \/>\n<meta property=\"og:description\" content=\"Bevor Sie sich der pers\u00f6nlichen Herausforderung des Jakobswegs stellen, sollten Sie sicher sein, dass Sie gut vorbereitet sind. Hier geben [&hellip;]\" \/>\n<meta property=\"og:url\" content=\"https:\/\/spanienaktuell.net\/wordpress\/erfolgreich-auf-dem-jakobsweg-starten-wichtige-tipps-zur-vorbereitung\/\" \/>\n<meta property=\"og:site_name\" content=\"Spanien aktuell\" \/>\n<meta property=\"article:published_time\" content=\"2024-04-01T19:04:28+00:00\" \/>\n<meta property=\"article:modified_time\" content=\"2024-04-01T19:05:04+00:00\" \/>\n<meta property=\"og:image\" content=\"https:\/\/spanienaktuell.net\/wordpress\/wp-content\/uploads\/2024\/04\/Foto-Pixabay-path-501781-scaled.jpg\" \/>\n\t<meta property=\"og:image:width\" content=\"1440\" \/>\n\t<meta property=\"og:image:height\" content=\"960\" \/>\n\t<meta property=\"og:image:type\" content=\"image\/jpeg\" \/>\n<meta name=\"author\" content=\"Spanien Aktuell\" \/>\n<meta name=\"twitter:card\" content=\"summary_large_image\" \/>\n<meta name=\"twitter:label1\" content=\"Escrito por\" \/>\n\t<meta name=\"twitter:data1\" content=\"Spanien Aktuell\" \/>\n\t<meta name=\"twitter:label2\" content=\"Tiempo de lectura\" \/>\n\t<meta name=\"twitter:data2\" content=\"12 minutos\" \/>\n<script type=\"application\/ld+json\" class=\"yoast-schema-graph\">{\"@context\":\"https:\/\/schema.org\",\"@graph\":[{\"@type\":\"Article\",\"@id\":\"https:\/\/spanienaktuell.net\/wordpress\/erfolgreich-auf-dem-jakobsweg-starten-wichtige-tipps-zur-vorbereitung\/#article\",\"isPartOf\":{\"@id\":\"https:\/\/spanienaktuell.net\/wordpress\/erfolgreich-auf-dem-jakobsweg-starten-wichtige-tipps-zur-vorbereitung\/\"},\"author\":{\"name\":\"Spanien Aktuell\",\"@id\":\"https:\/\/spanienaktuell.net\/wordpress\/#\/schema\/person\/bc410cfae0161b201d837ebfeeba7fd0\"},\"headline\":\"Erfolgreich auf dem Jakobsweg starten: Wichtige Tipps zur Vorbereitung\",\"datePublished\":\"2024-04-01T19:04:28+00:00\",\"dateModified\":\"2024-04-01T19:05:04+00:00\",\"mainEntityOfPage\":{\"@id\":\"https:\/\/spanienaktuell.net\/wordpress\/erfolgreich-auf-dem-jakobsweg-starten-wichtige-tipps-zur-vorbereitung\/\"},\"wordCount\":1923,\"publisher\":{\"@id\":\"https:\/\/spanienaktuell.net\/wordpress\/#organization\"},\"image\":{\"@id\":\"https:\/\/spanienaktuell.net\/wordpress\/erfolgreich-auf-dem-jakobsweg-starten-wichtige-tipps-zur-vorbereitung\/#primaryimage\"},\"thumbnailUrl\":\"https:\/\/spanienaktuell.net\/wordpress\/wp-content\/uploads\/2024\/04\/Foto-Pixabay-path-501781-scaled.jpg\",\"articleSection\":[\"Reise\"],\"inLanguage\":\"es\"},{\"@type\":\"WebPage\",\"@id\":\"https:\/\/spanienaktuell.net\/wordpress\/erfolgreich-auf-dem-jakobsweg-starten-wichtige-tipps-zur-vorbereitung\/\",\"url\":\"https:\/\/spanienaktuell.net\/wordpress\/erfolgreich-auf-dem-jakobsweg-starten-wichtige-tipps-zur-vorbereitung\/\",\"name\":\"Erfolgreich auf dem Jakobsweg starten: Wichtige Tipps zur Vorbereitung - Spanien aktuell\",\"isPartOf\":{\"@id\":\"https:\/\/spanienaktuell.net\/wordpress\/#website\"},\"primaryImageOfPage\":{\"@id\":\"https:\/\/spanienaktuell.net\/wordpress\/erfolgreich-auf-dem-jakobsweg-starten-wichtige-tipps-zur-vorbereitung\/#primaryimage\"},\"image\":{\"@id\":\"https:\/\/spanienaktuell.net\/wordpress\/erfolgreich-auf-dem-jakobsweg-starten-wichtige-tipps-zur-vorbereitung\/#primaryimage\"},\"thumbnailUrl\":\"https:\/\/spanienaktuell.net\/wordpress\/wp-content\/uploads\/2024\/04\/Foto-Pixabay-path-501781-scaled.jpg\",\"datePublished\":\"2024-04-01T19:04:28+00:00\",\"dateModified\":\"2024-04-01T19:05:04+00:00\",\"breadcrumb\":{\"@id\":\"https:\/\/spanienaktuell.net\/wordpress\/erfolgreich-auf-dem-jakobsweg-starten-wichtige-tipps-zur-vorbereitung\/#breadcrumb\"},\"inLanguage\":\"es\",\"potentialAction\":[{\"@type\":\"ReadAction\",\"target\":[\"https:\/\/spanienaktuell.net\/wordpress\/erfolgreich-auf-dem-jakobsweg-starten-wichtige-tipps-zur-vorbereitung\/\"]}]},{\"@type\":\"ImageObject\",\"inLanguage\":\"es\",\"@id\":\"https:\/\/spanienaktuell.net\/wordpress\/erfolgreich-auf-dem-jakobsweg-starten-wichtige-tipps-zur-vorbereitung\/#primaryimage\",\"url\":\"https:\/\/spanienaktuell.net\/wordpress\/wp-content\/uploads\/2024\/04\/Foto-Pixabay-path-501781-scaled.jpg\",\"contentUrl\":\"https:\/\/spanienaktuell.net\/wordpress\/wp-content\/uploads\/2024\/04\/Foto-Pixabay-path-501781-scaled.jpg\",\"width\":1440,\"height\":960,\"caption\":\"Foto: Pixabay\"},{\"@type\":\"BreadcrumbList\",\"@id\":\"https:\/\/spanienaktuell.net\/wordpress\/erfolgreich-auf-dem-jakobsweg-starten-wichtige-tipps-zur-vorbereitung\/#breadcrumb\",\"itemListElement\":[{\"@type\":\"ListItem\",\"position\":1,\"name\":\"Portada\",\"item\":\"https:\/\/spanienaktuell.net\/wordpress\/\"},{\"@type\":\"ListItem\",\"position\":2,\"name\":\"Erfolgreich auf dem Jakobsweg starten: Wichtige Tipps zur Vorbereitung\"}]},{\"@type\":\"WebSite\",\"@id\":\"https:\/\/spanienaktuell.net\/wordpress\/#website\",\"url\":\"https:\/\/spanienaktuell.net\/wordpress\/\",\"name\":\"Spanien aktuell\",\"description\":\"The German magazine number 1 on the Costa del Sol\",\"publisher\":{\"@id\":\"https:\/\/spanienaktuell.net\/wordpress\/#organization\"},\"potentialAction\":[{\"@type\":\"SearchAction\",\"target\":{\"@type\":\"EntryPoint\",\"urlTemplate\":\"https:\/\/spanienaktuell.net\/wordpress\/?s={search_term_string}\"},\"query-input\":{\"@type\":\"PropertyValueSpecification\",\"valueRequired\":true,\"valueName\":\"search_term_string\"}}],\"inLanguage\":\"es\"},{\"@type\":\"Organization\",\"@id\":\"https:\/\/spanienaktuell.net\/wordpress\/#organization\",\"name\":\"Spanien aktuell\",\"url\":\"https:\/\/spanienaktuell.net\/wordpress\/\",\"logo\":{\"@type\":\"ImageObject\",\"inLanguage\":\"es\",\"@id\":\"https:\/\/spanienaktuell.net\/wordpress\/#\/schema\/logo\/image\/\",\"url\":\"https:\/\/spanienaktuell.net\/wordpress\/wp-content\/uploads\/2019\/06\/cropped-Logo-spanien-aktuell-png-web-e1561631085388.png\",\"contentUrl\":\"https:\/\/spanienaktuell.net\/wordpress\/wp-content\/uploads\/2019\/06\/cropped-Logo-spanien-aktuell-png-web-e1561631085388.png\",\"width\":512,\"height\":110,\"caption\":\"Spanien aktuell\"},\"image\":{\"@id\":\"https:\/\/spanienaktuell.net\/wordpress\/#\/schema\/logo\/image\/\"}},{\"@type\":\"Person\",\"@id\":\"https:\/\/spanienaktuell.net\/wordpress\/#\/schema\/person\/bc410cfae0161b201d837ebfeeba7fd0\",\"name\":\"Spanien Aktuell\",\"image\":{\"@type\":\"ImageObject\",\"inLanguage\":\"es\",\"@id\":\"https:\/\/spanienaktuell.net\/wordpress\/#\/schema\/person\/image\/\",\"url\":\"https:\/\/spanienaktuell.net\/wordpress\/wp-content\/uploads\/2019\/06\/cropped-Logo-spanien-aktuell-png-fav2-100x100.png\",\"contentUrl\":\"https:\/\/spanienaktuell.net\/wordpress\/wp-content\/uploads\/2019\/06\/cropped-Logo-spanien-aktuell-png-fav2-100x100.png\",\"caption\":\"Spanien Aktuell\"},\"url\":\"https:\/\/spanienaktuell.net\/wordpress\/author\/koalum\/\"}]}<\/script>\n<!-- \/ Yoast SEO plugin. -->","yoast_head_json":{"title":"Erfolgreich auf dem Jakobsweg starten: Wichtige Tipps zur Vorbereitung - Spanien aktuell","robots":{"index":"index","follow":"follow","max-snippet":"max-snippet:-1","max-image-preview":"max-image-preview:large","max-video-preview":"max-video-preview:-1"},"canonical":"https:\/\/spanienaktuell.net\/wordpress\/erfolgreich-auf-dem-jakobsweg-starten-wichtige-tipps-zur-vorbereitung\/","og_locale":"es_ES","og_type":"article","og_title":"Erfolgreich auf dem Jakobsweg starten: Wichtige Tipps zur Vorbereitung - Spanien aktuell","og_description":"Bevor Sie sich der pers\u00f6nlichen Herausforderung des Jakobswegs stellen, sollten Sie sicher sein, dass Sie gut vorbereitet sind. Hier geben [&hellip;]","og_url":"https:\/\/spanienaktuell.net\/wordpress\/erfolgreich-auf-dem-jakobsweg-starten-wichtige-tipps-zur-vorbereitung\/","og_site_name":"Spanien aktuell","article_published_time":"2024-04-01T19:04:28+00:00","article_modified_time":"2024-04-01T19:05:04+00:00","og_image":[{"width":1440,"height":960,"url":"https:\/\/spanienaktuell.net\/wordpress\/wp-content\/uploads\/2024\/04\/Foto-Pixabay-path-501781-scaled.jpg","type":"image\/jpeg"}],"author":"Spanien Aktuell","twitter_card":"summary_large_image","twitter_misc":{"Escrito por":"Spanien Aktuell","Tiempo de lectura":"12 minutos"},"schema":{"@context":"https:\/\/schema.org","@graph":[{"@type":"Article","@id":"https:\/\/spanienaktuell.net\/wordpress\/erfolgreich-auf-dem-jakobsweg-starten-wichtige-tipps-zur-vorbereitung\/#article","isPartOf":{"@id":"https:\/\/spanienaktuell.net\/wordpress\/erfolgreich-auf-dem-jakobsweg-starten-wichtige-tipps-zur-vorbereitung\/"},"author":{"name":"Spanien Aktuell","@id":"https:\/\/spanienaktuell.net\/wordpress\/#\/schema\/person\/bc410cfae0161b201d837ebfeeba7fd0"},"headline":"Erfolgreich auf dem Jakobsweg starten: Wichtige Tipps zur Vorbereitung","datePublished":"2024-04-01T19:04:28+00:00","dateModified":"2024-04-01T19:05:04+00:00","mainEntityOfPage":{"@id":"https:\/\/spanienaktuell.net\/wordpress\/erfolgreich-auf-dem-jakobsweg-starten-wichtige-tipps-zur-vorbereitung\/"},"wordCount":1923,"publisher":{"@id":"https:\/\/spanienaktuell.net\/wordpress\/#organization"},"image":{"@id":"https:\/\/spanienaktuell.net\/wordpress\/erfolgreich-auf-dem-jakobsweg-starten-wichtige-tipps-zur-vorbereitung\/#primaryimage"},"thumbnailUrl":"https:\/\/spanienaktuell.net\/wordpress\/wp-content\/uploads\/2024\/04\/Foto-Pixabay-path-501781-scaled.jpg","articleSection":["Reise"],"inLanguage":"es"},{"@type":"WebPage","@id":"https:\/\/spanienaktuell.net\/wordpress\/erfolgreich-auf-dem-jakobsweg-starten-wichtige-tipps-zur-vorbereitung\/","url":"https:\/\/spanienaktuell.net\/wordpress\/erfolgreich-auf-dem-jakobsweg-starten-wichtige-tipps-zur-vorbereitung\/","name":"Erfolgreich auf dem Jakobsweg starten: Wichtige Tipps zur Vorbereitung - Spanien aktuell","isPartOf":{"@id":"https:\/\/spanienaktuell.net\/wordpress\/#website"},"primaryImageOfPage":{"@id":"https:\/\/spanienaktuell.net\/wordpress\/erfolgreich-auf-dem-jakobsweg-starten-wichtige-tipps-zur-vorbereitung\/#primaryimage"},"image":{"@id":"https:\/\/spanienaktuell.net\/wordpress\/erfolgreich-auf-dem-jakobsweg-starten-wichtige-tipps-zur-vorbereitung\/#primaryimage"},"thumbnailUrl":"https:\/\/spanienaktuell.net\/wordpress\/wp-content\/uploads\/2024\/04\/Foto-Pixabay-path-501781-scaled.jpg","datePublished":"2024-04-01T19:04:28+00:00","dateModified":"2024-04-01T19:05:04+00:00","breadcrumb":{"@id":"https:\/\/spanienaktuell.net\/wordpress\/erfolgreich-auf-dem-jakobsweg-starten-wichtige-tipps-zur-vorbereitung\/#breadcrumb"},"inLanguage":"es","potentialAction":[{"@type":"ReadAction","target":["https:\/\/spanienaktuell.net\/wordpress\/erfolgreich-auf-dem-jakobsweg-starten-wichtige-tipps-zur-vorbereitung\/"]}]},{"@type":"ImageObject","inLanguage":"es","@id":"https:\/\/spanienaktuell.net\/wordpress\/erfolgreich-auf-dem-jakobsweg-starten-wichtige-tipps-zur-vorbereitung\/#primaryimage","url":"https:\/\/spanienaktuell.net\/wordpress\/wp-content\/uploads\/2024\/04\/Foto-Pixabay-path-501781-scaled.jpg","contentUrl":"https:\/\/spanienaktuell.net\/wordpress\/wp-content\/uploads\/2024\/04\/Foto-Pixabay-path-501781-scaled.jpg","width":1440,"height":960,"caption":"Foto: Pixabay"},{"@type":"BreadcrumbList","@id":"https:\/\/spanienaktuell.net\/wordpress\/erfolgreich-auf-dem-jakobsweg-starten-wichtige-tipps-zur-vorbereitung\/#breadcrumb","itemListElement":[{"@type":"ListItem","position":1,"name":"Portada","item":"https:\/\/spanienaktuell.net\/wordpress\/"},{"@type":"ListItem","position":2,"name":"Erfolgreich auf dem Jakobsweg starten: Wichtige Tipps zur Vorbereitung"}]},{"@type":"WebSite","@id":"https:\/\/spanienaktuell.net\/wordpress\/#website","url":"https:\/\/spanienaktuell.net\/wordpress\/","name":"Spanien aktuell","description":"The German magazine number 1 on the Costa del Sol","publisher":{"@id":"https:\/\/spanienaktuell.net\/wordpress\/#organization"},"potentialAction":[{"@type":"SearchAction","target":{"@type":"EntryPoint","urlTemplate":"https:\/\/spanienaktuell.net\/wordpress\/?s={search_term_string}"},"query-input":{"@type":"PropertyValueSpecification","valueRequired":true,"valueName":"search_term_string"}}],"inLanguage":"es"},{"@type":"Organization","@id":"https:\/\/spanienaktuell.net\/wordpress\/#organization","name":"Spanien aktuell","url":"https:\/\/spanienaktuell.net\/wordpress\/","logo":{"@type":"ImageObject","inLanguage":"es","@id":"https:\/\/spanienaktuell.net\/wordpress\/#\/schema\/logo\/image\/","url":"https:\/\/spanienaktuell.net\/wordpress\/wp-content\/uploads\/2019\/06\/cropped-Logo-spanien-aktuell-png-web-e1561631085388.png","contentUrl":"https:\/\/spanienaktuell.net\/wordpress\/wp-content\/uploads\/2019\/06\/cropped-Logo-spanien-aktuell-png-web-e1561631085388.png","width":512,"height":110,"caption":"Spanien aktuell"},"image":{"@id":"https:\/\/spanienaktuell.net\/wordpress\/#\/schema\/logo\/image\/"}},{"@type":"Person","@id":"https:\/\/spanienaktuell.net\/wordpress\/#\/schema\/person\/bc410cfae0161b201d837ebfeeba7fd0","name":"Spanien Aktuell","image":{"@type":"ImageObject","inLanguage":"es","@id":"https:\/\/spanienaktuell.net\/wordpress\/#\/schema\/person\/image\/","url":"https:\/\/spanienaktuell.net\/wordpress\/wp-content\/uploads\/2019\/06\/cropped-Logo-spanien-aktuell-png-fav2-100x100.png","contentUrl":"https:\/\/spanienaktuell.net\/wordpress\/wp-content\/uploads\/2019\/06\/cropped-Logo-spanien-aktuell-png-fav2-100x100.png","caption":"Spanien Aktuell"},"url":"https:\/\/spanienaktuell.net\/wordpress\/author\/koalum\/"}]}},"_links":{"self":[{"href":"https:\/\/spanienaktuell.net\/wordpress\/wp-json\/wp\/v2\/posts\/103519","targetHints":{"allow":["GET"]}}],"collection":[{"href":"https:\/\/spanienaktuell.net\/wordpress\/wp-json\/wp\/v2\/posts"}],"about":[{"href":"https:\/\/spanienaktuell.net\/wordpress\/wp-json\/wp\/v2\/types\/post"}],"author":[{"embeddable":true,"href":"https:\/\/spanienaktuell.net\/wordpress\/wp-json\/wp\/v2\/users\/3"}],"replies":[{"embeddable":true,"href":"https:\/\/spanienaktuell.net\/wordpress\/wp-json\/wp\/v2\/comments?post=103519"}],"version-history":[{"count":1,"href":"https:\/\/spanienaktuell.net\/wordpress\/wp-json\/wp\/v2\/posts\/103519\/revisions"}],"predecessor-version":[{"id":103543,"href":"https:\/\/spanienaktuell.net\/wordpress\/wp-json\/wp\/v2\/posts\/103519\/revisions\/103543"}],"wp:featuredmedia":[{"embeddable":true,"href":"https:\/\/spanienaktuell.net\/wordpress\/wp-json\/wp\/v2\/media\/103520"}],"wp:attachment":[{"href":"https:\/\/spanienaktuell.net\/wordpress\/wp-json\/wp\/v2\/media?parent=103519"}],"wp:term":[{"taxonomy":"category","embeddable":true,"href":"https:\/\/spanienaktuell.net\/wordpress\/wp-json\/wp\/v2\/categories?post=103519"},{"taxonomy":"post_tag","embeddable":true,"href":"https:\/\/spanienaktuell.net\/wordpress\/wp-json\/wp\/v2\/tags?post=103519"}],"curies":[{"name":"wp","href":"https:\/\/api.w.org\/{rel}","templated":true}]}}