{"id":104445,"date":"2024-08-01T00:55:41","date_gmt":"2024-07-31T22:55:41","guid":{"rendered":"https:\/\/spanienaktuell.net\/wordpress\/?p=104445"},"modified":"2024-08-01T01:44:29","modified_gmt":"2024-07-31T23:44:29","slug":"weinregion-d-o-ribeiro-empfehlung-von-vinomar","status":"publish","type":"post","link":"https:\/\/spanienaktuell.net\/wordpress\/weinregion-d-o-ribeiro-empfehlung-von-vinomar\/","title":{"rendered":"Weinregion D.O. Ribeiro Empfehlung  von \u201eVinomar\u201c"},"content":{"rendered":"<p>&nbsp;<\/p>\n<p><img decoding=\"async\" class=\"aligncenter size-full wp-image-104449\" src=\"https:\/\/spanienaktuell.net\/wordpress\/wp-content\/uploads\/2024\/07\/Empfehlung.png\" alt=\"\" width=\"673\" height=\"442\" srcset=\"https:\/\/spanienaktuell.net\/wordpress\/wp-content\/uploads\/2024\/07\/Empfehlung.png 673w, https:\/\/spanienaktuell.net\/wordpress\/wp-content\/uploads\/2024\/07\/Empfehlung-300x197.png 300w, https:\/\/spanienaktuell.net\/wordpress\/wp-content\/uploads\/2024\/07\/Empfehlung-350x230.png 350w\" sizes=\"(max-width: 673px) 100vw, 673px\" \/><\/p>\n<p>&nbsp;<\/p>\n<p style=\"text-align: left;\"><strong>Weinregion D.O. Ribeiro<\/strong><\/p>\n<p>&nbsp;<\/p>\n<p style=\"text-align: left;\"><img decoding=\"async\" class=\"aligncenter size-full wp-image-104456\" src=\"https:\/\/spanienaktuell.net\/wordpress\/wp-content\/uploads\/2024\/07\/three-glasses-of-white-wine-splashing-on-white-bac-2023-11-27-04-57-23-utc-copia-scaled.jpg\" alt=\"\" width=\"1440\" height=\"825\" srcset=\"https:\/\/spanienaktuell.net\/wordpress\/wp-content\/uploads\/2024\/07\/three-glasses-of-white-wine-splashing-on-white-bac-2023-11-27-04-57-23-utc-copia-scaled.jpg 1440w, https:\/\/spanienaktuell.net\/wordpress\/wp-content\/uploads\/2024\/07\/three-glasses-of-white-wine-splashing-on-white-bac-2023-11-27-04-57-23-utc-copia-300x172.jpg 300w, https:\/\/spanienaktuell.net\/wordpress\/wp-content\/uploads\/2024\/07\/three-glasses-of-white-wine-splashing-on-white-bac-2023-11-27-04-57-23-utc-copia-1024x587.jpg 1024w, https:\/\/spanienaktuell.net\/wordpress\/wp-content\/uploads\/2024\/07\/three-glasses-of-white-wine-splashing-on-white-bac-2023-11-27-04-57-23-utc-copia-768x440.jpg 768w, https:\/\/spanienaktuell.net\/wordpress\/wp-content\/uploads\/2024\/07\/three-glasses-of-white-wine-splashing-on-white-bac-2023-11-27-04-57-23-utc-copia-1536x880.jpg 1536w, https:\/\/spanienaktuell.net\/wordpress\/wp-content\/uploads\/2024\/07\/three-glasses-of-white-wine-splashing-on-white-bac-2023-11-27-04-57-23-utc-copia-2048x1174.jpg 2048w, https:\/\/spanienaktuell.net\/wordpress\/wp-content\/uploads\/2024\/07\/three-glasses-of-white-wine-splashing-on-white-bac-2023-11-27-04-57-23-utc-copia-350x201.jpg 350w\" sizes=\"(max-width: 1440px) 100vw, 1440px\" \/><\/p>\n<p>&nbsp;<\/p>\n<p style=\"text-align: left;\">Die Weinregion Ribeiro im westlichen Teil der Provinz Ourense, bekannt durch den Jakobsweg, f\u00fchrt die Pilger durch 3.000 Hektar Weinland entlang der Fl\u00fcsse Mi\u00f1o, Avia u. Arnoia. Die Weinberge erstrecken sich \u00fcber 13 Gemeinden, darunter Arnoia, Beade, Ribadavia, u. geh\u00f6ren zur Denomination of Origin (D.O.) Ribeiro, die f\u00fcr ihre Qualit\u00e4tsweine bekannt ist.<\/p>\n<p style=\"text-align: left;\">Traditionell werden in Ribeiro autochthone Rebsorten wie Treixadura, Torront\u00e9s u. Albari\u00f1o angebaut, die f\u00fcr ihre zarten floralen und fruchtigen Aromen ber\u00fchmt sind. Historisch wurde der Weinbau von den R\u00f6mern eingef\u00fchrt, u. das Gebiet war bis ins 18. Jahrhundert f\u00fcr seine S\u00fc\u00dfweine aus sonnengetrockneten Trauben bekannt, die von Pilgern und im 17. u. 18. Jahrhundert auch in England gesch\u00e4tzt wurden.<\/p>\n<p>&nbsp;<\/p>\n<p style=\"text-align: left;\"><img decoding=\"async\" class=\"aligncenter size-full wp-image-104451\" src=\"https:\/\/spanienaktuell.net\/wordpress\/wp-content\/uploads\/2024\/07\/Foto-Pixabay-congerdesign-fruit-6630377_1920-scaled.jpg\" alt=\"\" width=\"1440\" height=\"959\" srcset=\"https:\/\/spanienaktuell.net\/wordpress\/wp-content\/uploads\/2024\/07\/Foto-Pixabay-congerdesign-fruit-6630377_1920-scaled.jpg 1440w, https:\/\/spanienaktuell.net\/wordpress\/wp-content\/uploads\/2024\/07\/Foto-Pixabay-congerdesign-fruit-6630377_1920-300x200.jpg 300w, https:\/\/spanienaktuell.net\/wordpress\/wp-content\/uploads\/2024\/07\/Foto-Pixabay-congerdesign-fruit-6630377_1920-1024x682.jpg 1024w, https:\/\/spanienaktuell.net\/wordpress\/wp-content\/uploads\/2024\/07\/Foto-Pixabay-congerdesign-fruit-6630377_1920-768x511.jpg 768w, https:\/\/spanienaktuell.net\/wordpress\/wp-content\/uploads\/2024\/07\/Foto-Pixabay-congerdesign-fruit-6630377_1920-1536x1022.jpg 1536w, https:\/\/spanienaktuell.net\/wordpress\/wp-content\/uploads\/2024\/07\/Foto-Pixabay-congerdesign-fruit-6630377_1920-350x233.jpg 350w\" sizes=\"(max-width: 1440px) 100vw, 1440px\" \/><\/p>\n<p style=\"text-align: left;\">Das Klima in Ribeiro ist mild u. feucht mit einer durchschnittlichen Jahrestemperatur von 13\u00b0C u. 1.800 Sonnenstunden pro Jahr. Die B\u00f6den variieren von Granitschiefer zu Kalkstein u. Sand. Die besten Weine stammen aus den h\u00f6heren Lagen der h\u00fcgeligen Flusst\u00e4ler. Heute besinnen sich die Winzer der D.O. Ribeiro wieder auf die traditionellen Rebsorten. Alte Weinberge werden wiederentdeckt u. neue mit autochthonen Reben angelegt, oft von innovativen jungen Winzern, die moderne Techniken mit traditionellen Methoden kombinieren.<\/p>\n<p>&nbsp;<\/p>\n<p style=\"text-align: left;\"><strong><u><img decoding=\"async\" class=\"aligncenter size-full wp-image-104450\" src=\"https:\/\/spanienaktuell.net\/wordpress\/wp-content\/uploads\/2024\/07\/Foto-Pixabay-jonpalazuelos-came-2696551_1280.jpg\" alt=\"\" width=\"1280\" height=\"850\" srcset=\"https:\/\/spanienaktuell.net\/wordpress\/wp-content\/uploads\/2024\/07\/Foto-Pixabay-jonpalazuelos-came-2696551_1280.jpg 1280w, https:\/\/spanienaktuell.net\/wordpress\/wp-content\/uploads\/2024\/07\/Foto-Pixabay-jonpalazuelos-came-2696551_1280-300x199.jpg 300w, https:\/\/spanienaktuell.net\/wordpress\/wp-content\/uploads\/2024\/07\/Foto-Pixabay-jonpalazuelos-came-2696551_1280-1024x680.jpg 1024w, https:\/\/spanienaktuell.net\/wordpress\/wp-content\/uploads\/2024\/07\/Foto-Pixabay-jonpalazuelos-came-2696551_1280-768x510.jpg 768w, https:\/\/spanienaktuell.net\/wordpress\/wp-content\/uploads\/2024\/07\/Foto-Pixabay-jonpalazuelos-came-2696551_1280-350x232.jpg 350w\" sizes=\"(max-width: 1280px) 100vw, 1280px\" \/><\/u><\/strong><\/p>\n<p>&nbsp;<\/p>\n<p style=\"text-align: left;\"><strong><u>Cu\u00f1as Davia<\/u><\/strong><\/p>\n<p>&nbsp;<\/p>\n<p style=\"text-align: left;\"><img decoding=\"async\" class=\"aligncenter size-full wp-image-104447\" src=\"https:\/\/spanienaktuell.net\/wordpress\/wp-content\/uploads\/2024\/07\/535-1.png\" alt=\"\" width=\"274\" height=\"770\" srcset=\"https:\/\/spanienaktuell.net\/wordpress\/wp-content\/uploads\/2024\/07\/535-1.png 274w, https:\/\/spanienaktuell.net\/wordpress\/wp-content\/uploads\/2024\/07\/535-1-107x300.png 107w\" sizes=\"(max-width: 274px) 100vw, 274px\" \/><\/p>\n<p>&nbsp;<\/p>\n<p style=\"text-align: left;\">Dieser Wei\u00dfwein ist im Mund schmackhaft u. vollmundig, mit einer guten Fruchtpersistenz von Zitrusfr\u00fcchten u. der richtigen S\u00e4ure, die ihm Frische verleiht. Er hat einen langen, cremigen u. ausgewogenen Abgang. In der Nase ist er sauber u. intensiv, mit Aromen von reifen Fr\u00fcchten wie Apfel, Quitte u. Melone, floralen Noten, frischen Kr\u00e4utern u. Aufg\u00fcssen wie Fenchel, Anis, Teeblatt u. Quellwasser. Er besitzt eine gewisse Komplexit\u00e4t. Im Mund best\u00e4tigt sich der Geschmack von Zitrusfr\u00fcchten u. die saubere retronasale Passage erinnert an die Aromen der Nase.<strong>\u00a0<\/strong><\/p>\n<p style=\"text-align: left;\"><strong><u>O Pequeno Me\u00edn<\/u><\/strong><\/p>\n<p>&nbsp;<\/p>\n<p style=\"text-align: left;\"><img decoding=\"async\" class=\"aligncenter size-full wp-image-104453\" src=\"https:\/\/spanienaktuell.net\/wordpress\/wp-content\/uploads\/2024\/07\/OPEQUENO_final-copia.png\" alt=\"\" width=\"312\" height=\"1080\" srcset=\"https:\/\/spanienaktuell.net\/wordpress\/wp-content\/uploads\/2024\/07\/OPEQUENO_final-copia.png 312w, https:\/\/spanienaktuell.net\/wordpress\/wp-content\/uploads\/2024\/07\/OPEQUENO_final-copia-87x300.png 87w, https:\/\/spanienaktuell.net\/wordpress\/wp-content\/uploads\/2024\/07\/OPEQUENO_final-copia-296x1024.png 296w, https:\/\/spanienaktuell.net\/wordpress\/wp-content\/uploads\/2024\/07\/OPEQUENO_final-copia-444x1536.png 444w, https:\/\/spanienaktuell.net\/wordpress\/wp-content\/uploads\/2024\/07\/OPEQUENO_final-copia-350x1210.png 350w\" sizes=\"(max-width: 312px) 100vw, 312px\" \/><\/p>\n<p>&nbsp;<\/p>\n<p style=\"text-align: left;\">O Pequeno Me\u00edn, ein Wei\u00dfwein von Bodegas Vi\u00f1a Mein, verk\u00f6rpert die Vielfalt u. den Reichtum von Ribeiro. Hergestellt aus einer Auswahl lokaler Rebsorten, die seit Jahrhunderten in dieser Region angebaut werden, pr\u00e4sentiert er sich als frischer, einfacher, aromatischer u. verf\u00fchrerischer Wein. Die B\u00f6den aus S\u00e4brego, das besondere Klima des galizischen Hinterlands u. die traditionellen lokalen Sorten wie Treixadura, Albari\u00f1o, Godello, Torront\u00e9s u. Loureira pr\u00e4gen diesen Wein.<\/p>\n<p style=\"text-align: left;\">Der Wein ist aromatisch, attraktiv u. intensiv, mit einem freundlichen u. aufrichtigen Abgang. Er steht exemplarisch f\u00fcr die Pr\u00e4zision u. Sorgfalt, die Bodegas Vi\u00f1a Mein in Weinbau u. Weinerzeugung anwendet. Der O Pequeno Me\u00edn spiegelt das kleinteilige Zusammenwirken der lokalen Rebsorten im Avia-Tal wider.<\/p>\n<p style=\"text-align: left;\"><strong><u>Son de Arriero Blanco<\/u><\/strong><\/p>\n<p>&nbsp;<\/p>\n<p style=\"text-align: left;\"><img decoding=\"async\" class=\"aligncenter size-full wp-image-104454\" src=\"https:\/\/spanienaktuell.net\/wordpress\/wp-content\/uploads\/2024\/07\/SON-DE-ARRIEIRO-BLANCO-copia-scaled.gif\" alt=\"\" width=\"641\" height=\"1080\" \/><\/p>\n<p>&nbsp;<\/p>\n<p style=\"text-align: left;\">Dieser Wei\u00dfwein besteht aus den Rebsorten Treixadura, Lado u. Loureira, die aus den H\u00e4ngen des Avia- u. Arnoia-Tals stammen. Im Mund ist er frisch u. vollmundig mit gut integrierter S\u00e4ure, die f\u00fcr einen angenehmen Nachklang sorgt. Sein intensives u. elegantes Aroma besticht durch fruchtige Noten von Zitrusfr\u00fcchten, Ananas, Birne in Sirup sowie subtile Lorbeer-Noten. Der Wein hat eine saubere, brillante Erscheinung mit zitronengelber Farbe u. wird zu 100 % aus eigener Produktion hergestellt.<\/p>\n<p style=\"text-align: left;\"><strong><u>\u00dcber Vinomar<\/u><\/strong><\/p>\n<p>&nbsp;<\/p>\n<p style=\"text-align: left;\"><strong><img decoding=\"async\" class=\"aligncenter size-full wp-image-104446\" src=\"https:\/\/spanienaktuell.net\/wordpress\/wp-content\/uploads\/2024\/07\/38toc-2-scaled.jpg\" alt=\"\" width=\"1440\" height=\"946\" srcset=\"https:\/\/spanienaktuell.net\/wordpress\/wp-content\/uploads\/2024\/07\/38toc-2-scaled.jpg 1440w, https:\/\/spanienaktuell.net\/wordpress\/wp-content\/uploads\/2024\/07\/38toc-2-300x197.jpg 300w, https:\/\/spanienaktuell.net\/wordpress\/wp-content\/uploads\/2024\/07\/38toc-2-1024x673.jpg 1024w, https:\/\/spanienaktuell.net\/wordpress\/wp-content\/uploads\/2024\/07\/38toc-2-768x505.jpg 768w, https:\/\/spanienaktuell.net\/wordpress\/wp-content\/uploads\/2024\/07\/38toc-2-1536x1009.jpg 1536w, https:\/\/spanienaktuell.net\/wordpress\/wp-content\/uploads\/2024\/07\/38toc-2-2048x1345.jpg 2048w, https:\/\/spanienaktuell.net\/wordpress\/wp-content\/uploads\/2024\/07\/38toc-2-350x230.jpg 350w\" sizes=\"(max-width: 1440px) 100vw, 1440px\" \/><\/strong><\/p>\n<p>&nbsp;<\/p>\n<p style=\"text-align: left;\"><strong>Carmen, die Inhaberin von Vinomar<\/strong> hat mit viel Liebe und Engagement eine individuelle Auswahl spanischer Spitzenweine zusammen getragen: Von renommierten Markenweinen bis zu hochklassigen Exoten ein qualifizierter Ausschnitt dessen, was Spanien in Sachen Wein aktuell zu bieten hat.<\/p>\n<p style=\"text-align: left;\"><img decoding=\"async\" class=\"aligncenter size-full wp-image-104458\" src=\"https:\/\/spanienaktuell.net\/wordpress\/wp-content\/uploads\/2024\/07\/RestaurantGuru_Certificate1.png\" alt=\"\" width=\"764\" height=\"1080\" srcset=\"https:\/\/spanienaktuell.net\/wordpress\/wp-content\/uploads\/2024\/07\/RestaurantGuru_Certificate1.png 764w, https:\/\/spanienaktuell.net\/wordpress\/wp-content\/uploads\/2024\/07\/RestaurantGuru_Certificate1-212x300.png 212w, https:\/\/spanienaktuell.net\/wordpress\/wp-content\/uploads\/2024\/07\/RestaurantGuru_Certificate1-724x1024.png 724w, https:\/\/spanienaktuell.net\/wordpress\/wp-content\/uploads\/2024\/07\/RestaurantGuru_Certificate1-768x1086.png 768w, https:\/\/spanienaktuell.net\/wordpress\/wp-content\/uploads\/2024\/07\/RestaurantGuru_Certificate1-1086x1536.png 1086w, https:\/\/spanienaktuell.net\/wordpress\/wp-content\/uploads\/2024\/07\/RestaurantGuru_Certificate1-1448x2048.png 1448w, https:\/\/spanienaktuell.net\/wordpress\/wp-content\/uploads\/2024\/07\/RestaurantGuru_Certificate1-350x495.png 350w\" sizes=\"(max-width: 764px) 100vw, 764px\" \/><\/p>\n<p>&nbsp;<\/p>\n<p style=\"text-align: left;\">Bei <strong>VINOMAR <\/strong>bekommen Sie auch\u00a0 spanische Delikatessen wie z. B. <em>Schinken, Oliven\u00f6le, K\u00e4se und\u00a0 ausgew\u00e4hlte hochprozentige Premium Spirituosen wie Whisky, Rum, Gin, Lik\u00f6re-Underberg, Weine aus Deutschland u. 30 Internationale Weine. F\u00fcr Feiern, Geburtstage, Jubil\u00e4en k\u00f6nnen auch Pr\u00e4sentk\u00f6rbe u. Geschenke verpackt werden.<\/em><\/p>\n<p style=\"text-align: left;\">Wenn Sie m\u00f6chten, sendet <strong>Vinomar<\/strong> Ihnen auch Wein, Delikatessen und Spirituosen,\u00a0 z.B.\u00a0 direkt nach Deutschland (erfragen Sie bitte die Versandkosten).<\/p>\n<p>&nbsp;<\/p>\n<p style=\"text-align: left;\"><img decoding=\"async\" class=\"size-full wp-image-94012\" src=\"https:\/\/spanienaktuell.net\/wordpress\/wp-content\/uploads\/2022\/01\/WWW31-1-scaled.jpeg\" alt=\"\" width=\"1440\" height=\"813\" srcset=\"https:\/\/spanienaktuell.net\/wordpress\/wp-content\/uploads\/2022\/01\/WWW31-1-scaled.jpeg 1440w, https:\/\/spanienaktuell.net\/wordpress\/wp-content\/uploads\/2022\/01\/WWW31-1-300x169.jpeg 300w, https:\/\/spanienaktuell.net\/wordpress\/wp-content\/uploads\/2022\/01\/WWW31-1-1024x578.jpeg 1024w, https:\/\/spanienaktuell.net\/wordpress\/wp-content\/uploads\/2022\/01\/WWW31-1-768x434.jpeg 768w, https:\/\/spanienaktuell.net\/wordpress\/wp-content\/uploads\/2022\/01\/WWW31-1-1536x867.jpeg 1536w, https:\/\/spanienaktuell.net\/wordpress\/wp-content\/uploads\/2022\/01\/WWW31-1-2048x1156.jpeg 2048w\" sizes=\"(max-width: 1440px) 100vw, 1440px\" \/><\/p>\n<p>&nbsp;<\/p>\n<p style=\"text-align: left;\"><strong>Vinomar<\/strong><\/p>\n<p style=\"text-align: left;\"><strong>WEIN-SHOP<\/strong><\/p>\n<p style=\"text-align: left;\">Tel.: + 34 952 54 58 04 \u00a0+ 34 654 97 76 29<\/p>\n<p style=\"text-align: left;\">Calle Piscis 1<\/p>\n<p style=\"text-align: left;\">(gegen\u00fcber Antigua Azucarera)<\/p>\n<p style=\"text-align: left;\">29740 Torre del Mar<\/p>\n<p style=\"text-align: left;\"><a href=\"http:\/\/www.vinomartorredelmar.com\">www.vinomartorredelmar.com<\/a><\/p>\n","protected":false},"excerpt":{"rendered":"<p>&nbsp; &nbsp; Weinregion D.O. Ribeiro &nbsp; &nbsp; Die Weinregion Ribeiro im westlichen Teil der Provinz Ourense, bekannt durch den Jakobsweg, [&hellip;]<\/p>\n","protected":false},"author":5,"featured_media":104449,"comment_status":"closed","ping_status":"closed","sticky":false,"template":"","format":"standard","meta":{"footnotes":""},"categories":[24],"tags":[],"class_list":["post-104445","post","type-post","status-publish","format-standard","has-post-thumbnail","hentry","category-kulinarisch"],"yoast_head":"<!-- This site is optimized with the Yoast SEO plugin v27.1.1 - https:\/\/yoast.com\/product\/yoast-seo-wordpress\/ -->\n<title>Weinregion D.O. Ribeiro Empfehlung von \u201eVinomar\u201c - Spanien aktuell<\/title>\n<meta name=\"robots\" content=\"index, follow, max-snippet:-1, max-image-preview:large, max-video-preview:-1\" \/>\n<link rel=\"canonical\" href=\"https:\/\/spanienaktuell.net\/wordpress\/weinregion-d-o-ribeiro-empfehlung-von-vinomar\/\" \/>\n<meta property=\"og:locale\" content=\"es_ES\" \/>\n<meta property=\"og:type\" content=\"article\" \/>\n<meta property=\"og:title\" content=\"Weinregion D.O. Ribeiro Empfehlung von \u201eVinomar\u201c - Spanien aktuell\" \/>\n<meta property=\"og:description\" content=\"&nbsp; &nbsp; Weinregion D.O. Ribeiro &nbsp; &nbsp; Die Weinregion Ribeiro im westlichen Teil der Provinz Ourense, bekannt durch den Jakobsweg, [&hellip;]\" \/>\n<meta property=\"og:url\" content=\"https:\/\/spanienaktuell.net\/wordpress\/weinregion-d-o-ribeiro-empfehlung-von-vinomar\/\" \/>\n<meta property=\"og:site_name\" content=\"Spanien aktuell\" \/>\n<meta property=\"article:published_time\" content=\"2024-07-31T22:55:41+00:00\" \/>\n<meta property=\"article:modified_time\" content=\"2024-07-31T23:44:29+00:00\" \/>\n<meta property=\"og:image\" content=\"https:\/\/spanienaktuell.net\/wordpress\/wp-content\/uploads\/2024\/07\/Empfehlung.png\" \/>\n\t<meta property=\"og:image:width\" content=\"673\" \/>\n\t<meta property=\"og:image:height\" content=\"442\" \/>\n\t<meta property=\"og:image:type\" content=\"image\/png\" \/>\n<meta name=\"author\" content=\"Spanien aktuell\" \/>\n<meta name=\"twitter:card\" content=\"summary_large_image\" \/>\n<meta name=\"twitter:label1\" content=\"Escrito por\" \/>\n\t<meta name=\"twitter:data1\" content=\"Spanien aktuell\" \/>\n\t<meta name=\"twitter:label2\" content=\"Tiempo de lectura\" \/>\n\t<meta name=\"twitter:data2\" content=\"5 minutos\" \/>\n<script type=\"application\/ld+json\" class=\"yoast-schema-graph\">{\"@context\":\"https:\/\/schema.org\",\"@graph\":[{\"@type\":\"Article\",\"@id\":\"https:\/\/spanienaktuell.net\/wordpress\/weinregion-d-o-ribeiro-empfehlung-von-vinomar\/#article\",\"isPartOf\":{\"@id\":\"https:\/\/spanienaktuell.net\/wordpress\/weinregion-d-o-ribeiro-empfehlung-von-vinomar\/\"},\"author\":{\"name\":\"Spanien aktuell\",\"@id\":\"https:\/\/spanienaktuell.net\/wordpress\/#\/schema\/person\/f354cdb1409084031b0638a391b0c6bd\"},\"headline\":\"Weinregion D.O. Ribeiro Empfehlung von \u201eVinomar\u201c\",\"datePublished\":\"2024-07-31T22:55:41+00:00\",\"dateModified\":\"2024-07-31T23:44:29+00:00\",\"mainEntityOfPage\":{\"@id\":\"https:\/\/spanienaktuell.net\/wordpress\/weinregion-d-o-ribeiro-empfehlung-von-vinomar\/\"},\"wordCount\":660,\"publisher\":{\"@id\":\"https:\/\/spanienaktuell.net\/wordpress\/#organization\"},\"image\":{\"@id\":\"https:\/\/spanienaktuell.net\/wordpress\/weinregion-d-o-ribeiro-empfehlung-von-vinomar\/#primaryimage\"},\"thumbnailUrl\":\"https:\/\/spanienaktuell.net\/wordpress\/wp-content\/uploads\/2024\/07\/Empfehlung.png\",\"articleSection\":[\"Kulinarisch\"],\"inLanguage\":\"es\"},{\"@type\":\"WebPage\",\"@id\":\"https:\/\/spanienaktuell.net\/wordpress\/weinregion-d-o-ribeiro-empfehlung-von-vinomar\/\",\"url\":\"https:\/\/spanienaktuell.net\/wordpress\/weinregion-d-o-ribeiro-empfehlung-von-vinomar\/\",\"name\":\"Weinregion D.O. Ribeiro Empfehlung von \u201eVinomar\u201c - Spanien aktuell\",\"isPartOf\":{\"@id\":\"https:\/\/spanienaktuell.net\/wordpress\/#website\"},\"primaryImageOfPage\":{\"@id\":\"https:\/\/spanienaktuell.net\/wordpress\/weinregion-d-o-ribeiro-empfehlung-von-vinomar\/#primaryimage\"},\"image\":{\"@id\":\"https:\/\/spanienaktuell.net\/wordpress\/weinregion-d-o-ribeiro-empfehlung-von-vinomar\/#primaryimage\"},\"thumbnailUrl\":\"https:\/\/spanienaktuell.net\/wordpress\/wp-content\/uploads\/2024\/07\/Empfehlung.png\",\"datePublished\":\"2024-07-31T22:55:41+00:00\",\"dateModified\":\"2024-07-31T23:44:29+00:00\",\"breadcrumb\":{\"@id\":\"https:\/\/spanienaktuell.net\/wordpress\/weinregion-d-o-ribeiro-empfehlung-von-vinomar\/#breadcrumb\"},\"inLanguage\":\"es\",\"potentialAction\":[{\"@type\":\"ReadAction\",\"target\":[\"https:\/\/spanienaktuell.net\/wordpress\/weinregion-d-o-ribeiro-empfehlung-von-vinomar\/\"]}]},{\"@type\":\"ImageObject\",\"inLanguage\":\"es\",\"@id\":\"https:\/\/spanienaktuell.net\/wordpress\/weinregion-d-o-ribeiro-empfehlung-von-vinomar\/#primaryimage\",\"url\":\"https:\/\/spanienaktuell.net\/wordpress\/wp-content\/uploads\/2024\/07\/Empfehlung.png\",\"contentUrl\":\"https:\/\/spanienaktuell.net\/wordpress\/wp-content\/uploads\/2024\/07\/Empfehlung.png\",\"width\":673,\"height\":442},{\"@type\":\"BreadcrumbList\",\"@id\":\"https:\/\/spanienaktuell.net\/wordpress\/weinregion-d-o-ribeiro-empfehlung-von-vinomar\/#breadcrumb\",\"itemListElement\":[{\"@type\":\"ListItem\",\"position\":1,\"name\":\"Portada\",\"item\":\"https:\/\/spanienaktuell.net\/wordpress\/\"},{\"@type\":\"ListItem\",\"position\":2,\"name\":\"Weinregion D.O. Ribeiro Empfehlung von \u201eVinomar\u201c\"}]},{\"@type\":\"WebSite\",\"@id\":\"https:\/\/spanienaktuell.net\/wordpress\/#website\",\"url\":\"https:\/\/spanienaktuell.net\/wordpress\/\",\"name\":\"Spanien aktuell\",\"description\":\"The German magazine number 1 on the Costa del Sol\",\"publisher\":{\"@id\":\"https:\/\/spanienaktuell.net\/wordpress\/#organization\"},\"potentialAction\":[{\"@type\":\"SearchAction\",\"target\":{\"@type\":\"EntryPoint\",\"urlTemplate\":\"https:\/\/spanienaktuell.net\/wordpress\/?s={search_term_string}\"},\"query-input\":{\"@type\":\"PropertyValueSpecification\",\"valueRequired\":true,\"valueName\":\"search_term_string\"}}],\"inLanguage\":\"es\"},{\"@type\":\"Organization\",\"@id\":\"https:\/\/spanienaktuell.net\/wordpress\/#organization\",\"name\":\"Spanien aktuell\",\"url\":\"https:\/\/spanienaktuell.net\/wordpress\/\",\"logo\":{\"@type\":\"ImageObject\",\"inLanguage\":\"es\",\"@id\":\"https:\/\/spanienaktuell.net\/wordpress\/#\/schema\/logo\/image\/\",\"url\":\"https:\/\/spanienaktuell.net\/wordpress\/wp-content\/uploads\/2019\/06\/cropped-Logo-spanien-aktuell-png-web-e1561631085388.png\",\"contentUrl\":\"https:\/\/spanienaktuell.net\/wordpress\/wp-content\/uploads\/2019\/06\/cropped-Logo-spanien-aktuell-png-web-e1561631085388.png\",\"width\":512,\"height\":110,\"caption\":\"Spanien aktuell\"},\"image\":{\"@id\":\"https:\/\/spanienaktuell.net\/wordpress\/#\/schema\/logo\/image\/\"}},{\"@type\":\"Person\",\"@id\":\"https:\/\/spanienaktuell.net\/wordpress\/#\/schema\/person\/f354cdb1409084031b0638a391b0c6bd\",\"name\":\"Spanien aktuell\",\"image\":{\"@type\":\"ImageObject\",\"inLanguage\":\"es\",\"@id\":\"https:\/\/spanienaktuell.net\/wordpress\/#\/schema\/person\/image\/\",\"url\":\"https:\/\/spanienaktuell.net\/wordpress\/wp-content\/uploads\/2019\/06\/Logo-spanien-aktuell-png-fav2-100x100.png\",\"contentUrl\":\"https:\/\/spanienaktuell.net\/wordpress\/wp-content\/uploads\/2019\/06\/Logo-spanien-aktuell-png-fav2-100x100.png\",\"caption\":\"Spanien aktuell\"},\"url\":\"https:\/\/spanienaktuell.net\/wordpress\/author\/jcotilla\/\"}]}<\/script>\n<!-- \/ Yoast SEO plugin. -->","yoast_head_json":{"title":"Weinregion D.O. Ribeiro Empfehlung von \u201eVinomar\u201c - Spanien aktuell","robots":{"index":"index","follow":"follow","max-snippet":"max-snippet:-1","max-image-preview":"max-image-preview:large","max-video-preview":"max-video-preview:-1"},"canonical":"https:\/\/spanienaktuell.net\/wordpress\/weinregion-d-o-ribeiro-empfehlung-von-vinomar\/","og_locale":"es_ES","og_type":"article","og_title":"Weinregion D.O. Ribeiro Empfehlung von \u201eVinomar\u201c - Spanien aktuell","og_description":"&nbsp; &nbsp; Weinregion D.O. Ribeiro &nbsp; &nbsp; Die Weinregion Ribeiro im westlichen Teil der Provinz Ourense, bekannt durch den Jakobsweg, [&hellip;]","og_url":"https:\/\/spanienaktuell.net\/wordpress\/weinregion-d-o-ribeiro-empfehlung-von-vinomar\/","og_site_name":"Spanien aktuell","article_published_time":"2024-07-31T22:55:41+00:00","article_modified_time":"2024-07-31T23:44:29+00:00","og_image":[{"width":673,"height":442,"url":"https:\/\/spanienaktuell.net\/wordpress\/wp-content\/uploads\/2024\/07\/Empfehlung.png","type":"image\/png"}],"author":"Spanien aktuell","twitter_card":"summary_large_image","twitter_misc":{"Escrito por":"Spanien aktuell","Tiempo de lectura":"5 minutos"},"schema":{"@context":"https:\/\/schema.org","@graph":[{"@type":"Article","@id":"https:\/\/spanienaktuell.net\/wordpress\/weinregion-d-o-ribeiro-empfehlung-von-vinomar\/#article","isPartOf":{"@id":"https:\/\/spanienaktuell.net\/wordpress\/weinregion-d-o-ribeiro-empfehlung-von-vinomar\/"},"author":{"name":"Spanien aktuell","@id":"https:\/\/spanienaktuell.net\/wordpress\/#\/schema\/person\/f354cdb1409084031b0638a391b0c6bd"},"headline":"Weinregion D.O. Ribeiro Empfehlung von \u201eVinomar\u201c","datePublished":"2024-07-31T22:55:41+00:00","dateModified":"2024-07-31T23:44:29+00:00","mainEntityOfPage":{"@id":"https:\/\/spanienaktuell.net\/wordpress\/weinregion-d-o-ribeiro-empfehlung-von-vinomar\/"},"wordCount":660,"publisher":{"@id":"https:\/\/spanienaktuell.net\/wordpress\/#organization"},"image":{"@id":"https:\/\/spanienaktuell.net\/wordpress\/weinregion-d-o-ribeiro-empfehlung-von-vinomar\/#primaryimage"},"thumbnailUrl":"https:\/\/spanienaktuell.net\/wordpress\/wp-content\/uploads\/2024\/07\/Empfehlung.png","articleSection":["Kulinarisch"],"inLanguage":"es"},{"@type":"WebPage","@id":"https:\/\/spanienaktuell.net\/wordpress\/weinregion-d-o-ribeiro-empfehlung-von-vinomar\/","url":"https:\/\/spanienaktuell.net\/wordpress\/weinregion-d-o-ribeiro-empfehlung-von-vinomar\/","name":"Weinregion D.O. Ribeiro Empfehlung von \u201eVinomar\u201c - Spanien aktuell","isPartOf":{"@id":"https:\/\/spanienaktuell.net\/wordpress\/#website"},"primaryImageOfPage":{"@id":"https:\/\/spanienaktuell.net\/wordpress\/weinregion-d-o-ribeiro-empfehlung-von-vinomar\/#primaryimage"},"image":{"@id":"https:\/\/spanienaktuell.net\/wordpress\/weinregion-d-o-ribeiro-empfehlung-von-vinomar\/#primaryimage"},"thumbnailUrl":"https:\/\/spanienaktuell.net\/wordpress\/wp-content\/uploads\/2024\/07\/Empfehlung.png","datePublished":"2024-07-31T22:55:41+00:00","dateModified":"2024-07-31T23:44:29+00:00","breadcrumb":{"@id":"https:\/\/spanienaktuell.net\/wordpress\/weinregion-d-o-ribeiro-empfehlung-von-vinomar\/#breadcrumb"},"inLanguage":"es","potentialAction":[{"@type":"ReadAction","target":["https:\/\/spanienaktuell.net\/wordpress\/weinregion-d-o-ribeiro-empfehlung-von-vinomar\/"]}]},{"@type":"ImageObject","inLanguage":"es","@id":"https:\/\/spanienaktuell.net\/wordpress\/weinregion-d-o-ribeiro-empfehlung-von-vinomar\/#primaryimage","url":"https:\/\/spanienaktuell.net\/wordpress\/wp-content\/uploads\/2024\/07\/Empfehlung.png","contentUrl":"https:\/\/spanienaktuell.net\/wordpress\/wp-content\/uploads\/2024\/07\/Empfehlung.png","width":673,"height":442},{"@type":"BreadcrumbList","@id":"https:\/\/spanienaktuell.net\/wordpress\/weinregion-d-o-ribeiro-empfehlung-von-vinomar\/#breadcrumb","itemListElement":[{"@type":"ListItem","position":1,"name":"Portada","item":"https:\/\/spanienaktuell.net\/wordpress\/"},{"@type":"ListItem","position":2,"name":"Weinregion D.O. Ribeiro Empfehlung von \u201eVinomar\u201c"}]},{"@type":"WebSite","@id":"https:\/\/spanienaktuell.net\/wordpress\/#website","url":"https:\/\/spanienaktuell.net\/wordpress\/","name":"Spanien aktuell","description":"The German magazine number 1 on the Costa del Sol","publisher":{"@id":"https:\/\/spanienaktuell.net\/wordpress\/#organization"},"potentialAction":[{"@type":"SearchAction","target":{"@type":"EntryPoint","urlTemplate":"https:\/\/spanienaktuell.net\/wordpress\/?s={search_term_string}"},"query-input":{"@type":"PropertyValueSpecification","valueRequired":true,"valueName":"search_term_string"}}],"inLanguage":"es"},{"@type":"Organization","@id":"https:\/\/spanienaktuell.net\/wordpress\/#organization","name":"Spanien aktuell","url":"https:\/\/spanienaktuell.net\/wordpress\/","logo":{"@type":"ImageObject","inLanguage":"es","@id":"https:\/\/spanienaktuell.net\/wordpress\/#\/schema\/logo\/image\/","url":"https:\/\/spanienaktuell.net\/wordpress\/wp-content\/uploads\/2019\/06\/cropped-Logo-spanien-aktuell-png-web-e1561631085388.png","contentUrl":"https:\/\/spanienaktuell.net\/wordpress\/wp-content\/uploads\/2019\/06\/cropped-Logo-spanien-aktuell-png-web-e1561631085388.png","width":512,"height":110,"caption":"Spanien aktuell"},"image":{"@id":"https:\/\/spanienaktuell.net\/wordpress\/#\/schema\/logo\/image\/"}},{"@type":"Person","@id":"https:\/\/spanienaktuell.net\/wordpress\/#\/schema\/person\/f354cdb1409084031b0638a391b0c6bd","name":"Spanien aktuell","image":{"@type":"ImageObject","inLanguage":"es","@id":"https:\/\/spanienaktuell.net\/wordpress\/#\/schema\/person\/image\/","url":"https:\/\/spanienaktuell.net\/wordpress\/wp-content\/uploads\/2019\/06\/Logo-spanien-aktuell-png-fav2-100x100.png","contentUrl":"https:\/\/spanienaktuell.net\/wordpress\/wp-content\/uploads\/2019\/06\/Logo-spanien-aktuell-png-fav2-100x100.png","caption":"Spanien aktuell"},"url":"https:\/\/spanienaktuell.net\/wordpress\/author\/jcotilla\/"}]}},"_links":{"self":[{"href":"https:\/\/spanienaktuell.net\/wordpress\/wp-json\/wp\/v2\/posts\/104445","targetHints":{"allow":["GET"]}}],"collection":[{"href":"https:\/\/spanienaktuell.net\/wordpress\/wp-json\/wp\/v2\/posts"}],"about":[{"href":"https:\/\/spanienaktuell.net\/wordpress\/wp-json\/wp\/v2\/types\/post"}],"author":[{"embeddable":true,"href":"https:\/\/spanienaktuell.net\/wordpress\/wp-json\/wp\/v2\/users\/5"}],"replies":[{"embeddable":true,"href":"https:\/\/spanienaktuell.net\/wordpress\/wp-json\/wp\/v2\/comments?post=104445"}],"version-history":[{"count":4,"href":"https:\/\/spanienaktuell.net\/wordpress\/wp-json\/wp\/v2\/posts\/104445\/revisions"}],"predecessor-version":[{"id":104467,"href":"https:\/\/spanienaktuell.net\/wordpress\/wp-json\/wp\/v2\/posts\/104445\/revisions\/104467"}],"wp:featuredmedia":[{"embeddable":true,"href":"https:\/\/spanienaktuell.net\/wordpress\/wp-json\/wp\/v2\/media\/104449"}],"wp:attachment":[{"href":"https:\/\/spanienaktuell.net\/wordpress\/wp-json\/wp\/v2\/media?parent=104445"}],"wp:term":[{"taxonomy":"category","embeddable":true,"href":"https:\/\/spanienaktuell.net\/wordpress\/wp-json\/wp\/v2\/categories?post=104445"},{"taxonomy":"post_tag","embeddable":true,"href":"https:\/\/spanienaktuell.net\/wordpress\/wp-json\/wp\/v2\/tags?post=104445"}],"curies":[{"name":"wp","href":"https:\/\/api.w.org\/{rel}","templated":true}]}}