{"id":104584,"date":"2024-09-01T00:40:47","date_gmt":"2024-08-31T22:40:47","guid":{"rendered":"https:\/\/spanienaktuell.net\/wordpress\/?p=104584"},"modified":"2024-09-30T11:09:12","modified_gmt":"2024-09-30T09:09:12","slug":"das-groste-4-tagige-wander-event-in-spanien-vom-3-bis-6-oktober-in-marbella","status":"publish","type":"post","link":"https:\/\/spanienaktuell.net\/wordpress\/das-groste-4-tagige-wander-event-in-spanien-vom-3-bis-6-oktober-in-marbella\/","title":{"rendered":"Das gr\u00f6\u00dfte 4-t\u00e4gige Wander-Event in Spanien vom 3. bis 6. Oktober in Marbella"},"content":{"rendered":"<p><img decoding=\"async\" class=\"aligncenter size-full wp-image-104585\" src=\"https:\/\/spanienaktuell.net\/wordpress\/wp-content\/uploads\/2024\/08\/IMG_3113.jpg\" alt=\"\" width=\"1001\" height=\"667\" srcset=\"https:\/\/spanienaktuell.net\/wordpress\/wp-content\/uploads\/2024\/08\/IMG_3113.jpg 1001w, https:\/\/spanienaktuell.net\/wordpress\/wp-content\/uploads\/2024\/08\/IMG_3113-300x200.jpg 300w, https:\/\/spanienaktuell.net\/wordpress\/wp-content\/uploads\/2024\/08\/IMG_3113-768x512.jpg 768w, https:\/\/spanienaktuell.net\/wordpress\/wp-content\/uploads\/2024\/08\/IMG_3113-350x233.jpg 350w\" sizes=\"(max-width: 1001px) 100vw, 1001px\" \/><\/p>\n<p>Wandern ist gut f\u00fcr die Gesundheit \u2013 genauso wie soziale Kontakte und das Feiern des Lebens. All diese Aspekte vereint das \u201eMarbella 4Days Walking\u201c. Wir laden Sie ein, sich Tausenden von Wanderern aus aller Welt anzuschlie\u00dfen und an diesem Wanderfestival vom 2. bis 6. Oktober teilzunehmen. Genie\u00dfen Sie zusammen mit Freunden und Besuchern Live-Musik und Shows im Walking Village auf der Plaza del Mar. Das Marbella 4Days Walking beginnt am Mittwoch, den 2. Oktober, um 20 Uhr mit einer White Party.<\/p>\n<p>Seit 13 Jahren bleibt die Essenz des Marbella 4Days Walking unver\u00e4ndert: Jeden Tag werden neue Routen \u00fcber 10 km, 20 km und 30 km angeboten, die verschiedene Facetten Marbellas zeigen. Entdecken Sie die charmanten Stra\u00dfen der Altstadt sowie die \u00fcberraschend sch\u00f6ne Natur in der Umgebung der Stadt.<\/p>\n<p>&nbsp;<\/p>\n<p><strong>Feierlaune<\/strong><\/p>\n<p>Neben den After-Partys, die um 14 Uhr beginnen und bis 20 Uhr dauern, ist jeder willkommen, der gerne tanzt und eine gute Zeit haben m\u00f6chte. Am Mittwoch, den 2. Oktober, findet von 20 bis 23 Uhr die ber\u00fchmte Er\u00f6ffnungs-White-Party statt. Am Samstag, den 5. Oktober, k\u00f6nnen Sie beim Neon Party-Abend das Tanzbein schwingen. Im Walking Village gibt es zahlreiche St\u00e4nde mit Speisen und Getr\u00e4nken \u2013 die perfekten Zutaten f\u00fcr einen gro\u00dfartigen Nachmittag und Abend!<\/p>\n<p>&nbsp;<\/p>\n<p><strong>Marbella 2Days Challenge<\/strong><\/p>\n<p>Dieses Jahr gibt es ein neues Event f\u00fcr erfahrene Wanderer: die Marbella 2Days Challenge. Am Samstag, den 5. und Sonntag, den 6. Oktober, erwarten Sie einzigartige, herausfordernde Routen ins Hinterland von Marbella. Die etwa 22 Kilometer langen Wanderungen f\u00fchren durch Fl\u00fcsse und \u00fcber kleine, felsige Pfade, die teils steil sind. Eine gute Balance und die Bereitschaft, sich an einigen Stellen an einem Seil festzuhalten, sind erforderlich. Kurz gesagt: Nur f\u00fcr fitte Menschen, die eine Herausforderung lieben! Die Route f\u00fchrt in das wundersch\u00f6ne Berg-Naturschutzgebiet n\u00f6rdlich von Marbella, in Richtung des malerischen Dorfes Oj\u00e9n.<\/p>\n<p><strong><img decoding=\"async\" class=\"aligncenter size-full wp-image-104586\" src=\"https:\/\/spanienaktuell.net\/wordpress\/wp-content\/uploads\/2024\/08\/DSC09856.jpg\" alt=\"\" width=\"1001\" height=\"667\" srcset=\"https:\/\/spanienaktuell.net\/wordpress\/wp-content\/uploads\/2024\/08\/DSC09856.jpg 1001w, https:\/\/spanienaktuell.net\/wordpress\/wp-content\/uploads\/2024\/08\/DSC09856-300x200.jpg 300w, https:\/\/spanienaktuell.net\/wordpress\/wp-content\/uploads\/2024\/08\/DSC09856-768x512.jpg 768w, https:\/\/spanienaktuell.net\/wordpress\/wp-content\/uploads\/2024\/08\/DSC09856-350x233.jpg 350w\" sizes=\"(max-width: 1001px) 100vw, 1001px\" \/><\/strong><\/p>\n<p>&nbsp;<\/p>\n<p><strong>Gewinnen Sie ein Ticket!<\/strong><\/p>\n<p>Als Leser von \u201eSpanien Aktuell\u201c haben Sie die exklusive Chance, kostenlose Tickets f\u00fcr die Teilnahme am Marbella 4Days Walking oder der Marbella 2Days Challenge zu gewinnen. Senden Sie einfach eine E-Mail mit dem Betreff \u201eSpanien aktuell\u201c an <a href=\"mailto:info@marbella4dayswalking.com\">info@marbella4dayswalking.com<\/a> \u00a0geben Sie Ihren Namen, Ihr Geburtsdatum und Ihre Telefonnummer an und w\u00e4hlen Sie aus:<\/p>\n<ul>\n<li>alle vier Tage des Marbella 4Days Walking<\/li>\n<li>einen Tag des Marbella 4Days Walking (mit Angabe des gew\u00fcnschten Tages)<\/li>\n<li>zwei Tage der Marbella 2Days Challenge<\/li>\n<\/ul>\n<p>F\u00fcr weitere Informationen um Marbella 4Days Walking sowie Tickets und Anmeldungen besuchen Sie bitte unsere Webseiten <a href=\"http:\/\/www.marbella4dayswalking.com\">www.marbella4dayswalking.com<\/a>\u00a0 <a href=\"http:\/\/www.marbella2dayschallenge.com\">www.marbella2dayschallenge.com<\/a><\/p>\n<p>Quelle: Text u. Fotos &#8211; Marbella 4Days Walking<\/p>\n","protected":false},"excerpt":{"rendered":"<p>Wandern ist gut f\u00fcr die Gesundheit \u2013 genauso wie soziale Kontakte und das Feiern des Lebens. All diese Aspekte vereint [&hellip;]<\/p>\n","protected":false},"author":5,"featured_media":104585,"comment_status":"closed","ping_status":"closed","sticky":false,"template":"","format":"standard","meta":{"footnotes":""},"categories":[30],"tags":[],"class_list":["post-104584","post","type-post","status-publish","format-standard","has-post-thumbnail","hentry","category-recht-gesellschaft"],"yoast_head":"<!-- This site is optimized with the Yoast SEO plugin v27.1.1 - https:\/\/yoast.com\/product\/yoast-seo-wordpress\/ -->\n<title>Das gr\u00f6\u00dfte 4-t\u00e4gige Wander-Event in Spanien vom 3. bis 6. Oktober in Marbella - Spanien aktuell<\/title>\n<meta name=\"robots\" content=\"index, follow, max-snippet:-1, max-image-preview:large, max-video-preview:-1\" \/>\n<link rel=\"canonical\" href=\"https:\/\/spanienaktuell.net\/wordpress\/das-groste-4-tagige-wander-event-in-spanien-vom-3-bis-6-oktober-in-marbella\/\" \/>\n<meta property=\"og:locale\" content=\"es_ES\" \/>\n<meta property=\"og:type\" content=\"article\" \/>\n<meta property=\"og:title\" content=\"Das gr\u00f6\u00dfte 4-t\u00e4gige Wander-Event in Spanien vom 3. bis 6. Oktober in Marbella - Spanien aktuell\" \/>\n<meta property=\"og:description\" content=\"Wandern ist gut f\u00fcr die Gesundheit \u2013 genauso wie soziale Kontakte und das Feiern des Lebens. All diese Aspekte vereint [&hellip;]\" \/>\n<meta property=\"og:url\" content=\"https:\/\/spanienaktuell.net\/wordpress\/das-groste-4-tagige-wander-event-in-spanien-vom-3-bis-6-oktober-in-marbella\/\" \/>\n<meta property=\"og:site_name\" content=\"Spanien aktuell\" \/>\n<meta property=\"article:published_time\" content=\"2024-08-31T22:40:47+00:00\" \/>\n<meta property=\"article:modified_time\" content=\"2024-09-30T09:09:12+00:00\" \/>\n<meta property=\"og:image\" content=\"https:\/\/spanienaktuell.net\/wordpress\/wp-content\/uploads\/2024\/08\/IMG_3113.jpg\" \/>\n\t<meta property=\"og:image:width\" content=\"1001\" \/>\n\t<meta property=\"og:image:height\" content=\"667\" \/>\n\t<meta property=\"og:image:type\" content=\"image\/jpeg\" \/>\n<meta name=\"author\" content=\"Spanien aktuell\" \/>\n<meta name=\"twitter:card\" content=\"summary_large_image\" \/>\n<meta name=\"twitter:label1\" content=\"Escrito por\" \/>\n\t<meta name=\"twitter:data1\" content=\"Spanien aktuell\" \/>\n\t<meta name=\"twitter:label2\" content=\"Tiempo de lectura\" \/>\n\t<meta name=\"twitter:data2\" content=\"3 minutos\" \/>\n<script type=\"application\/ld+json\" class=\"yoast-schema-graph\">{\"@context\":\"https:\/\/schema.org\",\"@graph\":[{\"@type\":\"Article\",\"@id\":\"https:\/\/spanienaktuell.net\/wordpress\/das-groste-4-tagige-wander-event-in-spanien-vom-3-bis-6-oktober-in-marbella\/#article\",\"isPartOf\":{\"@id\":\"https:\/\/spanienaktuell.net\/wordpress\/das-groste-4-tagige-wander-event-in-spanien-vom-3-bis-6-oktober-in-marbella\/\"},\"author\":{\"name\":\"Spanien aktuell\",\"@id\":\"https:\/\/spanienaktuell.net\/wordpress\/#\/schema\/person\/f354cdb1409084031b0638a391b0c6bd\"},\"headline\":\"Das gr\u00f6\u00dfte 4-t\u00e4gige Wander-Event in Spanien vom 3. bis 6. Oktober in Marbella\",\"datePublished\":\"2024-08-31T22:40:47+00:00\",\"dateModified\":\"2024-09-30T09:09:12+00:00\",\"mainEntityOfPage\":{\"@id\":\"https:\/\/spanienaktuell.net\/wordpress\/das-groste-4-tagige-wander-event-in-spanien-vom-3-bis-6-oktober-in-marbella\/\"},\"wordCount\":436,\"publisher\":{\"@id\":\"https:\/\/spanienaktuell.net\/wordpress\/#organization\"},\"image\":{\"@id\":\"https:\/\/spanienaktuell.net\/wordpress\/das-groste-4-tagige-wander-event-in-spanien-vom-3-bis-6-oktober-in-marbella\/#primaryimage\"},\"thumbnailUrl\":\"https:\/\/spanienaktuell.net\/wordpress\/wp-content\/uploads\/2024\/08\/IMG_3113.jpg\",\"articleSection\":[\"Recht\"],\"inLanguage\":\"es\"},{\"@type\":\"WebPage\",\"@id\":\"https:\/\/spanienaktuell.net\/wordpress\/das-groste-4-tagige-wander-event-in-spanien-vom-3-bis-6-oktober-in-marbella\/\",\"url\":\"https:\/\/spanienaktuell.net\/wordpress\/das-groste-4-tagige-wander-event-in-spanien-vom-3-bis-6-oktober-in-marbella\/\",\"name\":\"Das gr\u00f6\u00dfte 4-t\u00e4gige Wander-Event in Spanien vom 3. bis 6. Oktober in Marbella - Spanien aktuell\",\"isPartOf\":{\"@id\":\"https:\/\/spanienaktuell.net\/wordpress\/#website\"},\"primaryImageOfPage\":{\"@id\":\"https:\/\/spanienaktuell.net\/wordpress\/das-groste-4-tagige-wander-event-in-spanien-vom-3-bis-6-oktober-in-marbella\/#primaryimage\"},\"image\":{\"@id\":\"https:\/\/spanienaktuell.net\/wordpress\/das-groste-4-tagige-wander-event-in-spanien-vom-3-bis-6-oktober-in-marbella\/#primaryimage\"},\"thumbnailUrl\":\"https:\/\/spanienaktuell.net\/wordpress\/wp-content\/uploads\/2024\/08\/IMG_3113.jpg\",\"datePublished\":\"2024-08-31T22:40:47+00:00\",\"dateModified\":\"2024-09-30T09:09:12+00:00\",\"breadcrumb\":{\"@id\":\"https:\/\/spanienaktuell.net\/wordpress\/das-groste-4-tagige-wander-event-in-spanien-vom-3-bis-6-oktober-in-marbella\/#breadcrumb\"},\"inLanguage\":\"es\",\"potentialAction\":[{\"@type\":\"ReadAction\",\"target\":[\"https:\/\/spanienaktuell.net\/wordpress\/das-groste-4-tagige-wander-event-in-spanien-vom-3-bis-6-oktober-in-marbella\/\"]}]},{\"@type\":\"ImageObject\",\"inLanguage\":\"es\",\"@id\":\"https:\/\/spanienaktuell.net\/wordpress\/das-groste-4-tagige-wander-event-in-spanien-vom-3-bis-6-oktober-in-marbella\/#primaryimage\",\"url\":\"https:\/\/spanienaktuell.net\/wordpress\/wp-content\/uploads\/2024\/08\/IMG_3113.jpg\",\"contentUrl\":\"https:\/\/spanienaktuell.net\/wordpress\/wp-content\/uploads\/2024\/08\/IMG_3113.jpg\",\"width\":1001,\"height\":667},{\"@type\":\"BreadcrumbList\",\"@id\":\"https:\/\/spanienaktuell.net\/wordpress\/das-groste-4-tagige-wander-event-in-spanien-vom-3-bis-6-oktober-in-marbella\/#breadcrumb\",\"itemListElement\":[{\"@type\":\"ListItem\",\"position\":1,\"name\":\"Portada\",\"item\":\"https:\/\/spanienaktuell.net\/wordpress\/\"},{\"@type\":\"ListItem\",\"position\":2,\"name\":\"Das gr\u00f6\u00dfte 4-t\u00e4gige Wander-Event in Spanien vom 3. bis 6. Oktober in Marbella\"}]},{\"@type\":\"WebSite\",\"@id\":\"https:\/\/spanienaktuell.net\/wordpress\/#website\",\"url\":\"https:\/\/spanienaktuell.net\/wordpress\/\",\"name\":\"Spanien aktuell\",\"description\":\"The German magazine number 1 on the Costa del Sol\",\"publisher\":{\"@id\":\"https:\/\/spanienaktuell.net\/wordpress\/#organization\"},\"potentialAction\":[{\"@type\":\"SearchAction\",\"target\":{\"@type\":\"EntryPoint\",\"urlTemplate\":\"https:\/\/spanienaktuell.net\/wordpress\/?s={search_term_string}\"},\"query-input\":{\"@type\":\"PropertyValueSpecification\",\"valueRequired\":true,\"valueName\":\"search_term_string\"}}],\"inLanguage\":\"es\"},{\"@type\":\"Organization\",\"@id\":\"https:\/\/spanienaktuell.net\/wordpress\/#organization\",\"name\":\"Spanien aktuell\",\"url\":\"https:\/\/spanienaktuell.net\/wordpress\/\",\"logo\":{\"@type\":\"ImageObject\",\"inLanguage\":\"es\",\"@id\":\"https:\/\/spanienaktuell.net\/wordpress\/#\/schema\/logo\/image\/\",\"url\":\"https:\/\/spanienaktuell.net\/wordpress\/wp-content\/uploads\/2019\/06\/cropped-Logo-spanien-aktuell-png-web-e1561631085388.png\",\"contentUrl\":\"https:\/\/spanienaktuell.net\/wordpress\/wp-content\/uploads\/2019\/06\/cropped-Logo-spanien-aktuell-png-web-e1561631085388.png\",\"width\":512,\"height\":110,\"caption\":\"Spanien aktuell\"},\"image\":{\"@id\":\"https:\/\/spanienaktuell.net\/wordpress\/#\/schema\/logo\/image\/\"}},{\"@type\":\"Person\",\"@id\":\"https:\/\/spanienaktuell.net\/wordpress\/#\/schema\/person\/f354cdb1409084031b0638a391b0c6bd\",\"name\":\"Spanien aktuell\",\"image\":{\"@type\":\"ImageObject\",\"inLanguage\":\"es\",\"@id\":\"https:\/\/spanienaktuell.net\/wordpress\/#\/schema\/person\/image\/\",\"url\":\"https:\/\/spanienaktuell.net\/wordpress\/wp-content\/uploads\/2019\/06\/Logo-spanien-aktuell-png-fav2-100x100.png\",\"contentUrl\":\"https:\/\/spanienaktuell.net\/wordpress\/wp-content\/uploads\/2019\/06\/Logo-spanien-aktuell-png-fav2-100x100.png\",\"caption\":\"Spanien aktuell\"},\"url\":\"https:\/\/spanienaktuell.net\/wordpress\/author\/jcotilla\/\"}]}<\/script>\n<!-- \/ Yoast SEO plugin. -->","yoast_head_json":{"title":"Das gr\u00f6\u00dfte 4-t\u00e4gige Wander-Event in Spanien vom 3. bis 6. Oktober in Marbella - Spanien aktuell","robots":{"index":"index","follow":"follow","max-snippet":"max-snippet:-1","max-image-preview":"max-image-preview:large","max-video-preview":"max-video-preview:-1"},"canonical":"https:\/\/spanienaktuell.net\/wordpress\/das-groste-4-tagige-wander-event-in-spanien-vom-3-bis-6-oktober-in-marbella\/","og_locale":"es_ES","og_type":"article","og_title":"Das gr\u00f6\u00dfte 4-t\u00e4gige Wander-Event in Spanien vom 3. bis 6. Oktober in Marbella - Spanien aktuell","og_description":"Wandern ist gut f\u00fcr die Gesundheit \u2013 genauso wie soziale Kontakte und das Feiern des Lebens. All diese Aspekte vereint [&hellip;]","og_url":"https:\/\/spanienaktuell.net\/wordpress\/das-groste-4-tagige-wander-event-in-spanien-vom-3-bis-6-oktober-in-marbella\/","og_site_name":"Spanien aktuell","article_published_time":"2024-08-31T22:40:47+00:00","article_modified_time":"2024-09-30T09:09:12+00:00","og_image":[{"width":1001,"height":667,"url":"https:\/\/spanienaktuell.net\/wordpress\/wp-content\/uploads\/2024\/08\/IMG_3113.jpg","type":"image\/jpeg"}],"author":"Spanien aktuell","twitter_card":"summary_large_image","twitter_misc":{"Escrito por":"Spanien aktuell","Tiempo de lectura":"3 minutos"},"schema":{"@context":"https:\/\/schema.org","@graph":[{"@type":"Article","@id":"https:\/\/spanienaktuell.net\/wordpress\/das-groste-4-tagige-wander-event-in-spanien-vom-3-bis-6-oktober-in-marbella\/#article","isPartOf":{"@id":"https:\/\/spanienaktuell.net\/wordpress\/das-groste-4-tagige-wander-event-in-spanien-vom-3-bis-6-oktober-in-marbella\/"},"author":{"name":"Spanien aktuell","@id":"https:\/\/spanienaktuell.net\/wordpress\/#\/schema\/person\/f354cdb1409084031b0638a391b0c6bd"},"headline":"Das gr\u00f6\u00dfte 4-t\u00e4gige Wander-Event in Spanien vom 3. bis 6. Oktober in Marbella","datePublished":"2024-08-31T22:40:47+00:00","dateModified":"2024-09-30T09:09:12+00:00","mainEntityOfPage":{"@id":"https:\/\/spanienaktuell.net\/wordpress\/das-groste-4-tagige-wander-event-in-spanien-vom-3-bis-6-oktober-in-marbella\/"},"wordCount":436,"publisher":{"@id":"https:\/\/spanienaktuell.net\/wordpress\/#organization"},"image":{"@id":"https:\/\/spanienaktuell.net\/wordpress\/das-groste-4-tagige-wander-event-in-spanien-vom-3-bis-6-oktober-in-marbella\/#primaryimage"},"thumbnailUrl":"https:\/\/spanienaktuell.net\/wordpress\/wp-content\/uploads\/2024\/08\/IMG_3113.jpg","articleSection":["Recht"],"inLanguage":"es"},{"@type":"WebPage","@id":"https:\/\/spanienaktuell.net\/wordpress\/das-groste-4-tagige-wander-event-in-spanien-vom-3-bis-6-oktober-in-marbella\/","url":"https:\/\/spanienaktuell.net\/wordpress\/das-groste-4-tagige-wander-event-in-spanien-vom-3-bis-6-oktober-in-marbella\/","name":"Das gr\u00f6\u00dfte 4-t\u00e4gige Wander-Event in Spanien vom 3. bis 6. Oktober in Marbella - Spanien aktuell","isPartOf":{"@id":"https:\/\/spanienaktuell.net\/wordpress\/#website"},"primaryImageOfPage":{"@id":"https:\/\/spanienaktuell.net\/wordpress\/das-groste-4-tagige-wander-event-in-spanien-vom-3-bis-6-oktober-in-marbella\/#primaryimage"},"image":{"@id":"https:\/\/spanienaktuell.net\/wordpress\/das-groste-4-tagige-wander-event-in-spanien-vom-3-bis-6-oktober-in-marbella\/#primaryimage"},"thumbnailUrl":"https:\/\/spanienaktuell.net\/wordpress\/wp-content\/uploads\/2024\/08\/IMG_3113.jpg","datePublished":"2024-08-31T22:40:47+00:00","dateModified":"2024-09-30T09:09:12+00:00","breadcrumb":{"@id":"https:\/\/spanienaktuell.net\/wordpress\/das-groste-4-tagige-wander-event-in-spanien-vom-3-bis-6-oktober-in-marbella\/#breadcrumb"},"inLanguage":"es","potentialAction":[{"@type":"ReadAction","target":["https:\/\/spanienaktuell.net\/wordpress\/das-groste-4-tagige-wander-event-in-spanien-vom-3-bis-6-oktober-in-marbella\/"]}]},{"@type":"ImageObject","inLanguage":"es","@id":"https:\/\/spanienaktuell.net\/wordpress\/das-groste-4-tagige-wander-event-in-spanien-vom-3-bis-6-oktober-in-marbella\/#primaryimage","url":"https:\/\/spanienaktuell.net\/wordpress\/wp-content\/uploads\/2024\/08\/IMG_3113.jpg","contentUrl":"https:\/\/spanienaktuell.net\/wordpress\/wp-content\/uploads\/2024\/08\/IMG_3113.jpg","width":1001,"height":667},{"@type":"BreadcrumbList","@id":"https:\/\/spanienaktuell.net\/wordpress\/das-groste-4-tagige-wander-event-in-spanien-vom-3-bis-6-oktober-in-marbella\/#breadcrumb","itemListElement":[{"@type":"ListItem","position":1,"name":"Portada","item":"https:\/\/spanienaktuell.net\/wordpress\/"},{"@type":"ListItem","position":2,"name":"Das gr\u00f6\u00dfte 4-t\u00e4gige Wander-Event in Spanien vom 3. bis 6. Oktober in Marbella"}]},{"@type":"WebSite","@id":"https:\/\/spanienaktuell.net\/wordpress\/#website","url":"https:\/\/spanienaktuell.net\/wordpress\/","name":"Spanien aktuell","description":"The German magazine number 1 on the Costa del Sol","publisher":{"@id":"https:\/\/spanienaktuell.net\/wordpress\/#organization"},"potentialAction":[{"@type":"SearchAction","target":{"@type":"EntryPoint","urlTemplate":"https:\/\/spanienaktuell.net\/wordpress\/?s={search_term_string}"},"query-input":{"@type":"PropertyValueSpecification","valueRequired":true,"valueName":"search_term_string"}}],"inLanguage":"es"},{"@type":"Organization","@id":"https:\/\/spanienaktuell.net\/wordpress\/#organization","name":"Spanien aktuell","url":"https:\/\/spanienaktuell.net\/wordpress\/","logo":{"@type":"ImageObject","inLanguage":"es","@id":"https:\/\/spanienaktuell.net\/wordpress\/#\/schema\/logo\/image\/","url":"https:\/\/spanienaktuell.net\/wordpress\/wp-content\/uploads\/2019\/06\/cropped-Logo-spanien-aktuell-png-web-e1561631085388.png","contentUrl":"https:\/\/spanienaktuell.net\/wordpress\/wp-content\/uploads\/2019\/06\/cropped-Logo-spanien-aktuell-png-web-e1561631085388.png","width":512,"height":110,"caption":"Spanien aktuell"},"image":{"@id":"https:\/\/spanienaktuell.net\/wordpress\/#\/schema\/logo\/image\/"}},{"@type":"Person","@id":"https:\/\/spanienaktuell.net\/wordpress\/#\/schema\/person\/f354cdb1409084031b0638a391b0c6bd","name":"Spanien aktuell","image":{"@type":"ImageObject","inLanguage":"es","@id":"https:\/\/spanienaktuell.net\/wordpress\/#\/schema\/person\/image\/","url":"https:\/\/spanienaktuell.net\/wordpress\/wp-content\/uploads\/2019\/06\/Logo-spanien-aktuell-png-fav2-100x100.png","contentUrl":"https:\/\/spanienaktuell.net\/wordpress\/wp-content\/uploads\/2019\/06\/Logo-spanien-aktuell-png-fav2-100x100.png","caption":"Spanien aktuell"},"url":"https:\/\/spanienaktuell.net\/wordpress\/author\/jcotilla\/"}]}},"_links":{"self":[{"href":"https:\/\/spanienaktuell.net\/wordpress\/wp-json\/wp\/v2\/posts\/104584","targetHints":{"allow":["GET"]}}],"collection":[{"href":"https:\/\/spanienaktuell.net\/wordpress\/wp-json\/wp\/v2\/posts"}],"about":[{"href":"https:\/\/spanienaktuell.net\/wordpress\/wp-json\/wp\/v2\/types\/post"}],"author":[{"embeddable":true,"href":"https:\/\/spanienaktuell.net\/wordpress\/wp-json\/wp\/v2\/users\/5"}],"replies":[{"embeddable":true,"href":"https:\/\/spanienaktuell.net\/wordpress\/wp-json\/wp\/v2\/comments?post=104584"}],"version-history":[{"count":2,"href":"https:\/\/spanienaktuell.net\/wordpress\/wp-json\/wp\/v2\/posts\/104584\/revisions"}],"predecessor-version":[{"id":104736,"href":"https:\/\/spanienaktuell.net\/wordpress\/wp-json\/wp\/v2\/posts\/104584\/revisions\/104736"}],"wp:featuredmedia":[{"embeddable":true,"href":"https:\/\/spanienaktuell.net\/wordpress\/wp-json\/wp\/v2\/media\/104585"}],"wp:attachment":[{"href":"https:\/\/spanienaktuell.net\/wordpress\/wp-json\/wp\/v2\/media?parent=104584"}],"wp:term":[{"taxonomy":"category","embeddable":true,"href":"https:\/\/spanienaktuell.net\/wordpress\/wp-json\/wp\/v2\/categories?post=104584"},{"taxonomy":"post_tag","embeddable":true,"href":"https:\/\/spanienaktuell.net\/wordpress\/wp-json\/wp\/v2\/tags?post=104584"}],"curies":[{"name":"wp","href":"https:\/\/api.w.org\/{rel}","templated":true}]}}