{"id":104868,"date":"2024-10-01T00:47:10","date_gmt":"2024-09-30T22:47:10","guid":{"rendered":"https:\/\/spanienaktuell.net\/wordpress\/?p=104868"},"modified":"2024-09-30T11:11:28","modified_gmt":"2024-09-30T09:11:28","slug":"halloween-ein-fest-des-grauens-und-der-traditionen","status":"publish","type":"post","link":"https:\/\/spanienaktuell.net\/wordpress\/halloween-ein-fest-des-grauens-und-der-traditionen\/","title":{"rendered":"Halloween \u2013 Ein Fest des Grauens und der Traditionen"},"content":{"rendered":"<figure id=\"attachment_104869\" aria-describedby=\"caption-attachment-104869\" style=\"width: 1440px\" class=\"wp-caption aligncenter\"><img decoding=\"async\" class=\"size-full wp-image-104869\" src=\"https:\/\/spanienaktuell.net\/wordpress\/wp-content\/uploads\/2024\/09\/Foto-2024-Adobe-AdobeStock_229086671-scaled.jpeg\" alt=\"\" width=\"1440\" height=\"617\" srcset=\"https:\/\/spanienaktuell.net\/wordpress\/wp-content\/uploads\/2024\/09\/Foto-2024-Adobe-AdobeStock_229086671-scaled.jpeg 1440w, https:\/\/spanienaktuell.net\/wordpress\/wp-content\/uploads\/2024\/09\/Foto-2024-Adobe-AdobeStock_229086671-300x129.jpeg 300w, https:\/\/spanienaktuell.net\/wordpress\/wp-content\/uploads\/2024\/09\/Foto-2024-Adobe-AdobeStock_229086671-1024x439.jpeg 1024w, https:\/\/spanienaktuell.net\/wordpress\/wp-content\/uploads\/2024\/09\/Foto-2024-Adobe-AdobeStock_229086671-768x329.jpeg 768w, https:\/\/spanienaktuell.net\/wordpress\/wp-content\/uploads\/2024\/09\/Foto-2024-Adobe-AdobeStock_229086671-1536x658.jpeg 1536w, https:\/\/spanienaktuell.net\/wordpress\/wp-content\/uploads\/2024\/09\/Foto-2024-Adobe-AdobeStock_229086671-2048x878.jpeg 2048w, https:\/\/spanienaktuell.net\/wordpress\/wp-content\/uploads\/2024\/09\/Foto-2024-Adobe-AdobeStock_229086671-350x150.jpeg 350w\" sizes=\"(max-width: 1440px) 100vw, 1440px\" \/><figcaption id=\"caption-attachment-104869\" class=\"wp-caption-text\">Foto: \u00a9 2024 Adobe<\/figcaption><\/figure>\n<p>Halloween \u2013 das Gruselfest am 31. Oktober \u2013 erfreut sich immer gr\u00f6\u00dferer Beliebtheit. Unheimliche K\u00fcrbislaternen zieren H\u00e4user und G\u00e4rten, Kinder ziehen in schaurigen Kost\u00fcmen von T\u00fcr zu T\u00fcr, um S\u00fc\u00dfigkeiten zu ergattern, w\u00e4hrend Erwachsene auf Kost\u00fcmpartys feiern oder sich bei einem Horrorfilmabend gruseln.<\/p>\n<p>Doch woher kommt dieses popul\u00e4re Fest, und warum wird es gefeiert? Im Folgenden werfen wir einen Blick auf die Urspr\u00fcnge von Halloween und seine Entwicklung zu dem Fest, das wir heute kennen.<\/p>\n<p><strong>Halloween \u2013 Ein Fest der vielen Einfl\u00fcsse<\/strong><\/p>\n<p>Entgegen der weit verbreiteten Annahme stammt Halloween nicht aus Nordamerika. Es hat seine Wurzeln in heidnischen und religi\u00f6sen Traditionen, die sich \u00fcber Jahrhunderte hinweg vermischten. Eine der wichtigsten Urspr\u00fcnge ist das keltische Fest Samhain (ausgesprochen \u201eSow-in\u201c). Vor \u00fcber 2000 Jahren markierte Samhain das Ende der Erntezeit und den Beginn des Winters. Die Kelten glaubten, dass in dieser Nacht die Grenze zwischen der Welt der Lebenden und der Toten besonders durchl\u00e4ssig sei, und Geister auf der Erde umherwandern k\u00f6nnten. Um sich vor diesen Geistern zu sch\u00fctzen, entz\u00fcndeten die Kelten gro\u00dfe Lagerfeuer und brachten Opfergaben dar. Sie verkleideten sich mit schaurigen Masken, um nicht von den umherziehenden Geistern erkannt oder heimgesucht zu werden.<\/p>\n<p>Mit der Ausbreitung des Christentums in Europa wurden viele dieser heidnischen Br\u00e4uche in die christliche Tradition integriert. So entstand die Verbindung zu Allerheiligen (1. November) und Allerseelen (2. November), den christlichen Festen, die dem Gedenken an die Verstorbenen dienen. Der Name \u201eHalloween\u201c leitet sich aus dem englischen Begriff \u201eAll Hallows&#8217; Eve\u201c ab, dem Abend vor Allerheiligen.<\/p>\n<p>Im 19. Jahrhundert brachten irische Einwanderer die Halloween-Traditionen nach Nordamerika. Dort entwickelten sich die Feiern zunehmend zu weltlichen und gemeinschaftsorientierten Veranstaltungen. Kost\u00fcmfeste, K\u00fcrbislaternen und \u201eTrick-or-Treat\u201c-Runden wurden zu den zentralen Elementen des Festes. Heute wird Halloween weltweit gefeiert, wobei jede Region dem Fest ihre eigenen Br\u00e4uche hinzuf\u00fcgt.<\/p>\n<p><strong>Halloween in Spanien und Andalusien \u2013 Traditionen und moderne Einfl\u00fcsse<\/strong><\/p>\n<p>Auch in Spanien, besonders in Andalusien, hat Halloween in den letzten Jahren an Popularit\u00e4t gewonnen. Obwohl es urspr\u00fcnglich nicht zu den traditionellen spanischen Feierlichkeiten geh\u00f6rte, hat es sich inzwischen, inspiriert von amerikanischen Br\u00e4uchen, vor allem unter den j\u00fcngeren Generationen verbreitet. In vielen spanischen St\u00e4dten ziehen am 31. Oktober Kinder verkleidet von T\u00fcr zu T\u00fcr, um S\u00fc\u00dfigkeiten zu sammeln, w\u00e4hrend Erwachsene in aufwendigen Kost\u00fcmen auf Partys feiern.<\/p>\n<p>In Andalusien trifft Halloween jedoch auf tief verwurzelte religi\u00f6se Traditionen, insbesondere den \u201eD\u00eda de Todos los Santos\u201c (Allerheiligen) am 1. November und den \u201eD\u00eda de los Difuntos\u201c (Allerseelen) am 2. November. Diese Tage sind in Spanien fest im katholischen Glauben verankert und dienen dazu, der Verstorbenen zu gedenken. Traditionell besuchen Familien die Friedh\u00f6fe, um die Gr\u00e4ber ihrer Angeh\u00f6rigen zu schm\u00fccken und zu ehren. Es werden Blumen niedergelegt und oft verbringen die Menschen Zeit am Grab, um zu beten und in Erinnerungen zu schwelgen.<\/p>\n<p>In einigen Teilen Andalusiens, wie in C\u00e1diz, werden au\u00dferdem traditionelle S\u00fc\u00dfigkeiten wie \u201eHuesos de Santo\u201c (Heiligenknochen) oder \u201eBu\u00f1uelos\u201c (Krapfen) zubereitet und gegessen. Diese Leckereien sind fest mit den Allerheiligen- und Allerseelen-Feiern verbunden und symbolisieren den Kreislauf des Lebens und den \u00dcbergang in die Ewigkeit.<\/p>\n<p>Die Mischung aus modernen Halloween-Traditionen und den tief verwurzelten Br\u00e4uchen von Allerheiligen und Allerseelen f\u00fchrt in Andalusien zu einem einzigartigen Fest, bei dem Spa\u00df und Gedenken gleicherma\u00dfen im Vordergrund stehen.<\/p>\n<p><em>Text &#8211; Cesar Certier &#8211; Spanien aktuell \u00a9<\/em><\/p>\n","protected":false},"excerpt":{"rendered":"<p>Halloween \u2013 das Gruselfest am 31. Oktober \u2013 erfreut sich immer gr\u00f6\u00dferer Beliebtheit. Unheimliche K\u00fcrbislaternen zieren H\u00e4user und G\u00e4rten, Kinder [&hellip;]<\/p>\n","protected":false},"author":5,"featured_media":104869,"comment_status":"closed","ping_status":"closed","sticky":false,"template":"","format":"standard","meta":{"footnotes":""},"categories":[30],"tags":[],"class_list":["post-104868","post","type-post","status-publish","format-standard","has-post-thumbnail","hentry","category-recht-gesellschaft"],"yoast_head":"<!-- This site is optimized with the Yoast SEO plugin v27.1.1 - https:\/\/yoast.com\/product\/yoast-seo-wordpress\/ -->\n<title>Halloween \u2013 Ein Fest des Grauens und der Traditionen - Spanien aktuell<\/title>\n<meta name=\"robots\" content=\"index, follow, max-snippet:-1, max-image-preview:large, max-video-preview:-1\" \/>\n<link rel=\"canonical\" href=\"https:\/\/spanienaktuell.net\/wordpress\/halloween-ein-fest-des-grauens-und-der-traditionen\/\" \/>\n<meta property=\"og:locale\" content=\"es_ES\" \/>\n<meta property=\"og:type\" content=\"article\" \/>\n<meta property=\"og:title\" content=\"Halloween \u2013 Ein Fest des Grauens und der Traditionen - Spanien aktuell\" \/>\n<meta property=\"og:description\" content=\"Halloween \u2013 das Gruselfest am 31. Oktober \u2013 erfreut sich immer gr\u00f6\u00dferer Beliebtheit. Unheimliche K\u00fcrbislaternen zieren H\u00e4user und G\u00e4rten, Kinder [&hellip;]\" \/>\n<meta property=\"og:url\" content=\"https:\/\/spanienaktuell.net\/wordpress\/halloween-ein-fest-des-grauens-und-der-traditionen\/\" \/>\n<meta property=\"og:site_name\" content=\"Spanien aktuell\" \/>\n<meta property=\"article:published_time\" content=\"2024-09-30T22:47:10+00:00\" \/>\n<meta property=\"og:image\" content=\"https:\/\/spanienaktuell.net\/wordpress\/wp-content\/uploads\/2024\/09\/Foto-2024-Adobe-AdobeStock_229086671-scaled.jpeg\" \/>\n\t<meta property=\"og:image:width\" content=\"1440\" \/>\n\t<meta property=\"og:image:height\" content=\"617\" \/>\n\t<meta property=\"og:image:type\" content=\"image\/jpeg\" \/>\n<meta name=\"author\" content=\"Spanien aktuell\" \/>\n<meta name=\"twitter:card\" content=\"summary_large_image\" \/>\n<meta name=\"twitter:label1\" content=\"Escrito por\" \/>\n\t<meta name=\"twitter:data1\" content=\"Spanien aktuell\" \/>\n\t<meta name=\"twitter:label2\" content=\"Tiempo de lectura\" \/>\n\t<meta name=\"twitter:data2\" content=\"3 minutos\" \/>\n<script type=\"application\/ld+json\" class=\"yoast-schema-graph\">{\"@context\":\"https:\/\/schema.org\",\"@graph\":[{\"@type\":\"Article\",\"@id\":\"https:\/\/spanienaktuell.net\/wordpress\/halloween-ein-fest-des-grauens-und-der-traditionen\/#article\",\"isPartOf\":{\"@id\":\"https:\/\/spanienaktuell.net\/wordpress\/halloween-ein-fest-des-grauens-und-der-traditionen\/\"},\"author\":{\"name\":\"Spanien aktuell\",\"@id\":\"https:\/\/spanienaktuell.net\/wordpress\/#\/schema\/person\/f354cdb1409084031b0638a391b0c6bd\"},\"headline\":\"Halloween \u2013 Ein Fest des Grauens und der Traditionen\",\"datePublished\":\"2024-09-30T22:47:10+00:00\",\"mainEntityOfPage\":{\"@id\":\"https:\/\/spanienaktuell.net\/wordpress\/halloween-ein-fest-des-grauens-und-der-traditionen\/\"},\"wordCount\":592,\"publisher\":{\"@id\":\"https:\/\/spanienaktuell.net\/wordpress\/#organization\"},\"image\":{\"@id\":\"https:\/\/spanienaktuell.net\/wordpress\/halloween-ein-fest-des-grauens-und-der-traditionen\/#primaryimage\"},\"thumbnailUrl\":\"https:\/\/spanienaktuell.net\/wordpress\/wp-content\/uploads\/2024\/09\/Foto-2024-Adobe-AdobeStock_229086671-scaled.jpeg\",\"articleSection\":[\"Recht\"],\"inLanguage\":\"es\"},{\"@type\":\"WebPage\",\"@id\":\"https:\/\/spanienaktuell.net\/wordpress\/halloween-ein-fest-des-grauens-und-der-traditionen\/\",\"url\":\"https:\/\/spanienaktuell.net\/wordpress\/halloween-ein-fest-des-grauens-und-der-traditionen\/\",\"name\":\"Halloween \u2013 Ein Fest des Grauens und der Traditionen - Spanien aktuell\",\"isPartOf\":{\"@id\":\"https:\/\/spanienaktuell.net\/wordpress\/#website\"},\"primaryImageOfPage\":{\"@id\":\"https:\/\/spanienaktuell.net\/wordpress\/halloween-ein-fest-des-grauens-und-der-traditionen\/#primaryimage\"},\"image\":{\"@id\":\"https:\/\/spanienaktuell.net\/wordpress\/halloween-ein-fest-des-grauens-und-der-traditionen\/#primaryimage\"},\"thumbnailUrl\":\"https:\/\/spanienaktuell.net\/wordpress\/wp-content\/uploads\/2024\/09\/Foto-2024-Adobe-AdobeStock_229086671-scaled.jpeg\",\"datePublished\":\"2024-09-30T22:47:10+00:00\",\"breadcrumb\":{\"@id\":\"https:\/\/spanienaktuell.net\/wordpress\/halloween-ein-fest-des-grauens-und-der-traditionen\/#breadcrumb\"},\"inLanguage\":\"es\",\"potentialAction\":[{\"@type\":\"ReadAction\",\"target\":[\"https:\/\/spanienaktuell.net\/wordpress\/halloween-ein-fest-des-grauens-und-der-traditionen\/\"]}]},{\"@type\":\"ImageObject\",\"inLanguage\":\"es\",\"@id\":\"https:\/\/spanienaktuell.net\/wordpress\/halloween-ein-fest-des-grauens-und-der-traditionen\/#primaryimage\",\"url\":\"https:\/\/spanienaktuell.net\/wordpress\/wp-content\/uploads\/2024\/09\/Foto-2024-Adobe-AdobeStock_229086671-scaled.jpeg\",\"contentUrl\":\"https:\/\/spanienaktuell.net\/wordpress\/wp-content\/uploads\/2024\/09\/Foto-2024-Adobe-AdobeStock_229086671-scaled.jpeg\",\"width\":1440,\"height\":617,\"caption\":\"Foto: \u00a9 2024 Adobe\"},{\"@type\":\"BreadcrumbList\",\"@id\":\"https:\/\/spanienaktuell.net\/wordpress\/halloween-ein-fest-des-grauens-und-der-traditionen\/#breadcrumb\",\"itemListElement\":[{\"@type\":\"ListItem\",\"position\":1,\"name\":\"Portada\",\"item\":\"https:\/\/spanienaktuell.net\/wordpress\/\"},{\"@type\":\"ListItem\",\"position\":2,\"name\":\"Halloween \u2013 Ein Fest des Grauens und der Traditionen\"}]},{\"@type\":\"WebSite\",\"@id\":\"https:\/\/spanienaktuell.net\/wordpress\/#website\",\"url\":\"https:\/\/spanienaktuell.net\/wordpress\/\",\"name\":\"Spanien aktuell\",\"description\":\"The German magazine number 1 on the Costa del Sol\",\"publisher\":{\"@id\":\"https:\/\/spanienaktuell.net\/wordpress\/#organization\"},\"potentialAction\":[{\"@type\":\"SearchAction\",\"target\":{\"@type\":\"EntryPoint\",\"urlTemplate\":\"https:\/\/spanienaktuell.net\/wordpress\/?s={search_term_string}\"},\"query-input\":{\"@type\":\"PropertyValueSpecification\",\"valueRequired\":true,\"valueName\":\"search_term_string\"}}],\"inLanguage\":\"es\"},{\"@type\":\"Organization\",\"@id\":\"https:\/\/spanienaktuell.net\/wordpress\/#organization\",\"name\":\"Spanien aktuell\",\"url\":\"https:\/\/spanienaktuell.net\/wordpress\/\",\"logo\":{\"@type\":\"ImageObject\",\"inLanguage\":\"es\",\"@id\":\"https:\/\/spanienaktuell.net\/wordpress\/#\/schema\/logo\/image\/\",\"url\":\"https:\/\/spanienaktuell.net\/wordpress\/wp-content\/uploads\/2019\/06\/cropped-Logo-spanien-aktuell-png-web-e1561631085388.png\",\"contentUrl\":\"https:\/\/spanienaktuell.net\/wordpress\/wp-content\/uploads\/2019\/06\/cropped-Logo-spanien-aktuell-png-web-e1561631085388.png\",\"width\":512,\"height\":110,\"caption\":\"Spanien aktuell\"},\"image\":{\"@id\":\"https:\/\/spanienaktuell.net\/wordpress\/#\/schema\/logo\/image\/\"}},{\"@type\":\"Person\",\"@id\":\"https:\/\/spanienaktuell.net\/wordpress\/#\/schema\/person\/f354cdb1409084031b0638a391b0c6bd\",\"name\":\"Spanien aktuell\",\"image\":{\"@type\":\"ImageObject\",\"inLanguage\":\"es\",\"@id\":\"https:\/\/spanienaktuell.net\/wordpress\/#\/schema\/person\/image\/\",\"url\":\"https:\/\/spanienaktuell.net\/wordpress\/wp-content\/uploads\/2019\/06\/Logo-spanien-aktuell-png-fav2-100x100.png\",\"contentUrl\":\"https:\/\/spanienaktuell.net\/wordpress\/wp-content\/uploads\/2019\/06\/Logo-spanien-aktuell-png-fav2-100x100.png\",\"caption\":\"Spanien aktuell\"},\"url\":\"https:\/\/spanienaktuell.net\/wordpress\/author\/jcotilla\/\"}]}<\/script>\n<!-- \/ Yoast SEO plugin. -->","yoast_head_json":{"title":"Halloween \u2013 Ein Fest des Grauens und der Traditionen - Spanien aktuell","robots":{"index":"index","follow":"follow","max-snippet":"max-snippet:-1","max-image-preview":"max-image-preview:large","max-video-preview":"max-video-preview:-1"},"canonical":"https:\/\/spanienaktuell.net\/wordpress\/halloween-ein-fest-des-grauens-und-der-traditionen\/","og_locale":"es_ES","og_type":"article","og_title":"Halloween \u2013 Ein Fest des Grauens und der Traditionen - Spanien aktuell","og_description":"Halloween \u2013 das Gruselfest am 31. Oktober \u2013 erfreut sich immer gr\u00f6\u00dferer Beliebtheit. Unheimliche K\u00fcrbislaternen zieren H\u00e4user und G\u00e4rten, Kinder [&hellip;]","og_url":"https:\/\/spanienaktuell.net\/wordpress\/halloween-ein-fest-des-grauens-und-der-traditionen\/","og_site_name":"Spanien aktuell","article_published_time":"2024-09-30T22:47:10+00:00","og_image":[{"width":1440,"height":617,"url":"https:\/\/spanienaktuell.net\/wordpress\/wp-content\/uploads\/2024\/09\/Foto-2024-Adobe-AdobeStock_229086671-scaled.jpeg","type":"image\/jpeg"}],"author":"Spanien aktuell","twitter_card":"summary_large_image","twitter_misc":{"Escrito por":"Spanien aktuell","Tiempo de lectura":"3 minutos"},"schema":{"@context":"https:\/\/schema.org","@graph":[{"@type":"Article","@id":"https:\/\/spanienaktuell.net\/wordpress\/halloween-ein-fest-des-grauens-und-der-traditionen\/#article","isPartOf":{"@id":"https:\/\/spanienaktuell.net\/wordpress\/halloween-ein-fest-des-grauens-und-der-traditionen\/"},"author":{"name":"Spanien aktuell","@id":"https:\/\/spanienaktuell.net\/wordpress\/#\/schema\/person\/f354cdb1409084031b0638a391b0c6bd"},"headline":"Halloween \u2013 Ein Fest des Grauens und der Traditionen","datePublished":"2024-09-30T22:47:10+00:00","mainEntityOfPage":{"@id":"https:\/\/spanienaktuell.net\/wordpress\/halloween-ein-fest-des-grauens-und-der-traditionen\/"},"wordCount":592,"publisher":{"@id":"https:\/\/spanienaktuell.net\/wordpress\/#organization"},"image":{"@id":"https:\/\/spanienaktuell.net\/wordpress\/halloween-ein-fest-des-grauens-und-der-traditionen\/#primaryimage"},"thumbnailUrl":"https:\/\/spanienaktuell.net\/wordpress\/wp-content\/uploads\/2024\/09\/Foto-2024-Adobe-AdobeStock_229086671-scaled.jpeg","articleSection":["Recht"],"inLanguage":"es"},{"@type":"WebPage","@id":"https:\/\/spanienaktuell.net\/wordpress\/halloween-ein-fest-des-grauens-und-der-traditionen\/","url":"https:\/\/spanienaktuell.net\/wordpress\/halloween-ein-fest-des-grauens-und-der-traditionen\/","name":"Halloween \u2013 Ein Fest des Grauens und der Traditionen - Spanien aktuell","isPartOf":{"@id":"https:\/\/spanienaktuell.net\/wordpress\/#website"},"primaryImageOfPage":{"@id":"https:\/\/spanienaktuell.net\/wordpress\/halloween-ein-fest-des-grauens-und-der-traditionen\/#primaryimage"},"image":{"@id":"https:\/\/spanienaktuell.net\/wordpress\/halloween-ein-fest-des-grauens-und-der-traditionen\/#primaryimage"},"thumbnailUrl":"https:\/\/spanienaktuell.net\/wordpress\/wp-content\/uploads\/2024\/09\/Foto-2024-Adobe-AdobeStock_229086671-scaled.jpeg","datePublished":"2024-09-30T22:47:10+00:00","breadcrumb":{"@id":"https:\/\/spanienaktuell.net\/wordpress\/halloween-ein-fest-des-grauens-und-der-traditionen\/#breadcrumb"},"inLanguage":"es","potentialAction":[{"@type":"ReadAction","target":["https:\/\/spanienaktuell.net\/wordpress\/halloween-ein-fest-des-grauens-und-der-traditionen\/"]}]},{"@type":"ImageObject","inLanguage":"es","@id":"https:\/\/spanienaktuell.net\/wordpress\/halloween-ein-fest-des-grauens-und-der-traditionen\/#primaryimage","url":"https:\/\/spanienaktuell.net\/wordpress\/wp-content\/uploads\/2024\/09\/Foto-2024-Adobe-AdobeStock_229086671-scaled.jpeg","contentUrl":"https:\/\/spanienaktuell.net\/wordpress\/wp-content\/uploads\/2024\/09\/Foto-2024-Adobe-AdobeStock_229086671-scaled.jpeg","width":1440,"height":617,"caption":"Foto: \u00a9 2024 Adobe"},{"@type":"BreadcrumbList","@id":"https:\/\/spanienaktuell.net\/wordpress\/halloween-ein-fest-des-grauens-und-der-traditionen\/#breadcrumb","itemListElement":[{"@type":"ListItem","position":1,"name":"Portada","item":"https:\/\/spanienaktuell.net\/wordpress\/"},{"@type":"ListItem","position":2,"name":"Halloween \u2013 Ein Fest des Grauens und der Traditionen"}]},{"@type":"WebSite","@id":"https:\/\/spanienaktuell.net\/wordpress\/#website","url":"https:\/\/spanienaktuell.net\/wordpress\/","name":"Spanien aktuell","description":"The German magazine number 1 on the Costa del Sol","publisher":{"@id":"https:\/\/spanienaktuell.net\/wordpress\/#organization"},"potentialAction":[{"@type":"SearchAction","target":{"@type":"EntryPoint","urlTemplate":"https:\/\/spanienaktuell.net\/wordpress\/?s={search_term_string}"},"query-input":{"@type":"PropertyValueSpecification","valueRequired":true,"valueName":"search_term_string"}}],"inLanguage":"es"},{"@type":"Organization","@id":"https:\/\/spanienaktuell.net\/wordpress\/#organization","name":"Spanien aktuell","url":"https:\/\/spanienaktuell.net\/wordpress\/","logo":{"@type":"ImageObject","inLanguage":"es","@id":"https:\/\/spanienaktuell.net\/wordpress\/#\/schema\/logo\/image\/","url":"https:\/\/spanienaktuell.net\/wordpress\/wp-content\/uploads\/2019\/06\/cropped-Logo-spanien-aktuell-png-web-e1561631085388.png","contentUrl":"https:\/\/spanienaktuell.net\/wordpress\/wp-content\/uploads\/2019\/06\/cropped-Logo-spanien-aktuell-png-web-e1561631085388.png","width":512,"height":110,"caption":"Spanien aktuell"},"image":{"@id":"https:\/\/spanienaktuell.net\/wordpress\/#\/schema\/logo\/image\/"}},{"@type":"Person","@id":"https:\/\/spanienaktuell.net\/wordpress\/#\/schema\/person\/f354cdb1409084031b0638a391b0c6bd","name":"Spanien aktuell","image":{"@type":"ImageObject","inLanguage":"es","@id":"https:\/\/spanienaktuell.net\/wordpress\/#\/schema\/person\/image\/","url":"https:\/\/spanienaktuell.net\/wordpress\/wp-content\/uploads\/2019\/06\/Logo-spanien-aktuell-png-fav2-100x100.png","contentUrl":"https:\/\/spanienaktuell.net\/wordpress\/wp-content\/uploads\/2019\/06\/Logo-spanien-aktuell-png-fav2-100x100.png","caption":"Spanien aktuell"},"url":"https:\/\/spanienaktuell.net\/wordpress\/author\/jcotilla\/"}]}},"_links":{"self":[{"href":"https:\/\/spanienaktuell.net\/wordpress\/wp-json\/wp\/v2\/posts\/104868","targetHints":{"allow":["GET"]}}],"collection":[{"href":"https:\/\/spanienaktuell.net\/wordpress\/wp-json\/wp\/v2\/posts"}],"about":[{"href":"https:\/\/spanienaktuell.net\/wordpress\/wp-json\/wp\/v2\/types\/post"}],"author":[{"embeddable":true,"href":"https:\/\/spanienaktuell.net\/wordpress\/wp-json\/wp\/v2\/users\/5"}],"replies":[{"embeddable":true,"href":"https:\/\/spanienaktuell.net\/wordpress\/wp-json\/wp\/v2\/comments?post=104868"}],"version-history":[{"count":1,"href":"https:\/\/spanienaktuell.net\/wordpress\/wp-json\/wp\/v2\/posts\/104868\/revisions"}],"predecessor-version":[{"id":104870,"href":"https:\/\/spanienaktuell.net\/wordpress\/wp-json\/wp\/v2\/posts\/104868\/revisions\/104870"}],"wp:featuredmedia":[{"embeddable":true,"href":"https:\/\/spanienaktuell.net\/wordpress\/wp-json\/wp\/v2\/media\/104869"}],"wp:attachment":[{"href":"https:\/\/spanienaktuell.net\/wordpress\/wp-json\/wp\/v2\/media?parent=104868"}],"wp:term":[{"taxonomy":"category","embeddable":true,"href":"https:\/\/spanienaktuell.net\/wordpress\/wp-json\/wp\/v2\/categories?post=104868"},{"taxonomy":"post_tag","embeddable":true,"href":"https:\/\/spanienaktuell.net\/wordpress\/wp-json\/wp\/v2\/tags?post=104868"}],"curies":[{"name":"wp","href":"https:\/\/api.w.org\/{rel}","templated":true}]}}