{"id":105359,"date":"2024-12-01T00:39:23","date_gmt":"2024-11-30T22:39:23","guid":{"rendered":"https:\/\/spanienaktuell.net\/wordpress\/?p=105359"},"modified":"2024-11-28T11:52:35","modified_gmt":"2024-11-28T09:52:35","slug":"weihnachtszeit-ist-sternenzeit","status":"publish","type":"post","link":"https:\/\/spanienaktuell.net\/wordpress\/weihnachtszeit-ist-sternenzeit\/","title":{"rendered":"Weihnachtszeit ist Sternenzeit"},"content":{"rendered":"<p><strong>Weihnachtssterne verleihen Weihnachtstraditionen zus\u00e4tzlichen Glanz<\/strong><\/p>\n<p><img decoding=\"async\" class=\"aligncenter size-full wp-image-105360\" src=\"https:\/\/spanienaktuell.net\/wordpress\/wp-content\/uploads\/2024\/11\/2024_Poinsettia_04140_DIY_01-853x1024-1-scaled.jpg\" alt=\"\" width=\"1440\" height=\"960\" srcset=\"https:\/\/spanienaktuell.net\/wordpress\/wp-content\/uploads\/2024\/11\/2024_Poinsettia_04140_DIY_01-853x1024-1-scaled.jpg 1440w, https:\/\/spanienaktuell.net\/wordpress\/wp-content\/uploads\/2024\/11\/2024_Poinsettia_04140_DIY_01-853x1024-1-300x200.jpg 300w, https:\/\/spanienaktuell.net\/wordpress\/wp-content\/uploads\/2024\/11\/2024_Poinsettia_04140_DIY_01-853x1024-1-1024x683.jpg 1024w, https:\/\/spanienaktuell.net\/wordpress\/wp-content\/uploads\/2024\/11\/2024_Poinsettia_04140_DIY_01-853x1024-1-768x512.jpg 768w, https:\/\/spanienaktuell.net\/wordpress\/wp-content\/uploads\/2024\/11\/2024_Poinsettia_04140_DIY_01-853x1024-1-1536x1025.jpg 1536w, https:\/\/spanienaktuell.net\/wordpress\/wp-content\/uploads\/2024\/11\/2024_Poinsettia_04140_DIY_01-853x1024-1-2048x1366.jpg 2048w, https:\/\/spanienaktuell.net\/wordpress\/wp-content\/uploads\/2024\/11\/2024_Poinsettia_04140_DIY_01-853x1024-1-350x233.jpg 350w\" sizes=\"(max-width: 1440px) 100vw, 1440px\" \/><\/p>\n<p>Die Advents- und Weihnachtszeit ist von vielf\u00e4ltigen Traditionen, innigen Momenten mit Familie und Freunden, gl\u00e4nzender Weihnachtsdekoration, Schenken und Beschenkt\u00a0 werden gepr\u00e4gt \u2013 und von farbenfrohen Weihnachtssternen. Mit ihren sternf\u00f6rmigen Hochbl\u00e4ttern geh\u00f6ren die pr\u00e4chtigen Pflanzen f\u00fcr viele Menschen ebenso zur festlichsten Zeit des Jahres wie Christbaum, Lichterglanz, Kugeln und anderer Adventsschmuck. Die Dekoexperten von Stars for Europe (SfE) verraten, wie der Weihnachtsstern zur Weihnachtspflanze wurde, und zeigen, wie er als Topfpflanze und Schnittblume R\u00e4ume mit festlicher Vorfreude erf\u00fcllt und traditionellen Weihnachtsbr\u00e4uchen und -dekorationen zus\u00e4tzlichen Glanz verleiht.<\/p>\n<p><strong>So wurde der Weihnachtsstern zur Weihnachtspflanze<\/strong><\/p>\n<p><img decoding=\"async\" class=\"aligncenter size-full wp-image-105367\" src=\"https:\/\/spanienaktuell.net\/wordpress\/wp-content\/uploads\/2024\/11\/2024_Poinsettia_04000_Cosy_Cottage_Charm_45-2-scaled.jpg\" alt=\"\" width=\"1440\" height=\"960\" srcset=\"https:\/\/spanienaktuell.net\/wordpress\/wp-content\/uploads\/2024\/11\/2024_Poinsettia_04000_Cosy_Cottage_Charm_45-2-scaled.jpg 1440w, https:\/\/spanienaktuell.net\/wordpress\/wp-content\/uploads\/2024\/11\/2024_Poinsettia_04000_Cosy_Cottage_Charm_45-2-300x200.jpg 300w, https:\/\/spanienaktuell.net\/wordpress\/wp-content\/uploads\/2024\/11\/2024_Poinsettia_04000_Cosy_Cottage_Charm_45-2-1024x683.jpg 1024w, https:\/\/spanienaktuell.net\/wordpress\/wp-content\/uploads\/2024\/11\/2024_Poinsettia_04000_Cosy_Cottage_Charm_45-2-768x512.jpg 768w, https:\/\/spanienaktuell.net\/wordpress\/wp-content\/uploads\/2024\/11\/2024_Poinsettia_04000_Cosy_Cottage_Charm_45-2-1536x1024.jpg 1536w, https:\/\/spanienaktuell.net\/wordpress\/wp-content\/uploads\/2024\/11\/2024_Poinsettia_04000_Cosy_Cottage_Charm_45-2-2048x1365.jpg 2048w, https:\/\/spanienaktuell.net\/wordpress\/wp-content\/uploads\/2024\/11\/2024_Poinsettia_04000_Cosy_Cottage_Charm_45-2-350x233.jpg 350w\" sizes=\"(max-width: 1440px) 100vw, 1440px\" \/><\/p>\n<p>Der Weihnachtsstern stammt urspr\u00fcnglich aus Mexiko. Dort w\u00e4chst er als bis zu f\u00fcnf Meter hoher Strauch. Die Aztekten bauten die Pflanze in ihren G\u00e4rten an, schm\u00fcckten ihre Tempelanlagen mit ihr und nutzten sie, um einen Farbstoff zum F\u00e4rben von Kleidung und ein fiebersenkendes Medikament herzustellen.<\/p>\n<p>Zur Weihnachtspflanze wurde der Weihnachtsstern nach der spanischen Eroberung Mexikos. Im Zuge der Missionierung erhielt die Pflanze den Namen \u201eestrella de navidad\u201c. Im 17. Jahrhundert trat der Weihnachtsstern erstmals bei einer Prozession franziskanischer M\u00f6nche in Erscheinung. Er erh\u00e4lt den Namen \u201ela flor de Nochebuena\u201c, \u201eBlume der Heiligen Nacht\u201c, und wird immer st\u00e4rker zu einem christlichen Symbol.<\/p>\n<p><strong>Weltweiter<\/strong> <strong>Siegeszug<\/strong><\/p>\n<p>Der weltweite Siegeszug des Weihnachtssterns als Weihnachtspflanze begann Anfang des 20. Jahrhunderts. Der deutschst\u00e4mmige Auswanderer Albert Ecke beobachtete, wie sich in der Umgebung seiner Farm die Hochbl\u00e4tter wildwachsender Poinsettien vor Weihnachten rot verf\u00e4rbten.<\/p>\n<p><img decoding=\"async\" class=\"aligncenter size-full wp-image-105363\" src=\"https:\/\/spanienaktuell.net\/wordpress\/wp-content\/uploads\/2024\/11\/2024_Poinsettia_03000_Country_Chic_in_Blue_05-3-scaled.jpg\" alt=\"\" width=\"720\" height=\"1080\" srcset=\"https:\/\/spanienaktuell.net\/wordpress\/wp-content\/uploads\/2024\/11\/2024_Poinsettia_03000_Country_Chic_in_Blue_05-3-scaled.jpg 720w, https:\/\/spanienaktuell.net\/wordpress\/wp-content\/uploads\/2024\/11\/2024_Poinsettia_03000_Country_Chic_in_Blue_05-3-200x300.jpg 200w, https:\/\/spanienaktuell.net\/wordpress\/wp-content\/uploads\/2024\/11\/2024_Poinsettia_03000_Country_Chic_in_Blue_05-3-683x1024.jpg 683w, https:\/\/spanienaktuell.net\/wordpress\/wp-content\/uploads\/2024\/11\/2024_Poinsettia_03000_Country_Chic_in_Blue_05-3-768x1151.jpg 768w, https:\/\/spanienaktuell.net\/wordpress\/wp-content\/uploads\/2024\/11\/2024_Poinsettia_03000_Country_Chic_in_Blue_05-3-1025x1536.jpg 1025w, https:\/\/spanienaktuell.net\/wordpress\/wp-content\/uploads\/2024\/11\/2024_Poinsettia_03000_Country_Chic_in_Blue_05-3-1366x2048.jpg 1366w, https:\/\/spanienaktuell.net\/wordpress\/wp-content\/uploads\/2024\/11\/2024_Poinsettia_03000_Country_Chic_in_Blue_05-3-350x525.jpg 350w\" sizes=\"(max-width: 720px) 100vw, 720px\" \/><\/p>\n<p>Das brachte ihn auf die Idee, die Pflanzen auf seinen Feldern anzubauen, um ihre Zweige in der Vorweihnachtszeit als Schnittblumen zu verkaufen. Es war der Beginn einer Erfolgsgeschichte. Ab etwa 1909 konzentrierte sich Albert Ecke voll und ganz auf den Anbau von Weihnachtssternen. Nach seinem Tod im Jahr 1919 \u00fcbernahm sein Sohn Paul I das Familiengesch\u00e4ft.<\/p>\n<p>Dieser konzentrierte sich in der Folge ganz darauf, die Poinsettie unter dem Namen Christmas Star als Weihnachtssymbol zu etablieren. Bereits um 1920 versuchte er, Weihnachtssterne im Topf heranzuziehen. Die fr\u00fchen Sorten waren jedoch f\u00fcr diese Kulturart nicht geeignet. Erst in den 1950er Jahren gelang es, Sorten zu z\u00fcchten, die als Topfpflanzen in geschlossenen R\u00e4umen gediehen.<\/p>\n<p>Ab den 1960er Jahren verdr\u00e4ngten gez\u00fcchtete Topfsorten die Schnittblumen mehr und mehr. Parallel zur Weihnachtssternzucht betrieb die Ecke-Familie in Hollywood eigene L\u00e4den und investierte viel Zeit und Energie in Marketingaktivit\u00e4ten. So verhalf sie dem Weihnachtsstern innerhalb weniger Jahre zu gro\u00dfer Popularit\u00e4t. Schon bald nahm die Pflanze einen festen Platz in der amerikanischen Weihnachtskultur ein. Auch in Europa etablierte sich der Weihnachtsstern ab den 1950er Jahren als Zimmerpflanze und Weihnachtsblume.<\/p>\n<p><strong>Vielf\u00e4ltiges Dekowunder<\/strong><\/p>\n<p><img decoding=\"async\" class=\"aligncenter size-full wp-image-105362\" src=\"https:\/\/spanienaktuell.net\/wordpress\/wp-content\/uploads\/2024\/11\/2024_Poinsettia_02000_Modern_Vintage_Fusion_13-scaled.jpg\" alt=\"\" width=\"1018\" height=\"1440\" srcset=\"https:\/\/spanienaktuell.net\/wordpress\/wp-content\/uploads\/2024\/11\/2024_Poinsettia_02000_Modern_Vintage_Fusion_13-scaled.jpg 1018w, https:\/\/spanienaktuell.net\/wordpress\/wp-content\/uploads\/2024\/11\/2024_Poinsettia_02000_Modern_Vintage_Fusion_13-212x300.jpg 212w, https:\/\/spanienaktuell.net\/wordpress\/wp-content\/uploads\/2024\/11\/2024_Poinsettia_02000_Modern_Vintage_Fusion_13-724x1024.jpg 724w, https:\/\/spanienaktuell.net\/wordpress\/wp-content\/uploads\/2024\/11\/2024_Poinsettia_02000_Modern_Vintage_Fusion_13-768x1086.jpg 768w, https:\/\/spanienaktuell.net\/wordpress\/wp-content\/uploads\/2024\/11\/2024_Poinsettia_02000_Modern_Vintage_Fusion_13-1086x1536.jpg 1086w, https:\/\/spanienaktuell.net\/wordpress\/wp-content\/uploads\/2024\/11\/2024_Poinsettia_02000_Modern_Vintage_Fusion_13-1448x2048.jpg 1448w, https:\/\/spanienaktuell.net\/wordpress\/wp-content\/uploads\/2024\/11\/2024_Poinsettia_02000_Modern_Vintage_Fusion_13-350x495.jpg 350w\" sizes=\"(max-width: 1018px) 100vw, 1018px\" \/><\/p>\n<p>Heute gibt es Hunderte verschiedener Weihnachtssternsorten in vielen Farben, Formen und Gr\u00f6\u00dfen. Als Topfpflanzen und Schnittblumen verspr\u00fchen sie viel festliche Vorfreude und verleihen traditionellen Weihnachtsbr\u00e4uchen und -dekorationen zus\u00e4tzliche Strahlkraft.<\/p>\n<p>Mit Weihnachtssternen lassen sich zudem unz\u00e4hlige festliche DIY-Ideen realisieren. Besonders geschnittene und Mini-Weihnachtssterne eignen sich perfekt f\u00fcr kreative Bastelprojekte.<\/p>\n<p><strong>Tipp:<\/strong> Dekorationen und Stoffe mit Vintage-Flair sind im Trend und passen wunderbar zur Poinsettie, der klassischen Weihnachtspflanze!<\/p>\n<p><strong>Mit Weihnachtssternen geschm\u00fcckte Christb\u00e4ume<\/strong><\/p>\n<p>Ein geschm\u00fcckter Christbaum ist das Weihnachtssymbol schlechthin und \u00fcbt nicht nur auf Kinder eine enorme Anziehungskraft aus. Als lebendiger Baumschmuck sind Weihnachtssterne perfekt geeignet.<\/p>\n<p>Als Schnittblumen oder wie hier in Form von Kokedamas lassen sie mit ihren farbenfrohen Hochbl\u00e4ttern jeden Christbaum erstrahlen. F\u00fcr die Kokedamas Mini-Weihnachtssterne aus ihren Pflanzt\u00f6pfen nehmen und die Erdballen mit Moos umwickeln. Das Moos mit d\u00fcnnem Draht fixieren und die fertigen Kokedamas aufh\u00e4ngen.<\/p>\n<p><img decoding=\"async\" class=\"aligncenter size-full wp-image-105365\" src=\"https:\/\/spanienaktuell.net\/wordpress\/wp-content\/uploads\/2024\/11\/2024_Poinsettia_04000_Cosy_Cottage_Charm_29-scaled.jpg\" alt=\"\" width=\"720\" height=\"1080\" srcset=\"https:\/\/spanienaktuell.net\/wordpress\/wp-content\/uploads\/2024\/11\/2024_Poinsettia_04000_Cosy_Cottage_Charm_29-scaled.jpg 720w, https:\/\/spanienaktuell.net\/wordpress\/wp-content\/uploads\/2024\/11\/2024_Poinsettia_04000_Cosy_Cottage_Charm_29-200x300.jpg 200w, https:\/\/spanienaktuell.net\/wordpress\/wp-content\/uploads\/2024\/11\/2024_Poinsettia_04000_Cosy_Cottage_Charm_29-683x1024.jpg 683w, https:\/\/spanienaktuell.net\/wordpress\/wp-content\/uploads\/2024\/11\/2024_Poinsettia_04000_Cosy_Cottage_Charm_29-768x1151.jpg 768w, https:\/\/spanienaktuell.net\/wordpress\/wp-content\/uploads\/2024\/11\/2024_Poinsettia_04000_Cosy_Cottage_Charm_29-1025x1536.jpg 1025w, https:\/\/spanienaktuell.net\/wordpress\/wp-content\/uploads\/2024\/11\/2024_Poinsettia_04000_Cosy_Cottage_Charm_29-1366x2048.jpg 1366w, https:\/\/spanienaktuell.net\/wordpress\/wp-content\/uploads\/2024\/11\/2024_Poinsettia_04000_Cosy_Cottage_Charm_29-350x525.jpg 350w\" sizes=\"(max-width: 720px) 100vw, 720px\" \/><\/p>\n<p><strong>Tipp:<\/strong> Die Wurzelballen der Pflanzen vor dem Einwickeln gr\u00fcndlich w\u00e4ssern. Sp\u00e4ter die Mini-Weihnachtssterne behutsam von oben gie\u00dfen oder die Moosb\u00e4lle regelm\u00e4\u00dfig abnehmen und kurz in ein Gef\u00e4\u00df mit lauwarmem Wasser legen, damit sie sich vollsaugen k\u00f6nnen.<\/p>\n<p>Bei der festlichen Dekoration f\u00fcr den Heiligen Abend links gl\u00e4nzen Weihnachtssterne nicht nur als Christbaumschmuck, sondern auch als Verzierung auf den Geschenken und als Blumenmeer in der Vintage-Kiste, die als Tannenbaumst\u00e4nder dient. Mit ihren leuchtenden Farben zaubern sie ein unvergessliches Ambiente und machen zus\u00e4tzliche Dekoration so gut wie \u00fcberfl\u00fcssig.<\/p>\n<p><strong>Tipp:<\/strong> Die geschnittenen Weihnachtssterne auf den Geschenken entweder in ein mit Wasser gef\u00fclltes Blumenr\u00f6hrchen stecken oder mit gr\u00fcnem Floralband umwickeln. Um die Schnittfl\u00e4chen zu versiegeln, die Stiele direkt nach dem Schneiden erst f\u00fcr ein paar Sekunden in circa 60 Grad hei\u00dfes und anschlie\u00dfend direkt in kaltes Wasser tauchen.<\/p>\n<p><strong>Nachhaltige DIY-Idee:<\/strong> Recycling-Christbaum mit Weihnachtssternen<\/p>\n<p><img decoding=\"async\" class=\"aligncenter size-full wp-image-105361\" src=\"https:\/\/spanienaktuell.net\/wordpress\/wp-content\/uploads\/2024\/11\/www.png\" alt=\"\" width=\"675\" height=\"532\" srcset=\"https:\/\/spanienaktuell.net\/wordpress\/wp-content\/uploads\/2024\/11\/www.png 675w, https:\/\/spanienaktuell.net\/wordpress\/wp-content\/uploads\/2024\/11\/www-300x236.png 300w, https:\/\/spanienaktuell.net\/wordpress\/wp-content\/uploads\/2024\/11\/www-350x276.png 350w\" sizes=\"(max-width: 675px) 100vw, 675px\" \/><\/p>\n<p>Der DIY-Tannenbaum im Landhausstil ist perfekt f\u00fcr alle, denen ein nachhaltiger Lebensstil am Herzen liegt. Es handelt sich um ein Recycling-Projekt, denn der Baum wird aus einem alten Baumstamm (zum Beispiel vom Christbaum aus dem Vorjahr), Draht und losen Tannenzweigen zusammengesetzt.<\/p>\n<p><strong>Und so wird\u2019s gemacht:<\/strong> Aus einem St\u00fcck Drahtgeflecht eine Tanne formen und diese mit Elefantendraht an dem Stamm fixieren. Anschlie\u00dfend Tannenzweige an das Drahtgeflecht binden, Weihnachtsstern-Kokedamas herstellen und mit Paketschnur am Baum aufh\u00e4ngen. Zum Schluss einen besonders prachtvollen geschnittene.<\/p>\n<p>Weihnachtsstern in einem mit Wasser gef\u00fcllten Reagenzgl\u00e4schen an der Spitze des Baumes befestigen. F\u00fcr die Kokedamas Mini-Weihnachtssterne aus ihren Pflanzt\u00f6pfen nehmen, die Erdballen mit Moos umwickeln und das Moos mit d\u00fcnnem Draht fixieren. Nicht vergessen, die Weihnachtssterne vor dem Einwickeln gr\u00fcndlich zu w\u00e4ssern. Sp\u00e4ter kann man die Mini-Pflanzen entweder behutsam von oben gie\u00dfen oder die Moosb\u00e4lle regelm\u00e4\u00dfig kurz in ein Gef\u00e4\u00df mit lauwarmem Wasser legen, so dass sie sich vollsaugen k\u00f6nnen.<\/p>\n<p><strong>Weihnachtssterne f\u00fcr eine stimmungsvolle Weihnachtsb\u00e4ckerei<\/strong><\/p>\n<p><img decoding=\"async\" class=\"aligncenter size-full wp-image-105364\" src=\"https:\/\/spanienaktuell.net\/wordpress\/wp-content\/uploads\/2024\/11\/2024_Poinsettia_04000_Cosy_Cottage_Charm_15-scaled.jpg\" alt=\"\" width=\"1440\" height=\"960\" srcset=\"https:\/\/spanienaktuell.net\/wordpress\/wp-content\/uploads\/2024\/11\/2024_Poinsettia_04000_Cosy_Cottage_Charm_15-scaled.jpg 1440w, https:\/\/spanienaktuell.net\/wordpress\/wp-content\/uploads\/2024\/11\/2024_Poinsettia_04000_Cosy_Cottage_Charm_15-300x200.jpg 300w, https:\/\/spanienaktuell.net\/wordpress\/wp-content\/uploads\/2024\/11\/2024_Poinsettia_04000_Cosy_Cottage_Charm_15-1024x683.jpg 1024w, https:\/\/spanienaktuell.net\/wordpress\/wp-content\/uploads\/2024\/11\/2024_Poinsettia_04000_Cosy_Cottage_Charm_15-768x512.jpg 768w, https:\/\/spanienaktuell.net\/wordpress\/wp-content\/uploads\/2024\/11\/2024_Poinsettia_04000_Cosy_Cottage_Charm_15-1536x1025.jpg 1536w, https:\/\/spanienaktuell.net\/wordpress\/wp-content\/uploads\/2024\/11\/2024_Poinsettia_04000_Cosy_Cottage_Charm_15-2048x1366.jpg 2048w, https:\/\/spanienaktuell.net\/wordpress\/wp-content\/uploads\/2024\/11\/2024_Poinsettia_04000_Cosy_Cottage_Charm_15-350x233.jpg 350w\" sizes=\"(max-width: 1440px) 100vw, 1440px\" \/><\/p>\n<p>Weihnachtszeit ist Pl\u00e4tzchenzeit. F\u00fcr das passende, nostalgische Ambiente bei gemeinschaftlichen Backaktionen sorgen prachtvolle Weihnachtssterne. An einem hellen Pl\u00e4tzchen in der K\u00fcche f\u00fchlen sich Weihnachtssterne unter Umst\u00e4nden wohler als im Wohnzimmmer, wo es den Pflanzen leicht zu warm wird. Der geeignete Standort ist hell, vor Zugluft gesch\u00fctzt und zwischen 15 und 22 Grad Celsius warm.<\/p>\n<p><strong>Zauberhafte Weihnachtstraditionen im Glanz der Sterne<\/strong><\/p>\n<p>Besonders f\u00fcr Kinder ist die Weihnachtszeit eine magische Zeit voller geheimnisvoller Rituale und Geschichten, in der Kerzenschein und leuchtend rote Weihnachtssterne ein stimmungsvolles Ambiente zaubern.<\/p>\n<p><img decoding=\"async\" class=\"aligncenter size-full wp-image-105366\" src=\"https:\/\/spanienaktuell.net\/wordpress\/wp-content\/uploads\/2024\/11\/2024_Poinsettia_04000_Cosy_Cottage_Charm_33-scaled.jpg\" alt=\"\" width=\"877\" height=\"1080\" srcset=\"https:\/\/spanienaktuell.net\/wordpress\/wp-content\/uploads\/2024\/11\/2024_Poinsettia_04000_Cosy_Cottage_Charm_33-scaled.jpg 877w, https:\/\/spanienaktuell.net\/wordpress\/wp-content\/uploads\/2024\/11\/2024_Poinsettia_04000_Cosy_Cottage_Charm_33-243x300.jpg 243w, https:\/\/spanienaktuell.net\/wordpress\/wp-content\/uploads\/2024\/11\/2024_Poinsettia_04000_Cosy_Cottage_Charm_33-831x1024.jpg 831w, https:\/\/spanienaktuell.net\/wordpress\/wp-content\/uploads\/2024\/11\/2024_Poinsettia_04000_Cosy_Cottage_Charm_33-768x946.jpg 768w, https:\/\/spanienaktuell.net\/wordpress\/wp-content\/uploads\/2024\/11\/2024_Poinsettia_04000_Cosy_Cottage_Charm_33-1247x1536.jpg 1247w, https:\/\/spanienaktuell.net\/wordpress\/wp-content\/uploads\/2024\/11\/2024_Poinsettia_04000_Cosy_Cottage_Charm_33-1662x2048.jpg 1662w, https:\/\/spanienaktuell.net\/wordpress\/wp-content\/uploads\/2024\/11\/2024_Poinsettia_04000_Cosy_Cottage_Charm_33-350x431.jpg 350w\" sizes=\"(max-width: 877px) 100vw, 877px\" \/><\/p>\n<p>Wichtel sind vor allem im skandinavischen Raum zuhause, und die Wichtelt\u00fcr ist dort aus der Adventszeit nicht wegzudenken. Ob die kleinen Kerle sich wohl \u00fcber den Mini-Weihnachtsstern und die S\u00fc\u00dfigkeiten vor ihrem Haus freuen?<\/p>\n<p><em>Quelle Text und Fotos : \u00a9 2024 | <\/em><a href=\"https:\/\/starsforeurope.com\/de\/\"><em>Stars for Europe<\/em><\/a><\/p>\n","protected":false},"excerpt":{"rendered":"<p>Weihnachtssterne verleihen Weihnachtstraditionen zus\u00e4tzlichen Glanz Die Advents- und Weihnachtszeit ist von vielf\u00e4ltigen Traditionen, innigen Momenten mit Familie und Freunden, gl\u00e4nzender [&hellip;]<\/p>\n","protected":false},"author":5,"featured_media":105360,"comment_status":"closed","ping_status":"closed","sticky":false,"template":"","format":"standard","meta":{"footnotes":""},"categories":[30],"tags":[],"class_list":["post-105359","post","type-post","status-publish","format-standard","has-post-thumbnail","hentry","category-recht-gesellschaft"],"yoast_head":"<!-- This site is optimized with the Yoast SEO plugin v27.1.1 - https:\/\/yoast.com\/product\/yoast-seo-wordpress\/ -->\n<title>Weihnachtszeit ist Sternenzeit - Spanien aktuell<\/title>\n<meta name=\"robots\" content=\"index, follow, max-snippet:-1, max-image-preview:large, max-video-preview:-1\" \/>\n<link rel=\"canonical\" href=\"https:\/\/spanienaktuell.net\/wordpress\/weihnachtszeit-ist-sternenzeit\/\" \/>\n<meta property=\"og:locale\" content=\"es_ES\" \/>\n<meta property=\"og:type\" content=\"article\" \/>\n<meta property=\"og:title\" content=\"Weihnachtszeit ist Sternenzeit - Spanien aktuell\" \/>\n<meta property=\"og:description\" content=\"Weihnachtssterne verleihen Weihnachtstraditionen zus\u00e4tzlichen Glanz Die Advents- und Weihnachtszeit ist von vielf\u00e4ltigen Traditionen, innigen Momenten mit Familie und Freunden, gl\u00e4nzender [&hellip;]\" \/>\n<meta property=\"og:url\" content=\"https:\/\/spanienaktuell.net\/wordpress\/weihnachtszeit-ist-sternenzeit\/\" \/>\n<meta property=\"og:site_name\" content=\"Spanien aktuell\" \/>\n<meta property=\"article:published_time\" content=\"2024-11-30T22:39:23+00:00\" \/>\n<meta property=\"og:image\" content=\"https:\/\/spanienaktuell.net\/wordpress\/wp-content\/uploads\/2024\/11\/2024_Poinsettia_04140_DIY_01-853x1024-1-scaled.jpg\" \/>\n\t<meta property=\"og:image:width\" content=\"1440\" \/>\n\t<meta property=\"og:image:height\" content=\"960\" \/>\n\t<meta property=\"og:image:type\" content=\"image\/jpeg\" \/>\n<meta name=\"author\" content=\"Spanien aktuell\" \/>\n<meta name=\"twitter:card\" content=\"summary_large_image\" \/>\n<meta name=\"twitter:label1\" content=\"Escrito por\" \/>\n\t<meta name=\"twitter:data1\" content=\"Spanien aktuell\" \/>\n\t<meta name=\"twitter:label2\" content=\"Tiempo de lectura\" \/>\n\t<meta name=\"twitter:data2\" content=\"7 minutos\" \/>\n<script type=\"application\/ld+json\" class=\"yoast-schema-graph\">{\"@context\":\"https:\/\/schema.org\",\"@graph\":[{\"@type\":\"Article\",\"@id\":\"https:\/\/spanienaktuell.net\/wordpress\/weihnachtszeit-ist-sternenzeit\/#article\",\"isPartOf\":{\"@id\":\"https:\/\/spanienaktuell.net\/wordpress\/weihnachtszeit-ist-sternenzeit\/\"},\"author\":{\"name\":\"Spanien aktuell\",\"@id\":\"https:\/\/spanienaktuell.net\/wordpress\/#\/schema\/person\/f354cdb1409084031b0638a391b0c6bd\"},\"headline\":\"Weihnachtszeit ist Sternenzeit\",\"datePublished\":\"2024-11-30T22:39:23+00:00\",\"mainEntityOfPage\":{\"@id\":\"https:\/\/spanienaktuell.net\/wordpress\/weihnachtszeit-ist-sternenzeit\/\"},\"wordCount\":1063,\"publisher\":{\"@id\":\"https:\/\/spanienaktuell.net\/wordpress\/#organization\"},\"image\":{\"@id\":\"https:\/\/spanienaktuell.net\/wordpress\/weihnachtszeit-ist-sternenzeit\/#primaryimage\"},\"thumbnailUrl\":\"https:\/\/spanienaktuell.net\/wordpress\/wp-content\/uploads\/2024\/11\/2024_Poinsettia_04140_DIY_01-853x1024-1-scaled.jpg\",\"articleSection\":[\"Recht\"],\"inLanguage\":\"es\"},{\"@type\":\"WebPage\",\"@id\":\"https:\/\/spanienaktuell.net\/wordpress\/weihnachtszeit-ist-sternenzeit\/\",\"url\":\"https:\/\/spanienaktuell.net\/wordpress\/weihnachtszeit-ist-sternenzeit\/\",\"name\":\"Weihnachtszeit ist Sternenzeit - Spanien aktuell\",\"isPartOf\":{\"@id\":\"https:\/\/spanienaktuell.net\/wordpress\/#website\"},\"primaryImageOfPage\":{\"@id\":\"https:\/\/spanienaktuell.net\/wordpress\/weihnachtszeit-ist-sternenzeit\/#primaryimage\"},\"image\":{\"@id\":\"https:\/\/spanienaktuell.net\/wordpress\/weihnachtszeit-ist-sternenzeit\/#primaryimage\"},\"thumbnailUrl\":\"https:\/\/spanienaktuell.net\/wordpress\/wp-content\/uploads\/2024\/11\/2024_Poinsettia_04140_DIY_01-853x1024-1-scaled.jpg\",\"datePublished\":\"2024-11-30T22:39:23+00:00\",\"breadcrumb\":{\"@id\":\"https:\/\/spanienaktuell.net\/wordpress\/weihnachtszeit-ist-sternenzeit\/#breadcrumb\"},\"inLanguage\":\"es\",\"potentialAction\":[{\"@type\":\"ReadAction\",\"target\":[\"https:\/\/spanienaktuell.net\/wordpress\/weihnachtszeit-ist-sternenzeit\/\"]}]},{\"@type\":\"ImageObject\",\"inLanguage\":\"es\",\"@id\":\"https:\/\/spanienaktuell.net\/wordpress\/weihnachtszeit-ist-sternenzeit\/#primaryimage\",\"url\":\"https:\/\/spanienaktuell.net\/wordpress\/wp-content\/uploads\/2024\/11\/2024_Poinsettia_04140_DIY_01-853x1024-1-scaled.jpg\",\"contentUrl\":\"https:\/\/spanienaktuell.net\/wordpress\/wp-content\/uploads\/2024\/11\/2024_Poinsettia_04140_DIY_01-853x1024-1-scaled.jpg\",\"width\":1440,\"height\":960},{\"@type\":\"BreadcrumbList\",\"@id\":\"https:\/\/spanienaktuell.net\/wordpress\/weihnachtszeit-ist-sternenzeit\/#breadcrumb\",\"itemListElement\":[{\"@type\":\"ListItem\",\"position\":1,\"name\":\"Portada\",\"item\":\"https:\/\/spanienaktuell.net\/wordpress\/\"},{\"@type\":\"ListItem\",\"position\":2,\"name\":\"Weihnachtszeit ist Sternenzeit\"}]},{\"@type\":\"WebSite\",\"@id\":\"https:\/\/spanienaktuell.net\/wordpress\/#website\",\"url\":\"https:\/\/spanienaktuell.net\/wordpress\/\",\"name\":\"Spanien aktuell\",\"description\":\"The German magazine number 1 on the Costa del Sol\",\"publisher\":{\"@id\":\"https:\/\/spanienaktuell.net\/wordpress\/#organization\"},\"potentialAction\":[{\"@type\":\"SearchAction\",\"target\":{\"@type\":\"EntryPoint\",\"urlTemplate\":\"https:\/\/spanienaktuell.net\/wordpress\/?s={search_term_string}\"},\"query-input\":{\"@type\":\"PropertyValueSpecification\",\"valueRequired\":true,\"valueName\":\"search_term_string\"}}],\"inLanguage\":\"es\"},{\"@type\":\"Organization\",\"@id\":\"https:\/\/spanienaktuell.net\/wordpress\/#organization\",\"name\":\"Spanien aktuell\",\"url\":\"https:\/\/spanienaktuell.net\/wordpress\/\",\"logo\":{\"@type\":\"ImageObject\",\"inLanguage\":\"es\",\"@id\":\"https:\/\/spanienaktuell.net\/wordpress\/#\/schema\/logo\/image\/\",\"url\":\"https:\/\/spanienaktuell.net\/wordpress\/wp-content\/uploads\/2019\/06\/cropped-Logo-spanien-aktuell-png-web-e1561631085388.png\",\"contentUrl\":\"https:\/\/spanienaktuell.net\/wordpress\/wp-content\/uploads\/2019\/06\/cropped-Logo-spanien-aktuell-png-web-e1561631085388.png\",\"width\":512,\"height\":110,\"caption\":\"Spanien aktuell\"},\"image\":{\"@id\":\"https:\/\/spanienaktuell.net\/wordpress\/#\/schema\/logo\/image\/\"}},{\"@type\":\"Person\",\"@id\":\"https:\/\/spanienaktuell.net\/wordpress\/#\/schema\/person\/f354cdb1409084031b0638a391b0c6bd\",\"name\":\"Spanien aktuell\",\"image\":{\"@type\":\"ImageObject\",\"inLanguage\":\"es\",\"@id\":\"https:\/\/spanienaktuell.net\/wordpress\/#\/schema\/person\/image\/\",\"url\":\"https:\/\/spanienaktuell.net\/wordpress\/wp-content\/uploads\/2019\/06\/Logo-spanien-aktuell-png-fav2-100x100.png\",\"contentUrl\":\"https:\/\/spanienaktuell.net\/wordpress\/wp-content\/uploads\/2019\/06\/Logo-spanien-aktuell-png-fav2-100x100.png\",\"caption\":\"Spanien aktuell\"},\"url\":\"https:\/\/spanienaktuell.net\/wordpress\/author\/jcotilla\/\"}]}<\/script>\n<!-- \/ Yoast SEO plugin. -->","yoast_head_json":{"title":"Weihnachtszeit ist Sternenzeit - Spanien aktuell","robots":{"index":"index","follow":"follow","max-snippet":"max-snippet:-1","max-image-preview":"max-image-preview:large","max-video-preview":"max-video-preview:-1"},"canonical":"https:\/\/spanienaktuell.net\/wordpress\/weihnachtszeit-ist-sternenzeit\/","og_locale":"es_ES","og_type":"article","og_title":"Weihnachtszeit ist Sternenzeit - Spanien aktuell","og_description":"Weihnachtssterne verleihen Weihnachtstraditionen zus\u00e4tzlichen Glanz Die Advents- und Weihnachtszeit ist von vielf\u00e4ltigen Traditionen, innigen Momenten mit Familie und Freunden, gl\u00e4nzender [&hellip;]","og_url":"https:\/\/spanienaktuell.net\/wordpress\/weihnachtszeit-ist-sternenzeit\/","og_site_name":"Spanien aktuell","article_published_time":"2024-11-30T22:39:23+00:00","og_image":[{"width":1440,"height":960,"url":"https:\/\/spanienaktuell.net\/wordpress\/wp-content\/uploads\/2024\/11\/2024_Poinsettia_04140_DIY_01-853x1024-1-scaled.jpg","type":"image\/jpeg"}],"author":"Spanien aktuell","twitter_card":"summary_large_image","twitter_misc":{"Escrito por":"Spanien aktuell","Tiempo de lectura":"7 minutos"},"schema":{"@context":"https:\/\/schema.org","@graph":[{"@type":"Article","@id":"https:\/\/spanienaktuell.net\/wordpress\/weihnachtszeit-ist-sternenzeit\/#article","isPartOf":{"@id":"https:\/\/spanienaktuell.net\/wordpress\/weihnachtszeit-ist-sternenzeit\/"},"author":{"name":"Spanien aktuell","@id":"https:\/\/spanienaktuell.net\/wordpress\/#\/schema\/person\/f354cdb1409084031b0638a391b0c6bd"},"headline":"Weihnachtszeit ist Sternenzeit","datePublished":"2024-11-30T22:39:23+00:00","mainEntityOfPage":{"@id":"https:\/\/spanienaktuell.net\/wordpress\/weihnachtszeit-ist-sternenzeit\/"},"wordCount":1063,"publisher":{"@id":"https:\/\/spanienaktuell.net\/wordpress\/#organization"},"image":{"@id":"https:\/\/spanienaktuell.net\/wordpress\/weihnachtszeit-ist-sternenzeit\/#primaryimage"},"thumbnailUrl":"https:\/\/spanienaktuell.net\/wordpress\/wp-content\/uploads\/2024\/11\/2024_Poinsettia_04140_DIY_01-853x1024-1-scaled.jpg","articleSection":["Recht"],"inLanguage":"es"},{"@type":"WebPage","@id":"https:\/\/spanienaktuell.net\/wordpress\/weihnachtszeit-ist-sternenzeit\/","url":"https:\/\/spanienaktuell.net\/wordpress\/weihnachtszeit-ist-sternenzeit\/","name":"Weihnachtszeit ist Sternenzeit - Spanien aktuell","isPartOf":{"@id":"https:\/\/spanienaktuell.net\/wordpress\/#website"},"primaryImageOfPage":{"@id":"https:\/\/spanienaktuell.net\/wordpress\/weihnachtszeit-ist-sternenzeit\/#primaryimage"},"image":{"@id":"https:\/\/spanienaktuell.net\/wordpress\/weihnachtszeit-ist-sternenzeit\/#primaryimage"},"thumbnailUrl":"https:\/\/spanienaktuell.net\/wordpress\/wp-content\/uploads\/2024\/11\/2024_Poinsettia_04140_DIY_01-853x1024-1-scaled.jpg","datePublished":"2024-11-30T22:39:23+00:00","breadcrumb":{"@id":"https:\/\/spanienaktuell.net\/wordpress\/weihnachtszeit-ist-sternenzeit\/#breadcrumb"},"inLanguage":"es","potentialAction":[{"@type":"ReadAction","target":["https:\/\/spanienaktuell.net\/wordpress\/weihnachtszeit-ist-sternenzeit\/"]}]},{"@type":"ImageObject","inLanguage":"es","@id":"https:\/\/spanienaktuell.net\/wordpress\/weihnachtszeit-ist-sternenzeit\/#primaryimage","url":"https:\/\/spanienaktuell.net\/wordpress\/wp-content\/uploads\/2024\/11\/2024_Poinsettia_04140_DIY_01-853x1024-1-scaled.jpg","contentUrl":"https:\/\/spanienaktuell.net\/wordpress\/wp-content\/uploads\/2024\/11\/2024_Poinsettia_04140_DIY_01-853x1024-1-scaled.jpg","width":1440,"height":960},{"@type":"BreadcrumbList","@id":"https:\/\/spanienaktuell.net\/wordpress\/weihnachtszeit-ist-sternenzeit\/#breadcrumb","itemListElement":[{"@type":"ListItem","position":1,"name":"Portada","item":"https:\/\/spanienaktuell.net\/wordpress\/"},{"@type":"ListItem","position":2,"name":"Weihnachtszeit ist Sternenzeit"}]},{"@type":"WebSite","@id":"https:\/\/spanienaktuell.net\/wordpress\/#website","url":"https:\/\/spanienaktuell.net\/wordpress\/","name":"Spanien aktuell","description":"The German magazine number 1 on the Costa del Sol","publisher":{"@id":"https:\/\/spanienaktuell.net\/wordpress\/#organization"},"potentialAction":[{"@type":"SearchAction","target":{"@type":"EntryPoint","urlTemplate":"https:\/\/spanienaktuell.net\/wordpress\/?s={search_term_string}"},"query-input":{"@type":"PropertyValueSpecification","valueRequired":true,"valueName":"search_term_string"}}],"inLanguage":"es"},{"@type":"Organization","@id":"https:\/\/spanienaktuell.net\/wordpress\/#organization","name":"Spanien aktuell","url":"https:\/\/spanienaktuell.net\/wordpress\/","logo":{"@type":"ImageObject","inLanguage":"es","@id":"https:\/\/spanienaktuell.net\/wordpress\/#\/schema\/logo\/image\/","url":"https:\/\/spanienaktuell.net\/wordpress\/wp-content\/uploads\/2019\/06\/cropped-Logo-spanien-aktuell-png-web-e1561631085388.png","contentUrl":"https:\/\/spanienaktuell.net\/wordpress\/wp-content\/uploads\/2019\/06\/cropped-Logo-spanien-aktuell-png-web-e1561631085388.png","width":512,"height":110,"caption":"Spanien aktuell"},"image":{"@id":"https:\/\/spanienaktuell.net\/wordpress\/#\/schema\/logo\/image\/"}},{"@type":"Person","@id":"https:\/\/spanienaktuell.net\/wordpress\/#\/schema\/person\/f354cdb1409084031b0638a391b0c6bd","name":"Spanien aktuell","image":{"@type":"ImageObject","inLanguage":"es","@id":"https:\/\/spanienaktuell.net\/wordpress\/#\/schema\/person\/image\/","url":"https:\/\/spanienaktuell.net\/wordpress\/wp-content\/uploads\/2019\/06\/Logo-spanien-aktuell-png-fav2-100x100.png","contentUrl":"https:\/\/spanienaktuell.net\/wordpress\/wp-content\/uploads\/2019\/06\/Logo-spanien-aktuell-png-fav2-100x100.png","caption":"Spanien aktuell"},"url":"https:\/\/spanienaktuell.net\/wordpress\/author\/jcotilla\/"}]}},"_links":{"self":[{"href":"https:\/\/spanienaktuell.net\/wordpress\/wp-json\/wp\/v2\/posts\/105359","targetHints":{"allow":["GET"]}}],"collection":[{"href":"https:\/\/spanienaktuell.net\/wordpress\/wp-json\/wp\/v2\/posts"}],"about":[{"href":"https:\/\/spanienaktuell.net\/wordpress\/wp-json\/wp\/v2\/types\/post"}],"author":[{"embeddable":true,"href":"https:\/\/spanienaktuell.net\/wordpress\/wp-json\/wp\/v2\/users\/5"}],"replies":[{"embeddable":true,"href":"https:\/\/spanienaktuell.net\/wordpress\/wp-json\/wp\/v2\/comments?post=105359"}],"version-history":[{"count":1,"href":"https:\/\/spanienaktuell.net\/wordpress\/wp-json\/wp\/v2\/posts\/105359\/revisions"}],"predecessor-version":[{"id":105368,"href":"https:\/\/spanienaktuell.net\/wordpress\/wp-json\/wp\/v2\/posts\/105359\/revisions\/105368"}],"wp:featuredmedia":[{"embeddable":true,"href":"https:\/\/spanienaktuell.net\/wordpress\/wp-json\/wp\/v2\/media\/105360"}],"wp:attachment":[{"href":"https:\/\/spanienaktuell.net\/wordpress\/wp-json\/wp\/v2\/media?parent=105359"}],"wp:term":[{"taxonomy":"category","embeddable":true,"href":"https:\/\/spanienaktuell.net\/wordpress\/wp-json\/wp\/v2\/categories?post=105359"},{"taxonomy":"post_tag","embeddable":true,"href":"https:\/\/spanienaktuell.net\/wordpress\/wp-json\/wp\/v2\/tags?post=105359"}],"curies":[{"name":"wp","href":"https:\/\/api.w.org\/{rel}","templated":true}]}}