{"id":106079,"date":"2025-03-01T00:44:17","date_gmt":"2025-02-28T22:44:17","guid":{"rendered":"https:\/\/spanienaktuell.net\/wordpress\/?p=106079"},"modified":"2025-02-28T10:48:28","modified_gmt":"2025-02-28T08:48:28","slug":"ki-sollte-besser-nicht-vermenschlicht-werden","status":"publish","type":"post","link":"https:\/\/spanienaktuell.net\/wordpress\/ki-sollte-besser-nicht-vermenschlicht-werden\/","title":{"rendered":"KI sollte besser nicht vermenschlicht werden"},"content":{"rendered":"<p><em>Wissenschaftler warnen Benutzer davor, Technologie blind als einen Partner im Leben zu sehen<\/em><\/p>\n<figure id=\"attachment_106082\" aria-describedby=\"caption-attachment-106082\" style=\"width: 1440px\" class=\"wp-caption aligncenter\"><img decoding=\"async\" class=\"size-full wp-image-106082\" src=\"https:\/\/spanienaktuell.net\/wordpress\/wp-content\/uploads\/2025\/02\/Foto-Pixabay-Aberrant-Realities-backgrounds-8760105_1920-scaled.jpg\" alt=\"\" width=\"1440\" height=\"960\" srcset=\"https:\/\/spanienaktuell.net\/wordpress\/wp-content\/uploads\/2025\/02\/Foto-Pixabay-Aberrant-Realities-backgrounds-8760105_1920-scaled.jpg 1440w, https:\/\/spanienaktuell.net\/wordpress\/wp-content\/uploads\/2025\/02\/Foto-Pixabay-Aberrant-Realities-backgrounds-8760105_1920-300x200.jpg 300w, https:\/\/spanienaktuell.net\/wordpress\/wp-content\/uploads\/2025\/02\/Foto-Pixabay-Aberrant-Realities-backgrounds-8760105_1920-1024x683.jpg 1024w, https:\/\/spanienaktuell.net\/wordpress\/wp-content\/uploads\/2025\/02\/Foto-Pixabay-Aberrant-Realities-backgrounds-8760105_1920-768x512.jpg 768w, https:\/\/spanienaktuell.net\/wordpress\/wp-content\/uploads\/2025\/02\/Foto-Pixabay-Aberrant-Realities-backgrounds-8760105_1920-1536x1024.jpg 1536w, https:\/\/spanienaktuell.net\/wordpress\/wp-content\/uploads\/2025\/02\/Foto-Pixabay-Aberrant-Realities-backgrounds-8760105_1920-350x233.jpg 350w\" sizes=\"(max-width: 1440px) 100vw, 1440px\" \/><figcaption id=\"caption-attachment-106082\" class=\"wp-caption-text\">Foto: Pixabay &#8211; Aberrant Realities<\/figcaption><\/figure>\n<p>Mit dem Aufkommen K\u00fcnstlicher Intelligenz (KI) nimmt der sogenannte Anthropomorphismus eine neue Dimension an. \u201eNormalerweise erwarten wir von einer Technologie oder Maschine, dass sie pr\u00e4ziser, spezifischer, schneller und weitaus effizienter ist als wir. Doch die Ergebnisse von KI wirken menschlich, weil sie menschen\u00e4hnliche Eigenschaften aufweisen. Sie sind ungenau, anpassungsf\u00e4hig und \u00fcberraschend\u00bb, so Daniel Huttenlocher vom Schwarzman College of Computing am <a href=\"https:\/\/www.mit.edu\/\">Massachusetts Institute of Technology<\/a>.<\/p>\n<p><strong>KI Spiegelbild der Entwickler<\/strong><\/p>\n<p>\u201eKI-Systeme wirken menschlich, weil sie die Entscheidungen widerspiegeln, die ihnen von ihren Entwicklern beigebracht wurden, und vermitteln deren eigenen Werte, \u00dcberzeugungen und Moralvorstellungen\u00bb, so Johan Rochel von der Eidgen\u00f6ssischen <a href=\"https:\/\/www.epfl.ch\/de\/\">Technischen Hochschule Lausanne<\/a> (EPFL). Oft beginne der Anthropomorphismus mit der Gestaltung der Schnittstellen von KI-Systemen.<\/p>\n<figure id=\"attachment_106081\" aria-describedby=\"caption-attachment-106081\" style=\"width: 1440px\" class=\"wp-caption aligncenter\"><img decoding=\"async\" class=\"size-full wp-image-106081\" src=\"https:\/\/spanienaktuell.net\/wordpress\/wp-content\/uploads\/2025\/02\/Foto-2025-Adobe-AdobeStock_489260702-scaled.jpeg\" alt=\"\" width=\"1440\" height=\"718\" srcset=\"https:\/\/spanienaktuell.net\/wordpress\/wp-content\/uploads\/2025\/02\/Foto-2025-Adobe-AdobeStock_489260702-scaled.jpeg 1440w, https:\/\/spanienaktuell.net\/wordpress\/wp-content\/uploads\/2025\/02\/Foto-2025-Adobe-AdobeStock_489260702-300x150.jpeg 300w, https:\/\/spanienaktuell.net\/wordpress\/wp-content\/uploads\/2025\/02\/Foto-2025-Adobe-AdobeStock_489260702-1024x511.jpeg 1024w, https:\/\/spanienaktuell.net\/wordpress\/wp-content\/uploads\/2025\/02\/Foto-2025-Adobe-AdobeStock_489260702-768x383.jpeg 768w, https:\/\/spanienaktuell.net\/wordpress\/wp-content\/uploads\/2025\/02\/Foto-2025-Adobe-AdobeStock_489260702-1536x766.jpeg 1536w, https:\/\/spanienaktuell.net\/wordpress\/wp-content\/uploads\/2025\/02\/Foto-2025-Adobe-AdobeStock_489260702-2048x1021.jpeg 2048w, https:\/\/spanienaktuell.net\/wordpress\/wp-content\/uploads\/2025\/02\/Foto-2025-Adobe-AdobeStock_489260702-350x175.jpeg 350w\" sizes=\"(max-width: 1440px) 100vw, 1440px\" \/><figcaption id=\"caption-attachment-106081\" class=\"wp-caption-text\">Foto: \u00a9 2025 Adobe<\/figcaption><\/figure>\n<p>\u201eDer Grund, warum Benutzer KI-Maschinen vermenschlichen, liegt darin, dass die Maschinen von Anfang an so konzipiert wurden, dass sie menschliche Eigenschaften aufweisen. So hat Amazons Alexa beispielsweise eine warme Stimme und einen menschlichen Namen, und ChatGPT ist genauso h\u00f6flich und freundlich, wie es ein Mensch w\u00e4re. Diese Eigenschaften wurden eingebaut, um die Bedienung der Maschinen einfach und angenehm zu gestalten\u00bb, sagt Rochel.<\/p>\n<p><strong>KI kann User-Meinung \u00e4ndern<\/strong><\/p>\n<p>Maschinen menschlich erscheinen zu lassen, ist jedoch nicht so einfach. \u201eEs ist eine echte technische Herausforderung. Ein perfekt anthropomorphisiertes KI-System m\u00fcsste die menschliche Sprache mit all ihren Nuancen vollst\u00e4ndig beherrschen und in der Lage sein, Emotionen zu erkennen und angemessen zu reagieren, Informationen in Echtzeit zu verarbeiten, sich an einzelne Benutzer anzupassen und so weiter\u00bb, meint Marcel Salath\u00e9, Co-Leiter des KI-Zentrums der EPFL.<\/p>\n<figure id=\"attachment_106080\" aria-describedby=\"caption-attachment-106080\" style=\"width: 1440px\" class=\"wp-caption aligncenter\"><img decoding=\"async\" class=\"size-full wp-image-106080\" src=\"https:\/\/spanienaktuell.net\/wordpress\/wp-content\/uploads\/2025\/02\/Foto-2025-Adobe-AdobeStock_441485698-scaled.jpeg\" alt=\"\" width=\"1440\" height=\"810\" srcset=\"https:\/\/spanienaktuell.net\/wordpress\/wp-content\/uploads\/2025\/02\/Foto-2025-Adobe-AdobeStock_441485698-scaled.jpeg 1440w, https:\/\/spanienaktuell.net\/wordpress\/wp-content\/uploads\/2025\/02\/Foto-2025-Adobe-AdobeStock_441485698-300x169.jpeg 300w, https:\/\/spanienaktuell.net\/wordpress\/wp-content\/uploads\/2025\/02\/Foto-2025-Adobe-AdobeStock_441485698-1024x576.jpeg 1024w, https:\/\/spanienaktuell.net\/wordpress\/wp-content\/uploads\/2025\/02\/Foto-2025-Adobe-AdobeStock_441485698-768x432.jpeg 768w, https:\/\/spanienaktuell.net\/wordpress\/wp-content\/uploads\/2025\/02\/Foto-2025-Adobe-AdobeStock_441485698-1536x864.jpeg 1536w, https:\/\/spanienaktuell.net\/wordpress\/wp-content\/uploads\/2025\/02\/Foto-2025-Adobe-AdobeStock_441485698-2048x1152.jpeg 2048w, https:\/\/spanienaktuell.net\/wordpress\/wp-content\/uploads\/2025\/02\/Foto-2025-Adobe-AdobeStock_441485698-350x197.jpeg 350w\" sizes=\"(max-width: 1440px) 100vw, 1440px\" \/><figcaption id=\"caption-attachment-106080\" class=\"wp-caption-text\">Foto: \u00a9 2025 Adobe<\/figcaption><\/figure>\n<p>Laut einer Studie von EPFL-Forscher Robert West kann ein KI-System die User-Meinung \u00e4ndern, wenn dieser mit dem System \u00fcber ein bestimmtes Thema interagiert und das System Zugriff auf pers\u00f6nlichen Daten des Benutzers hat. Das wirft Fragen zu den gesellschaftlichen KI-Auswirkungen auf, da sie sich nicht nur als verbesserte digitale Technologie einsetzen l\u00e4sst, sondern auch dazu, Gespr\u00e4che zu generieren, die Entscheidungen beeinflussen. Dessen m\u00fcsse man sich stets bewusst sein.<\/p>\n<p><em>Quelle: Lausanne\/Cambridge pte004 <\/em><a href=\"https:\/\/www.mit.edu\/\"><em>https:\/\/www.mit.edu\/<\/em><\/a><em>\u00a0 <\/em><a href=\"https:\/\/www.epfl.ch\/de\/\"><em>https:\/\/www.epfl.ch\/de\/<\/em><\/a><\/p>\n","protected":false},"excerpt":{"rendered":"<p>Wissenschaftler warnen Benutzer davor, Technologie blind als einen Partner im Leben zu sehen Mit dem Aufkommen K\u00fcnstlicher Intelligenz (KI) nimmt [&hellip;]<\/p>\n","protected":false},"author":5,"featured_media":106082,"comment_status":"closed","ping_status":"closed","sticky":false,"template":"","format":"standard","meta":{"footnotes":""},"categories":[30],"tags":[],"class_list":["post-106079","post","type-post","status-publish","format-standard","has-post-thumbnail","hentry","category-recht-gesellschaft"],"yoast_head":"<!-- This site is optimized with the Yoast SEO plugin v27.1.1 - https:\/\/yoast.com\/product\/yoast-seo-wordpress\/ -->\n<title>KI sollte besser nicht vermenschlicht werden - Spanien aktuell<\/title>\n<meta name=\"robots\" content=\"index, follow, max-snippet:-1, max-image-preview:large, max-video-preview:-1\" \/>\n<link rel=\"canonical\" href=\"https:\/\/spanienaktuell.net\/wordpress\/ki-sollte-besser-nicht-vermenschlicht-werden\/\" \/>\n<meta property=\"og:locale\" content=\"es_ES\" \/>\n<meta property=\"og:type\" content=\"article\" \/>\n<meta property=\"og:title\" content=\"KI sollte besser nicht vermenschlicht werden - Spanien aktuell\" \/>\n<meta property=\"og:description\" content=\"Wissenschaftler warnen Benutzer davor, Technologie blind als einen Partner im Leben zu sehen Mit dem Aufkommen K\u00fcnstlicher Intelligenz (KI) nimmt [&hellip;]\" \/>\n<meta property=\"og:url\" content=\"https:\/\/spanienaktuell.net\/wordpress\/ki-sollte-besser-nicht-vermenschlicht-werden\/\" \/>\n<meta property=\"og:site_name\" content=\"Spanien aktuell\" \/>\n<meta property=\"article:published_time\" content=\"2025-02-28T22:44:17+00:00\" \/>\n<meta property=\"og:image\" content=\"https:\/\/spanienaktuell.net\/wordpress\/wp-content\/uploads\/2025\/02\/Foto-Pixabay-Aberrant-Realities-backgrounds-8760105_1920-scaled.jpg\" \/>\n\t<meta property=\"og:image:width\" content=\"1440\" \/>\n\t<meta property=\"og:image:height\" content=\"960\" \/>\n\t<meta property=\"og:image:type\" content=\"image\/jpeg\" \/>\n<meta name=\"author\" content=\"Spanien aktuell\" \/>\n<meta name=\"twitter:card\" content=\"summary_large_image\" \/>\n<meta name=\"twitter:label1\" content=\"Escrito por\" \/>\n\t<meta name=\"twitter:data1\" content=\"Spanien aktuell\" \/>\n\t<meta name=\"twitter:label2\" content=\"Tiempo de lectura\" \/>\n\t<meta name=\"twitter:data2\" content=\"3 minutos\" \/>\n<script type=\"application\/ld+json\" class=\"yoast-schema-graph\">{\"@context\":\"https:\/\/schema.org\",\"@graph\":[{\"@type\":\"Article\",\"@id\":\"https:\/\/spanienaktuell.net\/wordpress\/ki-sollte-besser-nicht-vermenschlicht-werden\/#article\",\"isPartOf\":{\"@id\":\"https:\/\/spanienaktuell.net\/wordpress\/ki-sollte-besser-nicht-vermenschlicht-werden\/\"},\"author\":{\"name\":\"Spanien aktuell\",\"@id\":\"https:\/\/spanienaktuell.net\/wordpress\/#\/schema\/person\/f354cdb1409084031b0638a391b0c6bd\"},\"headline\":\"KI sollte besser nicht vermenschlicht werden\",\"datePublished\":\"2025-02-28T22:44:17+00:00\",\"mainEntityOfPage\":{\"@id\":\"https:\/\/spanienaktuell.net\/wordpress\/ki-sollte-besser-nicht-vermenschlicht-werden\/\"},\"wordCount\":384,\"publisher\":{\"@id\":\"https:\/\/spanienaktuell.net\/wordpress\/#organization\"},\"image\":{\"@id\":\"https:\/\/spanienaktuell.net\/wordpress\/ki-sollte-besser-nicht-vermenschlicht-werden\/#primaryimage\"},\"thumbnailUrl\":\"https:\/\/spanienaktuell.net\/wordpress\/wp-content\/uploads\/2025\/02\/Foto-Pixabay-Aberrant-Realities-backgrounds-8760105_1920-scaled.jpg\",\"articleSection\":[\"Recht\"],\"inLanguage\":\"es\"},{\"@type\":\"WebPage\",\"@id\":\"https:\/\/spanienaktuell.net\/wordpress\/ki-sollte-besser-nicht-vermenschlicht-werden\/\",\"url\":\"https:\/\/spanienaktuell.net\/wordpress\/ki-sollte-besser-nicht-vermenschlicht-werden\/\",\"name\":\"KI sollte besser nicht vermenschlicht werden - Spanien aktuell\",\"isPartOf\":{\"@id\":\"https:\/\/spanienaktuell.net\/wordpress\/#website\"},\"primaryImageOfPage\":{\"@id\":\"https:\/\/spanienaktuell.net\/wordpress\/ki-sollte-besser-nicht-vermenschlicht-werden\/#primaryimage\"},\"image\":{\"@id\":\"https:\/\/spanienaktuell.net\/wordpress\/ki-sollte-besser-nicht-vermenschlicht-werden\/#primaryimage\"},\"thumbnailUrl\":\"https:\/\/spanienaktuell.net\/wordpress\/wp-content\/uploads\/2025\/02\/Foto-Pixabay-Aberrant-Realities-backgrounds-8760105_1920-scaled.jpg\",\"datePublished\":\"2025-02-28T22:44:17+00:00\",\"breadcrumb\":{\"@id\":\"https:\/\/spanienaktuell.net\/wordpress\/ki-sollte-besser-nicht-vermenschlicht-werden\/#breadcrumb\"},\"inLanguage\":\"es\",\"potentialAction\":[{\"@type\":\"ReadAction\",\"target\":[\"https:\/\/spanienaktuell.net\/wordpress\/ki-sollte-besser-nicht-vermenschlicht-werden\/\"]}]},{\"@type\":\"ImageObject\",\"inLanguage\":\"es\",\"@id\":\"https:\/\/spanienaktuell.net\/wordpress\/ki-sollte-besser-nicht-vermenschlicht-werden\/#primaryimage\",\"url\":\"https:\/\/spanienaktuell.net\/wordpress\/wp-content\/uploads\/2025\/02\/Foto-Pixabay-Aberrant-Realities-backgrounds-8760105_1920-scaled.jpg\",\"contentUrl\":\"https:\/\/spanienaktuell.net\/wordpress\/wp-content\/uploads\/2025\/02\/Foto-Pixabay-Aberrant-Realities-backgrounds-8760105_1920-scaled.jpg\",\"width\":1440,\"height\":960,\"caption\":\"Foto: Pixabay - Aberrant Realities\"},{\"@type\":\"BreadcrumbList\",\"@id\":\"https:\/\/spanienaktuell.net\/wordpress\/ki-sollte-besser-nicht-vermenschlicht-werden\/#breadcrumb\",\"itemListElement\":[{\"@type\":\"ListItem\",\"position\":1,\"name\":\"Portada\",\"item\":\"https:\/\/spanienaktuell.net\/wordpress\/\"},{\"@type\":\"ListItem\",\"position\":2,\"name\":\"KI sollte besser nicht vermenschlicht werden\"}]},{\"@type\":\"WebSite\",\"@id\":\"https:\/\/spanienaktuell.net\/wordpress\/#website\",\"url\":\"https:\/\/spanienaktuell.net\/wordpress\/\",\"name\":\"Spanien aktuell\",\"description\":\"The German magazine number 1 on the Costa del Sol\",\"publisher\":{\"@id\":\"https:\/\/spanienaktuell.net\/wordpress\/#organization\"},\"potentialAction\":[{\"@type\":\"SearchAction\",\"target\":{\"@type\":\"EntryPoint\",\"urlTemplate\":\"https:\/\/spanienaktuell.net\/wordpress\/?s={search_term_string}\"},\"query-input\":{\"@type\":\"PropertyValueSpecification\",\"valueRequired\":true,\"valueName\":\"search_term_string\"}}],\"inLanguage\":\"es\"},{\"@type\":\"Organization\",\"@id\":\"https:\/\/spanienaktuell.net\/wordpress\/#organization\",\"name\":\"Spanien aktuell\",\"url\":\"https:\/\/spanienaktuell.net\/wordpress\/\",\"logo\":{\"@type\":\"ImageObject\",\"inLanguage\":\"es\",\"@id\":\"https:\/\/spanienaktuell.net\/wordpress\/#\/schema\/logo\/image\/\",\"url\":\"https:\/\/spanienaktuell.net\/wordpress\/wp-content\/uploads\/2019\/06\/cropped-Logo-spanien-aktuell-png-web-e1561631085388.png\",\"contentUrl\":\"https:\/\/spanienaktuell.net\/wordpress\/wp-content\/uploads\/2019\/06\/cropped-Logo-spanien-aktuell-png-web-e1561631085388.png\",\"width\":512,\"height\":110,\"caption\":\"Spanien aktuell\"},\"image\":{\"@id\":\"https:\/\/spanienaktuell.net\/wordpress\/#\/schema\/logo\/image\/\"}},{\"@type\":\"Person\",\"@id\":\"https:\/\/spanienaktuell.net\/wordpress\/#\/schema\/person\/f354cdb1409084031b0638a391b0c6bd\",\"name\":\"Spanien aktuell\",\"image\":{\"@type\":\"ImageObject\",\"inLanguage\":\"es\",\"@id\":\"https:\/\/spanienaktuell.net\/wordpress\/#\/schema\/person\/image\/\",\"url\":\"https:\/\/spanienaktuell.net\/wordpress\/wp-content\/uploads\/2019\/06\/Logo-spanien-aktuell-png-fav2-100x100.png\",\"contentUrl\":\"https:\/\/spanienaktuell.net\/wordpress\/wp-content\/uploads\/2019\/06\/Logo-spanien-aktuell-png-fav2-100x100.png\",\"caption\":\"Spanien aktuell\"},\"url\":\"https:\/\/spanienaktuell.net\/wordpress\/author\/jcotilla\/\"}]}<\/script>\n<!-- \/ Yoast SEO plugin. -->","yoast_head_json":{"title":"KI sollte besser nicht vermenschlicht werden - Spanien aktuell","robots":{"index":"index","follow":"follow","max-snippet":"max-snippet:-1","max-image-preview":"max-image-preview:large","max-video-preview":"max-video-preview:-1"},"canonical":"https:\/\/spanienaktuell.net\/wordpress\/ki-sollte-besser-nicht-vermenschlicht-werden\/","og_locale":"es_ES","og_type":"article","og_title":"KI sollte besser nicht vermenschlicht werden - Spanien aktuell","og_description":"Wissenschaftler warnen Benutzer davor, Technologie blind als einen Partner im Leben zu sehen Mit dem Aufkommen K\u00fcnstlicher Intelligenz (KI) nimmt [&hellip;]","og_url":"https:\/\/spanienaktuell.net\/wordpress\/ki-sollte-besser-nicht-vermenschlicht-werden\/","og_site_name":"Spanien aktuell","article_published_time":"2025-02-28T22:44:17+00:00","og_image":[{"width":1440,"height":960,"url":"https:\/\/spanienaktuell.net\/wordpress\/wp-content\/uploads\/2025\/02\/Foto-Pixabay-Aberrant-Realities-backgrounds-8760105_1920-scaled.jpg","type":"image\/jpeg"}],"author":"Spanien aktuell","twitter_card":"summary_large_image","twitter_misc":{"Escrito por":"Spanien aktuell","Tiempo de lectura":"3 minutos"},"schema":{"@context":"https:\/\/schema.org","@graph":[{"@type":"Article","@id":"https:\/\/spanienaktuell.net\/wordpress\/ki-sollte-besser-nicht-vermenschlicht-werden\/#article","isPartOf":{"@id":"https:\/\/spanienaktuell.net\/wordpress\/ki-sollte-besser-nicht-vermenschlicht-werden\/"},"author":{"name":"Spanien aktuell","@id":"https:\/\/spanienaktuell.net\/wordpress\/#\/schema\/person\/f354cdb1409084031b0638a391b0c6bd"},"headline":"KI sollte besser nicht vermenschlicht werden","datePublished":"2025-02-28T22:44:17+00:00","mainEntityOfPage":{"@id":"https:\/\/spanienaktuell.net\/wordpress\/ki-sollte-besser-nicht-vermenschlicht-werden\/"},"wordCount":384,"publisher":{"@id":"https:\/\/spanienaktuell.net\/wordpress\/#organization"},"image":{"@id":"https:\/\/spanienaktuell.net\/wordpress\/ki-sollte-besser-nicht-vermenschlicht-werden\/#primaryimage"},"thumbnailUrl":"https:\/\/spanienaktuell.net\/wordpress\/wp-content\/uploads\/2025\/02\/Foto-Pixabay-Aberrant-Realities-backgrounds-8760105_1920-scaled.jpg","articleSection":["Recht"],"inLanguage":"es"},{"@type":"WebPage","@id":"https:\/\/spanienaktuell.net\/wordpress\/ki-sollte-besser-nicht-vermenschlicht-werden\/","url":"https:\/\/spanienaktuell.net\/wordpress\/ki-sollte-besser-nicht-vermenschlicht-werden\/","name":"KI sollte besser nicht vermenschlicht werden - Spanien aktuell","isPartOf":{"@id":"https:\/\/spanienaktuell.net\/wordpress\/#website"},"primaryImageOfPage":{"@id":"https:\/\/spanienaktuell.net\/wordpress\/ki-sollte-besser-nicht-vermenschlicht-werden\/#primaryimage"},"image":{"@id":"https:\/\/spanienaktuell.net\/wordpress\/ki-sollte-besser-nicht-vermenschlicht-werden\/#primaryimage"},"thumbnailUrl":"https:\/\/spanienaktuell.net\/wordpress\/wp-content\/uploads\/2025\/02\/Foto-Pixabay-Aberrant-Realities-backgrounds-8760105_1920-scaled.jpg","datePublished":"2025-02-28T22:44:17+00:00","breadcrumb":{"@id":"https:\/\/spanienaktuell.net\/wordpress\/ki-sollte-besser-nicht-vermenschlicht-werden\/#breadcrumb"},"inLanguage":"es","potentialAction":[{"@type":"ReadAction","target":["https:\/\/spanienaktuell.net\/wordpress\/ki-sollte-besser-nicht-vermenschlicht-werden\/"]}]},{"@type":"ImageObject","inLanguage":"es","@id":"https:\/\/spanienaktuell.net\/wordpress\/ki-sollte-besser-nicht-vermenschlicht-werden\/#primaryimage","url":"https:\/\/spanienaktuell.net\/wordpress\/wp-content\/uploads\/2025\/02\/Foto-Pixabay-Aberrant-Realities-backgrounds-8760105_1920-scaled.jpg","contentUrl":"https:\/\/spanienaktuell.net\/wordpress\/wp-content\/uploads\/2025\/02\/Foto-Pixabay-Aberrant-Realities-backgrounds-8760105_1920-scaled.jpg","width":1440,"height":960,"caption":"Foto: Pixabay - Aberrant Realities"},{"@type":"BreadcrumbList","@id":"https:\/\/spanienaktuell.net\/wordpress\/ki-sollte-besser-nicht-vermenschlicht-werden\/#breadcrumb","itemListElement":[{"@type":"ListItem","position":1,"name":"Portada","item":"https:\/\/spanienaktuell.net\/wordpress\/"},{"@type":"ListItem","position":2,"name":"KI sollte besser nicht vermenschlicht werden"}]},{"@type":"WebSite","@id":"https:\/\/spanienaktuell.net\/wordpress\/#website","url":"https:\/\/spanienaktuell.net\/wordpress\/","name":"Spanien aktuell","description":"The German magazine number 1 on the Costa del Sol","publisher":{"@id":"https:\/\/spanienaktuell.net\/wordpress\/#organization"},"potentialAction":[{"@type":"SearchAction","target":{"@type":"EntryPoint","urlTemplate":"https:\/\/spanienaktuell.net\/wordpress\/?s={search_term_string}"},"query-input":{"@type":"PropertyValueSpecification","valueRequired":true,"valueName":"search_term_string"}}],"inLanguage":"es"},{"@type":"Organization","@id":"https:\/\/spanienaktuell.net\/wordpress\/#organization","name":"Spanien aktuell","url":"https:\/\/spanienaktuell.net\/wordpress\/","logo":{"@type":"ImageObject","inLanguage":"es","@id":"https:\/\/spanienaktuell.net\/wordpress\/#\/schema\/logo\/image\/","url":"https:\/\/spanienaktuell.net\/wordpress\/wp-content\/uploads\/2019\/06\/cropped-Logo-spanien-aktuell-png-web-e1561631085388.png","contentUrl":"https:\/\/spanienaktuell.net\/wordpress\/wp-content\/uploads\/2019\/06\/cropped-Logo-spanien-aktuell-png-web-e1561631085388.png","width":512,"height":110,"caption":"Spanien aktuell"},"image":{"@id":"https:\/\/spanienaktuell.net\/wordpress\/#\/schema\/logo\/image\/"}},{"@type":"Person","@id":"https:\/\/spanienaktuell.net\/wordpress\/#\/schema\/person\/f354cdb1409084031b0638a391b0c6bd","name":"Spanien aktuell","image":{"@type":"ImageObject","inLanguage":"es","@id":"https:\/\/spanienaktuell.net\/wordpress\/#\/schema\/person\/image\/","url":"https:\/\/spanienaktuell.net\/wordpress\/wp-content\/uploads\/2019\/06\/Logo-spanien-aktuell-png-fav2-100x100.png","contentUrl":"https:\/\/spanienaktuell.net\/wordpress\/wp-content\/uploads\/2019\/06\/Logo-spanien-aktuell-png-fav2-100x100.png","caption":"Spanien aktuell"},"url":"https:\/\/spanienaktuell.net\/wordpress\/author\/jcotilla\/"}]}},"_links":{"self":[{"href":"https:\/\/spanienaktuell.net\/wordpress\/wp-json\/wp\/v2\/posts\/106079","targetHints":{"allow":["GET"]}}],"collection":[{"href":"https:\/\/spanienaktuell.net\/wordpress\/wp-json\/wp\/v2\/posts"}],"about":[{"href":"https:\/\/spanienaktuell.net\/wordpress\/wp-json\/wp\/v2\/types\/post"}],"author":[{"embeddable":true,"href":"https:\/\/spanienaktuell.net\/wordpress\/wp-json\/wp\/v2\/users\/5"}],"replies":[{"embeddable":true,"href":"https:\/\/spanienaktuell.net\/wordpress\/wp-json\/wp\/v2\/comments?post=106079"}],"version-history":[{"count":1,"href":"https:\/\/spanienaktuell.net\/wordpress\/wp-json\/wp\/v2\/posts\/106079\/revisions"}],"predecessor-version":[{"id":106083,"href":"https:\/\/spanienaktuell.net\/wordpress\/wp-json\/wp\/v2\/posts\/106079\/revisions\/106083"}],"wp:featuredmedia":[{"embeddable":true,"href":"https:\/\/spanienaktuell.net\/wordpress\/wp-json\/wp\/v2\/media\/106082"}],"wp:attachment":[{"href":"https:\/\/spanienaktuell.net\/wordpress\/wp-json\/wp\/v2\/media?parent=106079"}],"wp:term":[{"taxonomy":"category","embeddable":true,"href":"https:\/\/spanienaktuell.net\/wordpress\/wp-json\/wp\/v2\/categories?post=106079"},{"taxonomy":"post_tag","embeddable":true,"href":"https:\/\/spanienaktuell.net\/wordpress\/wp-json\/wp\/v2\/tags?post=106079"}],"curies":[{"name":"wp","href":"https:\/\/api.w.org\/{rel}","templated":true}]}}