{"id":106088,"date":"2025-03-01T00:53:47","date_gmt":"2025-02-28T22:53:47","guid":{"rendered":"https:\/\/spanienaktuell.net\/wordpress\/?p=106088"},"modified":"2025-02-28T11:04:02","modified_gmt":"2025-02-28T09:04:02","slug":"wasser-muss-gerechter-verteilt-werden","status":"publish","type":"post","link":"https:\/\/spanienaktuell.net\/wordpress\/wasser-muss-gerechter-verteilt-werden\/","title":{"rendered":"Wasser muss gerechter verteilt werden"},"content":{"rendered":"<p><em>Wasseratlas 2025: Wie wir unsere wichtigste Ressource sch\u00fctzen und erhalten<\/em><\/p>\n<figure id=\"attachment_106089\" aria-describedby=\"caption-attachment-106089\" style=\"width: 1211px\" class=\"wp-caption aligncenter\"><img decoding=\"async\" class=\"size-full wp-image-106089\" src=\"https:\/\/spanienaktuell.net\/wordpress\/wp-content\/uploads\/2025\/02\/AdobeStock_284481334-scaled.jpeg\" alt=\"\" width=\"1211\" height=\"1080\" srcset=\"https:\/\/spanienaktuell.net\/wordpress\/wp-content\/uploads\/2025\/02\/AdobeStock_284481334-scaled.jpeg 1211w, https:\/\/spanienaktuell.net\/wordpress\/wp-content\/uploads\/2025\/02\/AdobeStock_284481334-300x267.jpeg 300w, https:\/\/spanienaktuell.net\/wordpress\/wp-content\/uploads\/2025\/02\/AdobeStock_284481334-1024x913.jpeg 1024w, https:\/\/spanienaktuell.net\/wordpress\/wp-content\/uploads\/2025\/02\/AdobeStock_284481334-768x685.jpeg 768w, https:\/\/spanienaktuell.net\/wordpress\/wp-content\/uploads\/2025\/02\/AdobeStock_284481334-1536x1369.jpeg 1536w, https:\/\/spanienaktuell.net\/wordpress\/wp-content\/uploads\/2025\/02\/AdobeStock_284481334-2048x1826.jpeg 2048w, https:\/\/spanienaktuell.net\/wordpress\/wp-content\/uploads\/2025\/02\/AdobeStock_284481334-350x312.jpeg 350w\" sizes=\"(max-width: 1211px) 100vw, 1211px\" \/><figcaption id=\"caption-attachment-106089\" class=\"wp-caption-text\">Foto: \u00a9 2025 Adobe<\/figcaption><\/figure>\n<p>Die Heinrich-B\u00f6ll-Stiftung und der Bund f\u00fcr Umwelt- und Naturschutz Deutschland (BUND) haben den Wasseratlas 2025 ver\u00f6ffentlicht. Er illustriert auf 60 Seiten anschaulich, warum die Ressource Wasser stark unter Druck steht und zeigt bestehende L\u00f6sungsans\u00e4tze, um die Verf\u00fcgbarkeit der Grundlage allen Lebens weltweit zu sichern.<\/p>\n<p>Der Wasserkreislauf unseres Planeten ger\u00e4t durch \u00dcbernutzung, Verschmutzung und die Zerst\u00f6rung intakter Landschaften zunehmend aus dem Gleichgewicht. Industrie, Digitalisierung, die Produktion von Kleidung, Fahrzeugen und Nahrungsmitteln beanspruchen weltweit gro\u00dfe Mengen an Wasser. Das gef\u00e4hrdet \u00d6kosysteme, die Nahrungsmittelversorgung und die Wasserqualit\u00e4t.<\/p>\n<p>Die Klimakrise verst\u00e4rkt diese Entwicklung zus\u00e4tzlich. Grundwasserspiegel sinken durch die erh\u00f6hten Temperaturen \u2013 pro Jahr verliert Deutschland 2,5 Kubikkilometer Wasser. H\u00f6here Temperaturen f\u00f6rdern zudem das Wachstum sch\u00e4dlicher Bakterien und Algen, verringern den Sauerstoffgehalt in Gew\u00e4ssern und verschlechtern die Lebensbedingungen f\u00fcr Mensch und Natur. Doch es gibt Strategien, um Wassermangel und -verschmutzung entgegenzuwirken.<\/p>\n<figure id=\"attachment_106091\" aria-describedby=\"caption-attachment-106091\" style=\"width: 1440px\" class=\"wp-caption aligncenter\"><img decoding=\"async\" class=\"size-full wp-image-106091\" src=\"https:\/\/spanienaktuell.net\/wordpress\/wp-content\/uploads\/2025\/02\/AdobeStock_392031296-scaled.jpeg\" alt=\"\" width=\"1440\" height=\"960\" srcset=\"https:\/\/spanienaktuell.net\/wordpress\/wp-content\/uploads\/2025\/02\/AdobeStock_392031296-scaled.jpeg 1440w, https:\/\/spanienaktuell.net\/wordpress\/wp-content\/uploads\/2025\/02\/AdobeStock_392031296-300x200.jpeg 300w, https:\/\/spanienaktuell.net\/wordpress\/wp-content\/uploads\/2025\/02\/AdobeStock_392031296-1024x683.jpeg 1024w, https:\/\/spanienaktuell.net\/wordpress\/wp-content\/uploads\/2025\/02\/AdobeStock_392031296-768x512.jpeg 768w, https:\/\/spanienaktuell.net\/wordpress\/wp-content\/uploads\/2025\/02\/AdobeStock_392031296-1536x1024.jpeg 1536w, https:\/\/spanienaktuell.net\/wordpress\/wp-content\/uploads\/2025\/02\/AdobeStock_392031296-2048x1365.jpeg 2048w, https:\/\/spanienaktuell.net\/wordpress\/wp-content\/uploads\/2025\/02\/AdobeStock_392031296-350x233.jpeg 350w\" sizes=\"(max-width: 1440px) 100vw, 1440px\" \/><figcaption id=\"caption-attachment-106091\" class=\"wp-caption-text\">Foto: \u00a9 2025 Adobe<\/figcaption><\/figure>\n<p>Dr. Imme Scholz, Vorstand der Heinrich-B\u00f6ll-Stiftung: \u201eKlimakrise und Wasserkrise bedingen sich gegenseitig und treffen die sozial Schwachen am h\u00e4rtesten. Besonders in \u00e4rmeren L\u00e4ndern und Regionen verst\u00e4rken Wassermangel und Extremwetterereignisse wie D\u00fcrren oder \u00dcberschwemmungen die Armut, gef\u00e4hrden lokale Lebensgrundlagen und forcieren Migration und Konflikte. Weltweit werden mittlerweile j\u00e4hrlich \u00fcber 120 F\u00e4lle von Wasserkonflikten registriert. Grenz\u00fcberschreitende Wasserressourcen k\u00f6nnen am besten gerecht verteilt werden, wenn alle Seiten auf eine nachhaltige Nutzung setzen. Dazu braucht es eine engere internationale Zusammenarbeit, die auf klimaresilientes und gerechtes Wassermanagement setzt und dies auch bei Wirtschafts- und Handelsbeziehungen ber\u00fccksichtigt. Die UN-Wasserkonferenzen 2026 und 2028 bieten einen Rahmen, um entsprechende verbindliche Abkommen zu entwickeln.<\/p>\n<p>Etwa 2,2 Milliarden Menschen haben aktuell keinen regelm\u00e4\u00dfigen Zugang zu sauberem Trinkwasser. Doch Wasserkrisen gehen h\u00e4ufig nicht auf fehlende Wasserverf\u00fcgbarkeit, sondern auf ungerechte Verteilung zur\u00fcck.<\/p>\n<figure id=\"attachment_106090\" aria-describedby=\"caption-attachment-106090\" style=\"width: 1440px\" class=\"wp-caption aligncenter\"><img decoding=\"async\" class=\"size-full wp-image-106090\" src=\"https:\/\/spanienaktuell.net\/wordpress\/wp-content\/uploads\/2025\/02\/AdobeStock_372612950-scaled.jpeg\" alt=\"\" width=\"1440\" height=\"960\" srcset=\"https:\/\/spanienaktuell.net\/wordpress\/wp-content\/uploads\/2025\/02\/AdobeStock_372612950-scaled.jpeg 1440w, https:\/\/spanienaktuell.net\/wordpress\/wp-content\/uploads\/2025\/02\/AdobeStock_372612950-300x200.jpeg 300w, https:\/\/spanienaktuell.net\/wordpress\/wp-content\/uploads\/2025\/02\/AdobeStock_372612950-1024x683.jpeg 1024w, https:\/\/spanienaktuell.net\/wordpress\/wp-content\/uploads\/2025\/02\/AdobeStock_372612950-768x512.jpeg 768w, https:\/\/spanienaktuell.net\/wordpress\/wp-content\/uploads\/2025\/02\/AdobeStock_372612950-1536x1024.jpeg 1536w, https:\/\/spanienaktuell.net\/wordpress\/wp-content\/uploads\/2025\/02\/AdobeStock_372612950-2048x1365.jpeg 2048w, https:\/\/spanienaktuell.net\/wordpress\/wp-content\/uploads\/2025\/02\/AdobeStock_372612950-350x233.jpeg 350w\" sizes=\"(max-width: 1440px) 100vw, 1440px\" \/><figcaption id=\"caption-attachment-106090\" class=\"wp-caption-text\">Foto: \u00a9 2025 Adobe<\/figcaption><\/figure>\n<p>Die vielerorts vollzogene Privatisierung der Wasserversorgung hat negative Auswirkungen auf Preise, Infrastruktur und den Zugang zu sauberem Wasser, sowohl in reichen als auch in armen L\u00e4ndern. Um eine gerechte Verteilung und den Schutz der Wasserressourcen zu gew\u00e4hrleisten, muss Wasser als \u00f6ffentliches Gut anerkannt und die Wasserversorgung wieder in die \u00f6ffentliche Hand zur\u00fcckgef\u00fchrt werden.\u201c<\/p>\n<p>Olaf Bandt, BUND-Vorsitzender: \u201eUmdenken jetzt &#8211; auch in bisher noch wasserreichen L\u00e4ndern wie Deutschland m\u00fcssen wir ab sofort unsere Lebensgrundlage Wasser wirksam sch\u00fctzen. Daf\u00fcr braucht es einen sparsamen und gerechten Umgang mit Wasser. Es braucht nun verbindliche politische Regeln, die auch die Industrie und die Landwirtschaft verbindlich in die Pflicht nehmen. Die Preise f\u00fcr Gro\u00dfverbraucher m\u00fcssen transparent gestaltet werden und Anreize zum Wassersparen schaffen. Verursacher von Verschmutzungen m\u00fcssen an den entstehenden Kosten beteiligt werden. Auf europ\u00e4ischer Ebene muss in den laufenden Verhandlungen zur Aktualisierung der EU-Gew\u00e4sserrichtlinien die Chance ergriffen werden, neu auftretende Schadstoffe wie die Ewigkeitschemikalien PFAS streng zu regulieren und den Schutz der Ressource Wasser an die heutigen Herausforderungen anzupassen. Auch in Europa m\u00fcssen die Regierungen den gesellschaftlichen Wunsch nach einer ambitionierten Wasserpolitik erf\u00fcllen. Die Versorgung und der Schutz von Mensch und Natur muss dauerhaft gesichert sein.\u201c<\/p>\n<p>Hier geht es zum Wasseratlas<\/p>\n<p><img decoding=\"async\" class=\"wp-image-106092 alignleft\" src=\"https:\/\/spanienaktuell.net\/wordpress\/wp-content\/uploads\/2025\/02\/qr-code.png\" alt=\"\" width=\"174\" height=\"174\" srcset=\"https:\/\/spanienaktuell.net\/wordpress\/wp-content\/uploads\/2025\/02\/qr-code.png 2196w, https:\/\/spanienaktuell.net\/wordpress\/wp-content\/uploads\/2025\/02\/qr-code-300x300.png 300w, https:\/\/spanienaktuell.net\/wordpress\/wp-content\/uploads\/2025\/02\/qr-code-1024x1024.png 1024w, https:\/\/spanienaktuell.net\/wordpress\/wp-content\/uploads\/2025\/02\/qr-code-150x150.png 150w, https:\/\/spanienaktuell.net\/wordpress\/wp-content\/uploads\/2025\/02\/qr-code-768x768.png 768w, https:\/\/spanienaktuell.net\/wordpress\/wp-content\/uploads\/2025\/02\/qr-code-1536x1536.png 1536w, https:\/\/spanienaktuell.net\/wordpress\/wp-content\/uploads\/2025\/02\/qr-code-2048x2048.png 2048w, https:\/\/spanienaktuell.net\/wordpress\/wp-content\/uploads\/2025\/02\/qr-code-350x350.png 350w, https:\/\/spanienaktuell.net\/wordpress\/wp-content\/uploads\/2025\/02\/qr-code-348x348.png 348w\" sizes=\"(max-width: 174px) 100vw, 174px\" \/><\/p>\n<p>&nbsp;<\/p>\n<p>&nbsp;<\/p>\n<p>&nbsp;<\/p>\n<p>&nbsp;<\/p>\n<p><a href=\"http:\/\/www.boell.de\/wasseratlas\">www.boell.de\/wasseratlas<\/a><\/p>\n<p><em>Quelle: Heinrich-B\u00f6ll-Stiftung und BUND <\/em><a href=\"http:\/\/www.boell.de\"><em>http:\/\/www.boell.de<\/em><\/a><\/p>\n","protected":false},"excerpt":{"rendered":"<p>Wasseratlas 2025: Wie wir unsere wichtigste Ressource sch\u00fctzen und erhalten Die Heinrich-B\u00f6ll-Stiftung und der Bund f\u00fcr Umwelt- und Naturschutz Deutschland [&hellip;]<\/p>\n","protected":false},"author":5,"featured_media":106089,"comment_status":"closed","ping_status":"closed","sticky":false,"template":"","format":"standard","meta":{"footnotes":""},"categories":[30],"tags":[],"class_list":["post-106088","post","type-post","status-publish","format-standard","has-post-thumbnail","hentry","category-recht-gesellschaft"],"yoast_head":"<!-- This site is optimized with the Yoast SEO plugin v27.1.1 - https:\/\/yoast.com\/product\/yoast-seo-wordpress\/ -->\n<title>Wasser muss gerechter verteilt werden - Spanien aktuell<\/title>\n<meta name=\"robots\" content=\"index, follow, max-snippet:-1, max-image-preview:large, max-video-preview:-1\" \/>\n<link rel=\"canonical\" href=\"https:\/\/spanienaktuell.net\/wordpress\/wasser-muss-gerechter-verteilt-werden\/\" \/>\n<meta property=\"og:locale\" content=\"es_ES\" \/>\n<meta property=\"og:type\" content=\"article\" \/>\n<meta property=\"og:title\" content=\"Wasser muss gerechter verteilt werden - Spanien aktuell\" \/>\n<meta property=\"og:description\" content=\"Wasseratlas 2025: Wie wir unsere wichtigste Ressource sch\u00fctzen und erhalten Die Heinrich-B\u00f6ll-Stiftung und der Bund f\u00fcr Umwelt- und Naturschutz Deutschland [&hellip;]\" \/>\n<meta property=\"og:url\" content=\"https:\/\/spanienaktuell.net\/wordpress\/wasser-muss-gerechter-verteilt-werden\/\" \/>\n<meta property=\"og:site_name\" content=\"Spanien aktuell\" \/>\n<meta property=\"article:published_time\" content=\"2025-02-28T22:53:47+00:00\" \/>\n<meta property=\"og:image\" content=\"https:\/\/spanienaktuell.net\/wordpress\/wp-content\/uploads\/2025\/02\/AdobeStock_284481334-scaled.jpeg\" \/>\n\t<meta property=\"og:image:width\" content=\"1211\" \/>\n\t<meta property=\"og:image:height\" content=\"1080\" \/>\n\t<meta property=\"og:image:type\" content=\"image\/jpeg\" \/>\n<meta name=\"author\" content=\"Spanien aktuell\" \/>\n<meta name=\"twitter:card\" content=\"summary_large_image\" \/>\n<meta name=\"twitter:label1\" content=\"Escrito por\" \/>\n\t<meta name=\"twitter:data1\" content=\"Spanien aktuell\" \/>\n\t<meta name=\"twitter:label2\" content=\"Tiempo de lectura\" \/>\n\t<meta name=\"twitter:data2\" content=\"4 minutos\" \/>\n<script type=\"application\/ld+json\" class=\"yoast-schema-graph\">{\"@context\":\"https:\/\/schema.org\",\"@graph\":[{\"@type\":\"Article\",\"@id\":\"https:\/\/spanienaktuell.net\/wordpress\/wasser-muss-gerechter-verteilt-werden\/#article\",\"isPartOf\":{\"@id\":\"https:\/\/spanienaktuell.net\/wordpress\/wasser-muss-gerechter-verteilt-werden\/\"},\"author\":{\"name\":\"Spanien aktuell\",\"@id\":\"https:\/\/spanienaktuell.net\/wordpress\/#\/schema\/person\/f354cdb1409084031b0638a391b0c6bd\"},\"headline\":\"Wasser muss gerechter verteilt werden\",\"datePublished\":\"2025-02-28T22:53:47+00:00\",\"mainEntityOfPage\":{\"@id\":\"https:\/\/spanienaktuell.net\/wordpress\/wasser-muss-gerechter-verteilt-werden\/\"},\"wordCount\":563,\"publisher\":{\"@id\":\"https:\/\/spanienaktuell.net\/wordpress\/#organization\"},\"image\":{\"@id\":\"https:\/\/spanienaktuell.net\/wordpress\/wasser-muss-gerechter-verteilt-werden\/#primaryimage\"},\"thumbnailUrl\":\"https:\/\/spanienaktuell.net\/wordpress\/wp-content\/uploads\/2025\/02\/AdobeStock_284481334-scaled.jpeg\",\"articleSection\":[\"Recht\"],\"inLanguage\":\"es\"},{\"@type\":\"WebPage\",\"@id\":\"https:\/\/spanienaktuell.net\/wordpress\/wasser-muss-gerechter-verteilt-werden\/\",\"url\":\"https:\/\/spanienaktuell.net\/wordpress\/wasser-muss-gerechter-verteilt-werden\/\",\"name\":\"Wasser muss gerechter verteilt werden - Spanien aktuell\",\"isPartOf\":{\"@id\":\"https:\/\/spanienaktuell.net\/wordpress\/#website\"},\"primaryImageOfPage\":{\"@id\":\"https:\/\/spanienaktuell.net\/wordpress\/wasser-muss-gerechter-verteilt-werden\/#primaryimage\"},\"image\":{\"@id\":\"https:\/\/spanienaktuell.net\/wordpress\/wasser-muss-gerechter-verteilt-werden\/#primaryimage\"},\"thumbnailUrl\":\"https:\/\/spanienaktuell.net\/wordpress\/wp-content\/uploads\/2025\/02\/AdobeStock_284481334-scaled.jpeg\",\"datePublished\":\"2025-02-28T22:53:47+00:00\",\"breadcrumb\":{\"@id\":\"https:\/\/spanienaktuell.net\/wordpress\/wasser-muss-gerechter-verteilt-werden\/#breadcrumb\"},\"inLanguage\":\"es\",\"potentialAction\":[{\"@type\":\"ReadAction\",\"target\":[\"https:\/\/spanienaktuell.net\/wordpress\/wasser-muss-gerechter-verteilt-werden\/\"]}]},{\"@type\":\"ImageObject\",\"inLanguage\":\"es\",\"@id\":\"https:\/\/spanienaktuell.net\/wordpress\/wasser-muss-gerechter-verteilt-werden\/#primaryimage\",\"url\":\"https:\/\/spanienaktuell.net\/wordpress\/wp-content\/uploads\/2025\/02\/AdobeStock_284481334-scaled.jpeg\",\"contentUrl\":\"https:\/\/spanienaktuell.net\/wordpress\/wp-content\/uploads\/2025\/02\/AdobeStock_284481334-scaled.jpeg\",\"width\":1211,\"height\":1080,\"caption\":\"Foto: \u00a9 2025 Adobe\"},{\"@type\":\"BreadcrumbList\",\"@id\":\"https:\/\/spanienaktuell.net\/wordpress\/wasser-muss-gerechter-verteilt-werden\/#breadcrumb\",\"itemListElement\":[{\"@type\":\"ListItem\",\"position\":1,\"name\":\"Portada\",\"item\":\"https:\/\/spanienaktuell.net\/wordpress\/\"},{\"@type\":\"ListItem\",\"position\":2,\"name\":\"Wasser muss gerechter verteilt werden\"}]},{\"@type\":\"WebSite\",\"@id\":\"https:\/\/spanienaktuell.net\/wordpress\/#website\",\"url\":\"https:\/\/spanienaktuell.net\/wordpress\/\",\"name\":\"Spanien aktuell\",\"description\":\"The German magazine number 1 on the Costa del Sol\",\"publisher\":{\"@id\":\"https:\/\/spanienaktuell.net\/wordpress\/#organization\"},\"potentialAction\":[{\"@type\":\"SearchAction\",\"target\":{\"@type\":\"EntryPoint\",\"urlTemplate\":\"https:\/\/spanienaktuell.net\/wordpress\/?s={search_term_string}\"},\"query-input\":{\"@type\":\"PropertyValueSpecification\",\"valueRequired\":true,\"valueName\":\"search_term_string\"}}],\"inLanguage\":\"es\"},{\"@type\":\"Organization\",\"@id\":\"https:\/\/spanienaktuell.net\/wordpress\/#organization\",\"name\":\"Spanien aktuell\",\"url\":\"https:\/\/spanienaktuell.net\/wordpress\/\",\"logo\":{\"@type\":\"ImageObject\",\"inLanguage\":\"es\",\"@id\":\"https:\/\/spanienaktuell.net\/wordpress\/#\/schema\/logo\/image\/\",\"url\":\"https:\/\/spanienaktuell.net\/wordpress\/wp-content\/uploads\/2019\/06\/cropped-Logo-spanien-aktuell-png-web-e1561631085388.png\",\"contentUrl\":\"https:\/\/spanienaktuell.net\/wordpress\/wp-content\/uploads\/2019\/06\/cropped-Logo-spanien-aktuell-png-web-e1561631085388.png\",\"width\":512,\"height\":110,\"caption\":\"Spanien aktuell\"},\"image\":{\"@id\":\"https:\/\/spanienaktuell.net\/wordpress\/#\/schema\/logo\/image\/\"}},{\"@type\":\"Person\",\"@id\":\"https:\/\/spanienaktuell.net\/wordpress\/#\/schema\/person\/f354cdb1409084031b0638a391b0c6bd\",\"name\":\"Spanien aktuell\",\"image\":{\"@type\":\"ImageObject\",\"inLanguage\":\"es\",\"@id\":\"https:\/\/spanienaktuell.net\/wordpress\/#\/schema\/person\/image\/\",\"url\":\"https:\/\/spanienaktuell.net\/wordpress\/wp-content\/uploads\/2019\/06\/Logo-spanien-aktuell-png-fav2-100x100.png\",\"contentUrl\":\"https:\/\/spanienaktuell.net\/wordpress\/wp-content\/uploads\/2019\/06\/Logo-spanien-aktuell-png-fav2-100x100.png\",\"caption\":\"Spanien aktuell\"},\"url\":\"https:\/\/spanienaktuell.net\/wordpress\/author\/jcotilla\/\"}]}<\/script>\n<!-- \/ Yoast SEO plugin. -->","yoast_head_json":{"title":"Wasser muss gerechter verteilt werden - Spanien aktuell","robots":{"index":"index","follow":"follow","max-snippet":"max-snippet:-1","max-image-preview":"max-image-preview:large","max-video-preview":"max-video-preview:-1"},"canonical":"https:\/\/spanienaktuell.net\/wordpress\/wasser-muss-gerechter-verteilt-werden\/","og_locale":"es_ES","og_type":"article","og_title":"Wasser muss gerechter verteilt werden - Spanien aktuell","og_description":"Wasseratlas 2025: Wie wir unsere wichtigste Ressource sch\u00fctzen und erhalten Die Heinrich-B\u00f6ll-Stiftung und der Bund f\u00fcr Umwelt- und Naturschutz Deutschland [&hellip;]","og_url":"https:\/\/spanienaktuell.net\/wordpress\/wasser-muss-gerechter-verteilt-werden\/","og_site_name":"Spanien aktuell","article_published_time":"2025-02-28T22:53:47+00:00","og_image":[{"width":1211,"height":1080,"url":"https:\/\/spanienaktuell.net\/wordpress\/wp-content\/uploads\/2025\/02\/AdobeStock_284481334-scaled.jpeg","type":"image\/jpeg"}],"author":"Spanien aktuell","twitter_card":"summary_large_image","twitter_misc":{"Escrito por":"Spanien aktuell","Tiempo de lectura":"4 minutos"},"schema":{"@context":"https:\/\/schema.org","@graph":[{"@type":"Article","@id":"https:\/\/spanienaktuell.net\/wordpress\/wasser-muss-gerechter-verteilt-werden\/#article","isPartOf":{"@id":"https:\/\/spanienaktuell.net\/wordpress\/wasser-muss-gerechter-verteilt-werden\/"},"author":{"name":"Spanien aktuell","@id":"https:\/\/spanienaktuell.net\/wordpress\/#\/schema\/person\/f354cdb1409084031b0638a391b0c6bd"},"headline":"Wasser muss gerechter verteilt werden","datePublished":"2025-02-28T22:53:47+00:00","mainEntityOfPage":{"@id":"https:\/\/spanienaktuell.net\/wordpress\/wasser-muss-gerechter-verteilt-werden\/"},"wordCount":563,"publisher":{"@id":"https:\/\/spanienaktuell.net\/wordpress\/#organization"},"image":{"@id":"https:\/\/spanienaktuell.net\/wordpress\/wasser-muss-gerechter-verteilt-werden\/#primaryimage"},"thumbnailUrl":"https:\/\/spanienaktuell.net\/wordpress\/wp-content\/uploads\/2025\/02\/AdobeStock_284481334-scaled.jpeg","articleSection":["Recht"],"inLanguage":"es"},{"@type":"WebPage","@id":"https:\/\/spanienaktuell.net\/wordpress\/wasser-muss-gerechter-verteilt-werden\/","url":"https:\/\/spanienaktuell.net\/wordpress\/wasser-muss-gerechter-verteilt-werden\/","name":"Wasser muss gerechter verteilt werden - Spanien aktuell","isPartOf":{"@id":"https:\/\/spanienaktuell.net\/wordpress\/#website"},"primaryImageOfPage":{"@id":"https:\/\/spanienaktuell.net\/wordpress\/wasser-muss-gerechter-verteilt-werden\/#primaryimage"},"image":{"@id":"https:\/\/spanienaktuell.net\/wordpress\/wasser-muss-gerechter-verteilt-werden\/#primaryimage"},"thumbnailUrl":"https:\/\/spanienaktuell.net\/wordpress\/wp-content\/uploads\/2025\/02\/AdobeStock_284481334-scaled.jpeg","datePublished":"2025-02-28T22:53:47+00:00","breadcrumb":{"@id":"https:\/\/spanienaktuell.net\/wordpress\/wasser-muss-gerechter-verteilt-werden\/#breadcrumb"},"inLanguage":"es","potentialAction":[{"@type":"ReadAction","target":["https:\/\/spanienaktuell.net\/wordpress\/wasser-muss-gerechter-verteilt-werden\/"]}]},{"@type":"ImageObject","inLanguage":"es","@id":"https:\/\/spanienaktuell.net\/wordpress\/wasser-muss-gerechter-verteilt-werden\/#primaryimage","url":"https:\/\/spanienaktuell.net\/wordpress\/wp-content\/uploads\/2025\/02\/AdobeStock_284481334-scaled.jpeg","contentUrl":"https:\/\/spanienaktuell.net\/wordpress\/wp-content\/uploads\/2025\/02\/AdobeStock_284481334-scaled.jpeg","width":1211,"height":1080,"caption":"Foto: \u00a9 2025 Adobe"},{"@type":"BreadcrumbList","@id":"https:\/\/spanienaktuell.net\/wordpress\/wasser-muss-gerechter-verteilt-werden\/#breadcrumb","itemListElement":[{"@type":"ListItem","position":1,"name":"Portada","item":"https:\/\/spanienaktuell.net\/wordpress\/"},{"@type":"ListItem","position":2,"name":"Wasser muss gerechter verteilt werden"}]},{"@type":"WebSite","@id":"https:\/\/spanienaktuell.net\/wordpress\/#website","url":"https:\/\/spanienaktuell.net\/wordpress\/","name":"Spanien aktuell","description":"The German magazine number 1 on the Costa del Sol","publisher":{"@id":"https:\/\/spanienaktuell.net\/wordpress\/#organization"},"potentialAction":[{"@type":"SearchAction","target":{"@type":"EntryPoint","urlTemplate":"https:\/\/spanienaktuell.net\/wordpress\/?s={search_term_string}"},"query-input":{"@type":"PropertyValueSpecification","valueRequired":true,"valueName":"search_term_string"}}],"inLanguage":"es"},{"@type":"Organization","@id":"https:\/\/spanienaktuell.net\/wordpress\/#organization","name":"Spanien aktuell","url":"https:\/\/spanienaktuell.net\/wordpress\/","logo":{"@type":"ImageObject","inLanguage":"es","@id":"https:\/\/spanienaktuell.net\/wordpress\/#\/schema\/logo\/image\/","url":"https:\/\/spanienaktuell.net\/wordpress\/wp-content\/uploads\/2019\/06\/cropped-Logo-spanien-aktuell-png-web-e1561631085388.png","contentUrl":"https:\/\/spanienaktuell.net\/wordpress\/wp-content\/uploads\/2019\/06\/cropped-Logo-spanien-aktuell-png-web-e1561631085388.png","width":512,"height":110,"caption":"Spanien aktuell"},"image":{"@id":"https:\/\/spanienaktuell.net\/wordpress\/#\/schema\/logo\/image\/"}},{"@type":"Person","@id":"https:\/\/spanienaktuell.net\/wordpress\/#\/schema\/person\/f354cdb1409084031b0638a391b0c6bd","name":"Spanien aktuell","image":{"@type":"ImageObject","inLanguage":"es","@id":"https:\/\/spanienaktuell.net\/wordpress\/#\/schema\/person\/image\/","url":"https:\/\/spanienaktuell.net\/wordpress\/wp-content\/uploads\/2019\/06\/Logo-spanien-aktuell-png-fav2-100x100.png","contentUrl":"https:\/\/spanienaktuell.net\/wordpress\/wp-content\/uploads\/2019\/06\/Logo-spanien-aktuell-png-fav2-100x100.png","caption":"Spanien aktuell"},"url":"https:\/\/spanienaktuell.net\/wordpress\/author\/jcotilla\/"}]}},"_links":{"self":[{"href":"https:\/\/spanienaktuell.net\/wordpress\/wp-json\/wp\/v2\/posts\/106088","targetHints":{"allow":["GET"]}}],"collection":[{"href":"https:\/\/spanienaktuell.net\/wordpress\/wp-json\/wp\/v2\/posts"}],"about":[{"href":"https:\/\/spanienaktuell.net\/wordpress\/wp-json\/wp\/v2\/types\/post"}],"author":[{"embeddable":true,"href":"https:\/\/spanienaktuell.net\/wordpress\/wp-json\/wp\/v2\/users\/5"}],"replies":[{"embeddable":true,"href":"https:\/\/spanienaktuell.net\/wordpress\/wp-json\/wp\/v2\/comments?post=106088"}],"version-history":[{"count":1,"href":"https:\/\/spanienaktuell.net\/wordpress\/wp-json\/wp\/v2\/posts\/106088\/revisions"}],"predecessor-version":[{"id":106093,"href":"https:\/\/spanienaktuell.net\/wordpress\/wp-json\/wp\/v2\/posts\/106088\/revisions\/106093"}],"wp:featuredmedia":[{"embeddable":true,"href":"https:\/\/spanienaktuell.net\/wordpress\/wp-json\/wp\/v2\/media\/106089"}],"wp:attachment":[{"href":"https:\/\/spanienaktuell.net\/wordpress\/wp-json\/wp\/v2\/media?parent=106088"}],"wp:term":[{"taxonomy":"category","embeddable":true,"href":"https:\/\/spanienaktuell.net\/wordpress\/wp-json\/wp\/v2\/categories?post=106088"},{"taxonomy":"post_tag","embeddable":true,"href":"https:\/\/spanienaktuell.net\/wordpress\/wp-json\/wp\/v2\/tags?post=106088"}],"curies":[{"name":"wp","href":"https:\/\/api.w.org\/{rel}","templated":true}]}}