{"id":106568,"date":"2025-04-01T03:18:25","date_gmt":"2025-04-01T01:18:25","guid":{"rendered":"https:\/\/spanienaktuell.net\/wordpress\/?p=106568"},"modified":"2025-03-31T13:12:47","modified_gmt":"2025-03-31T11:12:47","slug":"weinempfehlung-april","status":"publish","type":"post","link":"https:\/\/spanienaktuell.net\/wordpress\/weinempfehlung-april\/","title":{"rendered":"WEINEMPFEHLUNG &#8211; APRIL"},"content":{"rendered":"<p><img decoding=\"async\" class=\"wp-image-105961 alignnone\" src=\"https:\/\/spanienaktuell.net\/wordpress\/wp-content\/uploads\/2025\/01\/LOGO_LA-VINERIA.jpg\" alt=\"\" width=\"536\" height=\"206\" srcset=\"https:\/\/spanienaktuell.net\/wordpress\/wp-content\/uploads\/2025\/01\/LOGO_LA-VINERIA.jpg 1362w, https:\/\/spanienaktuell.net\/wordpress\/wp-content\/uploads\/2025\/01\/LOGO_LA-VINERIA-300x115.jpg 300w, https:\/\/spanienaktuell.net\/wordpress\/wp-content\/uploads\/2025\/01\/LOGO_LA-VINERIA-1024x393.jpg 1024w, https:\/\/spanienaktuell.net\/wordpress\/wp-content\/uploads\/2025\/01\/LOGO_LA-VINERIA-768x295.jpg 768w, https:\/\/spanienaktuell.net\/wordpress\/wp-content\/uploads\/2025\/01\/LOGO_LA-VINERIA-350x134.jpg 350w\" sizes=\"(max-width: 536px) 100vw, 536px\" \/><\/p>\n<p><strong>Bodegas Enrique Mendoza \u2013 Weintradition mit mediterranem Charakter<\/strong><\/p>\n<p><img decoding=\"async\" class=\"wp-image-106577 alignnone\" src=\"https:\/\/spanienaktuell.net\/wordpress\/wp-content\/uploads\/2025\/03\/descarga.png\" alt=\"\" width=\"369\" height=\"369\" srcset=\"https:\/\/spanienaktuell.net\/wordpress\/wp-content\/uploads\/2025\/03\/descarga.png 225w, https:\/\/spanienaktuell.net\/wordpress\/wp-content\/uploads\/2025\/03\/descarga-150x150.png 150w\" sizes=\"(max-width: 369px) 100vw, 369px\" \/><\/p>\n<p>Bodegas Enrique Mendoza wurde 1989 mit einer klaren Vision gegr\u00fcndet: exzellente Weine zu schaffen, die das Terroir und die Geschichte Alicantes widerspiegeln. W\u00e4hrend zu Beginn internationale Rebsorten im Fokus standen, ist heute die heimische Monastrell-Traube das Herzst\u00fcck der Kellerei.<\/p>\n<p>Die Weinberge werden mit minimalem Eingriff bewirtschaftet, um die nat\u00fcrlichen Gegebenheiten zu bewahren. Das mediterrane Klima, die intensive Sonne und die Vielfalt der B\u00f6den pr\u00e4gen die charakterstarken Weine, die authentisch die Region verk\u00f6rpern.<\/p>\n<p><img decoding=\"async\" class=\"size-full wp-image-106576 alignnone\" src=\"https:\/\/spanienaktuell.net\/wordpress\/wp-content\/uploads\/2025\/03\/amanecer-vina.jpg\" alt=\"\" width=\"538\" height=\"538\" srcset=\"https:\/\/spanienaktuell.net\/wordpress\/wp-content\/uploads\/2025\/03\/amanecer-vina.jpg 538w, https:\/\/spanienaktuell.net\/wordpress\/wp-content\/uploads\/2025\/03\/amanecer-vina-300x300.jpg 300w, https:\/\/spanienaktuell.net\/wordpress\/wp-content\/uploads\/2025\/03\/amanecer-vina-150x150.jpg 150w, https:\/\/spanienaktuell.net\/wordpress\/wp-content\/uploads\/2025\/03\/amanecer-vina-350x350.jpg 350w, https:\/\/spanienaktuell.net\/wordpress\/wp-content\/uploads\/2025\/03\/amanecer-vina-348x348.jpg 348w\" sizes=\"(max-width: 538px) 100vw, 538px\" \/><\/p>\n<p><strong>Finca El Chaconero \u2013 Naturschutz &amp; Tradition<\/strong><\/p>\n<p>Die Finca El Chaconero, auch bekannt als \u201eLas Tierras del Charco de Enero\u201c, wird bereits seit dem 16. Jahrhundert bewirtschaftet. Sie liegt westlich von Villena und ist geologisch einzigartig, da ihre B\u00f6den aus unterschiedlichsten Gesteinsarten bestehen \u2013 von Kies \u00fcber sandige Lehmb\u00f6den bis hin zu reinen Sandb\u00f6den.<\/p>\n<p>Die Finca ist als ZEPA-Schutzgebiet (Zona de Especial Protecci\u00f3n para las Aves) Teil der europ\u00e4ischen Natura-2000-Region und grenzt an die gesch\u00fctzten Lagunas de Villena, die zahlreichen Vogelarten ein Zuhause bieten.<\/p>\n<p><strong>Exzellenz durch Respekt &amp; Nachhaltigkeit<\/strong><\/p>\n<p><img decoding=\"async\" class=\"aligncenter size-full wp-image-106573\" src=\"https:\/\/spanienaktuell.net\/wordpress\/wp-content\/uploads\/2025\/03\/PARA-WWW-grapes-7375445_1920-scaled.jpg\" alt=\"\" width=\"720\" height=\"1080\" srcset=\"https:\/\/spanienaktuell.net\/wordpress\/wp-content\/uploads\/2025\/03\/PARA-WWW-grapes-7375445_1920-scaled.jpg 720w, https:\/\/spanienaktuell.net\/wordpress\/wp-content\/uploads\/2025\/03\/PARA-WWW-grapes-7375445_1920-200x300.jpg 200w, https:\/\/spanienaktuell.net\/wordpress\/wp-content\/uploads\/2025\/03\/PARA-WWW-grapes-7375445_1920-683x1024.jpg 683w, https:\/\/spanienaktuell.net\/wordpress\/wp-content\/uploads\/2025\/03\/PARA-WWW-grapes-7375445_1920-768x1152.jpg 768w, https:\/\/spanienaktuell.net\/wordpress\/wp-content\/uploads\/2025\/03\/PARA-WWW-grapes-7375445_1920-1024x1536.jpg 1024w, https:\/\/spanienaktuell.net\/wordpress\/wp-content\/uploads\/2025\/03\/PARA-WWW-grapes-7375445_1920-350x525.jpg 350w\" sizes=\"(max-width: 720px) 100vw, 720px\" \/><\/p>\n<p>Exzellenz bedeutet f\u00fcr Bodegas Enrique Mendoza nicht nur Qualit\u00e4t, sondern vor allem Respekt \u2013 gegen\u00fcber der Natur, dem Weinberg und den Menschen, die daran arbeiten. Die Bodega ist Mitglied der Vereinigung Grandes Pagos de Espa\u00f1a, die sich der Erzeugung von Weinen verschrieben hat, die das einzigartige Terroir ihrer Herkunft widerspiegeln.<\/p>\n<p>Jede Flasche aus der Kellerei erz\u00e4hlt die Geschichte von Landschaft, Klima und Leidenschaft \u2013 gepr\u00e4gt von der Seele des mediterranen Weinbaus.<\/p>\n<p><strong>EM Monastrell Merlot <\/strong><\/p>\n<p><img decoding=\"async\" class=\"aligncenter size-full wp-image-106578\" src=\"https:\/\/spanienaktuell.net\/wordpress\/wp-content\/uploads\/2025\/03\/em_merlot_monastrell_sq_1080-1.jpg\" alt=\"\" width=\"233\" height=\"1080\" srcset=\"https:\/\/spanienaktuell.net\/wordpress\/wp-content\/uploads\/2025\/03\/em_merlot_monastrell_sq_1080-1.jpg 233w, https:\/\/spanienaktuell.net\/wordpress\/wp-content\/uploads\/2025\/03\/em_merlot_monastrell_sq_1080-1-65x300.jpg 65w, https:\/\/spanienaktuell.net\/wordpress\/wp-content\/uploads\/2025\/03\/em_merlot_monastrell_sq_1080-1-221x1024.jpg 221w\" sizes=\"(max-width: 233px) 100vw, 233px\" \/><\/p>\n<p>Dieser elegante Rotwein vereint die Kraft der Monastrell-Traube mit der Finesse des Merlot. Die Reben wachsen in Villena im Paraje \u201eCabezo de la Virgen\u201c auf kargen, gut drainierten B\u00f6den \u2013 ein Terroir, das dem Wein seinen unverwechselbaren Charakter verleiht.<\/p>\n<p>Sein leuchtendes Violettrot spiegelt die Frische seiner Aromen wider: saftige Kirschen, dunkle Beeren und ein Hauch von Veilchen, erg\u00e4nzt durch feine mineralische und w\u00fcrzige Noten. Am Gaumen \u00fcberzeugt er mit mediterraner W\u00e4rme, harmonischer S\u00e4ure und seidigen Tanninen. Der lange Nachhall bringt dunkle Fr\u00fcchte und w\u00fcrzige Nuancen zur\u00fcck.<\/p>\n<p>Die handgelesenen Trauben werden schonend verarbeitet und in kleinen Edelstahltanks vergoren. Mit 14,5 % vol. Alkohol ist dieser Wein kraftvoll, zugleich aber ausgewogen und elegant.<\/p>\n<p><img decoding=\"async\" class=\"wp-image-106574 alignnone\" src=\"https:\/\/spanienaktuell.net\/wordpress\/wp-content\/uploads\/2025\/03\/vegano_logo.jpg\" alt=\"\" width=\"179\" height=\"118\" srcset=\"https:\/\/spanienaktuell.net\/wordpress\/wp-content\/uploads\/2025\/03\/vegano_logo.jpg 1280w, https:\/\/spanienaktuell.net\/wordpress\/wp-content\/uploads\/2025\/03\/vegano_logo-300x197.jpg 300w, https:\/\/spanienaktuell.net\/wordpress\/wp-content\/uploads\/2025\/03\/vegano_logo-1024x674.jpg 1024w, https:\/\/spanienaktuell.net\/wordpress\/wp-content\/uploads\/2025\/03\/vegano_logo-768x505.jpg 768w, https:\/\/spanienaktuell.net\/wordpress\/wp-content\/uploads\/2025\/03\/vegano_logo-350x230.jpg 350w\" sizes=\"(max-width: 179px) 100vw, 179px\" \/><\/p>\n<p><strong>EM Pinot Noir<\/strong><\/p>\n<p><img decoding=\"async\" class=\"aligncenter size-full wp-image-106571\" src=\"https:\/\/spanienaktuell.net\/wordpress\/wp-content\/uploads\/2025\/03\/em_pinot_noir_sq_1080-eco.jpg\" alt=\"\" width=\"302\" height=\"1080\" srcset=\"https:\/\/spanienaktuell.net\/wordpress\/wp-content\/uploads\/2025\/03\/em_pinot_noir_sq_1080-eco.jpg 302w, https:\/\/spanienaktuell.net\/wordpress\/wp-content\/uploads\/2025\/03\/em_pinot_noir_sq_1080-eco-84x300.jpg 84w, https:\/\/spanienaktuell.net\/wordpress\/wp-content\/uploads\/2025\/03\/em_pinot_noir_sq_1080-eco-286x1024.jpg 286w\" sizes=\"(max-width: 302px) 100vw, 302px\" \/><\/p>\n<p>Dieser sortenreine Pinot Noir stammt von nachhaltig bewirtschafteten Weinbergen an den H\u00e4ngen des Cabezo de la Virgen in Villena. Das einzigartige Terroir pr\u00e4gt seinen Charakter und verleiht ihm Tiefe und Finesse.<\/p>\n<p>Sein klares Rubinrot mit violetten Reflexen spiegelt die Frische seiner Aromen wider: saftige Kirschen, rote Beeren und feine Veilchennoten verschmelzen mit subtilen Ankl\u00e4ngen von Vanille und Karamell. Am Gaumen \u00fcberzeugt er mit lebendiger S\u00e4ure, mittlerem K\u00f6rper und geschmeidigen, harmonisch eingebundenen Tanninen. Die charakteristische Frische und Eleganz dieses Weins machen ihn besonders vielseitig.<\/p>\n<p>Die handgelesenen Trauben werden nur teilweise entrappt und schonend verarbeitet, um die Frucht und Struktur zu bewahren. Mit 13,5 % vol. Alkohol ist er ausgewogen und zug\u00e4nglich. Durch die nat\u00fcrliche Vinifikation k\u00f6nnen im Laufe der Reifezeit leichte Sedimente entstehen.<\/p>\n<p><img decoding=\"async\" class=\"wp-image-106574 alignnone\" src=\"https:\/\/spanienaktuell.net\/wordpress\/wp-content\/uploads\/2025\/03\/vegano_logo.jpg\" alt=\"\" width=\"179\" height=\"118\" srcset=\"https:\/\/spanienaktuell.net\/wordpress\/wp-content\/uploads\/2025\/03\/vegano_logo.jpg 1280w, https:\/\/spanienaktuell.net\/wordpress\/wp-content\/uploads\/2025\/03\/vegano_logo-300x197.jpg 300w, https:\/\/spanienaktuell.net\/wordpress\/wp-content\/uploads\/2025\/03\/vegano_logo-1024x674.jpg 1024w, https:\/\/spanienaktuell.net\/wordpress\/wp-content\/uploads\/2025\/03\/vegano_logo-768x505.jpg 768w, https:\/\/spanienaktuell.net\/wordpress\/wp-content\/uploads\/2025\/03\/vegano_logo-350x230.jpg 350w\" sizes=\"(max-width: 179px) 100vw, 179px\" \/><\/p>\n<p><strong>EM Rosado Monastrell<\/strong><\/p>\n<p><img decoding=\"async\" class=\"aligncenter size-full wp-image-106572\" src=\"https:\/\/spanienaktuell.net\/wordpress\/wp-content\/uploads\/2025\/03\/em_rosado_sq_1080-1.jpg\" alt=\"\" width=\"340\" height=\"1080\" srcset=\"https:\/\/spanienaktuell.net\/wordpress\/wp-content\/uploads\/2025\/03\/em_rosado_sq_1080-1.jpg 340w, https:\/\/spanienaktuell.net\/wordpress\/wp-content\/uploads\/2025\/03\/em_rosado_sq_1080-1-94x300.jpg 94w, https:\/\/spanienaktuell.net\/wordpress\/wp-content\/uploads\/2025\/03\/em_rosado_sq_1080-1-322x1024.jpg 322w\" sizes=\"(max-width: 340px) 100vw, 340px\" \/><\/p>\n<p>Dieser sortenreine Ros\u00e9 aus Monastrell stammt aus den Weinbergen des Cabezo de la Virgen in Villena.<\/p>\n<p>Sein blasses Ros\u00e9 entsteht durch eine kurze Mazeration von nur zwei Stunden, wodurch er seine feinen Aromen bewahrt. In der Nase entfaltet er Noten von Erdbeeren, Grapefruit und Aprikosen, erg\u00e4nzt durch elegante florale Nuancen. Am Gaumen pr\u00e4sentiert er sich frisch und zitrusbetont mit einer perfekten Balance zwischen lebendiger S\u00e4ure und sanfter Cremigkeit. Der lange fruchtige Nachhall erinnert an eine sommerliche Fruchtbowle.<\/p>\n<p>Die Trauben werden in den k\u00fchlen Morgenstunden gelesen, um ihre Frische zu bewahren. Nach der schonenden Verarbeitung reift der Wein auf der Feinhefe bis zur Abf\u00fcllung.<\/p>\n<p>Mit einem Alkoholgehalt von 13 % vol. ist dieser Rosado ein idealer Begleiter zu sommerlichen Vorspeisen, Meeresfr\u00fcchten oder einfach pur als eleganter Aperitif.<\/p>\n<p><strong> <img decoding=\"async\" class=\"wp-image-106574 alignnone\" src=\"https:\/\/spanienaktuell.net\/wordpress\/wp-content\/uploads\/2025\/03\/vegano_logo.jpg\" alt=\"\" width=\"179\" height=\"118\" srcset=\"https:\/\/spanienaktuell.net\/wordpress\/wp-content\/uploads\/2025\/03\/vegano_logo.jpg 1280w, https:\/\/spanienaktuell.net\/wordpress\/wp-content\/uploads\/2025\/03\/vegano_logo-300x197.jpg 300w, https:\/\/spanienaktuell.net\/wordpress\/wp-content\/uploads\/2025\/03\/vegano_logo-1024x674.jpg 1024w, https:\/\/spanienaktuell.net\/wordpress\/wp-content\/uploads\/2025\/03\/vegano_logo-768x505.jpg 768w, https:\/\/spanienaktuell.net\/wordpress\/wp-content\/uploads\/2025\/03\/vegano_logo-350x230.jpg 350w\" sizes=\"(max-width: 179px) 100vw, 179px\" \/><\/strong><\/p>\n<p><img decoding=\"async\" class=\"wp-image-105961 alignnone\" src=\"https:\/\/spanienaktuell.net\/wordpress\/wp-content\/uploads\/2025\/01\/LOGO_LA-VINERIA.jpg\" alt=\"\" width=\"536\" height=\"206\" srcset=\"https:\/\/spanienaktuell.net\/wordpress\/wp-content\/uploads\/2025\/01\/LOGO_LA-VINERIA.jpg 1362w, https:\/\/spanienaktuell.net\/wordpress\/wp-content\/uploads\/2025\/01\/LOGO_LA-VINERIA-300x115.jpg 300w, https:\/\/spanienaktuell.net\/wordpress\/wp-content\/uploads\/2025\/01\/LOGO_LA-VINERIA-1024x393.jpg 1024w, https:\/\/spanienaktuell.net\/wordpress\/wp-content\/uploads\/2025\/01\/LOGO_LA-VINERIA-768x295.jpg 768w, https:\/\/spanienaktuell.net\/wordpress\/wp-content\/uploads\/2025\/01\/LOGO_LA-VINERIA-350x134.jpg 350w\" sizes=\"(max-width: 536px) 100vw, 536px\" \/><\/p>\n<p><strong>SPANISCHE UND INTERNATIONALE WEINE <\/strong><\/p>\n<p><strong>Tel.: (+34) 644 874 462\u00a0\u00a0\u00a0 (+34) 951 077 812<\/strong><\/p>\n<p><strong>\u00d6ffnungszeiten &#8211; Montag bis Freitag:<\/strong> 10h &#8211; 14h und 17h &#8211; 20.30h <strong>Samstag<\/strong>: 10h &#8211; 14h<\/p>\n<p>Calle Las Gaviotas 2, 29740 Torre del Mar<\/p>\n<p><img decoding=\"async\" class=\"wp-image-106579 alignnone\" src=\"https:\/\/spanienaktuell.net\/wordpress\/wp-content\/uploads\/2025\/03\/qr-code-1.png\" alt=\"\" width=\"186\" height=\"186\" srcset=\"https:\/\/spanienaktuell.net\/wordpress\/wp-content\/uploads\/2025\/03\/qr-code-1.png 1599w, https:\/\/spanienaktuell.net\/wordpress\/wp-content\/uploads\/2025\/03\/qr-code-1-300x300.png 300w, https:\/\/spanienaktuell.net\/wordpress\/wp-content\/uploads\/2025\/03\/qr-code-1-1024x1024.png 1024w, https:\/\/spanienaktuell.net\/wordpress\/wp-content\/uploads\/2025\/03\/qr-code-1-150x150.png 150w, https:\/\/spanienaktuell.net\/wordpress\/wp-content\/uploads\/2025\/03\/qr-code-1-768x768.png 768w, https:\/\/spanienaktuell.net\/wordpress\/wp-content\/uploads\/2025\/03\/qr-code-1-1536x1536.png 1536w, https:\/\/spanienaktuell.net\/wordpress\/wp-content\/uploads\/2025\/03\/qr-code-1-350x350.png 350w, https:\/\/spanienaktuell.net\/wordpress\/wp-content\/uploads\/2025\/03\/qr-code-1-348x348.png 348w\" sizes=\"(max-width: 186px) 100vw, 186px\" \/><\/p>\n<p><span style=\"color: #000080;\"><a style=\"color: #000080;\" href=\"http:\/\/www.lavineriatorredelmar.es\">www.lavineriatorredelmar.es<\/a><\/span><\/p>\n","protected":false},"excerpt":{"rendered":"<p>Bodegas Enrique Mendoza \u2013 Weintradition mit mediterranem Charakter Bodegas Enrique Mendoza wurde 1989 mit einer klaren Vision gegr\u00fcndet: exzellente Weine [&hellip;]<\/p>\n","protected":false},"author":5,"featured_media":105961,"comment_status":"closed","ping_status":"closed","sticky":false,"template":"","format":"standard","meta":{"footnotes":""},"categories":[24],"tags":[],"class_list":["post-106568","post","type-post","status-publish","format-standard","has-post-thumbnail","hentry","category-kulinarisch"],"yoast_head":"<!-- This site is optimized with the Yoast SEO plugin v27.1.1 - https:\/\/yoast.com\/product\/yoast-seo-wordpress\/ -->\n<title>WEINEMPFEHLUNG - APRIL - Spanien aktuell<\/title>\n<meta name=\"robots\" content=\"index, follow, max-snippet:-1, max-image-preview:large, max-video-preview:-1\" \/>\n<link rel=\"canonical\" href=\"https:\/\/spanienaktuell.net\/wordpress\/weinempfehlung-april\/\" \/>\n<meta property=\"og:locale\" content=\"es_ES\" \/>\n<meta property=\"og:type\" content=\"article\" \/>\n<meta property=\"og:title\" content=\"WEINEMPFEHLUNG - APRIL - Spanien aktuell\" \/>\n<meta property=\"og:description\" content=\"Bodegas Enrique Mendoza \u2013 Weintradition mit mediterranem Charakter Bodegas Enrique Mendoza wurde 1989 mit einer klaren Vision gegr\u00fcndet: exzellente Weine [&hellip;]\" \/>\n<meta property=\"og:url\" content=\"https:\/\/spanienaktuell.net\/wordpress\/weinempfehlung-april\/\" \/>\n<meta property=\"og:site_name\" content=\"Spanien aktuell\" \/>\n<meta property=\"article:published_time\" content=\"2025-04-01T01:18:25+00:00\" \/>\n<meta property=\"og:image\" content=\"https:\/\/spanienaktuell.net\/wordpress\/wp-content\/uploads\/2025\/01\/LOGO_LA-VINERIA.jpg\" \/>\n\t<meta property=\"og:image:width\" content=\"1362\" \/>\n\t<meta property=\"og:image:height\" content=\"523\" \/>\n\t<meta property=\"og:image:type\" content=\"image\/jpeg\" \/>\n<meta name=\"author\" content=\"Spanien aktuell\" \/>\n<meta name=\"twitter:card\" content=\"summary_large_image\" \/>\n<meta name=\"twitter:label1\" content=\"Escrito por\" \/>\n\t<meta name=\"twitter:data1\" content=\"Spanien aktuell\" \/>\n\t<meta name=\"twitter:label2\" content=\"Tiempo de lectura\" \/>\n\t<meta name=\"twitter:data2\" content=\"6 minutos\" \/>\n<script type=\"application\/ld+json\" class=\"yoast-schema-graph\">{\"@context\":\"https:\/\/schema.org\",\"@graph\":[{\"@type\":\"Article\",\"@id\":\"https:\/\/spanienaktuell.net\/wordpress\/weinempfehlung-april\/#article\",\"isPartOf\":{\"@id\":\"https:\/\/spanienaktuell.net\/wordpress\/weinempfehlung-april\/\"},\"author\":{\"name\":\"Spanien aktuell\",\"@id\":\"https:\/\/spanienaktuell.net\/wordpress\/#\/schema\/person\/f354cdb1409084031b0638a391b0c6bd\"},\"headline\":\"WEINEMPFEHLUNG &#8211; APRIL\",\"datePublished\":\"2025-04-01T01:18:25+00:00\",\"mainEntityOfPage\":{\"@id\":\"https:\/\/spanienaktuell.net\/wordpress\/weinempfehlung-april\/\"},\"wordCount\":669,\"publisher\":{\"@id\":\"https:\/\/spanienaktuell.net\/wordpress\/#organization\"},\"image\":{\"@id\":\"https:\/\/spanienaktuell.net\/wordpress\/weinempfehlung-april\/#primaryimage\"},\"thumbnailUrl\":\"https:\/\/spanienaktuell.net\/wordpress\/wp-content\/uploads\/2025\/01\/LOGO_LA-VINERIA.jpg\",\"articleSection\":[\"Kulinarisch\"],\"inLanguage\":\"es\"},{\"@type\":\"WebPage\",\"@id\":\"https:\/\/spanienaktuell.net\/wordpress\/weinempfehlung-april\/\",\"url\":\"https:\/\/spanienaktuell.net\/wordpress\/weinempfehlung-april\/\",\"name\":\"WEINEMPFEHLUNG - APRIL - Spanien aktuell\",\"isPartOf\":{\"@id\":\"https:\/\/spanienaktuell.net\/wordpress\/#website\"},\"primaryImageOfPage\":{\"@id\":\"https:\/\/spanienaktuell.net\/wordpress\/weinempfehlung-april\/#primaryimage\"},\"image\":{\"@id\":\"https:\/\/spanienaktuell.net\/wordpress\/weinempfehlung-april\/#primaryimage\"},\"thumbnailUrl\":\"https:\/\/spanienaktuell.net\/wordpress\/wp-content\/uploads\/2025\/01\/LOGO_LA-VINERIA.jpg\",\"datePublished\":\"2025-04-01T01:18:25+00:00\",\"breadcrumb\":{\"@id\":\"https:\/\/spanienaktuell.net\/wordpress\/weinempfehlung-april\/#breadcrumb\"},\"inLanguage\":\"es\",\"potentialAction\":[{\"@type\":\"ReadAction\",\"target\":[\"https:\/\/spanienaktuell.net\/wordpress\/weinempfehlung-april\/\"]}]},{\"@type\":\"ImageObject\",\"inLanguage\":\"es\",\"@id\":\"https:\/\/spanienaktuell.net\/wordpress\/weinempfehlung-april\/#primaryimage\",\"url\":\"https:\/\/spanienaktuell.net\/wordpress\/wp-content\/uploads\/2025\/01\/LOGO_LA-VINERIA.jpg\",\"contentUrl\":\"https:\/\/spanienaktuell.net\/wordpress\/wp-content\/uploads\/2025\/01\/LOGO_LA-VINERIA.jpg\",\"width\":1362,\"height\":523},{\"@type\":\"BreadcrumbList\",\"@id\":\"https:\/\/spanienaktuell.net\/wordpress\/weinempfehlung-april\/#breadcrumb\",\"itemListElement\":[{\"@type\":\"ListItem\",\"position\":1,\"name\":\"Portada\",\"item\":\"https:\/\/spanienaktuell.net\/wordpress\/\"},{\"@type\":\"ListItem\",\"position\":2,\"name\":\"WEINEMPFEHLUNG &#8211; APRIL\"}]},{\"@type\":\"WebSite\",\"@id\":\"https:\/\/spanienaktuell.net\/wordpress\/#website\",\"url\":\"https:\/\/spanienaktuell.net\/wordpress\/\",\"name\":\"Spanien aktuell\",\"description\":\"The German magazine number 1 on the Costa del Sol\",\"publisher\":{\"@id\":\"https:\/\/spanienaktuell.net\/wordpress\/#organization\"},\"potentialAction\":[{\"@type\":\"SearchAction\",\"target\":{\"@type\":\"EntryPoint\",\"urlTemplate\":\"https:\/\/spanienaktuell.net\/wordpress\/?s={search_term_string}\"},\"query-input\":{\"@type\":\"PropertyValueSpecification\",\"valueRequired\":true,\"valueName\":\"search_term_string\"}}],\"inLanguage\":\"es\"},{\"@type\":\"Organization\",\"@id\":\"https:\/\/spanienaktuell.net\/wordpress\/#organization\",\"name\":\"Spanien aktuell\",\"url\":\"https:\/\/spanienaktuell.net\/wordpress\/\",\"logo\":{\"@type\":\"ImageObject\",\"inLanguage\":\"es\",\"@id\":\"https:\/\/spanienaktuell.net\/wordpress\/#\/schema\/logo\/image\/\",\"url\":\"https:\/\/spanienaktuell.net\/wordpress\/wp-content\/uploads\/2019\/06\/cropped-Logo-spanien-aktuell-png-web-e1561631085388.png\",\"contentUrl\":\"https:\/\/spanienaktuell.net\/wordpress\/wp-content\/uploads\/2019\/06\/cropped-Logo-spanien-aktuell-png-web-e1561631085388.png\",\"width\":512,\"height\":110,\"caption\":\"Spanien aktuell\"},\"image\":{\"@id\":\"https:\/\/spanienaktuell.net\/wordpress\/#\/schema\/logo\/image\/\"}},{\"@type\":\"Person\",\"@id\":\"https:\/\/spanienaktuell.net\/wordpress\/#\/schema\/person\/f354cdb1409084031b0638a391b0c6bd\",\"name\":\"Spanien aktuell\",\"image\":{\"@type\":\"ImageObject\",\"inLanguage\":\"es\",\"@id\":\"https:\/\/spanienaktuell.net\/wordpress\/#\/schema\/person\/image\/\",\"url\":\"https:\/\/spanienaktuell.net\/wordpress\/wp-content\/uploads\/2019\/06\/Logo-spanien-aktuell-png-fav2-100x100.png\",\"contentUrl\":\"https:\/\/spanienaktuell.net\/wordpress\/wp-content\/uploads\/2019\/06\/Logo-spanien-aktuell-png-fav2-100x100.png\",\"caption\":\"Spanien aktuell\"},\"url\":\"https:\/\/spanienaktuell.net\/wordpress\/author\/jcotilla\/\"}]}<\/script>\n<!-- \/ Yoast SEO plugin. -->","yoast_head_json":{"title":"WEINEMPFEHLUNG - APRIL - Spanien aktuell","robots":{"index":"index","follow":"follow","max-snippet":"max-snippet:-1","max-image-preview":"max-image-preview:large","max-video-preview":"max-video-preview:-1"},"canonical":"https:\/\/spanienaktuell.net\/wordpress\/weinempfehlung-april\/","og_locale":"es_ES","og_type":"article","og_title":"WEINEMPFEHLUNG - APRIL - Spanien aktuell","og_description":"Bodegas Enrique Mendoza \u2013 Weintradition mit mediterranem Charakter Bodegas Enrique Mendoza wurde 1989 mit einer klaren Vision gegr\u00fcndet: exzellente Weine [&hellip;]","og_url":"https:\/\/spanienaktuell.net\/wordpress\/weinempfehlung-april\/","og_site_name":"Spanien aktuell","article_published_time":"2025-04-01T01:18:25+00:00","og_image":[{"width":1362,"height":523,"url":"https:\/\/spanienaktuell.net\/wordpress\/wp-content\/uploads\/2025\/01\/LOGO_LA-VINERIA.jpg","type":"image\/jpeg"}],"author":"Spanien aktuell","twitter_card":"summary_large_image","twitter_misc":{"Escrito por":"Spanien aktuell","Tiempo de lectura":"6 minutos"},"schema":{"@context":"https:\/\/schema.org","@graph":[{"@type":"Article","@id":"https:\/\/spanienaktuell.net\/wordpress\/weinempfehlung-april\/#article","isPartOf":{"@id":"https:\/\/spanienaktuell.net\/wordpress\/weinempfehlung-april\/"},"author":{"name":"Spanien aktuell","@id":"https:\/\/spanienaktuell.net\/wordpress\/#\/schema\/person\/f354cdb1409084031b0638a391b0c6bd"},"headline":"WEINEMPFEHLUNG &#8211; APRIL","datePublished":"2025-04-01T01:18:25+00:00","mainEntityOfPage":{"@id":"https:\/\/spanienaktuell.net\/wordpress\/weinempfehlung-april\/"},"wordCount":669,"publisher":{"@id":"https:\/\/spanienaktuell.net\/wordpress\/#organization"},"image":{"@id":"https:\/\/spanienaktuell.net\/wordpress\/weinempfehlung-april\/#primaryimage"},"thumbnailUrl":"https:\/\/spanienaktuell.net\/wordpress\/wp-content\/uploads\/2025\/01\/LOGO_LA-VINERIA.jpg","articleSection":["Kulinarisch"],"inLanguage":"es"},{"@type":"WebPage","@id":"https:\/\/spanienaktuell.net\/wordpress\/weinempfehlung-april\/","url":"https:\/\/spanienaktuell.net\/wordpress\/weinempfehlung-april\/","name":"WEINEMPFEHLUNG - APRIL - Spanien aktuell","isPartOf":{"@id":"https:\/\/spanienaktuell.net\/wordpress\/#website"},"primaryImageOfPage":{"@id":"https:\/\/spanienaktuell.net\/wordpress\/weinempfehlung-april\/#primaryimage"},"image":{"@id":"https:\/\/spanienaktuell.net\/wordpress\/weinempfehlung-april\/#primaryimage"},"thumbnailUrl":"https:\/\/spanienaktuell.net\/wordpress\/wp-content\/uploads\/2025\/01\/LOGO_LA-VINERIA.jpg","datePublished":"2025-04-01T01:18:25+00:00","breadcrumb":{"@id":"https:\/\/spanienaktuell.net\/wordpress\/weinempfehlung-april\/#breadcrumb"},"inLanguage":"es","potentialAction":[{"@type":"ReadAction","target":["https:\/\/spanienaktuell.net\/wordpress\/weinempfehlung-april\/"]}]},{"@type":"ImageObject","inLanguage":"es","@id":"https:\/\/spanienaktuell.net\/wordpress\/weinempfehlung-april\/#primaryimage","url":"https:\/\/spanienaktuell.net\/wordpress\/wp-content\/uploads\/2025\/01\/LOGO_LA-VINERIA.jpg","contentUrl":"https:\/\/spanienaktuell.net\/wordpress\/wp-content\/uploads\/2025\/01\/LOGO_LA-VINERIA.jpg","width":1362,"height":523},{"@type":"BreadcrumbList","@id":"https:\/\/spanienaktuell.net\/wordpress\/weinempfehlung-april\/#breadcrumb","itemListElement":[{"@type":"ListItem","position":1,"name":"Portada","item":"https:\/\/spanienaktuell.net\/wordpress\/"},{"@type":"ListItem","position":2,"name":"WEINEMPFEHLUNG &#8211; APRIL"}]},{"@type":"WebSite","@id":"https:\/\/spanienaktuell.net\/wordpress\/#website","url":"https:\/\/spanienaktuell.net\/wordpress\/","name":"Spanien aktuell","description":"The German magazine number 1 on the Costa del Sol","publisher":{"@id":"https:\/\/spanienaktuell.net\/wordpress\/#organization"},"potentialAction":[{"@type":"SearchAction","target":{"@type":"EntryPoint","urlTemplate":"https:\/\/spanienaktuell.net\/wordpress\/?s={search_term_string}"},"query-input":{"@type":"PropertyValueSpecification","valueRequired":true,"valueName":"search_term_string"}}],"inLanguage":"es"},{"@type":"Organization","@id":"https:\/\/spanienaktuell.net\/wordpress\/#organization","name":"Spanien aktuell","url":"https:\/\/spanienaktuell.net\/wordpress\/","logo":{"@type":"ImageObject","inLanguage":"es","@id":"https:\/\/spanienaktuell.net\/wordpress\/#\/schema\/logo\/image\/","url":"https:\/\/spanienaktuell.net\/wordpress\/wp-content\/uploads\/2019\/06\/cropped-Logo-spanien-aktuell-png-web-e1561631085388.png","contentUrl":"https:\/\/spanienaktuell.net\/wordpress\/wp-content\/uploads\/2019\/06\/cropped-Logo-spanien-aktuell-png-web-e1561631085388.png","width":512,"height":110,"caption":"Spanien aktuell"},"image":{"@id":"https:\/\/spanienaktuell.net\/wordpress\/#\/schema\/logo\/image\/"}},{"@type":"Person","@id":"https:\/\/spanienaktuell.net\/wordpress\/#\/schema\/person\/f354cdb1409084031b0638a391b0c6bd","name":"Spanien aktuell","image":{"@type":"ImageObject","inLanguage":"es","@id":"https:\/\/spanienaktuell.net\/wordpress\/#\/schema\/person\/image\/","url":"https:\/\/spanienaktuell.net\/wordpress\/wp-content\/uploads\/2019\/06\/Logo-spanien-aktuell-png-fav2-100x100.png","contentUrl":"https:\/\/spanienaktuell.net\/wordpress\/wp-content\/uploads\/2019\/06\/Logo-spanien-aktuell-png-fav2-100x100.png","caption":"Spanien aktuell"},"url":"https:\/\/spanienaktuell.net\/wordpress\/author\/jcotilla\/"}]}},"_links":{"self":[{"href":"https:\/\/spanienaktuell.net\/wordpress\/wp-json\/wp\/v2\/posts\/106568","targetHints":{"allow":["GET"]}}],"collection":[{"href":"https:\/\/spanienaktuell.net\/wordpress\/wp-json\/wp\/v2\/posts"}],"about":[{"href":"https:\/\/spanienaktuell.net\/wordpress\/wp-json\/wp\/v2\/types\/post"}],"author":[{"embeddable":true,"href":"https:\/\/spanienaktuell.net\/wordpress\/wp-json\/wp\/v2\/users\/5"}],"replies":[{"embeddable":true,"href":"https:\/\/spanienaktuell.net\/wordpress\/wp-json\/wp\/v2\/comments?post=106568"}],"version-history":[{"count":6,"href":"https:\/\/spanienaktuell.net\/wordpress\/wp-json\/wp\/v2\/posts\/106568\/revisions"}],"predecessor-version":[{"id":106608,"href":"https:\/\/spanienaktuell.net\/wordpress\/wp-json\/wp\/v2\/posts\/106568\/revisions\/106608"}],"wp:featuredmedia":[{"embeddable":true,"href":"https:\/\/spanienaktuell.net\/wordpress\/wp-json\/wp\/v2\/media\/105961"}],"wp:attachment":[{"href":"https:\/\/spanienaktuell.net\/wordpress\/wp-json\/wp\/v2\/media?parent=106568"}],"wp:term":[{"taxonomy":"category","embeddable":true,"href":"https:\/\/spanienaktuell.net\/wordpress\/wp-json\/wp\/v2\/categories?post=106568"},{"taxonomy":"post_tag","embeddable":true,"href":"https:\/\/spanienaktuell.net\/wordpress\/wp-json\/wp\/v2\/tags?post=106568"}],"curies":[{"name":"wp","href":"https:\/\/api.w.org\/{rel}","templated":true}]}}