{"id":106837,"date":"2025-05-01T05:04:26","date_gmt":"2025-05-01T03:04:26","guid":{"rendered":"https:\/\/spanienaktuell.net\/wordpress\/?p=106837"},"modified":"2025-04-30T14:58:01","modified_gmt":"2025-04-30T12:58:01","slug":"outdoortrends-mai-2025","status":"publish","type":"post","link":"https:\/\/spanienaktuell.net\/wordpress\/outdoortrends-mai-2025\/","title":{"rendered":"Outdoortrends Mai 2025"},"content":{"rendered":"<p><strong>Highspeed trifft Design \u2013 Ducati Panigale V4 Lamborghini<\/strong><\/p>\n<p><img decoding=\"async\" class=\"aligncenter size-full wp-image-106839\" src=\"https:\/\/spanienaktuell.net\/wordpress\/wp-content\/uploads\/2025\/04\/660781-scaled.jpg\" alt=\"\" width=\"1440\" height=\"884\" srcset=\"https:\/\/spanienaktuell.net\/wordpress\/wp-content\/uploads\/2025\/04\/660781-scaled.jpg 1440w, https:\/\/spanienaktuell.net\/wordpress\/wp-content\/uploads\/2025\/04\/660781-300x184.jpg 300w, https:\/\/spanienaktuell.net\/wordpress\/wp-content\/uploads\/2025\/04\/660781-1024x629.jpg 1024w, https:\/\/spanienaktuell.net\/wordpress\/wp-content\/uploads\/2025\/04\/660781-768x472.jpg 768w, https:\/\/spanienaktuell.net\/wordpress\/wp-content\/uploads\/2025\/04\/660781-1536x943.jpg 1536w, https:\/\/spanienaktuell.net\/wordpress\/wp-content\/uploads\/2025\/04\/660781-2048x1258.jpg 2048w, https:\/\/spanienaktuell.net\/wordpress\/wp-content\/uploads\/2025\/04\/660781-350x215.jpg 350w\" sizes=\"(max-width: 1440px) 100vw, 1440px\" \/><\/p>\n<p>Die neueste Kooperation von Ducati und Lamborghini bringt 2025 die Panigale V4 S im Look des Lamborghini Revuelto auf den Asphalt. Nur 630 Exemplare der extrem leichten, auf 218,5 PS getunten Superbikes werden gebaut \u2013 63 davon k\u00f6nnen von Revuelto-Besitzern im Stil ihres Fahrzeugs personalisiert werden. Viel Carbon, Titan-Auspuff von Akrapovi\u010d und edles Design machen die Ducati Panigale V4 Lamborghini zu einem exklusiven Highlight f\u00fcr PS-Fans mit Sinn f\u00fcr Stil.<\/p>\n<p><strong>Weitere Informationen finden Sie auf <\/strong><a href=\"http:\/\/www.lamborghini.com\"><strong>www.lamborghini.com<\/strong><\/a><\/p>\n<p><strong>\u00a0<\/strong><\/p>\n<p><strong>KTM E-BIKE MACINA KAPOHO <\/strong><\/p>\n<p><strong><img decoding=\"async\" class=\"aligncenter size-full wp-image-106840\" src=\"https:\/\/spanienaktuell.net\/wordpress\/wp-content\/uploads\/2025\/04\/KTM-E-BIKE.jpg\" alt=\"\" width=\"1110\" height=\"666\" srcset=\"https:\/\/spanienaktuell.net\/wordpress\/wp-content\/uploads\/2025\/04\/KTM-E-BIKE.jpg 1110w, https:\/\/spanienaktuell.net\/wordpress\/wp-content\/uploads\/2025\/04\/KTM-E-BIKE-300x180.jpg 300w, https:\/\/spanienaktuell.net\/wordpress\/wp-content\/uploads\/2025\/04\/KTM-E-BIKE-1024x614.jpg 1024w, https:\/\/spanienaktuell.net\/wordpress\/wp-content\/uploads\/2025\/04\/KTM-E-BIKE-768x461.jpg 768w, https:\/\/spanienaktuell.net\/wordpress\/wp-content\/uploads\/2025\/04\/KTM-E-BIKE-350x210.jpg 350w\" sizes=\"(max-width: 1110px) 100vw, 1110px\" \/>\u00a0<\/strong><\/p>\n<p>&nbsp;<\/p>\n<p>Ob Uphill oder Downhill \u2013 das MACINA KAPOHO E-Fully von KTM ist f\u00fcr alles ger\u00fcstet. Mit 160 mm Federweg, DiMMiX-Bereifung (29&#8243; vorn, 27,5&#8243; hinten) und dem sensiblen SLL-Fahrwerk meistert es anspruchsvolles Gel\u00e4nde ebenso souver\u00e4n wie entspannte Touren. Der kraftvolle Bosch Performance Line CX Motor, 750-Wh-Akku und smarte Connectivity machen es zum idealen Begleiter f\u00fcr alle, die Freiheit auf zwei R\u00e4dern lieben.<\/p>\n<p><strong>Weitere Informationen finden Sie unter <\/strong><a href=\"http:\/\/www.ktm-bikes.at\"><strong>www.ktm-bikes.at<\/strong><\/a><\/p>\n<p><strong>und auf <\/strong><a href=\"http:\/\/www.biciterraneo.com\"><strong>www.biciterraneo.com<\/strong><\/a><strong> oder im Shop in Torre del Mar-Malaga<\/strong><\/p>\n<p><strong>\u00a0<\/strong><\/p>\n<p><strong>Ultraleicht, kompakt, abenteuerbereit \u2013 das Oru Lake Kajak<\/strong><\/p>\n<p><img decoding=\"async\" class=\"aligncenter size-full wp-image-106842\" src=\"https:\/\/spanienaktuell.net\/wordpress\/wp-content\/uploads\/2025\/04\/Or-scaled.jpg\" alt=\"\" width=\"1440\" height=\"1080\" srcset=\"https:\/\/spanienaktuell.net\/wordpress\/wp-content\/uploads\/2025\/04\/Or-scaled.jpg 1440w, https:\/\/spanienaktuell.net\/wordpress\/wp-content\/uploads\/2025\/04\/Or-300x225.jpg 300w, https:\/\/spanienaktuell.net\/wordpress\/wp-content\/uploads\/2025\/04\/Or-1024x768.jpg 1024w, https:\/\/spanienaktuell.net\/wordpress\/wp-content\/uploads\/2025\/04\/Or-768x576.jpg 768w, https:\/\/spanienaktuell.net\/wordpress\/wp-content\/uploads\/2025\/04\/Or-1536x1152.jpg 1536w, https:\/\/spanienaktuell.net\/wordpress\/wp-content\/uploads\/2025\/04\/Or-350x263.jpg 350w\" sizes=\"(max-width: 1440px) 100vw, 1440px\" \/><\/p>\n<p>Das Oru Lake z\u00e4hlt zu den leichtesten Kajaks auf dem Markt: In weniger als einer Minute aufgebaut und nur 7,7\u202fkg schwer, ist es der perfekte Begleiter f\u00fcr spontane Ausfl\u00fcge \u2013 ob im Auto, im Zug oder sogar im Flugzeug. Stabil, anf\u00e4ngerfreundlich und ideal f\u00fcr alle Altersgruppen. F\u00fcr noch mehr Komfort gibt\u2019s das Lake Sport Modell mit verstellbarer R\u00fcckenlehne, Fu\u00dfst\u00fctze und zus\u00e4tzlichem Polster-Upgrade. Maximale Flexibilit\u00e4t f\u00fcr alle, die Wasser und Freiheit lieben.<\/p>\n<p><strong>Weitere Informationen finden Sie auf <\/strong><a href=\"https:\/\/eu.orukayak.com\/\"><strong>https:\/\/eu.orukayak.com\/<\/strong><\/a><\/p>\n<p>&nbsp;<\/p>\n<p><strong>Messerschmitt Kabinenroller \u2013 die Legende neu erleben<\/strong><\/p>\n<p><img decoding=\"async\" class=\"aligncenter size-full wp-image-106841\" src=\"https:\/\/spanienaktuell.net\/wordpress\/wp-content\/uploads\/2025\/04\/Messerschmitt-KabinenRoller.jpg\" alt=\"\" width=\"1248\" height=\"718\" srcset=\"https:\/\/spanienaktuell.net\/wordpress\/wp-content\/uploads\/2025\/04\/Messerschmitt-KabinenRoller.jpg 1248w, https:\/\/spanienaktuell.net\/wordpress\/wp-content\/uploads\/2025\/04\/Messerschmitt-KabinenRoller-300x173.jpg 300w, https:\/\/spanienaktuell.net\/wordpress\/wp-content\/uploads\/2025\/04\/Messerschmitt-KabinenRoller-1024x589.jpg 1024w, https:\/\/spanienaktuell.net\/wordpress\/wp-content\/uploads\/2025\/04\/Messerschmitt-KabinenRoller-768x442.jpg 768w, https:\/\/spanienaktuell.net\/wordpress\/wp-content\/uploads\/2025\/04\/Messerschmitt-KabinenRoller-350x201.jpg 350w\" sizes=\"(max-width: 1248px) 100vw, 1248px\" \/><\/p>\n<p>Der Messerschmitt Kabinenroller pr\u00e4gte die 1950er-Jahre \u2013 jetzt kehrt er in den <strong>Werkst\u00e4tten von Nerja<\/strong> zur\u00fcck. Die <strong>Modelle KR 202<\/strong> Sport u. <strong>KR 202 E<\/strong> verbinden klassisches Design mit moderner Technik. Der KR 202 Sport bleibt dem Original treu, wurde aber optimiert: Die markante Plexiglaskuppel wich einem abnehmbaren Hardtop, das ihn im Handumdrehen zum Cabrio macht. Ein <strong>Piaggio-Moto<\/strong>r mit <strong>155 ccm<\/strong> u. <strong>17 PS<\/strong> sorgt f\u00fcr authentischen Fahrspa\u00df. Wer <strong>emissionsfrei <\/strong>unterwegs sein m\u00f6chte, w\u00e4hlt den <strong>KR 202 E<\/strong>. Sein <strong>12 kW Elektromotor<\/strong> bringt das legend\u00e4re Design in die Zukunft u. kombiniert Nostalgie mit nachhaltiger Mobilit\u00e4t. <strong>Zwei Modelle, ein einzigartiges Fahrerlebnis \u2013 die Legende lebt weiter!<\/strong><\/p>\n<p><strong>Weitere Informationen finden Sie auf<\/strong> <a href=\"http:\/\/www.messerschmitt-werke.de\">www.messerschmitt-werke.de<\/a><\/p>\n<p><strong>\u00a0und<\/strong> <a href=\"http:\/\/www.neue-kabinenroller.de\">www.neue-kabinenroller.de<\/a><\/p>\n<p>&nbsp;<\/p>\n<p><strong>Yamaha GP SVHO \u2013 Jetski der Extraklasse<\/strong><\/p>\n<p><img decoding=\"async\" class=\"aligncenter size-full wp-image-106838\" src=\"https:\/\/spanienaktuell.net\/wordpress\/wp-content\/uploads\/2025\/04\/Yamaha-GP1800RSVHO--scaled.jpg\" alt=\"\" width=\"1440\" height=\"810\" srcset=\"https:\/\/spanienaktuell.net\/wordpress\/wp-content\/uploads\/2025\/04\/Yamaha-GP1800RSVHO--scaled.jpg 1440w, https:\/\/spanienaktuell.net\/wordpress\/wp-content\/uploads\/2025\/04\/Yamaha-GP1800RSVHO--300x169.jpg 300w, https:\/\/spanienaktuell.net\/wordpress\/wp-content\/uploads\/2025\/04\/Yamaha-GP1800RSVHO--1024x576.jpg 1024w, https:\/\/spanienaktuell.net\/wordpress\/wp-content\/uploads\/2025\/04\/Yamaha-GP1800RSVHO--768x432.jpg 768w, https:\/\/spanienaktuell.net\/wordpress\/wp-content\/uploads\/2025\/04\/Yamaha-GP1800RSVHO--1536x864.jpg 1536w, https:\/\/spanienaktuell.net\/wordpress\/wp-content\/uploads\/2025\/04\/Yamaha-GP1800RSVHO--350x197.jpg 350w\" sizes=\"(max-width: 1440px) 100vw, 1440px\" \/><\/p>\n<p>Der Yamaha GP SVHO steht f\u00fcr pure Power auf dem Wasser. Mit seinem ultraleichten NanoXcel2\u00ae-Rumpf und dem innovativen RiDE\u00ae-Steuersystem bietet er h\u00f6chste Performance und Kontrolle. Rennsport-inspirierte Details wie spezielle Ansauggitter, optimierte Rumpfform sowie ein tiefer Schwerpunkt sorgen f\u00fcr pr\u00e4zises Handling \u2013 auch bei Wellengang. Sitzergonomie und Lenkerdesign wurden f\u00fcr maximalen Fahrspa\u00df weiterentwickelt. Ein Jetski f\u00fcr alle, die Adrenalin und Kontrolle lieben.<\/p>\n<p><strong>Weitere Informationen finden Sie auf <\/strong><a href=\"http:\/\/www.yamaha-motor.eu\"><strong>www.yamaha-motor.eu<\/strong><\/a><\/p>\n<p>&nbsp;<\/p>\n<p><strong>KULBA Woody \u2013 Der kompakte Teardrop-Caravan<\/strong><\/p>\n<p><img decoding=\"async\" class=\"aligncenter size-full wp-image-106843\" src=\"https:\/\/spanienaktuell.net\/wordpress\/wp-content\/uploads\/2025\/04\/wood-scaled.jpg\" alt=\"\" width=\"1440\" height=\"749\" srcset=\"https:\/\/spanienaktuell.net\/wordpress\/wp-content\/uploads\/2025\/04\/wood-scaled.jpg 1440w, https:\/\/spanienaktuell.net\/wordpress\/wp-content\/uploads\/2025\/04\/wood-300x156.jpg 300w, https:\/\/spanienaktuell.net\/wordpress\/wp-content\/uploads\/2025\/04\/wood-1024x532.jpg 1024w, https:\/\/spanienaktuell.net\/wordpress\/wp-content\/uploads\/2025\/04\/wood-768x399.jpg 768w, https:\/\/spanienaktuell.net\/wordpress\/wp-content\/uploads\/2025\/04\/wood-1536x798.jpg 1536w, https:\/\/spanienaktuell.net\/wordpress\/wp-content\/uploads\/2025\/04\/wood-350x182.jpg 350w\" sizes=\"(max-width: 1440px) 100vw, 1440px\" \/><\/p>\n<p>Der KULBA Woody ist der perfekte Mini-Campingwagen f\u00fcr Reisen mit Stil und Komfort. Leicht und wendig, l\u00e4sst sich der 500 kg leichte Caravan an nahezu jedes Auto anh\u00e4ngen \u2013 auch an kleinere Modelle. Ausgestattet mit praktischen Details wie LED-Beleuchtung, einem elektrischen Wasserhahn, einer Kompressork\u00fchlbox und einem Gaskartuschenkocher bietet er alles f\u00fcr ein komfortables Camping-Erlebnis. Die kompakte Gr\u00f6\u00dfe (2 m x 1,40 m Liegefl\u00e4che) und das geringe Gewicht (kein Anh\u00e4ngerf\u00fchrerschein n\u00f6tig) machen ihn ideal f\u00fcr spontane Ausfl\u00fcge.<\/p>\n<p><strong>Weitere Informationen finden Sie auf <\/strong><a href=\"https:\/\/kulba.cool\/de\"><strong>https:\/\/kulba.cool\/de<\/strong><\/a><\/p>\n","protected":false},"excerpt":{"rendered":"<p>Highspeed trifft Design \u2013 Ducati Panigale V4 Lamborghini Die neueste Kooperation von Ducati und Lamborghini bringt 2025 die Panigale V4 [&hellip;]<\/p>\n","protected":false},"author":5,"featured_media":106839,"comment_status":"closed","ping_status":"closed","sticky":false,"template":"","format":"standard","meta":{"footnotes":""},"categories":[33],"tags":[],"class_list":["post-106837","post","type-post","status-publish","format-standard","has-post-thumbnail","hentry","category-trends"],"yoast_head":"<!-- This site is optimized with the Yoast SEO plugin v27.1.1 - https:\/\/yoast.com\/product\/yoast-seo-wordpress\/ -->\n<title>Outdoortrends Mai 2025 - Spanien aktuell<\/title>\n<meta name=\"robots\" content=\"index, follow, max-snippet:-1, max-image-preview:large, max-video-preview:-1\" \/>\n<link rel=\"canonical\" href=\"https:\/\/spanienaktuell.net\/wordpress\/outdoortrends-mai-2025\/\" \/>\n<meta property=\"og:locale\" content=\"es_ES\" \/>\n<meta property=\"og:type\" content=\"article\" \/>\n<meta property=\"og:title\" content=\"Outdoortrends Mai 2025 - Spanien aktuell\" \/>\n<meta property=\"og:description\" content=\"Highspeed trifft Design \u2013 Ducati Panigale V4 Lamborghini Die neueste Kooperation von Ducati und Lamborghini bringt 2025 die Panigale V4 [&hellip;]\" \/>\n<meta property=\"og:url\" content=\"https:\/\/spanienaktuell.net\/wordpress\/outdoortrends-mai-2025\/\" \/>\n<meta property=\"og:site_name\" content=\"Spanien aktuell\" \/>\n<meta property=\"article:published_time\" content=\"2025-05-01T03:04:26+00:00\" \/>\n<meta property=\"og:image\" content=\"https:\/\/spanienaktuell.net\/wordpress\/wp-content\/uploads\/2025\/04\/660781-scaled.jpg\" \/>\n\t<meta property=\"og:image:width\" content=\"1440\" \/>\n\t<meta property=\"og:image:height\" content=\"884\" \/>\n\t<meta property=\"og:image:type\" content=\"image\/jpeg\" \/>\n<meta name=\"author\" content=\"Spanien aktuell\" \/>\n<meta name=\"twitter:card\" content=\"summary_large_image\" \/>\n<meta name=\"twitter:label1\" content=\"Escrito por\" \/>\n\t<meta name=\"twitter:data1\" content=\"Spanien aktuell\" \/>\n\t<meta name=\"twitter:label2\" content=\"Tiempo de lectura\" \/>\n\t<meta name=\"twitter:data2\" content=\"4 minutos\" \/>\n<script type=\"application\/ld+json\" class=\"yoast-schema-graph\">{\"@context\":\"https:\/\/schema.org\",\"@graph\":[{\"@type\":\"Article\",\"@id\":\"https:\/\/spanienaktuell.net\/wordpress\/outdoortrends-mai-2025\/#article\",\"isPartOf\":{\"@id\":\"https:\/\/spanienaktuell.net\/wordpress\/outdoortrends-mai-2025\/\"},\"author\":{\"name\":\"Spanien aktuell\",\"@id\":\"https:\/\/spanienaktuell.net\/wordpress\/#\/schema\/person\/f354cdb1409084031b0638a391b0c6bd\"},\"headline\":\"Outdoortrends Mai 2025\",\"datePublished\":\"2025-05-01T03:04:26+00:00\",\"mainEntityOfPage\":{\"@id\":\"https:\/\/spanienaktuell.net\/wordpress\/outdoortrends-mai-2025\/\"},\"wordCount\":577,\"publisher\":{\"@id\":\"https:\/\/spanienaktuell.net\/wordpress\/#organization\"},\"image\":{\"@id\":\"https:\/\/spanienaktuell.net\/wordpress\/outdoortrends-mai-2025\/#primaryimage\"},\"thumbnailUrl\":\"https:\/\/spanienaktuell.net\/wordpress\/wp-content\/uploads\/2025\/04\/660781-scaled.jpg\",\"articleSection\":[\"Trends\"],\"inLanguage\":\"es\"},{\"@type\":\"WebPage\",\"@id\":\"https:\/\/spanienaktuell.net\/wordpress\/outdoortrends-mai-2025\/\",\"url\":\"https:\/\/spanienaktuell.net\/wordpress\/outdoortrends-mai-2025\/\",\"name\":\"Outdoortrends Mai 2025 - Spanien aktuell\",\"isPartOf\":{\"@id\":\"https:\/\/spanienaktuell.net\/wordpress\/#website\"},\"primaryImageOfPage\":{\"@id\":\"https:\/\/spanienaktuell.net\/wordpress\/outdoortrends-mai-2025\/#primaryimage\"},\"image\":{\"@id\":\"https:\/\/spanienaktuell.net\/wordpress\/outdoortrends-mai-2025\/#primaryimage\"},\"thumbnailUrl\":\"https:\/\/spanienaktuell.net\/wordpress\/wp-content\/uploads\/2025\/04\/660781-scaled.jpg\",\"datePublished\":\"2025-05-01T03:04:26+00:00\",\"breadcrumb\":{\"@id\":\"https:\/\/spanienaktuell.net\/wordpress\/outdoortrends-mai-2025\/#breadcrumb\"},\"inLanguage\":\"es\",\"potentialAction\":[{\"@type\":\"ReadAction\",\"target\":[\"https:\/\/spanienaktuell.net\/wordpress\/outdoortrends-mai-2025\/\"]}]},{\"@type\":\"ImageObject\",\"inLanguage\":\"es\",\"@id\":\"https:\/\/spanienaktuell.net\/wordpress\/outdoortrends-mai-2025\/#primaryimage\",\"url\":\"https:\/\/spanienaktuell.net\/wordpress\/wp-content\/uploads\/2025\/04\/660781-scaled.jpg\",\"contentUrl\":\"https:\/\/spanienaktuell.net\/wordpress\/wp-content\/uploads\/2025\/04\/660781-scaled.jpg\",\"width\":1440,\"height\":884},{\"@type\":\"BreadcrumbList\",\"@id\":\"https:\/\/spanienaktuell.net\/wordpress\/outdoortrends-mai-2025\/#breadcrumb\",\"itemListElement\":[{\"@type\":\"ListItem\",\"position\":1,\"name\":\"Portada\",\"item\":\"https:\/\/spanienaktuell.net\/wordpress\/\"},{\"@type\":\"ListItem\",\"position\":2,\"name\":\"Outdoortrends Mai 2025\"}]},{\"@type\":\"WebSite\",\"@id\":\"https:\/\/spanienaktuell.net\/wordpress\/#website\",\"url\":\"https:\/\/spanienaktuell.net\/wordpress\/\",\"name\":\"Spanien aktuell\",\"description\":\"The German magazine number 1 on the Costa del Sol\",\"publisher\":{\"@id\":\"https:\/\/spanienaktuell.net\/wordpress\/#organization\"},\"potentialAction\":[{\"@type\":\"SearchAction\",\"target\":{\"@type\":\"EntryPoint\",\"urlTemplate\":\"https:\/\/spanienaktuell.net\/wordpress\/?s={search_term_string}\"},\"query-input\":{\"@type\":\"PropertyValueSpecification\",\"valueRequired\":true,\"valueName\":\"search_term_string\"}}],\"inLanguage\":\"es\"},{\"@type\":\"Organization\",\"@id\":\"https:\/\/spanienaktuell.net\/wordpress\/#organization\",\"name\":\"Spanien aktuell\",\"url\":\"https:\/\/spanienaktuell.net\/wordpress\/\",\"logo\":{\"@type\":\"ImageObject\",\"inLanguage\":\"es\",\"@id\":\"https:\/\/spanienaktuell.net\/wordpress\/#\/schema\/logo\/image\/\",\"url\":\"https:\/\/spanienaktuell.net\/wordpress\/wp-content\/uploads\/2019\/06\/cropped-Logo-spanien-aktuell-png-web-e1561631085388.png\",\"contentUrl\":\"https:\/\/spanienaktuell.net\/wordpress\/wp-content\/uploads\/2019\/06\/cropped-Logo-spanien-aktuell-png-web-e1561631085388.png\",\"width\":512,\"height\":110,\"caption\":\"Spanien aktuell\"},\"image\":{\"@id\":\"https:\/\/spanienaktuell.net\/wordpress\/#\/schema\/logo\/image\/\"}},{\"@type\":\"Person\",\"@id\":\"https:\/\/spanienaktuell.net\/wordpress\/#\/schema\/person\/f354cdb1409084031b0638a391b0c6bd\",\"name\":\"Spanien aktuell\",\"image\":{\"@type\":\"ImageObject\",\"inLanguage\":\"es\",\"@id\":\"https:\/\/spanienaktuell.net\/wordpress\/#\/schema\/person\/image\/\",\"url\":\"https:\/\/spanienaktuell.net\/wordpress\/wp-content\/uploads\/2019\/06\/Logo-spanien-aktuell-png-fav2-100x100.png\",\"contentUrl\":\"https:\/\/spanienaktuell.net\/wordpress\/wp-content\/uploads\/2019\/06\/Logo-spanien-aktuell-png-fav2-100x100.png\",\"caption\":\"Spanien aktuell\"},\"url\":\"https:\/\/spanienaktuell.net\/wordpress\/author\/jcotilla\/\"}]}<\/script>\n<!-- \/ Yoast SEO plugin. -->","yoast_head_json":{"title":"Outdoortrends Mai 2025 - Spanien aktuell","robots":{"index":"index","follow":"follow","max-snippet":"max-snippet:-1","max-image-preview":"max-image-preview:large","max-video-preview":"max-video-preview:-1"},"canonical":"https:\/\/spanienaktuell.net\/wordpress\/outdoortrends-mai-2025\/","og_locale":"es_ES","og_type":"article","og_title":"Outdoortrends Mai 2025 - Spanien aktuell","og_description":"Highspeed trifft Design \u2013 Ducati Panigale V4 Lamborghini Die neueste Kooperation von Ducati und Lamborghini bringt 2025 die Panigale V4 [&hellip;]","og_url":"https:\/\/spanienaktuell.net\/wordpress\/outdoortrends-mai-2025\/","og_site_name":"Spanien aktuell","article_published_time":"2025-05-01T03:04:26+00:00","og_image":[{"width":1440,"height":884,"url":"https:\/\/spanienaktuell.net\/wordpress\/wp-content\/uploads\/2025\/04\/660781-scaled.jpg","type":"image\/jpeg"}],"author":"Spanien aktuell","twitter_card":"summary_large_image","twitter_misc":{"Escrito por":"Spanien aktuell","Tiempo de lectura":"4 minutos"},"schema":{"@context":"https:\/\/schema.org","@graph":[{"@type":"Article","@id":"https:\/\/spanienaktuell.net\/wordpress\/outdoortrends-mai-2025\/#article","isPartOf":{"@id":"https:\/\/spanienaktuell.net\/wordpress\/outdoortrends-mai-2025\/"},"author":{"name":"Spanien aktuell","@id":"https:\/\/spanienaktuell.net\/wordpress\/#\/schema\/person\/f354cdb1409084031b0638a391b0c6bd"},"headline":"Outdoortrends Mai 2025","datePublished":"2025-05-01T03:04:26+00:00","mainEntityOfPage":{"@id":"https:\/\/spanienaktuell.net\/wordpress\/outdoortrends-mai-2025\/"},"wordCount":577,"publisher":{"@id":"https:\/\/spanienaktuell.net\/wordpress\/#organization"},"image":{"@id":"https:\/\/spanienaktuell.net\/wordpress\/outdoortrends-mai-2025\/#primaryimage"},"thumbnailUrl":"https:\/\/spanienaktuell.net\/wordpress\/wp-content\/uploads\/2025\/04\/660781-scaled.jpg","articleSection":["Trends"],"inLanguage":"es"},{"@type":"WebPage","@id":"https:\/\/spanienaktuell.net\/wordpress\/outdoortrends-mai-2025\/","url":"https:\/\/spanienaktuell.net\/wordpress\/outdoortrends-mai-2025\/","name":"Outdoortrends Mai 2025 - Spanien aktuell","isPartOf":{"@id":"https:\/\/spanienaktuell.net\/wordpress\/#website"},"primaryImageOfPage":{"@id":"https:\/\/spanienaktuell.net\/wordpress\/outdoortrends-mai-2025\/#primaryimage"},"image":{"@id":"https:\/\/spanienaktuell.net\/wordpress\/outdoortrends-mai-2025\/#primaryimage"},"thumbnailUrl":"https:\/\/spanienaktuell.net\/wordpress\/wp-content\/uploads\/2025\/04\/660781-scaled.jpg","datePublished":"2025-05-01T03:04:26+00:00","breadcrumb":{"@id":"https:\/\/spanienaktuell.net\/wordpress\/outdoortrends-mai-2025\/#breadcrumb"},"inLanguage":"es","potentialAction":[{"@type":"ReadAction","target":["https:\/\/spanienaktuell.net\/wordpress\/outdoortrends-mai-2025\/"]}]},{"@type":"ImageObject","inLanguage":"es","@id":"https:\/\/spanienaktuell.net\/wordpress\/outdoortrends-mai-2025\/#primaryimage","url":"https:\/\/spanienaktuell.net\/wordpress\/wp-content\/uploads\/2025\/04\/660781-scaled.jpg","contentUrl":"https:\/\/spanienaktuell.net\/wordpress\/wp-content\/uploads\/2025\/04\/660781-scaled.jpg","width":1440,"height":884},{"@type":"BreadcrumbList","@id":"https:\/\/spanienaktuell.net\/wordpress\/outdoortrends-mai-2025\/#breadcrumb","itemListElement":[{"@type":"ListItem","position":1,"name":"Portada","item":"https:\/\/spanienaktuell.net\/wordpress\/"},{"@type":"ListItem","position":2,"name":"Outdoortrends Mai 2025"}]},{"@type":"WebSite","@id":"https:\/\/spanienaktuell.net\/wordpress\/#website","url":"https:\/\/spanienaktuell.net\/wordpress\/","name":"Spanien aktuell","description":"The German magazine number 1 on the Costa del Sol","publisher":{"@id":"https:\/\/spanienaktuell.net\/wordpress\/#organization"},"potentialAction":[{"@type":"SearchAction","target":{"@type":"EntryPoint","urlTemplate":"https:\/\/spanienaktuell.net\/wordpress\/?s={search_term_string}"},"query-input":{"@type":"PropertyValueSpecification","valueRequired":true,"valueName":"search_term_string"}}],"inLanguage":"es"},{"@type":"Organization","@id":"https:\/\/spanienaktuell.net\/wordpress\/#organization","name":"Spanien aktuell","url":"https:\/\/spanienaktuell.net\/wordpress\/","logo":{"@type":"ImageObject","inLanguage":"es","@id":"https:\/\/spanienaktuell.net\/wordpress\/#\/schema\/logo\/image\/","url":"https:\/\/spanienaktuell.net\/wordpress\/wp-content\/uploads\/2019\/06\/cropped-Logo-spanien-aktuell-png-web-e1561631085388.png","contentUrl":"https:\/\/spanienaktuell.net\/wordpress\/wp-content\/uploads\/2019\/06\/cropped-Logo-spanien-aktuell-png-web-e1561631085388.png","width":512,"height":110,"caption":"Spanien aktuell"},"image":{"@id":"https:\/\/spanienaktuell.net\/wordpress\/#\/schema\/logo\/image\/"}},{"@type":"Person","@id":"https:\/\/spanienaktuell.net\/wordpress\/#\/schema\/person\/f354cdb1409084031b0638a391b0c6bd","name":"Spanien aktuell","image":{"@type":"ImageObject","inLanguage":"es","@id":"https:\/\/spanienaktuell.net\/wordpress\/#\/schema\/person\/image\/","url":"https:\/\/spanienaktuell.net\/wordpress\/wp-content\/uploads\/2019\/06\/Logo-spanien-aktuell-png-fav2-100x100.png","contentUrl":"https:\/\/spanienaktuell.net\/wordpress\/wp-content\/uploads\/2019\/06\/Logo-spanien-aktuell-png-fav2-100x100.png","caption":"Spanien aktuell"},"url":"https:\/\/spanienaktuell.net\/wordpress\/author\/jcotilla\/"}]}},"_links":{"self":[{"href":"https:\/\/spanienaktuell.net\/wordpress\/wp-json\/wp\/v2\/posts\/106837","targetHints":{"allow":["GET"]}}],"collection":[{"href":"https:\/\/spanienaktuell.net\/wordpress\/wp-json\/wp\/v2\/posts"}],"about":[{"href":"https:\/\/spanienaktuell.net\/wordpress\/wp-json\/wp\/v2\/types\/post"}],"author":[{"embeddable":true,"href":"https:\/\/spanienaktuell.net\/wordpress\/wp-json\/wp\/v2\/users\/5"}],"replies":[{"embeddable":true,"href":"https:\/\/spanienaktuell.net\/wordpress\/wp-json\/wp\/v2\/comments?post=106837"}],"version-history":[{"count":1,"href":"https:\/\/spanienaktuell.net\/wordpress\/wp-json\/wp\/v2\/posts\/106837\/revisions"}],"predecessor-version":[{"id":106844,"href":"https:\/\/spanienaktuell.net\/wordpress\/wp-json\/wp\/v2\/posts\/106837\/revisions\/106844"}],"wp:featuredmedia":[{"embeddable":true,"href":"https:\/\/spanienaktuell.net\/wordpress\/wp-json\/wp\/v2\/media\/106839"}],"wp:attachment":[{"href":"https:\/\/spanienaktuell.net\/wordpress\/wp-json\/wp\/v2\/media?parent=106837"}],"wp:term":[{"taxonomy":"category","embeddable":true,"href":"https:\/\/spanienaktuell.net\/wordpress\/wp-json\/wp\/v2\/categories?post=106837"},{"taxonomy":"post_tag","embeddable":true,"href":"https:\/\/spanienaktuell.net\/wordpress\/wp-json\/wp\/v2\/tags?post=106837"}],"curies":[{"name":"wp","href":"https:\/\/api.w.org\/{rel}","templated":true}]}}