{"id":107001,"date":"2025-06-01T01:00:12","date_gmt":"2025-05-31T23:00:12","guid":{"rendered":"https:\/\/spanienaktuell.net\/wordpress\/?p=107001"},"modified":"2025-05-28T10:28:43","modified_gmt":"2025-05-28T08:28:43","slug":"genuss-trifft-auf-blutenpracht-sommerliche-tischdekorationen-mit-geranien","status":"publish","type":"post","link":"https:\/\/spanienaktuell.net\/wordpress\/genuss-trifft-auf-blutenpracht-sommerliche-tischdekorationen-mit-geranien\/","title":{"rendered":"Genuss trifft auf Bl\u00fctenpracht. Sommerliche Tischdekorationen mit Geranien"},"content":{"rendered":"<p><img decoding=\"async\" class=\"aligncenter size-full wp-image-107002\" src=\"https:\/\/spanienaktuell.net\/wordpress\/wp-content\/uploads\/2025\/05\/2025_Geraniums_3000_Serene_Garden_Getaway_21-1.jpg\" alt=\"\" width=\"875\" height=\"1050\" srcset=\"https:\/\/spanienaktuell.net\/wordpress\/wp-content\/uploads\/2025\/05\/2025_Geraniums_3000_Serene_Garden_Getaway_21-1.jpg 875w, https:\/\/spanienaktuell.net\/wordpress\/wp-content\/uploads\/2025\/05\/2025_Geraniums_3000_Serene_Garden_Getaway_21-1-250x300.jpg 250w, https:\/\/spanienaktuell.net\/wordpress\/wp-content\/uploads\/2025\/05\/2025_Geraniums_3000_Serene_Garden_Getaway_21-1-853x1024.jpg 853w, https:\/\/spanienaktuell.net\/wordpress\/wp-content\/uploads\/2025\/05\/2025_Geraniums_3000_Serene_Garden_Getaway_21-1-768x922.jpg 768w, https:\/\/spanienaktuell.net\/wordpress\/wp-content\/uploads\/2025\/05\/2025_Geraniums_3000_Serene_Garden_Getaway_21-1-350x420.jpg 350w\" sizes=\"(max-width: 875px) 100vw, 875px\" \/><\/p>\n<p>Als Schnittblumen oder in T\u00f6pfen bringen Geranien Tafeln zum Strahlen. Hier finden Sie neue Ideen f\u00fcr sommerliche Tischdekorationen.<\/p>\n<p>Geranien sind die Stars jeder Sommerdekoration. Mit ihren lebhaften Farben und vielf\u00e4ltigen Bl\u00fctenformen verspr\u00fchen sie Sommerflair und pure Lebensfreude. Als Schnittblumen oder in T\u00f6pfen arrangiert verleihen sie jeder Tafel das gewisse Etwas \u2013 sei es bei festlichen Familienfeiern, geselligen Gartenpartys oder entspannten Kaffeerunden. Die Deko-Experten von Pelargonium for Europe (PfE) haben Ideen f\u00fcr Tischdekorationen entwickelt, die Geranien gekonnt in Szene setzen und ein Fest f\u00fcr alle Sinne versprechen.<\/p>\n<p>&nbsp;<\/p>\n<p><strong>Im Rausch der Bl\u00fcten: Partydekoration mit schwebenden Servierplatten<\/strong><\/p>\n<p><img decoding=\"async\" class=\"aligncenter size-full wp-image-107007\" src=\"https:\/\/spanienaktuell.net\/wordpress\/wp-content\/uploads\/2025\/05\/2025_Geraniums_2000_Colour_Splash_Family_Home_44.jpg\" alt=\"\" width=\"1050\" height=\"875\" srcset=\"https:\/\/spanienaktuell.net\/wordpress\/wp-content\/uploads\/2025\/05\/2025_Geraniums_2000_Colour_Splash_Family_Home_44.jpg 1050w, https:\/\/spanienaktuell.net\/wordpress\/wp-content\/uploads\/2025\/05\/2025_Geraniums_2000_Colour_Splash_Family_Home_44-300x250.jpg 300w, https:\/\/spanienaktuell.net\/wordpress\/wp-content\/uploads\/2025\/05\/2025_Geraniums_2000_Colour_Splash_Family_Home_44-1024x853.jpg 1024w, https:\/\/spanienaktuell.net\/wordpress\/wp-content\/uploads\/2025\/05\/2025_Geraniums_2000_Colour_Splash_Family_Home_44-768x640.jpg 768w, https:\/\/spanienaktuell.net\/wordpress\/wp-content\/uploads\/2025\/05\/2025_Geraniums_2000_Colour_Splash_Family_Home_44-350x292.jpg 350w\" sizes=\"(max-width: 1050px) 100vw, 1050px\" \/><\/p>\n<p>Statt die Speisen auf Tellern anzurichten, werden die Partyh\u00e4ppchen bei dieser bl\u00fchenden DIY-Tischdekoration auf schwebenden Servierplatten gereicht. Gehalten werden die Platten von leeren Weinflaschen.<\/p>\n<p>Einfach die Bretter je nach Gr\u00f6\u00dfe mit zwei bis drei L\u00f6chern versehen und \u00fcber die gereinigten Flaschen st\u00fclpen. Geschnittene, bunte Geranien, Mannstreu-Bl\u00fctenst\u00e4nde (Eryngium planum) und dekorative Gr\u00e4ser in den mit Wasser bef\u00fcllten Flaschen runden die sommerliche Tischdekoration ab!<\/p>\n<p><img decoding=\"async\" class=\"aligncenter size-full wp-image-107004\" src=\"https:\/\/spanienaktuell.net\/wordpress\/wp-content\/uploads\/2025\/05\/www1.png\" alt=\"\" width=\"800\" height=\"530\" srcset=\"https:\/\/spanienaktuell.net\/wordpress\/wp-content\/uploads\/2025\/05\/www1.png 800w, https:\/\/spanienaktuell.net\/wordpress\/wp-content\/uploads\/2025\/05\/www1-300x199.png 300w, https:\/\/spanienaktuell.net\/wordpress\/wp-content\/uploads\/2025\/05\/www1-768x509.png 768w, https:\/\/spanienaktuell.net\/wordpress\/wp-content\/uploads\/2025\/05\/www1-350x232.png 350w\" sizes=\"(max-width: 800px) 100vw, 800px\" \/><\/p>\n<p><strong>Tipp:<\/strong> Das Abschneiden einzelner Bl\u00fctenstiele macht Geranien nichts aus. Ganz im Gegenteil: Es regt sie dazu an, noch mehr Bl\u00fcten zu bilden.<\/p>\n<p><strong>Perfekt arrangiert: bunte Geranien in pastellfarbenen \u00dcbert\u00f6pfen<\/strong><\/p>\n<p><img decoding=\"async\" class=\"aligncenter size-full wp-image-107003\" src=\"https:\/\/spanienaktuell.net\/wordpress\/wp-content\/uploads\/2025\/05\/2025_Geraniums_5000_Joyful_Outdoor_Living_01-scaled.jpg\" alt=\"\" width=\"1440\" height=\"960\" srcset=\"https:\/\/spanienaktuell.net\/wordpress\/wp-content\/uploads\/2025\/05\/2025_Geraniums_5000_Joyful_Outdoor_Living_01-scaled.jpg 1440w, https:\/\/spanienaktuell.net\/wordpress\/wp-content\/uploads\/2025\/05\/2025_Geraniums_5000_Joyful_Outdoor_Living_01-300x200.jpg 300w, https:\/\/spanienaktuell.net\/wordpress\/wp-content\/uploads\/2025\/05\/2025_Geraniums_5000_Joyful_Outdoor_Living_01-1024x683.jpg 1024w, https:\/\/spanienaktuell.net\/wordpress\/wp-content\/uploads\/2025\/05\/2025_Geraniums_5000_Joyful_Outdoor_Living_01-768x512.jpg 768w, https:\/\/spanienaktuell.net\/wordpress\/wp-content\/uploads\/2025\/05\/2025_Geraniums_5000_Joyful_Outdoor_Living_01-1536x1024.jpg 1536w, https:\/\/spanienaktuell.net\/wordpress\/wp-content\/uploads\/2025\/05\/2025_Geraniums_5000_Joyful_Outdoor_Living_01-2048x1365.jpg 2048w, https:\/\/spanienaktuell.net\/wordpress\/wp-content\/uploads\/2025\/05\/2025_Geraniums_5000_Joyful_Outdoor_Living_01-350x233.jpg 350w\" sizes=\"(max-width: 1440px) 100vw, 1440px\" \/><\/p>\n<p>Auch bei einem Sommerfest im Garten d\u00fcrfen Blumen nicht fehlen. Diese Tischdekoration erfordert keinerlei kreatives Talent, sondern lediglich bunte Geranien und pastellfarbene \u00dcbert\u00f6pfe. Die T\u00f6pfe mit den Geranien einfach in der Mitte des Tisches anordnen. Fertig ist die farbenfrohe Sommertafel!<\/p>\n<p><strong>Tipp:<\/strong> Besonders sch\u00f6n sieht es aus, wenn man unterschiedliche Geraniensorten miteinander kombiniert.<\/p>\n<p>Neben stehenden Geranien, Schmetterlingsgeranien und Edelgeranien lassen sich auch Duftgeranien als Tischschmuck verwenden. Deren Bl\u00e4tter verstr\u00f6men k\u00f6stliche Aromen, die dazu beitragen, dass die G\u00e4ste sich rundum wohlf\u00fchlen.<\/p>\n<p><strong>Bl\u00fchende Windlichter mit geschnittenen Geranien<\/strong><\/p>\n<p>Links: Dieses bl\u00fchende DIY-Windlicht ist ein bezaubernder Blickfang und schnell gemacht. An einem Glas mit einer Kerze werden mit Gummiband rundum geschnittene Geranien befestigt. Ein auf die Bl\u00fcten abgestimmtes Schmuckband verdeckt das Gummiband und rundet die sommerliche Tischdekoration ab. Damit die Geranien lange sch\u00f6n bleiben, das Windlicht auf eine mit Wasser gef\u00fcllte Untertasse stellen, so dass die Blumenstiele im Wasser stehen.<\/p>\n<p><strong>Tipp:<\/strong> Bei den Schnittgeranien auf Duftpelargonien zur\u00fcckgreifen \u2013 und so im Handumdrehen eine bezaubernde, selbstgemachte Duftkerze kreieren!<\/p>\n<p><img decoding=\"async\" class=\"aligncenter size-full wp-image-107005\" src=\"https:\/\/spanienaktuell.net\/wordpress\/wp-content\/uploads\/2025\/05\/www2.png\" alt=\"\" width=\"681\" height=\"393\" srcset=\"https:\/\/spanienaktuell.net\/wordpress\/wp-content\/uploads\/2025\/05\/www2.png 681w, https:\/\/spanienaktuell.net\/wordpress\/wp-content\/uploads\/2025\/05\/www2-300x173.png 300w, https:\/\/spanienaktuell.net\/wordpress\/wp-content\/uploads\/2025\/05\/www2-350x202.png 350w\" sizes=\"(max-width: 681px) 100vw, 681px\" \/><\/p>\n<p><strong>Rechts: <\/strong>Dieses bl\u00fchende Centerpiece ist ein Deko-Highlight auf jedem Tisch. Die Herstellung erfordert etwas Zeit und Geschick, daf\u00fcr kann die DIY-Dekoration mit wechselnden Blumen das ganze Jahr \u00fcber verwendet werden.<\/p>\n<p>Und so wird es gemacht: Am Rand einer runden Holzscheibe bohrt man ringsum L\u00f6cher, in die Reagenzgl\u00e4ser gesteckt werden. Diese werden mit Wasser bef\u00fcllt und nach Belieben mit geschnittenen Geranien und Gr\u00e4sern best\u00fcckt. In der Mitte der Holzscheibe platziert man ein Glas mit einer Kerze. Ein unter die Holzscheibe geklebtes Holzst\u00fcck sorgt f\u00fcr den schwebenden Effekt und verleiht der Dekoration zus\u00e4tzliche Eleganz.<\/p>\n<p><strong>Blumenhalter aus \u00c4sten<\/strong><\/p>\n<p><img decoding=\"async\" class=\"aligncenter size-full wp-image-107006\" src=\"https:\/\/spanienaktuell.net\/wordpress\/wp-content\/uploads\/2025\/05\/2025_Geraniums_1000_Eco_Chic_Living_18-768x922-1.jpg\" alt=\"\" width=\"768\" height=\"922\" srcset=\"https:\/\/spanienaktuell.net\/wordpress\/wp-content\/uploads\/2025\/05\/2025_Geraniums_1000_Eco_Chic_Living_18-768x922-1.jpg 768w, https:\/\/spanienaktuell.net\/wordpress\/wp-content\/uploads\/2025\/05\/2025_Geraniums_1000_Eco_Chic_Living_18-768x922-1-250x300.jpg 250w, https:\/\/spanienaktuell.net\/wordpress\/wp-content\/uploads\/2025\/05\/2025_Geraniums_1000_Eco_Chic_Living_18-768x922-1-350x420.jpg 350w\" sizes=\"(max-width: 768px) 100vw, 768px\" \/><\/p>\n<p>Diese Blumenhalter mit DIY-Flair gibt es fertig zu kaufen. Reagenzgl\u00e4ser zwischen den \u00c4sten bieten Platz f\u00fcr geschnittene Geranien und dekorative Gr\u00e4ser. Mit etwas Geschick lassen sich die nat\u00fcrlich-rustikalen Dekorationen auch jederzeit selbst nachbasteln. Kosteng\u00fcnstiger und nachhaltiger ist das auf jeden Fall.<\/p>\n<p><em>Quelle: \u00a9 2025 | Pelargonium for Europe| Fotos: \u00a9 2025 | Pelargonium for Europe|<\/em><\/p>\n","protected":false},"excerpt":{"rendered":"<p>Als Schnittblumen oder in T\u00f6pfen bringen Geranien Tafeln zum Strahlen. Hier finden Sie neue Ideen f\u00fcr sommerliche Tischdekorationen. Geranien sind [&hellip;]<\/p>\n","protected":false},"author":5,"featured_media":107002,"comment_status":"closed","ping_status":"closed","sticky":false,"template":"","format":"standard","meta":{"footnotes":""},"categories":[30],"tags":[],"class_list":["post-107001","post","type-post","status-publish","format-standard","has-post-thumbnail","hentry","category-recht-gesellschaft"],"yoast_head":"<!-- This site is optimized with the Yoast SEO plugin v27.1.1 - https:\/\/yoast.com\/product\/yoast-seo-wordpress\/ -->\n<title>Genuss trifft auf Bl\u00fctenpracht. Sommerliche Tischdekorationen mit Geranien - Spanien aktuell<\/title>\n<meta name=\"robots\" content=\"index, follow, max-snippet:-1, max-image-preview:large, max-video-preview:-1\" \/>\n<link rel=\"canonical\" href=\"https:\/\/spanienaktuell.net\/wordpress\/genuss-trifft-auf-blutenpracht-sommerliche-tischdekorationen-mit-geranien\/\" \/>\n<meta property=\"og:locale\" content=\"es_ES\" \/>\n<meta property=\"og:type\" content=\"article\" \/>\n<meta property=\"og:title\" content=\"Genuss trifft auf Bl\u00fctenpracht. Sommerliche Tischdekorationen mit Geranien - Spanien aktuell\" \/>\n<meta property=\"og:description\" content=\"Als Schnittblumen oder in T\u00f6pfen bringen Geranien Tafeln zum Strahlen. Hier finden Sie neue Ideen f\u00fcr sommerliche Tischdekorationen. Geranien sind [&hellip;]\" \/>\n<meta property=\"og:url\" content=\"https:\/\/spanienaktuell.net\/wordpress\/genuss-trifft-auf-blutenpracht-sommerliche-tischdekorationen-mit-geranien\/\" \/>\n<meta property=\"og:site_name\" content=\"Spanien aktuell\" \/>\n<meta property=\"article:published_time\" content=\"2025-05-31T23:00:12+00:00\" \/>\n<meta property=\"og:image\" content=\"https:\/\/spanienaktuell.net\/wordpress\/wp-content\/uploads\/2025\/05\/2025_Geraniums_3000_Serene_Garden_Getaway_21-1.jpg\" \/>\n\t<meta property=\"og:image:width\" content=\"875\" \/>\n\t<meta property=\"og:image:height\" content=\"1050\" \/>\n\t<meta property=\"og:image:type\" content=\"image\/jpeg\" \/>\n<meta name=\"author\" content=\"Spanien aktuell\" \/>\n<meta name=\"twitter:card\" content=\"summary_large_image\" \/>\n<meta name=\"twitter:label1\" content=\"Escrito por\" \/>\n\t<meta name=\"twitter:data1\" content=\"Spanien aktuell\" \/>\n\t<meta name=\"twitter:label2\" content=\"Tiempo de lectura\" \/>\n\t<meta name=\"twitter:data2\" content=\"4 minutos\" \/>\n<script type=\"application\/ld+json\" class=\"yoast-schema-graph\">{\"@context\":\"https:\/\/schema.org\",\"@graph\":[{\"@type\":\"Article\",\"@id\":\"https:\/\/spanienaktuell.net\/wordpress\/genuss-trifft-auf-blutenpracht-sommerliche-tischdekorationen-mit-geranien\/#article\",\"isPartOf\":{\"@id\":\"https:\/\/spanienaktuell.net\/wordpress\/genuss-trifft-auf-blutenpracht-sommerliche-tischdekorationen-mit-geranien\/\"},\"author\":{\"name\":\"Spanien aktuell\",\"@id\":\"https:\/\/spanienaktuell.net\/wordpress\/#\/schema\/person\/f354cdb1409084031b0638a391b0c6bd\"},\"headline\":\"Genuss trifft auf Bl\u00fctenpracht. Sommerliche Tischdekorationen mit Geranien\",\"datePublished\":\"2025-05-31T23:00:12+00:00\",\"mainEntityOfPage\":{\"@id\":\"https:\/\/spanienaktuell.net\/wordpress\/genuss-trifft-auf-blutenpracht-sommerliche-tischdekorationen-mit-geranien\/\"},\"wordCount\":550,\"publisher\":{\"@id\":\"https:\/\/spanienaktuell.net\/wordpress\/#organization\"},\"image\":{\"@id\":\"https:\/\/spanienaktuell.net\/wordpress\/genuss-trifft-auf-blutenpracht-sommerliche-tischdekorationen-mit-geranien\/#primaryimage\"},\"thumbnailUrl\":\"https:\/\/spanienaktuell.net\/wordpress\/wp-content\/uploads\/2025\/05\/2025_Geraniums_3000_Serene_Garden_Getaway_21-1.jpg\",\"articleSection\":[\"Recht\"],\"inLanguage\":\"es\"},{\"@type\":\"WebPage\",\"@id\":\"https:\/\/spanienaktuell.net\/wordpress\/genuss-trifft-auf-blutenpracht-sommerliche-tischdekorationen-mit-geranien\/\",\"url\":\"https:\/\/spanienaktuell.net\/wordpress\/genuss-trifft-auf-blutenpracht-sommerliche-tischdekorationen-mit-geranien\/\",\"name\":\"Genuss trifft auf Bl\u00fctenpracht. Sommerliche Tischdekorationen mit Geranien - Spanien aktuell\",\"isPartOf\":{\"@id\":\"https:\/\/spanienaktuell.net\/wordpress\/#website\"},\"primaryImageOfPage\":{\"@id\":\"https:\/\/spanienaktuell.net\/wordpress\/genuss-trifft-auf-blutenpracht-sommerliche-tischdekorationen-mit-geranien\/#primaryimage\"},\"image\":{\"@id\":\"https:\/\/spanienaktuell.net\/wordpress\/genuss-trifft-auf-blutenpracht-sommerliche-tischdekorationen-mit-geranien\/#primaryimage\"},\"thumbnailUrl\":\"https:\/\/spanienaktuell.net\/wordpress\/wp-content\/uploads\/2025\/05\/2025_Geraniums_3000_Serene_Garden_Getaway_21-1.jpg\",\"datePublished\":\"2025-05-31T23:00:12+00:00\",\"breadcrumb\":{\"@id\":\"https:\/\/spanienaktuell.net\/wordpress\/genuss-trifft-auf-blutenpracht-sommerliche-tischdekorationen-mit-geranien\/#breadcrumb\"},\"inLanguage\":\"es\",\"potentialAction\":[{\"@type\":\"ReadAction\",\"target\":[\"https:\/\/spanienaktuell.net\/wordpress\/genuss-trifft-auf-blutenpracht-sommerliche-tischdekorationen-mit-geranien\/\"]}]},{\"@type\":\"ImageObject\",\"inLanguage\":\"es\",\"@id\":\"https:\/\/spanienaktuell.net\/wordpress\/genuss-trifft-auf-blutenpracht-sommerliche-tischdekorationen-mit-geranien\/#primaryimage\",\"url\":\"https:\/\/spanienaktuell.net\/wordpress\/wp-content\/uploads\/2025\/05\/2025_Geraniums_3000_Serene_Garden_Getaway_21-1.jpg\",\"contentUrl\":\"https:\/\/spanienaktuell.net\/wordpress\/wp-content\/uploads\/2025\/05\/2025_Geraniums_3000_Serene_Garden_Getaway_21-1.jpg\",\"width\":875,\"height\":1050},{\"@type\":\"BreadcrumbList\",\"@id\":\"https:\/\/spanienaktuell.net\/wordpress\/genuss-trifft-auf-blutenpracht-sommerliche-tischdekorationen-mit-geranien\/#breadcrumb\",\"itemListElement\":[{\"@type\":\"ListItem\",\"position\":1,\"name\":\"Portada\",\"item\":\"https:\/\/spanienaktuell.net\/wordpress\/\"},{\"@type\":\"ListItem\",\"position\":2,\"name\":\"Genuss trifft auf Bl\u00fctenpracht. Sommerliche Tischdekorationen mit Geranien\"}]},{\"@type\":\"WebSite\",\"@id\":\"https:\/\/spanienaktuell.net\/wordpress\/#website\",\"url\":\"https:\/\/spanienaktuell.net\/wordpress\/\",\"name\":\"Spanien aktuell\",\"description\":\"The German magazine number 1 on the Costa del Sol\",\"publisher\":{\"@id\":\"https:\/\/spanienaktuell.net\/wordpress\/#organization\"},\"potentialAction\":[{\"@type\":\"SearchAction\",\"target\":{\"@type\":\"EntryPoint\",\"urlTemplate\":\"https:\/\/spanienaktuell.net\/wordpress\/?s={search_term_string}\"},\"query-input\":{\"@type\":\"PropertyValueSpecification\",\"valueRequired\":true,\"valueName\":\"search_term_string\"}}],\"inLanguage\":\"es\"},{\"@type\":\"Organization\",\"@id\":\"https:\/\/spanienaktuell.net\/wordpress\/#organization\",\"name\":\"Spanien aktuell\",\"url\":\"https:\/\/spanienaktuell.net\/wordpress\/\",\"logo\":{\"@type\":\"ImageObject\",\"inLanguage\":\"es\",\"@id\":\"https:\/\/spanienaktuell.net\/wordpress\/#\/schema\/logo\/image\/\",\"url\":\"https:\/\/spanienaktuell.net\/wordpress\/wp-content\/uploads\/2019\/06\/cropped-Logo-spanien-aktuell-png-web-e1561631085388.png\",\"contentUrl\":\"https:\/\/spanienaktuell.net\/wordpress\/wp-content\/uploads\/2019\/06\/cropped-Logo-spanien-aktuell-png-web-e1561631085388.png\",\"width\":512,\"height\":110,\"caption\":\"Spanien aktuell\"},\"image\":{\"@id\":\"https:\/\/spanienaktuell.net\/wordpress\/#\/schema\/logo\/image\/\"}},{\"@type\":\"Person\",\"@id\":\"https:\/\/spanienaktuell.net\/wordpress\/#\/schema\/person\/f354cdb1409084031b0638a391b0c6bd\",\"name\":\"Spanien aktuell\",\"image\":{\"@type\":\"ImageObject\",\"inLanguage\":\"es\",\"@id\":\"https:\/\/spanienaktuell.net\/wordpress\/#\/schema\/person\/image\/\",\"url\":\"https:\/\/spanienaktuell.net\/wordpress\/wp-content\/uploads\/2019\/06\/Logo-spanien-aktuell-png-fav2-100x100.png\",\"contentUrl\":\"https:\/\/spanienaktuell.net\/wordpress\/wp-content\/uploads\/2019\/06\/Logo-spanien-aktuell-png-fav2-100x100.png\",\"caption\":\"Spanien aktuell\"},\"url\":\"https:\/\/spanienaktuell.net\/wordpress\/author\/jcotilla\/\"}]}<\/script>\n<!-- \/ Yoast SEO plugin. -->","yoast_head_json":{"title":"Genuss trifft auf Bl\u00fctenpracht. Sommerliche Tischdekorationen mit Geranien - Spanien aktuell","robots":{"index":"index","follow":"follow","max-snippet":"max-snippet:-1","max-image-preview":"max-image-preview:large","max-video-preview":"max-video-preview:-1"},"canonical":"https:\/\/spanienaktuell.net\/wordpress\/genuss-trifft-auf-blutenpracht-sommerliche-tischdekorationen-mit-geranien\/","og_locale":"es_ES","og_type":"article","og_title":"Genuss trifft auf Bl\u00fctenpracht. Sommerliche Tischdekorationen mit Geranien - Spanien aktuell","og_description":"Als Schnittblumen oder in T\u00f6pfen bringen Geranien Tafeln zum Strahlen. Hier finden Sie neue Ideen f\u00fcr sommerliche Tischdekorationen. Geranien sind [&hellip;]","og_url":"https:\/\/spanienaktuell.net\/wordpress\/genuss-trifft-auf-blutenpracht-sommerliche-tischdekorationen-mit-geranien\/","og_site_name":"Spanien aktuell","article_published_time":"2025-05-31T23:00:12+00:00","og_image":[{"width":875,"height":1050,"url":"https:\/\/spanienaktuell.net\/wordpress\/wp-content\/uploads\/2025\/05\/2025_Geraniums_3000_Serene_Garden_Getaway_21-1.jpg","type":"image\/jpeg"}],"author":"Spanien aktuell","twitter_card":"summary_large_image","twitter_misc":{"Escrito por":"Spanien aktuell","Tiempo de lectura":"4 minutos"},"schema":{"@context":"https:\/\/schema.org","@graph":[{"@type":"Article","@id":"https:\/\/spanienaktuell.net\/wordpress\/genuss-trifft-auf-blutenpracht-sommerliche-tischdekorationen-mit-geranien\/#article","isPartOf":{"@id":"https:\/\/spanienaktuell.net\/wordpress\/genuss-trifft-auf-blutenpracht-sommerliche-tischdekorationen-mit-geranien\/"},"author":{"name":"Spanien aktuell","@id":"https:\/\/spanienaktuell.net\/wordpress\/#\/schema\/person\/f354cdb1409084031b0638a391b0c6bd"},"headline":"Genuss trifft auf Bl\u00fctenpracht. Sommerliche Tischdekorationen mit Geranien","datePublished":"2025-05-31T23:00:12+00:00","mainEntityOfPage":{"@id":"https:\/\/spanienaktuell.net\/wordpress\/genuss-trifft-auf-blutenpracht-sommerliche-tischdekorationen-mit-geranien\/"},"wordCount":550,"publisher":{"@id":"https:\/\/spanienaktuell.net\/wordpress\/#organization"},"image":{"@id":"https:\/\/spanienaktuell.net\/wordpress\/genuss-trifft-auf-blutenpracht-sommerliche-tischdekorationen-mit-geranien\/#primaryimage"},"thumbnailUrl":"https:\/\/spanienaktuell.net\/wordpress\/wp-content\/uploads\/2025\/05\/2025_Geraniums_3000_Serene_Garden_Getaway_21-1.jpg","articleSection":["Recht"],"inLanguage":"es"},{"@type":"WebPage","@id":"https:\/\/spanienaktuell.net\/wordpress\/genuss-trifft-auf-blutenpracht-sommerliche-tischdekorationen-mit-geranien\/","url":"https:\/\/spanienaktuell.net\/wordpress\/genuss-trifft-auf-blutenpracht-sommerliche-tischdekorationen-mit-geranien\/","name":"Genuss trifft auf Bl\u00fctenpracht. Sommerliche Tischdekorationen mit Geranien - Spanien aktuell","isPartOf":{"@id":"https:\/\/spanienaktuell.net\/wordpress\/#website"},"primaryImageOfPage":{"@id":"https:\/\/spanienaktuell.net\/wordpress\/genuss-trifft-auf-blutenpracht-sommerliche-tischdekorationen-mit-geranien\/#primaryimage"},"image":{"@id":"https:\/\/spanienaktuell.net\/wordpress\/genuss-trifft-auf-blutenpracht-sommerliche-tischdekorationen-mit-geranien\/#primaryimage"},"thumbnailUrl":"https:\/\/spanienaktuell.net\/wordpress\/wp-content\/uploads\/2025\/05\/2025_Geraniums_3000_Serene_Garden_Getaway_21-1.jpg","datePublished":"2025-05-31T23:00:12+00:00","breadcrumb":{"@id":"https:\/\/spanienaktuell.net\/wordpress\/genuss-trifft-auf-blutenpracht-sommerliche-tischdekorationen-mit-geranien\/#breadcrumb"},"inLanguage":"es","potentialAction":[{"@type":"ReadAction","target":["https:\/\/spanienaktuell.net\/wordpress\/genuss-trifft-auf-blutenpracht-sommerliche-tischdekorationen-mit-geranien\/"]}]},{"@type":"ImageObject","inLanguage":"es","@id":"https:\/\/spanienaktuell.net\/wordpress\/genuss-trifft-auf-blutenpracht-sommerliche-tischdekorationen-mit-geranien\/#primaryimage","url":"https:\/\/spanienaktuell.net\/wordpress\/wp-content\/uploads\/2025\/05\/2025_Geraniums_3000_Serene_Garden_Getaway_21-1.jpg","contentUrl":"https:\/\/spanienaktuell.net\/wordpress\/wp-content\/uploads\/2025\/05\/2025_Geraniums_3000_Serene_Garden_Getaway_21-1.jpg","width":875,"height":1050},{"@type":"BreadcrumbList","@id":"https:\/\/spanienaktuell.net\/wordpress\/genuss-trifft-auf-blutenpracht-sommerliche-tischdekorationen-mit-geranien\/#breadcrumb","itemListElement":[{"@type":"ListItem","position":1,"name":"Portada","item":"https:\/\/spanienaktuell.net\/wordpress\/"},{"@type":"ListItem","position":2,"name":"Genuss trifft auf Bl\u00fctenpracht. Sommerliche Tischdekorationen mit Geranien"}]},{"@type":"WebSite","@id":"https:\/\/spanienaktuell.net\/wordpress\/#website","url":"https:\/\/spanienaktuell.net\/wordpress\/","name":"Spanien aktuell","description":"The German magazine number 1 on the Costa del Sol","publisher":{"@id":"https:\/\/spanienaktuell.net\/wordpress\/#organization"},"potentialAction":[{"@type":"SearchAction","target":{"@type":"EntryPoint","urlTemplate":"https:\/\/spanienaktuell.net\/wordpress\/?s={search_term_string}"},"query-input":{"@type":"PropertyValueSpecification","valueRequired":true,"valueName":"search_term_string"}}],"inLanguage":"es"},{"@type":"Organization","@id":"https:\/\/spanienaktuell.net\/wordpress\/#organization","name":"Spanien aktuell","url":"https:\/\/spanienaktuell.net\/wordpress\/","logo":{"@type":"ImageObject","inLanguage":"es","@id":"https:\/\/spanienaktuell.net\/wordpress\/#\/schema\/logo\/image\/","url":"https:\/\/spanienaktuell.net\/wordpress\/wp-content\/uploads\/2019\/06\/cropped-Logo-spanien-aktuell-png-web-e1561631085388.png","contentUrl":"https:\/\/spanienaktuell.net\/wordpress\/wp-content\/uploads\/2019\/06\/cropped-Logo-spanien-aktuell-png-web-e1561631085388.png","width":512,"height":110,"caption":"Spanien aktuell"},"image":{"@id":"https:\/\/spanienaktuell.net\/wordpress\/#\/schema\/logo\/image\/"}},{"@type":"Person","@id":"https:\/\/spanienaktuell.net\/wordpress\/#\/schema\/person\/f354cdb1409084031b0638a391b0c6bd","name":"Spanien aktuell","image":{"@type":"ImageObject","inLanguage":"es","@id":"https:\/\/spanienaktuell.net\/wordpress\/#\/schema\/person\/image\/","url":"https:\/\/spanienaktuell.net\/wordpress\/wp-content\/uploads\/2019\/06\/Logo-spanien-aktuell-png-fav2-100x100.png","contentUrl":"https:\/\/spanienaktuell.net\/wordpress\/wp-content\/uploads\/2019\/06\/Logo-spanien-aktuell-png-fav2-100x100.png","caption":"Spanien aktuell"},"url":"https:\/\/spanienaktuell.net\/wordpress\/author\/jcotilla\/"}]}},"_links":{"self":[{"href":"https:\/\/spanienaktuell.net\/wordpress\/wp-json\/wp\/v2\/posts\/107001","targetHints":{"allow":["GET"]}}],"collection":[{"href":"https:\/\/spanienaktuell.net\/wordpress\/wp-json\/wp\/v2\/posts"}],"about":[{"href":"https:\/\/spanienaktuell.net\/wordpress\/wp-json\/wp\/v2\/types\/post"}],"author":[{"embeddable":true,"href":"https:\/\/spanienaktuell.net\/wordpress\/wp-json\/wp\/v2\/users\/5"}],"replies":[{"embeddable":true,"href":"https:\/\/spanienaktuell.net\/wordpress\/wp-json\/wp\/v2\/comments?post=107001"}],"version-history":[{"count":1,"href":"https:\/\/spanienaktuell.net\/wordpress\/wp-json\/wp\/v2\/posts\/107001\/revisions"}],"predecessor-version":[{"id":107008,"href":"https:\/\/spanienaktuell.net\/wordpress\/wp-json\/wp\/v2\/posts\/107001\/revisions\/107008"}],"wp:featuredmedia":[{"embeddable":true,"href":"https:\/\/spanienaktuell.net\/wordpress\/wp-json\/wp\/v2\/media\/107002"}],"wp:attachment":[{"href":"https:\/\/spanienaktuell.net\/wordpress\/wp-json\/wp\/v2\/media?parent=107001"}],"wp:term":[{"taxonomy":"category","embeddable":true,"href":"https:\/\/spanienaktuell.net\/wordpress\/wp-json\/wp\/v2\/categories?post=107001"},{"taxonomy":"post_tag","embeddable":true,"href":"https:\/\/spanienaktuell.net\/wordpress\/wp-json\/wp\/v2\/tags?post=107001"}],"curies":[{"name":"wp","href":"https:\/\/api.w.org\/{rel}","templated":true}]}}