{"id":107971,"date":"2025-11-01T00:40:13","date_gmt":"2025-10-31T22:40:13","guid":{"rendered":"https:\/\/spanienaktuell.net\/wordpress\/?p=107971"},"modified":"2025-10-30T11:44:17","modified_gmt":"2025-10-30T09:44:17","slug":"erdol-ersatz-aus-der-luft","status":"publish","type":"post","link":"https:\/\/spanienaktuell.net\/wordpress\/erdol-ersatz-aus-der-luft\/","title":{"rendered":"Erd\u00f6l-Ersatz aus der Luft"},"content":{"rendered":"<figure id=\"attachment_107972\" aria-describedby=\"caption-attachment-107972\" style=\"width: 1440px\" class=\"wp-caption aligncenter\"><img decoding=\"async\" class=\"size-full wp-image-107972\" src=\"https:\/\/spanienaktuell.net\/wordpress\/wp-content\/uploads\/2025\/10\/Foto-2025-Adobe-AdobeStock_285681334-scaled.jpeg\" alt=\"\" width=\"1440\" height=\"960\" srcset=\"https:\/\/spanienaktuell.net\/wordpress\/wp-content\/uploads\/2025\/10\/Foto-2025-Adobe-AdobeStock_285681334-scaled.jpeg 1440w, https:\/\/spanienaktuell.net\/wordpress\/wp-content\/uploads\/2025\/10\/Foto-2025-Adobe-AdobeStock_285681334-300x200.jpeg 300w, https:\/\/spanienaktuell.net\/wordpress\/wp-content\/uploads\/2025\/10\/Foto-2025-Adobe-AdobeStock_285681334-1024x683.jpeg 1024w, https:\/\/spanienaktuell.net\/wordpress\/wp-content\/uploads\/2025\/10\/Foto-2025-Adobe-AdobeStock_285681334-768x512.jpeg 768w, https:\/\/spanienaktuell.net\/wordpress\/wp-content\/uploads\/2025\/10\/Foto-2025-Adobe-AdobeStock_285681334-1536x1024.jpeg 1536w, https:\/\/spanienaktuell.net\/wordpress\/wp-content\/uploads\/2025\/10\/Foto-2025-Adobe-AdobeStock_285681334-2048x1365.jpeg 2048w, https:\/\/spanienaktuell.net\/wordpress\/wp-content\/uploads\/2025\/10\/Foto-2025-Adobe-AdobeStock_285681334-350x233.jpeg 350w\" sizes=\"(max-width: 1440px) 100vw, 1440px\" \/><figcaption id=\"caption-attachment-107972\" class=\"wp-caption-text\">Foto &#8211; \u00a9 2025 Adobe<\/figcaption><\/figure>\n<h3 style=\"text-align: center;\"><em>Umweltneutraler Wertstoff wird dank neuem elektrochemischem Verfahren bezahlbar<\/em><\/h3>\n<p>Durch ein neuartiges elektrochemisches Verfahren l\u00e4sst sich Allylalkohol nun mit einem rund viermal h\u00f6heren Wirkungsgrad herstellen. Entwickelt hat es ein s\u00fcdkoreanisches Forscherteam vom <span style=\"color: #0000ff;\"><a style=\"color: #0000ff;\" href=\"https:\/\/www.gist.ac.kr\/en\/main.html\">Gwangju Institute of Science and Technology<\/a><\/span> (GIST) unter Leitung von Jaeyoung Lee. \u201eDie Herstellung dieser hochwertigen Verbindungen in fl\u00fcssiger Form ist wegen komplexer Kohlenstoff-Kohlenstoff-Bindungen und der geringen Stabilit\u00e4t der Reaktionszwischenprodukte schwierig\u201c, erkl\u00e4rt der Wissenschaftler.<\/p>\n<p><strong>Wirtschaftlich und effektiv<\/strong><\/p>\n<p>Aus klimasch\u00e4dlichem Kohlenstoffdioxid (CO2) lassen sich wertvolle Produkte herstellen, wodurch sich die Erderw\u00e4rmung verlangsamt. Lee und seine Kollegen haben mit ihrem Verfahren einen wirtschaftlichen Weg gefunden und die Effektivit\u00e4t des Prozesses entscheidend verbessert. Dass Wertstoffe aus CO2 bisher nicht im gro\u00dfen Stil hergestellt werden hat einen einfachen Grund: Die Kosten sind zu hoch, weil die Wirkungsgrade zu niedrig sind.<\/p>\n<figure id=\"attachment_107973\" aria-describedby=\"caption-attachment-107973\" style=\"width: 1440px\" class=\"wp-caption aligncenter\"><img decoding=\"async\" class=\"size-full wp-image-107973\" src=\"https:\/\/spanienaktuell.net\/wordpress\/wp-content\/uploads\/2025\/10\/Foto-2025-Adobe-AdobeStock_344260188-scaled.jpeg\" alt=\"\" width=\"1440\" height=\"961\" srcset=\"https:\/\/spanienaktuell.net\/wordpress\/wp-content\/uploads\/2025\/10\/Foto-2025-Adobe-AdobeStock_344260188-scaled.jpeg 1440w, https:\/\/spanienaktuell.net\/wordpress\/wp-content\/uploads\/2025\/10\/Foto-2025-Adobe-AdobeStock_344260188-300x200.jpeg 300w, https:\/\/spanienaktuell.net\/wordpress\/wp-content\/uploads\/2025\/10\/Foto-2025-Adobe-AdobeStock_344260188-1024x683.jpeg 1024w, https:\/\/spanienaktuell.net\/wordpress\/wp-content\/uploads\/2025\/10\/Foto-2025-Adobe-AdobeStock_344260188-768x513.jpeg 768w, https:\/\/spanienaktuell.net\/wordpress\/wp-content\/uploads\/2025\/10\/Foto-2025-Adobe-AdobeStock_344260188-1536x1025.jpeg 1536w, https:\/\/spanienaktuell.net\/wordpress\/wp-content\/uploads\/2025\/10\/Foto-2025-Adobe-AdobeStock_344260188-2048x1367.jpeg 2048w, https:\/\/spanienaktuell.net\/wordpress\/wp-content\/uploads\/2025\/10\/Foto-2025-Adobe-AdobeStock_344260188-350x234.jpeg 350w\" sizes=\"(max-width: 1440px) 100vw, 1440px\" \/><figcaption id=\"caption-attachment-107973\" class=\"wp-caption-text\">Foto &#8211; \u00a9 2025 Adobe<\/figcaption><\/figure>\n<p>Der gr\u00f6\u00dfte Teil der eingesetzten Energie, meist Wind- und Solarstrom, verpufft wirkungslos, etwa bei der Erzeugung von Allylalkohol aus CO2, der als industrielles L\u00f6sungsmittel, Herbizid und Fungizid sowie als Rohstoff bei der Herstellung verschiedener Polymere, Arzneimittel, Pestizide und anderer Verbindungen verwendet und aus fossilen Rohstoffen hergestellt wird. Bei dieser Produktionstechnik gehen gut 85 Prozent des eingesetzten Stroms verloren.<\/p>\n<p><strong>Auf den Katalysator kommt es an<\/strong><\/p>\n<figure id=\"attachment_107974\" aria-describedby=\"caption-attachment-107974\" style=\"width: 1440px\" class=\"wp-caption aligncenter\"><img decoding=\"async\" class=\"size-full wp-image-107974\" src=\"https:\/\/spanienaktuell.net\/wordpress\/wp-content\/uploads\/2025\/10\/Foto-2025-Adobe-AdobeStock_926770181-scaled.jpeg\" alt=\"\" width=\"1440\" height=\"959\" srcset=\"https:\/\/spanienaktuell.net\/wordpress\/wp-content\/uploads\/2025\/10\/Foto-2025-Adobe-AdobeStock_926770181-scaled.jpeg 1440w, https:\/\/spanienaktuell.net\/wordpress\/wp-content\/uploads\/2025\/10\/Foto-2025-Adobe-AdobeStock_926770181-300x200.jpeg 300w, https:\/\/spanienaktuell.net\/wordpress\/wp-content\/uploads\/2025\/10\/Foto-2025-Adobe-AdobeStock_926770181-1024x682.jpeg 1024w, https:\/\/spanienaktuell.net\/wordpress\/wp-content\/uploads\/2025\/10\/Foto-2025-Adobe-AdobeStock_926770181-768x512.jpeg 768w, https:\/\/spanienaktuell.net\/wordpress\/wp-content\/uploads\/2025\/10\/Foto-2025-Adobe-AdobeStock_926770181-1536x1023.jpeg 1536w, https:\/\/spanienaktuell.net\/wordpress\/wp-content\/uploads\/2025\/10\/Foto-2025-Adobe-AdobeStock_926770181-2048x1364.jpeg 2048w, https:\/\/spanienaktuell.net\/wordpress\/wp-content\/uploads\/2025\/10\/Foto-2025-Adobe-AdobeStock_926770181-350x233.jpeg 350w\" sizes=\"(max-width: 1440px) 100vw, 1440px\" \/><figcaption id=\"caption-attachment-107974\" class=\"wp-caption-text\">Foto &#8211; \u00a9 2025 Adobe<\/figcaption><\/figure>\n<p>Dass die neue Methode der Forscher funktioniert, liegt an der Entwicklung eines raffinierten Katalysators, der die Reaktion zwischen den eingesetzten Rohstoffen Wasserstoff und CO2 entscheidend beschleunigt. Er besteht aus einer Verbindung von Kupferphosphid und einer Nickel-Eisen-Legierung. Diese Technologie sei ein Durchbruch auf dem Weg zur CO2-Neutralit\u00e4t, so Lee und k\u00f6nnte neue Wege f\u00fcr eine wirtschaftliche elektrochemische CO2-Abscheidung und -Nutzung er\u00f6ffnen, indem CO2, das nur ein Kohlenstoffatom enth\u00e4lt, selektiv in Allylalkohol umgewandelt wird, eine hochwertige Verbindung mit drei oder mehr Kohlenstoffatomen.<\/p>\n<p>\u201eDie Technologie k\u00f6nnte neue Gesch\u00e4ftsfelder f\u00fcr die Kohle-, Petrochemie- und Stahlindustrie er\u00f6ffnen, die einem wachsenden Druck ausgesetzt sind, die CO2-Emissionen zu senken, indem sie das Klimagas, das bei der Verarbeitung der Rohstoffe frei wird, einf\u00e4ngt und in Wertstoffe umwandelt\u201c, sieht Lee positive Perspektiven.<\/p>\n<p><em>Quelle: Gwangju pte011 <\/em><\/p>\n","protected":false},"excerpt":{"rendered":"<p>Umweltneutraler Wertstoff wird dank neuem elektrochemischem Verfahren bezahlbar Durch ein neuartiges elektrochemisches Verfahren l\u00e4sst sich Allylalkohol nun mit einem rund [&hellip;]<\/p>\n","protected":false},"author":3,"featured_media":107972,"comment_status":"closed","ping_status":"closed","sticky":false,"template":"","format":"standard","meta":{"footnotes":""},"categories":[30],"tags":[],"class_list":["post-107971","post","type-post","status-publish","format-standard","has-post-thumbnail","hentry","category-recht-gesellschaft"],"yoast_head":"<!-- This site is optimized with the Yoast SEO plugin v27.1.1 - https:\/\/yoast.com\/product\/yoast-seo-wordpress\/ -->\n<title>Erd\u00f6l-Ersatz aus der Luft - Spanien aktuell<\/title>\n<meta name=\"robots\" content=\"index, follow, max-snippet:-1, max-image-preview:large, max-video-preview:-1\" \/>\n<link rel=\"canonical\" href=\"https:\/\/spanienaktuell.net\/wordpress\/erdol-ersatz-aus-der-luft\/\" \/>\n<meta property=\"og:locale\" content=\"es_ES\" \/>\n<meta property=\"og:type\" content=\"article\" \/>\n<meta property=\"og:title\" content=\"Erd\u00f6l-Ersatz aus der Luft - Spanien aktuell\" \/>\n<meta property=\"og:description\" content=\"Umweltneutraler Wertstoff wird dank neuem elektrochemischem Verfahren bezahlbar Durch ein neuartiges elektrochemisches Verfahren l\u00e4sst sich Allylalkohol nun mit einem rund [&hellip;]\" \/>\n<meta property=\"og:url\" content=\"https:\/\/spanienaktuell.net\/wordpress\/erdol-ersatz-aus-der-luft\/\" \/>\n<meta property=\"og:site_name\" content=\"Spanien aktuell\" \/>\n<meta property=\"article:published_time\" content=\"2025-10-31T22:40:13+00:00\" \/>\n<meta property=\"og:image\" content=\"https:\/\/spanienaktuell.net\/wordpress\/wp-content\/uploads\/2025\/10\/Foto-2025-Adobe-AdobeStock_285681334-scaled.jpeg\" \/>\n\t<meta property=\"og:image:width\" content=\"1440\" \/>\n\t<meta property=\"og:image:height\" content=\"960\" \/>\n\t<meta property=\"og:image:type\" content=\"image\/jpeg\" \/>\n<meta name=\"author\" content=\"Spanien Aktuell\" \/>\n<meta name=\"twitter:card\" content=\"summary_large_image\" \/>\n<meta name=\"twitter:label1\" content=\"Escrito por\" \/>\n\t<meta name=\"twitter:data1\" content=\"Spanien Aktuell\" \/>\n\t<meta name=\"twitter:label2\" content=\"Tiempo de lectura\" \/>\n\t<meta name=\"twitter:data2\" content=\"3 minutos\" \/>\n<script type=\"application\/ld+json\" class=\"yoast-schema-graph\">{\"@context\":\"https:\/\/schema.org\",\"@graph\":[{\"@type\":\"Article\",\"@id\":\"https:\/\/spanienaktuell.net\/wordpress\/erdol-ersatz-aus-der-luft\/#article\",\"isPartOf\":{\"@id\":\"https:\/\/spanienaktuell.net\/wordpress\/erdol-ersatz-aus-der-luft\/\"},\"author\":{\"name\":\"Spanien Aktuell\",\"@id\":\"https:\/\/spanienaktuell.net\/wordpress\/#\/schema\/person\/bc410cfae0161b201d837ebfeeba7fd0\"},\"headline\":\"Erd\u00f6l-Ersatz aus der Luft\",\"datePublished\":\"2025-10-31T22:40:13+00:00\",\"mainEntityOfPage\":{\"@id\":\"https:\/\/spanienaktuell.net\/wordpress\/erdol-ersatz-aus-der-luft\/\"},\"wordCount\":376,\"publisher\":{\"@id\":\"https:\/\/spanienaktuell.net\/wordpress\/#organization\"},\"image\":{\"@id\":\"https:\/\/spanienaktuell.net\/wordpress\/erdol-ersatz-aus-der-luft\/#primaryimage\"},\"thumbnailUrl\":\"https:\/\/spanienaktuell.net\/wordpress\/wp-content\/uploads\/2025\/10\/Foto-2025-Adobe-AdobeStock_285681334-scaled.jpeg\",\"articleSection\":[\"Recht\"],\"inLanguage\":\"es\"},{\"@type\":\"WebPage\",\"@id\":\"https:\/\/spanienaktuell.net\/wordpress\/erdol-ersatz-aus-der-luft\/\",\"url\":\"https:\/\/spanienaktuell.net\/wordpress\/erdol-ersatz-aus-der-luft\/\",\"name\":\"Erd\u00f6l-Ersatz aus der Luft - Spanien aktuell\",\"isPartOf\":{\"@id\":\"https:\/\/spanienaktuell.net\/wordpress\/#website\"},\"primaryImageOfPage\":{\"@id\":\"https:\/\/spanienaktuell.net\/wordpress\/erdol-ersatz-aus-der-luft\/#primaryimage\"},\"image\":{\"@id\":\"https:\/\/spanienaktuell.net\/wordpress\/erdol-ersatz-aus-der-luft\/#primaryimage\"},\"thumbnailUrl\":\"https:\/\/spanienaktuell.net\/wordpress\/wp-content\/uploads\/2025\/10\/Foto-2025-Adobe-AdobeStock_285681334-scaled.jpeg\",\"datePublished\":\"2025-10-31T22:40:13+00:00\",\"breadcrumb\":{\"@id\":\"https:\/\/spanienaktuell.net\/wordpress\/erdol-ersatz-aus-der-luft\/#breadcrumb\"},\"inLanguage\":\"es\",\"potentialAction\":[{\"@type\":\"ReadAction\",\"target\":[\"https:\/\/spanienaktuell.net\/wordpress\/erdol-ersatz-aus-der-luft\/\"]}]},{\"@type\":\"ImageObject\",\"inLanguage\":\"es\",\"@id\":\"https:\/\/spanienaktuell.net\/wordpress\/erdol-ersatz-aus-der-luft\/#primaryimage\",\"url\":\"https:\/\/spanienaktuell.net\/wordpress\/wp-content\/uploads\/2025\/10\/Foto-2025-Adobe-AdobeStock_285681334-scaled.jpeg\",\"contentUrl\":\"https:\/\/spanienaktuell.net\/wordpress\/wp-content\/uploads\/2025\/10\/Foto-2025-Adobe-AdobeStock_285681334-scaled.jpeg\",\"width\":1440,\"height\":960,\"caption\":\"Foto - \u00a9 2025 Adobe\"},{\"@type\":\"BreadcrumbList\",\"@id\":\"https:\/\/spanienaktuell.net\/wordpress\/erdol-ersatz-aus-der-luft\/#breadcrumb\",\"itemListElement\":[{\"@type\":\"ListItem\",\"position\":1,\"name\":\"Portada\",\"item\":\"https:\/\/spanienaktuell.net\/wordpress\/\"},{\"@type\":\"ListItem\",\"position\":2,\"name\":\"Erd\u00f6l-Ersatz aus der Luft\"}]},{\"@type\":\"WebSite\",\"@id\":\"https:\/\/spanienaktuell.net\/wordpress\/#website\",\"url\":\"https:\/\/spanienaktuell.net\/wordpress\/\",\"name\":\"Spanien aktuell\",\"description\":\"The German magazine number 1 on the Costa del Sol\",\"publisher\":{\"@id\":\"https:\/\/spanienaktuell.net\/wordpress\/#organization\"},\"potentialAction\":[{\"@type\":\"SearchAction\",\"target\":{\"@type\":\"EntryPoint\",\"urlTemplate\":\"https:\/\/spanienaktuell.net\/wordpress\/?s={search_term_string}\"},\"query-input\":{\"@type\":\"PropertyValueSpecification\",\"valueRequired\":true,\"valueName\":\"search_term_string\"}}],\"inLanguage\":\"es\"},{\"@type\":\"Organization\",\"@id\":\"https:\/\/spanienaktuell.net\/wordpress\/#organization\",\"name\":\"Spanien aktuell\",\"url\":\"https:\/\/spanienaktuell.net\/wordpress\/\",\"logo\":{\"@type\":\"ImageObject\",\"inLanguage\":\"es\",\"@id\":\"https:\/\/spanienaktuell.net\/wordpress\/#\/schema\/logo\/image\/\",\"url\":\"https:\/\/spanienaktuell.net\/wordpress\/wp-content\/uploads\/2019\/06\/cropped-Logo-spanien-aktuell-png-web-e1561631085388.png\",\"contentUrl\":\"https:\/\/spanienaktuell.net\/wordpress\/wp-content\/uploads\/2019\/06\/cropped-Logo-spanien-aktuell-png-web-e1561631085388.png\",\"width\":512,\"height\":110,\"caption\":\"Spanien aktuell\"},\"image\":{\"@id\":\"https:\/\/spanienaktuell.net\/wordpress\/#\/schema\/logo\/image\/\"}},{\"@type\":\"Person\",\"@id\":\"https:\/\/spanienaktuell.net\/wordpress\/#\/schema\/person\/bc410cfae0161b201d837ebfeeba7fd0\",\"name\":\"Spanien Aktuell\",\"image\":{\"@type\":\"ImageObject\",\"inLanguage\":\"es\",\"@id\":\"https:\/\/spanienaktuell.net\/wordpress\/#\/schema\/person\/image\/\",\"url\":\"https:\/\/spanienaktuell.net\/wordpress\/wp-content\/uploads\/2019\/06\/cropped-Logo-spanien-aktuell-png-fav2-100x100.png\",\"contentUrl\":\"https:\/\/spanienaktuell.net\/wordpress\/wp-content\/uploads\/2019\/06\/cropped-Logo-spanien-aktuell-png-fav2-100x100.png\",\"caption\":\"Spanien Aktuell\"},\"url\":\"https:\/\/spanienaktuell.net\/wordpress\/author\/koalum\/\"}]}<\/script>\n<!-- \/ Yoast SEO plugin. -->","yoast_head_json":{"title":"Erd\u00f6l-Ersatz aus der Luft - Spanien aktuell","robots":{"index":"index","follow":"follow","max-snippet":"max-snippet:-1","max-image-preview":"max-image-preview:large","max-video-preview":"max-video-preview:-1"},"canonical":"https:\/\/spanienaktuell.net\/wordpress\/erdol-ersatz-aus-der-luft\/","og_locale":"es_ES","og_type":"article","og_title":"Erd\u00f6l-Ersatz aus der Luft - Spanien aktuell","og_description":"Umweltneutraler Wertstoff wird dank neuem elektrochemischem Verfahren bezahlbar Durch ein neuartiges elektrochemisches Verfahren l\u00e4sst sich Allylalkohol nun mit einem rund [&hellip;]","og_url":"https:\/\/spanienaktuell.net\/wordpress\/erdol-ersatz-aus-der-luft\/","og_site_name":"Spanien aktuell","article_published_time":"2025-10-31T22:40:13+00:00","og_image":[{"width":1440,"height":960,"url":"https:\/\/spanienaktuell.net\/wordpress\/wp-content\/uploads\/2025\/10\/Foto-2025-Adobe-AdobeStock_285681334-scaled.jpeg","type":"image\/jpeg"}],"author":"Spanien Aktuell","twitter_card":"summary_large_image","twitter_misc":{"Escrito por":"Spanien Aktuell","Tiempo de lectura":"3 minutos"},"schema":{"@context":"https:\/\/schema.org","@graph":[{"@type":"Article","@id":"https:\/\/spanienaktuell.net\/wordpress\/erdol-ersatz-aus-der-luft\/#article","isPartOf":{"@id":"https:\/\/spanienaktuell.net\/wordpress\/erdol-ersatz-aus-der-luft\/"},"author":{"name":"Spanien Aktuell","@id":"https:\/\/spanienaktuell.net\/wordpress\/#\/schema\/person\/bc410cfae0161b201d837ebfeeba7fd0"},"headline":"Erd\u00f6l-Ersatz aus der Luft","datePublished":"2025-10-31T22:40:13+00:00","mainEntityOfPage":{"@id":"https:\/\/spanienaktuell.net\/wordpress\/erdol-ersatz-aus-der-luft\/"},"wordCount":376,"publisher":{"@id":"https:\/\/spanienaktuell.net\/wordpress\/#organization"},"image":{"@id":"https:\/\/spanienaktuell.net\/wordpress\/erdol-ersatz-aus-der-luft\/#primaryimage"},"thumbnailUrl":"https:\/\/spanienaktuell.net\/wordpress\/wp-content\/uploads\/2025\/10\/Foto-2025-Adobe-AdobeStock_285681334-scaled.jpeg","articleSection":["Recht"],"inLanguage":"es"},{"@type":"WebPage","@id":"https:\/\/spanienaktuell.net\/wordpress\/erdol-ersatz-aus-der-luft\/","url":"https:\/\/spanienaktuell.net\/wordpress\/erdol-ersatz-aus-der-luft\/","name":"Erd\u00f6l-Ersatz aus der Luft - Spanien aktuell","isPartOf":{"@id":"https:\/\/spanienaktuell.net\/wordpress\/#website"},"primaryImageOfPage":{"@id":"https:\/\/spanienaktuell.net\/wordpress\/erdol-ersatz-aus-der-luft\/#primaryimage"},"image":{"@id":"https:\/\/spanienaktuell.net\/wordpress\/erdol-ersatz-aus-der-luft\/#primaryimage"},"thumbnailUrl":"https:\/\/spanienaktuell.net\/wordpress\/wp-content\/uploads\/2025\/10\/Foto-2025-Adobe-AdobeStock_285681334-scaled.jpeg","datePublished":"2025-10-31T22:40:13+00:00","breadcrumb":{"@id":"https:\/\/spanienaktuell.net\/wordpress\/erdol-ersatz-aus-der-luft\/#breadcrumb"},"inLanguage":"es","potentialAction":[{"@type":"ReadAction","target":["https:\/\/spanienaktuell.net\/wordpress\/erdol-ersatz-aus-der-luft\/"]}]},{"@type":"ImageObject","inLanguage":"es","@id":"https:\/\/spanienaktuell.net\/wordpress\/erdol-ersatz-aus-der-luft\/#primaryimage","url":"https:\/\/spanienaktuell.net\/wordpress\/wp-content\/uploads\/2025\/10\/Foto-2025-Adobe-AdobeStock_285681334-scaled.jpeg","contentUrl":"https:\/\/spanienaktuell.net\/wordpress\/wp-content\/uploads\/2025\/10\/Foto-2025-Adobe-AdobeStock_285681334-scaled.jpeg","width":1440,"height":960,"caption":"Foto - \u00a9 2025 Adobe"},{"@type":"BreadcrumbList","@id":"https:\/\/spanienaktuell.net\/wordpress\/erdol-ersatz-aus-der-luft\/#breadcrumb","itemListElement":[{"@type":"ListItem","position":1,"name":"Portada","item":"https:\/\/spanienaktuell.net\/wordpress\/"},{"@type":"ListItem","position":2,"name":"Erd\u00f6l-Ersatz aus der Luft"}]},{"@type":"WebSite","@id":"https:\/\/spanienaktuell.net\/wordpress\/#website","url":"https:\/\/spanienaktuell.net\/wordpress\/","name":"Spanien aktuell","description":"The German magazine number 1 on the Costa del Sol","publisher":{"@id":"https:\/\/spanienaktuell.net\/wordpress\/#organization"},"potentialAction":[{"@type":"SearchAction","target":{"@type":"EntryPoint","urlTemplate":"https:\/\/spanienaktuell.net\/wordpress\/?s={search_term_string}"},"query-input":{"@type":"PropertyValueSpecification","valueRequired":true,"valueName":"search_term_string"}}],"inLanguage":"es"},{"@type":"Organization","@id":"https:\/\/spanienaktuell.net\/wordpress\/#organization","name":"Spanien aktuell","url":"https:\/\/spanienaktuell.net\/wordpress\/","logo":{"@type":"ImageObject","inLanguage":"es","@id":"https:\/\/spanienaktuell.net\/wordpress\/#\/schema\/logo\/image\/","url":"https:\/\/spanienaktuell.net\/wordpress\/wp-content\/uploads\/2019\/06\/cropped-Logo-spanien-aktuell-png-web-e1561631085388.png","contentUrl":"https:\/\/spanienaktuell.net\/wordpress\/wp-content\/uploads\/2019\/06\/cropped-Logo-spanien-aktuell-png-web-e1561631085388.png","width":512,"height":110,"caption":"Spanien aktuell"},"image":{"@id":"https:\/\/spanienaktuell.net\/wordpress\/#\/schema\/logo\/image\/"}},{"@type":"Person","@id":"https:\/\/spanienaktuell.net\/wordpress\/#\/schema\/person\/bc410cfae0161b201d837ebfeeba7fd0","name":"Spanien Aktuell","image":{"@type":"ImageObject","inLanguage":"es","@id":"https:\/\/spanienaktuell.net\/wordpress\/#\/schema\/person\/image\/","url":"https:\/\/spanienaktuell.net\/wordpress\/wp-content\/uploads\/2019\/06\/cropped-Logo-spanien-aktuell-png-fav2-100x100.png","contentUrl":"https:\/\/spanienaktuell.net\/wordpress\/wp-content\/uploads\/2019\/06\/cropped-Logo-spanien-aktuell-png-fav2-100x100.png","caption":"Spanien Aktuell"},"url":"https:\/\/spanienaktuell.net\/wordpress\/author\/koalum\/"}]}},"_links":{"self":[{"href":"https:\/\/spanienaktuell.net\/wordpress\/wp-json\/wp\/v2\/posts\/107971","targetHints":{"allow":["GET"]}}],"collection":[{"href":"https:\/\/spanienaktuell.net\/wordpress\/wp-json\/wp\/v2\/posts"}],"about":[{"href":"https:\/\/spanienaktuell.net\/wordpress\/wp-json\/wp\/v2\/types\/post"}],"author":[{"embeddable":true,"href":"https:\/\/spanienaktuell.net\/wordpress\/wp-json\/wp\/v2\/users\/3"}],"replies":[{"embeddable":true,"href":"https:\/\/spanienaktuell.net\/wordpress\/wp-json\/wp\/v2\/comments?post=107971"}],"version-history":[{"count":1,"href":"https:\/\/spanienaktuell.net\/wordpress\/wp-json\/wp\/v2\/posts\/107971\/revisions"}],"predecessor-version":[{"id":107975,"href":"https:\/\/spanienaktuell.net\/wordpress\/wp-json\/wp\/v2\/posts\/107971\/revisions\/107975"}],"wp:featuredmedia":[{"embeddable":true,"href":"https:\/\/spanienaktuell.net\/wordpress\/wp-json\/wp\/v2\/media\/107972"}],"wp:attachment":[{"href":"https:\/\/spanienaktuell.net\/wordpress\/wp-json\/wp\/v2\/media?parent=107971"}],"wp:term":[{"taxonomy":"category","embeddable":true,"href":"https:\/\/spanienaktuell.net\/wordpress\/wp-json\/wp\/v2\/categories?post=107971"},{"taxonomy":"post_tag","embeddable":true,"href":"https:\/\/spanienaktuell.net\/wordpress\/wp-json\/wp\/v2\/tags?post=107971"}],"curies":[{"name":"wp","href":"https:\/\/api.w.org\/{rel}","templated":true}]}}