{"id":107999,"date":"2025-11-01T00:58:41","date_gmt":"2025-10-31T22:58:41","guid":{"rendered":"https:\/\/spanienaktuell.net\/wordpress\/?p=107999"},"modified":"2025-10-30T12:06:57","modified_gmt":"2025-10-30T10:06:57","slug":"der-neue-mercedes-benz-glc","status":"publish","type":"post","link":"https:\/\/spanienaktuell.net\/wordpress\/der-neue-mercedes-benz-glc\/","title":{"rendered":"Der neue Mercedes-Benz GLC"},"content":{"rendered":"<p><img decoding=\"async\" class=\"size-full wp-image-108000\" src=\"https:\/\/spanienaktuell.net\/wordpress\/wp-content\/uploads\/2025\/10\/25C0225_077-copia-scaled.jpg\" alt=\"\" width=\"1440\" height=\"1080\" srcset=\"https:\/\/spanienaktuell.net\/wordpress\/wp-content\/uploads\/2025\/10\/25C0225_077-copia-scaled.jpg 1440w, https:\/\/spanienaktuell.net\/wordpress\/wp-content\/uploads\/2025\/10\/25C0225_077-copia-300x225.jpg 300w, https:\/\/spanienaktuell.net\/wordpress\/wp-content\/uploads\/2025\/10\/25C0225_077-copia-1024x768.jpg 1024w, https:\/\/spanienaktuell.net\/wordpress\/wp-content\/uploads\/2025\/10\/25C0225_077-copia-768x576.jpg 768w, https:\/\/spanienaktuell.net\/wordpress\/wp-content\/uploads\/2025\/10\/25C0225_077-copia-1536x1152.jpg 1536w, https:\/\/spanienaktuell.net\/wordpress\/wp-content\/uploads\/2025\/10\/25C0225_077-copia-2048x1536.jpg 2048w, https:\/\/spanienaktuell.net\/wordpress\/wp-content\/uploads\/2025\/10\/25C0225_077-copia-350x262.jpg 350w\" sizes=\"(max-width: 1440px) 100vw, 1440px\" \/><\/p>\n<p>Seit Jahren ist der Mercedes-Benz GLC das Herzst\u00fcck der Midsize-SUVs der Marke. Als Bestseller weltweit \u2013 und auch in der ersten Jahresh\u00e4lfte 2025 an der Spitze der Verkaufscharts \u2013 hat er sich einen festen Platz in der Gunst der Kundinnen und Kunden erobert. Nun l\u00e4utet Mercedes-Benz eine neue \u00c4ra ein: Mit dem vollst\u00e4ndig elektrischen GLC pr\u00e4sentiert die Marke ein Modell, das Tradition, Luxus und modernste Elektrotechnologie auf einmal vereint.<\/p>\n<p><img decoding=\"async\" class=\"aligncenter size-full wp-image-108010\" src=\"https:\/\/spanienaktuell.net\/wordpress\/wp-content\/uploads\/2025\/10\/25C0225_021-scaled.jpg\" alt=\"\" width=\"1440\" height=\"960\" srcset=\"https:\/\/spanienaktuell.net\/wordpress\/wp-content\/uploads\/2025\/10\/25C0225_021-scaled.jpg 1440w, https:\/\/spanienaktuell.net\/wordpress\/wp-content\/uploads\/2025\/10\/25C0225_021-300x200.jpg 300w, https:\/\/spanienaktuell.net\/wordpress\/wp-content\/uploads\/2025\/10\/25C0225_021-1024x683.jpg 1024w, https:\/\/spanienaktuell.net\/wordpress\/wp-content\/uploads\/2025\/10\/25C0225_021-768x512.jpg 768w, https:\/\/spanienaktuell.net\/wordpress\/wp-content\/uploads\/2025\/10\/25C0225_021-1536x1025.jpg 1536w, https:\/\/spanienaktuell.net\/wordpress\/wp-content\/uploads\/2025\/10\/25C0225_021-2048x1366.jpg 2048w, https:\/\/spanienaktuell.net\/wordpress\/wp-content\/uploads\/2025\/10\/25C0225_021-350x233.jpg 350w\" sizes=\"(max-width: 1440px) 100vw, 1440px\" \/><\/p>\n<p>Der neue GLC mit EQ-Technologie (vorl\u00e4ufige Angaben: Energieverbrauch kombiniert: 14,9\u201318,8 kWh\/100 km | CO\u2082-Emissionen kombiniert: 0 g\/km | CO\u2082-Klasse: A) wird voraussichtlich ab der ersten Jahresh\u00e4lfte 2026 erh\u00e4ltlich sein. Die Entwicklung des elektrischen GLC basiert ma\u00dfgeblich auf globalem Kundenfeedback \u2013 ein Ansatz, der sich bereits bei allen fr\u00fcheren Generationen bew\u00e4hrt hat. Ergebnis: ein Fahrzeug, das alles, wof\u00fcr Mercedes-Benz steht, auf ein neues Level hebt: Eleganz, Sicherheit, Komfort und Vielseitigkeit.<\/p>\n<p><strong>Design: Ikonisch und modern<\/strong><\/p>\n<p><img decoding=\"async\" class=\"aligncenter size-full wp-image-108015\" src=\"https:\/\/spanienaktuell.net\/wordpress\/wp-content\/uploads\/2025\/10\/25C0225_032-scaled.jpg\" alt=\"\" width=\"1440\" height=\"960\" srcset=\"https:\/\/spanienaktuell.net\/wordpress\/wp-content\/uploads\/2025\/10\/25C0225_032-scaled.jpg 1440w, https:\/\/spanienaktuell.net\/wordpress\/wp-content\/uploads\/2025\/10\/25C0225_032-300x200.jpg 300w, https:\/\/spanienaktuell.net\/wordpress\/wp-content\/uploads\/2025\/10\/25C0225_032-1024x683.jpg 1024w, https:\/\/spanienaktuell.net\/wordpress\/wp-content\/uploads\/2025\/10\/25C0225_032-768x512.jpg 768w, https:\/\/spanienaktuell.net\/wordpress\/wp-content\/uploads\/2025\/10\/25C0225_032-1536x1025.jpg 1536w, https:\/\/spanienaktuell.net\/wordpress\/wp-content\/uploads\/2025\/10\/25C0225_032-2048x1366.jpg 2048w, https:\/\/spanienaktuell.net\/wordpress\/wp-content\/uploads\/2025\/10\/25C0225_032-350x233.jpg 350w\" sizes=\"(max-width: 1440px) 100vw, 1440px\" \/><\/p>\n<p>Der neue GLC setzt ein markantes Zeichen in der Designlandschaft von Mercedes-Benz. Mit seinem neu gestalteten K\u00fchlergrill und der dynamischen Silhouette mit skulpturalen Schulterpartien und ausgepr\u00e4gten Radl\u00e4ufen strahlt er Selbstbewusstsein und Prestige aus. Besonders auff\u00e4llig: Der beleuchtete, hochmoderne Grill ist ein Hightech-Meisterwerk und definiert das Gesicht der Marke neu. Die Proportionen bleiben klassisch f\u00fcr ein Midsize-SUV, werden jedoch durch die elektrische Architektur noch dynamischer und moderner interpretiert.<\/p>\n<p>Im Innenraum zeigt Mercedes-Benz erneut seine Innovationskraft. Der MBUX HYPERSCREEN misst 99,3 Zentimeter (39,1 Zoll) und ist damit der gr\u00f6\u00dfte Bildschirm in einem Mercedes-Benz. Nahtlos integriert und kombiniert mit hochwertiger Ambientebeleuchtung, inklusive beleuchtetem SKY CONTROL Panoramadach, entsteht ein immersives Raumgef\u00fchl. Optional kann die Beleuchtung sogar 162 Sterne am Nachthimmel projizieren \u2013 ein wahres Highlight f\u00fcr N\u00e4chte unter freiem Himmel.<\/p>\n<p><img decoding=\"async\" class=\"aligncenter size-full wp-image-108017\" src=\"https:\/\/spanienaktuell.net\/wordpress\/wp-content\/uploads\/2025\/10\/25C0225_066-scaled.jpg\" alt=\"\" width=\"1440\" height=\"960\" srcset=\"https:\/\/spanienaktuell.net\/wordpress\/wp-content\/uploads\/2025\/10\/25C0225_066-scaled.jpg 1440w, https:\/\/spanienaktuell.net\/wordpress\/wp-content\/uploads\/2025\/10\/25C0225_066-300x200.jpg 300w, https:\/\/spanienaktuell.net\/wordpress\/wp-content\/uploads\/2025\/10\/25C0225_066-1024x683.jpg 1024w, https:\/\/spanienaktuell.net\/wordpress\/wp-content\/uploads\/2025\/10\/25C0225_066-768x512.jpg 768w, https:\/\/spanienaktuell.net\/wordpress\/wp-content\/uploads\/2025\/10\/25C0225_066-1536x1024.jpg 1536w, https:\/\/spanienaktuell.net\/wordpress\/wp-content\/uploads\/2025\/10\/25C0225_066-2048x1365.jpg 2048w, https:\/\/spanienaktuell.net\/wordpress\/wp-content\/uploads\/2025\/10\/25C0225_066-350x233.jpg 350w\" sizes=\"(max-width: 1440px) 100vw, 1440px\" \/><\/p>\n<p>F\u00fcr umweltbewusste Kundinnen und Kunden gibt es das Vegan-Paket: erstmals bietet Mercedes-Benz ein vollst\u00e4ndig veganes, von der Vegan Society zertifiziertes Interieur an. Hochwertige Materialien, edle Haptik und exzellente Verarbeitung sorgen daf\u00fcr, dass Nachhaltigkeit und Luxus Hand in Hand gehen.<\/p>\n<p><strong>Fahrkomfort und Agilit\u00e4t: S-Klasse-Technologie im SUV<\/strong><\/p>\n<p><img decoding=\"async\" class=\"aligncenter size-full wp-image-108008\" src=\"https:\/\/spanienaktuell.net\/wordpress\/wp-content\/uploads\/2025\/10\/25C0225_004-scaled.jpg\" alt=\"\" width=\"1440\" height=\"960\" srcset=\"https:\/\/spanienaktuell.net\/wordpress\/wp-content\/uploads\/2025\/10\/25C0225_004-scaled.jpg 1440w, https:\/\/spanienaktuell.net\/wordpress\/wp-content\/uploads\/2025\/10\/25C0225_004-300x200.jpg 300w, https:\/\/spanienaktuell.net\/wordpress\/wp-content\/uploads\/2025\/10\/25C0225_004-1024x683.jpg 1024w, https:\/\/spanienaktuell.net\/wordpress\/wp-content\/uploads\/2025\/10\/25C0225_004-768x512.jpg 768w, https:\/\/spanienaktuell.net\/wordpress\/wp-content\/uploads\/2025\/10\/25C0225_004-1536x1025.jpg 1536w, https:\/\/spanienaktuell.net\/wordpress\/wp-content\/uploads\/2025\/10\/25C0225_004-2048x1366.jpg 2048w, https:\/\/spanienaktuell.net\/wordpress\/wp-content\/uploads\/2025\/10\/25C0225_004-350x233.jpg 350w\" sizes=\"(max-width: 1440px) 100vw, 1440px\" \/><\/p>\n<p>Der GLC definiert den Fahrkomfort in seiner Klasse neu. Dank intelligenter Luftfederung, bekannt aus der S-Klasse, und einer Hinterachslenkung mit 4,5 Grad erreichen Fahrdynamik und Komfort eine perfekte Balance. Unebenheiten werden nahezu vollst\u00e4ndig ausgeglichen, w\u00e4hrend die Agilit\u00e4t im Stadtverkehr oder auf kurvigen Landstra\u00dfen beeindruckt.<\/p>\n<p>F\u00fcr ein souver\u00e4nes Fahrgef\u00fchl sorgt auch das neue One-Box-Bremssystem, das die Verz\u00f6gerung sowohl bei Rekuperation als auch bei Reibbremsung konstant und gleichm\u00e4\u00dfig gestaltet. Die Rekuperationsleistung erreicht bis zu 300 kW \u2013 ein enormer Beitrag zur Reichweite des Fahrzeugs. Kundinnen und Kunden k\u00f6nnen zwischen vier Rekuperationsstufen w\u00e4hlen, von D- (maximale Rekuperation) bis D Auto (intelligente Anpassung), je nach Fahrsituation.<\/p>\n<p><img decoding=\"async\" class=\"aligncenter size-full wp-image-108020\" src=\"https:\/\/spanienaktuell.net\/wordpress\/wp-content\/uploads\/2025\/10\/25C0225_074-copia-2-scaled.jpg\" alt=\"\" width=\"1440\" height=\"1080\" srcset=\"https:\/\/spanienaktuell.net\/wordpress\/wp-content\/uploads\/2025\/10\/25C0225_074-copia-2-scaled.jpg 1440w, https:\/\/spanienaktuell.net\/wordpress\/wp-content\/uploads\/2025\/10\/25C0225_074-copia-2-300x225.jpg 300w, https:\/\/spanienaktuell.net\/wordpress\/wp-content\/uploads\/2025\/10\/25C0225_074-copia-2-1024x768.jpg 1024w, https:\/\/spanienaktuell.net\/wordpress\/wp-content\/uploads\/2025\/10\/25C0225_074-copia-2-768x576.jpg 768w, https:\/\/spanienaktuell.net\/wordpress\/wp-content\/uploads\/2025\/10\/25C0225_074-copia-2-1536x1152.jpg 1536w, https:\/\/spanienaktuell.net\/wordpress\/wp-content\/uploads\/2025\/10\/25C0225_074-copia-2-2048x1536.jpg 2048w, https:\/\/spanienaktuell.net\/wordpress\/wp-content\/uploads\/2025\/10\/25C0225_074-copia-2-350x263.jpg 350w\" sizes=\"(max-width: 1440px) 100vw, 1440px\" \/><\/p>\n<p>Der GLC ist au\u00dferdem f\u00fcr lange Reisen und schwere Lasten perfekt ger\u00fcstet: bis zu 2,4 Tonnen Anh\u00e4ngelast, eine St\u00fctzlast von 100 Kilogramm und intelligente Systeme wie ESP\u00ae Anh\u00e4ngerstabilisierung und Anh\u00e4ngerrangier-Assistent machen ihn zum idealen Begleiter f\u00fcr Familie, Freizeit und Sport.<\/p>\n<p><strong>Elektrische Performance: Reichweite, Laden und intelligente Systeme<\/strong><\/p>\n<p><strong><img decoding=\"async\" class=\"aligncenter size-full wp-image-108009\" src=\"https:\/\/spanienaktuell.net\/wordpress\/wp-content\/uploads\/2025\/10\/25C0225_010-scaled.jpg\" alt=\"\" width=\"1440\" height=\"960\" srcset=\"https:\/\/spanienaktuell.net\/wordpress\/wp-content\/uploads\/2025\/10\/25C0225_010-scaled.jpg 1440w, https:\/\/spanienaktuell.net\/wordpress\/wp-content\/uploads\/2025\/10\/25C0225_010-300x200.jpg 300w, https:\/\/spanienaktuell.net\/wordpress\/wp-content\/uploads\/2025\/10\/25C0225_010-1024x683.jpg 1024w, https:\/\/spanienaktuell.net\/wordpress\/wp-content\/uploads\/2025\/10\/25C0225_010-768x512.jpg 768w, https:\/\/spanienaktuell.net\/wordpress\/wp-content\/uploads\/2025\/10\/25C0225_010-1536x1024.jpg 1536w, https:\/\/spanienaktuell.net\/wordpress\/wp-content\/uploads\/2025\/10\/25C0225_010-2048x1365.jpg 2048w, https:\/\/spanienaktuell.net\/wordpress\/wp-content\/uploads\/2025\/10\/25C0225_010-350x233.jpg 350w\" sizes=\"(max-width: 1440px) 100vw, 1440px\" \/><br \/>\n<\/strong><\/p>\n<p>Als batterieelektrisches Fahrzeug bietet der neue GLC beeindruckende Reichweiten und Performancewerte. Das Topmodell GLC 400 4MATIC leistet 360 kW und erreicht eine vorl\u00e4ufige Reichweite von bis zu 713 Kilometern (WLTP). Mercedes-Benz plant zudem ein umfassendes Portfolio weiterer Antriebsvarianten, die alle Bed\u00fcrfnisse abdecken \u2013 vom leistungsstarken Pendlerfahrzeug bis zum SUV f\u00fcr ausgedehnte Langstrecken.<\/p>\n<p>Die Ladeinfrastruktur wird nahtlos integriert: MB.CHARGE Public erm\u00f6glicht die Reservierung von Ladestationen, bidirektionales Laden ist vorbereitet, und das 800-Volt-System verk\u00fcrzt die Ladezeiten erheblich. In nur zehn Minuten kann der GLC eine Reichweite von bis zu 303 Kilometern nachladen \u2013 ideal f\u00fcr spontane Fahrten oder lange Strecken.<\/p>\n<p><strong>MB.OS: Das KI-gesteuerte Herzst\u00fcck<\/strong><\/p>\n<p><img decoding=\"async\" class=\"aligncenter size-full wp-image-108016\" src=\"https:\/\/spanienaktuell.net\/wordpress\/wp-content\/uploads\/2025\/10\/25C0225_039-scaled.jpg\" alt=\"\" width=\"1440\" height=\"960\" srcset=\"https:\/\/spanienaktuell.net\/wordpress\/wp-content\/uploads\/2025\/10\/25C0225_039-scaled.jpg 1440w, https:\/\/spanienaktuell.net\/wordpress\/wp-content\/uploads\/2025\/10\/25C0225_039-300x200.jpg 300w, https:\/\/spanienaktuell.net\/wordpress\/wp-content\/uploads\/2025\/10\/25C0225_039-1024x683.jpg 1024w, https:\/\/spanienaktuell.net\/wordpress\/wp-content\/uploads\/2025\/10\/25C0225_039-768x512.jpg 768w, https:\/\/spanienaktuell.net\/wordpress\/wp-content\/uploads\/2025\/10\/25C0225_039-1536x1025.jpg 1536w, https:\/\/spanienaktuell.net\/wordpress\/wp-content\/uploads\/2025\/10\/25C0225_039-2048x1366.jpg 2048w, https:\/\/spanienaktuell.net\/wordpress\/wp-content\/uploads\/2025\/10\/25C0225_039-350x233.jpg 350w\" sizes=\"(max-width: 1440px) 100vw, 1440px\" \/><\/p>\n<p>Im Zentrum der neuen Elektrifizierungsstrategie steht MB.OS, das Mercedes-Benz Operating System. Es ist das Gehirn des GLC, gesteuert durch k\u00fcnstliche Intelligenz. MB.OS lernt Fahrpr\u00e4ferenzen, passt sich wechselnden Bedingungen an und optimiert Entscheidungen in Echtzeit. Vom Infotainment \u00fcber automatisiertes Fahren bis hin zum Ladeprozess \u2013 das System orchestriert jede Funktion mit einer Effizienz, die menschlichem Denken \u00e4hnelt.<\/p>\n<p>Dank Chip-to-Cloud-Architektur und Verbindung mit der Mercedes-Benz Intelligent Cloud bleibt der GLC stets auf dem neuesten Stand. Over-the-Air-Updates sorgen daf\u00fcr, dass Software und Funktionen kontinuierlich verbessert werden. MB.OS integriert s\u00e4mtliche Sensoren und Aktuatoren pr\u00e4zise und verwandelt den GLC in einen lernenden, intelligenten Begleiter.<\/p>\n<p><strong>Intelligente Assistenzsysteme: MB.DRIVE<\/strong><\/p>\n<p><img decoding=\"async\" class=\"aligncenter size-full wp-image-108005\" src=\"https:\/\/spanienaktuell.net\/wordpress\/wp-content\/uploads\/2025\/10\/25C0225_117-scaled.jpg\" alt=\"\" width=\"720\" height=\"1080\" srcset=\"https:\/\/spanienaktuell.net\/wordpress\/wp-content\/uploads\/2025\/10\/25C0225_117-scaled.jpg 720w, https:\/\/spanienaktuell.net\/wordpress\/wp-content\/uploads\/2025\/10\/25C0225_117-200x300.jpg 200w, https:\/\/spanienaktuell.net\/wordpress\/wp-content\/uploads\/2025\/10\/25C0225_117-683x1024.jpg 683w, https:\/\/spanienaktuell.net\/wordpress\/wp-content\/uploads\/2025\/10\/25C0225_117-768x1152.jpg 768w, https:\/\/spanienaktuell.net\/wordpress\/wp-content\/uploads\/2025\/10\/25C0225_117-1024x1536.jpg 1024w, https:\/\/spanienaktuell.net\/wordpress\/wp-content\/uploads\/2025\/10\/25C0225_117-1365x2048.jpg 1365w, https:\/\/spanienaktuell.net\/wordpress\/wp-content\/uploads\/2025\/10\/25C0225_117-350x525.jpg 350w\" sizes=\"(max-width: 720px) 100vw, 720px\" \/><\/p>\n<p>Der neue GLC bietet mit MB.DRIVE eines der modernsten Fahrerassistenzpakete auf dem Markt. Zehn Au\u00dfenkameras, f\u00fcnf Radarsensoren und zw\u00f6lf Ultraschallsensoren liefern Daten in Echtzeit, die die KI auswertet. Das Ergebnis: ein souver\u00e4nes, sicheres Fahrerlebnis mit kooperativem Lenken, Bremsen und Beschleunigen. Die Systeme k\u00f6nnen sogar nachtr\u00e4glich via App aufger\u00fcstet werden \u2013 ein Pluspunkt f\u00fcr langfristige Sicherheit und Flexibilit\u00e4t.<\/p>\n<p>Die Kombination aus Sensorik, Luftfederung, Hinterachslenkung und Rekuperation sorgt f\u00fcr ein Fahrerlebnis, das sowohl sportlich als auch komfortabel ist. Selbst bei wechselnden Stra\u00dfenbedingungen oder schwierigen Wetterlagen bleibt der GLC stabil, agil und komfortabel.<\/p>\n<p><strong>Innenraum: Raumwunder und Hightech-Lounge<\/strong><\/p>\n<p><img decoding=\"async\" class=\"aligncenter size-full wp-image-108019\" src=\"https:\/\/spanienaktuell.net\/wordpress\/wp-content\/uploads\/2025\/10\/25C0225_072-scaled.jpg\" alt=\"\" width=\"810\" height=\"1080\" srcset=\"https:\/\/spanienaktuell.net\/wordpress\/wp-content\/uploads\/2025\/10\/25C0225_072-scaled.jpg 810w, https:\/\/spanienaktuell.net\/wordpress\/wp-content\/uploads\/2025\/10\/25C0225_072-225x300.jpg 225w, https:\/\/spanienaktuell.net\/wordpress\/wp-content\/uploads\/2025\/10\/25C0225_072-768x1024.jpg 768w, https:\/\/spanienaktuell.net\/wordpress\/wp-content\/uploads\/2025\/10\/25C0225_072-1152x1536.jpg 1152w, https:\/\/spanienaktuell.net\/wordpress\/wp-content\/uploads\/2025\/10\/25C0225_072-1536x2048.jpg 1536w, https:\/\/spanienaktuell.net\/wordpress\/wp-content\/uploads\/2025\/10\/25C0225_072-350x467.jpg 350w\" sizes=\"(max-width: 810px) 100vw, 810px\" \/><\/p>\n<p>Mit 84 Millimetern l\u00e4ngerem Radstand als sein Verbrenner-Pendant bietet der neue GLC deutlich mehr Platz f\u00fcr Passagiere. Vorn gibt es 13 Millimeter mehr Beinfreiheit und 46 Millimeter mehr Kopffreiheit, im Fond profitieren die Passagiere von 47 Millimetern mehr Beinfreiheit und 17 Millimetern zus\u00e4tzlicher Kopffreiheit. Der Kofferraum fasst 570 Liter, bei umgeklappter R\u00fcckbank bis zu 1.740 Liter. Zus\u00e4tzlich gibt es einen Frunk mit 128 Litern Fassungsverm\u00f6gen.<\/p>\n<p><img decoding=\"async\" class=\"aligncenter size-full wp-image-108007\" src=\"https:\/\/spanienaktuell.net\/wordpress\/wp-content\/uploads\/2025\/10\/para-www.png\" alt=\"\" width=\"738\" height=\"241\" srcset=\"https:\/\/spanienaktuell.net\/wordpress\/wp-content\/uploads\/2025\/10\/para-www.png 738w, https:\/\/spanienaktuell.net\/wordpress\/wp-content\/uploads\/2025\/10\/para-www-300x98.png 300w, https:\/\/spanienaktuell.net\/wordpress\/wp-content\/uploads\/2025\/10\/para-www-350x114.png 350w\" sizes=\"(max-width: 738px) 100vw, 738px\" \/><\/p>\n<p>Die neuen AGR-zertifizierten Sitze bieten h\u00f6chsten Komfort, das neue Lenkrad ist ergonomischer, intuitive Bedienelemente erleichtern die Handhabung. Auf vielfachen Wunsch kehren die Wippe f\u00fcr Limiter\/DISTRONIC und die Walze f\u00fcr Lautst\u00e4rke zur\u00fcck \u2013 kleine, aber wichtige Details f\u00fcr ein angenehmes Fahrerlebnis.<\/p>\n<p><strong>Digitalisierung und Entertainment: MBUX Hyperscreen<\/strong><\/p>\n<p><img decoding=\"async\" class=\"aligncenter size-full wp-image-108006\" src=\"https:\/\/spanienaktuell.net\/wordpress\/wp-content\/uploads\/2025\/10\/25C0225_118-scaled.jpg\" alt=\"\" width=\"720\" height=\"1080\" srcset=\"https:\/\/spanienaktuell.net\/wordpress\/wp-content\/uploads\/2025\/10\/25C0225_118-scaled.jpg 720w, https:\/\/spanienaktuell.net\/wordpress\/wp-content\/uploads\/2025\/10\/25C0225_118-200x300.jpg 200w, https:\/\/spanienaktuell.net\/wordpress\/wp-content\/uploads\/2025\/10\/25C0225_118-683x1024.jpg 683w, https:\/\/spanienaktuell.net\/wordpress\/wp-content\/uploads\/2025\/10\/25C0225_118-768x1152.jpg 768w, https:\/\/spanienaktuell.net\/wordpress\/wp-content\/uploads\/2025\/10\/25C0225_118-1024x1536.jpg 1024w, https:\/\/spanienaktuell.net\/wordpress\/wp-content\/uploads\/2025\/10\/25C0225_118-1365x2048.jpg 1365w, https:\/\/spanienaktuell.net\/wordpress\/wp-content\/uploads\/2025\/10\/25C0225_118-350x525.jpg 350w\" sizes=\"(max-width: 720px) 100vw, 720px\" \/><\/p>\n<p>Die vierte Generation von MBUX integriert KI von Microsoft und Google, was personalisierte Interaktionen erm\u00f6glicht. Der virtuelle Assistent erkennt Kontexte, beantwortet Nachfragen und bietet Zugriff auf \u00fcber 40 Apps, einschlie\u00dflich Video-Streaming und Disney+.<\/p>\n<p>Der MBUX Hyperscreen mit 11 ausw\u00e4hlbaren Ambiente-Styles schafft ein immersives Erlebnis. Instrumenten-Cluster, Bedienelemente und Beleuchtung verschmelzen zu einer harmonischen digitalen Welt, die sich an die Pr\u00e4ferenzen der Fahrerin oder des Fahrers anpasst.<\/p>\n<p><strong>Lichttechnologie: DIGITAL LIGHT<\/strong><\/p>\n<p><img decoding=\"async\" class=\"aligncenter size-full wp-image-108012\" src=\"https:\/\/spanienaktuell.net\/wordpress\/wp-content\/uploads\/2025\/10\/25C0225_026-scaled.jpg\" alt=\"\" width=\"1440\" height=\"960\" srcset=\"https:\/\/spanienaktuell.net\/wordpress\/wp-content\/uploads\/2025\/10\/25C0225_026-scaled.jpg 1440w, https:\/\/spanienaktuell.net\/wordpress\/wp-content\/uploads\/2025\/10\/25C0225_026-300x200.jpg 300w, https:\/\/spanienaktuell.net\/wordpress\/wp-content\/uploads\/2025\/10\/25C0225_026-1024x683.jpg 1024w, https:\/\/spanienaktuell.net\/wordpress\/wp-content\/uploads\/2025\/10\/25C0225_026-768x512.jpg 768w, https:\/\/spanienaktuell.net\/wordpress\/wp-content\/uploads\/2025\/10\/25C0225_026-1536x1025.jpg 1536w, https:\/\/spanienaktuell.net\/wordpress\/wp-content\/uploads\/2025\/10\/25C0225_026-2048x1366.jpg 2048w, https:\/\/spanienaktuell.net\/wordpress\/wp-content\/uploads\/2025\/10\/25C0225_026-350x233.jpg 350w\" sizes=\"(max-width: 1440px) 100vw, 1440px\" \/><\/p>\n<p>Mercedes-Benz setzt beim neuen GLC auf Mikro-LED-Technologie f\u00fcr DIGITAL LIGHT. Das Lichtfeld ist gr\u00f6\u00dfer und effizienter, verbraucht etwa 50 % weniger Energie und erm\u00f6glicht Kurven- und ULTRA-RANGE-Fernlicht. Stra\u00dfenprojektionen verbessern Sichtbarkeit und Sicherheit deutlich.<\/p>\n<p><strong>Zukunft trifft Tradition<\/strong><\/p>\n<p><img decoding=\"async\" class=\"aligncenter size-full wp-image-108002\" src=\"https:\/\/spanienaktuell.net\/wordpress\/wp-content\/uploads\/2025\/10\/25C0225_080-copia-scaled.jpg\" alt=\"\" width=\"1440\" height=\"1080\" srcset=\"https:\/\/spanienaktuell.net\/wordpress\/wp-content\/uploads\/2025\/10\/25C0225_080-copia-scaled.jpg 1440w, https:\/\/spanienaktuell.net\/wordpress\/wp-content\/uploads\/2025\/10\/25C0225_080-copia-300x225.jpg 300w, https:\/\/spanienaktuell.net\/wordpress\/wp-content\/uploads\/2025\/10\/25C0225_080-copia-1024x768.jpg 1024w, https:\/\/spanienaktuell.net\/wordpress\/wp-content\/uploads\/2025\/10\/25C0225_080-copia-768x576.jpg 768w, https:\/\/spanienaktuell.net\/wordpress\/wp-content\/uploads\/2025\/10\/25C0225_080-copia-1536x1152.jpg 1536w, https:\/\/spanienaktuell.net\/wordpress\/wp-content\/uploads\/2025\/10\/25C0225_080-copia-2048x1536.jpg 2048w, https:\/\/spanienaktuell.net\/wordpress\/wp-content\/uploads\/2025\/10\/25C0225_080-copia-350x262.jpg 350w\" sizes=\"(max-width: 1440px) 100vw, 1440px\" \/><\/p>\n<p>Der neue Mercedes-Benz GLC ist mehr als ein SUV. Er ist ein Symbol f\u00fcr die neue \u00c4ra der Elektromobilit\u00e4t bei Mercedes-Benz: luxuri\u00f6s, intelligent, leistungsstark und vielseitig. Mit seiner Kombination aus Hightech, Komfort, Effizienz und emotionalem Design setzt er Ma\u00dfst\u00e4be im Midsize-Segment. Egal ob Langstrecke, Stadtverkehr, Freizeit oder Alltag \u2013 der GLC passt sich m\u00fchelos allen Anforderungen an.<\/p>\n<p><img decoding=\"async\" class=\"aligncenter size-full wp-image-108011\" src=\"https:\/\/spanienaktuell.net\/wordpress\/wp-content\/uploads\/2025\/10\/25C0225_024-scaled.jpg\" alt=\"\" width=\"1440\" height=\"960\" srcset=\"https:\/\/spanienaktuell.net\/wordpress\/wp-content\/uploads\/2025\/10\/25C0225_024-scaled.jpg 1440w, https:\/\/spanienaktuell.net\/wordpress\/wp-content\/uploads\/2025\/10\/25C0225_024-300x200.jpg 300w, https:\/\/spanienaktuell.net\/wordpress\/wp-content\/uploads\/2025\/10\/25C0225_024-1024x683.jpg 1024w, https:\/\/spanienaktuell.net\/wordpress\/wp-content\/uploads\/2025\/10\/25C0225_024-768x512.jpg 768w, https:\/\/spanienaktuell.net\/wordpress\/wp-content\/uploads\/2025\/10\/25C0225_024-1536x1024.jpg 1536w, https:\/\/spanienaktuell.net\/wordpress\/wp-content\/uploads\/2025\/10\/25C0225_024-2048x1366.jpg 2048w, https:\/\/spanienaktuell.net\/wordpress\/wp-content\/uploads\/2025\/10\/25C0225_024-350x233.jpg 350w\" sizes=\"(max-width: 1440px) 100vw, 1440px\" \/><\/p>\n<p>Von der ersten Fahrt an vermittelt er ein Gef\u00fchl von Vertrautheit, Komfort und Sicherheit \u2013 Mercedes-Benz-typisch. Zugleich er\u00f6ffnet er die Welt der Elektromobilit\u00e4t auf einem Niveau, das bisher in dieser Klasse kaum erreicht wurde. Der neue GLC ist somit nicht nur ein SUV, sondern ein Statement: elektrisch, intelligent und ikonisch.<\/p>\n<p><em>Fotos &#8211; \u00a9 Mercedes-Benz Media\u00a0 Text &#8211; Spanien aktuell &#8211; Cesar Certier \u00a9<\/em><\/p>\n","protected":false},"excerpt":{"rendered":"<p>Seit Jahren ist der Mercedes-Benz GLC das Herzst\u00fcck der Midsize-SUVs der Marke. Als Bestseller weltweit \u2013 und auch in der [&hellip;]<\/p>\n","protected":false},"author":3,"featured_media":108000,"comment_status":"closed","ping_status":"closed","sticky":false,"template":"","format":"standard","meta":{"footnotes":""},"categories":[27],"tags":[],"class_list":["post-107999","post","type-post","status-publish","format-standard","has-post-thumbnail","hentry","category-motor"],"yoast_head":"<!-- This site is optimized with the Yoast SEO plugin v27.1.1 - https:\/\/yoast.com\/product\/yoast-seo-wordpress\/ -->\n<title>Der neue Mercedes-Benz GLC - Spanien aktuell<\/title>\n<meta name=\"robots\" content=\"index, follow, max-snippet:-1, max-image-preview:large, max-video-preview:-1\" \/>\n<link rel=\"canonical\" href=\"https:\/\/spanienaktuell.net\/wordpress\/der-neue-mercedes-benz-glc\/\" \/>\n<meta property=\"og:locale\" content=\"es_ES\" \/>\n<meta property=\"og:type\" content=\"article\" \/>\n<meta property=\"og:title\" content=\"Der neue Mercedes-Benz GLC - Spanien aktuell\" \/>\n<meta property=\"og:description\" content=\"Seit Jahren ist der Mercedes-Benz GLC das Herzst\u00fcck der Midsize-SUVs der Marke. Als Bestseller weltweit \u2013 und auch in der [&hellip;]\" \/>\n<meta property=\"og:url\" content=\"https:\/\/spanienaktuell.net\/wordpress\/der-neue-mercedes-benz-glc\/\" \/>\n<meta property=\"og:site_name\" content=\"Spanien aktuell\" \/>\n<meta property=\"article:published_time\" content=\"2025-10-31T22:58:41+00:00\" \/>\n<meta property=\"og:image\" content=\"https:\/\/spanienaktuell.net\/wordpress\/wp-content\/uploads\/2025\/10\/25C0225_077-copia-scaled.jpg\" \/>\n\t<meta property=\"og:image:width\" content=\"1440\" \/>\n\t<meta property=\"og:image:height\" content=\"1080\" \/>\n\t<meta property=\"og:image:type\" content=\"image\/jpeg\" \/>\n<meta name=\"author\" content=\"Spanien Aktuell\" \/>\n<meta name=\"twitter:card\" content=\"summary_large_image\" \/>\n<meta name=\"twitter:label1\" content=\"Escrito por\" \/>\n\t<meta name=\"twitter:data1\" content=\"Spanien Aktuell\" \/>\n\t<meta name=\"twitter:label2\" content=\"Tiempo de lectura\" \/>\n\t<meta name=\"twitter:data2\" content=\"9 minutos\" \/>\n<script type=\"application\/ld+json\" class=\"yoast-schema-graph\">{\"@context\":\"https:\/\/schema.org\",\"@graph\":[{\"@type\":\"Article\",\"@id\":\"https:\/\/spanienaktuell.net\/wordpress\/der-neue-mercedes-benz-glc\/#article\",\"isPartOf\":{\"@id\":\"https:\/\/spanienaktuell.net\/wordpress\/der-neue-mercedes-benz-glc\/\"},\"author\":{\"name\":\"Spanien Aktuell\",\"@id\":\"https:\/\/spanienaktuell.net\/wordpress\/#\/schema\/person\/bc410cfae0161b201d837ebfeeba7fd0\"},\"headline\":\"Der neue Mercedes-Benz GLC\",\"datePublished\":\"2025-10-31T22:58:41+00:00\",\"mainEntityOfPage\":{\"@id\":\"https:\/\/spanienaktuell.net\/wordpress\/der-neue-mercedes-benz-glc\/\"},\"wordCount\":1162,\"publisher\":{\"@id\":\"https:\/\/spanienaktuell.net\/wordpress\/#organization\"},\"image\":{\"@id\":\"https:\/\/spanienaktuell.net\/wordpress\/der-neue-mercedes-benz-glc\/#primaryimage\"},\"thumbnailUrl\":\"https:\/\/spanienaktuell.net\/wordpress\/wp-content\/uploads\/2025\/10\/25C0225_077-copia-scaled.jpg\",\"articleSection\":[\"Motor\"],\"inLanguage\":\"es\"},{\"@type\":\"WebPage\",\"@id\":\"https:\/\/spanienaktuell.net\/wordpress\/der-neue-mercedes-benz-glc\/\",\"url\":\"https:\/\/spanienaktuell.net\/wordpress\/der-neue-mercedes-benz-glc\/\",\"name\":\"Der neue Mercedes-Benz GLC - Spanien aktuell\",\"isPartOf\":{\"@id\":\"https:\/\/spanienaktuell.net\/wordpress\/#website\"},\"primaryImageOfPage\":{\"@id\":\"https:\/\/spanienaktuell.net\/wordpress\/der-neue-mercedes-benz-glc\/#primaryimage\"},\"image\":{\"@id\":\"https:\/\/spanienaktuell.net\/wordpress\/der-neue-mercedes-benz-glc\/#primaryimage\"},\"thumbnailUrl\":\"https:\/\/spanienaktuell.net\/wordpress\/wp-content\/uploads\/2025\/10\/25C0225_077-copia-scaled.jpg\",\"datePublished\":\"2025-10-31T22:58:41+00:00\",\"breadcrumb\":{\"@id\":\"https:\/\/spanienaktuell.net\/wordpress\/der-neue-mercedes-benz-glc\/#breadcrumb\"},\"inLanguage\":\"es\",\"potentialAction\":[{\"@type\":\"ReadAction\",\"target\":[\"https:\/\/spanienaktuell.net\/wordpress\/der-neue-mercedes-benz-glc\/\"]}]},{\"@type\":\"ImageObject\",\"inLanguage\":\"es\",\"@id\":\"https:\/\/spanienaktuell.net\/wordpress\/der-neue-mercedes-benz-glc\/#primaryimage\",\"url\":\"https:\/\/spanienaktuell.net\/wordpress\/wp-content\/uploads\/2025\/10\/25C0225_077-copia-scaled.jpg\",\"contentUrl\":\"https:\/\/spanienaktuell.net\/wordpress\/wp-content\/uploads\/2025\/10\/25C0225_077-copia-scaled.jpg\",\"width\":1440,\"height\":1080,\"caption\":\"25C0225_077\"},{\"@type\":\"BreadcrumbList\",\"@id\":\"https:\/\/spanienaktuell.net\/wordpress\/der-neue-mercedes-benz-glc\/#breadcrumb\",\"itemListElement\":[{\"@type\":\"ListItem\",\"position\":1,\"name\":\"Portada\",\"item\":\"https:\/\/spanienaktuell.net\/wordpress\/\"},{\"@type\":\"ListItem\",\"position\":2,\"name\":\"Der neue Mercedes-Benz GLC\"}]},{\"@type\":\"WebSite\",\"@id\":\"https:\/\/spanienaktuell.net\/wordpress\/#website\",\"url\":\"https:\/\/spanienaktuell.net\/wordpress\/\",\"name\":\"Spanien aktuell\",\"description\":\"The German magazine number 1 on the Costa del Sol\",\"publisher\":{\"@id\":\"https:\/\/spanienaktuell.net\/wordpress\/#organization\"},\"potentialAction\":[{\"@type\":\"SearchAction\",\"target\":{\"@type\":\"EntryPoint\",\"urlTemplate\":\"https:\/\/spanienaktuell.net\/wordpress\/?s={search_term_string}\"},\"query-input\":{\"@type\":\"PropertyValueSpecification\",\"valueRequired\":true,\"valueName\":\"search_term_string\"}}],\"inLanguage\":\"es\"},{\"@type\":\"Organization\",\"@id\":\"https:\/\/spanienaktuell.net\/wordpress\/#organization\",\"name\":\"Spanien aktuell\",\"url\":\"https:\/\/spanienaktuell.net\/wordpress\/\",\"logo\":{\"@type\":\"ImageObject\",\"inLanguage\":\"es\",\"@id\":\"https:\/\/spanienaktuell.net\/wordpress\/#\/schema\/logo\/image\/\",\"url\":\"https:\/\/spanienaktuell.net\/wordpress\/wp-content\/uploads\/2019\/06\/cropped-Logo-spanien-aktuell-png-web-e1561631085388.png\",\"contentUrl\":\"https:\/\/spanienaktuell.net\/wordpress\/wp-content\/uploads\/2019\/06\/cropped-Logo-spanien-aktuell-png-web-e1561631085388.png\",\"width\":512,\"height\":110,\"caption\":\"Spanien aktuell\"},\"image\":{\"@id\":\"https:\/\/spanienaktuell.net\/wordpress\/#\/schema\/logo\/image\/\"}},{\"@type\":\"Person\",\"@id\":\"https:\/\/spanienaktuell.net\/wordpress\/#\/schema\/person\/bc410cfae0161b201d837ebfeeba7fd0\",\"name\":\"Spanien Aktuell\",\"image\":{\"@type\":\"ImageObject\",\"inLanguage\":\"es\",\"@id\":\"https:\/\/spanienaktuell.net\/wordpress\/#\/schema\/person\/image\/\",\"url\":\"https:\/\/spanienaktuell.net\/wordpress\/wp-content\/uploads\/2019\/06\/cropped-Logo-spanien-aktuell-png-fav2-100x100.png\",\"contentUrl\":\"https:\/\/spanienaktuell.net\/wordpress\/wp-content\/uploads\/2019\/06\/cropped-Logo-spanien-aktuell-png-fav2-100x100.png\",\"caption\":\"Spanien Aktuell\"},\"url\":\"https:\/\/spanienaktuell.net\/wordpress\/author\/koalum\/\"}]}<\/script>\n<!-- \/ Yoast SEO plugin. -->","yoast_head_json":{"title":"Der neue Mercedes-Benz GLC - Spanien aktuell","robots":{"index":"index","follow":"follow","max-snippet":"max-snippet:-1","max-image-preview":"max-image-preview:large","max-video-preview":"max-video-preview:-1"},"canonical":"https:\/\/spanienaktuell.net\/wordpress\/der-neue-mercedes-benz-glc\/","og_locale":"es_ES","og_type":"article","og_title":"Der neue Mercedes-Benz GLC - Spanien aktuell","og_description":"Seit Jahren ist der Mercedes-Benz GLC das Herzst\u00fcck der Midsize-SUVs der Marke. Als Bestseller weltweit \u2013 und auch in der [&hellip;]","og_url":"https:\/\/spanienaktuell.net\/wordpress\/der-neue-mercedes-benz-glc\/","og_site_name":"Spanien aktuell","article_published_time":"2025-10-31T22:58:41+00:00","og_image":[{"width":1440,"height":1080,"url":"https:\/\/spanienaktuell.net\/wordpress\/wp-content\/uploads\/2025\/10\/25C0225_077-copia-scaled.jpg","type":"image\/jpeg"}],"author":"Spanien Aktuell","twitter_card":"summary_large_image","twitter_misc":{"Escrito por":"Spanien Aktuell","Tiempo de lectura":"9 minutos"},"schema":{"@context":"https:\/\/schema.org","@graph":[{"@type":"Article","@id":"https:\/\/spanienaktuell.net\/wordpress\/der-neue-mercedes-benz-glc\/#article","isPartOf":{"@id":"https:\/\/spanienaktuell.net\/wordpress\/der-neue-mercedes-benz-glc\/"},"author":{"name":"Spanien Aktuell","@id":"https:\/\/spanienaktuell.net\/wordpress\/#\/schema\/person\/bc410cfae0161b201d837ebfeeba7fd0"},"headline":"Der neue Mercedes-Benz GLC","datePublished":"2025-10-31T22:58:41+00:00","mainEntityOfPage":{"@id":"https:\/\/spanienaktuell.net\/wordpress\/der-neue-mercedes-benz-glc\/"},"wordCount":1162,"publisher":{"@id":"https:\/\/spanienaktuell.net\/wordpress\/#organization"},"image":{"@id":"https:\/\/spanienaktuell.net\/wordpress\/der-neue-mercedes-benz-glc\/#primaryimage"},"thumbnailUrl":"https:\/\/spanienaktuell.net\/wordpress\/wp-content\/uploads\/2025\/10\/25C0225_077-copia-scaled.jpg","articleSection":["Motor"],"inLanguage":"es"},{"@type":"WebPage","@id":"https:\/\/spanienaktuell.net\/wordpress\/der-neue-mercedes-benz-glc\/","url":"https:\/\/spanienaktuell.net\/wordpress\/der-neue-mercedes-benz-glc\/","name":"Der neue Mercedes-Benz GLC - Spanien aktuell","isPartOf":{"@id":"https:\/\/spanienaktuell.net\/wordpress\/#website"},"primaryImageOfPage":{"@id":"https:\/\/spanienaktuell.net\/wordpress\/der-neue-mercedes-benz-glc\/#primaryimage"},"image":{"@id":"https:\/\/spanienaktuell.net\/wordpress\/der-neue-mercedes-benz-glc\/#primaryimage"},"thumbnailUrl":"https:\/\/spanienaktuell.net\/wordpress\/wp-content\/uploads\/2025\/10\/25C0225_077-copia-scaled.jpg","datePublished":"2025-10-31T22:58:41+00:00","breadcrumb":{"@id":"https:\/\/spanienaktuell.net\/wordpress\/der-neue-mercedes-benz-glc\/#breadcrumb"},"inLanguage":"es","potentialAction":[{"@type":"ReadAction","target":["https:\/\/spanienaktuell.net\/wordpress\/der-neue-mercedes-benz-glc\/"]}]},{"@type":"ImageObject","inLanguage":"es","@id":"https:\/\/spanienaktuell.net\/wordpress\/der-neue-mercedes-benz-glc\/#primaryimage","url":"https:\/\/spanienaktuell.net\/wordpress\/wp-content\/uploads\/2025\/10\/25C0225_077-copia-scaled.jpg","contentUrl":"https:\/\/spanienaktuell.net\/wordpress\/wp-content\/uploads\/2025\/10\/25C0225_077-copia-scaled.jpg","width":1440,"height":1080,"caption":"25C0225_077"},{"@type":"BreadcrumbList","@id":"https:\/\/spanienaktuell.net\/wordpress\/der-neue-mercedes-benz-glc\/#breadcrumb","itemListElement":[{"@type":"ListItem","position":1,"name":"Portada","item":"https:\/\/spanienaktuell.net\/wordpress\/"},{"@type":"ListItem","position":2,"name":"Der neue Mercedes-Benz GLC"}]},{"@type":"WebSite","@id":"https:\/\/spanienaktuell.net\/wordpress\/#website","url":"https:\/\/spanienaktuell.net\/wordpress\/","name":"Spanien aktuell","description":"The German magazine number 1 on the Costa del Sol","publisher":{"@id":"https:\/\/spanienaktuell.net\/wordpress\/#organization"},"potentialAction":[{"@type":"SearchAction","target":{"@type":"EntryPoint","urlTemplate":"https:\/\/spanienaktuell.net\/wordpress\/?s={search_term_string}"},"query-input":{"@type":"PropertyValueSpecification","valueRequired":true,"valueName":"search_term_string"}}],"inLanguage":"es"},{"@type":"Organization","@id":"https:\/\/spanienaktuell.net\/wordpress\/#organization","name":"Spanien aktuell","url":"https:\/\/spanienaktuell.net\/wordpress\/","logo":{"@type":"ImageObject","inLanguage":"es","@id":"https:\/\/spanienaktuell.net\/wordpress\/#\/schema\/logo\/image\/","url":"https:\/\/spanienaktuell.net\/wordpress\/wp-content\/uploads\/2019\/06\/cropped-Logo-spanien-aktuell-png-web-e1561631085388.png","contentUrl":"https:\/\/spanienaktuell.net\/wordpress\/wp-content\/uploads\/2019\/06\/cropped-Logo-spanien-aktuell-png-web-e1561631085388.png","width":512,"height":110,"caption":"Spanien aktuell"},"image":{"@id":"https:\/\/spanienaktuell.net\/wordpress\/#\/schema\/logo\/image\/"}},{"@type":"Person","@id":"https:\/\/spanienaktuell.net\/wordpress\/#\/schema\/person\/bc410cfae0161b201d837ebfeeba7fd0","name":"Spanien Aktuell","image":{"@type":"ImageObject","inLanguage":"es","@id":"https:\/\/spanienaktuell.net\/wordpress\/#\/schema\/person\/image\/","url":"https:\/\/spanienaktuell.net\/wordpress\/wp-content\/uploads\/2019\/06\/cropped-Logo-spanien-aktuell-png-fav2-100x100.png","contentUrl":"https:\/\/spanienaktuell.net\/wordpress\/wp-content\/uploads\/2019\/06\/cropped-Logo-spanien-aktuell-png-fav2-100x100.png","caption":"Spanien Aktuell"},"url":"https:\/\/spanienaktuell.net\/wordpress\/author\/koalum\/"}]}},"_links":{"self":[{"href":"https:\/\/spanienaktuell.net\/wordpress\/wp-json\/wp\/v2\/posts\/107999","targetHints":{"allow":["GET"]}}],"collection":[{"href":"https:\/\/spanienaktuell.net\/wordpress\/wp-json\/wp\/v2\/posts"}],"about":[{"href":"https:\/\/spanienaktuell.net\/wordpress\/wp-json\/wp\/v2\/types\/post"}],"author":[{"embeddable":true,"href":"https:\/\/spanienaktuell.net\/wordpress\/wp-json\/wp\/v2\/users\/3"}],"replies":[{"embeddable":true,"href":"https:\/\/spanienaktuell.net\/wordpress\/wp-json\/wp\/v2\/comments?post=107999"}],"version-history":[{"count":1,"href":"https:\/\/spanienaktuell.net\/wordpress\/wp-json\/wp\/v2\/posts\/107999\/revisions"}],"predecessor-version":[{"id":108022,"href":"https:\/\/spanienaktuell.net\/wordpress\/wp-json\/wp\/v2\/posts\/107999\/revisions\/108022"}],"wp:featuredmedia":[{"embeddable":true,"href":"https:\/\/spanienaktuell.net\/wordpress\/wp-json\/wp\/v2\/media\/108000"}],"wp:attachment":[{"href":"https:\/\/spanienaktuell.net\/wordpress\/wp-json\/wp\/v2\/media?parent=107999"}],"wp:term":[{"taxonomy":"category","embeddable":true,"href":"https:\/\/spanienaktuell.net\/wordpress\/wp-json\/wp\/v2\/categories?post=107999"},{"taxonomy":"post_tag","embeddable":true,"href":"https:\/\/spanienaktuell.net\/wordpress\/wp-json\/wp\/v2\/tags?post=107999"}],"curies":[{"name":"wp","href":"https:\/\/api.w.org\/{rel}","templated":true}]}}