{"id":108196,"date":"2025-12-01T01:02:11","date_gmt":"2025-11-30T23:02:11","guid":{"rendered":"https:\/\/spanienaktuell.net\/wordpress\/?p=108196"},"modified":"2025-11-28T14:25:05","modified_gmt":"2025-11-28T12:25:05","slug":"bmw-motorrad-prasentiert-die-bmw-r-1300-r-titan","status":"publish","type":"post","link":"https:\/\/spanienaktuell.net\/wordpress\/bmw-motorrad-prasentiert-die-bmw-r-1300-r-titan\/","title":{"rendered":"BMW Motorrad pr\u00e4sentiert die BMW R 1300 R \u201eTITAN\u201c"},"content":{"rendered":"<p><img decoding=\"async\" class=\"aligncenter size-full wp-image-108197\" src=\"https:\/\/spanienaktuell.net\/wordpress\/wp-content\/uploads\/2025\/11\/P90608476-highRes-scaled.jpg\" alt=\"\" width=\"1440\" height=\"960\" srcset=\"https:\/\/spanienaktuell.net\/wordpress\/wp-content\/uploads\/2025\/11\/P90608476-highRes-scaled.jpg 1440w, https:\/\/spanienaktuell.net\/wordpress\/wp-content\/uploads\/2025\/11\/P90608476-highRes-300x200.jpg 300w, https:\/\/spanienaktuell.net\/wordpress\/wp-content\/uploads\/2025\/11\/P90608476-highRes-1024x683.jpg 1024w, https:\/\/spanienaktuell.net\/wordpress\/wp-content\/uploads\/2025\/11\/P90608476-highRes-768x512.jpg 768w, https:\/\/spanienaktuell.net\/wordpress\/wp-content\/uploads\/2025\/11\/P90608476-highRes-1536x1024.jpg 1536w, https:\/\/spanienaktuell.net\/wordpress\/wp-content\/uploads\/2025\/11\/P90608476-highRes-2048x1365.jpg 2048w, https:\/\/spanienaktuell.net\/wordpress\/wp-content\/uploads\/2025\/11\/P90608476-highRes-350x233.jpg 350w\" sizes=\"(max-width: 1440px) 100vw, 1440px\" \/><\/p>\n<h3 style=\"text-align: center;\"><em>Ein kompromissloses Custom Bike mit BMW Motorrad Leidenschaft und Pr\u00e4zision bis ins letzte\u00a0<\/em><\/h3>\n<p>Eine kleine Gruppe an BMW Motorrad Mitarbeitern hat die Chance bekommen, genau diese Leidenschaft auszuleben. Im Rahmen eines au\u00dfergew\u00f6hnlichen Projekts realisierten Philipp Ludwig als Projektleiter, der Fahrzeugdesigner Andreas Martin, Theresa Stukenbrock als Farb- und Grafikdesignerin gemeinsam mit der Erfahrung und dem Herzblut der Prototypenbauer Paul Summerer und Thomas Becker ein einzigartiges Fahrzeug.<\/p>\n<p><img decoding=\"async\" class=\"aligncenter size-full wp-image-108198\" src=\"https:\/\/spanienaktuell.net\/wordpress\/wp-content\/uploads\/2025\/11\/WWW.png\" alt=\"\" width=\"1313\" height=\"456\" srcset=\"https:\/\/spanienaktuell.net\/wordpress\/wp-content\/uploads\/2025\/11\/WWW.png 1313w, https:\/\/spanienaktuell.net\/wordpress\/wp-content\/uploads\/2025\/11\/WWW-300x104.png 300w, https:\/\/spanienaktuell.net\/wordpress\/wp-content\/uploads\/2025\/11\/WWW-1024x356.png 1024w, https:\/\/spanienaktuell.net\/wordpress\/wp-content\/uploads\/2025\/11\/WWW-768x267.png 768w, https:\/\/spanienaktuell.net\/wordpress\/wp-content\/uploads\/2025\/11\/WWW-350x122.png 350w\" sizes=\"(max-width: 1313px) 100vw, 1313px\" \/><\/p>\n<p>Die BMW R 1300 R \u201eTITAN\u201c \u2013 brachial und aggressiv, sch\u00f6n und au\u00dfergew\u00f6hnlich, schnell und pr\u00e4zise \u2013 gebaut, um zu gewinnen.<\/p>\n<p>Das Design nimmt die grundlegenden Stilelemente der zugrunde liegenden neuen BMW R 1300 R auf und setzt sie in die brachiale Gestik eines Sprintrenners.<\/p>\n<p>Die charakteristischen Linien der BMW R 1300 R von Tank und Verkleidung finden sich im renntypischen Monocoque wieder und das pr\u00e4gnante Luftf\u00fchrungspanel der Serienmaschine f\u00fchrt die Dynamik der \u201eTITAN\u201c im \u00fcberzeichneten Sinne fort.<\/p>\n<p>Auch optisch schiebt sich das Gewicht \u00fcber das Vorderrad, um bei Antritt das Vorderrad so lang wie m\u00f6glich auf dem Asphalt zu behalten.<\/p>\n<p>Die gesamte Proportion des Fahrzeuges ist kompakt um das Herzst\u00fcck, den 1300er Boxer Motor, herum gebaut. Sie beschreibt auch bei Stillstand eine Raubkatze, geduldig wartend loszusprinten.<\/p>\n<p>Die plakativ starke Grafik im Kontrast zu dem darunterliegenden forged Carbon greift die Anmutung der Bewegung in einer modern klaren Interpretation auf und wird durch metallic blaue Akzente vervollst\u00e4ndigt.<\/p>\n<p><img decoding=\"async\" class=\"aligncenter size-full wp-image-108199\" src=\"https:\/\/spanienaktuell.net\/wordpress\/wp-content\/uploads\/2025\/11\/P90608474-highRes-scaled.jpg\" alt=\"\" width=\"720\" height=\"1080\" srcset=\"https:\/\/spanienaktuell.net\/wordpress\/wp-content\/uploads\/2025\/11\/P90608474-highRes-scaled.jpg 720w, https:\/\/spanienaktuell.net\/wordpress\/wp-content\/uploads\/2025\/11\/P90608474-highRes-200x300.jpg 200w, https:\/\/spanienaktuell.net\/wordpress\/wp-content\/uploads\/2025\/11\/P90608474-highRes-683x1024.jpg 683w, https:\/\/spanienaktuell.net\/wordpress\/wp-content\/uploads\/2025\/11\/P90608474-highRes-768x1152.jpg 768w, https:\/\/spanienaktuell.net\/wordpress\/wp-content\/uploads\/2025\/11\/P90608474-highRes-1024x1536.jpg 1024w, https:\/\/spanienaktuell.net\/wordpress\/wp-content\/uploads\/2025\/11\/P90608474-highRes-1365x2048.jpg 1365w, https:\/\/spanienaktuell.net\/wordpress\/wp-content\/uploads\/2025\/11\/P90608474-highRes-350x525.jpg 350w\" sizes=\"(max-width: 720px) 100vw, 720px\" \/><\/p>\n<p>Bei der Entwicklung der BMW R 1300 R \u201eTITAN\u201c stand der langj\u00e4hrige BMW Motorrad Partner Akrapovic zur Seite. So konnte eine Titan-Akrapovic Komplettanlage entwickelt werden, die den kraftvoll brachialen Charakter dieses Custom Bike optisch und akustisch ma\u00dfgeblich unterst\u00fctzt. Sie l\u00e4uft aus den beiden Zylindern heraus, wird kurz unter dem Fahrzeug gesammelt um dann unter dem hochragenden, aggressiv ansteigenden Heck in Boxer Manier zweiflutig zu enden.<\/p>\n<p>Die neue BMW\u00a0 R 1300 R, als perfekte technische Basis, liegt tief \u00fcber dem Asphalt, getragen von einem speziell angefertigten Wilbers Fahrwerk mit langer Schwinge, hart abgestimmt, um keine Leistung des Serienmotors im Einsatz zu verschenken.<\/p>\n<p>Die Lachgasflasche sitzt angriffslustig zwischen den beiden Titan-Endschalld\u00e4mpfern und haucht der Einspritzung per Knopfdruck das Distickstoffmonoxid ein, um Fahrer und Maschine mit der entfachten Extraleistung Richtung Ziel zu treiben.<\/p>\n<p>Kaum ist der Sauerstofftr\u00e4ger im Motor angekommen, dr\u00fcckt die schiere Leistung \u00fcber Getriebe und Kardan das Gummigemisch in den Asphalt und katapultiert die BMW R 1300 R \u201eTITAN\u201c nach vorne.<\/p>\n<p>Die G\u00e4nge werden pr\u00e4zise durchgeladen und die freigesetzte Energie durch die Magura HC3 Bremsarmatur nach der Ziellinie wieder eingefangen und bis zum Stillstand entschleunigt.<\/p>\n<p><img decoding=\"async\" class=\"aligncenter size-full wp-image-108200\" src=\"https:\/\/spanienaktuell.net\/wordpress\/wp-content\/uploads\/2025\/11\/P90608475-highRes-scaled.jpg\" alt=\"\" width=\"720\" height=\"1080\" srcset=\"https:\/\/spanienaktuell.net\/wordpress\/wp-content\/uploads\/2025\/11\/P90608475-highRes-scaled.jpg 720w, https:\/\/spanienaktuell.net\/wordpress\/wp-content\/uploads\/2025\/11\/P90608475-highRes-200x300.jpg 200w, https:\/\/spanienaktuell.net\/wordpress\/wp-content\/uploads\/2025\/11\/P90608475-highRes-683x1024.jpg 683w, https:\/\/spanienaktuell.net\/wordpress\/wp-content\/uploads\/2025\/11\/P90608475-highRes-768x1152.jpg 768w, https:\/\/spanienaktuell.net\/wordpress\/wp-content\/uploads\/2025\/11\/P90608475-highRes-1024x1536.jpg 1024w, https:\/\/spanienaktuell.net\/wordpress\/wp-content\/uploads\/2025\/11\/P90608475-highRes-1365x2048.jpg 1365w, https:\/\/spanienaktuell.net\/wordpress\/wp-content\/uploads\/2025\/11\/P90608475-highRes-350x525.jpg 350w\" sizes=\"(max-width: 720px) 100vw, 720px\" \/><\/p>\n<p>Die weit nach hinten ragenden Fu\u00dfrasten geben Philipp als Fahrer im Sprint-Rennen den n\u00f6tigen Halt.<\/p>\n<p>Die BMW R 1300 R \u201eTITAN\u201c \u2013 ein Custom Bike mit BMW Motorrad Leidenschaft und Pr\u00e4zision bis ins letzte Detail!<\/p>\n<p><em>Quelle: Text\u00a0 \u2013 Fotos\u00a0 \u00a9 Copyright BMW AG, M\u00fcnchen<\/em><\/p>\n","protected":false},"excerpt":{"rendered":"<p>Ein kompromissloses Custom Bike mit BMW Motorrad Leidenschaft und Pr\u00e4zision bis ins letzte\u00a0 Eine kleine Gruppe an BMW Motorrad Mitarbeitern [&hellip;]<\/p>\n","protected":false},"author":3,"featured_media":108197,"comment_status":"closed","ping_status":"closed","sticky":false,"template":"","format":"standard","meta":{"footnotes":""},"categories":[27],"tags":[],"class_list":["post-108196","post","type-post","status-publish","format-standard","has-post-thumbnail","hentry","category-motor"],"yoast_head":"<!-- This site is optimized with the Yoast SEO plugin v27.1.1 - https:\/\/yoast.com\/product\/yoast-seo-wordpress\/ -->\n<title>BMW Motorrad pr\u00e4sentiert die BMW R 1300 R \u201eTITAN\u201c - Spanien aktuell<\/title>\n<meta name=\"robots\" content=\"index, follow, max-snippet:-1, max-image-preview:large, max-video-preview:-1\" \/>\n<link rel=\"canonical\" href=\"https:\/\/spanienaktuell.net\/wordpress\/bmw-motorrad-prasentiert-die-bmw-r-1300-r-titan\/\" \/>\n<meta property=\"og:locale\" content=\"es_ES\" \/>\n<meta property=\"og:type\" content=\"article\" \/>\n<meta property=\"og:title\" content=\"BMW Motorrad pr\u00e4sentiert die BMW R 1300 R \u201eTITAN\u201c - Spanien aktuell\" \/>\n<meta property=\"og:description\" content=\"Ein kompromissloses Custom Bike mit BMW Motorrad Leidenschaft und Pr\u00e4zision bis ins letzte\u00a0 Eine kleine Gruppe an BMW Motorrad Mitarbeitern [&hellip;]\" \/>\n<meta property=\"og:url\" content=\"https:\/\/spanienaktuell.net\/wordpress\/bmw-motorrad-prasentiert-die-bmw-r-1300-r-titan\/\" \/>\n<meta property=\"og:site_name\" content=\"Spanien aktuell\" \/>\n<meta property=\"article:published_time\" content=\"2025-11-30T23:02:11+00:00\" \/>\n<meta property=\"og:image\" content=\"https:\/\/spanienaktuell.net\/wordpress\/wp-content\/uploads\/2025\/11\/P90608476-highRes-scaled.jpg\" \/>\n\t<meta property=\"og:image:width\" content=\"1440\" \/>\n\t<meta property=\"og:image:height\" content=\"960\" \/>\n\t<meta property=\"og:image:type\" content=\"image\/jpeg\" \/>\n<meta name=\"author\" content=\"Spanien Aktuell\" \/>\n<meta name=\"twitter:card\" content=\"summary_large_image\" \/>\n<meta name=\"twitter:label1\" content=\"Escrito por\" \/>\n\t<meta name=\"twitter:data1\" content=\"Spanien Aktuell\" \/>\n\t<meta name=\"twitter:label2\" content=\"Tiempo de lectura\" \/>\n\t<meta name=\"twitter:data2\" content=\"4 minutos\" \/>\n<script type=\"application\/ld+json\" class=\"yoast-schema-graph\">{\"@context\":\"https:\/\/schema.org\",\"@graph\":[{\"@type\":\"Article\",\"@id\":\"https:\/\/spanienaktuell.net\/wordpress\/bmw-motorrad-prasentiert-die-bmw-r-1300-r-titan\/#article\",\"isPartOf\":{\"@id\":\"https:\/\/spanienaktuell.net\/wordpress\/bmw-motorrad-prasentiert-die-bmw-r-1300-r-titan\/\"},\"author\":{\"name\":\"Spanien Aktuell\",\"@id\":\"https:\/\/spanienaktuell.net\/wordpress\/#\/schema\/person\/bc410cfae0161b201d837ebfeeba7fd0\"},\"headline\":\"BMW Motorrad pr\u00e4sentiert die BMW R 1300 R \u201eTITAN\u201c\",\"datePublished\":\"2025-11-30T23:02:11+00:00\",\"mainEntityOfPage\":{\"@id\":\"https:\/\/spanienaktuell.net\/wordpress\/bmw-motorrad-prasentiert-die-bmw-r-1300-r-titan\/\"},\"wordCount\":472,\"publisher\":{\"@id\":\"https:\/\/spanienaktuell.net\/wordpress\/#organization\"},\"image\":{\"@id\":\"https:\/\/spanienaktuell.net\/wordpress\/bmw-motorrad-prasentiert-die-bmw-r-1300-r-titan\/#primaryimage\"},\"thumbnailUrl\":\"https:\/\/spanienaktuell.net\/wordpress\/wp-content\/uploads\/2025\/11\/P90608476-highRes-scaled.jpg\",\"articleSection\":[\"Motor\"],\"inLanguage\":\"es\"},{\"@type\":\"WebPage\",\"@id\":\"https:\/\/spanienaktuell.net\/wordpress\/bmw-motorrad-prasentiert-die-bmw-r-1300-r-titan\/\",\"url\":\"https:\/\/spanienaktuell.net\/wordpress\/bmw-motorrad-prasentiert-die-bmw-r-1300-r-titan\/\",\"name\":\"BMW Motorrad pr\u00e4sentiert die BMW R 1300 R \u201eTITAN\u201c - Spanien aktuell\",\"isPartOf\":{\"@id\":\"https:\/\/spanienaktuell.net\/wordpress\/#website\"},\"primaryImageOfPage\":{\"@id\":\"https:\/\/spanienaktuell.net\/wordpress\/bmw-motorrad-prasentiert-die-bmw-r-1300-r-titan\/#primaryimage\"},\"image\":{\"@id\":\"https:\/\/spanienaktuell.net\/wordpress\/bmw-motorrad-prasentiert-die-bmw-r-1300-r-titan\/#primaryimage\"},\"thumbnailUrl\":\"https:\/\/spanienaktuell.net\/wordpress\/wp-content\/uploads\/2025\/11\/P90608476-highRes-scaled.jpg\",\"datePublished\":\"2025-11-30T23:02:11+00:00\",\"breadcrumb\":{\"@id\":\"https:\/\/spanienaktuell.net\/wordpress\/bmw-motorrad-prasentiert-die-bmw-r-1300-r-titan\/#breadcrumb\"},\"inLanguage\":\"es\",\"potentialAction\":[{\"@type\":\"ReadAction\",\"target\":[\"https:\/\/spanienaktuell.net\/wordpress\/bmw-motorrad-prasentiert-die-bmw-r-1300-r-titan\/\"]}]},{\"@type\":\"ImageObject\",\"inLanguage\":\"es\",\"@id\":\"https:\/\/spanienaktuell.net\/wordpress\/bmw-motorrad-prasentiert-die-bmw-r-1300-r-titan\/#primaryimage\",\"url\":\"https:\/\/spanienaktuell.net\/wordpress\/wp-content\/uploads\/2025\/11\/P90608476-highRes-scaled.jpg\",\"contentUrl\":\"https:\/\/spanienaktuell.net\/wordpress\/wp-content\/uploads\/2025\/11\/P90608476-highRes-scaled.jpg\",\"width\":1440,\"height\":960},{\"@type\":\"BreadcrumbList\",\"@id\":\"https:\/\/spanienaktuell.net\/wordpress\/bmw-motorrad-prasentiert-die-bmw-r-1300-r-titan\/#breadcrumb\",\"itemListElement\":[{\"@type\":\"ListItem\",\"position\":1,\"name\":\"Portada\",\"item\":\"https:\/\/spanienaktuell.net\/wordpress\/\"},{\"@type\":\"ListItem\",\"position\":2,\"name\":\"BMW Motorrad pr\u00e4sentiert die BMW R 1300 R \u201eTITAN\u201c\"}]},{\"@type\":\"WebSite\",\"@id\":\"https:\/\/spanienaktuell.net\/wordpress\/#website\",\"url\":\"https:\/\/spanienaktuell.net\/wordpress\/\",\"name\":\"Spanien aktuell\",\"description\":\"The German magazine number 1 on the Costa del Sol\",\"publisher\":{\"@id\":\"https:\/\/spanienaktuell.net\/wordpress\/#organization\"},\"potentialAction\":[{\"@type\":\"SearchAction\",\"target\":{\"@type\":\"EntryPoint\",\"urlTemplate\":\"https:\/\/spanienaktuell.net\/wordpress\/?s={search_term_string}\"},\"query-input\":{\"@type\":\"PropertyValueSpecification\",\"valueRequired\":true,\"valueName\":\"search_term_string\"}}],\"inLanguage\":\"es\"},{\"@type\":\"Organization\",\"@id\":\"https:\/\/spanienaktuell.net\/wordpress\/#organization\",\"name\":\"Spanien aktuell\",\"url\":\"https:\/\/spanienaktuell.net\/wordpress\/\",\"logo\":{\"@type\":\"ImageObject\",\"inLanguage\":\"es\",\"@id\":\"https:\/\/spanienaktuell.net\/wordpress\/#\/schema\/logo\/image\/\",\"url\":\"https:\/\/spanienaktuell.net\/wordpress\/wp-content\/uploads\/2019\/06\/cropped-Logo-spanien-aktuell-png-web-e1561631085388.png\",\"contentUrl\":\"https:\/\/spanienaktuell.net\/wordpress\/wp-content\/uploads\/2019\/06\/cropped-Logo-spanien-aktuell-png-web-e1561631085388.png\",\"width\":512,\"height\":110,\"caption\":\"Spanien aktuell\"},\"image\":{\"@id\":\"https:\/\/spanienaktuell.net\/wordpress\/#\/schema\/logo\/image\/\"}},{\"@type\":\"Person\",\"@id\":\"https:\/\/spanienaktuell.net\/wordpress\/#\/schema\/person\/bc410cfae0161b201d837ebfeeba7fd0\",\"name\":\"Spanien Aktuell\",\"image\":{\"@type\":\"ImageObject\",\"inLanguage\":\"es\",\"@id\":\"https:\/\/spanienaktuell.net\/wordpress\/#\/schema\/person\/image\/\",\"url\":\"https:\/\/spanienaktuell.net\/wordpress\/wp-content\/uploads\/2019\/06\/cropped-Logo-spanien-aktuell-png-fav2-100x100.png\",\"contentUrl\":\"https:\/\/spanienaktuell.net\/wordpress\/wp-content\/uploads\/2019\/06\/cropped-Logo-spanien-aktuell-png-fav2-100x100.png\",\"caption\":\"Spanien Aktuell\"},\"url\":\"https:\/\/spanienaktuell.net\/wordpress\/author\/koalum\/\"}]}<\/script>\n<!-- \/ Yoast SEO plugin. -->","yoast_head_json":{"title":"BMW Motorrad pr\u00e4sentiert die BMW R 1300 R \u201eTITAN\u201c - Spanien aktuell","robots":{"index":"index","follow":"follow","max-snippet":"max-snippet:-1","max-image-preview":"max-image-preview:large","max-video-preview":"max-video-preview:-1"},"canonical":"https:\/\/spanienaktuell.net\/wordpress\/bmw-motorrad-prasentiert-die-bmw-r-1300-r-titan\/","og_locale":"es_ES","og_type":"article","og_title":"BMW Motorrad pr\u00e4sentiert die BMW R 1300 R \u201eTITAN\u201c - Spanien aktuell","og_description":"Ein kompromissloses Custom Bike mit BMW Motorrad Leidenschaft und Pr\u00e4zision bis ins letzte\u00a0 Eine kleine Gruppe an BMW Motorrad Mitarbeitern [&hellip;]","og_url":"https:\/\/spanienaktuell.net\/wordpress\/bmw-motorrad-prasentiert-die-bmw-r-1300-r-titan\/","og_site_name":"Spanien aktuell","article_published_time":"2025-11-30T23:02:11+00:00","og_image":[{"width":1440,"height":960,"url":"https:\/\/spanienaktuell.net\/wordpress\/wp-content\/uploads\/2025\/11\/P90608476-highRes-scaled.jpg","type":"image\/jpeg"}],"author":"Spanien Aktuell","twitter_card":"summary_large_image","twitter_misc":{"Escrito por":"Spanien Aktuell","Tiempo de lectura":"4 minutos"},"schema":{"@context":"https:\/\/schema.org","@graph":[{"@type":"Article","@id":"https:\/\/spanienaktuell.net\/wordpress\/bmw-motorrad-prasentiert-die-bmw-r-1300-r-titan\/#article","isPartOf":{"@id":"https:\/\/spanienaktuell.net\/wordpress\/bmw-motorrad-prasentiert-die-bmw-r-1300-r-titan\/"},"author":{"name":"Spanien Aktuell","@id":"https:\/\/spanienaktuell.net\/wordpress\/#\/schema\/person\/bc410cfae0161b201d837ebfeeba7fd0"},"headline":"BMW Motorrad pr\u00e4sentiert die BMW R 1300 R \u201eTITAN\u201c","datePublished":"2025-11-30T23:02:11+00:00","mainEntityOfPage":{"@id":"https:\/\/spanienaktuell.net\/wordpress\/bmw-motorrad-prasentiert-die-bmw-r-1300-r-titan\/"},"wordCount":472,"publisher":{"@id":"https:\/\/spanienaktuell.net\/wordpress\/#organization"},"image":{"@id":"https:\/\/spanienaktuell.net\/wordpress\/bmw-motorrad-prasentiert-die-bmw-r-1300-r-titan\/#primaryimage"},"thumbnailUrl":"https:\/\/spanienaktuell.net\/wordpress\/wp-content\/uploads\/2025\/11\/P90608476-highRes-scaled.jpg","articleSection":["Motor"],"inLanguage":"es"},{"@type":"WebPage","@id":"https:\/\/spanienaktuell.net\/wordpress\/bmw-motorrad-prasentiert-die-bmw-r-1300-r-titan\/","url":"https:\/\/spanienaktuell.net\/wordpress\/bmw-motorrad-prasentiert-die-bmw-r-1300-r-titan\/","name":"BMW Motorrad pr\u00e4sentiert die BMW R 1300 R \u201eTITAN\u201c - Spanien aktuell","isPartOf":{"@id":"https:\/\/spanienaktuell.net\/wordpress\/#website"},"primaryImageOfPage":{"@id":"https:\/\/spanienaktuell.net\/wordpress\/bmw-motorrad-prasentiert-die-bmw-r-1300-r-titan\/#primaryimage"},"image":{"@id":"https:\/\/spanienaktuell.net\/wordpress\/bmw-motorrad-prasentiert-die-bmw-r-1300-r-titan\/#primaryimage"},"thumbnailUrl":"https:\/\/spanienaktuell.net\/wordpress\/wp-content\/uploads\/2025\/11\/P90608476-highRes-scaled.jpg","datePublished":"2025-11-30T23:02:11+00:00","breadcrumb":{"@id":"https:\/\/spanienaktuell.net\/wordpress\/bmw-motorrad-prasentiert-die-bmw-r-1300-r-titan\/#breadcrumb"},"inLanguage":"es","potentialAction":[{"@type":"ReadAction","target":["https:\/\/spanienaktuell.net\/wordpress\/bmw-motorrad-prasentiert-die-bmw-r-1300-r-titan\/"]}]},{"@type":"ImageObject","inLanguage":"es","@id":"https:\/\/spanienaktuell.net\/wordpress\/bmw-motorrad-prasentiert-die-bmw-r-1300-r-titan\/#primaryimage","url":"https:\/\/spanienaktuell.net\/wordpress\/wp-content\/uploads\/2025\/11\/P90608476-highRes-scaled.jpg","contentUrl":"https:\/\/spanienaktuell.net\/wordpress\/wp-content\/uploads\/2025\/11\/P90608476-highRes-scaled.jpg","width":1440,"height":960},{"@type":"BreadcrumbList","@id":"https:\/\/spanienaktuell.net\/wordpress\/bmw-motorrad-prasentiert-die-bmw-r-1300-r-titan\/#breadcrumb","itemListElement":[{"@type":"ListItem","position":1,"name":"Portada","item":"https:\/\/spanienaktuell.net\/wordpress\/"},{"@type":"ListItem","position":2,"name":"BMW Motorrad pr\u00e4sentiert die BMW R 1300 R \u201eTITAN\u201c"}]},{"@type":"WebSite","@id":"https:\/\/spanienaktuell.net\/wordpress\/#website","url":"https:\/\/spanienaktuell.net\/wordpress\/","name":"Spanien aktuell","description":"The German magazine number 1 on the Costa del Sol","publisher":{"@id":"https:\/\/spanienaktuell.net\/wordpress\/#organization"},"potentialAction":[{"@type":"SearchAction","target":{"@type":"EntryPoint","urlTemplate":"https:\/\/spanienaktuell.net\/wordpress\/?s={search_term_string}"},"query-input":{"@type":"PropertyValueSpecification","valueRequired":true,"valueName":"search_term_string"}}],"inLanguage":"es"},{"@type":"Organization","@id":"https:\/\/spanienaktuell.net\/wordpress\/#organization","name":"Spanien aktuell","url":"https:\/\/spanienaktuell.net\/wordpress\/","logo":{"@type":"ImageObject","inLanguage":"es","@id":"https:\/\/spanienaktuell.net\/wordpress\/#\/schema\/logo\/image\/","url":"https:\/\/spanienaktuell.net\/wordpress\/wp-content\/uploads\/2019\/06\/cropped-Logo-spanien-aktuell-png-web-e1561631085388.png","contentUrl":"https:\/\/spanienaktuell.net\/wordpress\/wp-content\/uploads\/2019\/06\/cropped-Logo-spanien-aktuell-png-web-e1561631085388.png","width":512,"height":110,"caption":"Spanien aktuell"},"image":{"@id":"https:\/\/spanienaktuell.net\/wordpress\/#\/schema\/logo\/image\/"}},{"@type":"Person","@id":"https:\/\/spanienaktuell.net\/wordpress\/#\/schema\/person\/bc410cfae0161b201d837ebfeeba7fd0","name":"Spanien Aktuell","image":{"@type":"ImageObject","inLanguage":"es","@id":"https:\/\/spanienaktuell.net\/wordpress\/#\/schema\/person\/image\/","url":"https:\/\/spanienaktuell.net\/wordpress\/wp-content\/uploads\/2019\/06\/cropped-Logo-spanien-aktuell-png-fav2-100x100.png","contentUrl":"https:\/\/spanienaktuell.net\/wordpress\/wp-content\/uploads\/2019\/06\/cropped-Logo-spanien-aktuell-png-fav2-100x100.png","caption":"Spanien Aktuell"},"url":"https:\/\/spanienaktuell.net\/wordpress\/author\/koalum\/"}]}},"_links":{"self":[{"href":"https:\/\/spanienaktuell.net\/wordpress\/wp-json\/wp\/v2\/posts\/108196","targetHints":{"allow":["GET"]}}],"collection":[{"href":"https:\/\/spanienaktuell.net\/wordpress\/wp-json\/wp\/v2\/posts"}],"about":[{"href":"https:\/\/spanienaktuell.net\/wordpress\/wp-json\/wp\/v2\/types\/post"}],"author":[{"embeddable":true,"href":"https:\/\/spanienaktuell.net\/wordpress\/wp-json\/wp\/v2\/users\/3"}],"replies":[{"embeddable":true,"href":"https:\/\/spanienaktuell.net\/wordpress\/wp-json\/wp\/v2\/comments?post=108196"}],"version-history":[{"count":1,"href":"https:\/\/spanienaktuell.net\/wordpress\/wp-json\/wp\/v2\/posts\/108196\/revisions"}],"predecessor-version":[{"id":108201,"href":"https:\/\/spanienaktuell.net\/wordpress\/wp-json\/wp\/v2\/posts\/108196\/revisions\/108201"}],"wp:featuredmedia":[{"embeddable":true,"href":"https:\/\/spanienaktuell.net\/wordpress\/wp-json\/wp\/v2\/media\/108197"}],"wp:attachment":[{"href":"https:\/\/spanienaktuell.net\/wordpress\/wp-json\/wp\/v2\/media?parent=108196"}],"wp:term":[{"taxonomy":"category","embeddable":true,"href":"https:\/\/spanienaktuell.net\/wordpress\/wp-json\/wp\/v2\/categories?post=108196"},{"taxonomy":"post_tag","embeddable":true,"href":"https:\/\/spanienaktuell.net\/wordpress\/wp-json\/wp\/v2\/tags?post=108196"}],"curies":[{"name":"wp","href":"https:\/\/api.w.org\/{rel}","templated":true}]}}