{"id":109217,"date":"2026-05-01T11:29:27","date_gmt":"2026-05-01T09:29:27","guid":{"rendered":"https:\/\/spanienaktuell.net\/wordpress\/?p=109217"},"modified":"2026-05-01T11:29:27","modified_gmt":"2026-05-01T09:29:27","slug":"bauabnahme-certificado-de-final-de-obra","status":"publish","type":"post","link":"https:\/\/spanienaktuell.net\/wordpress\/bauabnahme-certificado-de-final-de-obra\/","title":{"rendered":"Bauabnahme &#8211; Certificado de Final de Obra"},"content":{"rendered":"<p><img decoding=\"async\" class=\"aligncenter size-full wp-image-1296\" src=\"https:\/\/spanienaktuell.net\/wordpress\/wp-content\/uploads\/2017\/01\/Lober.png\" alt=\"\" width=\"592\" height=\"435\" srcset=\"https:\/\/spanienaktuell.net\/wordpress\/wp-content\/uploads\/2017\/01\/Lober.png 592w, https:\/\/spanienaktuell.net\/wordpress\/wp-content\/uploads\/2017\/01\/Lober-300x220.png 300w, https:\/\/spanienaktuell.net\/wordpress\/wp-content\/uploads\/2017\/01\/Lober-80x60.png 80w, https:\/\/spanienaktuell.net\/wordpress\/wp-content\/uploads\/2017\/01\/Lober-572x420.png 572w\" sizes=\"(max-width: 592px) 100vw, 592px\" \/><img decoding=\"async\" class=\"aligncenter size-full wp-image-92147\" src=\"https:\/\/spanienaktuell.net\/wordpress\/wp-content\/uploads\/2021\/06\/Lober-und-Steinmetz.png\" alt=\"\" width=\"1440\" height=\"690\" srcset=\"https:\/\/spanienaktuell.net\/wordpress\/wp-content\/uploads\/2021\/06\/Lober-und-Steinmetz.png 1440w, https:\/\/spanienaktuell.net\/wordpress\/wp-content\/uploads\/2021\/06\/Lober-und-Steinmetz-300x144.png 300w, https:\/\/spanienaktuell.net\/wordpress\/wp-content\/uploads\/2021\/06\/Lober-und-Steinmetz-1024x490.png 1024w, https:\/\/spanienaktuell.net\/wordpress\/wp-content\/uploads\/2021\/06\/Lober-und-Steinmetz-768x368.png 768w, https:\/\/spanienaktuell.net\/wordpress\/wp-content\/uploads\/2021\/06\/Lober-und-Steinmetz-1536x736.png 1536w, https:\/\/spanienaktuell.net\/wordpress\/wp-content\/uploads\/2021\/06\/Lober-und-Steinmetz-2048x981.png 2048w\" sizes=\"(max-width: 1440px) 100vw, 1440px\" \/><\/p>\n<h2 style=\"text-align: center;\"><strong><em>Auszug aus dem Buch: Grundeigentum in Spanien von A \u2013 Z f\u00fcr Eigent\u00fcmer, K\u00e4ufer und Verk\u00e4ufer (Vollst\u00e4ndige Neubearbeitung 7. Auflage).\u00a0<\/em><\/strong><\/h2>\n<p><strong>Bauabnahme &#8211; Certificado de Final de Obra<\/strong><\/p>\n<p>Zur ordnungsgem\u00e4\u00dfen Bauabnahme haben zun\u00e4chst der Architekt und der technische Baumeister nach Fertigstellung des Baus das sogenannte Certificado Final de Obra auszustellen. Mit dem Certificado Final de Obra wird bescheinigt, dass das Werk fertiggestellt ist, mit dem Plan \u00fcbereinstimmt und nach den gesetzlichen Vorschriften ausgef\u00fchrt wurde. Das von Architekt und technischem Baumeister ausgestellte Certificado Final de Obra wird sodann bei der zust\u00e4ndigen Architektenkammer und der Kammer der Werkmeister und technischen Architekten zur \u00dcberpr\u00fcfung eingereicht und bei seiner Richtigkeit genehmigt.<\/p>\n<p>Aufgrund der Bauabnahmebescheinigung der Kammer ist der Architekt berechtigt, sein Resthonorar vom Auftraggeber zu verlangen.<\/p>\n<p>Ferner geh\u00f6rt zur Bauabnahme ein Bericht der Gemeindeverwaltung \u00fcber die Einhaltung der Bauvorschriften w\u00e4hrend der Erstellung des Baus. Die von den Kammern und der Gemeinde ausgestellten Bescheinigungen \u00fcber die Baufertigstellung sind in der Regel notwendig zur Erlangung der Bewohnbarkeitsbescheinigung; in diesem Zusammenhang ist darauf hinzuweisen, dass Voraussetzungen und Verfahren zur Erteilung der Bewohnbarkeitsbescheinigungen oftmals von den Comunidades Aut\u00f3nomas geregelt werden und somit die Anforderungen an die vorzulegende Dokumentation variieren.<\/p>\n<p><strong>&#8211; <\/strong>Bewohnbarkeitsbescheinigung &#8211; C\u00e9dula de Habitabilidad Rz 15, 35, 217<\/p>\n<p>&#8211; Neubauerkl\u00e4rung &#8211; Declaraci\u00f3n de Obra Nueva Rz 124, 216, 217<\/p>\n<p><strong>Die Autoren Dr. Alexander Steinmetz und Roc\u00edo Garc\u00eda Alc\u00e1zar sind Partner der Rechtsanwaltskanzlei L\u00f6ber Steinmetz &amp; Garc\u00eda, Partnerschaft von Rechtsanw\u00e4lten mbB, Frankfurt, K\u00f6ln. E-Mail: <\/strong><a href=\"mailto:info@loeber-steinmetz.de\"><strong>info@loeber-steinmetz.de<\/strong><\/a><\/p>\n<p><em>Tel: +49-(0)69 96 22 11 23, +49-(0)221 82 82 97 09\u00a0\u00a0 www.loeber-steinmetz.de<\/em><\/p>\n<p><em>In Kooperation mit L\u00f6ber Steinmetz Garc\u00eda Rechtsanw\u00e4lte y Abogados S.L.P., Mallorca und Teneriffa, Tel. +34 971 72 03 72, Tel. +34 922 38 03 15<\/em><\/p>\n<p><strong>Buchbestellung:<\/strong><\/p>\n<p><strong><img decoding=\"async\" class=\"wp-image-87295 alignleft\" src=\"https:\/\/spanienaktuell.net\/wordpress\/wp-content\/uploads\/2020\/01\/Cover.png\" alt=\"\" width=\"314\" height=\"509\" srcset=\"https:\/\/spanienaktuell.net\/wordpress\/wp-content\/uploads\/2020\/01\/Cover.png 652w, https:\/\/spanienaktuell.net\/wordpress\/wp-content\/uploads\/2020\/01\/Cover-185x300.png 185w, https:\/\/spanienaktuell.net\/wordpress\/wp-content\/uploads\/2020\/01\/Cover-632x1024.png 632w\" sizes=\"(max-width: 314px) 100vw, 314px\" \/>Grundeigentum in Spanien von A \u2013 Z f\u00fcr Eigent\u00fcmer, K\u00e4ufer und Verk\u00e4ufer (Vollst\u00e4ndige Neubearbeitung 7. Auflage) 216 Seiten , \u20ac 38,- . <\/strong><\/p>\n<p><em>edition f\u00fcr internationale Wirtschaft Verlagsauslieferung W. Jenior<\/em><\/p>\n<p><em>Marienstra\u00dfe 5, 34117 Kassel, Telefon: +49 (0) 561\/739 16 21, Fax: +49 (0)561\/774148<\/em><\/p>\n<p><em>E-Mail: service@jenior.de , <\/em><a href=\"http:\/\/www.edition-spanien.de\"><em>www.edition-spanien.de<\/em><\/a><\/p>\n","protected":false},"excerpt":{"rendered":"<p>Auszug aus dem Buch: Grundeigentum in Spanien von A \u2013 Z f\u00fcr Eigent\u00fcmer, K\u00e4ufer und Verk\u00e4ufer (Vollst\u00e4ndige Neubearbeitung 7. Auflage).\u00a0 [&hellip;]<\/p>\n","protected":false},"author":3,"featured_media":1296,"comment_status":"closed","ping_status":"closed","sticky":false,"template":"","format":"standard","meta":{"footnotes":""},"categories":[30],"tags":[],"class_list":["post-109217","post","type-post","status-publish","format-standard","has-post-thumbnail","hentry","category-recht-gesellschaft"],"yoast_head":"<!-- This site is optimized with the Yoast SEO plugin v27.1.1 - https:\/\/yoast.com\/product\/yoast-seo-wordpress\/ -->\n<title>Bauabnahme - Certificado de Final de Obra - Spanien aktuell<\/title>\n<meta name=\"robots\" content=\"index, follow, max-snippet:-1, max-image-preview:large, max-video-preview:-1\" \/>\n<link rel=\"canonical\" href=\"https:\/\/spanienaktuell.net\/wordpress\/bauabnahme-certificado-de-final-de-obra\/\" \/>\n<meta property=\"og:locale\" content=\"es_ES\" \/>\n<meta property=\"og:type\" content=\"article\" \/>\n<meta property=\"og:title\" content=\"Bauabnahme - Certificado de Final de Obra - Spanien aktuell\" \/>\n<meta property=\"og:description\" content=\"Auszug aus dem Buch: Grundeigentum in Spanien von A \u2013 Z f\u00fcr Eigent\u00fcmer, K\u00e4ufer und Verk\u00e4ufer (Vollst\u00e4ndige Neubearbeitung 7. Auflage).\u00a0 [&hellip;]\" \/>\n<meta property=\"og:url\" content=\"https:\/\/spanienaktuell.net\/wordpress\/bauabnahme-certificado-de-final-de-obra\/\" \/>\n<meta property=\"og:site_name\" content=\"Spanien aktuell\" \/>\n<meta property=\"article:published_time\" content=\"2026-05-01T09:29:27+00:00\" \/>\n<meta property=\"og:image\" content=\"https:\/\/spanienaktuell.net\/wordpress\/wp-content\/uploads\/2017\/01\/Lober.png\" \/>\n\t<meta property=\"og:image:width\" content=\"592\" \/>\n\t<meta property=\"og:image:height\" content=\"435\" \/>\n\t<meta property=\"og:image:type\" content=\"image\/png\" \/>\n<meta name=\"author\" content=\"Spanien Aktuell\" \/>\n<meta name=\"twitter:card\" content=\"summary_large_image\" \/>\n<meta name=\"twitter:label1\" content=\"Escrito por\" \/>\n\t<meta name=\"twitter:data1\" content=\"Spanien Aktuell\" \/>\n\t<meta name=\"twitter:label2\" content=\"Tiempo de lectura\" \/>\n\t<meta name=\"twitter:data2\" content=\"3 minutos\" \/>\n<script type=\"application\/ld+json\" class=\"yoast-schema-graph\">{\"@context\":\"https:\/\/schema.org\",\"@graph\":[{\"@type\":\"Article\",\"@id\":\"https:\/\/spanienaktuell.net\/wordpress\/bauabnahme-certificado-de-final-de-obra\/#article\",\"isPartOf\":{\"@id\":\"https:\/\/spanienaktuell.net\/wordpress\/bauabnahme-certificado-de-final-de-obra\/\"},\"author\":{\"name\":\"Spanien Aktuell\",\"@id\":\"https:\/\/spanienaktuell.net\/wordpress\/#\/schema\/person\/bc410cfae0161b201d837ebfeeba7fd0\"},\"headline\":\"Bauabnahme &#8211; Certificado de Final de Obra\",\"datePublished\":\"2026-05-01T09:29:27+00:00\",\"mainEntityOfPage\":{\"@id\":\"https:\/\/spanienaktuell.net\/wordpress\/bauabnahme-certificado-de-final-de-obra\/\"},\"wordCount\":328,\"publisher\":{\"@id\":\"https:\/\/spanienaktuell.net\/wordpress\/#organization\"},\"image\":{\"@id\":\"https:\/\/spanienaktuell.net\/wordpress\/bauabnahme-certificado-de-final-de-obra\/#primaryimage\"},\"thumbnailUrl\":\"https:\/\/spanienaktuell.net\/wordpress\/wp-content\/uploads\/2017\/01\/Lober.png\",\"articleSection\":[\"Recht\"],\"inLanguage\":\"es\"},{\"@type\":\"WebPage\",\"@id\":\"https:\/\/spanienaktuell.net\/wordpress\/bauabnahme-certificado-de-final-de-obra\/\",\"url\":\"https:\/\/spanienaktuell.net\/wordpress\/bauabnahme-certificado-de-final-de-obra\/\",\"name\":\"Bauabnahme - Certificado de Final de Obra - Spanien aktuell\",\"isPartOf\":{\"@id\":\"https:\/\/spanienaktuell.net\/wordpress\/#website\"},\"primaryImageOfPage\":{\"@id\":\"https:\/\/spanienaktuell.net\/wordpress\/bauabnahme-certificado-de-final-de-obra\/#primaryimage\"},\"image\":{\"@id\":\"https:\/\/spanienaktuell.net\/wordpress\/bauabnahme-certificado-de-final-de-obra\/#primaryimage\"},\"thumbnailUrl\":\"https:\/\/spanienaktuell.net\/wordpress\/wp-content\/uploads\/2017\/01\/Lober.png\",\"datePublished\":\"2026-05-01T09:29:27+00:00\",\"breadcrumb\":{\"@id\":\"https:\/\/spanienaktuell.net\/wordpress\/bauabnahme-certificado-de-final-de-obra\/#breadcrumb\"},\"inLanguage\":\"es\",\"potentialAction\":[{\"@type\":\"ReadAction\",\"target\":[\"https:\/\/spanienaktuell.net\/wordpress\/bauabnahme-certificado-de-final-de-obra\/\"]}]},{\"@type\":\"ImageObject\",\"inLanguage\":\"es\",\"@id\":\"https:\/\/spanienaktuell.net\/wordpress\/bauabnahme-certificado-de-final-de-obra\/#primaryimage\",\"url\":\"https:\/\/spanienaktuell.net\/wordpress\/wp-content\/uploads\/2017\/01\/Lober.png\",\"contentUrl\":\"https:\/\/spanienaktuell.net\/wordpress\/wp-content\/uploads\/2017\/01\/Lober.png\",\"width\":592,\"height\":435},{\"@type\":\"BreadcrumbList\",\"@id\":\"https:\/\/spanienaktuell.net\/wordpress\/bauabnahme-certificado-de-final-de-obra\/#breadcrumb\",\"itemListElement\":[{\"@type\":\"ListItem\",\"position\":1,\"name\":\"Portada\",\"item\":\"https:\/\/spanienaktuell.net\/wordpress\/\"},{\"@type\":\"ListItem\",\"position\":2,\"name\":\"Bauabnahme &#8211; Certificado de Final de Obra\"}]},{\"@type\":\"WebSite\",\"@id\":\"https:\/\/spanienaktuell.net\/wordpress\/#website\",\"url\":\"https:\/\/spanienaktuell.net\/wordpress\/\",\"name\":\"Spanien aktuell\",\"description\":\"The German magazine number 1 on the Costa del Sol\",\"publisher\":{\"@id\":\"https:\/\/spanienaktuell.net\/wordpress\/#organization\"},\"potentialAction\":[{\"@type\":\"SearchAction\",\"target\":{\"@type\":\"EntryPoint\",\"urlTemplate\":\"https:\/\/spanienaktuell.net\/wordpress\/?s={search_term_string}\"},\"query-input\":{\"@type\":\"PropertyValueSpecification\",\"valueRequired\":true,\"valueName\":\"search_term_string\"}}],\"inLanguage\":\"es\"},{\"@type\":\"Organization\",\"@id\":\"https:\/\/spanienaktuell.net\/wordpress\/#organization\",\"name\":\"Spanien aktuell\",\"url\":\"https:\/\/spanienaktuell.net\/wordpress\/\",\"logo\":{\"@type\":\"ImageObject\",\"inLanguage\":\"es\",\"@id\":\"https:\/\/spanienaktuell.net\/wordpress\/#\/schema\/logo\/image\/\",\"url\":\"https:\/\/spanienaktuell.net\/wordpress\/wp-content\/uploads\/2019\/06\/cropped-Logo-spanien-aktuell-png-web-e1561631085388.png\",\"contentUrl\":\"https:\/\/spanienaktuell.net\/wordpress\/wp-content\/uploads\/2019\/06\/cropped-Logo-spanien-aktuell-png-web-e1561631085388.png\",\"width\":512,\"height\":110,\"caption\":\"Spanien aktuell\"},\"image\":{\"@id\":\"https:\/\/spanienaktuell.net\/wordpress\/#\/schema\/logo\/image\/\"}},{\"@type\":\"Person\",\"@id\":\"https:\/\/spanienaktuell.net\/wordpress\/#\/schema\/person\/bc410cfae0161b201d837ebfeeba7fd0\",\"name\":\"Spanien Aktuell\",\"image\":{\"@type\":\"ImageObject\",\"inLanguage\":\"es\",\"@id\":\"https:\/\/spanienaktuell.net\/wordpress\/#\/schema\/person\/image\/\",\"url\":\"https:\/\/spanienaktuell.net\/wordpress\/wp-content\/uploads\/2019\/06\/cropped-Logo-spanien-aktuell-png-fav2-100x100.png\",\"contentUrl\":\"https:\/\/spanienaktuell.net\/wordpress\/wp-content\/uploads\/2019\/06\/cropped-Logo-spanien-aktuell-png-fav2-100x100.png\",\"caption\":\"Spanien Aktuell\"},\"url\":\"https:\/\/spanienaktuell.net\/wordpress\/author\/koalum\/\"}]}<\/script>\n<!-- \/ Yoast SEO plugin. -->","yoast_head_json":{"title":"Bauabnahme - Certificado de Final de Obra - Spanien aktuell","robots":{"index":"index","follow":"follow","max-snippet":"max-snippet:-1","max-image-preview":"max-image-preview:large","max-video-preview":"max-video-preview:-1"},"canonical":"https:\/\/spanienaktuell.net\/wordpress\/bauabnahme-certificado-de-final-de-obra\/","og_locale":"es_ES","og_type":"article","og_title":"Bauabnahme - Certificado de Final de Obra - Spanien aktuell","og_description":"Auszug aus dem Buch: Grundeigentum in Spanien von A \u2013 Z f\u00fcr Eigent\u00fcmer, K\u00e4ufer und Verk\u00e4ufer (Vollst\u00e4ndige Neubearbeitung 7. Auflage).\u00a0 [&hellip;]","og_url":"https:\/\/spanienaktuell.net\/wordpress\/bauabnahme-certificado-de-final-de-obra\/","og_site_name":"Spanien aktuell","article_published_time":"2026-05-01T09:29:27+00:00","og_image":[{"width":592,"height":435,"url":"https:\/\/spanienaktuell.net\/wordpress\/wp-content\/uploads\/2017\/01\/Lober.png","type":"image\/png"}],"author":"Spanien Aktuell","twitter_card":"summary_large_image","twitter_misc":{"Escrito por":"Spanien Aktuell","Tiempo de lectura":"3 minutos"},"schema":{"@context":"https:\/\/schema.org","@graph":[{"@type":"Article","@id":"https:\/\/spanienaktuell.net\/wordpress\/bauabnahme-certificado-de-final-de-obra\/#article","isPartOf":{"@id":"https:\/\/spanienaktuell.net\/wordpress\/bauabnahme-certificado-de-final-de-obra\/"},"author":{"name":"Spanien Aktuell","@id":"https:\/\/spanienaktuell.net\/wordpress\/#\/schema\/person\/bc410cfae0161b201d837ebfeeba7fd0"},"headline":"Bauabnahme &#8211; Certificado de Final de Obra","datePublished":"2026-05-01T09:29:27+00:00","mainEntityOfPage":{"@id":"https:\/\/spanienaktuell.net\/wordpress\/bauabnahme-certificado-de-final-de-obra\/"},"wordCount":328,"publisher":{"@id":"https:\/\/spanienaktuell.net\/wordpress\/#organization"},"image":{"@id":"https:\/\/spanienaktuell.net\/wordpress\/bauabnahme-certificado-de-final-de-obra\/#primaryimage"},"thumbnailUrl":"https:\/\/spanienaktuell.net\/wordpress\/wp-content\/uploads\/2017\/01\/Lober.png","articleSection":["Recht"],"inLanguage":"es"},{"@type":"WebPage","@id":"https:\/\/spanienaktuell.net\/wordpress\/bauabnahme-certificado-de-final-de-obra\/","url":"https:\/\/spanienaktuell.net\/wordpress\/bauabnahme-certificado-de-final-de-obra\/","name":"Bauabnahme - Certificado de Final de Obra - Spanien aktuell","isPartOf":{"@id":"https:\/\/spanienaktuell.net\/wordpress\/#website"},"primaryImageOfPage":{"@id":"https:\/\/spanienaktuell.net\/wordpress\/bauabnahme-certificado-de-final-de-obra\/#primaryimage"},"image":{"@id":"https:\/\/spanienaktuell.net\/wordpress\/bauabnahme-certificado-de-final-de-obra\/#primaryimage"},"thumbnailUrl":"https:\/\/spanienaktuell.net\/wordpress\/wp-content\/uploads\/2017\/01\/Lober.png","datePublished":"2026-05-01T09:29:27+00:00","breadcrumb":{"@id":"https:\/\/spanienaktuell.net\/wordpress\/bauabnahme-certificado-de-final-de-obra\/#breadcrumb"},"inLanguage":"es","potentialAction":[{"@type":"ReadAction","target":["https:\/\/spanienaktuell.net\/wordpress\/bauabnahme-certificado-de-final-de-obra\/"]}]},{"@type":"ImageObject","inLanguage":"es","@id":"https:\/\/spanienaktuell.net\/wordpress\/bauabnahme-certificado-de-final-de-obra\/#primaryimage","url":"https:\/\/spanienaktuell.net\/wordpress\/wp-content\/uploads\/2017\/01\/Lober.png","contentUrl":"https:\/\/spanienaktuell.net\/wordpress\/wp-content\/uploads\/2017\/01\/Lober.png","width":592,"height":435},{"@type":"BreadcrumbList","@id":"https:\/\/spanienaktuell.net\/wordpress\/bauabnahme-certificado-de-final-de-obra\/#breadcrumb","itemListElement":[{"@type":"ListItem","position":1,"name":"Portada","item":"https:\/\/spanienaktuell.net\/wordpress\/"},{"@type":"ListItem","position":2,"name":"Bauabnahme &#8211; Certificado de Final de Obra"}]},{"@type":"WebSite","@id":"https:\/\/spanienaktuell.net\/wordpress\/#website","url":"https:\/\/spanienaktuell.net\/wordpress\/","name":"Spanien aktuell","description":"The German magazine number 1 on the Costa del Sol","publisher":{"@id":"https:\/\/spanienaktuell.net\/wordpress\/#organization"},"potentialAction":[{"@type":"SearchAction","target":{"@type":"EntryPoint","urlTemplate":"https:\/\/spanienaktuell.net\/wordpress\/?s={search_term_string}"},"query-input":{"@type":"PropertyValueSpecification","valueRequired":true,"valueName":"search_term_string"}}],"inLanguage":"es"},{"@type":"Organization","@id":"https:\/\/spanienaktuell.net\/wordpress\/#organization","name":"Spanien aktuell","url":"https:\/\/spanienaktuell.net\/wordpress\/","logo":{"@type":"ImageObject","inLanguage":"es","@id":"https:\/\/spanienaktuell.net\/wordpress\/#\/schema\/logo\/image\/","url":"https:\/\/spanienaktuell.net\/wordpress\/wp-content\/uploads\/2019\/06\/cropped-Logo-spanien-aktuell-png-web-e1561631085388.png","contentUrl":"https:\/\/spanienaktuell.net\/wordpress\/wp-content\/uploads\/2019\/06\/cropped-Logo-spanien-aktuell-png-web-e1561631085388.png","width":512,"height":110,"caption":"Spanien aktuell"},"image":{"@id":"https:\/\/spanienaktuell.net\/wordpress\/#\/schema\/logo\/image\/"}},{"@type":"Person","@id":"https:\/\/spanienaktuell.net\/wordpress\/#\/schema\/person\/bc410cfae0161b201d837ebfeeba7fd0","name":"Spanien Aktuell","image":{"@type":"ImageObject","inLanguage":"es","@id":"https:\/\/spanienaktuell.net\/wordpress\/#\/schema\/person\/image\/","url":"https:\/\/spanienaktuell.net\/wordpress\/wp-content\/uploads\/2019\/06\/cropped-Logo-spanien-aktuell-png-fav2-100x100.png","contentUrl":"https:\/\/spanienaktuell.net\/wordpress\/wp-content\/uploads\/2019\/06\/cropped-Logo-spanien-aktuell-png-fav2-100x100.png","caption":"Spanien Aktuell"},"url":"https:\/\/spanienaktuell.net\/wordpress\/author\/koalum\/"}]}},"_links":{"self":[{"href":"https:\/\/spanienaktuell.net\/wordpress\/wp-json\/wp\/v2\/posts\/109217","targetHints":{"allow":["GET"]}}],"collection":[{"href":"https:\/\/spanienaktuell.net\/wordpress\/wp-json\/wp\/v2\/posts"}],"about":[{"href":"https:\/\/spanienaktuell.net\/wordpress\/wp-json\/wp\/v2\/types\/post"}],"author":[{"embeddable":true,"href":"https:\/\/spanienaktuell.net\/wordpress\/wp-json\/wp\/v2\/users\/3"}],"replies":[{"embeddable":true,"href":"https:\/\/spanienaktuell.net\/wordpress\/wp-json\/wp\/v2\/comments?post=109217"}],"version-history":[{"count":1,"href":"https:\/\/spanienaktuell.net\/wordpress\/wp-json\/wp\/v2\/posts\/109217\/revisions"}],"predecessor-version":[{"id":109221,"href":"https:\/\/spanienaktuell.net\/wordpress\/wp-json\/wp\/v2\/posts\/109217\/revisions\/109221"}],"wp:featuredmedia":[{"embeddable":true,"href":"https:\/\/spanienaktuell.net\/wordpress\/wp-json\/wp\/v2\/media\/1296"}],"wp:attachment":[{"href":"https:\/\/spanienaktuell.net\/wordpress\/wp-json\/wp\/v2\/media?parent=109217"}],"wp:term":[{"taxonomy":"category","embeddable":true,"href":"https:\/\/spanienaktuell.net\/wordpress\/wp-json\/wp\/v2\/categories?post=109217"},{"taxonomy":"post_tag","embeddable":true,"href":"https:\/\/spanienaktuell.net\/wordpress\/wp-json\/wp\/v2\/tags?post=109217"}],"curies":[{"name":"wp","href":"https:\/\/api.w.org\/{rel}","templated":true}]}}