{"id":109237,"date":"2026-05-01T11:48:37","date_gmt":"2026-05-01T09:48:37","guid":{"rendered":"https:\/\/spanienaktuell.net\/wordpress\/?p=109237"},"modified":"2026-05-01T12:52:13","modified_gmt":"2026-05-01T10:52:13","slug":"hektische-handy-nutzung-am-gefahrlichsten","status":"publish","type":"post","link":"https:\/\/spanienaktuell.net\/wordpress\/hektische-handy-nutzung-am-gefahrlichsten\/","title":{"rendered":"Hektische Handy-Nutzung am gef\u00e4hrlichsten"},"content":{"rendered":"<p><img decoding=\"async\" class=\"aligncenter size-full wp-image-109238\" src=\"https:\/\/spanienaktuell.net\/wordpress\/wp-content\/uploads\/2026\/05\/ENVATO-ELEMNTS-excited-guy-playing-video-game-on-mobile-phone-wit-2026-01-08-06-55-24-utc-scaled.jpg\" alt=\"\" width=\"1440\" height=\"525\" srcset=\"https:\/\/spanienaktuell.net\/wordpress\/wp-content\/uploads\/2026\/05\/ENVATO-ELEMNTS-excited-guy-playing-video-game-on-mobile-phone-wit-2026-01-08-06-55-24-utc-scaled.jpg 1440w, https:\/\/spanienaktuell.net\/wordpress\/wp-content\/uploads\/2026\/05\/ENVATO-ELEMNTS-excited-guy-playing-video-game-on-mobile-phone-wit-2026-01-08-06-55-24-utc-300x109.jpg 300w, https:\/\/spanienaktuell.net\/wordpress\/wp-content\/uploads\/2026\/05\/ENVATO-ELEMNTS-excited-guy-playing-video-game-on-mobile-phone-wit-2026-01-08-06-55-24-utc-1024x373.jpg 1024w, https:\/\/spanienaktuell.net\/wordpress\/wp-content\/uploads\/2026\/05\/ENVATO-ELEMNTS-excited-guy-playing-video-game-on-mobile-phone-wit-2026-01-08-06-55-24-utc-768x280.jpg 768w, https:\/\/spanienaktuell.net\/wordpress\/wp-content\/uploads\/2026\/05\/ENVATO-ELEMNTS-excited-guy-playing-video-game-on-mobile-phone-wit-2026-01-08-06-55-24-utc-1536x560.jpg 1536w, https:\/\/spanienaktuell.net\/wordpress\/wp-content\/uploads\/2026\/05\/ENVATO-ELEMNTS-excited-guy-playing-video-game-on-mobile-phone-wit-2026-01-08-06-55-24-utc-2048x746.jpg 2048w, https:\/\/spanienaktuell.net\/wordpress\/wp-content\/uploads\/2026\/05\/ENVATO-ELEMNTS-excited-guy-playing-video-game-on-mobile-phone-wit-2026-01-08-06-55-24-utc-350x128.jpg 350w\" sizes=\"(max-width: 1440px) 100vw, 1440px\" \/><\/p>\n<h3 style=\"text-align: center;\"><em>Zeit vor dem Bildschirm ist laut Forschern der Aalto-Universit\u00e4t nicht allein entscheidend<\/em><\/h3>\n<p>Smartphone-, Laptop- oder Tablet-User, die stundenlang auf das Display starren, werden weniger von Informations\u00fcberflutung gepeinigt als diejenigen, die alle paar Minuten ihr Ger\u00e4t z\u00fccken, um etwas nachzuschauen, einen Clip anzusehen oder die sozialen Medien konsumieren. Das haben Forscher der Aalto-Universit\u00e4t im Zuge einer siebenmonatigen Studie herausgefunden. Die Erkenntnisse werfen ein neues Licht darauf, was Mediennutzer am meisten \u00fcberfordert.<\/p>\n<p><strong>300 Erwachsene beobachtet<\/strong><\/p>\n<p><img decoding=\"async\" class=\"aligncenter size-full wp-image-109239\" src=\"https:\/\/spanienaktuell.net\/wordpress\/wp-content\/uploads\/2026\/05\/ENVATO-ELEMENTS-header-with-texting-bank-manager-2026-01-07-07-08-29-utc-scaled.jpg\" alt=\"\" width=\"1440\" height=\"360\" srcset=\"https:\/\/spanienaktuell.net\/wordpress\/wp-content\/uploads\/2026\/05\/ENVATO-ELEMENTS-header-with-texting-bank-manager-2026-01-07-07-08-29-utc-scaled.jpg 1440w, https:\/\/spanienaktuell.net\/wordpress\/wp-content\/uploads\/2026\/05\/ENVATO-ELEMENTS-header-with-texting-bank-manager-2026-01-07-07-08-29-utc-300x75.jpg 300w, https:\/\/spanienaktuell.net\/wordpress\/wp-content\/uploads\/2026\/05\/ENVATO-ELEMENTS-header-with-texting-bank-manager-2026-01-07-07-08-29-utc-1024x256.jpg 1024w, https:\/\/spanienaktuell.net\/wordpress\/wp-content\/uploads\/2026\/05\/ENVATO-ELEMENTS-header-with-texting-bank-manager-2026-01-07-07-08-29-utc-768x192.jpg 768w, https:\/\/spanienaktuell.net\/wordpress\/wp-content\/uploads\/2026\/05\/ENVATO-ELEMENTS-header-with-texting-bank-manager-2026-01-07-07-08-29-utc-1536x384.jpg 1536w, https:\/\/spanienaktuell.net\/wordpress\/wp-content\/uploads\/2026\/05\/ENVATO-ELEMENTS-header-with-texting-bank-manager-2026-01-07-07-08-29-utc-2048x512.jpg 2048w, https:\/\/spanienaktuell.net\/wordpress\/wp-content\/uploads\/2026\/05\/ENVATO-ELEMENTS-header-with-texting-bank-manager-2026-01-07-07-08-29-utc-350x88.jpg 350w\" sizes=\"(max-width: 1440px) 100vw, 1440px\" \/><\/p>\n<p>\u201eDie Bildschirmzeit spielt zwar eine Rolle, aber die intensivsten Mediennutzer sind nicht diejenigen, die am st\u00e4rksten gesch\u00e4digt werden. Am meisten \u00fcberfordert f\u00fchlen sich diejenigen, die immer wieder f\u00fcr kurze Momente zu ihrem Smartphone greifen und es kurz darauf wieder weglegen\u00bb, sagt Doktorand Henrik Lassila. Er hat an der<span style=\"color: #0000ff;\"> <a style=\"color: #0000ff;\" href=\"https:\/\/www.aalto.fi\/en\">Aalto-Universit\u00e4t<\/a><\/span> das digitale Verhalten von fast 300 Erwachsenen in Deutschland auf Smartphones und Computern analysiert.<\/p>\n<p>Die Teilnehmer f\u00fcllten wiederholt Frageb\u00f6gen zum Thema Informations\u00fcberflutung aus, w\u00e4hrend alle genutzten Apps und Websites protokolliert wurden. <a href=\"chrome-extension:\/\/efaidnbmnnnibpcajpcglclefindmkaj\/https:\/goodlife.aalto.fi\/resources\/pdfs\/CHI26_IO.pdf\"><span style=\"color: #0000ff;\">So entstand ein umfangreicher L\u00e4ngsschnittdatensatz<\/span><\/a> zur realen Ger\u00e4tenutzung. Die Ergebnisse zeigen, dass fragmentierte Nutzung am h\u00e4ufigsten auf Mobilger\u00e4ten und insbesondere bei der Nachrichten\u00fcbermittlung auftritt.<\/p>\n<p>Zum Beispiel das Ansehen eines kurzen Clips, das Sperren des Bildschirms und die R\u00fcckkehr wenige Minuten sp\u00e4ter &#8211; Muster, die L\u00fccken und st\u00e4ndigen Aufgabenwechsel verursachen. Diese \u201esprunghaften\u00bb Routinen sorgen den Experten nach am ehesten f\u00fcr ein Gef\u00fchl der \u00dcberforderung, selbst wenn die Gesamtzeit, die mit den Ger\u00e4ten verbracht wird, \u00e4hnlich ausf\u00e4llt.<\/p>\n<p><strong>Experten sehen \u201eTeufelskreis\u00bb<\/strong><\/p>\n<p><img decoding=\"async\" class=\"aligncenter size-full wp-image-109240\" src=\"https:\/\/spanienaktuell.net\/wordpress\/wp-content\/uploads\/2026\/05\/ENVATO-ELEMENTS-smart-phone-with-golden-chain-and-padlock-isolated-2026-03-26-22-38-54-utc-1-scaled.jpg\" alt=\"\" width=\"1440\" height=\"720\" srcset=\"https:\/\/spanienaktuell.net\/wordpress\/wp-content\/uploads\/2026\/05\/ENVATO-ELEMENTS-smart-phone-with-golden-chain-and-padlock-isolated-2026-03-26-22-38-54-utc-1-scaled.jpg 1440w, https:\/\/spanienaktuell.net\/wordpress\/wp-content\/uploads\/2026\/05\/ENVATO-ELEMENTS-smart-phone-with-golden-chain-and-padlock-isolated-2026-03-26-22-38-54-utc-1-300x150.jpg 300w, https:\/\/spanienaktuell.net\/wordpress\/wp-content\/uploads\/2026\/05\/ENVATO-ELEMENTS-smart-phone-with-golden-chain-and-padlock-isolated-2026-03-26-22-38-54-utc-1-1024x512.jpg 1024w, https:\/\/spanienaktuell.net\/wordpress\/wp-content\/uploads\/2026\/05\/ENVATO-ELEMENTS-smart-phone-with-golden-chain-and-padlock-isolated-2026-03-26-22-38-54-utc-1-768x384.jpg 768w, https:\/\/spanienaktuell.net\/wordpress\/wp-content\/uploads\/2026\/05\/ENVATO-ELEMENTS-smart-phone-with-golden-chain-and-padlock-isolated-2026-03-26-22-38-54-utc-1-1536x768.jpg 1536w, https:\/\/spanienaktuell.net\/wordpress\/wp-content\/uploads\/2026\/05\/ENVATO-ELEMENTS-smart-phone-with-golden-chain-and-padlock-isolated-2026-03-26-22-38-54-utc-1-2048x1024.jpg 2048w, https:\/\/spanienaktuell.net\/wordpress\/wp-content\/uploads\/2026\/05\/ENVATO-ELEMENTS-smart-phone-with-golden-chain-and-padlock-isolated-2026-03-26-22-38-54-utc-1-350x175.jpg 350w\" sizes=\"(max-width: 1440px) 100vw, 1440px\" \/><\/p>\n<p>\u201eWir f\u00fchlen uns \u00fcberlastet, wenn wir nicht alle eingehenden Informationen verarbeiten k\u00f6nnen und unser Geist sich 2voll&#8217; oder gestresst anf\u00fchlt. Informations\u00fcberflutung ist mit negativen Emotionen verbunden, die wiederum zu h\u00e4ufigeren Blicken auf das Smartphone f\u00fchren k\u00f6nnen &#8211; ein Teufelskreis\u00bb, erl\u00e4utert Lassila. Fr\u00fchere Umfragen deuteten darauf hin, dass Menschen soziale Medien aufgeben, wenn sie ein Gef\u00fchl der digitalen \u00dcberforderung versp\u00fcren. Die Studie fand daf\u00fcr kaum Belege.<\/p>\n<p>\u201eMenschen f\u00e4llt es schwer, ihr Verhalten zu \u00e4ndern. \u00dcberraschenderweise nutzten stark \u00fcberlastete und nicht \u00fcberlastete Teilnehmer ihre Ger\u00e4te w\u00e4hrend des Untersuchungszeitraums etwa gleich lang. Diejenigen mit der h\u00f6chsten \u00dcberlastung blieben tendenziell dort, und diejenigen, die nicht \u00fcberlastet waren, wurden selten \u00fcberlastet\u00bb, erg\u00e4nzt Janne Lindqvist, der Lassila betreut. Man m\u00fcsse nicht sofort auf jedes Piepsen reagieren. \u201eMachen Sie eine Sache nach der anderen\u00bb, r\u00e4t er.<\/p>\n<p><em>Quelle &#8211; Helsinki pte004 <\/em><\/p>\n","protected":false},"excerpt":{"rendered":"<p>Zeit vor dem Bildschirm ist laut Forschern der Aalto-Universit\u00e4t nicht allein entscheidend Smartphone-, Laptop- oder Tablet-User, die stundenlang auf das [&hellip;]<\/p>\n","protected":false},"author":3,"featured_media":109238,"comment_status":"closed","ping_status":"closed","sticky":false,"template":"","format":"standard","meta":{"footnotes":""},"categories":[30],"tags":[],"class_list":["post-109237","post","type-post","status-publish","format-standard","has-post-thumbnail","hentry","category-recht-gesellschaft"],"yoast_head":"<!-- This site is optimized with the Yoast SEO plugin v27.1.1 - https:\/\/yoast.com\/product\/yoast-seo-wordpress\/ -->\n<title>Hektische Handy-Nutzung am gef\u00e4hrlichsten - Spanien aktuell<\/title>\n<meta name=\"robots\" content=\"index, follow, max-snippet:-1, max-image-preview:large, max-video-preview:-1\" \/>\n<link rel=\"canonical\" href=\"https:\/\/spanienaktuell.net\/wordpress\/hektische-handy-nutzung-am-gefahrlichsten\/\" \/>\n<meta property=\"og:locale\" content=\"es_ES\" \/>\n<meta property=\"og:type\" content=\"article\" \/>\n<meta property=\"og:title\" content=\"Hektische Handy-Nutzung am gef\u00e4hrlichsten - Spanien aktuell\" \/>\n<meta property=\"og:description\" content=\"Zeit vor dem Bildschirm ist laut Forschern der Aalto-Universit\u00e4t nicht allein entscheidend Smartphone-, Laptop- oder Tablet-User, die stundenlang auf das [&hellip;]\" \/>\n<meta property=\"og:url\" content=\"https:\/\/spanienaktuell.net\/wordpress\/hektische-handy-nutzung-am-gefahrlichsten\/\" \/>\n<meta property=\"og:site_name\" content=\"Spanien aktuell\" \/>\n<meta property=\"article:published_time\" content=\"2026-05-01T09:48:37+00:00\" \/>\n<meta property=\"article:modified_time\" content=\"2026-05-01T10:52:13+00:00\" \/>\n<meta property=\"og:image\" content=\"https:\/\/spanienaktuell.net\/wordpress\/wp-content\/uploads\/2026\/05\/ENVATO-ELEMNTS-excited-guy-playing-video-game-on-mobile-phone-wit-2026-01-08-06-55-24-utc-scaled.jpg\" \/>\n\t<meta property=\"og:image:width\" content=\"1440\" \/>\n\t<meta property=\"og:image:height\" content=\"525\" \/>\n\t<meta property=\"og:image:type\" content=\"image\/jpeg\" \/>\n<meta name=\"author\" content=\"Spanien Aktuell\" \/>\n<meta name=\"twitter:card\" content=\"summary_large_image\" \/>\n<meta name=\"twitter:label1\" content=\"Escrito por\" \/>\n\t<meta name=\"twitter:data1\" content=\"Spanien Aktuell\" \/>\n\t<meta name=\"twitter:label2\" content=\"Tiempo de lectura\" \/>\n\t<meta name=\"twitter:data2\" content=\"3 minutos\" \/>\n<script type=\"application\/ld+json\" class=\"yoast-schema-graph\">{\"@context\":\"https:\/\/schema.org\",\"@graph\":[{\"@type\":\"Article\",\"@id\":\"https:\/\/spanienaktuell.net\/wordpress\/hektische-handy-nutzung-am-gefahrlichsten\/#article\",\"isPartOf\":{\"@id\":\"https:\/\/spanienaktuell.net\/wordpress\/hektische-handy-nutzung-am-gefahrlichsten\/\"},\"author\":{\"name\":\"Spanien Aktuell\",\"@id\":\"https:\/\/spanienaktuell.net\/wordpress\/#\/schema\/person\/bc410cfae0161b201d837ebfeeba7fd0\"},\"headline\":\"Hektische Handy-Nutzung am gef\u00e4hrlichsten\",\"datePublished\":\"2026-05-01T09:48:37+00:00\",\"dateModified\":\"2026-05-01T10:52:13+00:00\",\"mainEntityOfPage\":{\"@id\":\"https:\/\/spanienaktuell.net\/wordpress\/hektische-handy-nutzung-am-gefahrlichsten\/\"},\"wordCount\":413,\"publisher\":{\"@id\":\"https:\/\/spanienaktuell.net\/wordpress\/#organization\"},\"image\":{\"@id\":\"https:\/\/spanienaktuell.net\/wordpress\/hektische-handy-nutzung-am-gefahrlichsten\/#primaryimage\"},\"thumbnailUrl\":\"https:\/\/spanienaktuell.net\/wordpress\/wp-content\/uploads\/2026\/05\/ENVATO-ELEMNTS-excited-guy-playing-video-game-on-mobile-phone-wit-2026-01-08-06-55-24-utc-scaled.jpg\",\"articleSection\":[\"Recht\"],\"inLanguage\":\"es\"},{\"@type\":\"WebPage\",\"@id\":\"https:\/\/spanienaktuell.net\/wordpress\/hektische-handy-nutzung-am-gefahrlichsten\/\",\"url\":\"https:\/\/spanienaktuell.net\/wordpress\/hektische-handy-nutzung-am-gefahrlichsten\/\",\"name\":\"Hektische Handy-Nutzung am gef\u00e4hrlichsten - Spanien aktuell\",\"isPartOf\":{\"@id\":\"https:\/\/spanienaktuell.net\/wordpress\/#website\"},\"primaryImageOfPage\":{\"@id\":\"https:\/\/spanienaktuell.net\/wordpress\/hektische-handy-nutzung-am-gefahrlichsten\/#primaryimage\"},\"image\":{\"@id\":\"https:\/\/spanienaktuell.net\/wordpress\/hektische-handy-nutzung-am-gefahrlichsten\/#primaryimage\"},\"thumbnailUrl\":\"https:\/\/spanienaktuell.net\/wordpress\/wp-content\/uploads\/2026\/05\/ENVATO-ELEMNTS-excited-guy-playing-video-game-on-mobile-phone-wit-2026-01-08-06-55-24-utc-scaled.jpg\",\"datePublished\":\"2026-05-01T09:48:37+00:00\",\"dateModified\":\"2026-05-01T10:52:13+00:00\",\"breadcrumb\":{\"@id\":\"https:\/\/spanienaktuell.net\/wordpress\/hektische-handy-nutzung-am-gefahrlichsten\/#breadcrumb\"},\"inLanguage\":\"es\",\"potentialAction\":[{\"@type\":\"ReadAction\",\"target\":[\"https:\/\/spanienaktuell.net\/wordpress\/hektische-handy-nutzung-am-gefahrlichsten\/\"]}]},{\"@type\":\"ImageObject\",\"inLanguage\":\"es\",\"@id\":\"https:\/\/spanienaktuell.net\/wordpress\/hektische-handy-nutzung-am-gefahrlichsten\/#primaryimage\",\"url\":\"https:\/\/spanienaktuell.net\/wordpress\/wp-content\/uploads\/2026\/05\/ENVATO-ELEMNTS-excited-guy-playing-video-game-on-mobile-phone-wit-2026-01-08-06-55-24-utc-scaled.jpg\",\"contentUrl\":\"https:\/\/spanienaktuell.net\/wordpress\/wp-content\/uploads\/2026\/05\/ENVATO-ELEMNTS-excited-guy-playing-video-game-on-mobile-phone-wit-2026-01-08-06-55-24-utc-scaled.jpg\",\"width\":1440,\"height\":525},{\"@type\":\"BreadcrumbList\",\"@id\":\"https:\/\/spanienaktuell.net\/wordpress\/hektische-handy-nutzung-am-gefahrlichsten\/#breadcrumb\",\"itemListElement\":[{\"@type\":\"ListItem\",\"position\":1,\"name\":\"Portada\",\"item\":\"https:\/\/spanienaktuell.net\/wordpress\/\"},{\"@type\":\"ListItem\",\"position\":2,\"name\":\"Hektische Handy-Nutzung am gef\u00e4hrlichsten\"}]},{\"@type\":\"WebSite\",\"@id\":\"https:\/\/spanienaktuell.net\/wordpress\/#website\",\"url\":\"https:\/\/spanienaktuell.net\/wordpress\/\",\"name\":\"Spanien aktuell\",\"description\":\"The German magazine number 1 on the Costa del Sol\",\"publisher\":{\"@id\":\"https:\/\/spanienaktuell.net\/wordpress\/#organization\"},\"potentialAction\":[{\"@type\":\"SearchAction\",\"target\":{\"@type\":\"EntryPoint\",\"urlTemplate\":\"https:\/\/spanienaktuell.net\/wordpress\/?s={search_term_string}\"},\"query-input\":{\"@type\":\"PropertyValueSpecification\",\"valueRequired\":true,\"valueName\":\"search_term_string\"}}],\"inLanguage\":\"es\"},{\"@type\":\"Organization\",\"@id\":\"https:\/\/spanienaktuell.net\/wordpress\/#organization\",\"name\":\"Spanien aktuell\",\"url\":\"https:\/\/spanienaktuell.net\/wordpress\/\",\"logo\":{\"@type\":\"ImageObject\",\"inLanguage\":\"es\",\"@id\":\"https:\/\/spanienaktuell.net\/wordpress\/#\/schema\/logo\/image\/\",\"url\":\"https:\/\/spanienaktuell.net\/wordpress\/wp-content\/uploads\/2019\/06\/cropped-Logo-spanien-aktuell-png-web-e1561631085388.png\",\"contentUrl\":\"https:\/\/spanienaktuell.net\/wordpress\/wp-content\/uploads\/2019\/06\/cropped-Logo-spanien-aktuell-png-web-e1561631085388.png\",\"width\":512,\"height\":110,\"caption\":\"Spanien aktuell\"},\"image\":{\"@id\":\"https:\/\/spanienaktuell.net\/wordpress\/#\/schema\/logo\/image\/\"}},{\"@type\":\"Person\",\"@id\":\"https:\/\/spanienaktuell.net\/wordpress\/#\/schema\/person\/bc410cfae0161b201d837ebfeeba7fd0\",\"name\":\"Spanien Aktuell\",\"image\":{\"@type\":\"ImageObject\",\"inLanguage\":\"es\",\"@id\":\"https:\/\/spanienaktuell.net\/wordpress\/#\/schema\/person\/image\/\",\"url\":\"https:\/\/spanienaktuell.net\/wordpress\/wp-content\/uploads\/2019\/06\/cropped-Logo-spanien-aktuell-png-fav2-100x100.png\",\"contentUrl\":\"https:\/\/spanienaktuell.net\/wordpress\/wp-content\/uploads\/2019\/06\/cropped-Logo-spanien-aktuell-png-fav2-100x100.png\",\"caption\":\"Spanien Aktuell\"},\"url\":\"https:\/\/spanienaktuell.net\/wordpress\/author\/koalum\/\"}]}<\/script>\n<!-- \/ Yoast SEO plugin. -->","yoast_head_json":{"title":"Hektische Handy-Nutzung am gef\u00e4hrlichsten - Spanien aktuell","robots":{"index":"index","follow":"follow","max-snippet":"max-snippet:-1","max-image-preview":"max-image-preview:large","max-video-preview":"max-video-preview:-1"},"canonical":"https:\/\/spanienaktuell.net\/wordpress\/hektische-handy-nutzung-am-gefahrlichsten\/","og_locale":"es_ES","og_type":"article","og_title":"Hektische Handy-Nutzung am gef\u00e4hrlichsten - Spanien aktuell","og_description":"Zeit vor dem Bildschirm ist laut Forschern der Aalto-Universit\u00e4t nicht allein entscheidend Smartphone-, Laptop- oder Tablet-User, die stundenlang auf das [&hellip;]","og_url":"https:\/\/spanienaktuell.net\/wordpress\/hektische-handy-nutzung-am-gefahrlichsten\/","og_site_name":"Spanien aktuell","article_published_time":"2026-05-01T09:48:37+00:00","article_modified_time":"2026-05-01T10:52:13+00:00","og_image":[{"width":1440,"height":525,"url":"https:\/\/spanienaktuell.net\/wordpress\/wp-content\/uploads\/2026\/05\/ENVATO-ELEMNTS-excited-guy-playing-video-game-on-mobile-phone-wit-2026-01-08-06-55-24-utc-scaled.jpg","type":"image\/jpeg"}],"author":"Spanien Aktuell","twitter_card":"summary_large_image","twitter_misc":{"Escrito por":"Spanien Aktuell","Tiempo de lectura":"3 minutos"},"schema":{"@context":"https:\/\/schema.org","@graph":[{"@type":"Article","@id":"https:\/\/spanienaktuell.net\/wordpress\/hektische-handy-nutzung-am-gefahrlichsten\/#article","isPartOf":{"@id":"https:\/\/spanienaktuell.net\/wordpress\/hektische-handy-nutzung-am-gefahrlichsten\/"},"author":{"name":"Spanien Aktuell","@id":"https:\/\/spanienaktuell.net\/wordpress\/#\/schema\/person\/bc410cfae0161b201d837ebfeeba7fd0"},"headline":"Hektische Handy-Nutzung am gef\u00e4hrlichsten","datePublished":"2026-05-01T09:48:37+00:00","dateModified":"2026-05-01T10:52:13+00:00","mainEntityOfPage":{"@id":"https:\/\/spanienaktuell.net\/wordpress\/hektische-handy-nutzung-am-gefahrlichsten\/"},"wordCount":413,"publisher":{"@id":"https:\/\/spanienaktuell.net\/wordpress\/#organization"},"image":{"@id":"https:\/\/spanienaktuell.net\/wordpress\/hektische-handy-nutzung-am-gefahrlichsten\/#primaryimage"},"thumbnailUrl":"https:\/\/spanienaktuell.net\/wordpress\/wp-content\/uploads\/2026\/05\/ENVATO-ELEMNTS-excited-guy-playing-video-game-on-mobile-phone-wit-2026-01-08-06-55-24-utc-scaled.jpg","articleSection":["Recht"],"inLanguage":"es"},{"@type":"WebPage","@id":"https:\/\/spanienaktuell.net\/wordpress\/hektische-handy-nutzung-am-gefahrlichsten\/","url":"https:\/\/spanienaktuell.net\/wordpress\/hektische-handy-nutzung-am-gefahrlichsten\/","name":"Hektische Handy-Nutzung am gef\u00e4hrlichsten - Spanien aktuell","isPartOf":{"@id":"https:\/\/spanienaktuell.net\/wordpress\/#website"},"primaryImageOfPage":{"@id":"https:\/\/spanienaktuell.net\/wordpress\/hektische-handy-nutzung-am-gefahrlichsten\/#primaryimage"},"image":{"@id":"https:\/\/spanienaktuell.net\/wordpress\/hektische-handy-nutzung-am-gefahrlichsten\/#primaryimage"},"thumbnailUrl":"https:\/\/spanienaktuell.net\/wordpress\/wp-content\/uploads\/2026\/05\/ENVATO-ELEMNTS-excited-guy-playing-video-game-on-mobile-phone-wit-2026-01-08-06-55-24-utc-scaled.jpg","datePublished":"2026-05-01T09:48:37+00:00","dateModified":"2026-05-01T10:52:13+00:00","breadcrumb":{"@id":"https:\/\/spanienaktuell.net\/wordpress\/hektische-handy-nutzung-am-gefahrlichsten\/#breadcrumb"},"inLanguage":"es","potentialAction":[{"@type":"ReadAction","target":["https:\/\/spanienaktuell.net\/wordpress\/hektische-handy-nutzung-am-gefahrlichsten\/"]}]},{"@type":"ImageObject","inLanguage":"es","@id":"https:\/\/spanienaktuell.net\/wordpress\/hektische-handy-nutzung-am-gefahrlichsten\/#primaryimage","url":"https:\/\/spanienaktuell.net\/wordpress\/wp-content\/uploads\/2026\/05\/ENVATO-ELEMNTS-excited-guy-playing-video-game-on-mobile-phone-wit-2026-01-08-06-55-24-utc-scaled.jpg","contentUrl":"https:\/\/spanienaktuell.net\/wordpress\/wp-content\/uploads\/2026\/05\/ENVATO-ELEMNTS-excited-guy-playing-video-game-on-mobile-phone-wit-2026-01-08-06-55-24-utc-scaled.jpg","width":1440,"height":525},{"@type":"BreadcrumbList","@id":"https:\/\/spanienaktuell.net\/wordpress\/hektische-handy-nutzung-am-gefahrlichsten\/#breadcrumb","itemListElement":[{"@type":"ListItem","position":1,"name":"Portada","item":"https:\/\/spanienaktuell.net\/wordpress\/"},{"@type":"ListItem","position":2,"name":"Hektische Handy-Nutzung am gef\u00e4hrlichsten"}]},{"@type":"WebSite","@id":"https:\/\/spanienaktuell.net\/wordpress\/#website","url":"https:\/\/spanienaktuell.net\/wordpress\/","name":"Spanien aktuell","description":"The German magazine number 1 on the Costa del Sol","publisher":{"@id":"https:\/\/spanienaktuell.net\/wordpress\/#organization"},"potentialAction":[{"@type":"SearchAction","target":{"@type":"EntryPoint","urlTemplate":"https:\/\/spanienaktuell.net\/wordpress\/?s={search_term_string}"},"query-input":{"@type":"PropertyValueSpecification","valueRequired":true,"valueName":"search_term_string"}}],"inLanguage":"es"},{"@type":"Organization","@id":"https:\/\/spanienaktuell.net\/wordpress\/#organization","name":"Spanien aktuell","url":"https:\/\/spanienaktuell.net\/wordpress\/","logo":{"@type":"ImageObject","inLanguage":"es","@id":"https:\/\/spanienaktuell.net\/wordpress\/#\/schema\/logo\/image\/","url":"https:\/\/spanienaktuell.net\/wordpress\/wp-content\/uploads\/2019\/06\/cropped-Logo-spanien-aktuell-png-web-e1561631085388.png","contentUrl":"https:\/\/spanienaktuell.net\/wordpress\/wp-content\/uploads\/2019\/06\/cropped-Logo-spanien-aktuell-png-web-e1561631085388.png","width":512,"height":110,"caption":"Spanien aktuell"},"image":{"@id":"https:\/\/spanienaktuell.net\/wordpress\/#\/schema\/logo\/image\/"}},{"@type":"Person","@id":"https:\/\/spanienaktuell.net\/wordpress\/#\/schema\/person\/bc410cfae0161b201d837ebfeeba7fd0","name":"Spanien Aktuell","image":{"@type":"ImageObject","inLanguage":"es","@id":"https:\/\/spanienaktuell.net\/wordpress\/#\/schema\/person\/image\/","url":"https:\/\/spanienaktuell.net\/wordpress\/wp-content\/uploads\/2019\/06\/cropped-Logo-spanien-aktuell-png-fav2-100x100.png","contentUrl":"https:\/\/spanienaktuell.net\/wordpress\/wp-content\/uploads\/2019\/06\/cropped-Logo-spanien-aktuell-png-fav2-100x100.png","caption":"Spanien Aktuell"},"url":"https:\/\/spanienaktuell.net\/wordpress\/author\/koalum\/"}]}},"_links":{"self":[{"href":"https:\/\/spanienaktuell.net\/wordpress\/wp-json\/wp\/v2\/posts\/109237","targetHints":{"allow":["GET"]}}],"collection":[{"href":"https:\/\/spanienaktuell.net\/wordpress\/wp-json\/wp\/v2\/posts"}],"about":[{"href":"https:\/\/spanienaktuell.net\/wordpress\/wp-json\/wp\/v2\/types\/post"}],"author":[{"embeddable":true,"href":"https:\/\/spanienaktuell.net\/wordpress\/wp-json\/wp\/v2\/users\/3"}],"replies":[{"embeddable":true,"href":"https:\/\/spanienaktuell.net\/wordpress\/wp-json\/wp\/v2\/comments?post=109237"}],"version-history":[{"count":1,"href":"https:\/\/spanienaktuell.net\/wordpress\/wp-json\/wp\/v2\/posts\/109237\/revisions"}],"predecessor-version":[{"id":109244,"href":"https:\/\/spanienaktuell.net\/wordpress\/wp-json\/wp\/v2\/posts\/109237\/revisions\/109244"}],"wp:featuredmedia":[{"embeddable":true,"href":"https:\/\/spanienaktuell.net\/wordpress\/wp-json\/wp\/v2\/media\/109238"}],"wp:attachment":[{"href":"https:\/\/spanienaktuell.net\/wordpress\/wp-json\/wp\/v2\/media?parent=109237"}],"wp:term":[{"taxonomy":"category","embeddable":true,"href":"https:\/\/spanienaktuell.net\/wordpress\/wp-json\/wp\/v2\/categories?post=109237"},{"taxonomy":"post_tag","embeddable":true,"href":"https:\/\/spanienaktuell.net\/wordpress\/wp-json\/wp\/v2\/tags?post=109237"}],"curies":[{"name":"wp","href":"https:\/\/api.w.org\/{rel}","templated":true}]}}