{"id":109245,"date":"2026-05-01T11:52:50","date_gmt":"2026-05-01T09:52:50","guid":{"rendered":"https:\/\/spanienaktuell.net\/wordpress\/?p=109245"},"modified":"2026-05-01T11:52:50","modified_gmt":"2026-05-01T09:52:50","slug":"waldschaden-in-europa-konnten-bis-2100-um-rund-20-prozent-steigen-selbst-wenn-erwarmung-auf-2c-begrenzt-wird","status":"publish","type":"post","link":"https:\/\/spanienaktuell.net\/wordpress\/waldschaden-in-europa-konnten-bis-2100-um-rund-20-prozent-steigen-selbst-wenn-erwarmung-auf-2c-begrenzt-wird\/","title":{"rendered":"Waldsch\u00e4den in Europa k\u00f6nnten bis 2100 um rund 20 Prozent steigen, selbst wenn Erw\u00e4rmung auf 2\u00b0C begrenzt wird"},"content":{"rendered":"<p><img decoding=\"async\" class=\"aligncenter size-full wp-image-109246\" src=\"https:\/\/spanienaktuell.net\/wordpress\/wp-content\/uploads\/2026\/05\/ENVATO-ELEMNTS-mountains-on-sunset-2026-03-17-14-43-35-utc-scaled.jpg\" alt=\"\" width=\"1440\" height=\"333\" srcset=\"https:\/\/spanienaktuell.net\/wordpress\/wp-content\/uploads\/2026\/05\/ENVATO-ELEMNTS-mountains-on-sunset-2026-03-17-14-43-35-utc-scaled.jpg 1440w, https:\/\/spanienaktuell.net\/wordpress\/wp-content\/uploads\/2026\/05\/ENVATO-ELEMNTS-mountains-on-sunset-2026-03-17-14-43-35-utc-300x69.jpg 300w, https:\/\/spanienaktuell.net\/wordpress\/wp-content\/uploads\/2026\/05\/ENVATO-ELEMNTS-mountains-on-sunset-2026-03-17-14-43-35-utc-1024x237.jpg 1024w, https:\/\/spanienaktuell.net\/wordpress\/wp-content\/uploads\/2026\/05\/ENVATO-ELEMNTS-mountains-on-sunset-2026-03-17-14-43-35-utc-768x178.jpg 768w, https:\/\/spanienaktuell.net\/wordpress\/wp-content\/uploads\/2026\/05\/ENVATO-ELEMNTS-mountains-on-sunset-2026-03-17-14-43-35-utc-1536x355.jpg 1536w, https:\/\/spanienaktuell.net\/wordpress\/wp-content\/uploads\/2026\/05\/ENVATO-ELEMNTS-mountains-on-sunset-2026-03-17-14-43-35-utc-2048x473.jpg 2048w, https:\/\/spanienaktuell.net\/wordpress\/wp-content\/uploads\/2026\/05\/ENVATO-ELEMNTS-mountains-on-sunset-2026-03-17-14-43-35-utc-350x81.jpg 350w\" sizes=\"(max-width: 1440px) 100vw, 1440px\" \/><\/p>\n<p>Waldsch\u00e4den in Europa durch Br\u00e4nde, St\u00fcrme und Borkenk\u00e4fer werden im Vergleich zu den vergangenen Jahrzehnten unter allen analysierten Klimaszenarien zunehmen. Das ist das Ergebnis einer neuen internationalen Studie mit Beteiligung des Potsdam-Instituts f\u00fcr Klimafolgenforschung (PIK), die in der Fachzeitschrift Science ver\u00f6ffentlicht wurde.<\/p>\n<p><img decoding=\"async\" class=\"aligncenter size-full wp-image-109248\" src=\"https:\/\/spanienaktuell.net\/wordpress\/wp-content\/uploads\/2026\/05\/ENVATO-ELEMNTS-beautiful-autumn-day-in-the-mountains-2026-03-17-04-25-48-utc-scaled.jpg\" alt=\"\" width=\"1440\" height=\"838\" srcset=\"https:\/\/spanienaktuell.net\/wordpress\/wp-content\/uploads\/2026\/05\/ENVATO-ELEMNTS-beautiful-autumn-day-in-the-mountains-2026-03-17-04-25-48-utc-scaled.jpg 1440w, https:\/\/spanienaktuell.net\/wordpress\/wp-content\/uploads\/2026\/05\/ENVATO-ELEMNTS-beautiful-autumn-day-in-the-mountains-2026-03-17-04-25-48-utc-300x175.jpg 300w, https:\/\/spanienaktuell.net\/wordpress\/wp-content\/uploads\/2026\/05\/ENVATO-ELEMNTS-beautiful-autumn-day-in-the-mountains-2026-03-17-04-25-48-utc-1024x596.jpg 1024w, https:\/\/spanienaktuell.net\/wordpress\/wp-content\/uploads\/2026\/05\/ENVATO-ELEMNTS-beautiful-autumn-day-in-the-mountains-2026-03-17-04-25-48-utc-768x447.jpg 768w, https:\/\/spanienaktuell.net\/wordpress\/wp-content\/uploads\/2026\/05\/ENVATO-ELEMNTS-beautiful-autumn-day-in-the-mountains-2026-03-17-04-25-48-utc-1536x894.jpg 1536w, https:\/\/spanienaktuell.net\/wordpress\/wp-content\/uploads\/2026\/05\/ENVATO-ELEMNTS-beautiful-autumn-day-in-the-mountains-2026-03-17-04-25-48-utc-2048x1192.jpg 2048w, https:\/\/spanienaktuell.net\/wordpress\/wp-content\/uploads\/2026\/05\/ENVATO-ELEMNTS-beautiful-autumn-day-in-the-mountains-2026-03-17-04-25-48-utc-350x204.jpg 350w\" sizes=\"(max-width: 1440px) 100vw, 1440px\" \/><\/p>\n<p>Selbst wenn die Erderw\u00e4rmung auf etwa 2\u00b0C begrenzt wird, k\u00f6nnte die j\u00e4hrlich gesch\u00e4digte Waldfl\u00e4che bis zum Ende des Jahrhunderts von rund 180.000 Hektar auf etwa 216.000 Hektar pro Jahr steigen \u2013 und damit h\u00f6her liegen als in den ohnehin schon stark betroffenen Jahren 1986 bis 2020. In einem Szenario, in dem die Nutzung fossiler Energietr\u00e4ger weiter zunimmt, k\u00f6nnte sich die Waldsch\u00e4den mehr als verdoppeln und bis zum Ende des Jahrhunderts nahezu 370.000 Hektar pro Jahr erreichen.<\/p>\n<p>\u201eIn Zukunft werden Europas W\u00e4lder voraussichtlich weniger Kohlenstoff aufnehmen\u201c, sagt Christopher Reyer, Wissenschaftler am PIK und Mitautor der Studie. \u201eWenn W\u00e4lder weniger Kohlenstoff binden oder m\u00f6glicherweise sogar mehr freisetzen als sie aufnehmen, erh\u00f6ht das den Druck auf andere Sektoren wie Verkehr und Landwirtschaft, ihre Emissionen schneller zu senken. Gleichzeitig sollte die Waldbewirtschaftung st\u00e4rker die Resilienz von W\u00e4ldern f\u00f6rdern.\u201c<\/p>\n<p><img decoding=\"async\" class=\"aligncenter size-full wp-image-109247\" src=\"https:\/\/spanienaktuell.net\/wordpress\/wp-content\/uploads\/2026\/05\/ENVATO-ELEMNTS-view-to-dreisessel-trojmezi-and-trojmezna-hills-w-2026-03-26-01-20-45-utc-scaled.jpg\" alt=\"\" width=\"1440\" height=\"960\" srcset=\"https:\/\/spanienaktuell.net\/wordpress\/wp-content\/uploads\/2026\/05\/ENVATO-ELEMNTS-view-to-dreisessel-trojmezi-and-trojmezna-hills-w-2026-03-26-01-20-45-utc-scaled.jpg 1440w, https:\/\/spanienaktuell.net\/wordpress\/wp-content\/uploads\/2026\/05\/ENVATO-ELEMNTS-view-to-dreisessel-trojmezi-and-trojmezna-hills-w-2026-03-26-01-20-45-utc-300x200.jpg 300w, https:\/\/spanienaktuell.net\/wordpress\/wp-content\/uploads\/2026\/05\/ENVATO-ELEMNTS-view-to-dreisessel-trojmezi-and-trojmezna-hills-w-2026-03-26-01-20-45-utc-1024x683.jpg 1024w, https:\/\/spanienaktuell.net\/wordpress\/wp-content\/uploads\/2026\/05\/ENVATO-ELEMNTS-view-to-dreisessel-trojmezi-and-trojmezna-hills-w-2026-03-26-01-20-45-utc-768x512.jpg 768w, https:\/\/spanienaktuell.net\/wordpress\/wp-content\/uploads\/2026\/05\/ENVATO-ELEMNTS-view-to-dreisessel-trojmezi-and-trojmezna-hills-w-2026-03-26-01-20-45-utc-1536x1024.jpg 1536w, https:\/\/spanienaktuell.net\/wordpress\/wp-content\/uploads\/2026\/05\/ENVATO-ELEMNTS-view-to-dreisessel-trojmezi-and-trojmezna-hills-w-2026-03-26-01-20-45-utc-2048x1365.jpg 2048w, https:\/\/spanienaktuell.net\/wordpress\/wp-content\/uploads\/2026\/05\/ENVATO-ELEMNTS-view-to-dreisessel-trojmezi-and-trojmezna-hills-w-2026-03-26-01-20-45-utc-350x233.jpg 350w\" sizes=\"(max-width: 1440px) 100vw, 1440px\" \/><\/p>\n<p>Besonders <strong>stark betroffen<\/strong> sind der Studie zufolge <strong>S\u00fcd- und Westeuropa<\/strong>, wo die Ver\u00e4nderungen am ausgepr\u00e4gtesten ausfallen d\u00fcrften. Nordeuropa wird insgesamt weniger stark betroffen sein, allerdings k\u00f6nnten auch dort regionale Hotspots mit erh\u00f6htem Schadensrisiko entstehen. Die Studie wurde von Forschenden der Technischen Universit\u00e4t M\u00fcnchen (TUM) geleitet.<\/p>\n<p><strong>Weblink zum Artikel: <\/strong><span style=\"color: #0000ff;\"><a style=\"color: #0000ff;\" href=\"https:\/\/www.science.org\/doi\/10.1126\/science.adx6329\"><strong>https:\/\/www.science.org\/doi\/10.1126\/science.adx6329<\/strong><\/a><\/span><\/p>\n<p><em>Quelle- Potsdam-Institut f\u00fcr Klimafolgenforschung e.V.<\/em><\/p>\n","protected":false},"excerpt":{"rendered":"<p>Waldsch\u00e4den in Europa durch Br\u00e4nde, St\u00fcrme und Borkenk\u00e4fer werden im Vergleich zu den vergangenen Jahrzehnten unter allen analysierten Klimaszenarien zunehmen. [&hellip;]<\/p>\n","protected":false},"author":3,"featured_media":109246,"comment_status":"closed","ping_status":"closed","sticky":false,"template":"","format":"standard","meta":{"footnotes":""},"categories":[30],"tags":[],"class_list":["post-109245","post","type-post","status-publish","format-standard","has-post-thumbnail","hentry","category-recht-gesellschaft"],"yoast_head":"<!-- This site is optimized with the Yoast SEO plugin v27.1.1 - https:\/\/yoast.com\/product\/yoast-seo-wordpress\/ -->\n<title>Waldsch\u00e4den in Europa k\u00f6nnten bis 2100 um rund 20 Prozent steigen, selbst wenn Erw\u00e4rmung auf 2\u00b0C begrenzt wird - Spanien aktuell<\/title>\n<meta name=\"robots\" content=\"index, follow, max-snippet:-1, max-image-preview:large, max-video-preview:-1\" \/>\n<link rel=\"canonical\" href=\"https:\/\/spanienaktuell.net\/wordpress\/waldschaden-in-europa-konnten-bis-2100-um-rund-20-prozent-steigen-selbst-wenn-erwarmung-auf-2c-begrenzt-wird\/\" \/>\n<meta property=\"og:locale\" content=\"es_ES\" \/>\n<meta property=\"og:type\" content=\"article\" \/>\n<meta property=\"og:title\" content=\"Waldsch\u00e4den in Europa k\u00f6nnten bis 2100 um rund 20 Prozent steigen, selbst wenn Erw\u00e4rmung auf 2\u00b0C begrenzt wird - Spanien aktuell\" \/>\n<meta property=\"og:description\" content=\"Waldsch\u00e4den in Europa durch Br\u00e4nde, St\u00fcrme und Borkenk\u00e4fer werden im Vergleich zu den vergangenen Jahrzehnten unter allen analysierten Klimaszenarien zunehmen. [&hellip;]\" \/>\n<meta property=\"og:url\" content=\"https:\/\/spanienaktuell.net\/wordpress\/waldschaden-in-europa-konnten-bis-2100-um-rund-20-prozent-steigen-selbst-wenn-erwarmung-auf-2c-begrenzt-wird\/\" \/>\n<meta property=\"og:site_name\" content=\"Spanien aktuell\" \/>\n<meta property=\"article:published_time\" content=\"2026-05-01T09:52:50+00:00\" \/>\n<meta property=\"og:image\" content=\"https:\/\/spanienaktuell.net\/wordpress\/wp-content\/uploads\/2026\/05\/ENVATO-ELEMNTS-mountains-on-sunset-2026-03-17-14-43-35-utc-scaled.jpg\" \/>\n\t<meta property=\"og:image:width\" content=\"1440\" \/>\n\t<meta property=\"og:image:height\" content=\"333\" \/>\n\t<meta property=\"og:image:type\" content=\"image\/jpeg\" \/>\n<meta name=\"author\" content=\"Spanien Aktuell\" \/>\n<meta name=\"twitter:card\" content=\"summary_large_image\" \/>\n<meta name=\"twitter:label1\" content=\"Escrito por\" \/>\n\t<meta name=\"twitter:data1\" content=\"Spanien Aktuell\" \/>\n\t<meta name=\"twitter:label2\" content=\"Tiempo de lectura\" \/>\n\t<meta name=\"twitter:data2\" content=\"2 minutos\" \/>\n<script type=\"application\/ld+json\" class=\"yoast-schema-graph\">{\"@context\":\"https:\/\/schema.org\",\"@graph\":[{\"@type\":\"Article\",\"@id\":\"https:\/\/spanienaktuell.net\/wordpress\/waldschaden-in-europa-konnten-bis-2100-um-rund-20-prozent-steigen-selbst-wenn-erwarmung-auf-2c-begrenzt-wird\/#article\",\"isPartOf\":{\"@id\":\"https:\/\/spanienaktuell.net\/wordpress\/waldschaden-in-europa-konnten-bis-2100-um-rund-20-prozent-steigen-selbst-wenn-erwarmung-auf-2c-begrenzt-wird\/\"},\"author\":{\"name\":\"Spanien Aktuell\",\"@id\":\"https:\/\/spanienaktuell.net\/wordpress\/#\/schema\/person\/bc410cfae0161b201d837ebfeeba7fd0\"},\"headline\":\"Waldsch\u00e4den in Europa k\u00f6nnten bis 2100 um rund 20 Prozent steigen, selbst wenn Erw\u00e4rmung auf 2\u00b0C begrenzt wird\",\"datePublished\":\"2026-05-01T09:52:50+00:00\",\"mainEntityOfPage\":{\"@id\":\"https:\/\/spanienaktuell.net\/wordpress\/waldschaden-in-europa-konnten-bis-2100-um-rund-20-prozent-steigen-selbst-wenn-erwarmung-auf-2c-begrenzt-wird\/\"},\"wordCount\":281,\"publisher\":{\"@id\":\"https:\/\/spanienaktuell.net\/wordpress\/#organization\"},\"image\":{\"@id\":\"https:\/\/spanienaktuell.net\/wordpress\/waldschaden-in-europa-konnten-bis-2100-um-rund-20-prozent-steigen-selbst-wenn-erwarmung-auf-2c-begrenzt-wird\/#primaryimage\"},\"thumbnailUrl\":\"https:\/\/spanienaktuell.net\/wordpress\/wp-content\/uploads\/2026\/05\/ENVATO-ELEMNTS-mountains-on-sunset-2026-03-17-14-43-35-utc-scaled.jpg\",\"articleSection\":[\"Recht\"],\"inLanguage\":\"es\"},{\"@type\":\"WebPage\",\"@id\":\"https:\/\/spanienaktuell.net\/wordpress\/waldschaden-in-europa-konnten-bis-2100-um-rund-20-prozent-steigen-selbst-wenn-erwarmung-auf-2c-begrenzt-wird\/\",\"url\":\"https:\/\/spanienaktuell.net\/wordpress\/waldschaden-in-europa-konnten-bis-2100-um-rund-20-prozent-steigen-selbst-wenn-erwarmung-auf-2c-begrenzt-wird\/\",\"name\":\"Waldsch\u00e4den in Europa k\u00f6nnten bis 2100 um rund 20 Prozent steigen, selbst wenn Erw\u00e4rmung auf 2\u00b0C begrenzt wird - Spanien aktuell\",\"isPartOf\":{\"@id\":\"https:\/\/spanienaktuell.net\/wordpress\/#website\"},\"primaryImageOfPage\":{\"@id\":\"https:\/\/spanienaktuell.net\/wordpress\/waldschaden-in-europa-konnten-bis-2100-um-rund-20-prozent-steigen-selbst-wenn-erwarmung-auf-2c-begrenzt-wird\/#primaryimage\"},\"image\":{\"@id\":\"https:\/\/spanienaktuell.net\/wordpress\/waldschaden-in-europa-konnten-bis-2100-um-rund-20-prozent-steigen-selbst-wenn-erwarmung-auf-2c-begrenzt-wird\/#primaryimage\"},\"thumbnailUrl\":\"https:\/\/spanienaktuell.net\/wordpress\/wp-content\/uploads\/2026\/05\/ENVATO-ELEMNTS-mountains-on-sunset-2026-03-17-14-43-35-utc-scaled.jpg\",\"datePublished\":\"2026-05-01T09:52:50+00:00\",\"breadcrumb\":{\"@id\":\"https:\/\/spanienaktuell.net\/wordpress\/waldschaden-in-europa-konnten-bis-2100-um-rund-20-prozent-steigen-selbst-wenn-erwarmung-auf-2c-begrenzt-wird\/#breadcrumb\"},\"inLanguage\":\"es\",\"potentialAction\":[{\"@type\":\"ReadAction\",\"target\":[\"https:\/\/spanienaktuell.net\/wordpress\/waldschaden-in-europa-konnten-bis-2100-um-rund-20-prozent-steigen-selbst-wenn-erwarmung-auf-2c-begrenzt-wird\/\"]}]},{\"@type\":\"ImageObject\",\"inLanguage\":\"es\",\"@id\":\"https:\/\/spanienaktuell.net\/wordpress\/waldschaden-in-europa-konnten-bis-2100-um-rund-20-prozent-steigen-selbst-wenn-erwarmung-auf-2c-begrenzt-wird\/#primaryimage\",\"url\":\"https:\/\/spanienaktuell.net\/wordpress\/wp-content\/uploads\/2026\/05\/ENVATO-ELEMNTS-mountains-on-sunset-2026-03-17-14-43-35-utc-scaled.jpg\",\"contentUrl\":\"https:\/\/spanienaktuell.net\/wordpress\/wp-content\/uploads\/2026\/05\/ENVATO-ELEMNTS-mountains-on-sunset-2026-03-17-14-43-35-utc-scaled.jpg\",\"width\":1440,\"height\":333},{\"@type\":\"BreadcrumbList\",\"@id\":\"https:\/\/spanienaktuell.net\/wordpress\/waldschaden-in-europa-konnten-bis-2100-um-rund-20-prozent-steigen-selbst-wenn-erwarmung-auf-2c-begrenzt-wird\/#breadcrumb\",\"itemListElement\":[{\"@type\":\"ListItem\",\"position\":1,\"name\":\"Portada\",\"item\":\"https:\/\/spanienaktuell.net\/wordpress\/\"},{\"@type\":\"ListItem\",\"position\":2,\"name\":\"Waldsch\u00e4den in Europa k\u00f6nnten bis 2100 um rund 20 Prozent steigen, selbst wenn Erw\u00e4rmung auf 2\u00b0C begrenzt wird\"}]},{\"@type\":\"WebSite\",\"@id\":\"https:\/\/spanienaktuell.net\/wordpress\/#website\",\"url\":\"https:\/\/spanienaktuell.net\/wordpress\/\",\"name\":\"Spanien aktuell\",\"description\":\"The German magazine number 1 on the Costa del Sol\",\"publisher\":{\"@id\":\"https:\/\/spanienaktuell.net\/wordpress\/#organization\"},\"potentialAction\":[{\"@type\":\"SearchAction\",\"target\":{\"@type\":\"EntryPoint\",\"urlTemplate\":\"https:\/\/spanienaktuell.net\/wordpress\/?s={search_term_string}\"},\"query-input\":{\"@type\":\"PropertyValueSpecification\",\"valueRequired\":true,\"valueName\":\"search_term_string\"}}],\"inLanguage\":\"es\"},{\"@type\":\"Organization\",\"@id\":\"https:\/\/spanienaktuell.net\/wordpress\/#organization\",\"name\":\"Spanien aktuell\",\"url\":\"https:\/\/spanienaktuell.net\/wordpress\/\",\"logo\":{\"@type\":\"ImageObject\",\"inLanguage\":\"es\",\"@id\":\"https:\/\/spanienaktuell.net\/wordpress\/#\/schema\/logo\/image\/\",\"url\":\"https:\/\/spanienaktuell.net\/wordpress\/wp-content\/uploads\/2019\/06\/cropped-Logo-spanien-aktuell-png-web-e1561631085388.png\",\"contentUrl\":\"https:\/\/spanienaktuell.net\/wordpress\/wp-content\/uploads\/2019\/06\/cropped-Logo-spanien-aktuell-png-web-e1561631085388.png\",\"width\":512,\"height\":110,\"caption\":\"Spanien aktuell\"},\"image\":{\"@id\":\"https:\/\/spanienaktuell.net\/wordpress\/#\/schema\/logo\/image\/\"}},{\"@type\":\"Person\",\"@id\":\"https:\/\/spanienaktuell.net\/wordpress\/#\/schema\/person\/bc410cfae0161b201d837ebfeeba7fd0\",\"name\":\"Spanien Aktuell\",\"image\":{\"@type\":\"ImageObject\",\"inLanguage\":\"es\",\"@id\":\"https:\/\/spanienaktuell.net\/wordpress\/#\/schema\/person\/image\/\",\"url\":\"https:\/\/spanienaktuell.net\/wordpress\/wp-content\/uploads\/2019\/06\/cropped-Logo-spanien-aktuell-png-fav2-100x100.png\",\"contentUrl\":\"https:\/\/spanienaktuell.net\/wordpress\/wp-content\/uploads\/2019\/06\/cropped-Logo-spanien-aktuell-png-fav2-100x100.png\",\"caption\":\"Spanien Aktuell\"},\"url\":\"https:\/\/spanienaktuell.net\/wordpress\/author\/koalum\/\"}]}<\/script>\n<!-- \/ Yoast SEO plugin. -->","yoast_head_json":{"title":"Waldsch\u00e4den in Europa k\u00f6nnten bis 2100 um rund 20 Prozent steigen, selbst wenn Erw\u00e4rmung auf 2\u00b0C begrenzt wird - Spanien aktuell","robots":{"index":"index","follow":"follow","max-snippet":"max-snippet:-1","max-image-preview":"max-image-preview:large","max-video-preview":"max-video-preview:-1"},"canonical":"https:\/\/spanienaktuell.net\/wordpress\/waldschaden-in-europa-konnten-bis-2100-um-rund-20-prozent-steigen-selbst-wenn-erwarmung-auf-2c-begrenzt-wird\/","og_locale":"es_ES","og_type":"article","og_title":"Waldsch\u00e4den in Europa k\u00f6nnten bis 2100 um rund 20 Prozent steigen, selbst wenn Erw\u00e4rmung auf 2\u00b0C begrenzt wird - Spanien aktuell","og_description":"Waldsch\u00e4den in Europa durch Br\u00e4nde, St\u00fcrme und Borkenk\u00e4fer werden im Vergleich zu den vergangenen Jahrzehnten unter allen analysierten Klimaszenarien zunehmen. [&hellip;]","og_url":"https:\/\/spanienaktuell.net\/wordpress\/waldschaden-in-europa-konnten-bis-2100-um-rund-20-prozent-steigen-selbst-wenn-erwarmung-auf-2c-begrenzt-wird\/","og_site_name":"Spanien aktuell","article_published_time":"2026-05-01T09:52:50+00:00","og_image":[{"width":1440,"height":333,"url":"https:\/\/spanienaktuell.net\/wordpress\/wp-content\/uploads\/2026\/05\/ENVATO-ELEMNTS-mountains-on-sunset-2026-03-17-14-43-35-utc-scaled.jpg","type":"image\/jpeg"}],"author":"Spanien Aktuell","twitter_card":"summary_large_image","twitter_misc":{"Escrito por":"Spanien Aktuell","Tiempo de lectura":"2 minutos"},"schema":{"@context":"https:\/\/schema.org","@graph":[{"@type":"Article","@id":"https:\/\/spanienaktuell.net\/wordpress\/waldschaden-in-europa-konnten-bis-2100-um-rund-20-prozent-steigen-selbst-wenn-erwarmung-auf-2c-begrenzt-wird\/#article","isPartOf":{"@id":"https:\/\/spanienaktuell.net\/wordpress\/waldschaden-in-europa-konnten-bis-2100-um-rund-20-prozent-steigen-selbst-wenn-erwarmung-auf-2c-begrenzt-wird\/"},"author":{"name":"Spanien Aktuell","@id":"https:\/\/spanienaktuell.net\/wordpress\/#\/schema\/person\/bc410cfae0161b201d837ebfeeba7fd0"},"headline":"Waldsch\u00e4den in Europa k\u00f6nnten bis 2100 um rund 20 Prozent steigen, selbst wenn Erw\u00e4rmung auf 2\u00b0C begrenzt wird","datePublished":"2026-05-01T09:52:50+00:00","mainEntityOfPage":{"@id":"https:\/\/spanienaktuell.net\/wordpress\/waldschaden-in-europa-konnten-bis-2100-um-rund-20-prozent-steigen-selbst-wenn-erwarmung-auf-2c-begrenzt-wird\/"},"wordCount":281,"publisher":{"@id":"https:\/\/spanienaktuell.net\/wordpress\/#organization"},"image":{"@id":"https:\/\/spanienaktuell.net\/wordpress\/waldschaden-in-europa-konnten-bis-2100-um-rund-20-prozent-steigen-selbst-wenn-erwarmung-auf-2c-begrenzt-wird\/#primaryimage"},"thumbnailUrl":"https:\/\/spanienaktuell.net\/wordpress\/wp-content\/uploads\/2026\/05\/ENVATO-ELEMNTS-mountains-on-sunset-2026-03-17-14-43-35-utc-scaled.jpg","articleSection":["Recht"],"inLanguage":"es"},{"@type":"WebPage","@id":"https:\/\/spanienaktuell.net\/wordpress\/waldschaden-in-europa-konnten-bis-2100-um-rund-20-prozent-steigen-selbst-wenn-erwarmung-auf-2c-begrenzt-wird\/","url":"https:\/\/spanienaktuell.net\/wordpress\/waldschaden-in-europa-konnten-bis-2100-um-rund-20-prozent-steigen-selbst-wenn-erwarmung-auf-2c-begrenzt-wird\/","name":"Waldsch\u00e4den in Europa k\u00f6nnten bis 2100 um rund 20 Prozent steigen, selbst wenn Erw\u00e4rmung auf 2\u00b0C begrenzt wird - Spanien aktuell","isPartOf":{"@id":"https:\/\/spanienaktuell.net\/wordpress\/#website"},"primaryImageOfPage":{"@id":"https:\/\/spanienaktuell.net\/wordpress\/waldschaden-in-europa-konnten-bis-2100-um-rund-20-prozent-steigen-selbst-wenn-erwarmung-auf-2c-begrenzt-wird\/#primaryimage"},"image":{"@id":"https:\/\/spanienaktuell.net\/wordpress\/waldschaden-in-europa-konnten-bis-2100-um-rund-20-prozent-steigen-selbst-wenn-erwarmung-auf-2c-begrenzt-wird\/#primaryimage"},"thumbnailUrl":"https:\/\/spanienaktuell.net\/wordpress\/wp-content\/uploads\/2026\/05\/ENVATO-ELEMNTS-mountains-on-sunset-2026-03-17-14-43-35-utc-scaled.jpg","datePublished":"2026-05-01T09:52:50+00:00","breadcrumb":{"@id":"https:\/\/spanienaktuell.net\/wordpress\/waldschaden-in-europa-konnten-bis-2100-um-rund-20-prozent-steigen-selbst-wenn-erwarmung-auf-2c-begrenzt-wird\/#breadcrumb"},"inLanguage":"es","potentialAction":[{"@type":"ReadAction","target":["https:\/\/spanienaktuell.net\/wordpress\/waldschaden-in-europa-konnten-bis-2100-um-rund-20-prozent-steigen-selbst-wenn-erwarmung-auf-2c-begrenzt-wird\/"]}]},{"@type":"ImageObject","inLanguage":"es","@id":"https:\/\/spanienaktuell.net\/wordpress\/waldschaden-in-europa-konnten-bis-2100-um-rund-20-prozent-steigen-selbst-wenn-erwarmung-auf-2c-begrenzt-wird\/#primaryimage","url":"https:\/\/spanienaktuell.net\/wordpress\/wp-content\/uploads\/2026\/05\/ENVATO-ELEMNTS-mountains-on-sunset-2026-03-17-14-43-35-utc-scaled.jpg","contentUrl":"https:\/\/spanienaktuell.net\/wordpress\/wp-content\/uploads\/2026\/05\/ENVATO-ELEMNTS-mountains-on-sunset-2026-03-17-14-43-35-utc-scaled.jpg","width":1440,"height":333},{"@type":"BreadcrumbList","@id":"https:\/\/spanienaktuell.net\/wordpress\/waldschaden-in-europa-konnten-bis-2100-um-rund-20-prozent-steigen-selbst-wenn-erwarmung-auf-2c-begrenzt-wird\/#breadcrumb","itemListElement":[{"@type":"ListItem","position":1,"name":"Portada","item":"https:\/\/spanienaktuell.net\/wordpress\/"},{"@type":"ListItem","position":2,"name":"Waldsch\u00e4den in Europa k\u00f6nnten bis 2100 um rund 20 Prozent steigen, selbst wenn Erw\u00e4rmung auf 2\u00b0C begrenzt wird"}]},{"@type":"WebSite","@id":"https:\/\/spanienaktuell.net\/wordpress\/#website","url":"https:\/\/spanienaktuell.net\/wordpress\/","name":"Spanien aktuell","description":"The German magazine number 1 on the Costa del Sol","publisher":{"@id":"https:\/\/spanienaktuell.net\/wordpress\/#organization"},"potentialAction":[{"@type":"SearchAction","target":{"@type":"EntryPoint","urlTemplate":"https:\/\/spanienaktuell.net\/wordpress\/?s={search_term_string}"},"query-input":{"@type":"PropertyValueSpecification","valueRequired":true,"valueName":"search_term_string"}}],"inLanguage":"es"},{"@type":"Organization","@id":"https:\/\/spanienaktuell.net\/wordpress\/#organization","name":"Spanien aktuell","url":"https:\/\/spanienaktuell.net\/wordpress\/","logo":{"@type":"ImageObject","inLanguage":"es","@id":"https:\/\/spanienaktuell.net\/wordpress\/#\/schema\/logo\/image\/","url":"https:\/\/spanienaktuell.net\/wordpress\/wp-content\/uploads\/2019\/06\/cropped-Logo-spanien-aktuell-png-web-e1561631085388.png","contentUrl":"https:\/\/spanienaktuell.net\/wordpress\/wp-content\/uploads\/2019\/06\/cropped-Logo-spanien-aktuell-png-web-e1561631085388.png","width":512,"height":110,"caption":"Spanien aktuell"},"image":{"@id":"https:\/\/spanienaktuell.net\/wordpress\/#\/schema\/logo\/image\/"}},{"@type":"Person","@id":"https:\/\/spanienaktuell.net\/wordpress\/#\/schema\/person\/bc410cfae0161b201d837ebfeeba7fd0","name":"Spanien Aktuell","image":{"@type":"ImageObject","inLanguage":"es","@id":"https:\/\/spanienaktuell.net\/wordpress\/#\/schema\/person\/image\/","url":"https:\/\/spanienaktuell.net\/wordpress\/wp-content\/uploads\/2019\/06\/cropped-Logo-spanien-aktuell-png-fav2-100x100.png","contentUrl":"https:\/\/spanienaktuell.net\/wordpress\/wp-content\/uploads\/2019\/06\/cropped-Logo-spanien-aktuell-png-fav2-100x100.png","caption":"Spanien Aktuell"},"url":"https:\/\/spanienaktuell.net\/wordpress\/author\/koalum\/"}]}},"_links":{"self":[{"href":"https:\/\/spanienaktuell.net\/wordpress\/wp-json\/wp\/v2\/posts\/109245","targetHints":{"allow":["GET"]}}],"collection":[{"href":"https:\/\/spanienaktuell.net\/wordpress\/wp-json\/wp\/v2\/posts"}],"about":[{"href":"https:\/\/spanienaktuell.net\/wordpress\/wp-json\/wp\/v2\/types\/post"}],"author":[{"embeddable":true,"href":"https:\/\/spanienaktuell.net\/wordpress\/wp-json\/wp\/v2\/users\/3"}],"replies":[{"embeddable":true,"href":"https:\/\/spanienaktuell.net\/wordpress\/wp-json\/wp\/v2\/comments?post=109245"}],"version-history":[{"count":1,"href":"https:\/\/spanienaktuell.net\/wordpress\/wp-json\/wp\/v2\/posts\/109245\/revisions"}],"predecessor-version":[{"id":109252,"href":"https:\/\/spanienaktuell.net\/wordpress\/wp-json\/wp\/v2\/posts\/109245\/revisions\/109252"}],"wp:featuredmedia":[{"embeddable":true,"href":"https:\/\/spanienaktuell.net\/wordpress\/wp-json\/wp\/v2\/media\/109246"}],"wp:attachment":[{"href":"https:\/\/spanienaktuell.net\/wordpress\/wp-json\/wp\/v2\/media?parent=109245"}],"wp:term":[{"taxonomy":"category","embeddable":true,"href":"https:\/\/spanienaktuell.net\/wordpress\/wp-json\/wp\/v2\/categories?post=109245"},{"taxonomy":"post_tag","embeddable":true,"href":"https:\/\/spanienaktuell.net\/wordpress\/wp-json\/wp\/v2\/tags?post=109245"}],"curies":[{"name":"wp","href":"https:\/\/api.w.org\/{rel}","templated":true}]}}