{"id":109272,"date":"2026-05-01T12:05:23","date_gmt":"2026-05-01T10:05:23","guid":{"rendered":"https:\/\/spanienaktuell.net\/wordpress\/?p=109272"},"modified":"2026-05-01T12:05:23","modified_gmt":"2026-05-01T10:05:23","slug":"ferrari-amalfi-spider","status":"publish","type":"post","link":"https:\/\/spanienaktuell.net\/wordpress\/ferrari-amalfi-spider\/","title":{"rendered":"Ferrari Amalfi Spider"},"content":{"rendered":"<p><img decoding=\"async\" class=\"aligncenter size-full wp-image-109273\" src=\"https:\/\/spanienaktuell.net\/wordpress\/wp-content\/uploads\/2026\/05\/20260303_front34_16_9_16b62cba-b96d-4a6e-a16c-a23b9ba5e40a-scaled.jpg\" alt=\"\" width=\"1440\" height=\"810\" srcset=\"https:\/\/spanienaktuell.net\/wordpress\/wp-content\/uploads\/2026\/05\/20260303_front34_16_9_16b62cba-b96d-4a6e-a16c-a23b9ba5e40a-scaled.jpg 1440w, https:\/\/spanienaktuell.net\/wordpress\/wp-content\/uploads\/2026\/05\/20260303_front34_16_9_16b62cba-b96d-4a6e-a16c-a23b9ba5e40a-300x169.jpg 300w, https:\/\/spanienaktuell.net\/wordpress\/wp-content\/uploads\/2026\/05\/20260303_front34_16_9_16b62cba-b96d-4a6e-a16c-a23b9ba5e40a-1024x576.jpg 1024w, https:\/\/spanienaktuell.net\/wordpress\/wp-content\/uploads\/2026\/05\/20260303_front34_16_9_16b62cba-b96d-4a6e-a16c-a23b9ba5e40a-768x432.jpg 768w, https:\/\/spanienaktuell.net\/wordpress\/wp-content\/uploads\/2026\/05\/20260303_front34_16_9_16b62cba-b96d-4a6e-a16c-a23b9ba5e40a-1536x864.jpg 1536w, https:\/\/spanienaktuell.net\/wordpress\/wp-content\/uploads\/2026\/05\/20260303_front34_16_9_16b62cba-b96d-4a6e-a16c-a23b9ba5e40a-2048x1152.jpg 2048w, https:\/\/spanienaktuell.net\/wordpress\/wp-content\/uploads\/2026\/05\/20260303_front34_16_9_16b62cba-b96d-4a6e-a16c-a23b9ba5e40a-350x197.jpg 350w\" sizes=\"(max-width: 1440px) 100vw, 1440px\" \/><\/p>\n<p>Der neue Ferrari Amalfi Spider ist ein V8 2+ Spider mit frontmittig eingebautem Motor und vereint moderne Sportlichkeit mit Alltagstauglichkeit. F\u00fcr Fahrer, die ein dynamisches Fahrerlebnis suchen, ohne auf Komfort oder Stil zu verzichten, kombiniert er herausragende Leistung mit praktischer Vielseitigkeit \u2013 und das unvergleichliche Vergn\u00fcgen offenen Fahrens macht jede Fahrt intensiver.<\/p>\n<p>Er verk\u00f6rpert den Ferrari-Sportstil in offener Ausf\u00fchrung: eine harmonische Mischung aus Performance, Eleganz, Fahrspa\u00df und Alltagstauglichkeit. Mit offenem Dach wird der Kontakt zur Stra\u00dfe und das Open-Air-Erlebnis Teil jeder Fahrt \u2013 ohne Kompromisse bei Komfort oder Nutzbarkeit.<\/p>\n<p><img decoding=\"async\" class=\"aligncenter size-full wp-image-109279\" src=\"https:\/\/spanienaktuell.net\/wordpress\/wp-content\/uploads\/2026\/05\/20260305_Shot_09_REV6_16x9_2ded77fd-63f0-4731-bef6-a39ce21b4b37-scaled.jpg\" alt=\"\" width=\"1440\" height=\"810\" srcset=\"https:\/\/spanienaktuell.net\/wordpress\/wp-content\/uploads\/2026\/05\/20260305_Shot_09_REV6_16x9_2ded77fd-63f0-4731-bef6-a39ce21b4b37-scaled.jpg 1440w, https:\/\/spanienaktuell.net\/wordpress\/wp-content\/uploads\/2026\/05\/20260305_Shot_09_REV6_16x9_2ded77fd-63f0-4731-bef6-a39ce21b4b37-300x169.jpg 300w, https:\/\/spanienaktuell.net\/wordpress\/wp-content\/uploads\/2026\/05\/20260305_Shot_09_REV6_16x9_2ded77fd-63f0-4731-bef6-a39ce21b4b37-1024x576.jpg 1024w, https:\/\/spanienaktuell.net\/wordpress\/wp-content\/uploads\/2026\/05\/20260305_Shot_09_REV6_16x9_2ded77fd-63f0-4731-bef6-a39ce21b4b37-768x432.jpg 768w, https:\/\/spanienaktuell.net\/wordpress\/wp-content\/uploads\/2026\/05\/20260305_Shot_09_REV6_16x9_2ded77fd-63f0-4731-bef6-a39ce21b4b37-1536x864.jpg 1536w, https:\/\/spanienaktuell.net\/wordpress\/wp-content\/uploads\/2026\/05\/20260305_Shot_09_REV6_16x9_2ded77fd-63f0-4731-bef6-a39ce21b4b37-2048x1152.jpg 2048w, https:\/\/spanienaktuell.net\/wordpress\/wp-content\/uploads\/2026\/05\/20260305_Shot_09_REV6_16x9_2ded77fd-63f0-4731-bef6-a39ce21b4b37-350x197.jpg 350w\" sizes=\"(max-width: 1440px) 100vw, 1440px\" \/><\/p>\n<p>Das Design bewahrt die Proportionen und flie\u00dfende Silhouette des geschlossenen Amalfi. Das Softtop unterstreicht den vielseitigen Charakter und bietet vier ma\u00dfgefertigte Stofffarben, zwei technische Gewebe (darunter das neue \u201eTecnico Ottanio\u201c) sowie optionales Kontrastn\u00e4hen, das sportlichen Charakter und elegante Ausstrahlung verst\u00e4rkt. Die Webstruktur des technischen Gewebes erzeugt einen subtilen Schimmereffekt, der das Dach bei jedem Lichteinfall lebendig wirken l\u00e4sst.<\/p>\n<p><img decoding=\"async\" class=\"aligncenter size-full wp-image-109283\" src=\"https:\/\/spanienaktuell.net\/wordpress\/wp-content\/uploads\/2026\/05\/20260309_upper_rear34_cappotta_31a4d35f-4471-49ad-83fc-1be42ff25b5f-scaled.jpg\" alt=\"\" width=\"1440\" height=\"810\" srcset=\"https:\/\/spanienaktuell.net\/wordpress\/wp-content\/uploads\/2026\/05\/20260309_upper_rear34_cappotta_31a4d35f-4471-49ad-83fc-1be42ff25b5f-scaled.jpg 1440w, https:\/\/spanienaktuell.net\/wordpress\/wp-content\/uploads\/2026\/05\/20260309_upper_rear34_cappotta_31a4d35f-4471-49ad-83fc-1be42ff25b5f-300x169.jpg 300w, https:\/\/spanienaktuell.net\/wordpress\/wp-content\/uploads\/2026\/05\/20260309_upper_rear34_cappotta_31a4d35f-4471-49ad-83fc-1be42ff25b5f-1024x576.jpg 1024w, https:\/\/spanienaktuell.net\/wordpress\/wp-content\/uploads\/2026\/05\/20260309_upper_rear34_cappotta_31a4d35f-4471-49ad-83fc-1be42ff25b5f-768x432.jpg 768w, https:\/\/spanienaktuell.net\/wordpress\/wp-content\/uploads\/2026\/05\/20260309_upper_rear34_cappotta_31a4d35f-4471-49ad-83fc-1be42ff25b5f-1536x864.jpg 1536w, https:\/\/spanienaktuell.net\/wordpress\/wp-content\/uploads\/2026\/05\/20260309_upper_rear34_cappotta_31a4d35f-4471-49ad-83fc-1be42ff25b5f-2048x1152.jpg 2048w, https:\/\/spanienaktuell.net\/wordpress\/wp-content\/uploads\/2026\/05\/20260309_upper_rear34_cappotta_31a4d35f-4471-49ad-83fc-1be42ff25b5f-350x197.jpg 350w\" sizes=\"(max-width: 1440px) 100vw, 1440px\" \/><\/p>\n<p>Das Verdeck \u00f6ffnet in 13,5 Sekunden, auch bei Geschwindigkeiten bis 60 km\/h. Im zusammengefalteten Zustand bleibt es mit nur 220 mm besonders kompakt, der Kofferraum fasst 255 Liter bei geschlossenem und 172 Liter bei ge\u00f6ffnetem Dach \u2013 ideal f\u00fcr Alltag und Wochenendausfl\u00fcge. F\u00fcnflagiges Gewebe sorgt f\u00fcr Schall- und W\u00e4rmed\u00e4mmung auf dem Niveau eines Ferrari Retractable Hardtop.<\/p>\n<p><strong>Interieur<\/strong><\/p>\n<p><img decoding=\"async\" class=\"aligncenter size-full wp-image-109281\" src=\"https:\/\/spanienaktuell.net\/wordpress\/wp-content\/uploads\/2026\/05\/20260309_INT_C_06_16bit_rev3_9ff23b2e-0051-4bfa-ab62-98e4be263946-scaled.jpg\" alt=\"\" width=\"1440\" height=\"810\" srcset=\"https:\/\/spanienaktuell.net\/wordpress\/wp-content\/uploads\/2026\/05\/20260309_INT_C_06_16bit_rev3_9ff23b2e-0051-4bfa-ab62-98e4be263946-scaled.jpg 1440w, https:\/\/spanienaktuell.net\/wordpress\/wp-content\/uploads\/2026\/05\/20260309_INT_C_06_16bit_rev3_9ff23b2e-0051-4bfa-ab62-98e4be263946-300x169.jpg 300w, https:\/\/spanienaktuell.net\/wordpress\/wp-content\/uploads\/2026\/05\/20260309_INT_C_06_16bit_rev3_9ff23b2e-0051-4bfa-ab62-98e4be263946-1024x576.jpg 1024w, https:\/\/spanienaktuell.net\/wordpress\/wp-content\/uploads\/2026\/05\/20260309_INT_C_06_16bit_rev3_9ff23b2e-0051-4bfa-ab62-98e4be263946-768x432.jpg 768w, https:\/\/spanienaktuell.net\/wordpress\/wp-content\/uploads\/2026\/05\/20260309_INT_C_06_16bit_rev3_9ff23b2e-0051-4bfa-ab62-98e4be263946-1536x864.jpg 1536w, https:\/\/spanienaktuell.net\/wordpress\/wp-content\/uploads\/2026\/05\/20260309_INT_C_06_16bit_rev3_9ff23b2e-0051-4bfa-ab62-98e4be263946-2048x1152.jpg 2048w, https:\/\/spanienaktuell.net\/wordpress\/wp-content\/uploads\/2026\/05\/20260309_INT_C_06_16bit_rev3_9ff23b2e-0051-4bfa-ab62-98e4be263946-350x197.jpg 350w\" sizes=\"(max-width: 1440px) 100vw, 1440px\" \/><\/p>\n<p>Wie beim geschlossenen Amalfi verf\u00fcgt der Spider \u00fcber ein Dual-Cockpit-Layout und eine weiterentwickelte Fahrer-Fahrzeug-Schnittstelle. Das Lenkrad mit physischen Tasten, der ikonische Startknopf, das zentrale Display und die intuitiven Bedienelemente garantieren Komfort und Kontrolle selbst bei dynamischer Fahrt. Die 2+-Konfiguration erh\u00f6ht die Alltagstauglichkeit: R\u00fccksitze eignen sich f\u00fcr Kinder oder zus\u00e4tzlichen Stauraum. Ein integrierter Windabweiser in der R\u00fcckbank reduziert Luftverwirbelungen und steigert den Komfort bei offenem Dach.<\/p>\n<p>Das Interieur setzt den eleganten, alltagstauglichen Sportcharakter fort und ist speziell f\u00fcr Open-Air-Fahrten konzipiert. Das Dual-Cockpit erzeugt einen Kokon-Effekt f\u00fcr Fahrer und Beifahrer und erstreckt sich nahtlos vom Armaturenbrett \u00fcber die T\u00fcren in den Mitteltunnel. Die R\u00fccksitze \u00fcbernehmen eine unterst\u00fctzende Rolle, ohne die klare Linienf\u00fchrung zu beeintr\u00e4chtigen. Das zentrale Display erm\u00f6glicht Interaktion zwischen Fahrer und Beifahrer und betont die doppelte Natur: sportlich und vielseitig.<\/p>\n<p><img decoding=\"async\" class=\"aligncenter size-full wp-image-109280\" src=\"https:\/\/spanienaktuell.net\/wordpress\/wp-content\/uploads\/2026\/05\/20260309_INT_A_03_rev3_2d080377-fdda-4b15-9eb1-c97f460505b3-scaled.jpg\" alt=\"\" width=\"1440\" height=\"960\" srcset=\"https:\/\/spanienaktuell.net\/wordpress\/wp-content\/uploads\/2026\/05\/20260309_INT_A_03_rev3_2d080377-fdda-4b15-9eb1-c97f460505b3-scaled.jpg 1440w, https:\/\/spanienaktuell.net\/wordpress\/wp-content\/uploads\/2026\/05\/20260309_INT_A_03_rev3_2d080377-fdda-4b15-9eb1-c97f460505b3-300x200.jpg 300w, https:\/\/spanienaktuell.net\/wordpress\/wp-content\/uploads\/2026\/05\/20260309_INT_A_03_rev3_2d080377-fdda-4b15-9eb1-c97f460505b3-1024x683.jpg 1024w, https:\/\/spanienaktuell.net\/wordpress\/wp-content\/uploads\/2026\/05\/20260309_INT_A_03_rev3_2d080377-fdda-4b15-9eb1-c97f460505b3-768x512.jpg 768w, https:\/\/spanienaktuell.net\/wordpress\/wp-content\/uploads\/2026\/05\/20260309_INT_A_03_rev3_2d080377-fdda-4b15-9eb1-c97f460505b3-1536x1024.jpg 1536w, https:\/\/spanienaktuell.net\/wordpress\/wp-content\/uploads\/2026\/05\/20260309_INT_A_03_rev3_2d080377-fdda-4b15-9eb1-c97f460505b3-2048x1365.jpg 2048w, https:\/\/spanienaktuell.net\/wordpress\/wp-content\/uploads\/2026\/05\/20260309_INT_A_03_rev3_2d080377-fdda-4b15-9eb1-c97f460505b3-350x233.jpg 350w\" sizes=\"(max-width: 1440px) 100vw, 1440px\" \/><\/p>\n<p>Das Design ist klar, minimalistisch und reduziert, um Materialien, Oberfl\u00e4chen und Geometrien hervorzuheben. Instrumente und L\u00fcftungsd\u00fcsen wurden erstmals in einem monolithischen Cockpit zusammengef\u00fchrt. Der Mitteltunnel als Aluminium-Br\u00fccke beherbergt die prim\u00e4ren Bedienelemente, sekund\u00e4re Funktionen sind ergonomisch weiter hinten platziert. T\u00fcrverkleidungen greifen ein Segel-Motiv auf und integrieren Griffe und Armlehnen elegant.<\/p>\n<p><img decoding=\"async\" class=\"aligncenter size-full wp-image-109282\" src=\"https:\/\/spanienaktuell.net\/wordpress\/wp-content\/uploads\/2026\/05\/20260309_upper_rear34_26b48f5b-0b0d-4832-a589-8a5685772a69-scaled.jpg\" alt=\"\" width=\"1440\" height=\"810\" srcset=\"https:\/\/spanienaktuell.net\/wordpress\/wp-content\/uploads\/2026\/05\/20260309_upper_rear34_26b48f5b-0b0d-4832-a589-8a5685772a69-scaled.jpg 1440w, https:\/\/spanienaktuell.net\/wordpress\/wp-content\/uploads\/2026\/05\/20260309_upper_rear34_26b48f5b-0b0d-4832-a589-8a5685772a69-300x169.jpg 300w, https:\/\/spanienaktuell.net\/wordpress\/wp-content\/uploads\/2026\/05\/20260309_upper_rear34_26b48f5b-0b0d-4832-a589-8a5685772a69-1024x576.jpg 1024w, https:\/\/spanienaktuell.net\/wordpress\/wp-content\/uploads\/2026\/05\/20260309_upper_rear34_26b48f5b-0b0d-4832-a589-8a5685772a69-768x432.jpg 768w, https:\/\/spanienaktuell.net\/wordpress\/wp-content\/uploads\/2026\/05\/20260309_upper_rear34_26b48f5b-0b0d-4832-a589-8a5685772a69-1536x864.jpg 1536w, https:\/\/spanienaktuell.net\/wordpress\/wp-content\/uploads\/2026\/05\/20260309_upper_rear34_26b48f5b-0b0d-4832-a589-8a5685772a69-2048x1152.jpg 2048w, https:\/\/spanienaktuell.net\/wordpress\/wp-content\/uploads\/2026\/05\/20260309_upper_rear34_26b48f5b-0b0d-4832-a589-8a5685772a69-350x197.jpg 350w\" sizes=\"(max-width: 1440px) 100vw, 1440px\" \/><\/p>\n<p>Die Personalisierung zieht sich konsequent ins Interieur: Stoffelemente des Softtops finden sich auf Tonneau-Abdeckung, T\u00fcrverkleidungen und R\u00fccksitzen wieder \u2013 eine bisher unerreichte stilistische Kontinuit\u00e4t, selbst bei offenem Dach.<\/p>\n<p><strong>Fahrer\u2013Fahrzeug-Schnittstelle<\/strong><\/p>\n<p>Die Onboard-Erfahrung wurde f\u00fcr intuitive, technologische Interaktion optimiert. Das Lenkrad mit physischen Tasten bringt haptische Kontrolle zur\u00fcck: links ADAS, adaptive Geschwindigkeitsregelung, Telefon und Sprachbefehle; rechts Anzeigenwahl und Instrumenteninteraktion. Zwei Drehregler am Heck steuern Lautst\u00e4rke und Sender, eine Taste wechselt die Audioquelle.<\/p>\n<ul>\n<li>Drei Hauptdisplays liefern alle relevanten Informationen:<\/li>\n<li>15,6 Zoll digitales Kombiinstrument: Fahr- und Fahrzeugdynamik<\/li>\n<li>10,25 Zoll zentrales Display: Multimedia, Radio, Telefon, Screen Mirroring, Klima, Sitzverstellung, Fahrzeugeinstellungen<\/li>\n<li>8,8 Zoll Beifahrer-Display: Co-Pilot-Erlebnis, G-Kr\u00e4fte, Drehzahlen<\/li>\n<\/ul>\n<p>Apple CarPlay\u00ae, Android Auto\u00ae und kabelloses Laden im Mitteltunnel sind integriert. Mit MyFerrari Connect l\u00e4sst sich der Fahrzeugstatus per App \u00fcberwachen.<\/p>\n<p><strong>Fahrwerk und Architektur<\/strong><\/p>\n<p><img decoding=\"async\" class=\"aligncenter size-full wp-image-109278\" src=\"https:\/\/spanienaktuell.net\/wordpress\/wp-content\/uploads\/2026\/05\/20260303_side_A_16_9_f73082d3-0ad6-4496-b23f-985de3d2acd2-scaled.jpg\" alt=\"\" width=\"1440\" height=\"810\" srcset=\"https:\/\/spanienaktuell.net\/wordpress\/wp-content\/uploads\/2026\/05\/20260303_side_A_16_9_f73082d3-0ad6-4496-b23f-985de3d2acd2-scaled.jpg 1440w, https:\/\/spanienaktuell.net\/wordpress\/wp-content\/uploads\/2026\/05\/20260303_side_A_16_9_f73082d3-0ad6-4496-b23f-985de3d2acd2-300x169.jpg 300w, https:\/\/spanienaktuell.net\/wordpress\/wp-content\/uploads\/2026\/05\/20260303_side_A_16_9_f73082d3-0ad6-4496-b23f-985de3d2acd2-1024x576.jpg 1024w, https:\/\/spanienaktuell.net\/wordpress\/wp-content\/uploads\/2026\/05\/20260303_side_A_16_9_f73082d3-0ad6-4496-b23f-985de3d2acd2-768x432.jpg 768w, https:\/\/spanienaktuell.net\/wordpress\/wp-content\/uploads\/2026\/05\/20260303_side_A_16_9_f73082d3-0ad6-4496-b23f-985de3d2acd2-1536x864.jpg 1536w, https:\/\/spanienaktuell.net\/wordpress\/wp-content\/uploads\/2026\/05\/20260303_side_A_16_9_f73082d3-0ad6-4496-b23f-985de3d2acd2-2048x1152.jpg 2048w, https:\/\/spanienaktuell.net\/wordpress\/wp-content\/uploads\/2026\/05\/20260303_side_A_16_9_f73082d3-0ad6-4496-b23f-985de3d2acd2-350x197.jpg 350w\" sizes=\"(max-width: 1440px) 100vw, 1440px\" \/><\/p>\n<p>Der Ferrari Amalfi Spider verbindet kompromissloses Open-Air-Fahrerlebnis mit h\u00f6chstem Komfort und Alltagstauglichkeit. Das Softtop ist leicht, robust und \u00f6ffnet dank Z-Falt-Kinematik in 13,5\u202fSekunden selbst bei 60\u202fkm\/h. Im verstauten Zustand misst es nur 220\u202fmm und optimiert so das Raumangebot. Das f\u00fcnflagige Akustikgewebe d\u00e4mpft Stra\u00dfen- und Au\u00dfenger\u00e4usche vergleichbar mit einem Retractable Hardtop (RHT). Der Kofferraum fasst 255\u202fLiter bei geschlossenem und 172\u202fLiter bei ge\u00f6ffnetem Dach \u2013 ideal f\u00fcr Stadtfahrten und Wochenendausfl\u00fcge.<\/p>\n<p><strong>Aerodynamik<\/strong><\/p>\n<p><img decoding=\"async\" class=\"aligncenter size-full wp-image-109277\" src=\"https:\/\/spanienaktuell.net\/wordpress\/wp-content\/uploads\/2026\/05\/20260303_Shot_13_REV2_EDIT_16_9_94ebd127-1334-479b-949f-793725e1e9a1-scaled.jpg\" alt=\"\" width=\"1440\" height=\"810\" srcset=\"https:\/\/spanienaktuell.net\/wordpress\/wp-content\/uploads\/2026\/05\/20260303_Shot_13_REV2_EDIT_16_9_94ebd127-1334-479b-949f-793725e1e9a1-scaled.jpg 1440w, https:\/\/spanienaktuell.net\/wordpress\/wp-content\/uploads\/2026\/05\/20260303_Shot_13_REV2_EDIT_16_9_94ebd127-1334-479b-949f-793725e1e9a1-300x169.jpg 300w, https:\/\/spanienaktuell.net\/wordpress\/wp-content\/uploads\/2026\/05\/20260303_Shot_13_REV2_EDIT_16_9_94ebd127-1334-479b-949f-793725e1e9a1-1024x576.jpg 1024w, https:\/\/spanienaktuell.net\/wordpress\/wp-content\/uploads\/2026\/05\/20260303_Shot_13_REV2_EDIT_16_9_94ebd127-1334-479b-949f-793725e1e9a1-768x432.jpg 768w, https:\/\/spanienaktuell.net\/wordpress\/wp-content\/uploads\/2026\/05\/20260303_Shot_13_REV2_EDIT_16_9_94ebd127-1334-479b-949f-793725e1e9a1-1536x864.jpg 1536w, https:\/\/spanienaktuell.net\/wordpress\/wp-content\/uploads\/2026\/05\/20260303_Shot_13_REV2_EDIT_16_9_94ebd127-1334-479b-949f-793725e1e9a1-2048x1152.jpg 2048w, https:\/\/spanienaktuell.net\/wordpress\/wp-content\/uploads\/2026\/05\/20260303_Shot_13_REV2_EDIT_16_9_94ebd127-1334-479b-949f-793725e1e9a1-350x197.jpg 350w\" sizes=\"(max-width: 1440px) 100vw, 1440px\" \/><\/p>\n<p>Ziel der Entwicklung war ein Cabriolet, das aerodynamisch mit dem Ferrari Amalfi mithalten kann und selbst bei offenem Dach Komfort bietet. Das Softtop beeinflusst die Karosserieform, weshalb zahlreiche Optimierungen f\u00fcr Effizienz und Abtrieb vorgenommen wurden. Funktionale Elemente wie Byp\u00e4sse \u00fcber den Scheinwerfern, Vortex-Generatoren, Diffusoren im Unterboden sowie aerodynamische Verkleidungen vor den R\u00e4dern sorgen f\u00fcr optimalen Luftfluss bei minimalem Widerstand.<\/p>\n<p>Am Heck regelt ein integrierter, beweglicher Spoiler automatisch drei Konfigurationen: Low Drag (LD), Medium Downforce (MD) und High Downforce (HD). In HD erzeugt er bei 250\u202fkm\/h bis zu 110\u202fkg zus\u00e4tzlichen Abtrieb bei minimalem Luftwiderstandszuwachs. Ein 20\u202fmm hoher Nolder optimiert den Luftstrom zus\u00e4tzlich. Der Heckdiffusor wurde f\u00fcr maximale Effizienz abgestimmt, die K\u00fchlmittelanordnung ist nahtlos integriert. Besonderen Komfort bietet der Windabweiser in den R\u00fccksitzen: per Knopfdruck aktivierbar, reduziert er Turbulenzen und L\u00e4rm bis 170\u202fkm\/h.<\/p>\n<p><strong>Antrieb<\/strong><\/p>\n<p><strong><img decoding=\"async\" class=\"aligncenter size-full wp-image-109273\" src=\"https:\/\/spanienaktuell.net\/wordpress\/wp-content\/uploads\/2026\/05\/20260303_front34_16_9_16b62cba-b96d-4a6e-a16c-a23b9ba5e40a-scaled.jpg\" alt=\"\" width=\"1440\" height=\"810\" srcset=\"https:\/\/spanienaktuell.net\/wordpress\/wp-content\/uploads\/2026\/05\/20260303_front34_16_9_16b62cba-b96d-4a6e-a16c-a23b9ba5e40a-scaled.jpg 1440w, https:\/\/spanienaktuell.net\/wordpress\/wp-content\/uploads\/2026\/05\/20260303_front34_16_9_16b62cba-b96d-4a6e-a16c-a23b9ba5e40a-300x169.jpg 300w, https:\/\/spanienaktuell.net\/wordpress\/wp-content\/uploads\/2026\/05\/20260303_front34_16_9_16b62cba-b96d-4a6e-a16c-a23b9ba5e40a-1024x576.jpg 1024w, https:\/\/spanienaktuell.net\/wordpress\/wp-content\/uploads\/2026\/05\/20260303_front34_16_9_16b62cba-b96d-4a6e-a16c-a23b9ba5e40a-768x432.jpg 768w, https:\/\/spanienaktuell.net\/wordpress\/wp-content\/uploads\/2026\/05\/20260303_front34_16_9_16b62cba-b96d-4a6e-a16c-a23b9ba5e40a-1536x864.jpg 1536w, https:\/\/spanienaktuell.net\/wordpress\/wp-content\/uploads\/2026\/05\/20260303_front34_16_9_16b62cba-b96d-4a6e-a16c-a23b9ba5e40a-2048x1152.jpg 2048w, https:\/\/spanienaktuell.net\/wordpress\/wp-content\/uploads\/2026\/05\/20260303_front34_16_9_16b62cba-b96d-4a6e-a16c-a23b9ba5e40a-350x197.jpg 350w\" sizes=\"(max-width: 1440px) 100vw, 1440px\" \/>\u00a0<\/strong><\/p>\n<p>Der 3855\u202fccm V8 Twin-Turbo aus der F154-Familie leistet 640\u202fPS bei 7.500\u202fU\/min, mit 166\u202fPS\/l und rotem Bereich bei 7.600\u202fU\/min. Die Leistungssteigerung gegen\u00fcber dem Ferrari Roma Spider verdankt er modernem Turbolader-Management mit unabh\u00e4ngiger Steuerung, schnellerer Drehzahl und speziellen Drucksensoren pro Zylinderbank.<\/p>\n<p>Gewichtseinsparungen (leichte Nockenwellen, optimierter Motorblock) und niedrigviskoses \u00d6l verbessern Beschleunigung und Effizienz. Die Gasannahme profitiert von Flachkurbelwelle, Twin-Scroll-Turboladern und Single-Scroll-Sammler \u2013 f\u00fcr kraftvolle, kontinuierliche Leistungsentfaltung.<\/p>\n<p>Das 8-Gang-Doppelkupplungsgetriebe (SF90 Stradale) wurde mit st\u00e4rkerer Steuerungseinheit und verbesserter Motorintegration optimiert. Dry-Sump, reibungsarme Kegelr\u00e4der und Torque-Management sorgen f\u00fcr sanfte Starts und Stopps. Die Abgasanlage mit Keramikkatalysator, Trimetall-Beschichtung und proportional gesteuertem Bypass-Ventil erf\u00fcllt strenge L\u00e4rmvorschriften, beh\u00e4lt aber den typischen Ferrari-Klang.<\/p>\n<p><strong>Fahrdynamik<\/strong><\/p>\n<p><img decoding=\"async\" class=\"aligncenter size-full wp-image-109276\" src=\"https:\/\/spanienaktuell.net\/wordpress\/wp-content\/uploads\/2026\/05\/20260303_Shot_12_1_REv3_EDIT_16_9_e40d5a06-d3fe-4b17-9270-49212663803b-scaled.jpg\" alt=\"\" width=\"1440\" height=\"810\" srcset=\"https:\/\/spanienaktuell.net\/wordpress\/wp-content\/uploads\/2026\/05\/20260303_Shot_12_1_REv3_EDIT_16_9_e40d5a06-d3fe-4b17-9270-49212663803b-scaled.jpg 1440w, https:\/\/spanienaktuell.net\/wordpress\/wp-content\/uploads\/2026\/05\/20260303_Shot_12_1_REv3_EDIT_16_9_e40d5a06-d3fe-4b17-9270-49212663803b-300x169.jpg 300w, https:\/\/spanienaktuell.net\/wordpress\/wp-content\/uploads\/2026\/05\/20260303_Shot_12_1_REv3_EDIT_16_9_e40d5a06-d3fe-4b17-9270-49212663803b-1024x576.jpg 1024w, https:\/\/spanienaktuell.net\/wordpress\/wp-content\/uploads\/2026\/05\/20260303_Shot_12_1_REv3_EDIT_16_9_e40d5a06-d3fe-4b17-9270-49212663803b-768x432.jpg 768w, https:\/\/spanienaktuell.net\/wordpress\/wp-content\/uploads\/2026\/05\/20260303_Shot_12_1_REv3_EDIT_16_9_e40d5a06-d3fe-4b17-9270-49212663803b-1536x864.jpg 1536w, https:\/\/spanienaktuell.net\/wordpress\/wp-content\/uploads\/2026\/05\/20260303_Shot_12_1_REv3_EDIT_16_9_e40d5a06-d3fe-4b17-9270-49212663803b-2048x1152.jpg 2048w, https:\/\/spanienaktuell.net\/wordpress\/wp-content\/uploads\/2026\/05\/20260303_Shot_12_1_REv3_EDIT_16_9_e40d5a06-d3fe-4b17-9270-49212663803b-350x197.jpg 350w\" sizes=\"(max-width: 1440px) 100vw, 1440px\" \/><\/p>\n<p>Die Dynamik des Spider setzt Ma\u00dfst\u00e4be bei frontmotorigen 2+-Coup\u00e9s. Brake-by-Wire verbessert Bremskraft, Pedalgef\u00fchl und Modulation selbst bei aktivem ABS. Das ABS Evo nutzt 6D-Sensoren f\u00fcr pr\u00e4zise Radschlupferfassung und optimale Bremsverteilung \u2013 f\u00fcr hohe Stabilit\u00e4t auf allen Untergr\u00fcnden.<\/p>\n<p>Side Slip Control (SSC) 6.1 vernetzt Lenkung, Drehmomentverteilung und Karosseriebewegung, Grip-Sch\u00e4tzung \u00fcber EPS arbeitet 10\u202f% schneller und pr\u00e4ziser \u2013 auch auf rutschigen Untergr\u00fcnden.<\/p>\n<p><img decoding=\"async\" class=\"aligncenter size-full wp-image-109274\" src=\"https:\/\/spanienaktuell.net\/wordpress\/wp-content\/uploads\/2026\/05\/20260303_Shot_06_REV6_MERGE_AI_16_9_6b656c3c-78cf-4cb9-b0a6-e05478f081e9-scaled.jpg\" alt=\"\" width=\"1440\" height=\"810\" srcset=\"https:\/\/spanienaktuell.net\/wordpress\/wp-content\/uploads\/2026\/05\/20260303_Shot_06_REV6_MERGE_AI_16_9_6b656c3c-78cf-4cb9-b0a6-e05478f081e9-scaled.jpg 1440w, https:\/\/spanienaktuell.net\/wordpress\/wp-content\/uploads\/2026\/05\/20260303_Shot_06_REV6_MERGE_AI_16_9_6b656c3c-78cf-4cb9-b0a6-e05478f081e9-300x169.jpg 300w, https:\/\/spanienaktuell.net\/wordpress\/wp-content\/uploads\/2026\/05\/20260303_Shot_06_REV6_MERGE_AI_16_9_6b656c3c-78cf-4cb9-b0a6-e05478f081e9-1024x576.jpg 1024w, https:\/\/spanienaktuell.net\/wordpress\/wp-content\/uploads\/2026\/05\/20260303_Shot_06_REV6_MERGE_AI_16_9_6b656c3c-78cf-4cb9-b0a6-e05478f081e9-768x432.jpg 768w, https:\/\/spanienaktuell.net\/wordpress\/wp-content\/uploads\/2026\/05\/20260303_Shot_06_REV6_MERGE_AI_16_9_6b656c3c-78cf-4cb9-b0a6-e05478f081e9-1536x864.jpg 1536w, https:\/\/spanienaktuell.net\/wordpress\/wp-content\/uploads\/2026\/05\/20260303_Shot_06_REV6_MERGE_AI_16_9_6b656c3c-78cf-4cb9-b0a6-e05478f081e9-2048x1152.jpg 2048w, https:\/\/spanienaktuell.net\/wordpress\/wp-content\/uploads\/2026\/05\/20260303_Shot_06_REV6_MERGE_AI_16_9_6b656c3c-78cf-4cb9-b0a6-e05478f081e9-350x197.jpg 350w\" sizes=\"(max-width: 1440px) 100vw, 1440px\" \/><\/p>\n<p>Der Manettino bietet f\u00fcnf Modi: \u201eWet\u201c, \u201eComfort\u201c, \u201eSport\u201c, \u201eRace\u201c, \u201eESC-Off\u201c. Sport- und Race-Einstellungen sind dynamischer als beim Ferrari Roma, \u00dcberg\u00e4nge sanfter f\u00fcr ein angenehmeres Fahrerlebnis. Der aktive Heckspoiler reagiert auf L\u00e4ngs- und Querbeschleunigung und erh\u00f6ht bei dynamischem Fahren automatisch den Abtrieb.<\/p>\n<p><strong>Sicherheit und Assistenz<\/strong><\/p>\n<p><img decoding=\"async\" class=\"aligncenter size-full wp-image-109275\" src=\"https:\/\/spanienaktuell.net\/wordpress\/wp-content\/uploads\/2026\/05\/20260303_Shot_10_REV6_16_9_ec95a0cd-0024-45a4-8e8a-43f0e77ed7d5-scaled.jpg\" alt=\"\" width=\"1440\" height=\"810\" srcset=\"https:\/\/spanienaktuell.net\/wordpress\/wp-content\/uploads\/2026\/05\/20260303_Shot_10_REV6_16_9_ec95a0cd-0024-45a4-8e8a-43f0e77ed7d5-scaled.jpg 1440w, https:\/\/spanienaktuell.net\/wordpress\/wp-content\/uploads\/2026\/05\/20260303_Shot_10_REV6_16_9_ec95a0cd-0024-45a4-8e8a-43f0e77ed7d5-300x169.jpg 300w, https:\/\/spanienaktuell.net\/wordpress\/wp-content\/uploads\/2026\/05\/20260303_Shot_10_REV6_16_9_ec95a0cd-0024-45a4-8e8a-43f0e77ed7d5-1024x576.jpg 1024w, https:\/\/spanienaktuell.net\/wordpress\/wp-content\/uploads\/2026\/05\/20260303_Shot_10_REV6_16_9_ec95a0cd-0024-45a4-8e8a-43f0e77ed7d5-768x432.jpg 768w, https:\/\/spanienaktuell.net\/wordpress\/wp-content\/uploads\/2026\/05\/20260303_Shot_10_REV6_16_9_ec95a0cd-0024-45a4-8e8a-43f0e77ed7d5-1536x864.jpg 1536w, https:\/\/spanienaktuell.net\/wordpress\/wp-content\/uploads\/2026\/05\/20260303_Shot_10_REV6_16_9_ec95a0cd-0024-45a4-8e8a-43f0e77ed7d5-2048x1152.jpg 2048w, https:\/\/spanienaktuell.net\/wordpress\/wp-content\/uploads\/2026\/05\/20260303_Shot_10_REV6_16_9_ec95a0cd-0024-45a4-8e8a-43f0e77ed7d5-350x197.jpg 350w\" sizes=\"(max-width: 1440px) 100vw, 1440px\" \/><\/p>\n<p>Der Ferrari Amalfi Spider verf\u00fcgt \u00fcber moderne ADAS-Systeme: Adaptive Cruise Control, Notbremsassistent, Blind Spot Detection, Spurhalte- und Lane Keeping Assist, automatisches Fernlicht, Verkehrszeichenerkennung sowie M\u00fcdigkeits- und Ablenkungswarnung. Optional sind Surround View und Rear Cross Traffic Alert verf\u00fcgbar. Alle Systeme sind \u00fcber das Kombiinstrument konfigurierbar und nahtlos in die Fahrzeug-Elektronik integriert.<\/p>\n<p><em>Text \u2013 \u00a9 Spanien aktuell \u2013 Cesar Certier<\/em><\/p>\n<p><em>Fotos &#8211; \u00a9 Ferrari S.p.A.<\/em><\/p>\n","protected":false},"excerpt":{"rendered":"<p>Der neue Ferrari Amalfi Spider ist ein V8 2+ Spider mit frontmittig eingebautem Motor und vereint moderne Sportlichkeit mit Alltagstauglichkeit. [&hellip;]<\/p>\n","protected":false},"author":3,"featured_media":109273,"comment_status":"closed","ping_status":"closed","sticky":false,"template":"","format":"standard","meta":{"footnotes":""},"categories":[27],"tags":[],"class_list":["post-109272","post","type-post","status-publish","format-standard","has-post-thumbnail","hentry","category-motor"],"yoast_head":"<!-- This site is optimized with the Yoast SEO plugin v27.1.1 - https:\/\/yoast.com\/product\/yoast-seo-wordpress\/ -->\n<title>Ferrari Amalfi Spider - Spanien aktuell<\/title>\n<meta name=\"robots\" content=\"index, follow, max-snippet:-1, max-image-preview:large, max-video-preview:-1\" \/>\n<link rel=\"canonical\" href=\"https:\/\/spanienaktuell.net\/wordpress\/ferrari-amalfi-spider\/\" \/>\n<meta property=\"og:locale\" content=\"es_ES\" \/>\n<meta property=\"og:type\" content=\"article\" \/>\n<meta property=\"og:title\" content=\"Ferrari Amalfi Spider - Spanien aktuell\" \/>\n<meta property=\"og:description\" content=\"Der neue Ferrari Amalfi Spider ist ein V8 2+ Spider mit frontmittig eingebautem Motor und vereint moderne Sportlichkeit mit Alltagstauglichkeit. [&hellip;]\" \/>\n<meta property=\"og:url\" content=\"https:\/\/spanienaktuell.net\/wordpress\/ferrari-amalfi-spider\/\" \/>\n<meta property=\"og:site_name\" content=\"Spanien aktuell\" \/>\n<meta property=\"article:published_time\" content=\"2026-05-01T10:05:23+00:00\" \/>\n<meta property=\"og:image\" content=\"https:\/\/spanienaktuell.net\/wordpress\/wp-content\/uploads\/2026\/05\/20260303_front34_16_9_16b62cba-b96d-4a6e-a16c-a23b9ba5e40a-scaled.jpg\" \/>\n\t<meta property=\"og:image:width\" content=\"1440\" \/>\n\t<meta property=\"og:image:height\" content=\"810\" \/>\n\t<meta property=\"og:image:type\" content=\"image\/jpeg\" \/>\n<meta name=\"author\" content=\"Spanien Aktuell\" \/>\n<meta name=\"twitter:card\" content=\"summary_large_image\" \/>\n<meta name=\"twitter:label1\" content=\"Escrito por\" \/>\n\t<meta name=\"twitter:data1\" content=\"Spanien Aktuell\" \/>\n\t<meta name=\"twitter:label2\" content=\"Tiempo de lectura\" \/>\n\t<meta name=\"twitter:data2\" content=\"8 minutos\" \/>\n<script type=\"application\/ld+json\" class=\"yoast-schema-graph\">{\"@context\":\"https:\/\/schema.org\",\"@graph\":[{\"@type\":\"Article\",\"@id\":\"https:\/\/spanienaktuell.net\/wordpress\/ferrari-amalfi-spider\/#article\",\"isPartOf\":{\"@id\":\"https:\/\/spanienaktuell.net\/wordpress\/ferrari-amalfi-spider\/\"},\"author\":{\"name\":\"Spanien Aktuell\",\"@id\":\"https:\/\/spanienaktuell.net\/wordpress\/#\/schema\/person\/bc410cfae0161b201d837ebfeeba7fd0\"},\"headline\":\"Ferrari Amalfi Spider\",\"datePublished\":\"2026-05-01T10:05:23+00:00\",\"mainEntityOfPage\":{\"@id\":\"https:\/\/spanienaktuell.net\/wordpress\/ferrari-amalfi-spider\/\"},\"wordCount\":1066,\"publisher\":{\"@id\":\"https:\/\/spanienaktuell.net\/wordpress\/#organization\"},\"image\":{\"@id\":\"https:\/\/spanienaktuell.net\/wordpress\/ferrari-amalfi-spider\/#primaryimage\"},\"thumbnailUrl\":\"https:\/\/spanienaktuell.net\/wordpress\/wp-content\/uploads\/2026\/05\/20260303_front34_16_9_16b62cba-b96d-4a6e-a16c-a23b9ba5e40a-scaled.jpg\",\"articleSection\":[\"Motor\"],\"inLanguage\":\"es\"},{\"@type\":\"WebPage\",\"@id\":\"https:\/\/spanienaktuell.net\/wordpress\/ferrari-amalfi-spider\/\",\"url\":\"https:\/\/spanienaktuell.net\/wordpress\/ferrari-amalfi-spider\/\",\"name\":\"Ferrari Amalfi Spider - Spanien aktuell\",\"isPartOf\":{\"@id\":\"https:\/\/spanienaktuell.net\/wordpress\/#website\"},\"primaryImageOfPage\":{\"@id\":\"https:\/\/spanienaktuell.net\/wordpress\/ferrari-amalfi-spider\/#primaryimage\"},\"image\":{\"@id\":\"https:\/\/spanienaktuell.net\/wordpress\/ferrari-amalfi-spider\/#primaryimage\"},\"thumbnailUrl\":\"https:\/\/spanienaktuell.net\/wordpress\/wp-content\/uploads\/2026\/05\/20260303_front34_16_9_16b62cba-b96d-4a6e-a16c-a23b9ba5e40a-scaled.jpg\",\"datePublished\":\"2026-05-01T10:05:23+00:00\",\"breadcrumb\":{\"@id\":\"https:\/\/spanienaktuell.net\/wordpress\/ferrari-amalfi-spider\/#breadcrumb\"},\"inLanguage\":\"es\",\"potentialAction\":[{\"@type\":\"ReadAction\",\"target\":[\"https:\/\/spanienaktuell.net\/wordpress\/ferrari-amalfi-spider\/\"]}]},{\"@type\":\"ImageObject\",\"inLanguage\":\"es\",\"@id\":\"https:\/\/spanienaktuell.net\/wordpress\/ferrari-amalfi-spider\/#primaryimage\",\"url\":\"https:\/\/spanienaktuell.net\/wordpress\/wp-content\/uploads\/2026\/05\/20260303_front34_16_9_16b62cba-b96d-4a6e-a16c-a23b9ba5e40a-scaled.jpg\",\"contentUrl\":\"https:\/\/spanienaktuell.net\/wordpress\/wp-content\/uploads\/2026\/05\/20260303_front34_16_9_16b62cba-b96d-4a6e-a16c-a23b9ba5e40a-scaled.jpg\",\"width\":1440,\"height\":810},{\"@type\":\"BreadcrumbList\",\"@id\":\"https:\/\/spanienaktuell.net\/wordpress\/ferrari-amalfi-spider\/#breadcrumb\",\"itemListElement\":[{\"@type\":\"ListItem\",\"position\":1,\"name\":\"Portada\",\"item\":\"https:\/\/spanienaktuell.net\/wordpress\/\"},{\"@type\":\"ListItem\",\"position\":2,\"name\":\"Ferrari Amalfi Spider\"}]},{\"@type\":\"WebSite\",\"@id\":\"https:\/\/spanienaktuell.net\/wordpress\/#website\",\"url\":\"https:\/\/spanienaktuell.net\/wordpress\/\",\"name\":\"Spanien aktuell\",\"description\":\"The German magazine number 1 on the Costa del Sol\",\"publisher\":{\"@id\":\"https:\/\/spanienaktuell.net\/wordpress\/#organization\"},\"potentialAction\":[{\"@type\":\"SearchAction\",\"target\":{\"@type\":\"EntryPoint\",\"urlTemplate\":\"https:\/\/spanienaktuell.net\/wordpress\/?s={search_term_string}\"},\"query-input\":{\"@type\":\"PropertyValueSpecification\",\"valueRequired\":true,\"valueName\":\"search_term_string\"}}],\"inLanguage\":\"es\"},{\"@type\":\"Organization\",\"@id\":\"https:\/\/spanienaktuell.net\/wordpress\/#organization\",\"name\":\"Spanien aktuell\",\"url\":\"https:\/\/spanienaktuell.net\/wordpress\/\",\"logo\":{\"@type\":\"ImageObject\",\"inLanguage\":\"es\",\"@id\":\"https:\/\/spanienaktuell.net\/wordpress\/#\/schema\/logo\/image\/\",\"url\":\"https:\/\/spanienaktuell.net\/wordpress\/wp-content\/uploads\/2019\/06\/cropped-Logo-spanien-aktuell-png-web-e1561631085388.png\",\"contentUrl\":\"https:\/\/spanienaktuell.net\/wordpress\/wp-content\/uploads\/2019\/06\/cropped-Logo-spanien-aktuell-png-web-e1561631085388.png\",\"width\":512,\"height\":110,\"caption\":\"Spanien aktuell\"},\"image\":{\"@id\":\"https:\/\/spanienaktuell.net\/wordpress\/#\/schema\/logo\/image\/\"}},{\"@type\":\"Person\",\"@id\":\"https:\/\/spanienaktuell.net\/wordpress\/#\/schema\/person\/bc410cfae0161b201d837ebfeeba7fd0\",\"name\":\"Spanien Aktuell\",\"image\":{\"@type\":\"ImageObject\",\"inLanguage\":\"es\",\"@id\":\"https:\/\/spanienaktuell.net\/wordpress\/#\/schema\/person\/image\/\",\"url\":\"https:\/\/spanienaktuell.net\/wordpress\/wp-content\/uploads\/2019\/06\/cropped-Logo-spanien-aktuell-png-fav2-100x100.png\",\"contentUrl\":\"https:\/\/spanienaktuell.net\/wordpress\/wp-content\/uploads\/2019\/06\/cropped-Logo-spanien-aktuell-png-fav2-100x100.png\",\"caption\":\"Spanien Aktuell\"},\"url\":\"https:\/\/spanienaktuell.net\/wordpress\/author\/koalum\/\"}]}<\/script>\n<!-- \/ Yoast SEO plugin. -->","yoast_head_json":{"title":"Ferrari Amalfi Spider - Spanien aktuell","robots":{"index":"index","follow":"follow","max-snippet":"max-snippet:-1","max-image-preview":"max-image-preview:large","max-video-preview":"max-video-preview:-1"},"canonical":"https:\/\/spanienaktuell.net\/wordpress\/ferrari-amalfi-spider\/","og_locale":"es_ES","og_type":"article","og_title":"Ferrari Amalfi Spider - Spanien aktuell","og_description":"Der neue Ferrari Amalfi Spider ist ein V8 2+ Spider mit frontmittig eingebautem Motor und vereint moderne Sportlichkeit mit Alltagstauglichkeit. [&hellip;]","og_url":"https:\/\/spanienaktuell.net\/wordpress\/ferrari-amalfi-spider\/","og_site_name":"Spanien aktuell","article_published_time":"2026-05-01T10:05:23+00:00","og_image":[{"width":1440,"height":810,"url":"https:\/\/spanienaktuell.net\/wordpress\/wp-content\/uploads\/2026\/05\/20260303_front34_16_9_16b62cba-b96d-4a6e-a16c-a23b9ba5e40a-scaled.jpg","type":"image\/jpeg"}],"author":"Spanien Aktuell","twitter_card":"summary_large_image","twitter_misc":{"Escrito por":"Spanien Aktuell","Tiempo de lectura":"8 minutos"},"schema":{"@context":"https:\/\/schema.org","@graph":[{"@type":"Article","@id":"https:\/\/spanienaktuell.net\/wordpress\/ferrari-amalfi-spider\/#article","isPartOf":{"@id":"https:\/\/spanienaktuell.net\/wordpress\/ferrari-amalfi-spider\/"},"author":{"name":"Spanien Aktuell","@id":"https:\/\/spanienaktuell.net\/wordpress\/#\/schema\/person\/bc410cfae0161b201d837ebfeeba7fd0"},"headline":"Ferrari Amalfi Spider","datePublished":"2026-05-01T10:05:23+00:00","mainEntityOfPage":{"@id":"https:\/\/spanienaktuell.net\/wordpress\/ferrari-amalfi-spider\/"},"wordCount":1066,"publisher":{"@id":"https:\/\/spanienaktuell.net\/wordpress\/#organization"},"image":{"@id":"https:\/\/spanienaktuell.net\/wordpress\/ferrari-amalfi-spider\/#primaryimage"},"thumbnailUrl":"https:\/\/spanienaktuell.net\/wordpress\/wp-content\/uploads\/2026\/05\/20260303_front34_16_9_16b62cba-b96d-4a6e-a16c-a23b9ba5e40a-scaled.jpg","articleSection":["Motor"],"inLanguage":"es"},{"@type":"WebPage","@id":"https:\/\/spanienaktuell.net\/wordpress\/ferrari-amalfi-spider\/","url":"https:\/\/spanienaktuell.net\/wordpress\/ferrari-amalfi-spider\/","name":"Ferrari Amalfi Spider - Spanien aktuell","isPartOf":{"@id":"https:\/\/spanienaktuell.net\/wordpress\/#website"},"primaryImageOfPage":{"@id":"https:\/\/spanienaktuell.net\/wordpress\/ferrari-amalfi-spider\/#primaryimage"},"image":{"@id":"https:\/\/spanienaktuell.net\/wordpress\/ferrari-amalfi-spider\/#primaryimage"},"thumbnailUrl":"https:\/\/spanienaktuell.net\/wordpress\/wp-content\/uploads\/2026\/05\/20260303_front34_16_9_16b62cba-b96d-4a6e-a16c-a23b9ba5e40a-scaled.jpg","datePublished":"2026-05-01T10:05:23+00:00","breadcrumb":{"@id":"https:\/\/spanienaktuell.net\/wordpress\/ferrari-amalfi-spider\/#breadcrumb"},"inLanguage":"es","potentialAction":[{"@type":"ReadAction","target":["https:\/\/spanienaktuell.net\/wordpress\/ferrari-amalfi-spider\/"]}]},{"@type":"ImageObject","inLanguage":"es","@id":"https:\/\/spanienaktuell.net\/wordpress\/ferrari-amalfi-spider\/#primaryimage","url":"https:\/\/spanienaktuell.net\/wordpress\/wp-content\/uploads\/2026\/05\/20260303_front34_16_9_16b62cba-b96d-4a6e-a16c-a23b9ba5e40a-scaled.jpg","contentUrl":"https:\/\/spanienaktuell.net\/wordpress\/wp-content\/uploads\/2026\/05\/20260303_front34_16_9_16b62cba-b96d-4a6e-a16c-a23b9ba5e40a-scaled.jpg","width":1440,"height":810},{"@type":"BreadcrumbList","@id":"https:\/\/spanienaktuell.net\/wordpress\/ferrari-amalfi-spider\/#breadcrumb","itemListElement":[{"@type":"ListItem","position":1,"name":"Portada","item":"https:\/\/spanienaktuell.net\/wordpress\/"},{"@type":"ListItem","position":2,"name":"Ferrari Amalfi Spider"}]},{"@type":"WebSite","@id":"https:\/\/spanienaktuell.net\/wordpress\/#website","url":"https:\/\/spanienaktuell.net\/wordpress\/","name":"Spanien aktuell","description":"The German magazine number 1 on the Costa del Sol","publisher":{"@id":"https:\/\/spanienaktuell.net\/wordpress\/#organization"},"potentialAction":[{"@type":"SearchAction","target":{"@type":"EntryPoint","urlTemplate":"https:\/\/spanienaktuell.net\/wordpress\/?s={search_term_string}"},"query-input":{"@type":"PropertyValueSpecification","valueRequired":true,"valueName":"search_term_string"}}],"inLanguage":"es"},{"@type":"Organization","@id":"https:\/\/spanienaktuell.net\/wordpress\/#organization","name":"Spanien aktuell","url":"https:\/\/spanienaktuell.net\/wordpress\/","logo":{"@type":"ImageObject","inLanguage":"es","@id":"https:\/\/spanienaktuell.net\/wordpress\/#\/schema\/logo\/image\/","url":"https:\/\/spanienaktuell.net\/wordpress\/wp-content\/uploads\/2019\/06\/cropped-Logo-spanien-aktuell-png-web-e1561631085388.png","contentUrl":"https:\/\/spanienaktuell.net\/wordpress\/wp-content\/uploads\/2019\/06\/cropped-Logo-spanien-aktuell-png-web-e1561631085388.png","width":512,"height":110,"caption":"Spanien aktuell"},"image":{"@id":"https:\/\/spanienaktuell.net\/wordpress\/#\/schema\/logo\/image\/"}},{"@type":"Person","@id":"https:\/\/spanienaktuell.net\/wordpress\/#\/schema\/person\/bc410cfae0161b201d837ebfeeba7fd0","name":"Spanien Aktuell","image":{"@type":"ImageObject","inLanguage":"es","@id":"https:\/\/spanienaktuell.net\/wordpress\/#\/schema\/person\/image\/","url":"https:\/\/spanienaktuell.net\/wordpress\/wp-content\/uploads\/2019\/06\/cropped-Logo-spanien-aktuell-png-fav2-100x100.png","contentUrl":"https:\/\/spanienaktuell.net\/wordpress\/wp-content\/uploads\/2019\/06\/cropped-Logo-spanien-aktuell-png-fav2-100x100.png","caption":"Spanien Aktuell"},"url":"https:\/\/spanienaktuell.net\/wordpress\/author\/koalum\/"}]}},"_links":{"self":[{"href":"https:\/\/spanienaktuell.net\/wordpress\/wp-json\/wp\/v2\/posts\/109272","targetHints":{"allow":["GET"]}}],"collection":[{"href":"https:\/\/spanienaktuell.net\/wordpress\/wp-json\/wp\/v2\/posts"}],"about":[{"href":"https:\/\/spanienaktuell.net\/wordpress\/wp-json\/wp\/v2\/types\/post"}],"author":[{"embeddable":true,"href":"https:\/\/spanienaktuell.net\/wordpress\/wp-json\/wp\/v2\/users\/3"}],"replies":[{"embeddable":true,"href":"https:\/\/spanienaktuell.net\/wordpress\/wp-json\/wp\/v2\/comments?post=109272"}],"version-history":[{"count":1,"href":"https:\/\/spanienaktuell.net\/wordpress\/wp-json\/wp\/v2\/posts\/109272\/revisions"}],"predecessor-version":[{"id":109287,"href":"https:\/\/spanienaktuell.net\/wordpress\/wp-json\/wp\/v2\/posts\/109272\/revisions\/109287"}],"wp:featuredmedia":[{"embeddable":true,"href":"https:\/\/spanienaktuell.net\/wordpress\/wp-json\/wp\/v2\/media\/109273"}],"wp:attachment":[{"href":"https:\/\/spanienaktuell.net\/wordpress\/wp-json\/wp\/v2\/media?parent=109272"}],"wp:term":[{"taxonomy":"category","embeddable":true,"href":"https:\/\/spanienaktuell.net\/wordpress\/wp-json\/wp\/v2\/categories?post=109272"},{"taxonomy":"post_tag","embeddable":true,"href":"https:\/\/spanienaktuell.net\/wordpress\/wp-json\/wp\/v2\/tags?post=109272"}],"curies":[{"name":"wp","href":"https:\/\/api.w.org\/{rel}","templated":true}]}}