{"id":109288,"date":"2026-05-01T12:25:46","date_gmt":"2026-05-01T10:25:46","guid":{"rendered":"https:\/\/spanienaktuell.net\/wordpress\/?p=109288"},"modified":"2026-05-01T12:25:46","modified_gmt":"2026-05-01T10:25:46","slug":"madrid-ein-mosaik-aus-kultur-tradition-und-pulsierender-lebensfreude","status":"publish","type":"post","link":"https:\/\/spanienaktuell.net\/wordpress\/madrid-ein-mosaik-aus-kultur-tradition-und-pulsierender-lebensfreude\/","title":{"rendered":"Madrid \u2013 Ein Mosaik aus Kultur, Tradition und pulsierender Lebensfreude"},"content":{"rendered":"<figure id=\"attachment_109289\" aria-describedby=\"caption-attachment-109289\" style=\"width: 1440px\" class=\"wp-caption aligncenter\"><img decoding=\"async\" class=\"size-full wp-image-109289\" src=\"https:\/\/spanienaktuell.net\/wordpress\/wp-content\/uploads\/2026\/05\/royal-palace-in-madrid-spain-2026-01-08-22-03-47-utc-scaled.jpg\" alt=\"\" width=\"1440\" height=\"961\" srcset=\"https:\/\/spanienaktuell.net\/wordpress\/wp-content\/uploads\/2026\/05\/royal-palace-in-madrid-spain-2026-01-08-22-03-47-utc-scaled.jpg 1440w, https:\/\/spanienaktuell.net\/wordpress\/wp-content\/uploads\/2026\/05\/royal-palace-in-madrid-spain-2026-01-08-22-03-47-utc-300x200.jpg 300w, https:\/\/spanienaktuell.net\/wordpress\/wp-content\/uploads\/2026\/05\/royal-palace-in-madrid-spain-2026-01-08-22-03-47-utc-1024x684.jpg 1024w, https:\/\/spanienaktuell.net\/wordpress\/wp-content\/uploads\/2026\/05\/royal-palace-in-madrid-spain-2026-01-08-22-03-47-utc-768x513.jpg 768w, https:\/\/spanienaktuell.net\/wordpress\/wp-content\/uploads\/2026\/05\/royal-palace-in-madrid-spain-2026-01-08-22-03-47-utc-1536x1025.jpg 1536w, https:\/\/spanienaktuell.net\/wordpress\/wp-content\/uploads\/2026\/05\/royal-palace-in-madrid-spain-2026-01-08-22-03-47-utc-2048x1367.jpg 2048w, https:\/\/spanienaktuell.net\/wordpress\/wp-content\/uploads\/2026\/05\/royal-palace-in-madrid-spain-2026-01-08-22-03-47-utc-350x234.jpg 350w\" sizes=\"(max-width: 1440px) 100vw, 1440px\" \/><figcaption id=\"caption-attachment-109289\" class=\"wp-caption-text\">Foto &#8211; Palacio Real de Madrid<\/figcaption><\/figure>\n<p>Madrid ist eine Stadt voller Facetten, Geschichten und lebendiger Viertel. Jedes Stadtgebiet erz\u00e4hlt seine eigene Geschichte: Von den alternativen Stra\u00dfen Malasa\u00f1as \u00fcber das aristokratische Chamber\u00ed bis zu den pulsierenden Gassen von Chueca und Lavapi\u00e9s. Die Hauptstadt Spaniens verbindet Tradition und Moderne, Geschichte und Gegenwart, und \u00f6ffnet Besuchern T\u00fcren zu einer urbanen Vielfalt, die ihresgleichen sucht.<\/p>\n<p>In diesem Artikel f\u00fchren wir Sie durch die bekanntesten und spannendsten Viertel Madrids, zeigen die Highlights der Festivals im Mai und geben Insider-Tipps, wie man die Stadt von ihrer lebendigsten und authentischsten Seite erlebt. Tauchen Sie ein in das Herz Madrids und entdecken Sie eine Stadt, die mit ihren Festen, Veranstaltungen und kulturellen Sch\u00e4tzen jeden Besucher fasziniert.<\/p>\n<figure id=\"attachment_109302\" aria-describedby=\"caption-attachment-109302\" style=\"width: 1440px\" class=\"wp-caption aligncenter\"><img decoding=\"async\" class=\"size-full wp-image-109302\" src=\"https:\/\/spanienaktuell.net\/wordpress\/wp-content\/uploads\/2026\/05\/Foto-Pixabay-Stanislav-dawn-2714571_1920-toc-scaled.jpg\" alt=\"\" width=\"1440\" height=\"810\" srcset=\"https:\/\/spanienaktuell.net\/wordpress\/wp-content\/uploads\/2026\/05\/Foto-Pixabay-Stanislav-dawn-2714571_1920-toc-scaled.jpg 1440w, https:\/\/spanienaktuell.net\/wordpress\/wp-content\/uploads\/2026\/05\/Foto-Pixabay-Stanislav-dawn-2714571_1920-toc-300x169.jpg 300w, https:\/\/spanienaktuell.net\/wordpress\/wp-content\/uploads\/2026\/05\/Foto-Pixabay-Stanislav-dawn-2714571_1920-toc-1024x576.jpg 1024w, https:\/\/spanienaktuell.net\/wordpress\/wp-content\/uploads\/2026\/05\/Foto-Pixabay-Stanislav-dawn-2714571_1920-toc-768x432.jpg 768w, https:\/\/spanienaktuell.net\/wordpress\/wp-content\/uploads\/2026\/05\/Foto-Pixabay-Stanislav-dawn-2714571_1920-toc-1536x864.jpg 1536w, https:\/\/spanienaktuell.net\/wordpress\/wp-content\/uploads\/2026\/05\/Foto-Pixabay-Stanislav-dawn-2714571_1920-toc-350x197.jpg 350w\" sizes=\"(max-width: 1440px) 100vw, 1440px\" \/><figcaption id=\"caption-attachment-109302\" class=\"wp-caption-text\">Parque Madrid R\u00edo &#8211; Foto &#8211;\u00a0 Pixabay-Stanislav<\/figcaption><\/figure>\n<p><strong>Die Stadtteile von Madrid:<\/strong><\/p>\n<figure id=\"attachment_109309\" aria-describedby=\"caption-attachment-109309\" style=\"width: 810px\" class=\"wp-caption aligncenter\"><img decoding=\"async\" class=\"size-full wp-image-109309\" src=\"https:\/\/spanienaktuell.net\/wordpress\/wp-content\/uploads\/2026\/05\/Hotel-Riu-Plaza-Foto-Pixabay-Gabriel-Guillen-madrid-6963605_1920-scaled.jpg\" alt=\"\" width=\"810\" height=\"1080\" srcset=\"https:\/\/spanienaktuell.net\/wordpress\/wp-content\/uploads\/2026\/05\/Hotel-Riu-Plaza-Foto-Pixabay-Gabriel-Guillen-madrid-6963605_1920-scaled.jpg 810w, https:\/\/spanienaktuell.net\/wordpress\/wp-content\/uploads\/2026\/05\/Hotel-Riu-Plaza-Foto-Pixabay-Gabriel-Guillen-madrid-6963605_1920-225x300.jpg 225w, https:\/\/spanienaktuell.net\/wordpress\/wp-content\/uploads\/2026\/05\/Hotel-Riu-Plaza-Foto-Pixabay-Gabriel-Guillen-madrid-6963605_1920-768x1024.jpg 768w, https:\/\/spanienaktuell.net\/wordpress\/wp-content\/uploads\/2026\/05\/Hotel-Riu-Plaza-Foto-Pixabay-Gabriel-Guillen-madrid-6963605_1920-1152x1536.jpg 1152w, https:\/\/spanienaktuell.net\/wordpress\/wp-content\/uploads\/2026\/05\/Hotel-Riu-Plaza-Foto-Pixabay-Gabriel-Guillen-madrid-6963605_1920-350x467.jpg 350w\" sizes=\"(max-width: 810px) 100vw, 810px\" \/><figcaption id=\"caption-attachment-109309\" class=\"wp-caption-text\">Hotel Riu Plaza \u2013 Foto &#8211; Pixabay-Gabriel Guill\u00e9n<\/figcaption><\/figure>\n<p><strong>Malasa\u00f1a<\/strong><\/p>\n<p>In Malasa\u00f1a finden Sie die neuesten Trends. Machen Sie Halt in einer der legend\u00e4ren Bars rund um die historischen Plaza del Dos de Mayo und erfahren Sie mehr \u00fcber die sogenannte Movida Madrile\u00f1a, eine Musikbewegung der Gegenkultur der 1980er-Jahre. Schlendern Sie durch das alternativste Hipster-Viertel Madrids und entdecken Sie das Paradies des Vintage-Shoppings.<\/p>\n<figure id=\"attachment_109305\" aria-describedby=\"caption-attachment-109305\" style=\"width: 1440px\" class=\"wp-caption aligncenter\"><img decoding=\"async\" class=\"size-full wp-image-109305\" src=\"https:\/\/spanienaktuell.net\/wordpress\/wp-content\/uploads\/2026\/05\/Foto-Unsplash-Marcos-Gabarda-8Xsj9K3HYuM-unsplash-scaled.jpg\" alt=\"\" width=\"1440\" height=\"960\" srcset=\"https:\/\/spanienaktuell.net\/wordpress\/wp-content\/uploads\/2026\/05\/Foto-Unsplash-Marcos-Gabarda-8Xsj9K3HYuM-unsplash-scaled.jpg 1440w, https:\/\/spanienaktuell.net\/wordpress\/wp-content\/uploads\/2026\/05\/Foto-Unsplash-Marcos-Gabarda-8Xsj9K3HYuM-unsplash-300x200.jpg 300w, https:\/\/spanienaktuell.net\/wordpress\/wp-content\/uploads\/2026\/05\/Foto-Unsplash-Marcos-Gabarda-8Xsj9K3HYuM-unsplash-1024x683.jpg 1024w, https:\/\/spanienaktuell.net\/wordpress\/wp-content\/uploads\/2026\/05\/Foto-Unsplash-Marcos-Gabarda-8Xsj9K3HYuM-unsplash-768x512.jpg 768w, https:\/\/spanienaktuell.net\/wordpress\/wp-content\/uploads\/2026\/05\/Foto-Unsplash-Marcos-Gabarda-8Xsj9K3HYuM-unsplash-1536x1024.jpg 1536w, https:\/\/spanienaktuell.net\/wordpress\/wp-content\/uploads\/2026\/05\/Foto-Unsplash-Marcos-Gabarda-8Xsj9K3HYuM-unsplash-2048x1365.jpg 2048w, https:\/\/spanienaktuell.net\/wordpress\/wp-content\/uploads\/2026\/05\/Foto-Unsplash-Marcos-Gabarda-8Xsj9K3HYuM-unsplash-350x233.jpg 350w\" sizes=\"(max-width: 1440px) 100vw, 1440px\" \/><figcaption id=\"caption-attachment-109305\" class=\"wp-caption-text\">Foto &#8211; Unsplash-Marcos Gabarda<\/figcaption><\/figure>\n<p>St\u00f6bern Sie in Secondhand-Buchl\u00e4den, durchstreifen Sie Kunsthandwerksm\u00e4rkte junger Designer und besuchen Sie eine der wichtigsten Einkaufsgegenden der Hauptstadt, die Calle Fuencarral. Nach einer Shoppingtour k\u00f6nnen Sie in der Calle Ballesta oder an der Plaza de San Ildefonso eine Kleinigkeit essen, bevor Sie ein Konzert oder eine Kulturveranstaltung im Conde Duque besuchen, mit seiner zauberhaften Architektur.<\/p>\n<p><strong>Chamber\u00ed<\/strong><\/p>\n<figure id=\"attachment_109300\" aria-describedby=\"caption-attachment-109300\" style=\"width: 1440px\" class=\"wp-caption aligncenter\"><img decoding=\"async\" class=\"size-full wp-image-109300\" src=\"https:\/\/spanienaktuell.net\/wordpress\/wp-content\/uploads\/2026\/05\/Foto-Pixabay-Djedj-scaled.jpg\" alt=\"\" width=\"1440\" height=\"800\" srcset=\"https:\/\/spanienaktuell.net\/wordpress\/wp-content\/uploads\/2026\/05\/Foto-Pixabay-Djedj-scaled.jpg 1440w, https:\/\/spanienaktuell.net\/wordpress\/wp-content\/uploads\/2026\/05\/Foto-Pixabay-Djedj-300x167.jpg 300w, https:\/\/spanienaktuell.net\/wordpress\/wp-content\/uploads\/2026\/05\/Foto-Pixabay-Djedj-1024x569.jpg 1024w, https:\/\/spanienaktuell.net\/wordpress\/wp-content\/uploads\/2026\/05\/Foto-Pixabay-Djedj-768x427.jpg 768w, https:\/\/spanienaktuell.net\/wordpress\/wp-content\/uploads\/2026\/05\/Foto-Pixabay-Djedj-1536x854.jpg 1536w, https:\/\/spanienaktuell.net\/wordpress\/wp-content\/uploads\/2026\/05\/Foto-Pixabay-Djedj-350x195.jpg 350w\" sizes=\"(max-width: 1440px) 100vw, 1440px\" \/><figcaption id=\"caption-attachment-109300\" class=\"wp-caption-text\">Foto &#8211; Pixabay-Djedj<\/figcaption><\/figure>\n<p>Neben Malasa\u00f1a befindet sich das traditionellste Viertel Madrids: Chamber\u00ed. Hier, in den Stra\u00dfen Alonso Cano, Ponzano oder Zurbar\u00e1n und der n\u00e4heren Umgebung mit \u00fcberw\u00e4ltigenden Palais, Boutiquen und Gourmetl\u00e4den, erwartet Sie das aristokratische Madrid. Machen Sie eine Zeitreise beim Besuch des Museo del Metro de la antigua estaci\u00f3n de Chamber\u00ed, einer ehemaligen, 1969 geschlossenen U-Bahn-Station. Im modernen Theaterzentrum Teatros del Canal finden Theaterauff\u00fchrungen und Tanzdarbietungen der unterschiedlichsten Art statt. Entspannen Sie sich in einem Stra\u00dfencaf\u00e9 an der ruhigen Plaza de Olavide.<\/p>\n<p><strong>Chueca<\/strong><\/p>\n<figure id=\"attachment_109304\" aria-describedby=\"caption-attachment-109304\" style=\"width: 1440px\" class=\"wp-caption aligncenter\"><img decoding=\"async\" class=\"wp-image-109304 size-full\" src=\"https:\/\/spanienaktuell.net\/wordpress\/wp-content\/uploads\/2026\/05\/Foto-Unsplah-Kit-Suman-kit-suman-vpHdJ4E5Wiw-unsplash-scaled.jpg\" alt=\"\" width=\"1440\" height=\"954\" srcset=\"https:\/\/spanienaktuell.net\/wordpress\/wp-content\/uploads\/2026\/05\/Foto-Unsplah-Kit-Suman-kit-suman-vpHdJ4E5Wiw-unsplash-scaled.jpg 1440w, https:\/\/spanienaktuell.net\/wordpress\/wp-content\/uploads\/2026\/05\/Foto-Unsplah-Kit-Suman-kit-suman-vpHdJ4E5Wiw-unsplash-300x199.jpg 300w, https:\/\/spanienaktuell.net\/wordpress\/wp-content\/uploads\/2026\/05\/Foto-Unsplah-Kit-Suman-kit-suman-vpHdJ4E5Wiw-unsplash-1024x678.jpg 1024w, https:\/\/spanienaktuell.net\/wordpress\/wp-content\/uploads\/2026\/05\/Foto-Unsplah-Kit-Suman-kit-suman-vpHdJ4E5Wiw-unsplash-768x509.jpg 768w, https:\/\/spanienaktuell.net\/wordpress\/wp-content\/uploads\/2026\/05\/Foto-Unsplah-Kit-Suman-kit-suman-vpHdJ4E5Wiw-unsplash-1536x1017.jpg 1536w, https:\/\/spanienaktuell.net\/wordpress\/wp-content\/uploads\/2026\/05\/Foto-Unsplah-Kit-Suman-kit-suman-vpHdJ4E5Wiw-unsplash-2048x1356.jpg 2048w, https:\/\/spanienaktuell.net\/wordpress\/wp-content\/uploads\/2026\/05\/Foto-Unsplah-Kit-Suman-kit-suman-vpHdJ4E5Wiw-unsplash-350x232.jpg 350w\" sizes=\"(max-width: 1440px) 100vw, 1440px\" \/><figcaption id=\"caption-attachment-109304\" class=\"wp-caption-text\">Foto: Unsplash-Kit Suman<\/figcaption><\/figure>\n<p>Das moderne und avantgardistische Chueca ist f\u00fcr sein Nachtleben ber\u00fchmt. Hier erwarten Sie traditionelle Tavernen, Caf\u00e9s und Bars im Avantgarde-Stil, Discos mit DJs und vielseitige Events. Chueca ist das LGBTI+ Viertel der spanischen Hauptstadt. Lassen Sie sich mitrei\u00dfen von einer explosiven Welle der Fr\u00f6hlichkeit, Freiheit und Farbenvielfalt und erleben Sie die Atmosph\u00e4re einer der meistbesuchten Gay-Pride-Paraden der Welt (im Juni). Hier erleben Sie die bunte Kulturvielfalt Madrids hautnah. Betrachten Sie den Longoria-Palast, eines der wenigen Modernisme-Geb\u00e4ude der Stadt, oder das Museum der Geschichte Madrids, einen Barockbau aus dem 18. Jahrhundert.<\/p>\n<p><strong>Gran V\u00eda und Sol<\/strong><\/p>\n<figure id=\"attachment_109308\" aria-describedby=\"caption-attachment-109308\" style=\"width: 720px\" class=\"wp-caption aligncenter\"><img decoding=\"async\" class=\"size-full wp-image-109308\" src=\"https:\/\/spanienaktuell.net\/wordpress\/wp-content\/uploads\/2026\/05\/Gran-Via-Foto-Unsplash-Joshua-Aguilar-cuRXNM_YgWE-unsplash-scaled.jpg\" alt=\"\" width=\"720\" height=\"1080\" srcset=\"https:\/\/spanienaktuell.net\/wordpress\/wp-content\/uploads\/2026\/05\/Gran-Via-Foto-Unsplash-Joshua-Aguilar-cuRXNM_YgWE-unsplash-scaled.jpg 720w, https:\/\/spanienaktuell.net\/wordpress\/wp-content\/uploads\/2026\/05\/Gran-Via-Foto-Unsplash-Joshua-Aguilar-cuRXNM_YgWE-unsplash-200x300.jpg 200w, https:\/\/spanienaktuell.net\/wordpress\/wp-content\/uploads\/2026\/05\/Gran-Via-Foto-Unsplash-Joshua-Aguilar-cuRXNM_YgWE-unsplash-683x1024.jpg 683w, https:\/\/spanienaktuell.net\/wordpress\/wp-content\/uploads\/2026\/05\/Gran-Via-Foto-Unsplash-Joshua-Aguilar-cuRXNM_YgWE-unsplash-768x1151.jpg 768w, https:\/\/spanienaktuell.net\/wordpress\/wp-content\/uploads\/2026\/05\/Gran-Via-Foto-Unsplash-Joshua-Aguilar-cuRXNM_YgWE-unsplash-1025x1536.jpg 1025w, https:\/\/spanienaktuell.net\/wordpress\/wp-content\/uploads\/2026\/05\/Gran-Via-Foto-Unsplash-Joshua-Aguilar-cuRXNM_YgWE-unsplash-1366x2048.jpg 1366w, https:\/\/spanienaktuell.net\/wordpress\/wp-content\/uploads\/2026\/05\/Gran-Via-Foto-Unsplash-Joshua-Aguilar-cuRXNM_YgWE-unsplash-350x525.jpg 350w\" sizes=\"(max-width: 720px) 100vw, 720px\" \/><figcaption id=\"caption-attachment-109308\" class=\"wp-caption-text\">Gran V\u00eda &#8211; Foto &#8211;\u00a0 Unsplash-Joshua Aguilar<\/figcaption><\/figure>\n<p>Flanieren Sie \u00fcber die belebte Gran V\u00eda, die auch als Madrider Broadway bezeichnet wird, und lassen Sie sich von ihrem unersch\u00f6pflichen Kultur- und Freizeitangebot mitrei\u00dfen. Die ber\u00fchmtesten Musicals, die neuesten Filmpremieren, ein breit gef\u00e4chertes gastronomisches Angebot, unendlich viele Gesch\u00e4fte \u2026 Sie haben die Wahl! Am Platz Puerta del Sol sehen Sie die Platte, die den Kilometer 0 aller Landstra\u00dfen in Spanien markiert.<\/p>\n<figure id=\"attachment_109299\" aria-describedby=\"caption-attachment-109299\" style=\"width: 1440px\" class=\"wp-caption aligncenter\"><img decoding=\"async\" class=\"size-full wp-image-109299\" src=\"https:\/\/spanienaktuell.net\/wordpress\/wp-content\/uploads\/2026\/05\/Foto-Pixabay-Alessandra-Easterthere-alessandra-easterthere-Uwf1QbI-A1k-unsplash-1-scaled.jpg\" alt=\"\" width=\"1440\" height=\"1074\" srcset=\"https:\/\/spanienaktuell.net\/wordpress\/wp-content\/uploads\/2026\/05\/Foto-Pixabay-Alessandra-Easterthere-alessandra-easterthere-Uwf1QbI-A1k-unsplash-1-scaled.jpg 1440w, https:\/\/spanienaktuell.net\/wordpress\/wp-content\/uploads\/2026\/05\/Foto-Pixabay-Alessandra-Easterthere-alessandra-easterthere-Uwf1QbI-A1k-unsplash-1-300x224.jpg 300w, https:\/\/spanienaktuell.net\/wordpress\/wp-content\/uploads\/2026\/05\/Foto-Pixabay-Alessandra-Easterthere-alessandra-easterthere-Uwf1QbI-A1k-unsplash-1-1024x764.jpg 1024w, https:\/\/spanienaktuell.net\/wordpress\/wp-content\/uploads\/2026\/05\/Foto-Pixabay-Alessandra-Easterthere-alessandra-easterthere-Uwf1QbI-A1k-unsplash-1-768x573.jpg 768w, https:\/\/spanienaktuell.net\/wordpress\/wp-content\/uploads\/2026\/05\/Foto-Pixabay-Alessandra-Easterthere-alessandra-easterthere-Uwf1QbI-A1k-unsplash-1-1536x1146.jpg 1536w, https:\/\/spanienaktuell.net\/wordpress\/wp-content\/uploads\/2026\/05\/Foto-Pixabay-Alessandra-Easterthere-alessandra-easterthere-Uwf1QbI-A1k-unsplash-1-2048x1527.jpg 2048w, https:\/\/spanienaktuell.net\/wordpress\/wp-content\/uploads\/2026\/05\/Foto-Pixabay-Alessandra-Easterthere-alessandra-easterthere-Uwf1QbI-A1k-unsplash-1-350x261.jpg 350w\" sizes=\"(max-width: 1440px) 100vw, 1440px\" \/><figcaption id=\"caption-attachment-109299\" class=\"wp-caption-text\">Foto: Pixabay &#8211; Alessandra Easterthere<\/figcaption><\/figure>\n<p><strong>Princesa<\/strong><\/p>\n<figure id=\"attachment_109290\" aria-describedby=\"caption-attachment-109290\" style=\"width: 1440px\" class=\"wp-caption aligncenter\"><img decoding=\"async\" class=\"size-full wp-image-109290\" src=\"https:\/\/spanienaktuell.net\/wordpress\/wp-content\/uploads\/2026\/05\/Templo-de-Debod-ENVATO-ELEMENTS-illuminated-temple-of-debod-at-sunset-ancient-eg-2023-11-27-05-05-15-utc-scaled.jpg\" alt=\"\" width=\"1440\" height=\"960\" srcset=\"https:\/\/spanienaktuell.net\/wordpress\/wp-content\/uploads\/2026\/05\/Templo-de-Debod-ENVATO-ELEMENTS-illuminated-temple-of-debod-at-sunset-ancient-eg-2023-11-27-05-05-15-utc-scaled.jpg 1440w, https:\/\/spanienaktuell.net\/wordpress\/wp-content\/uploads\/2026\/05\/Templo-de-Debod-ENVATO-ELEMENTS-illuminated-temple-of-debod-at-sunset-ancient-eg-2023-11-27-05-05-15-utc-300x200.jpg 300w, https:\/\/spanienaktuell.net\/wordpress\/wp-content\/uploads\/2026\/05\/Templo-de-Debod-ENVATO-ELEMENTS-illuminated-temple-of-debod-at-sunset-ancient-eg-2023-11-27-05-05-15-utc-1024x683.jpg 1024w, https:\/\/spanienaktuell.net\/wordpress\/wp-content\/uploads\/2026\/05\/Templo-de-Debod-ENVATO-ELEMENTS-illuminated-temple-of-debod-at-sunset-ancient-eg-2023-11-27-05-05-15-utc-768x512.jpg 768w, https:\/\/spanienaktuell.net\/wordpress\/wp-content\/uploads\/2026\/05\/Templo-de-Debod-ENVATO-ELEMENTS-illuminated-temple-of-debod-at-sunset-ancient-eg-2023-11-27-05-05-15-utc-1536x1025.jpg 1536w, https:\/\/spanienaktuell.net\/wordpress\/wp-content\/uploads\/2026\/05\/Templo-de-Debod-ENVATO-ELEMENTS-illuminated-temple-of-debod-at-sunset-ancient-eg-2023-11-27-05-05-15-utc-2048x1366.jpg 2048w, https:\/\/spanienaktuell.net\/wordpress\/wp-content\/uploads\/2026\/05\/Templo-de-Debod-ENVATO-ELEMENTS-illuminated-temple-of-debod-at-sunset-ancient-eg-2023-11-27-05-05-15-utc-350x233.jpg 350w\" sizes=\"(max-width: 1440px) 100vw, 1440px\" \/><figcaption id=\"caption-attachment-109290\" class=\"wp-caption-text\">Foto &#8211; Debod-Tempel<\/figcaption><\/figure>\n<p>Eines der Schmuckst\u00fccke Madrids, der Debod-Tempel, befindet sich im wundersch\u00f6nen Parque del Oeste. Bewundern Sie dieses uralte \u00e4gyptische Heiligtum und genie\u00dfen Sie einen der zauberhaftesten Sonnenunterg\u00e4nge, die Sie je erlebt haben. Ganz in der N\u00e4he k\u00f6nnen Sie den Palacio de Liria mit seiner beeindruckenden Kunstsammlung besuchen. An der Plaza de Espa\u00f1a mit ihren h\u00fcbschen Gr\u00fcnfl\u00e4chen und heiter pl\u00e4tschernden Brunnen befindet sich ein hervorragendes Motiv f\u00fcr ein Erinnerungsfoto: das Denkmal zu Ehren von Don Quijote und Sancho Panza. Sie stehen mehr auf Shopping? Auch dann sind Sie in diesem Viertel mit seinen gro\u00dfen Einkaufsstra\u00dfen und Boutiquen genau richtig.<\/p>\n<figure id=\"attachment_109301\" aria-describedby=\"caption-attachment-109301\" style=\"width: 810px\" class=\"wp-caption aligncenter\"><img decoding=\"async\" class=\"size-full wp-image-109301\" src=\"https:\/\/spanienaktuell.net\/wordpress\/wp-content\/uploads\/2026\/05\/Foto-Pixabay-Falco-madrid-328122_1920-scaled.jpg\" alt=\"\" width=\"810\" height=\"1080\" srcset=\"https:\/\/spanienaktuell.net\/wordpress\/wp-content\/uploads\/2026\/05\/Foto-Pixabay-Falco-madrid-328122_1920-scaled.jpg 810w, https:\/\/spanienaktuell.net\/wordpress\/wp-content\/uploads\/2026\/05\/Foto-Pixabay-Falco-madrid-328122_1920-225x300.jpg 225w, https:\/\/spanienaktuell.net\/wordpress\/wp-content\/uploads\/2026\/05\/Foto-Pixabay-Falco-madrid-328122_1920-768x1024.jpg 768w, https:\/\/spanienaktuell.net\/wordpress\/wp-content\/uploads\/2026\/05\/Foto-Pixabay-Falco-madrid-328122_1920-1152x1536.jpg 1152w, https:\/\/spanienaktuell.net\/wordpress\/wp-content\/uploads\/2026\/05\/Foto-Pixabay-Falco-madrid-328122_1920-350x467.jpg 350w\" sizes=\"(max-width: 810px) 100vw, 810px\" \/><figcaption id=\"caption-attachment-109301\" class=\"wp-caption-text\">Foto &#8211; Pixabay-Falco<\/figcaption><\/figure>\n<p><strong>Salesas<\/strong><\/p>\n<p><img decoding=\"async\" class=\"aligncenter size-full wp-image-109296\" src=\"https:\/\/spanienaktuell.net\/wordpress\/wp-content\/uploads\/2026\/05\/ENVATO-ELEMENTS-young-caucasian-couple-look-the-map-to-visit-madri-2023-11-27-05-31-21-utc-scaled.jpg\" alt=\"\" width=\"1440\" height=\"960\" srcset=\"https:\/\/spanienaktuell.net\/wordpress\/wp-content\/uploads\/2026\/05\/ENVATO-ELEMENTS-young-caucasian-couple-look-the-map-to-visit-madri-2023-11-27-05-31-21-utc-scaled.jpg 1440w, https:\/\/spanienaktuell.net\/wordpress\/wp-content\/uploads\/2026\/05\/ENVATO-ELEMENTS-young-caucasian-couple-look-the-map-to-visit-madri-2023-11-27-05-31-21-utc-300x200.jpg 300w, https:\/\/spanienaktuell.net\/wordpress\/wp-content\/uploads\/2026\/05\/ENVATO-ELEMENTS-young-caucasian-couple-look-the-map-to-visit-madri-2023-11-27-05-31-21-utc-1024x683.jpg 1024w, https:\/\/spanienaktuell.net\/wordpress\/wp-content\/uploads\/2026\/05\/ENVATO-ELEMENTS-young-caucasian-couple-look-the-map-to-visit-madri-2023-11-27-05-31-21-utc-768x512.jpg 768w, https:\/\/spanienaktuell.net\/wordpress\/wp-content\/uploads\/2026\/05\/ENVATO-ELEMENTS-young-caucasian-couple-look-the-map-to-visit-madri-2023-11-27-05-31-21-utc-1536x1024.jpg 1536w, https:\/\/spanienaktuell.net\/wordpress\/wp-content\/uploads\/2026\/05\/ENVATO-ELEMENTS-young-caucasian-couple-look-the-map-to-visit-madri-2023-11-27-05-31-21-utc-2048x1365.jpg 2048w, https:\/\/spanienaktuell.net\/wordpress\/wp-content\/uploads\/2026\/05\/ENVATO-ELEMENTS-young-caucasian-couple-look-the-map-to-visit-madri-2023-11-27-05-31-21-utc-350x233.jpg 350w\" sizes=\"(max-width: 1440px) 100vw, 1440px\" \/><\/p>\n<p>Spazieren Sie im Viertel Salesas an Statuen und Brunnen vorbei \u00fcber den Boulevard Paseo de Recoletos und vergessen Sie die Zeit im Ausstellungssaal der Fundaci\u00f3n Mapfre. Entspannen Sie in den G\u00e4rten der Plaza de la Villa de Par\u00eds neben dem beeindruckenden Geb\u00e4ude des Obersten Gerichtshofs oder besichtigen Sie die Kirche Santa B\u00e1rbara. Wenn Sie Shopping lieben, sind die Calle Piamonte und die Calle Almirante genau das Richtige. Verweilen Sie in Ruhe in einem der Stra\u00dfenlokale an der Plaza de Santa B\u00e1rbara oder geben Sie sich in einem mit Michelin-Sternen ausgezeichneten Restaurant dem kulinarischen Genuss hin.<\/p>\n<p><strong>Las Letras<\/strong><\/p>\n<figure id=\"attachment_109293\" aria-describedby=\"caption-attachment-109293\" style=\"width: 1440px\" class=\"wp-caption aligncenter\"><img decoding=\"async\" class=\"size-full wp-image-109293\" src=\"https:\/\/spanienaktuell.net\/wordpress\/wp-content\/uploads\/2026\/05\/Barrio-de-las-Letrasa-Foto-Unsplash-Josefina-Di-Battista-lQn914ABqWQ-unsplash-toc-scaled.jpg\" alt=\"\" width=\"1440\" height=\"810\" srcset=\"https:\/\/spanienaktuell.net\/wordpress\/wp-content\/uploads\/2026\/05\/Barrio-de-las-Letrasa-Foto-Unsplash-Josefina-Di-Battista-lQn914ABqWQ-unsplash-toc-scaled.jpg 1440w, https:\/\/spanienaktuell.net\/wordpress\/wp-content\/uploads\/2026\/05\/Barrio-de-las-Letrasa-Foto-Unsplash-Josefina-Di-Battista-lQn914ABqWQ-unsplash-toc-300x169.jpg 300w, https:\/\/spanienaktuell.net\/wordpress\/wp-content\/uploads\/2026\/05\/Barrio-de-las-Letrasa-Foto-Unsplash-Josefina-Di-Battista-lQn914ABqWQ-unsplash-toc-1024x576.jpg 1024w, https:\/\/spanienaktuell.net\/wordpress\/wp-content\/uploads\/2026\/05\/Barrio-de-las-Letrasa-Foto-Unsplash-Josefina-Di-Battista-lQn914ABqWQ-unsplash-toc-768x432.jpg 768w, https:\/\/spanienaktuell.net\/wordpress\/wp-content\/uploads\/2026\/05\/Barrio-de-las-Letrasa-Foto-Unsplash-Josefina-Di-Battista-lQn914ABqWQ-unsplash-toc-1536x864.jpg 1536w, https:\/\/spanienaktuell.net\/wordpress\/wp-content\/uploads\/2026\/05\/Barrio-de-las-Letrasa-Foto-Unsplash-Josefina-Di-Battista-lQn914ABqWQ-unsplash-toc-2048x1152.jpg 2048w, https:\/\/spanienaktuell.net\/wordpress\/wp-content\/uploads\/2026\/05\/Barrio-de-las-Letrasa-Foto-Unsplash-Josefina-Di-Battista-lQn914ABqWQ-unsplash-toc-350x197.jpg 350w\" sizes=\"(max-width: 1440px) 100vw, 1440px\" \/><figcaption id=\"caption-attachment-109293\" class=\"wp-caption-text\">Barrio de las Letras, Foto \u2013 Unsplash &#8211; Josefina Di Battista<\/figcaption><\/figure>\n<p>Erleben Sie das Goldene Zeitalter Madrids im Stadtteil Las Letras, indem Sie durch seine gepflasterten Gassen streifen und in Kunsthandwerksl\u00e4den, M\u00f6belantiquariaten und Vintagegesch\u00e4ften st\u00f6bern. Laufen Sie anschlie\u00dfend weiter durch geschichtstr\u00e4chtige Gassen, die f\u00fcr die Literatur von Bedeutung waren, und legen Sie eine Pause in einer der zahlreichen Tavernen ein. Besuchen Sie das Teatro Espa\u00f1ol, das urspr\u00fcnglich als Kom\u00f6dientheater im 16. Jh. ins Leben gerufen wurde und heute das \u00e4lteste noch betriebene Theater weltweit ist. Wenn Sie eine Erinnerung an dieses Viertel mit nach Hause nehmen m\u00f6chten, k\u00f6nnten Sie zum Beispiel ein im Handel nicht mehr lieferbares Buch oder einen alten Comic auf dem B\u00fcchermarkt an der Cuesta de Moyano erstehen.<\/p>\n<p><strong>Das Madrid der Habsburger<\/strong><\/p>\n<figure id=\"attachment_109295\" aria-describedby=\"caption-attachment-109295\" style=\"width: 1440px\" class=\"wp-caption aligncenter\"><img decoding=\"async\" class=\"size-full wp-image-109295\" src=\"https:\/\/spanienaktuell.net\/wordpress\/wp-content\/uploads\/2026\/05\/Die-Statue-von-Philipp-III-Foto-Unsplash-Andreas-M-NqHJ-ogQRZQ-unsplash-scaled.jpg\" alt=\"\" width=\"1440\" height=\"960\" srcset=\"https:\/\/spanienaktuell.net\/wordpress\/wp-content\/uploads\/2026\/05\/Die-Statue-von-Philipp-III-Foto-Unsplash-Andreas-M-NqHJ-ogQRZQ-unsplash-scaled.jpg 1440w, https:\/\/spanienaktuell.net\/wordpress\/wp-content\/uploads\/2026\/05\/Die-Statue-von-Philipp-III-Foto-Unsplash-Andreas-M-NqHJ-ogQRZQ-unsplash-300x200.jpg 300w, https:\/\/spanienaktuell.net\/wordpress\/wp-content\/uploads\/2026\/05\/Die-Statue-von-Philipp-III-Foto-Unsplash-Andreas-M-NqHJ-ogQRZQ-unsplash-1024x683.jpg 1024w, https:\/\/spanienaktuell.net\/wordpress\/wp-content\/uploads\/2026\/05\/Die-Statue-von-Philipp-III-Foto-Unsplash-Andreas-M-NqHJ-ogQRZQ-unsplash-768x512.jpg 768w, https:\/\/spanienaktuell.net\/wordpress\/wp-content\/uploads\/2026\/05\/Die-Statue-von-Philipp-III-Foto-Unsplash-Andreas-M-NqHJ-ogQRZQ-unsplash-1536x1024.jpg 1536w, https:\/\/spanienaktuell.net\/wordpress\/wp-content\/uploads\/2026\/05\/Die-Statue-von-Philipp-III-Foto-Unsplash-Andreas-M-NqHJ-ogQRZQ-unsplash-2048x1365.jpg 2048w, https:\/\/spanienaktuell.net\/wordpress\/wp-content\/uploads\/2026\/05\/Die-Statue-von-Philipp-III-Foto-Unsplash-Andreas-M-NqHJ-ogQRZQ-unsplash-350x233.jpg 350w\" sizes=\"(max-width: 1440px) 100vw, 1440px\" \/><figcaption id=\"caption-attachment-109295\" class=\"wp-caption-text\">Die Statue von Philipp III, Foto &#8211; Unsplash-Andreas M<\/figcaption><\/figure>\n<p>Erkunden Sie eines der zauberhaftesten Viertel der ganzen Stadt. Beginnen Sie Ihren Rundgang an der Plaza Mayor, einem pr\u00e4chtigen Renaissanceplatz. Schauen Sie sich das Reiterstandbild von Philipp III., die Fresken an der Fassade des Geb\u00e4udes Casa de la Panader\u00eda und den Cuchilleros-Bogen an. Probieren Sie die ber\u00fchmten Tapas in den zahlreichen Tavernen rund um den Platz, spazieren Sie unter den Arkaden und besuchen Sie originelle Souvenirl\u00e4den.<\/p>\n<figure id=\"attachment_109303\" aria-describedby=\"caption-attachment-109303\" style=\"width: 1440px\" class=\"wp-caption aligncenter\"><img decoding=\"async\" class=\"size-full wp-image-109303\" src=\"https:\/\/spanienaktuell.net\/wordpress\/wp-content\/uploads\/2026\/05\/Foto-Plaza-de-la-Villa-ENVATO-ELEMENTS-travel-2023-11-27-05-33-28-utc-scaled.jpg\" alt=\"\" width=\"1440\" height=\"961\" srcset=\"https:\/\/spanienaktuell.net\/wordpress\/wp-content\/uploads\/2026\/05\/Foto-Plaza-de-la-Villa-ENVATO-ELEMENTS-travel-2023-11-27-05-33-28-utc-scaled.jpg 1440w, https:\/\/spanienaktuell.net\/wordpress\/wp-content\/uploads\/2026\/05\/Foto-Plaza-de-la-Villa-ENVATO-ELEMENTS-travel-2023-11-27-05-33-28-utc-300x200.jpg 300w, https:\/\/spanienaktuell.net\/wordpress\/wp-content\/uploads\/2026\/05\/Foto-Plaza-de-la-Villa-ENVATO-ELEMENTS-travel-2023-11-27-05-33-28-utc-1024x684.jpg 1024w, https:\/\/spanienaktuell.net\/wordpress\/wp-content\/uploads\/2026\/05\/Foto-Plaza-de-la-Villa-ENVATO-ELEMENTS-travel-2023-11-27-05-33-28-utc-768x513.jpg 768w, https:\/\/spanienaktuell.net\/wordpress\/wp-content\/uploads\/2026\/05\/Foto-Plaza-de-la-Villa-ENVATO-ELEMENTS-travel-2023-11-27-05-33-28-utc-1536x1025.jpg 1536w, https:\/\/spanienaktuell.net\/wordpress\/wp-content\/uploads\/2026\/05\/Foto-Plaza-de-la-Villa-ENVATO-ELEMENTS-travel-2023-11-27-05-33-28-utc-2048x1367.jpg 2048w, https:\/\/spanienaktuell.net\/wordpress\/wp-content\/uploads\/2026\/05\/Foto-Plaza-de-la-Villa-ENVATO-ELEMENTS-travel-2023-11-27-05-33-28-utc-350x234.jpg 350w\" sizes=\"(max-width: 1440px) 100vw, 1440px\" \/><figcaption id=\"caption-attachment-109303\" class=\"wp-caption-text\">Foto &#8211; Plaza de la Villa<\/figcaption><\/figure>\n<p>An der Plaza de la Villa erwartet Sie der mittelalterliche Teil dieses Viertels; die nahe gelegene Kirche San Miguel ist ein hervorragendes Beispiel barocker Kunst des 18. Jahrhunderts. Gehen Sie weiter durch enge Gassen bis zum Kloster Las Descalzas Reales. Genie\u00dfen Sie die unglaubliche Aussicht von der Kuppel der Kathedrale La Almudena oder besuchen Sie den Palacio de Oriente (K\u00f6nigspalast), der lange Zeit Residenz der spanischen K\u00f6nige und Schauplatz wichtiger Fest- und Staatsakte war.<\/p>\n<figure id=\"attachment_109310\" aria-describedby=\"caption-attachment-109310\" style=\"width: 1440px\" class=\"wp-caption aligncenter\"><img decoding=\"async\" class=\"wp-image-109310 size-full\" src=\"https:\/\/spanienaktuell.net\/wordpress\/wp-content\/uploads\/2026\/05\/La-Almudena-Foto-Pixabay-the-almudena-3792949_1920-copia-scaled.jpg\" alt=\"\" width=\"1440\" height=\"960\" srcset=\"https:\/\/spanienaktuell.net\/wordpress\/wp-content\/uploads\/2026\/05\/La-Almudena-Foto-Pixabay-the-almudena-3792949_1920-copia-scaled.jpg 1440w, https:\/\/spanienaktuell.net\/wordpress\/wp-content\/uploads\/2026\/05\/La-Almudena-Foto-Pixabay-the-almudena-3792949_1920-copia-300x200.jpg 300w, https:\/\/spanienaktuell.net\/wordpress\/wp-content\/uploads\/2026\/05\/La-Almudena-Foto-Pixabay-the-almudena-3792949_1920-copia-1024x682.jpg 1024w, https:\/\/spanienaktuell.net\/wordpress\/wp-content\/uploads\/2026\/05\/La-Almudena-Foto-Pixabay-the-almudena-3792949_1920-copia-768x512.jpg 768w, https:\/\/spanienaktuell.net\/wordpress\/wp-content\/uploads\/2026\/05\/La-Almudena-Foto-Pixabay-the-almudena-3792949_1920-copia-350x233.jpg 350w\" sizes=\"(max-width: 1440px) 100vw, 1440px\" \/><figcaption id=\"caption-attachment-109310\" class=\"wp-caption-text\">La Almudena, Foto &#8211; Pixabay<\/figcaption><\/figure>\n<p><strong>Lavapi\u00e9s und Delicia<\/strong><\/p>\n<figure id=\"attachment_109306\" aria-describedby=\"caption-attachment-109306\" style=\"width: 794px\" class=\"wp-caption aligncenter\"><img decoding=\"async\" class=\"size-full wp-image-109306\" src=\"https:\/\/spanienaktuell.net\/wordpress\/wp-content\/uploads\/2026\/05\/Foto-Unsplash-Paul-Lucaci-O-ARA7nBc3A-unsplash-toc-scaled.jpg\" alt=\"\" width=\"794\" height=\"1080\" srcset=\"https:\/\/spanienaktuell.net\/wordpress\/wp-content\/uploads\/2026\/05\/Foto-Unsplash-Paul-Lucaci-O-ARA7nBc3A-unsplash-toc-scaled.jpg 794w, https:\/\/spanienaktuell.net\/wordpress\/wp-content\/uploads\/2026\/05\/Foto-Unsplash-Paul-Lucaci-O-ARA7nBc3A-unsplash-toc-220x300.jpg 220w, https:\/\/spanienaktuell.net\/wordpress\/wp-content\/uploads\/2026\/05\/Foto-Unsplash-Paul-Lucaci-O-ARA7nBc3A-unsplash-toc-752x1024.jpg 752w, https:\/\/spanienaktuell.net\/wordpress\/wp-content\/uploads\/2026\/05\/Foto-Unsplash-Paul-Lucaci-O-ARA7nBc3A-unsplash-toc-768x1046.jpg 768w, https:\/\/spanienaktuell.net\/wordpress\/wp-content\/uploads\/2026\/05\/Foto-Unsplash-Paul-Lucaci-O-ARA7nBc3A-unsplash-toc-1128x1536.jpg 1128w, https:\/\/spanienaktuell.net\/wordpress\/wp-content\/uploads\/2026\/05\/Foto-Unsplash-Paul-Lucaci-O-ARA7nBc3A-unsplash-toc-1504x2048.jpg 1504w, https:\/\/spanienaktuell.net\/wordpress\/wp-content\/uploads\/2026\/05\/Foto-Unsplash-Paul-Lucaci-O-ARA7nBc3A-unsplash-toc-350x476.jpg 350w\" sizes=\"(max-width: 794px) 100vw, 794px\" \/><figcaption id=\"caption-attachment-109306\" class=\"wp-caption-text\">Foto &#8211; Unsplash-Paul Lucaci<\/figcaption><\/figure>\n<p>Lavapi\u00e9s ist ein lebhaftes, multiethnisches und trendiges Viertel. Laufen Sie durch die steilen, gepflasterten Stra\u00dfen und entdecken Sie die typischen Innenh\u00f6fe der Geb\u00e4ude, die Corralas. Erleben Sie das Flair dieses Viertels, das von Bewohnern aus aller Welt gepr\u00e4gt ist. Trinken Sie eine Tasse \u00d6ko-Kaffee, st\u00f6bern Sie in Buchl\u00e4den, betreten Sie kleine Galerien wie La Casa Encendida und werfen Sie einen Blick in die Nachbarschaftszentren. Lavapi\u00e9s ist das Zentrum der alternativen Theaterkunst, z.\u202fB. auf der B\u00fchne La Escalera de Jacob. Wer auf der Suche nach coolen Artikeln ist, wird im Mercado de Motores zwischen den Gleisen des Eisenbahnmuseums f\u00fcndig. Hier k\u00f6nnen Sie Livemusik lauschen, Tapas probieren oder alternative Produkte erwerben. Der Markt ist immer am zweiten Wochenende des Monats ge\u00f6ffnet.<\/p>\n<p><strong>La Latina<\/strong><\/p>\n<p><img decoding=\"async\" class=\"aligncenter size-full wp-image-109311\" src=\"https:\/\/spanienaktuell.net\/wordpress\/wp-content\/uploads\/2026\/05\/La-Latina-ENVATO-ELEMENTS-people-2023-11-27-05-29-48-utc-scaled.jpg\" alt=\"\" width=\"1440\" height=\"961\" srcset=\"https:\/\/spanienaktuell.net\/wordpress\/wp-content\/uploads\/2026\/05\/La-Latina-ENVATO-ELEMENTS-people-2023-11-27-05-29-48-utc-scaled.jpg 1440w, https:\/\/spanienaktuell.net\/wordpress\/wp-content\/uploads\/2026\/05\/La-Latina-ENVATO-ELEMENTS-people-2023-11-27-05-29-48-utc-300x200.jpg 300w, https:\/\/spanienaktuell.net\/wordpress\/wp-content\/uploads\/2026\/05\/La-Latina-ENVATO-ELEMENTS-people-2023-11-27-05-29-48-utc-1024x684.jpg 1024w, https:\/\/spanienaktuell.net\/wordpress\/wp-content\/uploads\/2026\/05\/La-Latina-ENVATO-ELEMENTS-people-2023-11-27-05-29-48-utc-768x513.jpg 768w, https:\/\/spanienaktuell.net\/wordpress\/wp-content\/uploads\/2026\/05\/La-Latina-ENVATO-ELEMENTS-people-2023-11-27-05-29-48-utc-1536x1025.jpg 1536w, https:\/\/spanienaktuell.net\/wordpress\/wp-content\/uploads\/2026\/05\/La-Latina-ENVATO-ELEMENTS-people-2023-11-27-05-29-48-utc-2048x1367.jpg 2048w, https:\/\/spanienaktuell.net\/wordpress\/wp-content\/uploads\/2026\/05\/La-Latina-ENVATO-ELEMENTS-people-2023-11-27-05-29-48-utc-350x234.jpg 350w\" sizes=\"(max-width: 1440px) 100vw, 1440px\" \/><\/p>\n<p>Im angrenzenden Viertel La Latina empfiehlt sich ein Besuch der Kirche San Cayetano sowie ein Spaziergang \u00fcber den Rastro, den gr\u00f6\u00dften und \u00e4ltesten Stra\u00dfenmarkt der Stadt, mittelalterlichen Ursprungs. Dieser ist an Sonn- und Feiertagen ge\u00f6ffnet. An anderen Tagen k\u00f6nnen Sie hier Antiquit\u00e4ten und Kuriosit\u00e4ten entdecken.<\/p>\n<p><strong>Retiro<\/strong><\/p>\n<p><img decoding=\"async\" class=\"aligncenter size-full wp-image-109297\" src=\"https:\/\/spanienaktuell.net\/wordpress\/wp-content\/uploads\/2026\/05\/Foto-Park-El-Retiro-ENVATO-ELEMENTS-san-manuel-y-san-benito-parish-seen-from-the-retir-2023-11-27-05-05-36-utc-scaled.jpg\" alt=\"\" width=\"1440\" height=\"960\" srcset=\"https:\/\/spanienaktuell.net\/wordpress\/wp-content\/uploads\/2026\/05\/Foto-Park-El-Retiro-ENVATO-ELEMENTS-san-manuel-y-san-benito-parish-seen-from-the-retir-2023-11-27-05-05-36-utc-scaled.jpg 1440w, https:\/\/spanienaktuell.net\/wordpress\/wp-content\/uploads\/2026\/05\/Foto-Park-El-Retiro-ENVATO-ELEMENTS-san-manuel-y-san-benito-parish-seen-from-the-retir-2023-11-27-05-05-36-utc-300x200.jpg 300w, https:\/\/spanienaktuell.net\/wordpress\/wp-content\/uploads\/2026\/05\/Foto-Park-El-Retiro-ENVATO-ELEMENTS-san-manuel-y-san-benito-parish-seen-from-the-retir-2023-11-27-05-05-36-utc-1024x683.jpg 1024w, https:\/\/spanienaktuell.net\/wordpress\/wp-content\/uploads\/2026\/05\/Foto-Park-El-Retiro-ENVATO-ELEMENTS-san-manuel-y-san-benito-parish-seen-from-the-retir-2023-11-27-05-05-36-utc-768x512.jpg 768w, https:\/\/spanienaktuell.net\/wordpress\/wp-content\/uploads\/2026\/05\/Foto-Park-El-Retiro-ENVATO-ELEMENTS-san-manuel-y-san-benito-parish-seen-from-the-retir-2023-11-27-05-05-36-utc-1536x1024.jpg 1536w, https:\/\/spanienaktuell.net\/wordpress\/wp-content\/uploads\/2026\/05\/Foto-Park-El-Retiro-ENVATO-ELEMENTS-san-manuel-y-san-benito-parish-seen-from-the-retir-2023-11-27-05-05-36-utc-2048x1365.jpg 2048w, https:\/\/spanienaktuell.net\/wordpress\/wp-content\/uploads\/2026\/05\/Foto-Park-El-Retiro-ENVATO-ELEMENTS-san-manuel-y-san-benito-parish-seen-from-the-retir-2023-11-27-05-05-36-utc-350x233.jpg 350w\" sizes=\"(max-width: 1440px) 100vw, 1440px\" \/><\/p>\n<p>Schlendern Sie durch den Park El Retiro und genie\u00dfen Sie das Gef\u00fchl, Teil dieser gro\u00dfartigen Stadt zu sein. Erkunden Sie den Park mit dem Fahrrad, mieten Sie ein Ruderboot oder legen Sie sich auf die Wiese und beobachten die Wolken.<\/p>\n<figure id=\"attachment_109298\" aria-describedby=\"caption-attachment-109298\" style=\"width: 1440px\" class=\"wp-caption aligncenter\"><img decoding=\"async\" class=\"size-full wp-image-109298\" src=\"https:\/\/spanienaktuell.net\/wordpress\/wp-content\/uploads\/2026\/05\/Foto-Pixabay-panorama-3593427-copia-scaled.jpg\" alt=\"\" width=\"1440\" height=\"922\" srcset=\"https:\/\/spanienaktuell.net\/wordpress\/wp-content\/uploads\/2026\/05\/Foto-Pixabay-panorama-3593427-copia-scaled.jpg 1440w, https:\/\/spanienaktuell.net\/wordpress\/wp-content\/uploads\/2026\/05\/Foto-Pixabay-panorama-3593427-copia-300x192.jpg 300w, https:\/\/spanienaktuell.net\/wordpress\/wp-content\/uploads\/2026\/05\/Foto-Pixabay-panorama-3593427-copia-1024x656.jpg 1024w, https:\/\/spanienaktuell.net\/wordpress\/wp-content\/uploads\/2026\/05\/Foto-Pixabay-panorama-3593427-copia-768x492.jpg 768w, https:\/\/spanienaktuell.net\/wordpress\/wp-content\/uploads\/2026\/05\/Foto-Pixabay-panorama-3593427-copia-1536x983.jpg 1536w, https:\/\/spanienaktuell.net\/wordpress\/wp-content\/uploads\/2026\/05\/Foto-Pixabay-panorama-3593427-copia-2048x1311.jpg 2048w, https:\/\/spanienaktuell.net\/wordpress\/wp-content\/uploads\/2026\/05\/Foto-Pixabay-panorama-3593427-copia-350x224.jpg 350w\" sizes=\"(max-width: 1440px) 100vw, 1440px\" \/><figcaption id=\"caption-attachment-109298\" class=\"wp-caption-text\">Foto &#8211; Pixabay<\/figcaption><\/figure>\n<p>Nur wenige Gehminuten entfernt lockt der Stadtteil Salamanca mit seinen exklusiven Shoppingm\u00f6glichkeiten: Die sogenannte \u201eGoldene Meile\u201c rund um die Calle Serrano bietet Luxus pur. Das gastronomische Angebot ist sehr attraktiv, z.\u202fB. in der Calle Jorge Juan oder am Paseo de la Castellana.<\/p>\n<figure id=\"attachment_109292\" aria-describedby=\"caption-attachment-109292\" style=\"width: 1440px\" class=\"wp-caption aligncenter\"><img decoding=\"async\" class=\"size-full wp-image-109292\" src=\"https:\/\/spanienaktuell.net\/wordpress\/wp-content\/uploads\/2026\/05\/Bario-Salamanca-Foto-Unsplash-Florian-Wehde-WBGjg0DsO_g-unsplash-scaled.jpg\" alt=\"\" width=\"1440\" height=\"960\" srcset=\"https:\/\/spanienaktuell.net\/wordpress\/wp-content\/uploads\/2026\/05\/Bario-Salamanca-Foto-Unsplash-Florian-Wehde-WBGjg0DsO_g-unsplash-scaled.jpg 1440w, https:\/\/spanienaktuell.net\/wordpress\/wp-content\/uploads\/2026\/05\/Bario-Salamanca-Foto-Unsplash-Florian-Wehde-WBGjg0DsO_g-unsplash-300x200.jpg 300w, https:\/\/spanienaktuell.net\/wordpress\/wp-content\/uploads\/2026\/05\/Bario-Salamanca-Foto-Unsplash-Florian-Wehde-WBGjg0DsO_g-unsplash-1024x683.jpg 1024w, https:\/\/spanienaktuell.net\/wordpress\/wp-content\/uploads\/2026\/05\/Bario-Salamanca-Foto-Unsplash-Florian-Wehde-WBGjg0DsO_g-unsplash-768x512.jpg 768w, https:\/\/spanienaktuell.net\/wordpress\/wp-content\/uploads\/2026\/05\/Bario-Salamanca-Foto-Unsplash-Florian-Wehde-WBGjg0DsO_g-unsplash-1536x1024.jpg 1536w, https:\/\/spanienaktuell.net\/wordpress\/wp-content\/uploads\/2026\/05\/Bario-Salamanca-Foto-Unsplash-Florian-Wehde-WBGjg0DsO_g-unsplash-2048x1365.jpg 2048w, https:\/\/spanienaktuell.net\/wordpress\/wp-content\/uploads\/2026\/05\/Bario-Salamanca-Foto-Unsplash-Florian-Wehde-WBGjg0DsO_g-unsplash-350x233.jpg 350w\" sizes=\"(max-width: 1440px) 100vw, 1440px\" \/><figcaption id=\"caption-attachment-109292\" class=\"wp-caption-text\">Barrio Salamanca, Foto: Unsplash-Florian Wehde<\/figcaption><\/figure>\n<p><strong>Mayo Festivo \u2013 Festivals im Mai<\/strong><\/p>\n<p><img decoding=\"async\" class=\"aligncenter size-full wp-image-109291\" src=\"https:\/\/spanienaktuell.net\/wordpress\/wp-content\/uploads\/2026\/05\/woman-with-sangria-drink-outdoors-in-valencia-2026-01-08-07-44-12-utc-scaled.jpg\" alt=\"\" width=\"1440\" height=\"961\" srcset=\"https:\/\/spanienaktuell.net\/wordpress\/wp-content\/uploads\/2026\/05\/woman-with-sangria-drink-outdoors-in-valencia-2026-01-08-07-44-12-utc-scaled.jpg 1440w, https:\/\/spanienaktuell.net\/wordpress\/wp-content\/uploads\/2026\/05\/woman-with-sangria-drink-outdoors-in-valencia-2026-01-08-07-44-12-utc-300x200.jpg 300w, https:\/\/spanienaktuell.net\/wordpress\/wp-content\/uploads\/2026\/05\/woman-with-sangria-drink-outdoors-in-valencia-2026-01-08-07-44-12-utc-1024x683.jpg 1024w, https:\/\/spanienaktuell.net\/wordpress\/wp-content\/uploads\/2026\/05\/woman-with-sangria-drink-outdoors-in-valencia-2026-01-08-07-44-12-utc-768x513.jpg 768w, https:\/\/spanienaktuell.net\/wordpress\/wp-content\/uploads\/2026\/05\/woman-with-sangria-drink-outdoors-in-valencia-2026-01-08-07-44-12-utc-1536x1025.jpg 1536w, https:\/\/spanienaktuell.net\/wordpress\/wp-content\/uploads\/2026\/05\/woman-with-sangria-drink-outdoors-in-valencia-2026-01-08-07-44-12-utc-2048x1367.jpg 2048w, https:\/\/spanienaktuell.net\/wordpress\/wp-content\/uploads\/2026\/05\/woman-with-sangria-drink-outdoors-in-valencia-2026-01-08-07-44-12-utc-350x234.jpg 350w\" sizes=\"(max-width: 1440px) 100vw, 1440px\" \/><\/p>\n<p>Der Monat Mai geh\u00f6rt in Madrid zu den lebendigsten Zeiten des Jahres. Zahlreiche Feste, kulturelle Veranstaltungen und traditionsreiche Feierlichkeiten pr\u00e4gen das Stadtbild und sorgen f\u00fcr eine besondere Atmosph\u00e4re.<\/p>\n<p>Den Auftakt bildet der 2. Mai, der als D\u00eda de la Comunidad de Madrid gefeiert wird. Mit Konzerten, Stra\u00dfenfesten und kulturellen Veranstaltungen \u2013 besonders im kreativen Viertel Malasa\u00f1a \u2013 erinnert die Stadt an den historischen Aufstand der Madrilenen gegen die napoleonischen Truppen im Jahr 1808.<\/p>\n<p>Im Laufe des Monats locken mehrere bedeutende Kulturveranstaltungen Besucher aus aller Welt nach Madrid. Das internationale Tanzfestival Madrid en Danza bringt innovative Choreografien auf die B\u00fchnen der Stadt. Parallel dazu pr\u00e4sentiert das Dokumentarfilmfestival DocumentaMadrid eindrucksvolle Produktionen aus der internationalen Filmszene.<\/p>\n<p>Der H\u00f6hepunkt des Monats ist das traditionsreiche Patronatsfest zu Ehren des Schutzheiligen San Isidro. Vom 8. bis 17. Mai 2026 verwandelt sich Madrid in eine lebendige Festb\u00fchne mit Konzerten, Volksfesten, Jahrmarkt und Feuerwerk. Besonders am 15. Mai, dem eigentlichen Feiertag, str\u00f6men die Madrilenen zur Pradera, um in traditioneller Kleidung zu feiern, zu tanzen und Spezialit\u00e4ten wie Rosquillas und Limonada zu genie\u00dfen.<\/p>\n<p><strong>Programme k\u00f6nnen sich leicht \u00e4ndern \u2013 pr\u00fcfen Sie vor Ihrem Besuch die aktuellen Veranstaltungsinfos.<\/strong><\/p>\n<p><strong>Veranstaltungskalender Madrid \u2013 Mai 2026<\/strong><\/p>\n<p><strong><img decoding=\"async\" class=\"aligncenter size-full wp-image-109307\" src=\"https:\/\/spanienaktuell.net\/wordpress\/wp-content\/uploads\/2026\/05\/friends-making-party-in-a-lounge-bar-2026-01-08-23-37-51-utc-scaled.jpg\" alt=\"\" width=\"1440\" height=\"961\" srcset=\"https:\/\/spanienaktuell.net\/wordpress\/wp-content\/uploads\/2026\/05\/friends-making-party-in-a-lounge-bar-2026-01-08-23-37-51-utc-scaled.jpg 1440w, https:\/\/spanienaktuell.net\/wordpress\/wp-content\/uploads\/2026\/05\/friends-making-party-in-a-lounge-bar-2026-01-08-23-37-51-utc-300x200.jpg 300w, https:\/\/spanienaktuell.net\/wordpress\/wp-content\/uploads\/2026\/05\/friends-making-party-in-a-lounge-bar-2026-01-08-23-37-51-utc-1024x684.jpg 1024w, https:\/\/spanienaktuell.net\/wordpress\/wp-content\/uploads\/2026\/05\/friends-making-party-in-a-lounge-bar-2026-01-08-23-37-51-utc-768x513.jpg 768w, https:\/\/spanienaktuell.net\/wordpress\/wp-content\/uploads\/2026\/05\/friends-making-party-in-a-lounge-bar-2026-01-08-23-37-51-utc-1536x1025.jpg 1536w, https:\/\/spanienaktuell.net\/wordpress\/wp-content\/uploads\/2026\/05\/friends-making-party-in-a-lounge-bar-2026-01-08-23-37-51-utc-2048x1367.jpg 2048w, https:\/\/spanienaktuell.net\/wordpress\/wp-content\/uploads\/2026\/05\/friends-making-party-in-a-lounge-bar-2026-01-08-23-37-51-utc-350x234.jpg 350w\" sizes=\"(max-width: 1440px) 100vw, 1440px\" \/>\u00a0<\/strong><\/p>\n<p><strong>2. Mai 2026 \u2013 D\u00eda de la Comunidad de Madrid<\/strong><\/p>\n<p>Feiertag der Autonomen Gemeinschaft Madrid mit Konzerten, Stra\u00dfenfesten, Paraden und kulturellen Veranstaltungen im gesamten Stadtgebiet.<\/p>\n<p><strong>8.\u201317. Mai 2026 \u2013 Fiestas de San Isidro<\/strong><\/p>\n<p>Gr\u00f6\u00dftes Volksfest Madrids zu Ehren des Schutzpatrons. Konzerte, traditionelle T\u00e4nze, Gastronomie, Jahrmarkt und Feuerwerk. Hauptschaupl\u00e4tze: Pradera de San Isidro, Las Vistillas, Plaza Mayor, Kulturzentrum Matadero.<\/p>\n<p><strong>Mai 2026 (verschiedene Termine) \u2013 Madrid en Danza Festival<\/strong><\/p>\n<p><img decoding=\"async\" class=\"aligncenter size-full wp-image-109294\" src=\"https:\/\/spanienaktuell.net\/wordpress\/wp-content\/uploads\/2026\/05\/couple-dancing-swing-in-front-of-puerta-de-alcala-2026-01-07-00-21-02-utc-scaled.jpg\" alt=\"\" width=\"1440\" height=\"960\" srcset=\"https:\/\/spanienaktuell.net\/wordpress\/wp-content\/uploads\/2026\/05\/couple-dancing-swing-in-front-of-puerta-de-alcala-2026-01-07-00-21-02-utc-scaled.jpg 1440w, https:\/\/spanienaktuell.net\/wordpress\/wp-content\/uploads\/2026\/05\/couple-dancing-swing-in-front-of-puerta-de-alcala-2026-01-07-00-21-02-utc-300x200.jpg 300w, https:\/\/spanienaktuell.net\/wordpress\/wp-content\/uploads\/2026\/05\/couple-dancing-swing-in-front-of-puerta-de-alcala-2026-01-07-00-21-02-utc-1024x683.jpg 1024w, https:\/\/spanienaktuell.net\/wordpress\/wp-content\/uploads\/2026\/05\/couple-dancing-swing-in-front-of-puerta-de-alcala-2026-01-07-00-21-02-utc-768x512.jpg 768w, https:\/\/spanienaktuell.net\/wordpress\/wp-content\/uploads\/2026\/05\/couple-dancing-swing-in-front-of-puerta-de-alcala-2026-01-07-00-21-02-utc-1536x1024.jpg 1536w, https:\/\/spanienaktuell.net\/wordpress\/wp-content\/uploads\/2026\/05\/couple-dancing-swing-in-front-of-puerta-de-alcala-2026-01-07-00-21-02-utc-2048x1365.jpg 2048w, https:\/\/spanienaktuell.net\/wordpress\/wp-content\/uploads\/2026\/05\/couple-dancing-swing-in-front-of-puerta-de-alcala-2026-01-07-00-21-02-utc-350x233.jpg 350w\" sizes=\"(max-width: 1440px) 100vw, 1440px\" \/><\/p>\n<p>Internationales Tanzfestival mit zeitgen\u00f6ssischen Produktionen und Auff\u00fchrungen in mehreren Theatern der Hauptstadt.<\/p>\n<p><strong>Mitte Mai 2026 \u2013 DocumentaMadrid<\/strong><\/p>\n<p>Internationales Dokumentarfilmfestival mit Wettbewerben und Diskussionsrunden.<\/p>\n<p><strong>18. Mai 2026 \u2013 Internationaler Museumstag<\/strong><\/p>\n<p>Viele Museen \u00f6ffnen ihre T\u00fcren mit Sonderausstellungen, kostenlosen F\u00fchrungen und verl\u00e4ngerten \u00d6ffnungszeiten.<\/p>\n<p><strong>Programme k\u00f6nnen sich leicht \u00e4ndern \u2013 pr\u00fcfen Sie vor Ihrem Besuch die aktuellen Veranstaltungsinfos.<\/strong><\/p>\n<p><strong>Madrid im Mai \u2013 5 Insider-Tipps f\u00fcr Besucher<\/strong><\/p>\n<figure id=\"attachment_109314\" aria-describedby=\"caption-attachment-109314\" style=\"width: 1440px\" class=\"wp-caption aligncenter\"><img decoding=\"async\" class=\"size-full wp-image-109314\" src=\"https:\/\/spanienaktuell.net\/wordpress\/wp-content\/uploads\/2026\/05\/monument-to-king-alfonso-xii-in-buen-retiro-park-o-2026-01-08-22-03-47-utc-scaled.jpg\" alt=\"\" width=\"1440\" height=\"961\" srcset=\"https:\/\/spanienaktuell.net\/wordpress\/wp-content\/uploads\/2026\/05\/monument-to-king-alfonso-xii-in-buen-retiro-park-o-2026-01-08-22-03-47-utc-scaled.jpg 1440w, https:\/\/spanienaktuell.net\/wordpress\/wp-content\/uploads\/2026\/05\/monument-to-king-alfonso-xii-in-buen-retiro-park-o-2026-01-08-22-03-47-utc-300x200.jpg 300w, https:\/\/spanienaktuell.net\/wordpress\/wp-content\/uploads\/2026\/05\/monument-to-king-alfonso-xii-in-buen-retiro-park-o-2026-01-08-22-03-47-utc-1024x684.jpg 1024w, https:\/\/spanienaktuell.net\/wordpress\/wp-content\/uploads\/2026\/05\/monument-to-king-alfonso-xii-in-buen-retiro-park-o-2026-01-08-22-03-47-utc-768x513.jpg 768w, https:\/\/spanienaktuell.net\/wordpress\/wp-content\/uploads\/2026\/05\/monument-to-king-alfonso-xii-in-buen-retiro-park-o-2026-01-08-22-03-47-utc-1536x1025.jpg 1536w, https:\/\/spanienaktuell.net\/wordpress\/wp-content\/uploads\/2026\/05\/monument-to-king-alfonso-xii-in-buen-retiro-park-o-2026-01-08-22-03-47-utc-2048x1367.jpg 2048w, https:\/\/spanienaktuell.net\/wordpress\/wp-content\/uploads\/2026\/05\/monument-to-king-alfonso-xii-in-buen-retiro-park-o-2026-01-08-22-03-47-utc-350x234.jpg 350w\" sizes=\"(max-width: 1440px) 100vw, 1440px\" \/><figcaption id=\"caption-attachment-109314\" class=\"wp-caption-text\">Foto &#8211; Retiro-Park<\/figcaption><\/figure>\n<ol>\n<li><strong>Picknick wie die Madrilenen bei San Isidro<\/strong><\/li>\n<\/ol>\n<p>Auf der Pradera de San Isidro genie\u00dfen Sie Musik, Tanz und die typische Limonada Madrile\u00f1a.<\/p>\n<ol start=\"2\">\n<li><strong>Sonnenuntergang am Templo de Debod<\/strong><\/li>\n<\/ol>\n<p>Der \u00e4gyptische Tempel geh\u00f6rt zu den sch\u00f6nsten Aussichtspunkten der Stadt. Besonders im Fr\u00fchling erleben Besucher hier einen der spektakul\u00e4rsten Sonnenunterg\u00e4nge.<\/p>\n<ol start=\"3\">\n<li><strong>Tapas-Abend im Viertel La Latina<\/strong><\/li>\n<\/ol>\n<p>Das historische Viertel ist ber\u00fchmt f\u00fcr seine Tapas-Bars, volle Terrassen und lebhafte Gassen \u2013 ein echtes Madrider Erlebnis.<\/p>\n<ol start=\"4\">\n<li><strong>Kunstwelt auf dem \u201eGoldenen Dreieck\u201c<\/strong><\/li>\n<\/ol>\n<p>Museo del Prado, Museo Reina Sof\u00eda und Museo Thyssen-Bornemisza bilden zusammen das Goldene Dreieck der Kunst.<\/p>\n<ol start=\"5\">\n<li><strong>Fr\u00fchling im Retiro-Park genie\u00dfen<\/strong><\/li>\n<\/ol>\n<p>Bootfahren auf dem See, Stra\u00dfenmusiker und schattige Spazierwege machen den Parque del Retiro zu einer perfekten Pause vom Stadttrubel.<\/p>\n<p><em>Madrid ist ein faszinierendes Mosaik aus Kultur, Geschichte und Offenheit. Tauchen Sie ein in die Viertel dieser pulsierenden Stadt und erleben Sie den einzigartigen Charme der Madrilenen, die ihre T\u00fcren und Herzen \u00f6ffnen, um ihre Sch\u00e4tze mit Ihnen zu teilen.<\/em><\/p>\n<figure id=\"attachment_109313\" aria-describedby=\"caption-attachment-109313\" style=\"width: 1440px\" class=\"wp-caption aligncenter\"><img decoding=\"async\" class=\"size-full wp-image-109313\" src=\"https:\/\/spanienaktuell.net\/wordpress\/wp-content\/uploads\/2026\/05\/madrid-spain-at-plaza-de-cibeles-2026-01-09-06-28-53-utc-scaled.jpg\" alt=\"\" width=\"1440\" height=\"961\" srcset=\"https:\/\/spanienaktuell.net\/wordpress\/wp-content\/uploads\/2026\/05\/madrid-spain-at-plaza-de-cibeles-2026-01-09-06-28-53-utc-scaled.jpg 1440w, https:\/\/spanienaktuell.net\/wordpress\/wp-content\/uploads\/2026\/05\/madrid-spain-at-plaza-de-cibeles-2026-01-09-06-28-53-utc-300x200.jpg 300w, https:\/\/spanienaktuell.net\/wordpress\/wp-content\/uploads\/2026\/05\/madrid-spain-at-plaza-de-cibeles-2026-01-09-06-28-53-utc-1024x683.jpg 1024w, https:\/\/spanienaktuell.net\/wordpress\/wp-content\/uploads\/2026\/05\/madrid-spain-at-plaza-de-cibeles-2026-01-09-06-28-53-utc-768x513.jpg 768w, https:\/\/spanienaktuell.net\/wordpress\/wp-content\/uploads\/2026\/05\/madrid-spain-at-plaza-de-cibeles-2026-01-09-06-28-53-utc-1536x1025.jpg 1536w, https:\/\/spanienaktuell.net\/wordpress\/wp-content\/uploads\/2026\/05\/madrid-spain-at-plaza-de-cibeles-2026-01-09-06-28-53-utc-2048x1367.jpg 2048w, https:\/\/spanienaktuell.net\/wordpress\/wp-content\/uploads\/2026\/05\/madrid-spain-at-plaza-de-cibeles-2026-01-09-06-28-53-utc-350x234.jpg 350w\" sizes=\"(max-width: 1440px) 100vw, 1440px\" \/><figcaption id=\"caption-attachment-109313\" class=\"wp-caption-text\">Foto &#8211; Plaza de Cibeles<\/figcaption><\/figure>\n<p><strong>Buen viaje \u2013 Gute Reise!<\/strong><\/p>\n<p><strong>Text &#8211; Spanien aktuell-Cesar Certier \u00a9<\/strong><\/p>\n","protected":false},"excerpt":{"rendered":"<p>Madrid ist eine Stadt voller Facetten, Geschichten und lebendiger Viertel. Jedes Stadtgebiet erz\u00e4hlt seine eigene Geschichte: Von den alternativen Stra\u00dfen [&hellip;]<\/p>\n","protected":false},"author":3,"featured_media":109289,"comment_status":"closed","ping_status":"closed","sticky":false,"template":"","format":"standard","meta":{"footnotes":""},"categories":[31],"tags":[],"class_list":["post-109288","post","type-post","status-publish","format-standard","has-post-thumbnail","hentry","category-reise"],"yoast_head":"<!-- This site is optimized with the Yoast SEO plugin v27.1.1 - https:\/\/yoast.com\/product\/yoast-seo-wordpress\/ -->\n<title>Madrid \u2013 Ein Mosaik aus Kultur, Tradition und pulsierender Lebensfreude - Spanien aktuell<\/title>\n<meta name=\"robots\" content=\"index, follow, max-snippet:-1, max-image-preview:large, max-video-preview:-1\" \/>\n<link rel=\"canonical\" href=\"https:\/\/spanienaktuell.net\/wordpress\/madrid-ein-mosaik-aus-kultur-tradition-und-pulsierender-lebensfreude\/\" \/>\n<meta property=\"og:locale\" content=\"es_ES\" \/>\n<meta property=\"og:type\" content=\"article\" \/>\n<meta property=\"og:title\" content=\"Madrid \u2013 Ein Mosaik aus Kultur, Tradition und pulsierender Lebensfreude - Spanien aktuell\" \/>\n<meta property=\"og:description\" content=\"Madrid ist eine Stadt voller Facetten, Geschichten und lebendiger Viertel. Jedes Stadtgebiet erz\u00e4hlt seine eigene Geschichte: Von den alternativen Stra\u00dfen [&hellip;]\" \/>\n<meta property=\"og:url\" content=\"https:\/\/spanienaktuell.net\/wordpress\/madrid-ein-mosaik-aus-kultur-tradition-und-pulsierender-lebensfreude\/\" \/>\n<meta property=\"og:site_name\" content=\"Spanien aktuell\" \/>\n<meta property=\"article:published_time\" content=\"2026-05-01T10:25:46+00:00\" \/>\n<meta property=\"og:image\" content=\"https:\/\/spanienaktuell.net\/wordpress\/wp-content\/uploads\/2026\/05\/royal-palace-in-madrid-spain-2026-01-08-22-03-47-utc-scaled.jpg\" \/>\n\t<meta property=\"og:image:width\" content=\"1440\" \/>\n\t<meta property=\"og:image:height\" content=\"961\" \/>\n\t<meta property=\"og:image:type\" content=\"image\/jpeg\" \/>\n<meta name=\"author\" content=\"Spanien Aktuell\" \/>\n<meta name=\"twitter:card\" content=\"summary_large_image\" \/>\n<meta name=\"twitter:label1\" content=\"Escrito por\" \/>\n\t<meta name=\"twitter:data1\" content=\"Spanien Aktuell\" \/>\n\t<meta name=\"twitter:label2\" content=\"Tiempo de lectura\" \/>\n\t<meta name=\"twitter:data2\" content=\"14 minutos\" \/>\n<script type=\"application\/ld+json\" class=\"yoast-schema-graph\">{\"@context\":\"https:\/\/schema.org\",\"@graph\":[{\"@type\":\"Article\",\"@id\":\"https:\/\/spanienaktuell.net\/wordpress\/madrid-ein-mosaik-aus-kultur-tradition-und-pulsierender-lebensfreude\/#article\",\"isPartOf\":{\"@id\":\"https:\/\/spanienaktuell.net\/wordpress\/madrid-ein-mosaik-aus-kultur-tradition-und-pulsierender-lebensfreude\/\"},\"author\":{\"name\":\"Spanien Aktuell\",\"@id\":\"https:\/\/spanienaktuell.net\/wordpress\/#\/schema\/person\/bc410cfae0161b201d837ebfeeba7fd0\"},\"headline\":\"Madrid \u2013 Ein Mosaik aus Kultur, Tradition und pulsierender Lebensfreude\",\"datePublished\":\"2026-05-01T10:25:46+00:00\",\"mainEntityOfPage\":{\"@id\":\"https:\/\/spanienaktuell.net\/wordpress\/madrid-ein-mosaik-aus-kultur-tradition-und-pulsierender-lebensfreude\/\"},\"wordCount\":2015,\"publisher\":{\"@id\":\"https:\/\/spanienaktuell.net\/wordpress\/#organization\"},\"image\":{\"@id\":\"https:\/\/spanienaktuell.net\/wordpress\/madrid-ein-mosaik-aus-kultur-tradition-und-pulsierender-lebensfreude\/#primaryimage\"},\"thumbnailUrl\":\"https:\/\/spanienaktuell.net\/wordpress\/wp-content\/uploads\/2026\/05\/royal-palace-in-madrid-spain-2026-01-08-22-03-47-utc-scaled.jpg\",\"articleSection\":[\"Reise\"],\"inLanguage\":\"es\"},{\"@type\":\"WebPage\",\"@id\":\"https:\/\/spanienaktuell.net\/wordpress\/madrid-ein-mosaik-aus-kultur-tradition-und-pulsierender-lebensfreude\/\",\"url\":\"https:\/\/spanienaktuell.net\/wordpress\/madrid-ein-mosaik-aus-kultur-tradition-und-pulsierender-lebensfreude\/\",\"name\":\"Madrid \u2013 Ein Mosaik aus Kultur, Tradition und pulsierender Lebensfreude - Spanien aktuell\",\"isPartOf\":{\"@id\":\"https:\/\/spanienaktuell.net\/wordpress\/#website\"},\"primaryImageOfPage\":{\"@id\":\"https:\/\/spanienaktuell.net\/wordpress\/madrid-ein-mosaik-aus-kultur-tradition-und-pulsierender-lebensfreude\/#primaryimage\"},\"image\":{\"@id\":\"https:\/\/spanienaktuell.net\/wordpress\/madrid-ein-mosaik-aus-kultur-tradition-und-pulsierender-lebensfreude\/#primaryimage\"},\"thumbnailUrl\":\"https:\/\/spanienaktuell.net\/wordpress\/wp-content\/uploads\/2026\/05\/royal-palace-in-madrid-spain-2026-01-08-22-03-47-utc-scaled.jpg\",\"datePublished\":\"2026-05-01T10:25:46+00:00\",\"breadcrumb\":{\"@id\":\"https:\/\/spanienaktuell.net\/wordpress\/madrid-ein-mosaik-aus-kultur-tradition-und-pulsierender-lebensfreude\/#breadcrumb\"},\"inLanguage\":\"es\",\"potentialAction\":[{\"@type\":\"ReadAction\",\"target\":[\"https:\/\/spanienaktuell.net\/wordpress\/madrid-ein-mosaik-aus-kultur-tradition-und-pulsierender-lebensfreude\/\"]}]},{\"@type\":\"ImageObject\",\"inLanguage\":\"es\",\"@id\":\"https:\/\/spanienaktuell.net\/wordpress\/madrid-ein-mosaik-aus-kultur-tradition-und-pulsierender-lebensfreude\/#primaryimage\",\"url\":\"https:\/\/spanienaktuell.net\/wordpress\/wp-content\/uploads\/2026\/05\/royal-palace-in-madrid-spain-2026-01-08-22-03-47-utc-scaled.jpg\",\"contentUrl\":\"https:\/\/spanienaktuell.net\/wordpress\/wp-content\/uploads\/2026\/05\/royal-palace-in-madrid-spain-2026-01-08-22-03-47-utc-scaled.jpg\",\"width\":1440,\"height\":961,\"caption\":\"Foto - Palacio Real de Madrid\"},{\"@type\":\"BreadcrumbList\",\"@id\":\"https:\/\/spanienaktuell.net\/wordpress\/madrid-ein-mosaik-aus-kultur-tradition-und-pulsierender-lebensfreude\/#breadcrumb\",\"itemListElement\":[{\"@type\":\"ListItem\",\"position\":1,\"name\":\"Portada\",\"item\":\"https:\/\/spanienaktuell.net\/wordpress\/\"},{\"@type\":\"ListItem\",\"position\":2,\"name\":\"Madrid \u2013 Ein Mosaik aus Kultur, Tradition und pulsierender Lebensfreude\"}]},{\"@type\":\"WebSite\",\"@id\":\"https:\/\/spanienaktuell.net\/wordpress\/#website\",\"url\":\"https:\/\/spanienaktuell.net\/wordpress\/\",\"name\":\"Spanien aktuell\",\"description\":\"The German magazine number 1 on the Costa del Sol\",\"publisher\":{\"@id\":\"https:\/\/spanienaktuell.net\/wordpress\/#organization\"},\"potentialAction\":[{\"@type\":\"SearchAction\",\"target\":{\"@type\":\"EntryPoint\",\"urlTemplate\":\"https:\/\/spanienaktuell.net\/wordpress\/?s={search_term_string}\"},\"query-input\":{\"@type\":\"PropertyValueSpecification\",\"valueRequired\":true,\"valueName\":\"search_term_string\"}}],\"inLanguage\":\"es\"},{\"@type\":\"Organization\",\"@id\":\"https:\/\/spanienaktuell.net\/wordpress\/#organization\",\"name\":\"Spanien aktuell\",\"url\":\"https:\/\/spanienaktuell.net\/wordpress\/\",\"logo\":{\"@type\":\"ImageObject\",\"inLanguage\":\"es\",\"@id\":\"https:\/\/spanienaktuell.net\/wordpress\/#\/schema\/logo\/image\/\",\"url\":\"https:\/\/spanienaktuell.net\/wordpress\/wp-content\/uploads\/2019\/06\/cropped-Logo-spanien-aktuell-png-web-e1561631085388.png\",\"contentUrl\":\"https:\/\/spanienaktuell.net\/wordpress\/wp-content\/uploads\/2019\/06\/cropped-Logo-spanien-aktuell-png-web-e1561631085388.png\",\"width\":512,\"height\":110,\"caption\":\"Spanien aktuell\"},\"image\":{\"@id\":\"https:\/\/spanienaktuell.net\/wordpress\/#\/schema\/logo\/image\/\"}},{\"@type\":\"Person\",\"@id\":\"https:\/\/spanienaktuell.net\/wordpress\/#\/schema\/person\/bc410cfae0161b201d837ebfeeba7fd0\",\"name\":\"Spanien Aktuell\",\"image\":{\"@type\":\"ImageObject\",\"inLanguage\":\"es\",\"@id\":\"https:\/\/spanienaktuell.net\/wordpress\/#\/schema\/person\/image\/\",\"url\":\"https:\/\/spanienaktuell.net\/wordpress\/wp-content\/uploads\/2019\/06\/cropped-Logo-spanien-aktuell-png-fav2-100x100.png\",\"contentUrl\":\"https:\/\/spanienaktuell.net\/wordpress\/wp-content\/uploads\/2019\/06\/cropped-Logo-spanien-aktuell-png-fav2-100x100.png\",\"caption\":\"Spanien Aktuell\"},\"url\":\"https:\/\/spanienaktuell.net\/wordpress\/author\/koalum\/\"}]}<\/script>\n<!-- \/ Yoast SEO plugin. -->","yoast_head_json":{"title":"Madrid \u2013 Ein Mosaik aus Kultur, Tradition und pulsierender Lebensfreude - Spanien aktuell","robots":{"index":"index","follow":"follow","max-snippet":"max-snippet:-1","max-image-preview":"max-image-preview:large","max-video-preview":"max-video-preview:-1"},"canonical":"https:\/\/spanienaktuell.net\/wordpress\/madrid-ein-mosaik-aus-kultur-tradition-und-pulsierender-lebensfreude\/","og_locale":"es_ES","og_type":"article","og_title":"Madrid \u2013 Ein Mosaik aus Kultur, Tradition und pulsierender Lebensfreude - Spanien aktuell","og_description":"Madrid ist eine Stadt voller Facetten, Geschichten und lebendiger Viertel. Jedes Stadtgebiet erz\u00e4hlt seine eigene Geschichte: Von den alternativen Stra\u00dfen [&hellip;]","og_url":"https:\/\/spanienaktuell.net\/wordpress\/madrid-ein-mosaik-aus-kultur-tradition-und-pulsierender-lebensfreude\/","og_site_name":"Spanien aktuell","article_published_time":"2026-05-01T10:25:46+00:00","og_image":[{"width":1440,"height":961,"url":"https:\/\/spanienaktuell.net\/wordpress\/wp-content\/uploads\/2026\/05\/royal-palace-in-madrid-spain-2026-01-08-22-03-47-utc-scaled.jpg","type":"image\/jpeg"}],"author":"Spanien Aktuell","twitter_card":"summary_large_image","twitter_misc":{"Escrito por":"Spanien Aktuell","Tiempo de lectura":"14 minutos"},"schema":{"@context":"https:\/\/schema.org","@graph":[{"@type":"Article","@id":"https:\/\/spanienaktuell.net\/wordpress\/madrid-ein-mosaik-aus-kultur-tradition-und-pulsierender-lebensfreude\/#article","isPartOf":{"@id":"https:\/\/spanienaktuell.net\/wordpress\/madrid-ein-mosaik-aus-kultur-tradition-und-pulsierender-lebensfreude\/"},"author":{"name":"Spanien Aktuell","@id":"https:\/\/spanienaktuell.net\/wordpress\/#\/schema\/person\/bc410cfae0161b201d837ebfeeba7fd0"},"headline":"Madrid \u2013 Ein Mosaik aus Kultur, Tradition und pulsierender Lebensfreude","datePublished":"2026-05-01T10:25:46+00:00","mainEntityOfPage":{"@id":"https:\/\/spanienaktuell.net\/wordpress\/madrid-ein-mosaik-aus-kultur-tradition-und-pulsierender-lebensfreude\/"},"wordCount":2015,"publisher":{"@id":"https:\/\/spanienaktuell.net\/wordpress\/#organization"},"image":{"@id":"https:\/\/spanienaktuell.net\/wordpress\/madrid-ein-mosaik-aus-kultur-tradition-und-pulsierender-lebensfreude\/#primaryimage"},"thumbnailUrl":"https:\/\/spanienaktuell.net\/wordpress\/wp-content\/uploads\/2026\/05\/royal-palace-in-madrid-spain-2026-01-08-22-03-47-utc-scaled.jpg","articleSection":["Reise"],"inLanguage":"es"},{"@type":"WebPage","@id":"https:\/\/spanienaktuell.net\/wordpress\/madrid-ein-mosaik-aus-kultur-tradition-und-pulsierender-lebensfreude\/","url":"https:\/\/spanienaktuell.net\/wordpress\/madrid-ein-mosaik-aus-kultur-tradition-und-pulsierender-lebensfreude\/","name":"Madrid \u2013 Ein Mosaik aus Kultur, Tradition und pulsierender Lebensfreude - Spanien aktuell","isPartOf":{"@id":"https:\/\/spanienaktuell.net\/wordpress\/#website"},"primaryImageOfPage":{"@id":"https:\/\/spanienaktuell.net\/wordpress\/madrid-ein-mosaik-aus-kultur-tradition-und-pulsierender-lebensfreude\/#primaryimage"},"image":{"@id":"https:\/\/spanienaktuell.net\/wordpress\/madrid-ein-mosaik-aus-kultur-tradition-und-pulsierender-lebensfreude\/#primaryimage"},"thumbnailUrl":"https:\/\/spanienaktuell.net\/wordpress\/wp-content\/uploads\/2026\/05\/royal-palace-in-madrid-spain-2026-01-08-22-03-47-utc-scaled.jpg","datePublished":"2026-05-01T10:25:46+00:00","breadcrumb":{"@id":"https:\/\/spanienaktuell.net\/wordpress\/madrid-ein-mosaik-aus-kultur-tradition-und-pulsierender-lebensfreude\/#breadcrumb"},"inLanguage":"es","potentialAction":[{"@type":"ReadAction","target":["https:\/\/spanienaktuell.net\/wordpress\/madrid-ein-mosaik-aus-kultur-tradition-und-pulsierender-lebensfreude\/"]}]},{"@type":"ImageObject","inLanguage":"es","@id":"https:\/\/spanienaktuell.net\/wordpress\/madrid-ein-mosaik-aus-kultur-tradition-und-pulsierender-lebensfreude\/#primaryimage","url":"https:\/\/spanienaktuell.net\/wordpress\/wp-content\/uploads\/2026\/05\/royal-palace-in-madrid-spain-2026-01-08-22-03-47-utc-scaled.jpg","contentUrl":"https:\/\/spanienaktuell.net\/wordpress\/wp-content\/uploads\/2026\/05\/royal-palace-in-madrid-spain-2026-01-08-22-03-47-utc-scaled.jpg","width":1440,"height":961,"caption":"Foto - Palacio Real de Madrid"},{"@type":"BreadcrumbList","@id":"https:\/\/spanienaktuell.net\/wordpress\/madrid-ein-mosaik-aus-kultur-tradition-und-pulsierender-lebensfreude\/#breadcrumb","itemListElement":[{"@type":"ListItem","position":1,"name":"Portada","item":"https:\/\/spanienaktuell.net\/wordpress\/"},{"@type":"ListItem","position":2,"name":"Madrid \u2013 Ein Mosaik aus Kultur, Tradition und pulsierender Lebensfreude"}]},{"@type":"WebSite","@id":"https:\/\/spanienaktuell.net\/wordpress\/#website","url":"https:\/\/spanienaktuell.net\/wordpress\/","name":"Spanien aktuell","description":"The German magazine number 1 on the Costa del Sol","publisher":{"@id":"https:\/\/spanienaktuell.net\/wordpress\/#organization"},"potentialAction":[{"@type":"SearchAction","target":{"@type":"EntryPoint","urlTemplate":"https:\/\/spanienaktuell.net\/wordpress\/?s={search_term_string}"},"query-input":{"@type":"PropertyValueSpecification","valueRequired":true,"valueName":"search_term_string"}}],"inLanguage":"es"},{"@type":"Organization","@id":"https:\/\/spanienaktuell.net\/wordpress\/#organization","name":"Spanien aktuell","url":"https:\/\/spanienaktuell.net\/wordpress\/","logo":{"@type":"ImageObject","inLanguage":"es","@id":"https:\/\/spanienaktuell.net\/wordpress\/#\/schema\/logo\/image\/","url":"https:\/\/spanienaktuell.net\/wordpress\/wp-content\/uploads\/2019\/06\/cropped-Logo-spanien-aktuell-png-web-e1561631085388.png","contentUrl":"https:\/\/spanienaktuell.net\/wordpress\/wp-content\/uploads\/2019\/06\/cropped-Logo-spanien-aktuell-png-web-e1561631085388.png","width":512,"height":110,"caption":"Spanien aktuell"},"image":{"@id":"https:\/\/spanienaktuell.net\/wordpress\/#\/schema\/logo\/image\/"}},{"@type":"Person","@id":"https:\/\/spanienaktuell.net\/wordpress\/#\/schema\/person\/bc410cfae0161b201d837ebfeeba7fd0","name":"Spanien Aktuell","image":{"@type":"ImageObject","inLanguage":"es","@id":"https:\/\/spanienaktuell.net\/wordpress\/#\/schema\/person\/image\/","url":"https:\/\/spanienaktuell.net\/wordpress\/wp-content\/uploads\/2019\/06\/cropped-Logo-spanien-aktuell-png-fav2-100x100.png","contentUrl":"https:\/\/spanienaktuell.net\/wordpress\/wp-content\/uploads\/2019\/06\/cropped-Logo-spanien-aktuell-png-fav2-100x100.png","caption":"Spanien Aktuell"},"url":"https:\/\/spanienaktuell.net\/wordpress\/author\/koalum\/"}]}},"_links":{"self":[{"href":"https:\/\/spanienaktuell.net\/wordpress\/wp-json\/wp\/v2\/posts\/109288","targetHints":{"allow":["GET"]}}],"collection":[{"href":"https:\/\/spanienaktuell.net\/wordpress\/wp-json\/wp\/v2\/posts"}],"about":[{"href":"https:\/\/spanienaktuell.net\/wordpress\/wp-json\/wp\/v2\/types\/post"}],"author":[{"embeddable":true,"href":"https:\/\/spanienaktuell.net\/wordpress\/wp-json\/wp\/v2\/users\/3"}],"replies":[{"embeddable":true,"href":"https:\/\/spanienaktuell.net\/wordpress\/wp-json\/wp\/v2\/comments?post=109288"}],"version-history":[{"count":1,"href":"https:\/\/spanienaktuell.net\/wordpress\/wp-json\/wp\/v2\/posts\/109288\/revisions"}],"predecessor-version":[{"id":109343,"href":"https:\/\/spanienaktuell.net\/wordpress\/wp-json\/wp\/v2\/posts\/109288\/revisions\/109343"}],"wp:featuredmedia":[{"embeddable":true,"href":"https:\/\/spanienaktuell.net\/wordpress\/wp-json\/wp\/v2\/media\/109289"}],"wp:attachment":[{"href":"https:\/\/spanienaktuell.net\/wordpress\/wp-json\/wp\/v2\/media?parent=109288"}],"wp:term":[{"taxonomy":"category","embeddable":true,"href":"https:\/\/spanienaktuell.net\/wordpress\/wp-json\/wp\/v2\/categories?post=109288"},{"taxonomy":"post_tag","embeddable":true,"href":"https:\/\/spanienaktuell.net\/wordpress\/wp-json\/wp\/v2\/tags?post=109288"}],"curies":[{"name":"wp","href":"https:\/\/api.w.org\/{rel}","templated":true}]}}