{"id":109351,"date":"2026-05-01T12:34:58","date_gmt":"2026-05-01T10:34:58","guid":{"rendered":"https:\/\/spanienaktuell.net\/wordpress\/?p=109351"},"modified":"2026-05-01T12:39:58","modified_gmt":"2026-05-01T10:39:58","slug":"reina-pez-das-meer-auf-dem-teller","status":"publish","type":"post","link":"https:\/\/spanienaktuell.net\/wordpress\/reina-pez-das-meer-auf-dem-teller\/","title":{"rendered":"Reina Pez \u2013 Das Meer auf dem Teller"},"content":{"rendered":"<p><img decoding=\"async\" class=\"aligncenter size-full wp-image-109352\" src=\"https:\/\/spanienaktuell.net\/wordpress\/wp-content\/uploads\/2026\/05\/WhatsApp-Image-2026-04-17-at-13.05.03-1-scaled.jpeg\" alt=\"\" width=\"1440\" height=\"992\" srcset=\"https:\/\/spanienaktuell.net\/wordpress\/wp-content\/uploads\/2026\/05\/WhatsApp-Image-2026-04-17-at-13.05.03-1-scaled.jpeg 1440w, https:\/\/spanienaktuell.net\/wordpress\/wp-content\/uploads\/2026\/05\/WhatsApp-Image-2026-04-17-at-13.05.03-1-300x207.jpeg 300w, https:\/\/spanienaktuell.net\/wordpress\/wp-content\/uploads\/2026\/05\/WhatsApp-Image-2026-04-17-at-13.05.03-1-1024x706.jpeg 1024w, https:\/\/spanienaktuell.net\/wordpress\/wp-content\/uploads\/2026\/05\/WhatsApp-Image-2026-04-17-at-13.05.03-1-768x529.jpeg 768w, https:\/\/spanienaktuell.net\/wordpress\/wp-content\/uploads\/2026\/05\/WhatsApp-Image-2026-04-17-at-13.05.03-1-1536x1059.jpeg 1536w, https:\/\/spanienaktuell.net\/wordpress\/wp-content\/uploads\/2026\/05\/WhatsApp-Image-2026-04-17-at-13.05.03-1-350x241.jpeg 350w\" sizes=\"(max-width: 1440px) 100vw, 1440px\" \/><\/p>\n<p>Direkt am <strong>Paseo Mar\u00edtimo von El Morche<\/strong> hat im Juni vergangenen Jahres ein Restaurant er\u00f6ffnet, das seinem Namen in jeder Hinsicht gerecht wird: <strong>Reina Pez \u2013 die \u201eFischk\u00f6nigin\u201c.<\/strong> Ein Ort, an dem das Meer nicht blo\u00df Kulisse ist, sondern fester Bestandteil von K\u00fcche, Philosophie und Erlebnis.<\/p>\n<p>Hinter dem Konzept steht die <strong>Familie Ruiz<\/strong>, in der Region seit vielen Jahren f\u00fcr hochwertige Gastronomie bekannt \u2013 unter anderem mit dem 4-Sterne-Hotel Santa Rosa in El Morche sowie einer etablierten Eventlocation im Raum Alhama de Granada. Mit dem Reina Pez wurde dieses gastronomische Know-how in ein neues Projekt direkt am Meer \u00fcberf\u00fchrt.<\/p>\n<p>Gef\u00fchrt wird das Restaurant von <strong>Jos\u00e9 Ruiz<\/strong>, dem erst 16-j\u00e4hrigen Sohn der Familie. Aufgewachsen in der gehobenen Hotellerie, verbindet er jugendliche Energie mit erstaunlicher Erfahrung und einem sicheren Gesp\u00fcr f\u00fcr Qualit\u00e4t \u2013 eine Kombination, die den Charakter des Hauses pr\u00e4gt.<\/p>\n<p>Das Reina Pez pr\u00e4sentiert sich modern, elegant und bewusst reduziert. Klare Linien und ein durchdachtes Design schaffen eine Atmosph\u00e4re, in der man sich sofort wohlf\u00fchlt. Der weite Meerblick \u2013 von der Terrasse wie aus dem Innenraum \u2013 verbindet Lage und K\u00fcche zu einem stimmigen Gesamtbild.<\/p>\n<p><img decoding=\"async\" class=\"aligncenter size-full wp-image-109355\" src=\"https:\/\/spanienaktuell.net\/wordpress\/wp-content\/uploads\/2026\/05\/www3.png\" alt=\"\" width=\"1081\" height=\"417\" srcset=\"https:\/\/spanienaktuell.net\/wordpress\/wp-content\/uploads\/2026\/05\/www3.png 1081w, https:\/\/spanienaktuell.net\/wordpress\/wp-content\/uploads\/2026\/05\/www3-300x116.png 300w, https:\/\/spanienaktuell.net\/wordpress\/wp-content\/uploads\/2026\/05\/www3-1024x395.png 1024w, https:\/\/spanienaktuell.net\/wordpress\/wp-content\/uploads\/2026\/05\/www3-768x296.png 768w, https:\/\/spanienaktuell.net\/wordpress\/wp-content\/uploads\/2026\/05\/www3-350x135.png 350w\" sizes=\"(max-width: 1081px) 100vw, 1081px\" \/><\/p>\n<p><strong>Kulinarisch steht das Haus im Zeichen des Meeres<\/strong>. Austern, Venusmuscheln, Cigalas, Langostinos, Calamar, Thunfisch, Seezunge oder Dorade bilden die Basis einer K\u00fcche, die kompromisslos auf Frische setzt. Bereits im Eingangsbereich wird dieses Versprechen sichtbar \u2013 edel auf Eis pr\u00e4sentiert als Zeichen von Qualit\u00e4t und Herkunft.<\/p>\n<p><img decoding=\"async\" class=\"aligncenter size-full wp-image-109353\" src=\"https:\/\/spanienaktuell.net\/wordpress\/wp-content\/uploads\/2026\/05\/WWW1.png\" alt=\"\" width=\"1081\" height=\"388\" srcset=\"https:\/\/spanienaktuell.net\/wordpress\/wp-content\/uploads\/2026\/05\/WWW1.png 1081w, https:\/\/spanienaktuell.net\/wordpress\/wp-content\/uploads\/2026\/05\/WWW1-300x108.png 300w, https:\/\/spanienaktuell.net\/wordpress\/wp-content\/uploads\/2026\/05\/WWW1-1024x368.png 1024w, https:\/\/spanienaktuell.net\/wordpress\/wp-content\/uploads\/2026\/05\/WWW1-768x276.png 768w, https:\/\/spanienaktuell.net\/wordpress\/wp-content\/uploads\/2026\/05\/WWW1-350x126.png 350w\" sizes=\"(max-width: 1081px) 100vw, 1081px\" \/><\/p>\n<p><strong>In der K\u00fcche gilt ein klarer Grundsatz:<\/strong> keine Convenience-Produkte. Alles wird frisch eingekauft und handwerklich verarbeitet. Die mediterran-moderne Karte reicht von Thunfischtatar und Ceviche von Corvina bis zu Avocado-Salat mit Langostinos sowie wechselnden Tapas. Klassiker wie Boquerones al lim\u00f3n werden selbstverst\u00e4ndlich durch kreative Interpretationen erg\u00e4nzt.<\/p>\n<p><img decoding=\"async\" class=\"aligncenter size-full wp-image-109356\" src=\"https:\/\/spanienaktuell.net\/wordpress\/wp-content\/uploads\/2026\/05\/WhatsApp-Image-2026-04-15-at-21.31.08-scaled.jpeg\" alt=\"\" width=\"872\" height=\"1080\" srcset=\"https:\/\/spanienaktuell.net\/wordpress\/wp-content\/uploads\/2026\/05\/WhatsApp-Image-2026-04-15-at-21.31.08-scaled.jpeg 872w, https:\/\/spanienaktuell.net\/wordpress\/wp-content\/uploads\/2026\/05\/WhatsApp-Image-2026-04-15-at-21.31.08-242x300.jpeg 242w, https:\/\/spanienaktuell.net\/wordpress\/wp-content\/uploads\/2026\/05\/WhatsApp-Image-2026-04-15-at-21.31.08-827x1024.jpeg 827w, https:\/\/spanienaktuell.net\/wordpress\/wp-content\/uploads\/2026\/05\/WhatsApp-Image-2026-04-15-at-21.31.08-768x951.jpeg 768w, https:\/\/spanienaktuell.net\/wordpress\/wp-content\/uploads\/2026\/05\/WhatsApp-Image-2026-04-15-at-21.31.08-1241x1536.jpeg 1241w, https:\/\/spanienaktuell.net\/wordpress\/wp-content\/uploads\/2026\/05\/WhatsApp-Image-2026-04-15-at-21.31.08-350x433.jpeg 350w\" sizes=\"(max-width: 872px) 100vw, 872px\" \/><\/p>\n<p>Im Mittelpunkt steht die offene K\u00fcche mit Holzkohlegrill, in der frischer Fisch, Fleisch oder Pluma Ib\u00e9rica de Bellota direkt und sichtbar f\u00fcr die G\u00e4ste zubereitet werden. Erg\u00e4nzt wird das Angebot durch Reisgerichte wie Arroz caldoso mit Hummer oder Carabineros \u2013 intensiv, maritim und aromatisch.<\/p>\n<p>Mit rund 120 Sitzpl\u00e4tzen bietet das Reina Pez einen stilvollen Rahmen f\u00fcr genussvolle Abende und besondere Anl\u00e4sse in direkter Meereslage \u2013 eingebettet in das gastronomische Konzept des Hauses.<\/p>\n<p><img decoding=\"async\" class=\"aligncenter size-full wp-image-109357\" src=\"https:\/\/spanienaktuell.net\/wordpress\/wp-content\/uploads\/2026\/05\/WhatsApp-Image-2026-04-17-at-18.12.53-scaled.jpeg\" alt=\"\" width=\"1435\" height=\"1080\" srcset=\"https:\/\/spanienaktuell.net\/wordpress\/wp-content\/uploads\/2026\/05\/WhatsApp-Image-2026-04-17-at-18.12.53-scaled.jpeg 1435w, https:\/\/spanienaktuell.net\/wordpress\/wp-content\/uploads\/2026\/05\/WhatsApp-Image-2026-04-17-at-18.12.53-300x226.jpeg 300w, https:\/\/spanienaktuell.net\/wordpress\/wp-content\/uploads\/2026\/05\/WhatsApp-Image-2026-04-17-at-18.12.53-1024x771.jpeg 1024w, https:\/\/spanienaktuell.net\/wordpress\/wp-content\/uploads\/2026\/05\/WhatsApp-Image-2026-04-17-at-18.12.53-768x578.jpeg 768w, https:\/\/spanienaktuell.net\/wordpress\/wp-content\/uploads\/2026\/05\/WhatsApp-Image-2026-04-17-at-18.12.53-1536x1157.jpeg 1536w, https:\/\/spanienaktuell.net\/wordpress\/wp-content\/uploads\/2026\/05\/WhatsApp-Image-2026-04-17-at-18.12.53-350x264.jpeg 350w\" sizes=\"(max-width: 1435px) 100vw, 1435px\" \/><\/p>\n<p><strong>Individuelle W\u00fcnsche werden ebenfalls ber\u00fccksichtigt:<\/strong> ausgew\u00e4hlte Fisch- oder Fleischspezialit\u00e4ten k\u00f6nnen auf Anfrage bestellt werden. Hierf\u00fcr gilt eine Vorlaufzeit von mindestens drei Tagen, um Frische und Qualit\u00e4t sicherzustellen.<\/p>\n<p>Begleitet wird das Erlebnis von einer sorgf\u00e4ltig kuratierten Weinkarte mit regionalen, nationalen und internationalen Weinen sowie Cava.<\/p>\n<p><img decoding=\"async\" class=\"aligncenter size-full wp-image-109354\" src=\"https:\/\/spanienaktuell.net\/wordpress\/wp-content\/uploads\/2026\/05\/www2.png\" alt=\"\" width=\"1081\" height=\"358\" srcset=\"https:\/\/spanienaktuell.net\/wordpress\/wp-content\/uploads\/2026\/05\/www2.png 1081w, https:\/\/spanienaktuell.net\/wordpress\/wp-content\/uploads\/2026\/05\/www2-300x99.png 300w, https:\/\/spanienaktuell.net\/wordpress\/wp-content\/uploads\/2026\/05\/www2-1024x339.png 1024w, https:\/\/spanienaktuell.net\/wordpress\/wp-content\/uploads\/2026\/05\/www2-768x254.png 768w, https:\/\/spanienaktuell.net\/wordpress\/wp-content\/uploads\/2026\/05\/www2-350x116.png 350w\" sizes=\"(max-width: 1081px) 100vw, 1081px\" \/><\/p>\n<p><strong>Den Abschluss bildet ein Gedanke des Hauses:<\/strong><\/p>\n<p><em>\u201eReina Pez ist kein gew\u00f6hnliches Restaurant. Es ist ein Ort, an dem das Meer in Form von Gerichten spricht. Jeder Bissen ist eine Welle, die bleibt. Der Tisch wird zum Erlebnisraum, die K\u00fcche zum Ritual \u2013 und der Gast zum Mittelpunkt.\u201c<\/em><\/p>\n<p><img decoding=\"async\" class=\"aligncenter size-full wp-image-109358\" src=\"https:\/\/spanienaktuell.net\/wordpress\/wp-content\/uploads\/2026\/05\/500961891_122193015338125023_583093825325079481_n.jpg\" alt=\"\" width=\"960\" height=\"534\" srcset=\"https:\/\/spanienaktuell.net\/wordpress\/wp-content\/uploads\/2026\/05\/500961891_122193015338125023_583093825325079481_n.jpg 960w, https:\/\/spanienaktuell.net\/wordpress\/wp-content\/uploads\/2026\/05\/500961891_122193015338125023_583093825325079481_n-300x167.jpg 300w, https:\/\/spanienaktuell.net\/wordpress\/wp-content\/uploads\/2026\/05\/500961891_122193015338125023_583093825325079481_n-768x427.jpg 768w, https:\/\/spanienaktuell.net\/wordpress\/wp-content\/uploads\/2026\/05\/500961891_122193015338125023_583093825325079481_n-350x195.jpg 350w\" sizes=\"(max-width: 960px) 100vw, 960px\" \/><\/p>\n<p><strong>Ge\u00f6ffnet:<\/strong> \u00a0Mittwoch bis Sonntag &#8211; K\u00fcche Non-Stop<br \/>\n<strong>Reservierungen:<\/strong> (+34) 628 09 67 84<br \/>\nBalcones del Mar, P.\u00ba Mar\u00edtimo el Morche, 3,<br \/>\n<strong>29793 El Morche, Torrox M\u00e1laga<\/strong><\/p>\n<p><em>Text &#8211; \u00a9 Spanien aktuell &#8211; Cesar Certier Fotos\u00a0 &#8211; \u00a9 REINAPEZ<\/em><\/p>\n","protected":false},"excerpt":{"rendered":"<p>Direkt am Paseo Mar\u00edtimo von El Morche hat im Juni vergangenen Jahres ein Restaurant er\u00f6ffnet, das seinem Namen in jeder [&hellip;]<\/p>\n","protected":false},"author":3,"featured_media":109352,"comment_status":"closed","ping_status":"closed","sticky":false,"template":"","format":"standard","meta":{"footnotes":""},"categories":[24,28],"tags":[],"class_list":["post-109351","post","type-post","status-publish","format-standard","has-post-thumbnail","hentry","category-kulinarisch","category-reportagen"],"yoast_head":"<!-- This site is optimized with the Yoast SEO plugin v27.1.1 - https:\/\/yoast.com\/product\/yoast-seo-wordpress\/ -->\n<title>Reina Pez \u2013 Das Meer auf dem Teller - Spanien aktuell<\/title>\n<meta name=\"robots\" content=\"index, follow, max-snippet:-1, max-image-preview:large, max-video-preview:-1\" \/>\n<link rel=\"canonical\" href=\"https:\/\/spanienaktuell.net\/wordpress\/reina-pez-das-meer-auf-dem-teller\/\" \/>\n<meta property=\"og:locale\" content=\"es_ES\" \/>\n<meta property=\"og:type\" content=\"article\" \/>\n<meta property=\"og:title\" content=\"Reina Pez \u2013 Das Meer auf dem Teller - Spanien aktuell\" \/>\n<meta property=\"og:description\" content=\"Direkt am Paseo Mar\u00edtimo von El Morche hat im Juni vergangenen Jahres ein Restaurant er\u00f6ffnet, das seinem Namen in jeder [&hellip;]\" \/>\n<meta property=\"og:url\" content=\"https:\/\/spanienaktuell.net\/wordpress\/reina-pez-das-meer-auf-dem-teller\/\" \/>\n<meta property=\"og:site_name\" content=\"Spanien aktuell\" \/>\n<meta property=\"article:published_time\" content=\"2026-05-01T10:34:58+00:00\" \/>\n<meta property=\"article:modified_time\" content=\"2026-05-01T10:39:58+00:00\" \/>\n<meta property=\"og:image\" content=\"https:\/\/spanienaktuell.net\/wordpress\/wp-content\/uploads\/2026\/05\/WhatsApp-Image-2026-04-17-at-13.05.03-1-scaled.jpeg\" \/>\n\t<meta property=\"og:image:width\" content=\"1440\" \/>\n\t<meta property=\"og:image:height\" content=\"992\" \/>\n\t<meta property=\"og:image:type\" content=\"image\/jpeg\" \/>\n<meta name=\"author\" content=\"Spanien Aktuell\" \/>\n<meta name=\"twitter:card\" content=\"summary_large_image\" \/>\n<meta name=\"twitter:label1\" content=\"Escrito por\" \/>\n\t<meta name=\"twitter:data1\" content=\"Spanien Aktuell\" \/>\n\t<meta name=\"twitter:label2\" content=\"Tiempo de lectura\" \/>\n\t<meta name=\"twitter:data2\" content=\"4 minutos\" \/>\n<script type=\"application\/ld+json\" class=\"yoast-schema-graph\">{\"@context\":\"https:\/\/schema.org\",\"@graph\":[{\"@type\":\"Article\",\"@id\":\"https:\/\/spanienaktuell.net\/wordpress\/reina-pez-das-meer-auf-dem-teller\/#article\",\"isPartOf\":{\"@id\":\"https:\/\/spanienaktuell.net\/wordpress\/reina-pez-das-meer-auf-dem-teller\/\"},\"author\":{\"name\":\"Spanien Aktuell\",\"@id\":\"https:\/\/spanienaktuell.net\/wordpress\/#\/schema\/person\/bc410cfae0161b201d837ebfeeba7fd0\"},\"headline\":\"Reina Pez \u2013 Das Meer auf dem Teller\",\"datePublished\":\"2026-05-01T10:34:58+00:00\",\"dateModified\":\"2026-05-01T10:39:58+00:00\",\"mainEntityOfPage\":{\"@id\":\"https:\/\/spanienaktuell.net\/wordpress\/reina-pez-das-meer-auf-dem-teller\/\"},\"wordCount\":509,\"publisher\":{\"@id\":\"https:\/\/spanienaktuell.net\/wordpress\/#organization\"},\"image\":{\"@id\":\"https:\/\/spanienaktuell.net\/wordpress\/reina-pez-das-meer-auf-dem-teller\/#primaryimage\"},\"thumbnailUrl\":\"https:\/\/spanienaktuell.net\/wordpress\/wp-content\/uploads\/2026\/05\/WhatsApp-Image-2026-04-17-at-13.05.03-1-scaled.jpeg\",\"articleSection\":[\"Kulinarisch\",\"Reportagen\"],\"inLanguage\":\"es\"},{\"@type\":\"WebPage\",\"@id\":\"https:\/\/spanienaktuell.net\/wordpress\/reina-pez-das-meer-auf-dem-teller\/\",\"url\":\"https:\/\/spanienaktuell.net\/wordpress\/reina-pez-das-meer-auf-dem-teller\/\",\"name\":\"Reina Pez \u2013 Das Meer auf dem Teller - Spanien aktuell\",\"isPartOf\":{\"@id\":\"https:\/\/spanienaktuell.net\/wordpress\/#website\"},\"primaryImageOfPage\":{\"@id\":\"https:\/\/spanienaktuell.net\/wordpress\/reina-pez-das-meer-auf-dem-teller\/#primaryimage\"},\"image\":{\"@id\":\"https:\/\/spanienaktuell.net\/wordpress\/reina-pez-das-meer-auf-dem-teller\/#primaryimage\"},\"thumbnailUrl\":\"https:\/\/spanienaktuell.net\/wordpress\/wp-content\/uploads\/2026\/05\/WhatsApp-Image-2026-04-17-at-13.05.03-1-scaled.jpeg\",\"datePublished\":\"2026-05-01T10:34:58+00:00\",\"dateModified\":\"2026-05-01T10:39:58+00:00\",\"breadcrumb\":{\"@id\":\"https:\/\/spanienaktuell.net\/wordpress\/reina-pez-das-meer-auf-dem-teller\/#breadcrumb\"},\"inLanguage\":\"es\",\"potentialAction\":[{\"@type\":\"ReadAction\",\"target\":[\"https:\/\/spanienaktuell.net\/wordpress\/reina-pez-das-meer-auf-dem-teller\/\"]}]},{\"@type\":\"ImageObject\",\"inLanguage\":\"es\",\"@id\":\"https:\/\/spanienaktuell.net\/wordpress\/reina-pez-das-meer-auf-dem-teller\/#primaryimage\",\"url\":\"https:\/\/spanienaktuell.net\/wordpress\/wp-content\/uploads\/2026\/05\/WhatsApp-Image-2026-04-17-at-13.05.03-1-scaled.jpeg\",\"contentUrl\":\"https:\/\/spanienaktuell.net\/wordpress\/wp-content\/uploads\/2026\/05\/WhatsApp-Image-2026-04-17-at-13.05.03-1-scaled.jpeg\",\"width\":1440,\"height\":992},{\"@type\":\"BreadcrumbList\",\"@id\":\"https:\/\/spanienaktuell.net\/wordpress\/reina-pez-das-meer-auf-dem-teller\/#breadcrumb\",\"itemListElement\":[{\"@type\":\"ListItem\",\"position\":1,\"name\":\"Portada\",\"item\":\"https:\/\/spanienaktuell.net\/wordpress\/\"},{\"@type\":\"ListItem\",\"position\":2,\"name\":\"Reina Pez \u2013 Das Meer auf dem Teller\"}]},{\"@type\":\"WebSite\",\"@id\":\"https:\/\/spanienaktuell.net\/wordpress\/#website\",\"url\":\"https:\/\/spanienaktuell.net\/wordpress\/\",\"name\":\"Spanien aktuell\",\"description\":\"The German magazine number 1 on the Costa del Sol\",\"publisher\":{\"@id\":\"https:\/\/spanienaktuell.net\/wordpress\/#organization\"},\"potentialAction\":[{\"@type\":\"SearchAction\",\"target\":{\"@type\":\"EntryPoint\",\"urlTemplate\":\"https:\/\/spanienaktuell.net\/wordpress\/?s={search_term_string}\"},\"query-input\":{\"@type\":\"PropertyValueSpecification\",\"valueRequired\":true,\"valueName\":\"search_term_string\"}}],\"inLanguage\":\"es\"},{\"@type\":\"Organization\",\"@id\":\"https:\/\/spanienaktuell.net\/wordpress\/#organization\",\"name\":\"Spanien aktuell\",\"url\":\"https:\/\/spanienaktuell.net\/wordpress\/\",\"logo\":{\"@type\":\"ImageObject\",\"inLanguage\":\"es\",\"@id\":\"https:\/\/spanienaktuell.net\/wordpress\/#\/schema\/logo\/image\/\",\"url\":\"https:\/\/spanienaktuell.net\/wordpress\/wp-content\/uploads\/2019\/06\/cropped-Logo-spanien-aktuell-png-web-e1561631085388.png\",\"contentUrl\":\"https:\/\/spanienaktuell.net\/wordpress\/wp-content\/uploads\/2019\/06\/cropped-Logo-spanien-aktuell-png-web-e1561631085388.png\",\"width\":512,\"height\":110,\"caption\":\"Spanien aktuell\"},\"image\":{\"@id\":\"https:\/\/spanienaktuell.net\/wordpress\/#\/schema\/logo\/image\/\"}},{\"@type\":\"Person\",\"@id\":\"https:\/\/spanienaktuell.net\/wordpress\/#\/schema\/person\/bc410cfae0161b201d837ebfeeba7fd0\",\"name\":\"Spanien Aktuell\",\"image\":{\"@type\":\"ImageObject\",\"inLanguage\":\"es\",\"@id\":\"https:\/\/spanienaktuell.net\/wordpress\/#\/schema\/person\/image\/\",\"url\":\"https:\/\/spanienaktuell.net\/wordpress\/wp-content\/uploads\/2019\/06\/cropped-Logo-spanien-aktuell-png-fav2-100x100.png\",\"contentUrl\":\"https:\/\/spanienaktuell.net\/wordpress\/wp-content\/uploads\/2019\/06\/cropped-Logo-spanien-aktuell-png-fav2-100x100.png\",\"caption\":\"Spanien Aktuell\"},\"url\":\"https:\/\/spanienaktuell.net\/wordpress\/author\/koalum\/\"}]}<\/script>\n<!-- \/ Yoast SEO plugin. -->","yoast_head_json":{"title":"Reina Pez \u2013 Das Meer auf dem Teller - Spanien aktuell","robots":{"index":"index","follow":"follow","max-snippet":"max-snippet:-1","max-image-preview":"max-image-preview:large","max-video-preview":"max-video-preview:-1"},"canonical":"https:\/\/spanienaktuell.net\/wordpress\/reina-pez-das-meer-auf-dem-teller\/","og_locale":"es_ES","og_type":"article","og_title":"Reina Pez \u2013 Das Meer auf dem Teller - Spanien aktuell","og_description":"Direkt am Paseo Mar\u00edtimo von El Morche hat im Juni vergangenen Jahres ein Restaurant er\u00f6ffnet, das seinem Namen in jeder [&hellip;]","og_url":"https:\/\/spanienaktuell.net\/wordpress\/reina-pez-das-meer-auf-dem-teller\/","og_site_name":"Spanien aktuell","article_published_time":"2026-05-01T10:34:58+00:00","article_modified_time":"2026-05-01T10:39:58+00:00","og_image":[{"width":1440,"height":992,"url":"https:\/\/spanienaktuell.net\/wordpress\/wp-content\/uploads\/2026\/05\/WhatsApp-Image-2026-04-17-at-13.05.03-1-scaled.jpeg","type":"image\/jpeg"}],"author":"Spanien Aktuell","twitter_card":"summary_large_image","twitter_misc":{"Escrito por":"Spanien Aktuell","Tiempo de lectura":"4 minutos"},"schema":{"@context":"https:\/\/schema.org","@graph":[{"@type":"Article","@id":"https:\/\/spanienaktuell.net\/wordpress\/reina-pez-das-meer-auf-dem-teller\/#article","isPartOf":{"@id":"https:\/\/spanienaktuell.net\/wordpress\/reina-pez-das-meer-auf-dem-teller\/"},"author":{"name":"Spanien Aktuell","@id":"https:\/\/spanienaktuell.net\/wordpress\/#\/schema\/person\/bc410cfae0161b201d837ebfeeba7fd0"},"headline":"Reina Pez \u2013 Das Meer auf dem Teller","datePublished":"2026-05-01T10:34:58+00:00","dateModified":"2026-05-01T10:39:58+00:00","mainEntityOfPage":{"@id":"https:\/\/spanienaktuell.net\/wordpress\/reina-pez-das-meer-auf-dem-teller\/"},"wordCount":509,"publisher":{"@id":"https:\/\/spanienaktuell.net\/wordpress\/#organization"},"image":{"@id":"https:\/\/spanienaktuell.net\/wordpress\/reina-pez-das-meer-auf-dem-teller\/#primaryimage"},"thumbnailUrl":"https:\/\/spanienaktuell.net\/wordpress\/wp-content\/uploads\/2026\/05\/WhatsApp-Image-2026-04-17-at-13.05.03-1-scaled.jpeg","articleSection":["Kulinarisch","Reportagen"],"inLanguage":"es"},{"@type":"WebPage","@id":"https:\/\/spanienaktuell.net\/wordpress\/reina-pez-das-meer-auf-dem-teller\/","url":"https:\/\/spanienaktuell.net\/wordpress\/reina-pez-das-meer-auf-dem-teller\/","name":"Reina Pez \u2013 Das Meer auf dem Teller - Spanien aktuell","isPartOf":{"@id":"https:\/\/spanienaktuell.net\/wordpress\/#website"},"primaryImageOfPage":{"@id":"https:\/\/spanienaktuell.net\/wordpress\/reina-pez-das-meer-auf-dem-teller\/#primaryimage"},"image":{"@id":"https:\/\/spanienaktuell.net\/wordpress\/reina-pez-das-meer-auf-dem-teller\/#primaryimage"},"thumbnailUrl":"https:\/\/spanienaktuell.net\/wordpress\/wp-content\/uploads\/2026\/05\/WhatsApp-Image-2026-04-17-at-13.05.03-1-scaled.jpeg","datePublished":"2026-05-01T10:34:58+00:00","dateModified":"2026-05-01T10:39:58+00:00","breadcrumb":{"@id":"https:\/\/spanienaktuell.net\/wordpress\/reina-pez-das-meer-auf-dem-teller\/#breadcrumb"},"inLanguage":"es","potentialAction":[{"@type":"ReadAction","target":["https:\/\/spanienaktuell.net\/wordpress\/reina-pez-das-meer-auf-dem-teller\/"]}]},{"@type":"ImageObject","inLanguage":"es","@id":"https:\/\/spanienaktuell.net\/wordpress\/reina-pez-das-meer-auf-dem-teller\/#primaryimage","url":"https:\/\/spanienaktuell.net\/wordpress\/wp-content\/uploads\/2026\/05\/WhatsApp-Image-2026-04-17-at-13.05.03-1-scaled.jpeg","contentUrl":"https:\/\/spanienaktuell.net\/wordpress\/wp-content\/uploads\/2026\/05\/WhatsApp-Image-2026-04-17-at-13.05.03-1-scaled.jpeg","width":1440,"height":992},{"@type":"BreadcrumbList","@id":"https:\/\/spanienaktuell.net\/wordpress\/reina-pez-das-meer-auf-dem-teller\/#breadcrumb","itemListElement":[{"@type":"ListItem","position":1,"name":"Portada","item":"https:\/\/spanienaktuell.net\/wordpress\/"},{"@type":"ListItem","position":2,"name":"Reina Pez \u2013 Das Meer auf dem Teller"}]},{"@type":"WebSite","@id":"https:\/\/spanienaktuell.net\/wordpress\/#website","url":"https:\/\/spanienaktuell.net\/wordpress\/","name":"Spanien aktuell","description":"The German magazine number 1 on the Costa del Sol","publisher":{"@id":"https:\/\/spanienaktuell.net\/wordpress\/#organization"},"potentialAction":[{"@type":"SearchAction","target":{"@type":"EntryPoint","urlTemplate":"https:\/\/spanienaktuell.net\/wordpress\/?s={search_term_string}"},"query-input":{"@type":"PropertyValueSpecification","valueRequired":true,"valueName":"search_term_string"}}],"inLanguage":"es"},{"@type":"Organization","@id":"https:\/\/spanienaktuell.net\/wordpress\/#organization","name":"Spanien aktuell","url":"https:\/\/spanienaktuell.net\/wordpress\/","logo":{"@type":"ImageObject","inLanguage":"es","@id":"https:\/\/spanienaktuell.net\/wordpress\/#\/schema\/logo\/image\/","url":"https:\/\/spanienaktuell.net\/wordpress\/wp-content\/uploads\/2019\/06\/cropped-Logo-spanien-aktuell-png-web-e1561631085388.png","contentUrl":"https:\/\/spanienaktuell.net\/wordpress\/wp-content\/uploads\/2019\/06\/cropped-Logo-spanien-aktuell-png-web-e1561631085388.png","width":512,"height":110,"caption":"Spanien aktuell"},"image":{"@id":"https:\/\/spanienaktuell.net\/wordpress\/#\/schema\/logo\/image\/"}},{"@type":"Person","@id":"https:\/\/spanienaktuell.net\/wordpress\/#\/schema\/person\/bc410cfae0161b201d837ebfeeba7fd0","name":"Spanien Aktuell","image":{"@type":"ImageObject","inLanguage":"es","@id":"https:\/\/spanienaktuell.net\/wordpress\/#\/schema\/person\/image\/","url":"https:\/\/spanienaktuell.net\/wordpress\/wp-content\/uploads\/2019\/06\/cropped-Logo-spanien-aktuell-png-fav2-100x100.png","contentUrl":"https:\/\/spanienaktuell.net\/wordpress\/wp-content\/uploads\/2019\/06\/cropped-Logo-spanien-aktuell-png-fav2-100x100.png","caption":"Spanien Aktuell"},"url":"https:\/\/spanienaktuell.net\/wordpress\/author\/koalum\/"}]}},"_links":{"self":[{"href":"https:\/\/spanienaktuell.net\/wordpress\/wp-json\/wp\/v2\/posts\/109351","targetHints":{"allow":["GET"]}}],"collection":[{"href":"https:\/\/spanienaktuell.net\/wordpress\/wp-json\/wp\/v2\/posts"}],"about":[{"href":"https:\/\/spanienaktuell.net\/wordpress\/wp-json\/wp\/v2\/types\/post"}],"author":[{"embeddable":true,"href":"https:\/\/spanienaktuell.net\/wordpress\/wp-json\/wp\/v2\/users\/3"}],"replies":[{"embeddable":true,"href":"https:\/\/spanienaktuell.net\/wordpress\/wp-json\/wp\/v2\/comments?post=109351"}],"version-history":[{"count":1,"href":"https:\/\/spanienaktuell.net\/wordpress\/wp-json\/wp\/v2\/posts\/109351\/revisions"}],"predecessor-version":[{"id":109362,"href":"https:\/\/spanienaktuell.net\/wordpress\/wp-json\/wp\/v2\/posts\/109351\/revisions\/109362"}],"wp:featuredmedia":[{"embeddable":true,"href":"https:\/\/spanienaktuell.net\/wordpress\/wp-json\/wp\/v2\/media\/109352"}],"wp:attachment":[{"href":"https:\/\/spanienaktuell.net\/wordpress\/wp-json\/wp\/v2\/media?parent=109351"}],"wp:term":[{"taxonomy":"category","embeddable":true,"href":"https:\/\/spanienaktuell.net\/wordpress\/wp-json\/wp\/v2\/categories?post=109351"},{"taxonomy":"post_tag","embeddable":true,"href":"https:\/\/spanienaktuell.net\/wordpress\/wp-json\/wp\/v2\/tags?post=109351"}],"curies":[{"name":"wp","href":"https:\/\/api.w.org\/{rel}","templated":true}]}}