{"id":109969,"date":"2026-09-01T00:01:14","date_gmt":"2026-08-31T22:01:14","guid":{"rendered":"https:\/\/spanienaktuell.net\/wordpress\/?p=109969"},"modified":"2026-08-25T10:18:05","modified_gmt":"2026-08-25T08:18:05","slug":"kommentar-september-2026-keine-mauern-keine-zaune-wenn-afrika-losrennt","status":"publish","type":"post","link":"https:\/\/spanienaktuell.net\/wordpress\/kommentar-september-2026-keine-mauern-keine-zaune-wenn-afrika-losrennt\/","title":{"rendered":"Kommentar September 2026 &#8211; Keine Mauern, keine Z\u00e4une \u2013 wenn Afrika losrennt"},"content":{"rendered":"<p><img decoding=\"async\" class=\"aligncenter size-full wp-image-990\" src=\"https:\/\/spanienaktuell.net\/wordpress\/wp-content\/uploads\/2016\/11\/kommentar.png\" alt=\"\" width=\"1920\" height=\"1280\" srcset=\"https:\/\/spanienaktuell.net\/wordpress\/wp-content\/uploads\/2016\/11\/kommentar.png 1920w, https:\/\/spanienaktuell.net\/wordpress\/wp-content\/uploads\/2016\/11\/kommentar-600x400.png 600w\" sizes=\"(max-width: 1920px) 100vw, 1920px\" \/><\/p>\n<p>Im Oktober 2005 sprach Alpha Oumar Konar\u00e9, damals Vorsitzender der Kommission der Afrikanischen Union, in Br\u00fcssel \u00fcber die Ereignisse an den Grenzen von Ceuta u. Melilla. Menschen hatten versucht, die Grenzanlagen zu \u00fcberwinden, einige verloren dabei ihr Leben. Konar\u00e9s Botschaft war deutlich: \u201eSicherheitsma\u00dfnahmen, Gef\u00e4ngnisse in Madrid u. Mauern in Afrika werden das Problem nicht l\u00f6sen.\u201c Es ging um Mauern, Z\u00e4une u. die Vorstellung, Migration lie\u00dfe sich allein mit Grenzsicherung stoppen. 21 Jahre sp\u00e4ter wirkt dieser Satz erstaunlich aktuell. Ende Juli 2026 wurde Ceuta erneut zum Schauplatz eines massiven Ansturms. Rund 72.000 Menschen gelangten innerhalb k\u00fcrzester Zeit in die spanische Exklave. Eine Grenze, deren Sicherung seit 2005 kontinuierlich verst\u00e4rkt worden war, geriet pl\u00f6tzlich massiv unter Druck. \u00dcber die Jahre wurden die Z\u00e4une h\u00f6her, die \u00dcberwachung ausgefeilter u. die Zusammenarbeit mit Marokko enger. Die Europ\u00e4ische Union finanziert Grenzmanagement, Spanien verst\u00e4rkt seine Sicherheitskr\u00e4fte u. Marokko ist l\u00e4ngst ein entscheidender Partner bei der Sicherung der europ\u00e4ischen Au\u00dfengrenze. Nach dem Ansturm Ende Juli 2026 wurde die Sicherung nochmals verst\u00e4rkt: Spanien schickte zus\u00e4tzliche Einsatzkr\u00e4fte nach Ceuta, Marokko erh\u00f6hte seine Pr\u00e4senz auf seiner Seite der Grenze. Damit beginnt Europas Grenze l\u00e4ngst nicht mehr erst dort, wo der spanische Zaun steht. Mitte August zeigte sich das erneut. \u00dcber soziale Medien wurde ein neuer Massenansturm auf die spanischen Exklaven angek\u00fcndigt. Spanien u. Marokko verst\u00e4rkten daraufhin ihre Sicherheitskr\u00e4fte an den Grenzen von Ceuta u. Melilla. Tats\u00e4chlich machten sich am 15. August erneut Gruppen auf den Weg nach Ceuta, teilweise \u00fcber den Landweg. Marokkanische Sicherheitskr\u00e4fte stoppten viele bereits weit vor der spanischen Grenze. In Melilla blieb es ruhig. Der Zaun musste seine Aufgabe diesmal gar nicht \u00fcbernehmen.<\/p>\n<p>Das zeigt, wie abh\u00e4ngig Europas Grenzpolitik inzwischen von der Zusammenarbeit mit Marokko ist. Das Land ist zugleich wichtiger Handels-, Wirtschafts- und Sicherheitspartner. Europa braucht Marokko \u2013 und Marokko wei\u00df, dass Europa seine Zusammenarbeit braucht. Doch wer kontrolliert eigentlich den Kontrolleur, wenn ein Teil der europ\u00e4ischen Au\u00dfengrenze au\u00dferhalb der EU gesichert wird? Am 15. August wurden spanische Journalisten von RTVE u. der Nachrichtenagentur EFE aus dem marokkanischen Grenzort Fnideq, unmittelbar an der Grenze zu Ceuta, ausgewiesen, w\u00e4hrend sie \u00fcber die Vorg\u00e4nge berichteten. Eine offizielle Begr\u00fcndung daf\u00fcr wurde nicht genannt. Damit wird nicht nur die Sicherung der europ\u00e4ischen Au\u00dfengrenze nach S\u00fcden verlagert. Auch ein Teil ihrer Kontrolle liegt au\u00dferhalb der EU. Was passiert auf der anderen Seite des Zauns? Afrika ist kein einheitlicher Kontinent u. schon gar nicht nur ein Kontinent der Armut. Es gibt wirtschaftlich dynamische L\u00e4nder, wachsende St\u00e4dte u. enorme Potenziale. Gleichzeitig gibt es Regionen, die von Krieg, Instabilit\u00e4t, Armut u. fehlenden Perspektiven gepr\u00e4gt sind. Europa investiert dort durchaus. Mit Global Gateway flie\u00dfen Milliarden in Infrastruktur, Energie, Bildung, Gesundheit u. wirtschaftliche Entwicklung. Gleichzeitig wachsen Grenzmanagement, R\u00fcckf\u00fchrungen u. Sicherheitskooperationen. Die interessante Frage lautet deshalb nicht, ob Europa Afrika hilft. Sondern: Was bewirken diese Investitionen?<\/p>\n<p>Ein Beispiel liefert die Wirtschaft. Ritter Sport zeigt zwei Wege, wie wirtschaftliches Interesse u. Perspektiven vor Ort zusammenkommen k\u00f6nnen. In Nicaragua betreibt das Unternehmen mit El Cacao eine eigene Kakaofarm mit rund 450 Besch\u00e4ftigten, Sozialleistungen, medizinischer Versorgung sowie Bildungs- und Weiterbildungsm\u00f6glichkeiten. In Ghana, C\u00f4te d\u2019Ivoire u. Nigeria setzt Ritter Sport auf langfristige Partnerschaften mit Kakaobauern u. Erzeugerorganisationen, Schulungen sowie Programme zur Verbesserung von Ertr\u00e4gen u. Einkommen. Nat\u00fcrlich geht es dabei um die eigene Rohstoffversorgung u. wirtschaftliche Interessen. Doch genau daraus kann etwas entstehen, das kein Grenzzaun schaffen kann: Einkommen, Eigenst\u00e4ndigkeit u. eine Perspektive f\u00fcr die n\u00e4chste Generation. Eine Migrationsstrategie f\u00fcr einen ganzen Kontinent ist das nicht. Aber der Unterschied ist deutlich. Ein Grenzzaun verhindert Bewegung. Eine wirtschaftliche Perspektive kann Bewegung \u00fcberfl\u00fcssig machen. Kein Staat kann auf den Schutz seiner Grenzen verzichten. Aber ein Zaun kann keine Schule bauen, keinen Arbeitsplatz schaffen u. keinen Frieden herstellen. 21 Jahre nach Konar\u00e9s Satz sind die europ\u00e4ischen Grenzanlagen technisch ausgefeilter denn je. Und trotzdem stehen wir wieder an denselben Z\u00e4unen. Vielleicht ist das die eigentliche Lehre von Ceuta u. Melilla: Nicht, dass Grenzen nutzlos w\u00e4ren. Sondern dass keine Grenze allein ein Problem l\u00f6sen kann, dessen Ursachen weit jenseits der Grenze liegen.<\/p>\n<p>Die entscheidende Frage ist deshalb nicht allein, wie hoch der n\u00e4chste Zaun werden muss \u2013 sondern wie viele Menschen eines Tages keinen Grund mehr sehen, ihn \u00fcberwinden zu wollen.<\/p>\n","protected":false},"excerpt":{"rendered":"<p>Im Oktober 2005 sprach Alpha Oumar Konar\u00e9, damals Vorsitzender der Kommission der Afrikanischen Union, in Br\u00fcssel \u00fcber die Ereignisse an [&hellip;]<\/p>\n","protected":false},"author":3,"featured_media":2000,"comment_status":"closed","ping_status":"closed","sticky":false,"template":"","format":"standard","meta":{"footnotes":""},"categories":[23],"tags":[],"class_list":["post-109969","post","type-post","status-publish","format-standard","has-post-thumbnail","hentry","category-kommentar"],"yoast_head":"<!-- This site is optimized with the Yoast SEO plugin v27.1.1 - https:\/\/yoast.com\/product\/yoast-seo-wordpress\/ -->\n<title>Kommentar September 2026 - Keine Mauern, keine Z\u00e4une \u2013 wenn Afrika losrennt - Spanien aktuell<\/title>\n<meta name=\"robots\" content=\"index, follow, max-snippet:-1, max-image-preview:large, max-video-preview:-1\" \/>\n<link rel=\"canonical\" href=\"https:\/\/spanienaktuell.net\/wordpress\/kommentar-september-2026-keine-mauern-keine-zaune-wenn-afrika-losrennt\/\" \/>\n<meta property=\"og:locale\" content=\"es_ES\" \/>\n<meta property=\"og:type\" content=\"article\" \/>\n<meta property=\"og:title\" content=\"Kommentar September 2026 - Keine Mauern, keine Z\u00e4une \u2013 wenn Afrika losrennt - Spanien aktuell\" \/>\n<meta property=\"og:description\" content=\"Im Oktober 2005 sprach Alpha Oumar Konar\u00e9, damals Vorsitzender der Kommission der Afrikanischen Union, in Br\u00fcssel \u00fcber die Ereignisse an [&hellip;]\" \/>\n<meta property=\"og:url\" content=\"https:\/\/spanienaktuell.net\/wordpress\/kommentar-september-2026-keine-mauern-keine-zaune-wenn-afrika-losrennt\/\" \/>\n<meta property=\"og:site_name\" content=\"Spanien aktuell\" \/>\n<meta property=\"article:published_time\" content=\"2026-08-31T22:01:14+00:00\" \/>\n<meta property=\"og:image\" content=\"https:\/\/spanienaktuell.net\/wordpress\/wp-content\/uploads\/2017\/06\/kommentar.png\" \/>\n\t<meta property=\"og:image:width\" content=\"1920\" \/>\n\t<meta property=\"og:image:height\" content=\"1280\" \/>\n\t<meta property=\"og:image:type\" content=\"image\/png\" \/>\n<meta name=\"author\" content=\"Spanien Aktuell\" \/>\n<meta name=\"twitter:card\" content=\"summary_large_image\" \/>\n<meta name=\"twitter:label1\" content=\"Escrito por\" \/>\n\t<meta name=\"twitter:data1\" content=\"Spanien Aktuell\" \/>\n\t<meta name=\"twitter:label2\" content=\"Tiempo de lectura\" \/>\n\t<meta name=\"twitter:data2\" content=\"4 minutos\" \/>\n<script type=\"application\/ld+json\" class=\"yoast-schema-graph\">{\"@context\":\"https:\/\/schema.org\",\"@graph\":[{\"@type\":\"Article\",\"@id\":\"https:\/\/spanienaktuell.net\/wordpress\/kommentar-september-2026-keine-mauern-keine-zaune-wenn-afrika-losrennt\/#article\",\"isPartOf\":{\"@id\":\"https:\/\/spanienaktuell.net\/wordpress\/kommentar-september-2026-keine-mauern-keine-zaune-wenn-afrika-losrennt\/\"},\"author\":{\"name\":\"Spanien Aktuell\",\"@id\":\"https:\/\/spanienaktuell.net\/wordpress\/#\/schema\/person\/bc410cfae0161b201d837ebfeeba7fd0\"},\"headline\":\"Kommentar September 2026 &#8211; Keine Mauern, keine Z\u00e4une \u2013 wenn Afrika losrennt\",\"datePublished\":\"2026-08-31T22:01:14+00:00\",\"mainEntityOfPage\":{\"@id\":\"https:\/\/spanienaktuell.net\/wordpress\/kommentar-september-2026-keine-mauern-keine-zaune-wenn-afrika-losrennt\/\"},\"wordCount\":751,\"publisher\":{\"@id\":\"https:\/\/spanienaktuell.net\/wordpress\/#organization\"},\"image\":{\"@id\":\"https:\/\/spanienaktuell.net\/wordpress\/kommentar-september-2026-keine-mauern-keine-zaune-wenn-afrika-losrennt\/#primaryimage\"},\"thumbnailUrl\":\"https:\/\/spanienaktuell.net\/wordpress\/wp-content\/uploads\/2017\/06\/kommentar.png\",\"articleSection\":[\"Kommentar\"],\"inLanguage\":\"es\"},{\"@type\":\"WebPage\",\"@id\":\"https:\/\/spanienaktuell.net\/wordpress\/kommentar-september-2026-keine-mauern-keine-zaune-wenn-afrika-losrennt\/\",\"url\":\"https:\/\/spanienaktuell.net\/wordpress\/kommentar-september-2026-keine-mauern-keine-zaune-wenn-afrika-losrennt\/\",\"name\":\"Kommentar September 2026 - Keine Mauern, keine Z\u00e4une \u2013 wenn Afrika losrennt - Spanien aktuell\",\"isPartOf\":{\"@id\":\"https:\/\/spanienaktuell.net\/wordpress\/#website\"},\"primaryImageOfPage\":{\"@id\":\"https:\/\/spanienaktuell.net\/wordpress\/kommentar-september-2026-keine-mauern-keine-zaune-wenn-afrika-losrennt\/#primaryimage\"},\"image\":{\"@id\":\"https:\/\/spanienaktuell.net\/wordpress\/kommentar-september-2026-keine-mauern-keine-zaune-wenn-afrika-losrennt\/#primaryimage\"},\"thumbnailUrl\":\"https:\/\/spanienaktuell.net\/wordpress\/wp-content\/uploads\/2017\/06\/kommentar.png\",\"datePublished\":\"2026-08-31T22:01:14+00:00\",\"breadcrumb\":{\"@id\":\"https:\/\/spanienaktuell.net\/wordpress\/kommentar-september-2026-keine-mauern-keine-zaune-wenn-afrika-losrennt\/#breadcrumb\"},\"inLanguage\":\"es\",\"potentialAction\":[{\"@type\":\"ReadAction\",\"target\":[\"https:\/\/spanienaktuell.net\/wordpress\/kommentar-september-2026-keine-mauern-keine-zaune-wenn-afrika-losrennt\/\"]}]},{\"@type\":\"ImageObject\",\"inLanguage\":\"es\",\"@id\":\"https:\/\/spanienaktuell.net\/wordpress\/kommentar-september-2026-keine-mauern-keine-zaune-wenn-afrika-losrennt\/#primaryimage\",\"url\":\"https:\/\/spanienaktuell.net\/wordpress\/wp-content\/uploads\/2017\/06\/kommentar.png\",\"contentUrl\":\"https:\/\/spanienaktuell.net\/wordpress\/wp-content\/uploads\/2017\/06\/kommentar.png\",\"width\":1920,\"height\":1280},{\"@type\":\"BreadcrumbList\",\"@id\":\"https:\/\/spanienaktuell.net\/wordpress\/kommentar-september-2026-keine-mauern-keine-zaune-wenn-afrika-losrennt\/#breadcrumb\",\"itemListElement\":[{\"@type\":\"ListItem\",\"position\":1,\"name\":\"Portada\",\"item\":\"https:\/\/spanienaktuell.net\/wordpress\/\"},{\"@type\":\"ListItem\",\"position\":2,\"name\":\"Kommentar September 2026 &#8211; Keine Mauern, keine Z\u00e4une \u2013 wenn Afrika losrennt\"}]},{\"@type\":\"WebSite\",\"@id\":\"https:\/\/spanienaktuell.net\/wordpress\/#website\",\"url\":\"https:\/\/spanienaktuell.net\/wordpress\/\",\"name\":\"Spanien aktuell\",\"description\":\"The German magazine number 1 on the Costa del Sol\",\"publisher\":{\"@id\":\"https:\/\/spanienaktuell.net\/wordpress\/#organization\"},\"potentialAction\":[{\"@type\":\"SearchAction\",\"target\":{\"@type\":\"EntryPoint\",\"urlTemplate\":\"https:\/\/spanienaktuell.net\/wordpress\/?s={search_term_string}\"},\"query-input\":{\"@type\":\"PropertyValueSpecification\",\"valueRequired\":true,\"valueName\":\"search_term_string\"}}],\"inLanguage\":\"es\"},{\"@type\":\"Organization\",\"@id\":\"https:\/\/spanienaktuell.net\/wordpress\/#organization\",\"name\":\"Spanien aktuell\",\"url\":\"https:\/\/spanienaktuell.net\/wordpress\/\",\"logo\":{\"@type\":\"ImageObject\",\"inLanguage\":\"es\",\"@id\":\"https:\/\/spanienaktuell.net\/wordpress\/#\/schema\/logo\/image\/\",\"url\":\"https:\/\/spanienaktuell.net\/wordpress\/wp-content\/uploads\/2019\/06\/cropped-Logo-spanien-aktuell-png-web-e1561631085388.png\",\"contentUrl\":\"https:\/\/spanienaktuell.net\/wordpress\/wp-content\/uploads\/2019\/06\/cropped-Logo-spanien-aktuell-png-web-e1561631085388.png\",\"width\":512,\"height\":110,\"caption\":\"Spanien aktuell\"},\"image\":{\"@id\":\"https:\/\/spanienaktuell.net\/wordpress\/#\/schema\/logo\/image\/\"}},{\"@type\":\"Person\",\"@id\":\"https:\/\/spanienaktuell.net\/wordpress\/#\/schema\/person\/bc410cfae0161b201d837ebfeeba7fd0\",\"name\":\"Spanien Aktuell\",\"image\":{\"@type\":\"ImageObject\",\"inLanguage\":\"es\",\"@id\":\"https:\/\/spanienaktuell.net\/wordpress\/#\/schema\/person\/image\/\",\"url\":\"https:\/\/spanienaktuell.net\/wordpress\/wp-content\/uploads\/2019\/06\/cropped-Logo-spanien-aktuell-png-fav2-100x100.png\",\"contentUrl\":\"https:\/\/spanienaktuell.net\/wordpress\/wp-content\/uploads\/2019\/06\/cropped-Logo-spanien-aktuell-png-fav2-100x100.png\",\"caption\":\"Spanien Aktuell\"},\"url\":\"https:\/\/spanienaktuell.net\/wordpress\/author\/koalum\/\"}]}<\/script>\n<!-- \/ Yoast SEO plugin. -->","yoast_head_json":{"title":"Kommentar September 2026 - Keine Mauern, keine Z\u00e4une \u2013 wenn Afrika losrennt - Spanien aktuell","robots":{"index":"index","follow":"follow","max-snippet":"max-snippet:-1","max-image-preview":"max-image-preview:large","max-video-preview":"max-video-preview:-1"},"canonical":"https:\/\/spanienaktuell.net\/wordpress\/kommentar-september-2026-keine-mauern-keine-zaune-wenn-afrika-losrennt\/","og_locale":"es_ES","og_type":"article","og_title":"Kommentar September 2026 - Keine Mauern, keine Z\u00e4une \u2013 wenn Afrika losrennt - Spanien aktuell","og_description":"Im Oktober 2005 sprach Alpha Oumar Konar\u00e9, damals Vorsitzender der Kommission der Afrikanischen Union, in Br\u00fcssel \u00fcber die Ereignisse an [&hellip;]","og_url":"https:\/\/spanienaktuell.net\/wordpress\/kommentar-september-2026-keine-mauern-keine-zaune-wenn-afrika-losrennt\/","og_site_name":"Spanien aktuell","article_published_time":"2026-08-31T22:01:14+00:00","og_image":[{"width":1920,"height":1280,"url":"https:\/\/spanienaktuell.net\/wordpress\/wp-content\/uploads\/2017\/06\/kommentar.png","type":"image\/png"}],"author":"Spanien Aktuell","twitter_card":"summary_large_image","twitter_misc":{"Escrito por":"Spanien Aktuell","Tiempo de lectura":"4 minutos"},"schema":{"@context":"https:\/\/schema.org","@graph":[{"@type":"Article","@id":"https:\/\/spanienaktuell.net\/wordpress\/kommentar-september-2026-keine-mauern-keine-zaune-wenn-afrika-losrennt\/#article","isPartOf":{"@id":"https:\/\/spanienaktuell.net\/wordpress\/kommentar-september-2026-keine-mauern-keine-zaune-wenn-afrika-losrennt\/"},"author":{"name":"Spanien Aktuell","@id":"https:\/\/spanienaktuell.net\/wordpress\/#\/schema\/person\/bc410cfae0161b201d837ebfeeba7fd0"},"headline":"Kommentar September 2026 &#8211; Keine Mauern, keine Z\u00e4une \u2013 wenn Afrika losrennt","datePublished":"2026-08-31T22:01:14+00:00","mainEntityOfPage":{"@id":"https:\/\/spanienaktuell.net\/wordpress\/kommentar-september-2026-keine-mauern-keine-zaune-wenn-afrika-losrennt\/"},"wordCount":751,"publisher":{"@id":"https:\/\/spanienaktuell.net\/wordpress\/#organization"},"image":{"@id":"https:\/\/spanienaktuell.net\/wordpress\/kommentar-september-2026-keine-mauern-keine-zaune-wenn-afrika-losrennt\/#primaryimage"},"thumbnailUrl":"https:\/\/spanienaktuell.net\/wordpress\/wp-content\/uploads\/2017\/06\/kommentar.png","articleSection":["Kommentar"],"inLanguage":"es"},{"@type":"WebPage","@id":"https:\/\/spanienaktuell.net\/wordpress\/kommentar-september-2026-keine-mauern-keine-zaune-wenn-afrika-losrennt\/","url":"https:\/\/spanienaktuell.net\/wordpress\/kommentar-september-2026-keine-mauern-keine-zaune-wenn-afrika-losrennt\/","name":"Kommentar September 2026 - Keine Mauern, keine Z\u00e4une \u2013 wenn Afrika losrennt - Spanien aktuell","isPartOf":{"@id":"https:\/\/spanienaktuell.net\/wordpress\/#website"},"primaryImageOfPage":{"@id":"https:\/\/spanienaktuell.net\/wordpress\/kommentar-september-2026-keine-mauern-keine-zaune-wenn-afrika-losrennt\/#primaryimage"},"image":{"@id":"https:\/\/spanienaktuell.net\/wordpress\/kommentar-september-2026-keine-mauern-keine-zaune-wenn-afrika-losrennt\/#primaryimage"},"thumbnailUrl":"https:\/\/spanienaktuell.net\/wordpress\/wp-content\/uploads\/2017\/06\/kommentar.png","datePublished":"2026-08-31T22:01:14+00:00","breadcrumb":{"@id":"https:\/\/spanienaktuell.net\/wordpress\/kommentar-september-2026-keine-mauern-keine-zaune-wenn-afrika-losrennt\/#breadcrumb"},"inLanguage":"es","potentialAction":[{"@type":"ReadAction","target":["https:\/\/spanienaktuell.net\/wordpress\/kommentar-september-2026-keine-mauern-keine-zaune-wenn-afrika-losrennt\/"]}]},{"@type":"ImageObject","inLanguage":"es","@id":"https:\/\/spanienaktuell.net\/wordpress\/kommentar-september-2026-keine-mauern-keine-zaune-wenn-afrika-losrennt\/#primaryimage","url":"https:\/\/spanienaktuell.net\/wordpress\/wp-content\/uploads\/2017\/06\/kommentar.png","contentUrl":"https:\/\/spanienaktuell.net\/wordpress\/wp-content\/uploads\/2017\/06\/kommentar.png","width":1920,"height":1280},{"@type":"BreadcrumbList","@id":"https:\/\/spanienaktuell.net\/wordpress\/kommentar-september-2026-keine-mauern-keine-zaune-wenn-afrika-losrennt\/#breadcrumb","itemListElement":[{"@type":"ListItem","position":1,"name":"Portada","item":"https:\/\/spanienaktuell.net\/wordpress\/"},{"@type":"ListItem","position":2,"name":"Kommentar September 2026 &#8211; Keine Mauern, keine Z\u00e4une \u2013 wenn Afrika losrennt"}]},{"@type":"WebSite","@id":"https:\/\/spanienaktuell.net\/wordpress\/#website","url":"https:\/\/spanienaktuell.net\/wordpress\/","name":"Spanien aktuell","description":"The German magazine number 1 on the Costa del Sol","publisher":{"@id":"https:\/\/spanienaktuell.net\/wordpress\/#organization"},"potentialAction":[{"@type":"SearchAction","target":{"@type":"EntryPoint","urlTemplate":"https:\/\/spanienaktuell.net\/wordpress\/?s={search_term_string}"},"query-input":{"@type":"PropertyValueSpecification","valueRequired":true,"valueName":"search_term_string"}}],"inLanguage":"es"},{"@type":"Organization","@id":"https:\/\/spanienaktuell.net\/wordpress\/#organization","name":"Spanien aktuell","url":"https:\/\/spanienaktuell.net\/wordpress\/","logo":{"@type":"ImageObject","inLanguage":"es","@id":"https:\/\/spanienaktuell.net\/wordpress\/#\/schema\/logo\/image\/","url":"https:\/\/spanienaktuell.net\/wordpress\/wp-content\/uploads\/2019\/06\/cropped-Logo-spanien-aktuell-png-web-e1561631085388.png","contentUrl":"https:\/\/spanienaktuell.net\/wordpress\/wp-content\/uploads\/2019\/06\/cropped-Logo-spanien-aktuell-png-web-e1561631085388.png","width":512,"height":110,"caption":"Spanien aktuell"},"image":{"@id":"https:\/\/spanienaktuell.net\/wordpress\/#\/schema\/logo\/image\/"}},{"@type":"Person","@id":"https:\/\/spanienaktuell.net\/wordpress\/#\/schema\/person\/bc410cfae0161b201d837ebfeeba7fd0","name":"Spanien Aktuell","image":{"@type":"ImageObject","inLanguage":"es","@id":"https:\/\/spanienaktuell.net\/wordpress\/#\/schema\/person\/image\/","url":"https:\/\/spanienaktuell.net\/wordpress\/wp-content\/uploads\/2019\/06\/cropped-Logo-spanien-aktuell-png-fav2-100x100.png","contentUrl":"https:\/\/spanienaktuell.net\/wordpress\/wp-content\/uploads\/2019\/06\/cropped-Logo-spanien-aktuell-png-fav2-100x100.png","caption":"Spanien Aktuell"},"url":"https:\/\/spanienaktuell.net\/wordpress\/author\/koalum\/"}]}},"_links":{"self":[{"href":"https:\/\/spanienaktuell.net\/wordpress\/wp-json\/wp\/v2\/posts\/109969","targetHints":{"allow":["GET"]}}],"collection":[{"href":"https:\/\/spanienaktuell.net\/wordpress\/wp-json\/wp\/v2\/posts"}],"about":[{"href":"https:\/\/spanienaktuell.net\/wordpress\/wp-json\/wp\/v2\/types\/post"}],"author":[{"embeddable":true,"href":"https:\/\/spanienaktuell.net\/wordpress\/wp-json\/wp\/v2\/users\/3"}],"replies":[{"embeddable":true,"href":"https:\/\/spanienaktuell.net\/wordpress\/wp-json\/wp\/v2\/comments?post=109969"}],"version-history":[{"count":1,"href":"https:\/\/spanienaktuell.net\/wordpress\/wp-json\/wp\/v2\/posts\/109969\/revisions"}],"predecessor-version":[{"id":109970,"href":"https:\/\/spanienaktuell.net\/wordpress\/wp-json\/wp\/v2\/posts\/109969\/revisions\/109970"}],"wp:featuredmedia":[{"embeddable":true,"href":"https:\/\/spanienaktuell.net\/wordpress\/wp-json\/wp\/v2\/media\/2000"}],"wp:attachment":[{"href":"https:\/\/spanienaktuell.net\/wordpress\/wp-json\/wp\/v2\/media?parent=109969"}],"wp:term":[{"taxonomy":"category","embeddable":true,"href":"https:\/\/spanienaktuell.net\/wordpress\/wp-json\/wp\/v2\/categories?post=109969"},{"taxonomy":"post_tag","embeddable":true,"href":"https:\/\/spanienaktuell.net\/wordpress\/wp-json\/wp\/v2\/tags?post=109969"}],"curies":[{"name":"wp","href":"https:\/\/api.w.org\/{rel}","templated":true}]}}