{"id":109991,"date":"2026-09-01T00:08:25","date_gmt":"2026-08-31T22:08:25","guid":{"rendered":"https:\/\/spanienaktuell.net\/wordpress\/?p=109991"},"modified":"2026-08-25T10:59:26","modified_gmt":"2026-08-25T08:59:26","slug":"say-32-carbon-560-ps-und-50-knoten","status":"publish","type":"post","link":"https:\/\/spanienaktuell.net\/wordpress\/say-32-carbon-560-ps-und-50-knoten\/","title":{"rendered":"SAY 32: Carbon, 560 PS und 50 Knoten"},"content":{"rendered":"<p><img decoding=\"async\" class=\"aligncenter size-full wp-image-109992\" src=\"https:\/\/spanienaktuell.net\/wordpress\/wp-content\/uploads\/2026\/08\/1.png\" alt=\"\" width=\"1063\" height=\"778\" srcset=\"https:\/\/spanienaktuell.net\/wordpress\/wp-content\/uploads\/2026\/08\/1.png 1063w, https:\/\/spanienaktuell.net\/wordpress\/wp-content\/uploads\/2026\/08\/1-300x220.png 300w, https:\/\/spanienaktuell.net\/wordpress\/wp-content\/uploads\/2026\/08\/1-1024x749.png 1024w, https:\/\/spanienaktuell.net\/wordpress\/wp-content\/uploads\/2026\/08\/1-768x562.png 768w, https:\/\/spanienaktuell.net\/wordpress\/wp-content\/uploads\/2026\/08\/1-350x256.png 350w\" sizes=\"(max-width: 1063px) 100vw, 1063px\" \/><\/p>\n<p>Knapp zehn Meter lang, aus Carbon gebaut und bis zu 50 Knoten schnell: Die SAY 32 verbindet die Dynamik eines Performance-Bootes mit gro\u00dfz\u00fcgigen Bereichen f\u00fcr entspannte Stunden auf dem Wasser. Auf den ersten Blick ist die SAY 32 vor allem eines: schnell. Zwei Volvo Penta V6-280 bringen zusammen 560 PS auf die Aquamatic-DuoProp-Antriebe und erm\u00f6glichen bis zu 50 Knoten. Doch die Geschwindigkeit ist nur ein Teil des Konzepts hinter der knapp zehn Meter langen Carbon-Yacht. Mit 9,98 Metern L\u00e4nge und 2,97 Metern Breite bleibt die SAY 32 kompakt. Ihr Gewicht von rund 2,8 Tonnen ist dabei ein entscheidender Faktor. Die konsequente Verwendung von Carbon reduziert das Gewicht und schafft die Grundlage f\u00fcr die sportlichen Fahrleistungen. Gleichzeitig erm\u00f6glicht die leichte Konstruktion eine Kombination aus Leistung und Effizienz, die bei einem Boot dieser Gr\u00f6\u00dfe nicht selbstverst\u00e4ndlich ist.<\/p>\n<p><strong>Leichtbau als Konzept<\/strong><\/p>\n<p><img decoding=\"async\" class=\"aligncenter size-full wp-image-109994\" src=\"https:\/\/spanienaktuell.net\/wordpress\/wp-content\/uploads\/2026\/08\/3.png\" alt=\"\" width=\"1063\" height=\"786\" srcset=\"https:\/\/spanienaktuell.net\/wordpress\/wp-content\/uploads\/2026\/08\/3.png 1063w, https:\/\/spanienaktuell.net\/wordpress\/wp-content\/uploads\/2026\/08\/3-300x222.png 300w, https:\/\/spanienaktuell.net\/wordpress\/wp-content\/uploads\/2026\/08\/3-1024x757.png 1024w, https:\/\/spanienaktuell.net\/wordpress\/wp-content\/uploads\/2026\/08\/3-768x568.png 768w, https:\/\/spanienaktuell.net\/wordpress\/wp-content\/uploads\/2026\/08\/3-350x259.png 350w\" sizes=\"(max-width: 1063px) 100vw, 1063px\" \/><\/p>\n<p>Carbon ist bei SAY nicht einfach ein Material f\u00fcr einzelne Bauteile, sondern ein wesentlicher Bestandteil der Konstruktion. Das geringe Gewicht wirkt sich auf mehrere Bereiche aus: auf die Beschleunigung, das Handling und den Energiebedarf w\u00e4hrend der Fahrt. Damit wird verst\u00e4ndlich, warum die SAY 32 trotz ihrer kompakten Abmessungen mit einer Motorisierung von insgesamt 560 PS auskommt. Die Leichtbauweise und die Leistung stehen nicht unabh\u00e4ngig voneinander, sondern sind Teil desselben Konzepts.<\/p>\n<p><img decoding=\"async\" class=\"aligncenter size-full wp-image-109997\" src=\"https:\/\/spanienaktuell.net\/wordpress\/wp-content\/uploads\/2026\/08\/6.png\" alt=\"\" width=\"1063\" height=\"751\" srcset=\"https:\/\/spanienaktuell.net\/wordpress\/wp-content\/uploads\/2026\/08\/6.png 1063w, https:\/\/spanienaktuell.net\/wordpress\/wp-content\/uploads\/2026\/08\/6-300x212.png 300w, https:\/\/spanienaktuell.net\/wordpress\/wp-content\/uploads\/2026\/08\/6-1024x723.png 1024w, https:\/\/spanienaktuell.net\/wordpress\/wp-content\/uploads\/2026\/08\/6-768x543.png 768w, https:\/\/spanienaktuell.net\/wordpress\/wp-content\/uploads\/2026\/08\/6-350x247.png 350w\" sizes=\"(max-width: 1063px) 100vw, 1063px\" \/><\/p>\n<p>F\u00fcr den Fahrer bedeutet das vor allem ein Boot, das auf direkte Reaktionen ausgelegt ist. Die sportliche Ausrichtung wird durch verstellbare, sto\u00dfabsorbierende Sitze unterst\u00fctzt, w\u00e4hrend das digitale Cockpit die wichtigsten Informationen \u00fcbersichtlich zusammenf\u00fchrt.<\/p>\n<p><strong>Sportlich unterwegs, entspannt vor Anker<\/strong><\/p>\n<p><img decoding=\"async\" class=\"aligncenter size-full wp-image-109993\" src=\"https:\/\/spanienaktuell.net\/wordpress\/wp-content\/uploads\/2026\/08\/2.png\" alt=\"\" width=\"1063\" height=\"774\" srcset=\"https:\/\/spanienaktuell.net\/wordpress\/wp-content\/uploads\/2026\/08\/2.png 1063w, https:\/\/spanienaktuell.net\/wordpress\/wp-content\/uploads\/2026\/08\/2-300x218.png 300w, https:\/\/spanienaktuell.net\/wordpress\/wp-content\/uploads\/2026\/08\/2-1024x746.png 1024w, https:\/\/spanienaktuell.net\/wordpress\/wp-content\/uploads\/2026\/08\/2-768x559.png 768w, https:\/\/spanienaktuell.net\/wordpress\/wp-content\/uploads\/2026\/08\/2-350x255.png 350w\" sizes=\"(max-width: 1063px) 100vw, 1063px\" \/><\/p>\n<p>Doch die SAY 32 m\u00f6chte nicht ausschlie\u00dflich schnell sein. Wird der Gashebel zur\u00fcckgenommen, zeigt sie eine deutlich entspanntere Seite. Gro\u00dfz\u00fcgige Sonnenfl\u00e4chen im Bug- und Heckbereich, Sitzpl\u00e4tze und variable Tische machen das Cockpit zum Mittelpunkt f\u00fcr einen Tag auf dem Wasser. Bis zu acht Personen finden an Bord Platz und k\u00f6nnen dort gemeinsam essen, sitzen oder einfach die Zeit vor Anker genie\u00dfen. Die Badeplattform erweitert den Aufenthaltsbereich am Heck und schafft einen direkten Zugang zum Wasser.<\/p>\n<p><img decoding=\"async\" class=\"aligncenter size-full wp-image-109995\" src=\"https:\/\/spanienaktuell.net\/wordpress\/wp-content\/uploads\/2026\/08\/4.png\" alt=\"\" width=\"1063\" height=\"782\" srcset=\"https:\/\/spanienaktuell.net\/wordpress\/wp-content\/uploads\/2026\/08\/4.png 1063w, https:\/\/spanienaktuell.net\/wordpress\/wp-content\/uploads\/2026\/08\/4-300x221.png 300w, https:\/\/spanienaktuell.net\/wordpress\/wp-content\/uploads\/2026\/08\/4-1024x753.png 1024w, https:\/\/spanienaktuell.net\/wordpress\/wp-content\/uploads\/2026\/08\/4-768x565.png 768w, https:\/\/spanienaktuell.net\/wordpress\/wp-content\/uploads\/2026\/08\/4-350x257.png 350w\" sizes=\"(max-width: 1063px) 100vw, 1063px\" \/><\/p>\n<p>Damit l\u00e4sst sich die SAY 32 ebenso f\u00fcr einen Badestopp vor der K\u00fcste wie f\u00fcr eine l\u00e4ngere Ausfahrt nutzen. Gerade diese Verbindung aus Performance und Freizeitgestaltung macht das Konzept interessant. Morgens kann die Fahrt selbst im Mittelpunkt stehen, w\u00e4hrend sp\u00e4ter eine gesch\u00fctzte Bucht zum eigentlichen Ziel des Tages wird.<\/p>\n<p><strong>Weniger Gewicht, mehr M\u00f6glichkeiten<\/strong><\/p>\n<p><img decoding=\"async\" class=\"aligncenter size-full wp-image-109996\" src=\"https:\/\/spanienaktuell.net\/wordpress\/wp-content\/uploads\/2026\/08\/5.png\" alt=\"\" width=\"1063\" height=\"774\" srcset=\"https:\/\/spanienaktuell.net\/wordpress\/wp-content\/uploads\/2026\/08\/5.png 1063w, https:\/\/spanienaktuell.net\/wordpress\/wp-content\/uploads\/2026\/08\/5-300x218.png 300w, https:\/\/spanienaktuell.net\/wordpress\/wp-content\/uploads\/2026\/08\/5-1024x746.png 1024w, https:\/\/spanienaktuell.net\/wordpress\/wp-content\/uploads\/2026\/08\/5-768x559.png 768w, https:\/\/spanienaktuell.net\/wordpress\/wp-content\/uploads\/2026\/08\/5-350x255.png 350w\" sizes=\"(max-width: 1063px) 100vw, 1063px\" \/><\/p>\n<p>Die kompakten Abmessungen bringen einen weiteren praktischen Vorteil. Die SAY 32 eignet sich auch f\u00fcr Gew\u00e4sser und Marinas, in denen gr\u00f6\u00dfere Yachten schnell an ihre Grenzen kommen. Mit weniger als zehn Metern L\u00e4nge und einer Breite von unter drei Metern bleibt sie handlich und l\u00e4sst sich vergleichsweise unkompliziert zwischen unterschiedlichen Revieren bewegen. Das passt zum Charakter eines Bootes, das nicht zwingend an einen einzigen Liegeplatz gebunden sein muss. Ein anderes Revier, eine neue K\u00fcste oder ein spontaner Ausflug lassen sich mit einer Yacht dieser Gr\u00f6\u00dfe wesentlich unkomplizierter planen als mit deutlich gr\u00f6\u00dferen Booten. Auch die technischen Daten unterstreichen, dass die SAY 32 mehr sein soll als ein reines Kurzstrecken-Performance-Boot. F\u00fcr l\u00e4ngere Ausfahrten nennt SAY eine Reichweite von bis zu 280 Seemeilen. Der 470-Liter-Tank und die leichte Konstruktion erg\u00e4nzen damit den sportlichen Charakter um eine praktische Seite.<\/p>\n<p><strong>50 Knoten, wenn es darauf ankommt<\/strong><\/p>\n<p>Die H\u00f6chstgeschwindigkeit von 50 Knoten ist zweifellos die spektakul\u00e4rste Zahl der SAY 32. Entscheidend ist jedoch das Gesamtpaket dahinter: knapp zehn Meter Bootsl\u00e4nge, rund 2,8 Tonnen Gewicht, Carbonbauweise und 560 PS. Das Ergebnis ist eine Yacht, die ihre Leistung nicht permanent demonstrieren muss. Sie kann schnell, wenn Geschwindigkeit gefragt ist, und bietet gleichzeitig gen\u00fcgend Raum, um einen ganzen Tag an Bord zu verbringen. Vielleicht liegt genau darin der Reiz der SAY 32. Sie versucht nicht, eine gro\u00dfe Yacht auf zehn Meter zu verkleinern. Sie verfolgt einen eigenen Ansatz \u2013 leicht, schnell und offen f\u00fcr die unterschiedlichsten Momente eines Tages auf dem Wasser.<\/p>\n<p><strong>Weitere Informationen zur SAY 32 erhalten Sie auf<\/strong> \u00a0\u00a0<span style=\"color: #0000ff;\"><a style=\"color: #0000ff;\" href=\"https:\/\/saycarbonyachts.com\/\">https:\/\/saycarbonyachts.com\/<\/a><\/span><\/p>\n<p><em>Quelle: SAY Carbon Yachts | Fotos: Copyright \u00a9 SAY Carbon Yachts | Redaktion: \u00a9 Spanien aktuell \u2013 Cesar Certier<\/em><\/p>\n","protected":false},"excerpt":{"rendered":"<p>Knapp zehn Meter lang, aus Carbon gebaut und bis zu 50 Knoten schnell: Die SAY 32 verbindet die Dynamik eines [&hellip;]<\/p>\n","protected":false},"author":3,"featured_media":109992,"comment_status":"closed","ping_status":"closed","sticky":false,"template":"","format":"standard","meta":{"footnotes":""},"categories":[27],"tags":[],"class_list":["post-109991","post","type-post","status-publish","format-standard","has-post-thumbnail","hentry","category-motor"],"yoast_head":"<!-- This site is optimized with the Yoast SEO plugin v27.1.1 - https:\/\/yoast.com\/product\/yoast-seo-wordpress\/ -->\n<title>SAY 32: Carbon, 560 PS und 50 Knoten - Spanien aktuell<\/title>\n<meta name=\"robots\" content=\"index, follow, max-snippet:-1, max-image-preview:large, max-video-preview:-1\" \/>\n<link rel=\"canonical\" href=\"https:\/\/spanienaktuell.net\/wordpress\/say-32-carbon-560-ps-und-50-knoten\/\" \/>\n<meta property=\"og:locale\" content=\"es_ES\" \/>\n<meta property=\"og:type\" content=\"article\" \/>\n<meta property=\"og:title\" content=\"SAY 32: Carbon, 560 PS und 50 Knoten - Spanien aktuell\" \/>\n<meta property=\"og:description\" content=\"Knapp zehn Meter lang, aus Carbon gebaut und bis zu 50 Knoten schnell: Die SAY 32 verbindet die Dynamik eines [&hellip;]\" \/>\n<meta property=\"og:url\" content=\"https:\/\/spanienaktuell.net\/wordpress\/say-32-carbon-560-ps-und-50-knoten\/\" \/>\n<meta property=\"og:site_name\" content=\"Spanien aktuell\" \/>\n<meta property=\"article:published_time\" content=\"2026-08-31T22:08:25+00:00\" \/>\n<meta property=\"og:image\" content=\"https:\/\/spanienaktuell.net\/wordpress\/wp-content\/uploads\/2026\/08\/1.png\" \/>\n\t<meta property=\"og:image:width\" content=\"1063\" \/>\n\t<meta property=\"og:image:height\" content=\"778\" \/>\n\t<meta property=\"og:image:type\" content=\"image\/png\" \/>\n<meta name=\"author\" content=\"Spanien Aktuell\" \/>\n<meta name=\"twitter:card\" content=\"summary_large_image\" \/>\n<meta name=\"twitter:label1\" content=\"Escrito por\" \/>\n\t<meta name=\"twitter:data1\" content=\"Spanien Aktuell\" \/>\n\t<meta name=\"twitter:label2\" content=\"Tiempo de lectura\" \/>\n\t<meta name=\"twitter:data2\" content=\"5 minutos\" \/>\n<script type=\"application\/ld+json\" class=\"yoast-schema-graph\">{\"@context\":\"https:\/\/schema.org\",\"@graph\":[{\"@type\":\"Article\",\"@id\":\"https:\/\/spanienaktuell.net\/wordpress\/say-32-carbon-560-ps-und-50-knoten\/#article\",\"isPartOf\":{\"@id\":\"https:\/\/spanienaktuell.net\/wordpress\/say-32-carbon-560-ps-und-50-knoten\/\"},\"author\":{\"name\":\"Spanien Aktuell\",\"@id\":\"https:\/\/spanienaktuell.net\/wordpress\/#\/schema\/person\/bc410cfae0161b201d837ebfeeba7fd0\"},\"headline\":\"SAY 32: Carbon, 560 PS und 50 Knoten\",\"datePublished\":\"2026-08-31T22:08:25+00:00\",\"mainEntityOfPage\":{\"@id\":\"https:\/\/spanienaktuell.net\/wordpress\/say-32-carbon-560-ps-und-50-knoten\/\"},\"wordCount\":679,\"publisher\":{\"@id\":\"https:\/\/spanienaktuell.net\/wordpress\/#organization\"},\"image\":{\"@id\":\"https:\/\/spanienaktuell.net\/wordpress\/say-32-carbon-560-ps-und-50-knoten\/#primaryimage\"},\"thumbnailUrl\":\"https:\/\/spanienaktuell.net\/wordpress\/wp-content\/uploads\/2026\/08\/1.png\",\"articleSection\":[\"Motor\"],\"inLanguage\":\"es\"},{\"@type\":\"WebPage\",\"@id\":\"https:\/\/spanienaktuell.net\/wordpress\/say-32-carbon-560-ps-und-50-knoten\/\",\"url\":\"https:\/\/spanienaktuell.net\/wordpress\/say-32-carbon-560-ps-und-50-knoten\/\",\"name\":\"SAY 32: Carbon, 560 PS und 50 Knoten - Spanien aktuell\",\"isPartOf\":{\"@id\":\"https:\/\/spanienaktuell.net\/wordpress\/#website\"},\"primaryImageOfPage\":{\"@id\":\"https:\/\/spanienaktuell.net\/wordpress\/say-32-carbon-560-ps-und-50-knoten\/#primaryimage\"},\"image\":{\"@id\":\"https:\/\/spanienaktuell.net\/wordpress\/say-32-carbon-560-ps-und-50-knoten\/#primaryimage\"},\"thumbnailUrl\":\"https:\/\/spanienaktuell.net\/wordpress\/wp-content\/uploads\/2026\/08\/1.png\",\"datePublished\":\"2026-08-31T22:08:25+00:00\",\"breadcrumb\":{\"@id\":\"https:\/\/spanienaktuell.net\/wordpress\/say-32-carbon-560-ps-und-50-knoten\/#breadcrumb\"},\"inLanguage\":\"es\",\"potentialAction\":[{\"@type\":\"ReadAction\",\"target\":[\"https:\/\/spanienaktuell.net\/wordpress\/say-32-carbon-560-ps-und-50-knoten\/\"]}]},{\"@type\":\"ImageObject\",\"inLanguage\":\"es\",\"@id\":\"https:\/\/spanienaktuell.net\/wordpress\/say-32-carbon-560-ps-und-50-knoten\/#primaryimage\",\"url\":\"https:\/\/spanienaktuell.net\/wordpress\/wp-content\/uploads\/2026\/08\/1.png\",\"contentUrl\":\"https:\/\/spanienaktuell.net\/wordpress\/wp-content\/uploads\/2026\/08\/1.png\",\"width\":1063,\"height\":778},{\"@type\":\"BreadcrumbList\",\"@id\":\"https:\/\/spanienaktuell.net\/wordpress\/say-32-carbon-560-ps-und-50-knoten\/#breadcrumb\",\"itemListElement\":[{\"@type\":\"ListItem\",\"position\":1,\"name\":\"Portada\",\"item\":\"https:\/\/spanienaktuell.net\/wordpress\/\"},{\"@type\":\"ListItem\",\"position\":2,\"name\":\"SAY 32: Carbon, 560 PS und 50 Knoten\"}]},{\"@type\":\"WebSite\",\"@id\":\"https:\/\/spanienaktuell.net\/wordpress\/#website\",\"url\":\"https:\/\/spanienaktuell.net\/wordpress\/\",\"name\":\"Spanien aktuell\",\"description\":\"The German magazine number 1 on the Costa del Sol\",\"publisher\":{\"@id\":\"https:\/\/spanienaktuell.net\/wordpress\/#organization\"},\"potentialAction\":[{\"@type\":\"SearchAction\",\"target\":{\"@type\":\"EntryPoint\",\"urlTemplate\":\"https:\/\/spanienaktuell.net\/wordpress\/?s={search_term_string}\"},\"query-input\":{\"@type\":\"PropertyValueSpecification\",\"valueRequired\":true,\"valueName\":\"search_term_string\"}}],\"inLanguage\":\"es\"},{\"@type\":\"Organization\",\"@id\":\"https:\/\/spanienaktuell.net\/wordpress\/#organization\",\"name\":\"Spanien aktuell\",\"url\":\"https:\/\/spanienaktuell.net\/wordpress\/\",\"logo\":{\"@type\":\"ImageObject\",\"inLanguage\":\"es\",\"@id\":\"https:\/\/spanienaktuell.net\/wordpress\/#\/schema\/logo\/image\/\",\"url\":\"https:\/\/spanienaktuell.net\/wordpress\/wp-content\/uploads\/2019\/06\/cropped-Logo-spanien-aktuell-png-web-e1561631085388.png\",\"contentUrl\":\"https:\/\/spanienaktuell.net\/wordpress\/wp-content\/uploads\/2019\/06\/cropped-Logo-spanien-aktuell-png-web-e1561631085388.png\",\"width\":512,\"height\":110,\"caption\":\"Spanien aktuell\"},\"image\":{\"@id\":\"https:\/\/spanienaktuell.net\/wordpress\/#\/schema\/logo\/image\/\"}},{\"@type\":\"Person\",\"@id\":\"https:\/\/spanienaktuell.net\/wordpress\/#\/schema\/person\/bc410cfae0161b201d837ebfeeba7fd0\",\"name\":\"Spanien Aktuell\",\"image\":{\"@type\":\"ImageObject\",\"inLanguage\":\"es\",\"@id\":\"https:\/\/spanienaktuell.net\/wordpress\/#\/schema\/person\/image\/\",\"url\":\"https:\/\/spanienaktuell.net\/wordpress\/wp-content\/uploads\/2019\/06\/cropped-Logo-spanien-aktuell-png-fav2-100x100.png\",\"contentUrl\":\"https:\/\/spanienaktuell.net\/wordpress\/wp-content\/uploads\/2019\/06\/cropped-Logo-spanien-aktuell-png-fav2-100x100.png\",\"caption\":\"Spanien Aktuell\"},\"url\":\"https:\/\/spanienaktuell.net\/wordpress\/author\/koalum\/\"}]}<\/script>\n<!-- \/ Yoast SEO plugin. -->","yoast_head_json":{"title":"SAY 32: Carbon, 560 PS und 50 Knoten - Spanien aktuell","robots":{"index":"index","follow":"follow","max-snippet":"max-snippet:-1","max-image-preview":"max-image-preview:large","max-video-preview":"max-video-preview:-1"},"canonical":"https:\/\/spanienaktuell.net\/wordpress\/say-32-carbon-560-ps-und-50-knoten\/","og_locale":"es_ES","og_type":"article","og_title":"SAY 32: Carbon, 560 PS und 50 Knoten - Spanien aktuell","og_description":"Knapp zehn Meter lang, aus Carbon gebaut und bis zu 50 Knoten schnell: Die SAY 32 verbindet die Dynamik eines [&hellip;]","og_url":"https:\/\/spanienaktuell.net\/wordpress\/say-32-carbon-560-ps-und-50-knoten\/","og_site_name":"Spanien aktuell","article_published_time":"2026-08-31T22:08:25+00:00","og_image":[{"width":1063,"height":778,"url":"https:\/\/spanienaktuell.net\/wordpress\/wp-content\/uploads\/2026\/08\/1.png","type":"image\/png"}],"author":"Spanien Aktuell","twitter_card":"summary_large_image","twitter_misc":{"Escrito por":"Spanien Aktuell","Tiempo de lectura":"5 minutos"},"schema":{"@context":"https:\/\/schema.org","@graph":[{"@type":"Article","@id":"https:\/\/spanienaktuell.net\/wordpress\/say-32-carbon-560-ps-und-50-knoten\/#article","isPartOf":{"@id":"https:\/\/spanienaktuell.net\/wordpress\/say-32-carbon-560-ps-und-50-knoten\/"},"author":{"name":"Spanien Aktuell","@id":"https:\/\/spanienaktuell.net\/wordpress\/#\/schema\/person\/bc410cfae0161b201d837ebfeeba7fd0"},"headline":"SAY 32: Carbon, 560 PS und 50 Knoten","datePublished":"2026-08-31T22:08:25+00:00","mainEntityOfPage":{"@id":"https:\/\/spanienaktuell.net\/wordpress\/say-32-carbon-560-ps-und-50-knoten\/"},"wordCount":679,"publisher":{"@id":"https:\/\/spanienaktuell.net\/wordpress\/#organization"},"image":{"@id":"https:\/\/spanienaktuell.net\/wordpress\/say-32-carbon-560-ps-und-50-knoten\/#primaryimage"},"thumbnailUrl":"https:\/\/spanienaktuell.net\/wordpress\/wp-content\/uploads\/2026\/08\/1.png","articleSection":["Motor"],"inLanguage":"es"},{"@type":"WebPage","@id":"https:\/\/spanienaktuell.net\/wordpress\/say-32-carbon-560-ps-und-50-knoten\/","url":"https:\/\/spanienaktuell.net\/wordpress\/say-32-carbon-560-ps-und-50-knoten\/","name":"SAY 32: Carbon, 560 PS und 50 Knoten - Spanien aktuell","isPartOf":{"@id":"https:\/\/spanienaktuell.net\/wordpress\/#website"},"primaryImageOfPage":{"@id":"https:\/\/spanienaktuell.net\/wordpress\/say-32-carbon-560-ps-und-50-knoten\/#primaryimage"},"image":{"@id":"https:\/\/spanienaktuell.net\/wordpress\/say-32-carbon-560-ps-und-50-knoten\/#primaryimage"},"thumbnailUrl":"https:\/\/spanienaktuell.net\/wordpress\/wp-content\/uploads\/2026\/08\/1.png","datePublished":"2026-08-31T22:08:25+00:00","breadcrumb":{"@id":"https:\/\/spanienaktuell.net\/wordpress\/say-32-carbon-560-ps-und-50-knoten\/#breadcrumb"},"inLanguage":"es","potentialAction":[{"@type":"ReadAction","target":["https:\/\/spanienaktuell.net\/wordpress\/say-32-carbon-560-ps-und-50-knoten\/"]}]},{"@type":"ImageObject","inLanguage":"es","@id":"https:\/\/spanienaktuell.net\/wordpress\/say-32-carbon-560-ps-und-50-knoten\/#primaryimage","url":"https:\/\/spanienaktuell.net\/wordpress\/wp-content\/uploads\/2026\/08\/1.png","contentUrl":"https:\/\/spanienaktuell.net\/wordpress\/wp-content\/uploads\/2026\/08\/1.png","width":1063,"height":778},{"@type":"BreadcrumbList","@id":"https:\/\/spanienaktuell.net\/wordpress\/say-32-carbon-560-ps-und-50-knoten\/#breadcrumb","itemListElement":[{"@type":"ListItem","position":1,"name":"Portada","item":"https:\/\/spanienaktuell.net\/wordpress\/"},{"@type":"ListItem","position":2,"name":"SAY 32: Carbon, 560 PS und 50 Knoten"}]},{"@type":"WebSite","@id":"https:\/\/spanienaktuell.net\/wordpress\/#website","url":"https:\/\/spanienaktuell.net\/wordpress\/","name":"Spanien aktuell","description":"The German magazine number 1 on the Costa del Sol","publisher":{"@id":"https:\/\/spanienaktuell.net\/wordpress\/#organization"},"potentialAction":[{"@type":"SearchAction","target":{"@type":"EntryPoint","urlTemplate":"https:\/\/spanienaktuell.net\/wordpress\/?s={search_term_string}"},"query-input":{"@type":"PropertyValueSpecification","valueRequired":true,"valueName":"search_term_string"}}],"inLanguage":"es"},{"@type":"Organization","@id":"https:\/\/spanienaktuell.net\/wordpress\/#organization","name":"Spanien aktuell","url":"https:\/\/spanienaktuell.net\/wordpress\/","logo":{"@type":"ImageObject","inLanguage":"es","@id":"https:\/\/spanienaktuell.net\/wordpress\/#\/schema\/logo\/image\/","url":"https:\/\/spanienaktuell.net\/wordpress\/wp-content\/uploads\/2019\/06\/cropped-Logo-spanien-aktuell-png-web-e1561631085388.png","contentUrl":"https:\/\/spanienaktuell.net\/wordpress\/wp-content\/uploads\/2019\/06\/cropped-Logo-spanien-aktuell-png-web-e1561631085388.png","width":512,"height":110,"caption":"Spanien aktuell"},"image":{"@id":"https:\/\/spanienaktuell.net\/wordpress\/#\/schema\/logo\/image\/"}},{"@type":"Person","@id":"https:\/\/spanienaktuell.net\/wordpress\/#\/schema\/person\/bc410cfae0161b201d837ebfeeba7fd0","name":"Spanien Aktuell","image":{"@type":"ImageObject","inLanguage":"es","@id":"https:\/\/spanienaktuell.net\/wordpress\/#\/schema\/person\/image\/","url":"https:\/\/spanienaktuell.net\/wordpress\/wp-content\/uploads\/2019\/06\/cropped-Logo-spanien-aktuell-png-fav2-100x100.png","contentUrl":"https:\/\/spanienaktuell.net\/wordpress\/wp-content\/uploads\/2019\/06\/cropped-Logo-spanien-aktuell-png-fav2-100x100.png","caption":"Spanien Aktuell"},"url":"https:\/\/spanienaktuell.net\/wordpress\/author\/koalum\/"}]}},"_links":{"self":[{"href":"https:\/\/spanienaktuell.net\/wordpress\/wp-json\/wp\/v2\/posts\/109991","targetHints":{"allow":["GET"]}}],"collection":[{"href":"https:\/\/spanienaktuell.net\/wordpress\/wp-json\/wp\/v2\/posts"}],"about":[{"href":"https:\/\/spanienaktuell.net\/wordpress\/wp-json\/wp\/v2\/types\/post"}],"author":[{"embeddable":true,"href":"https:\/\/spanienaktuell.net\/wordpress\/wp-json\/wp\/v2\/users\/3"}],"replies":[{"embeddable":true,"href":"https:\/\/spanienaktuell.net\/wordpress\/wp-json\/wp\/v2\/comments?post=109991"}],"version-history":[{"count":1,"href":"https:\/\/spanienaktuell.net\/wordpress\/wp-json\/wp\/v2\/posts\/109991\/revisions"}],"predecessor-version":[{"id":109998,"href":"https:\/\/spanienaktuell.net\/wordpress\/wp-json\/wp\/v2\/posts\/109991\/revisions\/109998"}],"wp:featuredmedia":[{"embeddable":true,"href":"https:\/\/spanienaktuell.net\/wordpress\/wp-json\/wp\/v2\/media\/109992"}],"wp:attachment":[{"href":"https:\/\/spanienaktuell.net\/wordpress\/wp-json\/wp\/v2\/media?parent=109991"}],"wp:term":[{"taxonomy":"category","embeddable":true,"href":"https:\/\/spanienaktuell.net\/wordpress\/wp-json\/wp\/v2\/categories?post=109991"},{"taxonomy":"post_tag","embeddable":true,"href":"https:\/\/spanienaktuell.net\/wordpress\/wp-json\/wp\/v2\/tags?post=109991"}],"curies":[{"name":"wp","href":"https:\/\/api.w.org\/{rel}","templated":true}]}}