{"id":109999,"date":"2026-09-01T00:14:54","date_gmt":"2026-08-31T22:14:54","guid":{"rendered":"https:\/\/spanienaktuell.net\/wordpress\/?p=109999"},"modified":"2026-08-25T11:39:26","modified_gmt":"2026-08-25T09:39:26","slug":"audi-nuvolari-1-001-ps-fur-eine-neue-ara","status":"publish","type":"post","link":"https:\/\/spanienaktuell.net\/wordpress\/audi-nuvolari-1-001-ps-fur-eine-neue-ara\/","title":{"rendered":"Audi Nuvolari \u2013 1.001 PS f\u00fcr eine neue \u00c4ra"},"content":{"rendered":"<p><img decoding=\"async\" class=\"aligncenter size-full wp-image-110007\" src=\"https:\/\/spanienaktuell.net\/wordpress\/wp-content\/uploads\/2026\/08\/A263277_large-copia-scaled.jpg\" alt=\"\" width=\"1440\" height=\"960\" srcset=\"https:\/\/spanienaktuell.net\/wordpress\/wp-content\/uploads\/2026\/08\/A263277_large-copia-scaled.jpg 1440w, https:\/\/spanienaktuell.net\/wordpress\/wp-content\/uploads\/2026\/08\/A263277_large-copia-300x200.jpg 300w, https:\/\/spanienaktuell.net\/wordpress\/wp-content\/uploads\/2026\/08\/A263277_large-copia-1024x683.jpg 1024w, https:\/\/spanienaktuell.net\/wordpress\/wp-content\/uploads\/2026\/08\/A263277_large-copia-768x512.jpg 768w, https:\/\/spanienaktuell.net\/wordpress\/wp-content\/uploads\/2026\/08\/A263277_large-copia-1536x1024.jpg 1536w, https:\/\/spanienaktuell.net\/wordpress\/wp-content\/uploads\/2026\/08\/A263277_large-copia-2048x1365.jpg 2048w, https:\/\/spanienaktuell.net\/wordpress\/wp-content\/uploads\/2026\/08\/A263277_large-copia-350x233.jpg 350w\" sizes=\"(max-width: 1440px) 100vw, 1440px\" \/><\/p>\n<p>Es gibt Automobile, die einfach ein weiteres Modell im Portfolio darstellen. Und es gibt Fahrzeuge, die ein Signal senden. Der neue Audi Nuvolari* geh\u00f6rt zweifellos zur zweiten Kategorie. Mehr als drei Jahre nach dem Ende des R8 kehren die Ingolst\u00e4dter in das Segment der Supersportwagen zur\u00fcck \u2013 mit einem Fahrzeug, das nicht weniger sein soll als das st\u00e4rkste, schnellste und exklusivste Serienmodell in der Geschichte der vier Ringe.<\/p>\n<p><img decoding=\"async\" class=\"aligncenter size-full wp-image-110000\" src=\"https:\/\/spanienaktuell.net\/wordpress\/wp-content\/uploads\/2026\/08\/A263281_large-copia-scaled.jpg\" alt=\"\" width=\"1440\" height=\"960\" srcset=\"https:\/\/spanienaktuell.net\/wordpress\/wp-content\/uploads\/2026\/08\/A263281_large-copia-scaled.jpg 1440w, https:\/\/spanienaktuell.net\/wordpress\/wp-content\/uploads\/2026\/08\/A263281_large-copia-300x200.jpg 300w, https:\/\/spanienaktuell.net\/wordpress\/wp-content\/uploads\/2026\/08\/A263281_large-copia-1024x683.jpg 1024w, https:\/\/spanienaktuell.net\/wordpress\/wp-content\/uploads\/2026\/08\/A263281_large-copia-768x512.jpg 768w, https:\/\/spanienaktuell.net\/wordpress\/wp-content\/uploads\/2026\/08\/A263281_large-copia-1536x1024.jpg 1536w, https:\/\/spanienaktuell.net\/wordpress\/wp-content\/uploads\/2026\/08\/A263281_large-copia-2048x1366.jpg 2048w, https:\/\/spanienaktuell.net\/wordpress\/wp-content\/uploads\/2026\/08\/A263281_large-copia-350x233.jpg 350w\" sizes=\"(max-width: 1440px) 100vw, 1440px\" \/><\/p>\n<p>Mit 1.001 PS Systemleistung, einer H\u00f6chstgeschwindigkeit von \u00fcber 350 km\/h und einer weltweit auf 499 Exemplare limitierten Produktion versteht sich der Nuvolari nicht nur als neues Aush\u00e4ngeschild der Marke. Er ist gleichzeitig ein Bekenntnis zu \u201eVorsprung durch Technik\u201c im elektrifizierten Zeitalter und ein Ausblick auf die Zukunft von Audi.<\/p>\n<p><strong>Ein Name mit Geschichte<\/strong><\/p>\n<p><img decoding=\"async\" class=\"aligncenter size-full wp-image-110010\" src=\"https:\/\/spanienaktuell.net\/wordpress\/wp-content\/uploads\/2026\/08\/A263280_large-scaled.jpg\" alt=\"\" width=\"1440\" height=\"960\" srcset=\"https:\/\/spanienaktuell.net\/wordpress\/wp-content\/uploads\/2026\/08\/A263280_large-scaled.jpg 1440w, https:\/\/spanienaktuell.net\/wordpress\/wp-content\/uploads\/2026\/08\/A263280_large-300x200.jpg 300w, https:\/\/spanienaktuell.net\/wordpress\/wp-content\/uploads\/2026\/08\/A263280_large-1024x683.jpg 1024w, https:\/\/spanienaktuell.net\/wordpress\/wp-content\/uploads\/2026\/08\/A263280_large-768x512.jpg 768w, https:\/\/spanienaktuell.net\/wordpress\/wp-content\/uploads\/2026\/08\/A263280_large-1536x1024.jpg 1536w, https:\/\/spanienaktuell.net\/wordpress\/wp-content\/uploads\/2026\/08\/A263280_large-2048x1365.jpg 2048w, https:\/\/spanienaktuell.net\/wordpress\/wp-content\/uploads\/2026\/08\/A263280_large-350x233.jpg 350w\" sizes=\"(max-width: 1440px) 100vw, 1440px\" \/><\/p>\n<p>Der Name Nuvolari ist eine Hommage an eine der gr\u00f6\u00dften Legenden des Motorsports. Tazio Nuvolari galt als furchtloser Rennfahrer und war f\u00fcr seinen Mut, seinen unbeugsamen Willen und seine au\u00dfergew\u00f6hnlichen F\u00e4higkeiten bekannt. Eigenschaften, die Audi nun auf seinen neuen Supersportwagen \u00fcbertragen m\u00f6chte.<\/p>\n<p>Der Nuvolari ist dabei weit mehr als nur ein Nachfolger des legend\u00e4ren R8. Er markiert den Beginn einer neuen Generation von Hochleistungsfahrzeugen, bei denen Elektrifizierung und Emotion nicht als Gegens\u00e4tze verstanden werden.<\/p>\n<p><strong>Das schnellste Serienfahrzeug, das Audi je gebaut hat<\/strong><\/p>\n<p><img decoding=\"async\" class=\"aligncenter size-full wp-image-110003\" src=\"https:\/\/spanienaktuell.net\/wordpress\/wp-content\/uploads\/2026\/08\/A263221_large-scaled.jpg\" alt=\"\" width=\"1440\" height=\"810\" srcset=\"https:\/\/spanienaktuell.net\/wordpress\/wp-content\/uploads\/2026\/08\/A263221_large-scaled.jpg 1440w, https:\/\/spanienaktuell.net\/wordpress\/wp-content\/uploads\/2026\/08\/A263221_large-300x169.jpg 300w, https:\/\/spanienaktuell.net\/wordpress\/wp-content\/uploads\/2026\/08\/A263221_large-1024x576.jpg 1024w, https:\/\/spanienaktuell.net\/wordpress\/wp-content\/uploads\/2026\/08\/A263221_large-768x432.jpg 768w, https:\/\/spanienaktuell.net\/wordpress\/wp-content\/uploads\/2026\/08\/A263221_large-1536x864.jpg 1536w, https:\/\/spanienaktuell.net\/wordpress\/wp-content\/uploads\/2026\/08\/A263221_large-2048x1152.jpg 2048w, https:\/\/spanienaktuell.net\/wordpress\/wp-content\/uploads\/2026\/08\/A263221_large-350x197.jpg 350w\" sizes=\"(max-width: 1440px) 100vw, 1440px\" \/><\/p>\n<p>1.001 PS. Schon diese Zahl macht deutlich, dass Audi keine halben Sachen macht. Der neue High-Performance-Hybridantrieb kombiniert einen V8-Biturbo mit drei Elektromotoren und entwickelt damit mehr Leistung als jeder Audi zuvor. In nur 2,6 Sekunden sprintet der Supersportwagen auf Tempo 100, nach 6,8 Sekunden sind bereits 200 km\/h erreicht. Erst jenseits der 350-km\/h-Marke endet der Vortrieb. Damit spielt der Nuvolari in einer Liga, die bislang vor allem Ferrari, Lamborghini oder McLaren vorbehalten war.<\/p>\n<p><strong>Formel-1-Technologie f\u00fcr die Stra\u00dfe<\/strong><\/p>\n<p>Die R\u00fcckkehr von Audi in die Formel 1 ist kein Zufall. Viele der dort gewonnenen Erkenntnisse flie\u00dfen direkt in den Nuvolari ein. Aktive Aerodynamik, intelligente Fahrwerksregelung und ein neu entwickeltes quattro predictive ride-System sollen daf\u00fcr sorgen, dass sich die enorme Leistung jederzeit kontrolliert und pr\u00e4zise abrufen l\u00e4sst. Auch der neue Audi Space Frame mit Carbon-Exterieur folgt konsequent dem Prinzip des Leichtbaus. Gewicht sparen, Steifigkeit erh\u00f6hen und maximale Performance erm\u00f6glichen \u2013 genau das war das Ziel der Ingenieure.<\/p>\n<p><strong>Neue Designphilosophie<\/strong><\/p>\n<p>Mit dem Nuvolari beginnt gleichzeitig ein neues Kapitel in der Formensprache der Marke. Die Designer verzichten bewusst auf \u00fcberfl\u00fcssige Effekte und setzen stattdessen auf klare Linien, gespannte Fl\u00e4chen und eine kraftvolle, beinahe monolithische Erscheinung. Jedes Element folgt einer Funktion. Gro\u00dfe Luft\u00f6ffnungen, pr\u00e4zise Kanten und die breite Silhouette verleihen dem Fahrzeug eine enorme Pr\u00e4senz. Dabei wirkt der Nuvolari weniger verspielt als viele italienische Konkurrenten \u2013 eher wie ein technisches Pr\u00e4zisionsinstrument. Audi-Chefdesigner Massimo Frascella beschreibt das Fahrzeug als Verk\u00f6rperung von \u201eVorsprung durch Technik\u201c \u2013 und tats\u00e4chlich scheint jede Linie genau diesem Gedanken zu folgen.<\/p>\n<p><strong>Konzentration auf den Fahrer<\/strong><\/p>\n<p><img decoding=\"async\" class=\"aligncenter size-full wp-image-110006\" src=\"https:\/\/spanienaktuell.net\/wordpress\/wp-content\/uploads\/2026\/08\/A263226_large-scaled.jpg\" alt=\"\" width=\"1440\" height=\"810\" srcset=\"https:\/\/spanienaktuell.net\/wordpress\/wp-content\/uploads\/2026\/08\/A263226_large-scaled.jpg 1440w, https:\/\/spanienaktuell.net\/wordpress\/wp-content\/uploads\/2026\/08\/A263226_large-300x169.jpg 300w, https:\/\/spanienaktuell.net\/wordpress\/wp-content\/uploads\/2026\/08\/A263226_large-1024x576.jpg 1024w, https:\/\/spanienaktuell.net\/wordpress\/wp-content\/uploads\/2026\/08\/A263226_large-768x432.jpg 768w, https:\/\/spanienaktuell.net\/wordpress\/wp-content\/uploads\/2026\/08\/A263226_large-1536x864.jpg 1536w, https:\/\/spanienaktuell.net\/wordpress\/wp-content\/uploads\/2026\/08\/A263226_large-2048x1152.jpg 2048w, https:\/\/spanienaktuell.net\/wordpress\/wp-content\/uploads\/2026\/08\/A263226_large-350x197.jpg 350w\" sizes=\"(max-width: 1440px) 100vw, 1440px\" \/><\/p>\n<p>Auch im Innenraum setzt Audi auf Reduktion. Der Fahrer steht konsequent im Mittelpunkt. Das Cockpit ist klar strukturiert und auf maximale Konzentration ausgelegt. Hochwertige Materialien, eine pr\u00e4zise Verarbeitung und eine bewusst zur\u00fcckhaltende Gestaltung schaffen eine Atmosph\u00e4re, die eher an einen Rennwagen als an ein luxuri\u00f6ses Reisecoup\u00e9 erinnert.<\/p>\n<p>Anstelle einer \u00fcberladenen Digitalwelt konzentriert sich Audi auf das Wesentliche. Alles dient dem Fahrer und dem Erlebnis hinter dem Lenkrad.<\/p>\n<p><img decoding=\"async\" class=\"aligncenter size-full wp-image-110005\" src=\"https:\/\/spanienaktuell.net\/wordpress\/wp-content\/uploads\/2026\/08\/A263225_large-scaled.jpg\" alt=\"\" width=\"1440\" height=\"810\" srcset=\"https:\/\/spanienaktuell.net\/wordpress\/wp-content\/uploads\/2026\/08\/A263225_large-scaled.jpg 1440w, https:\/\/spanienaktuell.net\/wordpress\/wp-content\/uploads\/2026\/08\/A263225_large-300x169.jpg 300w, https:\/\/spanienaktuell.net\/wordpress\/wp-content\/uploads\/2026\/08\/A263225_large-1024x576.jpg 1024w, https:\/\/spanienaktuell.net\/wordpress\/wp-content\/uploads\/2026\/08\/A263225_large-768x432.jpg 768w, https:\/\/spanienaktuell.net\/wordpress\/wp-content\/uploads\/2026\/08\/A263225_large-1536x864.jpg 1536w, https:\/\/spanienaktuell.net\/wordpress\/wp-content\/uploads\/2026\/08\/A263225_large-2048x1152.jpg 2048w, https:\/\/spanienaktuell.net\/wordpress\/wp-content\/uploads\/2026\/08\/A263225_large-350x197.jpg 350w\" sizes=\"(max-width: 1440px) 100vw, 1440px\" \/><\/p>\n<p><strong>Exklusivit\u00e4t als Teil des Konzepts<\/strong><\/p>\n<p><img decoding=\"async\" class=\"aligncenter size-full wp-image-110009\" src=\"https:\/\/spanienaktuell.net\/wordpress\/wp-content\/uploads\/2026\/08\/A263279_large-scaled.jpg\" alt=\"\" width=\"1440\" height=\"960\" srcset=\"https:\/\/spanienaktuell.net\/wordpress\/wp-content\/uploads\/2026\/08\/A263279_large-scaled.jpg 1440w, https:\/\/spanienaktuell.net\/wordpress\/wp-content\/uploads\/2026\/08\/A263279_large-300x200.jpg 300w, https:\/\/spanienaktuell.net\/wordpress\/wp-content\/uploads\/2026\/08\/A263279_large-1024x683.jpg 1024w, https:\/\/spanienaktuell.net\/wordpress\/wp-content\/uploads\/2026\/08\/A263279_large-768x512.jpg 768w, https:\/\/spanienaktuell.net\/wordpress\/wp-content\/uploads\/2026\/08\/A263279_large-1536x1024.jpg 1536w, https:\/\/spanienaktuell.net\/wordpress\/wp-content\/uploads\/2026\/08\/A263279_large-2048x1365.jpg 2048w, https:\/\/spanienaktuell.net\/wordpress\/wp-content\/uploads\/2026\/08\/A263279_large-350x233.jpg 350w\" sizes=\"(max-width: 1440px) 100vw, 1440px\" \/><\/p>\n<p>Mit lediglich 499 Fahrzeugen bleibt der Nuvolari ein \u00e4u\u00dferst seltenes Automobil. Die ersten Kunden sollen ihre Fahrzeuge ab dem ersten Halbjahr 2027 erhalten. Damit bewegt sich Audi bewusst im absoluten High-Performance-Segment und richtet sich an K\u00e4ufer, die das Au\u00dfergew\u00f6hnliche suchen. Der Nuvolari soll nicht nur Begehrlichkeit erzeugen, sondern auch die technologische Kompetenz der Marke unterstreichen. Er ist kein Volumenmodell, sondern ein rollendes Schaufenster dessen, was bei Audi technisch m\u00f6glich ist.<\/p>\n<p><strong>Mehr als ein Supersportwagen<\/strong><\/p>\n<p>Der Audi Nuvolari ist mehr als die R\u00fcckkehr in ein Segment, das viele nach dem Ende des R8 bereits abgeschrieben hatten. Er steht f\u00fcr einen grundlegenden Wandel bei Audi. Elektrifizierung bedeutet hier keinen Verzicht auf Emotionen, sondern wird zum Werkzeug f\u00fcr noch mehr Leistung und Fahrdynamik.<\/p>\n<p>Mit 1.001 PS, modernster Hybridtechnik und einer streng limitierten St\u00fcckzahl tritt der Nuvolari als technischer Leuchtturm auf. Und vielleicht ist genau das seine wichtigste Botschaft: Audi will nicht nur bei Elektromobilit\u00e4t und Digitalisierung vorne mitspielen, sondern auch dort, wo Leidenschaft, Geschwindigkeit und Ingenieurskunst seit jeher zuhause sind.<\/p>\n<p><img decoding=\"async\" class=\"aligncenter size-full wp-image-110008\" src=\"https:\/\/spanienaktuell.net\/wordpress\/wp-content\/uploads\/2026\/08\/A263278_large-scaled.jpg\" alt=\"\" width=\"1440\" height=\"960\" srcset=\"https:\/\/spanienaktuell.net\/wordpress\/wp-content\/uploads\/2026\/08\/A263278_large-scaled.jpg 1440w, https:\/\/spanienaktuell.net\/wordpress\/wp-content\/uploads\/2026\/08\/A263278_large-300x200.jpg 300w, https:\/\/spanienaktuell.net\/wordpress\/wp-content\/uploads\/2026\/08\/A263278_large-1024x683.jpg 1024w, https:\/\/spanienaktuell.net\/wordpress\/wp-content\/uploads\/2026\/08\/A263278_large-768x512.jpg 768w, https:\/\/spanienaktuell.net\/wordpress\/wp-content\/uploads\/2026\/08\/A263278_large-1536x1024.jpg 1536w, https:\/\/spanienaktuell.net\/wordpress\/wp-content\/uploads\/2026\/08\/A263278_large-2048x1365.jpg 2048w, https:\/\/spanienaktuell.net\/wordpress\/wp-content\/uploads\/2026\/08\/A263278_large-350x233.jpg 350w\" sizes=\"(max-width: 1440px) 100vw, 1440px\" \/><\/p>\n<p>Der Nuvolari ist kein Abschied von der klassischen Sportwagenwelt \u2013 er ist ihre Neuinterpretation f\u00fcr eine neue \u00c4ra.<\/p>\n<p>* Das gezeigte Fahrzeug ist ein seriennaher Prototyp. Kraftstoffverbrauch (gewichtet kombiniert): 11,3 l\/100 km (vorl\u00e4ufig); Stromverbrauch (gewichtet kombiniert): 7,8 kWh\/100 km (vorl\u00e4ufig); CO\u2082-Emissionen (gewichtet kombiniert): 270 g\/km (vorl\u00e4ufig); CO\u2082-Klasse (gewichtet kombiniert): G (vorl\u00e4ufig); Kraftstoffverbrauch bei entladener Batterie (kombiniert): 14,7 l\/100 km (vorl\u00e4ufig); CO\u2082-Klasse bei entladener Batterie: G (vorl\u00e4ufig)<\/p>\n<p><em>Quelle:<\/em> <em>AUDI AG | Fotos: Copyright \u00a9 AUDI AG |Redaktion:\u00a0 \u00a9 Spanien aktuell \u2013 Cesar Certier<\/em><\/p>\n","protected":false},"excerpt":{"rendered":"<p>Es gibt Automobile, die einfach ein weiteres Modell im Portfolio darstellen. Und es gibt Fahrzeuge, die ein Signal senden. Der [&hellip;]<\/p>\n","protected":false},"author":3,"featured_media":110007,"comment_status":"closed","ping_status":"closed","sticky":false,"template":"","format":"standard","meta":{"footnotes":""},"categories":[27],"tags":[],"class_list":["post-109999","post","type-post","status-publish","format-standard","has-post-thumbnail","hentry","category-motor"],"yoast_head":"<!-- This site is optimized with the Yoast SEO plugin v27.1.1 - https:\/\/yoast.com\/product\/yoast-seo-wordpress\/ -->\n<title>Audi Nuvolari \u2013 1.001 PS f\u00fcr eine neue \u00c4ra - Spanien aktuell<\/title>\n<meta name=\"robots\" content=\"index, follow, max-snippet:-1, max-image-preview:large, max-video-preview:-1\" \/>\n<link rel=\"canonical\" href=\"https:\/\/spanienaktuell.net\/wordpress\/audi-nuvolari-1-001-ps-fur-eine-neue-ara\/\" \/>\n<meta property=\"og:locale\" content=\"es_ES\" \/>\n<meta property=\"og:type\" content=\"article\" \/>\n<meta property=\"og:title\" content=\"Audi Nuvolari \u2013 1.001 PS f\u00fcr eine neue \u00c4ra - Spanien aktuell\" \/>\n<meta property=\"og:description\" content=\"Es gibt Automobile, die einfach ein weiteres Modell im Portfolio darstellen. Und es gibt Fahrzeuge, die ein Signal senden. Der [&hellip;]\" \/>\n<meta property=\"og:url\" content=\"https:\/\/spanienaktuell.net\/wordpress\/audi-nuvolari-1-001-ps-fur-eine-neue-ara\/\" \/>\n<meta property=\"og:site_name\" content=\"Spanien aktuell\" \/>\n<meta property=\"article:published_time\" content=\"2026-08-31T22:14:54+00:00\" \/>\n<meta property=\"og:image\" content=\"https:\/\/spanienaktuell.net\/wordpress\/wp-content\/uploads\/2026\/08\/A263277_large-copia-scaled.jpg\" \/>\n\t<meta property=\"og:image:width\" content=\"1440\" \/>\n\t<meta property=\"og:image:height\" content=\"960\" \/>\n\t<meta property=\"og:image:type\" content=\"image\/jpeg\" \/>\n<meta name=\"author\" content=\"Spanien Aktuell\" \/>\n<meta name=\"twitter:card\" content=\"summary_large_image\" \/>\n<meta name=\"twitter:label1\" content=\"Escrito por\" \/>\n\t<meta name=\"twitter:data1\" content=\"Spanien Aktuell\" \/>\n\t<meta name=\"twitter:label2\" content=\"Tiempo de lectura\" \/>\n\t<meta name=\"twitter:data2\" content=\"6 minutos\" \/>\n<script type=\"application\/ld+json\" class=\"yoast-schema-graph\">{\"@context\":\"https:\/\/schema.org\",\"@graph\":[{\"@type\":\"Article\",\"@id\":\"https:\/\/spanienaktuell.net\/wordpress\/audi-nuvolari-1-001-ps-fur-eine-neue-ara\/#article\",\"isPartOf\":{\"@id\":\"https:\/\/spanienaktuell.net\/wordpress\/audi-nuvolari-1-001-ps-fur-eine-neue-ara\/\"},\"author\":{\"name\":\"Spanien Aktuell\",\"@id\":\"https:\/\/spanienaktuell.net\/wordpress\/#\/schema\/person\/bc410cfae0161b201d837ebfeeba7fd0\"},\"headline\":\"Audi Nuvolari \u2013 1.001 PS f\u00fcr eine neue \u00c4ra\",\"datePublished\":\"2026-08-31T22:14:54+00:00\",\"mainEntityOfPage\":{\"@id\":\"https:\/\/spanienaktuell.net\/wordpress\/audi-nuvolari-1-001-ps-fur-eine-neue-ara\/\"},\"wordCount\":821,\"publisher\":{\"@id\":\"https:\/\/spanienaktuell.net\/wordpress\/#organization\"},\"image\":{\"@id\":\"https:\/\/spanienaktuell.net\/wordpress\/audi-nuvolari-1-001-ps-fur-eine-neue-ara\/#primaryimage\"},\"thumbnailUrl\":\"https:\/\/spanienaktuell.net\/wordpress\/wp-content\/uploads\/2026\/08\/A263277_large-copia-scaled.jpg\",\"articleSection\":[\"Motor\"],\"inLanguage\":\"es\"},{\"@type\":\"WebPage\",\"@id\":\"https:\/\/spanienaktuell.net\/wordpress\/audi-nuvolari-1-001-ps-fur-eine-neue-ara\/\",\"url\":\"https:\/\/spanienaktuell.net\/wordpress\/audi-nuvolari-1-001-ps-fur-eine-neue-ara\/\",\"name\":\"Audi Nuvolari \u2013 1.001 PS f\u00fcr eine neue \u00c4ra - Spanien aktuell\",\"isPartOf\":{\"@id\":\"https:\/\/spanienaktuell.net\/wordpress\/#website\"},\"primaryImageOfPage\":{\"@id\":\"https:\/\/spanienaktuell.net\/wordpress\/audi-nuvolari-1-001-ps-fur-eine-neue-ara\/#primaryimage\"},\"image\":{\"@id\":\"https:\/\/spanienaktuell.net\/wordpress\/audi-nuvolari-1-001-ps-fur-eine-neue-ara\/#primaryimage\"},\"thumbnailUrl\":\"https:\/\/spanienaktuell.net\/wordpress\/wp-content\/uploads\/2026\/08\/A263277_large-copia-scaled.jpg\",\"datePublished\":\"2026-08-31T22:14:54+00:00\",\"breadcrumb\":{\"@id\":\"https:\/\/spanienaktuell.net\/wordpress\/audi-nuvolari-1-001-ps-fur-eine-neue-ara\/#breadcrumb\"},\"inLanguage\":\"es\",\"potentialAction\":[{\"@type\":\"ReadAction\",\"target\":[\"https:\/\/spanienaktuell.net\/wordpress\/audi-nuvolari-1-001-ps-fur-eine-neue-ara\/\"]}]},{\"@type\":\"ImageObject\",\"inLanguage\":\"es\",\"@id\":\"https:\/\/spanienaktuell.net\/wordpress\/audi-nuvolari-1-001-ps-fur-eine-neue-ara\/#primaryimage\",\"url\":\"https:\/\/spanienaktuell.net\/wordpress\/wp-content\/uploads\/2026\/08\/A263277_large-copia-scaled.jpg\",\"contentUrl\":\"https:\/\/spanienaktuell.net\/wordpress\/wp-content\/uploads\/2026\/08\/A263277_large-copia-scaled.jpg\",\"width\":1440,\"height\":960},{\"@type\":\"BreadcrumbList\",\"@id\":\"https:\/\/spanienaktuell.net\/wordpress\/audi-nuvolari-1-001-ps-fur-eine-neue-ara\/#breadcrumb\",\"itemListElement\":[{\"@type\":\"ListItem\",\"position\":1,\"name\":\"Portada\",\"item\":\"https:\/\/spanienaktuell.net\/wordpress\/\"},{\"@type\":\"ListItem\",\"position\":2,\"name\":\"Audi Nuvolari \u2013 1.001 PS f\u00fcr eine neue \u00c4ra\"}]},{\"@type\":\"WebSite\",\"@id\":\"https:\/\/spanienaktuell.net\/wordpress\/#website\",\"url\":\"https:\/\/spanienaktuell.net\/wordpress\/\",\"name\":\"Spanien aktuell\",\"description\":\"The German magazine number 1 on the Costa del Sol\",\"publisher\":{\"@id\":\"https:\/\/spanienaktuell.net\/wordpress\/#organization\"},\"potentialAction\":[{\"@type\":\"SearchAction\",\"target\":{\"@type\":\"EntryPoint\",\"urlTemplate\":\"https:\/\/spanienaktuell.net\/wordpress\/?s={search_term_string}\"},\"query-input\":{\"@type\":\"PropertyValueSpecification\",\"valueRequired\":true,\"valueName\":\"search_term_string\"}}],\"inLanguage\":\"es\"},{\"@type\":\"Organization\",\"@id\":\"https:\/\/spanienaktuell.net\/wordpress\/#organization\",\"name\":\"Spanien aktuell\",\"url\":\"https:\/\/spanienaktuell.net\/wordpress\/\",\"logo\":{\"@type\":\"ImageObject\",\"inLanguage\":\"es\",\"@id\":\"https:\/\/spanienaktuell.net\/wordpress\/#\/schema\/logo\/image\/\",\"url\":\"https:\/\/spanienaktuell.net\/wordpress\/wp-content\/uploads\/2019\/06\/cropped-Logo-spanien-aktuell-png-web-e1561631085388.png\",\"contentUrl\":\"https:\/\/spanienaktuell.net\/wordpress\/wp-content\/uploads\/2019\/06\/cropped-Logo-spanien-aktuell-png-web-e1561631085388.png\",\"width\":512,\"height\":110,\"caption\":\"Spanien aktuell\"},\"image\":{\"@id\":\"https:\/\/spanienaktuell.net\/wordpress\/#\/schema\/logo\/image\/\"}},{\"@type\":\"Person\",\"@id\":\"https:\/\/spanienaktuell.net\/wordpress\/#\/schema\/person\/bc410cfae0161b201d837ebfeeba7fd0\",\"name\":\"Spanien Aktuell\",\"image\":{\"@type\":\"ImageObject\",\"inLanguage\":\"es\",\"@id\":\"https:\/\/spanienaktuell.net\/wordpress\/#\/schema\/person\/image\/\",\"url\":\"https:\/\/spanienaktuell.net\/wordpress\/wp-content\/uploads\/2019\/06\/cropped-Logo-spanien-aktuell-png-fav2-100x100.png\",\"contentUrl\":\"https:\/\/spanienaktuell.net\/wordpress\/wp-content\/uploads\/2019\/06\/cropped-Logo-spanien-aktuell-png-fav2-100x100.png\",\"caption\":\"Spanien Aktuell\"},\"url\":\"https:\/\/spanienaktuell.net\/wordpress\/author\/koalum\/\"}]}<\/script>\n<!-- \/ Yoast SEO plugin. -->","yoast_head_json":{"title":"Audi Nuvolari \u2013 1.001 PS f\u00fcr eine neue \u00c4ra - Spanien aktuell","robots":{"index":"index","follow":"follow","max-snippet":"max-snippet:-1","max-image-preview":"max-image-preview:large","max-video-preview":"max-video-preview:-1"},"canonical":"https:\/\/spanienaktuell.net\/wordpress\/audi-nuvolari-1-001-ps-fur-eine-neue-ara\/","og_locale":"es_ES","og_type":"article","og_title":"Audi Nuvolari \u2013 1.001 PS f\u00fcr eine neue \u00c4ra - Spanien aktuell","og_description":"Es gibt Automobile, die einfach ein weiteres Modell im Portfolio darstellen. Und es gibt Fahrzeuge, die ein Signal senden. Der [&hellip;]","og_url":"https:\/\/spanienaktuell.net\/wordpress\/audi-nuvolari-1-001-ps-fur-eine-neue-ara\/","og_site_name":"Spanien aktuell","article_published_time":"2026-08-31T22:14:54+00:00","og_image":[{"width":1440,"height":960,"url":"https:\/\/spanienaktuell.net\/wordpress\/wp-content\/uploads\/2026\/08\/A263277_large-copia-scaled.jpg","type":"image\/jpeg"}],"author":"Spanien Aktuell","twitter_card":"summary_large_image","twitter_misc":{"Escrito por":"Spanien Aktuell","Tiempo de lectura":"6 minutos"},"schema":{"@context":"https:\/\/schema.org","@graph":[{"@type":"Article","@id":"https:\/\/spanienaktuell.net\/wordpress\/audi-nuvolari-1-001-ps-fur-eine-neue-ara\/#article","isPartOf":{"@id":"https:\/\/spanienaktuell.net\/wordpress\/audi-nuvolari-1-001-ps-fur-eine-neue-ara\/"},"author":{"name":"Spanien Aktuell","@id":"https:\/\/spanienaktuell.net\/wordpress\/#\/schema\/person\/bc410cfae0161b201d837ebfeeba7fd0"},"headline":"Audi Nuvolari \u2013 1.001 PS f\u00fcr eine neue \u00c4ra","datePublished":"2026-08-31T22:14:54+00:00","mainEntityOfPage":{"@id":"https:\/\/spanienaktuell.net\/wordpress\/audi-nuvolari-1-001-ps-fur-eine-neue-ara\/"},"wordCount":821,"publisher":{"@id":"https:\/\/spanienaktuell.net\/wordpress\/#organization"},"image":{"@id":"https:\/\/spanienaktuell.net\/wordpress\/audi-nuvolari-1-001-ps-fur-eine-neue-ara\/#primaryimage"},"thumbnailUrl":"https:\/\/spanienaktuell.net\/wordpress\/wp-content\/uploads\/2026\/08\/A263277_large-copia-scaled.jpg","articleSection":["Motor"],"inLanguage":"es"},{"@type":"WebPage","@id":"https:\/\/spanienaktuell.net\/wordpress\/audi-nuvolari-1-001-ps-fur-eine-neue-ara\/","url":"https:\/\/spanienaktuell.net\/wordpress\/audi-nuvolari-1-001-ps-fur-eine-neue-ara\/","name":"Audi Nuvolari \u2013 1.001 PS f\u00fcr eine neue \u00c4ra - Spanien aktuell","isPartOf":{"@id":"https:\/\/spanienaktuell.net\/wordpress\/#website"},"primaryImageOfPage":{"@id":"https:\/\/spanienaktuell.net\/wordpress\/audi-nuvolari-1-001-ps-fur-eine-neue-ara\/#primaryimage"},"image":{"@id":"https:\/\/spanienaktuell.net\/wordpress\/audi-nuvolari-1-001-ps-fur-eine-neue-ara\/#primaryimage"},"thumbnailUrl":"https:\/\/spanienaktuell.net\/wordpress\/wp-content\/uploads\/2026\/08\/A263277_large-copia-scaled.jpg","datePublished":"2026-08-31T22:14:54+00:00","breadcrumb":{"@id":"https:\/\/spanienaktuell.net\/wordpress\/audi-nuvolari-1-001-ps-fur-eine-neue-ara\/#breadcrumb"},"inLanguage":"es","potentialAction":[{"@type":"ReadAction","target":["https:\/\/spanienaktuell.net\/wordpress\/audi-nuvolari-1-001-ps-fur-eine-neue-ara\/"]}]},{"@type":"ImageObject","inLanguage":"es","@id":"https:\/\/spanienaktuell.net\/wordpress\/audi-nuvolari-1-001-ps-fur-eine-neue-ara\/#primaryimage","url":"https:\/\/spanienaktuell.net\/wordpress\/wp-content\/uploads\/2026\/08\/A263277_large-copia-scaled.jpg","contentUrl":"https:\/\/spanienaktuell.net\/wordpress\/wp-content\/uploads\/2026\/08\/A263277_large-copia-scaled.jpg","width":1440,"height":960},{"@type":"BreadcrumbList","@id":"https:\/\/spanienaktuell.net\/wordpress\/audi-nuvolari-1-001-ps-fur-eine-neue-ara\/#breadcrumb","itemListElement":[{"@type":"ListItem","position":1,"name":"Portada","item":"https:\/\/spanienaktuell.net\/wordpress\/"},{"@type":"ListItem","position":2,"name":"Audi Nuvolari \u2013 1.001 PS f\u00fcr eine neue \u00c4ra"}]},{"@type":"WebSite","@id":"https:\/\/spanienaktuell.net\/wordpress\/#website","url":"https:\/\/spanienaktuell.net\/wordpress\/","name":"Spanien aktuell","description":"The German magazine number 1 on the Costa del Sol","publisher":{"@id":"https:\/\/spanienaktuell.net\/wordpress\/#organization"},"potentialAction":[{"@type":"SearchAction","target":{"@type":"EntryPoint","urlTemplate":"https:\/\/spanienaktuell.net\/wordpress\/?s={search_term_string}"},"query-input":{"@type":"PropertyValueSpecification","valueRequired":true,"valueName":"search_term_string"}}],"inLanguage":"es"},{"@type":"Organization","@id":"https:\/\/spanienaktuell.net\/wordpress\/#organization","name":"Spanien aktuell","url":"https:\/\/spanienaktuell.net\/wordpress\/","logo":{"@type":"ImageObject","inLanguage":"es","@id":"https:\/\/spanienaktuell.net\/wordpress\/#\/schema\/logo\/image\/","url":"https:\/\/spanienaktuell.net\/wordpress\/wp-content\/uploads\/2019\/06\/cropped-Logo-spanien-aktuell-png-web-e1561631085388.png","contentUrl":"https:\/\/spanienaktuell.net\/wordpress\/wp-content\/uploads\/2019\/06\/cropped-Logo-spanien-aktuell-png-web-e1561631085388.png","width":512,"height":110,"caption":"Spanien aktuell"},"image":{"@id":"https:\/\/spanienaktuell.net\/wordpress\/#\/schema\/logo\/image\/"}},{"@type":"Person","@id":"https:\/\/spanienaktuell.net\/wordpress\/#\/schema\/person\/bc410cfae0161b201d837ebfeeba7fd0","name":"Spanien Aktuell","image":{"@type":"ImageObject","inLanguage":"es","@id":"https:\/\/spanienaktuell.net\/wordpress\/#\/schema\/person\/image\/","url":"https:\/\/spanienaktuell.net\/wordpress\/wp-content\/uploads\/2019\/06\/cropped-Logo-spanien-aktuell-png-fav2-100x100.png","contentUrl":"https:\/\/spanienaktuell.net\/wordpress\/wp-content\/uploads\/2019\/06\/cropped-Logo-spanien-aktuell-png-fav2-100x100.png","caption":"Spanien Aktuell"},"url":"https:\/\/spanienaktuell.net\/wordpress\/author\/koalum\/"}]}},"_links":{"self":[{"href":"https:\/\/spanienaktuell.net\/wordpress\/wp-json\/wp\/v2\/posts\/109999","targetHints":{"allow":["GET"]}}],"collection":[{"href":"https:\/\/spanienaktuell.net\/wordpress\/wp-json\/wp\/v2\/posts"}],"about":[{"href":"https:\/\/spanienaktuell.net\/wordpress\/wp-json\/wp\/v2\/types\/post"}],"author":[{"embeddable":true,"href":"https:\/\/spanienaktuell.net\/wordpress\/wp-json\/wp\/v2\/users\/3"}],"replies":[{"embeddable":true,"href":"https:\/\/spanienaktuell.net\/wordpress\/wp-json\/wp\/v2\/comments?post=109999"}],"version-history":[{"count":1,"href":"https:\/\/spanienaktuell.net\/wordpress\/wp-json\/wp\/v2\/posts\/109999\/revisions"}],"predecessor-version":[{"id":110011,"href":"https:\/\/spanienaktuell.net\/wordpress\/wp-json\/wp\/v2\/posts\/109999\/revisions\/110011"}],"wp:featuredmedia":[{"embeddable":true,"href":"https:\/\/spanienaktuell.net\/wordpress\/wp-json\/wp\/v2\/media\/110007"}],"wp:attachment":[{"href":"https:\/\/spanienaktuell.net\/wordpress\/wp-json\/wp\/v2\/media?parent=109999"}],"wp:term":[{"taxonomy":"category","embeddable":true,"href":"https:\/\/spanienaktuell.net\/wordpress\/wp-json\/wp\/v2\/categories?post=109999"},{"taxonomy":"post_tag","embeddable":true,"href":"https:\/\/spanienaktuell.net\/wordpress\/wp-json\/wp\/v2\/tags?post=109999"}],"curies":[{"name":"wp","href":"https:\/\/api.w.org\/{rel}","templated":true}]}}