{"id":110012,"date":"2026-09-01T00:10:43","date_gmt":"2026-08-31T22:10:43","guid":{"rendered":"https:\/\/spanienaktuell.net\/wordpress\/?p=110012"},"modified":"2026-08-25T11:05:59","modified_gmt":"2026-08-25T09:05:59","slug":"die-vermullung-der-ozeane-ist-auser-kontrolle-geraten","status":"publish","type":"post","link":"https:\/\/spanienaktuell.net\/wordpress\/die-vermullung-der-ozeane-ist-auser-kontrolle-geraten\/","title":{"rendered":"Die Verm\u00fcllung der Ozeane ist au\u00dfer Kontrolle geraten"},"content":{"rendered":"<figure id=\"attachment_110013\" aria-describedby=\"caption-attachment-110013\" style=\"width: 1440px\" class=\"wp-caption aligncenter\"><img decoding=\"async\" class=\"size-full wp-image-110013\" src=\"https:\/\/spanienaktuell.net\/wordpress\/wp-content\/uploads\/2026\/08\/DelfinmitPlastik-FotoDWA-scaled.jpg\" alt=\"\" width=\"1440\" height=\"810\" srcset=\"https:\/\/spanienaktuell.net\/wordpress\/wp-content\/uploads\/2026\/08\/DelfinmitPlastik-FotoDWA-scaled.jpg 1440w, https:\/\/spanienaktuell.net\/wordpress\/wp-content\/uploads\/2026\/08\/DelfinmitPlastik-FotoDWA-300x169.jpg 300w, https:\/\/spanienaktuell.net\/wordpress\/wp-content\/uploads\/2026\/08\/DelfinmitPlastik-FotoDWA-1024x576.jpg 1024w, https:\/\/spanienaktuell.net\/wordpress\/wp-content\/uploads\/2026\/08\/DelfinmitPlastik-FotoDWA-768x432.jpg 768w, https:\/\/spanienaktuell.net\/wordpress\/wp-content\/uploads\/2026\/08\/DelfinmitPlastik-FotoDWA-1536x864.jpg 1536w, https:\/\/spanienaktuell.net\/wordpress\/wp-content\/uploads\/2026\/08\/DelfinmitPlastik-FotoDWA-350x197.jpg 350w\" sizes=\"(max-width: 1440px) 100vw, 1440px\" \/><figcaption id=\"caption-attachment-110013\" class=\"wp-caption-text\">Foto &#8211; Delfin Mit Plastik an R\u00fcckenflosse \u00a9 Dolphin Watch Alliance<\/figcaption><\/figure>\n<h3 style=\"text-align: center;\">GRD fordert mit Positionspapier entschlossenes politisches Handeln gegen die Plastikflut!<\/h3>\n<p>Die Verschmutzung der Meere hat ein dramatisches Ausma\u00df erreicht: J\u00e4hrlich gelangen weltweit bis zu 23 Millionen Tonnen Plastik in die Gew\u00e4sser \u2013 mit verheerenden Folgen f\u00fcr die marinen \u00d6kosysteme und damit auch f\u00fcr unsere Lebensgrundlagen. Die Gesellschaft zur Rettung der Delphine e.V. (GRD) hat dem Bundesumweltministerium ein umfassendes Positionspapier vorgelegt und fordert entschlossene politische Ma\u00dfnahmen, anstatt die wissenschaftlichen Erkenntnisse zu ignorieren und eine Ausweitung der Umweltkatastrophe in Kauf zu nehmen.<\/p>\n<p>Ein Wal mit 24 Kilogramm Plastik im Magen. Ein Delfin, dessen Atemwege durch eine Plastikt\u00fcte blockiert sind. Mikroplastik, welches mit Plankton das Fundament marinen Lebens bedroht. Diese F\u00e4lle sind keine Ausnahmen, sondern stehen stellvertretend f\u00fcr eine globale Krise. Die Kontamination der Meere mit Plastik ist neben der Klimakrise und dem Verlust der Biodiversit\u00e4t die dritte gro\u00dfe Umweltkrise unserer Zeit und verdeutlicht gleichzeitig das Versagen der Politik \u2013 zuletzt beim Scheitern des so dringend erforderlichen globalen Plastikabkommens im August vergangenen Jahres.<\/p>\n<p>Obwohl die Ursachen bekannt und die Folgen gravierend sind, fehlt es weiterhin an verbindlichen und wirksamen Ma\u00dfnahmen. \u201eWir ersticken die Meere in Plastik und reden uns ein, Recycling w\u00fcrde das Problem l\u00f6sen. Die Wahrheit lautet: Wir produzieren weiter Kunststoffe, als g\u00e4be es kein Morgen\u201c, betont Sigmar Solbach, 1. Vorsitzender der GRD.<\/p>\n<p><strong>Plastik verursacht eskalierende Umweltkrise<\/strong><\/p>\n<figure id=\"attachment_110014\" aria-describedby=\"caption-attachment-110014\" style=\"width: 1440px\" class=\"wp-caption aligncenter\"><img decoding=\"async\" class=\"size-full wp-image-110014\" src=\"https:\/\/spanienaktuell.net\/wordpress\/wp-content\/uploads\/2026\/08\/Delfin_mit_Plastikeinschnuerung_von_DWA-scaled.jpg\" alt=\"\" width=\"1440\" height=\"810\" srcset=\"https:\/\/spanienaktuell.net\/wordpress\/wp-content\/uploads\/2026\/08\/Delfin_mit_Plastikeinschnuerung_von_DWA-scaled.jpg 1440w, https:\/\/spanienaktuell.net\/wordpress\/wp-content\/uploads\/2026\/08\/Delfin_mit_Plastikeinschnuerung_von_DWA-300x169.jpg 300w, https:\/\/spanienaktuell.net\/wordpress\/wp-content\/uploads\/2026\/08\/Delfin_mit_Plastikeinschnuerung_von_DWA-1024x576.jpg 1024w, https:\/\/spanienaktuell.net\/wordpress\/wp-content\/uploads\/2026\/08\/Delfin_mit_Plastikeinschnuerung_von_DWA-768x432.jpg 768w, https:\/\/spanienaktuell.net\/wordpress\/wp-content\/uploads\/2026\/08\/Delfin_mit_Plastikeinschnuerung_von_DWA-1536x864.jpg 1536w, https:\/\/spanienaktuell.net\/wordpress\/wp-content\/uploads\/2026\/08\/Delfin_mit_Plastikeinschnuerung_von_DWA-350x197.jpg 350w\" sizes=\"(max-width: 1440px) 100vw, 1440px\" \/><figcaption id=\"caption-attachment-110014\" class=\"wp-caption-text\">Foto &#8211; Delfin mit Plastikeinschn\u00fcrung \u00a9 Dolphin Watch Alliance<\/figcaption><\/figure>\n<p>Plastik befindet sich heute in allen Meeresregionen \u2013 von der Wasseroberfl\u00e4che bis zur Tiefsee. Einmal dort angekommen, zersetzt es sich im Laufe der Zeit zu Mikroplastik und belastet f\u00fcr Jahrzehnte die Meeresumwelt. Von Kleinstlebewesen wie Plankton bis zum Blauwal gibt es kein Entkommen. Bedroht werden nicht nur s\u00e4mtliche Meeresorganismen, sondern die Funktion ganzer \u00d6kosysteme. Die Folge: Auch die f\u00fcr uns Menschen so lebenswichtigen \u00d6kosystemleistungen der Ozeane wie Sauerstoffproduktion, Nahrungsversorgung und Klimaregulation werden negativ beeinflusst.<\/p>\n<p>Vor diesem Hintergrund und Prognosen, die bis zum Jahr 2050 noch einmal von einer Verdopplung der weltweit produzierten Kunststoffe ausgehen steckt die Welt l\u00e4ngst in einer eskalierenden Umweltkrise, deren Dimensionen kaum zu \u00fcberblicken sind. Die Gesellschaft zur Rettung der Delphine e.V. nimmt daher die Bundesregierung in die Pflicht und fordert die Einnahme einer F\u00fchrungsrolle bei der Bek\u00e4mpfung der Plastikflut. Dies beinhaltet neben dem Einsatz f\u00fcr ein ambitioniertes und rechtlich verbindliches UN-Plastikabkommen auch die konsequente Umsetzung bestehender EU-Vorgaben auf nationaler Ebene.<\/p>\n<p><strong>GRD fordert verbindliche Ma\u00dfnahmen seitens der Politik<\/strong><\/p>\n<p>\u201eDer aktuelle Zustand der Meeresumwelt verdeutlicht schonungslos die unzureichende Wirkung bisheriger Ma\u00dfnahmen. Ohne konkrete und verbindliche Ma\u00dfnahmen auf nationaler, EU- und globaler Ebene wird sich die Plastikkrise weiter versch\u00e4rfen. Es drohen irreversible Sch\u00e4den f\u00fcr die marine Biodiversit\u00e4t und die Lebensgrundlagen der Menschen\u201c, erkl\u00e4rt die GRD-Biologin Kira Heinemann.<\/p>\n<p>Das Positionspapier der GRD finden Sie hier als <span style=\"color: #0000ff;\"><a style=\"color: #0000ff;\" href=\"https:\/\/www.delphinschutz.org\/wp-content\/uploads\/2026\/05\/GRD-Positionspapier-Plastik-.pdf\">Download.<\/a><\/span><\/p>\n<p><em>Quelle: Rettung der Delphine e.V. <\/em><span style=\"color: #0000ff;\"><a style=\"color: #0000ff;\" href=\"http:\/\/www.delphinschutz.org\"><em>http:\/\/www.delphinschutz.org<\/em><\/a><\/span><\/p>\n","protected":false},"excerpt":{"rendered":"<p>GRD fordert mit Positionspapier entschlossenes politisches Handeln gegen die Plastikflut! Die Verschmutzung der Meere hat ein dramatisches Ausma\u00df erreicht: J\u00e4hrlich [&hellip;]<\/p>\n","protected":false},"author":3,"featured_media":110013,"comment_status":"closed","ping_status":"closed","sticky":false,"template":"","format":"standard","meta":{"footnotes":""},"categories":[31],"tags":[],"class_list":["post-110012","post","type-post","status-publish","format-standard","has-post-thumbnail","hentry","category-reise"],"yoast_head":"<!-- This site is optimized with the Yoast SEO plugin v27.1.1 - https:\/\/yoast.com\/product\/yoast-seo-wordpress\/ -->\n<title>Die Verm\u00fcllung der Ozeane ist au\u00dfer Kontrolle geraten - Spanien aktuell<\/title>\n<meta name=\"robots\" content=\"index, follow, max-snippet:-1, max-image-preview:large, max-video-preview:-1\" \/>\n<link rel=\"canonical\" href=\"https:\/\/spanienaktuell.net\/wordpress\/die-vermullung-der-ozeane-ist-auser-kontrolle-geraten\/\" \/>\n<meta property=\"og:locale\" content=\"es_ES\" \/>\n<meta property=\"og:type\" content=\"article\" \/>\n<meta property=\"og:title\" content=\"Die Verm\u00fcllung der Ozeane ist au\u00dfer Kontrolle geraten - Spanien aktuell\" \/>\n<meta property=\"og:description\" content=\"GRD fordert mit Positionspapier entschlossenes politisches Handeln gegen die Plastikflut! Die Verschmutzung der Meere hat ein dramatisches Ausma\u00df erreicht: J\u00e4hrlich [&hellip;]\" \/>\n<meta property=\"og:url\" content=\"https:\/\/spanienaktuell.net\/wordpress\/die-vermullung-der-ozeane-ist-auser-kontrolle-geraten\/\" \/>\n<meta property=\"og:site_name\" content=\"Spanien aktuell\" \/>\n<meta property=\"article:published_time\" content=\"2026-08-31T22:10:43+00:00\" \/>\n<meta property=\"og:image\" content=\"https:\/\/spanienaktuell.net\/wordpress\/wp-content\/uploads\/2026\/08\/DelfinmitPlastik-FotoDWA-scaled.jpg\" \/>\n\t<meta property=\"og:image:width\" content=\"1440\" \/>\n\t<meta property=\"og:image:height\" content=\"810\" \/>\n\t<meta property=\"og:image:type\" content=\"image\/jpeg\" \/>\n<meta name=\"author\" content=\"Spanien Aktuell\" \/>\n<meta name=\"twitter:card\" content=\"summary_large_image\" \/>\n<meta name=\"twitter:label1\" content=\"Escrito por\" \/>\n\t<meta name=\"twitter:data1\" content=\"Spanien Aktuell\" \/>\n\t<meta name=\"twitter:label2\" content=\"Tiempo de lectura\" \/>\n\t<meta name=\"twitter:data2\" content=\"3 minutos\" \/>\n<script type=\"application\/ld+json\" class=\"yoast-schema-graph\">{\"@context\":\"https:\/\/schema.org\",\"@graph\":[{\"@type\":\"Article\",\"@id\":\"https:\/\/spanienaktuell.net\/wordpress\/die-vermullung-der-ozeane-ist-auser-kontrolle-geraten\/#article\",\"isPartOf\":{\"@id\":\"https:\/\/spanienaktuell.net\/wordpress\/die-vermullung-der-ozeane-ist-auser-kontrolle-geraten\/\"},\"author\":{\"name\":\"Spanien Aktuell\",\"@id\":\"https:\/\/spanienaktuell.net\/wordpress\/#\/schema\/person\/bc410cfae0161b201d837ebfeeba7fd0\"},\"headline\":\"Die Verm\u00fcllung der Ozeane ist au\u00dfer Kontrolle geraten\",\"datePublished\":\"2026-08-31T22:10:43+00:00\",\"mainEntityOfPage\":{\"@id\":\"https:\/\/spanienaktuell.net\/wordpress\/die-vermullung-der-ozeane-ist-auser-kontrolle-geraten\/\"},\"wordCount\":511,\"publisher\":{\"@id\":\"https:\/\/spanienaktuell.net\/wordpress\/#organization\"},\"image\":{\"@id\":\"https:\/\/spanienaktuell.net\/wordpress\/die-vermullung-der-ozeane-ist-auser-kontrolle-geraten\/#primaryimage\"},\"thumbnailUrl\":\"https:\/\/spanienaktuell.net\/wordpress\/wp-content\/uploads\/2026\/08\/DelfinmitPlastik-FotoDWA-scaled.jpg\",\"articleSection\":[\"Reise\"],\"inLanguage\":\"es\"},{\"@type\":\"WebPage\",\"@id\":\"https:\/\/spanienaktuell.net\/wordpress\/die-vermullung-der-ozeane-ist-auser-kontrolle-geraten\/\",\"url\":\"https:\/\/spanienaktuell.net\/wordpress\/die-vermullung-der-ozeane-ist-auser-kontrolle-geraten\/\",\"name\":\"Die Verm\u00fcllung der Ozeane ist au\u00dfer Kontrolle geraten - Spanien aktuell\",\"isPartOf\":{\"@id\":\"https:\/\/spanienaktuell.net\/wordpress\/#website\"},\"primaryImageOfPage\":{\"@id\":\"https:\/\/spanienaktuell.net\/wordpress\/die-vermullung-der-ozeane-ist-auser-kontrolle-geraten\/#primaryimage\"},\"image\":{\"@id\":\"https:\/\/spanienaktuell.net\/wordpress\/die-vermullung-der-ozeane-ist-auser-kontrolle-geraten\/#primaryimage\"},\"thumbnailUrl\":\"https:\/\/spanienaktuell.net\/wordpress\/wp-content\/uploads\/2026\/08\/DelfinmitPlastik-FotoDWA-scaled.jpg\",\"datePublished\":\"2026-08-31T22:10:43+00:00\",\"breadcrumb\":{\"@id\":\"https:\/\/spanienaktuell.net\/wordpress\/die-vermullung-der-ozeane-ist-auser-kontrolle-geraten\/#breadcrumb\"},\"inLanguage\":\"es\",\"potentialAction\":[{\"@type\":\"ReadAction\",\"target\":[\"https:\/\/spanienaktuell.net\/wordpress\/die-vermullung-der-ozeane-ist-auser-kontrolle-geraten\/\"]}]},{\"@type\":\"ImageObject\",\"inLanguage\":\"es\",\"@id\":\"https:\/\/spanienaktuell.net\/wordpress\/die-vermullung-der-ozeane-ist-auser-kontrolle-geraten\/#primaryimage\",\"url\":\"https:\/\/spanienaktuell.net\/wordpress\/wp-content\/uploads\/2026\/08\/DelfinmitPlastik-FotoDWA-scaled.jpg\",\"contentUrl\":\"https:\/\/spanienaktuell.net\/wordpress\/wp-content\/uploads\/2026\/08\/DelfinmitPlastik-FotoDWA-scaled.jpg\",\"width\":1440,\"height\":810,\"caption\":\"Foto - Delfin Mit Plastik an R\u00fcckenflosse \u00a9 Dolphin Watch Alliance\"},{\"@type\":\"BreadcrumbList\",\"@id\":\"https:\/\/spanienaktuell.net\/wordpress\/die-vermullung-der-ozeane-ist-auser-kontrolle-geraten\/#breadcrumb\",\"itemListElement\":[{\"@type\":\"ListItem\",\"position\":1,\"name\":\"Portada\",\"item\":\"https:\/\/spanienaktuell.net\/wordpress\/\"},{\"@type\":\"ListItem\",\"position\":2,\"name\":\"Die Verm\u00fcllung der Ozeane ist au\u00dfer Kontrolle geraten\"}]},{\"@type\":\"WebSite\",\"@id\":\"https:\/\/spanienaktuell.net\/wordpress\/#website\",\"url\":\"https:\/\/spanienaktuell.net\/wordpress\/\",\"name\":\"Spanien aktuell\",\"description\":\"The German magazine number 1 on the Costa del Sol\",\"publisher\":{\"@id\":\"https:\/\/spanienaktuell.net\/wordpress\/#organization\"},\"potentialAction\":[{\"@type\":\"SearchAction\",\"target\":{\"@type\":\"EntryPoint\",\"urlTemplate\":\"https:\/\/spanienaktuell.net\/wordpress\/?s={search_term_string}\"},\"query-input\":{\"@type\":\"PropertyValueSpecification\",\"valueRequired\":true,\"valueName\":\"search_term_string\"}}],\"inLanguage\":\"es\"},{\"@type\":\"Organization\",\"@id\":\"https:\/\/spanienaktuell.net\/wordpress\/#organization\",\"name\":\"Spanien aktuell\",\"url\":\"https:\/\/spanienaktuell.net\/wordpress\/\",\"logo\":{\"@type\":\"ImageObject\",\"inLanguage\":\"es\",\"@id\":\"https:\/\/spanienaktuell.net\/wordpress\/#\/schema\/logo\/image\/\",\"url\":\"https:\/\/spanienaktuell.net\/wordpress\/wp-content\/uploads\/2019\/06\/cropped-Logo-spanien-aktuell-png-web-e1561631085388.png\",\"contentUrl\":\"https:\/\/spanienaktuell.net\/wordpress\/wp-content\/uploads\/2019\/06\/cropped-Logo-spanien-aktuell-png-web-e1561631085388.png\",\"width\":512,\"height\":110,\"caption\":\"Spanien aktuell\"},\"image\":{\"@id\":\"https:\/\/spanienaktuell.net\/wordpress\/#\/schema\/logo\/image\/\"}},{\"@type\":\"Person\",\"@id\":\"https:\/\/spanienaktuell.net\/wordpress\/#\/schema\/person\/bc410cfae0161b201d837ebfeeba7fd0\",\"name\":\"Spanien Aktuell\",\"image\":{\"@type\":\"ImageObject\",\"inLanguage\":\"es\",\"@id\":\"https:\/\/spanienaktuell.net\/wordpress\/#\/schema\/person\/image\/\",\"url\":\"https:\/\/spanienaktuell.net\/wordpress\/wp-content\/uploads\/2019\/06\/cropped-Logo-spanien-aktuell-png-fav2-100x100.png\",\"contentUrl\":\"https:\/\/spanienaktuell.net\/wordpress\/wp-content\/uploads\/2019\/06\/cropped-Logo-spanien-aktuell-png-fav2-100x100.png\",\"caption\":\"Spanien Aktuell\"},\"url\":\"https:\/\/spanienaktuell.net\/wordpress\/author\/koalum\/\"}]}<\/script>\n<!-- \/ Yoast SEO plugin. -->","yoast_head_json":{"title":"Die Verm\u00fcllung der Ozeane ist au\u00dfer Kontrolle geraten - Spanien aktuell","robots":{"index":"index","follow":"follow","max-snippet":"max-snippet:-1","max-image-preview":"max-image-preview:large","max-video-preview":"max-video-preview:-1"},"canonical":"https:\/\/spanienaktuell.net\/wordpress\/die-vermullung-der-ozeane-ist-auser-kontrolle-geraten\/","og_locale":"es_ES","og_type":"article","og_title":"Die Verm\u00fcllung der Ozeane ist au\u00dfer Kontrolle geraten - Spanien aktuell","og_description":"GRD fordert mit Positionspapier entschlossenes politisches Handeln gegen die Plastikflut! Die Verschmutzung der Meere hat ein dramatisches Ausma\u00df erreicht: J\u00e4hrlich [&hellip;]","og_url":"https:\/\/spanienaktuell.net\/wordpress\/die-vermullung-der-ozeane-ist-auser-kontrolle-geraten\/","og_site_name":"Spanien aktuell","article_published_time":"2026-08-31T22:10:43+00:00","og_image":[{"width":1440,"height":810,"url":"https:\/\/spanienaktuell.net\/wordpress\/wp-content\/uploads\/2026\/08\/DelfinmitPlastik-FotoDWA-scaled.jpg","type":"image\/jpeg"}],"author":"Spanien Aktuell","twitter_card":"summary_large_image","twitter_misc":{"Escrito por":"Spanien Aktuell","Tiempo de lectura":"3 minutos"},"schema":{"@context":"https:\/\/schema.org","@graph":[{"@type":"Article","@id":"https:\/\/spanienaktuell.net\/wordpress\/die-vermullung-der-ozeane-ist-auser-kontrolle-geraten\/#article","isPartOf":{"@id":"https:\/\/spanienaktuell.net\/wordpress\/die-vermullung-der-ozeane-ist-auser-kontrolle-geraten\/"},"author":{"name":"Spanien Aktuell","@id":"https:\/\/spanienaktuell.net\/wordpress\/#\/schema\/person\/bc410cfae0161b201d837ebfeeba7fd0"},"headline":"Die Verm\u00fcllung der Ozeane ist au\u00dfer Kontrolle geraten","datePublished":"2026-08-31T22:10:43+00:00","mainEntityOfPage":{"@id":"https:\/\/spanienaktuell.net\/wordpress\/die-vermullung-der-ozeane-ist-auser-kontrolle-geraten\/"},"wordCount":511,"publisher":{"@id":"https:\/\/spanienaktuell.net\/wordpress\/#organization"},"image":{"@id":"https:\/\/spanienaktuell.net\/wordpress\/die-vermullung-der-ozeane-ist-auser-kontrolle-geraten\/#primaryimage"},"thumbnailUrl":"https:\/\/spanienaktuell.net\/wordpress\/wp-content\/uploads\/2026\/08\/DelfinmitPlastik-FotoDWA-scaled.jpg","articleSection":["Reise"],"inLanguage":"es"},{"@type":"WebPage","@id":"https:\/\/spanienaktuell.net\/wordpress\/die-vermullung-der-ozeane-ist-auser-kontrolle-geraten\/","url":"https:\/\/spanienaktuell.net\/wordpress\/die-vermullung-der-ozeane-ist-auser-kontrolle-geraten\/","name":"Die Verm\u00fcllung der Ozeane ist au\u00dfer Kontrolle geraten - Spanien aktuell","isPartOf":{"@id":"https:\/\/spanienaktuell.net\/wordpress\/#website"},"primaryImageOfPage":{"@id":"https:\/\/spanienaktuell.net\/wordpress\/die-vermullung-der-ozeane-ist-auser-kontrolle-geraten\/#primaryimage"},"image":{"@id":"https:\/\/spanienaktuell.net\/wordpress\/die-vermullung-der-ozeane-ist-auser-kontrolle-geraten\/#primaryimage"},"thumbnailUrl":"https:\/\/spanienaktuell.net\/wordpress\/wp-content\/uploads\/2026\/08\/DelfinmitPlastik-FotoDWA-scaled.jpg","datePublished":"2026-08-31T22:10:43+00:00","breadcrumb":{"@id":"https:\/\/spanienaktuell.net\/wordpress\/die-vermullung-der-ozeane-ist-auser-kontrolle-geraten\/#breadcrumb"},"inLanguage":"es","potentialAction":[{"@type":"ReadAction","target":["https:\/\/spanienaktuell.net\/wordpress\/die-vermullung-der-ozeane-ist-auser-kontrolle-geraten\/"]}]},{"@type":"ImageObject","inLanguage":"es","@id":"https:\/\/spanienaktuell.net\/wordpress\/die-vermullung-der-ozeane-ist-auser-kontrolle-geraten\/#primaryimage","url":"https:\/\/spanienaktuell.net\/wordpress\/wp-content\/uploads\/2026\/08\/DelfinmitPlastik-FotoDWA-scaled.jpg","contentUrl":"https:\/\/spanienaktuell.net\/wordpress\/wp-content\/uploads\/2026\/08\/DelfinmitPlastik-FotoDWA-scaled.jpg","width":1440,"height":810,"caption":"Foto - Delfin Mit Plastik an R\u00fcckenflosse \u00a9 Dolphin Watch Alliance"},{"@type":"BreadcrumbList","@id":"https:\/\/spanienaktuell.net\/wordpress\/die-vermullung-der-ozeane-ist-auser-kontrolle-geraten\/#breadcrumb","itemListElement":[{"@type":"ListItem","position":1,"name":"Portada","item":"https:\/\/spanienaktuell.net\/wordpress\/"},{"@type":"ListItem","position":2,"name":"Die Verm\u00fcllung der Ozeane ist au\u00dfer Kontrolle geraten"}]},{"@type":"WebSite","@id":"https:\/\/spanienaktuell.net\/wordpress\/#website","url":"https:\/\/spanienaktuell.net\/wordpress\/","name":"Spanien aktuell","description":"The German magazine number 1 on the Costa del Sol","publisher":{"@id":"https:\/\/spanienaktuell.net\/wordpress\/#organization"},"potentialAction":[{"@type":"SearchAction","target":{"@type":"EntryPoint","urlTemplate":"https:\/\/spanienaktuell.net\/wordpress\/?s={search_term_string}"},"query-input":{"@type":"PropertyValueSpecification","valueRequired":true,"valueName":"search_term_string"}}],"inLanguage":"es"},{"@type":"Organization","@id":"https:\/\/spanienaktuell.net\/wordpress\/#organization","name":"Spanien aktuell","url":"https:\/\/spanienaktuell.net\/wordpress\/","logo":{"@type":"ImageObject","inLanguage":"es","@id":"https:\/\/spanienaktuell.net\/wordpress\/#\/schema\/logo\/image\/","url":"https:\/\/spanienaktuell.net\/wordpress\/wp-content\/uploads\/2019\/06\/cropped-Logo-spanien-aktuell-png-web-e1561631085388.png","contentUrl":"https:\/\/spanienaktuell.net\/wordpress\/wp-content\/uploads\/2019\/06\/cropped-Logo-spanien-aktuell-png-web-e1561631085388.png","width":512,"height":110,"caption":"Spanien aktuell"},"image":{"@id":"https:\/\/spanienaktuell.net\/wordpress\/#\/schema\/logo\/image\/"}},{"@type":"Person","@id":"https:\/\/spanienaktuell.net\/wordpress\/#\/schema\/person\/bc410cfae0161b201d837ebfeeba7fd0","name":"Spanien Aktuell","image":{"@type":"ImageObject","inLanguage":"es","@id":"https:\/\/spanienaktuell.net\/wordpress\/#\/schema\/person\/image\/","url":"https:\/\/spanienaktuell.net\/wordpress\/wp-content\/uploads\/2019\/06\/cropped-Logo-spanien-aktuell-png-fav2-100x100.png","contentUrl":"https:\/\/spanienaktuell.net\/wordpress\/wp-content\/uploads\/2019\/06\/cropped-Logo-spanien-aktuell-png-fav2-100x100.png","caption":"Spanien Aktuell"},"url":"https:\/\/spanienaktuell.net\/wordpress\/author\/koalum\/"}]}},"_links":{"self":[{"href":"https:\/\/spanienaktuell.net\/wordpress\/wp-json\/wp\/v2\/posts\/110012","targetHints":{"allow":["GET"]}}],"collection":[{"href":"https:\/\/spanienaktuell.net\/wordpress\/wp-json\/wp\/v2\/posts"}],"about":[{"href":"https:\/\/spanienaktuell.net\/wordpress\/wp-json\/wp\/v2\/types\/post"}],"author":[{"embeddable":true,"href":"https:\/\/spanienaktuell.net\/wordpress\/wp-json\/wp\/v2\/users\/3"}],"replies":[{"embeddable":true,"href":"https:\/\/spanienaktuell.net\/wordpress\/wp-json\/wp\/v2\/comments?post=110012"}],"version-history":[{"count":1,"href":"https:\/\/spanienaktuell.net\/wordpress\/wp-json\/wp\/v2\/posts\/110012\/revisions"}],"predecessor-version":[{"id":110015,"href":"https:\/\/spanienaktuell.net\/wordpress\/wp-json\/wp\/v2\/posts\/110012\/revisions\/110015"}],"wp:featuredmedia":[{"embeddable":true,"href":"https:\/\/spanienaktuell.net\/wordpress\/wp-json\/wp\/v2\/media\/110013"}],"wp:attachment":[{"href":"https:\/\/spanienaktuell.net\/wordpress\/wp-json\/wp\/v2\/media?parent=110012"}],"wp:term":[{"taxonomy":"category","embeddable":true,"href":"https:\/\/spanienaktuell.net\/wordpress\/wp-json\/wp\/v2\/categories?post=110012"},{"taxonomy":"post_tag","embeddable":true,"href":"https:\/\/spanienaktuell.net\/wordpress\/wp-json\/wp\/v2\/tags?post=110012"}],"curies":[{"name":"wp","href":"https:\/\/api.w.org\/{rel}","templated":true}]}}