{"id":110016,"date":"2026-09-01T00:17:11","date_gmt":"2026-08-31T22:17:11","guid":{"rendered":"https:\/\/spanienaktuell.net\/wordpress\/?p=110016"},"modified":"2026-08-25T11:39:39","modified_gmt":"2026-08-25T09:39:39","slug":"andalusiens-wilde-seiten","status":"publish","type":"post","link":"https:\/\/spanienaktuell.net\/wordpress\/andalusiens-wilde-seiten\/","title":{"rendered":"Andalusiens wilde Seiten"},"content":{"rendered":"<figure id=\"attachment_110017\" aria-describedby=\"caption-attachment-110017\" style=\"width: 1440px\" class=\"wp-caption aligncenter\"><img decoding=\"async\" class=\"size-full wp-image-110017\" src=\"https:\/\/spanienaktuell.net\/wordpress\/wp-content\/uploads\/2026\/08\/854735-7-scaled.jpg\" alt=\"\" width=\"1440\" height=\"943\" srcset=\"https:\/\/spanienaktuell.net\/wordpress\/wp-content\/uploads\/2026\/08\/854735-7-scaled.jpg 1440w, https:\/\/spanienaktuell.net\/wordpress\/wp-content\/uploads\/2026\/08\/854735-7-300x196.jpg 300w, https:\/\/spanienaktuell.net\/wordpress\/wp-content\/uploads\/2026\/08\/854735-7-1024x671.jpg 1024w, https:\/\/spanienaktuell.net\/wordpress\/wp-content\/uploads\/2026\/08\/854735-7-768x503.jpg 768w, https:\/\/spanienaktuell.net\/wordpress\/wp-content\/uploads\/2026\/08\/854735-7-1536x1006.jpg 1536w, https:\/\/spanienaktuell.net\/wordpress\/wp-content\/uploads\/2026\/08\/854735-7-2048x1341.jpg 2048w, https:\/\/spanienaktuell.net\/wordpress\/wp-content\/uploads\/2026\/08\/854735-7-350x229.jpg 350w\" sizes=\"(max-width: 1440px) 100vw, 1440px\" \/><figcaption id=\"caption-attachment-110017\" class=\"wp-caption-text\">Foto \u2013 Cabo de Gata<\/figcaption><\/figure>\n<h3 style=\"text-align: center;\"><em>Zwischen wilden K\u00fcsten, tiefen Schluchten und Landschaften, die es so nur einmal gibt<\/em><\/h3>\n<p>Wer an Andalusien denkt, hat oft wei\u00dfe D\u00f6rfer oder die Alhambra vor Augen. Doch abseits der bekannten Sehensw\u00fcrdigkeiten verbirgt sich eine Landschaft, die in Europa ihresgleichen sucht. Schroffe Gebirge treffen auf stille Lagunen, bizarre Felsformationen auf uralte H\u00f6hlen und weite W\u00fcsten. Kaum eine andere Region vereint auf vergleichsweise kleinem Raum eine derart beeindruckende Vielfalt.<\/p>\n<p><img decoding=\"async\" class=\"aligncenter size-full wp-image-110025\" src=\"https:\/\/spanienaktuell.net\/wordpress\/wp-content\/uploads\/2026\/08\/854735-15-scaled.jpg\" alt=\"\" width=\"1440\" height=\"960\" srcset=\"https:\/\/spanienaktuell.net\/wordpress\/wp-content\/uploads\/2026\/08\/854735-15-scaled.jpg 1440w, https:\/\/spanienaktuell.net\/wordpress\/wp-content\/uploads\/2026\/08\/854735-15-300x200.jpg 300w, https:\/\/spanienaktuell.net\/wordpress\/wp-content\/uploads\/2026\/08\/854735-15-1024x683.jpg 1024w, https:\/\/spanienaktuell.net\/wordpress\/wp-content\/uploads\/2026\/08\/854735-15-768x512.jpg 768w, https:\/\/spanienaktuell.net\/wordpress\/wp-content\/uploads\/2026\/08\/854735-15-1536x1024.jpg 1536w, https:\/\/spanienaktuell.net\/wordpress\/wp-content\/uploads\/2026\/08\/854735-15-2048x1365.jpg 2048w, https:\/\/spanienaktuell.net\/wordpress\/wp-content\/uploads\/2026\/08\/854735-15-350x233.jpg 350w\" sizes=\"(max-width: 1440px) 100vw, 1440px\" \/><\/p>\n<p>Viele dieser Naturwunder sind \u00fcber Millionen von Jahren entstanden. Wind, Wasser und Zeit haben Landschaften geformt, die heute zu den eindrucksvollsten Spaniens z\u00e4hlen. Einige lassen sich auf gut ausgebauten Wanderwegen erkunden, andere erschlie\u00dfen sich erst im Rahmen einer gef\u00fchrten Tour. Gemeinsam zeigen sie Andalusien von einer Seite, die selbst viele Stammurlauber \u00fcberrascht. Wir nehmen Sie mit zu einigen der au\u00dfergew\u00f6hnlichsten Naturwunder der Region \u2013 zu Orten, an denen Geologie, Geschichte und Landschaft auf faszinierende Weise verschmelzen.<\/p>\n<p><strong>Caminito del Rey \u2013 Wandern zwischen Himmel und Fels<\/strong><\/p>\n<figure id=\"attachment_110030\" aria-describedby=\"caption-attachment-110030\" style=\"width: 1440px\" class=\"wp-caption aligncenter\"><img decoding=\"async\" class=\"size-full wp-image-110030\" src=\"https:\/\/spanienaktuell.net\/wordpress\/wp-content\/uploads\/2026\/08\/Caminito-del-Rey-Foto-Pixabay-Makalu-spain-7240635_1920-scaled.jpg\" alt=\"\" width=\"1440\" height=\"954\" srcset=\"https:\/\/spanienaktuell.net\/wordpress\/wp-content\/uploads\/2026\/08\/Caminito-del-Rey-Foto-Pixabay-Makalu-spain-7240635_1920-scaled.jpg 1440w, https:\/\/spanienaktuell.net\/wordpress\/wp-content\/uploads\/2026\/08\/Caminito-del-Rey-Foto-Pixabay-Makalu-spain-7240635_1920-300x199.jpg 300w, https:\/\/spanienaktuell.net\/wordpress\/wp-content\/uploads\/2026\/08\/Caminito-del-Rey-Foto-Pixabay-Makalu-spain-7240635_1920-1024x678.jpg 1024w, https:\/\/spanienaktuell.net\/wordpress\/wp-content\/uploads\/2026\/08\/Caminito-del-Rey-Foto-Pixabay-Makalu-spain-7240635_1920-768x509.jpg 768w, https:\/\/spanienaktuell.net\/wordpress\/wp-content\/uploads\/2026\/08\/Caminito-del-Rey-Foto-Pixabay-Makalu-spain-7240635_1920-1536x1018.jpg 1536w, https:\/\/spanienaktuell.net\/wordpress\/wp-content\/uploads\/2026\/08\/Caminito-del-Rey-Foto-Pixabay-Makalu-spain-7240635_1920-350x232.jpg 350w\" sizes=\"(max-width: 1440px) 100vw, 1440px\" \/><figcaption id=\"caption-attachment-110030\" class=\"wp-caption-text\">Foto: Pixabay<\/figcaption><\/figure>\n<p>Es gibt Wanderwege \u2013 und es gibt den Caminito del Rey. Hoch \u00fcber der Schlucht des Guadalhorce f\u00fchrt der schmale Steg entlang senkrechter Felsw\u00e4nde und er\u00f6ffnet Ausblicke, die selbst erfahrene Wanderer beeindrucken. Anfang des 20. Jahrhunderts entstand der Weg als Verbindung zwischen zwei Wasserkraftwerken. Jahrzehntelang galt er als einer der gef\u00e4hrlichsten Wanderwege der Welt, bevor er aufwendig restauriert und zu einer der bekanntesten Naturattraktionen Andalusiens ausgebaut wurde. Heute f\u00fchren moderne Stege sicher durch enge Schluchten, \u00fcber spektakul\u00e4re H\u00e4ngebr\u00fccken und zu eindrucksvollen Aussichtspunkten im Naturpark Desfiladero de los Gaitanes.<\/p>\n<figure id=\"attachment_110018\" aria-describedby=\"caption-attachment-110018\" style=\"width: 1440px\" class=\"wp-caption aligncenter\"><img decoding=\"async\" class=\"size-full wp-image-110018\" src=\"https:\/\/spanienaktuell.net\/wordpress\/wp-content\/uploads\/2026\/08\/854735-8-scaled.jpg\" alt=\"\" width=\"1440\" height=\"1080\" srcset=\"https:\/\/spanienaktuell.net\/wordpress\/wp-content\/uploads\/2026\/08\/854735-8-scaled.jpg 1440w, https:\/\/spanienaktuell.net\/wordpress\/wp-content\/uploads\/2026\/08\/854735-8-300x225.jpg 300w, https:\/\/spanienaktuell.net\/wordpress\/wp-content\/uploads\/2026\/08\/854735-8-1024x768.jpg 1024w, https:\/\/spanienaktuell.net\/wordpress\/wp-content\/uploads\/2026\/08\/854735-8-768x576.jpg 768w, https:\/\/spanienaktuell.net\/wordpress\/wp-content\/uploads\/2026\/08\/854735-8-1536x1152.jpg 1536w, https:\/\/spanienaktuell.net\/wordpress\/wp-content\/uploads\/2026\/08\/854735-8-350x263.jpg 350w\" sizes=\"(max-width: 1440px) 100vw, 1440px\" \/><figcaption id=\"caption-attachment-110018\" class=\"wp-caption-text\">Foto Pixabay &#8211; Alejandrocuencac<\/figcaption><\/figure>\n<p>Trotz seiner Bekanntheit hat der Caminito nichts von seiner Faszination verloren. Wer ihn fr\u00fch am Morgen oder au\u00dferhalb der Hauptsaison besucht, erlebt eine \u00fcberraschende Ruhe \u2013 begleitet vom Wind, kreisenden Greifv\u00f6geln und dem Rauschen des Flusses tief unter den Felsen.<\/p>\n<p><strong>Torcal de Antequera \u2013 Als die Natur zum Bildhauer wurde<\/strong><\/p>\n<p><img decoding=\"async\" class=\"aligncenter size-full wp-image-110020\" src=\"https:\/\/spanienaktuell.net\/wordpress\/wp-content\/uploads\/2026\/08\/854735-10-scaled.jpg\" alt=\"\" width=\"1440\" height=\"960\" srcset=\"https:\/\/spanienaktuell.net\/wordpress\/wp-content\/uploads\/2026\/08\/854735-10-scaled.jpg 1440w, https:\/\/spanienaktuell.net\/wordpress\/wp-content\/uploads\/2026\/08\/854735-10-300x200.jpg 300w, https:\/\/spanienaktuell.net\/wordpress\/wp-content\/uploads\/2026\/08\/854735-10-1024x683.jpg 1024w, https:\/\/spanienaktuell.net\/wordpress\/wp-content\/uploads\/2026\/08\/854735-10-768x512.jpg 768w, https:\/\/spanienaktuell.net\/wordpress\/wp-content\/uploads\/2026\/08\/854735-10-1536x1024.jpg 1536w, https:\/\/spanienaktuell.net\/wordpress\/wp-content\/uploads\/2026\/08\/854735-10-2048x1365.jpg 2048w, https:\/\/spanienaktuell.net\/wordpress\/wp-content\/uploads\/2026\/08\/854735-10-350x233.jpg 350w\" sizes=\"(max-width: 1440px) 100vw, 1440px\" \/><\/p>\n<p>Nur wenige Kilometer von Antequera entfernt erhebt sich eine Landschaft, die beinahe au\u00dferirdisch wirkt. Gewaltige Kalksteinformationen ragen wie \u00fcbereinandergestapelte Felsen in den Himmel und bilden eine der au\u00dfergew\u00f6hnlichsten Karstlandschaften Europas.<\/p>\n<p>\u00dcber Millionen Jahre haben Regen, Wind und Temperaturschwankungen den einstigen Meeresboden in ein Labyrinth aus Felst\u00fcrmen, schmalen Durchg\u00e4ngen und bizarren Gesteinsformationen verwandelt. Je nach Lichteinfall entstehen immer neue Silhouetten, die an Tiere oder monumentale Skulpturen erinnern.<\/p>\n<figure id=\"attachment_110026\" aria-describedby=\"caption-attachment-110026\" style=\"width: 1440px\" class=\"wp-caption aligncenter\"><img decoding=\"async\" class=\"size-full wp-image-110026\" src=\"https:\/\/spanienaktuell.net\/wordpress\/wp-content\/uploads\/2026\/08\/854735-16-scaled.jpg\" alt=\"\" width=\"1440\" height=\"960\" srcset=\"https:\/\/spanienaktuell.net\/wordpress\/wp-content\/uploads\/2026\/08\/854735-16-scaled.jpg 1440w, https:\/\/spanienaktuell.net\/wordpress\/wp-content\/uploads\/2026\/08\/854735-16-300x200.jpg 300w, https:\/\/spanienaktuell.net\/wordpress\/wp-content\/uploads\/2026\/08\/854735-16-1024x683.jpg 1024w, https:\/\/spanienaktuell.net\/wordpress\/wp-content\/uploads\/2026\/08\/854735-16-768x512.jpg 768w, https:\/\/spanienaktuell.net\/wordpress\/wp-content\/uploads\/2026\/08\/854735-16-1536x1024.jpg 1536w, https:\/\/spanienaktuell.net\/wordpress\/wp-content\/uploads\/2026\/08\/854735-16-2048x1365.jpg 2048w, https:\/\/spanienaktuell.net\/wordpress\/wp-content\/uploads\/2026\/08\/854735-16-350x233.jpg 350w\" sizes=\"(max-width: 1440px) 100vw, 1440px\" \/><figcaption id=\"caption-attachment-110026\" class=\"wp-caption-text\">Foto Pixabay &#8211; Enrique<\/figcaption><\/figure>\n<p>Mehrere gut ausgeschilderte Wanderwege f\u00fchren durch den Naturpark und er\u00f6ffnen immer wieder weite Ausblicke \u00fcber Berge und Ebenen. Mit etwas Gl\u00fcck lassen sich dabei Steinb\u00f6cke oder G\u00e4nsegeier beobachten. Nur wenige Kilometer entfernt wartet bereits das n\u00e4chste au\u00dfergew\u00f6hnliche Zeugnis der Vergangenheit.<\/p>\n<p><strong>Die Dolmen von Antequera \u2013 Meisterwerke der Jungsteinzeit<\/strong><\/p>\n<figure id=\"attachment_110031\" aria-describedby=\"caption-attachment-110031\" style=\"width: 1440px\" class=\"wp-caption aligncenter\"><img decoding=\"async\" class=\"size-full wp-image-110031\" src=\"https:\/\/spanienaktuell.net\/wordpress\/wp-content\/uploads\/2026\/08\/Dolmen-Foto-Pixabay-Hugo-Gonzalez-dolmen-6227190_1920-scaled.jpg\" alt=\"\" width=\"1440\" height=\"810\" srcset=\"https:\/\/spanienaktuell.net\/wordpress\/wp-content\/uploads\/2026\/08\/Dolmen-Foto-Pixabay-Hugo-Gonzalez-dolmen-6227190_1920-scaled.jpg 1440w, https:\/\/spanienaktuell.net\/wordpress\/wp-content\/uploads\/2026\/08\/Dolmen-Foto-Pixabay-Hugo-Gonzalez-dolmen-6227190_1920-300x169.jpg 300w, https:\/\/spanienaktuell.net\/wordpress\/wp-content\/uploads\/2026\/08\/Dolmen-Foto-Pixabay-Hugo-Gonzalez-dolmen-6227190_1920-1024x576.jpg 1024w, https:\/\/spanienaktuell.net\/wordpress\/wp-content\/uploads\/2026\/08\/Dolmen-Foto-Pixabay-Hugo-Gonzalez-dolmen-6227190_1920-768x432.jpg 768w, https:\/\/spanienaktuell.net\/wordpress\/wp-content\/uploads\/2026\/08\/Dolmen-Foto-Pixabay-Hugo-Gonzalez-dolmen-6227190_1920-1536x864.jpg 1536w, https:\/\/spanienaktuell.net\/wordpress\/wp-content\/uploads\/2026\/08\/Dolmen-Foto-Pixabay-Hugo-Gonzalez-dolmen-6227190_1920-350x197.jpg 350w\" sizes=\"(max-width: 1440px) 100vw, 1440px\" \/><figcaption id=\"caption-attachment-110031\" class=\"wp-caption-text\">Foto Pixabay &#8211; Hugo Gonz\u00e1lez<\/figcaption><\/figure>\n<p>Lange bevor in Andalusien Burgen, St\u00e4dte oder Kirchen entstanden, errichteten Menschen hier monumentale Bauwerke aus gewaltigen Steinbl\u00f6cken. Die Dolmen von Menga, Viera und El Romeral geh\u00f6ren heute zum UNESCO-Welterbe und z\u00e4hlen zu den bedeutendsten Megalithanlagen Europas.<\/p>\n<figure id=\"attachment_110028\" aria-describedby=\"caption-attachment-110028\" style=\"width: 1440px\" class=\"wp-caption aligncenter\"><img decoding=\"async\" class=\"size-full wp-image-110028\" src=\"https:\/\/spanienaktuell.net\/wordpress\/wp-content\/uploads\/2026\/08\/AdobeStock_466793271-scaled.jpeg\" alt=\"\" width=\"1440\" height=\"960\" srcset=\"https:\/\/spanienaktuell.net\/wordpress\/wp-content\/uploads\/2026\/08\/AdobeStock_466793271-scaled.jpeg 1440w, https:\/\/spanienaktuell.net\/wordpress\/wp-content\/uploads\/2026\/08\/AdobeStock_466793271-300x200.jpeg 300w, https:\/\/spanienaktuell.net\/wordpress\/wp-content\/uploads\/2026\/08\/AdobeStock_466793271-1024x683.jpeg 1024w, https:\/\/spanienaktuell.net\/wordpress\/wp-content\/uploads\/2026\/08\/AdobeStock_466793271-768x512.jpeg 768w, https:\/\/spanienaktuell.net\/wordpress\/wp-content\/uploads\/2026\/08\/AdobeStock_466793271-1536x1024.jpeg 1536w, https:\/\/spanienaktuell.net\/wordpress\/wp-content\/uploads\/2026\/08\/AdobeStock_466793271-2048x1365.jpeg 2048w, https:\/\/spanienaktuell.net\/wordpress\/wp-content\/uploads\/2026\/08\/AdobeStock_466793271-350x233.jpeg 350w\" sizes=\"(max-width: 1440px) 100vw, 1440px\" \/><figcaption id=\"caption-attachment-110028\" class=\"wp-caption-text\">Foto Adobestock<\/figcaption><\/figure>\n<p>Besonders beeindruckend ist der Dolmen von Menga. Seine Decksteine wiegen teilweise mehr als hundert Tonnen und wurden ohne moderne Technik erstaunlich pr\u00e4zise aufgerichtet. Bis heute geben Bauweise und ungew\u00f6hnliche Ausrichtung der Anlage den Forschenden R\u00e4tsel auf.<\/p>\n<p>Torcal und Dolmen erg\u00e4nzen sich auf einzigartige Weise. Innerhalb weniger Kilometer treffen Millionen Jahre Erdgeschichte auf einige der \u00e4ltesten Bauwerke Europas.<\/p>\n<p><strong>Cabo de Gata \u2013 Andalusiens wilde Mittelmeerk\u00fcste<\/strong><\/p>\n<p><img decoding=\"async\" class=\"aligncenter size-full wp-image-110023\" src=\"https:\/\/spanienaktuell.net\/wordpress\/wp-content\/uploads\/2026\/08\/854735-13-scaled.jpg\" alt=\"\" width=\"1440\" height=\"720\" srcset=\"https:\/\/spanienaktuell.net\/wordpress\/wp-content\/uploads\/2026\/08\/854735-13-scaled.jpg 1440w, https:\/\/spanienaktuell.net\/wordpress\/wp-content\/uploads\/2026\/08\/854735-13-300x150.jpg 300w, https:\/\/spanienaktuell.net\/wordpress\/wp-content\/uploads\/2026\/08\/854735-13-1024x512.jpg 1024w, https:\/\/spanienaktuell.net\/wordpress\/wp-content\/uploads\/2026\/08\/854735-13-768x384.jpg 768w, https:\/\/spanienaktuell.net\/wordpress\/wp-content\/uploads\/2026\/08\/854735-13-1536x768.jpg 1536w, https:\/\/spanienaktuell.net\/wordpress\/wp-content\/uploads\/2026\/08\/854735-13-2048x1024.jpg 2048w, https:\/\/spanienaktuell.net\/wordpress\/wp-content\/uploads\/2026\/08\/854735-13-350x175.jpg 350w\" sizes=\"(max-width: 1440px) 100vw, 1440px\" \/><\/p>\n<p>Der Naturpark Cabo de Gata-N\u00edjar geh\u00f6rt zu den urspr\u00fcnglichsten K\u00fcstenlandschaften Spaniens. Vulkanische Felsen, versteckte Buchten und lange Sandstr\u00e4nde pr\u00e4gen eine K\u00fcste, die ihren nat\u00fcrlichen Charakter bis heute bewahrt hat.<\/p>\n<p>Helle D\u00fcnen wechseln sich mit dunklen Lavagesteinen ab, kleine Fischerd\u00f6rfer schmiegen sich an schroffe Klippen, w\u00e4hrend das Mittelmeer in intensiven Blau- und T\u00fcrkist\u00f6nen leuchtet. Zu den bekanntesten Str\u00e4nden z\u00e4hlen der Playa de los Genoveses und der Playa de M\u00f3nsul, die bereits mehrfach als Filmkulisse dienten.<\/p>\n<p><img decoding=\"async\" class=\"aligncenter size-full wp-image-110021\" src=\"https:\/\/spanienaktuell.net\/wordpress\/wp-content\/uploads\/2026\/08\/854735-11-scaled.jpg\" alt=\"\" width=\"1440\" height=\"1080\" srcset=\"https:\/\/spanienaktuell.net\/wordpress\/wp-content\/uploads\/2026\/08\/854735-11-scaled.jpg 1440w, https:\/\/spanienaktuell.net\/wordpress\/wp-content\/uploads\/2026\/08\/854735-11-300x225.jpg 300w, https:\/\/spanienaktuell.net\/wordpress\/wp-content\/uploads\/2026\/08\/854735-11-1024x768.jpg 1024w, https:\/\/spanienaktuell.net\/wordpress\/wp-content\/uploads\/2026\/08\/854735-11-768x576.jpg 768w, https:\/\/spanienaktuell.net\/wordpress\/wp-content\/uploads\/2026\/08\/854735-11-1536x1152.jpg 1536w, https:\/\/spanienaktuell.net\/wordpress\/wp-content\/uploads\/2026\/08\/854735-11-2048x1536.jpg 2048w, https:\/\/spanienaktuell.net\/wordpress\/wp-content\/uploads\/2026\/08\/854735-11-350x263.jpg 350w\" sizes=\"(max-width: 1440px) 100vw, 1440px\" \/><\/p>\n<p>Wer es ruhiger mag, erreicht nach einem kurzen Fu\u00dfmarsch den Playa de los Muertos. Der Abstieg verlangt etwas Kondition, belohnt jedoch mit kristallklarem Wasser und einer eindrucksvollen Kulisse. Fernab gro\u00dfer Ferienzentren zeigt sich Andalusiens Mittelmeerk\u00fcste hier von ihrer urspr\u00fcnglichsten Seite.<\/p>\n<p><strong>Im Gel\u00e4ndewagen durch die W\u00fcste Tabernas \u2013 Europas einzige W\u00fcstenlandschaft mit echten W\u00fcstenmerkmalen<\/strong><\/p>\n<figure id=\"attachment_110029\" aria-describedby=\"caption-attachment-110029\" style=\"width: 1440px\" class=\"wp-caption aligncenter\"><img decoding=\"async\" class=\"size-full wp-image-110029\" src=\"https:\/\/spanienaktuell.net\/wordpress\/wp-content\/uploads\/2026\/08\/AdobeStock_482846172-scaled.jpeg\" alt=\"\" width=\"1440\" height=\"960\" srcset=\"https:\/\/spanienaktuell.net\/wordpress\/wp-content\/uploads\/2026\/08\/AdobeStock_482846172-scaled.jpeg 1440w, https:\/\/spanienaktuell.net\/wordpress\/wp-content\/uploads\/2026\/08\/AdobeStock_482846172-300x200.jpeg 300w, https:\/\/spanienaktuell.net\/wordpress\/wp-content\/uploads\/2026\/08\/AdobeStock_482846172-1024x683.jpeg 1024w, https:\/\/spanienaktuell.net\/wordpress\/wp-content\/uploads\/2026\/08\/AdobeStock_482846172-768x512.jpeg 768w, https:\/\/spanienaktuell.net\/wordpress\/wp-content\/uploads\/2026\/08\/AdobeStock_482846172-1536x1024.jpeg 1536w, https:\/\/spanienaktuell.net\/wordpress\/wp-content\/uploads\/2026\/08\/AdobeStock_482846172-2048x1365.jpeg 2048w, https:\/\/spanienaktuell.net\/wordpress\/wp-content\/uploads\/2026\/08\/AdobeStock_482846172-350x233.jpeg 350w\" sizes=\"(max-width: 1440px) 100vw, 1440px\" \/><figcaption id=\"caption-attachment-110029\" class=\"wp-caption-text\">Foto &#8211; \u00a9 2026 Adobe<\/figcaption><\/figure>\n<p>Nur wenige Kilometer von der Mittelmeerk\u00fcste entfernt ver\u00e4ndert sich die Landschaft pl\u00f6tzlich. Das satte Gr\u00fcn der K\u00fcstenregion verschwindet, die Vegetation wird sp\u00e4rlicher und trockene Schluchten sowie bizarre Felsformationen bestimmen das Bild. Willkommen in der W\u00fcste Tabernas \u2013 einer Landschaft, die in Europa ihresgleichen sucht. Die Region in der Provinz Almer\u00eda gilt als einzige W\u00fcstenlandschaft Europas mit echten W\u00fcstenmerkmalen. Verantwortlich daf\u00fcr sind die extrem geringen Niederschl\u00e4ge, die intensive Sonneneinstrahlung und die gro\u00dfen Temperaturunterschiede zwischen Tag und Nacht. \u00dcber Jahrtausende entstand so eine Landschaft aus trockenen Flussl\u00e4ufen, zerfurchten H\u00fcgeln und beeindruckenden Felsformationen, die eher an den amerikanischen S\u00fcdwesten erinnert als an das klassische Bild Andalusiens.<\/p>\n<figure id=\"attachment_110037\" aria-describedby=\"caption-attachment-110037\" style=\"width: 1440px\" class=\"wp-caption aligncenter\"><img decoding=\"async\" class=\"size-full wp-image-110037\" src=\"https:\/\/spanienaktuell.net\/wordpress\/wp-content\/uploads\/2026\/08\/854735-6-scaled.jpg\" alt=\"\" width=\"1440\" height=\"960\" srcset=\"https:\/\/spanienaktuell.net\/wordpress\/wp-content\/uploads\/2026\/08\/854735-6-scaled.jpg 1440w, https:\/\/spanienaktuell.net\/wordpress\/wp-content\/uploads\/2026\/08\/854735-6-300x200.jpg 300w, https:\/\/spanienaktuell.net\/wordpress\/wp-content\/uploads\/2026\/08\/854735-6-1024x683.jpg 1024w, https:\/\/spanienaktuell.net\/wordpress\/wp-content\/uploads\/2026\/08\/854735-6-768x512.jpg 768w, https:\/\/spanienaktuell.net\/wordpress\/wp-content\/uploads\/2026\/08\/854735-6-1536x1024.jpg 1536w, https:\/\/spanienaktuell.net\/wordpress\/wp-content\/uploads\/2026\/08\/854735-6-2048x1365.jpg 2048w, https:\/\/spanienaktuell.net\/wordpress\/wp-content\/uploads\/2026\/08\/854735-6-350x233.jpg 350w\" sizes=\"(max-width: 1440px) 100vw, 1440px\" \/><figcaption id=\"caption-attachment-110037\" class=\"wp-caption-text\">Foto Unsplash &#8211; Victor Martin<\/figcaption><\/figure>\n<p>Besonders eindrucksvoll l\u00e4sst sich die W\u00fcste bei gef\u00fchrten Gel\u00e4ndewagentouren entdecken. Abseits der Stra\u00dfen er\u00f6ffnen sich immer wieder neue Perspektiven auf Schluchten, versteckte T\u00e4ler und die raue Sch\u00f6nheit dieser au\u00dfergew\u00f6hnlichen Landschaft. Mit etwas Gl\u00fcck lassen sich unterwegs auch einige tierische Bewohner beobachten \u2013 darunter Steinb\u00f6cke, Greifv\u00f6gel oder W\u00fcstenf\u00fcchse.<\/p>\n<figure id=\"attachment_110027\" aria-describedby=\"caption-attachment-110027\" style=\"width: 1440px\" class=\"wp-caption aligncenter\"><img decoding=\"async\" class=\"size-full wp-image-110027\" src=\"https:\/\/spanienaktuell.net\/wordpress\/wp-content\/uploads\/2026\/08\/854735-17-scaled.jpg\" alt=\"\" width=\"1440\" height=\"960\" srcset=\"https:\/\/spanienaktuell.net\/wordpress\/wp-content\/uploads\/2026\/08\/854735-17-scaled.jpg 1440w, https:\/\/spanienaktuell.net\/wordpress\/wp-content\/uploads\/2026\/08\/854735-17-300x200.jpg 300w, https:\/\/spanienaktuell.net\/wordpress\/wp-content\/uploads\/2026\/08\/854735-17-1024x683.jpg 1024w, https:\/\/spanienaktuell.net\/wordpress\/wp-content\/uploads\/2026\/08\/854735-17-768x512.jpg 768w, https:\/\/spanienaktuell.net\/wordpress\/wp-content\/uploads\/2026\/08\/854735-17-1536x1024.jpg 1536w, https:\/\/spanienaktuell.net\/wordpress\/wp-content\/uploads\/2026\/08\/854735-17-2048x1365.jpg 2048w, https:\/\/spanienaktuell.net\/wordpress\/wp-content\/uploads\/2026\/08\/854735-17-350x233.jpg 350w\" sizes=\"(max-width: 1440px) 100vw, 1440px\" \/><figcaption id=\"caption-attachment-110027\" class=\"wp-caption-text\">Foto Pixabay \u2013 Volker Gl\u00e4tsch<\/figcaption><\/figure>\n<p>Doch Tabernas erz\u00e4hlt nicht nur eine Geschichte der Natur, sondern auch eine Geschichte des Films. Seit den 1960er-Jahren diente die Region als Kulisse f\u00fcr zahlreiche internationale Produktionen. Besonders die gro\u00dfen Italo-Western machten die Landschaft weltber\u00fchmt. Noch heute erinnern Filmkulissen an die Zeit, als Clint Eastwood und andere Hollywood-Stars durch die staubigen Stra\u00dfen der k\u00fcnstlichen Westernst\u00e4dte ritten.<\/p>\n<p><strong>Die Geode von Pulp\u00ed \u2013 Ein Kristallwunder unter der Erde<\/strong><\/p>\n<figure id=\"attachment_110036\" aria-describedby=\"caption-attachment-110036\" style=\"width: 1440px\" class=\"wp-caption aligncenter\"><img decoding=\"async\" class=\"wp-image-110036 size-full\" src=\"https:\/\/spanienaktuell.net\/wordpress\/wp-content\/uploads\/2026\/08\/854735-5-scaled.jpg\" alt=\"\" width=\"1440\" height=\"911\" srcset=\"https:\/\/spanienaktuell.net\/wordpress\/wp-content\/uploads\/2026\/08\/854735-5-scaled.jpg 1440w, https:\/\/spanienaktuell.net\/wordpress\/wp-content\/uploads\/2026\/08\/854735-5-300x190.jpg 300w, https:\/\/spanienaktuell.net\/wordpress\/wp-content\/uploads\/2026\/08\/854735-5-1024x648.jpg 1024w, https:\/\/spanienaktuell.net\/wordpress\/wp-content\/uploads\/2026\/08\/854735-5-768x486.jpg 768w, https:\/\/spanienaktuell.net\/wordpress\/wp-content\/uploads\/2026\/08\/854735-5-1536x972.jpg 1536w, https:\/\/spanienaktuell.net\/wordpress\/wp-content\/uploads\/2026\/08\/854735-5-2048x1295.jpg 2048w, https:\/\/spanienaktuell.net\/wordpress\/wp-content\/uploads\/2026\/08\/854735-5-350x221.jpg 350w\" sizes=\"(max-width: 1440px) 100vw, 1440px\" \/><figcaption id=\"caption-attachment-110036\" class=\"wp-caption-text\">Foto Pixabay \u2013 Volker Gl\u00e4tsch\u00a0\u00a0<\/figcaption><\/figure>\n<p>W\u00e4hrend Andalusiens Landschaften an der Oberfl\u00e4che mit ihrer Vielfalt beeindrucken, verbirgt sich eines der au\u00dfergew\u00f6hnlichsten Naturwunder der Region tief unter der Erde.<\/p>\n<p>In einer ehemaligen Silbermine nahe der K\u00fcstenstadt Pulp\u00ed in der Provinz Alemeria befindet sich die sogenannte Geode von Pulp\u00ed \u2013 eine der gr\u00f6\u00dften begehbaren Kristallh\u00f6hlen der Welt. Hinter einer unscheinbaren Felswand \u00f6ffnet sich ein Hohlraum, dessen W\u00e4nde vollst\u00e4ndig von riesigen Gipskristallen bedeckt sind.<\/p>\n<p>Das Zusammenspiel aus Licht, Mineralien und den nahezu transparent wirkenden Kristallen erzeugt eine Atmosph\u00e4re, die Besucher h\u00e4ufig sprachlos macht. Manche beschreiben den Anblick wie einen Blick in eine andere Welt.<\/p>\n<p>Entstanden ist dieses geologische Wunder \u00fcber Hunderttausende von Jahren. Mineralhaltiges Wasser drang in die Hohlr\u00e4ume des Gesteins ein und lie\u00df die beeindruckenden Kristalle langsam wachsen. Ein Prozess, der heute nicht mehr fortgesetzt wird und deshalb umso wertvoller ist.<\/p>\n<p>Um dieses empfindliche Naturdenkmal dauerhaft zu erhalten, kann die Geode ausschlie\u00dflich im Rahmen gef\u00fchrter Besichtigungen besucht werden. Die Besucherzahl ist bewusst begrenzt \u2013 denn manche Sch\u00e4tze der Natur brauchen vor allem eines: Schutz.<\/p>\n<p><strong>Nationalpark Do\u00f1ana<\/strong><\/p>\n<p><img decoding=\"async\" class=\"aligncenter size-full wp-image-110019\" src=\"https:\/\/spanienaktuell.net\/wordpress\/wp-content\/uploads\/2026\/08\/854735-9-scaled.jpg\" alt=\"\" width=\"1440\" height=\"960\" srcset=\"https:\/\/spanienaktuell.net\/wordpress\/wp-content\/uploads\/2026\/08\/854735-9-scaled.jpg 1440w, https:\/\/spanienaktuell.net\/wordpress\/wp-content\/uploads\/2026\/08\/854735-9-300x200.jpg 300w, https:\/\/spanienaktuell.net\/wordpress\/wp-content\/uploads\/2026\/08\/854735-9-1024x683.jpg 1024w, https:\/\/spanienaktuell.net\/wordpress\/wp-content\/uploads\/2026\/08\/854735-9-768x512.jpg 768w, https:\/\/spanienaktuell.net\/wordpress\/wp-content\/uploads\/2026\/08\/854735-9-1536x1024.jpg 1536w, https:\/\/spanienaktuell.net\/wordpress\/wp-content\/uploads\/2026\/08\/854735-9-2048x1366.jpg 2048w, https:\/\/spanienaktuell.net\/wordpress\/wp-content\/uploads\/2026\/08\/854735-9-350x233.jpg 350w\" sizes=\"(max-width: 1440px) 100vw, 1440px\" \/><\/p>\n<p>Das Tor zwischen Europa und Afrika f\u00fcr V\u00f6gel hei\u00dft Do\u00f1ana. Tauchen Sie ein in die faszinierende Welt des Nationalparks Do\u00f1ana, einem der bedeutendsten Naturschutzgebiete Europas, das sich \u00fcber die Provinzen Huelva, Sevilla und C\u00e1diz in Andalusien erstreckt. Dieses UNESCO-Biosph\u00e4renreservat und Weltkulturerbe beheimatet eine reiche Vielfalt an \u00d6kosystemen, von Feuchtgebieten und D\u00fcnen bis hin zu Pinienw\u00e4ldern und Marschland.<\/p>\n<p>Do\u00f1ana ist ein Paradies f\u00fcr Naturliebhaber und Vogelbeobachter, mit Tausenden von Zugv\u00f6geln, die hier rasten oder nisten, darunter seltene Arten wie der Spanische Kaiseradler und der Rosaflamingo. Unternehmen Sie eine gef\u00fchrte Tour durch den Park und entdecken Sie die reiche Tierwelt, darunter auch den Iberischen Luchs, eine der seltensten Katzenarten der Welt.<\/p>\n<figure id=\"attachment_110032\" aria-describedby=\"caption-attachment-110032\" style=\"width: 1440px\" class=\"wp-caption aligncenter\"><img decoding=\"async\" class=\"size-full wp-image-110032\" src=\"https:\/\/spanienaktuell.net\/wordpress\/wp-content\/uploads\/2026\/08\/854735-1-scaled.jpg\" alt=\"\" width=\"1440\" height=\"960\" srcset=\"https:\/\/spanienaktuell.net\/wordpress\/wp-content\/uploads\/2026\/08\/854735-1-scaled.jpg 1440w, https:\/\/spanienaktuell.net\/wordpress\/wp-content\/uploads\/2026\/08\/854735-1-300x200.jpg 300w, https:\/\/spanienaktuell.net\/wordpress\/wp-content\/uploads\/2026\/08\/854735-1-1024x683.jpg 1024w, https:\/\/spanienaktuell.net\/wordpress\/wp-content\/uploads\/2026\/08\/854735-1-768x512.jpg 768w, https:\/\/spanienaktuell.net\/wordpress\/wp-content\/uploads\/2026\/08\/854735-1-1536x1024.jpg 1536w, https:\/\/spanienaktuell.net\/wordpress\/wp-content\/uploads\/2026\/08\/854735-1-350x233.jpg 350w\" sizes=\"(max-width: 1440px) 100vw, 1440px\" \/><figcaption id=\"caption-attachment-110032\" class=\"wp-caption-text\">Foto Pixabay \u2013 Anne and Saturnino Miranda<\/figcaption><\/figure>\n<p>Der Nationalpark Do\u00f1ana ist auch reich an kulturellem Erbe, mit arch\u00e4ologischen Fundst\u00e4tten und historischen Sehensw\u00fcrdigkeiten, die von der langen Geschichte der Region zeugen. Besuchen Sie das malerische Dorf El Roc\u00edo und die traditionsreiche Pilgerfahrt zur Kapelle der Virgen del Roc\u00edo.<\/p>\n<figure id=\"attachment_110033\" aria-describedby=\"caption-attachment-110033\" style=\"width: 1440px\" class=\"wp-caption aligncenter\"><img decoding=\"async\" class=\"size-full wp-image-110033\" src=\"https:\/\/spanienaktuell.net\/wordpress\/wp-content\/uploads\/2026\/08\/854735-2-scaled.jpg\" alt=\"\" width=\"1440\" height=\"960\" srcset=\"https:\/\/spanienaktuell.net\/wordpress\/wp-content\/uploads\/2026\/08\/854735-2-scaled.jpg 1440w, https:\/\/spanienaktuell.net\/wordpress\/wp-content\/uploads\/2026\/08\/854735-2-300x200.jpg 300w, https:\/\/spanienaktuell.net\/wordpress\/wp-content\/uploads\/2026\/08\/854735-2-1024x683.jpg 1024w, https:\/\/spanienaktuell.net\/wordpress\/wp-content\/uploads\/2026\/08\/854735-2-768x512.jpg 768w, https:\/\/spanienaktuell.net\/wordpress\/wp-content\/uploads\/2026\/08\/854735-2-1536x1024.jpg 1536w, https:\/\/spanienaktuell.net\/wordpress\/wp-content\/uploads\/2026\/08\/854735-2-350x233.jpg 350w\" sizes=\"(max-width: 1440px) 100vw, 1440px\" \/><figcaption id=\"caption-attachment-110033\" class=\"wp-caption-text\">Foto Pixabay \u2013 Antonio L\u00f3pez<\/figcaption><\/figure>\n<p>F\u00fcr Naturliebhaber bietet der Nationalpark Do\u00f1ana endlose M\u00f6glichkeiten f\u00fcr Outdoor-Aktivit\u00e4ten. Erkunden Sie die unber\u00fchrte Sch\u00f6nheit dieses einzigartigen Naturparadieses und lassen Sie sich von seiner Vielfalt und seinem Reichtum verzaubern.<\/p>\n<p><strong>Andalusien \u00fcberrascht immer wieder<\/strong><\/p>\n<figure id=\"attachment_110034\" aria-describedby=\"caption-attachment-110034\" style=\"width: 1440px\" class=\"wp-caption aligncenter\"><img decoding=\"async\" class=\"size-full wp-image-110034\" src=\"https:\/\/spanienaktuell.net\/wordpress\/wp-content\/uploads\/2026\/08\/854735-3-scaled.jpg\" alt=\"\" width=\"1440\" height=\"810\" srcset=\"https:\/\/spanienaktuell.net\/wordpress\/wp-content\/uploads\/2026\/08\/854735-3-scaled.jpg 1440w, https:\/\/spanienaktuell.net\/wordpress\/wp-content\/uploads\/2026\/08\/854735-3-300x169.jpg 300w, https:\/\/spanienaktuell.net\/wordpress\/wp-content\/uploads\/2026\/08\/854735-3-1024x576.jpg 1024w, https:\/\/spanienaktuell.net\/wordpress\/wp-content\/uploads\/2026\/08\/854735-3-768x432.jpg 768w, https:\/\/spanienaktuell.net\/wordpress\/wp-content\/uploads\/2026\/08\/854735-3-1536x864.jpg 1536w, https:\/\/spanienaktuell.net\/wordpress\/wp-content\/uploads\/2026\/08\/854735-3-350x197.jpg 350w\" sizes=\"(max-width: 1440px) 100vw, 1440px\" \/><figcaption id=\"caption-attachment-110034\" class=\"wp-caption-text\">Foto &#8211; Pixabay &#8211; ddzphoto<\/figcaption><\/figure>\n<p>Wer Andalusien bereist, entdeckt weit mehr als Sonne, Str\u00e4nde und historische St\u00e4dte. Zwischen Mittelmeer und Sierra Nevada, Atlantik und W\u00fcstenlandschaften er\u00f6ffnet sich eine Naturvielfalt, die in Europa ihresgleichen sucht. Viele dieser Orte liegen nur wenige Kilometer voneinander entfernt \u2013 und wirken dennoch, als w\u00fcrden sie zu v\u00f6llig unterschiedlichen Regionen dieser Erde geh\u00f6ren. Genau diese Vielfalt macht den besonderen Reiz Andalusiens aus. Sie l\u00e4dt dazu ein, bekannte Wege zu verlassen, neue Landschaften zu entdecken und die Region immer wieder aus einer anderen Perspektive kennenzulernen. Vielleicht liegt genau darin das gr\u00f6\u00dfte Naturwunder Andalusiens: Dass diese Region selbst diejenigen noch begeistert, die glauben, sie bereits zu kennen.<\/p>\n<p><em>Text &#8211; \u00a9 Cesar Certier | Spanien aktuell\u00ae <\/em><\/p>\n","protected":false},"excerpt":{"rendered":"<p>Zwischen wilden K\u00fcsten, tiefen Schluchten und Landschaften, die es so nur einmal gibt Wer an Andalusien denkt, hat oft wei\u00dfe [&hellip;]<\/p>\n","protected":false},"author":3,"featured_media":110017,"comment_status":"closed","ping_status":"closed","sticky":false,"template":"","format":"standard","meta":{"footnotes":""},"categories":[31],"tags":[],"class_list":["post-110016","post","type-post","status-publish","format-standard","has-post-thumbnail","hentry","category-reise"],"yoast_head":"<!-- This site is optimized with the Yoast SEO plugin v27.1.1 - https:\/\/yoast.com\/product\/yoast-seo-wordpress\/ -->\n<title>Andalusiens wilde Seiten - Spanien aktuell<\/title>\n<meta name=\"robots\" content=\"index, follow, max-snippet:-1, max-image-preview:large, max-video-preview:-1\" \/>\n<link rel=\"canonical\" href=\"https:\/\/spanienaktuell.net\/wordpress\/andalusiens-wilde-seiten\/\" \/>\n<meta property=\"og:locale\" content=\"es_ES\" \/>\n<meta property=\"og:type\" content=\"article\" \/>\n<meta property=\"og:title\" content=\"Andalusiens wilde Seiten - Spanien aktuell\" \/>\n<meta property=\"og:description\" content=\"Zwischen wilden K\u00fcsten, tiefen Schluchten und Landschaften, die es so nur einmal gibt Wer an Andalusien denkt, hat oft wei\u00dfe [&hellip;]\" \/>\n<meta property=\"og:url\" content=\"https:\/\/spanienaktuell.net\/wordpress\/andalusiens-wilde-seiten\/\" \/>\n<meta property=\"og:site_name\" content=\"Spanien aktuell\" \/>\n<meta property=\"article:published_time\" content=\"2026-08-31T22:17:11+00:00\" \/>\n<meta property=\"og:image\" content=\"https:\/\/spanienaktuell.net\/wordpress\/wp-content\/uploads\/2026\/08\/854735-7-scaled.jpg\" \/>\n\t<meta property=\"og:image:width\" content=\"1440\" \/>\n\t<meta property=\"og:image:height\" content=\"943\" \/>\n\t<meta property=\"og:image:type\" content=\"image\/jpeg\" \/>\n<meta name=\"author\" content=\"Spanien Aktuell\" \/>\n<meta name=\"twitter:card\" content=\"summary_large_image\" \/>\n<meta name=\"twitter:label1\" content=\"Escrito por\" \/>\n\t<meta name=\"twitter:data1\" content=\"Spanien Aktuell\" \/>\n\t<meta name=\"twitter:label2\" content=\"Tiempo de lectura\" \/>\n\t<meta name=\"twitter:data2\" content=\"11 minutos\" \/>\n<script type=\"application\/ld+json\" class=\"yoast-schema-graph\">{\"@context\":\"https:\/\/schema.org\",\"@graph\":[{\"@type\":\"Article\",\"@id\":\"https:\/\/spanienaktuell.net\/wordpress\/andalusiens-wilde-seiten\/#article\",\"isPartOf\":{\"@id\":\"https:\/\/spanienaktuell.net\/wordpress\/andalusiens-wilde-seiten\/\"},\"author\":{\"name\":\"Spanien Aktuell\",\"@id\":\"https:\/\/spanienaktuell.net\/wordpress\/#\/schema\/person\/bc410cfae0161b201d837ebfeeba7fd0\"},\"headline\":\"Andalusiens wilde Seiten\",\"datePublished\":\"2026-08-31T22:17:11+00:00\",\"mainEntityOfPage\":{\"@id\":\"https:\/\/spanienaktuell.net\/wordpress\/andalusiens-wilde-seiten\/\"},\"wordCount\":1599,\"publisher\":{\"@id\":\"https:\/\/spanienaktuell.net\/wordpress\/#organization\"},\"image\":{\"@id\":\"https:\/\/spanienaktuell.net\/wordpress\/andalusiens-wilde-seiten\/#primaryimage\"},\"thumbnailUrl\":\"https:\/\/spanienaktuell.net\/wordpress\/wp-content\/uploads\/2026\/08\/854735-7-scaled.jpg\",\"articleSection\":[\"Reise\"],\"inLanguage\":\"es\"},{\"@type\":\"WebPage\",\"@id\":\"https:\/\/spanienaktuell.net\/wordpress\/andalusiens-wilde-seiten\/\",\"url\":\"https:\/\/spanienaktuell.net\/wordpress\/andalusiens-wilde-seiten\/\",\"name\":\"Andalusiens wilde Seiten - Spanien aktuell\",\"isPartOf\":{\"@id\":\"https:\/\/spanienaktuell.net\/wordpress\/#website\"},\"primaryImageOfPage\":{\"@id\":\"https:\/\/spanienaktuell.net\/wordpress\/andalusiens-wilde-seiten\/#primaryimage\"},\"image\":{\"@id\":\"https:\/\/spanienaktuell.net\/wordpress\/andalusiens-wilde-seiten\/#primaryimage\"},\"thumbnailUrl\":\"https:\/\/spanienaktuell.net\/wordpress\/wp-content\/uploads\/2026\/08\/854735-7-scaled.jpg\",\"datePublished\":\"2026-08-31T22:17:11+00:00\",\"breadcrumb\":{\"@id\":\"https:\/\/spanienaktuell.net\/wordpress\/andalusiens-wilde-seiten\/#breadcrumb\"},\"inLanguage\":\"es\",\"potentialAction\":[{\"@type\":\"ReadAction\",\"target\":[\"https:\/\/spanienaktuell.net\/wordpress\/andalusiens-wilde-seiten\/\"]}]},{\"@type\":\"ImageObject\",\"inLanguage\":\"es\",\"@id\":\"https:\/\/spanienaktuell.net\/wordpress\/andalusiens-wilde-seiten\/#primaryimage\",\"url\":\"https:\/\/spanienaktuell.net\/wordpress\/wp-content\/uploads\/2026\/08\/854735-7-scaled.jpg\",\"contentUrl\":\"https:\/\/spanienaktuell.net\/wordpress\/wp-content\/uploads\/2026\/08\/854735-7-scaled.jpg\",\"width\":1440,\"height\":943,\"caption\":\"Foto \u2013 Cabo de Gata\"},{\"@type\":\"BreadcrumbList\",\"@id\":\"https:\/\/spanienaktuell.net\/wordpress\/andalusiens-wilde-seiten\/#breadcrumb\",\"itemListElement\":[{\"@type\":\"ListItem\",\"position\":1,\"name\":\"Portada\",\"item\":\"https:\/\/spanienaktuell.net\/wordpress\/\"},{\"@type\":\"ListItem\",\"position\":2,\"name\":\"Andalusiens wilde Seiten\"}]},{\"@type\":\"WebSite\",\"@id\":\"https:\/\/spanienaktuell.net\/wordpress\/#website\",\"url\":\"https:\/\/spanienaktuell.net\/wordpress\/\",\"name\":\"Spanien aktuell\",\"description\":\"The German magazine number 1 on the Costa del Sol\",\"publisher\":{\"@id\":\"https:\/\/spanienaktuell.net\/wordpress\/#organization\"},\"potentialAction\":[{\"@type\":\"SearchAction\",\"target\":{\"@type\":\"EntryPoint\",\"urlTemplate\":\"https:\/\/spanienaktuell.net\/wordpress\/?s={search_term_string}\"},\"query-input\":{\"@type\":\"PropertyValueSpecification\",\"valueRequired\":true,\"valueName\":\"search_term_string\"}}],\"inLanguage\":\"es\"},{\"@type\":\"Organization\",\"@id\":\"https:\/\/spanienaktuell.net\/wordpress\/#organization\",\"name\":\"Spanien aktuell\",\"url\":\"https:\/\/spanienaktuell.net\/wordpress\/\",\"logo\":{\"@type\":\"ImageObject\",\"inLanguage\":\"es\",\"@id\":\"https:\/\/spanienaktuell.net\/wordpress\/#\/schema\/logo\/image\/\",\"url\":\"https:\/\/spanienaktuell.net\/wordpress\/wp-content\/uploads\/2019\/06\/cropped-Logo-spanien-aktuell-png-web-e1561631085388.png\",\"contentUrl\":\"https:\/\/spanienaktuell.net\/wordpress\/wp-content\/uploads\/2019\/06\/cropped-Logo-spanien-aktuell-png-web-e1561631085388.png\",\"width\":512,\"height\":110,\"caption\":\"Spanien aktuell\"},\"image\":{\"@id\":\"https:\/\/spanienaktuell.net\/wordpress\/#\/schema\/logo\/image\/\"}},{\"@type\":\"Person\",\"@id\":\"https:\/\/spanienaktuell.net\/wordpress\/#\/schema\/person\/bc410cfae0161b201d837ebfeeba7fd0\",\"name\":\"Spanien Aktuell\",\"image\":{\"@type\":\"ImageObject\",\"inLanguage\":\"es\",\"@id\":\"https:\/\/spanienaktuell.net\/wordpress\/#\/schema\/person\/image\/\",\"url\":\"https:\/\/spanienaktuell.net\/wordpress\/wp-content\/uploads\/2019\/06\/cropped-Logo-spanien-aktuell-png-fav2-100x100.png\",\"contentUrl\":\"https:\/\/spanienaktuell.net\/wordpress\/wp-content\/uploads\/2019\/06\/cropped-Logo-spanien-aktuell-png-fav2-100x100.png\",\"caption\":\"Spanien Aktuell\"},\"url\":\"https:\/\/spanienaktuell.net\/wordpress\/author\/koalum\/\"}]}<\/script>\n<!-- \/ Yoast SEO plugin. -->","yoast_head_json":{"title":"Andalusiens wilde Seiten - Spanien aktuell","robots":{"index":"index","follow":"follow","max-snippet":"max-snippet:-1","max-image-preview":"max-image-preview:large","max-video-preview":"max-video-preview:-1"},"canonical":"https:\/\/spanienaktuell.net\/wordpress\/andalusiens-wilde-seiten\/","og_locale":"es_ES","og_type":"article","og_title":"Andalusiens wilde Seiten - Spanien aktuell","og_description":"Zwischen wilden K\u00fcsten, tiefen Schluchten und Landschaften, die es so nur einmal gibt Wer an Andalusien denkt, hat oft wei\u00dfe [&hellip;]","og_url":"https:\/\/spanienaktuell.net\/wordpress\/andalusiens-wilde-seiten\/","og_site_name":"Spanien aktuell","article_published_time":"2026-08-31T22:17:11+00:00","og_image":[{"width":1440,"height":943,"url":"https:\/\/spanienaktuell.net\/wordpress\/wp-content\/uploads\/2026\/08\/854735-7-scaled.jpg","type":"image\/jpeg"}],"author":"Spanien Aktuell","twitter_card":"summary_large_image","twitter_misc":{"Escrito por":"Spanien Aktuell","Tiempo de lectura":"11 minutos"},"schema":{"@context":"https:\/\/schema.org","@graph":[{"@type":"Article","@id":"https:\/\/spanienaktuell.net\/wordpress\/andalusiens-wilde-seiten\/#article","isPartOf":{"@id":"https:\/\/spanienaktuell.net\/wordpress\/andalusiens-wilde-seiten\/"},"author":{"name":"Spanien Aktuell","@id":"https:\/\/spanienaktuell.net\/wordpress\/#\/schema\/person\/bc410cfae0161b201d837ebfeeba7fd0"},"headline":"Andalusiens wilde Seiten","datePublished":"2026-08-31T22:17:11+00:00","mainEntityOfPage":{"@id":"https:\/\/spanienaktuell.net\/wordpress\/andalusiens-wilde-seiten\/"},"wordCount":1599,"publisher":{"@id":"https:\/\/spanienaktuell.net\/wordpress\/#organization"},"image":{"@id":"https:\/\/spanienaktuell.net\/wordpress\/andalusiens-wilde-seiten\/#primaryimage"},"thumbnailUrl":"https:\/\/spanienaktuell.net\/wordpress\/wp-content\/uploads\/2026\/08\/854735-7-scaled.jpg","articleSection":["Reise"],"inLanguage":"es"},{"@type":"WebPage","@id":"https:\/\/spanienaktuell.net\/wordpress\/andalusiens-wilde-seiten\/","url":"https:\/\/spanienaktuell.net\/wordpress\/andalusiens-wilde-seiten\/","name":"Andalusiens wilde Seiten - Spanien aktuell","isPartOf":{"@id":"https:\/\/spanienaktuell.net\/wordpress\/#website"},"primaryImageOfPage":{"@id":"https:\/\/spanienaktuell.net\/wordpress\/andalusiens-wilde-seiten\/#primaryimage"},"image":{"@id":"https:\/\/spanienaktuell.net\/wordpress\/andalusiens-wilde-seiten\/#primaryimage"},"thumbnailUrl":"https:\/\/spanienaktuell.net\/wordpress\/wp-content\/uploads\/2026\/08\/854735-7-scaled.jpg","datePublished":"2026-08-31T22:17:11+00:00","breadcrumb":{"@id":"https:\/\/spanienaktuell.net\/wordpress\/andalusiens-wilde-seiten\/#breadcrumb"},"inLanguage":"es","potentialAction":[{"@type":"ReadAction","target":["https:\/\/spanienaktuell.net\/wordpress\/andalusiens-wilde-seiten\/"]}]},{"@type":"ImageObject","inLanguage":"es","@id":"https:\/\/spanienaktuell.net\/wordpress\/andalusiens-wilde-seiten\/#primaryimage","url":"https:\/\/spanienaktuell.net\/wordpress\/wp-content\/uploads\/2026\/08\/854735-7-scaled.jpg","contentUrl":"https:\/\/spanienaktuell.net\/wordpress\/wp-content\/uploads\/2026\/08\/854735-7-scaled.jpg","width":1440,"height":943,"caption":"Foto \u2013 Cabo de Gata"},{"@type":"BreadcrumbList","@id":"https:\/\/spanienaktuell.net\/wordpress\/andalusiens-wilde-seiten\/#breadcrumb","itemListElement":[{"@type":"ListItem","position":1,"name":"Portada","item":"https:\/\/spanienaktuell.net\/wordpress\/"},{"@type":"ListItem","position":2,"name":"Andalusiens wilde Seiten"}]},{"@type":"WebSite","@id":"https:\/\/spanienaktuell.net\/wordpress\/#website","url":"https:\/\/spanienaktuell.net\/wordpress\/","name":"Spanien aktuell","description":"The German magazine number 1 on the Costa del Sol","publisher":{"@id":"https:\/\/spanienaktuell.net\/wordpress\/#organization"},"potentialAction":[{"@type":"SearchAction","target":{"@type":"EntryPoint","urlTemplate":"https:\/\/spanienaktuell.net\/wordpress\/?s={search_term_string}"},"query-input":{"@type":"PropertyValueSpecification","valueRequired":true,"valueName":"search_term_string"}}],"inLanguage":"es"},{"@type":"Organization","@id":"https:\/\/spanienaktuell.net\/wordpress\/#organization","name":"Spanien aktuell","url":"https:\/\/spanienaktuell.net\/wordpress\/","logo":{"@type":"ImageObject","inLanguage":"es","@id":"https:\/\/spanienaktuell.net\/wordpress\/#\/schema\/logo\/image\/","url":"https:\/\/spanienaktuell.net\/wordpress\/wp-content\/uploads\/2019\/06\/cropped-Logo-spanien-aktuell-png-web-e1561631085388.png","contentUrl":"https:\/\/spanienaktuell.net\/wordpress\/wp-content\/uploads\/2019\/06\/cropped-Logo-spanien-aktuell-png-web-e1561631085388.png","width":512,"height":110,"caption":"Spanien aktuell"},"image":{"@id":"https:\/\/spanienaktuell.net\/wordpress\/#\/schema\/logo\/image\/"}},{"@type":"Person","@id":"https:\/\/spanienaktuell.net\/wordpress\/#\/schema\/person\/bc410cfae0161b201d837ebfeeba7fd0","name":"Spanien Aktuell","image":{"@type":"ImageObject","inLanguage":"es","@id":"https:\/\/spanienaktuell.net\/wordpress\/#\/schema\/person\/image\/","url":"https:\/\/spanienaktuell.net\/wordpress\/wp-content\/uploads\/2019\/06\/cropped-Logo-spanien-aktuell-png-fav2-100x100.png","contentUrl":"https:\/\/spanienaktuell.net\/wordpress\/wp-content\/uploads\/2019\/06\/cropped-Logo-spanien-aktuell-png-fav2-100x100.png","caption":"Spanien Aktuell"},"url":"https:\/\/spanienaktuell.net\/wordpress\/author\/koalum\/"}]}},"_links":{"self":[{"href":"https:\/\/spanienaktuell.net\/wordpress\/wp-json\/wp\/v2\/posts\/110016","targetHints":{"allow":["GET"]}}],"collection":[{"href":"https:\/\/spanienaktuell.net\/wordpress\/wp-json\/wp\/v2\/posts"}],"about":[{"href":"https:\/\/spanienaktuell.net\/wordpress\/wp-json\/wp\/v2\/types\/post"}],"author":[{"embeddable":true,"href":"https:\/\/spanienaktuell.net\/wordpress\/wp-json\/wp\/v2\/users\/3"}],"replies":[{"embeddable":true,"href":"https:\/\/spanienaktuell.net\/wordpress\/wp-json\/wp\/v2\/comments?post=110016"}],"version-history":[{"count":1,"href":"https:\/\/spanienaktuell.net\/wordpress\/wp-json\/wp\/v2\/posts\/110016\/revisions"}],"predecessor-version":[{"id":110038,"href":"https:\/\/spanienaktuell.net\/wordpress\/wp-json\/wp\/v2\/posts\/110016\/revisions\/110038"}],"wp:featuredmedia":[{"embeddable":true,"href":"https:\/\/spanienaktuell.net\/wordpress\/wp-json\/wp\/v2\/media\/110017"}],"wp:attachment":[{"href":"https:\/\/spanienaktuell.net\/wordpress\/wp-json\/wp\/v2\/media?parent=110016"}],"wp:term":[{"taxonomy":"category","embeddable":true,"href":"https:\/\/spanienaktuell.net\/wordpress\/wp-json\/wp\/v2\/categories?post=110016"},{"taxonomy":"post_tag","embeddable":true,"href":"https:\/\/spanienaktuell.net\/wordpress\/wp-json\/wp\/v2\/tags?post=110016"}],"curies":[{"name":"wp","href":"https:\/\/api.w.org\/{rel}","templated":true}]}}