{"id":110044,"date":"2026-09-01T00:16:57","date_gmt":"2026-08-31T22:16:57","guid":{"rendered":"https:\/\/spanienaktuell.net\/wordpress\/?p=110044"},"modified":"2026-08-25T11:39:12","modified_gmt":"2026-08-25T09:39:12","slug":"andalusien-geniesen-21-spezialitaten-aus-sieben-provinzen","status":"publish","type":"post","link":"https:\/\/spanienaktuell.net\/wordpress\/andalusien-geniesen-21-spezialitaten-aus-sieben-provinzen\/","title":{"rendered":"Andalusien genie\u00dfen \u2013 21 Spezialit\u00e4ten aus sieben Provinzen"},"content":{"rendered":"<p><img decoding=\"async\" class=\"aligncenter size-full wp-image-110045\" src=\"https:\/\/spanienaktuell.net\/wordpress\/wp-content\/uploads\/2026\/08\/476195-4-scaled.jpg\" alt=\"\" width=\"1440\" height=\"960\" srcset=\"https:\/\/spanienaktuell.net\/wordpress\/wp-content\/uploads\/2026\/08\/476195-4-scaled.jpg 1440w, https:\/\/spanienaktuell.net\/wordpress\/wp-content\/uploads\/2026\/08\/476195-4-300x200.jpg 300w, https:\/\/spanienaktuell.net\/wordpress\/wp-content\/uploads\/2026\/08\/476195-4-1024x683.jpg 1024w, https:\/\/spanienaktuell.net\/wordpress\/wp-content\/uploads\/2026\/08\/476195-4-768x512.jpg 768w, https:\/\/spanienaktuell.net\/wordpress\/wp-content\/uploads\/2026\/08\/476195-4-1536x1024.jpg 1536w, https:\/\/spanienaktuell.net\/wordpress\/wp-content\/uploads\/2026\/08\/476195-4-2048x1365.jpg 2048w, https:\/\/spanienaktuell.net\/wordpress\/wp-content\/uploads\/2026\/08\/476195-4-350x233.jpg 350w\" sizes=\"(max-width: 1440px) 100vw, 1440px\" \/><\/p>\n<p>Andalusien begeistert nicht nur mit beeindruckenden Landschaften und historischen St\u00e4dten, sondern auch mit einer K\u00fcche voller regionaler Vielfalt. Zwischen Mittelmeer und Atlantik, Bergen, Olivenhainen und fruchtbaren Ebenen entstanden Spezialit\u00e4ten, die bis heute den Charakter ihrer Provinzen pr\u00e4gen.<\/p>\n<p><img decoding=\"async\" class=\"aligncenter size-full wp-image-110051\" src=\"https:\/\/spanienaktuell.net\/wordpress\/wp-content\/uploads\/2026\/08\/476195-10-scaled.jpg\" alt=\"\" width=\"1440\" height=\"960\" srcset=\"https:\/\/spanienaktuell.net\/wordpress\/wp-content\/uploads\/2026\/08\/476195-10-scaled.jpg 1440w, https:\/\/spanienaktuell.net\/wordpress\/wp-content\/uploads\/2026\/08\/476195-10-300x200.jpg 300w, https:\/\/spanienaktuell.net\/wordpress\/wp-content\/uploads\/2026\/08\/476195-10-1024x683.jpg 1024w, https:\/\/spanienaktuell.net\/wordpress\/wp-content\/uploads\/2026\/08\/476195-10-768x512.jpg 768w, https:\/\/spanienaktuell.net\/wordpress\/wp-content\/uploads\/2026\/08\/476195-10-1536x1024.jpg 1536w, https:\/\/spanienaktuell.net\/wordpress\/wp-content\/uploads\/2026\/08\/476195-10-2048x1365.jpg 2048w, https:\/\/spanienaktuell.net\/wordpress\/wp-content\/uploads\/2026\/08\/476195-10-350x233.jpg 350w\" sizes=\"(max-width: 1440px) 100vw, 1440px\" \/><\/p>\n<p>Unsere kulinarische Reise f\u00fchrt durch sieben Provinzen Andalusiens und stellt 21 ausgew\u00e4hlte Spezialit\u00e4ten vor \u2013 von fangfrischen Meeresfr\u00fcchten \u00fcber herzhafte Fleischgerichte bis hin zu traditionsreichen Familienrezepten. Weinempfehlungen und interessante Hintergrundinformationen begleiten jede Station dieser Genussreise.<\/p>\n<p><strong>Almer\u00eda \u2013 Wo Mittelmeer und Tradition auf den Teller kommen<\/strong><\/p>\n<p>Zwischen Mittelmeer, Halbw\u00fcste und fruchtbaren Anbaugebieten entstand eine K\u00fcche, die von frischen Meeresfr\u00fcchten, bodenst\u00e4ndigen Familienrezepten und hochwertigen regionalen Produkten gepr\u00e4gt wird.<\/p>\n<p><strong>Gamba Roja de Garrucha \u2013 Der rote Schatz aus dem Mittelmeer<\/strong><\/p>\n<p><img decoding=\"async\" class=\"aligncenter size-full wp-image-110057\" src=\"https:\/\/spanienaktuell.net\/wordpress\/wp-content\/uploads\/2026\/08\/476195-16-scaled.jpg\" alt=\"\" width=\"1440\" height=\"960\" srcset=\"https:\/\/spanienaktuell.net\/wordpress\/wp-content\/uploads\/2026\/08\/476195-16-scaled.jpg 1440w, https:\/\/spanienaktuell.net\/wordpress\/wp-content\/uploads\/2026\/08\/476195-16-300x200.jpg 300w, https:\/\/spanienaktuell.net\/wordpress\/wp-content\/uploads\/2026\/08\/476195-16-1024x683.jpg 1024w, https:\/\/spanienaktuell.net\/wordpress\/wp-content\/uploads\/2026\/08\/476195-16-768x512.jpg 768w, https:\/\/spanienaktuell.net\/wordpress\/wp-content\/uploads\/2026\/08\/476195-16-1536x1024.jpg 1536w, https:\/\/spanienaktuell.net\/wordpress\/wp-content\/uploads\/2026\/08\/476195-16-2048x1365.jpg 2048w, https:\/\/spanienaktuell.net\/wordpress\/wp-content\/uploads\/2026\/08\/476195-16-350x233.jpg 350w\" sizes=\"(max-width: 1440px) 100vw, 1440px\" \/><\/p>\n<p>Die Gamba Roja de Garrucha z\u00e4hlt zu den bekanntesten Delikatessen Almer\u00edas. Ihren hervorragenden Ruf verdankt sie den gro\u00dfen Fangtiefen des Mittelmeers, die dem Fleisch eine feine S\u00fc\u00dfe, feste Konsistenz und intensive Meeresaromen verleihen. Meist wird sie nur kurz gegrillt oder in Salzwasser gegart, damit ihr nat\u00fcrlicher Geschmack erhalten bleibt.<\/p>\n<p><strong>Weinempfehlung:<\/strong> Ein eleganter Chardonnay aus der DOP Laujar-Alpujarra begleitet die feinen Meeresaromen besonders harmonisch. Alternativ unterstreicht ein mineralischer Wei\u00dfwein aus Almer\u00eda die nat\u00fcrliche S\u00fc\u00dfe der Garnelen.<\/p>\n<p><strong>Gut zu wissen:<\/strong> Die Gamba Roja de Garrucha wird t\u00e4glich \u00fcber die Fischauktion des Hafens von Garrucha vermarktet und z\u00e4hlt zu den kulinarischen Wahrzeichen Almer\u00edas.<\/p>\n<p><strong>Pulpo Seco de Adra \u2013 Tradition mit Meeresaroma<\/strong><\/p>\n<p><img decoding=\"async\" class=\"aligncenter size-full wp-image-110048\" src=\"https:\/\/spanienaktuell.net\/wordpress\/wp-content\/uploads\/2026\/08\/476195-7-scaled.jpg\" alt=\"\" width=\"1279\" height=\"1080\" srcset=\"https:\/\/spanienaktuell.net\/wordpress\/wp-content\/uploads\/2026\/08\/476195-7-scaled.jpg 1279w, https:\/\/spanienaktuell.net\/wordpress\/wp-content\/uploads\/2026\/08\/476195-7-300x253.jpg 300w, https:\/\/spanienaktuell.net\/wordpress\/wp-content\/uploads\/2026\/08\/476195-7-1024x865.jpg 1024w, https:\/\/spanienaktuell.net\/wordpress\/wp-content\/uploads\/2026\/08\/476195-7-768x648.jpg 768w, https:\/\/spanienaktuell.net\/wordpress\/wp-content\/uploads\/2026\/08\/476195-7-1536x1297.jpg 1536w, https:\/\/spanienaktuell.net\/wordpress\/wp-content\/uploads\/2026\/08\/476195-7-2048x1729.jpg 2048w, https:\/\/spanienaktuell.net\/wordpress\/wp-content\/uploads\/2026\/08\/476195-7-350x296.jpg 350w\" sizes=\"(max-width: 1279px) 100vw, 1279px\" \/><\/p>\n<p>Der Pulpo Seco de Adra z\u00e4hlt zu den au\u00dfergew\u00f6hnlichsten Spezialit\u00e4ten der Provinz Almer\u00eda. In der K\u00fcstenstadt Adra wird der Oktopus nach traditioneller Methode zun\u00e4chst luftgetrocknet und anschlie\u00dfend schonend gegrillt. So entwickelt er sein intensives Meeresaroma und bleibt zugleich angenehm saftig. Serviert wird er meist mit nativem Oliven\u00f6l extra, etwas Meersalz und gelegentlich einem Spritzer Zitronensaft \u2013 eine einfache Zubereitung, die den nat\u00fcrlichen Geschmack in den Mittelpunkt stellt.<\/p>\n<p><strong>Weinempfehlung:<\/strong> Ein frischer Moscatel Seco oder ein mineralischer Wei\u00dfwein aus der DOP Laujar-Alpujarra begleitet die feinen R\u00f6staromen und das intensive Meeresaroma besonders harmonisch.<\/p>\n<p><strong>Gut zu wissen:<\/strong> Der Pulpo Seco de Adra geh\u00f6rt zu den \u00e4ltesten kulinarischen Traditionen der K\u00fcste Almer\u00edas. Das \u00fcberlieferte Trocknungsverfahren wird bis heute gepflegt und verleiht dieser regionalen Spezialit\u00e4t ihren unverwechselbaren Charakter.<\/p>\n<p><strong>Cherigan \u2013 Die Tapa aus Almer\u00eda<\/strong><\/p>\n<p><img decoding=\"async\" class=\"aligncenter size-full wp-image-110067\" src=\"https:\/\/spanienaktuell.net\/wordpress\/wp-content\/uploads\/2026\/08\/476195-27-scaled.jpg\" alt=\"\" width=\"1354\" height=\"1080\" srcset=\"https:\/\/spanienaktuell.net\/wordpress\/wp-content\/uploads\/2026\/08\/476195-27-scaled.jpg 1354w, https:\/\/spanienaktuell.net\/wordpress\/wp-content\/uploads\/2026\/08\/476195-27-300x239.jpg 300w, https:\/\/spanienaktuell.net\/wordpress\/wp-content\/uploads\/2026\/08\/476195-27-1024x817.jpg 1024w, https:\/\/spanienaktuell.net\/wordpress\/wp-content\/uploads\/2026\/08\/476195-27-768x613.jpg 768w, https:\/\/spanienaktuell.net\/wordpress\/wp-content\/uploads\/2026\/08\/476195-27-1536x1226.jpg 1536w, https:\/\/spanienaktuell.net\/wordpress\/wp-content\/uploads\/2026\/08\/476195-27-2048x1634.jpg 2048w, https:\/\/spanienaktuell.net\/wordpress\/wp-content\/uploads\/2026\/08\/476195-27-350x279.jpg 350w\" sizes=\"(max-width: 1354px) 100vw, 1354px\" \/><\/p>\n<p>Der Cherigan z\u00e4hlt zu den typischen Tapas der Provinz Almer\u00eda. Die ger\u00f6stete Brotscheibe wird traditionell mit Aioli bestrichen und anschlie\u00dfend je nach Variante mit Fisch, Schinken, K\u00e4se, gegrilltem Gem\u00fcse oder anderen regionalen Zutaten belegt. Gerade diese Vielfalt macht den Cherigan bis heute zu einem festen Bestandteil der Tapas-Kultur Almer\u00edas.<\/p>\n<p><strong>Weinempfehlung:<\/strong> Ein frischer Moscatel Seco oder ein leichter Wei\u00dfwein aus der DOP Laujar-Alpujarra harmonieren hervorragend mit den mediterranen Aromen des Cherigan.<\/p>\n<p><strong>Gut zu wissen:<\/strong> Der Cherigan entstand in den 1950er-Jahren und geh\u00f6rt heute zu den kulinarischen Wahrzeichen Almer\u00edas. Viele Bars und Restaurants servieren ihre eigene Interpretation des Klassikers.<\/p>\n<p><strong>Ja\u00e9n \u2013 Das Land des fl\u00fcssigen Goldes<\/strong><\/p>\n<p><img decoding=\"async\" class=\"aligncenter size-full wp-image-110062\" src=\"https:\/\/spanienaktuell.net\/wordpress\/wp-content\/uploads\/2026\/08\/476195-22-scaled.jpg\" alt=\"\" width=\"1440\" height=\"960\" srcset=\"https:\/\/spanienaktuell.net\/wordpress\/wp-content\/uploads\/2026\/08\/476195-22-scaled.jpg 1440w, https:\/\/spanienaktuell.net\/wordpress\/wp-content\/uploads\/2026\/08\/476195-22-300x200.jpg 300w, https:\/\/spanienaktuell.net\/wordpress\/wp-content\/uploads\/2026\/08\/476195-22-1024x683.jpg 1024w, https:\/\/spanienaktuell.net\/wordpress\/wp-content\/uploads\/2026\/08\/476195-22-768x512.jpg 768w, https:\/\/spanienaktuell.net\/wordpress\/wp-content\/uploads\/2026\/08\/476195-22-1536x1024.jpg 1536w, https:\/\/spanienaktuell.net\/wordpress\/wp-content\/uploads\/2026\/08\/476195-22-2048x1365.jpg 2048w, https:\/\/spanienaktuell.net\/wordpress\/wp-content\/uploads\/2026\/08\/476195-22-350x233.jpg 350w\" sizes=\"(max-width: 1440px) 100vw, 1440px\" \/><\/p>\n<p>Kaum eine Region Spaniens ist so eng mit Oliven\u00f6l verbunden wie die Provinz Ja\u00e9n. Zwischen endlosen Olivenhainen entstand eine bodenst\u00e4ndige K\u00fcche, in der hochwertiges natives Oliven\u00f6l extra bis heute die Hauptrolle spielt und traditionellen Gerichten ihren unverwechselbaren Charakter verleiht.<\/p>\n<p><strong>Pipirrana \u2013 Der Geschmack des andalusischen Sommers<\/strong><\/p>\n<p><img decoding=\"async\" class=\"aligncenter size-full wp-image-110053\" src=\"https:\/\/spanienaktuell.net\/wordpress\/wp-content\/uploads\/2026\/08\/476195-12-scaled.jpg\" alt=\"\" width=\"1080\" height=\"1080\" srcset=\"https:\/\/spanienaktuell.net\/wordpress\/wp-content\/uploads\/2026\/08\/476195-12-scaled.jpg 1080w, https:\/\/spanienaktuell.net\/wordpress\/wp-content\/uploads\/2026\/08\/476195-12-300x300.jpg 300w, https:\/\/spanienaktuell.net\/wordpress\/wp-content\/uploads\/2026\/08\/476195-12-1024x1024.jpg 1024w, https:\/\/spanienaktuell.net\/wordpress\/wp-content\/uploads\/2026\/08\/476195-12-150x150.jpg 150w, https:\/\/spanienaktuell.net\/wordpress\/wp-content\/uploads\/2026\/08\/476195-12-768x768.jpg 768w, https:\/\/spanienaktuell.net\/wordpress\/wp-content\/uploads\/2026\/08\/476195-12-1536x1536.jpg 1536w, https:\/\/spanienaktuell.net\/wordpress\/wp-content\/uploads\/2026\/08\/476195-12-2048x2048.jpg 2048w, https:\/\/spanienaktuell.net\/wordpress\/wp-content\/uploads\/2026\/08\/476195-12-350x350.jpg 350w, https:\/\/spanienaktuell.net\/wordpress\/wp-content\/uploads\/2026\/08\/476195-12-348x348.jpg 348w\" sizes=\"(max-width: 1080px) 100vw, 1080px\" \/><\/p>\n<p>Die Pipirrana z\u00e4hlt zu den kulinarischen Klassikern Ja\u00e9ns und \u00fcberzeugt durch ihre frische, unkomplizierte Zubereitung. Reife Tomaten, gr\u00fcne Paprika, Zwiebeln und hartgekochtes Ei verbinden sich mit hochwertigem nativem Oliven\u00f6l extra zu einem aromatischen Salat, der besonders an warmen Sommertagen gesch\u00e4tzt wird. Je nach Region erg\u00e4nzen Thunfisch oder Oliven das traditionelle Rezept.<\/p>\n<p><strong>Weinempfehlung:<\/strong> Ein frischer Verdejo oder ein leichter Wei\u00dfwein aus der DOP Sierra Sur de Ja\u00e9n begleitet die fruchtigen Aromen besonders harmonisch.<\/p>\n<p><strong>Gut zu wissen:<\/strong> Das native Oliven\u00f6l extra aus Ja\u00e9n z\u00e4hlt zu den renommiertesten der Welt und macht die Provinz zum gr\u00f6\u00dften zusammenh\u00e4ngenden Olivenanbaugebiet Europas.<\/p>\n<p><strong>Espinacas Esparragadas \u2013 W\u00fcrzige Tradition aus Ja\u00e9n<\/strong><\/p>\n<p><img decoding=\"async\" class=\"aligncenter size-full wp-image-110063\" src=\"https:\/\/spanienaktuell.net\/wordpress\/wp-content\/uploads\/2026\/08\/476195-23-scaled.jpg\" alt=\"\" width=\"1440\" height=\"960\" srcset=\"https:\/\/spanienaktuell.net\/wordpress\/wp-content\/uploads\/2026\/08\/476195-23-scaled.jpg 1440w, https:\/\/spanienaktuell.net\/wordpress\/wp-content\/uploads\/2026\/08\/476195-23-300x200.jpg 300w, https:\/\/spanienaktuell.net\/wordpress\/wp-content\/uploads\/2026\/08\/476195-23-1024x683.jpg 1024w, https:\/\/spanienaktuell.net\/wordpress\/wp-content\/uploads\/2026\/08\/476195-23-768x512.jpg 768w, https:\/\/spanienaktuell.net\/wordpress\/wp-content\/uploads\/2026\/08\/476195-23-1536x1024.jpg 1536w, https:\/\/spanienaktuell.net\/wordpress\/wp-content\/uploads\/2026\/08\/476195-23-2048x1365.jpg 2048w, https:\/\/spanienaktuell.net\/wordpress\/wp-content\/uploads\/2026\/08\/476195-23-350x233.jpg 350w\" sizes=\"(max-width: 1440px) 100vw, 1440px\" \/><\/p>\n<p>Die Espinacas Esparragadas geh\u00f6ren zu den klassischen Gem\u00fcsegerichten der Provinz Ja\u00e9n. Frischer Spinat wird mit einer w\u00fcrzigen Paste aus ger\u00f6stetem Brot, Knoblauch, Paprika und Kreuzk\u00fcmmel verfeinert. Trotz ihres Namens enth\u00e4lt die Spezialit\u00e4t keinen Spargel \u2013 die Bezeichnung \u201eesparragadas\u201c beschreibt die traditionelle Zubereitungsart. Je nach Rezept wird das Gericht mit einem Spiegelei serviert.<\/p>\n<p><strong>Weinempfehlung:<\/strong> Ein frischer Verdejo oder ein leichter Wei\u00dfwein aus der DOP Sierra Sur de Ja\u00e9n begleitet die w\u00fcrzigen Aromen besonders harmonisch.<\/p>\n<p><strong>Gut zu wissen:<\/strong> Die Espinacas Esparragadas stammen aus der einfachen Landk\u00fcche Andalusiens und zeigen, wie aus wenigen hochwertigen Zutaten ein charaktervolles Gericht entsteht.<\/p>\n<p><strong>Lomo de Orza \u2013 Andalusische Vorratsk\u00fcche<\/strong><\/p>\n<p><img decoding=\"async\" class=\"aligncenter size-full wp-image-110059\" src=\"https:\/\/spanienaktuell.net\/wordpress\/wp-content\/uploads\/2026\/08\/476195-18-scaled.jpg\" alt=\"\" width=\"1440\" height=\"960\" srcset=\"https:\/\/spanienaktuell.net\/wordpress\/wp-content\/uploads\/2026\/08\/476195-18-scaled.jpg 1440w, https:\/\/spanienaktuell.net\/wordpress\/wp-content\/uploads\/2026\/08\/476195-18-300x200.jpg 300w, https:\/\/spanienaktuell.net\/wordpress\/wp-content\/uploads\/2026\/08\/476195-18-1024x683.jpg 1024w, https:\/\/spanienaktuell.net\/wordpress\/wp-content\/uploads\/2026\/08\/476195-18-768x512.jpg 768w, https:\/\/spanienaktuell.net\/wordpress\/wp-content\/uploads\/2026\/08\/476195-18-1536x1024.jpg 1536w, https:\/\/spanienaktuell.net\/wordpress\/wp-content\/uploads\/2026\/08\/476195-18-2048x1365.jpg 2048w, https:\/\/spanienaktuell.net\/wordpress\/wp-content\/uploads\/2026\/08\/476195-18-350x233.jpg 350w\" sizes=\"(max-width: 1440px) 100vw, 1440px\" \/><\/p>\n<p>Der Lomo de Orza geh\u00f6rt zu den klassischen Fleischspezialit\u00e4ten Ja\u00e9ns. Schweinelende wird mit Paprika, Knoblauch und Gew\u00fcrzen mariniert, anschlie\u00dfend schonend gegart und traditionell in hochwertigem Oliven\u00f6l eingelegt. Das Ergebnis ist zartes Fleisch mit w\u00fcrzigem Aroma, das kalt oder leicht erw\u00e4rmt serviert wird.<\/p>\n<p><strong>Weinempfehlung:<\/strong> Ein junger Syrah oder ein fruchtbetonter Rotwein aus der DOP Sierra Sur de Ja\u00e9n erg\u00e4nzt die w\u00fcrzigen Paprikanoten besonders stimmig.<\/p>\n<p><strong>Gut zu wissen:<\/strong> Das Einlegen in Oliven\u00f6l diente urspr\u00fcnglich der Haltbarmachung und geh\u00f6rt bis heute zu den traditionellen Konservierungsmethoden der andalusischen K\u00fcche.<\/p>\n<p><strong>C\u00f3rdoba \u2013 Heimat gro\u00dfer Klassiker<\/strong><\/p>\n<p>Die Provinz C\u00f3rdoba verbindet arabisches Erbe, b\u00e4uerliche Tradition und gehobene Gastronomie zu einer der vielf\u00e4ltigsten Genussregionen Andalusiens. Viele ihrer Spezialit\u00e4ten genie\u00dfen weit \u00fcber die Region hinaus einen hervorragenden Ruf und stehen bis heute f\u00fcr authentischen Genuss.<\/p>\n<p><strong>Salmorejo Cordob\u00e9s \u2013 Cremiger Klassiker aus C\u00f3rdoba<\/strong><\/p>\n<p><strong><img decoding=\"async\" class=\"aligncenter size-full wp-image-110068\" src=\"https:\/\/spanienaktuell.net\/wordpress\/wp-content\/uploads\/2026\/08\/476195-28-scaled.jpg\" alt=\"\" width=\"1440\" height=\"960\" srcset=\"https:\/\/spanienaktuell.net\/wordpress\/wp-content\/uploads\/2026\/08\/476195-28-scaled.jpg 1440w, https:\/\/spanienaktuell.net\/wordpress\/wp-content\/uploads\/2026\/08\/476195-28-300x200.jpg 300w, https:\/\/spanienaktuell.net\/wordpress\/wp-content\/uploads\/2026\/08\/476195-28-1024x683.jpg 1024w, https:\/\/spanienaktuell.net\/wordpress\/wp-content\/uploads\/2026\/08\/476195-28-768x512.jpg 768w, https:\/\/spanienaktuell.net\/wordpress\/wp-content\/uploads\/2026\/08\/476195-28-1536x1024.jpg 1536w, https:\/\/spanienaktuell.net\/wordpress\/wp-content\/uploads\/2026\/08\/476195-28-2048x1366.jpg 2048w, https:\/\/spanienaktuell.net\/wordpress\/wp-content\/uploads\/2026\/08\/476195-28-350x233.jpg 350w\" sizes=\"(max-width: 1440px) 100vw, 1440px\" \/><\/strong><\/p>\n<p>Der Salmorejo Cordob\u00e9s gilt als kulinarisches Aush\u00e4ngeschild C\u00f3rdobas und geh\u00f6rt weit \u00fcber Andalusien hinaus zu den beliebtesten Kaltsuppen Spaniens. Reife Tomaten, Brot, hochwertiges natives Oliven\u00f6l extra, Knoblauch und etwas Salz werden zu einer besonders cremigen Kaltsuppe verarbeitet. Serviert mit fein gehacktem Serrano-Schinken und hartgekochtem Ei \u00fcberzeugt sie durch ihre samtige Konsistenz und ausgewogene Frische.<\/p>\n<p><strong>Weinempfehlung:<\/strong> Ein junger Pedro Xim\u00e9nez Seco oder ein frischer Wei\u00dfwein aus der DOP Montilla-Moriles begleitet die fruchtigen Aromen besonders harmonisch.<\/p>\n<p><strong>Gut zu wissen:<\/strong> Im Gegensatz zum Gazpacho wird Salmorejo ohne Gurken oder Paprika zubereitet und erh\u00e4lt durch Brot seine typisch samtige Konsistenz.<\/p>\n<p><strong>Flamenqu\u00edn \u2013 Knuspriger Genuss mit Tradition<\/strong><\/p>\n<p><img decoding=\"async\" class=\"aligncenter size-full wp-image-110066\" src=\"https:\/\/spanienaktuell.net\/wordpress\/wp-content\/uploads\/2026\/08\/476195-26-scaled.jpg\" alt=\"\" width=\"1440\" height=\"960\" srcset=\"https:\/\/spanienaktuell.net\/wordpress\/wp-content\/uploads\/2026\/08\/476195-26-scaled.jpg 1440w, https:\/\/spanienaktuell.net\/wordpress\/wp-content\/uploads\/2026\/08\/476195-26-300x200.jpg 300w, https:\/\/spanienaktuell.net\/wordpress\/wp-content\/uploads\/2026\/08\/476195-26-1024x683.jpg 1024w, https:\/\/spanienaktuell.net\/wordpress\/wp-content\/uploads\/2026\/08\/476195-26-768x512.jpg 768w, https:\/\/spanienaktuell.net\/wordpress\/wp-content\/uploads\/2026\/08\/476195-26-1536x1024.jpg 1536w, https:\/\/spanienaktuell.net\/wordpress\/wp-content\/uploads\/2026\/08\/476195-26-2048x1365.jpg 2048w, https:\/\/spanienaktuell.net\/wordpress\/wp-content\/uploads\/2026\/08\/476195-26-350x233.jpg 350w\" sizes=\"(max-width: 1440px) 100vw, 1440px\" \/><\/p>\n<p>Der Flamenqu\u00edn geh\u00f6rt zu den beliebtesten Fleischgerichten C\u00f3rdobas. D\u00fcnne Schweinefleischscheiben werden mit Serrano-Schinken gef\u00fcllt, gerollt, paniert und goldbraun ausgebacken. Au\u00dfen knusprig und innen saftig z\u00e4hlt er seit Generationen zu den Klassikern der regionalen K\u00fcche.<\/p>\n<p><strong>Weinempfehlung:<\/strong> Ein trockener Fino oder ein junger Wei\u00dfwein aus der DOP Montilla-Moriles harmoniert hervorragend mit der knusprigen Panade und der herzhaften F\u00fcllung.<\/p>\n<p><strong>Gut zu wissen:<\/strong> Der Name \u201eFlamenqu\u00edn\u201c soll auf die goldbraune Panade zur\u00fcckgehen, die an das helle Haar fl\u00e4mischer S\u00f6ldner erinnerte.<\/p>\n<p><strong>Alcachofas a la Montillana \u2013 Gem\u00fcseklassiker mit Weintradition<\/strong><\/p>\n<p><img decoding=\"async\" class=\"aligncenter size-full wp-image-110072\" src=\"https:\/\/spanienaktuell.net\/wordpress\/wp-content\/uploads\/2026\/08\/3541.png\" alt=\"\" width=\"864\" height=\"1080\" srcset=\"https:\/\/spanienaktuell.net\/wordpress\/wp-content\/uploads\/2026\/08\/3541.png 864w, https:\/\/spanienaktuell.net\/wordpress\/wp-content\/uploads\/2026\/08\/3541-240x300.png 240w, https:\/\/spanienaktuell.net\/wordpress\/wp-content\/uploads\/2026\/08\/3541-819x1024.png 819w, https:\/\/spanienaktuell.net\/wordpress\/wp-content\/uploads\/2026\/08\/3541-768x960.png 768w, https:\/\/spanienaktuell.net\/wordpress\/wp-content\/uploads\/2026\/08\/3541-350x437.png 350w\" sizes=\"(max-width: 864px) 100vw, 864px\" \/><\/p>\n<p>Die Alcachofas a la Montillana geh\u00f6ren zu den traditionsreichen Spezialit\u00e4ten der Provinz C\u00f3rdoba. Frische Artischocken werden schonend gegart und mit Knoblauch, Zwiebeln sowie \u2013 je nach traditioneller Variante \u2013 mit Serrano-Schinken und einem trockenen Wein aus der DOP Montilla-Moriles verfeinert. So entsteht ein aromatisches Gericht, das die feinen Gem\u00fcsearomen harmonisch mit der W\u00fcrze des Schinkens und den feinen Noten des Weins verbindet.<\/p>\n<p><strong>Weinempfehlung:<\/strong> Ein trockener Fino oder Pedro Xim\u00e9nez Seco aus der DOP Montilla-Moriles begleitet die feinen Aromen der Artischocken und die w\u00fcrzige Note des Serrano-Schinkens besonders harmonisch.<\/p>\n<p><strong>Gut zu wissen:<\/strong> Die Bezeichnung \u201ea la Montillana\u201c verweist auf die Weinregion Montilla-Moriles, deren trockene Wei\u00dfweine der Sauce ihren charakteristischen Geschmack verleihen.<\/p>\n<p><strong>Granada \u2013 Genuss zwischen Sierra und Alhambra<\/strong><\/p>\n<p>Die K\u00fcche Granadas verbindet die Einfl\u00fcsse der Alpujarras, der fruchtbaren Vega und des maurischen Erbes zu einer abwechslungsreichen Genusslandschaft. Kr\u00e4ftige Berggerichte, frisches Gem\u00fcse und traditionelle Familienrezepte pr\u00e4gen bis heute den kulinarischen Charakter der Provinz.<\/p>\n<p><strong>Huevos Rotos \u2013 Herzhaft aus Granada<\/strong><\/p>\n<p><img decoding=\"async\" class=\"aligncenter size-full wp-image-110069\" src=\"https:\/\/spanienaktuell.net\/wordpress\/wp-content\/uploads\/2026\/08\/476195-29.jpg\" alt=\"\" width=\"1440\" height=\"960\" srcset=\"https:\/\/spanienaktuell.net\/wordpress\/wp-content\/uploads\/2026\/08\/476195-29.jpg 1440w, https:\/\/spanienaktuell.net\/wordpress\/wp-content\/uploads\/2026\/08\/476195-29-300x200.jpg 300w, https:\/\/spanienaktuell.net\/wordpress\/wp-content\/uploads\/2026\/08\/476195-29-1024x683.jpg 1024w, https:\/\/spanienaktuell.net\/wordpress\/wp-content\/uploads\/2026\/08\/476195-29-768x512.jpg 768w, https:\/\/spanienaktuell.net\/wordpress\/wp-content\/uploads\/2026\/08\/476195-29-350x233.jpg 350w\" sizes=\"(max-width: 1440px) 100vw, 1440px\" \/><\/p>\n<p>Die Huevos Rotos geh\u00f6ren zu den beliebten Spezialit\u00e4ten Granadas. Knusprig gebratene Kartoffeln werden mit Spiegeleiern und luftgetrocknetem Schinken serviert. Erst beim Anschneiden verbindet sich das noch cremige Eigelb mit den Kartoffeln und verleiht dem Gericht seinen typisch herzhaften Charakter.<\/p>\n<p><strong>Weinempfehlung:<\/strong> Ein junger Garnacha oder ein fruchtiger Rotwein aus der DOP Granada harmoniert hervorragend mit den herzhaften Aromen.<\/p>\n<p><strong>Gut zu wissen:<\/strong> In Granada wird das Gericht h\u00e4ufig mit regionalem luftgetrocknetem Schinken serviert und z\u00e4hlt in vielen Restaurants zu den beliebten Klassikern der regionalen K\u00fcche.<\/p>\n<p><strong>Tortilla del Sacromonte \u2013 Granadas au\u00dfergew\u00f6hnliche Spezialit\u00e4t<\/strong><\/p>\n<p><img decoding=\"async\" class=\"aligncenter size-full wp-image-110050\" src=\"https:\/\/spanienaktuell.net\/wordpress\/wp-content\/uploads\/2026\/08\/476195-9-scaled.jpg\" alt=\"\" width=\"1440\" height=\"1080\" srcset=\"https:\/\/spanienaktuell.net\/wordpress\/wp-content\/uploads\/2026\/08\/476195-9-scaled.jpg 1440w, https:\/\/spanienaktuell.net\/wordpress\/wp-content\/uploads\/2026\/08\/476195-9-300x225.jpg 300w, https:\/\/spanienaktuell.net\/wordpress\/wp-content\/uploads\/2026\/08\/476195-9-1024x768.jpg 1024w, https:\/\/spanienaktuell.net\/wordpress\/wp-content\/uploads\/2026\/08\/476195-9-768x576.jpg 768w, https:\/\/spanienaktuell.net\/wordpress\/wp-content\/uploads\/2026\/08\/476195-9-1536x1152.jpg 1536w, https:\/\/spanienaktuell.net\/wordpress\/wp-content\/uploads\/2026\/08\/476195-9-2048x1536.jpg 2048w, https:\/\/spanienaktuell.net\/wordpress\/wp-content\/uploads\/2026\/08\/476195-9-350x262.jpg 350w\" sizes=\"(max-width: 1440px) 100vw, 1440px\" \/><\/p>\n<p>Die Tortilla del Sacromonte z\u00e4hlt zu den traditionsreichsten Gerichten Granadas. Neben Eiern geh\u00f6ren je nach traditioneller Rezeptur Kalbsbries, Hirn oder andere Innereien zu den klassischen Zutaten. Heute bieten viele Restaurants auch modern interpretierte Varianten an, die den urspr\u00fcnglichen Charakter des Gerichts bewahren.<\/p>\n<p><strong>Weinempfehlung:<\/strong> Ein junger Syrah oder ein ausgewogener Rotwein aus der DOP Granada begleitet die w\u00fcrzigen Aromen besonders stimmig.<\/p>\n<p><strong>Gut zu wissen:<\/strong> Ihren Namen verdankt die Spezialit\u00e4t dem historischen Stadtviertel Sacromonte, das f\u00fcr seine H\u00f6hlenwohnungen und seine lebendige Flamenco-Kultur bekannt ist.<\/p>\n<p><strong>Choto al Ajillo \u2013 Bergk\u00fcche aus Granada<\/strong><\/p>\n<p><img decoding=\"async\" class=\"aligncenter size-full wp-image-110064\" src=\"https:\/\/spanienaktuell.net\/wordpress\/wp-content\/uploads\/2026\/08\/476195-24-scaled.jpg\" alt=\"\" width=\"1440\" height=\"960\" srcset=\"https:\/\/spanienaktuell.net\/wordpress\/wp-content\/uploads\/2026\/08\/476195-24-scaled.jpg 1440w, https:\/\/spanienaktuell.net\/wordpress\/wp-content\/uploads\/2026\/08\/476195-24-300x200.jpg 300w, https:\/\/spanienaktuell.net\/wordpress\/wp-content\/uploads\/2026\/08\/476195-24-1024x683.jpg 1024w, https:\/\/spanienaktuell.net\/wordpress\/wp-content\/uploads\/2026\/08\/476195-24-768x512.jpg 768w, https:\/\/spanienaktuell.net\/wordpress\/wp-content\/uploads\/2026\/08\/476195-24-1536x1024.jpg 1536w, https:\/\/spanienaktuell.net\/wordpress\/wp-content\/uploads\/2026\/08\/476195-24-2048x1365.jpg 2048w, https:\/\/spanienaktuell.net\/wordpress\/wp-content\/uploads\/2026\/08\/476195-24-350x233.jpg 350w\" sizes=\"(max-width: 1440px) 100vw, 1440px\" \/><\/p>\n<p>Das Choto al Ajillo ist ein fester Bestandteil der traditionellen K\u00fcche Granadas. Das zarte Fleisch junger Ziegen wird mit reichlich Knoblauch, kleinen Zwiebeln oder Perlzwiebeln, nativem Oliven\u00f6l extra, Wei\u00dfwein und mediterranen Kr\u00e4utern bei niedriger Temperatur gegart. So entsteht ein aromatisches Gericht, das besonders in den Alpujarras seit Generationen zur traditionellen Bergk\u00fcche geh\u00f6rt.<\/p>\n<p><strong>Weinempfehlung:<\/strong> Ein junger Garnacha oder ein fruchtbetonter Rotwein aus der DOP Granada begleitet die w\u00fcrzigen Aromen und die feinen R\u00f6staromen des Fleisches besonders harmonisch.<\/p>\n<p><strong>Gut zu wissen:<\/strong> Die Ziegenhaltung besitzt in den Bergregionen Granadas eine jahrhundertealte Tradition und pr\u00e4gt bis heute viele regionale Spezialit\u00e4ten.<\/p>\n<p><strong>Sevilla \u2013 Wo Tapas zur Lebensart geh\u00f6ren<\/strong><\/p>\n<p>Sevilla gilt als Wiege der Tapas-Kultur. Zwischen historischen Altstadtgassen, traditionellen Bodegas und modernen Restaurants entstand eine K\u00fcche, in der nicht nur klassische Tapas, sondern auch viele traditionelle Fleisch- und Gem\u00fcsegerichte h\u00e4ufig in kleinen Portionen serviert werden. Genau diese Vielfalt pr\u00e4gt bis heute das Lebensgef\u00fchl und die unverwechselbare Genusskultur der andalusischen Hauptstadt.<\/p>\n<p><strong>Carrillada de Cerdo \u2013 Zart geschmorter Genuss aus Sevilla<\/strong><\/p>\n<p><img decoding=\"async\" class=\"aligncenter size-full wp-image-110054\" src=\"https:\/\/spanienaktuell.net\/wordpress\/wp-content\/uploads\/2026\/08\/476195-13-scaled.jpg\" alt=\"\" width=\"720\" height=\"1080\" srcset=\"https:\/\/spanienaktuell.net\/wordpress\/wp-content\/uploads\/2026\/08\/476195-13-scaled.jpg 720w, https:\/\/spanienaktuell.net\/wordpress\/wp-content\/uploads\/2026\/08\/476195-13-200x300.jpg 200w, https:\/\/spanienaktuell.net\/wordpress\/wp-content\/uploads\/2026\/08\/476195-13-683x1024.jpg 683w, https:\/\/spanienaktuell.net\/wordpress\/wp-content\/uploads\/2026\/08\/476195-13-768x1152.jpg 768w, https:\/\/spanienaktuell.net\/wordpress\/wp-content\/uploads\/2026\/08\/476195-13-1024x1536.jpg 1024w, https:\/\/spanienaktuell.net\/wordpress\/wp-content\/uploads\/2026\/08\/476195-13-1365x2048.jpg 1365w, https:\/\/spanienaktuell.net\/wordpress\/wp-content\/uploads\/2026\/08\/476195-13-350x525.jpg 350w\" sizes=\"(max-width: 720px) 100vw, 720px\" \/><\/p>\n<p>Die Carrillada de Cerdo geh\u00f6rt zu den beliebtesten Fleischgerichten Sevillas. Die Schweineb\u00e4ckchen werden langsam mit Zwiebeln, Knoblauch, Rotwein und aromatischen Kr\u00e4utern geschmort, bis das Fleisch besonders zart ist und nahezu auf der Zunge zergeht. Serviert mit cremigem Kartoffelp\u00fcree entsteht ein herzhaftes Gericht, das die andalusische Hausmannskost auf besonders genussvolle Weise widerspiegelt.<\/p>\n<p><strong>Weinempfehlung:<\/strong> Ein kr\u00e4ftiger Tempranillo oder ein fruchtbetonter Rotwein aus der IGP Vinos de la Tierra de C\u00e1diz begleitet die intensiven R\u00f6staromen und die aromatische Sauce besonders harmonisch.<\/p>\n<p><strong>Gut zu wissen:<\/strong> Die Carrillada z\u00e4hlt in vielen traditionellen Restaurants Sevillas zu den beliebtesten Schmorgerichten und gewinnt durch die lange Garzeit ihre au\u00dfergew\u00f6hnliche Zartheit.<\/p>\n<p><strong>Solomillo al Whisky \u2013 Sevillas Klassiker mit Whisky-Sauce<\/strong><\/p>\n<p><img decoding=\"async\" class=\"aligncenter size-full wp-image-110060\" src=\"https:\/\/spanienaktuell.net\/wordpress\/wp-content\/uploads\/2026\/08\/476195-19-scaled.jpg\" alt=\"\" width=\"1440\" height=\"960\" srcset=\"https:\/\/spanienaktuell.net\/wordpress\/wp-content\/uploads\/2026\/08\/476195-19-scaled.jpg 1440w, https:\/\/spanienaktuell.net\/wordpress\/wp-content\/uploads\/2026\/08\/476195-19-300x200.jpg 300w, https:\/\/spanienaktuell.net\/wordpress\/wp-content\/uploads\/2026\/08\/476195-19-1024x683.jpg 1024w, https:\/\/spanienaktuell.net\/wordpress\/wp-content\/uploads\/2026\/08\/476195-19-768x512.jpg 768w, https:\/\/spanienaktuell.net\/wordpress\/wp-content\/uploads\/2026\/08\/476195-19-1536x1024.jpg 1536w, https:\/\/spanienaktuell.net\/wordpress\/wp-content\/uploads\/2026\/08\/476195-19-2048x1365.jpg 2048w, https:\/\/spanienaktuell.net\/wordpress\/wp-content\/uploads\/2026\/08\/476195-19-350x233.jpg 350w\" sizes=\"(max-width: 1440px) 100vw, 1440px\" \/><\/p>\n<p>Das Solomillo al Whisky z\u00e4hlt zu den klassischen Spezialit\u00e4ten Sevillas. Zarte Schweinefiletmedaillons werden kurz angebraten und anschlie\u00dfend in einer aromatischen Sauce aus Knoblauch, Whisky, Zitronensaft und Br\u00fche vollendet. So entsteht ein saftiges Fleischgericht mit kr\u00e4ftigen R\u00f6staromen und feinw\u00fcrziger Sauce, das h\u00e4ufig mit Pommes frites oder Bratkartoffeln serviert wird. Zarte Schweinefiletmedaillons werden kurz angebraten und anschlie\u00dfend in einer aromatischen Sauce aus Knoblauch, Whisky, Zitronensaft und Br\u00fche vollendet. Das Ergebnis ist ein saftiges Fleischgericht mit kr\u00e4ftigen R\u00f6staromen und feinw\u00fcrziger Sauce, das h\u00e4ufig mit Pommes frites oder Bratkartoffeln serviert wird.<\/p>\n<p><strong>Weinempfehlung:<\/strong> Ein junger Syrah oder ein fruchtbetonter Rotwein aus der IGP Vinos de la Tierra de C\u00e1diz harmonieren hervorragend mit den w\u00fcrzigen R\u00f6staromen und der aromatischen Sauce.<\/p>\n<p><strong>Gut zu wissen:<\/strong> Trotz seines Namens stammt das Gericht nicht aus Schottland. Der Whisky dient als aromatische Zutat der Sauce und entwickelte sich in den Tapas-Bars Sevillas zu einem echten Klassiker.<\/p>\n<p><strong>Huevos a la Flamenca \u2013 Sevillas farbenfroher Klassiker<\/strong><\/p>\n<p><img decoding=\"async\" class=\"aligncenter size-full wp-image-110049\" src=\"https:\/\/spanienaktuell.net\/wordpress\/wp-content\/uploads\/2026\/08\/476195-8-scaled.jpg\" alt=\"\" width=\"1440\" height=\"790\" srcset=\"https:\/\/spanienaktuell.net\/wordpress\/wp-content\/uploads\/2026\/08\/476195-8-scaled.jpg 1440w, https:\/\/spanienaktuell.net\/wordpress\/wp-content\/uploads\/2026\/08\/476195-8-300x165.jpg 300w, https:\/\/spanienaktuell.net\/wordpress\/wp-content\/uploads\/2026\/08\/476195-8-1024x562.jpg 1024w, https:\/\/spanienaktuell.net\/wordpress\/wp-content\/uploads\/2026\/08\/476195-8-768x421.jpg 768w, https:\/\/spanienaktuell.net\/wordpress\/wp-content\/uploads\/2026\/08\/476195-8-1536x843.jpg 1536w, https:\/\/spanienaktuell.net\/wordpress\/wp-content\/uploads\/2026\/08\/476195-8-2048x1124.jpg 2048w, https:\/\/spanienaktuell.net\/wordpress\/wp-content\/uploads\/2026\/08\/476195-8-350x192.jpg 350w\" sizes=\"(max-width: 1440px) 100vw, 1440px\" \/><\/p>\n<p>Die Huevos a la Flamenca z\u00e4hlen seit Generationen zu den festen Bestandteilen der Sevillaner K\u00fcche. Im Ofen gegarte Eier werden mit Tomaten, Chorizo, Serrano-Schinken und saisonalem Gem\u00fcse kombiniert. So entsteht ein herzhaftes Gericht, das mit seinen kr\u00e4ftigen Farben und mediterranen Aromen die andalusische K\u00fcche eindrucksvoll widerspiegelt.<\/p>\n<p><strong>Weinempfehlung:<\/strong> Ein fruchtbetonter Rotwein aus der DOP Sierras de Sevilla oder ein junger Tempranillo harmonieren hervorragend mit den w\u00fcrzigen Aromen und der feinen Tomatensauce.<\/p>\n<p><strong>Gut zu wissen:<\/strong> Trotz ihres Namens besteht kein direkter Bezug zum Flamenco. Die Bezeichnung \u201ea la Flamenca\u201c soll auf die farbenfrohe Pr\u00e4sentation anspielen, die an die traditionellen Kleider andalusischer Flamenco-T\u00e4nzerinnen erinnert.<\/p>\n<p><strong>Huelva \u2013 Wo Atlantik und Dehesa zusammenkommen<\/strong><\/p>\n<p>Die K\u00fcche Huelvas verbindet die Sch\u00e4tze des Atlantiks mit den hochwertigen Produkten der weitl\u00e4ufigen Dehesas. Frische Meeresfr\u00fcchte, aromatischer Ib\u00e9rico-Schinken und traditionelle Fleischspezialit\u00e4ten pr\u00e4gen bis heute den unverwechselbaren Charakter der Provinz.<\/p>\n<p><strong>Coquinas de Huelva \u2013 Kleine Muscheln, gro\u00dfer Geschmack<\/strong><\/p>\n<p><img decoding=\"async\" class=\"aligncenter size-full wp-image-110074\" src=\"https:\/\/spanienaktuell.net\/wordpress\/wp-content\/uploads\/2026\/08\/476195-1-scaled.jpg\" alt=\"\" width=\"1440\" height=\"985\" srcset=\"https:\/\/spanienaktuell.net\/wordpress\/wp-content\/uploads\/2026\/08\/476195-1-scaled.jpg 1440w, https:\/\/spanienaktuell.net\/wordpress\/wp-content\/uploads\/2026\/08\/476195-1-300x205.jpg 300w, https:\/\/spanienaktuell.net\/wordpress\/wp-content\/uploads\/2026\/08\/476195-1-1024x701.jpg 1024w, https:\/\/spanienaktuell.net\/wordpress\/wp-content\/uploads\/2026\/08\/476195-1-768x525.jpg 768w, https:\/\/spanienaktuell.net\/wordpress\/wp-content\/uploads\/2026\/08\/476195-1-1536x1051.jpg 1536w, https:\/\/spanienaktuell.net\/wordpress\/wp-content\/uploads\/2026\/08\/476195-1-2048x1401.jpg 2048w, https:\/\/spanienaktuell.net\/wordpress\/wp-content\/uploads\/2026\/08\/476195-1-350x239.jpg 350w\" sizes=\"(max-width: 1440px) 100vw, 1440px\" \/><\/p>\n<p>Die Coquinas de Huelva geh\u00f6ren zu den kulinarischen Klassikern der Atlantikk\u00fcste Andalusiens. Die kleinen Venusmuscheln werden traditionell mit Knoblauch, Petersilie, nativem Oliven\u00f6l extra und einem Schuss Wei\u00dfwein sanft ged\u00fcnstet. Ihr zartes Fleisch und die feinen Meeresaromen machen sie zu einem Klassiker der regionalen K\u00fcche.<\/p>\n<p><strong>Weinempfehlung:<\/strong> Ein frischer Zalema aus der DOP Condado de Huelva oder ein mineralischer Wei\u00dfwein begleitet die feinen Meeresaromen besonders harmonisch.<\/p>\n<p><strong>Gut zu wissen:<\/strong> Die Coquinas werden entlang der Atlantikk\u00fcste Huelvas traditionell gesammelt und geh\u00f6ren zu den beliebtesten Muschelspezialit\u00e4ten Andalusiens.<\/p>\n<p><strong>Jam\u00f3n Ib\u00e9rico de Jabugo \u2013 Weltber\u00fchmter Schinkengenuss<\/strong><\/p>\n<p><img decoding=\"async\" class=\"aligncenter size-full wp-image-110058\" src=\"https:\/\/spanienaktuell.net\/wordpress\/wp-content\/uploads\/2026\/08\/476195-17-scaled.jpg\" alt=\"\" width=\"1440\" height=\"960\" srcset=\"https:\/\/spanienaktuell.net\/wordpress\/wp-content\/uploads\/2026\/08\/476195-17-scaled.jpg 1440w, https:\/\/spanienaktuell.net\/wordpress\/wp-content\/uploads\/2026\/08\/476195-17-300x200.jpg 300w, https:\/\/spanienaktuell.net\/wordpress\/wp-content\/uploads\/2026\/08\/476195-17-1024x683.jpg 1024w, https:\/\/spanienaktuell.net\/wordpress\/wp-content\/uploads\/2026\/08\/476195-17-768x512.jpg 768w, https:\/\/spanienaktuell.net\/wordpress\/wp-content\/uploads\/2026\/08\/476195-17-1536x1024.jpg 1536w, https:\/\/spanienaktuell.net\/wordpress\/wp-content\/uploads\/2026\/08\/476195-17-2048x1365.jpg 2048w, https:\/\/spanienaktuell.net\/wordpress\/wp-content\/uploads\/2026\/08\/476195-17-350x233.jpg 350w\" sizes=\"(max-width: 1440px) 100vw, 1440px\" \/><\/p>\n<p>Der Jam\u00f3n Ib\u00e9rico de Jabugo z\u00e4hlt zu den renommiertesten Schinkenspezialit\u00e4ten Spaniens. Die langsame Reifung und die nat\u00fcrliche Eichelmast der Iberischen Schweine verleihen ihm seine feine Marmorierung, zartschmelzende Textur und ein au\u00dfergew\u00f6hnlich komplexes Aroma.<\/p>\n<p><strong>Weinempfehlung:<\/strong> Ein gereifter Rotwein aus der DOP Condado de Huelva oder ein trockener Oloroso unterstreichen die nussigen Aromen besonders stimmig.<\/p>\n<p><strong>Gut zu wissen:<\/strong> Die gesch\u00fctzte Ursprungsbezeichnung Jabugo z\u00e4hlt zu den angesehensten Qualit\u00e4tsbezeichnungen f\u00fcr Ib\u00e9rico-Schinken weltweit.<\/p>\n<p><strong>Presa Ib\u00e9rica a la Brasa \u2013 Saftiger Genuss aus der Dehesa<\/strong><\/p>\n<p><img decoding=\"async\" class=\"aligncenter size-full wp-image-110056\" src=\"https:\/\/spanienaktuell.net\/wordpress\/wp-content\/uploads\/2026\/08\/476195-15-scaled.jpg\" alt=\"\" width=\"1440\" height=\"960\" srcset=\"https:\/\/spanienaktuell.net\/wordpress\/wp-content\/uploads\/2026\/08\/476195-15-scaled.jpg 1440w, https:\/\/spanienaktuell.net\/wordpress\/wp-content\/uploads\/2026\/08\/476195-15-300x200.jpg 300w, https:\/\/spanienaktuell.net\/wordpress\/wp-content\/uploads\/2026\/08\/476195-15-1024x683.jpg 1024w, https:\/\/spanienaktuell.net\/wordpress\/wp-content\/uploads\/2026\/08\/476195-15-768x512.jpg 768w, https:\/\/spanienaktuell.net\/wordpress\/wp-content\/uploads\/2026\/08\/476195-15-1536x1024.jpg 1536w, https:\/\/spanienaktuell.net\/wordpress\/wp-content\/uploads\/2026\/08\/476195-15-2048x1365.jpg 2048w, https:\/\/spanienaktuell.net\/wordpress\/wp-content\/uploads\/2026\/08\/476195-15-350x233.jpg 350w\" sizes=\"(max-width: 1440px) 100vw, 1440px\" \/><\/p>\n<p>Die Presa Ib\u00e9rica a la Brasa geh\u00f6rt zu den edelsten Fleischgerichten Huelvas. Das besonders fein marmorierte Teilst\u00fcck vom Iberischen Schwein wird \u00fcber offener Glut oder auf dem Grill zubereitet. Dadurch bleibt das Fleisch au\u00dfergew\u00f6hnlich saftig und entwickelt mit feinen R\u00f6staromen seinen unverwechselbaren Geschmack.<\/p>\n<p><strong>Weinempfehlung:<\/strong> Ein kr\u00e4ftiger Syrah oder ein gereifter Rotwein aus der DOP Condado de Huelva begleitet die intensiven R\u00f6staromen und die feine Marmorierung des Fleisches ausgezeichnet.<\/p>\n<p><strong>Gut zu wissen:<\/strong> Die Presa z\u00e4hlt zu den begehrtesten Teilst\u00fccken des Iberischen Schweins und wird wegen ihrer feinen Marmorierung von vielen Spitzenk\u00f6chen besonders gesch\u00e4tzt.<\/p>\n<p><strong>M\u00e1laga \u2013 Zwischen Mittelmeer, Bergen und mediterranem Genuss<\/strong><\/p>\n<p>Die Provinz M\u00e1laga verbindet traditionelle Fischk\u00fcche, das fruchtbare Hinterland und die Weinregion rund um die Axarqu\u00eda zu einer der abwechslungsreichsten Genusslandschaften Andalusiens. Neben fangfrischen Meeresfr\u00fcchten pr\u00e4gen hochwertige Fleischgerichte und regionale Spezialit\u00e4ten bis heute die K\u00fcche der Costa del Sol.<\/p>\n<p><strong>Concha Fina \u2013 M\u00e1lagas edle Meeresdelikatesse<\/strong><\/p>\n<p><img decoding=\"async\" class=\"aligncenter size-full wp-image-110075\" src=\"https:\/\/spanienaktuell.net\/wordpress\/wp-content\/uploads\/2026\/08\/476195-2.jpg\" alt=\"\" width=\"1440\" height=\"1080\" srcset=\"https:\/\/spanienaktuell.net\/wordpress\/wp-content\/uploads\/2026\/08\/476195-2.jpg 1440w, https:\/\/spanienaktuell.net\/wordpress\/wp-content\/uploads\/2026\/08\/476195-2-300x225.jpg 300w, https:\/\/spanienaktuell.net\/wordpress\/wp-content\/uploads\/2026\/08\/476195-2-1024x768.jpg 1024w, https:\/\/spanienaktuell.net\/wordpress\/wp-content\/uploads\/2026\/08\/476195-2-768x576.jpg 768w, https:\/\/spanienaktuell.net\/wordpress\/wp-content\/uploads\/2026\/08\/476195-2-350x263.jpg 350w\" sizes=\"(max-width: 1440px) 100vw, 1440px\" \/><\/p>\n<p>Die Concha Fina z\u00e4hlt zu den gefragtesten Spezialit\u00e4ten der Gastronomie M\u00e1lagas. Die flache Muschel \u00fcberzeugt mit ihrem feinen, leicht s\u00fc\u00dflichen Geschmack und ihrer zarten Textur. Traditionell wird sie naturbelassen serviert und lediglich mit wenigen Tropfen nativem Oliven\u00f6l extra, etwas Zitronensaft oder schwarzem Pfeffer verfeinert, damit ihr elegantes Meeresaroma voll zur Geltung kommt.<\/p>\n<p><strong>Weinempfehlung:<\/strong> Ein frischer Moscatel Seco aus der DOP Sierras de M\u00e1laga oder ein mineralischer Wei\u00dfwein begleitet die feinen Meeresaromen besonders harmonisch.<\/p>\n<p><strong>Gut zu wissen:<\/strong> Die Concha Fina entwickelte sich in den vergangenen Jahren zu einer der begehrtesten Delikatessen der gehobenen Gastronomie an der Costa del Sol und steht heute auf den Speisekarten zahlreicher Spitzenrestaurants.<\/p>\n<p><strong>Chivo Lechal Malague\u00f1o \u2013 Zarter Genuss aus den Bergen<\/strong><\/p>\n<p><img decoding=\"async\" class=\"aligncenter size-full wp-image-110055\" src=\"https:\/\/spanienaktuell.net\/wordpress\/wp-content\/uploads\/2026\/08\/476195-14-scaled.jpg\" alt=\"\" width=\"1440\" height=\"707\" srcset=\"https:\/\/spanienaktuell.net\/wordpress\/wp-content\/uploads\/2026\/08\/476195-14-scaled.jpg 1440w, https:\/\/spanienaktuell.net\/wordpress\/wp-content\/uploads\/2026\/08\/476195-14-300x147.jpg 300w, https:\/\/spanienaktuell.net\/wordpress\/wp-content\/uploads\/2026\/08\/476195-14-1024x503.jpg 1024w, https:\/\/spanienaktuell.net\/wordpress\/wp-content\/uploads\/2026\/08\/476195-14-768x377.jpg 768w, https:\/\/spanienaktuell.net\/wordpress\/wp-content\/uploads\/2026\/08\/476195-14-1536x754.jpg 1536w, https:\/\/spanienaktuell.net\/wordpress\/wp-content\/uploads\/2026\/08\/476195-14-2048x1005.jpg 2048w, https:\/\/spanienaktuell.net\/wordpress\/wp-content\/uploads\/2026\/08\/476195-14-350x172.jpg 350w\" sizes=\"(max-width: 1440px) 100vw, 1440px\" \/><\/p>\n<p>Das Chivo Lechal Malague\u00f1o z\u00e4hlt zu den traditionellen Fleischspezialit\u00e4ten M\u00e1lagas. Das zarte Fleisch der jungen Zicklein wird traditionell im Ofen oder langsam geschmort und lediglich mit Knoblauch, Kr\u00e4utern und hochwertigem Oliven\u00f6l verfeinert. So bleibt sein feiner Eigengeschmack vollst\u00e4ndig erhalten.<\/p>\n<p>Weinempfehlung: Ein eleganter Garnacha oder ein Rotwein aus der DOP Sierras de M\u00e1laga unterstreicht die feinen R\u00f6staromen besonders stimmig.<\/p>\n<p><strong>Gut zu wissen:<\/strong> Die Cabra Malague\u00f1a z\u00e4hlt zu den traditionsreichsten Ziegenrassen Spaniens und bildet bis heute die Grundlage zahlreicher regionaler Spezialit\u00e4ten.<\/p>\n<p><strong>Arroz Caldoso con Bogavante \u2013 Mediterraner Genuss auf h\u00f6chstem Niveau<\/strong><\/p>\n<p><img decoding=\"async\" class=\"aligncenter size-full wp-image-110047\" src=\"https:\/\/spanienaktuell.net\/wordpress\/wp-content\/uploads\/2026\/08\/476195-6-scaled.jpg\" alt=\"\" width=\"1440\" height=\"960\" srcset=\"https:\/\/spanienaktuell.net\/wordpress\/wp-content\/uploads\/2026\/08\/476195-6-scaled.jpg 1440w, https:\/\/spanienaktuell.net\/wordpress\/wp-content\/uploads\/2026\/08\/476195-6-300x200.jpg 300w, https:\/\/spanienaktuell.net\/wordpress\/wp-content\/uploads\/2026\/08\/476195-6-1024x683.jpg 1024w, https:\/\/spanienaktuell.net\/wordpress\/wp-content\/uploads\/2026\/08\/476195-6-768x512.jpg 768w, https:\/\/spanienaktuell.net\/wordpress\/wp-content\/uploads\/2026\/08\/476195-6-1536x1024.jpg 1536w, https:\/\/spanienaktuell.net\/wordpress\/wp-content\/uploads\/2026\/08\/476195-6-2048x1365.jpg 2048w, https:\/\/spanienaktuell.net\/wordpress\/wp-content\/uploads\/2026\/08\/476195-6-350x233.jpg 350w\" sizes=\"(max-width: 1440px) 100vw, 1440px\" \/><\/p>\n<p>Der Arroz Caldoso con Bogavante geh\u00f6rt zu den eindrucksvollsten Reisgerichten der K\u00fcste M\u00e1lagas. In aromatischem Fond gegarter Reis verbindet sich mit dem feinen Fleisch des Bogavante zu einer cremigen Spezialit\u00e4t, deren intensive Meeresaromen und kr\u00e4ftige Farbe zu den H\u00f6hepunkten der regionalen K\u00fcche z\u00e4hlen. Das Zusammenspiel aus hochwertigem Reis, edlem Hummer und mediterranen Gew\u00fcrzen macht dieses Gericht zu einem Fest f\u00fcr Genie\u00dfer.<\/p>\n<p><strong>Weinempfehlung:<\/strong> Ein eleganter Chardonnay oder ein frischer Wei\u00dfwein aus der DOP Sierras de M\u00e1laga begleitet die feinen Meeresaromen und die cremige Konsistenz des Gerichts ausgezeichnet.<\/p>\n<p><strong>Gut zu wissen:<\/strong> Der Bogavante (Europ\u00e4ischer Hummer) z\u00e4hlt zu den edelsten Krustentieren der spanischen K\u00fcche und wird besonders an der Mittelmeerk\u00fcste h\u00e4ufig f\u00fcr festliche Reisgerichte verwendet.<\/p>\n<p><img decoding=\"async\" class=\"aligncenter size-full wp-image-110046\" src=\"https:\/\/spanienaktuell.net\/wordpress\/wp-content\/uploads\/2026\/08\/476195-5-scaled.jpg\" alt=\"\" width=\"1440\" height=\"961\" srcset=\"https:\/\/spanienaktuell.net\/wordpress\/wp-content\/uploads\/2026\/08\/476195-5-scaled.jpg 1440w, https:\/\/spanienaktuell.net\/wordpress\/wp-content\/uploads\/2026\/08\/476195-5-300x200.jpg 300w, https:\/\/spanienaktuell.net\/wordpress\/wp-content\/uploads\/2026\/08\/476195-5-1024x684.jpg 1024w, https:\/\/spanienaktuell.net\/wordpress\/wp-content\/uploads\/2026\/08\/476195-5-768x513.jpg 768w, https:\/\/spanienaktuell.net\/wordpress\/wp-content\/uploads\/2026\/08\/476195-5-1536x1025.jpg 1536w, https:\/\/spanienaktuell.net\/wordpress\/wp-content\/uploads\/2026\/08\/476195-5-2048x1367.jpg 2048w, https:\/\/spanienaktuell.net\/wordpress\/wp-content\/uploads\/2026\/08\/476195-5-350x234.jpg 350w\" sizes=\"(max-width: 1440px) 100vw, 1440px\" \/><\/p>\n<p><em>Wir hoffen, unser kulinarischer Streifzug durch die sieben Provinzen Andalusiens hat Ihnen gefallen und Ihnen Anregungen f\u00fcr Ihren n\u00e4chsten Restaurantbesuch oder Ihre Reise durch Andalusien gegeben.<\/em><\/p>\n<p><strong><em>Guten Appetit und bis zum n\u00e4chsten Mal! <\/em><\/strong><strong><em>\u00a1Buen provecho y hasta la pr\u00f3xima!<\/em><\/strong><\/p>\n<p><em>Text \u2013 \u00a9 Cesar Certier \u2013 Spanien aktuell\u00ae <\/em><\/p>\n","protected":false},"excerpt":{"rendered":"<p>Andalusien begeistert nicht nur mit beeindruckenden Landschaften und historischen St\u00e4dten, sondern auch mit einer K\u00fcche voller regionaler Vielfalt. Zwischen Mittelmeer [&hellip;]<\/p>\n","protected":false},"author":3,"featured_media":110045,"comment_status":"closed","ping_status":"closed","sticky":false,"template":"","format":"standard","meta":{"footnotes":""},"categories":[24],"tags":[],"class_list":["post-110044","post","type-post","status-publish","format-standard","has-post-thumbnail","hentry","category-kulinarisch"],"yoast_head":"<!-- This site is optimized with the Yoast SEO plugin v27.1.1 - https:\/\/yoast.com\/product\/yoast-seo-wordpress\/ -->\n<title>Andalusien genie\u00dfen \u2013 21 Spezialit\u00e4ten aus sieben Provinzen - Spanien aktuell<\/title>\n<meta name=\"robots\" content=\"index, follow, max-snippet:-1, max-image-preview:large, max-video-preview:-1\" \/>\n<link rel=\"canonical\" href=\"https:\/\/spanienaktuell.net\/wordpress\/andalusien-geniesen-21-spezialitaten-aus-sieben-provinzen\/\" \/>\n<meta property=\"og:locale\" content=\"es_ES\" \/>\n<meta property=\"og:type\" content=\"article\" \/>\n<meta property=\"og:title\" content=\"Andalusien genie\u00dfen \u2013 21 Spezialit\u00e4ten aus sieben Provinzen - Spanien aktuell\" \/>\n<meta property=\"og:description\" content=\"Andalusien begeistert nicht nur mit beeindruckenden Landschaften und historischen St\u00e4dten, sondern auch mit einer K\u00fcche voller regionaler Vielfalt. Zwischen Mittelmeer [&hellip;]\" \/>\n<meta property=\"og:url\" content=\"https:\/\/spanienaktuell.net\/wordpress\/andalusien-geniesen-21-spezialitaten-aus-sieben-provinzen\/\" \/>\n<meta property=\"og:site_name\" content=\"Spanien aktuell\" \/>\n<meta property=\"article:published_time\" content=\"2026-08-31T22:16:57+00:00\" \/>\n<meta property=\"og:image\" content=\"https:\/\/spanienaktuell.net\/wordpress\/wp-content\/uploads\/2026\/08\/476195-4-scaled.jpg\" \/>\n\t<meta property=\"og:image:width\" content=\"1440\" \/>\n\t<meta property=\"og:image:height\" content=\"960\" \/>\n\t<meta property=\"og:image:type\" content=\"image\/jpeg\" \/>\n<meta name=\"author\" content=\"Spanien Aktuell\" \/>\n<meta name=\"twitter:card\" content=\"summary_large_image\" \/>\n<meta name=\"twitter:label1\" content=\"Escrito por\" \/>\n\t<meta name=\"twitter:data1\" content=\"Spanien Aktuell\" \/>\n\t<meta name=\"twitter:label2\" content=\"Tiempo de lectura\" \/>\n\t<meta name=\"twitter:data2\" content=\"18 minutos\" \/>\n<script type=\"application\/ld+json\" class=\"yoast-schema-graph\">{\"@context\":\"https:\/\/schema.org\",\"@graph\":[{\"@type\":\"Article\",\"@id\":\"https:\/\/spanienaktuell.net\/wordpress\/andalusien-geniesen-21-spezialitaten-aus-sieben-provinzen\/#article\",\"isPartOf\":{\"@id\":\"https:\/\/spanienaktuell.net\/wordpress\/andalusien-geniesen-21-spezialitaten-aus-sieben-provinzen\/\"},\"author\":{\"name\":\"Spanien Aktuell\",\"@id\":\"https:\/\/spanienaktuell.net\/wordpress\/#\/schema\/person\/bc410cfae0161b201d837ebfeeba7fd0\"},\"headline\":\"Andalusien genie\u00dfen \u2013 21 Spezialit\u00e4ten aus sieben Provinzen\",\"datePublished\":\"2026-08-31T22:16:57+00:00\",\"mainEntityOfPage\":{\"@id\":\"https:\/\/spanienaktuell.net\/wordpress\/andalusien-geniesen-21-spezialitaten-aus-sieben-provinzen\/\"},\"wordCount\":2896,\"publisher\":{\"@id\":\"https:\/\/spanienaktuell.net\/wordpress\/#organization\"},\"image\":{\"@id\":\"https:\/\/spanienaktuell.net\/wordpress\/andalusien-geniesen-21-spezialitaten-aus-sieben-provinzen\/#primaryimage\"},\"thumbnailUrl\":\"https:\/\/spanienaktuell.net\/wordpress\/wp-content\/uploads\/2026\/08\/476195-4-scaled.jpg\",\"articleSection\":[\"Kulinarisch\"],\"inLanguage\":\"es\"},{\"@type\":\"WebPage\",\"@id\":\"https:\/\/spanienaktuell.net\/wordpress\/andalusien-geniesen-21-spezialitaten-aus-sieben-provinzen\/\",\"url\":\"https:\/\/spanienaktuell.net\/wordpress\/andalusien-geniesen-21-spezialitaten-aus-sieben-provinzen\/\",\"name\":\"Andalusien genie\u00dfen \u2013 21 Spezialit\u00e4ten aus sieben Provinzen - Spanien aktuell\",\"isPartOf\":{\"@id\":\"https:\/\/spanienaktuell.net\/wordpress\/#website\"},\"primaryImageOfPage\":{\"@id\":\"https:\/\/spanienaktuell.net\/wordpress\/andalusien-geniesen-21-spezialitaten-aus-sieben-provinzen\/#primaryimage\"},\"image\":{\"@id\":\"https:\/\/spanienaktuell.net\/wordpress\/andalusien-geniesen-21-spezialitaten-aus-sieben-provinzen\/#primaryimage\"},\"thumbnailUrl\":\"https:\/\/spanienaktuell.net\/wordpress\/wp-content\/uploads\/2026\/08\/476195-4-scaled.jpg\",\"datePublished\":\"2026-08-31T22:16:57+00:00\",\"breadcrumb\":{\"@id\":\"https:\/\/spanienaktuell.net\/wordpress\/andalusien-geniesen-21-spezialitaten-aus-sieben-provinzen\/#breadcrumb\"},\"inLanguage\":\"es\",\"potentialAction\":[{\"@type\":\"ReadAction\",\"target\":[\"https:\/\/spanienaktuell.net\/wordpress\/andalusien-geniesen-21-spezialitaten-aus-sieben-provinzen\/\"]}]},{\"@type\":\"ImageObject\",\"inLanguage\":\"es\",\"@id\":\"https:\/\/spanienaktuell.net\/wordpress\/andalusien-geniesen-21-spezialitaten-aus-sieben-provinzen\/#primaryimage\",\"url\":\"https:\/\/spanienaktuell.net\/wordpress\/wp-content\/uploads\/2026\/08\/476195-4-scaled.jpg\",\"contentUrl\":\"https:\/\/spanienaktuell.net\/wordpress\/wp-content\/uploads\/2026\/08\/476195-4-scaled.jpg\",\"width\":1440,\"height\":960},{\"@type\":\"BreadcrumbList\",\"@id\":\"https:\/\/spanienaktuell.net\/wordpress\/andalusien-geniesen-21-spezialitaten-aus-sieben-provinzen\/#breadcrumb\",\"itemListElement\":[{\"@type\":\"ListItem\",\"position\":1,\"name\":\"Portada\",\"item\":\"https:\/\/spanienaktuell.net\/wordpress\/\"},{\"@type\":\"ListItem\",\"position\":2,\"name\":\"Andalusien genie\u00dfen \u2013 21 Spezialit\u00e4ten aus sieben Provinzen\"}]},{\"@type\":\"WebSite\",\"@id\":\"https:\/\/spanienaktuell.net\/wordpress\/#website\",\"url\":\"https:\/\/spanienaktuell.net\/wordpress\/\",\"name\":\"Spanien aktuell\",\"description\":\"The German magazine number 1 on the Costa del Sol\",\"publisher\":{\"@id\":\"https:\/\/spanienaktuell.net\/wordpress\/#organization\"},\"potentialAction\":[{\"@type\":\"SearchAction\",\"target\":{\"@type\":\"EntryPoint\",\"urlTemplate\":\"https:\/\/spanienaktuell.net\/wordpress\/?s={search_term_string}\"},\"query-input\":{\"@type\":\"PropertyValueSpecification\",\"valueRequired\":true,\"valueName\":\"search_term_string\"}}],\"inLanguage\":\"es\"},{\"@type\":\"Organization\",\"@id\":\"https:\/\/spanienaktuell.net\/wordpress\/#organization\",\"name\":\"Spanien aktuell\",\"url\":\"https:\/\/spanienaktuell.net\/wordpress\/\",\"logo\":{\"@type\":\"ImageObject\",\"inLanguage\":\"es\",\"@id\":\"https:\/\/spanienaktuell.net\/wordpress\/#\/schema\/logo\/image\/\",\"url\":\"https:\/\/spanienaktuell.net\/wordpress\/wp-content\/uploads\/2019\/06\/cropped-Logo-spanien-aktuell-png-web-e1561631085388.png\",\"contentUrl\":\"https:\/\/spanienaktuell.net\/wordpress\/wp-content\/uploads\/2019\/06\/cropped-Logo-spanien-aktuell-png-web-e1561631085388.png\",\"width\":512,\"height\":110,\"caption\":\"Spanien aktuell\"},\"image\":{\"@id\":\"https:\/\/spanienaktuell.net\/wordpress\/#\/schema\/logo\/image\/\"}},{\"@type\":\"Person\",\"@id\":\"https:\/\/spanienaktuell.net\/wordpress\/#\/schema\/person\/bc410cfae0161b201d837ebfeeba7fd0\",\"name\":\"Spanien Aktuell\",\"image\":{\"@type\":\"ImageObject\",\"inLanguage\":\"es\",\"@id\":\"https:\/\/spanienaktuell.net\/wordpress\/#\/schema\/person\/image\/\",\"url\":\"https:\/\/spanienaktuell.net\/wordpress\/wp-content\/uploads\/2019\/06\/cropped-Logo-spanien-aktuell-png-fav2-100x100.png\",\"contentUrl\":\"https:\/\/spanienaktuell.net\/wordpress\/wp-content\/uploads\/2019\/06\/cropped-Logo-spanien-aktuell-png-fav2-100x100.png\",\"caption\":\"Spanien Aktuell\"},\"url\":\"https:\/\/spanienaktuell.net\/wordpress\/author\/koalum\/\"}]}<\/script>\n<!-- \/ Yoast SEO plugin. -->","yoast_head_json":{"title":"Andalusien genie\u00dfen \u2013 21 Spezialit\u00e4ten aus sieben Provinzen - Spanien aktuell","robots":{"index":"index","follow":"follow","max-snippet":"max-snippet:-1","max-image-preview":"max-image-preview:large","max-video-preview":"max-video-preview:-1"},"canonical":"https:\/\/spanienaktuell.net\/wordpress\/andalusien-geniesen-21-spezialitaten-aus-sieben-provinzen\/","og_locale":"es_ES","og_type":"article","og_title":"Andalusien genie\u00dfen \u2013 21 Spezialit\u00e4ten aus sieben Provinzen - Spanien aktuell","og_description":"Andalusien begeistert nicht nur mit beeindruckenden Landschaften und historischen St\u00e4dten, sondern auch mit einer K\u00fcche voller regionaler Vielfalt. Zwischen Mittelmeer [&hellip;]","og_url":"https:\/\/spanienaktuell.net\/wordpress\/andalusien-geniesen-21-spezialitaten-aus-sieben-provinzen\/","og_site_name":"Spanien aktuell","article_published_time":"2026-08-31T22:16:57+00:00","og_image":[{"width":1440,"height":960,"url":"https:\/\/spanienaktuell.net\/wordpress\/wp-content\/uploads\/2026\/08\/476195-4-scaled.jpg","type":"image\/jpeg"}],"author":"Spanien Aktuell","twitter_card":"summary_large_image","twitter_misc":{"Escrito por":"Spanien Aktuell","Tiempo de lectura":"18 minutos"},"schema":{"@context":"https:\/\/schema.org","@graph":[{"@type":"Article","@id":"https:\/\/spanienaktuell.net\/wordpress\/andalusien-geniesen-21-spezialitaten-aus-sieben-provinzen\/#article","isPartOf":{"@id":"https:\/\/spanienaktuell.net\/wordpress\/andalusien-geniesen-21-spezialitaten-aus-sieben-provinzen\/"},"author":{"name":"Spanien Aktuell","@id":"https:\/\/spanienaktuell.net\/wordpress\/#\/schema\/person\/bc410cfae0161b201d837ebfeeba7fd0"},"headline":"Andalusien genie\u00dfen \u2013 21 Spezialit\u00e4ten aus sieben Provinzen","datePublished":"2026-08-31T22:16:57+00:00","mainEntityOfPage":{"@id":"https:\/\/spanienaktuell.net\/wordpress\/andalusien-geniesen-21-spezialitaten-aus-sieben-provinzen\/"},"wordCount":2896,"publisher":{"@id":"https:\/\/spanienaktuell.net\/wordpress\/#organization"},"image":{"@id":"https:\/\/spanienaktuell.net\/wordpress\/andalusien-geniesen-21-spezialitaten-aus-sieben-provinzen\/#primaryimage"},"thumbnailUrl":"https:\/\/spanienaktuell.net\/wordpress\/wp-content\/uploads\/2026\/08\/476195-4-scaled.jpg","articleSection":["Kulinarisch"],"inLanguage":"es"},{"@type":"WebPage","@id":"https:\/\/spanienaktuell.net\/wordpress\/andalusien-geniesen-21-spezialitaten-aus-sieben-provinzen\/","url":"https:\/\/spanienaktuell.net\/wordpress\/andalusien-geniesen-21-spezialitaten-aus-sieben-provinzen\/","name":"Andalusien genie\u00dfen \u2013 21 Spezialit\u00e4ten aus sieben Provinzen - Spanien aktuell","isPartOf":{"@id":"https:\/\/spanienaktuell.net\/wordpress\/#website"},"primaryImageOfPage":{"@id":"https:\/\/spanienaktuell.net\/wordpress\/andalusien-geniesen-21-spezialitaten-aus-sieben-provinzen\/#primaryimage"},"image":{"@id":"https:\/\/spanienaktuell.net\/wordpress\/andalusien-geniesen-21-spezialitaten-aus-sieben-provinzen\/#primaryimage"},"thumbnailUrl":"https:\/\/spanienaktuell.net\/wordpress\/wp-content\/uploads\/2026\/08\/476195-4-scaled.jpg","datePublished":"2026-08-31T22:16:57+00:00","breadcrumb":{"@id":"https:\/\/spanienaktuell.net\/wordpress\/andalusien-geniesen-21-spezialitaten-aus-sieben-provinzen\/#breadcrumb"},"inLanguage":"es","potentialAction":[{"@type":"ReadAction","target":["https:\/\/spanienaktuell.net\/wordpress\/andalusien-geniesen-21-spezialitaten-aus-sieben-provinzen\/"]}]},{"@type":"ImageObject","inLanguage":"es","@id":"https:\/\/spanienaktuell.net\/wordpress\/andalusien-geniesen-21-spezialitaten-aus-sieben-provinzen\/#primaryimage","url":"https:\/\/spanienaktuell.net\/wordpress\/wp-content\/uploads\/2026\/08\/476195-4-scaled.jpg","contentUrl":"https:\/\/spanienaktuell.net\/wordpress\/wp-content\/uploads\/2026\/08\/476195-4-scaled.jpg","width":1440,"height":960},{"@type":"BreadcrumbList","@id":"https:\/\/spanienaktuell.net\/wordpress\/andalusien-geniesen-21-spezialitaten-aus-sieben-provinzen\/#breadcrumb","itemListElement":[{"@type":"ListItem","position":1,"name":"Portada","item":"https:\/\/spanienaktuell.net\/wordpress\/"},{"@type":"ListItem","position":2,"name":"Andalusien genie\u00dfen \u2013 21 Spezialit\u00e4ten aus sieben Provinzen"}]},{"@type":"WebSite","@id":"https:\/\/spanienaktuell.net\/wordpress\/#website","url":"https:\/\/spanienaktuell.net\/wordpress\/","name":"Spanien aktuell","description":"The German magazine number 1 on the Costa del Sol","publisher":{"@id":"https:\/\/spanienaktuell.net\/wordpress\/#organization"},"potentialAction":[{"@type":"SearchAction","target":{"@type":"EntryPoint","urlTemplate":"https:\/\/spanienaktuell.net\/wordpress\/?s={search_term_string}"},"query-input":{"@type":"PropertyValueSpecification","valueRequired":true,"valueName":"search_term_string"}}],"inLanguage":"es"},{"@type":"Organization","@id":"https:\/\/spanienaktuell.net\/wordpress\/#organization","name":"Spanien aktuell","url":"https:\/\/spanienaktuell.net\/wordpress\/","logo":{"@type":"ImageObject","inLanguage":"es","@id":"https:\/\/spanienaktuell.net\/wordpress\/#\/schema\/logo\/image\/","url":"https:\/\/spanienaktuell.net\/wordpress\/wp-content\/uploads\/2019\/06\/cropped-Logo-spanien-aktuell-png-web-e1561631085388.png","contentUrl":"https:\/\/spanienaktuell.net\/wordpress\/wp-content\/uploads\/2019\/06\/cropped-Logo-spanien-aktuell-png-web-e1561631085388.png","width":512,"height":110,"caption":"Spanien aktuell"},"image":{"@id":"https:\/\/spanienaktuell.net\/wordpress\/#\/schema\/logo\/image\/"}},{"@type":"Person","@id":"https:\/\/spanienaktuell.net\/wordpress\/#\/schema\/person\/bc410cfae0161b201d837ebfeeba7fd0","name":"Spanien Aktuell","image":{"@type":"ImageObject","inLanguage":"es","@id":"https:\/\/spanienaktuell.net\/wordpress\/#\/schema\/person\/image\/","url":"https:\/\/spanienaktuell.net\/wordpress\/wp-content\/uploads\/2019\/06\/cropped-Logo-spanien-aktuell-png-fav2-100x100.png","contentUrl":"https:\/\/spanienaktuell.net\/wordpress\/wp-content\/uploads\/2019\/06\/cropped-Logo-spanien-aktuell-png-fav2-100x100.png","caption":"Spanien Aktuell"},"url":"https:\/\/spanienaktuell.net\/wordpress\/author\/koalum\/"}]}},"_links":{"self":[{"href":"https:\/\/spanienaktuell.net\/wordpress\/wp-json\/wp\/v2\/posts\/110044","targetHints":{"allow":["GET"]}}],"collection":[{"href":"https:\/\/spanienaktuell.net\/wordpress\/wp-json\/wp\/v2\/posts"}],"about":[{"href":"https:\/\/spanienaktuell.net\/wordpress\/wp-json\/wp\/v2\/types\/post"}],"author":[{"embeddable":true,"href":"https:\/\/spanienaktuell.net\/wordpress\/wp-json\/wp\/v2\/users\/3"}],"replies":[{"embeddable":true,"href":"https:\/\/spanienaktuell.net\/wordpress\/wp-json\/wp\/v2\/comments?post=110044"}],"version-history":[{"count":1,"href":"https:\/\/spanienaktuell.net\/wordpress\/wp-json\/wp\/v2\/posts\/110044\/revisions"}],"predecessor-version":[{"id":110077,"href":"https:\/\/spanienaktuell.net\/wordpress\/wp-json\/wp\/v2\/posts\/110044\/revisions\/110077"}],"wp:featuredmedia":[{"embeddable":true,"href":"https:\/\/spanienaktuell.net\/wordpress\/wp-json\/wp\/v2\/media\/110045"}],"wp:attachment":[{"href":"https:\/\/spanienaktuell.net\/wordpress\/wp-json\/wp\/v2\/media?parent=110044"}],"wp:term":[{"taxonomy":"category","embeddable":true,"href":"https:\/\/spanienaktuell.net\/wordpress\/wp-json\/wp\/v2\/categories?post=110044"},{"taxonomy":"post_tag","embeddable":true,"href":"https:\/\/spanienaktuell.net\/wordpress\/wp-json\/wp\/v2\/tags?post=110044"}],"curies":[{"name":"wp","href":"https:\/\/api.w.org\/{rel}","templated":true}]}}