{"id":110078,"date":"2026-09-01T00:15:25","date_gmt":"2026-08-31T22:15:25","guid":{"rendered":"https:\/\/spanienaktuell.net\/wordpress\/?p=110078"},"modified":"2026-08-25T11:39:18","modified_gmt":"2026-08-25T09:39:18","slug":"outdoortrends-september-2026","status":"publish","type":"post","link":"https:\/\/spanienaktuell.net\/wordpress\/outdoortrends-september-2026\/","title":{"rendered":"Outdoortrends September 2026"},"content":{"rendered":"<p><strong>Indian Chief Vintage Sturgis SD Edition \u2013 Hommage an eine Motorradlegende<\/strong><\/p>\n<p><img decoding=\"async\" class=\"aligncenter size-full wp-image-110081\" src=\"https:\/\/spanienaktuell.net\/wordpress\/wp-content\/uploads\/2026\/08\/chief-vintage-sturgis-header.jpg\" alt=\"\" width=\"1119\" height=\"600\" srcset=\"https:\/\/spanienaktuell.net\/wordpress\/wp-content\/uploads\/2026\/08\/chief-vintage-sturgis-header.jpg 1119w, https:\/\/spanienaktuell.net\/wordpress\/wp-content\/uploads\/2026\/08\/chief-vintage-sturgis-header-300x161.jpg 300w, https:\/\/spanienaktuell.net\/wordpress\/wp-content\/uploads\/2026\/08\/chief-vintage-sturgis-header-1024x549.jpg 1024w, https:\/\/spanienaktuell.net\/wordpress\/wp-content\/uploads\/2026\/08\/chief-vintage-sturgis-header-768x412.jpg 768w, https:\/\/spanienaktuell.net\/wordpress\/wp-content\/uploads\/2026\/08\/chief-vintage-sturgis-header-350x188.jpg 350w\" sizes=\"(max-width: 1119px) 100vw, 1119px\" \/><\/p>\n<p>Mit der Chief Vintage Sturgis SD Edition erinnert Indian Motorcycle an die Anf\u00e4nge der legend\u00e4ren Sturgis Motorcycle Rally und zugleich an 125 Jahre Indian Motorcycle. Weltweit entstehen nur 125 nummerierte Exemplare. Die klassisch gestaltete Maschine tr\u00e4gt eine markante Rot-Creme-Lackierung, historische Logos und die Startnummer 56, die an die fr\u00fchen Rennmaschinen der Marke erinnert. Unter dem nostalgischen Auftritt arbeitet ein luftgek\u00fchlter 1,9-Liter-V2 mit 90 PS und 156 Nm. Speichenr\u00e4der, Solositz und drei Fahrmodi verbinden klassischen Charakter mit moderner Technik \u2013 ein echtes Sammlerst\u00fcck f\u00fcr Liebhaber amerikanischer Motorradgeschichte. <strong>Weitere Informationen finden Sie auf <\/strong><span style=\"color: #0000ff;\"><a style=\"color: #0000ff;\" href=\"http:\/\/www.indianmotorcycle.es\"><strong>www.indianmotorcycle.es<\/strong><\/a><\/span><\/p>\n<p>&nbsp;<\/p>\n<p><strong>Frauscher x Porsche 790 Spectre \u2013 Sportwagen-Performance auf dem Wasser<\/strong><\/p>\n<p><img decoding=\"async\" class=\"aligncenter size-full wp-image-110079\" src=\"https:\/\/spanienaktuell.net\/wordpress\/wp-content\/uploads\/2026\/08\/329280_6000x4500-scaled.jpg\" alt=\"\" width=\"1440\" height=\"810\" srcset=\"https:\/\/spanienaktuell.net\/wordpress\/wp-content\/uploads\/2026\/08\/329280_6000x4500-scaled.jpg 1440w, https:\/\/spanienaktuell.net\/wordpress\/wp-content\/uploads\/2026\/08\/329280_6000x4500-300x169.jpg 300w, https:\/\/spanienaktuell.net\/wordpress\/wp-content\/uploads\/2026\/08\/329280_6000x4500-1024x576.jpg 1024w, https:\/\/spanienaktuell.net\/wordpress\/wp-content\/uploads\/2026\/08\/329280_6000x4500-768x432.jpg 768w, https:\/\/spanienaktuell.net\/wordpress\/wp-content\/uploads\/2026\/08\/329280_6000x4500-1536x865.jpg 1536w, https:\/\/spanienaktuell.net\/wordpress\/wp-content\/uploads\/2026\/08\/329280_6000x4500-2048x1153.jpg 2048w, https:\/\/spanienaktuell.net\/wordpress\/wp-content\/uploads\/2026\/08\/329280_6000x4500-350x197.jpg 350w\" sizes=\"(max-width: 1440px) 100vw, 1440px\" \/><\/p>\n<p>Mit der 790 Spectre verbinden Frauscher und Porsche \u00f6sterreichischen Yachtbau mit der Technologie des vollelektrischen Porsche Macan. Das rund 7,97 Meter lange Sportboot wurde komplett um den Porsche-Antrieb entwickelt und bietet bis zu 400 kW (544 PS) Leistung sowie eine H\u00f6chstgeschwindigkeit von rund 95 km\/h. Die 100-kWh-Batterie erm\u00f6glicht je nach Fahrweise bis zu 45 km Reichweite bei Cruising-Geschwindigkeit und \u00fcber 100 km im Verdr\u00e4ngerbetrieb. Porsche-typische Details, individuelle Lackierungen bis Paint-to-Sample und ein hochwertiges Interieur machen die 790 Spectre zu einem au\u00dfergew\u00f6hnlichen Luxus-Sportboot f\u00fcr sechs Personen. <strong>Weitere Informationen finden Sie auf <\/strong><span style=\"color: #0000ff;\"><a style=\"color: #0000ff;\" href=\"http:\/\/www.frauscherxporsche.com\"><strong>www.frauscherxporsche.com<\/strong><\/a><\/span><\/p>\n<p>&nbsp;<\/p>\n<p><strong>Coboc Merano XV \u2013 15 Jahre Leichtigkeit<\/strong><\/p>\n<p><img decoding=\"async\" class=\"aligncenter size-full wp-image-110082\" src=\"https:\/\/spanienaktuell.net\/wordpress\/wp-content\/uploads\/2026\/08\/Coboc-Merano-XV_DMT-02-scaled.jpg\" alt=\"\" width=\"1440\" height=\"960\" srcset=\"https:\/\/spanienaktuell.net\/wordpress\/wp-content\/uploads\/2026\/08\/Coboc-Merano-XV_DMT-02-scaled.jpg 1440w, https:\/\/spanienaktuell.net\/wordpress\/wp-content\/uploads\/2026\/08\/Coboc-Merano-XV_DMT-02-300x200.jpg 300w, https:\/\/spanienaktuell.net\/wordpress\/wp-content\/uploads\/2026\/08\/Coboc-Merano-XV_DMT-02-1024x683.jpg 1024w, https:\/\/spanienaktuell.net\/wordpress\/wp-content\/uploads\/2026\/08\/Coboc-Merano-XV_DMT-02-768x512.jpg 768w, https:\/\/spanienaktuell.net\/wordpress\/wp-content\/uploads\/2026\/08\/Coboc-Merano-XV_DMT-02-1536x1024.jpg 1536w, https:\/\/spanienaktuell.net\/wordpress\/wp-content\/uploads\/2026\/08\/Coboc-Merano-XV_DMT-02-2048x1365.jpg 2048w, https:\/\/spanienaktuell.net\/wordpress\/wp-content\/uploads\/2026\/08\/Coboc-Merano-XV_DMT-02-350x233.jpg 350w\" sizes=\"(max-width: 1440px) 100vw, 1440px\" \/><\/p>\n<p>Zum 15-j\u00e4hrigen Jubil\u00e4um pr\u00e4sentiert die deutsche <strong>E-Bike-Marke Coboc <\/strong>aus <strong>Heidelberg <\/strong>das Merano XV in streng limitierter Sonderedition. Das leichte E-Bike verbindet minimalistisches Design mit Alltagstauglichkeit und bringt gerade einmal 15,6 kg auf die Waage. Der 360-Wh-Akku erm\u00f6glicht je nach Einsatz eine Reichweite von 70 bis \u00fcber 100 km, w\u00e4hrend der 250-W-Antrieb mit bis zu 500 W Leistungsspitze f\u00fcr agiles Vorankommen sorgt. Eloxierte Details, handgen\u00e4hte Ledergriffe und Sattel sowie die exklusiven Jubil\u00e4umsfarben San Ros\u00e9 und Earl Green machen das Merano XV zu einem stilvollen Einzelst\u00fcck f\u00fcr Stadt und Auszeit.<\/p>\n<p><strong>Weitere Informationen finden Sie auf\u00a0 <\/strong><span style=\"color: #0000ff;\"><a style=\"color: #0000ff;\" href=\"http:\/\/www.coboc.biz\"><strong>www.coboc.biz<\/strong><\/a><\/span><\/p>\n<p>&nbsp;<\/p>\n<p><strong>Naish ADX NVision \u2013 Leichtbau f\u00fcr maximale Performance<\/strong><\/p>\n<p><img decoding=\"async\" class=\"aligncenter size-full wp-image-110083\" src=\"https:\/\/spanienaktuell.net\/wordpress\/wp-content\/uploads\/2026\/08\/NAISH.png\" alt=\"\" width=\"1063\" height=\"634\" srcset=\"https:\/\/spanienaktuell.net\/wordpress\/wp-content\/uploads\/2026\/08\/NAISH.png 1063w, https:\/\/spanienaktuell.net\/wordpress\/wp-content\/uploads\/2026\/08\/NAISH-300x179.png 300w, https:\/\/spanienaktuell.net\/wordpress\/wp-content\/uploads\/2026\/08\/NAISH-1024x611.png 1024w, https:\/\/spanienaktuell.net\/wordpress\/wp-content\/uploads\/2026\/08\/NAISH-768x458.png 768w, https:\/\/spanienaktuell.net\/wordpress\/wp-content\/uploads\/2026\/08\/NAISH-350x209.png 350w\" sizes=\"(max-width: 1063px) 100vw, 1063px\" \/><\/p>\n<p>Die ADX NVision ist das High-Performance-Wing von Naish und wurde f\u00fcr maximale Geschwindigkeit, direkte Kontrolle und geringes Gewicht entwickelt. Der extrem leichte und steife Aluula-Rahmen verbessert Pump-Effizienz und Stabilit\u00e4t, w\u00e4hrend der Carbon-Boom f\u00fcr pr\u00e4zise Kraft\u00fcbertragung sorgt. Ein reduzierter Durchmesser der Leading Edge, ergonomische Strut-Geometrie und das neue Radial-Panel-Layout mit Dual-Luff-Panels optimieren Handling und Haltbarkeit. In Gr\u00f6\u00dfen von 3,5 bis 7,0 m\u00b2 erh\u00e4ltlich, richtet sich die NVision an anspruchsvolle Wingfoiler, die bei Freeride, Freestyle und schnellen Foil-Sessions keine Kompromisse eingehen m\u00f6chten. <strong>Weitere Informationen finden Sie auf \u00a0<\/strong><span style=\"color: #0000ff;\"><a style=\"color: #0000ff;\" href=\"http:\/\/www.naish.com\"><strong>www.naish.com<\/strong><\/a><\/span><\/p>\n<p>&nbsp;<\/p>\n<p><strong>Zempire Aerospeed 6 \u2013 Camping neu gedacht<\/strong><\/p>\n<p><img decoding=\"async\" class=\"aligncenter size-full wp-image-110085\" src=\"https:\/\/spanienaktuell.net\/wordpress\/wp-content\/uploads\/2026\/08\/ZELT.png\" alt=\"\" width=\"1063\" height=\"589\" srcset=\"https:\/\/spanienaktuell.net\/wordpress\/wp-content\/uploads\/2026\/08\/ZELT.png 1063w, https:\/\/spanienaktuell.net\/wordpress\/wp-content\/uploads\/2026\/08\/ZELT-300x166.png 300w, https:\/\/spanienaktuell.net\/wordpress\/wp-content\/uploads\/2026\/08\/ZELT-1024x567.png 1024w, https:\/\/spanienaktuell.net\/wordpress\/wp-content\/uploads\/2026\/08\/ZELT-768x426.png 768w, https:\/\/spanienaktuell.net\/wordpress\/wp-content\/uploads\/2026\/08\/ZELT-350x194.png 350w\" sizes=\"(max-width: 1063px) 100vw, 1063px\" \/><\/p>\n<p>Das Zempire Aerospeed 6 bringt Komfort und schnellen Aufbau zusammen. Das aufblasbare 6-Personen-Zelt steht dank Air-Frame-Technik in weniger als zwei Minuten und kommt ohne herk\u00f6mmliches Gest\u00e4nge aus. Mit 2,05 Metern Innenh\u00f6he, gro\u00dfz\u00fcgigem Raumangebot und einem Gewicht von nur 10,8 kg verbindet es viel Platz mit \u00fcberraschend einfachem Transport. Zwei gro\u00dfe Eing\u00e4nge erleichtern den Zugang, w\u00e4hrend das robuste Dura-Core-Gewebe Schutz und Langlebigkeit bietet. Ein modernes Campingzelt f\u00fcr alle, die Komfort, Funktionalit\u00e4t und unkomplizierten Aufbau verbinden m\u00f6chten. <strong>Weitere Informationen finden Sie auf\u00a0 <span style=\"color: #0000ff;\"><a style=\"color: #0000ff;\" href=\"https:\/\/zempire.eu\">https:\/\/zempire.eu<\/a><\/span><\/strong><\/p>\n<p>&nbsp;<\/p>\n<p><strong>Can-Am Outlander Electric \u2013 Leise Kraft f\u00fcrs Gel\u00e4nde<\/strong><\/p>\n<p><img decoding=\"async\" class=\"aligncenter size-full wp-image-110080\" src=\"https:\/\/spanienaktuell.net\/wordpress\/wp-content\/uploads\/2026\/08\/CAN-AM.png\" alt=\"\" width=\"1063\" height=\"865\" srcset=\"https:\/\/spanienaktuell.net\/wordpress\/wp-content\/uploads\/2026\/08\/CAN-AM.png 1063w, https:\/\/spanienaktuell.net\/wordpress\/wp-content\/uploads\/2026\/08\/CAN-AM-300x244.png 300w, https:\/\/spanienaktuell.net\/wordpress\/wp-content\/uploads\/2026\/08\/CAN-AM-1024x833.png 1024w, https:\/\/spanienaktuell.net\/wordpress\/wp-content\/uploads\/2026\/08\/CAN-AM-768x625.png 768w, https:\/\/spanienaktuell.net\/wordpress\/wp-content\/uploads\/2026\/08\/CAN-AM-350x285.png 350w\" sizes=\"(max-width: 1063px) 100vw, 1063px\" \/><\/p>\n<p>Mit dem Outlander Electric bringt Can-Am 2026 ein vollelektrisches ATV auf den Markt, das Leistung und nahezu ger\u00e4uschlosen Betrieb verbindet. Der Rotax E-Power-Antrieb liefert 47 PS und 72 Nm Drehmoment, w\u00e4hrend der w\u00e4hlbare Zwei- oder Vierradantrieb auch anspruchsvolles Gel\u00e4nde souver\u00e4n meistert. Bis zu 80 km Reichweite und eine Ladezeit von rund 50 Minuten von 20 auf 80 Prozent machen das ATV alltagstauglich. Dazu kommen 30,5 cm Bodenfreiheit, gro\u00dfz\u00fcgige Federwege und drei Fahrmodi. Ein ungew\u00f6hnliches Offroad-Erlebnis mit elektrischer Kraft \u2013 und deutlich weniger L\u00e4rm.\u00a0 <strong>Weitere Informationen finden Sie auf\u00a0<\/strong><span style=\"color: #0000ff;\"><a style=\"color: #0000ff;\" href=\"https:\/\/can-am.brp.com\"><strong>https:\/\/can-am.brp.com<\/strong><\/a><\/span><\/p>\n","protected":false},"excerpt":{"rendered":"<p>Indian Chief Vintage Sturgis SD Edition \u2013 Hommage an eine Motorradlegende Mit der Chief Vintage Sturgis SD Edition erinnert Indian [&hellip;]<\/p>\n","protected":false},"author":3,"featured_media":110083,"comment_status":"closed","ping_status":"closed","sticky":false,"template":"","format":"standard","meta":{"footnotes":""},"categories":[33],"tags":[],"class_list":["post-110078","post","type-post","status-publish","format-standard","has-post-thumbnail","hentry","category-trends"],"yoast_head":"<!-- This site is optimized with the Yoast SEO plugin v27.1.1 - https:\/\/yoast.com\/product\/yoast-seo-wordpress\/ -->\n<title>Outdoortrends September 2026 - Spanien aktuell<\/title>\n<meta name=\"robots\" content=\"index, follow, max-snippet:-1, max-image-preview:large, max-video-preview:-1\" \/>\n<link rel=\"canonical\" href=\"https:\/\/spanienaktuell.net\/wordpress\/outdoortrends-september-2026\/\" \/>\n<meta property=\"og:locale\" content=\"es_ES\" \/>\n<meta property=\"og:type\" content=\"article\" \/>\n<meta property=\"og:title\" content=\"Outdoortrends September 2026 - Spanien aktuell\" \/>\n<meta property=\"og:description\" content=\"Indian Chief Vintage Sturgis SD Edition \u2013 Hommage an eine Motorradlegende Mit der Chief Vintage Sturgis SD Edition erinnert Indian [&hellip;]\" \/>\n<meta property=\"og:url\" content=\"https:\/\/spanienaktuell.net\/wordpress\/outdoortrends-september-2026\/\" \/>\n<meta property=\"og:site_name\" content=\"Spanien aktuell\" \/>\n<meta property=\"article:published_time\" content=\"2026-08-31T22:15:25+00:00\" \/>\n<meta property=\"og:image\" content=\"https:\/\/spanienaktuell.net\/wordpress\/wp-content\/uploads\/2026\/08\/NAISH.png\" \/>\n\t<meta property=\"og:image:width\" content=\"1063\" \/>\n\t<meta property=\"og:image:height\" content=\"634\" \/>\n\t<meta property=\"og:image:type\" content=\"image\/png\" \/>\n<meta name=\"author\" content=\"Spanien Aktuell\" \/>\n<meta name=\"twitter:card\" content=\"summary_large_image\" \/>\n<meta name=\"twitter:label1\" content=\"Escrito por\" \/>\n\t<meta name=\"twitter:data1\" content=\"Spanien Aktuell\" \/>\n\t<meta name=\"twitter:label2\" content=\"Tiempo de lectura\" \/>\n\t<meta name=\"twitter:data2\" content=\"5 minutos\" \/>\n<script type=\"application\/ld+json\" class=\"yoast-schema-graph\">{\"@context\":\"https:\/\/schema.org\",\"@graph\":[{\"@type\":\"Article\",\"@id\":\"https:\/\/spanienaktuell.net\/wordpress\/outdoortrends-september-2026\/#article\",\"isPartOf\":{\"@id\":\"https:\/\/spanienaktuell.net\/wordpress\/outdoortrends-september-2026\/\"},\"author\":{\"name\":\"Spanien Aktuell\",\"@id\":\"https:\/\/spanienaktuell.net\/wordpress\/#\/schema\/person\/bc410cfae0161b201d837ebfeeba7fd0\"},\"headline\":\"Outdoortrends September 2026\",\"datePublished\":\"2026-08-31T22:15:25+00:00\",\"mainEntityOfPage\":{\"@id\":\"https:\/\/spanienaktuell.net\/wordpress\/outdoortrends-september-2026\/\"},\"wordCount\":620,\"publisher\":{\"@id\":\"https:\/\/spanienaktuell.net\/wordpress\/#organization\"},\"image\":{\"@id\":\"https:\/\/spanienaktuell.net\/wordpress\/outdoortrends-september-2026\/#primaryimage\"},\"thumbnailUrl\":\"https:\/\/spanienaktuell.net\/wordpress\/wp-content\/uploads\/2026\/08\/NAISH.png\",\"articleSection\":[\"Trends\"],\"inLanguage\":\"es\"},{\"@type\":\"WebPage\",\"@id\":\"https:\/\/spanienaktuell.net\/wordpress\/outdoortrends-september-2026\/\",\"url\":\"https:\/\/spanienaktuell.net\/wordpress\/outdoortrends-september-2026\/\",\"name\":\"Outdoortrends September 2026 - Spanien aktuell\",\"isPartOf\":{\"@id\":\"https:\/\/spanienaktuell.net\/wordpress\/#website\"},\"primaryImageOfPage\":{\"@id\":\"https:\/\/spanienaktuell.net\/wordpress\/outdoortrends-september-2026\/#primaryimage\"},\"image\":{\"@id\":\"https:\/\/spanienaktuell.net\/wordpress\/outdoortrends-september-2026\/#primaryimage\"},\"thumbnailUrl\":\"https:\/\/spanienaktuell.net\/wordpress\/wp-content\/uploads\/2026\/08\/NAISH.png\",\"datePublished\":\"2026-08-31T22:15:25+00:00\",\"breadcrumb\":{\"@id\":\"https:\/\/spanienaktuell.net\/wordpress\/outdoortrends-september-2026\/#breadcrumb\"},\"inLanguage\":\"es\",\"potentialAction\":[{\"@type\":\"ReadAction\",\"target\":[\"https:\/\/spanienaktuell.net\/wordpress\/outdoortrends-september-2026\/\"]}]},{\"@type\":\"ImageObject\",\"inLanguage\":\"es\",\"@id\":\"https:\/\/spanienaktuell.net\/wordpress\/outdoortrends-september-2026\/#primaryimage\",\"url\":\"https:\/\/spanienaktuell.net\/wordpress\/wp-content\/uploads\/2026\/08\/NAISH.png\",\"contentUrl\":\"https:\/\/spanienaktuell.net\/wordpress\/wp-content\/uploads\/2026\/08\/NAISH.png\",\"width\":1063,\"height\":634},{\"@type\":\"BreadcrumbList\",\"@id\":\"https:\/\/spanienaktuell.net\/wordpress\/outdoortrends-september-2026\/#breadcrumb\",\"itemListElement\":[{\"@type\":\"ListItem\",\"position\":1,\"name\":\"Portada\",\"item\":\"https:\/\/spanienaktuell.net\/wordpress\/\"},{\"@type\":\"ListItem\",\"position\":2,\"name\":\"Outdoortrends September 2026\"}]},{\"@type\":\"WebSite\",\"@id\":\"https:\/\/spanienaktuell.net\/wordpress\/#website\",\"url\":\"https:\/\/spanienaktuell.net\/wordpress\/\",\"name\":\"Spanien aktuell\",\"description\":\"The German magazine number 1 on the Costa del Sol\",\"publisher\":{\"@id\":\"https:\/\/spanienaktuell.net\/wordpress\/#organization\"},\"potentialAction\":[{\"@type\":\"SearchAction\",\"target\":{\"@type\":\"EntryPoint\",\"urlTemplate\":\"https:\/\/spanienaktuell.net\/wordpress\/?s={search_term_string}\"},\"query-input\":{\"@type\":\"PropertyValueSpecification\",\"valueRequired\":true,\"valueName\":\"search_term_string\"}}],\"inLanguage\":\"es\"},{\"@type\":\"Organization\",\"@id\":\"https:\/\/spanienaktuell.net\/wordpress\/#organization\",\"name\":\"Spanien aktuell\",\"url\":\"https:\/\/spanienaktuell.net\/wordpress\/\",\"logo\":{\"@type\":\"ImageObject\",\"inLanguage\":\"es\",\"@id\":\"https:\/\/spanienaktuell.net\/wordpress\/#\/schema\/logo\/image\/\",\"url\":\"https:\/\/spanienaktuell.net\/wordpress\/wp-content\/uploads\/2019\/06\/cropped-Logo-spanien-aktuell-png-web-e1561631085388.png\",\"contentUrl\":\"https:\/\/spanienaktuell.net\/wordpress\/wp-content\/uploads\/2019\/06\/cropped-Logo-spanien-aktuell-png-web-e1561631085388.png\",\"width\":512,\"height\":110,\"caption\":\"Spanien aktuell\"},\"image\":{\"@id\":\"https:\/\/spanienaktuell.net\/wordpress\/#\/schema\/logo\/image\/\"}},{\"@type\":\"Person\",\"@id\":\"https:\/\/spanienaktuell.net\/wordpress\/#\/schema\/person\/bc410cfae0161b201d837ebfeeba7fd0\",\"name\":\"Spanien Aktuell\",\"image\":{\"@type\":\"ImageObject\",\"inLanguage\":\"es\",\"@id\":\"https:\/\/spanienaktuell.net\/wordpress\/#\/schema\/person\/image\/\",\"url\":\"https:\/\/spanienaktuell.net\/wordpress\/wp-content\/uploads\/2019\/06\/cropped-Logo-spanien-aktuell-png-fav2-100x100.png\",\"contentUrl\":\"https:\/\/spanienaktuell.net\/wordpress\/wp-content\/uploads\/2019\/06\/cropped-Logo-spanien-aktuell-png-fav2-100x100.png\",\"caption\":\"Spanien Aktuell\"},\"url\":\"https:\/\/spanienaktuell.net\/wordpress\/author\/koalum\/\"}]}<\/script>\n<!-- \/ Yoast SEO plugin. -->","yoast_head_json":{"title":"Outdoortrends September 2026 - Spanien aktuell","robots":{"index":"index","follow":"follow","max-snippet":"max-snippet:-1","max-image-preview":"max-image-preview:large","max-video-preview":"max-video-preview:-1"},"canonical":"https:\/\/spanienaktuell.net\/wordpress\/outdoortrends-september-2026\/","og_locale":"es_ES","og_type":"article","og_title":"Outdoortrends September 2026 - Spanien aktuell","og_description":"Indian Chief Vintage Sturgis SD Edition \u2013 Hommage an eine Motorradlegende Mit der Chief Vintage Sturgis SD Edition erinnert Indian [&hellip;]","og_url":"https:\/\/spanienaktuell.net\/wordpress\/outdoortrends-september-2026\/","og_site_name":"Spanien aktuell","article_published_time":"2026-08-31T22:15:25+00:00","og_image":[{"width":1063,"height":634,"url":"https:\/\/spanienaktuell.net\/wordpress\/wp-content\/uploads\/2026\/08\/NAISH.png","type":"image\/png"}],"author":"Spanien Aktuell","twitter_card":"summary_large_image","twitter_misc":{"Escrito por":"Spanien Aktuell","Tiempo de lectura":"5 minutos"},"schema":{"@context":"https:\/\/schema.org","@graph":[{"@type":"Article","@id":"https:\/\/spanienaktuell.net\/wordpress\/outdoortrends-september-2026\/#article","isPartOf":{"@id":"https:\/\/spanienaktuell.net\/wordpress\/outdoortrends-september-2026\/"},"author":{"name":"Spanien Aktuell","@id":"https:\/\/spanienaktuell.net\/wordpress\/#\/schema\/person\/bc410cfae0161b201d837ebfeeba7fd0"},"headline":"Outdoortrends September 2026","datePublished":"2026-08-31T22:15:25+00:00","mainEntityOfPage":{"@id":"https:\/\/spanienaktuell.net\/wordpress\/outdoortrends-september-2026\/"},"wordCount":620,"publisher":{"@id":"https:\/\/spanienaktuell.net\/wordpress\/#organization"},"image":{"@id":"https:\/\/spanienaktuell.net\/wordpress\/outdoortrends-september-2026\/#primaryimage"},"thumbnailUrl":"https:\/\/spanienaktuell.net\/wordpress\/wp-content\/uploads\/2026\/08\/NAISH.png","articleSection":["Trends"],"inLanguage":"es"},{"@type":"WebPage","@id":"https:\/\/spanienaktuell.net\/wordpress\/outdoortrends-september-2026\/","url":"https:\/\/spanienaktuell.net\/wordpress\/outdoortrends-september-2026\/","name":"Outdoortrends September 2026 - Spanien aktuell","isPartOf":{"@id":"https:\/\/spanienaktuell.net\/wordpress\/#website"},"primaryImageOfPage":{"@id":"https:\/\/spanienaktuell.net\/wordpress\/outdoortrends-september-2026\/#primaryimage"},"image":{"@id":"https:\/\/spanienaktuell.net\/wordpress\/outdoortrends-september-2026\/#primaryimage"},"thumbnailUrl":"https:\/\/spanienaktuell.net\/wordpress\/wp-content\/uploads\/2026\/08\/NAISH.png","datePublished":"2026-08-31T22:15:25+00:00","breadcrumb":{"@id":"https:\/\/spanienaktuell.net\/wordpress\/outdoortrends-september-2026\/#breadcrumb"},"inLanguage":"es","potentialAction":[{"@type":"ReadAction","target":["https:\/\/spanienaktuell.net\/wordpress\/outdoortrends-september-2026\/"]}]},{"@type":"ImageObject","inLanguage":"es","@id":"https:\/\/spanienaktuell.net\/wordpress\/outdoortrends-september-2026\/#primaryimage","url":"https:\/\/spanienaktuell.net\/wordpress\/wp-content\/uploads\/2026\/08\/NAISH.png","contentUrl":"https:\/\/spanienaktuell.net\/wordpress\/wp-content\/uploads\/2026\/08\/NAISH.png","width":1063,"height":634},{"@type":"BreadcrumbList","@id":"https:\/\/spanienaktuell.net\/wordpress\/outdoortrends-september-2026\/#breadcrumb","itemListElement":[{"@type":"ListItem","position":1,"name":"Portada","item":"https:\/\/spanienaktuell.net\/wordpress\/"},{"@type":"ListItem","position":2,"name":"Outdoortrends September 2026"}]},{"@type":"WebSite","@id":"https:\/\/spanienaktuell.net\/wordpress\/#website","url":"https:\/\/spanienaktuell.net\/wordpress\/","name":"Spanien aktuell","description":"The German magazine number 1 on the Costa del Sol","publisher":{"@id":"https:\/\/spanienaktuell.net\/wordpress\/#organization"},"potentialAction":[{"@type":"SearchAction","target":{"@type":"EntryPoint","urlTemplate":"https:\/\/spanienaktuell.net\/wordpress\/?s={search_term_string}"},"query-input":{"@type":"PropertyValueSpecification","valueRequired":true,"valueName":"search_term_string"}}],"inLanguage":"es"},{"@type":"Organization","@id":"https:\/\/spanienaktuell.net\/wordpress\/#organization","name":"Spanien aktuell","url":"https:\/\/spanienaktuell.net\/wordpress\/","logo":{"@type":"ImageObject","inLanguage":"es","@id":"https:\/\/spanienaktuell.net\/wordpress\/#\/schema\/logo\/image\/","url":"https:\/\/spanienaktuell.net\/wordpress\/wp-content\/uploads\/2019\/06\/cropped-Logo-spanien-aktuell-png-web-e1561631085388.png","contentUrl":"https:\/\/spanienaktuell.net\/wordpress\/wp-content\/uploads\/2019\/06\/cropped-Logo-spanien-aktuell-png-web-e1561631085388.png","width":512,"height":110,"caption":"Spanien aktuell"},"image":{"@id":"https:\/\/spanienaktuell.net\/wordpress\/#\/schema\/logo\/image\/"}},{"@type":"Person","@id":"https:\/\/spanienaktuell.net\/wordpress\/#\/schema\/person\/bc410cfae0161b201d837ebfeeba7fd0","name":"Spanien Aktuell","image":{"@type":"ImageObject","inLanguage":"es","@id":"https:\/\/spanienaktuell.net\/wordpress\/#\/schema\/person\/image\/","url":"https:\/\/spanienaktuell.net\/wordpress\/wp-content\/uploads\/2019\/06\/cropped-Logo-spanien-aktuell-png-fav2-100x100.png","contentUrl":"https:\/\/spanienaktuell.net\/wordpress\/wp-content\/uploads\/2019\/06\/cropped-Logo-spanien-aktuell-png-fav2-100x100.png","caption":"Spanien Aktuell"},"url":"https:\/\/spanienaktuell.net\/wordpress\/author\/koalum\/"}]}},"_links":{"self":[{"href":"https:\/\/spanienaktuell.net\/wordpress\/wp-json\/wp\/v2\/posts\/110078","targetHints":{"allow":["GET"]}}],"collection":[{"href":"https:\/\/spanienaktuell.net\/wordpress\/wp-json\/wp\/v2\/posts"}],"about":[{"href":"https:\/\/spanienaktuell.net\/wordpress\/wp-json\/wp\/v2\/types\/post"}],"author":[{"embeddable":true,"href":"https:\/\/spanienaktuell.net\/wordpress\/wp-json\/wp\/v2\/users\/3"}],"replies":[{"embeddable":true,"href":"https:\/\/spanienaktuell.net\/wordpress\/wp-json\/wp\/v2\/comments?post=110078"}],"version-history":[{"count":1,"href":"https:\/\/spanienaktuell.net\/wordpress\/wp-json\/wp\/v2\/posts\/110078\/revisions"}],"predecessor-version":[{"id":110086,"href":"https:\/\/spanienaktuell.net\/wordpress\/wp-json\/wp\/v2\/posts\/110078\/revisions\/110086"}],"wp:featuredmedia":[{"embeddable":true,"href":"https:\/\/spanienaktuell.net\/wordpress\/wp-json\/wp\/v2\/media\/110083"}],"wp:attachment":[{"href":"https:\/\/spanienaktuell.net\/wordpress\/wp-json\/wp\/v2\/media?parent=110078"}],"wp:term":[{"taxonomy":"category","embeddable":true,"href":"https:\/\/spanienaktuell.net\/wordpress\/wp-json\/wp\/v2\/categories?post=110078"},{"taxonomy":"post_tag","embeddable":true,"href":"https:\/\/spanienaktuell.net\/wordpress\/wp-json\/wp\/v2\/tags?post=110078"}],"curies":[{"name":"wp","href":"https:\/\/api.w.org\/{rel}","templated":true}]}}