{"id":1424,"date":"2025-12-01T00:00:20","date_gmt":"2025-11-30T22:00:20","guid":{"rendered":"http:\/\/spanienaktuell.net\/web\/blog\/2013\/04\/05\/ueber-uns\/"},"modified":"2026-01-20T12:32:08","modified_gmt":"2026-01-20T10:32:08","slug":"ueber-uns","status":"publish","type":"post","link":"https:\/\/spanienaktuell.net\/wordpress\/ueber-uns\/","title":{"rendered":"\u00dcber uns"},"content":{"rendered":"<p><strong>DE<\/strong><\/p>\n<p><strong>www.spanienaktuell.net <\/strong>ist das <strong>digitale Angebot<\/strong> des deutschsprachigen Magazins <strong>Spanien aktuell\u00ae<\/strong> das in der Print Version an der <strong>Costa del Sol-Costa Tropical-Costa de la Luz<\/strong> kostenlos erh\u00e4ltlich ist.<\/p>\n<p>&nbsp;<\/p>\n<p>Das im Vierfarbdruck hergestellte Magazin bringt jeden Monat interessante, reich bebilderte Reisereportagen aus Spanien und den angrenzenden L\u00e4ndern, Berichte \u00fcber Land und Leute, Recht und Gesellschaft, Informationen der angesagtesten Restaurants und Bars , Sport, Kulturnachrichten, einen umfassenden Veranstaltungskalender, und vieles mehr.<\/p>\n<p><strong>\u00a0<\/strong><\/p>\n<p><strong>Unsere Monatsvorschau vermittelt Ihnen einen ersten Eindruck.<\/strong><\/p>\n<p><strong>\u00a0<\/strong><\/p>\n<p><strong>F\u00fcr Fehler und falsche Angaben zu Inhalten, Produkten und Adressen k\u00f6nnen wir keine Gew\u00e4hr \u00fcbernehmen.<\/strong><\/p>\n<p><strong>Wir bitten jedoch bei Auffindung um Mitteilung an die Redaktion.<\/strong><\/p>\n<p><strong>\u00a0<\/strong><\/p>\n<p><strong>\u00dcber\u00a0 Schnellkontakt k\u00f6nnen Sie uns jederzeit informieren, ebenso Anzeigenpreise etc. abfragen.<\/strong><\/p>\n<p>&nbsp;<\/p>\n<hr \/>\n<p><strong>ES<\/strong><\/p>\n<p><strong>www.spanienaktuell.net<\/strong> es la oferta digital de la revista en idioma alem\u00e1n<\/p>\n<p><strong>Spanien aktuell\u00ae<\/strong> disponible en versi\u00f3n impresa en <strong>la Costa del Sol-Costa Tropical-Costa de la Luz <\/strong>de forma gratuita.<\/p>\n<p>&nbsp;<\/p>\n<p>La revista, producida en impresi\u00f3n a cuatro colores, trae informes de viajes interesantes y ricamente ilustrados de Espa\u00f1a y pa\u00edses vecinos cada mes, informes sobre el pa\u00eds y su gente, la ley y la sociedad, informaci\u00f3n sobre los restaurantes y bares m\u00e1s modernos, deportes, noticias culturales, un calendario completo de eventos y mucho m\u00e1s.<\/p>\n<p>&nbsp;<\/p>\n<p><strong>Nuestra vista previa mensual le da una primera impresi\u00f3n.<\/strong><\/p>\n<p><strong>No podemos aceptar ninguna responsabilidad por errores e informaci\u00f3n incorrecta sobre contenido, productos y direcciones.<\/strong><\/p>\n<p><strong>Sin embargo, le pedimos amablemente que informe a los editores cuando los encuentren.<\/strong><\/p>\n<p><strong>\u00a0<\/strong><\/p>\n<p><strong>Puede utilizar el bot\u00f3n de contacto r\u00e1pido para informarnos en cualquier momento, as\u00ed como consultar precios de publicidad, etc.<\/strong><\/p>\n<p>&nbsp;<\/p>\n<hr \/>\n<p><strong>EN<\/strong><\/p>\n<p><strong>www.spanienaktuell.net <\/strong>is the digital offer of the German-language magaz\u00edne<strong> Spanien aktuell\u00ae <\/strong>available in print version on the<strong> Costa del Sol-Costa Tropical-Costa de la Luz <\/strong>free of charge.<\/p>\n<p>&nbsp;<\/p>\n<p>The magazine, produced in four-color printing, brings interesting, richly illustrated travel reports from Spain and neighboring countries every month, reports about the country and its people, law and society, information about the trendiest restaurants and bars, sports, cultural news, a comprehensive calendar of events, and much more.<\/p>\n<p><strong>\u00a0<\/strong><\/p>\n<p><strong>Our monthly preview gives you a first impression.<\/strong><\/p>\n<p><strong>\u00a0<\/strong><\/p>\n<p><strong>We cannot accept any liability for errors and incorrect information on content, products and addresses.<\/strong><\/p>\n<p><strong>However, we kindly ask you to inform the editors when they are found.<\/strong><\/p>\n<p><strong>\u00a0<\/strong><\/p>\n<p><strong>You can use the\u00a0 fast contact \u00a0button to inform us at any time, as well as query advertising prices, etc.<\/strong><\/p>\n","protected":false},"excerpt":{"rendered":"<p>DE www.spanienaktuell.net ist das digitale Angebot des deutschsprachigen Magazins Spanien aktuell\u00ae das in der Print Version an der Costa del [&hellip;]<\/p>\n","protected":false},"author":3,"featured_media":0,"comment_status":"open","ping_status":"open","sticky":false,"template":"","format":"standard","meta":{"footnotes":""},"categories":[21],"tags":[],"class_list":["post-1424","post","type-post","status-publish","format-standard","hentry","category-fusszeile"],"yoast_head":"<!-- This site is optimized with the Yoast SEO plugin v27.1.1 - https:\/\/yoast.com\/product\/yoast-seo-wordpress\/ -->\n<title>\u00dcber uns - Spanien aktuell<\/title>\n<meta name=\"robots\" content=\"index, follow, max-snippet:-1, max-image-preview:large, max-video-preview:-1\" \/>\n<link rel=\"canonical\" href=\"https:\/\/spanienaktuell.net\/wordpress\/ueber-uns\/\" \/>\n<meta property=\"og:locale\" content=\"es_ES\" \/>\n<meta property=\"og:type\" content=\"article\" \/>\n<meta property=\"og:title\" content=\"\u00dcber uns - Spanien aktuell\" \/>\n<meta property=\"og:description\" content=\"DE www.spanienaktuell.net ist das digitale Angebot des deutschsprachigen Magazins Spanien aktuell\u00ae das in der Print Version an der Costa del [&hellip;]\" \/>\n<meta property=\"og:url\" content=\"https:\/\/spanienaktuell.net\/wordpress\/ueber-uns\/\" \/>\n<meta property=\"og:site_name\" content=\"Spanien aktuell\" \/>\n<meta property=\"article:published_time\" content=\"2025-11-30T22:00:20+00:00\" \/>\n<meta property=\"article:modified_time\" content=\"2026-01-20T10:32:08+00:00\" \/>\n<meta name=\"author\" content=\"Spanien Aktuell\" \/>\n<meta name=\"twitter:card\" content=\"summary_large_image\" \/>\n<meta name=\"twitter:label1\" content=\"Escrito por\" \/>\n\t<meta name=\"twitter:data1\" content=\"Spanien Aktuell\" \/>\n\t<meta name=\"twitter:label2\" content=\"Tiempo de lectura\" \/>\n\t<meta name=\"twitter:data2\" content=\"2 minutos\" \/>\n<script type=\"application\/ld+json\" class=\"yoast-schema-graph\">{\"@context\":\"https:\/\/schema.org\",\"@graph\":[{\"@type\":\"Article\",\"@id\":\"https:\/\/spanienaktuell.net\/wordpress\/ueber-uns\/#article\",\"isPartOf\":{\"@id\":\"https:\/\/spanienaktuell.net\/wordpress\/ueber-uns\/\"},\"author\":{\"name\":\"Spanien Aktuell\",\"@id\":\"https:\/\/spanienaktuell.net\/wordpress\/#\/schema\/person\/bc410cfae0161b201d837ebfeeba7fd0\"},\"headline\":\"\u00dcber uns\",\"datePublished\":\"2025-11-30T22:00:20+00:00\",\"dateModified\":\"2026-01-20T10:32:08+00:00\",\"mainEntityOfPage\":{\"@id\":\"https:\/\/spanienaktuell.net\/wordpress\/ueber-uns\/\"},\"wordCount\":416,\"commentCount\":0,\"publisher\":{\"@id\":\"https:\/\/spanienaktuell.net\/wordpress\/#organization\"},\"articleSection\":[\"Fu\u00dfzeile\"],\"inLanguage\":\"es\",\"potentialAction\":[{\"@type\":\"CommentAction\",\"name\":\"Comment\",\"target\":[\"https:\/\/spanienaktuell.net\/wordpress\/ueber-uns\/#respond\"]}]},{\"@type\":\"WebPage\",\"@id\":\"https:\/\/spanienaktuell.net\/wordpress\/ueber-uns\/\",\"url\":\"https:\/\/spanienaktuell.net\/wordpress\/ueber-uns\/\",\"name\":\"\u00dcber uns - Spanien aktuell\",\"isPartOf\":{\"@id\":\"https:\/\/spanienaktuell.net\/wordpress\/#website\"},\"datePublished\":\"2025-11-30T22:00:20+00:00\",\"dateModified\":\"2026-01-20T10:32:08+00:00\",\"breadcrumb\":{\"@id\":\"https:\/\/spanienaktuell.net\/wordpress\/ueber-uns\/#breadcrumb\"},\"inLanguage\":\"es\",\"potentialAction\":[{\"@type\":\"ReadAction\",\"target\":[\"https:\/\/spanienaktuell.net\/wordpress\/ueber-uns\/\"]}]},{\"@type\":\"BreadcrumbList\",\"@id\":\"https:\/\/spanienaktuell.net\/wordpress\/ueber-uns\/#breadcrumb\",\"itemListElement\":[{\"@type\":\"ListItem\",\"position\":1,\"name\":\"Portada\",\"item\":\"https:\/\/spanienaktuell.net\/wordpress\/\"},{\"@type\":\"ListItem\",\"position\":2,\"name\":\"\u00dcber uns\"}]},{\"@type\":\"WebSite\",\"@id\":\"https:\/\/spanienaktuell.net\/wordpress\/#website\",\"url\":\"https:\/\/spanienaktuell.net\/wordpress\/\",\"name\":\"Spanien aktuell\",\"description\":\"The German magazine number 1 on the Costa del Sol\",\"publisher\":{\"@id\":\"https:\/\/spanienaktuell.net\/wordpress\/#organization\"},\"potentialAction\":[{\"@type\":\"SearchAction\",\"target\":{\"@type\":\"EntryPoint\",\"urlTemplate\":\"https:\/\/spanienaktuell.net\/wordpress\/?s={search_term_string}\"},\"query-input\":{\"@type\":\"PropertyValueSpecification\",\"valueRequired\":true,\"valueName\":\"search_term_string\"}}],\"inLanguage\":\"es\"},{\"@type\":\"Organization\",\"@id\":\"https:\/\/spanienaktuell.net\/wordpress\/#organization\",\"name\":\"Spanien aktuell\",\"url\":\"https:\/\/spanienaktuell.net\/wordpress\/\",\"logo\":{\"@type\":\"ImageObject\",\"inLanguage\":\"es\",\"@id\":\"https:\/\/spanienaktuell.net\/wordpress\/#\/schema\/logo\/image\/\",\"url\":\"https:\/\/spanienaktuell.net\/wordpress\/wp-content\/uploads\/2019\/06\/cropped-Logo-spanien-aktuell-png-web-e1561631085388.png\",\"contentUrl\":\"https:\/\/spanienaktuell.net\/wordpress\/wp-content\/uploads\/2019\/06\/cropped-Logo-spanien-aktuell-png-web-e1561631085388.png\",\"width\":512,\"height\":110,\"caption\":\"Spanien aktuell\"},\"image\":{\"@id\":\"https:\/\/spanienaktuell.net\/wordpress\/#\/schema\/logo\/image\/\"}},{\"@type\":\"Person\",\"@id\":\"https:\/\/spanienaktuell.net\/wordpress\/#\/schema\/person\/bc410cfae0161b201d837ebfeeba7fd0\",\"name\":\"Spanien Aktuell\",\"image\":{\"@type\":\"ImageObject\",\"inLanguage\":\"es\",\"@id\":\"https:\/\/spanienaktuell.net\/wordpress\/#\/schema\/person\/image\/\",\"url\":\"https:\/\/spanienaktuell.net\/wordpress\/wp-content\/uploads\/2019\/06\/cropped-Logo-spanien-aktuell-png-fav2-100x100.png\",\"contentUrl\":\"https:\/\/spanienaktuell.net\/wordpress\/wp-content\/uploads\/2019\/06\/cropped-Logo-spanien-aktuell-png-fav2-100x100.png\",\"caption\":\"Spanien Aktuell\"},\"url\":\"https:\/\/spanienaktuell.net\/wordpress\/author\/koalum\/\"}]}<\/script>\n<!-- \/ Yoast SEO plugin. -->","yoast_head_json":{"title":"\u00dcber uns - Spanien aktuell","robots":{"index":"index","follow":"follow","max-snippet":"max-snippet:-1","max-image-preview":"max-image-preview:large","max-video-preview":"max-video-preview:-1"},"canonical":"https:\/\/spanienaktuell.net\/wordpress\/ueber-uns\/","og_locale":"es_ES","og_type":"article","og_title":"\u00dcber uns - Spanien aktuell","og_description":"DE www.spanienaktuell.net ist das digitale Angebot des deutschsprachigen Magazins Spanien aktuell\u00ae das in der Print Version an der Costa del [&hellip;]","og_url":"https:\/\/spanienaktuell.net\/wordpress\/ueber-uns\/","og_site_name":"Spanien aktuell","article_published_time":"2025-11-30T22:00:20+00:00","article_modified_time":"2026-01-20T10:32:08+00:00","author":"Spanien Aktuell","twitter_card":"summary_large_image","twitter_misc":{"Escrito por":"Spanien Aktuell","Tiempo de lectura":"2 minutos"},"schema":{"@context":"https:\/\/schema.org","@graph":[{"@type":"Article","@id":"https:\/\/spanienaktuell.net\/wordpress\/ueber-uns\/#article","isPartOf":{"@id":"https:\/\/spanienaktuell.net\/wordpress\/ueber-uns\/"},"author":{"name":"Spanien Aktuell","@id":"https:\/\/spanienaktuell.net\/wordpress\/#\/schema\/person\/bc410cfae0161b201d837ebfeeba7fd0"},"headline":"\u00dcber uns","datePublished":"2025-11-30T22:00:20+00:00","dateModified":"2026-01-20T10:32:08+00:00","mainEntityOfPage":{"@id":"https:\/\/spanienaktuell.net\/wordpress\/ueber-uns\/"},"wordCount":416,"commentCount":0,"publisher":{"@id":"https:\/\/spanienaktuell.net\/wordpress\/#organization"},"articleSection":["Fu\u00dfzeile"],"inLanguage":"es","potentialAction":[{"@type":"CommentAction","name":"Comment","target":["https:\/\/spanienaktuell.net\/wordpress\/ueber-uns\/#respond"]}]},{"@type":"WebPage","@id":"https:\/\/spanienaktuell.net\/wordpress\/ueber-uns\/","url":"https:\/\/spanienaktuell.net\/wordpress\/ueber-uns\/","name":"\u00dcber uns - Spanien aktuell","isPartOf":{"@id":"https:\/\/spanienaktuell.net\/wordpress\/#website"},"datePublished":"2025-11-30T22:00:20+00:00","dateModified":"2026-01-20T10:32:08+00:00","breadcrumb":{"@id":"https:\/\/spanienaktuell.net\/wordpress\/ueber-uns\/#breadcrumb"},"inLanguage":"es","potentialAction":[{"@type":"ReadAction","target":["https:\/\/spanienaktuell.net\/wordpress\/ueber-uns\/"]}]},{"@type":"BreadcrumbList","@id":"https:\/\/spanienaktuell.net\/wordpress\/ueber-uns\/#breadcrumb","itemListElement":[{"@type":"ListItem","position":1,"name":"Portada","item":"https:\/\/spanienaktuell.net\/wordpress\/"},{"@type":"ListItem","position":2,"name":"\u00dcber uns"}]},{"@type":"WebSite","@id":"https:\/\/spanienaktuell.net\/wordpress\/#website","url":"https:\/\/spanienaktuell.net\/wordpress\/","name":"Spanien aktuell","description":"The German magazine number 1 on the Costa del Sol","publisher":{"@id":"https:\/\/spanienaktuell.net\/wordpress\/#organization"},"potentialAction":[{"@type":"SearchAction","target":{"@type":"EntryPoint","urlTemplate":"https:\/\/spanienaktuell.net\/wordpress\/?s={search_term_string}"},"query-input":{"@type":"PropertyValueSpecification","valueRequired":true,"valueName":"search_term_string"}}],"inLanguage":"es"},{"@type":"Organization","@id":"https:\/\/spanienaktuell.net\/wordpress\/#organization","name":"Spanien aktuell","url":"https:\/\/spanienaktuell.net\/wordpress\/","logo":{"@type":"ImageObject","inLanguage":"es","@id":"https:\/\/spanienaktuell.net\/wordpress\/#\/schema\/logo\/image\/","url":"https:\/\/spanienaktuell.net\/wordpress\/wp-content\/uploads\/2019\/06\/cropped-Logo-spanien-aktuell-png-web-e1561631085388.png","contentUrl":"https:\/\/spanienaktuell.net\/wordpress\/wp-content\/uploads\/2019\/06\/cropped-Logo-spanien-aktuell-png-web-e1561631085388.png","width":512,"height":110,"caption":"Spanien aktuell"},"image":{"@id":"https:\/\/spanienaktuell.net\/wordpress\/#\/schema\/logo\/image\/"}},{"@type":"Person","@id":"https:\/\/spanienaktuell.net\/wordpress\/#\/schema\/person\/bc410cfae0161b201d837ebfeeba7fd0","name":"Spanien Aktuell","image":{"@type":"ImageObject","inLanguage":"es","@id":"https:\/\/spanienaktuell.net\/wordpress\/#\/schema\/person\/image\/","url":"https:\/\/spanienaktuell.net\/wordpress\/wp-content\/uploads\/2019\/06\/cropped-Logo-spanien-aktuell-png-fav2-100x100.png","contentUrl":"https:\/\/spanienaktuell.net\/wordpress\/wp-content\/uploads\/2019\/06\/cropped-Logo-spanien-aktuell-png-fav2-100x100.png","caption":"Spanien Aktuell"},"url":"https:\/\/spanienaktuell.net\/wordpress\/author\/koalum\/"}]}},"_links":{"self":[{"href":"https:\/\/spanienaktuell.net\/wordpress\/wp-json\/wp\/v2\/posts\/1424","targetHints":{"allow":["GET"]}}],"collection":[{"href":"https:\/\/spanienaktuell.net\/wordpress\/wp-json\/wp\/v2\/posts"}],"about":[{"href":"https:\/\/spanienaktuell.net\/wordpress\/wp-json\/wp\/v2\/types\/post"}],"author":[{"embeddable":true,"href":"https:\/\/spanienaktuell.net\/wordpress\/wp-json\/wp\/v2\/users\/3"}],"replies":[{"embeddable":true,"href":"https:\/\/spanienaktuell.net\/wordpress\/wp-json\/wp\/v2\/comments?post=1424"}],"version-history":[{"count":4,"href":"https:\/\/spanienaktuell.net\/wordpress\/wp-json\/wp\/v2\/posts\/1424\/revisions"}],"predecessor-version":[{"id":89300,"href":"https:\/\/spanienaktuell.net\/wordpress\/wp-json\/wp\/v2\/posts\/1424\/revisions\/89300"}],"wp:attachment":[{"href":"https:\/\/spanienaktuell.net\/wordpress\/wp-json\/wp\/v2\/media?parent=1424"}],"wp:term":[{"taxonomy":"category","embeddable":true,"href":"https:\/\/spanienaktuell.net\/wordpress\/wp-json\/wp\/v2\/categories?post=1424"},{"taxonomy":"post_tag","embeddable":true,"href":"https:\/\/spanienaktuell.net\/wordpress\/wp-json\/wp\/v2\/tags?post=1424"}],"curies":[{"name":"wp","href":"https:\/\/api.w.org\/{rel}","templated":true}]}}