{"id":5110,"date":"2018-07-04T11:01:08","date_gmt":"2018-07-04T11:01:08","guid":{"rendered":"http:\/\/spanienaktuell.net\/wordpress\/?p=5110"},"modified":"2023-11-01T08:50:06","modified_gmt":"2023-11-01T07:50:06","slug":"okupas","status":"publish","type":"post","link":"https:\/\/spanienaktuell.net\/wordpress\/okupas\/","title":{"rendered":"Kommentar Juli 2018 &#8211; Okupas"},"content":{"rendered":"<p><span style=\"font-weight: 400;\">In Spanien haben viele Menschen durch die Finanzkrise ihre H\u00e4user oder Wohnungen verloren. Sie waren arbeitslos, konnten Kredite nicht mehr zur\u00fcckzahlen, wurden von den Banken aus ihren Wohnungen geworfen \u2013 und haben trotzdem noch Schulden. In puncto sozialer Wohnungsbau z\u00e4hlt Spanien zu den Schlusslichtern in der EU. <\/span><\/p>\n<p><span style=\"font-weight: 400;\">Laut einer spanischen Studie leben rund 270.000 Menschen im Land in besetzten H\u00e4usern. Es sind aber nicht nur arme Familien, die sich in leere Wohnungen einquartiert haben, sondern auch linke Hausbesetzer und Schmarotzer. Parallel dazu hat sich eine Wohnungsmafia etabliert, die eine L\u00fccke im Gesetz schamlos ausnutzt und L\u00f6segeld f\u00fcr eine besetzte Immobilie fordert. Manche Hausbesitzer beauftragen mittlerweile externe Sicherheitsdienstleister wie \u201eDesokupa\u201c die \u00a0sich darauf spezialisiert haben, Besetzer \u201eschnell und freundlich\u201c ihrer illegalen Eroberungen zu verweisen. Die Methoden halten einer juristischen Pr\u00fcfung nicht unbedingt Stand. Bevorzugt werden M\u00e4nner mit breitem Kreuz, die den Eigent\u00fcmern zur Hand gehen und Ihnen helfen, wieder in ihr Eigentum zu gelangen.<\/span><\/p>\n<p><span style=\"font-weight: 400;\">Wenn in Spanien \u201eOkupas\u201c (Hausbesetzer) in eine leerstehende private Immobile eindringen und darin leben, genie\u00dfen sie eine Art Bestandsschutz. Die Hausbesetzer berufen sich auf die \u00a0spanische Verfassung, die ihnen folgendes zusichert: \u201eRecht auf angemessenen Wohnraum\u201c (Artikel 47), \u201eRecht auf Freiheit und Eigentum\u201c (Artikel 33) und \u201eBeh\u00f6rden m\u00fcssen den sozialen, wirtschaftlichen und rechtlichen Schutz der Familie gew\u00e4hrleisten\u201c (Artikel 39),<\/span><span style=\"font-weight: 400;\"> \u201e<\/span><span style=\"font-weight: 400;\">mit der Verpflichtung des Staates, die Rechte von Kindern zu respektieren, die in internationalen Abkommen anerkannt sind, die ihre Rechte garantieren\u201c (Artikel 39.4). Demnach macht sich eine Person, die in eine leere Wohnung eindringt, in Spanien nicht unbedingt strafbar. Madrid tut offenbar etwas im Kampf gegen illegale Hausbesetzungen: Die Justizkommission des Nationalkongresses hat im April dieses Jahres \u00a0einen Gesetzentwurf verabschiedet, mit dem die Beh\u00f6rden \u201eOkupas\u00bb in Zukunft schneller aus den besetzten H\u00e4usern entfernen k\u00f6nnen. Die neue Norm zur \u201eExpressr\u00e4umung\u00bb muss aber noch durch den Senat verabschiedet werden. Eine Mehrheit hierf\u00fcr gilt als wahrscheinlich.<\/span><\/p>\n<p><span style=\"font-weight: 400;\">Die Gesetzes\u00e4nderung sieht vor, dass besetzte H\u00e4user in Zukunft binnen 20 Tagen ger\u00e4umt werden. Bisher dauerten entsprechende Gerichtsprozesse oft Monate, wenn nicht sogar Jahre. Knackpunkt war die Tatsache, dass das spanische Recht den Bewohner eines Hauses derzeit st\u00e4rker sch\u00fctzt als seinen Eigent\u00fcmer. Waren die \u201eOkupas\u00bb also erst einmal 72 Stunden im Haus, konnten sie nicht mehr einfach hinausgeworfen werden. Sie galten dann nicht mehr als Einbrecher, sondern als Bewohner. Der betroffene Eigent\u00fcmer des Hauses muss innerhalb von 48 Stunden Protest bei der Polizei einlegen.<\/span><\/p>\n<p><span style=\"font-weight: 400;\">Stellt ein Eigent\u00fcmer eine Besetzung fest, informiert er die Beh\u00f6rden (Polizei, Ordnungsamt). Die Beh\u00f6rden schicken den \u201eOkupas\u201d ein Schreiben, dass sie einen Nachweis der legalen Bewohnung erbringen m\u00fcssen. Dazu haben sie 5 Tage Zeit. Diese Frist gilt auch, wenn die Okupas das Schreiben nicht gelesen haben, da es im Briefkasten liegt oder sie es ignorieren. Kommt von den Okupas innerhalb der 5 Tage keine Reaktion, wird die Immobilie sofort zwangsger\u00e4umt. Wenn diese lediglich reagieren, aber trotzdem keinen Nachweis erbringen k\u00f6nnen, wird nach 20 Tagen zwangsger\u00e4umt. Parallel dazu werden die Sozial\u00e4mter informiert, da diese sich um die Beschaffung von Ersatzwohnraum k\u00fcmmern m\u00fcssen, was binnen 7 Tagen erfolgen soll. Dieser neue Gesetzesentwurf ist die Hoffnung tausender Eigent\u00fcmer von Wohnraum, die ihre eigenen Immobilien nicht betreten d\u00fcrfe. Ob und wie dieser neue Gesetzesentwurf umgesetzt werden kann, wird die Zukunft zeigen, denn Beh\u00f6rden sind \u00a0ja bekanntlich oft schwerf\u00e4llig, sehr \u201eocupado\u201c (besch\u00e4ftigt) und total \u00fcberlastet.<\/span><\/p>\n","protected":false},"excerpt":{"rendered":"<p>In Spanien haben viele Menschen durch die Finanzkrise ihre H\u00e4user oder Wohnungen verloren. Sie waren arbeitslos, konnten Kredite nicht mehr [&hellip;]<\/p>\n","protected":false},"author":4,"featured_media":2000,"comment_status":"open","ping_status":"open","sticky":false,"template":"","format":"standard","meta":{"footnotes":""},"categories":[23],"tags":[],"class_list":["post-5110","post","type-post","status-publish","format-standard","has-post-thumbnail","hentry","category-kommentar"],"yoast_head":"<!-- This site is optimized with the Yoast SEO plugin v27.1.1 - https:\/\/yoast.com\/product\/yoast-seo-wordpress\/ -->\n<title>Kommentar Juli 2018 - Okupas - Spanien aktuell<\/title>\n<meta name=\"robots\" content=\"index, follow, max-snippet:-1, max-image-preview:large, max-video-preview:-1\" \/>\n<link rel=\"canonical\" href=\"https:\/\/spanienaktuell.net\/wordpress\/okupas\/\" \/>\n<meta property=\"og:locale\" content=\"es_ES\" \/>\n<meta property=\"og:type\" content=\"article\" \/>\n<meta property=\"og:title\" content=\"Kommentar Juli 2018 - Okupas - Spanien aktuell\" \/>\n<meta property=\"og:description\" content=\"In Spanien haben viele Menschen durch die Finanzkrise ihre H\u00e4user oder Wohnungen verloren. Sie waren arbeitslos, konnten Kredite nicht mehr [&hellip;]\" \/>\n<meta property=\"og:url\" content=\"https:\/\/spanienaktuell.net\/wordpress\/okupas\/\" \/>\n<meta property=\"og:site_name\" content=\"Spanien aktuell\" \/>\n<meta property=\"article:published_time\" content=\"2018-07-04T11:01:08+00:00\" \/>\n<meta property=\"article:modified_time\" content=\"2023-11-01T07:50:06+00:00\" \/>\n<meta property=\"og:image\" content=\"https:\/\/spanienaktuell.net\/wordpress\/wp-content\/uploads\/2017\/06\/kommentar.png\" \/>\n\t<meta property=\"og:image:width\" content=\"1920\" \/>\n\t<meta property=\"og:image:height\" content=\"1280\" \/>\n\t<meta property=\"og:image:type\" content=\"image\/png\" \/>\n<meta name=\"author\" content=\"Kai Ertel\" \/>\n<meta name=\"twitter:card\" content=\"summary_large_image\" \/>\n<meta name=\"twitter:label1\" content=\"Escrito por\" \/>\n\t<meta name=\"twitter:data1\" content=\"Kai Ertel\" \/>\n\t<meta name=\"twitter:label2\" content=\"Tiempo de lectura\" \/>\n\t<meta name=\"twitter:data2\" content=\"3 minutos\" \/>\n<script type=\"application\/ld+json\" class=\"yoast-schema-graph\">{\"@context\":\"https:\/\/schema.org\",\"@graph\":[{\"@type\":\"Article\",\"@id\":\"https:\/\/spanienaktuell.net\/wordpress\/okupas\/#article\",\"isPartOf\":{\"@id\":\"https:\/\/spanienaktuell.net\/wordpress\/okupas\/\"},\"author\":{\"name\":\"Kai Ertel\",\"@id\":\"https:\/\/spanienaktuell.net\/wordpress\/#\/schema\/person\/0e64ea555b02455cc98b58590d99c815\"},\"headline\":\"Kommentar Juli 2018 &#8211; Okupas\",\"datePublished\":\"2018-07-04T11:01:08+00:00\",\"dateModified\":\"2023-11-01T07:50:06+00:00\",\"mainEntityOfPage\":{\"@id\":\"https:\/\/spanienaktuell.net\/wordpress\/okupas\/\"},\"wordCount\":570,\"commentCount\":0,\"publisher\":{\"@id\":\"https:\/\/spanienaktuell.net\/wordpress\/#organization\"},\"image\":{\"@id\":\"https:\/\/spanienaktuell.net\/wordpress\/okupas\/#primaryimage\"},\"thumbnailUrl\":\"https:\/\/spanienaktuell.net\/wordpress\/wp-content\/uploads\/2017\/06\/kommentar.png\",\"articleSection\":[\"Kommentar\"],\"inLanguage\":\"es\",\"potentialAction\":[{\"@type\":\"CommentAction\",\"name\":\"Comment\",\"target\":[\"https:\/\/spanienaktuell.net\/wordpress\/okupas\/#respond\"]}]},{\"@type\":\"WebPage\",\"@id\":\"https:\/\/spanienaktuell.net\/wordpress\/okupas\/\",\"url\":\"https:\/\/spanienaktuell.net\/wordpress\/okupas\/\",\"name\":\"Kommentar Juli 2018 - Okupas - Spanien aktuell\",\"isPartOf\":{\"@id\":\"https:\/\/spanienaktuell.net\/wordpress\/#website\"},\"primaryImageOfPage\":{\"@id\":\"https:\/\/spanienaktuell.net\/wordpress\/okupas\/#primaryimage\"},\"image\":{\"@id\":\"https:\/\/spanienaktuell.net\/wordpress\/okupas\/#primaryimage\"},\"thumbnailUrl\":\"https:\/\/spanienaktuell.net\/wordpress\/wp-content\/uploads\/2017\/06\/kommentar.png\",\"datePublished\":\"2018-07-04T11:01:08+00:00\",\"dateModified\":\"2023-11-01T07:50:06+00:00\",\"breadcrumb\":{\"@id\":\"https:\/\/spanienaktuell.net\/wordpress\/okupas\/#breadcrumb\"},\"inLanguage\":\"es\",\"potentialAction\":[{\"@type\":\"ReadAction\",\"target\":[\"https:\/\/spanienaktuell.net\/wordpress\/okupas\/\"]}]},{\"@type\":\"ImageObject\",\"inLanguage\":\"es\",\"@id\":\"https:\/\/spanienaktuell.net\/wordpress\/okupas\/#primaryimage\",\"url\":\"https:\/\/spanienaktuell.net\/wordpress\/wp-content\/uploads\/2017\/06\/kommentar.png\",\"contentUrl\":\"https:\/\/spanienaktuell.net\/wordpress\/wp-content\/uploads\/2017\/06\/kommentar.png\",\"width\":1920,\"height\":1280},{\"@type\":\"BreadcrumbList\",\"@id\":\"https:\/\/spanienaktuell.net\/wordpress\/okupas\/#breadcrumb\",\"itemListElement\":[{\"@type\":\"ListItem\",\"position\":1,\"name\":\"Portada\",\"item\":\"https:\/\/spanienaktuell.net\/wordpress\/\"},{\"@type\":\"ListItem\",\"position\":2,\"name\":\"Kommentar Juli 2018 &#8211; Okupas\"}]},{\"@type\":\"WebSite\",\"@id\":\"https:\/\/spanienaktuell.net\/wordpress\/#website\",\"url\":\"https:\/\/spanienaktuell.net\/wordpress\/\",\"name\":\"Spanien aktuell\",\"description\":\"The German magazine number 1 on the Costa del Sol\",\"publisher\":{\"@id\":\"https:\/\/spanienaktuell.net\/wordpress\/#organization\"},\"potentialAction\":[{\"@type\":\"SearchAction\",\"target\":{\"@type\":\"EntryPoint\",\"urlTemplate\":\"https:\/\/spanienaktuell.net\/wordpress\/?s={search_term_string}\"},\"query-input\":{\"@type\":\"PropertyValueSpecification\",\"valueRequired\":true,\"valueName\":\"search_term_string\"}}],\"inLanguage\":\"es\"},{\"@type\":\"Organization\",\"@id\":\"https:\/\/spanienaktuell.net\/wordpress\/#organization\",\"name\":\"Spanien aktuell\",\"url\":\"https:\/\/spanienaktuell.net\/wordpress\/\",\"logo\":{\"@type\":\"ImageObject\",\"inLanguage\":\"es\",\"@id\":\"https:\/\/spanienaktuell.net\/wordpress\/#\/schema\/logo\/image\/\",\"url\":\"https:\/\/spanienaktuell.net\/wordpress\/wp-content\/uploads\/2019\/06\/cropped-Logo-spanien-aktuell-png-web-e1561631085388.png\",\"contentUrl\":\"https:\/\/spanienaktuell.net\/wordpress\/wp-content\/uploads\/2019\/06\/cropped-Logo-spanien-aktuell-png-web-e1561631085388.png\",\"width\":512,\"height\":110,\"caption\":\"Spanien aktuell\"},\"image\":{\"@id\":\"https:\/\/spanienaktuell.net\/wordpress\/#\/schema\/logo\/image\/\"}},{\"@type\":\"Person\",\"@id\":\"https:\/\/spanienaktuell.net\/wordpress\/#\/schema\/person\/0e64ea555b02455cc98b58590d99c815\",\"name\":\"Kai Ertel\",\"image\":{\"@type\":\"ImageObject\",\"inLanguage\":\"es\",\"@id\":\"https:\/\/spanienaktuell.net\/wordpress\/#\/schema\/person\/image\/\",\"url\":\"https:\/\/spanienaktuell.net\/wordpress\/wp-content\/uploads\/2023\/11\/kai-ertel.png\",\"contentUrl\":\"https:\/\/spanienaktuell.net\/wordpress\/wp-content\/uploads\/2023\/11\/kai-ertel.png\",\"caption\":\"Kai Ertel\"},\"url\":\"https:\/\/spanienaktuell.net\/wordpress\/author\/kaiertel\/\"}]}<\/script>\n<!-- \/ Yoast SEO plugin. -->","yoast_head_json":{"title":"Kommentar Juli 2018 - Okupas - Spanien aktuell","robots":{"index":"index","follow":"follow","max-snippet":"max-snippet:-1","max-image-preview":"max-image-preview:large","max-video-preview":"max-video-preview:-1"},"canonical":"https:\/\/spanienaktuell.net\/wordpress\/okupas\/","og_locale":"es_ES","og_type":"article","og_title":"Kommentar Juli 2018 - Okupas - Spanien aktuell","og_description":"In Spanien haben viele Menschen durch die Finanzkrise ihre H\u00e4user oder Wohnungen verloren. Sie waren arbeitslos, konnten Kredite nicht mehr [&hellip;]","og_url":"https:\/\/spanienaktuell.net\/wordpress\/okupas\/","og_site_name":"Spanien aktuell","article_published_time":"2018-07-04T11:01:08+00:00","article_modified_time":"2023-11-01T07:50:06+00:00","og_image":[{"width":1920,"height":1280,"url":"https:\/\/spanienaktuell.net\/wordpress\/wp-content\/uploads\/2017\/06\/kommentar.png","type":"image\/png"}],"author":"Kai Ertel","twitter_card":"summary_large_image","twitter_misc":{"Escrito por":"Kai Ertel","Tiempo de lectura":"3 minutos"},"schema":{"@context":"https:\/\/schema.org","@graph":[{"@type":"Article","@id":"https:\/\/spanienaktuell.net\/wordpress\/okupas\/#article","isPartOf":{"@id":"https:\/\/spanienaktuell.net\/wordpress\/okupas\/"},"author":{"name":"Kai Ertel","@id":"https:\/\/spanienaktuell.net\/wordpress\/#\/schema\/person\/0e64ea555b02455cc98b58590d99c815"},"headline":"Kommentar Juli 2018 &#8211; Okupas","datePublished":"2018-07-04T11:01:08+00:00","dateModified":"2023-11-01T07:50:06+00:00","mainEntityOfPage":{"@id":"https:\/\/spanienaktuell.net\/wordpress\/okupas\/"},"wordCount":570,"commentCount":0,"publisher":{"@id":"https:\/\/spanienaktuell.net\/wordpress\/#organization"},"image":{"@id":"https:\/\/spanienaktuell.net\/wordpress\/okupas\/#primaryimage"},"thumbnailUrl":"https:\/\/spanienaktuell.net\/wordpress\/wp-content\/uploads\/2017\/06\/kommentar.png","articleSection":["Kommentar"],"inLanguage":"es","potentialAction":[{"@type":"CommentAction","name":"Comment","target":["https:\/\/spanienaktuell.net\/wordpress\/okupas\/#respond"]}]},{"@type":"WebPage","@id":"https:\/\/spanienaktuell.net\/wordpress\/okupas\/","url":"https:\/\/spanienaktuell.net\/wordpress\/okupas\/","name":"Kommentar Juli 2018 - Okupas - Spanien aktuell","isPartOf":{"@id":"https:\/\/spanienaktuell.net\/wordpress\/#website"},"primaryImageOfPage":{"@id":"https:\/\/spanienaktuell.net\/wordpress\/okupas\/#primaryimage"},"image":{"@id":"https:\/\/spanienaktuell.net\/wordpress\/okupas\/#primaryimage"},"thumbnailUrl":"https:\/\/spanienaktuell.net\/wordpress\/wp-content\/uploads\/2017\/06\/kommentar.png","datePublished":"2018-07-04T11:01:08+00:00","dateModified":"2023-11-01T07:50:06+00:00","breadcrumb":{"@id":"https:\/\/spanienaktuell.net\/wordpress\/okupas\/#breadcrumb"},"inLanguage":"es","potentialAction":[{"@type":"ReadAction","target":["https:\/\/spanienaktuell.net\/wordpress\/okupas\/"]}]},{"@type":"ImageObject","inLanguage":"es","@id":"https:\/\/spanienaktuell.net\/wordpress\/okupas\/#primaryimage","url":"https:\/\/spanienaktuell.net\/wordpress\/wp-content\/uploads\/2017\/06\/kommentar.png","contentUrl":"https:\/\/spanienaktuell.net\/wordpress\/wp-content\/uploads\/2017\/06\/kommentar.png","width":1920,"height":1280},{"@type":"BreadcrumbList","@id":"https:\/\/spanienaktuell.net\/wordpress\/okupas\/#breadcrumb","itemListElement":[{"@type":"ListItem","position":1,"name":"Portada","item":"https:\/\/spanienaktuell.net\/wordpress\/"},{"@type":"ListItem","position":2,"name":"Kommentar Juli 2018 &#8211; Okupas"}]},{"@type":"WebSite","@id":"https:\/\/spanienaktuell.net\/wordpress\/#website","url":"https:\/\/spanienaktuell.net\/wordpress\/","name":"Spanien aktuell","description":"The German magazine number 1 on the Costa del Sol","publisher":{"@id":"https:\/\/spanienaktuell.net\/wordpress\/#organization"},"potentialAction":[{"@type":"SearchAction","target":{"@type":"EntryPoint","urlTemplate":"https:\/\/spanienaktuell.net\/wordpress\/?s={search_term_string}"},"query-input":{"@type":"PropertyValueSpecification","valueRequired":true,"valueName":"search_term_string"}}],"inLanguage":"es"},{"@type":"Organization","@id":"https:\/\/spanienaktuell.net\/wordpress\/#organization","name":"Spanien aktuell","url":"https:\/\/spanienaktuell.net\/wordpress\/","logo":{"@type":"ImageObject","inLanguage":"es","@id":"https:\/\/spanienaktuell.net\/wordpress\/#\/schema\/logo\/image\/","url":"https:\/\/spanienaktuell.net\/wordpress\/wp-content\/uploads\/2019\/06\/cropped-Logo-spanien-aktuell-png-web-e1561631085388.png","contentUrl":"https:\/\/spanienaktuell.net\/wordpress\/wp-content\/uploads\/2019\/06\/cropped-Logo-spanien-aktuell-png-web-e1561631085388.png","width":512,"height":110,"caption":"Spanien aktuell"},"image":{"@id":"https:\/\/spanienaktuell.net\/wordpress\/#\/schema\/logo\/image\/"}},{"@type":"Person","@id":"https:\/\/spanienaktuell.net\/wordpress\/#\/schema\/person\/0e64ea555b02455cc98b58590d99c815","name":"Kai Ertel","image":{"@type":"ImageObject","inLanguage":"es","@id":"https:\/\/spanienaktuell.net\/wordpress\/#\/schema\/person\/image\/","url":"https:\/\/spanienaktuell.net\/wordpress\/wp-content\/uploads\/2023\/11\/kai-ertel.png","contentUrl":"https:\/\/spanienaktuell.net\/wordpress\/wp-content\/uploads\/2023\/11\/kai-ertel.png","caption":"Kai Ertel"},"url":"https:\/\/spanienaktuell.net\/wordpress\/author\/kaiertel\/"}]}},"_links":{"self":[{"href":"https:\/\/spanienaktuell.net\/wordpress\/wp-json\/wp\/v2\/posts\/5110","targetHints":{"allow":["GET"]}}],"collection":[{"href":"https:\/\/spanienaktuell.net\/wordpress\/wp-json\/wp\/v2\/posts"}],"about":[{"href":"https:\/\/spanienaktuell.net\/wordpress\/wp-json\/wp\/v2\/types\/post"}],"author":[{"embeddable":true,"href":"https:\/\/spanienaktuell.net\/wordpress\/wp-json\/wp\/v2\/users\/4"}],"replies":[{"embeddable":true,"href":"https:\/\/spanienaktuell.net\/wordpress\/wp-json\/wp\/v2\/comments?post=5110"}],"version-history":[{"count":2,"href":"https:\/\/spanienaktuell.net\/wordpress\/wp-json\/wp\/v2\/posts\/5110\/revisions"}],"predecessor-version":[{"id":85259,"href":"https:\/\/spanienaktuell.net\/wordpress\/wp-json\/wp\/v2\/posts\/5110\/revisions\/85259"}],"wp:featuredmedia":[{"embeddable":true,"href":"https:\/\/spanienaktuell.net\/wordpress\/wp-json\/wp\/v2\/media\/2000"}],"wp:attachment":[{"href":"https:\/\/spanienaktuell.net\/wordpress\/wp-json\/wp\/v2\/media?parent=5110"}],"wp:term":[{"taxonomy":"category","embeddable":true,"href":"https:\/\/spanienaktuell.net\/wordpress\/wp-json\/wp\/v2\/categories?post=5110"},{"taxonomy":"post_tag","embeddable":true,"href":"https:\/\/spanienaktuell.net\/wordpress\/wp-json\/wp\/v2\/tags?post=5110"}],"curies":[{"name":"wp","href":"https:\/\/api.w.org\/{rel}","templated":true}]}}