{"id":6766,"date":"2019-01-31T12:52:28","date_gmt":"2019-01-31T12:52:28","guid":{"rendered":"http:\/\/spanienaktuell.net\/wordpress\/?p=6766"},"modified":"2019-01-31T12:52:28","modified_gmt":"2019-01-31T12:52:28","slug":"selbstdiagnose-unvertraglichkeit-frei-von-lebensmittel-nur-bei-bestimmten-lebensmittelunvertraglichkeiten-sinnvoll","status":"publish","type":"post","link":"https:\/\/spanienaktuell.net\/wordpress\/selbstdiagnose-unvertraglichkeit-frei-von-lebensmittel-nur-bei-bestimmten-lebensmittelunvertraglichkeiten-sinnvoll\/","title":{"rendered":"Selbstdiagnose Unvertr\u00e4glichkeit  \u201efrei von\u201c-Lebensmittel nur bei bestimmten Lebensmittelunvertr\u00e4glichkeiten sinnvoll"},"content":{"rendered":"<p><span style=\"font-weight: 400;\">Glutenfreie Brote, Pizzen, Speiseeis, lactosefreier Kochschinken oder Zwieback \u2013 der Absatz von speziellen \u201efrei von\u201c-Lebensmitteln boomt. Allein f\u00fcr lactosefreie Lebensmittel lag der Umsatz im Jahr 2014 bei 285 Mio. EUR und f\u00fcr glutenfreie Lebensmittel bei 105 Mio. EUR. Tendenz steigend. Immer mehr Menschen greifen zu Lebensmitteln, die frei von Gluten oder Lactose sind \u2013 ohne dass eine medizinische Notwendigkeit besteht.<\/span><\/p>\n<p><span style=\"font-weight: 400;\">F\u00fcr Z\u00f6liakiepatienten, Weizenallergiker, Menschen mit Weizen- bzw. Glutensensitivit\u00e4t oder Lactoseintoleranz sind diese Lebensmittel ein Segen und erleichtern den Alltag. Leiden sie an einer dieser Unvertr\u00e4glichkeiten, ist das Weglassen des Lebensmittels mit krankheitsausl\u00f6senden Inhaltsstoffen die einzig sinnvolle Therapie. Denn die Beschwerden lassen dadurch nach oder bleiben aus. \u201eF\u00fcr alle anderen Personen haben sie keinen nachgewiesenen gesundheitlichen Nutzen\u201c, urteilt die DGE in ihrem 13. Ern\u00e4hrungsbericht. Offensichtlich verbinden viele Verbraucher mit \u201efrei von\u201c-Lebensmitteln generell positive, gesundheitsf\u00f6rdernde Aspekte, wie eine Gewichtsabnahme oder generell gesundheitliche Vorteile. Eine Studie der Gesellschaft f\u00fcr Konsumforschung (GfK) ergab, dass rund 80 % der K\u00e4ufer von lactosefreien Lebensmitteln keine nachgewiesene Lactoseintoleranz haben.<\/span><\/p>\n<p><b>Glutenfreie Lebensmittel \u2013 in welchen Situationen sind sie sinnvoll?<\/b><\/p>\n<figure id=\"attachment_6769\" aria-describedby=\"caption-attachment-6769\" style=\"width: 1440px\" class=\"wp-caption aligncenter\"><img decoding=\"async\" class=\"size-full wp-image-6769\" src=\"http:\/\/spanienaktuell.net\/wordpress\/wp-content\/uploads\/2019\/01\/Foto-Pixabay.jpg\" alt=\"\" width=\"1440\" height=\"960\" srcset=\"https:\/\/spanienaktuell.net\/wordpress\/wp-content\/uploads\/2019\/01\/Foto-Pixabay.jpg 1440w, https:\/\/spanienaktuell.net\/wordpress\/wp-content\/uploads\/2019\/01\/Foto-Pixabay-600x400.jpg 600w, https:\/\/spanienaktuell.net\/wordpress\/wp-content\/uploads\/2019\/01\/Foto-Pixabay-300x200.jpg 300w, https:\/\/spanienaktuell.net\/wordpress\/wp-content\/uploads\/2019\/01\/Foto-Pixabay-768x512.jpg 768w, https:\/\/spanienaktuell.net\/wordpress\/wp-content\/uploads\/2019\/01\/Foto-Pixabay-1024x683.jpg 1024w, https:\/\/spanienaktuell.net\/wordpress\/wp-content\/uploads\/2019\/01\/Foto-Pixabay-696x464.jpg 696w, https:\/\/spanienaktuell.net\/wordpress\/wp-content\/uploads\/2019\/01\/Foto-Pixabay-1068x712.jpg 1068w, https:\/\/spanienaktuell.net\/wordpress\/wp-content\/uploads\/2019\/01\/Foto-Pixabay-630x420.jpg 630w\" sizes=\"(max-width: 1440px) 100vw, 1440px\" \/><figcaption id=\"caption-attachment-6769\" class=\"wp-caption-text\">Foto: Pixabay<\/figcaption><\/figure>\n<p><span style=\"font-weight: 400;\">Das Angebot an glutenfreien Produkten hat in den vergangenen Jahren stark zugenommen. Und die Einf\u00fchrung der Allergenkennzeichnungspflicht stellt f\u00fcr Betroffene eine deutliche Verbesserung des Gesundheitsschutzes dar. Beide Entwicklungen begr\u00fc\u00dft die DGE, denn diese erleichtern die Lebensmittelauswahl. F\u00fcr Menschen, die an Z\u00f6liakie, Weizenallergie und Gluten- bzw. Weizensensitivit\u00e4t leiden, ist es sinnvoll, Gluten bzw. Weizen zu meiden. Z\u00f6liakie und Weizenallergie lassen sich heutzutage zweifelsfrei vom Facharzt nachweisen. Bei der Gluten- bzw. Weizensensitivit\u00e4t liegen zwar \u00e4hnliche Symptome wie bei Z\u00f6liakie oder Weizenallergie vor. Unklar ist, ob es noch andere Ausl\u00f6ser im Weizen gibt. Die Diagnose der Gluten- bzw. Weizensensitivit\u00e4t stellt der Mediziner hingegen nur durch Ausschluss der Z\u00f6liakie und der Weizenallergie sowie der Durchf\u00fchrung einer glutenfreien Eliminationsdi\u00e4t mit anschlie\u00dfendem kontrolliertem Provokationstest. Viele Verbraucher verzichten allerdings auf Weizenprodukte \u2013 ohne \u00e4rztlichen Befund, sondern aufgrund einer Selbstdiagnose, nach dem Motto: \u201eDas vertrage ich nicht \u2013 das lasse ich lieber weg.\u201c<\/span><\/p>\n<p><span style=\"font-weight: 400;\">Ein freiwilliger Verzicht auf glutenhaltige Lebensmittel bedeutet nicht automatisch eine gesundheitsf\u00f6rdernde Ern\u00e4hrung \u2013 so wie glutenfreie Lebensmittel teilweise beworben werden. Die Lebensmittel unterscheiden sich nicht nur in Geschmack und Preis. Durch das Weglassen des Glutens und Ausweichen auf andere Inhaltsstoffe bzw. Lebensmittel kommt es zu Ver\u00e4nderungen der Energie- und N\u00e4hrstoffzufuhr. Diese sind nicht immer zugunsten des Verbrauchers. Einige glutenfreie Lebensmittel haben einen vergleichsweise h\u00f6heren Fettgehalt, w\u00e4hrend der Anteil an Ballaststoffen, Vitaminen und Mineralstoffen geringer ist. Werden Weizen und andere glutenhaltige Getreidearten wie Dinkel, Gr\u00fcnkern, Roggen, Hafer und Gerste langfristig vom Speiseplan gestrichen, kann es zu einer geringeren Zufuhr an Ballaststoffen, B-Vitaminen, Magnesium, Zink und Eisen kommen. Beim Verzicht auf Vollkornprodukte bleiben die pr\u00e4ventiven Effekte hinsichtlich der Entstehung von Herz-Kreislauf-Krankheiten und bestimmten Krebskrankheiten ungenutzt.<\/span><\/p>\n<p>&nbsp;<\/p>\n<p><b>Lactosefrei um jeden Preis?<\/b><\/p>\n<figure id=\"attachment_6768\" aria-describedby=\"caption-attachment-6768\" style=\"width: 1440px\" class=\"wp-caption aligncenter\"><img decoding=\"async\" class=\"size-full wp-image-6768\" src=\"http:\/\/spanienaktuell.net\/wordpress\/wp-content\/uploads\/2019\/01\/Foto-Pixabay-3.jpg\" alt=\"\" width=\"1440\" height=\"959\" srcset=\"https:\/\/spanienaktuell.net\/wordpress\/wp-content\/uploads\/2019\/01\/Foto-Pixabay-3.jpg 1440w, https:\/\/spanienaktuell.net\/wordpress\/wp-content\/uploads\/2019\/01\/Foto-Pixabay-3-600x400.jpg 600w, https:\/\/spanienaktuell.net\/wordpress\/wp-content\/uploads\/2019\/01\/Foto-Pixabay-3-300x200.jpg 300w, https:\/\/spanienaktuell.net\/wordpress\/wp-content\/uploads\/2019\/01\/Foto-Pixabay-3-768x512.jpg 768w, https:\/\/spanienaktuell.net\/wordpress\/wp-content\/uploads\/2019\/01\/Foto-Pixabay-3-1024x682.jpg 1024w, https:\/\/spanienaktuell.net\/wordpress\/wp-content\/uploads\/2019\/01\/Foto-Pixabay-3-696x464.jpg 696w, https:\/\/spanienaktuell.net\/wordpress\/wp-content\/uploads\/2019\/01\/Foto-Pixabay-3-1068x711.jpg 1068w, https:\/\/spanienaktuell.net\/wordpress\/wp-content\/uploads\/2019\/01\/Foto-Pixabay-3-630x420.jpg 630w\" sizes=\"(max-width: 1440px) 100vw, 1440px\" \/><figcaption id=\"caption-attachment-6768\" class=\"wp-caption-text\">Foto: Pixabay<\/figcaption><\/figure>\n<p><span style=\"font-weight: 400;\">F\u00fcr den Begriff \u201elactosefrei\u201c gibt es derzeit keine gesetzliche Regelung. Die Lebensmittelindustrie bietet eine gro\u00dfe Palette an Produkten mit dieser Bezeichnung an. Darunter befinden sich auch Lebensmittel, wie Schwarzbrot, Zwieback oder Kochschinken, deren Lactosegehalt nur gering ist. Dies f\u00fchrt bei vielen Betroffenen zur Verunsicherung. Um sicher zu gehen, greifen sie zu gekennzeichneten, aber h\u00e4ufig teureren Produkten. Dabei h\u00e4tte das herk\u00f6mmliche Lebensmittel keinerlei Nachteile.<\/span><\/p>\n<p><span style=\"font-weight: 400;\">Lactose (= Milchzucker) ist ein nat\u00fcrlicher, in Milch und daraus hergestellten Lebensmitteln, vorkommender Zucker. Eine Lactoseintoleranz ist eine der h\u00e4ufigsten Lebensmittelintoleranzen und f\u00fchrt zu Darmbeschwerden wie Bauchschmerzen, V\u00f6llegef\u00fchl, Bl\u00e4hungen oder \u00dcbelkeit. Nur sehr wenige Personen mit Lactoseintoleranz m\u00fcssen komplett auf Lactose verzichten. H\u00e4ufig vertragen sie kleine Mengen wie sie in einer Scheibe K\u00e4se, einem Joghurt oder in Fertigprodukten vorkommen.<\/span><\/p>\n<p><b>Risiko Weglassen<\/b><\/p>\n<p><span style=\"font-weight: 400;\">Wer \u201efrei von\u201c-Produkte ohne Lebensmittelunvertr\u00e4glichkeit konsumiert, zahlt h\u00e4ufig mehr \u2013 hat aber daf\u00fcr keinen gesundheitlichen Nutzen, so das Fazit der DGE. Das Weglassen einzelner Lebensmittel oder -gruppen erh\u00f6ht grunds\u00e4tzlich das Risiko f\u00fcr N\u00e4hrstoffdefizite und kann langfristig zu gesundheitlichen Einschr\u00e4nkungen f\u00fchren. Wer aus gesundheitlichen Gr\u00fcnden auf bestimmte Lebensmittel verzichten muss, bekommt bei einer qualifizierten Ern\u00e4hrungsfachkraft individuelle und alltagstaugliche Hilfe. Weitere Informationen unter: <\/span><a href=\"https:\/\/www.dge.de\/\"><span style=\"font-weight: 400;\">https:\/\/www.dge.de\/<\/span><\/a><\/p>\n<p><span style=\"font-weight: 400;\">Quelle: DGE<\/span><\/p>\n","protected":false},"excerpt":{"rendered":"<p>Glutenfreie Brote, Pizzen, Speiseeis, lactosefreier Kochschinken oder Zwieback \u2013 der Absatz von speziellen \u201efrei von\u201c-Lebensmitteln boomt. Allein f\u00fcr lactosefreie Lebensmittel [&hellip;]<\/p>\n","protected":false},"author":3,"featured_media":6767,"comment_status":"open","ping_status":"open","sticky":false,"template":"","format":"standard","meta":{"footnotes":""},"categories":[20],"tags":[],"class_list":["post-6766","post","type-post","status-publish","format-standard","has-post-thumbnail","hentry","category-beauty-gesundheit"],"yoast_head":"<!-- This site is optimized with the Yoast SEO plugin v27.1.1 - https:\/\/yoast.com\/product\/yoast-seo-wordpress\/ -->\n<title>Selbstdiagnose Unvertr\u00e4glichkeit \u201efrei von\u201c-Lebensmittel nur bei bestimmten Lebensmittelunvertr\u00e4glichkeiten sinnvoll - Spanien aktuell<\/title>\n<meta name=\"robots\" content=\"index, follow, max-snippet:-1, max-image-preview:large, max-video-preview:-1\" \/>\n<link rel=\"canonical\" href=\"https:\/\/spanienaktuell.net\/wordpress\/selbstdiagnose-unvertraglichkeit-frei-von-lebensmittel-nur-bei-bestimmten-lebensmittelunvertraglichkeiten-sinnvoll\/\" \/>\n<meta property=\"og:locale\" content=\"es_ES\" \/>\n<meta property=\"og:type\" content=\"article\" \/>\n<meta property=\"og:title\" content=\"Selbstdiagnose Unvertr\u00e4glichkeit \u201efrei von\u201c-Lebensmittel nur bei bestimmten Lebensmittelunvertr\u00e4glichkeiten sinnvoll - Spanien aktuell\" \/>\n<meta property=\"og:description\" content=\"Glutenfreie Brote, Pizzen, Speiseeis, lactosefreier Kochschinken oder Zwieback \u2013 der Absatz von speziellen \u201efrei von\u201c-Lebensmitteln boomt. Allein f\u00fcr lactosefreie Lebensmittel [&hellip;]\" \/>\n<meta property=\"og:url\" content=\"https:\/\/spanienaktuell.net\/wordpress\/selbstdiagnose-unvertraglichkeit-frei-von-lebensmittel-nur-bei-bestimmten-lebensmittelunvertraglichkeiten-sinnvoll\/\" \/>\n<meta property=\"og:site_name\" content=\"Spanien aktuell\" \/>\n<meta property=\"article:published_time\" content=\"2019-01-31T12:52:28+00:00\" \/>\n<meta property=\"og:image\" content=\"https:\/\/spanienaktuell.net\/wordpress\/wp-content\/uploads\/2019\/01\/Foto-Pixabay2.jpg\" \/>\n\t<meta property=\"og:image:width\" content=\"1440\" \/>\n\t<meta property=\"og:image:height\" content=\"608\" \/>\n\t<meta property=\"og:image:type\" content=\"image\/jpeg\" \/>\n<meta name=\"author\" content=\"Spanien Aktuell\" \/>\n<meta name=\"twitter:card\" content=\"summary_large_image\" \/>\n<meta name=\"twitter:label1\" content=\"Escrito por\" \/>\n\t<meta name=\"twitter:data1\" content=\"Spanien Aktuell\" \/>\n\t<meta name=\"twitter:label2\" content=\"Tiempo de lectura\" \/>\n\t<meta name=\"twitter:data2\" content=\"4 minutos\" \/>\n<script type=\"application\/ld+json\" class=\"yoast-schema-graph\">{\"@context\":\"https:\/\/schema.org\",\"@graph\":[{\"@type\":\"Article\",\"@id\":\"https:\/\/spanienaktuell.net\/wordpress\/selbstdiagnose-unvertraglichkeit-frei-von-lebensmittel-nur-bei-bestimmten-lebensmittelunvertraglichkeiten-sinnvoll\/#article\",\"isPartOf\":{\"@id\":\"https:\/\/spanienaktuell.net\/wordpress\/selbstdiagnose-unvertraglichkeit-frei-von-lebensmittel-nur-bei-bestimmten-lebensmittelunvertraglichkeiten-sinnvoll\/\"},\"author\":{\"name\":\"Spanien Aktuell\",\"@id\":\"https:\/\/spanienaktuell.net\/wordpress\/#\/schema\/person\/bc410cfae0161b201d837ebfeeba7fd0\"},\"headline\":\"Selbstdiagnose Unvertr\u00e4glichkeit \u201efrei von\u201c-Lebensmittel nur bei bestimmten Lebensmittelunvertr\u00e4glichkeiten sinnvoll\",\"datePublished\":\"2019-01-31T12:52:28+00:00\",\"mainEntityOfPage\":{\"@id\":\"https:\/\/spanienaktuell.net\/wordpress\/selbstdiagnose-unvertraglichkeit-frei-von-lebensmittel-nur-bei-bestimmten-lebensmittelunvertraglichkeiten-sinnvoll\/\"},\"wordCount\":715,\"commentCount\":0,\"publisher\":{\"@id\":\"https:\/\/spanienaktuell.net\/wordpress\/#organization\"},\"image\":{\"@id\":\"https:\/\/spanienaktuell.net\/wordpress\/selbstdiagnose-unvertraglichkeit-frei-von-lebensmittel-nur-bei-bestimmten-lebensmittelunvertraglichkeiten-sinnvoll\/#primaryimage\"},\"thumbnailUrl\":\"https:\/\/spanienaktuell.net\/wordpress\/wp-content\/uploads\/2019\/01\/Foto-Pixabay2.jpg\",\"articleSection\":[\"Gesundheit\"],\"inLanguage\":\"es\",\"potentialAction\":[{\"@type\":\"CommentAction\",\"name\":\"Comment\",\"target\":[\"https:\/\/spanienaktuell.net\/wordpress\/selbstdiagnose-unvertraglichkeit-frei-von-lebensmittel-nur-bei-bestimmten-lebensmittelunvertraglichkeiten-sinnvoll\/#respond\"]}]},{\"@type\":\"WebPage\",\"@id\":\"https:\/\/spanienaktuell.net\/wordpress\/selbstdiagnose-unvertraglichkeit-frei-von-lebensmittel-nur-bei-bestimmten-lebensmittelunvertraglichkeiten-sinnvoll\/\",\"url\":\"https:\/\/spanienaktuell.net\/wordpress\/selbstdiagnose-unvertraglichkeit-frei-von-lebensmittel-nur-bei-bestimmten-lebensmittelunvertraglichkeiten-sinnvoll\/\",\"name\":\"Selbstdiagnose Unvertr\u00e4glichkeit \u201efrei von\u201c-Lebensmittel nur bei bestimmten Lebensmittelunvertr\u00e4glichkeiten sinnvoll - Spanien aktuell\",\"isPartOf\":{\"@id\":\"https:\/\/spanienaktuell.net\/wordpress\/#website\"},\"primaryImageOfPage\":{\"@id\":\"https:\/\/spanienaktuell.net\/wordpress\/selbstdiagnose-unvertraglichkeit-frei-von-lebensmittel-nur-bei-bestimmten-lebensmittelunvertraglichkeiten-sinnvoll\/#primaryimage\"},\"image\":{\"@id\":\"https:\/\/spanienaktuell.net\/wordpress\/selbstdiagnose-unvertraglichkeit-frei-von-lebensmittel-nur-bei-bestimmten-lebensmittelunvertraglichkeiten-sinnvoll\/#primaryimage\"},\"thumbnailUrl\":\"https:\/\/spanienaktuell.net\/wordpress\/wp-content\/uploads\/2019\/01\/Foto-Pixabay2.jpg\",\"datePublished\":\"2019-01-31T12:52:28+00:00\",\"breadcrumb\":{\"@id\":\"https:\/\/spanienaktuell.net\/wordpress\/selbstdiagnose-unvertraglichkeit-frei-von-lebensmittel-nur-bei-bestimmten-lebensmittelunvertraglichkeiten-sinnvoll\/#breadcrumb\"},\"inLanguage\":\"es\",\"potentialAction\":[{\"@type\":\"ReadAction\",\"target\":[\"https:\/\/spanienaktuell.net\/wordpress\/selbstdiagnose-unvertraglichkeit-frei-von-lebensmittel-nur-bei-bestimmten-lebensmittelunvertraglichkeiten-sinnvoll\/\"]}]},{\"@type\":\"ImageObject\",\"inLanguage\":\"es\",\"@id\":\"https:\/\/spanienaktuell.net\/wordpress\/selbstdiagnose-unvertraglichkeit-frei-von-lebensmittel-nur-bei-bestimmten-lebensmittelunvertraglichkeiten-sinnvoll\/#primaryimage\",\"url\":\"https:\/\/spanienaktuell.net\/wordpress\/wp-content\/uploads\/2019\/01\/Foto-Pixabay2.jpg\",\"contentUrl\":\"https:\/\/spanienaktuell.net\/wordpress\/wp-content\/uploads\/2019\/01\/Foto-Pixabay2.jpg\",\"width\":1440,\"height\":608,\"caption\":\"Foto: Pixabay\"},{\"@type\":\"BreadcrumbList\",\"@id\":\"https:\/\/spanienaktuell.net\/wordpress\/selbstdiagnose-unvertraglichkeit-frei-von-lebensmittel-nur-bei-bestimmten-lebensmittelunvertraglichkeiten-sinnvoll\/#breadcrumb\",\"itemListElement\":[{\"@type\":\"ListItem\",\"position\":1,\"name\":\"Portada\",\"item\":\"https:\/\/spanienaktuell.net\/wordpress\/\"},{\"@type\":\"ListItem\",\"position\":2,\"name\":\"Selbstdiagnose Unvertr\u00e4glichkeit \u201efrei von\u201c-Lebensmittel nur bei bestimmten Lebensmittelunvertr\u00e4glichkeiten sinnvoll\"}]},{\"@type\":\"WebSite\",\"@id\":\"https:\/\/spanienaktuell.net\/wordpress\/#website\",\"url\":\"https:\/\/spanienaktuell.net\/wordpress\/\",\"name\":\"Spanien aktuell\",\"description\":\"The German magazine number 1 on the Costa del Sol\",\"publisher\":{\"@id\":\"https:\/\/spanienaktuell.net\/wordpress\/#organization\"},\"potentialAction\":[{\"@type\":\"SearchAction\",\"target\":{\"@type\":\"EntryPoint\",\"urlTemplate\":\"https:\/\/spanienaktuell.net\/wordpress\/?s={search_term_string}\"},\"query-input\":{\"@type\":\"PropertyValueSpecification\",\"valueRequired\":true,\"valueName\":\"search_term_string\"}}],\"inLanguage\":\"es\"},{\"@type\":\"Organization\",\"@id\":\"https:\/\/spanienaktuell.net\/wordpress\/#organization\",\"name\":\"Spanien aktuell\",\"url\":\"https:\/\/spanienaktuell.net\/wordpress\/\",\"logo\":{\"@type\":\"ImageObject\",\"inLanguage\":\"es\",\"@id\":\"https:\/\/spanienaktuell.net\/wordpress\/#\/schema\/logo\/image\/\",\"url\":\"https:\/\/spanienaktuell.net\/wordpress\/wp-content\/uploads\/2019\/06\/cropped-Logo-spanien-aktuell-png-web-e1561631085388.png\",\"contentUrl\":\"https:\/\/spanienaktuell.net\/wordpress\/wp-content\/uploads\/2019\/06\/cropped-Logo-spanien-aktuell-png-web-e1561631085388.png\",\"width\":512,\"height\":110,\"caption\":\"Spanien aktuell\"},\"image\":{\"@id\":\"https:\/\/spanienaktuell.net\/wordpress\/#\/schema\/logo\/image\/\"}},{\"@type\":\"Person\",\"@id\":\"https:\/\/spanienaktuell.net\/wordpress\/#\/schema\/person\/bc410cfae0161b201d837ebfeeba7fd0\",\"name\":\"Spanien Aktuell\",\"image\":{\"@type\":\"ImageObject\",\"inLanguage\":\"es\",\"@id\":\"https:\/\/spanienaktuell.net\/wordpress\/#\/schema\/person\/image\/\",\"url\":\"https:\/\/spanienaktuell.net\/wordpress\/wp-content\/uploads\/2019\/06\/cropped-Logo-spanien-aktuell-png-fav2-100x100.png\",\"contentUrl\":\"https:\/\/spanienaktuell.net\/wordpress\/wp-content\/uploads\/2019\/06\/cropped-Logo-spanien-aktuell-png-fav2-100x100.png\",\"caption\":\"Spanien Aktuell\"},\"url\":\"https:\/\/spanienaktuell.net\/wordpress\/author\/koalum\/\"}]}<\/script>\n<!-- \/ Yoast SEO plugin. -->","yoast_head_json":{"title":"Selbstdiagnose Unvertr\u00e4glichkeit \u201efrei von\u201c-Lebensmittel nur bei bestimmten Lebensmittelunvertr\u00e4glichkeiten sinnvoll - Spanien aktuell","robots":{"index":"index","follow":"follow","max-snippet":"max-snippet:-1","max-image-preview":"max-image-preview:large","max-video-preview":"max-video-preview:-1"},"canonical":"https:\/\/spanienaktuell.net\/wordpress\/selbstdiagnose-unvertraglichkeit-frei-von-lebensmittel-nur-bei-bestimmten-lebensmittelunvertraglichkeiten-sinnvoll\/","og_locale":"es_ES","og_type":"article","og_title":"Selbstdiagnose Unvertr\u00e4glichkeit \u201efrei von\u201c-Lebensmittel nur bei bestimmten Lebensmittelunvertr\u00e4glichkeiten sinnvoll - Spanien aktuell","og_description":"Glutenfreie Brote, Pizzen, Speiseeis, lactosefreier Kochschinken oder Zwieback \u2013 der Absatz von speziellen \u201efrei von\u201c-Lebensmitteln boomt. Allein f\u00fcr lactosefreie Lebensmittel [&hellip;]","og_url":"https:\/\/spanienaktuell.net\/wordpress\/selbstdiagnose-unvertraglichkeit-frei-von-lebensmittel-nur-bei-bestimmten-lebensmittelunvertraglichkeiten-sinnvoll\/","og_site_name":"Spanien aktuell","article_published_time":"2019-01-31T12:52:28+00:00","og_image":[{"width":1440,"height":608,"url":"https:\/\/spanienaktuell.net\/wordpress\/wp-content\/uploads\/2019\/01\/Foto-Pixabay2.jpg","type":"image\/jpeg"}],"author":"Spanien Aktuell","twitter_card":"summary_large_image","twitter_misc":{"Escrito por":"Spanien Aktuell","Tiempo de lectura":"4 minutos"},"schema":{"@context":"https:\/\/schema.org","@graph":[{"@type":"Article","@id":"https:\/\/spanienaktuell.net\/wordpress\/selbstdiagnose-unvertraglichkeit-frei-von-lebensmittel-nur-bei-bestimmten-lebensmittelunvertraglichkeiten-sinnvoll\/#article","isPartOf":{"@id":"https:\/\/spanienaktuell.net\/wordpress\/selbstdiagnose-unvertraglichkeit-frei-von-lebensmittel-nur-bei-bestimmten-lebensmittelunvertraglichkeiten-sinnvoll\/"},"author":{"name":"Spanien Aktuell","@id":"https:\/\/spanienaktuell.net\/wordpress\/#\/schema\/person\/bc410cfae0161b201d837ebfeeba7fd0"},"headline":"Selbstdiagnose Unvertr\u00e4glichkeit \u201efrei von\u201c-Lebensmittel nur bei bestimmten Lebensmittelunvertr\u00e4glichkeiten sinnvoll","datePublished":"2019-01-31T12:52:28+00:00","mainEntityOfPage":{"@id":"https:\/\/spanienaktuell.net\/wordpress\/selbstdiagnose-unvertraglichkeit-frei-von-lebensmittel-nur-bei-bestimmten-lebensmittelunvertraglichkeiten-sinnvoll\/"},"wordCount":715,"commentCount":0,"publisher":{"@id":"https:\/\/spanienaktuell.net\/wordpress\/#organization"},"image":{"@id":"https:\/\/spanienaktuell.net\/wordpress\/selbstdiagnose-unvertraglichkeit-frei-von-lebensmittel-nur-bei-bestimmten-lebensmittelunvertraglichkeiten-sinnvoll\/#primaryimage"},"thumbnailUrl":"https:\/\/spanienaktuell.net\/wordpress\/wp-content\/uploads\/2019\/01\/Foto-Pixabay2.jpg","articleSection":["Gesundheit"],"inLanguage":"es","potentialAction":[{"@type":"CommentAction","name":"Comment","target":["https:\/\/spanienaktuell.net\/wordpress\/selbstdiagnose-unvertraglichkeit-frei-von-lebensmittel-nur-bei-bestimmten-lebensmittelunvertraglichkeiten-sinnvoll\/#respond"]}]},{"@type":"WebPage","@id":"https:\/\/spanienaktuell.net\/wordpress\/selbstdiagnose-unvertraglichkeit-frei-von-lebensmittel-nur-bei-bestimmten-lebensmittelunvertraglichkeiten-sinnvoll\/","url":"https:\/\/spanienaktuell.net\/wordpress\/selbstdiagnose-unvertraglichkeit-frei-von-lebensmittel-nur-bei-bestimmten-lebensmittelunvertraglichkeiten-sinnvoll\/","name":"Selbstdiagnose Unvertr\u00e4glichkeit \u201efrei von\u201c-Lebensmittel nur bei bestimmten Lebensmittelunvertr\u00e4glichkeiten sinnvoll - Spanien aktuell","isPartOf":{"@id":"https:\/\/spanienaktuell.net\/wordpress\/#website"},"primaryImageOfPage":{"@id":"https:\/\/spanienaktuell.net\/wordpress\/selbstdiagnose-unvertraglichkeit-frei-von-lebensmittel-nur-bei-bestimmten-lebensmittelunvertraglichkeiten-sinnvoll\/#primaryimage"},"image":{"@id":"https:\/\/spanienaktuell.net\/wordpress\/selbstdiagnose-unvertraglichkeit-frei-von-lebensmittel-nur-bei-bestimmten-lebensmittelunvertraglichkeiten-sinnvoll\/#primaryimage"},"thumbnailUrl":"https:\/\/spanienaktuell.net\/wordpress\/wp-content\/uploads\/2019\/01\/Foto-Pixabay2.jpg","datePublished":"2019-01-31T12:52:28+00:00","breadcrumb":{"@id":"https:\/\/spanienaktuell.net\/wordpress\/selbstdiagnose-unvertraglichkeit-frei-von-lebensmittel-nur-bei-bestimmten-lebensmittelunvertraglichkeiten-sinnvoll\/#breadcrumb"},"inLanguage":"es","potentialAction":[{"@type":"ReadAction","target":["https:\/\/spanienaktuell.net\/wordpress\/selbstdiagnose-unvertraglichkeit-frei-von-lebensmittel-nur-bei-bestimmten-lebensmittelunvertraglichkeiten-sinnvoll\/"]}]},{"@type":"ImageObject","inLanguage":"es","@id":"https:\/\/spanienaktuell.net\/wordpress\/selbstdiagnose-unvertraglichkeit-frei-von-lebensmittel-nur-bei-bestimmten-lebensmittelunvertraglichkeiten-sinnvoll\/#primaryimage","url":"https:\/\/spanienaktuell.net\/wordpress\/wp-content\/uploads\/2019\/01\/Foto-Pixabay2.jpg","contentUrl":"https:\/\/spanienaktuell.net\/wordpress\/wp-content\/uploads\/2019\/01\/Foto-Pixabay2.jpg","width":1440,"height":608,"caption":"Foto: Pixabay"},{"@type":"BreadcrumbList","@id":"https:\/\/spanienaktuell.net\/wordpress\/selbstdiagnose-unvertraglichkeit-frei-von-lebensmittel-nur-bei-bestimmten-lebensmittelunvertraglichkeiten-sinnvoll\/#breadcrumb","itemListElement":[{"@type":"ListItem","position":1,"name":"Portada","item":"https:\/\/spanienaktuell.net\/wordpress\/"},{"@type":"ListItem","position":2,"name":"Selbstdiagnose Unvertr\u00e4glichkeit \u201efrei von\u201c-Lebensmittel nur bei bestimmten Lebensmittelunvertr\u00e4glichkeiten sinnvoll"}]},{"@type":"WebSite","@id":"https:\/\/spanienaktuell.net\/wordpress\/#website","url":"https:\/\/spanienaktuell.net\/wordpress\/","name":"Spanien aktuell","description":"The German magazine number 1 on the Costa del Sol","publisher":{"@id":"https:\/\/spanienaktuell.net\/wordpress\/#organization"},"potentialAction":[{"@type":"SearchAction","target":{"@type":"EntryPoint","urlTemplate":"https:\/\/spanienaktuell.net\/wordpress\/?s={search_term_string}"},"query-input":{"@type":"PropertyValueSpecification","valueRequired":true,"valueName":"search_term_string"}}],"inLanguage":"es"},{"@type":"Organization","@id":"https:\/\/spanienaktuell.net\/wordpress\/#organization","name":"Spanien aktuell","url":"https:\/\/spanienaktuell.net\/wordpress\/","logo":{"@type":"ImageObject","inLanguage":"es","@id":"https:\/\/spanienaktuell.net\/wordpress\/#\/schema\/logo\/image\/","url":"https:\/\/spanienaktuell.net\/wordpress\/wp-content\/uploads\/2019\/06\/cropped-Logo-spanien-aktuell-png-web-e1561631085388.png","contentUrl":"https:\/\/spanienaktuell.net\/wordpress\/wp-content\/uploads\/2019\/06\/cropped-Logo-spanien-aktuell-png-web-e1561631085388.png","width":512,"height":110,"caption":"Spanien aktuell"},"image":{"@id":"https:\/\/spanienaktuell.net\/wordpress\/#\/schema\/logo\/image\/"}},{"@type":"Person","@id":"https:\/\/spanienaktuell.net\/wordpress\/#\/schema\/person\/bc410cfae0161b201d837ebfeeba7fd0","name":"Spanien Aktuell","image":{"@type":"ImageObject","inLanguage":"es","@id":"https:\/\/spanienaktuell.net\/wordpress\/#\/schema\/person\/image\/","url":"https:\/\/spanienaktuell.net\/wordpress\/wp-content\/uploads\/2019\/06\/cropped-Logo-spanien-aktuell-png-fav2-100x100.png","contentUrl":"https:\/\/spanienaktuell.net\/wordpress\/wp-content\/uploads\/2019\/06\/cropped-Logo-spanien-aktuell-png-fav2-100x100.png","caption":"Spanien Aktuell"},"url":"https:\/\/spanienaktuell.net\/wordpress\/author\/koalum\/"}]}},"_links":{"self":[{"href":"https:\/\/spanienaktuell.net\/wordpress\/wp-json\/wp\/v2\/posts\/6766","targetHints":{"allow":["GET"]}}],"collection":[{"href":"https:\/\/spanienaktuell.net\/wordpress\/wp-json\/wp\/v2\/posts"}],"about":[{"href":"https:\/\/spanienaktuell.net\/wordpress\/wp-json\/wp\/v2\/types\/post"}],"author":[{"embeddable":true,"href":"https:\/\/spanienaktuell.net\/wordpress\/wp-json\/wp\/v2\/users\/3"}],"replies":[{"embeddable":true,"href":"https:\/\/spanienaktuell.net\/wordpress\/wp-json\/wp\/v2\/comments?post=6766"}],"version-history":[{"count":1,"href":"https:\/\/spanienaktuell.net\/wordpress\/wp-json\/wp\/v2\/posts\/6766\/revisions"}],"predecessor-version":[{"id":6770,"href":"https:\/\/spanienaktuell.net\/wordpress\/wp-json\/wp\/v2\/posts\/6766\/revisions\/6770"}],"wp:featuredmedia":[{"embeddable":true,"href":"https:\/\/spanienaktuell.net\/wordpress\/wp-json\/wp\/v2\/media\/6767"}],"wp:attachment":[{"href":"https:\/\/spanienaktuell.net\/wordpress\/wp-json\/wp\/v2\/media?parent=6766"}],"wp:term":[{"taxonomy":"category","embeddable":true,"href":"https:\/\/spanienaktuell.net\/wordpress\/wp-json\/wp\/v2\/categories?post=6766"},{"taxonomy":"post_tag","embeddable":true,"href":"https:\/\/spanienaktuell.net\/wordpress\/wp-json\/wp\/v2\/tags?post=6766"}],"curies":[{"name":"wp","href":"https:\/\/api.w.org\/{rel}","templated":true}]}}