{"id":6771,"date":"2019-01-31T12:54:07","date_gmt":"2019-01-31T12:54:07","guid":{"rendered":"http:\/\/spanienaktuell.net\/wordpress\/?p=6771"},"modified":"2019-01-31T12:54:07","modified_gmt":"2019-01-31T12:54:07","slug":"weinmesse-wine-paris-feiert-premiere","status":"publish","type":"post","link":"https:\/\/spanienaktuell.net\/wordpress\/weinmesse-wine-paris-feiert-premiere\/","title":{"rendered":"Weinmesse Wine Paris feiert Premiere"},"content":{"rendered":"<p><b>Vom 11. Bis 13. Februar 2019 wird Paris zur Welthauptstadt des Weins<\/b><\/p>\n<p><span style=\"font-weight: 400;\">Im Februar 2019 wird Paris zum Treffpunkt der internationalen Weinbranche \u2013 denn erstmals findet hier die neue Weinfachmesse WINE PARIS statt. Entstanden ist sie aus dem Zusammenschluss von VINISUD, der Messe f\u00fcr die Weine aus dem Mittelmeerraum, und VINOVISION PARIS, der Messe f\u00fcr die Weine aus n\u00f6rdlichen Anbaugebieten. Im Mittelpunkt der WINE PARIS steht die Vielfalt der Weinregionen und insbesondere das breite Spektrum des franz\u00f6sischen Weinangebots. Die Veranstalter erwarten f\u00fcr diese Messepremiere 2.000 franz\u00f6sische sowie internationale Aussteller und 25.000 Fachbesucher, darunter 35 % internationale G\u00e4ste.<\/span><\/p>\n<p><b>Wine Paris \u2013 ein Gemeinschaftsprojekt<\/b><\/p>\n<p><span style=\"font-weight: 400;\">Mit der WINE PARIS werden VINISUD und VINOVISION PARIS 2019 zusammengelegt \u2013 es handelt sich um das erste gro\u00dfe Gemeinschaftsprojekt der beteiligten Weinverb\u00e4nde. Diese neue internationale Weinmesse in Paris ist deutlich auf Business und Export ausgerichtet. Das Ziel: franz\u00f6sischen und internationalen Eink\u00e4ufern das reichhaltige Angebot und die Vielfalt der Weinregionen zu vermitteln und das breitgef\u00e4cherte Sortiment sowohl kleiner, passionierter Winzerbetriebe als auch gro\u00dfer renommierter Produzenten zu pr\u00e4sentieren.<\/span><\/p>\n<p><b>Wine Paris: Vielfalt ist Trumpf<\/b><\/p>\n<p><span style=\"font-weight: 400;\">Bei WINE PARIS treffen Weine des Mittelmeerraums und Cool-Climate-Weine aufeinander. Eine Vielfalt einzigartiger Weine, je nach Terroir, Climat, Rebsorten, Arten von Weing\u00fctern, Anbaumethoden etc. Dabei haben es sich die Messeveranstalter zum Ziel gesetzt, die Einzigartigkeit jedes einzelnes Weines herauszustellen.<\/span><\/p>\n<p><b>Paris, die Welthauptstadt des Weins<\/b><\/p>\n<p><span style=\"font-weight: 400;\">Frankreichs Weinkultur genie\u00dft international hohes Ansehen. So ist es nur konsequent, die franz\u00f6sische Hauptstadt als Veranstaltungsort f\u00fcr WINE PARIS zu w\u00e4hlen. Frankreich ist wertm\u00e4\u00dfig laut OIV-Report 2018 der weltweit f\u00fchrende Weinexporteur und ein wichtiger Konsumentenmarkt (international beim Gesamtkonsum sowie beim Pro-Kopf-Konsum auf Position zwei). Die internationalen Fachbesucher der WINE PARIS profitieren in der franz\u00f6sischen Hauptstadt von ausgezeichneten Messebedingungen: Paris liegt zentral im Herzen Frankreichs und Europas, ist gut erreichbar und bietet eine gro\u00dfe Auswahl an Unterk\u00fcnften, Restaurants, Weinhandlungen und Einzelhandel. Neben der Messe organisiert WINE PARIS ein Rahmenprogramm, das den Besuchern zus\u00e4tzliche Weinerlebnisse sowie Business- und Networking-Gelegenheiten bietet.<\/span><\/p>\n<p><span style=\"font-weight: 400;\">Comexposium ist einer der weltweit f\u00fchrenden Eventveranstalter mit Spezialisierung auf Lebensmittel und Wein. Die \u00fcber 132 B2B- und B2C-Veranstaltungen in mehr als 30 L\u00e4ndern ziehen pro Jahr 48.000 Aussteller und 3,5 Millionen Besucher an. Die Adhesion Group \u2013 seit Oktober 2017 eine Tochtergesellschaft von Comexposium \u2013 ist f\u00fchrend in der Organisation von zielgerichteten, hochkar\u00e4tigen B2B-Events im Wein- und Spirituosensektor. Ihr geh\u00f6ren die Messen Vinisud und Vinovision Paris sowie vier Business Conventions: WWM World Wine Meetings in Paris, Shanghai, Chicago und San Francisco. Weitere Informationen unter: <\/span><a href=\"https:\/\/www.wineparis.com\"><b>https:\/\/www.wineparis.com<\/b><\/a><\/p>\n<p><span style=\"font-weight: 400;\">Quelle: ADHESION GROUP \u2013 COMEXPOSIUM<\/span><\/p>\n","protected":false},"excerpt":{"rendered":"<p>Vom 11. Bis 13. Februar 2019 wird Paris zur Welthauptstadt des Weins Im Februar 2019 wird Paris zum Treffpunkt der [&hellip;]<\/p>\n","protected":false},"author":3,"featured_media":6772,"comment_status":"open","ping_status":"open","sticky":false,"template":"","format":"standard","meta":{"footnotes":""},"categories":[24],"tags":[],"class_list":["post-6771","post","type-post","status-publish","format-standard","has-post-thumbnail","hentry","category-kulinarisch"],"yoast_head":"<!-- This site is optimized with the Yoast SEO plugin v27.1.1 - https:\/\/yoast.com\/product\/yoast-seo-wordpress\/ -->\n<title>Weinmesse Wine Paris feiert Premiere - Spanien aktuell<\/title>\n<meta name=\"robots\" content=\"index, follow, max-snippet:-1, max-image-preview:large, max-video-preview:-1\" \/>\n<link rel=\"canonical\" href=\"https:\/\/spanienaktuell.net\/wordpress\/weinmesse-wine-paris-feiert-premiere\/\" \/>\n<meta property=\"og:locale\" content=\"es_ES\" \/>\n<meta property=\"og:type\" content=\"article\" \/>\n<meta property=\"og:title\" content=\"Weinmesse Wine Paris feiert Premiere - Spanien aktuell\" \/>\n<meta property=\"og:description\" content=\"Vom 11. Bis 13. Februar 2019 wird Paris zur Welthauptstadt des Weins Im Februar 2019 wird Paris zum Treffpunkt der [&hellip;]\" \/>\n<meta property=\"og:url\" content=\"https:\/\/spanienaktuell.net\/wordpress\/weinmesse-wine-paris-feiert-premiere\/\" \/>\n<meta property=\"og:site_name\" content=\"Spanien aktuell\" \/>\n<meta property=\"article:published_time\" content=\"2019-01-31T12:54:07+00:00\" \/>\n<meta property=\"og:image\" content=\"https:\/\/spanienaktuell.net\/wordpress\/wp-content\/uploads\/2019\/01\/355907.jpg\" \/>\n\t<meta property=\"og:image:width\" content=\"640\" \/>\n\t<meta property=\"og:image:height\" content=\"352\" \/>\n\t<meta property=\"og:image:type\" content=\"image\/jpeg\" \/>\n<meta name=\"author\" content=\"Spanien Aktuell\" \/>\n<meta name=\"twitter:card\" content=\"summary_large_image\" \/>\n<meta name=\"twitter:label1\" content=\"Escrito por\" \/>\n\t<meta name=\"twitter:data1\" content=\"Spanien Aktuell\" \/>\n\t<meta name=\"twitter:label2\" content=\"Tiempo de lectura\" \/>\n\t<meta name=\"twitter:data2\" content=\"2 minutos\" \/>\n<script type=\"application\/ld+json\" class=\"yoast-schema-graph\">{\"@context\":\"https:\/\/schema.org\",\"@graph\":[{\"@type\":\"Article\",\"@id\":\"https:\/\/spanienaktuell.net\/wordpress\/weinmesse-wine-paris-feiert-premiere\/#article\",\"isPartOf\":{\"@id\":\"https:\/\/spanienaktuell.net\/wordpress\/weinmesse-wine-paris-feiert-premiere\/\"},\"author\":{\"name\":\"Spanien Aktuell\",\"@id\":\"https:\/\/spanienaktuell.net\/wordpress\/#\/schema\/person\/bc410cfae0161b201d837ebfeeba7fd0\"},\"headline\":\"Weinmesse Wine Paris feiert Premiere\",\"datePublished\":\"2019-01-31T12:54:07+00:00\",\"mainEntityOfPage\":{\"@id\":\"https:\/\/spanienaktuell.net\/wordpress\/weinmesse-wine-paris-feiert-premiere\/\"},\"wordCount\":427,\"commentCount\":0,\"publisher\":{\"@id\":\"https:\/\/spanienaktuell.net\/wordpress\/#organization\"},\"image\":{\"@id\":\"https:\/\/spanienaktuell.net\/wordpress\/weinmesse-wine-paris-feiert-premiere\/#primaryimage\"},\"thumbnailUrl\":\"https:\/\/spanienaktuell.net\/wordpress\/wp-content\/uploads\/2019\/01\/355907.jpg\",\"articleSection\":[\"Kulinarisch\"],\"inLanguage\":\"es\",\"potentialAction\":[{\"@type\":\"CommentAction\",\"name\":\"Comment\",\"target\":[\"https:\/\/spanienaktuell.net\/wordpress\/weinmesse-wine-paris-feiert-premiere\/#respond\"]}]},{\"@type\":\"WebPage\",\"@id\":\"https:\/\/spanienaktuell.net\/wordpress\/weinmesse-wine-paris-feiert-premiere\/\",\"url\":\"https:\/\/spanienaktuell.net\/wordpress\/weinmesse-wine-paris-feiert-premiere\/\",\"name\":\"Weinmesse Wine Paris feiert Premiere - Spanien aktuell\",\"isPartOf\":{\"@id\":\"https:\/\/spanienaktuell.net\/wordpress\/#website\"},\"primaryImageOfPage\":{\"@id\":\"https:\/\/spanienaktuell.net\/wordpress\/weinmesse-wine-paris-feiert-premiere\/#primaryimage\"},\"image\":{\"@id\":\"https:\/\/spanienaktuell.net\/wordpress\/weinmesse-wine-paris-feiert-premiere\/#primaryimage\"},\"thumbnailUrl\":\"https:\/\/spanienaktuell.net\/wordpress\/wp-content\/uploads\/2019\/01\/355907.jpg\",\"datePublished\":\"2019-01-31T12:54:07+00:00\",\"breadcrumb\":{\"@id\":\"https:\/\/spanienaktuell.net\/wordpress\/weinmesse-wine-paris-feiert-premiere\/#breadcrumb\"},\"inLanguage\":\"es\",\"potentialAction\":[{\"@type\":\"ReadAction\",\"target\":[\"https:\/\/spanienaktuell.net\/wordpress\/weinmesse-wine-paris-feiert-premiere\/\"]}]},{\"@type\":\"ImageObject\",\"inLanguage\":\"es\",\"@id\":\"https:\/\/spanienaktuell.net\/wordpress\/weinmesse-wine-paris-feiert-premiere\/#primaryimage\",\"url\":\"https:\/\/spanienaktuell.net\/wordpress\/wp-content\/uploads\/2019\/01\/355907.jpg\",\"contentUrl\":\"https:\/\/spanienaktuell.net\/wordpress\/wp-content\/uploads\/2019\/01\/355907.jpg\",\"width\":640,\"height\":352},{\"@type\":\"BreadcrumbList\",\"@id\":\"https:\/\/spanienaktuell.net\/wordpress\/weinmesse-wine-paris-feiert-premiere\/#breadcrumb\",\"itemListElement\":[{\"@type\":\"ListItem\",\"position\":1,\"name\":\"Portada\",\"item\":\"https:\/\/spanienaktuell.net\/wordpress\/\"},{\"@type\":\"ListItem\",\"position\":2,\"name\":\"Weinmesse Wine Paris feiert Premiere\"}]},{\"@type\":\"WebSite\",\"@id\":\"https:\/\/spanienaktuell.net\/wordpress\/#website\",\"url\":\"https:\/\/spanienaktuell.net\/wordpress\/\",\"name\":\"Spanien aktuell\",\"description\":\"The German magazine number 1 on the Costa del Sol\",\"publisher\":{\"@id\":\"https:\/\/spanienaktuell.net\/wordpress\/#organization\"},\"potentialAction\":[{\"@type\":\"SearchAction\",\"target\":{\"@type\":\"EntryPoint\",\"urlTemplate\":\"https:\/\/spanienaktuell.net\/wordpress\/?s={search_term_string}\"},\"query-input\":{\"@type\":\"PropertyValueSpecification\",\"valueRequired\":true,\"valueName\":\"search_term_string\"}}],\"inLanguage\":\"es\"},{\"@type\":\"Organization\",\"@id\":\"https:\/\/spanienaktuell.net\/wordpress\/#organization\",\"name\":\"Spanien aktuell\",\"url\":\"https:\/\/spanienaktuell.net\/wordpress\/\",\"logo\":{\"@type\":\"ImageObject\",\"inLanguage\":\"es\",\"@id\":\"https:\/\/spanienaktuell.net\/wordpress\/#\/schema\/logo\/image\/\",\"url\":\"https:\/\/spanienaktuell.net\/wordpress\/wp-content\/uploads\/2019\/06\/cropped-Logo-spanien-aktuell-png-web-e1561631085388.png\",\"contentUrl\":\"https:\/\/spanienaktuell.net\/wordpress\/wp-content\/uploads\/2019\/06\/cropped-Logo-spanien-aktuell-png-web-e1561631085388.png\",\"width\":512,\"height\":110,\"caption\":\"Spanien aktuell\"},\"image\":{\"@id\":\"https:\/\/spanienaktuell.net\/wordpress\/#\/schema\/logo\/image\/\"}},{\"@type\":\"Person\",\"@id\":\"https:\/\/spanienaktuell.net\/wordpress\/#\/schema\/person\/bc410cfae0161b201d837ebfeeba7fd0\",\"name\":\"Spanien Aktuell\",\"image\":{\"@type\":\"ImageObject\",\"inLanguage\":\"es\",\"@id\":\"https:\/\/spanienaktuell.net\/wordpress\/#\/schema\/person\/image\/\",\"url\":\"https:\/\/spanienaktuell.net\/wordpress\/wp-content\/uploads\/2019\/06\/cropped-Logo-spanien-aktuell-png-fav2-100x100.png\",\"contentUrl\":\"https:\/\/spanienaktuell.net\/wordpress\/wp-content\/uploads\/2019\/06\/cropped-Logo-spanien-aktuell-png-fav2-100x100.png\",\"caption\":\"Spanien Aktuell\"},\"url\":\"https:\/\/spanienaktuell.net\/wordpress\/author\/koalum\/\"}]}<\/script>\n<!-- \/ Yoast SEO plugin. -->","yoast_head_json":{"title":"Weinmesse Wine Paris feiert Premiere - Spanien aktuell","robots":{"index":"index","follow":"follow","max-snippet":"max-snippet:-1","max-image-preview":"max-image-preview:large","max-video-preview":"max-video-preview:-1"},"canonical":"https:\/\/spanienaktuell.net\/wordpress\/weinmesse-wine-paris-feiert-premiere\/","og_locale":"es_ES","og_type":"article","og_title":"Weinmesse Wine Paris feiert Premiere - Spanien aktuell","og_description":"Vom 11. Bis 13. Februar 2019 wird Paris zur Welthauptstadt des Weins Im Februar 2019 wird Paris zum Treffpunkt der [&hellip;]","og_url":"https:\/\/spanienaktuell.net\/wordpress\/weinmesse-wine-paris-feiert-premiere\/","og_site_name":"Spanien aktuell","article_published_time":"2019-01-31T12:54:07+00:00","og_image":[{"width":640,"height":352,"url":"https:\/\/spanienaktuell.net\/wordpress\/wp-content\/uploads\/2019\/01\/355907.jpg","type":"image\/jpeg"}],"author":"Spanien Aktuell","twitter_card":"summary_large_image","twitter_misc":{"Escrito por":"Spanien Aktuell","Tiempo de lectura":"2 minutos"},"schema":{"@context":"https:\/\/schema.org","@graph":[{"@type":"Article","@id":"https:\/\/spanienaktuell.net\/wordpress\/weinmesse-wine-paris-feiert-premiere\/#article","isPartOf":{"@id":"https:\/\/spanienaktuell.net\/wordpress\/weinmesse-wine-paris-feiert-premiere\/"},"author":{"name":"Spanien Aktuell","@id":"https:\/\/spanienaktuell.net\/wordpress\/#\/schema\/person\/bc410cfae0161b201d837ebfeeba7fd0"},"headline":"Weinmesse Wine Paris feiert Premiere","datePublished":"2019-01-31T12:54:07+00:00","mainEntityOfPage":{"@id":"https:\/\/spanienaktuell.net\/wordpress\/weinmesse-wine-paris-feiert-premiere\/"},"wordCount":427,"commentCount":0,"publisher":{"@id":"https:\/\/spanienaktuell.net\/wordpress\/#organization"},"image":{"@id":"https:\/\/spanienaktuell.net\/wordpress\/weinmesse-wine-paris-feiert-premiere\/#primaryimage"},"thumbnailUrl":"https:\/\/spanienaktuell.net\/wordpress\/wp-content\/uploads\/2019\/01\/355907.jpg","articleSection":["Kulinarisch"],"inLanguage":"es","potentialAction":[{"@type":"CommentAction","name":"Comment","target":["https:\/\/spanienaktuell.net\/wordpress\/weinmesse-wine-paris-feiert-premiere\/#respond"]}]},{"@type":"WebPage","@id":"https:\/\/spanienaktuell.net\/wordpress\/weinmesse-wine-paris-feiert-premiere\/","url":"https:\/\/spanienaktuell.net\/wordpress\/weinmesse-wine-paris-feiert-premiere\/","name":"Weinmesse Wine Paris feiert Premiere - Spanien aktuell","isPartOf":{"@id":"https:\/\/spanienaktuell.net\/wordpress\/#website"},"primaryImageOfPage":{"@id":"https:\/\/spanienaktuell.net\/wordpress\/weinmesse-wine-paris-feiert-premiere\/#primaryimage"},"image":{"@id":"https:\/\/spanienaktuell.net\/wordpress\/weinmesse-wine-paris-feiert-premiere\/#primaryimage"},"thumbnailUrl":"https:\/\/spanienaktuell.net\/wordpress\/wp-content\/uploads\/2019\/01\/355907.jpg","datePublished":"2019-01-31T12:54:07+00:00","breadcrumb":{"@id":"https:\/\/spanienaktuell.net\/wordpress\/weinmesse-wine-paris-feiert-premiere\/#breadcrumb"},"inLanguage":"es","potentialAction":[{"@type":"ReadAction","target":["https:\/\/spanienaktuell.net\/wordpress\/weinmesse-wine-paris-feiert-premiere\/"]}]},{"@type":"ImageObject","inLanguage":"es","@id":"https:\/\/spanienaktuell.net\/wordpress\/weinmesse-wine-paris-feiert-premiere\/#primaryimage","url":"https:\/\/spanienaktuell.net\/wordpress\/wp-content\/uploads\/2019\/01\/355907.jpg","contentUrl":"https:\/\/spanienaktuell.net\/wordpress\/wp-content\/uploads\/2019\/01\/355907.jpg","width":640,"height":352},{"@type":"BreadcrumbList","@id":"https:\/\/spanienaktuell.net\/wordpress\/weinmesse-wine-paris-feiert-premiere\/#breadcrumb","itemListElement":[{"@type":"ListItem","position":1,"name":"Portada","item":"https:\/\/spanienaktuell.net\/wordpress\/"},{"@type":"ListItem","position":2,"name":"Weinmesse Wine Paris feiert Premiere"}]},{"@type":"WebSite","@id":"https:\/\/spanienaktuell.net\/wordpress\/#website","url":"https:\/\/spanienaktuell.net\/wordpress\/","name":"Spanien aktuell","description":"The German magazine number 1 on the Costa del Sol","publisher":{"@id":"https:\/\/spanienaktuell.net\/wordpress\/#organization"},"potentialAction":[{"@type":"SearchAction","target":{"@type":"EntryPoint","urlTemplate":"https:\/\/spanienaktuell.net\/wordpress\/?s={search_term_string}"},"query-input":{"@type":"PropertyValueSpecification","valueRequired":true,"valueName":"search_term_string"}}],"inLanguage":"es"},{"@type":"Organization","@id":"https:\/\/spanienaktuell.net\/wordpress\/#organization","name":"Spanien aktuell","url":"https:\/\/spanienaktuell.net\/wordpress\/","logo":{"@type":"ImageObject","inLanguage":"es","@id":"https:\/\/spanienaktuell.net\/wordpress\/#\/schema\/logo\/image\/","url":"https:\/\/spanienaktuell.net\/wordpress\/wp-content\/uploads\/2019\/06\/cropped-Logo-spanien-aktuell-png-web-e1561631085388.png","contentUrl":"https:\/\/spanienaktuell.net\/wordpress\/wp-content\/uploads\/2019\/06\/cropped-Logo-spanien-aktuell-png-web-e1561631085388.png","width":512,"height":110,"caption":"Spanien aktuell"},"image":{"@id":"https:\/\/spanienaktuell.net\/wordpress\/#\/schema\/logo\/image\/"}},{"@type":"Person","@id":"https:\/\/spanienaktuell.net\/wordpress\/#\/schema\/person\/bc410cfae0161b201d837ebfeeba7fd0","name":"Spanien Aktuell","image":{"@type":"ImageObject","inLanguage":"es","@id":"https:\/\/spanienaktuell.net\/wordpress\/#\/schema\/person\/image\/","url":"https:\/\/spanienaktuell.net\/wordpress\/wp-content\/uploads\/2019\/06\/cropped-Logo-spanien-aktuell-png-fav2-100x100.png","contentUrl":"https:\/\/spanienaktuell.net\/wordpress\/wp-content\/uploads\/2019\/06\/cropped-Logo-spanien-aktuell-png-fav2-100x100.png","caption":"Spanien Aktuell"},"url":"https:\/\/spanienaktuell.net\/wordpress\/author\/koalum\/"}]}},"_links":{"self":[{"href":"https:\/\/spanienaktuell.net\/wordpress\/wp-json\/wp\/v2\/posts\/6771","targetHints":{"allow":["GET"]}}],"collection":[{"href":"https:\/\/spanienaktuell.net\/wordpress\/wp-json\/wp\/v2\/posts"}],"about":[{"href":"https:\/\/spanienaktuell.net\/wordpress\/wp-json\/wp\/v2\/types\/post"}],"author":[{"embeddable":true,"href":"https:\/\/spanienaktuell.net\/wordpress\/wp-json\/wp\/v2\/users\/3"}],"replies":[{"embeddable":true,"href":"https:\/\/spanienaktuell.net\/wordpress\/wp-json\/wp\/v2\/comments?post=6771"}],"version-history":[{"count":1,"href":"https:\/\/spanienaktuell.net\/wordpress\/wp-json\/wp\/v2\/posts\/6771\/revisions"}],"predecessor-version":[{"id":6773,"href":"https:\/\/spanienaktuell.net\/wordpress\/wp-json\/wp\/v2\/posts\/6771\/revisions\/6773"}],"wp:featuredmedia":[{"embeddable":true,"href":"https:\/\/spanienaktuell.net\/wordpress\/wp-json\/wp\/v2\/media\/6772"}],"wp:attachment":[{"href":"https:\/\/spanienaktuell.net\/wordpress\/wp-json\/wp\/v2\/media?parent=6771"}],"wp:term":[{"taxonomy":"category","embeddable":true,"href":"https:\/\/spanienaktuell.net\/wordpress\/wp-json\/wp\/v2\/categories?post=6771"},{"taxonomy":"post_tag","embeddable":true,"href":"https:\/\/spanienaktuell.net\/wordpress\/wp-json\/wp\/v2\/tags?post=6771"}],"curies":[{"name":"wp","href":"https:\/\/api.w.org\/{rel}","templated":true}]}}