{"id":7532,"date":"2019-05-01T13:43:09","date_gmt":"2019-05-01T13:43:09","guid":{"rendered":"http:\/\/spanienaktuell.net\/wordpress\/?p=7532"},"modified":"2023-11-01T08:50:35","modified_gmt":"2023-11-01T07:50:35","slug":"digitales-vertrauen-pragt-den-cybersecurity-markt","status":"publish","type":"post","link":"https:\/\/spanienaktuell.net\/wordpress\/digitales-vertrauen-pragt-den-cybersecurity-markt\/","title":{"rendered":"Digitales Vertrauen pr\u00e4gt den Cybersecurity-Markt"},"content":{"rendered":"<p><span style=\"font-weight: 400;\">Im letzten Jahr standen bestimmte Staaten unter dem Verdacht, verantwortlich f\u00fcr Cyberangriffe im gro\u00dfen Stil sowie f\u00fcr die Er\u00f6ffnung von \u201eCyberspionage-Schulen\u00bb zu sein. Dar\u00fcber hinaus wurde ein Embargo gegen bestimmte Lieferanten angek\u00fcndigt, denn es herrschte Besorgnis \u00fcber m\u00f6gliche Spionaget\u00e4tigkeiten sowie ein neuer Verdacht hinsichtlich der Einf\u00fchrung von Backdoors in ausl\u00e4ndischen Technologien. Insbesondere Huawei bekam die damit verbundenen Kosten zu sp\u00fcren. Viele Diskussionen um Cybersicherheit stellen daher aktuell verst\u00e4rkt den Begriff des digitalen Vertrauens in den Fokus.<\/span><\/p>\n<p><b>Ein Kommentar von Matthieu Bonenfant, CMO bei Stormshield<\/b><\/p>\n<figure id=\"attachment_7534\" aria-describedby=\"caption-attachment-7534\" style=\"width: 300px\" class=\"wp-caption alignnone\"><img decoding=\"async\" class=\"size-medium wp-image-7534\" src=\"http:\/\/spanienaktuell.net\/wordpress\/wp-content\/uploads\/2019\/05\/Foto-Matthieu-Bonenfant-CMO-bei-Stormshield-300x300.jpg\" alt=\"\" width=\"300\" height=\"300\" srcset=\"https:\/\/spanienaktuell.net\/wordpress\/wp-content\/uploads\/2019\/05\/Foto-Matthieu-Bonenfant-CMO-bei-Stormshield-300x300.jpg 300w, https:\/\/spanienaktuell.net\/wordpress\/wp-content\/uploads\/2019\/05\/Foto-Matthieu-Bonenfant-CMO-bei-Stormshield-100x100.jpg 100w, https:\/\/spanienaktuell.net\/wordpress\/wp-content\/uploads\/2019\/05\/Foto-Matthieu-Bonenfant-CMO-bei-Stormshield-600x600.jpg 600w, https:\/\/spanienaktuell.net\/wordpress\/wp-content\/uploads\/2019\/05\/Foto-Matthieu-Bonenfant-CMO-bei-Stormshield.jpg 1080w\" sizes=\"(max-width: 300px) 100vw, 300px\" \/><figcaption id=\"caption-attachment-7534\" class=\"wp-caption-text\">Foto: Matthieu Bonenfant, CMO bei Stormshield<\/figcaption><\/figure>\n<p><span style=\"font-weight: 400;\">Aktuelle Vorkommnisse und Debatten werfen Zweifel an der Zuverl\u00e4ssigkeit und Integrit\u00e4t von Softwareprodukten auf, insbesondere in Hinblick auf Cybersecurity-L\u00f6sungen. Gerade diese L\u00f6sungen sind aufgrund ihrer Funktion als \u201eW\u00e4chter\u00bb \u00fcber die wichtigsten Systeme und Informationen eines Unternehmens besonders sensibel: Hat jemand die Kontrolle \u00fcber die Sicherheitssysteme, bedeutet dies den direkten Zugriff auf gesch\u00fctzte Ressourcen. Aus diesem Grund war die Auswahl eines passenden Cybersecurity-Partners f\u00fcr Unternehmen und Institutionen noch nie so wichtig wie jetzt.<\/span><\/p>\n<p><span style=\"font-weight: 400;\">Sicherheitsrisiko genehmigte Schwachstellen<\/span><\/p>\n<p><span style=\"font-weight: 400;\">Geht es um heikle Themen wie Backdoors oder die Abschw\u00e4chung von Verschl\u00fcsselungsmechanismen, beziehen die Nationalstaaten sehr unterschiedliche Positionen. So hat Russland bereits Gesetze verabschiedet, durch die Beh\u00f6rden die M\u00f6glichkeit haben, auf die verschl\u00fcsselte Kommunikation von Herausgebern zuzugreifen. Auch die Mitgliedstaaten der sogenannten \u201eFive Eyes\u00bb-Allianz* m\u00f6chten die Implementierung von Schwachstellen in Software durchsetzen. Das prim\u00e4re und offizielle Ziel bestehe darin, die Kommunikation m\u00f6glicher Terroristen zu entschl\u00fcsseln und Informationen zwischen den verschiedenen Nachrichtendiensten auszutauschen.<\/span><\/p>\n<p><span style=\"font-weight: 400;\">Aufgrund der stets wachsenden Anzahl von Terrorangriffen hat deren Bek\u00e4mpfung nat\u00fcrlich eine hohe Priorit\u00e4t. Dennoch sollte die Angemessenheit von absichtlich geschaffenen Backdoors in Frage gestellt werden, da sie auch die M\u00f6glichkeit bieten, an sensible Informationen von privaten Unternehmen oder Einzelpersonen zu gelangen. Sollte dies der Fall sein, sind verschiedenste Szenarien wie beispielsweise gesamtstaatliche Spionage, Zugang zu Gesch\u00e4ftsgeheimnissen oder Verst\u00f6\u00dfe gegen b\u00fcrgerliche Freiheiten vorstellbar. Diese Entwicklungen k\u00f6nnten Unternehmen und Institutionen ernsthaft darin beeintr\u00e4chtigen, ihre Informationen angemessen zu sch\u00fctzen.<\/span><\/p>\n<p><span style=\"font-weight: 400;\">Europ\u00e4ische L\u00f6sungen ohne Backdoors<\/span><\/p>\n<p><span style=\"font-weight: 400;\">Im Gro\u00dfen und Ganzen fand die Integration solcher Backdoors keine Zustimmung. Insbesondere Europa stellt sich eindeutig gegen diese Umsetzung und bef\u00fcrwortet stattdessen eine Ende-zu-Ende-Verschl\u00fcsselung in der Kommunikation, um eine vollst\u00e4ndige Sicherheit zu gew\u00e4hrleisten. Bereits 2017 betonte der Vizepr\u00e4sident der Europ\u00e4ischen Kommission diesen Standpunkt und hob die Bedrohung hervor, dass solche Schwachstellen in Sicherheits- oder Verschl\u00fcsselungssystemen schlie\u00dflich auch von Cyberkriminellen erkannt und f\u00fcr ihre Aktivit\u00e4ten ausgenutzt werden k\u00f6nnten.<\/span><\/p>\n<p><span style=\"font-weight: 400;\">Aus diesem Grund sollten auch bereits erfolgte Ma\u00dfnahmen zur Unterst\u00fctzung des digitalen Vertrauens hervorgehoben werden, die auf europ\u00e4ischer Ebene und von verschiedenen Regierungsbeh\u00f6rden wie der ANSSI in Frankreich (Nationale Agentur f\u00fcr Sicherheit der Informationssysteme) durchgef\u00fchrt wurden. Das System der franz\u00f6sischen Agentur zur Qualifizierung von Sicherheitsprodukten verlangt beispielsweise eine \u00dcberpr\u00fcfung der Quellcodes, um sicherzustellen, dass die Schutzfunktionen solide und keine Backdoors vorhanden sind.<\/span><\/p>\n<p><span style=\"font-weight: 400;\">Fazit<\/span><\/p>\n<p><span style=\"font-weight: 400;\">Wie sich zeigt, geht der Begriff des digitalen Vertrauens weit \u00fcber rein technologische und funktionale Aspekte hinaus und weist oft einen geopolitischen Charakter auf. Die Erkenntnis \u00fcber den Ursprung digitaler Technologien, insbesondere derer, die zum Schutz oder f\u00fcr den Umgang mit sensiblen Daten verwendet werden, ist f\u00fcr das digitale Vertrauen von zentraler Bedeutung. Diese strategischen Informationen sollten Unternehmen in ihre \u00dcberlegungen einbeziehen, bevor sie Anbietern die Sicherung ihrer Informationssysteme anvertrauen. Dazu ist eine kontinuierliche Sensibilisierung von privaten und \u00f6ffentlichen Organisationen erforderlich. Auch europ\u00e4ische Herausgeber m\u00fcssen ihre Positionen transparenter gestalten und gemeinsam Stellung beziehen.<\/span><\/p>\n<p><span style=\"font-weight: 400;\">* Allianz der Nachrichtendienste der Vereinigten Staaten, Australiens, Neuseelands, des Vereinigten K\u00f6nigreichs und Kanadas<\/span><\/p>\n<p><span style=\"font-weight: 400;\">Quelle: Stormshield &#8211; <\/span><a href=\"http:\/\/www.stormshield.com\"><span style=\"font-weight: 400;\">www.stormshield.com<\/span><\/a><\/p>\n","protected":false},"excerpt":{"rendered":"<p>Im letzten Jahr standen bestimmte Staaten unter dem Verdacht, verantwortlich f\u00fcr Cyberangriffe im gro\u00dfen Stil sowie f\u00fcr die Er\u00f6ffnung von [&hellip;]<\/p>\n","protected":false},"author":3,"featured_media":7533,"comment_status":"open","ping_status":"open","sticky":false,"template":"","format":"standard","meta":{"footnotes":""},"categories":[30],"tags":[],"class_list":["post-7532","post","type-post","status-publish","format-standard","has-post-thumbnail","hentry","category-recht-gesellschaft"],"yoast_head":"<!-- This site is optimized with the Yoast SEO plugin v27.1.1 - https:\/\/yoast.com\/product\/yoast-seo-wordpress\/ -->\n<title>Digitales Vertrauen pr\u00e4gt den Cybersecurity-Markt - Spanien aktuell<\/title>\n<meta name=\"robots\" content=\"index, follow, max-snippet:-1, max-image-preview:large, max-video-preview:-1\" \/>\n<link rel=\"canonical\" href=\"https:\/\/spanienaktuell.net\/wordpress\/digitales-vertrauen-pragt-den-cybersecurity-markt\/\" \/>\n<meta property=\"og:locale\" content=\"es_ES\" \/>\n<meta property=\"og:type\" content=\"article\" \/>\n<meta property=\"og:title\" content=\"Digitales Vertrauen pr\u00e4gt den Cybersecurity-Markt - Spanien aktuell\" \/>\n<meta property=\"og:description\" content=\"Im letzten Jahr standen bestimmte Staaten unter dem Verdacht, verantwortlich f\u00fcr Cyberangriffe im gro\u00dfen Stil sowie f\u00fcr die Er\u00f6ffnung von [&hellip;]\" \/>\n<meta property=\"og:url\" content=\"https:\/\/spanienaktuell.net\/wordpress\/digitales-vertrauen-pragt-den-cybersecurity-markt\/\" \/>\n<meta property=\"og:site_name\" content=\"Spanien aktuell\" \/>\n<meta property=\"article:published_time\" content=\"2019-05-01T13:43:09+00:00\" \/>\n<meta property=\"article:modified_time\" content=\"2023-11-01T07:50:35+00:00\" \/>\n<meta property=\"og:image\" content=\"https:\/\/spanienaktuell.net\/wordpress\/wp-content\/uploads\/2019\/05\/Foto-Pixabay-hacking-3112539_1920.png\" \/>\n\t<meta property=\"og:image:width\" content=\"1440\" \/>\n\t<meta property=\"og:image:height\" content=\"810\" \/>\n\t<meta property=\"og:image:type\" content=\"image\/png\" \/>\n<meta name=\"author\" content=\"Spanien Aktuell\" \/>\n<meta name=\"twitter:card\" content=\"summary_large_image\" \/>\n<meta name=\"twitter:label1\" content=\"Escrito por\" \/>\n\t<meta name=\"twitter:data1\" content=\"Spanien Aktuell\" \/>\n\t<meta name=\"twitter:label2\" content=\"Tiempo de lectura\" \/>\n\t<meta name=\"twitter:data2\" content=\"3 minutos\" \/>\n<script type=\"application\/ld+json\" class=\"yoast-schema-graph\">{\"@context\":\"https:\/\/schema.org\",\"@graph\":[{\"@type\":\"Article\",\"@id\":\"https:\/\/spanienaktuell.net\/wordpress\/digitales-vertrauen-pragt-den-cybersecurity-markt\/#article\",\"isPartOf\":{\"@id\":\"https:\/\/spanienaktuell.net\/wordpress\/digitales-vertrauen-pragt-den-cybersecurity-markt\/\"},\"author\":{\"name\":\"Spanien Aktuell\",\"@id\":\"https:\/\/spanienaktuell.net\/wordpress\/#\/schema\/person\/bc410cfae0161b201d837ebfeeba7fd0\"},\"headline\":\"Digitales Vertrauen pr\u00e4gt den Cybersecurity-Markt\",\"datePublished\":\"2019-05-01T13:43:09+00:00\",\"dateModified\":\"2023-11-01T07:50:35+00:00\",\"mainEntityOfPage\":{\"@id\":\"https:\/\/spanienaktuell.net\/wordpress\/digitales-vertrauen-pragt-den-cybersecurity-markt\/\"},\"wordCount\":638,\"commentCount\":0,\"publisher\":{\"@id\":\"https:\/\/spanienaktuell.net\/wordpress\/#organization\"},\"image\":{\"@id\":\"https:\/\/spanienaktuell.net\/wordpress\/digitales-vertrauen-pragt-den-cybersecurity-markt\/#primaryimage\"},\"thumbnailUrl\":\"https:\/\/spanienaktuell.net\/wordpress\/wp-content\/uploads\/2019\/05\/Foto-Pixabay-hacking-3112539_1920.png\",\"articleSection\":[\"Recht\"],\"inLanguage\":\"es\",\"potentialAction\":[{\"@type\":\"CommentAction\",\"name\":\"Comment\",\"target\":[\"https:\/\/spanienaktuell.net\/wordpress\/digitales-vertrauen-pragt-den-cybersecurity-markt\/#respond\"]}]},{\"@type\":\"WebPage\",\"@id\":\"https:\/\/spanienaktuell.net\/wordpress\/digitales-vertrauen-pragt-den-cybersecurity-markt\/\",\"url\":\"https:\/\/spanienaktuell.net\/wordpress\/digitales-vertrauen-pragt-den-cybersecurity-markt\/\",\"name\":\"Digitales Vertrauen pr\u00e4gt den Cybersecurity-Markt - Spanien aktuell\",\"isPartOf\":{\"@id\":\"https:\/\/spanienaktuell.net\/wordpress\/#website\"},\"primaryImageOfPage\":{\"@id\":\"https:\/\/spanienaktuell.net\/wordpress\/digitales-vertrauen-pragt-den-cybersecurity-markt\/#primaryimage\"},\"image\":{\"@id\":\"https:\/\/spanienaktuell.net\/wordpress\/digitales-vertrauen-pragt-den-cybersecurity-markt\/#primaryimage\"},\"thumbnailUrl\":\"https:\/\/spanienaktuell.net\/wordpress\/wp-content\/uploads\/2019\/05\/Foto-Pixabay-hacking-3112539_1920.png\",\"datePublished\":\"2019-05-01T13:43:09+00:00\",\"dateModified\":\"2023-11-01T07:50:35+00:00\",\"breadcrumb\":{\"@id\":\"https:\/\/spanienaktuell.net\/wordpress\/digitales-vertrauen-pragt-den-cybersecurity-markt\/#breadcrumb\"},\"inLanguage\":\"es\",\"potentialAction\":[{\"@type\":\"ReadAction\",\"target\":[\"https:\/\/spanienaktuell.net\/wordpress\/digitales-vertrauen-pragt-den-cybersecurity-markt\/\"]}]},{\"@type\":\"ImageObject\",\"inLanguage\":\"es\",\"@id\":\"https:\/\/spanienaktuell.net\/wordpress\/digitales-vertrauen-pragt-den-cybersecurity-markt\/#primaryimage\",\"url\":\"https:\/\/spanienaktuell.net\/wordpress\/wp-content\/uploads\/2019\/05\/Foto-Pixabay-hacking-3112539_1920.png\",\"contentUrl\":\"https:\/\/spanienaktuell.net\/wordpress\/wp-content\/uploads\/2019\/05\/Foto-Pixabay-hacking-3112539_1920.png\",\"width\":1440,\"height\":810,\"caption\":\"Foto: Pixabay\"},{\"@type\":\"BreadcrumbList\",\"@id\":\"https:\/\/spanienaktuell.net\/wordpress\/digitales-vertrauen-pragt-den-cybersecurity-markt\/#breadcrumb\",\"itemListElement\":[{\"@type\":\"ListItem\",\"position\":1,\"name\":\"Portada\",\"item\":\"https:\/\/spanienaktuell.net\/wordpress\/\"},{\"@type\":\"ListItem\",\"position\":2,\"name\":\"Digitales Vertrauen pr\u00e4gt den Cybersecurity-Markt\"}]},{\"@type\":\"WebSite\",\"@id\":\"https:\/\/spanienaktuell.net\/wordpress\/#website\",\"url\":\"https:\/\/spanienaktuell.net\/wordpress\/\",\"name\":\"Spanien aktuell\",\"description\":\"The German magazine number 1 on the Costa del Sol\",\"publisher\":{\"@id\":\"https:\/\/spanienaktuell.net\/wordpress\/#organization\"},\"potentialAction\":[{\"@type\":\"SearchAction\",\"target\":{\"@type\":\"EntryPoint\",\"urlTemplate\":\"https:\/\/spanienaktuell.net\/wordpress\/?s={search_term_string}\"},\"query-input\":{\"@type\":\"PropertyValueSpecification\",\"valueRequired\":true,\"valueName\":\"search_term_string\"}}],\"inLanguage\":\"es\"},{\"@type\":\"Organization\",\"@id\":\"https:\/\/spanienaktuell.net\/wordpress\/#organization\",\"name\":\"Spanien aktuell\",\"url\":\"https:\/\/spanienaktuell.net\/wordpress\/\",\"logo\":{\"@type\":\"ImageObject\",\"inLanguage\":\"es\",\"@id\":\"https:\/\/spanienaktuell.net\/wordpress\/#\/schema\/logo\/image\/\",\"url\":\"https:\/\/spanienaktuell.net\/wordpress\/wp-content\/uploads\/2019\/06\/cropped-Logo-spanien-aktuell-png-web-e1561631085388.png\",\"contentUrl\":\"https:\/\/spanienaktuell.net\/wordpress\/wp-content\/uploads\/2019\/06\/cropped-Logo-spanien-aktuell-png-web-e1561631085388.png\",\"width\":512,\"height\":110,\"caption\":\"Spanien aktuell\"},\"image\":{\"@id\":\"https:\/\/spanienaktuell.net\/wordpress\/#\/schema\/logo\/image\/\"}},{\"@type\":\"Person\",\"@id\":\"https:\/\/spanienaktuell.net\/wordpress\/#\/schema\/person\/bc410cfae0161b201d837ebfeeba7fd0\",\"name\":\"Spanien Aktuell\",\"image\":{\"@type\":\"ImageObject\",\"inLanguage\":\"es\",\"@id\":\"https:\/\/spanienaktuell.net\/wordpress\/#\/schema\/person\/image\/\",\"url\":\"https:\/\/spanienaktuell.net\/wordpress\/wp-content\/uploads\/2019\/06\/cropped-Logo-spanien-aktuell-png-fav2-100x100.png\",\"contentUrl\":\"https:\/\/spanienaktuell.net\/wordpress\/wp-content\/uploads\/2019\/06\/cropped-Logo-spanien-aktuell-png-fav2-100x100.png\",\"caption\":\"Spanien Aktuell\"},\"url\":\"https:\/\/spanienaktuell.net\/wordpress\/author\/koalum\/\"}]}<\/script>\n<!-- \/ Yoast SEO plugin. -->","yoast_head_json":{"title":"Digitales Vertrauen pr\u00e4gt den Cybersecurity-Markt - Spanien aktuell","robots":{"index":"index","follow":"follow","max-snippet":"max-snippet:-1","max-image-preview":"max-image-preview:large","max-video-preview":"max-video-preview:-1"},"canonical":"https:\/\/spanienaktuell.net\/wordpress\/digitales-vertrauen-pragt-den-cybersecurity-markt\/","og_locale":"es_ES","og_type":"article","og_title":"Digitales Vertrauen pr\u00e4gt den Cybersecurity-Markt - Spanien aktuell","og_description":"Im letzten Jahr standen bestimmte Staaten unter dem Verdacht, verantwortlich f\u00fcr Cyberangriffe im gro\u00dfen Stil sowie f\u00fcr die Er\u00f6ffnung von [&hellip;]","og_url":"https:\/\/spanienaktuell.net\/wordpress\/digitales-vertrauen-pragt-den-cybersecurity-markt\/","og_site_name":"Spanien aktuell","article_published_time":"2019-05-01T13:43:09+00:00","article_modified_time":"2023-11-01T07:50:35+00:00","og_image":[{"width":1440,"height":810,"url":"https:\/\/spanienaktuell.net\/wordpress\/wp-content\/uploads\/2019\/05\/Foto-Pixabay-hacking-3112539_1920.png","type":"image\/png"}],"author":"Spanien Aktuell","twitter_card":"summary_large_image","twitter_misc":{"Escrito por":"Spanien Aktuell","Tiempo de lectura":"3 minutos"},"schema":{"@context":"https:\/\/schema.org","@graph":[{"@type":"Article","@id":"https:\/\/spanienaktuell.net\/wordpress\/digitales-vertrauen-pragt-den-cybersecurity-markt\/#article","isPartOf":{"@id":"https:\/\/spanienaktuell.net\/wordpress\/digitales-vertrauen-pragt-den-cybersecurity-markt\/"},"author":{"name":"Spanien Aktuell","@id":"https:\/\/spanienaktuell.net\/wordpress\/#\/schema\/person\/bc410cfae0161b201d837ebfeeba7fd0"},"headline":"Digitales Vertrauen pr\u00e4gt den Cybersecurity-Markt","datePublished":"2019-05-01T13:43:09+00:00","dateModified":"2023-11-01T07:50:35+00:00","mainEntityOfPage":{"@id":"https:\/\/spanienaktuell.net\/wordpress\/digitales-vertrauen-pragt-den-cybersecurity-markt\/"},"wordCount":638,"commentCount":0,"publisher":{"@id":"https:\/\/spanienaktuell.net\/wordpress\/#organization"},"image":{"@id":"https:\/\/spanienaktuell.net\/wordpress\/digitales-vertrauen-pragt-den-cybersecurity-markt\/#primaryimage"},"thumbnailUrl":"https:\/\/spanienaktuell.net\/wordpress\/wp-content\/uploads\/2019\/05\/Foto-Pixabay-hacking-3112539_1920.png","articleSection":["Recht"],"inLanguage":"es","potentialAction":[{"@type":"CommentAction","name":"Comment","target":["https:\/\/spanienaktuell.net\/wordpress\/digitales-vertrauen-pragt-den-cybersecurity-markt\/#respond"]}]},{"@type":"WebPage","@id":"https:\/\/spanienaktuell.net\/wordpress\/digitales-vertrauen-pragt-den-cybersecurity-markt\/","url":"https:\/\/spanienaktuell.net\/wordpress\/digitales-vertrauen-pragt-den-cybersecurity-markt\/","name":"Digitales Vertrauen pr\u00e4gt den Cybersecurity-Markt - Spanien aktuell","isPartOf":{"@id":"https:\/\/spanienaktuell.net\/wordpress\/#website"},"primaryImageOfPage":{"@id":"https:\/\/spanienaktuell.net\/wordpress\/digitales-vertrauen-pragt-den-cybersecurity-markt\/#primaryimage"},"image":{"@id":"https:\/\/spanienaktuell.net\/wordpress\/digitales-vertrauen-pragt-den-cybersecurity-markt\/#primaryimage"},"thumbnailUrl":"https:\/\/spanienaktuell.net\/wordpress\/wp-content\/uploads\/2019\/05\/Foto-Pixabay-hacking-3112539_1920.png","datePublished":"2019-05-01T13:43:09+00:00","dateModified":"2023-11-01T07:50:35+00:00","breadcrumb":{"@id":"https:\/\/spanienaktuell.net\/wordpress\/digitales-vertrauen-pragt-den-cybersecurity-markt\/#breadcrumb"},"inLanguage":"es","potentialAction":[{"@type":"ReadAction","target":["https:\/\/spanienaktuell.net\/wordpress\/digitales-vertrauen-pragt-den-cybersecurity-markt\/"]}]},{"@type":"ImageObject","inLanguage":"es","@id":"https:\/\/spanienaktuell.net\/wordpress\/digitales-vertrauen-pragt-den-cybersecurity-markt\/#primaryimage","url":"https:\/\/spanienaktuell.net\/wordpress\/wp-content\/uploads\/2019\/05\/Foto-Pixabay-hacking-3112539_1920.png","contentUrl":"https:\/\/spanienaktuell.net\/wordpress\/wp-content\/uploads\/2019\/05\/Foto-Pixabay-hacking-3112539_1920.png","width":1440,"height":810,"caption":"Foto: Pixabay"},{"@type":"BreadcrumbList","@id":"https:\/\/spanienaktuell.net\/wordpress\/digitales-vertrauen-pragt-den-cybersecurity-markt\/#breadcrumb","itemListElement":[{"@type":"ListItem","position":1,"name":"Portada","item":"https:\/\/spanienaktuell.net\/wordpress\/"},{"@type":"ListItem","position":2,"name":"Digitales Vertrauen pr\u00e4gt den Cybersecurity-Markt"}]},{"@type":"WebSite","@id":"https:\/\/spanienaktuell.net\/wordpress\/#website","url":"https:\/\/spanienaktuell.net\/wordpress\/","name":"Spanien aktuell","description":"The German magazine number 1 on the Costa del Sol","publisher":{"@id":"https:\/\/spanienaktuell.net\/wordpress\/#organization"},"potentialAction":[{"@type":"SearchAction","target":{"@type":"EntryPoint","urlTemplate":"https:\/\/spanienaktuell.net\/wordpress\/?s={search_term_string}"},"query-input":{"@type":"PropertyValueSpecification","valueRequired":true,"valueName":"search_term_string"}}],"inLanguage":"es"},{"@type":"Organization","@id":"https:\/\/spanienaktuell.net\/wordpress\/#organization","name":"Spanien aktuell","url":"https:\/\/spanienaktuell.net\/wordpress\/","logo":{"@type":"ImageObject","inLanguage":"es","@id":"https:\/\/spanienaktuell.net\/wordpress\/#\/schema\/logo\/image\/","url":"https:\/\/spanienaktuell.net\/wordpress\/wp-content\/uploads\/2019\/06\/cropped-Logo-spanien-aktuell-png-web-e1561631085388.png","contentUrl":"https:\/\/spanienaktuell.net\/wordpress\/wp-content\/uploads\/2019\/06\/cropped-Logo-spanien-aktuell-png-web-e1561631085388.png","width":512,"height":110,"caption":"Spanien aktuell"},"image":{"@id":"https:\/\/spanienaktuell.net\/wordpress\/#\/schema\/logo\/image\/"}},{"@type":"Person","@id":"https:\/\/spanienaktuell.net\/wordpress\/#\/schema\/person\/bc410cfae0161b201d837ebfeeba7fd0","name":"Spanien Aktuell","image":{"@type":"ImageObject","inLanguage":"es","@id":"https:\/\/spanienaktuell.net\/wordpress\/#\/schema\/person\/image\/","url":"https:\/\/spanienaktuell.net\/wordpress\/wp-content\/uploads\/2019\/06\/cropped-Logo-spanien-aktuell-png-fav2-100x100.png","contentUrl":"https:\/\/spanienaktuell.net\/wordpress\/wp-content\/uploads\/2019\/06\/cropped-Logo-spanien-aktuell-png-fav2-100x100.png","caption":"Spanien Aktuell"},"url":"https:\/\/spanienaktuell.net\/wordpress\/author\/koalum\/"}]}},"_links":{"self":[{"href":"https:\/\/spanienaktuell.net\/wordpress\/wp-json\/wp\/v2\/posts\/7532","targetHints":{"allow":["GET"]}}],"collection":[{"href":"https:\/\/spanienaktuell.net\/wordpress\/wp-json\/wp\/v2\/posts"}],"about":[{"href":"https:\/\/spanienaktuell.net\/wordpress\/wp-json\/wp\/v2\/types\/post"}],"author":[{"embeddable":true,"href":"https:\/\/spanienaktuell.net\/wordpress\/wp-json\/wp\/v2\/users\/3"}],"replies":[{"embeddable":true,"href":"https:\/\/spanienaktuell.net\/wordpress\/wp-json\/wp\/v2\/comments?post=7532"}],"version-history":[{"count":1,"href":"https:\/\/spanienaktuell.net\/wordpress\/wp-json\/wp\/v2\/posts\/7532\/revisions"}],"predecessor-version":[{"id":7535,"href":"https:\/\/spanienaktuell.net\/wordpress\/wp-json\/wp\/v2\/posts\/7532\/revisions\/7535"}],"wp:featuredmedia":[{"embeddable":true,"href":"https:\/\/spanienaktuell.net\/wordpress\/wp-json\/wp\/v2\/media\/7533"}],"wp:attachment":[{"href":"https:\/\/spanienaktuell.net\/wordpress\/wp-json\/wp\/v2\/media?parent=7532"}],"wp:term":[{"taxonomy":"category","embeddable":true,"href":"https:\/\/spanienaktuell.net\/wordpress\/wp-json\/wp\/v2\/categories?post=7532"},{"taxonomy":"post_tag","embeddable":true,"href":"https:\/\/spanienaktuell.net\/wordpress\/wp-json\/wp\/v2\/tags?post=7532"}],"curies":[{"name":"wp","href":"https:\/\/api.w.org\/{rel}","templated":true}]}}