{"id":85281,"date":"2019-07-04T20:52:35","date_gmt":"2019-07-04T20:52:35","guid":{"rendered":"http:\/\/spanienaktuell.net\/wordpress\/?p=85281"},"modified":"2019-07-04T20:52:35","modified_gmt":"2019-07-04T20:52:35","slug":"feigen-eine-susse-versuchung","status":"publish","type":"post","link":"https:\/\/spanienaktuell.net\/wordpress\/feigen-eine-susse-versuchung\/","title":{"rendered":"Feigen \u2013 eine s\u00fcsse Versuchung"},"content":{"rendered":"<p>Bei Feigenb\u00e4umen denkt man unwillk\u00fcrlich an den Mittelmeerraum. Dabei stammt der Echte Feigenbaum (Ficus carica) aus Kleinasien. Die Gattung Ficus ist nicht nur mit \u00fcber tausend Arten sehr artenreich, sie ist auch sehr alt. Unsere Feige ist als Art ebenfalls sehr alt. Bereits im Diluvium kam sie in Mitteleuropa vor. Die letzte Eiszeit aber verdr\u00e4ngte die fast bis Paris vorgedrungene Art wieder aus Europa. Vor 5000 Jahren nutzten sie die Assyrer und die Griechen kannten sie erst 700 v. Chr.<\/p>\n<p>Die erntereifen Feigen sind keine aus dem Fruchtknoten hervorgehenden Fr\u00fcchte im \u00fcblichen Sinne, sondern die stark verdickten und\u00a0krugf\u00f6rmig\u00a0gestalteten Bl\u00fctenstandachsen. Nach wissenschaftlichen Kriterien stellen sie Steinfruchtverb\u00e4nde dar, jedes darin enthaltene K\u00f6rnchen ist genau genommen eine kleine Steinfrucht. Die Wildform der Feige tr\u00e4gt die m\u00e4nnlichen und weiblichen Bl\u00fcten auf der gleichen Pflanze, w\u00e4hrend sie bei den zahlreichen Kulturformen auf verschiedene Individuen verteilt sind.<\/p>\n<p><b><i>Namensgebung<\/i><\/b><\/p>\n<p>Der lateinische Name\u00a0ficus\u00a0= Feige wurde namensgebend f\u00fcr die ganze Gattung der Feigen. Der Artname\u00a0carica\u00a0bedeutet \u00abaus\u00a0Karien\u00bb, einer antiken Landschaft in Kleinasien. Feigenb\u00e4ume geh\u00f6ren zur Familie der Maulbeerbaumgew\u00e4chse (Moraceae).<\/p>\n<p><b><i>Saison<\/i><\/b><br \/>\nFrische Feigen kommen in den Wintermonaten aus S\u00fcdamerika, von Juni bis Juli aus Spanien und Italien und von September bis November aus Frankreich und der T\u00fcrkei.<br \/>\nFeigen finden Sie in wilder Form rund um die Mittelmeerl\u00e4nder, sogar aus Mauervorspr\u00fcngen.<br \/>\nFeigen trocknen w\u00e4hrend der Sommermonate direkt am Baum. Sehr oft werden die\u00a0angetrockneten\u00a0Feigen bei hohen Temperaturen weiter getrocknet und sind dann nicht mehr f\u00fcr die Ern\u00e4hrung mit Rohkost geeignet. Deshalb bei Trockenfeigen unbedingt auf die Qualit\u00e4t achten. Der wei\u00dfe Belag auf getrockneten Feigen ist\u00a0auskristallisierter\u00a0Traubenzucker.<\/p>\n<p><b><i>Wilde Feigen<\/i><\/b><\/p>\n<p>Die wildwachsenden Feigenb\u00e4ume mit ihren kleinen, schwammigen, ungenie\u00dfbaren Fr\u00fcchten wachsen auf stark besonnten, felsigen Standorten an der Mittelmeerk\u00fcste. Hin und wieder findet man auch Feigenb\u00e4ume mit essbaren Fr\u00fcchten, dies sind dann Abk\u00f6mmlinge der angebauten Arten, die urspr\u00fcnglich wahrscheinlich aus dem Westen Asiens stammen. Die Feigenb\u00e4ume geh\u00f6ren zu den \u00e4ltesten, kultivierten Fruchtb\u00e4umen.<\/p>\n<p><b><i>Sorten<\/i><\/b><\/p>\n<p><img decoding=\"async\" class=\"aligncenter size-full wp-image-85283\" src=\"http:\/\/spanienaktuell.net\/wordpress\/wp-content\/uploads\/2019\/07\/Feigen.jpg\" alt=\"\" width=\"1300\" height=\"836\" srcset=\"https:\/\/spanienaktuell.net\/wordpress\/wp-content\/uploads\/2019\/07\/Feigen.jpg 1300w, https:\/\/spanienaktuell.net\/wordpress\/wp-content\/uploads\/2019\/07\/Feigen-300x193.jpg 300w, https:\/\/spanienaktuell.net\/wordpress\/wp-content\/uploads\/2019\/07\/Feigen-768x494.jpg 768w, https:\/\/spanienaktuell.net\/wordpress\/wp-content\/uploads\/2019\/07\/Feigen-1024x659.jpg 1024w, https:\/\/spanienaktuell.net\/wordpress\/wp-content\/uploads\/2019\/07\/Feigen-320x206.jpg 320w, https:\/\/spanienaktuell.net\/wordpress\/wp-content\/uploads\/2019\/07\/Feigen-640x412.jpg 640w, https:\/\/spanienaktuell.net\/wordpress\/wp-content\/uploads\/2019\/07\/Feigen-360x232.jpg 360w, https:\/\/spanienaktuell.net\/wordpress\/wp-content\/uploads\/2019\/07\/Feigen-720x463.jpg 720w, https:\/\/spanienaktuell.net\/wordpress\/wp-content\/uploads\/2019\/07\/Feigen-1080x695.jpg 1080w, https:\/\/spanienaktuell.net\/wordpress\/wp-content\/uploads\/2019\/07\/Feigen-800x514.jpg 800w, https:\/\/spanienaktuell.net\/wordpress\/wp-content\/uploads\/2019\/07\/Feigen-1280x823.jpg 1280w, https:\/\/spanienaktuell.net\/wordpress\/wp-content\/uploads\/2019\/07\/Feigen-600x386.jpg 600w\" sizes=\"(max-width: 1300px) 100vw, 1300px\" \/><\/p>\n<p>Infolge jahrtausendelanger Kultur haben sich aus der Wildfeige (Ficus carica L.) zwei Variet\u00e4ten der Kulturfeige herausgebildet:<\/p>\n<p>Bocksfeigen, Ziegen- oder Holzfeigen (Ficus carica var. Caprificus), deren Fr\u00fcchte nicht geniessbar sind. Die Bocksfeige dient als Pollenspender f\u00fcr die Fruchtfeigen.<\/p>\n<p>Fruchtfeige oder Hausfeigen (Ficus carica var. domestica); hierzu geh\u00f6ren alle Feigensorten, die dem Konsum dienen.<\/p>\n<p>Die Variet\u00e4t der Fruchtfeige wird weiter unterteilt in drei verschiedene Typen:<\/p>\n<ol>\n<li>Typ Smyrna (oder \u00abCaducous\u00bb): Dieser Feigentyp ist in der T\u00fcrkei weit verbreitet. Sorten dieses Typs tragen oft nur Herbstfeigen und sind auf eine Best\u00e4ubung angewiesen.<\/li>\n<li>Typ San Pedro (oder \u00abIntermediate\u00bb): Dieser Feigentyp tr\u00e4gt zweimal, im August Bl\u00fctenfeigen am letztj\u00e4hrigen Holz und sp\u00e4ter Herbstfeigen am diesj\u00e4hrigen Holz. Die Bl\u00fctenfeigen entwickeln sich ohne Best\u00e4ubung (parthenokarp), w\u00e4hrend die Herbstfeigen best\u00e4ubt werden m\u00fcssen, damit sie reifen.<\/li>\n<li>Typ Hausfeige (oder \u00abPersistant\u00bb, \u00abCommon\u00bb): Zu diesem Feigentyp werden einmal und zweimal tragende Sorten gez\u00e4hlt, die nicht best\u00e4ubt werden m\u00fcssen.<\/li>\n<\/ol>\n<p><strong>Melonenfeige<\/strong><\/p>\n<p><img decoding=\"async\" class=\"aligncenter size-full wp-image-85285\" src=\"http:\/\/spanienaktuell.net\/wordpress\/wp-content\/uploads\/2019\/07\/Melonen-Feigen.jpg\" alt=\"\" width=\"934\" height=\"1080\" srcset=\"https:\/\/spanienaktuell.net\/wordpress\/wp-content\/uploads\/2019\/07\/Melonen-Feigen.jpg 934w, https:\/\/spanienaktuell.net\/wordpress\/wp-content\/uploads\/2019\/07\/Melonen-Feigen-259x300.jpg 259w, https:\/\/spanienaktuell.net\/wordpress\/wp-content\/uploads\/2019\/07\/Melonen-Feigen-768x888.jpg 768w, https:\/\/spanienaktuell.net\/wordpress\/wp-content\/uploads\/2019\/07\/Melonen-Feigen-886x1024.jpg 886w, https:\/\/spanienaktuell.net\/wordpress\/wp-content\/uploads\/2019\/07\/Melonen-Feigen-320x370.jpg 320w, https:\/\/spanienaktuell.net\/wordpress\/wp-content\/uploads\/2019\/07\/Melonen-Feigen-640x740.jpg 640w, https:\/\/spanienaktuell.net\/wordpress\/wp-content\/uploads\/2019\/07\/Melonen-Feigen-360x416.jpg 360w, https:\/\/spanienaktuell.net\/wordpress\/wp-content\/uploads\/2019\/07\/Melonen-Feigen-720x832.jpg 720w, https:\/\/spanienaktuell.net\/wordpress\/wp-content\/uploads\/2019\/07\/Melonen-Feigen-800x925.jpg 800w, https:\/\/spanienaktuell.net\/wordpress\/wp-content\/uploads\/2019\/07\/Melonen-Feigen-600x694.jpg 600w\" sizes=\"(max-width: 934px) 100vw, 934px\" \/><\/p>\n<p>Neue Feigen-Variet\u00e4t mit gestreiften Fr\u00fcchten! Ein Hochgenuss, denn der Busch h\u00e4ngt Jahr f\u00fcr Jahr voll mit Fr\u00fcchten, deren Aroma an Feige &amp; Melone erinnert. Eine echte Delikatesse und eine Rarit\u00e4t<\/p>\n<p><b><i><br \/>\n<\/i><\/b><b><i>Zusammensetzung und Gesundheit<\/i><\/b><\/p>\n<p>Neben 80 % Wasser enthalten die reifen Fr\u00fcchte ca. 1,3 % Protein, 0,5 % Fett, 12,9 % Kohlenhydrate, ca. 4,5 % Ballaststoffe und 0,7 % Mineralstoffe, besonders Kalzium, Phosphor und Eisen. Daneben ist sie auch reich an Vitamin B1.<\/p>\n<p>Die Feige enth\u00e4lt\u00a0verdauungsf\u00f6rdernde\u00a0Enzyme und\u00a0bakterient\u00f6tende\u00a0Substanzen und ist reich an Ballaststoffen. Die Frucht hat gesunde, nat\u00fcrliche Zuckeranteile wie\u00a0Glukose\u00a0und\u00a0Fruktose, die an Mineralstoffe gebunden sind. Au\u00dferdem sind Feigen reich an Magnesium, wirken Stress abbauend und st\u00e4rken Herz und Kreislauf. Daf\u00fcr kauft man Feigensirup im Reformhaus und trinkt bei Stress 1\/8 Liter frisch gepressten Orangensaft mit 4 bis 5 Essl\u00f6ffel Feigensirup. Schmeckt gut und beruhigt sehr.<\/p>\n<p>Eine 15 Gramm schwere Feige hat nur 10 Kilokalorien, s\u00e4ttigt aber trotz ihren niedrigen\u00a0Brennwertes\u00a0enorm.<\/p>\n<p>F\u00fcr Menschen mit niedrigem Zuckerspiegel, sind Feigen die beste Alternative zu Pralinen. Feigen heben schnell den\u00a0Glukose-Spiegel, befreien von Nervosit\u00e4t und machen dabei nicht dick. Alle, die gern naschen, sollten immer Feigen\u00a0zuhause\u00a0haben.<\/p>\n<p>Feigen regulieren die Verdauung. Die vielen kleinen Kerne wirken als Ballaststoffe, weil sie im Darm stark aufquellen. Mit ein paar Feigen t\u00e4glich kann man mehr f\u00fcr eine gesunde Darmflora tun als mit Ballaststoffe-Pr\u00e4paraten.<br \/>\nFeigen helfen bei M\u00fcdigkeit,\u00a0Leistungsschw\u00e4che, Antriebsarmut und st\u00e4rken die geistige Konzentration. Sie verbessern auch die Stimmung, weil sie Zink enthalten.<\/p>\n<p>Ausserdem\u00a0haben Sie den h\u00f6chsten basischen Wert aller Lebensmittel. Sie sind daher hervorragend zur Neutralisation von S\u00e4ure bildenden Lebensmittel. Das gilt f\u00fcr alle Menschen, die viel Fleisch und Wurst, jedoch zu wenig Obst und Gem\u00fcse essen, viel Stress haben und\u00a0zuviel\u00a0Zucker konsumieren.<\/p>\n<p>In Asien bek\u00e4mpft man mit Feigen auch Warzen: Man presst aus unreifen, frischen Fr\u00fcchten die\u00a0milchartige\u00a0Fl\u00fcssigkeit und reibt eine Zeit lang die Warze ein, bis die kleiner und kleiner wird. Auch pl\u00f6tzlich auftretende Zahnschmerzen kann man lindern, wenn man das Zahnfleisch mit frischen Feigen-Fruchtfleisch einreibt.<\/p>\n<p><b><i>Getrocknete Feigen<\/i><\/b><\/p>\n<p><img decoding=\"async\" class=\"aligncenter size-full wp-image-85284\" src=\"http:\/\/spanienaktuell.net\/wordpress\/wp-content\/uploads\/2019\/07\/getrocknete-Feigen.jpg\" alt=\"\" width=\"1166\" height=\"778\" srcset=\"https:\/\/spanienaktuell.net\/wordpress\/wp-content\/uploads\/2019\/07\/getrocknete-Feigen.jpg 1166w, https:\/\/spanienaktuell.net\/wordpress\/wp-content\/uploads\/2019\/07\/getrocknete-Feigen-300x200.jpg 300w, https:\/\/spanienaktuell.net\/wordpress\/wp-content\/uploads\/2019\/07\/getrocknete-Feigen-768x512.jpg 768w, https:\/\/spanienaktuell.net\/wordpress\/wp-content\/uploads\/2019\/07\/getrocknete-Feigen-1024x683.jpg 1024w, https:\/\/spanienaktuell.net\/wordpress\/wp-content\/uploads\/2019\/07\/getrocknete-Feigen-320x214.jpg 320w, https:\/\/spanienaktuell.net\/wordpress\/wp-content\/uploads\/2019\/07\/getrocknete-Feigen-640x427.jpg 640w, https:\/\/spanienaktuell.net\/wordpress\/wp-content\/uploads\/2019\/07\/getrocknete-Feigen-360x240.jpg 360w, https:\/\/spanienaktuell.net\/wordpress\/wp-content\/uploads\/2019\/07\/getrocknete-Feigen-720x480.jpg 720w, https:\/\/spanienaktuell.net\/wordpress\/wp-content\/uploads\/2019\/07\/getrocknete-Feigen-1080x721.jpg 1080w, https:\/\/spanienaktuell.net\/wordpress\/wp-content\/uploads\/2019\/07\/getrocknete-Feigen-800x534.jpg 800w, https:\/\/spanienaktuell.net\/wordpress\/wp-content\/uploads\/2019\/07\/getrocknete-Feigen-600x400.jpg 600w\" sizes=\"(max-width: 1166px) 100vw, 1166px\" \/><\/p>\n<p>Getrocknete Feigen sind eine leckere und vor allem gesunde Alternative zu anderen Zwischensnacks. Sie m\u00fcssen aber nicht immer alles fertig kaufen, Sie k\u00f6nnen auch im Backofen Ihr Trockenobst selber herstellen.<\/p>\n<p><b><i>Einkaufund Lagerung<\/i><\/b><\/p>\n<p>Sie sollten wissen, dass die Feige nur am Baum reif wird. Also w\u00e4hlen Sie nur solche, die weich und elastisch sind. Auf Grund der Sortenvielfalt gibt es aber kein einheitliches Kriterium f\u00fcr Form und F\u00e4rbung.<\/p>\n<p>Die Feigen sollten gut gesch\u00fctzt abgepackt sein, denn frische Feigen sind sehr verletzlich und nur kurzzeitig haltbar. Im K\u00fchlschrank ca. 5 Tage. Danach beginnt sie zu alkoholisieren. Falls eine Feige lange lagerf\u00e4hig ist, ist sie entweder unreif oder behandelt.<\/p>\n<p>Einfach reinbei\u00dfen, wer es mit Schale mag. Die Feige l\u00e4\u00dft sich auch problemlos mit einem Messer halbieren oder vierteln, wenn nur das Fruchtfleisch bevorzugt wird.<\/p>\n<p>&nbsp;<\/p>\n<p><b><i>Rezepte<\/i><\/b><\/p>\n<p><img decoding=\"async\" class=\"aligncenter size-full wp-image-85287\" src=\"http:\/\/spanienaktuell.net\/wordpress\/wp-content\/uploads\/2019\/07\/Feigen-Pizza.jpg\" alt=\"\" width=\"1440\" height=\"960\" srcset=\"https:\/\/spanienaktuell.net\/wordpress\/wp-content\/uploads\/2019\/07\/Feigen-Pizza.jpg 1440w, https:\/\/spanienaktuell.net\/wordpress\/wp-content\/uploads\/2019\/07\/Feigen-Pizza-300x200.jpg 300w, https:\/\/spanienaktuell.net\/wordpress\/wp-content\/uploads\/2019\/07\/Feigen-Pizza-768x512.jpg 768w, https:\/\/spanienaktuell.net\/wordpress\/wp-content\/uploads\/2019\/07\/Feigen-Pizza-1024x683.jpg 1024w, https:\/\/spanienaktuell.net\/wordpress\/wp-content\/uploads\/2019\/07\/Feigen-Pizza-320x213.jpg 320w, https:\/\/spanienaktuell.net\/wordpress\/wp-content\/uploads\/2019\/07\/Feigen-Pizza-640x427.jpg 640w, https:\/\/spanienaktuell.net\/wordpress\/wp-content\/uploads\/2019\/07\/Feigen-Pizza-360x240.jpg 360w, https:\/\/spanienaktuell.net\/wordpress\/wp-content\/uploads\/2019\/07\/Feigen-Pizza-720x480.jpg 720w, https:\/\/spanienaktuell.net\/wordpress\/wp-content\/uploads\/2019\/07\/Feigen-Pizza-1080x720.jpg 1080w, https:\/\/spanienaktuell.net\/wordpress\/wp-content\/uploads\/2019\/07\/Feigen-Pizza-800x534.jpg 800w, https:\/\/spanienaktuell.net\/wordpress\/wp-content\/uploads\/2019\/07\/Feigen-Pizza-1280x854.jpg 1280w, https:\/\/spanienaktuell.net\/wordpress\/wp-content\/uploads\/2019\/07\/Feigen-Pizza-600x400.jpg 600w\" sizes=\"(max-width: 1440px) 100vw, 1440px\" \/><\/p>\n<p><i>Feigen Pizza mit Ziegenfrischk\u00e4se und karamellisierten Zwiebeln\u00a0<\/i><\/p>\n<p><a href=\"http:\/\/4.bp.blogspot.com\/-jpZJL3O7SjU\/Tp86YJ9WGEI\/AAAAAAAAAa4\/JwfaffNcK_s\/s1600\/FigPizza1.jpg\">\u00a0<\/a>Rezept f\u00fcr 2 Personen:<\/p>\n<p><b>F\u00fcr den Teig:<\/b><\/p>\n<p>einfaches Pizzateig Rezept<\/p>\n<p><b>F\u00fcr den Belag:<\/b><\/p>\n<p>1 EL Oliven\u00f6l<br \/>\n1 kleine rote Zwiebel, in Scheiben geschnitten<\/p>\n<p>1 EL Zucker<\/p>\n<p>1 Prise Salz<br \/>\n2-3 frische Feigen, in Scheiben geschnitten<\/p>\n<p>ca.100gr Mozzarella, in Scheiben geschnitten<br \/>\nZiegenfrischk\u00e4se, nach Belieben<br \/>\n1 kleiner Zweig frischer Rosmarin<\/p>\n<p><i>Zubereitung:<\/i><\/p>\n<p>Den Ofen auf 220\u00b0 Grad vorheizen und ein Backblech mit Backpapier auslegen. Die Zwiebel in feine Scheiben schneiden und in etwas \u00d6l glasig and\u00fcnsten. Zucker und Salz unterr\u00fchren und hellbraun karamellisieren, anschliessend ausk\u00fchlen lassen.<\/p>\n<p>Die Feigen waschen und in Scheiben schneiden und den Mozzarella ebenfalls.<\/p>\n<p>Den Teig auswallen (ca. 26cm Durchmesser) und auf das vorbereitete Backblech legen. Nun einen EL Oliven\u00f6l gleichm\u00e4ssig auf den Teig verteilen. Anschliessend mit Feigen- und Mozzarella Scheiben belegen,\u00a0 Ziegenfrischk\u00e4se dar\u00fcber br\u00f6seln und die karamellisierten Zwiebelscheiben darauf verteilen. Zuletzt mit dem Rosmarin bestreuen.<\/p>\n<p>In den Ofen geben und etwa 15-20 Minuten backen, bis die Pizza eine goldbraune Farbe annimmt.<\/p>\n<hr \/>\n<p><b><i>Topfenpalatschinken mit Feigen<\/i><\/b><\/p>\n<p><img decoding=\"async\" class=\"aligncenter size-full wp-image-85286\" src=\"http:\/\/spanienaktuell.net\/wordpress\/wp-content\/uploads\/2019\/07\/Topfenpalatschinken-mit-Feigen.png\" alt=\"\" width=\"1024\" height=\"897\" srcset=\"https:\/\/spanienaktuell.net\/wordpress\/wp-content\/uploads\/2019\/07\/Topfenpalatschinken-mit-Feigen.png 1024w, https:\/\/spanienaktuell.net\/wordpress\/wp-content\/uploads\/2019\/07\/Topfenpalatschinken-mit-Feigen-300x263.png 300w, https:\/\/spanienaktuell.net\/wordpress\/wp-content\/uploads\/2019\/07\/Topfenpalatschinken-mit-Feigen-768x673.png 768w, https:\/\/spanienaktuell.net\/wordpress\/wp-content\/uploads\/2019\/07\/Topfenpalatschinken-mit-Feigen-320x280.png 320w, https:\/\/spanienaktuell.net\/wordpress\/wp-content\/uploads\/2019\/07\/Topfenpalatschinken-mit-Feigen-640x561.png 640w, https:\/\/spanienaktuell.net\/wordpress\/wp-content\/uploads\/2019\/07\/Topfenpalatschinken-mit-Feigen-360x315.png 360w, https:\/\/spanienaktuell.net\/wordpress\/wp-content\/uploads\/2019\/07\/Topfenpalatschinken-mit-Feigen-720x631.png 720w, https:\/\/spanienaktuell.net\/wordpress\/wp-content\/uploads\/2019\/07\/Topfenpalatschinken-mit-Feigen-800x701.png 800w, https:\/\/spanienaktuell.net\/wordpress\/wp-content\/uploads\/2019\/07\/Topfenpalatschinken-mit-Feigen-600x526.png 600w\" sizes=\"(max-width: 1024px) 100vw, 1024px\" \/><\/p>\n<p>Zubereitungszeit: 1 h 40 min<\/p>\n<p>Zutaten:<\/p>\n<p>F\u00fcr 4 Portionen<\/p>\n<p>100 g getrocknete Feigen<br \/>\n100 ml Orangensaft<br \/>\n125 ml Milch<br \/>\n5 Eier , Kl.M<br \/>\n100 g Mehl<br \/>\nSalz<br \/>\n6 Tl \u00d6l<br \/>\n60 g Zucker<br \/>\n60 g weiche Butter<br \/>\n300 g Magerquark<br \/>\n1 El Puderzucker<\/p>\n<p><i>Zubereitung<\/i><\/p>\n<p>Feigen in Scheiben schneiden und in Orangensaft einweichen. Milch und 2 Eier verquirlen. Nach und nach mit dem Mehl zu einem glatten Teig verr\u00fchren. Leicht salzen, 10 Min. quellen lassen.<\/p>\n<p>1 Tl \u00d6l in einer kleinen beschichteten Pfanne (15 cm \u00d8) erhitzen. Ca. 5 El Teig in der Pfanne verteilen und auf beiden Seiten bei mittlerer Hitze zu einem goldgelben Pfannkuchen backen. Aus dem restlichen Teig weitere 5 Pfannkuchen backen.<\/p>\n<p>3 Eier trennen. Eiwei\u00dfe und 1 Prise Salz mit den Quirlen des Handr\u00fchrers steif schlagen. 30 g Zucker unter R\u00fchren einrieseln lassen und 1 Min. weiterschlagen. Butter und 30 g Zucker mit den Quirlen des Handr\u00fchrers 8 Min. cremig r\u00fchren. Eigelbe und Quark unterr\u00fchren. Eischnee mit einem Schneebesen unterheben.<\/p>\n<p>Quarkmasse mittig auf den Pfannkuchen verteilen und mit den abgetropften Feigen belegen. Pfannkuchen leicht \u00fcbereinanderklappen und nebeneinander in eine gefettete Auflaufform legen (ca. 30 x 17 cm oder 2 kleine \u00e0 17 x 15 cm). Im hei\u00dfen Ofen bei 160 Grad im unteren Drittel ca. 40 Min. backen (Umluft nicht empfehlenswert). Mit Puderzucker bestreut servieren.<\/p>\n<p>Text und Fotos: Linda Hess<\/p>\n","protected":false},"excerpt":{"rendered":"<p>Bei Feigenb\u00e4umen denkt man unwillk\u00fcrlich an den Mittelmeerraum. Dabei stammt der Echte Feigenbaum (Ficus carica) aus Kleinasien. Die Gattung Ficus [&hellip;]<\/p>\n","protected":false},"author":3,"featured_media":85282,"comment_status":"closed","ping_status":"closed","sticky":false,"template":"","format":"standard","meta":{"footnotes":""},"categories":[20],"tags":[],"class_list":["post-85281","post","type-post","status-publish","format-standard","has-post-thumbnail","hentry","category-beauty-gesundheit"],"yoast_head":"<!-- This site is optimized with the Yoast SEO plugin v27.1.1 - https:\/\/yoast.com\/product\/yoast-seo-wordpress\/ -->\n<title>Feigen \u2013 eine s\u00fcsse Versuchung - Spanien aktuell<\/title>\n<meta name=\"robots\" content=\"index, follow, max-snippet:-1, max-image-preview:large, max-video-preview:-1\" \/>\n<link rel=\"canonical\" href=\"https:\/\/spanienaktuell.net\/wordpress\/feigen-eine-susse-versuchung\/\" \/>\n<meta property=\"og:locale\" content=\"es_ES\" \/>\n<meta property=\"og:type\" content=\"article\" \/>\n<meta property=\"og:title\" content=\"Feigen \u2013 eine s\u00fcsse Versuchung - Spanien aktuell\" \/>\n<meta property=\"og:description\" content=\"Bei Feigenb\u00e4umen denkt man unwillk\u00fcrlich an den Mittelmeerraum. Dabei stammt der Echte Feigenbaum (Ficus carica) aus Kleinasien. Die Gattung Ficus [&hellip;]\" \/>\n<meta property=\"og:url\" content=\"https:\/\/spanienaktuell.net\/wordpress\/feigen-eine-susse-versuchung\/\" \/>\n<meta property=\"og:site_name\" content=\"Spanien aktuell\" \/>\n<meta property=\"article:published_time\" content=\"2019-07-04T20:52:35+00:00\" \/>\n<meta property=\"og:image\" content=\"https:\/\/spanienaktuell.net\/wordpress\/wp-content\/uploads\/2019\/07\/Feigen-Lila.jpg\" \/>\n\t<meta property=\"og:image:width\" content=\"1440\" \/>\n\t<meta property=\"og:image:height\" content=\"964\" \/>\n\t<meta property=\"og:image:type\" content=\"image\/jpeg\" \/>\n<meta name=\"author\" content=\"Spanien Aktuell\" \/>\n<meta name=\"twitter:card\" content=\"summary_large_image\" \/>\n<meta name=\"twitter:label1\" content=\"Escrito por\" \/>\n\t<meta name=\"twitter:data1\" content=\"Spanien Aktuell\" \/>\n\t<meta name=\"twitter:label2\" content=\"Tiempo de lectura\" \/>\n\t<meta name=\"twitter:data2\" content=\"7 minutos\" \/>\n<script type=\"application\/ld+json\" class=\"yoast-schema-graph\">{\"@context\":\"https:\/\/schema.org\",\"@graph\":[{\"@type\":\"Article\",\"@id\":\"https:\/\/spanienaktuell.net\/wordpress\/feigen-eine-susse-versuchung\/#article\",\"isPartOf\":{\"@id\":\"https:\/\/spanienaktuell.net\/wordpress\/feigen-eine-susse-versuchung\/\"},\"author\":{\"name\":\"Spanien Aktuell\",\"@id\":\"https:\/\/spanienaktuell.net\/wordpress\/#\/schema\/person\/bc410cfae0161b201d837ebfeeba7fd0\"},\"headline\":\"Feigen \u2013 eine s\u00fcsse Versuchung\",\"datePublished\":\"2019-07-04T20:52:35+00:00\",\"mainEntityOfPage\":{\"@id\":\"https:\/\/spanienaktuell.net\/wordpress\/feigen-eine-susse-versuchung\/\"},\"wordCount\":1380,\"publisher\":{\"@id\":\"https:\/\/spanienaktuell.net\/wordpress\/#organization\"},\"image\":{\"@id\":\"https:\/\/spanienaktuell.net\/wordpress\/feigen-eine-susse-versuchung\/#primaryimage\"},\"thumbnailUrl\":\"https:\/\/spanienaktuell.net\/wordpress\/wp-content\/uploads\/2019\/07\/Feigen-Lila.jpg\",\"articleSection\":[\"Gesundheit\"],\"inLanguage\":\"es\"},{\"@type\":\"WebPage\",\"@id\":\"https:\/\/spanienaktuell.net\/wordpress\/feigen-eine-susse-versuchung\/\",\"url\":\"https:\/\/spanienaktuell.net\/wordpress\/feigen-eine-susse-versuchung\/\",\"name\":\"Feigen \u2013 eine s\u00fcsse Versuchung - Spanien aktuell\",\"isPartOf\":{\"@id\":\"https:\/\/spanienaktuell.net\/wordpress\/#website\"},\"primaryImageOfPage\":{\"@id\":\"https:\/\/spanienaktuell.net\/wordpress\/feigen-eine-susse-versuchung\/#primaryimage\"},\"image\":{\"@id\":\"https:\/\/spanienaktuell.net\/wordpress\/feigen-eine-susse-versuchung\/#primaryimage\"},\"thumbnailUrl\":\"https:\/\/spanienaktuell.net\/wordpress\/wp-content\/uploads\/2019\/07\/Feigen-Lila.jpg\",\"datePublished\":\"2019-07-04T20:52:35+00:00\",\"breadcrumb\":{\"@id\":\"https:\/\/spanienaktuell.net\/wordpress\/feigen-eine-susse-versuchung\/#breadcrumb\"},\"inLanguage\":\"es\",\"potentialAction\":[{\"@type\":\"ReadAction\",\"target\":[\"https:\/\/spanienaktuell.net\/wordpress\/feigen-eine-susse-versuchung\/\"]}]},{\"@type\":\"ImageObject\",\"inLanguage\":\"es\",\"@id\":\"https:\/\/spanienaktuell.net\/wordpress\/feigen-eine-susse-versuchung\/#primaryimage\",\"url\":\"https:\/\/spanienaktuell.net\/wordpress\/wp-content\/uploads\/2019\/07\/Feigen-Lila.jpg\",\"contentUrl\":\"https:\/\/spanienaktuell.net\/wordpress\/wp-content\/uploads\/2019\/07\/Feigen-Lila.jpg\",\"width\":1440,\"height\":964},{\"@type\":\"BreadcrumbList\",\"@id\":\"https:\/\/spanienaktuell.net\/wordpress\/feigen-eine-susse-versuchung\/#breadcrumb\",\"itemListElement\":[{\"@type\":\"ListItem\",\"position\":1,\"name\":\"Portada\",\"item\":\"https:\/\/spanienaktuell.net\/wordpress\/\"},{\"@type\":\"ListItem\",\"position\":2,\"name\":\"Feigen \u2013 eine s\u00fcsse Versuchung\"}]},{\"@type\":\"WebSite\",\"@id\":\"https:\/\/spanienaktuell.net\/wordpress\/#website\",\"url\":\"https:\/\/spanienaktuell.net\/wordpress\/\",\"name\":\"Spanien aktuell\",\"description\":\"The German magazine number 1 on the Costa del Sol\",\"publisher\":{\"@id\":\"https:\/\/spanienaktuell.net\/wordpress\/#organization\"},\"potentialAction\":[{\"@type\":\"SearchAction\",\"target\":{\"@type\":\"EntryPoint\",\"urlTemplate\":\"https:\/\/spanienaktuell.net\/wordpress\/?s={search_term_string}\"},\"query-input\":{\"@type\":\"PropertyValueSpecification\",\"valueRequired\":true,\"valueName\":\"search_term_string\"}}],\"inLanguage\":\"es\"},{\"@type\":\"Organization\",\"@id\":\"https:\/\/spanienaktuell.net\/wordpress\/#organization\",\"name\":\"Spanien aktuell\",\"url\":\"https:\/\/spanienaktuell.net\/wordpress\/\",\"logo\":{\"@type\":\"ImageObject\",\"inLanguage\":\"es\",\"@id\":\"https:\/\/spanienaktuell.net\/wordpress\/#\/schema\/logo\/image\/\",\"url\":\"https:\/\/spanienaktuell.net\/wordpress\/wp-content\/uploads\/2019\/06\/cropped-Logo-spanien-aktuell-png-web-e1561631085388.png\",\"contentUrl\":\"https:\/\/spanienaktuell.net\/wordpress\/wp-content\/uploads\/2019\/06\/cropped-Logo-spanien-aktuell-png-web-e1561631085388.png\",\"width\":512,\"height\":110,\"caption\":\"Spanien aktuell\"},\"image\":{\"@id\":\"https:\/\/spanienaktuell.net\/wordpress\/#\/schema\/logo\/image\/\"}},{\"@type\":\"Person\",\"@id\":\"https:\/\/spanienaktuell.net\/wordpress\/#\/schema\/person\/bc410cfae0161b201d837ebfeeba7fd0\",\"name\":\"Spanien Aktuell\",\"image\":{\"@type\":\"ImageObject\",\"inLanguage\":\"es\",\"@id\":\"https:\/\/spanienaktuell.net\/wordpress\/#\/schema\/person\/image\/\",\"url\":\"https:\/\/spanienaktuell.net\/wordpress\/wp-content\/uploads\/2019\/06\/cropped-Logo-spanien-aktuell-png-fav2-100x100.png\",\"contentUrl\":\"https:\/\/spanienaktuell.net\/wordpress\/wp-content\/uploads\/2019\/06\/cropped-Logo-spanien-aktuell-png-fav2-100x100.png\",\"caption\":\"Spanien Aktuell\"},\"url\":\"https:\/\/spanienaktuell.net\/wordpress\/author\/koalum\/\"}]}<\/script>\n<!-- \/ Yoast SEO plugin. -->","yoast_head_json":{"title":"Feigen \u2013 eine s\u00fcsse Versuchung - Spanien aktuell","robots":{"index":"index","follow":"follow","max-snippet":"max-snippet:-1","max-image-preview":"max-image-preview:large","max-video-preview":"max-video-preview:-1"},"canonical":"https:\/\/spanienaktuell.net\/wordpress\/feigen-eine-susse-versuchung\/","og_locale":"es_ES","og_type":"article","og_title":"Feigen \u2013 eine s\u00fcsse Versuchung - Spanien aktuell","og_description":"Bei Feigenb\u00e4umen denkt man unwillk\u00fcrlich an den Mittelmeerraum. Dabei stammt der Echte Feigenbaum (Ficus carica) aus Kleinasien. Die Gattung Ficus [&hellip;]","og_url":"https:\/\/spanienaktuell.net\/wordpress\/feigen-eine-susse-versuchung\/","og_site_name":"Spanien aktuell","article_published_time":"2019-07-04T20:52:35+00:00","og_image":[{"width":1440,"height":964,"url":"https:\/\/spanienaktuell.net\/wordpress\/wp-content\/uploads\/2019\/07\/Feigen-Lila.jpg","type":"image\/jpeg"}],"author":"Spanien Aktuell","twitter_card":"summary_large_image","twitter_misc":{"Escrito por":"Spanien Aktuell","Tiempo de lectura":"7 minutos"},"schema":{"@context":"https:\/\/schema.org","@graph":[{"@type":"Article","@id":"https:\/\/spanienaktuell.net\/wordpress\/feigen-eine-susse-versuchung\/#article","isPartOf":{"@id":"https:\/\/spanienaktuell.net\/wordpress\/feigen-eine-susse-versuchung\/"},"author":{"name":"Spanien Aktuell","@id":"https:\/\/spanienaktuell.net\/wordpress\/#\/schema\/person\/bc410cfae0161b201d837ebfeeba7fd0"},"headline":"Feigen \u2013 eine s\u00fcsse Versuchung","datePublished":"2019-07-04T20:52:35+00:00","mainEntityOfPage":{"@id":"https:\/\/spanienaktuell.net\/wordpress\/feigen-eine-susse-versuchung\/"},"wordCount":1380,"publisher":{"@id":"https:\/\/spanienaktuell.net\/wordpress\/#organization"},"image":{"@id":"https:\/\/spanienaktuell.net\/wordpress\/feigen-eine-susse-versuchung\/#primaryimage"},"thumbnailUrl":"https:\/\/spanienaktuell.net\/wordpress\/wp-content\/uploads\/2019\/07\/Feigen-Lila.jpg","articleSection":["Gesundheit"],"inLanguage":"es"},{"@type":"WebPage","@id":"https:\/\/spanienaktuell.net\/wordpress\/feigen-eine-susse-versuchung\/","url":"https:\/\/spanienaktuell.net\/wordpress\/feigen-eine-susse-versuchung\/","name":"Feigen \u2013 eine s\u00fcsse Versuchung - Spanien aktuell","isPartOf":{"@id":"https:\/\/spanienaktuell.net\/wordpress\/#website"},"primaryImageOfPage":{"@id":"https:\/\/spanienaktuell.net\/wordpress\/feigen-eine-susse-versuchung\/#primaryimage"},"image":{"@id":"https:\/\/spanienaktuell.net\/wordpress\/feigen-eine-susse-versuchung\/#primaryimage"},"thumbnailUrl":"https:\/\/spanienaktuell.net\/wordpress\/wp-content\/uploads\/2019\/07\/Feigen-Lila.jpg","datePublished":"2019-07-04T20:52:35+00:00","breadcrumb":{"@id":"https:\/\/spanienaktuell.net\/wordpress\/feigen-eine-susse-versuchung\/#breadcrumb"},"inLanguage":"es","potentialAction":[{"@type":"ReadAction","target":["https:\/\/spanienaktuell.net\/wordpress\/feigen-eine-susse-versuchung\/"]}]},{"@type":"ImageObject","inLanguage":"es","@id":"https:\/\/spanienaktuell.net\/wordpress\/feigen-eine-susse-versuchung\/#primaryimage","url":"https:\/\/spanienaktuell.net\/wordpress\/wp-content\/uploads\/2019\/07\/Feigen-Lila.jpg","contentUrl":"https:\/\/spanienaktuell.net\/wordpress\/wp-content\/uploads\/2019\/07\/Feigen-Lila.jpg","width":1440,"height":964},{"@type":"BreadcrumbList","@id":"https:\/\/spanienaktuell.net\/wordpress\/feigen-eine-susse-versuchung\/#breadcrumb","itemListElement":[{"@type":"ListItem","position":1,"name":"Portada","item":"https:\/\/spanienaktuell.net\/wordpress\/"},{"@type":"ListItem","position":2,"name":"Feigen \u2013 eine s\u00fcsse Versuchung"}]},{"@type":"WebSite","@id":"https:\/\/spanienaktuell.net\/wordpress\/#website","url":"https:\/\/spanienaktuell.net\/wordpress\/","name":"Spanien aktuell","description":"The German magazine number 1 on the Costa del Sol","publisher":{"@id":"https:\/\/spanienaktuell.net\/wordpress\/#organization"},"potentialAction":[{"@type":"SearchAction","target":{"@type":"EntryPoint","urlTemplate":"https:\/\/spanienaktuell.net\/wordpress\/?s={search_term_string}"},"query-input":{"@type":"PropertyValueSpecification","valueRequired":true,"valueName":"search_term_string"}}],"inLanguage":"es"},{"@type":"Organization","@id":"https:\/\/spanienaktuell.net\/wordpress\/#organization","name":"Spanien aktuell","url":"https:\/\/spanienaktuell.net\/wordpress\/","logo":{"@type":"ImageObject","inLanguage":"es","@id":"https:\/\/spanienaktuell.net\/wordpress\/#\/schema\/logo\/image\/","url":"https:\/\/spanienaktuell.net\/wordpress\/wp-content\/uploads\/2019\/06\/cropped-Logo-spanien-aktuell-png-web-e1561631085388.png","contentUrl":"https:\/\/spanienaktuell.net\/wordpress\/wp-content\/uploads\/2019\/06\/cropped-Logo-spanien-aktuell-png-web-e1561631085388.png","width":512,"height":110,"caption":"Spanien aktuell"},"image":{"@id":"https:\/\/spanienaktuell.net\/wordpress\/#\/schema\/logo\/image\/"}},{"@type":"Person","@id":"https:\/\/spanienaktuell.net\/wordpress\/#\/schema\/person\/bc410cfae0161b201d837ebfeeba7fd0","name":"Spanien Aktuell","image":{"@type":"ImageObject","inLanguage":"es","@id":"https:\/\/spanienaktuell.net\/wordpress\/#\/schema\/person\/image\/","url":"https:\/\/spanienaktuell.net\/wordpress\/wp-content\/uploads\/2019\/06\/cropped-Logo-spanien-aktuell-png-fav2-100x100.png","contentUrl":"https:\/\/spanienaktuell.net\/wordpress\/wp-content\/uploads\/2019\/06\/cropped-Logo-spanien-aktuell-png-fav2-100x100.png","caption":"Spanien Aktuell"},"url":"https:\/\/spanienaktuell.net\/wordpress\/author\/koalum\/"}]}},"_links":{"self":[{"href":"https:\/\/spanienaktuell.net\/wordpress\/wp-json\/wp\/v2\/posts\/85281","targetHints":{"allow":["GET"]}}],"collection":[{"href":"https:\/\/spanienaktuell.net\/wordpress\/wp-json\/wp\/v2\/posts"}],"about":[{"href":"https:\/\/spanienaktuell.net\/wordpress\/wp-json\/wp\/v2\/types\/post"}],"author":[{"embeddable":true,"href":"https:\/\/spanienaktuell.net\/wordpress\/wp-json\/wp\/v2\/users\/3"}],"replies":[{"embeddable":true,"href":"https:\/\/spanienaktuell.net\/wordpress\/wp-json\/wp\/v2\/comments?post=85281"}],"version-history":[{"count":1,"href":"https:\/\/spanienaktuell.net\/wordpress\/wp-json\/wp\/v2\/posts\/85281\/revisions"}],"predecessor-version":[{"id":85291,"href":"https:\/\/spanienaktuell.net\/wordpress\/wp-json\/wp\/v2\/posts\/85281\/revisions\/85291"}],"wp:featuredmedia":[{"embeddable":true,"href":"https:\/\/spanienaktuell.net\/wordpress\/wp-json\/wp\/v2\/media\/85282"}],"wp:attachment":[{"href":"https:\/\/spanienaktuell.net\/wordpress\/wp-json\/wp\/v2\/media?parent=85281"}],"wp:term":[{"taxonomy":"category","embeddable":true,"href":"https:\/\/spanienaktuell.net\/wordpress\/wp-json\/wp\/v2\/categories?post=85281"},{"taxonomy":"post_tag","embeddable":true,"href":"https:\/\/spanienaktuell.net\/wordpress\/wp-json\/wp\/v2\/tags?post=85281"}],"curies":[{"name":"wp","href":"https:\/\/api.w.org\/{rel}","templated":true}]}}