{"id":85298,"date":"2019-07-04T20:58:13","date_gmt":"2019-07-04T20:58:13","guid":{"rendered":"http:\/\/spanienaktuell.net\/wordpress\/?p=85298"},"modified":"2019-07-04T20:58:13","modified_gmt":"2019-07-04T20:58:13","slug":"ab-in-die-ferne-mit-dem-richtigen-impfschutz","status":"publish","type":"post","link":"https:\/\/spanienaktuell.net\/wordpress\/ab-in-die-ferne-mit-dem-richtigen-impfschutz\/","title":{"rendered":"Ab in die Ferne mit dem richtigen Impfschutz"},"content":{"rendered":"<div class=\"td-post-content\">\n<p>Auf Safari den \u201eBig Five\u201c begegnen, sich auf die Spuren der Inka begeben oder Abenteuer im tropischen Dschungel erleben \u2212 Fernreisen in exotische L\u00e4nder wie nach Afrika, S\u00fcdamerika oder Asien liegen nach wie vor hoch im Trend. Wer sorglos seinen Urlaub genie\u00dfen will, sollte sich in diesen Regionen jedoch nicht nur um einen ausreichenden Sonnenschutz, sondern vor allem fr\u00fchzeitig um einen notwendigen Impfschutz k\u00fcmmern. Welche Impfungen relevant sind und worauf geachtet werden soll, wei\u00df Birgit Dreyer, Reiseexpertin der ERV (Europ\u00e4ische Reiseversicherung). So steht einem sorglosen Urlaub nichts mehr im Weg.<\/p>\n<p><strong>Gut vorbereitet, ist halb gewonnen!<\/strong><\/p>\n<p>Steht das Reiseziel fest, lassen sich erste hilfreiche Informationen einfach vorab im Netz einholen, erkl\u00e4rt Birgit Dreyer: \u201eJe nach Reiseart und Reiseland m\u00fcssen unterschiedliche Vorkehrungsma\u00dfnahmen getroffen werden. Wer sich unsicher ist, was auf ihn pers\u00f6nlich zutrifft, sollte sich beim Centrum f\u00fcr Reisemedizin (CRM) informieren.\u201c Auf der CRM Homepage unter www.crm.de erhalten Interessierte einen guten \u00dcberblick \u00fcber relevante Schutzimpfungen sowie einen Info-Flyer zum Herunterladen. Zus\u00e4tzlich gibt das Ausw\u00e4rtige Amt unter www.auswaertiges-amt.de Reise- und Sicherheitshinweise zum Thema Impfschutz und Infektionskrankheiten. Eine pers\u00f6nliche Beratung kann sowohl beim Apotheker als auch bei einem reisemedizinisch ausgebildeten Arzt erfolgen. Bei Letzterem sollten sich Urlauber acht bis zw\u00f6lf Wochen vor Antritt der Reise f\u00fcr eine Impfberatung vorstellen und sp\u00e4testens sechs Wochen vor Reiseantritt sollten die ben\u00f6tigten Impfungen durchgef\u00fchrt werden. Je nachdem wohin die Reise geht, werden eventuell erg\u00e4nzende Schutzimpfungen oder Impfauffrischungen ben\u00f6tigt. Nur mit dieser Vorlaufzeit kann das Immunsystem einen verl\u00e4sslichen Schutz aufbauen, denn nur wenige Impfungen k\u00f6nnen \u201elast minute\u201c verabreicht werden. Auch Kinder ben\u00f6tigen auf Reisen denselben Immunschutz wie Erwachsene. Da diese oftmals st\u00e4rker auf Nebenwirkungen reagieren, sollte die Auswahl des Ziellandes gut \u00fcberlegt sein, um Kinder nicht zu gro\u00dfen k\u00f6rperlichen Belastungen auszusetzen.<\/p>\n<p><strong>Der richtige Impfschutz und weitere \u201eMust-Haves\u201c f\u00fcr die Reisetasche<\/strong><\/p>\n<p>Wie bereits erw\u00e4hnt unterscheidet sich der ben\u00f6tigte Impfschutz je nach Reiseziel. Dabei kommt es nicht nur auf die Reisedestination, sondern auch auf die L\u00e4nge des Aufenthalts an. Halten sich die Urlauber beispielsweise in Asien eher in St\u00e4dten auf, so ist eine Tollwutimpfung nicht unbedingt n\u00f6tig. Anders verh\u00e4lt sich das bei mehrw\u00f6chigen Aufenthalten in l\u00e4ndlichen Regionen. Zu den von der St\u00e4ndigen Impfkommission (STIKO) am Robert Koch Institut empfohlenen Impfungen f\u00fcr exotische L\u00e4nder geh\u00f6ren: Cholera, FSME (Fr\u00fchsommer-Meningoenzephalitis), Gelbfieber, Hepatitis A und B, Meningokokken-Meningitis, Tollwut und Typhus. Neben einer Impfung k\u00f6nnen sich Reisende bereits mit einfachen Mitteln gegen eine Ansteckung sch\u00fctzen. \u201eEin Punkt \u2013 den viele im Zusammenhang mit Reiseimpfungen und -erkrankungen oft vernachl\u00e4ssigen \u2013 ist, sich um einen ausreichenden M\u00fcckenschutz zu k\u00fcmmern. Denn die kleinen Insekten \u00fcbertragen zahlreiche Krankheiten. Sprich, je weniger Stiche man abbekommt, desto geringer das pers\u00f6nliche Infektionsrisiko. Ins Reisegep\u00e4ck geh\u00f6ren daher unbedingt spezielle Moskitomittel, die es auch mit Stechm\u00fccken im Ausland aufnehmen k\u00f6nnen. F\u00fcr ruhige N\u00e4chte ist ein leichtes Reise-Moskitonetz sehr zu empfehlen\u201c, wei\u00df die ERV-Reiseexpertin. Besonders wichtig ist der Schutz gegen M\u00fcckenstiche in Gebieten mit einem hohen Malaria\u00fcbertragungsrisiko. Gegen die Infektionskrankheit, die von Stechm\u00fccken verbreitet wird, gibt es bislang keine Impfung. Reisende k\u00f6nnen sich lediglich mit Medikamenten, der sogenannten Malariaprophylaxe (Tabletten), sch\u00fctzen. Zus\u00e4tzlich empfehlen Reisemediziner ein Notfalltherapie-Mittel (Stand-by-Medikament) im Gep\u00e4ck mitzuf\u00fchren.<\/p>\n<p><strong>Auf Nummer sicher: Kosten\u00fcbernahme und Stornoversicherung<\/strong><\/p>\n<p>Viele gesetzliche Krankenkassen zahlen Reiseschutzimpfungen als freiwillige Leistung. Zus\u00e4tzlich \u00fcbernehmen verschiedene Krankenkassen auch die Kostenerstattung der Malariaprophylaxe bei Auslandsaufenthalten ihrer Versicherten. Grundlage der Erstattung sind die Empfehlungen der STIKO beim Robert Koch-Institut in Verbindung mit den Reisehinweisen des Ausw\u00e4rtigen Amtes. Unter Umst\u00e4nden m\u00fcssen die Versicherten gesetzliche Zuzahlungen leisten. Da es hier keine einheitliche Regelung gibt, sollten sich Reisende vorab individuell bei ihrer Krankenversicherung informieren. Ebenfalls gilt zu beachten, dass Impfungen gegen tropische Krankheiten mit Nebenwirkungen und Impfunvertr\u00e4glichkeit einhergehen k\u00f6nnen, die gegebenenfalls zur Reiseunf\u00e4higkeit f\u00fchren k\u00f6nnen. Um dann nicht auf den teils sehr hohen Stornokosten sitzen zu bleiben, lohnt sich eine passende Reiser\u00fccktritts-Versicherung. Die ERV bietet ihren Kunden im Rahmen ihrer Reiser\u00fccktritts-Versicherung eine spezielle Stornoberatung. Hier er\u00f6rtern Experten gemeinsam mit dem Versicherten, ob es \u2013 zum Beispiel im Falle einer Impfunvertr\u00e4glichkeit \u2212 doch noch eine M\u00f6glichkeit gibt, die Reise anzutreten.<\/p>\n<p>Quelle: piroth.kommunikation GmbH<\/p>\n<\/div>\n<footer>\n<div class=\"td-post-source-tags\"><\/div>\n<\/footer>\n","protected":false},"excerpt":{"rendered":"<p>Auf Safari den \u201eBig Five\u201c begegnen, sich auf die Spuren der Inka begeben oder Abenteuer im tropischen Dschungel erleben \u2212 [&hellip;]<\/p>\n","protected":false},"author":3,"featured_media":85299,"comment_status":"closed","ping_status":"closed","sticky":false,"template":"","format":"standard","meta":{"footnotes":""},"categories":[20],"tags":[],"class_list":["post-85298","post","type-post","status-publish","format-standard","has-post-thumbnail","hentry","category-beauty-gesundheit"],"yoast_head":"<!-- This site is optimized with the Yoast SEO plugin v27.1.1 - https:\/\/yoast.com\/product\/yoast-seo-wordpress\/ -->\n<title>Ab in die Ferne mit dem richtigen Impfschutz - Spanien aktuell<\/title>\n<meta name=\"robots\" content=\"index, follow, max-snippet:-1, max-image-preview:large, max-video-preview:-1\" \/>\n<link rel=\"canonical\" href=\"https:\/\/spanienaktuell.net\/wordpress\/ab-in-die-ferne-mit-dem-richtigen-impfschutz\/\" \/>\n<meta property=\"og:locale\" content=\"es_ES\" \/>\n<meta property=\"og:type\" content=\"article\" \/>\n<meta property=\"og:title\" content=\"Ab in die Ferne mit dem richtigen Impfschutz - Spanien aktuell\" \/>\n<meta property=\"og:description\" content=\"Auf Safari den \u201eBig Five\u201c begegnen, sich auf die Spuren der Inka begeben oder Abenteuer im tropischen Dschungel erleben \u2212 [&hellip;]\" \/>\n<meta property=\"og:url\" content=\"https:\/\/spanienaktuell.net\/wordpress\/ab-in-die-ferne-mit-dem-richtigen-impfschutz\/\" \/>\n<meta property=\"og:site_name\" content=\"Spanien aktuell\" \/>\n<meta property=\"article:published_time\" content=\"2019-07-04T20:58:13+00:00\" \/>\n<meta property=\"og:image\" content=\"https:\/\/spanienaktuell.net\/wordpress\/wp-content\/uploads\/2019\/07\/Foto-lksuperboy-Pixabay-mosquito-2566773_1920.jpg\" \/>\n\t<meta property=\"og:image:width\" content=\"1440\" \/>\n\t<meta property=\"og:image:height\" content=\"1080\" \/>\n\t<meta property=\"og:image:type\" content=\"image\/jpeg\" \/>\n<meta name=\"author\" content=\"Spanien Aktuell\" \/>\n<meta name=\"twitter:card\" content=\"summary_large_image\" \/>\n<meta name=\"twitter:label1\" content=\"Escrito por\" \/>\n\t<meta name=\"twitter:data1\" content=\"Spanien Aktuell\" \/>\n\t<meta name=\"twitter:label2\" content=\"Tiempo de lectura\" \/>\n\t<meta name=\"twitter:data2\" content=\"4 minutos\" \/>\n<script type=\"application\/ld+json\" class=\"yoast-schema-graph\">{\"@context\":\"https:\/\/schema.org\",\"@graph\":[{\"@type\":\"Article\",\"@id\":\"https:\/\/spanienaktuell.net\/wordpress\/ab-in-die-ferne-mit-dem-richtigen-impfschutz\/#article\",\"isPartOf\":{\"@id\":\"https:\/\/spanienaktuell.net\/wordpress\/ab-in-die-ferne-mit-dem-richtigen-impfschutz\/\"},\"author\":{\"name\":\"Spanien Aktuell\",\"@id\":\"https:\/\/spanienaktuell.net\/wordpress\/#\/schema\/person\/bc410cfae0161b201d837ebfeeba7fd0\"},\"headline\":\"Ab in die Ferne mit dem richtigen Impfschutz\",\"datePublished\":\"2019-07-04T20:58:13+00:00\",\"mainEntityOfPage\":{\"@id\":\"https:\/\/spanienaktuell.net\/wordpress\/ab-in-die-ferne-mit-dem-richtigen-impfschutz\/\"},\"wordCount\":736,\"publisher\":{\"@id\":\"https:\/\/spanienaktuell.net\/wordpress\/#organization\"},\"image\":{\"@id\":\"https:\/\/spanienaktuell.net\/wordpress\/ab-in-die-ferne-mit-dem-richtigen-impfschutz\/#primaryimage\"},\"thumbnailUrl\":\"https:\/\/spanienaktuell.net\/wordpress\/wp-content\/uploads\/2019\/07\/Foto-lksuperboy-Pixabay-mosquito-2566773_1920.jpg\",\"articleSection\":[\"Gesundheit\"],\"inLanguage\":\"es\"},{\"@type\":\"WebPage\",\"@id\":\"https:\/\/spanienaktuell.net\/wordpress\/ab-in-die-ferne-mit-dem-richtigen-impfschutz\/\",\"url\":\"https:\/\/spanienaktuell.net\/wordpress\/ab-in-die-ferne-mit-dem-richtigen-impfschutz\/\",\"name\":\"Ab in die Ferne mit dem richtigen Impfschutz - Spanien aktuell\",\"isPartOf\":{\"@id\":\"https:\/\/spanienaktuell.net\/wordpress\/#website\"},\"primaryImageOfPage\":{\"@id\":\"https:\/\/spanienaktuell.net\/wordpress\/ab-in-die-ferne-mit-dem-richtigen-impfschutz\/#primaryimage\"},\"image\":{\"@id\":\"https:\/\/spanienaktuell.net\/wordpress\/ab-in-die-ferne-mit-dem-richtigen-impfschutz\/#primaryimage\"},\"thumbnailUrl\":\"https:\/\/spanienaktuell.net\/wordpress\/wp-content\/uploads\/2019\/07\/Foto-lksuperboy-Pixabay-mosquito-2566773_1920.jpg\",\"datePublished\":\"2019-07-04T20:58:13+00:00\",\"breadcrumb\":{\"@id\":\"https:\/\/spanienaktuell.net\/wordpress\/ab-in-die-ferne-mit-dem-richtigen-impfschutz\/#breadcrumb\"},\"inLanguage\":\"es\",\"potentialAction\":[{\"@type\":\"ReadAction\",\"target\":[\"https:\/\/spanienaktuell.net\/wordpress\/ab-in-die-ferne-mit-dem-richtigen-impfschutz\/\"]}]},{\"@type\":\"ImageObject\",\"inLanguage\":\"es\",\"@id\":\"https:\/\/spanienaktuell.net\/wordpress\/ab-in-die-ferne-mit-dem-richtigen-impfschutz\/#primaryimage\",\"url\":\"https:\/\/spanienaktuell.net\/wordpress\/wp-content\/uploads\/2019\/07\/Foto-lksuperboy-Pixabay-mosquito-2566773_1920.jpg\",\"contentUrl\":\"https:\/\/spanienaktuell.net\/wordpress\/wp-content\/uploads\/2019\/07\/Foto-lksuperboy-Pixabay-mosquito-2566773_1920.jpg\",\"width\":1440,\"height\":1080},{\"@type\":\"BreadcrumbList\",\"@id\":\"https:\/\/spanienaktuell.net\/wordpress\/ab-in-die-ferne-mit-dem-richtigen-impfschutz\/#breadcrumb\",\"itemListElement\":[{\"@type\":\"ListItem\",\"position\":1,\"name\":\"Portada\",\"item\":\"https:\/\/spanienaktuell.net\/wordpress\/\"},{\"@type\":\"ListItem\",\"position\":2,\"name\":\"Ab in die Ferne mit dem richtigen Impfschutz\"}]},{\"@type\":\"WebSite\",\"@id\":\"https:\/\/spanienaktuell.net\/wordpress\/#website\",\"url\":\"https:\/\/spanienaktuell.net\/wordpress\/\",\"name\":\"Spanien aktuell\",\"description\":\"The German magazine number 1 on the Costa del Sol\",\"publisher\":{\"@id\":\"https:\/\/spanienaktuell.net\/wordpress\/#organization\"},\"potentialAction\":[{\"@type\":\"SearchAction\",\"target\":{\"@type\":\"EntryPoint\",\"urlTemplate\":\"https:\/\/spanienaktuell.net\/wordpress\/?s={search_term_string}\"},\"query-input\":{\"@type\":\"PropertyValueSpecification\",\"valueRequired\":true,\"valueName\":\"search_term_string\"}}],\"inLanguage\":\"es\"},{\"@type\":\"Organization\",\"@id\":\"https:\/\/spanienaktuell.net\/wordpress\/#organization\",\"name\":\"Spanien aktuell\",\"url\":\"https:\/\/spanienaktuell.net\/wordpress\/\",\"logo\":{\"@type\":\"ImageObject\",\"inLanguage\":\"es\",\"@id\":\"https:\/\/spanienaktuell.net\/wordpress\/#\/schema\/logo\/image\/\",\"url\":\"https:\/\/spanienaktuell.net\/wordpress\/wp-content\/uploads\/2019\/06\/cropped-Logo-spanien-aktuell-png-web-e1561631085388.png\",\"contentUrl\":\"https:\/\/spanienaktuell.net\/wordpress\/wp-content\/uploads\/2019\/06\/cropped-Logo-spanien-aktuell-png-web-e1561631085388.png\",\"width\":512,\"height\":110,\"caption\":\"Spanien aktuell\"},\"image\":{\"@id\":\"https:\/\/spanienaktuell.net\/wordpress\/#\/schema\/logo\/image\/\"}},{\"@type\":\"Person\",\"@id\":\"https:\/\/spanienaktuell.net\/wordpress\/#\/schema\/person\/bc410cfae0161b201d837ebfeeba7fd0\",\"name\":\"Spanien Aktuell\",\"image\":{\"@type\":\"ImageObject\",\"inLanguage\":\"es\",\"@id\":\"https:\/\/spanienaktuell.net\/wordpress\/#\/schema\/person\/image\/\",\"url\":\"https:\/\/spanienaktuell.net\/wordpress\/wp-content\/uploads\/2019\/06\/cropped-Logo-spanien-aktuell-png-fav2-100x100.png\",\"contentUrl\":\"https:\/\/spanienaktuell.net\/wordpress\/wp-content\/uploads\/2019\/06\/cropped-Logo-spanien-aktuell-png-fav2-100x100.png\",\"caption\":\"Spanien Aktuell\"},\"url\":\"https:\/\/spanienaktuell.net\/wordpress\/author\/koalum\/\"}]}<\/script>\n<!-- \/ Yoast SEO plugin. -->","yoast_head_json":{"title":"Ab in die Ferne mit dem richtigen Impfschutz - Spanien aktuell","robots":{"index":"index","follow":"follow","max-snippet":"max-snippet:-1","max-image-preview":"max-image-preview:large","max-video-preview":"max-video-preview:-1"},"canonical":"https:\/\/spanienaktuell.net\/wordpress\/ab-in-die-ferne-mit-dem-richtigen-impfschutz\/","og_locale":"es_ES","og_type":"article","og_title":"Ab in die Ferne mit dem richtigen Impfschutz - Spanien aktuell","og_description":"Auf Safari den \u201eBig Five\u201c begegnen, sich auf die Spuren der Inka begeben oder Abenteuer im tropischen Dschungel erleben \u2212 [&hellip;]","og_url":"https:\/\/spanienaktuell.net\/wordpress\/ab-in-die-ferne-mit-dem-richtigen-impfschutz\/","og_site_name":"Spanien aktuell","article_published_time":"2019-07-04T20:58:13+00:00","og_image":[{"width":1440,"height":1080,"url":"https:\/\/spanienaktuell.net\/wordpress\/wp-content\/uploads\/2019\/07\/Foto-lksuperboy-Pixabay-mosquito-2566773_1920.jpg","type":"image\/jpeg"}],"author":"Spanien Aktuell","twitter_card":"summary_large_image","twitter_misc":{"Escrito por":"Spanien Aktuell","Tiempo de lectura":"4 minutos"},"schema":{"@context":"https:\/\/schema.org","@graph":[{"@type":"Article","@id":"https:\/\/spanienaktuell.net\/wordpress\/ab-in-die-ferne-mit-dem-richtigen-impfschutz\/#article","isPartOf":{"@id":"https:\/\/spanienaktuell.net\/wordpress\/ab-in-die-ferne-mit-dem-richtigen-impfschutz\/"},"author":{"name":"Spanien Aktuell","@id":"https:\/\/spanienaktuell.net\/wordpress\/#\/schema\/person\/bc410cfae0161b201d837ebfeeba7fd0"},"headline":"Ab in die Ferne mit dem richtigen Impfschutz","datePublished":"2019-07-04T20:58:13+00:00","mainEntityOfPage":{"@id":"https:\/\/spanienaktuell.net\/wordpress\/ab-in-die-ferne-mit-dem-richtigen-impfschutz\/"},"wordCount":736,"publisher":{"@id":"https:\/\/spanienaktuell.net\/wordpress\/#organization"},"image":{"@id":"https:\/\/spanienaktuell.net\/wordpress\/ab-in-die-ferne-mit-dem-richtigen-impfschutz\/#primaryimage"},"thumbnailUrl":"https:\/\/spanienaktuell.net\/wordpress\/wp-content\/uploads\/2019\/07\/Foto-lksuperboy-Pixabay-mosquito-2566773_1920.jpg","articleSection":["Gesundheit"],"inLanguage":"es"},{"@type":"WebPage","@id":"https:\/\/spanienaktuell.net\/wordpress\/ab-in-die-ferne-mit-dem-richtigen-impfschutz\/","url":"https:\/\/spanienaktuell.net\/wordpress\/ab-in-die-ferne-mit-dem-richtigen-impfschutz\/","name":"Ab in die Ferne mit dem richtigen Impfschutz - Spanien aktuell","isPartOf":{"@id":"https:\/\/spanienaktuell.net\/wordpress\/#website"},"primaryImageOfPage":{"@id":"https:\/\/spanienaktuell.net\/wordpress\/ab-in-die-ferne-mit-dem-richtigen-impfschutz\/#primaryimage"},"image":{"@id":"https:\/\/spanienaktuell.net\/wordpress\/ab-in-die-ferne-mit-dem-richtigen-impfschutz\/#primaryimage"},"thumbnailUrl":"https:\/\/spanienaktuell.net\/wordpress\/wp-content\/uploads\/2019\/07\/Foto-lksuperboy-Pixabay-mosquito-2566773_1920.jpg","datePublished":"2019-07-04T20:58:13+00:00","breadcrumb":{"@id":"https:\/\/spanienaktuell.net\/wordpress\/ab-in-die-ferne-mit-dem-richtigen-impfschutz\/#breadcrumb"},"inLanguage":"es","potentialAction":[{"@type":"ReadAction","target":["https:\/\/spanienaktuell.net\/wordpress\/ab-in-die-ferne-mit-dem-richtigen-impfschutz\/"]}]},{"@type":"ImageObject","inLanguage":"es","@id":"https:\/\/spanienaktuell.net\/wordpress\/ab-in-die-ferne-mit-dem-richtigen-impfschutz\/#primaryimage","url":"https:\/\/spanienaktuell.net\/wordpress\/wp-content\/uploads\/2019\/07\/Foto-lksuperboy-Pixabay-mosquito-2566773_1920.jpg","contentUrl":"https:\/\/spanienaktuell.net\/wordpress\/wp-content\/uploads\/2019\/07\/Foto-lksuperboy-Pixabay-mosquito-2566773_1920.jpg","width":1440,"height":1080},{"@type":"BreadcrumbList","@id":"https:\/\/spanienaktuell.net\/wordpress\/ab-in-die-ferne-mit-dem-richtigen-impfschutz\/#breadcrumb","itemListElement":[{"@type":"ListItem","position":1,"name":"Portada","item":"https:\/\/spanienaktuell.net\/wordpress\/"},{"@type":"ListItem","position":2,"name":"Ab in die Ferne mit dem richtigen Impfschutz"}]},{"@type":"WebSite","@id":"https:\/\/spanienaktuell.net\/wordpress\/#website","url":"https:\/\/spanienaktuell.net\/wordpress\/","name":"Spanien aktuell","description":"The German magazine number 1 on the Costa del Sol","publisher":{"@id":"https:\/\/spanienaktuell.net\/wordpress\/#organization"},"potentialAction":[{"@type":"SearchAction","target":{"@type":"EntryPoint","urlTemplate":"https:\/\/spanienaktuell.net\/wordpress\/?s={search_term_string}"},"query-input":{"@type":"PropertyValueSpecification","valueRequired":true,"valueName":"search_term_string"}}],"inLanguage":"es"},{"@type":"Organization","@id":"https:\/\/spanienaktuell.net\/wordpress\/#organization","name":"Spanien aktuell","url":"https:\/\/spanienaktuell.net\/wordpress\/","logo":{"@type":"ImageObject","inLanguage":"es","@id":"https:\/\/spanienaktuell.net\/wordpress\/#\/schema\/logo\/image\/","url":"https:\/\/spanienaktuell.net\/wordpress\/wp-content\/uploads\/2019\/06\/cropped-Logo-spanien-aktuell-png-web-e1561631085388.png","contentUrl":"https:\/\/spanienaktuell.net\/wordpress\/wp-content\/uploads\/2019\/06\/cropped-Logo-spanien-aktuell-png-web-e1561631085388.png","width":512,"height":110,"caption":"Spanien aktuell"},"image":{"@id":"https:\/\/spanienaktuell.net\/wordpress\/#\/schema\/logo\/image\/"}},{"@type":"Person","@id":"https:\/\/spanienaktuell.net\/wordpress\/#\/schema\/person\/bc410cfae0161b201d837ebfeeba7fd0","name":"Spanien Aktuell","image":{"@type":"ImageObject","inLanguage":"es","@id":"https:\/\/spanienaktuell.net\/wordpress\/#\/schema\/person\/image\/","url":"https:\/\/spanienaktuell.net\/wordpress\/wp-content\/uploads\/2019\/06\/cropped-Logo-spanien-aktuell-png-fav2-100x100.png","contentUrl":"https:\/\/spanienaktuell.net\/wordpress\/wp-content\/uploads\/2019\/06\/cropped-Logo-spanien-aktuell-png-fav2-100x100.png","caption":"Spanien Aktuell"},"url":"https:\/\/spanienaktuell.net\/wordpress\/author\/koalum\/"}]}},"_links":{"self":[{"href":"https:\/\/spanienaktuell.net\/wordpress\/wp-json\/wp\/v2\/posts\/85298","targetHints":{"allow":["GET"]}}],"collection":[{"href":"https:\/\/spanienaktuell.net\/wordpress\/wp-json\/wp\/v2\/posts"}],"about":[{"href":"https:\/\/spanienaktuell.net\/wordpress\/wp-json\/wp\/v2\/types\/post"}],"author":[{"embeddable":true,"href":"https:\/\/spanienaktuell.net\/wordpress\/wp-json\/wp\/v2\/users\/3"}],"replies":[{"embeddable":true,"href":"https:\/\/spanienaktuell.net\/wordpress\/wp-json\/wp\/v2\/comments?post=85298"}],"version-history":[{"count":1,"href":"https:\/\/spanienaktuell.net\/wordpress\/wp-json\/wp\/v2\/posts\/85298\/revisions"}],"predecessor-version":[{"id":85303,"href":"https:\/\/spanienaktuell.net\/wordpress\/wp-json\/wp\/v2\/posts\/85298\/revisions\/85303"}],"wp:featuredmedia":[{"embeddable":true,"href":"https:\/\/spanienaktuell.net\/wordpress\/wp-json\/wp\/v2\/media\/85299"}],"wp:attachment":[{"href":"https:\/\/spanienaktuell.net\/wordpress\/wp-json\/wp\/v2\/media?parent=85298"}],"wp:term":[{"taxonomy":"category","embeddable":true,"href":"https:\/\/spanienaktuell.net\/wordpress\/wp-json\/wp\/v2\/categories?post=85298"},{"taxonomy":"post_tag","embeddable":true,"href":"https:\/\/spanienaktuell.net\/wordpress\/wp-json\/wp\/v2\/tags?post=85298"}],"curies":[{"name":"wp","href":"https:\/\/api.w.org\/{rel}","templated":true}]}}