{"id":85351,"date":"2019-07-05T08:49:19","date_gmt":"2019-07-05T08:49:19","guid":{"rendered":"http:\/\/spanienaktuell.net\/wordpress\/?p=85351"},"modified":"2019-07-05T08:49:19","modified_gmt":"2019-07-05T08:49:19","slug":"weinempfehlung-juli-von-vinomar-finca-valpiedra","status":"publish","type":"post","link":"https:\/\/spanienaktuell.net\/wordpress\/weinempfehlung-juli-von-vinomar-finca-valpiedra\/","title":{"rendered":"Weinempfehlung Juli von \u201eVinomar\u201c Finca Valpiedra"},"content":{"rendered":"<p>Vinomar ist seit 2004 in Torre del Mar bei der alten \u201eAzucarera\u201c (Zuckerrohrfabrik) gegen\u00fcber des alten Schornsteins zu finden.<\/p>\n<p><img decoding=\"async\" class=\"aligncenter size-full wp-image-7026\" src=\"http:\/\/spanienaktuell.net\/wordpress\/wp-content\/uploads\/2019\/03\/5.jpg\" alt=\"\" width=\"720\" height=\"471\" srcset=\"https:\/\/spanienaktuell.net\/wordpress\/wp-content\/uploads\/2019\/03\/5.jpg 720w, https:\/\/spanienaktuell.net\/wordpress\/wp-content\/uploads\/2019\/03\/5-600x393.jpg 600w, https:\/\/spanienaktuell.net\/wordpress\/wp-content\/uploads\/2019\/03\/5-300x196.jpg 300w, https:\/\/spanienaktuell.net\/wordpress\/wp-content\/uploads\/2019\/03\/5-696x455.jpg 696w, https:\/\/spanienaktuell.net\/wordpress\/wp-content\/uploads\/2019\/03\/5-642x420.jpg 642w\" sizes=\"(max-width: 720px) 100vw, 720px\" \/><\/p>\n<p>Carmen, die Inhaberin und die beiden Sommeliers, Arturo &amp; Pepe, von Vinomar haben mit viel Liebe und Engagement eine individuelle Auswahl spanischer Spitzenweine zusammen getragen: Von renommierten Markenweinen bis zu hochklassigen Exoten ein qualifizierter Ausschnitt dessen, was Spanien in Sachen Wein aktuell zu bieten hat. In ihrem Wein-Shop finden Sie die besten Weine Spaniens. Dar\u00fcber hinaus f\u00fchren sie spanische Spezialit\u00e4ten, wie<\/p>\n<p>z. B. Schinken, Oliven\u00f6le, K\u00e4se, sowie besondere hochprozentige Alkoholika wie Whisky, Rum\u2026 Alle Produkte k\u00f6nnen auch als Geschenk eingepackt werden. M\u00f6chten Sie die Weine bei Ihnen zu Hause mit Freunden bei einer Weinprobe genie\u00dfen und von einem der\u00a0 \u201eSommeliers\u201c die Weine erkl\u00e4rt bekommen? Informieren Sie das Team von Vinomar, das Ihnen gerne ein pers\u00f6nliches Angebot f\u00fcr einen unvergesslichen Augenblick unterbreitet.<\/p>\n<p><b>Die Bodega:<\/b><\/p>\n<p><img decoding=\"async\" class=\"aligncenter size-full wp-image-85352\" src=\"http:\/\/spanienaktuell.net\/wordpress\/wp-content\/uploads\/2019\/07\/1554459120_581607_1554459289_portadilla_normal.jpg\" alt=\"\" width=\"1080\" height=\"756\" srcset=\"https:\/\/spanienaktuell.net\/wordpress\/wp-content\/uploads\/2019\/07\/1554459120_581607_1554459289_portadilla_normal.jpg 1080w, https:\/\/spanienaktuell.net\/wordpress\/wp-content\/uploads\/2019\/07\/1554459120_581607_1554459289_portadilla_normal-300x210.jpg 300w, https:\/\/spanienaktuell.net\/wordpress\/wp-content\/uploads\/2019\/07\/1554459120_581607_1554459289_portadilla_normal-768x538.jpg 768w, https:\/\/spanienaktuell.net\/wordpress\/wp-content\/uploads\/2019\/07\/1554459120_581607_1554459289_portadilla_normal-1024x717.jpg 1024w, https:\/\/spanienaktuell.net\/wordpress\/wp-content\/uploads\/2019\/07\/1554459120_581607_1554459289_portadilla_normal-320x224.jpg 320w, https:\/\/spanienaktuell.net\/wordpress\/wp-content\/uploads\/2019\/07\/1554459120_581607_1554459289_portadilla_normal-640x448.jpg 640w, https:\/\/spanienaktuell.net\/wordpress\/wp-content\/uploads\/2019\/07\/1554459120_581607_1554459289_portadilla_normal-360x252.jpg 360w, https:\/\/spanienaktuell.net\/wordpress\/wp-content\/uploads\/2019\/07\/1554459120_581607_1554459289_portadilla_normal-720x504.jpg 720w, https:\/\/spanienaktuell.net\/wordpress\/wp-content\/uploads\/2019\/07\/1554459120_581607_1554459289_portadilla_normal-800x560.jpg 800w, https:\/\/spanienaktuell.net\/wordpress\/wp-content\/uploads\/2019\/07\/1554459120_581607_1554459289_portadilla_normal-600x420.jpg 600w\" sizes=\"(max-width: 1080px) 100vw, 1080px\" \/><\/p>\n<p>Familia Mart\u00ednez Bujanda widmet sich seit \u00fcber 120 Jahren dem Weinanbau. Dies ist ein Garant f\u00fcr die Herstellung der Weine. Familia Mart\u00ednez Bujanda besteht aus 5 Weing\u00fctern: Finca Valpiedra, Finca Antigua, Finca Montepedroso, Vi\u00f1a Bujanda und Cosecheros y Criadores. Es handelt sich um sehr unterschiedliche Weing\u00fcter, die jedoch einen gemeinsamen Nenner haben: Qualitativ hochwertigen Wein herzustellen aus eigenen Weinanbaugebieten in\u00a0 privilegierter Lage. Finca Valpiedra befindet sich in bester Lage der \u201eDenominaci\u00f3n de Origen Calificada\u201c Rioja, in einer beeindruckenden Flussbiegung des Ebro. Die Finca ist 80 Hektar gro\u00df und befindet sich auf 420 Metern H\u00f6he. Seit Er\u00f6ffnung des Weinguts 1999 hat man es hier geschafft, Anfang und Ende des Produktionszyklus miteinander zu verkn\u00fcpfen.<\/p>\n<p>Die au\u00dfergew\u00f6hnlichen Bedingungen dieser Finca lassen sich auf sein Mikroklima und seinen Boden zur\u00fcckf\u00fchren, der aus Kieselerde besteht und dem der Wein seinen Namen zu verdanken hat. Die Kiesel speichern W\u00e4rme und Feuchtigkeit und sch\u00fctzen und st\u00e4rken die Rebst\u00f6cke.<\/p>\n<p><b>Der Wein:\u00a0\u00a0<\/b><\/p>\n<p><b>Cantos de Valpiedra 2015<\/b><\/p>\n<p><img decoding=\"async\" class=\"aligncenter wp-image-85353 size-large\" src=\"http:\/\/spanienaktuell.net\/wordpress\/wp-content\/uploads\/2019\/07\/CantosValpiedra-bujanda-2017-293x1024.png\" alt=\"\" width=\"293\" height=\"1024\" srcset=\"https:\/\/spanienaktuell.net\/wordpress\/wp-content\/uploads\/2019\/07\/CantosValpiedra-bujanda-2017-293x1024.png 293w, https:\/\/spanienaktuell.net\/wordpress\/wp-content\/uploads\/2019\/07\/CantosValpiedra-bujanda-2017-86x300.png 86w, https:\/\/spanienaktuell.net\/wordpress\/wp-content\/uploads\/2019\/07\/CantosValpiedra-bujanda-2017-768x2687.png 768w, https:\/\/spanienaktuell.net\/wordpress\/wp-content\/uploads\/2019\/07\/CantosValpiedra-bujanda-2017-320x1119.png 320w, https:\/\/spanienaktuell.net\/wordpress\/wp-content\/uploads\/2019\/07\/CantosValpiedra-bujanda-2017-640x2239.png 640w, https:\/\/spanienaktuell.net\/wordpress\/wp-content\/uploads\/2019\/07\/CantosValpiedra-bujanda-2017-360x1259.png 360w, https:\/\/spanienaktuell.net\/wordpress\/wp-content\/uploads\/2019\/07\/CantosValpiedra-bujanda-2017-720x2519.png 720w, https:\/\/spanienaktuell.net\/wordpress\/wp-content\/uploads\/2019\/07\/CantosValpiedra-bujanda-2017-800x2799.png 800w, https:\/\/spanienaktuell.net\/wordpress\/wp-content\/uploads\/2019\/07\/CantosValpiedra-bujanda-2017-600x2099.png 600w, https:\/\/spanienaktuell.net\/wordpress\/wp-content\/uploads\/2019\/07\/CantosValpiedra-bujanda-2017.png 309w\" sizes=\"(max-width: 293px) 100vw, 293px\" \/><\/p>\n<p>Region: Rioja DOCa<\/p>\n<p>Kategorie: Rotwein<\/p>\n<p>Alkohol:13.0%<\/p>\n<p>Charakteristik: Intensives Kirschrot. In der Nase frische rote Frucht, Vanille, feine Gew\u00fcrze sowie subtile Lakritz- und Holznoten. Am Gaumen viel Frische, pr\u00e4zise ausgewogenes Tannin und S\u00e4ure. Ein eleganter Wein f\u00fcr jede Gelegenheit.<\/p>\n<p><b>Finca Valpiedra Reserva 2012<\/b><\/p>\n<p><img decoding=\"async\" class=\"aligncenter wp-image-85354 size-large\" src=\"http:\/\/spanienaktuell.net\/wordpress\/wp-content\/uploads\/2019\/07\/67797453-273x1024.png\" alt=\"\" width=\"273\" height=\"1024\" srcset=\"https:\/\/spanienaktuell.net\/wordpress\/wp-content\/uploads\/2019\/07\/67797453-273x1024.png 273w, https:\/\/spanienaktuell.net\/wordpress\/wp-content\/uploads\/2019\/07\/67797453-80x300.png 80w, https:\/\/spanienaktuell.net\/wordpress\/wp-content\/uploads\/2019\/07\/67797453-768x2879.png 768w, https:\/\/spanienaktuell.net\/wordpress\/wp-content\/uploads\/2019\/07\/67797453-320x1200.png 320w, https:\/\/spanienaktuell.net\/wordpress\/wp-content\/uploads\/2019\/07\/67797453-640x2399.png 640w, https:\/\/spanienaktuell.net\/wordpress\/wp-content\/uploads\/2019\/07\/67797453-360x1350.png 360w, https:\/\/spanienaktuell.net\/wordpress\/wp-content\/uploads\/2019\/07\/67797453-720x2699.png 720w, https:\/\/spanienaktuell.net\/wordpress\/wp-content\/uploads\/2019\/07\/67797453-800x2999.png 800w, https:\/\/spanienaktuell.net\/wordpress\/wp-content\/uploads\/2019\/07\/67797453-1024x3839.png 1024w, https:\/\/spanienaktuell.net\/wordpress\/wp-content\/uploads\/2019\/07\/67797453-600x2249.png 600w, https:\/\/spanienaktuell.net\/wordpress\/wp-content\/uploads\/2019\/07\/67797453.png 288w\" sizes=\"(max-width: 273px) 100vw, 273px\" \/><\/p>\n<p>Region: Rioja DOCa<\/p>\n<p>Kategorie: Rotwein<\/p>\n<p>Alkohol:14.0%<\/p>\n<p>Charakteristik: Dichtes Kirschrot mit kardinalrotem Saum. Intensiv und komplex, mit eleganter Aromen-Textur. Noten von roten und schwarzen Fr\u00fcchten sowie von Mineralie, zarte Nuancen von Weihrauch. Harmonisch feine Aromen von Vanille, Tabak, Gew\u00fcrzen und franz\u00f6sischem Holz. Viel geschmeidiger K\u00f6rper mit gut eingebundener Tanninstruktur. Langes, genussvolles Finale. Von Decanter zur Nr. 14 unter den TOP-50 der Rioja gew\u00e4hlt!<\/p>\n<p>Zwei hervorragende Weine die Sie sich im Juli nicht entgehen lassen sollten, nat\u00fcrlich haben wir f\u00fcr Sie einige Flaschen vorr\u00e4tig. Wir freuen uns, Sie bald bei uns begr\u00fc\u00dfen zu d\u00fcrfen.<\/p>\n<p><b>Vinomar\u00a0<\/b><\/p>\n<p>Telefon: (+34) 952 54 58 04\u00a0 + (34) 654 977 629 Whatsapp<\/p>\n<p>Calle Piscis, 1 (gegen\u00fcber der \u201eantigua Azucarera\u201d)<\/p>\n<p>29740 Torre del Mar (M\u00e1laga)<\/p>\n<p><b>www.vinomartorredelmar.es<\/b><\/p>\n","protected":false},"excerpt":{"rendered":"<p>Vinomar ist seit 2004 in Torre del Mar bei der alten \u201eAzucarera\u201c (Zuckerrohrfabrik) gegen\u00fcber des alten Schornsteins zu finden. Carmen, [&hellip;]<\/p>\n","protected":false},"author":3,"featured_media":6611,"comment_status":"closed","ping_status":"closed","sticky":false,"template":"","format":"standard","meta":{"footnotes":""},"categories":[24],"tags":[],"class_list":["post-85351","post","type-post","status-publish","format-standard","has-post-thumbnail","hentry","category-kulinarisch"],"yoast_head":"<!-- This site is optimized with the Yoast SEO plugin v27.1.1 - https:\/\/yoast.com\/product\/yoast-seo-wordpress\/ -->\n<title>Weinempfehlung Juli von \u201eVinomar\u201c Finca Valpiedra - Spanien aktuell<\/title>\n<meta name=\"robots\" content=\"index, follow, max-snippet:-1, max-image-preview:large, max-video-preview:-1\" \/>\n<link rel=\"canonical\" href=\"https:\/\/spanienaktuell.net\/wordpress\/weinempfehlung-juli-von-vinomar-finca-valpiedra\/\" \/>\n<meta property=\"og:locale\" content=\"es_ES\" \/>\n<meta property=\"og:type\" content=\"article\" \/>\n<meta property=\"og:title\" content=\"Weinempfehlung Juli von \u201eVinomar\u201c Finca Valpiedra - Spanien aktuell\" \/>\n<meta property=\"og:description\" content=\"Vinomar ist seit 2004 in Torre del Mar bei der alten \u201eAzucarera\u201c (Zuckerrohrfabrik) gegen\u00fcber des alten Schornsteins zu finden. Carmen, [&hellip;]\" \/>\n<meta property=\"og:url\" content=\"https:\/\/spanienaktuell.net\/wordpress\/weinempfehlung-juli-von-vinomar-finca-valpiedra\/\" \/>\n<meta property=\"og:site_name\" content=\"Spanien aktuell\" \/>\n<meta property=\"article:published_time\" content=\"2019-07-05T08:49:19+00:00\" \/>\n<meta property=\"og:image\" content=\"https:\/\/spanienaktuell.net\/wordpress\/wp-content\/uploads\/2018\/12\/IMG_20181022_120645-1.jpg\" \/>\n\t<meta property=\"og:image:width\" content=\"1440\" \/>\n\t<meta property=\"og:image:height\" content=\"813\" \/>\n\t<meta property=\"og:image:type\" content=\"image\/jpeg\" \/>\n<meta name=\"author\" content=\"Spanien Aktuell\" \/>\n<meta name=\"twitter:card\" content=\"summary_large_image\" \/>\n<meta name=\"twitter:label1\" content=\"Escrito por\" \/>\n\t<meta name=\"twitter:data1\" content=\"Spanien Aktuell\" \/>\n\t<meta name=\"twitter:label2\" content=\"Tiempo de lectura\" \/>\n\t<meta name=\"twitter:data2\" content=\"2 minutos\" \/>\n<script type=\"application\/ld+json\" class=\"yoast-schema-graph\">{\"@context\":\"https:\/\/schema.org\",\"@graph\":[{\"@type\":\"Article\",\"@id\":\"https:\/\/spanienaktuell.net\/wordpress\/weinempfehlung-juli-von-vinomar-finca-valpiedra\/#article\",\"isPartOf\":{\"@id\":\"https:\/\/spanienaktuell.net\/wordpress\/weinempfehlung-juli-von-vinomar-finca-valpiedra\/\"},\"author\":{\"name\":\"Spanien Aktuell\",\"@id\":\"https:\/\/spanienaktuell.net\/wordpress\/#\/schema\/person\/bc410cfae0161b201d837ebfeeba7fd0\"},\"headline\":\"Weinempfehlung Juli von \u201eVinomar\u201c Finca Valpiedra\",\"datePublished\":\"2019-07-05T08:49:19+00:00\",\"mainEntityOfPage\":{\"@id\":\"https:\/\/spanienaktuell.net\/wordpress\/weinempfehlung-juli-von-vinomar-finca-valpiedra\/\"},\"wordCount\":492,\"publisher\":{\"@id\":\"https:\/\/spanienaktuell.net\/wordpress\/#organization\"},\"image\":{\"@id\":\"https:\/\/spanienaktuell.net\/wordpress\/weinempfehlung-juli-von-vinomar-finca-valpiedra\/#primaryimage\"},\"thumbnailUrl\":\"https:\/\/spanienaktuell.net\/wordpress\/wp-content\/uploads\/2018\/12\/IMG_20181022_120645-1.jpg\",\"articleSection\":[\"Kulinarisch\"],\"inLanguage\":\"es\"},{\"@type\":\"WebPage\",\"@id\":\"https:\/\/spanienaktuell.net\/wordpress\/weinempfehlung-juli-von-vinomar-finca-valpiedra\/\",\"url\":\"https:\/\/spanienaktuell.net\/wordpress\/weinempfehlung-juli-von-vinomar-finca-valpiedra\/\",\"name\":\"Weinempfehlung Juli von \u201eVinomar\u201c Finca Valpiedra - Spanien aktuell\",\"isPartOf\":{\"@id\":\"https:\/\/spanienaktuell.net\/wordpress\/#website\"},\"primaryImageOfPage\":{\"@id\":\"https:\/\/spanienaktuell.net\/wordpress\/weinempfehlung-juli-von-vinomar-finca-valpiedra\/#primaryimage\"},\"image\":{\"@id\":\"https:\/\/spanienaktuell.net\/wordpress\/weinempfehlung-juli-von-vinomar-finca-valpiedra\/#primaryimage\"},\"thumbnailUrl\":\"https:\/\/spanienaktuell.net\/wordpress\/wp-content\/uploads\/2018\/12\/IMG_20181022_120645-1.jpg\",\"datePublished\":\"2019-07-05T08:49:19+00:00\",\"breadcrumb\":{\"@id\":\"https:\/\/spanienaktuell.net\/wordpress\/weinempfehlung-juli-von-vinomar-finca-valpiedra\/#breadcrumb\"},\"inLanguage\":\"es\",\"potentialAction\":[{\"@type\":\"ReadAction\",\"target\":[\"https:\/\/spanienaktuell.net\/wordpress\/weinempfehlung-juli-von-vinomar-finca-valpiedra\/\"]}]},{\"@type\":\"ImageObject\",\"inLanguage\":\"es\",\"@id\":\"https:\/\/spanienaktuell.net\/wordpress\/weinempfehlung-juli-von-vinomar-finca-valpiedra\/#primaryimage\",\"url\":\"https:\/\/spanienaktuell.net\/wordpress\/wp-content\/uploads\/2018\/12\/IMG_20181022_120645-1.jpg\",\"contentUrl\":\"https:\/\/spanienaktuell.net\/wordpress\/wp-content\/uploads\/2018\/12\/IMG_20181022_120645-1.jpg\",\"width\":1440,\"height\":813,\"caption\":\"Foto: v. l. n. r. Arturo & Pepe\"},{\"@type\":\"BreadcrumbList\",\"@id\":\"https:\/\/spanienaktuell.net\/wordpress\/weinempfehlung-juli-von-vinomar-finca-valpiedra\/#breadcrumb\",\"itemListElement\":[{\"@type\":\"ListItem\",\"position\":1,\"name\":\"Portada\",\"item\":\"https:\/\/spanienaktuell.net\/wordpress\/\"},{\"@type\":\"ListItem\",\"position\":2,\"name\":\"Weinempfehlung Juli von \u201eVinomar\u201c Finca Valpiedra\"}]},{\"@type\":\"WebSite\",\"@id\":\"https:\/\/spanienaktuell.net\/wordpress\/#website\",\"url\":\"https:\/\/spanienaktuell.net\/wordpress\/\",\"name\":\"Spanien aktuell\",\"description\":\"The German magazine number 1 on the Costa del Sol\",\"publisher\":{\"@id\":\"https:\/\/spanienaktuell.net\/wordpress\/#organization\"},\"potentialAction\":[{\"@type\":\"SearchAction\",\"target\":{\"@type\":\"EntryPoint\",\"urlTemplate\":\"https:\/\/spanienaktuell.net\/wordpress\/?s={search_term_string}\"},\"query-input\":{\"@type\":\"PropertyValueSpecification\",\"valueRequired\":true,\"valueName\":\"search_term_string\"}}],\"inLanguage\":\"es\"},{\"@type\":\"Organization\",\"@id\":\"https:\/\/spanienaktuell.net\/wordpress\/#organization\",\"name\":\"Spanien aktuell\",\"url\":\"https:\/\/spanienaktuell.net\/wordpress\/\",\"logo\":{\"@type\":\"ImageObject\",\"inLanguage\":\"es\",\"@id\":\"https:\/\/spanienaktuell.net\/wordpress\/#\/schema\/logo\/image\/\",\"url\":\"https:\/\/spanienaktuell.net\/wordpress\/wp-content\/uploads\/2019\/06\/cropped-Logo-spanien-aktuell-png-web-e1561631085388.png\",\"contentUrl\":\"https:\/\/spanienaktuell.net\/wordpress\/wp-content\/uploads\/2019\/06\/cropped-Logo-spanien-aktuell-png-web-e1561631085388.png\",\"width\":512,\"height\":110,\"caption\":\"Spanien aktuell\"},\"image\":{\"@id\":\"https:\/\/spanienaktuell.net\/wordpress\/#\/schema\/logo\/image\/\"}},{\"@type\":\"Person\",\"@id\":\"https:\/\/spanienaktuell.net\/wordpress\/#\/schema\/person\/bc410cfae0161b201d837ebfeeba7fd0\",\"name\":\"Spanien Aktuell\",\"image\":{\"@type\":\"ImageObject\",\"inLanguage\":\"es\",\"@id\":\"https:\/\/spanienaktuell.net\/wordpress\/#\/schema\/person\/image\/\",\"url\":\"https:\/\/spanienaktuell.net\/wordpress\/wp-content\/uploads\/2019\/06\/cropped-Logo-spanien-aktuell-png-fav2-100x100.png\",\"contentUrl\":\"https:\/\/spanienaktuell.net\/wordpress\/wp-content\/uploads\/2019\/06\/cropped-Logo-spanien-aktuell-png-fav2-100x100.png\",\"caption\":\"Spanien Aktuell\"},\"url\":\"https:\/\/spanienaktuell.net\/wordpress\/author\/koalum\/\"}]}<\/script>\n<!-- \/ Yoast SEO plugin. -->","yoast_head_json":{"title":"Weinempfehlung Juli von \u201eVinomar\u201c Finca Valpiedra - Spanien aktuell","robots":{"index":"index","follow":"follow","max-snippet":"max-snippet:-1","max-image-preview":"max-image-preview:large","max-video-preview":"max-video-preview:-1"},"canonical":"https:\/\/spanienaktuell.net\/wordpress\/weinempfehlung-juli-von-vinomar-finca-valpiedra\/","og_locale":"es_ES","og_type":"article","og_title":"Weinempfehlung Juli von \u201eVinomar\u201c Finca Valpiedra - Spanien aktuell","og_description":"Vinomar ist seit 2004 in Torre del Mar bei der alten \u201eAzucarera\u201c (Zuckerrohrfabrik) gegen\u00fcber des alten Schornsteins zu finden. Carmen, [&hellip;]","og_url":"https:\/\/spanienaktuell.net\/wordpress\/weinempfehlung-juli-von-vinomar-finca-valpiedra\/","og_site_name":"Spanien aktuell","article_published_time":"2019-07-05T08:49:19+00:00","og_image":[{"width":1440,"height":813,"url":"https:\/\/spanienaktuell.net\/wordpress\/wp-content\/uploads\/2018\/12\/IMG_20181022_120645-1.jpg","type":"image\/jpeg"}],"author":"Spanien Aktuell","twitter_card":"summary_large_image","twitter_misc":{"Escrito por":"Spanien Aktuell","Tiempo de lectura":"2 minutos"},"schema":{"@context":"https:\/\/schema.org","@graph":[{"@type":"Article","@id":"https:\/\/spanienaktuell.net\/wordpress\/weinempfehlung-juli-von-vinomar-finca-valpiedra\/#article","isPartOf":{"@id":"https:\/\/spanienaktuell.net\/wordpress\/weinempfehlung-juli-von-vinomar-finca-valpiedra\/"},"author":{"name":"Spanien Aktuell","@id":"https:\/\/spanienaktuell.net\/wordpress\/#\/schema\/person\/bc410cfae0161b201d837ebfeeba7fd0"},"headline":"Weinempfehlung Juli von \u201eVinomar\u201c Finca Valpiedra","datePublished":"2019-07-05T08:49:19+00:00","mainEntityOfPage":{"@id":"https:\/\/spanienaktuell.net\/wordpress\/weinempfehlung-juli-von-vinomar-finca-valpiedra\/"},"wordCount":492,"publisher":{"@id":"https:\/\/spanienaktuell.net\/wordpress\/#organization"},"image":{"@id":"https:\/\/spanienaktuell.net\/wordpress\/weinempfehlung-juli-von-vinomar-finca-valpiedra\/#primaryimage"},"thumbnailUrl":"https:\/\/spanienaktuell.net\/wordpress\/wp-content\/uploads\/2018\/12\/IMG_20181022_120645-1.jpg","articleSection":["Kulinarisch"],"inLanguage":"es"},{"@type":"WebPage","@id":"https:\/\/spanienaktuell.net\/wordpress\/weinempfehlung-juli-von-vinomar-finca-valpiedra\/","url":"https:\/\/spanienaktuell.net\/wordpress\/weinempfehlung-juli-von-vinomar-finca-valpiedra\/","name":"Weinempfehlung Juli von \u201eVinomar\u201c Finca Valpiedra - Spanien aktuell","isPartOf":{"@id":"https:\/\/spanienaktuell.net\/wordpress\/#website"},"primaryImageOfPage":{"@id":"https:\/\/spanienaktuell.net\/wordpress\/weinempfehlung-juli-von-vinomar-finca-valpiedra\/#primaryimage"},"image":{"@id":"https:\/\/spanienaktuell.net\/wordpress\/weinempfehlung-juli-von-vinomar-finca-valpiedra\/#primaryimage"},"thumbnailUrl":"https:\/\/spanienaktuell.net\/wordpress\/wp-content\/uploads\/2018\/12\/IMG_20181022_120645-1.jpg","datePublished":"2019-07-05T08:49:19+00:00","breadcrumb":{"@id":"https:\/\/spanienaktuell.net\/wordpress\/weinempfehlung-juli-von-vinomar-finca-valpiedra\/#breadcrumb"},"inLanguage":"es","potentialAction":[{"@type":"ReadAction","target":["https:\/\/spanienaktuell.net\/wordpress\/weinempfehlung-juli-von-vinomar-finca-valpiedra\/"]}]},{"@type":"ImageObject","inLanguage":"es","@id":"https:\/\/spanienaktuell.net\/wordpress\/weinempfehlung-juli-von-vinomar-finca-valpiedra\/#primaryimage","url":"https:\/\/spanienaktuell.net\/wordpress\/wp-content\/uploads\/2018\/12\/IMG_20181022_120645-1.jpg","contentUrl":"https:\/\/spanienaktuell.net\/wordpress\/wp-content\/uploads\/2018\/12\/IMG_20181022_120645-1.jpg","width":1440,"height":813,"caption":"Foto: v. l. n. r. Arturo & Pepe"},{"@type":"BreadcrumbList","@id":"https:\/\/spanienaktuell.net\/wordpress\/weinempfehlung-juli-von-vinomar-finca-valpiedra\/#breadcrumb","itemListElement":[{"@type":"ListItem","position":1,"name":"Portada","item":"https:\/\/spanienaktuell.net\/wordpress\/"},{"@type":"ListItem","position":2,"name":"Weinempfehlung Juli von \u201eVinomar\u201c Finca Valpiedra"}]},{"@type":"WebSite","@id":"https:\/\/spanienaktuell.net\/wordpress\/#website","url":"https:\/\/spanienaktuell.net\/wordpress\/","name":"Spanien aktuell","description":"The German magazine number 1 on the Costa del Sol","publisher":{"@id":"https:\/\/spanienaktuell.net\/wordpress\/#organization"},"potentialAction":[{"@type":"SearchAction","target":{"@type":"EntryPoint","urlTemplate":"https:\/\/spanienaktuell.net\/wordpress\/?s={search_term_string}"},"query-input":{"@type":"PropertyValueSpecification","valueRequired":true,"valueName":"search_term_string"}}],"inLanguage":"es"},{"@type":"Organization","@id":"https:\/\/spanienaktuell.net\/wordpress\/#organization","name":"Spanien aktuell","url":"https:\/\/spanienaktuell.net\/wordpress\/","logo":{"@type":"ImageObject","inLanguage":"es","@id":"https:\/\/spanienaktuell.net\/wordpress\/#\/schema\/logo\/image\/","url":"https:\/\/spanienaktuell.net\/wordpress\/wp-content\/uploads\/2019\/06\/cropped-Logo-spanien-aktuell-png-web-e1561631085388.png","contentUrl":"https:\/\/spanienaktuell.net\/wordpress\/wp-content\/uploads\/2019\/06\/cropped-Logo-spanien-aktuell-png-web-e1561631085388.png","width":512,"height":110,"caption":"Spanien aktuell"},"image":{"@id":"https:\/\/spanienaktuell.net\/wordpress\/#\/schema\/logo\/image\/"}},{"@type":"Person","@id":"https:\/\/spanienaktuell.net\/wordpress\/#\/schema\/person\/bc410cfae0161b201d837ebfeeba7fd0","name":"Spanien Aktuell","image":{"@type":"ImageObject","inLanguage":"es","@id":"https:\/\/spanienaktuell.net\/wordpress\/#\/schema\/person\/image\/","url":"https:\/\/spanienaktuell.net\/wordpress\/wp-content\/uploads\/2019\/06\/cropped-Logo-spanien-aktuell-png-fav2-100x100.png","contentUrl":"https:\/\/spanienaktuell.net\/wordpress\/wp-content\/uploads\/2019\/06\/cropped-Logo-spanien-aktuell-png-fav2-100x100.png","caption":"Spanien Aktuell"},"url":"https:\/\/spanienaktuell.net\/wordpress\/author\/koalum\/"}]}},"_links":{"self":[{"href":"https:\/\/spanienaktuell.net\/wordpress\/wp-json\/wp\/v2\/posts\/85351","targetHints":{"allow":["GET"]}}],"collection":[{"href":"https:\/\/spanienaktuell.net\/wordpress\/wp-json\/wp\/v2\/posts"}],"about":[{"href":"https:\/\/spanienaktuell.net\/wordpress\/wp-json\/wp\/v2\/types\/post"}],"author":[{"embeddable":true,"href":"https:\/\/spanienaktuell.net\/wordpress\/wp-json\/wp\/v2\/users\/3"}],"replies":[{"embeddable":true,"href":"https:\/\/spanienaktuell.net\/wordpress\/wp-json\/wp\/v2\/comments?post=85351"}],"version-history":[{"count":1,"href":"https:\/\/spanienaktuell.net\/wordpress\/wp-json\/wp\/v2\/posts\/85351\/revisions"}],"predecessor-version":[{"id":85358,"href":"https:\/\/spanienaktuell.net\/wordpress\/wp-json\/wp\/v2\/posts\/85351\/revisions\/85358"}],"wp:featuredmedia":[{"embeddable":true,"href":"https:\/\/spanienaktuell.net\/wordpress\/wp-json\/wp\/v2\/media\/6611"}],"wp:attachment":[{"href":"https:\/\/spanienaktuell.net\/wordpress\/wp-json\/wp\/v2\/media?parent=85351"}],"wp:term":[{"taxonomy":"category","embeddable":true,"href":"https:\/\/spanienaktuell.net\/wordpress\/wp-json\/wp\/v2\/categories?post=85351"},{"taxonomy":"post_tag","embeddable":true,"href":"https:\/\/spanienaktuell.net\/wordpress\/wp-json\/wp\/v2\/tags?post=85351"}],"curies":[{"name":"wp","href":"https:\/\/api.w.org\/{rel}","templated":true}]}}