{"id":85359,"date":"2019-07-05T08:52:34","date_gmt":"2019-07-05T08:52:34","guid":{"rendered":"http:\/\/spanienaktuell.net\/wordpress\/?p=85359"},"modified":"2019-07-05T09:00:09","modified_gmt":"2019-07-05T09:00:09","slug":"charity-golfturnier-des-deutschsprachigen-lions-club-marbella-und-dem-real-club-de-golf-gualdamina-im-juni-2019","status":"publish","type":"post","link":"https:\/\/spanienaktuell.net\/wordpress\/charity-golfturnier-des-deutschsprachigen-lions-club-marbella-und-dem-real-club-de-golf-gualdamina-im-juni-2019\/","title":{"rendered":"Charity Golfturnier des deutschsprachigen Lions Club Marbella und dem Real Club de Golf Gualdamina im Juni 2019."},"content":{"rendered":"<p>70 Golfer und 150 G\u00e4ste am Abend nahmen begeistert teil und die Lions Pr\u00e4sidentin Anja Straub konnte noch am selben Abend einen Scheck \u00fcber \u20ac 9.000 an die spanische Krebshilfeorganisation AECC \u00fcbergeben.<\/p>\n<p>Text: Marga Lange \u2013 Fotos: Lions<\/p>\n","protected":false},"excerpt":{"rendered":"<p>70 Golfer und 150 G\u00e4ste am Abend nahmen begeistert teil und die Lions Pr\u00e4sidentin Anja Straub konnte noch am selben [&hellip;]<\/p>\n","protected":false},"author":3,"featured_media":85380,"comment_status":"closed","ping_status":"closed","sticky":false,"template":"","format":"standard","meta":{"footnotes":""},"categories":[28],"tags":[],"class_list":["post-85359","post","type-post","status-publish","format-standard","has-post-thumbnail","hentry","category-reportagen"],"yoast_head":"<!-- This site is optimized with the Yoast SEO plugin v27.1.1 - https:\/\/yoast.com\/product\/yoast-seo-wordpress\/ -->\n<title>Charity Golfturnier des deutschsprachigen Lions Club Marbella und dem Real Club de Golf Gualdamina im Juni 2019. - Spanien aktuell<\/title>\n<meta name=\"robots\" content=\"index, follow, max-snippet:-1, max-image-preview:large, max-video-preview:-1\" \/>\n<link rel=\"canonical\" href=\"https:\/\/spanienaktuell.net\/wordpress\/charity-golfturnier-des-deutschsprachigen-lions-club-marbella-und-dem-real-club-de-golf-gualdamina-im-juni-2019\/\" \/>\n<meta property=\"og:locale\" content=\"es_ES\" \/>\n<meta property=\"og:type\" content=\"article\" \/>\n<meta property=\"og:title\" content=\"Charity Golfturnier des deutschsprachigen Lions Club Marbella und dem Real Club de Golf Gualdamina im Juni 2019. - Spanien aktuell\" \/>\n<meta property=\"og:description\" content=\"70 Golfer und 150 G\u00e4ste am Abend nahmen begeistert teil und die Lions Pr\u00e4sidentin Anja Straub konnte noch am selben [&hellip;]\" \/>\n<meta property=\"og:url\" content=\"https:\/\/spanienaktuell.net\/wordpress\/charity-golfturnier-des-deutschsprachigen-lions-club-marbella-und-dem-real-club-de-golf-gualdamina-im-juni-2019\/\" \/>\n<meta property=\"og:site_name\" content=\"Spanien aktuell\" \/>\n<meta property=\"article:published_time\" content=\"2019-07-05T08:52:34+00:00\" \/>\n<meta property=\"article:modified_time\" content=\"2019-07-05T09:00:09+00:00\" \/>\n<meta property=\"og:image\" content=\"https:\/\/spanienaktuell.net\/wordpress\/wp-content\/uploads\/2019\/07\/P6010125.jpg\" \/>\n\t<meta property=\"og:image:width\" content=\"1440\" \/>\n\t<meta property=\"og:image:height\" content=\"1080\" \/>\n\t<meta property=\"og:image:type\" content=\"image\/jpeg\" \/>\n<meta name=\"author\" content=\"Spanien Aktuell\" \/>\n<meta name=\"twitter:card\" content=\"summary_large_image\" \/>\n<meta name=\"twitter:label1\" content=\"Escrito por\" \/>\n\t<meta name=\"twitter:data1\" content=\"Spanien Aktuell\" \/>\n<script type=\"application\/ld+json\" class=\"yoast-schema-graph\">{\"@context\":\"https:\/\/schema.org\",\"@graph\":[{\"@type\":\"Article\",\"@id\":\"https:\/\/spanienaktuell.net\/wordpress\/charity-golfturnier-des-deutschsprachigen-lions-club-marbella-und-dem-real-club-de-golf-gualdamina-im-juni-2019\/#article\",\"isPartOf\":{\"@id\":\"https:\/\/spanienaktuell.net\/wordpress\/charity-golfturnier-des-deutschsprachigen-lions-club-marbella-und-dem-real-club-de-golf-gualdamina-im-juni-2019\/\"},\"author\":{\"name\":\"Spanien Aktuell\",\"@id\":\"https:\/\/spanienaktuell.net\/wordpress\/#\/schema\/person\/bc410cfae0161b201d837ebfeeba7fd0\"},\"headline\":\"Charity Golfturnier des deutschsprachigen Lions Club Marbella und dem Real Club de Golf Gualdamina im Juni 2019.\",\"datePublished\":\"2019-07-05T08:52:34+00:00\",\"dateModified\":\"2019-07-05T09:00:09+00:00\",\"mainEntityOfPage\":{\"@id\":\"https:\/\/spanienaktuell.net\/wordpress\/charity-golfturnier-des-deutschsprachigen-lions-club-marbella-und-dem-real-club-de-golf-gualdamina-im-juni-2019\/\"},\"wordCount\":51,\"publisher\":{\"@id\":\"https:\/\/spanienaktuell.net\/wordpress\/#organization\"},\"image\":{\"@id\":\"https:\/\/spanienaktuell.net\/wordpress\/charity-golfturnier-des-deutschsprachigen-lions-club-marbella-und-dem-real-club-de-golf-gualdamina-im-juni-2019\/#primaryimage\"},\"thumbnailUrl\":\"https:\/\/spanienaktuell.net\/wordpress\/wp-content\/uploads\/2019\/07\/P6010125.jpg\",\"articleSection\":[\"Reportagen\"],\"inLanguage\":\"es\"},{\"@type\":\"WebPage\",\"@id\":\"https:\/\/spanienaktuell.net\/wordpress\/charity-golfturnier-des-deutschsprachigen-lions-club-marbella-und-dem-real-club-de-golf-gualdamina-im-juni-2019\/\",\"url\":\"https:\/\/spanienaktuell.net\/wordpress\/charity-golfturnier-des-deutschsprachigen-lions-club-marbella-und-dem-real-club-de-golf-gualdamina-im-juni-2019\/\",\"name\":\"Charity Golfturnier des deutschsprachigen Lions Club Marbella und dem Real Club de Golf Gualdamina im Juni 2019. - Spanien aktuell\",\"isPartOf\":{\"@id\":\"https:\/\/spanienaktuell.net\/wordpress\/#website\"},\"primaryImageOfPage\":{\"@id\":\"https:\/\/spanienaktuell.net\/wordpress\/charity-golfturnier-des-deutschsprachigen-lions-club-marbella-und-dem-real-club-de-golf-gualdamina-im-juni-2019\/#primaryimage\"},\"image\":{\"@id\":\"https:\/\/spanienaktuell.net\/wordpress\/charity-golfturnier-des-deutschsprachigen-lions-club-marbella-und-dem-real-club-de-golf-gualdamina-im-juni-2019\/#primaryimage\"},\"thumbnailUrl\":\"https:\/\/spanienaktuell.net\/wordpress\/wp-content\/uploads\/2019\/07\/P6010125.jpg\",\"datePublished\":\"2019-07-05T08:52:34+00:00\",\"dateModified\":\"2019-07-05T09:00:09+00:00\",\"breadcrumb\":{\"@id\":\"https:\/\/spanienaktuell.net\/wordpress\/charity-golfturnier-des-deutschsprachigen-lions-club-marbella-und-dem-real-club-de-golf-gualdamina-im-juni-2019\/#breadcrumb\"},\"inLanguage\":\"es\",\"potentialAction\":[{\"@type\":\"ReadAction\",\"target\":[\"https:\/\/spanienaktuell.net\/wordpress\/charity-golfturnier-des-deutschsprachigen-lions-club-marbella-und-dem-real-club-de-golf-gualdamina-im-juni-2019\/\"]}]},{\"@type\":\"ImageObject\",\"inLanguage\":\"es\",\"@id\":\"https:\/\/spanienaktuell.net\/wordpress\/charity-golfturnier-des-deutschsprachigen-lions-club-marbella-und-dem-real-club-de-golf-gualdamina-im-juni-2019\/#primaryimage\",\"url\":\"https:\/\/spanienaktuell.net\/wordpress\/wp-content\/uploads\/2019\/07\/P6010125.jpg\",\"contentUrl\":\"https:\/\/spanienaktuell.net\/wordpress\/wp-content\/uploads\/2019\/07\/P6010125.jpg\",\"width\":1440,\"height\":1080},{\"@type\":\"BreadcrumbList\",\"@id\":\"https:\/\/spanienaktuell.net\/wordpress\/charity-golfturnier-des-deutschsprachigen-lions-club-marbella-und-dem-real-club-de-golf-gualdamina-im-juni-2019\/#breadcrumb\",\"itemListElement\":[{\"@type\":\"ListItem\",\"position\":1,\"name\":\"Portada\",\"item\":\"https:\/\/spanienaktuell.net\/wordpress\/\"},{\"@type\":\"ListItem\",\"position\":2,\"name\":\"Charity Golfturnier des deutschsprachigen Lions Club Marbella und dem Real Club de Golf Gualdamina im Juni 2019.\"}]},{\"@type\":\"WebSite\",\"@id\":\"https:\/\/spanienaktuell.net\/wordpress\/#website\",\"url\":\"https:\/\/spanienaktuell.net\/wordpress\/\",\"name\":\"Spanien aktuell\",\"description\":\"The German magazine number 1 on the Costa del Sol\",\"publisher\":{\"@id\":\"https:\/\/spanienaktuell.net\/wordpress\/#organization\"},\"potentialAction\":[{\"@type\":\"SearchAction\",\"target\":{\"@type\":\"EntryPoint\",\"urlTemplate\":\"https:\/\/spanienaktuell.net\/wordpress\/?s={search_term_string}\"},\"query-input\":{\"@type\":\"PropertyValueSpecification\",\"valueRequired\":true,\"valueName\":\"search_term_string\"}}],\"inLanguage\":\"es\"},{\"@type\":\"Organization\",\"@id\":\"https:\/\/spanienaktuell.net\/wordpress\/#organization\",\"name\":\"Spanien aktuell\",\"url\":\"https:\/\/spanienaktuell.net\/wordpress\/\",\"logo\":{\"@type\":\"ImageObject\",\"inLanguage\":\"es\",\"@id\":\"https:\/\/spanienaktuell.net\/wordpress\/#\/schema\/logo\/image\/\",\"url\":\"https:\/\/spanienaktuell.net\/wordpress\/wp-content\/uploads\/2019\/06\/cropped-Logo-spanien-aktuell-png-web-e1561631085388.png\",\"contentUrl\":\"https:\/\/spanienaktuell.net\/wordpress\/wp-content\/uploads\/2019\/06\/cropped-Logo-spanien-aktuell-png-web-e1561631085388.png\",\"width\":512,\"height\":110,\"caption\":\"Spanien aktuell\"},\"image\":{\"@id\":\"https:\/\/spanienaktuell.net\/wordpress\/#\/schema\/logo\/image\/\"}},{\"@type\":\"Person\",\"@id\":\"https:\/\/spanienaktuell.net\/wordpress\/#\/schema\/person\/bc410cfae0161b201d837ebfeeba7fd0\",\"name\":\"Spanien Aktuell\",\"image\":{\"@type\":\"ImageObject\",\"inLanguage\":\"es\",\"@id\":\"https:\/\/spanienaktuell.net\/wordpress\/#\/schema\/person\/image\/\",\"url\":\"https:\/\/spanienaktuell.net\/wordpress\/wp-content\/uploads\/2019\/06\/cropped-Logo-spanien-aktuell-png-fav2-100x100.png\",\"contentUrl\":\"https:\/\/spanienaktuell.net\/wordpress\/wp-content\/uploads\/2019\/06\/cropped-Logo-spanien-aktuell-png-fav2-100x100.png\",\"caption\":\"Spanien Aktuell\"},\"url\":\"https:\/\/spanienaktuell.net\/wordpress\/author\/koalum\/\"}]}<\/script>\n<!-- \/ Yoast SEO plugin. -->","yoast_head_json":{"title":"Charity Golfturnier des deutschsprachigen Lions Club Marbella und dem Real Club de Golf Gualdamina im Juni 2019. - Spanien aktuell","robots":{"index":"index","follow":"follow","max-snippet":"max-snippet:-1","max-image-preview":"max-image-preview:large","max-video-preview":"max-video-preview:-1"},"canonical":"https:\/\/spanienaktuell.net\/wordpress\/charity-golfturnier-des-deutschsprachigen-lions-club-marbella-und-dem-real-club-de-golf-gualdamina-im-juni-2019\/","og_locale":"es_ES","og_type":"article","og_title":"Charity Golfturnier des deutschsprachigen Lions Club Marbella und dem Real Club de Golf Gualdamina im Juni 2019. - Spanien aktuell","og_description":"70 Golfer und 150 G\u00e4ste am Abend nahmen begeistert teil und die Lions Pr\u00e4sidentin Anja Straub konnte noch am selben [&hellip;]","og_url":"https:\/\/spanienaktuell.net\/wordpress\/charity-golfturnier-des-deutschsprachigen-lions-club-marbella-und-dem-real-club-de-golf-gualdamina-im-juni-2019\/","og_site_name":"Spanien aktuell","article_published_time":"2019-07-05T08:52:34+00:00","article_modified_time":"2019-07-05T09:00:09+00:00","og_image":[{"width":1440,"height":1080,"url":"https:\/\/spanienaktuell.net\/wordpress\/wp-content\/uploads\/2019\/07\/P6010125.jpg","type":"image\/jpeg"}],"author":"Spanien Aktuell","twitter_card":"summary_large_image","twitter_misc":{"Escrito por":"Spanien Aktuell"},"schema":{"@context":"https:\/\/schema.org","@graph":[{"@type":"Article","@id":"https:\/\/spanienaktuell.net\/wordpress\/charity-golfturnier-des-deutschsprachigen-lions-club-marbella-und-dem-real-club-de-golf-gualdamina-im-juni-2019\/#article","isPartOf":{"@id":"https:\/\/spanienaktuell.net\/wordpress\/charity-golfturnier-des-deutschsprachigen-lions-club-marbella-und-dem-real-club-de-golf-gualdamina-im-juni-2019\/"},"author":{"name":"Spanien Aktuell","@id":"https:\/\/spanienaktuell.net\/wordpress\/#\/schema\/person\/bc410cfae0161b201d837ebfeeba7fd0"},"headline":"Charity Golfturnier des deutschsprachigen Lions Club Marbella und dem Real Club de Golf Gualdamina im Juni 2019.","datePublished":"2019-07-05T08:52:34+00:00","dateModified":"2019-07-05T09:00:09+00:00","mainEntityOfPage":{"@id":"https:\/\/spanienaktuell.net\/wordpress\/charity-golfturnier-des-deutschsprachigen-lions-club-marbella-und-dem-real-club-de-golf-gualdamina-im-juni-2019\/"},"wordCount":51,"publisher":{"@id":"https:\/\/spanienaktuell.net\/wordpress\/#organization"},"image":{"@id":"https:\/\/spanienaktuell.net\/wordpress\/charity-golfturnier-des-deutschsprachigen-lions-club-marbella-und-dem-real-club-de-golf-gualdamina-im-juni-2019\/#primaryimage"},"thumbnailUrl":"https:\/\/spanienaktuell.net\/wordpress\/wp-content\/uploads\/2019\/07\/P6010125.jpg","articleSection":["Reportagen"],"inLanguage":"es"},{"@type":"WebPage","@id":"https:\/\/spanienaktuell.net\/wordpress\/charity-golfturnier-des-deutschsprachigen-lions-club-marbella-und-dem-real-club-de-golf-gualdamina-im-juni-2019\/","url":"https:\/\/spanienaktuell.net\/wordpress\/charity-golfturnier-des-deutschsprachigen-lions-club-marbella-und-dem-real-club-de-golf-gualdamina-im-juni-2019\/","name":"Charity Golfturnier des deutschsprachigen Lions Club Marbella und dem Real Club de Golf Gualdamina im Juni 2019. - Spanien aktuell","isPartOf":{"@id":"https:\/\/spanienaktuell.net\/wordpress\/#website"},"primaryImageOfPage":{"@id":"https:\/\/spanienaktuell.net\/wordpress\/charity-golfturnier-des-deutschsprachigen-lions-club-marbella-und-dem-real-club-de-golf-gualdamina-im-juni-2019\/#primaryimage"},"image":{"@id":"https:\/\/spanienaktuell.net\/wordpress\/charity-golfturnier-des-deutschsprachigen-lions-club-marbella-und-dem-real-club-de-golf-gualdamina-im-juni-2019\/#primaryimage"},"thumbnailUrl":"https:\/\/spanienaktuell.net\/wordpress\/wp-content\/uploads\/2019\/07\/P6010125.jpg","datePublished":"2019-07-05T08:52:34+00:00","dateModified":"2019-07-05T09:00:09+00:00","breadcrumb":{"@id":"https:\/\/spanienaktuell.net\/wordpress\/charity-golfturnier-des-deutschsprachigen-lions-club-marbella-und-dem-real-club-de-golf-gualdamina-im-juni-2019\/#breadcrumb"},"inLanguage":"es","potentialAction":[{"@type":"ReadAction","target":["https:\/\/spanienaktuell.net\/wordpress\/charity-golfturnier-des-deutschsprachigen-lions-club-marbella-und-dem-real-club-de-golf-gualdamina-im-juni-2019\/"]}]},{"@type":"ImageObject","inLanguage":"es","@id":"https:\/\/spanienaktuell.net\/wordpress\/charity-golfturnier-des-deutschsprachigen-lions-club-marbella-und-dem-real-club-de-golf-gualdamina-im-juni-2019\/#primaryimage","url":"https:\/\/spanienaktuell.net\/wordpress\/wp-content\/uploads\/2019\/07\/P6010125.jpg","contentUrl":"https:\/\/spanienaktuell.net\/wordpress\/wp-content\/uploads\/2019\/07\/P6010125.jpg","width":1440,"height":1080},{"@type":"BreadcrumbList","@id":"https:\/\/spanienaktuell.net\/wordpress\/charity-golfturnier-des-deutschsprachigen-lions-club-marbella-und-dem-real-club-de-golf-gualdamina-im-juni-2019\/#breadcrumb","itemListElement":[{"@type":"ListItem","position":1,"name":"Portada","item":"https:\/\/spanienaktuell.net\/wordpress\/"},{"@type":"ListItem","position":2,"name":"Charity Golfturnier des deutschsprachigen Lions Club Marbella und dem Real Club de Golf Gualdamina im Juni 2019."}]},{"@type":"WebSite","@id":"https:\/\/spanienaktuell.net\/wordpress\/#website","url":"https:\/\/spanienaktuell.net\/wordpress\/","name":"Spanien aktuell","description":"The German magazine number 1 on the Costa del Sol","publisher":{"@id":"https:\/\/spanienaktuell.net\/wordpress\/#organization"},"potentialAction":[{"@type":"SearchAction","target":{"@type":"EntryPoint","urlTemplate":"https:\/\/spanienaktuell.net\/wordpress\/?s={search_term_string}"},"query-input":{"@type":"PropertyValueSpecification","valueRequired":true,"valueName":"search_term_string"}}],"inLanguage":"es"},{"@type":"Organization","@id":"https:\/\/spanienaktuell.net\/wordpress\/#organization","name":"Spanien aktuell","url":"https:\/\/spanienaktuell.net\/wordpress\/","logo":{"@type":"ImageObject","inLanguage":"es","@id":"https:\/\/spanienaktuell.net\/wordpress\/#\/schema\/logo\/image\/","url":"https:\/\/spanienaktuell.net\/wordpress\/wp-content\/uploads\/2019\/06\/cropped-Logo-spanien-aktuell-png-web-e1561631085388.png","contentUrl":"https:\/\/spanienaktuell.net\/wordpress\/wp-content\/uploads\/2019\/06\/cropped-Logo-spanien-aktuell-png-web-e1561631085388.png","width":512,"height":110,"caption":"Spanien aktuell"},"image":{"@id":"https:\/\/spanienaktuell.net\/wordpress\/#\/schema\/logo\/image\/"}},{"@type":"Person","@id":"https:\/\/spanienaktuell.net\/wordpress\/#\/schema\/person\/bc410cfae0161b201d837ebfeeba7fd0","name":"Spanien Aktuell","image":{"@type":"ImageObject","inLanguage":"es","@id":"https:\/\/spanienaktuell.net\/wordpress\/#\/schema\/person\/image\/","url":"https:\/\/spanienaktuell.net\/wordpress\/wp-content\/uploads\/2019\/06\/cropped-Logo-spanien-aktuell-png-fav2-100x100.png","contentUrl":"https:\/\/spanienaktuell.net\/wordpress\/wp-content\/uploads\/2019\/06\/cropped-Logo-spanien-aktuell-png-fav2-100x100.png","caption":"Spanien Aktuell"},"url":"https:\/\/spanienaktuell.net\/wordpress\/author\/koalum\/"}]}},"_links":{"self":[{"href":"https:\/\/spanienaktuell.net\/wordpress\/wp-json\/wp\/v2\/posts\/85359","targetHints":{"allow":["GET"]}}],"collection":[{"href":"https:\/\/spanienaktuell.net\/wordpress\/wp-json\/wp\/v2\/posts"}],"about":[{"href":"https:\/\/spanienaktuell.net\/wordpress\/wp-json\/wp\/v2\/types\/post"}],"author":[{"embeddable":true,"href":"https:\/\/spanienaktuell.net\/wordpress\/wp-json\/wp\/v2\/users\/3"}],"replies":[{"embeddable":true,"href":"https:\/\/spanienaktuell.net\/wordpress\/wp-json\/wp\/v2\/comments?post=85359"}],"version-history":[{"count":1,"href":"https:\/\/spanienaktuell.net\/wordpress\/wp-json\/wp\/v2\/posts\/85359\/revisions"}],"predecessor-version":[{"id":85363,"href":"https:\/\/spanienaktuell.net\/wordpress\/wp-json\/wp\/v2\/posts\/85359\/revisions\/85363"}],"wp:featuredmedia":[{"embeddable":true,"href":"https:\/\/spanienaktuell.net\/wordpress\/wp-json\/wp\/v2\/media\/85380"}],"wp:attachment":[{"href":"https:\/\/spanienaktuell.net\/wordpress\/wp-json\/wp\/v2\/media?parent=85359"}],"wp:term":[{"taxonomy":"category","embeddable":true,"href":"https:\/\/spanienaktuell.net\/wordpress\/wp-json\/wp\/v2\/categories?post=85359"},{"taxonomy":"post_tag","embeddable":true,"href":"https:\/\/spanienaktuell.net\/wordpress\/wp-json\/wp\/v2\/tags?post=85359"}],"curies":[{"name":"wp","href":"https:\/\/api.w.org\/{rel}","templated":true}]}}