{"id":85416,"date":"2019-07-05T09:27:04","date_gmt":"2019-07-05T09:27:04","guid":{"rendered":"http:\/\/spanienaktuell.net\/wordpress\/?p=85416"},"modified":"2019-07-05T09:27:04","modified_gmt":"2019-07-05T09:27:04","slug":"sicher-durch-den-sommer-schlemmen","status":"publish","type":"post","link":"https:\/\/spanienaktuell.net\/wordpress\/sicher-durch-den-sommer-schlemmen\/","title":{"rendered":"Sicher durch den Sommer schlemmen"},"content":{"rendered":"<p><b>Die h\u00e4ufigsten Grillunf\u00e4lle und wie sie vermieden werden<\/b><\/p>\n<p>Grillfreunde wissen den Sommer kulinarisch zu nutzen. Ob Steak oder Tofu-Spie\u00df, ein paar Sicherheitstipps sollten beherzigt werden, denn immer wieder kommt es beim Grillen zu schweren Unf\u00e4llen und zu Brandausbr\u00fcchen.<\/p>\n<p>\u201eSchlie\u00dflich haben wir es hier mit offenen Flammen zu tun, und der Umgang damit geh\u00f6rt l\u00e4ngst nicht mehr zu unseren Alltagsroutinen\u201c, sagt Dr. Hans-Herrmann Drews, Gesch\u00e4ftsf\u00fchrer des Institutes f\u00fcr Schadenverh\u00fctung und Schadenforschung. F\u00fcr Br\u00e4nde w\u00e4hrend des Grillens oder danach gibt es mehrere typische Ursachen:<\/p>\n<p>Die Temperatur und die Gl\u00fchzeiten von Grillkohle werden h\u00e4ufig untersch\u00e4tzt. Der Grill muss einen sicheren Stand haben, damit die gl\u00fchenden Kohlen nicht auf Terrassendielen oder Gartenm\u00f6bel kippen k\u00f6nnen. Das kann auch Stunden nach dem Grillen noch gef\u00e4hrlich sein, denn je nach Situation halten sich Glutnester \u00fcberraschend lange. Voreilig entsorgt kann Grillasche darum die M\u00fclltonne in Brand setzen. \u201eLassen Sie die Grillasche lieber etwas l\u00e4nger abk\u00fchlen\u201c, r\u00e4t der Schadenforscher. Das Institut empfiehlt, sie erst nach drei Tagen zu entsorgen.<\/p>\n<p>Geduld ist auch beim Anheizen des klassischen Holzkohlegrills die wichtigste Tugend. \u201eVon Brennspiritus und Benzin sollten Sie beim Grillen immer die Finger lassen. Das Risiko von schweren Unf\u00e4llen ist gewaltig\u201c, mahnt Drews.<\/p>\n<p>Wer statt dessen auf einen Gasgrill setzt, muss beim Anschluss der Gasflasche auf Sorgfalt achten: Die Anschlussverschraubungen von Fl\u00fcssiggasflaschen haben ein Linksgewinde. Diese Sicherheitsma\u00dfnahme f\u00fchrt gelegentlich dazu, dass eine Verschraubung versehentlich gel\u00f6st statt angezogen wird. Zudem sollten Gasleitungen und Armaturen immer in einwandfreiem Zustand sein, um Leckagen auszuschlie\u00dfen.<\/p>\n<p><b>Sicher durch die Grillsaison \u2013 hier sind die wichtigsten Tipps:<\/b><\/p>\n<p>\u2013 Vorsicht, Lebensgefahr: Niemals Brennspiritus oder Benzin benutzen.<\/p>\n<p>\u2013 Kinder \u00fcber die Gefahren aufkl\u00e4ren und nicht unbeaufsichtigt lassen.<\/p>\n<p>\u2013 Feuerfesten Untergrund im Freien als Standort w\u00e4hlen und ein standsicheres Ger\u00e4t verwenden.<\/p>\n<p>\u2013 Nur mit geeigneten Z\u00fcndhilfen arbeiten, wie (elektrischen) Anz\u00fcndern, Z\u00fcndw\u00fcrfeln, Pasten oder Grillstartern.<\/p>\n<p>\u2013 Beim Einkauf auf sichere und gepr\u00fcfte Qualit\u00e4t achten, die in der Regel durch DIN- oder GS-Zeichen dokumentiert wird.<\/p>\n<p>\u2013 Ausreichend Sicherheitsabstand von Feld, Wald und Flur sowie von brennbaren Stoffen einhalten und auf die Windrichtung achten, wegen des Funkenfluges.<\/p>\n<p>\u2013 Grillhandschuhe ohne Kunstfasern und lange Grillzangen benutzen.<\/p>\n<p>\u2013 Selbst bei schlechtem Wetter geh\u00f6rt ein Grill nicht unter den Sonnenschirm und schon gar nicht in einen geschlossenen Raum. Rauch ist giftig und lebensgef\u00e4hrlich.<\/p>\n<p>\u2013 Kohle und Briketts nach dem Grillen mit Wasser sorgf\u00e4ltig abl\u00f6schen oder drei Tage in einem feuerfesten Beh\u00e4lter ausk\u00fchlen lassen. Asche ist nicht kompostierbar und geh\u00f6rt in den Restm\u00fcll.<\/p>\n<p>Das Institut f\u00fcr Schadenverh\u00fctung und Schadenforschung e. V. wurde 1976 gegr\u00fcndet. Es geht zur\u00fcck auf das Brandverh\u00fctungslabor, das 1884 von der Schleswig-Holsteinischen Landesbrandkasse ins Leben gerufen wurde. Heute hat der Verein mit Hauptsitz in Kiel bundesweit neun Standorte. Ein Team aus Naturwissenschaftlern und Ingenieuren untersucht im Schwerpunkt Brand- und Brandfolgesch\u00e4den, Leitungswasser- und Feuchtesch\u00e4den. Die Erkenntnisse aus den Ursachenermittlungen dienen der allgemeinen Schadenverh\u00fctung und werden der \u00d6ffentlichkeit zug\u00e4nglich gemacht.<\/p>\n<p>Quelle: IFS Institut f\u00fcr Schadenverh\u00fctung und Schadenforschung der \u00f6ffentlichen Versicherer e. V.<\/p>\n","protected":false},"excerpt":{"rendered":"<p>Die h\u00e4ufigsten Grillunf\u00e4lle und wie sie vermieden werden Grillfreunde wissen den Sommer kulinarisch zu nutzen. Ob Steak oder Tofu-Spie\u00df, ein [&hellip;]<\/p>\n","protected":false},"author":3,"featured_media":85417,"comment_status":"closed","ping_status":"closed","sticky":false,"template":"","format":"standard","meta":{"footnotes":""},"categories":[30],"tags":[],"class_list":["post-85416","post","type-post","status-publish","format-standard","has-post-thumbnail","hentry","category-recht-gesellschaft"],"yoast_head":"<!-- This site is optimized with the Yoast SEO plugin v27.1.1 - https:\/\/yoast.com\/product\/yoast-seo-wordpress\/ -->\n<title>Sicher durch den Sommer schlemmen - Spanien aktuell<\/title>\n<meta name=\"robots\" content=\"index, follow, max-snippet:-1, max-image-preview:large, max-video-preview:-1\" \/>\n<link rel=\"canonical\" href=\"https:\/\/spanienaktuell.net\/wordpress\/sicher-durch-den-sommer-schlemmen\/\" \/>\n<meta property=\"og:locale\" content=\"es_ES\" \/>\n<meta property=\"og:type\" content=\"article\" \/>\n<meta property=\"og:title\" content=\"Sicher durch den Sommer schlemmen - Spanien aktuell\" \/>\n<meta property=\"og:description\" content=\"Die h\u00e4ufigsten Grillunf\u00e4lle und wie sie vermieden werden Grillfreunde wissen den Sommer kulinarisch zu nutzen. Ob Steak oder Tofu-Spie\u00df, ein [&hellip;]\" \/>\n<meta property=\"og:url\" content=\"https:\/\/spanienaktuell.net\/wordpress\/sicher-durch-den-sommer-schlemmen\/\" \/>\n<meta property=\"og:site_name\" content=\"Spanien aktuell\" \/>\n<meta property=\"article:published_time\" content=\"2019-07-05T09:27:04+00:00\" \/>\n<meta property=\"og:image\" content=\"https:\/\/spanienaktuell.net\/wordpress\/wp-content\/uploads\/2019\/07\/Foto-Pixabay-Alexas-fire-2371195_1920.jpg\" \/>\n\t<meta property=\"og:image:width\" content=\"1440\" \/>\n\t<meta property=\"og:image:height\" content=\"1025\" \/>\n\t<meta property=\"og:image:type\" content=\"image\/jpeg\" \/>\n<meta name=\"author\" content=\"Spanien Aktuell\" \/>\n<meta name=\"twitter:card\" content=\"summary_large_image\" \/>\n<meta name=\"twitter:label1\" content=\"Escrito por\" \/>\n\t<meta name=\"twitter:data1\" content=\"Spanien Aktuell\" \/>\n\t<meta name=\"twitter:label2\" content=\"Tiempo de lectura\" \/>\n\t<meta name=\"twitter:data2\" content=\"3 minutos\" \/>\n<script type=\"application\/ld+json\" class=\"yoast-schema-graph\">{\"@context\":\"https:\/\/schema.org\",\"@graph\":[{\"@type\":\"Article\",\"@id\":\"https:\/\/spanienaktuell.net\/wordpress\/sicher-durch-den-sommer-schlemmen\/#article\",\"isPartOf\":{\"@id\":\"https:\/\/spanienaktuell.net\/wordpress\/sicher-durch-den-sommer-schlemmen\/\"},\"author\":{\"name\":\"Spanien Aktuell\",\"@id\":\"https:\/\/spanienaktuell.net\/wordpress\/#\/schema\/person\/bc410cfae0161b201d837ebfeeba7fd0\"},\"headline\":\"Sicher durch den Sommer schlemmen\",\"datePublished\":\"2019-07-05T09:27:04+00:00\",\"mainEntityOfPage\":{\"@id\":\"https:\/\/spanienaktuell.net\/wordpress\/sicher-durch-den-sommer-schlemmen\/\"},\"wordCount\":528,\"publisher\":{\"@id\":\"https:\/\/spanienaktuell.net\/wordpress\/#organization\"},\"image\":{\"@id\":\"https:\/\/spanienaktuell.net\/wordpress\/sicher-durch-den-sommer-schlemmen\/#primaryimage\"},\"thumbnailUrl\":\"https:\/\/spanienaktuell.net\/wordpress\/wp-content\/uploads\/2019\/07\/Foto-Pixabay-Alexas-fire-2371195_1920.jpg\",\"articleSection\":[\"Recht\"],\"inLanguage\":\"es\"},{\"@type\":\"WebPage\",\"@id\":\"https:\/\/spanienaktuell.net\/wordpress\/sicher-durch-den-sommer-schlemmen\/\",\"url\":\"https:\/\/spanienaktuell.net\/wordpress\/sicher-durch-den-sommer-schlemmen\/\",\"name\":\"Sicher durch den Sommer schlemmen - Spanien aktuell\",\"isPartOf\":{\"@id\":\"https:\/\/spanienaktuell.net\/wordpress\/#website\"},\"primaryImageOfPage\":{\"@id\":\"https:\/\/spanienaktuell.net\/wordpress\/sicher-durch-den-sommer-schlemmen\/#primaryimage\"},\"image\":{\"@id\":\"https:\/\/spanienaktuell.net\/wordpress\/sicher-durch-den-sommer-schlemmen\/#primaryimage\"},\"thumbnailUrl\":\"https:\/\/spanienaktuell.net\/wordpress\/wp-content\/uploads\/2019\/07\/Foto-Pixabay-Alexas-fire-2371195_1920.jpg\",\"datePublished\":\"2019-07-05T09:27:04+00:00\",\"breadcrumb\":{\"@id\":\"https:\/\/spanienaktuell.net\/wordpress\/sicher-durch-den-sommer-schlemmen\/#breadcrumb\"},\"inLanguage\":\"es\",\"potentialAction\":[{\"@type\":\"ReadAction\",\"target\":[\"https:\/\/spanienaktuell.net\/wordpress\/sicher-durch-den-sommer-schlemmen\/\"]}]},{\"@type\":\"ImageObject\",\"inLanguage\":\"es\",\"@id\":\"https:\/\/spanienaktuell.net\/wordpress\/sicher-durch-den-sommer-schlemmen\/#primaryimage\",\"url\":\"https:\/\/spanienaktuell.net\/wordpress\/wp-content\/uploads\/2019\/07\/Foto-Pixabay-Alexas-fire-2371195_1920.jpg\",\"contentUrl\":\"https:\/\/spanienaktuell.net\/wordpress\/wp-content\/uploads\/2019\/07\/Foto-Pixabay-Alexas-fire-2371195_1920.jpg\",\"width\":1440,\"height\":1025},{\"@type\":\"BreadcrumbList\",\"@id\":\"https:\/\/spanienaktuell.net\/wordpress\/sicher-durch-den-sommer-schlemmen\/#breadcrumb\",\"itemListElement\":[{\"@type\":\"ListItem\",\"position\":1,\"name\":\"Portada\",\"item\":\"https:\/\/spanienaktuell.net\/wordpress\/\"},{\"@type\":\"ListItem\",\"position\":2,\"name\":\"Sicher durch den Sommer schlemmen\"}]},{\"@type\":\"WebSite\",\"@id\":\"https:\/\/spanienaktuell.net\/wordpress\/#website\",\"url\":\"https:\/\/spanienaktuell.net\/wordpress\/\",\"name\":\"Spanien aktuell\",\"description\":\"The German magazine number 1 on the Costa del Sol\",\"publisher\":{\"@id\":\"https:\/\/spanienaktuell.net\/wordpress\/#organization\"},\"potentialAction\":[{\"@type\":\"SearchAction\",\"target\":{\"@type\":\"EntryPoint\",\"urlTemplate\":\"https:\/\/spanienaktuell.net\/wordpress\/?s={search_term_string}\"},\"query-input\":{\"@type\":\"PropertyValueSpecification\",\"valueRequired\":true,\"valueName\":\"search_term_string\"}}],\"inLanguage\":\"es\"},{\"@type\":\"Organization\",\"@id\":\"https:\/\/spanienaktuell.net\/wordpress\/#organization\",\"name\":\"Spanien aktuell\",\"url\":\"https:\/\/spanienaktuell.net\/wordpress\/\",\"logo\":{\"@type\":\"ImageObject\",\"inLanguage\":\"es\",\"@id\":\"https:\/\/spanienaktuell.net\/wordpress\/#\/schema\/logo\/image\/\",\"url\":\"https:\/\/spanienaktuell.net\/wordpress\/wp-content\/uploads\/2019\/06\/cropped-Logo-spanien-aktuell-png-web-e1561631085388.png\",\"contentUrl\":\"https:\/\/spanienaktuell.net\/wordpress\/wp-content\/uploads\/2019\/06\/cropped-Logo-spanien-aktuell-png-web-e1561631085388.png\",\"width\":512,\"height\":110,\"caption\":\"Spanien aktuell\"},\"image\":{\"@id\":\"https:\/\/spanienaktuell.net\/wordpress\/#\/schema\/logo\/image\/\"}},{\"@type\":\"Person\",\"@id\":\"https:\/\/spanienaktuell.net\/wordpress\/#\/schema\/person\/bc410cfae0161b201d837ebfeeba7fd0\",\"name\":\"Spanien Aktuell\",\"image\":{\"@type\":\"ImageObject\",\"inLanguage\":\"es\",\"@id\":\"https:\/\/spanienaktuell.net\/wordpress\/#\/schema\/person\/image\/\",\"url\":\"https:\/\/spanienaktuell.net\/wordpress\/wp-content\/uploads\/2019\/06\/cropped-Logo-spanien-aktuell-png-fav2-100x100.png\",\"contentUrl\":\"https:\/\/spanienaktuell.net\/wordpress\/wp-content\/uploads\/2019\/06\/cropped-Logo-spanien-aktuell-png-fav2-100x100.png\",\"caption\":\"Spanien Aktuell\"},\"url\":\"https:\/\/spanienaktuell.net\/wordpress\/author\/koalum\/\"}]}<\/script>\n<!-- \/ Yoast SEO plugin. -->","yoast_head_json":{"title":"Sicher durch den Sommer schlemmen - Spanien aktuell","robots":{"index":"index","follow":"follow","max-snippet":"max-snippet:-1","max-image-preview":"max-image-preview:large","max-video-preview":"max-video-preview:-1"},"canonical":"https:\/\/spanienaktuell.net\/wordpress\/sicher-durch-den-sommer-schlemmen\/","og_locale":"es_ES","og_type":"article","og_title":"Sicher durch den Sommer schlemmen - Spanien aktuell","og_description":"Die h\u00e4ufigsten Grillunf\u00e4lle und wie sie vermieden werden Grillfreunde wissen den Sommer kulinarisch zu nutzen. Ob Steak oder Tofu-Spie\u00df, ein [&hellip;]","og_url":"https:\/\/spanienaktuell.net\/wordpress\/sicher-durch-den-sommer-schlemmen\/","og_site_name":"Spanien aktuell","article_published_time":"2019-07-05T09:27:04+00:00","og_image":[{"width":1440,"height":1025,"url":"https:\/\/spanienaktuell.net\/wordpress\/wp-content\/uploads\/2019\/07\/Foto-Pixabay-Alexas-fire-2371195_1920.jpg","type":"image\/jpeg"}],"author":"Spanien Aktuell","twitter_card":"summary_large_image","twitter_misc":{"Escrito por":"Spanien Aktuell","Tiempo de lectura":"3 minutos"},"schema":{"@context":"https:\/\/schema.org","@graph":[{"@type":"Article","@id":"https:\/\/spanienaktuell.net\/wordpress\/sicher-durch-den-sommer-schlemmen\/#article","isPartOf":{"@id":"https:\/\/spanienaktuell.net\/wordpress\/sicher-durch-den-sommer-schlemmen\/"},"author":{"name":"Spanien Aktuell","@id":"https:\/\/spanienaktuell.net\/wordpress\/#\/schema\/person\/bc410cfae0161b201d837ebfeeba7fd0"},"headline":"Sicher durch den Sommer schlemmen","datePublished":"2019-07-05T09:27:04+00:00","mainEntityOfPage":{"@id":"https:\/\/spanienaktuell.net\/wordpress\/sicher-durch-den-sommer-schlemmen\/"},"wordCount":528,"publisher":{"@id":"https:\/\/spanienaktuell.net\/wordpress\/#organization"},"image":{"@id":"https:\/\/spanienaktuell.net\/wordpress\/sicher-durch-den-sommer-schlemmen\/#primaryimage"},"thumbnailUrl":"https:\/\/spanienaktuell.net\/wordpress\/wp-content\/uploads\/2019\/07\/Foto-Pixabay-Alexas-fire-2371195_1920.jpg","articleSection":["Recht"],"inLanguage":"es"},{"@type":"WebPage","@id":"https:\/\/spanienaktuell.net\/wordpress\/sicher-durch-den-sommer-schlemmen\/","url":"https:\/\/spanienaktuell.net\/wordpress\/sicher-durch-den-sommer-schlemmen\/","name":"Sicher durch den Sommer schlemmen - Spanien aktuell","isPartOf":{"@id":"https:\/\/spanienaktuell.net\/wordpress\/#website"},"primaryImageOfPage":{"@id":"https:\/\/spanienaktuell.net\/wordpress\/sicher-durch-den-sommer-schlemmen\/#primaryimage"},"image":{"@id":"https:\/\/spanienaktuell.net\/wordpress\/sicher-durch-den-sommer-schlemmen\/#primaryimage"},"thumbnailUrl":"https:\/\/spanienaktuell.net\/wordpress\/wp-content\/uploads\/2019\/07\/Foto-Pixabay-Alexas-fire-2371195_1920.jpg","datePublished":"2019-07-05T09:27:04+00:00","breadcrumb":{"@id":"https:\/\/spanienaktuell.net\/wordpress\/sicher-durch-den-sommer-schlemmen\/#breadcrumb"},"inLanguage":"es","potentialAction":[{"@type":"ReadAction","target":["https:\/\/spanienaktuell.net\/wordpress\/sicher-durch-den-sommer-schlemmen\/"]}]},{"@type":"ImageObject","inLanguage":"es","@id":"https:\/\/spanienaktuell.net\/wordpress\/sicher-durch-den-sommer-schlemmen\/#primaryimage","url":"https:\/\/spanienaktuell.net\/wordpress\/wp-content\/uploads\/2019\/07\/Foto-Pixabay-Alexas-fire-2371195_1920.jpg","contentUrl":"https:\/\/spanienaktuell.net\/wordpress\/wp-content\/uploads\/2019\/07\/Foto-Pixabay-Alexas-fire-2371195_1920.jpg","width":1440,"height":1025},{"@type":"BreadcrumbList","@id":"https:\/\/spanienaktuell.net\/wordpress\/sicher-durch-den-sommer-schlemmen\/#breadcrumb","itemListElement":[{"@type":"ListItem","position":1,"name":"Portada","item":"https:\/\/spanienaktuell.net\/wordpress\/"},{"@type":"ListItem","position":2,"name":"Sicher durch den Sommer schlemmen"}]},{"@type":"WebSite","@id":"https:\/\/spanienaktuell.net\/wordpress\/#website","url":"https:\/\/spanienaktuell.net\/wordpress\/","name":"Spanien aktuell","description":"The German magazine number 1 on the Costa del Sol","publisher":{"@id":"https:\/\/spanienaktuell.net\/wordpress\/#organization"},"potentialAction":[{"@type":"SearchAction","target":{"@type":"EntryPoint","urlTemplate":"https:\/\/spanienaktuell.net\/wordpress\/?s={search_term_string}"},"query-input":{"@type":"PropertyValueSpecification","valueRequired":true,"valueName":"search_term_string"}}],"inLanguage":"es"},{"@type":"Organization","@id":"https:\/\/spanienaktuell.net\/wordpress\/#organization","name":"Spanien aktuell","url":"https:\/\/spanienaktuell.net\/wordpress\/","logo":{"@type":"ImageObject","inLanguage":"es","@id":"https:\/\/spanienaktuell.net\/wordpress\/#\/schema\/logo\/image\/","url":"https:\/\/spanienaktuell.net\/wordpress\/wp-content\/uploads\/2019\/06\/cropped-Logo-spanien-aktuell-png-web-e1561631085388.png","contentUrl":"https:\/\/spanienaktuell.net\/wordpress\/wp-content\/uploads\/2019\/06\/cropped-Logo-spanien-aktuell-png-web-e1561631085388.png","width":512,"height":110,"caption":"Spanien aktuell"},"image":{"@id":"https:\/\/spanienaktuell.net\/wordpress\/#\/schema\/logo\/image\/"}},{"@type":"Person","@id":"https:\/\/spanienaktuell.net\/wordpress\/#\/schema\/person\/bc410cfae0161b201d837ebfeeba7fd0","name":"Spanien Aktuell","image":{"@type":"ImageObject","inLanguage":"es","@id":"https:\/\/spanienaktuell.net\/wordpress\/#\/schema\/person\/image\/","url":"https:\/\/spanienaktuell.net\/wordpress\/wp-content\/uploads\/2019\/06\/cropped-Logo-spanien-aktuell-png-fav2-100x100.png","contentUrl":"https:\/\/spanienaktuell.net\/wordpress\/wp-content\/uploads\/2019\/06\/cropped-Logo-spanien-aktuell-png-fav2-100x100.png","caption":"Spanien Aktuell"},"url":"https:\/\/spanienaktuell.net\/wordpress\/author\/koalum\/"}]}},"_links":{"self":[{"href":"https:\/\/spanienaktuell.net\/wordpress\/wp-json\/wp\/v2\/posts\/85416","targetHints":{"allow":["GET"]}}],"collection":[{"href":"https:\/\/spanienaktuell.net\/wordpress\/wp-json\/wp\/v2\/posts"}],"about":[{"href":"https:\/\/spanienaktuell.net\/wordpress\/wp-json\/wp\/v2\/types\/post"}],"author":[{"embeddable":true,"href":"https:\/\/spanienaktuell.net\/wordpress\/wp-json\/wp\/v2\/users\/3"}],"replies":[{"embeddable":true,"href":"https:\/\/spanienaktuell.net\/wordpress\/wp-json\/wp\/v2\/comments?post=85416"}],"version-history":[{"count":1,"href":"https:\/\/spanienaktuell.net\/wordpress\/wp-json\/wp\/v2\/posts\/85416\/revisions"}],"predecessor-version":[{"id":85421,"href":"https:\/\/spanienaktuell.net\/wordpress\/wp-json\/wp\/v2\/posts\/85416\/revisions\/85421"}],"wp:featuredmedia":[{"embeddable":true,"href":"https:\/\/spanienaktuell.net\/wordpress\/wp-json\/wp\/v2\/media\/85417"}],"wp:attachment":[{"href":"https:\/\/spanienaktuell.net\/wordpress\/wp-json\/wp\/v2\/media?parent=85416"}],"wp:term":[{"taxonomy":"category","embeddable":true,"href":"https:\/\/spanienaktuell.net\/wordpress\/wp-json\/wp\/v2\/categories?post=85416"},{"taxonomy":"post_tag","embeddable":true,"href":"https:\/\/spanienaktuell.net\/wordpress\/wp-json\/wp\/v2\/tags?post=85416"}],"curies":[{"name":"wp","href":"https:\/\/api.w.org\/{rel}","templated":true}]}}