{"id":85560,"date":"2019-07-05T11:26:21","date_gmt":"2019-07-05T11:26:21","guid":{"rendered":"http:\/\/spanienaktuell.net\/wordpress\/?p=85560"},"modified":"2019-07-05T11:26:21","modified_gmt":"2019-07-05T11:26:21","slug":"ein-reisebericht-uber-den-paraje-natural-de-los-acantilados-de-maro-cerro-gordo","status":"publish","type":"post","link":"https:\/\/spanienaktuell.net\/wordpress\/ein-reisebericht-uber-den-paraje-natural-de-los-acantilados-de-maro-cerro-gordo\/","title":{"rendered":"Ein Reisebericht \u00fcber den Paraje Natural de los Acantilados de Maro-Cerro Gordo"},"content":{"rendered":"<p>Die Naturlandschaft Acantilados de Maro-Cerro Gordo beginnt da, wo die Sierra de Almijara vom azurblauen Mittelmeer umsp\u00fclt wird. Dieser K\u00fcstenabschnitt wurde von der andalusischen Agentur f\u00fcr Umweltschutz 1989 zum Naturpark erkl\u00e4rt und umfasst eine Fl\u00e4che von 375 Hektar, einschlie\u00dflich einem Kilometer Meeresfl\u00e4che, dass sich fantastisch zum Tauchen und Schnorcheln eignet. Man trifft hier auf eine atemberaubende Tiervielfalt an Land wie im Wasser. Von Schlangen \u00fcber Steinb\u00f6cke sind uns so einige Tiere \u00fcber den Weg gelaufen, gekrochen und geschwommen&#8230;<\/p>\n<p>Unsere Tour f\u00fchrt Sie durch den Paraje Natural de los Acantilados de Maro-Cerro Gordo. Zum Hinterland hin zieht sich die Gemeinde Nerja die Sierra de Almijara hinauf, welche mit der Sierra Tejeda eine Einheit bildet. Durch ein Gel\u00e4nde mit tiefen Schluchten, Felsen und Bergk\u00e4mmen, durchzogen von zahlreichen Wasserl\u00e4ufen, welcher der Landschaft zu einer au\u00dferordentlichen Vielfalt verhelfen. Hier findet man eine Vielzahl von Urbanisationen, die aus terrassierten Feldern mit Gem\u00fcse und subtropischen Fr\u00fcchten bestehen.<\/p>\n<p><b>Wir starten in Nerja und fahren auf der N340 Richtung Almu\u00f1ecar<\/b><\/p>\n<p><b><img decoding=\"async\" class=\"aligncenter size-full wp-image-85579\" src=\"http:\/\/spanienaktuell.net\/wordpress\/wp-content\/uploads\/2019\/07\/Nerja-1.jpg\" alt=\"\" width=\"1440\" height=\"811\" srcset=\"https:\/\/spanienaktuell.net\/wordpress\/wp-content\/uploads\/2019\/07\/Nerja-1.jpg 1440w, https:\/\/spanienaktuell.net\/wordpress\/wp-content\/uploads\/2019\/07\/Nerja-1-300x169.jpg 300w, https:\/\/spanienaktuell.net\/wordpress\/wp-content\/uploads\/2019\/07\/Nerja-1-768x432.jpg 768w, https:\/\/spanienaktuell.net\/wordpress\/wp-content\/uploads\/2019\/07\/Nerja-1-1024x576.jpg 1024w, https:\/\/spanienaktuell.net\/wordpress\/wp-content\/uploads\/2019\/07\/Nerja-1-320x180.jpg 320w, https:\/\/spanienaktuell.net\/wordpress\/wp-content\/uploads\/2019\/07\/Nerja-1-640x360.jpg 640w, https:\/\/spanienaktuell.net\/wordpress\/wp-content\/uploads\/2019\/07\/Nerja-1-360x203.jpg 360w, https:\/\/spanienaktuell.net\/wordpress\/wp-content\/uploads\/2019\/07\/Nerja-1-720x405.jpg 720w, https:\/\/spanienaktuell.net\/wordpress\/wp-content\/uploads\/2019\/07\/Nerja-1-1080x608.jpg 1080w, https:\/\/spanienaktuell.net\/wordpress\/wp-content\/uploads\/2019\/07\/Nerja-1-800x450.jpg 800w, https:\/\/spanienaktuell.net\/wordpress\/wp-content\/uploads\/2019\/07\/Nerja-1-1280x721.jpg 1280w, https:\/\/spanienaktuell.net\/wordpress\/wp-content\/uploads\/2019\/07\/Nerja-1-600x338.jpg 600w\" sizes=\"(max-width: 1440px) 100vw, 1440px\" \/><\/b><\/p>\n<p><b><img decoding=\"async\" class=\"aligncenter size-full wp-image-85580\" src=\"http:\/\/spanienaktuell.net\/wordpress\/wp-content\/uploads\/2019\/07\/Nerja-2.jpg\" alt=\"\" width=\"608\" height=\"1080\" srcset=\"https:\/\/spanienaktuell.net\/wordpress\/wp-content\/uploads\/2019\/07\/Nerja-2.jpg 608w, https:\/\/spanienaktuell.net\/wordpress\/wp-content\/uploads\/2019\/07\/Nerja-2-169x300.jpg 169w, https:\/\/spanienaktuell.net\/wordpress\/wp-content\/uploads\/2019\/07\/Nerja-2-768x1364.jpg 768w, https:\/\/spanienaktuell.net\/wordpress\/wp-content\/uploads\/2019\/07\/Nerja-2-576x1024.jpg 576w, https:\/\/spanienaktuell.net\/wordpress\/wp-content\/uploads\/2019\/07\/Nerja-2-320x568.jpg 320w, https:\/\/spanienaktuell.net\/wordpress\/wp-content\/uploads\/2019\/07\/Nerja-2-640x1137.jpg 640w, https:\/\/spanienaktuell.net\/wordpress\/wp-content\/uploads\/2019\/07\/Nerja-2-360x639.jpg 360w, https:\/\/spanienaktuell.net\/wordpress\/wp-content\/uploads\/2019\/07\/Nerja-2-720x1279.jpg 720w, https:\/\/spanienaktuell.net\/wordpress\/wp-content\/uploads\/2019\/07\/Nerja-2-1080x1918.jpg 1080w, https:\/\/spanienaktuell.net\/wordpress\/wp-content\/uploads\/2019\/07\/Nerja-2-800x1421.jpg 800w, https:\/\/spanienaktuell.net\/wordpress\/wp-content\/uploads\/2019\/07\/Nerja-2-1024x1819.jpg 1024w, https:\/\/spanienaktuell.net\/wordpress\/wp-content\/uploads\/2019\/07\/Nerja-2-1280x2274.jpg 1280w, https:\/\/spanienaktuell.net\/wordpress\/wp-content\/uploads\/2019\/07\/Nerja-2-600x1066.jpg 600w\" sizes=\"(max-width: 608px) 100vw, 608px\" \/><\/b><\/p>\n<p><b>Route ca. 23,2 km \u2013 ca. 39 Minuten<\/b><\/p>\n<p><b>Maro<\/b><\/p>\n<p><img decoding=\"async\" class=\"aligncenter size-full wp-image-85576\" src=\"http:\/\/spanienaktuell.net\/wordpress\/wp-content\/uploads\/2019\/07\/Maro-1.jpg\" alt=\"\" width=\"4320\" height=\"2432\" srcset=\"https:\/\/spanienaktuell.net\/wordpress\/wp-content\/uploads\/2019\/07\/Maro-1.jpg 4320w, https:\/\/spanienaktuell.net\/wordpress\/wp-content\/uploads\/2019\/07\/Maro-1-300x169.jpg 300w, https:\/\/spanienaktuell.net\/wordpress\/wp-content\/uploads\/2019\/07\/Maro-1-768x432.jpg 768w, https:\/\/spanienaktuell.net\/wordpress\/wp-content\/uploads\/2019\/07\/Maro-1-1024x576.jpg 1024w, https:\/\/spanienaktuell.net\/wordpress\/wp-content\/uploads\/2019\/07\/Maro-1-320x180.jpg 320w, https:\/\/spanienaktuell.net\/wordpress\/wp-content\/uploads\/2019\/07\/Maro-1-640x360.jpg 640w, https:\/\/spanienaktuell.net\/wordpress\/wp-content\/uploads\/2019\/07\/Maro-1-360x203.jpg 360w, https:\/\/spanienaktuell.net\/wordpress\/wp-content\/uploads\/2019\/07\/Maro-1-720x405.jpg 720w, https:\/\/spanienaktuell.net\/wordpress\/wp-content\/uploads\/2019\/07\/Maro-1-1080x608.jpg 1080w, https:\/\/spanienaktuell.net\/wordpress\/wp-content\/uploads\/2019\/07\/Maro-1-800x450.jpg 800w, https:\/\/spanienaktuell.net\/wordpress\/wp-content\/uploads\/2019\/07\/Maro-1-1280x721.jpg 1280w, https:\/\/spanienaktuell.net\/wordpress\/wp-content\/uploads\/2019\/07\/Maro-1-600x338.jpg 600w\" sizes=\"(max-width: 4320px) 100vw, 4320px\" \/><\/p>\n<p>Maro liegt ca. 4 &#8211; 5 km \u00f6stlich von Nerja und geh\u00f6rt zu dem bekannten K\u00fcstenort, der nahezu fest in englischer Hand ist. Eigentlich m\u00fcsste der kleine Stadtteil Maro viel, viel bekannter sein, da hier die auch \u00fcber die spanischen Grenzen hinaus bekannten H\u00f6hlen von Nerja liegen. Aber die H\u00f6hlen hei\u00dfen eben nicht \u201eH\u00f6hlen von Maro\u00bb sondern \u201eH\u00f6hlen von Nerja\u00bb.<\/p>\n<p>Wer es aber im Gegensatz zu Nerja ruhig und beschaulich haben m\u00f6chte, ist in Maro sehr gut aufgehoben. Dieses kleine D\u00f6rfchen liegt umgeben von Feldern auf einem kleinen H\u00fcgel \u00fcber dem Meer, von dem sich ein asphaltierter Weg zum einzigen, recht kleinen, aber sehr sch\u00f6nen\u00a0 Strandabschnitt hinunterschl\u00e4ngelt. Auch wenn man es dem verschlafenen Ort nicht ansieht, Maro ist eine der \u00e4ltesten Siedlungen an der Costa del Sol, deren Geschichte bis zu den R\u00f6mern zur\u00fcckreicht.<\/p>\n<p><b>Nuestra Se\u00f1ora de las Maravillas in Maro<\/b><\/p>\n<p><img decoding=\"async\" class=\"aligncenter size-full wp-image-85577\" src=\"http:\/\/spanienaktuell.net\/wordpress\/wp-content\/uploads\/2019\/07\/Maro-2.jpg\" alt=\"\" width=\"4320\" height=\"2432\" srcset=\"https:\/\/spanienaktuell.net\/wordpress\/wp-content\/uploads\/2019\/07\/Maro-2.jpg 4320w, https:\/\/spanienaktuell.net\/wordpress\/wp-content\/uploads\/2019\/07\/Maro-2-300x169.jpg 300w, https:\/\/spanienaktuell.net\/wordpress\/wp-content\/uploads\/2019\/07\/Maro-2-768x432.jpg 768w, https:\/\/spanienaktuell.net\/wordpress\/wp-content\/uploads\/2019\/07\/Maro-2-1024x576.jpg 1024w, https:\/\/spanienaktuell.net\/wordpress\/wp-content\/uploads\/2019\/07\/Maro-2-320x180.jpg 320w, https:\/\/spanienaktuell.net\/wordpress\/wp-content\/uploads\/2019\/07\/Maro-2-640x360.jpg 640w, https:\/\/spanienaktuell.net\/wordpress\/wp-content\/uploads\/2019\/07\/Maro-2-360x203.jpg 360w, https:\/\/spanienaktuell.net\/wordpress\/wp-content\/uploads\/2019\/07\/Maro-2-720x405.jpg 720w, https:\/\/spanienaktuell.net\/wordpress\/wp-content\/uploads\/2019\/07\/Maro-2-1080x608.jpg 1080w, https:\/\/spanienaktuell.net\/wordpress\/wp-content\/uploads\/2019\/07\/Maro-2-800x450.jpg 800w, https:\/\/spanienaktuell.net\/wordpress\/wp-content\/uploads\/2019\/07\/Maro-2-1280x721.jpg 1280w, https:\/\/spanienaktuell.net\/wordpress\/wp-content\/uploads\/2019\/07\/Maro-2-600x338.jpg 600w\" sizes=\"(max-width: 4320px) 100vw, 4320px\" \/><\/p>\n<p>Die Kirche Nuestra Se\u00f1ora de las Maravillas in Maro wurde im 17. Jahrhundert erbaut, danach aber noch einmal erweitert. Die Kirche wurde zu Ehren der Schutzpatronin Nuestra Se\u00f1ora de las Maravillas erbaut. Innen riecht es etwas modrig, aber das ist in den meisten Kirchen so, die in Meeresn\u00e4he stehen. Die Kirche besteht aus einem Schiff mit Dachst\u00fchlen, die mit Holz verkleidet sind.<\/p>\n<p><img decoding=\"async\" class=\"aligncenter size-full wp-image-85578\" src=\"http:\/\/spanienaktuell.net\/wordpress\/wp-content\/uploads\/2019\/07\/Maro-3.jpg\" alt=\"\" width=\"2432\" height=\"4320\" srcset=\"https:\/\/spanienaktuell.net\/wordpress\/wp-content\/uploads\/2019\/07\/Maro-3.jpg 2432w, https:\/\/spanienaktuell.net\/wordpress\/wp-content\/uploads\/2019\/07\/Maro-3-169x300.jpg 169w, https:\/\/spanienaktuell.net\/wordpress\/wp-content\/uploads\/2019\/07\/Maro-3-768x1364.jpg 768w, https:\/\/spanienaktuell.net\/wordpress\/wp-content\/uploads\/2019\/07\/Maro-3-576x1024.jpg 576w, https:\/\/spanienaktuell.net\/wordpress\/wp-content\/uploads\/2019\/07\/Maro-3-320x568.jpg 320w, https:\/\/spanienaktuell.net\/wordpress\/wp-content\/uploads\/2019\/07\/Maro-3-640x1137.jpg 640w, https:\/\/spanienaktuell.net\/wordpress\/wp-content\/uploads\/2019\/07\/Maro-3-360x639.jpg 360w, https:\/\/spanienaktuell.net\/wordpress\/wp-content\/uploads\/2019\/07\/Maro-3-720x1279.jpg 720w, https:\/\/spanienaktuell.net\/wordpress\/wp-content\/uploads\/2019\/07\/Maro-3-1080x1918.jpg 1080w, https:\/\/spanienaktuell.net\/wordpress\/wp-content\/uploads\/2019\/07\/Maro-3-800x1421.jpg 800w, https:\/\/spanienaktuell.net\/wordpress\/wp-content\/uploads\/2019\/07\/Maro-3-1024x1819.jpg 1024w, https:\/\/spanienaktuell.net\/wordpress\/wp-content\/uploads\/2019\/07\/Maro-3-1280x2274.jpg 1280w, https:\/\/spanienaktuell.net\/wordpress\/wp-content\/uploads\/2019\/07\/Maro-3-600x1066.jpg 600w\" sizes=\"(max-width: 2432px) 100vw, 2432px\" \/><\/p>\n<p>Die Fassade ist einfach gehalten aber mit einem sch\u00f6nen Bild von La Virgen verziert. Im September wird ein gro\u00dfes Fest zu Ehren der Virgen de las Maravillas gefeiert.<\/p>\n<p><b>Str\u00e4nde<\/b><\/p>\n<p>Vorbei an Melonen und Zucchini Felder, erreichen Sie nach 15 Minuten Fu\u00dfweg den kleinen, aber sehr sch\u00f6nen Strandabschnitt von Maro. Von hier aus k\u00f6nnen Sie auch den Wasserfall mit einem Kajak etc. erreichen. Im Hochsommer wird es sehr hei\u00df, daher ist es empfehlenswert einen Sonnenschirm mitzunehmen. Der Strand und K\u00fcstenstreifen geh\u00f6rt zu einer der besten Tauchregionen an der Costa del Sol. Bei gutem Wind schlagen hier die Surfer Herzen h\u00f6her. Rauf aufs Brett und ab in die Wellen.<\/p>\n<p><b>Playa de Maro \/ Playa de Caleta<\/b><\/p>\n<p>Zun\u00e4chst muss man von der N340a hinter Maro zur K\u00fcste abbiegen, vorbei an einer alten Ruine. Kurz danach geht es rechts ab zum ersten Strand, dem Playa de la Caleta. Man kann mit dem Fahrzeug bis zu einem sehr kleinen Parkplatz fahren und muss danach einen schmalen Pfad zum Strand folgen. Besser erreichbar ist die zweite Bucht mit der Playa de Maro. Man biegt nach der Ruine einfach nicht rechts ab, sondern folgt dem Weg, bis es nicht mehr geht. Hier k\u00f6nnen mehr Autos parken, was aber auch gerne von \u201eParkeinweisern\u201c ausgenutzt wird. Daf\u00fcr ist diese Bucht gut erreichbar und wundersch\u00f6n. Dort befindet sich zudem ein Chiringuito, welches allerdings nicht das ganze Jahr ge\u00f6ffnet ist. <b>Playa de Caleta<\/b><\/p>\n<p>Der sch\u00f6ne Strand Playa de la Caleta wird als Geheimtipp gehandelt, da er sehr schwer zu finden ist und nicht \u00fcberf\u00fcllt ist an den Wochenenden. Nur ein paar Taucher und G\u00e4ste, die in dem kleinen Maro \u00fcbernachten, und ein paar wenigen Insider mischen sich unter die spanischen Sonnenhungrigen.<\/p>\n<p><b>Playa Molino de Papel<\/b><\/p>\n<p><img decoding=\"async\" class=\"aligncenter size-full wp-image-85585\" src=\"http:\/\/spanienaktuell.net\/wordpress\/wp-content\/uploads\/2019\/07\/Playa-Molino-Papel.jpg\" alt=\"\" width=\"1440\" height=\"811\" srcset=\"https:\/\/spanienaktuell.net\/wordpress\/wp-content\/uploads\/2019\/07\/Playa-Molino-Papel.jpg 1440w, https:\/\/spanienaktuell.net\/wordpress\/wp-content\/uploads\/2019\/07\/Playa-Molino-Papel-300x169.jpg 300w, https:\/\/spanienaktuell.net\/wordpress\/wp-content\/uploads\/2019\/07\/Playa-Molino-Papel-768x432.jpg 768w, https:\/\/spanienaktuell.net\/wordpress\/wp-content\/uploads\/2019\/07\/Playa-Molino-Papel-1024x576.jpg 1024w, https:\/\/spanienaktuell.net\/wordpress\/wp-content\/uploads\/2019\/07\/Playa-Molino-Papel-320x180.jpg 320w, https:\/\/spanienaktuell.net\/wordpress\/wp-content\/uploads\/2019\/07\/Playa-Molino-Papel-640x360.jpg 640w, https:\/\/spanienaktuell.net\/wordpress\/wp-content\/uploads\/2019\/07\/Playa-Molino-Papel-360x203.jpg 360w, https:\/\/spanienaktuell.net\/wordpress\/wp-content\/uploads\/2019\/07\/Playa-Molino-Papel-720x405.jpg 720w, https:\/\/spanienaktuell.net\/wordpress\/wp-content\/uploads\/2019\/07\/Playa-Molino-Papel-1080x608.jpg 1080w, https:\/\/spanienaktuell.net\/wordpress\/wp-content\/uploads\/2019\/07\/Playa-Molino-Papel-800x450.jpg 800w, https:\/\/spanienaktuell.net\/wordpress\/wp-content\/uploads\/2019\/07\/Playa-Molino-Papel-1280x721.jpg 1280w, https:\/\/spanienaktuell.net\/wordpress\/wp-content\/uploads\/2019\/07\/Playa-Molino-Papel-600x338.jpg 600w\" sizes=\"(max-width: 1440px) 100vw, 1440px\" \/><\/p>\n<p>Zur\u00fcck auf der K\u00fcstentrasse N340 weiter in Richtung La Herradura. Im weiteren Verlauf fahren Sie einige Serpentinen an der K\u00fcste hinab. Kurz bevor man unten ankommt, befindet sich am Ende der Leitplanke eine schlecht befahrbare Einfahrt, auf der man die Playa del Molino de Papel erreicht.<\/p>\n<p><img decoding=\"async\" class=\"aligncenter size-full wp-image-85584\" src=\"http:\/\/spanienaktuell.net\/wordpress\/wp-content\/uploads\/2019\/07\/Playa-Molino-de-Papel.jpg\" alt=\"\" width=\"4320\" height=\"2432\" srcset=\"https:\/\/spanienaktuell.net\/wordpress\/wp-content\/uploads\/2019\/07\/Playa-Molino-de-Papel.jpg 4320w, https:\/\/spanienaktuell.net\/wordpress\/wp-content\/uploads\/2019\/07\/Playa-Molino-de-Papel-300x169.jpg 300w, https:\/\/spanienaktuell.net\/wordpress\/wp-content\/uploads\/2019\/07\/Playa-Molino-de-Papel-768x432.jpg 768w, https:\/\/spanienaktuell.net\/wordpress\/wp-content\/uploads\/2019\/07\/Playa-Molino-de-Papel-1024x576.jpg 1024w, https:\/\/spanienaktuell.net\/wordpress\/wp-content\/uploads\/2019\/07\/Playa-Molino-de-Papel-320x180.jpg 320w, https:\/\/spanienaktuell.net\/wordpress\/wp-content\/uploads\/2019\/07\/Playa-Molino-de-Papel-640x360.jpg 640w, https:\/\/spanienaktuell.net\/wordpress\/wp-content\/uploads\/2019\/07\/Playa-Molino-de-Papel-360x203.jpg 360w, https:\/\/spanienaktuell.net\/wordpress\/wp-content\/uploads\/2019\/07\/Playa-Molino-de-Papel-720x405.jpg 720w, https:\/\/spanienaktuell.net\/wordpress\/wp-content\/uploads\/2019\/07\/Playa-Molino-de-Papel-1080x608.jpg 1080w, https:\/\/spanienaktuell.net\/wordpress\/wp-content\/uploads\/2019\/07\/Playa-Molino-de-Papel-800x450.jpg 800w, https:\/\/spanienaktuell.net\/wordpress\/wp-content\/uploads\/2019\/07\/Playa-Molino-de-Papel-1280x721.jpg 1280w, https:\/\/spanienaktuell.net\/wordpress\/wp-content\/uploads\/2019\/07\/Playa-Molino-de-Papel-600x338.jpg 600w\" sizes=\"(max-width: 4320px) 100vw, 4320px\" \/><\/p>\n<p>Allerdings darf man nicht bis hinunter fahren, muss also das letzte St\u00fcck laufen. Unten befindet sich ein sehr sch\u00f6ner Kieselstrand. Um ins Wasser zu gehen, sind daher Badeschuhe angesagt. Daf\u00fcr ist das Wasser immer glasklar, da kein Sand aufgewirbelt werden kann. \u00dcberhaupt sind s\u00e4mtliche Buchten hinter Nerja f\u00fcr Schnorchler geeignet, da sie immer von pittoresken Felsen eingerahmt sind. Ein Besuch dieses K\u00fcstenabschnittes der Axarqu\u00eda lohnt sich unbedingt.<\/p>\n<p>Die Playa Molino de Papel eignet sich hervorragend zum Surfen bei dem richtigen Wind und Wellengang.<\/p>\n<p><b>Papierfabrik<\/b><\/p>\n<p><img decoding=\"async\" class=\"aligncenter size-full wp-image-85582\" src=\"http:\/\/spanienaktuell.net\/wordpress\/wp-content\/uploads\/2019\/07\/Papierfabrik1.jpg\" alt=\"\" width=\"4320\" height=\"2432\" srcset=\"https:\/\/spanienaktuell.net\/wordpress\/wp-content\/uploads\/2019\/07\/Papierfabrik1.jpg 4320w, https:\/\/spanienaktuell.net\/wordpress\/wp-content\/uploads\/2019\/07\/Papierfabrik1-300x169.jpg 300w, https:\/\/spanienaktuell.net\/wordpress\/wp-content\/uploads\/2019\/07\/Papierfabrik1-768x432.jpg 768w, https:\/\/spanienaktuell.net\/wordpress\/wp-content\/uploads\/2019\/07\/Papierfabrik1-1024x576.jpg 1024w, https:\/\/spanienaktuell.net\/wordpress\/wp-content\/uploads\/2019\/07\/Papierfabrik1-320x180.jpg 320w, https:\/\/spanienaktuell.net\/wordpress\/wp-content\/uploads\/2019\/07\/Papierfabrik1-640x360.jpg 640w, https:\/\/spanienaktuell.net\/wordpress\/wp-content\/uploads\/2019\/07\/Papierfabrik1-360x203.jpg 360w, https:\/\/spanienaktuell.net\/wordpress\/wp-content\/uploads\/2019\/07\/Papierfabrik1-720x405.jpg 720w, https:\/\/spanienaktuell.net\/wordpress\/wp-content\/uploads\/2019\/07\/Papierfabrik1-1080x608.jpg 1080w, https:\/\/spanienaktuell.net\/wordpress\/wp-content\/uploads\/2019\/07\/Papierfabrik1-800x450.jpg 800w, https:\/\/spanienaktuell.net\/wordpress\/wp-content\/uploads\/2019\/07\/Papierfabrik1-1280x721.jpg 1280w, https:\/\/spanienaktuell.net\/wordpress\/wp-content\/uploads\/2019\/07\/Papierfabrik1-600x338.jpg 600w\" sizes=\"(max-width: 4320px) 100vw, 4320px\" \/><\/p>\n<p>Das 18. Jahrhundert bedeutete f\u00fcr Maro eine Epoche von gro\u00dfer wirtschaftlicher Kraft. Der alte Ortskern der Detunda Romana war ideal zur Nutzung der Fl\u00fcsse, Quellen und B\u00e4che f\u00fcr industrielle Zwecke. Nahe der M\u00fcndung des Flusses \u201eRio de la Miel\u00bb an der Steilk\u00fcste von Maro bei einer alten Stra\u00dfe entstand das Geb\u00e4ude der Papierm\u00fchle im Jahre 1779. Manuel Centuri\u00f3n Guerrero de Torres, ein Mann aus Nerja aber von italienischen H\u00e4ndlern abstammend und seines Zeichens General Governeur von la Guayana (1766-1776) erhielt unter der Herrschaft des K\u00f6nigs Carlos des III., die Genehmigung zum Bau einer Papierfabrik oder einer B\u00f6ttcherei auf seinem Land.<\/p>\n<p><img decoding=\"async\" class=\"aligncenter size-full wp-image-85581\" src=\"http:\/\/spanienaktuell.net\/wordpress\/wp-content\/uploads\/2019\/07\/Papierfabrik-2.jpg\" alt=\"\" width=\"4320\" height=\"2432\" srcset=\"https:\/\/spanienaktuell.net\/wordpress\/wp-content\/uploads\/2019\/07\/Papierfabrik-2.jpg 4320w, https:\/\/spanienaktuell.net\/wordpress\/wp-content\/uploads\/2019\/07\/Papierfabrik-2-300x169.jpg 300w, https:\/\/spanienaktuell.net\/wordpress\/wp-content\/uploads\/2019\/07\/Papierfabrik-2-768x432.jpg 768w, https:\/\/spanienaktuell.net\/wordpress\/wp-content\/uploads\/2019\/07\/Papierfabrik-2-1024x576.jpg 1024w, https:\/\/spanienaktuell.net\/wordpress\/wp-content\/uploads\/2019\/07\/Papierfabrik-2-320x180.jpg 320w, https:\/\/spanienaktuell.net\/wordpress\/wp-content\/uploads\/2019\/07\/Papierfabrik-2-640x360.jpg 640w, https:\/\/spanienaktuell.net\/wordpress\/wp-content\/uploads\/2019\/07\/Papierfabrik-2-360x203.jpg 360w, https:\/\/spanienaktuell.net\/wordpress\/wp-content\/uploads\/2019\/07\/Papierfabrik-2-720x405.jpg 720w, https:\/\/spanienaktuell.net\/wordpress\/wp-content\/uploads\/2019\/07\/Papierfabrik-2-1080x608.jpg 1080w, https:\/\/spanienaktuell.net\/wordpress\/wp-content\/uploads\/2019\/07\/Papierfabrik-2-800x450.jpg 800w, https:\/\/spanienaktuell.net\/wordpress\/wp-content\/uploads\/2019\/07\/Papierfabrik-2-1280x721.jpg 1280w, https:\/\/spanienaktuell.net\/wordpress\/wp-content\/uploads\/2019\/07\/Papierfabrik-2-600x338.jpg 600w\" sizes=\"(max-width: 4320px) 100vw, 4320px\" \/><\/p>\n<p>Die Fabrik wurde mit drei R\u00e4dern und zwei Bottichen erbaut. Aus dem Jahre 1800 gibt es Dokumente die belegen, dass zu dieser Zeit bereits die M\u00fchle in Betrieb war. Geerbt vom Sohn durchlief der Betrieb verschieden Perioden bis Anfang des 20. Jahrhunderts aus Gr\u00fcnden schwerer finanzieller Verschuldungen, die Beschlagnahme des Betriebes durch Banken stattfand und schlie\u00dflich dem Monopol der Larios zufiel.<\/p>\n<p><b>Calas del Pino<\/b><\/p>\n<p><img decoding=\"async\" class=\"aligncenter size-full wp-image-85564\" src=\"http:\/\/spanienaktuell.net\/wordpress\/wp-content\/uploads\/2019\/07\/Calas-del-Pino.jpg\" alt=\"\" width=\"4320\" height=\"2432\" srcset=\"https:\/\/spanienaktuell.net\/wordpress\/wp-content\/uploads\/2019\/07\/Calas-del-Pino.jpg 4320w, https:\/\/spanienaktuell.net\/wordpress\/wp-content\/uploads\/2019\/07\/Calas-del-Pino-300x169.jpg 300w, https:\/\/spanienaktuell.net\/wordpress\/wp-content\/uploads\/2019\/07\/Calas-del-Pino-768x432.jpg 768w, https:\/\/spanienaktuell.net\/wordpress\/wp-content\/uploads\/2019\/07\/Calas-del-Pino-1024x576.jpg 1024w, https:\/\/spanienaktuell.net\/wordpress\/wp-content\/uploads\/2019\/07\/Calas-del-Pino-320x180.jpg 320w, https:\/\/spanienaktuell.net\/wordpress\/wp-content\/uploads\/2019\/07\/Calas-del-Pino-640x360.jpg 640w, https:\/\/spanienaktuell.net\/wordpress\/wp-content\/uploads\/2019\/07\/Calas-del-Pino-360x203.jpg 360w, https:\/\/spanienaktuell.net\/wordpress\/wp-content\/uploads\/2019\/07\/Calas-del-Pino-720x405.jpg 720w, https:\/\/spanienaktuell.net\/wordpress\/wp-content\/uploads\/2019\/07\/Calas-del-Pino-1080x608.jpg 1080w, https:\/\/spanienaktuell.net\/wordpress\/wp-content\/uploads\/2019\/07\/Calas-del-Pino-800x450.jpg 800w, https:\/\/spanienaktuell.net\/wordpress\/wp-content\/uploads\/2019\/07\/Calas-del-Pino-1280x721.jpg 1280w, https:\/\/spanienaktuell.net\/wordpress\/wp-content\/uploads\/2019\/07\/Calas-del-Pino-600x338.jpg 600w\" sizes=\"(max-width: 4320px) 100vw, 4320px\" \/><\/p>\n<p>Calas del Pino ist die n\u00e4chste Bucht hinter der Playa de Molino de Papel. Die Str\u00e4nde sind miteinander verbunden und Zufluss gut zu erreichen. Die Calas del Pino geh\u00f6rt zur gesch\u00fctzten Naturlandschaft der Steilk\u00fcste von Maro-Cerro Gordo und ist noch v\u00f6llig unber\u00fchrt. Der Strand besteht aus grobk\u00f6rnigem Sand mit runden Kieseln, und der Wellengang ist gem\u00e4\u00dfigt. Er ist 350 Meter lang. Die Naturlandschaft dieser Gegend ist eine kleine Anstrengung wert, um diesen Strand zu genie\u00dfen.<\/p>\n<p><b>Playa de las Alberquillas\u00a0<\/b><\/p>\n<p>Playa de las Alberquillas liegt hinter der n\u00e4chsten Stra\u00dfenbiegungen in Richtung la Herradura. Da man von der alten K\u00fcstenstra\u00dfe den relativ steilen Weg hinunterlaufen muss, ist es an diesem Naturstrand auch meist recht leer. Selbst in der Hauptsaison ist es hier noch recht angenehm zu baden. Den Strand erkennen Sie an der am Abhang liegenden Ruine des alten Kiosko.<\/p>\n<p><b>Cala del Canuelo<\/b><\/p>\n<p><img decoding=\"async\" class=\"aligncenter size-full wp-image-85563\" src=\"http:\/\/spanienaktuell.net\/wordpress\/wp-content\/uploads\/2019\/07\/Cala-del-Canuelo.jpg\" alt=\"\" width=\"1440\" height=\"811\" srcset=\"https:\/\/spanienaktuell.net\/wordpress\/wp-content\/uploads\/2019\/07\/Cala-del-Canuelo.jpg 1440w, https:\/\/spanienaktuell.net\/wordpress\/wp-content\/uploads\/2019\/07\/Cala-del-Canuelo-300x169.jpg 300w, https:\/\/spanienaktuell.net\/wordpress\/wp-content\/uploads\/2019\/07\/Cala-del-Canuelo-768x432.jpg 768w, https:\/\/spanienaktuell.net\/wordpress\/wp-content\/uploads\/2019\/07\/Cala-del-Canuelo-1024x576.jpg 1024w, https:\/\/spanienaktuell.net\/wordpress\/wp-content\/uploads\/2019\/07\/Cala-del-Canuelo-320x180.jpg 320w, https:\/\/spanienaktuell.net\/wordpress\/wp-content\/uploads\/2019\/07\/Cala-del-Canuelo-640x360.jpg 640w, https:\/\/spanienaktuell.net\/wordpress\/wp-content\/uploads\/2019\/07\/Cala-del-Canuelo-360x203.jpg 360w, https:\/\/spanienaktuell.net\/wordpress\/wp-content\/uploads\/2019\/07\/Cala-del-Canuelo-720x405.jpg 720w, https:\/\/spanienaktuell.net\/wordpress\/wp-content\/uploads\/2019\/07\/Cala-del-Canuelo-1080x608.jpg 1080w, https:\/\/spanienaktuell.net\/wordpress\/wp-content\/uploads\/2019\/07\/Cala-del-Canuelo-800x450.jpg 800w, https:\/\/spanienaktuell.net\/wordpress\/wp-content\/uploads\/2019\/07\/Cala-del-Canuelo-1280x721.jpg 1280w, https:\/\/spanienaktuell.net\/wordpress\/wp-content\/uploads\/2019\/07\/Cala-del-Canuelo-600x338.jpg 600w\" sizes=\"(max-width: 1440px) 100vw, 1440px\" \/><\/p>\n<p>Circa 1,5 Kilometer weiter auf der N340 bis zum Kreisverkehr. Auf der rechten Seite sehen sie ein Hinweisschild zum Strand. Dieser Strand liegt in einer gebirgigen Umgebung, was ihm ein paradiesisches Aussehen verleiht. Die dicht am Ufer gelegenen Felsen machen den Strand zu einem idealen Ort f\u00fcr Schnorchel-Freunde. An diesem Strand liegen oft Schiffe vor Anker. Besonders empfehlenswert f\u00fcr Tauchfreunde, ist die links am Ende des Hauptstrandes gelegene kleine Felsenbucht die hinter einem Felsvorsprung gelegen ist.<\/p>\n<p>In den spanischen Sommerferien gibt es einen geb\u00fchrenpflichtigen Shuttleservice ca. 1 \u20ac pro Fahrt von der Nationalstra\u00dfe zum Strand. Au\u00dferhalb der Ferien ist die Einfahrt verboten und der Strand ist nur zu Fu\u00df zu erreichen ca. 1 km. Verhungern muss hier keiner. Sie finden 2 Chiringuitos.<\/p>\n<p><b>Playa naturista\u00a0 de Cantarrijan Costa Tropical<\/b><\/p>\n<p><img decoding=\"async\" class=\"aligncenter size-full wp-image-85566\" src=\"http:\/\/spanienaktuell.net\/wordpress\/wp-content\/uploads\/2019\/07\/Cantarrijan-3.jpg\" alt=\"\" width=\"6000\" height=\"4000\" srcset=\"https:\/\/spanienaktuell.net\/wordpress\/wp-content\/uploads\/2019\/07\/Cantarrijan-3.jpg 6000w, https:\/\/spanienaktuell.net\/wordpress\/wp-content\/uploads\/2019\/07\/Cantarrijan-3-300x200.jpg 300w, https:\/\/spanienaktuell.net\/wordpress\/wp-content\/uploads\/2019\/07\/Cantarrijan-3-768x512.jpg 768w, https:\/\/spanienaktuell.net\/wordpress\/wp-content\/uploads\/2019\/07\/Cantarrijan-3-1024x683.jpg 1024w, https:\/\/spanienaktuell.net\/wordpress\/wp-content\/uploads\/2019\/07\/Cantarrijan-3-320x213.jpg 320w, https:\/\/spanienaktuell.net\/wordpress\/wp-content\/uploads\/2019\/07\/Cantarrijan-3-640x427.jpg 640w, https:\/\/spanienaktuell.net\/wordpress\/wp-content\/uploads\/2019\/07\/Cantarrijan-3-360x240.jpg 360w, https:\/\/spanienaktuell.net\/wordpress\/wp-content\/uploads\/2019\/07\/Cantarrijan-3-720x480.jpg 720w, https:\/\/spanienaktuell.net\/wordpress\/wp-content\/uploads\/2019\/07\/Cantarrijan-3-1080x720.jpg 1080w, https:\/\/spanienaktuell.net\/wordpress\/wp-content\/uploads\/2019\/07\/Cantarrijan-3-800x533.jpg 800w, https:\/\/spanienaktuell.net\/wordpress\/wp-content\/uploads\/2019\/07\/Cantarrijan-3-1280x853.jpg 1280w, https:\/\/spanienaktuell.net\/wordpress\/wp-content\/uploads\/2019\/07\/Cantarrijan-3-600x400.jpg 600w\" sizes=\"(max-width: 6000px) 100vw, 6000px\" \/><\/p>\n<p>Sie verlassen nun Malaga und befinden sich in der Region Granada, worauf der Grenzstein auf der Br\u00fccke hinweist. 500m hinter dem rechts gelegenen geschlossenem Restaurant befinden sich die Zufahrt und die Parkpl\u00e4tze des Strandes.<\/p>\n<p>Auch hier gibt es in den spanischen Sommerferien einen geb\u00fchrenpflichtigen Shuttleservice. Die Zufahrt direkt zum Strand im eigenen Fahrzeug ist dann erst wieder in den Abendstunden erlaubt um z.B. das Restaurante <b>\u201eLa Barraca\u201c <\/b>zu besuchen.<\/p>\n<p>Cantarrijan, an den K\u00fcstenfelsen des Cerro Gordo gelegen ist seit 1996 als Nudisten-Strand anerkannt, obwohl er seinen Boom schon in den 70ern hatte. Er ist derjenige der drei FKK-Str\u00e4nde der K\u00fcste von Granada, der am meisten Service bietet: t\u00e4gliche Reinigung, zwei Chiringuito-Restaurants, Parkpl\u00e4tze, Duschen, Liegen und sogar Massagen mitten am Strand.<\/p>\n<p><img decoding=\"async\" class=\"aligncenter size-full wp-image-85565\" src=\"http:\/\/spanienaktuell.net\/wordpress\/wp-content\/uploads\/2019\/07\/Cantarrijan-2.jpg\" alt=\"\" width=\"1440\" height=\"960\" srcset=\"https:\/\/spanienaktuell.net\/wordpress\/wp-content\/uploads\/2019\/07\/Cantarrijan-2.jpg 1440w, https:\/\/spanienaktuell.net\/wordpress\/wp-content\/uploads\/2019\/07\/Cantarrijan-2-300x200.jpg 300w, https:\/\/spanienaktuell.net\/wordpress\/wp-content\/uploads\/2019\/07\/Cantarrijan-2-768x512.jpg 768w, https:\/\/spanienaktuell.net\/wordpress\/wp-content\/uploads\/2019\/07\/Cantarrijan-2-1024x683.jpg 1024w, https:\/\/spanienaktuell.net\/wordpress\/wp-content\/uploads\/2019\/07\/Cantarrijan-2-320x213.jpg 320w, https:\/\/spanienaktuell.net\/wordpress\/wp-content\/uploads\/2019\/07\/Cantarrijan-2-640x427.jpg 640w, https:\/\/spanienaktuell.net\/wordpress\/wp-content\/uploads\/2019\/07\/Cantarrijan-2-360x240.jpg 360w, https:\/\/spanienaktuell.net\/wordpress\/wp-content\/uploads\/2019\/07\/Cantarrijan-2-720x480.jpg 720w, https:\/\/spanienaktuell.net\/wordpress\/wp-content\/uploads\/2019\/07\/Cantarrijan-2-1080x720.jpg 1080w, https:\/\/spanienaktuell.net\/wordpress\/wp-content\/uploads\/2019\/07\/Cantarrijan-2-800x533.jpg 800w, https:\/\/spanienaktuell.net\/wordpress\/wp-content\/uploads\/2019\/07\/Cantarrijan-2-1280x853.jpg 1280w, https:\/\/spanienaktuell.net\/wordpress\/wp-content\/uploads\/2019\/07\/Cantarrijan-2-600x400.jpg 600w\" sizes=\"(max-width: 1440px) 100vw, 1440px\" \/><\/p>\n<p>Der Strand, der den Namen der Schlucht dieser Zone tr\u00e4gt, ist ca.1km lang und hat eine Fl\u00e4che von 13.600 m\u00b2 mit einer Kapazit\u00e4t f\u00fcr 2.800 Nutzer.<\/p>\n<p><img decoding=\"async\" class=\"aligncenter size-full wp-image-85568\" src=\"http:\/\/spanienaktuell.net\/wordpress\/wp-content\/uploads\/2019\/07\/Cantarrijan1.jpg\" alt=\"\" width=\"1440\" height=\"811\" srcset=\"https:\/\/spanienaktuell.net\/wordpress\/wp-content\/uploads\/2019\/07\/Cantarrijan1.jpg 1440w, https:\/\/spanienaktuell.net\/wordpress\/wp-content\/uploads\/2019\/07\/Cantarrijan1-300x169.jpg 300w, https:\/\/spanienaktuell.net\/wordpress\/wp-content\/uploads\/2019\/07\/Cantarrijan1-768x432.jpg 768w, https:\/\/spanienaktuell.net\/wordpress\/wp-content\/uploads\/2019\/07\/Cantarrijan1-1024x576.jpg 1024w, https:\/\/spanienaktuell.net\/wordpress\/wp-content\/uploads\/2019\/07\/Cantarrijan1-320x180.jpg 320w, https:\/\/spanienaktuell.net\/wordpress\/wp-content\/uploads\/2019\/07\/Cantarrijan1-640x360.jpg 640w, https:\/\/spanienaktuell.net\/wordpress\/wp-content\/uploads\/2019\/07\/Cantarrijan1-360x203.jpg 360w, https:\/\/spanienaktuell.net\/wordpress\/wp-content\/uploads\/2019\/07\/Cantarrijan1-720x405.jpg 720w, https:\/\/spanienaktuell.net\/wordpress\/wp-content\/uploads\/2019\/07\/Cantarrijan1-1080x608.jpg 1080w, https:\/\/spanienaktuell.net\/wordpress\/wp-content\/uploads\/2019\/07\/Cantarrijan1-800x450.jpg 800w, https:\/\/spanienaktuell.net\/wordpress\/wp-content\/uploads\/2019\/07\/Cantarrijan1-1280x721.jpg 1280w, https:\/\/spanienaktuell.net\/wordpress\/wp-content\/uploads\/2019\/07\/Cantarrijan1-600x338.jpg 600w\" sizes=\"(max-width: 1440px) 100vw, 1440px\" \/><\/p>\n<p>Ein Felsen teilt den Strand in zwei. Der erste Abschnitt ist viel besucht und hier mischen sich Nudisten mit Textiles (umgangssprachlich f\u00fcr jene, die bekleidet baden), deren Pr\u00e4senz praktisch bis in den zweiten Teil hineinreicht, der groben Sand und wenig Wellengang besitzt.<\/p>\n<p><b>Wandervorschlag vom Canuelo zum Cantarrijan &#8211; tolle Einsteigertour<\/b><\/p>\n<p><img decoding=\"async\" class=\"aligncenter size-full wp-image-85562\" src=\"http:\/\/spanienaktuell.net\/wordpress\/wp-content\/uploads\/2019\/07\/Wandervorschlag.jpg\" alt=\"\" width=\"2432\" height=\"4320\" srcset=\"https:\/\/spanienaktuell.net\/wordpress\/wp-content\/uploads\/2019\/07\/Wandervorschlag.jpg 2432w, https:\/\/spanienaktuell.net\/wordpress\/wp-content\/uploads\/2019\/07\/Wandervorschlag-169x300.jpg 169w, https:\/\/spanienaktuell.net\/wordpress\/wp-content\/uploads\/2019\/07\/Wandervorschlag-768x1364.jpg 768w, https:\/\/spanienaktuell.net\/wordpress\/wp-content\/uploads\/2019\/07\/Wandervorschlag-576x1024.jpg 576w, https:\/\/spanienaktuell.net\/wordpress\/wp-content\/uploads\/2019\/07\/Wandervorschlag-320x568.jpg 320w, https:\/\/spanienaktuell.net\/wordpress\/wp-content\/uploads\/2019\/07\/Wandervorschlag-640x1137.jpg 640w, https:\/\/spanienaktuell.net\/wordpress\/wp-content\/uploads\/2019\/07\/Wandervorschlag-360x639.jpg 360w, https:\/\/spanienaktuell.net\/wordpress\/wp-content\/uploads\/2019\/07\/Wandervorschlag-720x1279.jpg 720w, https:\/\/spanienaktuell.net\/wordpress\/wp-content\/uploads\/2019\/07\/Wandervorschlag-1080x1918.jpg 1080w, https:\/\/spanienaktuell.net\/wordpress\/wp-content\/uploads\/2019\/07\/Wandervorschlag-800x1421.jpg 800w, https:\/\/spanienaktuell.net\/wordpress\/wp-content\/uploads\/2019\/07\/Wandervorschlag-1024x1819.jpg 1024w, https:\/\/spanienaktuell.net\/wordpress\/wp-content\/uploads\/2019\/07\/Wandervorschlag-1280x2274.jpg 1280w, https:\/\/spanienaktuell.net\/wordpress\/wp-content\/uploads\/2019\/07\/Wandervorschlag-600x1066.jpg 600w\" sizes=\"(max-width: 2432px) 100vw, 2432px\" \/><\/p>\n<p>Vom Parkplatz des Canuelo Strandes aus gehen Sie erst leicht bergab \u00fcber eine Bergkuppe Richtung Bucht. Lange Hosen sind hier auch im Hochsommer Pflicht, da die Gew\u00e4chse ansonsten f\u00fcr unsch\u00f6ne Kratzer an den Beinen sorgen werden. Der Pfad f\u00fchrt nun meist bergab um einen gro\u00dfen Berg herum, bis zu einem Rundbau direkt an der Steilk\u00fcste gelegen, wo man einen sehr sch\u00f6nen Ausblick in alle Richtungen hat.<\/p>\n<p>Mit etwas Gl\u00fcck sehen Sie unterwegs Rotwild, oder auch einen Steinbock vorbeistreifen. Sie wandern nun wieder dem Pfad folgend bergauf und bergab durch sch\u00f6ne Vegetation am Sockel des Berges entlang, bis Sie zum Schluss auf einem H\u00fcgel stehend die\u00a0 wundersch\u00f6ne Bucht von Cantarrijan mit herrlich klarem Wasser sehen. Nun gehen Sie den H\u00fcgel hinab zum Strand ( gemischter Textil- und Nacktbadestrand), wo es zwei ausgesprochen gem\u00fctliche urw\u00fcchsige Strandlokale gibt. Nach einer Getr\u00e4nke- und ggf. Badepause geht es dann ca.2 km bergab durch das meist trockene Flussbett, dann quer durch Felder mit Obstplantagen wieder zum Parkplatz .<\/p>\n<p>F\u00fcr alle die, die in ihrem Urlaub nach alternativen Aktivit\u00e4ten wie Fischen, Tauchen, Wasserski, Kanufahren, Wassersportger\u00e4te, Wandern,\u00a0 Radfahren, Reiten, Gel\u00e4ndewagenfahren oder Paraglidern Ausschau halten, werden hier auf ihre Kosten kommen.<\/p>\n<p><b>Dauer: ca. 3 Stunden &#8211; H\u00f6henunterschied ca. 350 m\u00a0 &#8211; Schwierigkeit: leicht\u00a0<\/b><\/p>\n<p><img decoding=\"async\" class=\"aligncenter size-full wp-image-85569\" src=\"http:\/\/spanienaktuell.net\/wordpress\/wp-content\/uploads\/2019\/07\/Cerro-Gordo.jpg\" alt=\"\" width=\"1440\" height=\"811\" srcset=\"https:\/\/spanienaktuell.net\/wordpress\/wp-content\/uploads\/2019\/07\/Cerro-Gordo.jpg 1440w, https:\/\/spanienaktuell.net\/wordpress\/wp-content\/uploads\/2019\/07\/Cerro-Gordo-300x169.jpg 300w, https:\/\/spanienaktuell.net\/wordpress\/wp-content\/uploads\/2019\/07\/Cerro-Gordo-768x432.jpg 768w, https:\/\/spanienaktuell.net\/wordpress\/wp-content\/uploads\/2019\/07\/Cerro-Gordo-1024x576.jpg 1024w, https:\/\/spanienaktuell.net\/wordpress\/wp-content\/uploads\/2019\/07\/Cerro-Gordo-320x180.jpg 320w, https:\/\/spanienaktuell.net\/wordpress\/wp-content\/uploads\/2019\/07\/Cerro-Gordo-640x360.jpg 640w, https:\/\/spanienaktuell.net\/wordpress\/wp-content\/uploads\/2019\/07\/Cerro-Gordo-360x203.jpg 360w, https:\/\/spanienaktuell.net\/wordpress\/wp-content\/uploads\/2019\/07\/Cerro-Gordo-720x405.jpg 720w, https:\/\/spanienaktuell.net\/wordpress\/wp-content\/uploads\/2019\/07\/Cerro-Gordo-1080x608.jpg 1080w, https:\/\/spanienaktuell.net\/wordpress\/wp-content\/uploads\/2019\/07\/Cerro-Gordo-800x450.jpg 800w, https:\/\/spanienaktuell.net\/wordpress\/wp-content\/uploads\/2019\/07\/Cerro-Gordo-1280x721.jpg 1280w, https:\/\/spanienaktuell.net\/wordpress\/wp-content\/uploads\/2019\/07\/Cerro-Gordo-600x338.jpg 600w\" sizes=\"(max-width: 1440px) 100vw, 1440px\" \/><\/p>\n<p>Weiter geht die Fahrt nach La Herradura, wobei darauf zu achten ist, die Abfahrt\u00a0 zum Cerro-Gordo zunehmen.<\/p>\n<p><img decoding=\"async\" class=\"aligncenter size-full wp-image-85567\" src=\"http:\/\/spanienaktuell.net\/wordpress\/wp-content\/uploads\/2019\/07\/Cantarrijan-4.jpg\" alt=\"\" width=\"4320\" height=\"2432\" srcset=\"https:\/\/spanienaktuell.net\/wordpress\/wp-content\/uploads\/2019\/07\/Cantarrijan-4.jpg 4320w, https:\/\/spanienaktuell.net\/wordpress\/wp-content\/uploads\/2019\/07\/Cantarrijan-4-300x169.jpg 300w, https:\/\/spanienaktuell.net\/wordpress\/wp-content\/uploads\/2019\/07\/Cantarrijan-4-768x432.jpg 768w, https:\/\/spanienaktuell.net\/wordpress\/wp-content\/uploads\/2019\/07\/Cantarrijan-4-1024x576.jpg 1024w, https:\/\/spanienaktuell.net\/wordpress\/wp-content\/uploads\/2019\/07\/Cantarrijan-4-320x180.jpg 320w, https:\/\/spanienaktuell.net\/wordpress\/wp-content\/uploads\/2019\/07\/Cantarrijan-4-640x360.jpg 640w, https:\/\/spanienaktuell.net\/wordpress\/wp-content\/uploads\/2019\/07\/Cantarrijan-4-360x203.jpg 360w, https:\/\/spanienaktuell.net\/wordpress\/wp-content\/uploads\/2019\/07\/Cantarrijan-4-720x405.jpg 720w, https:\/\/spanienaktuell.net\/wordpress\/wp-content\/uploads\/2019\/07\/Cantarrijan-4-1080x608.jpg 1080w, https:\/\/spanienaktuell.net\/wordpress\/wp-content\/uploads\/2019\/07\/Cantarrijan-4-800x450.jpg 800w, https:\/\/spanienaktuell.net\/wordpress\/wp-content\/uploads\/2019\/07\/Cantarrijan-4-1280x721.jpg 1280w, https:\/\/spanienaktuell.net\/wordpress\/wp-content\/uploads\/2019\/07\/Cantarrijan-4-600x338.jpg 600w\" sizes=\"(max-width: 4320px) 100vw, 4320px\" \/><\/p>\n<p>Von hier aus hat man einen fantastischen Blick auf die Playa de Cantarrijan\u00a0 und im weiteren Verlauf der Stra\u00dfe auf die Bucht von La Herradura.<\/p>\n<p><b>La Herradura<\/b><\/p>\n<p><img decoding=\"async\" class=\"aligncenter size-full wp-image-85573\" src=\"http:\/\/spanienaktuell.net\/wordpress\/wp-content\/uploads\/2019\/07\/La-Herradura-2.jpg\" alt=\"\" width=\"4320\" height=\"2432\" srcset=\"https:\/\/spanienaktuell.net\/wordpress\/wp-content\/uploads\/2019\/07\/La-Herradura-2.jpg 4320w, https:\/\/spanienaktuell.net\/wordpress\/wp-content\/uploads\/2019\/07\/La-Herradura-2-300x169.jpg 300w, https:\/\/spanienaktuell.net\/wordpress\/wp-content\/uploads\/2019\/07\/La-Herradura-2-768x432.jpg 768w, https:\/\/spanienaktuell.net\/wordpress\/wp-content\/uploads\/2019\/07\/La-Herradura-2-1024x576.jpg 1024w, https:\/\/spanienaktuell.net\/wordpress\/wp-content\/uploads\/2019\/07\/La-Herradura-2-320x180.jpg 320w, https:\/\/spanienaktuell.net\/wordpress\/wp-content\/uploads\/2019\/07\/La-Herradura-2-640x360.jpg 640w, https:\/\/spanienaktuell.net\/wordpress\/wp-content\/uploads\/2019\/07\/La-Herradura-2-360x203.jpg 360w, https:\/\/spanienaktuell.net\/wordpress\/wp-content\/uploads\/2019\/07\/La-Herradura-2-720x405.jpg 720w, https:\/\/spanienaktuell.net\/wordpress\/wp-content\/uploads\/2019\/07\/La-Herradura-2-1080x608.jpg 1080w, https:\/\/spanienaktuell.net\/wordpress\/wp-content\/uploads\/2019\/07\/La-Herradura-2-800x450.jpg 800w, https:\/\/spanienaktuell.net\/wordpress\/wp-content\/uploads\/2019\/07\/La-Herradura-2-1280x721.jpg 1280w, https:\/\/spanienaktuell.net\/wordpress\/wp-content\/uploads\/2019\/07\/La-Herradura-2-600x338.jpg 600w\" sizes=\"(max-width: 4320px) 100vw, 4320px\" \/><\/p>\n<p>La Herradura liegt in einem Tal mit mediterran-tropischen Klima, umgeben von der Sierra Nevada und dem Mittelmeer in der Provinz Granada. Der Ort geh\u00f6rt zum Bezirk Almu\u00f1ecar und w\u00e4chst in den lebhaften Sommermonaten auf etwa 10.000 Einwohner an.<\/p>\n<p>Im \u00fcbrigen Jahr ist das Dorf eher ruhig mit gerade mal 4.000 Einwohnern im Winter.<\/p>\n<p>Der Ortsname Herradura bedeutet \u201eHufeisen\u201c und leitet sich von der geschwungenen Form der Bucht ab, an welcher der Ort liegt.<\/p>\n<p>Dieses an einem H\u00fcgel errichtete andalusische Dorf mit seinen Gassen und farbigen Blumenk\u00e4sten verbindet den Charme eines wei\u00dfen Dorfes mit modernen touristischen Einrichtungen. Die Altstadt von La Herradura mit ihren engen Gassen, den kalkwei\u00dfen H\u00e4usern und den blumenbest\u00fcckten Pl\u00e4tzen ist ein wichtiger Anziehungspunkt und l\u00e4sst Sie viel \u00fcber die andalusische Kultur und Lebensweise erfahren.<\/p>\n<p><b>Playa de La Herradura<\/b><\/p>\n<p><img decoding=\"async\" class=\"aligncenter size-full wp-image-85574\" src=\"http:\/\/spanienaktuell.net\/wordpress\/wp-content\/uploads\/2019\/07\/La-Herradura-3.jpg\" alt=\"\" width=\"4320\" height=\"2432\" srcset=\"https:\/\/spanienaktuell.net\/wordpress\/wp-content\/uploads\/2019\/07\/La-Herradura-3.jpg 4320w, https:\/\/spanienaktuell.net\/wordpress\/wp-content\/uploads\/2019\/07\/La-Herradura-3-300x169.jpg 300w, https:\/\/spanienaktuell.net\/wordpress\/wp-content\/uploads\/2019\/07\/La-Herradura-3-768x432.jpg 768w, https:\/\/spanienaktuell.net\/wordpress\/wp-content\/uploads\/2019\/07\/La-Herradura-3-1024x576.jpg 1024w, https:\/\/spanienaktuell.net\/wordpress\/wp-content\/uploads\/2019\/07\/La-Herradura-3-320x180.jpg 320w, https:\/\/spanienaktuell.net\/wordpress\/wp-content\/uploads\/2019\/07\/La-Herradura-3-640x360.jpg 640w, https:\/\/spanienaktuell.net\/wordpress\/wp-content\/uploads\/2019\/07\/La-Herradura-3-360x203.jpg 360w, https:\/\/spanienaktuell.net\/wordpress\/wp-content\/uploads\/2019\/07\/La-Herradura-3-720x405.jpg 720w, https:\/\/spanienaktuell.net\/wordpress\/wp-content\/uploads\/2019\/07\/La-Herradura-3-1080x608.jpg 1080w, https:\/\/spanienaktuell.net\/wordpress\/wp-content\/uploads\/2019\/07\/La-Herradura-3-800x450.jpg 800w, https:\/\/spanienaktuell.net\/wordpress\/wp-content\/uploads\/2019\/07\/La-Herradura-3-1280x721.jpg 1280w, https:\/\/spanienaktuell.net\/wordpress\/wp-content\/uploads\/2019\/07\/La-Herradura-3-600x338.jpg 600w\" sizes=\"(max-width: 4320px) 100vw, 4320px\" \/><\/p>\n<p>Die beeindruckende Bucht von La Herradura wird durch zwei Landzungen geformt; im Westen vom \u201ePe\u00f1on de Cerro Gordo\u00bb und im Osten vom \u201ePunta del la Mona\u00bb, verbunden durch einen eineinhalb Kilometer langen Kiesstrand. Beide Felsvorspr\u00fcnge sch\u00fctzen die Badegaste vor dem West- und Ostwind und verleihen dem Ort somit eine besondere Gelassenheit.<\/p>\n<p>Was nicht hei\u00dfen soll, das man hier nicht hervorragend Surfen k\u00f6nnte&#8230;auf unserm Weg am Strand entlang, entdecken wir einige Surfbretter, Ausr\u00fcstung und einen Windsurf\u00a0 und Segle Verleih bzw. Schule <b>\u201eWindsurf La Herradura\u201c<\/b>\u00a0 das Gesch\u00e4ft befindet sich gegen\u00fcber, dort k\u00f6nnen Sie alles kaufen was Sie f\u00fcr einen Tag am Strand oder auf dem Wasser ben\u00f6tigen.<\/p>\n<p><img decoding=\"async\" class=\"aligncenter size-full wp-image-85572\" src=\"http:\/\/spanienaktuell.net\/wordpress\/wp-content\/uploads\/2019\/07\/La-Herradura-1.jpg\" alt=\"\" width=\"4320\" height=\"2432\" srcset=\"https:\/\/spanienaktuell.net\/wordpress\/wp-content\/uploads\/2019\/07\/La-Herradura-1.jpg 4320w, https:\/\/spanienaktuell.net\/wordpress\/wp-content\/uploads\/2019\/07\/La-Herradura-1-300x169.jpg 300w, https:\/\/spanienaktuell.net\/wordpress\/wp-content\/uploads\/2019\/07\/La-Herradura-1-768x432.jpg 768w, https:\/\/spanienaktuell.net\/wordpress\/wp-content\/uploads\/2019\/07\/La-Herradura-1-1024x576.jpg 1024w, https:\/\/spanienaktuell.net\/wordpress\/wp-content\/uploads\/2019\/07\/La-Herradura-1-320x180.jpg 320w, https:\/\/spanienaktuell.net\/wordpress\/wp-content\/uploads\/2019\/07\/La-Herradura-1-640x360.jpg 640w, https:\/\/spanienaktuell.net\/wordpress\/wp-content\/uploads\/2019\/07\/La-Herradura-1-360x203.jpg 360w, https:\/\/spanienaktuell.net\/wordpress\/wp-content\/uploads\/2019\/07\/La-Herradura-1-720x405.jpg 720w, https:\/\/spanienaktuell.net\/wordpress\/wp-content\/uploads\/2019\/07\/La-Herradura-1-1080x608.jpg 1080w, https:\/\/spanienaktuell.net\/wordpress\/wp-content\/uploads\/2019\/07\/La-Herradura-1-800x450.jpg 800w, https:\/\/spanienaktuell.net\/wordpress\/wp-content\/uploads\/2019\/07\/La-Herradura-1-1280x721.jpg 1280w, https:\/\/spanienaktuell.net\/wordpress\/wp-content\/uploads\/2019\/07\/La-Herradura-1-600x338.jpg 600w\" sizes=\"(max-width: 4320px) 100vw, 4320px\" \/><\/p>\n<p>An der Strandpromenade entlang, fahren Sie Richtung Osten. Nach ca. 3 Km erreichen Sie den wundersch\u00f6nen kleinen Sporthafen <b>\u201eMarina del Este\u201c <\/b>mit dem dazugeh\u00f6rigen Strand, wo Tauchbegeisterte die M\u00f6glichkeit haben einige der faszinierendsten Unterwasserlandschaften der S\u00fcdk\u00fcste Spaniens zu erkunden.<\/p>\n<p><b>Playa von Marina del Este<\/b><\/p>\n<p><img decoding=\"async\" class=\"aligncenter size-full wp-image-85583\" src=\"http:\/\/spanienaktuell.net\/wordpress\/wp-content\/uploads\/2019\/07\/Playa-Marina-del-Este.jpg\" alt=\"\" width=\"1440\" height=\"811\" srcset=\"https:\/\/spanienaktuell.net\/wordpress\/wp-content\/uploads\/2019\/07\/Playa-Marina-del-Este.jpg 1440w, https:\/\/spanienaktuell.net\/wordpress\/wp-content\/uploads\/2019\/07\/Playa-Marina-del-Este-300x169.jpg 300w, https:\/\/spanienaktuell.net\/wordpress\/wp-content\/uploads\/2019\/07\/Playa-Marina-del-Este-768x432.jpg 768w, https:\/\/spanienaktuell.net\/wordpress\/wp-content\/uploads\/2019\/07\/Playa-Marina-del-Este-1024x576.jpg 1024w, https:\/\/spanienaktuell.net\/wordpress\/wp-content\/uploads\/2019\/07\/Playa-Marina-del-Este-320x180.jpg 320w, https:\/\/spanienaktuell.net\/wordpress\/wp-content\/uploads\/2019\/07\/Playa-Marina-del-Este-640x360.jpg 640w, https:\/\/spanienaktuell.net\/wordpress\/wp-content\/uploads\/2019\/07\/Playa-Marina-del-Este-360x203.jpg 360w, https:\/\/spanienaktuell.net\/wordpress\/wp-content\/uploads\/2019\/07\/Playa-Marina-del-Este-720x405.jpg 720w, https:\/\/spanienaktuell.net\/wordpress\/wp-content\/uploads\/2019\/07\/Playa-Marina-del-Este-1080x608.jpg 1080w, https:\/\/spanienaktuell.net\/wordpress\/wp-content\/uploads\/2019\/07\/Playa-Marina-del-Este-800x450.jpg 800w, https:\/\/spanienaktuell.net\/wordpress\/wp-content\/uploads\/2019\/07\/Playa-Marina-del-Este-1280x721.jpg 1280w, https:\/\/spanienaktuell.net\/wordpress\/wp-content\/uploads\/2019\/07\/Playa-Marina-del-Este-600x338.jpg 600w\" sizes=\"(max-width: 1440px) 100vw, 1440px\" \/><\/p>\n<p>Das Schnorchel Revier am S\u00fcdende des Kieselstrands am Ostufer der Landzunge zwischen La Herradura und Marina del Este zeichnet sich durch eine hohe biologische Vielfalt aus. Man schnorchelt durch eine grandiose Felslandschaft, deren senkrechte Felsfl\u00e4chen mit solit\u00e4ren orangefarbenen Korallen besetzt sind. Fische gibt es jede Menge: Bl\u00f6ker, Brassen, Meer\u00e4schen, Lippfische. Daneben Oktopus, Schlangensterne usw.<\/p>\n<p>Je nach Windrichtung schnorchelt man auf der West- oder der Ostseite der Landzunge zwischen La Herradura und Marina del Este: wenn der Wind aus dem Osten kommt, dann in La Herradura, wenn er aus dem Westen kommt, dann in Marina del Este. Die Beschreibung der Unterwasserfauna und -flora bezieht sich auf Marina del Este. Au\u00dferdem gibt es ab dem sp\u00e4tem Nachmittag am Ostufer der Landzunge auch schattige Stellen unter Wasser. Zum Entspannen ist dieser Strand Ideal, ohne auf Komfort zu verzichten. Sie k\u00f6nnen Massagen in Anspruch nehmen, die von privaten Masseuren angeboten werden oder sich im sch\u00f6nen Restaurant Marina Playa Beach Club kulinarisch verw\u00f6hnen lassen und einfach mal abschalten.<\/p>\n<p>Sie haben Ihr Ziel fast erreicht. Last but not least besuchen wir den traumhaften Sporthafens Marina del Este, den Sie sich nicht entgehen lassen sollten. Eine Gehminute vom Strand entfernt.<\/p>\n<p><b>Hafen\u00a0 Marina del Este<\/b><\/p>\n<p><img decoding=\"async\" class=\"aligncenter size-full wp-image-85571\" src=\"http:\/\/spanienaktuell.net\/wordpress\/wp-content\/uploads\/2019\/07\/Imagen2-457.jpg\" alt=\"\" width=\"4320\" height=\"2432\" srcset=\"https:\/\/spanienaktuell.net\/wordpress\/wp-content\/uploads\/2019\/07\/Imagen2-457.jpg 4320w, https:\/\/spanienaktuell.net\/wordpress\/wp-content\/uploads\/2019\/07\/Imagen2-457-300x169.jpg 300w, https:\/\/spanienaktuell.net\/wordpress\/wp-content\/uploads\/2019\/07\/Imagen2-457-768x432.jpg 768w, https:\/\/spanienaktuell.net\/wordpress\/wp-content\/uploads\/2019\/07\/Imagen2-457-1024x576.jpg 1024w, https:\/\/spanienaktuell.net\/wordpress\/wp-content\/uploads\/2019\/07\/Imagen2-457-320x180.jpg 320w, https:\/\/spanienaktuell.net\/wordpress\/wp-content\/uploads\/2019\/07\/Imagen2-457-640x360.jpg 640w, https:\/\/spanienaktuell.net\/wordpress\/wp-content\/uploads\/2019\/07\/Imagen2-457-360x203.jpg 360w, https:\/\/spanienaktuell.net\/wordpress\/wp-content\/uploads\/2019\/07\/Imagen2-457-720x405.jpg 720w, https:\/\/spanienaktuell.net\/wordpress\/wp-content\/uploads\/2019\/07\/Imagen2-457-1080x608.jpg 1080w, https:\/\/spanienaktuell.net\/wordpress\/wp-content\/uploads\/2019\/07\/Imagen2-457-800x450.jpg 800w, https:\/\/spanienaktuell.net\/wordpress\/wp-content\/uploads\/2019\/07\/Imagen2-457-1280x721.jpg 1280w, https:\/\/spanienaktuell.net\/wordpress\/wp-content\/uploads\/2019\/07\/Imagen2-457-600x338.jpg 600w\" sizes=\"(max-width: 4320px) 100vw, 4320px\" \/><\/p>\n<p>Im Sporthafen gibt es sch\u00f6ne Restaurants, wie das El Barco, in denen man das Ambiente des Hafens hervorragend genie\u00dfen kann. Unter anderem finden Sie auch Tauchschulen, Gesch\u00e4fte und eine Filiale von <b>\u201eWindsurf La Herradura\u201c<\/b> in dem Sie unter anderem Bekleidung, Strandequipment sowie Board kaufen k\u00f6nnen. F\u00fcr Ausfl\u00fcge vom Hafen z.B. mit einem Katamaran oder Party-Motorboot empfehlen wir <b>\u201eSail n Play\u201c<\/b>\u00a0 www.sailnplay.com . Sail n Play hat seinen Ankerplatz direkt im Hafen von Marina del Este. <b>\u201eELITE MOTO<\/b>&#8211;<b>NAUTICA\u201c<\/b> www.alquilerdebarcoselite.com bei Elite k\u00f6nnen Sie Jet-Skis und Motorboote mieten sowie Ausfl\u00fcge per Boot in die Umgebung buchen. Das B\u00fcro von ELITE befindet sich in der zweiten H\u00e4lfte des Hafens. F\u00fcr Tauchkurse und Tauchg\u00e4nge empfehlen wir <b>\u201eDUTCH SCUBA DIVERS\u201c<\/b> www.dutchscubadivers.com .Dutch scuba divers befindet sich nicht im Hafen von Marina del Este sondern in Caleta de Velez, die Tauchschule macht aber fast t\u00e4glich Fahrten nach la Herradura und Marina del Este um dort Tauchg\u00e4nge und Kurse zu geben.<\/p>\n<p><img decoding=\"async\" class=\"aligncenter size-full wp-image-85586\" src=\"http:\/\/spanienaktuell.net\/wordpress\/wp-content\/uploads\/2019\/07\/Imagen2-484.jpg\" alt=\"\" width=\"4320\" height=\"2432\" srcset=\"https:\/\/spanienaktuell.net\/wordpress\/wp-content\/uploads\/2019\/07\/Imagen2-484.jpg 4320w, https:\/\/spanienaktuell.net\/wordpress\/wp-content\/uploads\/2019\/07\/Imagen2-484-300x169.jpg 300w, https:\/\/spanienaktuell.net\/wordpress\/wp-content\/uploads\/2019\/07\/Imagen2-484-768x432.jpg 768w, https:\/\/spanienaktuell.net\/wordpress\/wp-content\/uploads\/2019\/07\/Imagen2-484-1024x576.jpg 1024w, https:\/\/spanienaktuell.net\/wordpress\/wp-content\/uploads\/2019\/07\/Imagen2-484-320x180.jpg 320w, https:\/\/spanienaktuell.net\/wordpress\/wp-content\/uploads\/2019\/07\/Imagen2-484-640x360.jpg 640w, https:\/\/spanienaktuell.net\/wordpress\/wp-content\/uploads\/2019\/07\/Imagen2-484-360x203.jpg 360w, https:\/\/spanienaktuell.net\/wordpress\/wp-content\/uploads\/2019\/07\/Imagen2-484-720x405.jpg 720w, https:\/\/spanienaktuell.net\/wordpress\/wp-content\/uploads\/2019\/07\/Imagen2-484-1080x608.jpg 1080w, https:\/\/spanienaktuell.net\/wordpress\/wp-content\/uploads\/2019\/07\/Imagen2-484-800x450.jpg 800w, https:\/\/spanienaktuell.net\/wordpress\/wp-content\/uploads\/2019\/07\/Imagen2-484-1280x721.jpg 1280w, https:\/\/spanienaktuell.net\/wordpress\/wp-content\/uploads\/2019\/07\/Imagen2-484-600x338.jpg 600w\" sizes=\"(max-width: 4320px) 100vw, 4320px\" \/>Text und Fotos: Linda Hess\/ Kai Ertel<\/p>\n","protected":false},"excerpt":{"rendered":"<p>Die Naturlandschaft Acantilados de Maro-Cerro Gordo beginnt da, wo die Sierra de Almijara vom azurblauen Mittelmeer umsp\u00fclt wird. Dieser K\u00fcstenabschnitt [&hellip;]<\/p>\n","protected":false},"author":3,"featured_media":85561,"comment_status":"closed","ping_status":"closed","sticky":false,"template":"","format":"standard","meta":{"footnotes":""},"categories":[31],"tags":[],"class_list":["post-85560","post","type-post","status-publish","format-standard","has-post-thumbnail","hentry","category-reise"],"yoast_head":"<!-- This site is optimized with the Yoast SEO plugin v27.1.1 - https:\/\/yoast.com\/product\/yoast-seo-wordpress\/ -->\n<title>Ein Reisebericht \u00fcber den Paraje Natural de los Acantilados de Maro-Cerro Gordo - Spanien aktuell<\/title>\n<meta name=\"robots\" content=\"index, follow, max-snippet:-1, max-image-preview:large, max-video-preview:-1\" \/>\n<link rel=\"canonical\" href=\"https:\/\/spanienaktuell.net\/wordpress\/ein-reisebericht-uber-den-paraje-natural-de-los-acantilados-de-maro-cerro-gordo\/\" \/>\n<meta property=\"og:locale\" content=\"es_ES\" \/>\n<meta property=\"og:type\" content=\"article\" \/>\n<meta property=\"og:title\" content=\"Ein Reisebericht \u00fcber den Paraje Natural de los Acantilados de Maro-Cerro Gordo - Spanien aktuell\" \/>\n<meta property=\"og:description\" content=\"Die Naturlandschaft Acantilados de Maro-Cerro Gordo beginnt da, wo die Sierra de Almijara vom azurblauen Mittelmeer umsp\u00fclt wird. Dieser K\u00fcstenabschnitt [&hellip;]\" \/>\n<meta property=\"og:url\" content=\"https:\/\/spanienaktuell.net\/wordpress\/ein-reisebericht-uber-den-paraje-natural-de-los-acantilados-de-maro-cerro-gordo\/\" \/>\n<meta property=\"og:site_name\" content=\"Spanien aktuell\" \/>\n<meta property=\"article:published_time\" content=\"2019-07-05T11:26:21+00:00\" \/>\n<meta property=\"og:image\" content=\"https:\/\/spanienaktuell.net\/wordpress\/wp-content\/uploads\/2019\/07\/Start-576x1024.jpg\" \/>\n\t<meta property=\"og:image:width\" content=\"576\" \/>\n\t<meta property=\"og:image:height\" content=\"1024\" \/>\n\t<meta property=\"og:image:type\" content=\"image\/jpeg\" \/>\n<meta name=\"author\" content=\"Spanien Aktuell\" \/>\n<meta name=\"twitter:card\" content=\"summary_large_image\" \/>\n<meta name=\"twitter:label1\" content=\"Escrito por\" \/>\n\t<meta name=\"twitter:data1\" content=\"Spanien Aktuell\" \/>\n\t<meta name=\"twitter:label2\" content=\"Tiempo de lectura\" \/>\n\t<meta name=\"twitter:data2\" content=\"12 minutos\" \/>\n<script type=\"application\/ld+json\" class=\"yoast-schema-graph\">{\"@context\":\"https:\/\/schema.org\",\"@graph\":[{\"@type\":\"Article\",\"@id\":\"https:\/\/spanienaktuell.net\/wordpress\/ein-reisebericht-uber-den-paraje-natural-de-los-acantilados-de-maro-cerro-gordo\/#article\",\"isPartOf\":{\"@id\":\"https:\/\/spanienaktuell.net\/wordpress\/ein-reisebericht-uber-den-paraje-natural-de-los-acantilados-de-maro-cerro-gordo\/\"},\"author\":{\"name\":\"Spanien Aktuell\",\"@id\":\"https:\/\/spanienaktuell.net\/wordpress\/#\/schema\/person\/bc410cfae0161b201d837ebfeeba7fd0\"},\"headline\":\"Ein Reisebericht \u00fcber den Paraje Natural de los Acantilados de Maro-Cerro Gordo\",\"datePublished\":\"2019-07-05T11:26:21+00:00\",\"mainEntityOfPage\":{\"@id\":\"https:\/\/spanienaktuell.net\/wordpress\/ein-reisebericht-uber-den-paraje-natural-de-los-acantilados-de-maro-cerro-gordo\/\"},\"wordCount\":2482,\"publisher\":{\"@id\":\"https:\/\/spanienaktuell.net\/wordpress\/#organization\"},\"image\":{\"@id\":\"https:\/\/spanienaktuell.net\/wordpress\/ein-reisebericht-uber-den-paraje-natural-de-los-acantilados-de-maro-cerro-gordo\/#primaryimage\"},\"thumbnailUrl\":\"https:\/\/spanienaktuell.net\/wordpress\/wp-content\/uploads\/2019\/07\/Start.jpg\",\"articleSection\":[\"Reise\"],\"inLanguage\":\"es\"},{\"@type\":\"WebPage\",\"@id\":\"https:\/\/spanienaktuell.net\/wordpress\/ein-reisebericht-uber-den-paraje-natural-de-los-acantilados-de-maro-cerro-gordo\/\",\"url\":\"https:\/\/spanienaktuell.net\/wordpress\/ein-reisebericht-uber-den-paraje-natural-de-los-acantilados-de-maro-cerro-gordo\/\",\"name\":\"Ein Reisebericht \u00fcber den Paraje Natural de los Acantilados de Maro-Cerro Gordo - Spanien aktuell\",\"isPartOf\":{\"@id\":\"https:\/\/spanienaktuell.net\/wordpress\/#website\"},\"primaryImageOfPage\":{\"@id\":\"https:\/\/spanienaktuell.net\/wordpress\/ein-reisebericht-uber-den-paraje-natural-de-los-acantilados-de-maro-cerro-gordo\/#primaryimage\"},\"image\":{\"@id\":\"https:\/\/spanienaktuell.net\/wordpress\/ein-reisebericht-uber-den-paraje-natural-de-los-acantilados-de-maro-cerro-gordo\/#primaryimage\"},\"thumbnailUrl\":\"https:\/\/spanienaktuell.net\/wordpress\/wp-content\/uploads\/2019\/07\/Start.jpg\",\"datePublished\":\"2019-07-05T11:26:21+00:00\",\"breadcrumb\":{\"@id\":\"https:\/\/spanienaktuell.net\/wordpress\/ein-reisebericht-uber-den-paraje-natural-de-los-acantilados-de-maro-cerro-gordo\/#breadcrumb\"},\"inLanguage\":\"es\",\"potentialAction\":[{\"@type\":\"ReadAction\",\"target\":[\"https:\/\/spanienaktuell.net\/wordpress\/ein-reisebericht-uber-den-paraje-natural-de-los-acantilados-de-maro-cerro-gordo\/\"]}]},{\"@type\":\"ImageObject\",\"inLanguage\":\"es\",\"@id\":\"https:\/\/spanienaktuell.net\/wordpress\/ein-reisebericht-uber-den-paraje-natural-de-los-acantilados-de-maro-cerro-gordo\/#primaryimage\",\"url\":\"https:\/\/spanienaktuell.net\/wordpress\/wp-content\/uploads\/2019\/07\/Start.jpg\",\"contentUrl\":\"https:\/\/spanienaktuell.net\/wordpress\/wp-content\/uploads\/2019\/07\/Start.jpg\",\"width\":2432,\"height\":4320},{\"@type\":\"BreadcrumbList\",\"@id\":\"https:\/\/spanienaktuell.net\/wordpress\/ein-reisebericht-uber-den-paraje-natural-de-los-acantilados-de-maro-cerro-gordo\/#breadcrumb\",\"itemListElement\":[{\"@type\":\"ListItem\",\"position\":1,\"name\":\"Portada\",\"item\":\"https:\/\/spanienaktuell.net\/wordpress\/\"},{\"@type\":\"ListItem\",\"position\":2,\"name\":\"Ein Reisebericht \u00fcber den Paraje Natural de los Acantilados de Maro-Cerro Gordo\"}]},{\"@type\":\"WebSite\",\"@id\":\"https:\/\/spanienaktuell.net\/wordpress\/#website\",\"url\":\"https:\/\/spanienaktuell.net\/wordpress\/\",\"name\":\"Spanien aktuell\",\"description\":\"The German magazine number 1 on the Costa del Sol\",\"publisher\":{\"@id\":\"https:\/\/spanienaktuell.net\/wordpress\/#organization\"},\"potentialAction\":[{\"@type\":\"SearchAction\",\"target\":{\"@type\":\"EntryPoint\",\"urlTemplate\":\"https:\/\/spanienaktuell.net\/wordpress\/?s={search_term_string}\"},\"query-input\":{\"@type\":\"PropertyValueSpecification\",\"valueRequired\":true,\"valueName\":\"search_term_string\"}}],\"inLanguage\":\"es\"},{\"@type\":\"Organization\",\"@id\":\"https:\/\/spanienaktuell.net\/wordpress\/#organization\",\"name\":\"Spanien aktuell\",\"url\":\"https:\/\/spanienaktuell.net\/wordpress\/\",\"logo\":{\"@type\":\"ImageObject\",\"inLanguage\":\"es\",\"@id\":\"https:\/\/spanienaktuell.net\/wordpress\/#\/schema\/logo\/image\/\",\"url\":\"https:\/\/spanienaktuell.net\/wordpress\/wp-content\/uploads\/2019\/06\/cropped-Logo-spanien-aktuell-png-web-e1561631085388.png\",\"contentUrl\":\"https:\/\/spanienaktuell.net\/wordpress\/wp-content\/uploads\/2019\/06\/cropped-Logo-spanien-aktuell-png-web-e1561631085388.png\",\"width\":512,\"height\":110,\"caption\":\"Spanien aktuell\"},\"image\":{\"@id\":\"https:\/\/spanienaktuell.net\/wordpress\/#\/schema\/logo\/image\/\"}},{\"@type\":\"Person\",\"@id\":\"https:\/\/spanienaktuell.net\/wordpress\/#\/schema\/person\/bc410cfae0161b201d837ebfeeba7fd0\",\"name\":\"Spanien Aktuell\",\"image\":{\"@type\":\"ImageObject\",\"inLanguage\":\"es\",\"@id\":\"https:\/\/spanienaktuell.net\/wordpress\/#\/schema\/person\/image\/\",\"url\":\"https:\/\/spanienaktuell.net\/wordpress\/wp-content\/uploads\/2019\/06\/cropped-Logo-spanien-aktuell-png-fav2-100x100.png\",\"contentUrl\":\"https:\/\/spanienaktuell.net\/wordpress\/wp-content\/uploads\/2019\/06\/cropped-Logo-spanien-aktuell-png-fav2-100x100.png\",\"caption\":\"Spanien Aktuell\"},\"url\":\"https:\/\/spanienaktuell.net\/wordpress\/author\/koalum\/\"}]}<\/script>\n<!-- \/ Yoast SEO plugin. -->","yoast_head_json":{"title":"Ein Reisebericht \u00fcber den Paraje Natural de los Acantilados de Maro-Cerro Gordo - Spanien aktuell","robots":{"index":"index","follow":"follow","max-snippet":"max-snippet:-1","max-image-preview":"max-image-preview:large","max-video-preview":"max-video-preview:-1"},"canonical":"https:\/\/spanienaktuell.net\/wordpress\/ein-reisebericht-uber-den-paraje-natural-de-los-acantilados-de-maro-cerro-gordo\/","og_locale":"es_ES","og_type":"article","og_title":"Ein Reisebericht \u00fcber den Paraje Natural de los Acantilados de Maro-Cerro Gordo - Spanien aktuell","og_description":"Die Naturlandschaft Acantilados de Maro-Cerro Gordo beginnt da, wo die Sierra de Almijara vom azurblauen Mittelmeer umsp\u00fclt wird. Dieser K\u00fcstenabschnitt [&hellip;]","og_url":"https:\/\/spanienaktuell.net\/wordpress\/ein-reisebericht-uber-den-paraje-natural-de-los-acantilados-de-maro-cerro-gordo\/","og_site_name":"Spanien aktuell","article_published_time":"2019-07-05T11:26:21+00:00","og_image":[{"width":576,"height":1024,"url":"https:\/\/spanienaktuell.net\/wordpress\/wp-content\/uploads\/2019\/07\/Start-576x1024.jpg","type":"image\/jpeg"}],"author":"Spanien Aktuell","twitter_card":"summary_large_image","twitter_misc":{"Escrito por":"Spanien Aktuell","Tiempo de lectura":"12 minutos"},"schema":{"@context":"https:\/\/schema.org","@graph":[{"@type":"Article","@id":"https:\/\/spanienaktuell.net\/wordpress\/ein-reisebericht-uber-den-paraje-natural-de-los-acantilados-de-maro-cerro-gordo\/#article","isPartOf":{"@id":"https:\/\/spanienaktuell.net\/wordpress\/ein-reisebericht-uber-den-paraje-natural-de-los-acantilados-de-maro-cerro-gordo\/"},"author":{"name":"Spanien Aktuell","@id":"https:\/\/spanienaktuell.net\/wordpress\/#\/schema\/person\/bc410cfae0161b201d837ebfeeba7fd0"},"headline":"Ein Reisebericht \u00fcber den Paraje Natural de los Acantilados de Maro-Cerro Gordo","datePublished":"2019-07-05T11:26:21+00:00","mainEntityOfPage":{"@id":"https:\/\/spanienaktuell.net\/wordpress\/ein-reisebericht-uber-den-paraje-natural-de-los-acantilados-de-maro-cerro-gordo\/"},"wordCount":2482,"publisher":{"@id":"https:\/\/spanienaktuell.net\/wordpress\/#organization"},"image":{"@id":"https:\/\/spanienaktuell.net\/wordpress\/ein-reisebericht-uber-den-paraje-natural-de-los-acantilados-de-maro-cerro-gordo\/#primaryimage"},"thumbnailUrl":"https:\/\/spanienaktuell.net\/wordpress\/wp-content\/uploads\/2019\/07\/Start.jpg","articleSection":["Reise"],"inLanguage":"es"},{"@type":"WebPage","@id":"https:\/\/spanienaktuell.net\/wordpress\/ein-reisebericht-uber-den-paraje-natural-de-los-acantilados-de-maro-cerro-gordo\/","url":"https:\/\/spanienaktuell.net\/wordpress\/ein-reisebericht-uber-den-paraje-natural-de-los-acantilados-de-maro-cerro-gordo\/","name":"Ein Reisebericht \u00fcber den Paraje Natural de los Acantilados de Maro-Cerro Gordo - Spanien aktuell","isPartOf":{"@id":"https:\/\/spanienaktuell.net\/wordpress\/#website"},"primaryImageOfPage":{"@id":"https:\/\/spanienaktuell.net\/wordpress\/ein-reisebericht-uber-den-paraje-natural-de-los-acantilados-de-maro-cerro-gordo\/#primaryimage"},"image":{"@id":"https:\/\/spanienaktuell.net\/wordpress\/ein-reisebericht-uber-den-paraje-natural-de-los-acantilados-de-maro-cerro-gordo\/#primaryimage"},"thumbnailUrl":"https:\/\/spanienaktuell.net\/wordpress\/wp-content\/uploads\/2019\/07\/Start.jpg","datePublished":"2019-07-05T11:26:21+00:00","breadcrumb":{"@id":"https:\/\/spanienaktuell.net\/wordpress\/ein-reisebericht-uber-den-paraje-natural-de-los-acantilados-de-maro-cerro-gordo\/#breadcrumb"},"inLanguage":"es","potentialAction":[{"@type":"ReadAction","target":["https:\/\/spanienaktuell.net\/wordpress\/ein-reisebericht-uber-den-paraje-natural-de-los-acantilados-de-maro-cerro-gordo\/"]}]},{"@type":"ImageObject","inLanguage":"es","@id":"https:\/\/spanienaktuell.net\/wordpress\/ein-reisebericht-uber-den-paraje-natural-de-los-acantilados-de-maro-cerro-gordo\/#primaryimage","url":"https:\/\/spanienaktuell.net\/wordpress\/wp-content\/uploads\/2019\/07\/Start.jpg","contentUrl":"https:\/\/spanienaktuell.net\/wordpress\/wp-content\/uploads\/2019\/07\/Start.jpg","width":2432,"height":4320},{"@type":"BreadcrumbList","@id":"https:\/\/spanienaktuell.net\/wordpress\/ein-reisebericht-uber-den-paraje-natural-de-los-acantilados-de-maro-cerro-gordo\/#breadcrumb","itemListElement":[{"@type":"ListItem","position":1,"name":"Portada","item":"https:\/\/spanienaktuell.net\/wordpress\/"},{"@type":"ListItem","position":2,"name":"Ein Reisebericht \u00fcber den Paraje Natural de los Acantilados de Maro-Cerro Gordo"}]},{"@type":"WebSite","@id":"https:\/\/spanienaktuell.net\/wordpress\/#website","url":"https:\/\/spanienaktuell.net\/wordpress\/","name":"Spanien aktuell","description":"The German magazine number 1 on the Costa del Sol","publisher":{"@id":"https:\/\/spanienaktuell.net\/wordpress\/#organization"},"potentialAction":[{"@type":"SearchAction","target":{"@type":"EntryPoint","urlTemplate":"https:\/\/spanienaktuell.net\/wordpress\/?s={search_term_string}"},"query-input":{"@type":"PropertyValueSpecification","valueRequired":true,"valueName":"search_term_string"}}],"inLanguage":"es"},{"@type":"Organization","@id":"https:\/\/spanienaktuell.net\/wordpress\/#organization","name":"Spanien aktuell","url":"https:\/\/spanienaktuell.net\/wordpress\/","logo":{"@type":"ImageObject","inLanguage":"es","@id":"https:\/\/spanienaktuell.net\/wordpress\/#\/schema\/logo\/image\/","url":"https:\/\/spanienaktuell.net\/wordpress\/wp-content\/uploads\/2019\/06\/cropped-Logo-spanien-aktuell-png-web-e1561631085388.png","contentUrl":"https:\/\/spanienaktuell.net\/wordpress\/wp-content\/uploads\/2019\/06\/cropped-Logo-spanien-aktuell-png-web-e1561631085388.png","width":512,"height":110,"caption":"Spanien aktuell"},"image":{"@id":"https:\/\/spanienaktuell.net\/wordpress\/#\/schema\/logo\/image\/"}},{"@type":"Person","@id":"https:\/\/spanienaktuell.net\/wordpress\/#\/schema\/person\/bc410cfae0161b201d837ebfeeba7fd0","name":"Spanien Aktuell","image":{"@type":"ImageObject","inLanguage":"es","@id":"https:\/\/spanienaktuell.net\/wordpress\/#\/schema\/person\/image\/","url":"https:\/\/spanienaktuell.net\/wordpress\/wp-content\/uploads\/2019\/06\/cropped-Logo-spanien-aktuell-png-fav2-100x100.png","contentUrl":"https:\/\/spanienaktuell.net\/wordpress\/wp-content\/uploads\/2019\/06\/cropped-Logo-spanien-aktuell-png-fav2-100x100.png","caption":"Spanien Aktuell"},"url":"https:\/\/spanienaktuell.net\/wordpress\/author\/koalum\/"}]}},"_links":{"self":[{"href":"https:\/\/spanienaktuell.net\/wordpress\/wp-json\/wp\/v2\/posts\/85560","targetHints":{"allow":["GET"]}}],"collection":[{"href":"https:\/\/spanienaktuell.net\/wordpress\/wp-json\/wp\/v2\/posts"}],"about":[{"href":"https:\/\/spanienaktuell.net\/wordpress\/wp-json\/wp\/v2\/types\/post"}],"author":[{"embeddable":true,"href":"https:\/\/spanienaktuell.net\/wordpress\/wp-json\/wp\/v2\/users\/3"}],"replies":[{"embeddable":true,"href":"https:\/\/spanienaktuell.net\/wordpress\/wp-json\/wp\/v2\/comments?post=85560"}],"version-history":[{"count":1,"href":"https:\/\/spanienaktuell.net\/wordpress\/wp-json\/wp\/v2\/posts\/85560\/revisions"}],"predecessor-version":[{"id":85590,"href":"https:\/\/spanienaktuell.net\/wordpress\/wp-json\/wp\/v2\/posts\/85560\/revisions\/85590"}],"wp:featuredmedia":[{"embeddable":true,"href":"https:\/\/spanienaktuell.net\/wordpress\/wp-json\/wp\/v2\/media\/85561"}],"wp:attachment":[{"href":"https:\/\/spanienaktuell.net\/wordpress\/wp-json\/wp\/v2\/media?parent=85560"}],"wp:term":[{"taxonomy":"category","embeddable":true,"href":"https:\/\/spanienaktuell.net\/wordpress\/wp-json\/wp\/v2\/categories?post=85560"},{"taxonomy":"post_tag","embeddable":true,"href":"https:\/\/spanienaktuell.net\/wordpress\/wp-json\/wp\/v2\/tags?post=85560"}],"curies":[{"name":"wp","href":"https:\/\/api.w.org\/{rel}","templated":true}]}}