{"id":85819,"date":"2019-08-01T09:05:51","date_gmt":"2019-08-01T09:05:51","guid":{"rendered":"http:\/\/spanienaktuell.net\/wordpress\/?p=85819"},"modified":"2019-08-01T15:07:03","modified_gmt":"2019-08-01T15:07:03","slug":"strande-ohne-zigarettenstummel","status":"publish","type":"post","link":"https:\/\/spanienaktuell.net\/wordpress\/strande-ohne-zigarettenstummel\/","title":{"rendered":"\u201eStr\u00e4nde ohne Zigarettenstummel\u201c"},"content":{"rendered":"<p><span style=\"font-weight: 400;\">Das Rathaus von Estepona startet gemeinsam mit den Strandbars in der Gemeinde die Kampagne \u201eStr\u00e4nde ohne Zigarettenstummel\u201c: diejenigen, die ein Glas gesammelter Kippen in der Strandbar abgeben, erhalten ein alkoholfreies Getr\u00e4nk oder ein Bier.<\/span><span style=\"font-weight: 400;\"><br \/>\n<\/span><span style=\"font-weight: 400;\">Die Kampagne ist eine bahnbrechende Initiative der Gemeinde, die verhindern soll, dass Tabakreste die Gew\u00e4sser weiterhin verschmutzen. Die zust\u00e4ndige Stadtr\u00e4tin Susana Arag\u00f3n hat erkl\u00e4rt, die Sauberkeit an der K\u00fcste zu f\u00f6rdern und darauf hingewiesen, dass diese Kampagne das Bewusstsein der \u00d6ffentlichkeit f\u00fcr die Bedeutung der Sauberhaltung der Str\u00e4nde sch\u00e4rfen soll und sie betont, dass jeder Zigarettenstummel, der im Sand oder am Ufer deponiert wird, bis zu 50 Liter Wasser verunreinigen kann. Dar\u00fcber hinaus dauert die Degradation von Kippen aufgrund ihrer chemischen Zusammensetzung bis zu 10 Jahre, was sowohl den Meeresboden als auch die dort lebenden Arten <\/span><span style=\"font-weight: 400;\"><br \/>\n<\/span><span style=\"font-weight: 400;\">sch\u00e4digt. Arag\u00f3n hat darauf hingewiesen, dass diese Aktion darauf abzielt, die Strandbesucher \u00fcber die Auswirkungen nachl\u00e4ssiger Praktiken auf die Umwelt nachdenken zu lassen.<\/span><span style=\"font-weight: 400;\"><br \/>\n<\/span><span style=\"font-weight: 400;\">Mit aus diesem Grund hat die st\u00e4dtische Tourismusdelegation einen Spot entwickelt, der in sozialen Netzwerken und in den st\u00e4dtischen Medien ver\u00f6ffentlicht wird und \u00fcber die Notwendigkeit berichtet, dass Raucher keine Spuren von Tabakresten am Strand und auf dem Meer hinterlassen sollten.<\/span><span style=\"font-weight: 400;\"><br \/>\n<\/span><span style=\"font-weight: 400;\">Die Kampagne l\u00e4uft vom 22. Juli bis 15. August 2019; die teilnehmenden Strandbars (Chiringuitos) werden mit einem Plakat darauf hinweisen.<\/span><\/p>\n<p><span style=\"font-weight: 400;\">Quelle: Ayuntamiento de Estepona <\/span><\/p>\n","protected":false},"excerpt":{"rendered":"<p>Das Rathaus von Estepona startet gemeinsam mit den Strandbars in der Gemeinde die Kampagne \u201eStr\u00e4nde ohne Zigarettenstummel\u201c: diejenigen, die ein [&hellip;]<\/p>\n","protected":false},"author":3,"featured_media":85820,"comment_status":"closed","ping_status":"closed","sticky":false,"template":"","format":"standard","meta":{"footnotes":""},"categories":[28],"tags":[],"class_list":["post-85819","post","type-post","status-publish","format-standard","has-post-thumbnail","hentry","category-reportagen"],"yoast_head":"<!-- This site is optimized with the Yoast SEO plugin v27.1.1 - https:\/\/yoast.com\/product\/yoast-seo-wordpress\/ -->\n<title>\u201eStr\u00e4nde ohne Zigarettenstummel\u201c - Spanien aktuell<\/title>\n<meta name=\"robots\" content=\"index, follow, max-snippet:-1, max-image-preview:large, max-video-preview:-1\" \/>\n<link rel=\"canonical\" href=\"https:\/\/spanienaktuell.net\/wordpress\/strande-ohne-zigarettenstummel\/\" \/>\n<meta property=\"og:locale\" content=\"es_ES\" \/>\n<meta property=\"og:type\" content=\"article\" \/>\n<meta property=\"og:title\" content=\"\u201eStr\u00e4nde ohne Zigarettenstummel\u201c - Spanien aktuell\" \/>\n<meta property=\"og:description\" content=\"Das Rathaus von Estepona startet gemeinsam mit den Strandbars in der Gemeinde die Kampagne \u201eStr\u00e4nde ohne Zigarettenstummel\u201c: diejenigen, die ein [&hellip;]\" \/>\n<meta property=\"og:url\" content=\"https:\/\/spanienaktuell.net\/wordpress\/strande-ohne-zigarettenstummel\/\" \/>\n<meta property=\"og:site_name\" content=\"Spanien aktuell\" \/>\n<meta property=\"article:published_time\" content=\"2019-08-01T09:05:51+00:00\" \/>\n<meta property=\"article:modified_time\" content=\"2019-08-01T15:07:03+00:00\" \/>\n<meta property=\"og:image\" content=\"https:\/\/spanienaktuell.net\/wordpress\/wp-content\/uploads\/2019\/08\/Cartel-Orillas-Ing_compressed.jpg\" \/>\n\t<meta property=\"og:image:width\" content=\"763\" \/>\n\t<meta property=\"og:image:height\" content=\"1080\" \/>\n\t<meta property=\"og:image:type\" content=\"image\/jpeg\" \/>\n<meta name=\"author\" content=\"Spanien Aktuell\" \/>\n<meta name=\"twitter:card\" content=\"summary_large_image\" \/>\n<meta name=\"twitter:label1\" content=\"Escrito por\" \/>\n\t<meta name=\"twitter:data1\" content=\"Spanien Aktuell\" \/>\n\t<meta name=\"twitter:label2\" content=\"Tiempo de lectura\" \/>\n\t<meta name=\"twitter:data2\" content=\"1 minuto\" \/>\n<script type=\"application\/ld+json\" class=\"yoast-schema-graph\">{\"@context\":\"https:\/\/schema.org\",\"@graph\":[{\"@type\":\"Article\",\"@id\":\"https:\/\/spanienaktuell.net\/wordpress\/strande-ohne-zigarettenstummel\/#article\",\"isPartOf\":{\"@id\":\"https:\/\/spanienaktuell.net\/wordpress\/strande-ohne-zigarettenstummel\/\"},\"author\":{\"name\":\"Spanien Aktuell\",\"@id\":\"https:\/\/spanienaktuell.net\/wordpress\/#\/schema\/person\/bc410cfae0161b201d837ebfeeba7fd0\"},\"headline\":\"\u201eStr\u00e4nde ohne Zigarettenstummel\u201c\",\"datePublished\":\"2019-08-01T09:05:51+00:00\",\"dateModified\":\"2019-08-01T15:07:03+00:00\",\"mainEntityOfPage\":{\"@id\":\"https:\/\/spanienaktuell.net\/wordpress\/strande-ohne-zigarettenstummel\/\"},\"wordCount\":237,\"publisher\":{\"@id\":\"https:\/\/spanienaktuell.net\/wordpress\/#organization\"},\"image\":{\"@id\":\"https:\/\/spanienaktuell.net\/wordpress\/strande-ohne-zigarettenstummel\/#primaryimage\"},\"thumbnailUrl\":\"https:\/\/spanienaktuell.net\/wordpress\/wp-content\/uploads\/2019\/08\/Cartel-Orillas-Ing_compressed.jpg\",\"articleSection\":[\"Reportagen\"],\"inLanguage\":\"es\"},{\"@type\":\"WebPage\",\"@id\":\"https:\/\/spanienaktuell.net\/wordpress\/strande-ohne-zigarettenstummel\/\",\"url\":\"https:\/\/spanienaktuell.net\/wordpress\/strande-ohne-zigarettenstummel\/\",\"name\":\"\u201eStr\u00e4nde ohne Zigarettenstummel\u201c - Spanien aktuell\",\"isPartOf\":{\"@id\":\"https:\/\/spanienaktuell.net\/wordpress\/#website\"},\"primaryImageOfPage\":{\"@id\":\"https:\/\/spanienaktuell.net\/wordpress\/strande-ohne-zigarettenstummel\/#primaryimage\"},\"image\":{\"@id\":\"https:\/\/spanienaktuell.net\/wordpress\/strande-ohne-zigarettenstummel\/#primaryimage\"},\"thumbnailUrl\":\"https:\/\/spanienaktuell.net\/wordpress\/wp-content\/uploads\/2019\/08\/Cartel-Orillas-Ing_compressed.jpg\",\"datePublished\":\"2019-08-01T09:05:51+00:00\",\"dateModified\":\"2019-08-01T15:07:03+00:00\",\"breadcrumb\":{\"@id\":\"https:\/\/spanienaktuell.net\/wordpress\/strande-ohne-zigarettenstummel\/#breadcrumb\"},\"inLanguage\":\"es\",\"potentialAction\":[{\"@type\":\"ReadAction\",\"target\":[\"https:\/\/spanienaktuell.net\/wordpress\/strande-ohne-zigarettenstummel\/\"]}]},{\"@type\":\"ImageObject\",\"inLanguage\":\"es\",\"@id\":\"https:\/\/spanienaktuell.net\/wordpress\/strande-ohne-zigarettenstummel\/#primaryimage\",\"url\":\"https:\/\/spanienaktuell.net\/wordpress\/wp-content\/uploads\/2019\/08\/Cartel-Orillas-Ing_compressed.jpg\",\"contentUrl\":\"https:\/\/spanienaktuell.net\/wordpress\/wp-content\/uploads\/2019\/08\/Cartel-Orillas-Ing_compressed.jpg\",\"width\":763,\"height\":1080},{\"@type\":\"BreadcrumbList\",\"@id\":\"https:\/\/spanienaktuell.net\/wordpress\/strande-ohne-zigarettenstummel\/#breadcrumb\",\"itemListElement\":[{\"@type\":\"ListItem\",\"position\":1,\"name\":\"Portada\",\"item\":\"https:\/\/spanienaktuell.net\/wordpress\/\"},{\"@type\":\"ListItem\",\"position\":2,\"name\":\"\u201eStr\u00e4nde ohne Zigarettenstummel\u201c\"}]},{\"@type\":\"WebSite\",\"@id\":\"https:\/\/spanienaktuell.net\/wordpress\/#website\",\"url\":\"https:\/\/spanienaktuell.net\/wordpress\/\",\"name\":\"Spanien aktuell\",\"description\":\"The German magazine number 1 on the Costa del Sol\",\"publisher\":{\"@id\":\"https:\/\/spanienaktuell.net\/wordpress\/#organization\"},\"potentialAction\":[{\"@type\":\"SearchAction\",\"target\":{\"@type\":\"EntryPoint\",\"urlTemplate\":\"https:\/\/spanienaktuell.net\/wordpress\/?s={search_term_string}\"},\"query-input\":{\"@type\":\"PropertyValueSpecification\",\"valueRequired\":true,\"valueName\":\"search_term_string\"}}],\"inLanguage\":\"es\"},{\"@type\":\"Organization\",\"@id\":\"https:\/\/spanienaktuell.net\/wordpress\/#organization\",\"name\":\"Spanien aktuell\",\"url\":\"https:\/\/spanienaktuell.net\/wordpress\/\",\"logo\":{\"@type\":\"ImageObject\",\"inLanguage\":\"es\",\"@id\":\"https:\/\/spanienaktuell.net\/wordpress\/#\/schema\/logo\/image\/\",\"url\":\"https:\/\/spanienaktuell.net\/wordpress\/wp-content\/uploads\/2019\/06\/cropped-Logo-spanien-aktuell-png-web-e1561631085388.png\",\"contentUrl\":\"https:\/\/spanienaktuell.net\/wordpress\/wp-content\/uploads\/2019\/06\/cropped-Logo-spanien-aktuell-png-web-e1561631085388.png\",\"width\":512,\"height\":110,\"caption\":\"Spanien aktuell\"},\"image\":{\"@id\":\"https:\/\/spanienaktuell.net\/wordpress\/#\/schema\/logo\/image\/\"}},{\"@type\":\"Person\",\"@id\":\"https:\/\/spanienaktuell.net\/wordpress\/#\/schema\/person\/bc410cfae0161b201d837ebfeeba7fd0\",\"name\":\"Spanien Aktuell\",\"image\":{\"@type\":\"ImageObject\",\"inLanguage\":\"es\",\"@id\":\"https:\/\/spanienaktuell.net\/wordpress\/#\/schema\/person\/image\/\",\"url\":\"https:\/\/spanienaktuell.net\/wordpress\/wp-content\/uploads\/2019\/06\/cropped-Logo-spanien-aktuell-png-fav2-100x100.png\",\"contentUrl\":\"https:\/\/spanienaktuell.net\/wordpress\/wp-content\/uploads\/2019\/06\/cropped-Logo-spanien-aktuell-png-fav2-100x100.png\",\"caption\":\"Spanien Aktuell\"},\"url\":\"https:\/\/spanienaktuell.net\/wordpress\/author\/koalum\/\"}]}<\/script>\n<!-- \/ Yoast SEO plugin. -->","yoast_head_json":{"title":"\u201eStr\u00e4nde ohne Zigarettenstummel\u201c - Spanien aktuell","robots":{"index":"index","follow":"follow","max-snippet":"max-snippet:-1","max-image-preview":"max-image-preview:large","max-video-preview":"max-video-preview:-1"},"canonical":"https:\/\/spanienaktuell.net\/wordpress\/strande-ohne-zigarettenstummel\/","og_locale":"es_ES","og_type":"article","og_title":"\u201eStr\u00e4nde ohne Zigarettenstummel\u201c - Spanien aktuell","og_description":"Das Rathaus von Estepona startet gemeinsam mit den Strandbars in der Gemeinde die Kampagne \u201eStr\u00e4nde ohne Zigarettenstummel\u201c: diejenigen, die ein [&hellip;]","og_url":"https:\/\/spanienaktuell.net\/wordpress\/strande-ohne-zigarettenstummel\/","og_site_name":"Spanien aktuell","article_published_time":"2019-08-01T09:05:51+00:00","article_modified_time":"2019-08-01T15:07:03+00:00","og_image":[{"width":763,"height":1080,"url":"https:\/\/spanienaktuell.net\/wordpress\/wp-content\/uploads\/2019\/08\/Cartel-Orillas-Ing_compressed.jpg","type":"image\/jpeg"}],"author":"Spanien Aktuell","twitter_card":"summary_large_image","twitter_misc":{"Escrito por":"Spanien Aktuell","Tiempo de lectura":"1 minuto"},"schema":{"@context":"https:\/\/schema.org","@graph":[{"@type":"Article","@id":"https:\/\/spanienaktuell.net\/wordpress\/strande-ohne-zigarettenstummel\/#article","isPartOf":{"@id":"https:\/\/spanienaktuell.net\/wordpress\/strande-ohne-zigarettenstummel\/"},"author":{"name":"Spanien Aktuell","@id":"https:\/\/spanienaktuell.net\/wordpress\/#\/schema\/person\/bc410cfae0161b201d837ebfeeba7fd0"},"headline":"\u201eStr\u00e4nde ohne Zigarettenstummel\u201c","datePublished":"2019-08-01T09:05:51+00:00","dateModified":"2019-08-01T15:07:03+00:00","mainEntityOfPage":{"@id":"https:\/\/spanienaktuell.net\/wordpress\/strande-ohne-zigarettenstummel\/"},"wordCount":237,"publisher":{"@id":"https:\/\/spanienaktuell.net\/wordpress\/#organization"},"image":{"@id":"https:\/\/spanienaktuell.net\/wordpress\/strande-ohne-zigarettenstummel\/#primaryimage"},"thumbnailUrl":"https:\/\/spanienaktuell.net\/wordpress\/wp-content\/uploads\/2019\/08\/Cartel-Orillas-Ing_compressed.jpg","articleSection":["Reportagen"],"inLanguage":"es"},{"@type":"WebPage","@id":"https:\/\/spanienaktuell.net\/wordpress\/strande-ohne-zigarettenstummel\/","url":"https:\/\/spanienaktuell.net\/wordpress\/strande-ohne-zigarettenstummel\/","name":"\u201eStr\u00e4nde ohne Zigarettenstummel\u201c - Spanien aktuell","isPartOf":{"@id":"https:\/\/spanienaktuell.net\/wordpress\/#website"},"primaryImageOfPage":{"@id":"https:\/\/spanienaktuell.net\/wordpress\/strande-ohne-zigarettenstummel\/#primaryimage"},"image":{"@id":"https:\/\/spanienaktuell.net\/wordpress\/strande-ohne-zigarettenstummel\/#primaryimage"},"thumbnailUrl":"https:\/\/spanienaktuell.net\/wordpress\/wp-content\/uploads\/2019\/08\/Cartel-Orillas-Ing_compressed.jpg","datePublished":"2019-08-01T09:05:51+00:00","dateModified":"2019-08-01T15:07:03+00:00","breadcrumb":{"@id":"https:\/\/spanienaktuell.net\/wordpress\/strande-ohne-zigarettenstummel\/#breadcrumb"},"inLanguage":"es","potentialAction":[{"@type":"ReadAction","target":["https:\/\/spanienaktuell.net\/wordpress\/strande-ohne-zigarettenstummel\/"]}]},{"@type":"ImageObject","inLanguage":"es","@id":"https:\/\/spanienaktuell.net\/wordpress\/strande-ohne-zigarettenstummel\/#primaryimage","url":"https:\/\/spanienaktuell.net\/wordpress\/wp-content\/uploads\/2019\/08\/Cartel-Orillas-Ing_compressed.jpg","contentUrl":"https:\/\/spanienaktuell.net\/wordpress\/wp-content\/uploads\/2019\/08\/Cartel-Orillas-Ing_compressed.jpg","width":763,"height":1080},{"@type":"BreadcrumbList","@id":"https:\/\/spanienaktuell.net\/wordpress\/strande-ohne-zigarettenstummel\/#breadcrumb","itemListElement":[{"@type":"ListItem","position":1,"name":"Portada","item":"https:\/\/spanienaktuell.net\/wordpress\/"},{"@type":"ListItem","position":2,"name":"\u201eStr\u00e4nde ohne Zigarettenstummel\u201c"}]},{"@type":"WebSite","@id":"https:\/\/spanienaktuell.net\/wordpress\/#website","url":"https:\/\/spanienaktuell.net\/wordpress\/","name":"Spanien aktuell","description":"The German magazine number 1 on the Costa del Sol","publisher":{"@id":"https:\/\/spanienaktuell.net\/wordpress\/#organization"},"potentialAction":[{"@type":"SearchAction","target":{"@type":"EntryPoint","urlTemplate":"https:\/\/spanienaktuell.net\/wordpress\/?s={search_term_string}"},"query-input":{"@type":"PropertyValueSpecification","valueRequired":true,"valueName":"search_term_string"}}],"inLanguage":"es"},{"@type":"Organization","@id":"https:\/\/spanienaktuell.net\/wordpress\/#organization","name":"Spanien aktuell","url":"https:\/\/spanienaktuell.net\/wordpress\/","logo":{"@type":"ImageObject","inLanguage":"es","@id":"https:\/\/spanienaktuell.net\/wordpress\/#\/schema\/logo\/image\/","url":"https:\/\/spanienaktuell.net\/wordpress\/wp-content\/uploads\/2019\/06\/cropped-Logo-spanien-aktuell-png-web-e1561631085388.png","contentUrl":"https:\/\/spanienaktuell.net\/wordpress\/wp-content\/uploads\/2019\/06\/cropped-Logo-spanien-aktuell-png-web-e1561631085388.png","width":512,"height":110,"caption":"Spanien aktuell"},"image":{"@id":"https:\/\/spanienaktuell.net\/wordpress\/#\/schema\/logo\/image\/"}},{"@type":"Person","@id":"https:\/\/spanienaktuell.net\/wordpress\/#\/schema\/person\/bc410cfae0161b201d837ebfeeba7fd0","name":"Spanien Aktuell","image":{"@type":"ImageObject","inLanguage":"es","@id":"https:\/\/spanienaktuell.net\/wordpress\/#\/schema\/person\/image\/","url":"https:\/\/spanienaktuell.net\/wordpress\/wp-content\/uploads\/2019\/06\/cropped-Logo-spanien-aktuell-png-fav2-100x100.png","contentUrl":"https:\/\/spanienaktuell.net\/wordpress\/wp-content\/uploads\/2019\/06\/cropped-Logo-spanien-aktuell-png-fav2-100x100.png","caption":"Spanien Aktuell"},"url":"https:\/\/spanienaktuell.net\/wordpress\/author\/koalum\/"}]}},"_links":{"self":[{"href":"https:\/\/spanienaktuell.net\/wordpress\/wp-json\/wp\/v2\/posts\/85819","targetHints":{"allow":["GET"]}}],"collection":[{"href":"https:\/\/spanienaktuell.net\/wordpress\/wp-json\/wp\/v2\/posts"}],"about":[{"href":"https:\/\/spanienaktuell.net\/wordpress\/wp-json\/wp\/v2\/types\/post"}],"author":[{"embeddable":true,"href":"https:\/\/spanienaktuell.net\/wordpress\/wp-json\/wp\/v2\/users\/3"}],"replies":[{"embeddable":true,"href":"https:\/\/spanienaktuell.net\/wordpress\/wp-json\/wp\/v2\/comments?post=85819"}],"version-history":[{"count":1,"href":"https:\/\/spanienaktuell.net\/wordpress\/wp-json\/wp\/v2\/posts\/85819\/revisions"}],"predecessor-version":[{"id":85824,"href":"https:\/\/spanienaktuell.net\/wordpress\/wp-json\/wp\/v2\/posts\/85819\/revisions\/85824"}],"wp:featuredmedia":[{"embeddable":true,"href":"https:\/\/spanienaktuell.net\/wordpress\/wp-json\/wp\/v2\/media\/85820"}],"wp:attachment":[{"href":"https:\/\/spanienaktuell.net\/wordpress\/wp-json\/wp\/v2\/media?parent=85819"}],"wp:term":[{"taxonomy":"category","embeddable":true,"href":"https:\/\/spanienaktuell.net\/wordpress\/wp-json\/wp\/v2\/categories?post=85819"},{"taxonomy":"post_tag","embeddable":true,"href":"https:\/\/spanienaktuell.net\/wordpress\/wp-json\/wp\/v2\/tags?post=85819"}],"curies":[{"name":"wp","href":"https:\/\/api.w.org\/{rel}","templated":true}]}}