{"id":85859,"date":"2019-08-01T17:00:18","date_gmt":"2019-08-01T17:00:18","guid":{"rendered":"http:\/\/spanienaktuell.net\/wordpress\/?p=85859"},"modified":"2019-08-01T17:09:04","modified_gmt":"2019-08-01T17:09:04","slug":"willkommen-bei-cruceros-axarquia-2","status":"publish","type":"post","link":"https:\/\/spanienaktuell.net\/wordpress\/willkommen-bei-cruceros-axarquia-2\/","title":{"rendered":"Willkommen bei Cruceros Axarqu\u00eda"},"content":{"rendered":"<p><span style=\"font-weight: 400;\">Entdecken Sie die landschaftlich reizvolle spanische K\u00fcste vom Segelboot aus. Vermeiden Sie den Stress der Organisation und der Suche nach den besten Str\u00e4nden sowie den sch\u00f6nsten Buchten.( Ausfahrten mehrmals am Tag bei gutem Wetter)\u00a0\u00a0\u00a0\u00a0\u00a0<\/span><\/p>\n<p><span style=\"font-weight: 400;\"><img decoding=\"async\" class=\"alignnone size-medium wp-image-85864\" src=\"http:\/\/spanienaktuell.net\/wordpress\/wp-content\/uploads\/2019\/08\/1-12-300x300.jpg\" alt=\"\" width=\"300\" height=\"300\" srcset=\"https:\/\/spanienaktuell.net\/wordpress\/wp-content\/uploads\/2019\/08\/1-12-300x300.jpg 300w, https:\/\/spanienaktuell.net\/wordpress\/wp-content\/uploads\/2019\/08\/1-12-150x150.jpg 150w, https:\/\/spanienaktuell.net\/wordpress\/wp-content\/uploads\/2019\/08\/1-12-768x768.jpg 768w, https:\/\/spanienaktuell.net\/wordpress\/wp-content\/uploads\/2019\/08\/1-12.jpg 960w\" sizes=\"(max-width: 300px) 100vw, 300px\" \/><img decoding=\"async\" class=\"alignnone size-medium wp-image-85866\" src=\"http:\/\/spanienaktuell.net\/wordpress\/wp-content\/uploads\/2019\/08\/4-300x300.jpg\" alt=\"\" width=\"300\" height=\"300\" srcset=\"https:\/\/spanienaktuell.net\/wordpress\/wp-content\/uploads\/2019\/08\/4-300x300.jpg 300w, https:\/\/spanienaktuell.net\/wordpress\/wp-content\/uploads\/2019\/08\/4-150x150.jpg 150w, https:\/\/spanienaktuell.net\/wordpress\/wp-content\/uploads\/2019\/08\/4.jpg 746w\" sizes=\"(max-width: 300px) 100vw, 300px\" \/><img decoding=\"async\" class=\"alignnone size-medium wp-image-85863\" src=\"http:\/\/spanienaktuell.net\/wordpress\/wp-content\/uploads\/2019\/08\/1-7-300x300.jpg\" alt=\"\" width=\"300\" height=\"300\" srcset=\"https:\/\/spanienaktuell.net\/wordpress\/wp-content\/uploads\/2019\/08\/1-7-300x300.jpg 300w, https:\/\/spanienaktuell.net\/wordpress\/wp-content\/uploads\/2019\/08\/1-7-150x150.jpg 150w, https:\/\/spanienaktuell.net\/wordpress\/wp-content\/uploads\/2019\/08\/1-7-768x768.jpg 768w, https:\/\/spanienaktuell.net\/wordpress\/wp-content\/uploads\/2019\/08\/1-7.jpg 960w\" sizes=\"(max-width: 300px) 100vw, 300px\" \/><\/span><\/p>\n<p><span style=\"font-weight: 400;\">Cruseros Axarquia wurde im Jahr 2014 gegr\u00fcndet und hat seine Basis und das B\u00fcro im Hafen von Caleta de Velez (V\u00e9lez-M\u00e1laga). Angeboten werden\u00a0 verschiedene Ausflugsziel, zum Beispiel ein mehrst\u00fcndiger Ausflug mit dem Segelboot \u201ePapa Tino\u201c in die Gegend von Maro-Nerja oder La Herradura und die Costa Tropical. F\u00fcr Schnorchel begeisterte ein ideales\u00a0 Gebiet, um die Unterwasser-Welt zu erkunden es gibt Spalten, \u00dcberh\u00e4nge und kleine Grotten. Die W\u00e4nde sind bedeckt mit orangenen Sternkorallen, Anemonen, Zylinderrosen und Seescheiden. Die sch\u00f6nen Buchten laden nat\u00fcrlich auch zum Baden ein. Verpflegung, Schnorchel Equipment (leihweise) sind im Preis mit inbegriffen.<\/span><\/p>\n<p><span style=\"font-weight: 400;\">M\u00f6chten Sie lieber ein romantisches Abendessen und den Sonnenuntergang auf dem Meer genie\u00dfen? \u201eCruceros Axarquia\u201c organisiert\u00a0 diesen unvergesslichen Augenblick f\u00fcr Sie. Angeboten wird bieten eine breite Palette von Ausfl\u00fcgen, f\u00fcr Gruppen, Familien, Firmen und f\u00fcr jede Art von Feiern wird das angeboten was Sie schon lange gesucht haben.<\/span><\/p>\n<p><b><img decoding=\"async\" class=\"alignnone size-medium wp-image-85862\" src=\"http:\/\/spanienaktuell.net\/wordpress\/wp-content\/uploads\/2019\/08\/1-6-300x300.jpg\" alt=\"\" width=\"300\" height=\"300\" srcset=\"https:\/\/spanienaktuell.net\/wordpress\/wp-content\/uploads\/2019\/08\/1-6-300x300.jpg 300w, https:\/\/spanienaktuell.net\/wordpress\/wp-content\/uploads\/2019\/08\/1-6-150x150.jpg 150w, https:\/\/spanienaktuell.net\/wordpress\/wp-content\/uploads\/2019\/08\/1-6-768x768.jpg 768w, https:\/\/spanienaktuell.net\/wordpress\/wp-content\/uploads\/2019\/08\/1-6.jpg 960w\" sizes=\"(max-width: 300px) 100vw, 300px\" \/><img decoding=\"async\" class=\"alignnone size-medium wp-image-85861\" src=\"http:\/\/spanienaktuell.net\/wordpress\/wp-content\/uploads\/2019\/08\/1-5-300x300.jpg\" alt=\"\" width=\"300\" height=\"300\" srcset=\"https:\/\/spanienaktuell.net\/wordpress\/wp-content\/uploads\/2019\/08\/1-5-300x300.jpg 300w, https:\/\/spanienaktuell.net\/wordpress\/wp-content\/uploads\/2019\/08\/1-5-150x150.jpg 150w, https:\/\/spanienaktuell.net\/wordpress\/wp-content\/uploads\/2019\/08\/1-5-768x768.jpg 768w, https:\/\/spanienaktuell.net\/wordpress\/wp-content\/uploads\/2019\/08\/1-5.jpg 960w\" sizes=\"(max-width: 300px) 100vw, 300px\" \/><img decoding=\"async\" class=\"alignnone size-medium wp-image-85867\" src=\"http:\/\/spanienaktuell.net\/wordpress\/wp-content\/uploads\/2019\/08\/7-300x300.jpg\" alt=\"\" width=\"300\" height=\"300\" srcset=\"https:\/\/spanienaktuell.net\/wordpress\/wp-content\/uploads\/2019\/08\/7-300x300.jpg 300w, https:\/\/spanienaktuell.net\/wordpress\/wp-content\/uploads\/2019\/08\/7-150x150.jpg 150w, https:\/\/spanienaktuell.net\/wordpress\/wp-content\/uploads\/2019\/08\/7.jpg 746w\" sizes=\"(max-width: 300px) 100vw, 300px\" \/><\/b><\/p>\n<p><b>Es gibt auch die M\u00f6glichkeit \u201eFenico XIII\u201c Segelboot mit Kabine zu mieten und die Umgebung selbst zu erkunden sofern Sie einen Segelschein haben.<\/b><\/p>\n<p><span style=\"font-weight: 400;\">Sie k\u00f6nnen bei uns auch einen Segelschein machen, hierzu informieren wir Sie in unserem B\u00fcro oder informieren Sie sich auf unserer Webseite.<\/span><\/p>\n<p><span style=\"font-weight: 400;\"><img decoding=\"async\" class=\"aligncenter size-full wp-image-85865\" src=\"http:\/\/spanienaktuell.net\/wordpress\/wp-content\/uploads\/2019\/08\/1-1.jpg\" alt=\"\" width=\"1328\" height=\"747\" srcset=\"https:\/\/spanienaktuell.net\/wordpress\/wp-content\/uploads\/2019\/08\/1-1.jpg 1328w, https:\/\/spanienaktuell.net\/wordpress\/wp-content\/uploads\/2019\/08\/1-1-300x169.jpg 300w, https:\/\/spanienaktuell.net\/wordpress\/wp-content\/uploads\/2019\/08\/1-1-768x432.jpg 768w, https:\/\/spanienaktuell.net\/wordpress\/wp-content\/uploads\/2019\/08\/1-1-1024x576.jpg 1024w\" sizes=\"(max-width: 1328px) 100vw, 1328px\" \/><\/span><\/p>\n<p><span style=\"font-weight: 400;\">F\u00fcr Buchungen und ausf\u00fchrliche Informationen zu unserem Gesamtprogramm besuchen Sie uns bitte in unserem B\u00fcro im Hafen von Caleta de Velez oder informieren Sie sich auf unserer Webseite: <\/span><a href=\"http:\/\/www.crucerosaxarquia.com\"><b>www.crucerosaxarquia.com<\/b><\/a><b>\u00a0<\/b><\/p>\n<p><span style=\"font-weight: 400;\">Nat\u00fcrlich stehen wir auch telefonisch f\u00fcr Sie zur Verf\u00fcgung.\u00a0<\/span><\/p>\n<p><b>Wir w\u00fcrden uns freuen Sie bald bei uns an Bord begr\u00fc\u00dfen zu d\u00fcrfen.<\/b><\/p>\n<p><b><img decoding=\"async\" class=\"aligncenter size-full wp-image-85868\" src=\"http:\/\/spanienaktuell.net\/wordpress\/wp-content\/uploads\/2019\/08\/1-10.jpg\" alt=\"\" width=\"1080\" height=\"608\" srcset=\"https:\/\/spanienaktuell.net\/wordpress\/wp-content\/uploads\/2019\/08\/1-10.jpg 1080w, https:\/\/spanienaktuell.net\/wordpress\/wp-content\/uploads\/2019\/08\/1-10-300x169.jpg 300w, https:\/\/spanienaktuell.net\/wordpress\/wp-content\/uploads\/2019\/08\/1-10-768x432.jpg 768w, https:\/\/spanienaktuell.net\/wordpress\/wp-content\/uploads\/2019\/08\/1-10-1024x576.jpg 1024w\" sizes=\"(max-width: 1080px) 100vw, 1080px\" \/><\/b><\/p>\n<p><b>Cruceros Axarqu\u00eda S.L<\/b><span style=\"font-weight: 400;\">.<\/span><\/p>\n<p><span style=\"font-weight: 400;\"><img decoding=\"async\" class=\" wp-image-85869 alignnone\" src=\"http:\/\/spanienaktuell.net\/wordpress\/wp-content\/uploads\/2019\/08\/1-2.jpg\" alt=\"\" width=\"151\" height=\"151\" srcset=\"https:\/\/spanienaktuell.net\/wordpress\/wp-content\/uploads\/2019\/08\/1-2.jpg 750w, https:\/\/spanienaktuell.net\/wordpress\/wp-content\/uploads\/2019\/08\/1-2-150x150.jpg 150w, https:\/\/spanienaktuell.net\/wordpress\/wp-content\/uploads\/2019\/08\/1-2-300x300.jpg 300w\" sizes=\"(max-width: 151px) 100vw, 151px\" \/><\/span><\/p>\n<p><span style=\"font-weight: 400;\">Puerto Deportivo Caleta de V\u00e9lez (V\u00e9lez-M\u00e1laga)<\/span><\/p>\n<p><span style=\"font-weight: 400;\">B\u00fcro an der Zufahrt* zum Hafen (* Muebles Piramides Puerto)<\/span><\/p>\n<p><span style=\"font-weight: 400;\">Tel.: (Spanisch): +34 635 772 699<\/span><\/p>\n<p><span style=\"font-weight: 400;\">Tel.: (Englisch) \u00a0 +34 685 625 977\u00a0<\/span><\/p>\n<p><a href=\"http:\/\/www.crucerosaxarquia.com\"><b>www.crucerosaxarquia.com<\/b><\/a><b>\u00a0<\/b><\/p>\n<p><span style=\"font-weight: 400;\">Fotos: Cruceros Axarquia Text: Spanien aktuell<\/span><\/p>\n","protected":false},"excerpt":{"rendered":"<p>Entdecken Sie die landschaftlich reizvolle spanische K\u00fcste vom Segelboot aus. Vermeiden Sie den Stress der Organisation und der Suche nach [&hellip;]<\/p>\n","protected":false},"author":3,"featured_media":85860,"comment_status":"closed","ping_status":"closed","sticky":false,"template":"","format":"standard","meta":{"footnotes":""},"categories":[31],"tags":[],"class_list":["post-85859","post","type-post","status-publish","format-standard","has-post-thumbnail","hentry","category-reise"],"yoast_head":"<!-- This site is optimized with the Yoast SEO plugin v27.1.1 - https:\/\/yoast.com\/product\/yoast-seo-wordpress\/ -->\n<title>Willkommen bei Cruceros Axarqu\u00eda - Spanien aktuell<\/title>\n<meta name=\"robots\" content=\"index, follow, max-snippet:-1, max-image-preview:large, max-video-preview:-1\" \/>\n<link rel=\"canonical\" href=\"https:\/\/spanienaktuell.net\/wordpress\/willkommen-bei-cruceros-axarquia-2\/\" \/>\n<meta property=\"og:locale\" content=\"es_ES\" \/>\n<meta property=\"og:type\" content=\"article\" \/>\n<meta property=\"og:title\" content=\"Willkommen bei Cruceros Axarqu\u00eda - Spanien aktuell\" \/>\n<meta property=\"og:description\" content=\"Entdecken Sie die landschaftlich reizvolle spanische K\u00fcste vom Segelboot aus. Vermeiden Sie den Stress der Organisation und der Suche nach [&hellip;]\" \/>\n<meta property=\"og:url\" content=\"https:\/\/spanienaktuell.net\/wordpress\/willkommen-bei-cruceros-axarquia-2\/\" \/>\n<meta property=\"og:site_name\" content=\"Spanien aktuell\" \/>\n<meta property=\"article:published_time\" content=\"2019-08-01T17:00:18+00:00\" \/>\n<meta property=\"article:modified_time\" content=\"2019-08-01T17:09:04+00:00\" \/>\n<meta property=\"og:image\" content=\"https:\/\/spanienaktuell.net\/wordpress\/wp-content\/uploads\/2019\/08\/DSC03062.jpg\" \/>\n\t<meta property=\"og:image:width\" content=\"1440\" \/>\n\t<meta property=\"og:image:height\" content=\"962\" \/>\n\t<meta property=\"og:image:type\" content=\"image\/jpeg\" \/>\n<meta name=\"author\" content=\"Spanien Aktuell\" \/>\n<meta name=\"twitter:card\" content=\"summary_large_image\" \/>\n<meta name=\"twitter:label1\" content=\"Escrito por\" \/>\n\t<meta name=\"twitter:data1\" content=\"Spanien Aktuell\" \/>\n\t<meta name=\"twitter:label2\" content=\"Tiempo de lectura\" \/>\n\t<meta name=\"twitter:data2\" content=\"2 minutos\" \/>\n<script type=\"application\/ld+json\" class=\"yoast-schema-graph\">{\"@context\":\"https:\/\/schema.org\",\"@graph\":[{\"@type\":\"Article\",\"@id\":\"https:\/\/spanienaktuell.net\/wordpress\/willkommen-bei-cruceros-axarquia-2\/#article\",\"isPartOf\":{\"@id\":\"https:\/\/spanienaktuell.net\/wordpress\/willkommen-bei-cruceros-axarquia-2\/\"},\"author\":{\"name\":\"Spanien Aktuell\",\"@id\":\"https:\/\/spanienaktuell.net\/wordpress\/#\/schema\/person\/bc410cfae0161b201d837ebfeeba7fd0\"},\"headline\":\"Willkommen bei Cruceros Axarqu\u00eda\",\"datePublished\":\"2019-08-01T17:00:18+00:00\",\"dateModified\":\"2019-08-01T17:09:04+00:00\",\"mainEntityOfPage\":{\"@id\":\"https:\/\/spanienaktuell.net\/wordpress\/willkommen-bei-cruceros-axarquia-2\/\"},\"wordCount\":346,\"publisher\":{\"@id\":\"https:\/\/spanienaktuell.net\/wordpress\/#organization\"},\"image\":{\"@id\":\"https:\/\/spanienaktuell.net\/wordpress\/willkommen-bei-cruceros-axarquia-2\/#primaryimage\"},\"thumbnailUrl\":\"https:\/\/spanienaktuell.net\/wordpress\/wp-content\/uploads\/2019\/08\/DSC03062.jpg\",\"articleSection\":[\"Reise\"],\"inLanguage\":\"es\"},{\"@type\":\"WebPage\",\"@id\":\"https:\/\/spanienaktuell.net\/wordpress\/willkommen-bei-cruceros-axarquia-2\/\",\"url\":\"https:\/\/spanienaktuell.net\/wordpress\/willkommen-bei-cruceros-axarquia-2\/\",\"name\":\"Willkommen bei Cruceros Axarqu\u00eda - Spanien aktuell\",\"isPartOf\":{\"@id\":\"https:\/\/spanienaktuell.net\/wordpress\/#website\"},\"primaryImageOfPage\":{\"@id\":\"https:\/\/spanienaktuell.net\/wordpress\/willkommen-bei-cruceros-axarquia-2\/#primaryimage\"},\"image\":{\"@id\":\"https:\/\/spanienaktuell.net\/wordpress\/willkommen-bei-cruceros-axarquia-2\/#primaryimage\"},\"thumbnailUrl\":\"https:\/\/spanienaktuell.net\/wordpress\/wp-content\/uploads\/2019\/08\/DSC03062.jpg\",\"datePublished\":\"2019-08-01T17:00:18+00:00\",\"dateModified\":\"2019-08-01T17:09:04+00:00\",\"breadcrumb\":{\"@id\":\"https:\/\/spanienaktuell.net\/wordpress\/willkommen-bei-cruceros-axarquia-2\/#breadcrumb\"},\"inLanguage\":\"es\",\"potentialAction\":[{\"@type\":\"ReadAction\",\"target\":[\"https:\/\/spanienaktuell.net\/wordpress\/willkommen-bei-cruceros-axarquia-2\/\"]}]},{\"@type\":\"ImageObject\",\"inLanguage\":\"es\",\"@id\":\"https:\/\/spanienaktuell.net\/wordpress\/willkommen-bei-cruceros-axarquia-2\/#primaryimage\",\"url\":\"https:\/\/spanienaktuell.net\/wordpress\/wp-content\/uploads\/2019\/08\/DSC03062.jpg\",\"contentUrl\":\"https:\/\/spanienaktuell.net\/wordpress\/wp-content\/uploads\/2019\/08\/DSC03062.jpg\",\"width\":1440,\"height\":962},{\"@type\":\"BreadcrumbList\",\"@id\":\"https:\/\/spanienaktuell.net\/wordpress\/willkommen-bei-cruceros-axarquia-2\/#breadcrumb\",\"itemListElement\":[{\"@type\":\"ListItem\",\"position\":1,\"name\":\"Portada\",\"item\":\"https:\/\/spanienaktuell.net\/wordpress\/\"},{\"@type\":\"ListItem\",\"position\":2,\"name\":\"Willkommen bei Cruceros Axarqu\u00eda\"}]},{\"@type\":\"WebSite\",\"@id\":\"https:\/\/spanienaktuell.net\/wordpress\/#website\",\"url\":\"https:\/\/spanienaktuell.net\/wordpress\/\",\"name\":\"Spanien aktuell\",\"description\":\"The German magazine number 1 on the Costa del Sol\",\"publisher\":{\"@id\":\"https:\/\/spanienaktuell.net\/wordpress\/#organization\"},\"potentialAction\":[{\"@type\":\"SearchAction\",\"target\":{\"@type\":\"EntryPoint\",\"urlTemplate\":\"https:\/\/spanienaktuell.net\/wordpress\/?s={search_term_string}\"},\"query-input\":{\"@type\":\"PropertyValueSpecification\",\"valueRequired\":true,\"valueName\":\"search_term_string\"}}],\"inLanguage\":\"es\"},{\"@type\":\"Organization\",\"@id\":\"https:\/\/spanienaktuell.net\/wordpress\/#organization\",\"name\":\"Spanien aktuell\",\"url\":\"https:\/\/spanienaktuell.net\/wordpress\/\",\"logo\":{\"@type\":\"ImageObject\",\"inLanguage\":\"es\",\"@id\":\"https:\/\/spanienaktuell.net\/wordpress\/#\/schema\/logo\/image\/\",\"url\":\"https:\/\/spanienaktuell.net\/wordpress\/wp-content\/uploads\/2019\/06\/cropped-Logo-spanien-aktuell-png-web-e1561631085388.png\",\"contentUrl\":\"https:\/\/spanienaktuell.net\/wordpress\/wp-content\/uploads\/2019\/06\/cropped-Logo-spanien-aktuell-png-web-e1561631085388.png\",\"width\":512,\"height\":110,\"caption\":\"Spanien aktuell\"},\"image\":{\"@id\":\"https:\/\/spanienaktuell.net\/wordpress\/#\/schema\/logo\/image\/\"}},{\"@type\":\"Person\",\"@id\":\"https:\/\/spanienaktuell.net\/wordpress\/#\/schema\/person\/bc410cfae0161b201d837ebfeeba7fd0\",\"name\":\"Spanien Aktuell\",\"image\":{\"@type\":\"ImageObject\",\"inLanguage\":\"es\",\"@id\":\"https:\/\/spanienaktuell.net\/wordpress\/#\/schema\/person\/image\/\",\"url\":\"https:\/\/spanienaktuell.net\/wordpress\/wp-content\/uploads\/2019\/06\/cropped-Logo-spanien-aktuell-png-fav2-100x100.png\",\"contentUrl\":\"https:\/\/spanienaktuell.net\/wordpress\/wp-content\/uploads\/2019\/06\/cropped-Logo-spanien-aktuell-png-fav2-100x100.png\",\"caption\":\"Spanien Aktuell\"},\"url\":\"https:\/\/spanienaktuell.net\/wordpress\/author\/koalum\/\"}]}<\/script>\n<!-- \/ Yoast SEO plugin. -->","yoast_head_json":{"title":"Willkommen bei Cruceros Axarqu\u00eda - Spanien aktuell","robots":{"index":"index","follow":"follow","max-snippet":"max-snippet:-1","max-image-preview":"max-image-preview:large","max-video-preview":"max-video-preview:-1"},"canonical":"https:\/\/spanienaktuell.net\/wordpress\/willkommen-bei-cruceros-axarquia-2\/","og_locale":"es_ES","og_type":"article","og_title":"Willkommen bei Cruceros Axarqu\u00eda - Spanien aktuell","og_description":"Entdecken Sie die landschaftlich reizvolle spanische K\u00fcste vom Segelboot aus. Vermeiden Sie den Stress der Organisation und der Suche nach [&hellip;]","og_url":"https:\/\/spanienaktuell.net\/wordpress\/willkommen-bei-cruceros-axarquia-2\/","og_site_name":"Spanien aktuell","article_published_time":"2019-08-01T17:00:18+00:00","article_modified_time":"2019-08-01T17:09:04+00:00","og_image":[{"width":1440,"height":962,"url":"https:\/\/spanienaktuell.net\/wordpress\/wp-content\/uploads\/2019\/08\/DSC03062.jpg","type":"image\/jpeg"}],"author":"Spanien Aktuell","twitter_card":"summary_large_image","twitter_misc":{"Escrito por":"Spanien Aktuell","Tiempo de lectura":"2 minutos"},"schema":{"@context":"https:\/\/schema.org","@graph":[{"@type":"Article","@id":"https:\/\/spanienaktuell.net\/wordpress\/willkommen-bei-cruceros-axarquia-2\/#article","isPartOf":{"@id":"https:\/\/spanienaktuell.net\/wordpress\/willkommen-bei-cruceros-axarquia-2\/"},"author":{"name":"Spanien Aktuell","@id":"https:\/\/spanienaktuell.net\/wordpress\/#\/schema\/person\/bc410cfae0161b201d837ebfeeba7fd0"},"headline":"Willkommen bei Cruceros Axarqu\u00eda","datePublished":"2019-08-01T17:00:18+00:00","dateModified":"2019-08-01T17:09:04+00:00","mainEntityOfPage":{"@id":"https:\/\/spanienaktuell.net\/wordpress\/willkommen-bei-cruceros-axarquia-2\/"},"wordCount":346,"publisher":{"@id":"https:\/\/spanienaktuell.net\/wordpress\/#organization"},"image":{"@id":"https:\/\/spanienaktuell.net\/wordpress\/willkommen-bei-cruceros-axarquia-2\/#primaryimage"},"thumbnailUrl":"https:\/\/spanienaktuell.net\/wordpress\/wp-content\/uploads\/2019\/08\/DSC03062.jpg","articleSection":["Reise"],"inLanguage":"es"},{"@type":"WebPage","@id":"https:\/\/spanienaktuell.net\/wordpress\/willkommen-bei-cruceros-axarquia-2\/","url":"https:\/\/spanienaktuell.net\/wordpress\/willkommen-bei-cruceros-axarquia-2\/","name":"Willkommen bei Cruceros Axarqu\u00eda - Spanien aktuell","isPartOf":{"@id":"https:\/\/spanienaktuell.net\/wordpress\/#website"},"primaryImageOfPage":{"@id":"https:\/\/spanienaktuell.net\/wordpress\/willkommen-bei-cruceros-axarquia-2\/#primaryimage"},"image":{"@id":"https:\/\/spanienaktuell.net\/wordpress\/willkommen-bei-cruceros-axarquia-2\/#primaryimage"},"thumbnailUrl":"https:\/\/spanienaktuell.net\/wordpress\/wp-content\/uploads\/2019\/08\/DSC03062.jpg","datePublished":"2019-08-01T17:00:18+00:00","dateModified":"2019-08-01T17:09:04+00:00","breadcrumb":{"@id":"https:\/\/spanienaktuell.net\/wordpress\/willkommen-bei-cruceros-axarquia-2\/#breadcrumb"},"inLanguage":"es","potentialAction":[{"@type":"ReadAction","target":["https:\/\/spanienaktuell.net\/wordpress\/willkommen-bei-cruceros-axarquia-2\/"]}]},{"@type":"ImageObject","inLanguage":"es","@id":"https:\/\/spanienaktuell.net\/wordpress\/willkommen-bei-cruceros-axarquia-2\/#primaryimage","url":"https:\/\/spanienaktuell.net\/wordpress\/wp-content\/uploads\/2019\/08\/DSC03062.jpg","contentUrl":"https:\/\/spanienaktuell.net\/wordpress\/wp-content\/uploads\/2019\/08\/DSC03062.jpg","width":1440,"height":962},{"@type":"BreadcrumbList","@id":"https:\/\/spanienaktuell.net\/wordpress\/willkommen-bei-cruceros-axarquia-2\/#breadcrumb","itemListElement":[{"@type":"ListItem","position":1,"name":"Portada","item":"https:\/\/spanienaktuell.net\/wordpress\/"},{"@type":"ListItem","position":2,"name":"Willkommen bei Cruceros Axarqu\u00eda"}]},{"@type":"WebSite","@id":"https:\/\/spanienaktuell.net\/wordpress\/#website","url":"https:\/\/spanienaktuell.net\/wordpress\/","name":"Spanien aktuell","description":"The German magazine number 1 on the Costa del Sol","publisher":{"@id":"https:\/\/spanienaktuell.net\/wordpress\/#organization"},"potentialAction":[{"@type":"SearchAction","target":{"@type":"EntryPoint","urlTemplate":"https:\/\/spanienaktuell.net\/wordpress\/?s={search_term_string}"},"query-input":{"@type":"PropertyValueSpecification","valueRequired":true,"valueName":"search_term_string"}}],"inLanguage":"es"},{"@type":"Organization","@id":"https:\/\/spanienaktuell.net\/wordpress\/#organization","name":"Spanien aktuell","url":"https:\/\/spanienaktuell.net\/wordpress\/","logo":{"@type":"ImageObject","inLanguage":"es","@id":"https:\/\/spanienaktuell.net\/wordpress\/#\/schema\/logo\/image\/","url":"https:\/\/spanienaktuell.net\/wordpress\/wp-content\/uploads\/2019\/06\/cropped-Logo-spanien-aktuell-png-web-e1561631085388.png","contentUrl":"https:\/\/spanienaktuell.net\/wordpress\/wp-content\/uploads\/2019\/06\/cropped-Logo-spanien-aktuell-png-web-e1561631085388.png","width":512,"height":110,"caption":"Spanien aktuell"},"image":{"@id":"https:\/\/spanienaktuell.net\/wordpress\/#\/schema\/logo\/image\/"}},{"@type":"Person","@id":"https:\/\/spanienaktuell.net\/wordpress\/#\/schema\/person\/bc410cfae0161b201d837ebfeeba7fd0","name":"Spanien Aktuell","image":{"@type":"ImageObject","inLanguage":"es","@id":"https:\/\/spanienaktuell.net\/wordpress\/#\/schema\/person\/image\/","url":"https:\/\/spanienaktuell.net\/wordpress\/wp-content\/uploads\/2019\/06\/cropped-Logo-spanien-aktuell-png-fav2-100x100.png","contentUrl":"https:\/\/spanienaktuell.net\/wordpress\/wp-content\/uploads\/2019\/06\/cropped-Logo-spanien-aktuell-png-fav2-100x100.png","caption":"Spanien Aktuell"},"url":"https:\/\/spanienaktuell.net\/wordpress\/author\/koalum\/"}]}},"_links":{"self":[{"href":"https:\/\/spanienaktuell.net\/wordpress\/wp-json\/wp\/v2\/posts\/85859","targetHints":{"allow":["GET"]}}],"collection":[{"href":"https:\/\/spanienaktuell.net\/wordpress\/wp-json\/wp\/v2\/posts"}],"about":[{"href":"https:\/\/spanienaktuell.net\/wordpress\/wp-json\/wp\/v2\/types\/post"}],"author":[{"embeddable":true,"href":"https:\/\/spanienaktuell.net\/wordpress\/wp-json\/wp\/v2\/users\/3"}],"replies":[{"embeddable":true,"href":"https:\/\/spanienaktuell.net\/wordpress\/wp-json\/wp\/v2\/comments?post=85859"}],"version-history":[{"count":1,"href":"https:\/\/spanienaktuell.net\/wordpress\/wp-json\/wp\/v2\/posts\/85859\/revisions"}],"predecessor-version":[{"id":85873,"href":"https:\/\/spanienaktuell.net\/wordpress\/wp-json\/wp\/v2\/posts\/85859\/revisions\/85873"}],"wp:featuredmedia":[{"embeddable":true,"href":"https:\/\/spanienaktuell.net\/wordpress\/wp-json\/wp\/v2\/media\/85860"}],"wp:attachment":[{"href":"https:\/\/spanienaktuell.net\/wordpress\/wp-json\/wp\/v2\/media?parent=85859"}],"wp:term":[{"taxonomy":"category","embeddable":true,"href":"https:\/\/spanienaktuell.net\/wordpress\/wp-json\/wp\/v2\/categories?post=85859"},{"taxonomy":"post_tag","embeddable":true,"href":"https:\/\/spanienaktuell.net\/wordpress\/wp-json\/wp\/v2\/tags?post=85859"}],"curies":[{"name":"wp","href":"https:\/\/api.w.org\/{rel}","templated":true}]}}