{"id":86117,"date":"2019-09-01T09:53:09","date_gmt":"2019-09-01T09:53:09","guid":{"rendered":"http:\/\/spanienaktuell.net\/wordpress\/?p=86117"},"modified":"2019-09-01T09:53:09","modified_gmt":"2019-09-01T09:53:09","slug":"plastik-auch-in-kosmetika","status":"publish","type":"post","link":"https:\/\/spanienaktuell.net\/wordpress\/plastik-auch-in-kosmetika\/","title":{"rendered":"Plastik: Auch in Kosmetika"},"content":{"rendered":"<p><b>ARAG Experten erl\u00e4utern, wie Sie Plastikverbindungen und Mikroplastik erkennen<\/b><\/p>\n<p><b>Viele Ver- und Gebrauchsg\u00fcter enthalten biologisch schwer abbaubares Plastik; zum Beispiel auch Kosmetikartikel. Wie Sie erkennen, ob Artikel Plastikverbindungen oder Mikroplastik enthalten, wissen die ARAG Experten.<\/b><\/p>\n<p><b>Plastik in Kosmetik<\/b><\/p>\n<p><span style=\"font-weight: 400;\">In einer Unmenge an Kosmetikprodukten steckt Mikroplastik. Neben Peelings kann es auch in Duschgel, Zahnpasta und Make-Up vorkommen. Auch viele Reinigungsmittel wie beispielsweise Glaskeramikreiniger enthalten als sanfte Schmirgel- oder Schleifmittel Mikroplastik. In Cremes, Gels und Shampoos befinden sich h\u00e4ufig fl\u00fcssige Kunststoffe wie Silikone. Auch Seifen k\u00f6nnen Acryl-Verbindungen enthalten und Peelings verdanken Ihren Rubbel-Effekt oft feinem Plastikgranulat, also Mikroplastik! \u00dcber das Waschbecken gelangen die Kunststoffpartikel ins Abwasser und von dort in die Umwelt. Sie wirken dort wie ein Magnet f\u00fcr Schadstoffe &#8211; und sind daher eindeutig umweltsch\u00e4dlich!<\/span><\/p>\n<p><b>Was ist Mikroplastik?<\/b><\/p>\n<p><span style=\"font-weight: 400;\">Laut Umweltbundesamt ist von Mikroplastik die Rede, wenn Plastik-Partikel f\u00fcnf Millimeter und kleiner sind. Noch strenger definiert es der Bund f\u00fcr Umwelt und Naturschutz Deutschland (BUND), wonach unter Mikroplastik auch feste und unl\u00f6sliche Polymere (Kunststoffe) fallen. Au\u00dferdem unterscheidet der BUND zwischen prim\u00e4rem und sekund\u00e4rem Mikroplastik. Ersteres wird industriell als feines Plastikgranulat oder in fl\u00fcssiger Form hergestellt und beispielsweise in Peelings oder Kosmetika weiterverarbeitet. Sekund\u00e4res Mikroplastik entsteht, wenn Plastikm\u00fcll in der Umwelt langsam zersetzt wird.<\/span><\/p>\n<p><b>M\u00fcll im Meer<\/b><\/p>\n<p><span style=\"font-weight: 400;\">Da Mikroplastik nicht biologisch abbaubar ist, kann es kaum entfernt werden, sobald es ins Abwasser oder in die Umwelt gelangt. So verunreinigen mittlerweile riesige Mengen von Plastik und Mikroplastik die Weltmeere, wo es von den Meeresbewohnern aufgenommen wird und bei ihnen zu Gewebever\u00e4nderungen, inneren Verletzungen oder gar zum Tod f\u00fchren kann. Au\u00dferdem ger\u00e4t Mikroplastik auf diesem Weg in die Nahrungskette. Wie sich Mikroplastik auf den menschlichen Organismus auswirkt, ist zwar noch nicht g\u00e4nzlich erforscht. Doch das Umweltbundesamt warnt vor m\u00f6glichen Sch\u00e4den des Magen-Darm-Traktes.<\/span><\/p>\n<p><b>Wie erkennt man Plastik in Produkten?<\/b><\/p>\n<p><span style=\"font-weight: 400;\">Das ist leider nicht ganz einfach. Meist tragen diese Kosmetika Stoffbezeichnungen, die auf k\u00fcnstliche Polymere hinweisen. Ein Blick auf die Inhaltsliste hilft nur demjenigen, der die Fachbegriffe kennt. Um sicher zu gehen, machen Sie sich vor dem Kauf schlau oder fragen im Fachhandel nach, ob ein Produkt Mikroplastik oder Plastikbestandteile enth\u00e4lt. Au\u00dferdem haben die ARAG Experten die h\u00e4ufigsten Kunststoffe in Kosmetika und deren Abk\u00fcrzungen f\u00fcr Sie hier aufgelistet:\u00a0 \u00a0 \u00a0 \u00a0 \u00a0 \u00a0 \u00a0 \u00a0 \u00a0 \u00a0 \u00a0 \u00a0 \u00a0 \u00a0 \u00a0 \u00a0 \u00a0 \u00a0 \u00a0 \u00a0 \u00a0 \u00a0 \u00a0 \u00a0 \u00a0 \u00a0 \u00a0 \u00a0 \u00a0 \u00a0 \u00a0 \u00a0 \u00a0 \u00a0 \u00a0 \u00a0 \u00a0 \u00a0 \u00a0 \u00a0 \u00a0 \u00a0 \u00a0 \u00a0 \u00a0 \u00a0 \u00a0 \u00a0 \u00a0 \u00a0 \u00a0 \u00a0 \u00a0 \u00a0 Acrylates Copolymer (AC), Acrylates Crosspolymer (ACS), Nylon-12, Nylon-6, Polyacrylat (PA), Polyethylen (PE), Polyethylenterephthalat (PET), Polymethylmethacrylat (PMMA), Polypropylen (PP), Polyquaternium (PQ), Polystyren (PS), Polyurethan (PUR)<\/span><\/p>\n<p><span style=\"font-weight: 400;\">Weitere interessante Informationen unter:<\/span><\/p>\n<p><span style=\"font-weight: 400;\">https:\/\/www.arag.de\/service\/infos-und-news\/rechtstipps-und-gerichtsurteile\/sonstige\/<\/span><\/p>\n<p><span style=\"font-weight: 400;\">Quelle: ARAG SE<\/span><\/p>\n","protected":false},"excerpt":{"rendered":"<p>ARAG Experten erl\u00e4utern, wie Sie Plastikverbindungen und Mikroplastik erkennen Viele Ver- und Gebrauchsg\u00fcter enthalten biologisch schwer abbaubares Plastik; zum Beispiel [&hellip;]<\/p>\n","protected":false},"author":3,"featured_media":86118,"comment_status":"closed","ping_status":"closed","sticky":false,"template":"","format":"standard","meta":{"footnotes":""},"categories":[20],"tags":[],"class_list":["post-86117","post","type-post","status-publish","format-standard","has-post-thumbnail","hentry","category-beauty-gesundheit"],"yoast_head":"<!-- This site is optimized with the Yoast SEO plugin v27.1.1 - https:\/\/yoast.com\/product\/yoast-seo-wordpress\/ -->\n<title>Plastik: Auch in Kosmetika - Spanien aktuell<\/title>\n<meta name=\"robots\" content=\"index, follow, max-snippet:-1, max-image-preview:large, max-video-preview:-1\" \/>\n<link rel=\"canonical\" href=\"https:\/\/spanienaktuell.net\/wordpress\/plastik-auch-in-kosmetika\/\" \/>\n<meta property=\"og:locale\" content=\"es_ES\" \/>\n<meta property=\"og:type\" content=\"article\" \/>\n<meta property=\"og:title\" content=\"Plastik: Auch in Kosmetika - Spanien aktuell\" \/>\n<meta property=\"og:description\" content=\"ARAG Experten erl\u00e4utern, wie Sie Plastikverbindungen und Mikroplastik erkennen Viele Ver- und Gebrauchsg\u00fcter enthalten biologisch schwer abbaubares Plastik; zum Beispiel [&hellip;]\" \/>\n<meta property=\"og:url\" content=\"https:\/\/spanienaktuell.net\/wordpress\/plastik-auch-in-kosmetika\/\" \/>\n<meta property=\"og:site_name\" content=\"Spanien aktuell\" \/>\n<meta property=\"article:published_time\" content=\"2019-09-01T09:53:09+00:00\" \/>\n<meta property=\"og:image\" content=\"https:\/\/spanienaktuell.net\/wordpress\/wp-content\/uploads\/2019\/09\/Foto-Pixabay-Ichigo121212-colors-291851_1920.jpg\" \/>\n\t<meta property=\"og:image:width\" content=\"1440\" \/>\n\t<meta property=\"og:image:height\" content=\"960\" \/>\n\t<meta property=\"og:image:type\" content=\"image\/jpeg\" \/>\n<meta name=\"author\" content=\"Spanien Aktuell\" \/>\n<meta name=\"twitter:card\" content=\"summary_large_image\" \/>\n<meta name=\"twitter:label1\" content=\"Escrito por\" \/>\n\t<meta name=\"twitter:data1\" content=\"Spanien Aktuell\" \/>\n\t<meta name=\"twitter:label2\" content=\"Tiempo de lectura\" \/>\n\t<meta name=\"twitter:data2\" content=\"2 minutos\" \/>\n<script type=\"application\/ld+json\" class=\"yoast-schema-graph\">{\"@context\":\"https:\/\/schema.org\",\"@graph\":[{\"@type\":\"Article\",\"@id\":\"https:\/\/spanienaktuell.net\/wordpress\/plastik-auch-in-kosmetika\/#article\",\"isPartOf\":{\"@id\":\"https:\/\/spanienaktuell.net\/wordpress\/plastik-auch-in-kosmetika\/\"},\"author\":{\"name\":\"Spanien Aktuell\",\"@id\":\"https:\/\/spanienaktuell.net\/wordpress\/#\/schema\/person\/bc410cfae0161b201d837ebfeeba7fd0\"},\"headline\":\"Plastik: Auch in Kosmetika\",\"datePublished\":\"2019-09-01T09:53:09+00:00\",\"mainEntityOfPage\":{\"@id\":\"https:\/\/spanienaktuell.net\/wordpress\/plastik-auch-in-kosmetika\/\"},\"wordCount\":434,\"publisher\":{\"@id\":\"https:\/\/spanienaktuell.net\/wordpress\/#organization\"},\"image\":{\"@id\":\"https:\/\/spanienaktuell.net\/wordpress\/plastik-auch-in-kosmetika\/#primaryimage\"},\"thumbnailUrl\":\"https:\/\/spanienaktuell.net\/wordpress\/wp-content\/uploads\/2019\/09\/Foto-Pixabay-Ichigo121212-colors-291851_1920.jpg\",\"articleSection\":[\"Gesundheit\"],\"inLanguage\":\"es\"},{\"@type\":\"WebPage\",\"@id\":\"https:\/\/spanienaktuell.net\/wordpress\/plastik-auch-in-kosmetika\/\",\"url\":\"https:\/\/spanienaktuell.net\/wordpress\/plastik-auch-in-kosmetika\/\",\"name\":\"Plastik: Auch in Kosmetika - Spanien aktuell\",\"isPartOf\":{\"@id\":\"https:\/\/spanienaktuell.net\/wordpress\/#website\"},\"primaryImageOfPage\":{\"@id\":\"https:\/\/spanienaktuell.net\/wordpress\/plastik-auch-in-kosmetika\/#primaryimage\"},\"image\":{\"@id\":\"https:\/\/spanienaktuell.net\/wordpress\/plastik-auch-in-kosmetika\/#primaryimage\"},\"thumbnailUrl\":\"https:\/\/spanienaktuell.net\/wordpress\/wp-content\/uploads\/2019\/09\/Foto-Pixabay-Ichigo121212-colors-291851_1920.jpg\",\"datePublished\":\"2019-09-01T09:53:09+00:00\",\"breadcrumb\":{\"@id\":\"https:\/\/spanienaktuell.net\/wordpress\/plastik-auch-in-kosmetika\/#breadcrumb\"},\"inLanguage\":\"es\",\"potentialAction\":[{\"@type\":\"ReadAction\",\"target\":[\"https:\/\/spanienaktuell.net\/wordpress\/plastik-auch-in-kosmetika\/\"]}]},{\"@type\":\"ImageObject\",\"inLanguage\":\"es\",\"@id\":\"https:\/\/spanienaktuell.net\/wordpress\/plastik-auch-in-kosmetika\/#primaryimage\",\"url\":\"https:\/\/spanienaktuell.net\/wordpress\/wp-content\/uploads\/2019\/09\/Foto-Pixabay-Ichigo121212-colors-291851_1920.jpg\",\"contentUrl\":\"https:\/\/spanienaktuell.net\/wordpress\/wp-content\/uploads\/2019\/09\/Foto-Pixabay-Ichigo121212-colors-291851_1920.jpg\",\"width\":1440,\"height\":960,\"caption\":\"Foto Pixabay-Ichigo\"},{\"@type\":\"BreadcrumbList\",\"@id\":\"https:\/\/spanienaktuell.net\/wordpress\/plastik-auch-in-kosmetika\/#breadcrumb\",\"itemListElement\":[{\"@type\":\"ListItem\",\"position\":1,\"name\":\"Portada\",\"item\":\"https:\/\/spanienaktuell.net\/wordpress\/\"},{\"@type\":\"ListItem\",\"position\":2,\"name\":\"Plastik: Auch in Kosmetika\"}]},{\"@type\":\"WebSite\",\"@id\":\"https:\/\/spanienaktuell.net\/wordpress\/#website\",\"url\":\"https:\/\/spanienaktuell.net\/wordpress\/\",\"name\":\"Spanien aktuell\",\"description\":\"The German magazine number 1 on the Costa del Sol\",\"publisher\":{\"@id\":\"https:\/\/spanienaktuell.net\/wordpress\/#organization\"},\"potentialAction\":[{\"@type\":\"SearchAction\",\"target\":{\"@type\":\"EntryPoint\",\"urlTemplate\":\"https:\/\/spanienaktuell.net\/wordpress\/?s={search_term_string}\"},\"query-input\":{\"@type\":\"PropertyValueSpecification\",\"valueRequired\":true,\"valueName\":\"search_term_string\"}}],\"inLanguage\":\"es\"},{\"@type\":\"Organization\",\"@id\":\"https:\/\/spanienaktuell.net\/wordpress\/#organization\",\"name\":\"Spanien aktuell\",\"url\":\"https:\/\/spanienaktuell.net\/wordpress\/\",\"logo\":{\"@type\":\"ImageObject\",\"inLanguage\":\"es\",\"@id\":\"https:\/\/spanienaktuell.net\/wordpress\/#\/schema\/logo\/image\/\",\"url\":\"https:\/\/spanienaktuell.net\/wordpress\/wp-content\/uploads\/2019\/06\/cropped-Logo-spanien-aktuell-png-web-e1561631085388.png\",\"contentUrl\":\"https:\/\/spanienaktuell.net\/wordpress\/wp-content\/uploads\/2019\/06\/cropped-Logo-spanien-aktuell-png-web-e1561631085388.png\",\"width\":512,\"height\":110,\"caption\":\"Spanien aktuell\"},\"image\":{\"@id\":\"https:\/\/spanienaktuell.net\/wordpress\/#\/schema\/logo\/image\/\"}},{\"@type\":\"Person\",\"@id\":\"https:\/\/spanienaktuell.net\/wordpress\/#\/schema\/person\/bc410cfae0161b201d837ebfeeba7fd0\",\"name\":\"Spanien Aktuell\",\"image\":{\"@type\":\"ImageObject\",\"inLanguage\":\"es\",\"@id\":\"https:\/\/spanienaktuell.net\/wordpress\/#\/schema\/person\/image\/\",\"url\":\"https:\/\/spanienaktuell.net\/wordpress\/wp-content\/uploads\/2019\/06\/cropped-Logo-spanien-aktuell-png-fav2-100x100.png\",\"contentUrl\":\"https:\/\/spanienaktuell.net\/wordpress\/wp-content\/uploads\/2019\/06\/cropped-Logo-spanien-aktuell-png-fav2-100x100.png\",\"caption\":\"Spanien Aktuell\"},\"url\":\"https:\/\/spanienaktuell.net\/wordpress\/author\/koalum\/\"}]}<\/script>\n<!-- \/ Yoast SEO plugin. -->","yoast_head_json":{"title":"Plastik: Auch in Kosmetika - Spanien aktuell","robots":{"index":"index","follow":"follow","max-snippet":"max-snippet:-1","max-image-preview":"max-image-preview:large","max-video-preview":"max-video-preview:-1"},"canonical":"https:\/\/spanienaktuell.net\/wordpress\/plastik-auch-in-kosmetika\/","og_locale":"es_ES","og_type":"article","og_title":"Plastik: Auch in Kosmetika - Spanien aktuell","og_description":"ARAG Experten erl\u00e4utern, wie Sie Plastikverbindungen und Mikroplastik erkennen Viele Ver- und Gebrauchsg\u00fcter enthalten biologisch schwer abbaubares Plastik; zum Beispiel [&hellip;]","og_url":"https:\/\/spanienaktuell.net\/wordpress\/plastik-auch-in-kosmetika\/","og_site_name":"Spanien aktuell","article_published_time":"2019-09-01T09:53:09+00:00","og_image":[{"width":1440,"height":960,"url":"https:\/\/spanienaktuell.net\/wordpress\/wp-content\/uploads\/2019\/09\/Foto-Pixabay-Ichigo121212-colors-291851_1920.jpg","type":"image\/jpeg"}],"author":"Spanien Aktuell","twitter_card":"summary_large_image","twitter_misc":{"Escrito por":"Spanien Aktuell","Tiempo de lectura":"2 minutos"},"schema":{"@context":"https:\/\/schema.org","@graph":[{"@type":"Article","@id":"https:\/\/spanienaktuell.net\/wordpress\/plastik-auch-in-kosmetika\/#article","isPartOf":{"@id":"https:\/\/spanienaktuell.net\/wordpress\/plastik-auch-in-kosmetika\/"},"author":{"name":"Spanien Aktuell","@id":"https:\/\/spanienaktuell.net\/wordpress\/#\/schema\/person\/bc410cfae0161b201d837ebfeeba7fd0"},"headline":"Plastik: Auch in Kosmetika","datePublished":"2019-09-01T09:53:09+00:00","mainEntityOfPage":{"@id":"https:\/\/spanienaktuell.net\/wordpress\/plastik-auch-in-kosmetika\/"},"wordCount":434,"publisher":{"@id":"https:\/\/spanienaktuell.net\/wordpress\/#organization"},"image":{"@id":"https:\/\/spanienaktuell.net\/wordpress\/plastik-auch-in-kosmetika\/#primaryimage"},"thumbnailUrl":"https:\/\/spanienaktuell.net\/wordpress\/wp-content\/uploads\/2019\/09\/Foto-Pixabay-Ichigo121212-colors-291851_1920.jpg","articleSection":["Gesundheit"],"inLanguage":"es"},{"@type":"WebPage","@id":"https:\/\/spanienaktuell.net\/wordpress\/plastik-auch-in-kosmetika\/","url":"https:\/\/spanienaktuell.net\/wordpress\/plastik-auch-in-kosmetika\/","name":"Plastik: Auch in Kosmetika - Spanien aktuell","isPartOf":{"@id":"https:\/\/spanienaktuell.net\/wordpress\/#website"},"primaryImageOfPage":{"@id":"https:\/\/spanienaktuell.net\/wordpress\/plastik-auch-in-kosmetika\/#primaryimage"},"image":{"@id":"https:\/\/spanienaktuell.net\/wordpress\/plastik-auch-in-kosmetika\/#primaryimage"},"thumbnailUrl":"https:\/\/spanienaktuell.net\/wordpress\/wp-content\/uploads\/2019\/09\/Foto-Pixabay-Ichigo121212-colors-291851_1920.jpg","datePublished":"2019-09-01T09:53:09+00:00","breadcrumb":{"@id":"https:\/\/spanienaktuell.net\/wordpress\/plastik-auch-in-kosmetika\/#breadcrumb"},"inLanguage":"es","potentialAction":[{"@type":"ReadAction","target":["https:\/\/spanienaktuell.net\/wordpress\/plastik-auch-in-kosmetika\/"]}]},{"@type":"ImageObject","inLanguage":"es","@id":"https:\/\/spanienaktuell.net\/wordpress\/plastik-auch-in-kosmetika\/#primaryimage","url":"https:\/\/spanienaktuell.net\/wordpress\/wp-content\/uploads\/2019\/09\/Foto-Pixabay-Ichigo121212-colors-291851_1920.jpg","contentUrl":"https:\/\/spanienaktuell.net\/wordpress\/wp-content\/uploads\/2019\/09\/Foto-Pixabay-Ichigo121212-colors-291851_1920.jpg","width":1440,"height":960,"caption":"Foto Pixabay-Ichigo"},{"@type":"BreadcrumbList","@id":"https:\/\/spanienaktuell.net\/wordpress\/plastik-auch-in-kosmetika\/#breadcrumb","itemListElement":[{"@type":"ListItem","position":1,"name":"Portada","item":"https:\/\/spanienaktuell.net\/wordpress\/"},{"@type":"ListItem","position":2,"name":"Plastik: Auch in Kosmetika"}]},{"@type":"WebSite","@id":"https:\/\/spanienaktuell.net\/wordpress\/#website","url":"https:\/\/spanienaktuell.net\/wordpress\/","name":"Spanien aktuell","description":"The German magazine number 1 on the Costa del Sol","publisher":{"@id":"https:\/\/spanienaktuell.net\/wordpress\/#organization"},"potentialAction":[{"@type":"SearchAction","target":{"@type":"EntryPoint","urlTemplate":"https:\/\/spanienaktuell.net\/wordpress\/?s={search_term_string}"},"query-input":{"@type":"PropertyValueSpecification","valueRequired":true,"valueName":"search_term_string"}}],"inLanguage":"es"},{"@type":"Organization","@id":"https:\/\/spanienaktuell.net\/wordpress\/#organization","name":"Spanien aktuell","url":"https:\/\/spanienaktuell.net\/wordpress\/","logo":{"@type":"ImageObject","inLanguage":"es","@id":"https:\/\/spanienaktuell.net\/wordpress\/#\/schema\/logo\/image\/","url":"https:\/\/spanienaktuell.net\/wordpress\/wp-content\/uploads\/2019\/06\/cropped-Logo-spanien-aktuell-png-web-e1561631085388.png","contentUrl":"https:\/\/spanienaktuell.net\/wordpress\/wp-content\/uploads\/2019\/06\/cropped-Logo-spanien-aktuell-png-web-e1561631085388.png","width":512,"height":110,"caption":"Spanien aktuell"},"image":{"@id":"https:\/\/spanienaktuell.net\/wordpress\/#\/schema\/logo\/image\/"}},{"@type":"Person","@id":"https:\/\/spanienaktuell.net\/wordpress\/#\/schema\/person\/bc410cfae0161b201d837ebfeeba7fd0","name":"Spanien Aktuell","image":{"@type":"ImageObject","inLanguage":"es","@id":"https:\/\/spanienaktuell.net\/wordpress\/#\/schema\/person\/image\/","url":"https:\/\/spanienaktuell.net\/wordpress\/wp-content\/uploads\/2019\/06\/cropped-Logo-spanien-aktuell-png-fav2-100x100.png","contentUrl":"https:\/\/spanienaktuell.net\/wordpress\/wp-content\/uploads\/2019\/06\/cropped-Logo-spanien-aktuell-png-fav2-100x100.png","caption":"Spanien Aktuell"},"url":"https:\/\/spanienaktuell.net\/wordpress\/author\/koalum\/"}]}},"_links":{"self":[{"href":"https:\/\/spanienaktuell.net\/wordpress\/wp-json\/wp\/v2\/posts\/86117","targetHints":{"allow":["GET"]}}],"collection":[{"href":"https:\/\/spanienaktuell.net\/wordpress\/wp-json\/wp\/v2\/posts"}],"about":[{"href":"https:\/\/spanienaktuell.net\/wordpress\/wp-json\/wp\/v2\/types\/post"}],"author":[{"embeddable":true,"href":"https:\/\/spanienaktuell.net\/wordpress\/wp-json\/wp\/v2\/users\/3"}],"replies":[{"embeddable":true,"href":"https:\/\/spanienaktuell.net\/wordpress\/wp-json\/wp\/v2\/comments?post=86117"}],"version-history":[{"count":1,"href":"https:\/\/spanienaktuell.net\/wordpress\/wp-json\/wp\/v2\/posts\/86117\/revisions"}],"predecessor-version":[{"id":86122,"href":"https:\/\/spanienaktuell.net\/wordpress\/wp-json\/wp\/v2\/posts\/86117\/revisions\/86122"}],"wp:featuredmedia":[{"embeddable":true,"href":"https:\/\/spanienaktuell.net\/wordpress\/wp-json\/wp\/v2\/media\/86118"}],"wp:attachment":[{"href":"https:\/\/spanienaktuell.net\/wordpress\/wp-json\/wp\/v2\/media?parent=86117"}],"wp:term":[{"taxonomy":"category","embeddable":true,"href":"https:\/\/spanienaktuell.net\/wordpress\/wp-json\/wp\/v2\/categories?post=86117"},{"taxonomy":"post_tag","embeddable":true,"href":"https:\/\/spanienaktuell.net\/wordpress\/wp-json\/wp\/v2\/tags?post=86117"}],"curies":[{"name":"wp","href":"https:\/\/api.w.org\/{rel}","templated":true}]}}