{"id":86123,"date":"2019-09-01T09:56:17","date_gmt":"2019-09-01T09:56:17","guid":{"rendered":"http:\/\/spanienaktuell.net\/wordpress\/?p=86123"},"modified":"2019-09-01T09:56:17","modified_gmt":"2019-09-01T09:56:17","slug":"jordis-weinempfehlungen-september","status":"publish","type":"post","link":"https:\/\/spanienaktuell.net\/wordpress\/jordis-weinempfehlungen-september\/","title":{"rendered":"Jordis Weinempfehlungen September"},"content":{"rendered":"<p><span style=\"font-weight: 400;\">Hallo liebe Freunde des guten Weins. Der Sommer neigt sich dem Ende zu und ich hoffe, Sie haben den Sommer ausgiebig genossen und sind bereit f\u00fcr einen spektakul\u00e4ren Rotwein!<\/span><\/p>\n<p><span style=\"font-weight: 400;\">\u00a0F\u00fcr September habe ich den \u201eHombros 2015\u201c f\u00fcr Sie ausgew\u00e4hlt.<\/span><\/p>\n<p><b>Die Bodega<\/b><b>:\u00a0<\/b><\/p>\n<p><span style=\"font-weight: 400;\"><img decoding=\"async\" class=\"aligncenter size-full wp-image-86124\" src=\"http:\/\/spanienaktuell.net\/wordpress\/wp-content\/uploads\/2019\/09\/casar_de_burbia_bodega.jpg\" alt=\"\" width=\"1440\" height=\"603\" srcset=\"https:\/\/spanienaktuell.net\/wordpress\/wp-content\/uploads\/2019\/09\/casar_de_burbia_bodega.jpg 1440w, https:\/\/spanienaktuell.net\/wordpress\/wp-content\/uploads\/2019\/09\/casar_de_burbia_bodega-300x126.jpg 300w, https:\/\/spanienaktuell.net\/wordpress\/wp-content\/uploads\/2019\/09\/casar_de_burbia_bodega-768x322.jpg 768w, https:\/\/spanienaktuell.net\/wordpress\/wp-content\/uploads\/2019\/09\/casar_de_burbia_bodega-1024x429.jpg 1024w\" sizes=\"(max-width: 1440px) 100vw, 1440px\" \/><\/span><\/p>\n<p><span style=\"font-weight: 400;\">Die Bodega \u201eCasar de Burbia\u201c im Nordwesten Spaniens wurde 1989 von Nemesio Bello mit dem Kauf einiger Weinberge in H\u00f6henlagen von \u00fcber 700 m gegr\u00fcndet. Zu dieser Zeit war die D.O. Bierzo noch recht unbekannt und hatte eher lokale Bedeutung. Nemesio setzte auf die autochthone Rebsorte Mencia; in sieben Jahren hat Nemesio \u00fcber 9.000\u00a0 neue Pflanzen auf die uralten Rebst\u00f6cke gepfropft. Zum Weingut geh\u00f6ren heute 27 ha Weinberge in unmittelbarer N\u00e4he zum Jakobsweg in gebirgigen Lagen, die sich durch r\u00f6tliche, schieferhaltige B\u00f6den auszeichnen. Nicht weniger als 42 verschiedene Parzellen mit individuellen Besonderheiten sorgen f\u00fcr sehr komplexe Weine. Mit Isidro leitet heute bereits die n\u00e4chste Generation das Weingut und der Erfolg gibt der Familie recht! Die Weine von Casar de Burbia geh\u00f6ren zu den wenigen Weinen der Region, die von Robert Parkers \u201eWine Adovcate\u201c ausgezeichnet werden und auch in Spanien selbst vom angesehenen \u201eGuia Penin\u201c stets sehr respektable Bewertungen erhalten.<\/span><\/p>\n<p><b>Der Wein:<\/b><\/p>\n<p><img decoding=\"async\" class=\"aligncenter size-full wp-image-86125\" src=\"http:\/\/spanienaktuell.net\/wordpress\/wp-content\/uploads\/2019\/09\/hombros.jpg\" alt=\"\" width=\"576\" height=\"198\" srcset=\"https:\/\/spanienaktuell.net\/wordpress\/wp-content\/uploads\/2019\/09\/hombros.jpg 576w, https:\/\/spanienaktuell.net\/wordpress\/wp-content\/uploads\/2019\/09\/hombros-300x103.jpg 300w\" sizes=\"(max-width: 576px) 100vw, 576px\" \/><\/p>\n<p><span style=\"font-weight: 400;\">Violette Reflexe und gl\u00e4nzende Rotnuancen verraten bereits auf den ersten Blick, dass der\u00a0 \u201eHombros\u201c genau das richtige Saureniveau besitzt, um zu einem gro\u00dfen Wein mit enormer Eleganz zu reifen. In der Nase zeigen sich fein abgestimmte Noten von Vanille, Kokosnuss, Schokolade und Pfeifentabak. Erg\u00e4nzt werden diese T\u00f6ne von vielf\u00e4ltigen Fruchtaromen, schwarzer und roter Beerenfr\u00fcchte, sowie Pflaumen und Kirschen. Der k\u00f6rperreiche Wein zeigt am Gaumen eine perfekte Balance von Frucht, Holztonen, Alkohol und S\u00e4ure, erg\u00e4nzt durch eine sehr gut eingebundene, samtige Tanninstruktur.<\/span><\/p>\n<p><span style=\"font-weight: 400;\">Diesen Wein habe ich wohltemperiert f\u00fcr Sie reserviert und es w\u00e4re mir eine besondere Ehre, Ihnen diesen Wein im September auf unserer sch\u00f6nen Terrasse oder in den R\u00e4umen unserer Meson einschenken zu d\u00fcrfen.<\/span><\/p>\n<p>&nbsp;<\/p>\n<p><b>\u00a0\u00a0\u00a0\u00a0\u00a0\u00a0\u00a0\u00a0\u00a0\u00a0\u00a0\u00a0\u00a0\u00a0\u00a0\u00a0\u00a0\u00a0\u00a0\u00a0\u00a0\u00a0\u00a0\u00a0\u00a0\u00a0\u00a0\u00a0\u00a0\u00a0\u00a0\u00a0\u00a0\u00a0\u00a0\u00a0\u00a0\u00a0\u00a0\u00a0\u00a0\u00a0\u00a0\u00a0\u00a0\u00a0\u00a0\u00a0\u00a0\u00a0\u00a0\u00a0\u00a0\u00a0\u00a0\u00a0\u00a0\u00a0\u00a0\u00a0\u00a0\u00a0\u00a0\u00a0Hasta pronto !!\u00a0<\/b><\/p>\n<p><b>\u00a0\u00a0\u00a0\u00a0\u00a0\u00a0\u00a0\u00a0\u00a0\u00a0\u00a0\u00a0\u00a0\u00a0\u00a0\u00a0\u00a0\u00a0\u00a0\u00a0\u00a0\u00a0\u00a0\u00a0\u00a0\u00a0\u00a0\u00a0\u00a0\u00a0\u00a0\u00a0\u00a0\u00a0\u00a0\u00a0\u00a0\u00a0\u00a0\u00a0\u00a0\u00a0\u00a0\u00a0\u00a0\u00a0\u00a0\u00a0\u00a0\u00a0\u00a0\u00a0\u00a0\u00a0\u00a0\u00a0\u00a0\u00a0\u00a0\u00a0\u00a0\u00a0\u00a0\u00a0\u00a0\u00a0\u00a0\u00a0\u00a0\u00a0Jordi<\/b><\/p>\n<p><b>\u00a0\u00a0\u00a0\u00a0\u00a0\u00a0\u00a0\u00a0\u00a0\u00a0\u00a0\u00a0\u00a0\u00a0\u00a0\u00a0\u00a0\u00a0\u00a0\u00a0\u00a0\u00a0\u00a0\u00a0\u00a0\u00a0\u00a0\u00a0\u00a0\u00a0\u00a0\u00a0\u00a0\u00a0\u00a0\u00a0\u00a0\u00a0\u00a0\u00a0\u00a0\u00a0\u00a0\u00a0\u00a0\u00a0\u00a0\u00a0\u00a0\u00a0\u00a0\u00a0\u00a0\u00a0\u00a0\u00a0\u00a0\u00a0\u00a0Jordi Meson &amp; Tapas<\/b><\/p>\n<p><span style=\"font-weight: 400;\">\u00a0\u00a0\u00a0\u00a0\u00a0\u00a0\u00a0\u00a0\u00a0\u00a0\u00a0\u00a0\u00a0\u00a0\u00a0\u00a0\u00a0\u00a0\u00a0\u00a0\u00a0\u00a0\u00a0\u00a0\u00a0\u00a0\u00a0\u00a0\u00a0\u00a0\u00a0\u00a0\u00a0\u00a0\u00a0\u00a0\u00a0\u00a0\u00a0\u00a0\u00a0\u00a0\u00a0\u00a0\u00a0\u00a0\u00a0\u00a0\u00a0\u00a0Pueblo Rocio\/ Calle Azucarera 10<\/span><\/p>\n<p><span style=\"font-weight: 400;\">\u00a0\u00a0\u00a0\u00a0\u00a0\u00a0\u00a0\u00a0\u00a0\u00a0\u00a0\u00a0\u00a0\u00a0\u00a0\u00a0\u00a0\u00a0\u00a0\u00a0\u00a0\u00a0\u00a0\u00a0\u00a0\u00a0\u00a0\u00a0\u00a0\u00a0\u00a0\u00a0\u00a0\u00a0\u00a0\u00a0\u00a0\u00a0\u00a0\u00a0\u00a0\u00a0\u00a0\u00a0\u00a0\u00a0\u00a0\u00a0\u00a0\u00a0\u00a0\u00a0\u00a029740 Torre del Mar (Malaga)<\/span><\/p>\n<p><span style=\"font-weight: 400;\">\u00a0\u00a0\u00a0\u00a0\u00a0\u00a0\u00a0\u00a0\u00a0\u00a0\u00a0\u00a0\u00a0\u00a0\u00a0\u00a0\u00a0\u00a0\u00a0\u00a0\u00a0\u00a0\u00a0\u00a0\u00a0\u00a0\u00a0\u00a0\u00a0\u00a0\u00a0\u00a0\u00a0\u00a0\u00a0\u00a0\u00a0\u00a0\u00a0\u00a0\u00a0\u00a0\u00a0\u00a0\u00a0\u00a0\u00a0<\/span><b>\u00a0\u00a0\u00a0\u00a0\u00a0\u00a0\u00a0\u00a0\u00a0\u00a0\u00a0\u00a0\u00a0Tel.: +34 952 540 811<\/b><\/p>\n<p><span style=\"font-weight: 400;\">\u00a0\u00a0\u00a0\u00a0\u00a0\u00a0\u00a0\u00a0\u00a0\u00a0\u00a0\u00a0\u00a0\u00a0\u00a0\u00a0\u00a0\u00a0\u00a0\u00a0\u00a0\u00a0\u00a0\u00a0\u00a0\u00a0\u00a0\u00a0\u00a0\u00a0\u00a0\u00a0\u00a0\u00a0\u00a0\u00a0\u00a0\u00a0\u00a0\u00a0\u00a0\u00a0\u00a0\u00a0\u00a0\u00a0\u00a0\u00a0\u00a0\u00a0\u00a0\u00a0\u00a0\u00a0\u00a0\u00a0\u00a0\u00a0\u00a0\u00a0\u00a0Sonntag geschlossen<\/span><\/p>\n","protected":false},"excerpt":{"rendered":"<p>Hallo liebe Freunde des guten Weins. Der Sommer neigt sich dem Ende zu und ich hoffe, Sie haben den Sommer [&hellip;]<\/p>\n","protected":false},"author":3,"featured_media":6317,"comment_status":"closed","ping_status":"closed","sticky":false,"template":"","format":"standard","meta":{"footnotes":""},"categories":[24],"tags":[],"class_list":["post-86123","post","type-post","status-publish","format-standard","has-post-thumbnail","hentry","category-kulinarisch"],"yoast_head":"<!-- This site is optimized with the Yoast SEO plugin v27.1.1 - https:\/\/yoast.com\/product\/yoast-seo-wordpress\/ -->\n<title>Jordis Weinempfehlungen September - Spanien aktuell<\/title>\n<meta name=\"robots\" content=\"index, follow, max-snippet:-1, max-image-preview:large, max-video-preview:-1\" \/>\n<link rel=\"canonical\" href=\"https:\/\/spanienaktuell.net\/wordpress\/jordis-weinempfehlungen-september\/\" \/>\n<meta property=\"og:locale\" content=\"es_ES\" \/>\n<meta property=\"og:type\" content=\"article\" \/>\n<meta property=\"og:title\" content=\"Jordis Weinempfehlungen September - Spanien aktuell\" \/>\n<meta property=\"og:description\" content=\"Hallo liebe Freunde des guten Weins. Der Sommer neigt sich dem Ende zu und ich hoffe, Sie haben den Sommer [&hellip;]\" \/>\n<meta property=\"og:url\" content=\"https:\/\/spanienaktuell.net\/wordpress\/jordis-weinempfehlungen-september\/\" \/>\n<meta property=\"og:site_name\" content=\"Spanien aktuell\" \/>\n<meta property=\"article:published_time\" content=\"2019-09-01T09:56:17+00:00\" \/>\n<meta property=\"og:image\" content=\"https:\/\/spanienaktuell.net\/wordpress\/wp-content\/uploads\/2018\/12\/jordi-spanien-aktuell.jpg\" \/>\n\t<meta property=\"og:image:width\" content=\"1440\" \/>\n\t<meta property=\"og:image:height\" content=\"1059\" \/>\n\t<meta property=\"og:image:type\" content=\"image\/jpeg\" \/>\n<meta name=\"author\" content=\"Spanien Aktuell\" \/>\n<meta name=\"twitter:card\" content=\"summary_large_image\" \/>\n<meta name=\"twitter:label1\" content=\"Escrito por\" \/>\n\t<meta name=\"twitter:data1\" content=\"Spanien Aktuell\" \/>\n\t<meta name=\"twitter:label2\" content=\"Tiempo de lectura\" \/>\n\t<meta name=\"twitter:data2\" content=\"2 minutos\" \/>\n<script type=\"application\/ld+json\" class=\"yoast-schema-graph\">{\"@context\":\"https:\/\/schema.org\",\"@graph\":[{\"@type\":\"Article\",\"@id\":\"https:\/\/spanienaktuell.net\/wordpress\/jordis-weinempfehlungen-september\/#article\",\"isPartOf\":{\"@id\":\"https:\/\/spanienaktuell.net\/wordpress\/jordis-weinempfehlungen-september\/\"},\"author\":{\"name\":\"Spanien Aktuell\",\"@id\":\"https:\/\/spanienaktuell.net\/wordpress\/#\/schema\/person\/bc410cfae0161b201d837ebfeeba7fd0\"},\"headline\":\"Jordis Weinempfehlungen September\",\"datePublished\":\"2019-09-01T09:56:17+00:00\",\"mainEntityOfPage\":{\"@id\":\"https:\/\/spanienaktuell.net\/wordpress\/jordis-weinempfehlungen-september\/\"},\"wordCount\":352,\"publisher\":{\"@id\":\"https:\/\/spanienaktuell.net\/wordpress\/#organization\"},\"image\":{\"@id\":\"https:\/\/spanienaktuell.net\/wordpress\/jordis-weinempfehlungen-september\/#primaryimage\"},\"thumbnailUrl\":\"https:\/\/spanienaktuell.net\/wordpress\/wp-content\/uploads\/2018\/12\/jordi-spanien-aktuell.jpg\",\"articleSection\":[\"Kulinarisch\"],\"inLanguage\":\"es\"},{\"@type\":\"WebPage\",\"@id\":\"https:\/\/spanienaktuell.net\/wordpress\/jordis-weinempfehlungen-september\/\",\"url\":\"https:\/\/spanienaktuell.net\/wordpress\/jordis-weinempfehlungen-september\/\",\"name\":\"Jordis Weinempfehlungen September - Spanien aktuell\",\"isPartOf\":{\"@id\":\"https:\/\/spanienaktuell.net\/wordpress\/#website\"},\"primaryImageOfPage\":{\"@id\":\"https:\/\/spanienaktuell.net\/wordpress\/jordis-weinempfehlungen-september\/#primaryimage\"},\"image\":{\"@id\":\"https:\/\/spanienaktuell.net\/wordpress\/jordis-weinempfehlungen-september\/#primaryimage\"},\"thumbnailUrl\":\"https:\/\/spanienaktuell.net\/wordpress\/wp-content\/uploads\/2018\/12\/jordi-spanien-aktuell.jpg\",\"datePublished\":\"2019-09-01T09:56:17+00:00\",\"breadcrumb\":{\"@id\":\"https:\/\/spanienaktuell.net\/wordpress\/jordis-weinempfehlungen-september\/#breadcrumb\"},\"inLanguage\":\"es\",\"potentialAction\":[{\"@type\":\"ReadAction\",\"target\":[\"https:\/\/spanienaktuell.net\/wordpress\/jordis-weinempfehlungen-september\/\"]}]},{\"@type\":\"ImageObject\",\"inLanguage\":\"es\",\"@id\":\"https:\/\/spanienaktuell.net\/wordpress\/jordis-weinempfehlungen-september\/#primaryimage\",\"url\":\"https:\/\/spanienaktuell.net\/wordpress\/wp-content\/uploads\/2018\/12\/jordi-spanien-aktuell.jpg\",\"contentUrl\":\"https:\/\/spanienaktuell.net\/wordpress\/wp-content\/uploads\/2018\/12\/jordi-spanien-aktuell.jpg\",\"width\":1440,\"height\":1059},{\"@type\":\"BreadcrumbList\",\"@id\":\"https:\/\/spanienaktuell.net\/wordpress\/jordis-weinempfehlungen-september\/#breadcrumb\",\"itemListElement\":[{\"@type\":\"ListItem\",\"position\":1,\"name\":\"Portada\",\"item\":\"https:\/\/spanienaktuell.net\/wordpress\/\"},{\"@type\":\"ListItem\",\"position\":2,\"name\":\"Jordis Weinempfehlungen September\"}]},{\"@type\":\"WebSite\",\"@id\":\"https:\/\/spanienaktuell.net\/wordpress\/#website\",\"url\":\"https:\/\/spanienaktuell.net\/wordpress\/\",\"name\":\"Spanien aktuell\",\"description\":\"The German magazine number 1 on the Costa del Sol\",\"publisher\":{\"@id\":\"https:\/\/spanienaktuell.net\/wordpress\/#organization\"},\"potentialAction\":[{\"@type\":\"SearchAction\",\"target\":{\"@type\":\"EntryPoint\",\"urlTemplate\":\"https:\/\/spanienaktuell.net\/wordpress\/?s={search_term_string}\"},\"query-input\":{\"@type\":\"PropertyValueSpecification\",\"valueRequired\":true,\"valueName\":\"search_term_string\"}}],\"inLanguage\":\"es\"},{\"@type\":\"Organization\",\"@id\":\"https:\/\/spanienaktuell.net\/wordpress\/#organization\",\"name\":\"Spanien aktuell\",\"url\":\"https:\/\/spanienaktuell.net\/wordpress\/\",\"logo\":{\"@type\":\"ImageObject\",\"inLanguage\":\"es\",\"@id\":\"https:\/\/spanienaktuell.net\/wordpress\/#\/schema\/logo\/image\/\",\"url\":\"https:\/\/spanienaktuell.net\/wordpress\/wp-content\/uploads\/2019\/06\/cropped-Logo-spanien-aktuell-png-web-e1561631085388.png\",\"contentUrl\":\"https:\/\/spanienaktuell.net\/wordpress\/wp-content\/uploads\/2019\/06\/cropped-Logo-spanien-aktuell-png-web-e1561631085388.png\",\"width\":512,\"height\":110,\"caption\":\"Spanien aktuell\"},\"image\":{\"@id\":\"https:\/\/spanienaktuell.net\/wordpress\/#\/schema\/logo\/image\/\"}},{\"@type\":\"Person\",\"@id\":\"https:\/\/spanienaktuell.net\/wordpress\/#\/schema\/person\/bc410cfae0161b201d837ebfeeba7fd0\",\"name\":\"Spanien Aktuell\",\"image\":{\"@type\":\"ImageObject\",\"inLanguage\":\"es\",\"@id\":\"https:\/\/spanienaktuell.net\/wordpress\/#\/schema\/person\/image\/\",\"url\":\"https:\/\/spanienaktuell.net\/wordpress\/wp-content\/uploads\/2019\/06\/cropped-Logo-spanien-aktuell-png-fav2-100x100.png\",\"contentUrl\":\"https:\/\/spanienaktuell.net\/wordpress\/wp-content\/uploads\/2019\/06\/cropped-Logo-spanien-aktuell-png-fav2-100x100.png\",\"caption\":\"Spanien Aktuell\"},\"url\":\"https:\/\/spanienaktuell.net\/wordpress\/author\/koalum\/\"}]}<\/script>\n<!-- \/ Yoast SEO plugin. -->","yoast_head_json":{"title":"Jordis Weinempfehlungen September - Spanien aktuell","robots":{"index":"index","follow":"follow","max-snippet":"max-snippet:-1","max-image-preview":"max-image-preview:large","max-video-preview":"max-video-preview:-1"},"canonical":"https:\/\/spanienaktuell.net\/wordpress\/jordis-weinempfehlungen-september\/","og_locale":"es_ES","og_type":"article","og_title":"Jordis Weinempfehlungen September - Spanien aktuell","og_description":"Hallo liebe Freunde des guten Weins. Der Sommer neigt sich dem Ende zu und ich hoffe, Sie haben den Sommer [&hellip;]","og_url":"https:\/\/spanienaktuell.net\/wordpress\/jordis-weinempfehlungen-september\/","og_site_name":"Spanien aktuell","article_published_time":"2019-09-01T09:56:17+00:00","og_image":[{"width":1440,"height":1059,"url":"https:\/\/spanienaktuell.net\/wordpress\/wp-content\/uploads\/2018\/12\/jordi-spanien-aktuell.jpg","type":"image\/jpeg"}],"author":"Spanien Aktuell","twitter_card":"summary_large_image","twitter_misc":{"Escrito por":"Spanien Aktuell","Tiempo de lectura":"2 minutos"},"schema":{"@context":"https:\/\/schema.org","@graph":[{"@type":"Article","@id":"https:\/\/spanienaktuell.net\/wordpress\/jordis-weinempfehlungen-september\/#article","isPartOf":{"@id":"https:\/\/spanienaktuell.net\/wordpress\/jordis-weinempfehlungen-september\/"},"author":{"name":"Spanien Aktuell","@id":"https:\/\/spanienaktuell.net\/wordpress\/#\/schema\/person\/bc410cfae0161b201d837ebfeeba7fd0"},"headline":"Jordis Weinempfehlungen September","datePublished":"2019-09-01T09:56:17+00:00","mainEntityOfPage":{"@id":"https:\/\/spanienaktuell.net\/wordpress\/jordis-weinempfehlungen-september\/"},"wordCount":352,"publisher":{"@id":"https:\/\/spanienaktuell.net\/wordpress\/#organization"},"image":{"@id":"https:\/\/spanienaktuell.net\/wordpress\/jordis-weinempfehlungen-september\/#primaryimage"},"thumbnailUrl":"https:\/\/spanienaktuell.net\/wordpress\/wp-content\/uploads\/2018\/12\/jordi-spanien-aktuell.jpg","articleSection":["Kulinarisch"],"inLanguage":"es"},{"@type":"WebPage","@id":"https:\/\/spanienaktuell.net\/wordpress\/jordis-weinempfehlungen-september\/","url":"https:\/\/spanienaktuell.net\/wordpress\/jordis-weinempfehlungen-september\/","name":"Jordis Weinempfehlungen September - Spanien aktuell","isPartOf":{"@id":"https:\/\/spanienaktuell.net\/wordpress\/#website"},"primaryImageOfPage":{"@id":"https:\/\/spanienaktuell.net\/wordpress\/jordis-weinempfehlungen-september\/#primaryimage"},"image":{"@id":"https:\/\/spanienaktuell.net\/wordpress\/jordis-weinempfehlungen-september\/#primaryimage"},"thumbnailUrl":"https:\/\/spanienaktuell.net\/wordpress\/wp-content\/uploads\/2018\/12\/jordi-spanien-aktuell.jpg","datePublished":"2019-09-01T09:56:17+00:00","breadcrumb":{"@id":"https:\/\/spanienaktuell.net\/wordpress\/jordis-weinempfehlungen-september\/#breadcrumb"},"inLanguage":"es","potentialAction":[{"@type":"ReadAction","target":["https:\/\/spanienaktuell.net\/wordpress\/jordis-weinempfehlungen-september\/"]}]},{"@type":"ImageObject","inLanguage":"es","@id":"https:\/\/spanienaktuell.net\/wordpress\/jordis-weinempfehlungen-september\/#primaryimage","url":"https:\/\/spanienaktuell.net\/wordpress\/wp-content\/uploads\/2018\/12\/jordi-spanien-aktuell.jpg","contentUrl":"https:\/\/spanienaktuell.net\/wordpress\/wp-content\/uploads\/2018\/12\/jordi-spanien-aktuell.jpg","width":1440,"height":1059},{"@type":"BreadcrumbList","@id":"https:\/\/spanienaktuell.net\/wordpress\/jordis-weinempfehlungen-september\/#breadcrumb","itemListElement":[{"@type":"ListItem","position":1,"name":"Portada","item":"https:\/\/spanienaktuell.net\/wordpress\/"},{"@type":"ListItem","position":2,"name":"Jordis Weinempfehlungen September"}]},{"@type":"WebSite","@id":"https:\/\/spanienaktuell.net\/wordpress\/#website","url":"https:\/\/spanienaktuell.net\/wordpress\/","name":"Spanien aktuell","description":"The German magazine number 1 on the Costa del Sol","publisher":{"@id":"https:\/\/spanienaktuell.net\/wordpress\/#organization"},"potentialAction":[{"@type":"SearchAction","target":{"@type":"EntryPoint","urlTemplate":"https:\/\/spanienaktuell.net\/wordpress\/?s={search_term_string}"},"query-input":{"@type":"PropertyValueSpecification","valueRequired":true,"valueName":"search_term_string"}}],"inLanguage":"es"},{"@type":"Organization","@id":"https:\/\/spanienaktuell.net\/wordpress\/#organization","name":"Spanien aktuell","url":"https:\/\/spanienaktuell.net\/wordpress\/","logo":{"@type":"ImageObject","inLanguage":"es","@id":"https:\/\/spanienaktuell.net\/wordpress\/#\/schema\/logo\/image\/","url":"https:\/\/spanienaktuell.net\/wordpress\/wp-content\/uploads\/2019\/06\/cropped-Logo-spanien-aktuell-png-web-e1561631085388.png","contentUrl":"https:\/\/spanienaktuell.net\/wordpress\/wp-content\/uploads\/2019\/06\/cropped-Logo-spanien-aktuell-png-web-e1561631085388.png","width":512,"height":110,"caption":"Spanien aktuell"},"image":{"@id":"https:\/\/spanienaktuell.net\/wordpress\/#\/schema\/logo\/image\/"}},{"@type":"Person","@id":"https:\/\/spanienaktuell.net\/wordpress\/#\/schema\/person\/bc410cfae0161b201d837ebfeeba7fd0","name":"Spanien Aktuell","image":{"@type":"ImageObject","inLanguage":"es","@id":"https:\/\/spanienaktuell.net\/wordpress\/#\/schema\/person\/image\/","url":"https:\/\/spanienaktuell.net\/wordpress\/wp-content\/uploads\/2019\/06\/cropped-Logo-spanien-aktuell-png-fav2-100x100.png","contentUrl":"https:\/\/spanienaktuell.net\/wordpress\/wp-content\/uploads\/2019\/06\/cropped-Logo-spanien-aktuell-png-fav2-100x100.png","caption":"Spanien Aktuell"},"url":"https:\/\/spanienaktuell.net\/wordpress\/author\/koalum\/"}]}},"_links":{"self":[{"href":"https:\/\/spanienaktuell.net\/wordpress\/wp-json\/wp\/v2\/posts\/86123","targetHints":{"allow":["GET"]}}],"collection":[{"href":"https:\/\/spanienaktuell.net\/wordpress\/wp-json\/wp\/v2\/posts"}],"about":[{"href":"https:\/\/spanienaktuell.net\/wordpress\/wp-json\/wp\/v2\/types\/post"}],"author":[{"embeddable":true,"href":"https:\/\/spanienaktuell.net\/wordpress\/wp-json\/wp\/v2\/users\/3"}],"replies":[{"embeddable":true,"href":"https:\/\/spanienaktuell.net\/wordpress\/wp-json\/wp\/v2\/comments?post=86123"}],"version-history":[{"count":1,"href":"https:\/\/spanienaktuell.net\/wordpress\/wp-json\/wp\/v2\/posts\/86123\/revisions"}],"predecessor-version":[{"id":86129,"href":"https:\/\/spanienaktuell.net\/wordpress\/wp-json\/wp\/v2\/posts\/86123\/revisions\/86129"}],"wp:featuredmedia":[{"embeddable":true,"href":"https:\/\/spanienaktuell.net\/wordpress\/wp-json\/wp\/v2\/media\/6317"}],"wp:attachment":[{"href":"https:\/\/spanienaktuell.net\/wordpress\/wp-json\/wp\/v2\/media?parent=86123"}],"wp:term":[{"taxonomy":"category","embeddable":true,"href":"https:\/\/spanienaktuell.net\/wordpress\/wp-json\/wp\/v2\/categories?post=86123"},{"taxonomy":"post_tag","embeddable":true,"href":"https:\/\/spanienaktuell.net\/wordpress\/wp-json\/wp\/v2\/tags?post=86123"}],"curies":[{"name":"wp","href":"https:\/\/api.w.org\/{rel}","templated":true}]}}