{"id":86130,"date":"2019-09-01T09:59:07","date_gmt":"2019-09-01T09:59:07","guid":{"rendered":"http:\/\/spanienaktuell.net\/wordpress\/?p=86130"},"modified":"2019-09-01T09:59:07","modified_gmt":"2019-09-01T09:59:07","slug":"mut-verbindet-grose-feierlichkeiten-zum-30-jubilaum-des-falls-der-berliner-mauer","status":"publish","type":"post","link":"https:\/\/spanienaktuell.net\/wordpress\/mut-verbindet-grose-feierlichkeiten-zum-30-jubilaum-des-falls-der-berliner-mauer\/","title":{"rendered":"\u201eMut verbindet\u201c \u2013 Gro\u00dfe Feierlichkeiten zum 30. Jubil\u00e4um des Falls der Berliner Mauer"},"content":{"rendered":"<p><span style=\"font-weight: 400;\">Es braucht Mut sich gegen Unrechtsregime aufzulehnen und f\u00fcr die Freiheit zu k\u00e4mpfen. Es braucht Mut, ein geeintes Europa und die Demokratie jeden Tag aufs Neue zu verteidigen. Seit Jahrhunderten sind es mutige Menschen in unserem Land, die unsere Gemeinschaft in Deutschland und Europa zusammenhalten. Vor rund 30 Jahren brachte der Mut tausender Deutscher die Mauer in Berlin zu Fall und f\u00fchrte die Menschen aus Ost und West wieder zusammen. Dass Zusammenhalt Grenzen \u00fcberwinden kann, zeigt auch die wechselvolle Beziehung zwischen Deutschland und seinen Nachbarstaaten, die sich im Laufe der Jahre zu einer tiefen Freundschaft entwickelt hat.\u00a0<\/span><\/p>\n<p><span style=\"font-weight: 400;\">Daher wollen wir unter dem diesj\u00e4hrigen Motto \u201eMut verbindet\u201c eine Br\u00fccke schlagen, zwischen Vergangenheit, Gegenwart und Zukunft. Noch zu Beginn des Jahres 1989 hatte in Deutschland kaum jemand damit gerechnet, dass die DDR bald Geschichte sein w\u00fcrde, dass die Berliner Mauer bald verschwinden und das in zwei Staaten geteilte Deutschland (wieder-)vereinigt werde. Der 9. November 1989, der Tag, an dem die Berliner Mauer fiel, war der H\u00f6hepunkt einer revolutions\u00e4hnlichen Entwicklung, der den Weg zur \u00dcberwindung der Teilung und Wiedervereinigung Deutschlands am 3. Oktober 1990 ebnete. Ma\u00dfgebliche Wegmarken waren die \u00d6ffnung der Mauer zum Westen, die Ergebnisse der Zwei-plus-Vier-Verhandlungen zwischen der Bundesrepublik, DDR und den vier Siegerm\u00e4chten des Zweiten Weltkrieges, die bis dahin die v\u00f6lkerrechtliche Souver\u00e4nit\u00e4t \u00fcber Deutschland hatten, sowie die ersten freien Wahlen am 18. M\u00e4rz.\u00a0<\/span><\/p>\n<p><span style=\"font-weight: 400;\">Heute, in Zeiten zunehmender populistischer und nationalistischer Bewegungen und Herausforderungen wie dem Brexit, ist die (europ\u00e4ische) Solidarit\u00e4t wichtiger denn je. Deutschland setzt sich \u00fcber seine Grenzen hinaus f\u00fcr eine \u201eAllianz der Multilateralisten\u201c ein und k\u00e4mpft f\u00fcr Frieden, Demokratie, Rechtstaatlichkeit und Menschenrechte in einem vereinten Europa #strongerUNited. In der Vielfalt Gemeinsames finden und auch gro\u00dfe Herausforderungen bew\u00e4ltigen \u2013 daf\u00fcr steht der Tag der deutschen Einheit und nicht zuletzt auch die Europ\u00e4ische Union.<\/span><\/p>\n<p><span style=\"font-weight: 400;\">Daher feiern wir dieses Jahr zum 29. Mal den Jahrestag der Wiedervereinigung und zum 30. Mal den Fall der Berliner Mauer #GermanyUnity, #TDE2019. Die\u00a0 zentralen Feierlichkeiten werden in der Landeshauptstadt Kiel (Schleswig-Holstein) stattfinden, traditionell mit einem gro\u00dfes B\u00fcrgerfest, sowie die Ausrichtung eines B\u00fcrgerdialogs unter dem Thema \u201e7 Tage, 7 Orte\u201c in Berlin vom 4.-10.10.2019. Der Bundespr\u00e4sident hat zudem die Staatsoberh\u00e4upter der vier Visegrad-Staaten zum 9.11.2019 in die Hauptstadt eingeladen.<\/span><\/p>\n<p><b>Auch das Deutsche Konsulat M\u00e1laga feiert dieses besondere Ereignis mit einem Empfang am 03. Oktober 2019:<\/b><span style=\"font-weight: 400;\"> Zu diesem werden Pers\u00f6nlichkeiten aus Andalusien, wie der Landes- und Kommunalregierung, Vertreter der Kommunen und der Residentenb\u00fcros, aber auch die Ansprechpartner des Konsulats bei den lokalen Beh\u00f6rden, Mitglieder der deutschen Kolonie, Kulturmittler und viele Vertreter des \u00f6ffentlichen Lebens eingeladen. Dar\u00fcber hinaus werden dieses Jahr Kurzfilme von Sch\u00fclerinnen und Sch\u00fclern der Deutschen Schule M\u00e1laga gezeigt, die diese Im Rahmen einer Projektarbeit zum Fall der Berliner Mauer erstellt haben.<\/span><\/p>\n<p><span style=\"font-weight: 400;\">Quelle:<\/span><\/p>\n<p><img decoding=\"async\" class=\"alignnone size-full wp-image-86131\" src=\"http:\/\/spanienaktuell.net\/wordpress\/wp-content\/uploads\/2019\/09\/www.jpg\" alt=\"\" width=\"262\" height=\"118\" \/><\/p>\n","protected":false},"excerpt":{"rendered":"<p>Es braucht Mut sich gegen Unrechtsregime aufzulehnen und f\u00fcr die Freiheit zu k\u00e4mpfen. Es braucht Mut, ein geeintes Europa und [&hellip;]<\/p>\n","protected":false},"author":3,"featured_media":86132,"comment_status":"closed","ping_status":"closed","sticky":false,"template":"","format":"standard","meta":{"footnotes":""},"categories":[30],"tags":[],"class_list":["post-86130","post","type-post","status-publish","format-standard","has-post-thumbnail","hentry","category-recht-gesellschaft"],"yoast_head":"<!-- This site is optimized with the Yoast SEO plugin v27.1.1 - https:\/\/yoast.com\/product\/yoast-seo-wordpress\/ -->\n<title>\u201eMut verbindet\u201c \u2013 Gro\u00dfe Feierlichkeiten zum 30. Jubil\u00e4um des Falls der Berliner Mauer - Spanien aktuell<\/title>\n<meta name=\"robots\" content=\"index, follow, max-snippet:-1, max-image-preview:large, max-video-preview:-1\" \/>\n<link rel=\"canonical\" href=\"https:\/\/spanienaktuell.net\/wordpress\/mut-verbindet-grose-feierlichkeiten-zum-30-jubilaum-des-falls-der-berliner-mauer\/\" \/>\n<meta property=\"og:locale\" content=\"es_ES\" \/>\n<meta property=\"og:type\" content=\"article\" \/>\n<meta property=\"og:title\" content=\"\u201eMut verbindet\u201c \u2013 Gro\u00dfe Feierlichkeiten zum 30. Jubil\u00e4um des Falls der Berliner Mauer - Spanien aktuell\" \/>\n<meta property=\"og:description\" content=\"Es braucht Mut sich gegen Unrechtsregime aufzulehnen und f\u00fcr die Freiheit zu k\u00e4mpfen. Es braucht Mut, ein geeintes Europa und [&hellip;]\" \/>\n<meta property=\"og:url\" content=\"https:\/\/spanienaktuell.net\/wordpress\/mut-verbindet-grose-feierlichkeiten-zum-30-jubilaum-des-falls-der-berliner-mauer\/\" \/>\n<meta property=\"og:site_name\" content=\"Spanien aktuell\" \/>\n<meta property=\"article:published_time\" content=\"2019-09-01T09:59:07+00:00\" \/>\n<meta property=\"og:image\" content=\"https:\/\/spanienaktuell.net\/wordpress\/wp-content\/uploads\/2019\/09\/LOGO_Mut_verbindet_Leuchtturm.jpg\" \/>\n\t<meta property=\"og:image:width\" content=\"825\" \/>\n\t<meta property=\"og:image:height\" content=\"1080\" \/>\n\t<meta property=\"og:image:type\" content=\"image\/jpeg\" \/>\n<meta name=\"author\" content=\"Spanien Aktuell\" \/>\n<meta name=\"twitter:card\" content=\"summary_large_image\" \/>\n<meta name=\"twitter:label1\" content=\"Escrito por\" \/>\n\t<meta name=\"twitter:data1\" content=\"Spanien Aktuell\" \/>\n\t<meta name=\"twitter:label2\" content=\"Tiempo de lectura\" \/>\n\t<meta name=\"twitter:data2\" content=\"2 minutos\" \/>\n<script type=\"application\/ld+json\" class=\"yoast-schema-graph\">{\"@context\":\"https:\/\/schema.org\",\"@graph\":[{\"@type\":\"Article\",\"@id\":\"https:\/\/spanienaktuell.net\/wordpress\/mut-verbindet-grose-feierlichkeiten-zum-30-jubilaum-des-falls-der-berliner-mauer\/#article\",\"isPartOf\":{\"@id\":\"https:\/\/spanienaktuell.net\/wordpress\/mut-verbindet-grose-feierlichkeiten-zum-30-jubilaum-des-falls-der-berliner-mauer\/\"},\"author\":{\"name\":\"Spanien Aktuell\",\"@id\":\"https:\/\/spanienaktuell.net\/wordpress\/#\/schema\/person\/bc410cfae0161b201d837ebfeeba7fd0\"},\"headline\":\"\u201eMut verbindet\u201c \u2013 Gro\u00dfe Feierlichkeiten zum 30. Jubil\u00e4um des Falls der Berliner Mauer\",\"datePublished\":\"2019-09-01T09:59:07+00:00\",\"mainEntityOfPage\":{\"@id\":\"https:\/\/spanienaktuell.net\/wordpress\/mut-verbindet-grose-feierlichkeiten-zum-30-jubilaum-des-falls-der-berliner-mauer\/\"},\"wordCount\":482,\"publisher\":{\"@id\":\"https:\/\/spanienaktuell.net\/wordpress\/#organization\"},\"image\":{\"@id\":\"https:\/\/spanienaktuell.net\/wordpress\/mut-verbindet-grose-feierlichkeiten-zum-30-jubilaum-des-falls-der-berliner-mauer\/#primaryimage\"},\"thumbnailUrl\":\"https:\/\/spanienaktuell.net\/wordpress\/wp-content\/uploads\/2019\/09\/LOGO_Mut_verbindet_Leuchtturm.jpg\",\"articleSection\":[\"Recht\"],\"inLanguage\":\"es\"},{\"@type\":\"WebPage\",\"@id\":\"https:\/\/spanienaktuell.net\/wordpress\/mut-verbindet-grose-feierlichkeiten-zum-30-jubilaum-des-falls-der-berliner-mauer\/\",\"url\":\"https:\/\/spanienaktuell.net\/wordpress\/mut-verbindet-grose-feierlichkeiten-zum-30-jubilaum-des-falls-der-berliner-mauer\/\",\"name\":\"\u201eMut verbindet\u201c \u2013 Gro\u00dfe Feierlichkeiten zum 30. Jubil\u00e4um des Falls der Berliner Mauer - Spanien aktuell\",\"isPartOf\":{\"@id\":\"https:\/\/spanienaktuell.net\/wordpress\/#website\"},\"primaryImageOfPage\":{\"@id\":\"https:\/\/spanienaktuell.net\/wordpress\/mut-verbindet-grose-feierlichkeiten-zum-30-jubilaum-des-falls-der-berliner-mauer\/#primaryimage\"},\"image\":{\"@id\":\"https:\/\/spanienaktuell.net\/wordpress\/mut-verbindet-grose-feierlichkeiten-zum-30-jubilaum-des-falls-der-berliner-mauer\/#primaryimage\"},\"thumbnailUrl\":\"https:\/\/spanienaktuell.net\/wordpress\/wp-content\/uploads\/2019\/09\/LOGO_Mut_verbindet_Leuchtturm.jpg\",\"datePublished\":\"2019-09-01T09:59:07+00:00\",\"breadcrumb\":{\"@id\":\"https:\/\/spanienaktuell.net\/wordpress\/mut-verbindet-grose-feierlichkeiten-zum-30-jubilaum-des-falls-der-berliner-mauer\/#breadcrumb\"},\"inLanguage\":\"es\",\"potentialAction\":[{\"@type\":\"ReadAction\",\"target\":[\"https:\/\/spanienaktuell.net\/wordpress\/mut-verbindet-grose-feierlichkeiten-zum-30-jubilaum-des-falls-der-berliner-mauer\/\"]}]},{\"@type\":\"ImageObject\",\"inLanguage\":\"es\",\"@id\":\"https:\/\/spanienaktuell.net\/wordpress\/mut-verbindet-grose-feierlichkeiten-zum-30-jubilaum-des-falls-der-berliner-mauer\/#primaryimage\",\"url\":\"https:\/\/spanienaktuell.net\/wordpress\/wp-content\/uploads\/2019\/09\/LOGO_Mut_verbindet_Leuchtturm.jpg\",\"contentUrl\":\"https:\/\/spanienaktuell.net\/wordpress\/wp-content\/uploads\/2019\/09\/LOGO_Mut_verbindet_Leuchtturm.jpg\",\"width\":825,\"height\":1080},{\"@type\":\"BreadcrumbList\",\"@id\":\"https:\/\/spanienaktuell.net\/wordpress\/mut-verbindet-grose-feierlichkeiten-zum-30-jubilaum-des-falls-der-berliner-mauer\/#breadcrumb\",\"itemListElement\":[{\"@type\":\"ListItem\",\"position\":1,\"name\":\"Portada\",\"item\":\"https:\/\/spanienaktuell.net\/wordpress\/\"},{\"@type\":\"ListItem\",\"position\":2,\"name\":\"\u201eMut verbindet\u201c \u2013 Gro\u00dfe Feierlichkeiten zum 30. Jubil\u00e4um des Falls der Berliner Mauer\"}]},{\"@type\":\"WebSite\",\"@id\":\"https:\/\/spanienaktuell.net\/wordpress\/#website\",\"url\":\"https:\/\/spanienaktuell.net\/wordpress\/\",\"name\":\"Spanien aktuell\",\"description\":\"The German magazine number 1 on the Costa del Sol\",\"publisher\":{\"@id\":\"https:\/\/spanienaktuell.net\/wordpress\/#organization\"},\"potentialAction\":[{\"@type\":\"SearchAction\",\"target\":{\"@type\":\"EntryPoint\",\"urlTemplate\":\"https:\/\/spanienaktuell.net\/wordpress\/?s={search_term_string}\"},\"query-input\":{\"@type\":\"PropertyValueSpecification\",\"valueRequired\":true,\"valueName\":\"search_term_string\"}}],\"inLanguage\":\"es\"},{\"@type\":\"Organization\",\"@id\":\"https:\/\/spanienaktuell.net\/wordpress\/#organization\",\"name\":\"Spanien aktuell\",\"url\":\"https:\/\/spanienaktuell.net\/wordpress\/\",\"logo\":{\"@type\":\"ImageObject\",\"inLanguage\":\"es\",\"@id\":\"https:\/\/spanienaktuell.net\/wordpress\/#\/schema\/logo\/image\/\",\"url\":\"https:\/\/spanienaktuell.net\/wordpress\/wp-content\/uploads\/2019\/06\/cropped-Logo-spanien-aktuell-png-web-e1561631085388.png\",\"contentUrl\":\"https:\/\/spanienaktuell.net\/wordpress\/wp-content\/uploads\/2019\/06\/cropped-Logo-spanien-aktuell-png-web-e1561631085388.png\",\"width\":512,\"height\":110,\"caption\":\"Spanien aktuell\"},\"image\":{\"@id\":\"https:\/\/spanienaktuell.net\/wordpress\/#\/schema\/logo\/image\/\"}},{\"@type\":\"Person\",\"@id\":\"https:\/\/spanienaktuell.net\/wordpress\/#\/schema\/person\/bc410cfae0161b201d837ebfeeba7fd0\",\"name\":\"Spanien Aktuell\",\"image\":{\"@type\":\"ImageObject\",\"inLanguage\":\"es\",\"@id\":\"https:\/\/spanienaktuell.net\/wordpress\/#\/schema\/person\/image\/\",\"url\":\"https:\/\/spanienaktuell.net\/wordpress\/wp-content\/uploads\/2019\/06\/cropped-Logo-spanien-aktuell-png-fav2-100x100.png\",\"contentUrl\":\"https:\/\/spanienaktuell.net\/wordpress\/wp-content\/uploads\/2019\/06\/cropped-Logo-spanien-aktuell-png-fav2-100x100.png\",\"caption\":\"Spanien Aktuell\"},\"url\":\"https:\/\/spanienaktuell.net\/wordpress\/author\/koalum\/\"}]}<\/script>\n<!-- \/ Yoast SEO plugin. -->","yoast_head_json":{"title":"\u201eMut verbindet\u201c \u2013 Gro\u00dfe Feierlichkeiten zum 30. Jubil\u00e4um des Falls der Berliner Mauer - Spanien aktuell","robots":{"index":"index","follow":"follow","max-snippet":"max-snippet:-1","max-image-preview":"max-image-preview:large","max-video-preview":"max-video-preview:-1"},"canonical":"https:\/\/spanienaktuell.net\/wordpress\/mut-verbindet-grose-feierlichkeiten-zum-30-jubilaum-des-falls-der-berliner-mauer\/","og_locale":"es_ES","og_type":"article","og_title":"\u201eMut verbindet\u201c \u2013 Gro\u00dfe Feierlichkeiten zum 30. Jubil\u00e4um des Falls der Berliner Mauer - Spanien aktuell","og_description":"Es braucht Mut sich gegen Unrechtsregime aufzulehnen und f\u00fcr die Freiheit zu k\u00e4mpfen. Es braucht Mut, ein geeintes Europa und [&hellip;]","og_url":"https:\/\/spanienaktuell.net\/wordpress\/mut-verbindet-grose-feierlichkeiten-zum-30-jubilaum-des-falls-der-berliner-mauer\/","og_site_name":"Spanien aktuell","article_published_time":"2019-09-01T09:59:07+00:00","og_image":[{"width":825,"height":1080,"url":"https:\/\/spanienaktuell.net\/wordpress\/wp-content\/uploads\/2019\/09\/LOGO_Mut_verbindet_Leuchtturm.jpg","type":"image\/jpeg"}],"author":"Spanien Aktuell","twitter_card":"summary_large_image","twitter_misc":{"Escrito por":"Spanien Aktuell","Tiempo de lectura":"2 minutos"},"schema":{"@context":"https:\/\/schema.org","@graph":[{"@type":"Article","@id":"https:\/\/spanienaktuell.net\/wordpress\/mut-verbindet-grose-feierlichkeiten-zum-30-jubilaum-des-falls-der-berliner-mauer\/#article","isPartOf":{"@id":"https:\/\/spanienaktuell.net\/wordpress\/mut-verbindet-grose-feierlichkeiten-zum-30-jubilaum-des-falls-der-berliner-mauer\/"},"author":{"name":"Spanien Aktuell","@id":"https:\/\/spanienaktuell.net\/wordpress\/#\/schema\/person\/bc410cfae0161b201d837ebfeeba7fd0"},"headline":"\u201eMut verbindet\u201c \u2013 Gro\u00dfe Feierlichkeiten zum 30. Jubil\u00e4um des Falls der Berliner Mauer","datePublished":"2019-09-01T09:59:07+00:00","mainEntityOfPage":{"@id":"https:\/\/spanienaktuell.net\/wordpress\/mut-verbindet-grose-feierlichkeiten-zum-30-jubilaum-des-falls-der-berliner-mauer\/"},"wordCount":482,"publisher":{"@id":"https:\/\/spanienaktuell.net\/wordpress\/#organization"},"image":{"@id":"https:\/\/spanienaktuell.net\/wordpress\/mut-verbindet-grose-feierlichkeiten-zum-30-jubilaum-des-falls-der-berliner-mauer\/#primaryimage"},"thumbnailUrl":"https:\/\/spanienaktuell.net\/wordpress\/wp-content\/uploads\/2019\/09\/LOGO_Mut_verbindet_Leuchtturm.jpg","articleSection":["Recht"],"inLanguage":"es"},{"@type":"WebPage","@id":"https:\/\/spanienaktuell.net\/wordpress\/mut-verbindet-grose-feierlichkeiten-zum-30-jubilaum-des-falls-der-berliner-mauer\/","url":"https:\/\/spanienaktuell.net\/wordpress\/mut-verbindet-grose-feierlichkeiten-zum-30-jubilaum-des-falls-der-berliner-mauer\/","name":"\u201eMut verbindet\u201c \u2013 Gro\u00dfe Feierlichkeiten zum 30. Jubil\u00e4um des Falls der Berliner Mauer - Spanien aktuell","isPartOf":{"@id":"https:\/\/spanienaktuell.net\/wordpress\/#website"},"primaryImageOfPage":{"@id":"https:\/\/spanienaktuell.net\/wordpress\/mut-verbindet-grose-feierlichkeiten-zum-30-jubilaum-des-falls-der-berliner-mauer\/#primaryimage"},"image":{"@id":"https:\/\/spanienaktuell.net\/wordpress\/mut-verbindet-grose-feierlichkeiten-zum-30-jubilaum-des-falls-der-berliner-mauer\/#primaryimage"},"thumbnailUrl":"https:\/\/spanienaktuell.net\/wordpress\/wp-content\/uploads\/2019\/09\/LOGO_Mut_verbindet_Leuchtturm.jpg","datePublished":"2019-09-01T09:59:07+00:00","breadcrumb":{"@id":"https:\/\/spanienaktuell.net\/wordpress\/mut-verbindet-grose-feierlichkeiten-zum-30-jubilaum-des-falls-der-berliner-mauer\/#breadcrumb"},"inLanguage":"es","potentialAction":[{"@type":"ReadAction","target":["https:\/\/spanienaktuell.net\/wordpress\/mut-verbindet-grose-feierlichkeiten-zum-30-jubilaum-des-falls-der-berliner-mauer\/"]}]},{"@type":"ImageObject","inLanguage":"es","@id":"https:\/\/spanienaktuell.net\/wordpress\/mut-verbindet-grose-feierlichkeiten-zum-30-jubilaum-des-falls-der-berliner-mauer\/#primaryimage","url":"https:\/\/spanienaktuell.net\/wordpress\/wp-content\/uploads\/2019\/09\/LOGO_Mut_verbindet_Leuchtturm.jpg","contentUrl":"https:\/\/spanienaktuell.net\/wordpress\/wp-content\/uploads\/2019\/09\/LOGO_Mut_verbindet_Leuchtturm.jpg","width":825,"height":1080},{"@type":"BreadcrumbList","@id":"https:\/\/spanienaktuell.net\/wordpress\/mut-verbindet-grose-feierlichkeiten-zum-30-jubilaum-des-falls-der-berliner-mauer\/#breadcrumb","itemListElement":[{"@type":"ListItem","position":1,"name":"Portada","item":"https:\/\/spanienaktuell.net\/wordpress\/"},{"@type":"ListItem","position":2,"name":"\u201eMut verbindet\u201c \u2013 Gro\u00dfe Feierlichkeiten zum 30. Jubil\u00e4um des Falls der Berliner Mauer"}]},{"@type":"WebSite","@id":"https:\/\/spanienaktuell.net\/wordpress\/#website","url":"https:\/\/spanienaktuell.net\/wordpress\/","name":"Spanien aktuell","description":"The German magazine number 1 on the Costa del Sol","publisher":{"@id":"https:\/\/spanienaktuell.net\/wordpress\/#organization"},"potentialAction":[{"@type":"SearchAction","target":{"@type":"EntryPoint","urlTemplate":"https:\/\/spanienaktuell.net\/wordpress\/?s={search_term_string}"},"query-input":{"@type":"PropertyValueSpecification","valueRequired":true,"valueName":"search_term_string"}}],"inLanguage":"es"},{"@type":"Organization","@id":"https:\/\/spanienaktuell.net\/wordpress\/#organization","name":"Spanien aktuell","url":"https:\/\/spanienaktuell.net\/wordpress\/","logo":{"@type":"ImageObject","inLanguage":"es","@id":"https:\/\/spanienaktuell.net\/wordpress\/#\/schema\/logo\/image\/","url":"https:\/\/spanienaktuell.net\/wordpress\/wp-content\/uploads\/2019\/06\/cropped-Logo-spanien-aktuell-png-web-e1561631085388.png","contentUrl":"https:\/\/spanienaktuell.net\/wordpress\/wp-content\/uploads\/2019\/06\/cropped-Logo-spanien-aktuell-png-web-e1561631085388.png","width":512,"height":110,"caption":"Spanien aktuell"},"image":{"@id":"https:\/\/spanienaktuell.net\/wordpress\/#\/schema\/logo\/image\/"}},{"@type":"Person","@id":"https:\/\/spanienaktuell.net\/wordpress\/#\/schema\/person\/bc410cfae0161b201d837ebfeeba7fd0","name":"Spanien Aktuell","image":{"@type":"ImageObject","inLanguage":"es","@id":"https:\/\/spanienaktuell.net\/wordpress\/#\/schema\/person\/image\/","url":"https:\/\/spanienaktuell.net\/wordpress\/wp-content\/uploads\/2019\/06\/cropped-Logo-spanien-aktuell-png-fav2-100x100.png","contentUrl":"https:\/\/spanienaktuell.net\/wordpress\/wp-content\/uploads\/2019\/06\/cropped-Logo-spanien-aktuell-png-fav2-100x100.png","caption":"Spanien Aktuell"},"url":"https:\/\/spanienaktuell.net\/wordpress\/author\/koalum\/"}]}},"_links":{"self":[{"href":"https:\/\/spanienaktuell.net\/wordpress\/wp-json\/wp\/v2\/posts\/86130","targetHints":{"allow":["GET"]}}],"collection":[{"href":"https:\/\/spanienaktuell.net\/wordpress\/wp-json\/wp\/v2\/posts"}],"about":[{"href":"https:\/\/spanienaktuell.net\/wordpress\/wp-json\/wp\/v2\/types\/post"}],"author":[{"embeddable":true,"href":"https:\/\/spanienaktuell.net\/wordpress\/wp-json\/wp\/v2\/users\/3"}],"replies":[{"embeddable":true,"href":"https:\/\/spanienaktuell.net\/wordpress\/wp-json\/wp\/v2\/comments?post=86130"}],"version-history":[{"count":1,"href":"https:\/\/spanienaktuell.net\/wordpress\/wp-json\/wp\/v2\/posts\/86130\/revisions"}],"predecessor-version":[{"id":86136,"href":"https:\/\/spanienaktuell.net\/wordpress\/wp-json\/wp\/v2\/posts\/86130\/revisions\/86136"}],"wp:featuredmedia":[{"embeddable":true,"href":"https:\/\/spanienaktuell.net\/wordpress\/wp-json\/wp\/v2\/media\/86132"}],"wp:attachment":[{"href":"https:\/\/spanienaktuell.net\/wordpress\/wp-json\/wp\/v2\/media?parent=86130"}],"wp:term":[{"taxonomy":"category","embeddable":true,"href":"https:\/\/spanienaktuell.net\/wordpress\/wp-json\/wp\/v2\/categories?post=86130"},{"taxonomy":"post_tag","embeddable":true,"href":"https:\/\/spanienaktuell.net\/wordpress\/wp-json\/wp\/v2\/tags?post=86130"}],"curies":[{"name":"wp","href":"https:\/\/api.w.org\/{rel}","templated":true}]}}