{"id":86143,"date":"2019-09-01T10:05:52","date_gmt":"2019-09-01T10:05:52","guid":{"rendered":"http:\/\/spanienaktuell.net\/wordpress\/?p=86143"},"modified":"2019-09-01T10:05:52","modified_gmt":"2019-09-01T10:05:52","slug":"spanischer-genuss-meeresfruchte-kuche-fur-warme-sommerabende","status":"publish","type":"post","link":"https:\/\/spanienaktuell.net\/wordpress\/spanischer-genuss-meeresfruchte-kuche-fur-warme-sommerabende\/","title":{"rendered":"Spanischer Genuss | Meeresfr\u00fcchte-K\u00fcche f\u00fcr warme Sommerabende"},"content":{"rendered":"<p><b>Alcachofas con almejas-Artischocken mit Venusmuscheln\u00a0<\/b><\/p>\n<p><span style=\"font-weight: 400;\"><img decoding=\"async\" class=\"aligncenter size-full wp-image-86145\" src=\"http:\/\/spanienaktuell.net\/wordpress\/wp-content\/uploads\/2019\/09\/IMG_3695.jpg\" alt=\"\" width=\"810\" height=\"1080\" srcset=\"https:\/\/spanienaktuell.net\/wordpress\/wp-content\/uploads\/2019\/09\/IMG_3695.jpg 810w, https:\/\/spanienaktuell.net\/wordpress\/wp-content\/uploads\/2019\/09\/IMG_3695-225x300.jpg 225w, https:\/\/spanienaktuell.net\/wordpress\/wp-content\/uploads\/2019\/09\/IMG_3695-768x1024.jpg 768w\" sizes=\"(max-width: 810px) 100vw, 810px\" \/><\/span><\/p>\n<p><span style=\"font-weight: 400;\">F\u00dcR 4 PORTIONEN \u2022 20 MINUTEN<\/span><\/p>\n<p><span style=\"font-weight: 400;\">1\/2 Zwiebel, 2 Knoblauchzehen,\u00a0<\/span><\/p>\n<p><span style=\"font-weight: 400;\">3 St\u00e4ngel glatte Petersilie, Oliven\u00f6l zum Braten,<\/span><\/p>\n<p><span style=\"font-weight: 400;\">300 g TK-Artischocken-Spalten oder aus der Dose,<\/span><\/p>\n<p><span style=\"font-weight: 400;\">200 ml Wei\u00dfwein, 200 ml Gem\u00fcsebr\u00fche,<\/span><\/p>\n<p><span style=\"font-weight: 400;\">500 g Venusmuscheln, 20 g Pinienkerne\u00a0<\/span><\/p>\n<p>&nbsp;<\/p>\n<ul>\n<li><span style=\"font-weight: 400;\"> Zwiebel, Knoblauch und Petersilie fein hacken.<\/span><\/li>\n<li><span style=\"font-weight: 400;\"> \u00d6l in einem Topf erhitzen, Zwiebeln und Knoblauch glasig d\u00fcnsten. Die Artischocken hinzuf\u00fcgen und anbraten. Mit Wei\u00dfwein und Br\u00fche abl\u00f6schen und 1 Minuten einkochen lassen.\u00a0<\/span><\/li>\n<li><span style=\"font-weight: 400;\"> Die Venusmuscheln hinzuf\u00fcgen, den Topf mit einem Deckel abdecken und die Muscheln garen bis sie sich ge\u00f6ffnet haben. Die Pinienkerne zu den ge\u00f6ffneten Muscheln geben und vorsichtig vermengen.\u00a0<\/span><\/li>\n<li><span style=\"font-weight: 400;\"> Die fertigen Muscheln mit Petersilie bestreuen, und mit frischem Baguette servieren.<\/span><\/li>\n<\/ul>\n<hr \/>\n<p><b>Arroz Negro-Schwarzer Reis mit Meeresfr\u00fcchten<\/b><\/p>\n<p><img decoding=\"async\" class=\"aligncenter size-full wp-image-86146\" src=\"http:\/\/spanienaktuell.net\/wordpress\/wp-content\/uploads\/2019\/09\/IMG_3995.jpg\" alt=\"\" width=\"810\" height=\"1080\" srcset=\"https:\/\/spanienaktuell.net\/wordpress\/wp-content\/uploads\/2019\/09\/IMG_3995.jpg 810w, https:\/\/spanienaktuell.net\/wordpress\/wp-content\/uploads\/2019\/09\/IMG_3995-225x300.jpg 225w, https:\/\/spanienaktuell.net\/wordpress\/wp-content\/uploads\/2019\/09\/IMG_3995-768x1024.jpg 768w\" sizes=\"(max-width: 810px) 100vw, 810px\" \/><\/p>\n<p><span style=\"font-weight: 400;\">F\u00dcR 2 PORTIONEN \u2022 50 MINUTEN\u00a0\u00a0<\/span><\/p>\n<p><span style=\"font-weight: 400;\">2 Knoblauchzehen, 1 rote Paprika, Oliven\u00f6l zum Braten, 20 TK-Garnelen, gesch\u00e4lt,\u00a0<\/span><\/p>\n<p><span style=\"font-weight: 400;\">16 Tintenfischringe, 400 g passierte Tomaten,400 g Paella-Reis, 1 Liter Fischbr\u00fche,\u00a0<\/span><\/p>\n<p><span style=\"font-weight: 400;\">2 Pakete schwarze Tinte, je 4 g, 4 Riesengarnelen mit Schale, 8 Miesmuscheln.<\/span><\/p>\n<p>&nbsp;<\/p>\n<p><span style=\"font-weight: 400;\">&#8211; Knoblauch fein hacken, Paprika in d\u00fcnne Streifen schneiden und halbieren.\u00a0<\/span><\/p>\n<p><span style=\"font-weight: 400;\">-Oliven\u00f6l in einer Paella-Pfanne erhitzen und den Knoblauch and\u00fcnsten. Paprika hinzuf\u00fcgen und braten. Garnelen und Tintenfischringe hinzuf\u00fcgen und anbraten. Tomaten hinzuf\u00fcgen und vermengen. Den Reis hinzuf\u00fcgen, alles vermengen, gleichm\u00e4\u00dfig in der Pfanne verteilen und mit der Br\u00fche aufgie\u00dfen, sodass der Reis ausreichend bedeckt ist. Die Tinte hinzuf\u00fcgen und alles gut vermischen.\u00a0<\/span><\/p>\n<p><span style=\"font-weight: 400;\">&#8211; Riesengarnelen und Miesmuscheln auf dem Reis verteilen und alles zusammen ca. 20 Minuten langsam k\u00f6cheln lassen, bis der Reis fast fertig ist. Den Reis w\u00e4hrenddessen nicht umr\u00fchren, damit er am Pfannenboden leicht ankrustet.\u00a0<\/span><\/p>\n<p><span style=\"font-weight: 400;\">&#8211; Dann die Hitze ausschalten, die Pfanne mit Alufolie abdecken und 10 Minuten ruhen lassen.<\/span><\/p>\n<p>&nbsp;<\/p>\n<hr \/>\n<p><strong>Alioli con leche -Alioli mit Milch\u00a0<\/strong><\/p>\n<p><img decoding=\"async\" class=\"aligncenter size-full wp-image-86147\" src=\"http:\/\/spanienaktuell.net\/wordpress\/wp-content\/uploads\/2019\/09\/IMG_9796.jpg\" alt=\"\" width=\"810\" height=\"1080\" srcset=\"https:\/\/spanienaktuell.net\/wordpress\/wp-content\/uploads\/2019\/09\/IMG_9796.jpg 810w, https:\/\/spanienaktuell.net\/wordpress\/wp-content\/uploads\/2019\/09\/IMG_9796-225x300.jpg 225w, https:\/\/spanienaktuell.net\/wordpress\/wp-content\/uploads\/2019\/09\/IMG_9796-768x1024.jpg 768w\" sizes=\"(max-width: 810px) 100vw, 810px\" \/><\/p>\n<p><b>F\u00dcR 2 PORTIONEN \u2022 10 MINUTEN<\/b><\/p>\n<p><span style=\"font-weight: 400;\">80 ml kalte Milch, 1\/2 Knoblauchzehe (nach Wunsch mehr), 3 TL Zitronensaft\u00a0<\/span><\/p>\n<p><span style=\"font-weight: 400;\">180 ml mildes Oliven\u00f6l oder geschmacksneutrales Pflanzen\u00f6l, Salz und Pfeffer\u00a0<\/span><\/p>\n<p><span style=\"font-weight: 400;\">&#8211; Milch, Knoblauchzehe, eine Prise Salz und Zitronensaft in einen Mixer geben und gut aufsch\u00e4umen.<\/span><\/p>\n<p><span style=\"font-weight: 400;\">&#8211; Dann tr\u00f6pfchenweise das \u00d6l hinzuf\u00fcgen und weiter im Mixer aufschlagen, bis die Sauce emulgiert und cremig wird. Das kann einige Minuten dauern.<\/span><\/p>\n<p><span style=\"font-weight: 400;\">\u00a0Zum Schluss nochmal nach Wunsch mit Pfeffer, Salz und Zitronensaft abschmecken.<\/span><\/p>\n<p><span style=\"font-weight: 400;\">&#8211; Beh\u00e4ltnis im K\u00fchlschrank 1 Woche haltbar.<\/span><\/p>\n<p><b>Alle Rezepte sind aus dem Buch:<\/b><\/p>\n<p><span style=\"font-weight: 400;\"><img decoding=\"async\" class=\"aligncenter size-full wp-image-86148\" src=\"http:\/\/spanienaktuell.net\/wordpress\/wp-content\/uploads\/2019\/09\/9789995936778.jpg\" alt=\"\" width=\"756\" height=\"907\" srcset=\"https:\/\/spanienaktuell.net\/wordpress\/wp-content\/uploads\/2019\/09\/9789995936778.jpg 756w, https:\/\/spanienaktuell.net\/wordpress\/wp-content\/uploads\/2019\/09\/9789995936778-250x300.jpg 250w\" sizes=\"(max-width: 756px) 100vw, 756px\" \/><\/span><\/p>\n<p><span style=\"font-weight: 400;\">COSTA DEL SOL,Wei\u00dfe D\u00f6rfer, Rezepte und Meer<\/span><\/p>\n<p><span style=\"font-weight: 400;\">Lola Ludwig\u00a0<\/span><\/p>\n<p><span style=\"font-weight: 400;\">Format 24 x 20 cm &#8211; 176 Seiten &#8211; Hardcover<\/span><\/p>\n<p><span style=\"font-weight: 400;\">ISBN 978-99959-36-77-8 &#8211; 24,50 \u20ac<\/span><\/p>\n<p><span style=\"font-weight: 400;\">Erh\u00e4ltlich im Online-Buchhandel und direkt beim Verlag:\u00a0<\/span><\/p>\n<p><a href=\"http:\/\/www.editions-schortgen.lu\"><span style=\"font-weight: 400;\">www.editions-schortgen.lu<\/span><\/a><span style=\"font-weight: 400;\">\u00a0<\/span><\/p>\n<p><span style=\"font-weight: 400;\">Folgen Sie der Autorin Lola Ludwig: lolly_sunnyside\u00a0<\/span><\/p>\n<p><span style=\"font-weight: 400;\">Fotos: Verlag Editions Schortgen\/Creative ML<\/span><\/p>\n","protected":false},"excerpt":{"rendered":"<p>Alcachofas con almejas-Artischocken mit Venusmuscheln\u00a0 F\u00dcR 4 PORTIONEN \u2022 20 MINUTEN 1\/2 Zwiebel, 2 Knoblauchzehen,\u00a0 3 St\u00e4ngel glatte Petersilie, Oliven\u00f6l [&hellip;]<\/p>\n","protected":false},"author":3,"featured_media":86144,"comment_status":"closed","ping_status":"closed","sticky":false,"template":"","format":"standard","meta":{"footnotes":""},"categories":[24],"tags":[],"class_list":["post-86143","post","type-post","status-publish","format-standard","has-post-thumbnail","hentry","category-kulinarisch"],"yoast_head":"<!-- This site is optimized with the Yoast SEO plugin v27.1.1 - https:\/\/yoast.com\/product\/yoast-seo-wordpress\/ -->\n<title>Spanischer Genuss | Meeresfr\u00fcchte-K\u00fcche f\u00fcr warme Sommerabende - Spanien aktuell<\/title>\n<meta name=\"robots\" content=\"index, follow, max-snippet:-1, max-image-preview:large, max-video-preview:-1\" \/>\n<link rel=\"canonical\" href=\"https:\/\/spanienaktuell.net\/wordpress\/spanischer-genuss-meeresfruchte-kuche-fur-warme-sommerabende\/\" \/>\n<meta property=\"og:locale\" content=\"es_ES\" \/>\n<meta property=\"og:type\" content=\"article\" \/>\n<meta property=\"og:title\" content=\"Spanischer Genuss | Meeresfr\u00fcchte-K\u00fcche f\u00fcr warme Sommerabende - Spanien aktuell\" \/>\n<meta property=\"og:description\" content=\"Alcachofas con almejas-Artischocken mit Venusmuscheln\u00a0 F\u00dcR 4 PORTIONEN \u2022 20 MINUTEN 1\/2 Zwiebel, 2 Knoblauchzehen,\u00a0 3 St\u00e4ngel glatte Petersilie, Oliven\u00f6l [&hellip;]\" \/>\n<meta property=\"og:url\" content=\"https:\/\/spanienaktuell.net\/wordpress\/spanischer-genuss-meeresfruchte-kuche-fur-warme-sommerabende\/\" \/>\n<meta property=\"og:site_name\" content=\"Spanien aktuell\" \/>\n<meta property=\"article:published_time\" content=\"2019-09-01T10:05:52+00:00\" \/>\n<meta property=\"og:image\" content=\"https:\/\/spanienaktuell.net\/wordpress\/wp-content\/uploads\/2019\/09\/IMG_3291.jpg\" \/>\n\t<meta property=\"og:image:width\" content=\"1440\" \/>\n\t<meta property=\"og:image:height\" content=\"1080\" \/>\n\t<meta property=\"og:image:type\" content=\"image\/jpeg\" \/>\n<meta name=\"author\" content=\"Spanien Aktuell\" \/>\n<meta name=\"twitter:card\" content=\"summary_large_image\" \/>\n<meta name=\"twitter:label1\" content=\"Escrito por\" \/>\n\t<meta name=\"twitter:data1\" content=\"Spanien Aktuell\" \/>\n\t<meta name=\"twitter:label2\" content=\"Tiempo de lectura\" \/>\n\t<meta name=\"twitter:data2\" content=\"2 minutos\" \/>\n<script type=\"application\/ld+json\" class=\"yoast-schema-graph\">{\"@context\":\"https:\/\/schema.org\",\"@graph\":[{\"@type\":\"Article\",\"@id\":\"https:\/\/spanienaktuell.net\/wordpress\/spanischer-genuss-meeresfruchte-kuche-fur-warme-sommerabende\/#article\",\"isPartOf\":{\"@id\":\"https:\/\/spanienaktuell.net\/wordpress\/spanischer-genuss-meeresfruchte-kuche-fur-warme-sommerabende\/\"},\"author\":{\"name\":\"Spanien Aktuell\",\"@id\":\"https:\/\/spanienaktuell.net\/wordpress\/#\/schema\/person\/bc410cfae0161b201d837ebfeeba7fd0\"},\"headline\":\"Spanischer Genuss | Meeresfr\u00fcchte-K\u00fcche f\u00fcr warme Sommerabende\",\"datePublished\":\"2019-09-01T10:05:52+00:00\",\"mainEntityOfPage\":{\"@id\":\"https:\/\/spanienaktuell.net\/wordpress\/spanischer-genuss-meeresfruchte-kuche-fur-warme-sommerabende\/\"},\"wordCount\":432,\"publisher\":{\"@id\":\"https:\/\/spanienaktuell.net\/wordpress\/#organization\"},\"image\":{\"@id\":\"https:\/\/spanienaktuell.net\/wordpress\/spanischer-genuss-meeresfruchte-kuche-fur-warme-sommerabende\/#primaryimage\"},\"thumbnailUrl\":\"https:\/\/spanienaktuell.net\/wordpress\/wp-content\/uploads\/2019\/09\/IMG_3291.jpg\",\"articleSection\":[\"Kulinarisch\"],\"inLanguage\":\"es\"},{\"@type\":\"WebPage\",\"@id\":\"https:\/\/spanienaktuell.net\/wordpress\/spanischer-genuss-meeresfruchte-kuche-fur-warme-sommerabende\/\",\"url\":\"https:\/\/spanienaktuell.net\/wordpress\/spanischer-genuss-meeresfruchte-kuche-fur-warme-sommerabende\/\",\"name\":\"Spanischer Genuss | Meeresfr\u00fcchte-K\u00fcche f\u00fcr warme Sommerabende - Spanien aktuell\",\"isPartOf\":{\"@id\":\"https:\/\/spanienaktuell.net\/wordpress\/#website\"},\"primaryImageOfPage\":{\"@id\":\"https:\/\/spanienaktuell.net\/wordpress\/spanischer-genuss-meeresfruchte-kuche-fur-warme-sommerabende\/#primaryimage\"},\"image\":{\"@id\":\"https:\/\/spanienaktuell.net\/wordpress\/spanischer-genuss-meeresfruchte-kuche-fur-warme-sommerabende\/#primaryimage\"},\"thumbnailUrl\":\"https:\/\/spanienaktuell.net\/wordpress\/wp-content\/uploads\/2019\/09\/IMG_3291.jpg\",\"datePublished\":\"2019-09-01T10:05:52+00:00\",\"breadcrumb\":{\"@id\":\"https:\/\/spanienaktuell.net\/wordpress\/spanischer-genuss-meeresfruchte-kuche-fur-warme-sommerabende\/#breadcrumb\"},\"inLanguage\":\"es\",\"potentialAction\":[{\"@type\":\"ReadAction\",\"target\":[\"https:\/\/spanienaktuell.net\/wordpress\/spanischer-genuss-meeresfruchte-kuche-fur-warme-sommerabende\/\"]}]},{\"@type\":\"ImageObject\",\"inLanguage\":\"es\",\"@id\":\"https:\/\/spanienaktuell.net\/wordpress\/spanischer-genuss-meeresfruchte-kuche-fur-warme-sommerabende\/#primaryimage\",\"url\":\"https:\/\/spanienaktuell.net\/wordpress\/wp-content\/uploads\/2019\/09\/IMG_3291.jpg\",\"contentUrl\":\"https:\/\/spanienaktuell.net\/wordpress\/wp-content\/uploads\/2019\/09\/IMG_3291.jpg\",\"width\":1440,\"height\":1080},{\"@type\":\"BreadcrumbList\",\"@id\":\"https:\/\/spanienaktuell.net\/wordpress\/spanischer-genuss-meeresfruchte-kuche-fur-warme-sommerabende\/#breadcrumb\",\"itemListElement\":[{\"@type\":\"ListItem\",\"position\":1,\"name\":\"Portada\",\"item\":\"https:\/\/spanienaktuell.net\/wordpress\/\"},{\"@type\":\"ListItem\",\"position\":2,\"name\":\"Spanischer Genuss | Meeresfr\u00fcchte-K\u00fcche f\u00fcr warme Sommerabende\"}]},{\"@type\":\"WebSite\",\"@id\":\"https:\/\/spanienaktuell.net\/wordpress\/#website\",\"url\":\"https:\/\/spanienaktuell.net\/wordpress\/\",\"name\":\"Spanien aktuell\",\"description\":\"The German magazine number 1 on the Costa del Sol\",\"publisher\":{\"@id\":\"https:\/\/spanienaktuell.net\/wordpress\/#organization\"},\"potentialAction\":[{\"@type\":\"SearchAction\",\"target\":{\"@type\":\"EntryPoint\",\"urlTemplate\":\"https:\/\/spanienaktuell.net\/wordpress\/?s={search_term_string}\"},\"query-input\":{\"@type\":\"PropertyValueSpecification\",\"valueRequired\":true,\"valueName\":\"search_term_string\"}}],\"inLanguage\":\"es\"},{\"@type\":\"Organization\",\"@id\":\"https:\/\/spanienaktuell.net\/wordpress\/#organization\",\"name\":\"Spanien aktuell\",\"url\":\"https:\/\/spanienaktuell.net\/wordpress\/\",\"logo\":{\"@type\":\"ImageObject\",\"inLanguage\":\"es\",\"@id\":\"https:\/\/spanienaktuell.net\/wordpress\/#\/schema\/logo\/image\/\",\"url\":\"https:\/\/spanienaktuell.net\/wordpress\/wp-content\/uploads\/2019\/06\/cropped-Logo-spanien-aktuell-png-web-e1561631085388.png\",\"contentUrl\":\"https:\/\/spanienaktuell.net\/wordpress\/wp-content\/uploads\/2019\/06\/cropped-Logo-spanien-aktuell-png-web-e1561631085388.png\",\"width\":512,\"height\":110,\"caption\":\"Spanien aktuell\"},\"image\":{\"@id\":\"https:\/\/spanienaktuell.net\/wordpress\/#\/schema\/logo\/image\/\"}},{\"@type\":\"Person\",\"@id\":\"https:\/\/spanienaktuell.net\/wordpress\/#\/schema\/person\/bc410cfae0161b201d837ebfeeba7fd0\",\"name\":\"Spanien Aktuell\",\"image\":{\"@type\":\"ImageObject\",\"inLanguage\":\"es\",\"@id\":\"https:\/\/spanienaktuell.net\/wordpress\/#\/schema\/person\/image\/\",\"url\":\"https:\/\/spanienaktuell.net\/wordpress\/wp-content\/uploads\/2019\/06\/cropped-Logo-spanien-aktuell-png-fav2-100x100.png\",\"contentUrl\":\"https:\/\/spanienaktuell.net\/wordpress\/wp-content\/uploads\/2019\/06\/cropped-Logo-spanien-aktuell-png-fav2-100x100.png\",\"caption\":\"Spanien Aktuell\"},\"url\":\"https:\/\/spanienaktuell.net\/wordpress\/author\/koalum\/\"}]}<\/script>\n<!-- \/ Yoast SEO plugin. -->","yoast_head_json":{"title":"Spanischer Genuss | Meeresfr\u00fcchte-K\u00fcche f\u00fcr warme Sommerabende - Spanien aktuell","robots":{"index":"index","follow":"follow","max-snippet":"max-snippet:-1","max-image-preview":"max-image-preview:large","max-video-preview":"max-video-preview:-1"},"canonical":"https:\/\/spanienaktuell.net\/wordpress\/spanischer-genuss-meeresfruchte-kuche-fur-warme-sommerabende\/","og_locale":"es_ES","og_type":"article","og_title":"Spanischer Genuss | Meeresfr\u00fcchte-K\u00fcche f\u00fcr warme Sommerabende - Spanien aktuell","og_description":"Alcachofas con almejas-Artischocken mit Venusmuscheln\u00a0 F\u00dcR 4 PORTIONEN \u2022 20 MINUTEN 1\/2 Zwiebel, 2 Knoblauchzehen,\u00a0 3 St\u00e4ngel glatte Petersilie, Oliven\u00f6l [&hellip;]","og_url":"https:\/\/spanienaktuell.net\/wordpress\/spanischer-genuss-meeresfruchte-kuche-fur-warme-sommerabende\/","og_site_name":"Spanien aktuell","article_published_time":"2019-09-01T10:05:52+00:00","og_image":[{"width":1440,"height":1080,"url":"https:\/\/spanienaktuell.net\/wordpress\/wp-content\/uploads\/2019\/09\/IMG_3291.jpg","type":"image\/jpeg"}],"author":"Spanien Aktuell","twitter_card":"summary_large_image","twitter_misc":{"Escrito por":"Spanien Aktuell","Tiempo de lectura":"2 minutos"},"schema":{"@context":"https:\/\/schema.org","@graph":[{"@type":"Article","@id":"https:\/\/spanienaktuell.net\/wordpress\/spanischer-genuss-meeresfruchte-kuche-fur-warme-sommerabende\/#article","isPartOf":{"@id":"https:\/\/spanienaktuell.net\/wordpress\/spanischer-genuss-meeresfruchte-kuche-fur-warme-sommerabende\/"},"author":{"name":"Spanien Aktuell","@id":"https:\/\/spanienaktuell.net\/wordpress\/#\/schema\/person\/bc410cfae0161b201d837ebfeeba7fd0"},"headline":"Spanischer Genuss | Meeresfr\u00fcchte-K\u00fcche f\u00fcr warme Sommerabende","datePublished":"2019-09-01T10:05:52+00:00","mainEntityOfPage":{"@id":"https:\/\/spanienaktuell.net\/wordpress\/spanischer-genuss-meeresfruchte-kuche-fur-warme-sommerabende\/"},"wordCount":432,"publisher":{"@id":"https:\/\/spanienaktuell.net\/wordpress\/#organization"},"image":{"@id":"https:\/\/spanienaktuell.net\/wordpress\/spanischer-genuss-meeresfruchte-kuche-fur-warme-sommerabende\/#primaryimage"},"thumbnailUrl":"https:\/\/spanienaktuell.net\/wordpress\/wp-content\/uploads\/2019\/09\/IMG_3291.jpg","articleSection":["Kulinarisch"],"inLanguage":"es"},{"@type":"WebPage","@id":"https:\/\/spanienaktuell.net\/wordpress\/spanischer-genuss-meeresfruchte-kuche-fur-warme-sommerabende\/","url":"https:\/\/spanienaktuell.net\/wordpress\/spanischer-genuss-meeresfruchte-kuche-fur-warme-sommerabende\/","name":"Spanischer Genuss | Meeresfr\u00fcchte-K\u00fcche f\u00fcr warme Sommerabende - Spanien aktuell","isPartOf":{"@id":"https:\/\/spanienaktuell.net\/wordpress\/#website"},"primaryImageOfPage":{"@id":"https:\/\/spanienaktuell.net\/wordpress\/spanischer-genuss-meeresfruchte-kuche-fur-warme-sommerabende\/#primaryimage"},"image":{"@id":"https:\/\/spanienaktuell.net\/wordpress\/spanischer-genuss-meeresfruchte-kuche-fur-warme-sommerabende\/#primaryimage"},"thumbnailUrl":"https:\/\/spanienaktuell.net\/wordpress\/wp-content\/uploads\/2019\/09\/IMG_3291.jpg","datePublished":"2019-09-01T10:05:52+00:00","breadcrumb":{"@id":"https:\/\/spanienaktuell.net\/wordpress\/spanischer-genuss-meeresfruchte-kuche-fur-warme-sommerabende\/#breadcrumb"},"inLanguage":"es","potentialAction":[{"@type":"ReadAction","target":["https:\/\/spanienaktuell.net\/wordpress\/spanischer-genuss-meeresfruchte-kuche-fur-warme-sommerabende\/"]}]},{"@type":"ImageObject","inLanguage":"es","@id":"https:\/\/spanienaktuell.net\/wordpress\/spanischer-genuss-meeresfruchte-kuche-fur-warme-sommerabende\/#primaryimage","url":"https:\/\/spanienaktuell.net\/wordpress\/wp-content\/uploads\/2019\/09\/IMG_3291.jpg","contentUrl":"https:\/\/spanienaktuell.net\/wordpress\/wp-content\/uploads\/2019\/09\/IMG_3291.jpg","width":1440,"height":1080},{"@type":"BreadcrumbList","@id":"https:\/\/spanienaktuell.net\/wordpress\/spanischer-genuss-meeresfruchte-kuche-fur-warme-sommerabende\/#breadcrumb","itemListElement":[{"@type":"ListItem","position":1,"name":"Portada","item":"https:\/\/spanienaktuell.net\/wordpress\/"},{"@type":"ListItem","position":2,"name":"Spanischer Genuss | Meeresfr\u00fcchte-K\u00fcche f\u00fcr warme Sommerabende"}]},{"@type":"WebSite","@id":"https:\/\/spanienaktuell.net\/wordpress\/#website","url":"https:\/\/spanienaktuell.net\/wordpress\/","name":"Spanien aktuell","description":"The German magazine number 1 on the Costa del Sol","publisher":{"@id":"https:\/\/spanienaktuell.net\/wordpress\/#organization"},"potentialAction":[{"@type":"SearchAction","target":{"@type":"EntryPoint","urlTemplate":"https:\/\/spanienaktuell.net\/wordpress\/?s={search_term_string}"},"query-input":{"@type":"PropertyValueSpecification","valueRequired":true,"valueName":"search_term_string"}}],"inLanguage":"es"},{"@type":"Organization","@id":"https:\/\/spanienaktuell.net\/wordpress\/#organization","name":"Spanien aktuell","url":"https:\/\/spanienaktuell.net\/wordpress\/","logo":{"@type":"ImageObject","inLanguage":"es","@id":"https:\/\/spanienaktuell.net\/wordpress\/#\/schema\/logo\/image\/","url":"https:\/\/spanienaktuell.net\/wordpress\/wp-content\/uploads\/2019\/06\/cropped-Logo-spanien-aktuell-png-web-e1561631085388.png","contentUrl":"https:\/\/spanienaktuell.net\/wordpress\/wp-content\/uploads\/2019\/06\/cropped-Logo-spanien-aktuell-png-web-e1561631085388.png","width":512,"height":110,"caption":"Spanien aktuell"},"image":{"@id":"https:\/\/spanienaktuell.net\/wordpress\/#\/schema\/logo\/image\/"}},{"@type":"Person","@id":"https:\/\/spanienaktuell.net\/wordpress\/#\/schema\/person\/bc410cfae0161b201d837ebfeeba7fd0","name":"Spanien Aktuell","image":{"@type":"ImageObject","inLanguage":"es","@id":"https:\/\/spanienaktuell.net\/wordpress\/#\/schema\/person\/image\/","url":"https:\/\/spanienaktuell.net\/wordpress\/wp-content\/uploads\/2019\/06\/cropped-Logo-spanien-aktuell-png-fav2-100x100.png","contentUrl":"https:\/\/spanienaktuell.net\/wordpress\/wp-content\/uploads\/2019\/06\/cropped-Logo-spanien-aktuell-png-fav2-100x100.png","caption":"Spanien Aktuell"},"url":"https:\/\/spanienaktuell.net\/wordpress\/author\/koalum\/"}]}},"_links":{"self":[{"href":"https:\/\/spanienaktuell.net\/wordpress\/wp-json\/wp\/v2\/posts\/86143","targetHints":{"allow":["GET"]}}],"collection":[{"href":"https:\/\/spanienaktuell.net\/wordpress\/wp-json\/wp\/v2\/posts"}],"about":[{"href":"https:\/\/spanienaktuell.net\/wordpress\/wp-json\/wp\/v2\/types\/post"}],"author":[{"embeddable":true,"href":"https:\/\/spanienaktuell.net\/wordpress\/wp-json\/wp\/v2\/users\/3"}],"replies":[{"embeddable":true,"href":"https:\/\/spanienaktuell.net\/wordpress\/wp-json\/wp\/v2\/comments?post=86143"}],"version-history":[{"count":1,"href":"https:\/\/spanienaktuell.net\/wordpress\/wp-json\/wp\/v2\/posts\/86143\/revisions"}],"predecessor-version":[{"id":86152,"href":"https:\/\/spanienaktuell.net\/wordpress\/wp-json\/wp\/v2\/posts\/86143\/revisions\/86152"}],"wp:featuredmedia":[{"embeddable":true,"href":"https:\/\/spanienaktuell.net\/wordpress\/wp-json\/wp\/v2\/media\/86144"}],"wp:attachment":[{"href":"https:\/\/spanienaktuell.net\/wordpress\/wp-json\/wp\/v2\/media?parent=86143"}],"wp:term":[{"taxonomy":"category","embeddable":true,"href":"https:\/\/spanienaktuell.net\/wordpress\/wp-json\/wp\/v2\/categories?post=86143"},{"taxonomy":"post_tag","embeddable":true,"href":"https:\/\/spanienaktuell.net\/wordpress\/wp-json\/wp\/v2\/tags?post=86143"}],"curies":[{"name":"wp","href":"https:\/\/api.w.org\/{rel}","templated":true}]}}