{"id":86153,"date":"2019-09-01T10:11:18","date_gmt":"2019-09-01T10:11:18","guid":{"rendered":"http:\/\/spanienaktuell.net\/wordpress\/?p=86153"},"modified":"2019-09-01T10:11:18","modified_gmt":"2019-09-01T10:11:18","slug":"restaurant-indialucia-ab-sofort-jeden-monat-dinner-show-flamenco","status":"publish","type":"post","link":"https:\/\/spanienaktuell.net\/wordpress\/restaurant-indialucia-ab-sofort-jeden-monat-dinner-show-flamenco\/","title":{"rendered":"Restaurant \u201eIndialucia\u201c ab sofort jeden Monat Dinner-Show-Flamenco"},"content":{"rendered":"<p><span style=\"font-weight: 400;\">Piyush Tulcidas kennen viele noch von seinem Restaurant in Los Romanes dem Chez Spice, das Restaurant hatte Piyush vor ca. 7 Jahren aus famili\u00e4ren Gr\u00fcnden an einen spanischen Betreiber \u00fcbergeben. Anfang dieses Jahres hat Piyush das Restaurant \u201eIndialucia\u201c (gegen\u00fcber vom Club Nautico-ehemals La Pergola) er\u00f6ffnet.<\/span><\/p>\n<p><img decoding=\"async\" class=\"aligncenter size-full wp-image-86156\" src=\"http:\/\/spanienaktuell.net\/wordpress\/wp-content\/uploads\/2019\/09\/IMG-20190813-WA0149-e1567332574639.jpg\" alt=\"\" width=\"1600\" height=\"1112\" srcset=\"https:\/\/spanienaktuell.net\/wordpress\/wp-content\/uploads\/2019\/09\/IMG-20190813-WA0149-e1567332574639.jpg 1600w, https:\/\/spanienaktuell.net\/wordpress\/wp-content\/uploads\/2019\/09\/IMG-20190813-WA0149-e1567332574639-300x209.jpg 300w, https:\/\/spanienaktuell.net\/wordpress\/wp-content\/uploads\/2019\/09\/IMG-20190813-WA0149-e1567332574639-768x534.jpg 768w, https:\/\/spanienaktuell.net\/wordpress\/wp-content\/uploads\/2019\/09\/IMG-20190813-WA0149-e1567332574639-1024x712.jpg 1024w\" sizes=\"(max-width: 1600px) 100vw, 1600px\" \/><\/p>\n<p><span style=\"font-weight: 400;\">Ab September gibt es im \u201eRestaurant Indialucia\u201c\u00a0 jeden Monat eine Dinner-Show mit Live-Flamenco Musik zur Dinner-Show werden monatlich verschiedene K\u00fcnstler auftreten.\u00a0<\/span><\/p>\n<p><img decoding=\"async\" class=\"aligncenter size-full wp-image-86157\" src=\"http:\/\/spanienaktuell.net\/wordpress\/wp-content\/uploads\/2019\/09\/sunset-3979785_1920.jpg\" alt=\"\" width=\"1440\" height=\"942\" srcset=\"https:\/\/spanienaktuell.net\/wordpress\/wp-content\/uploads\/2019\/09\/sunset-3979785_1920.jpg 1440w, https:\/\/spanienaktuell.net\/wordpress\/wp-content\/uploads\/2019\/09\/sunset-3979785_1920-300x196.jpg 300w, https:\/\/spanienaktuell.net\/wordpress\/wp-content\/uploads\/2019\/09\/sunset-3979785_1920-768x502.jpg 768w, https:\/\/spanienaktuell.net\/wordpress\/wp-content\/uploads\/2019\/09\/sunset-3979785_1920-1024x670.jpg 1024w\" sizes=\"(max-width: 1440px) 100vw, 1440px\" \/><\/p>\n<p><span style=\"font-weight: 400;\">F\u00fcr Reservierungen, Informationen zu Datum und Uhrzeit f\u00fcr die Dinner-Show bekommen Sie im Restaurant, per Telefon oder auf Facebook.<\/span><\/p>\n<p><img decoding=\"async\" class=\"alignnone size-medium wp-image-86155\" src=\"http:\/\/spanienaktuell.net\/wordpress\/wp-content\/uploads\/2019\/09\/IMG_20190408_172323-300x295.jpg\" alt=\"\" width=\"300\" height=\"295\" srcset=\"https:\/\/spanienaktuell.net\/wordpress\/wp-content\/uploads\/2019\/09\/IMG_20190408_172323-300x295.jpg 300w, https:\/\/spanienaktuell.net\/wordpress\/wp-content\/uploads\/2019\/09\/IMG_20190408_172323-768x755.jpg 768w, https:\/\/spanienaktuell.net\/wordpress\/wp-content\/uploads\/2019\/09\/IMG_20190408_172323-1024x1007.jpg 1024w, https:\/\/spanienaktuell.net\/wordpress\/wp-content\/uploads\/2019\/09\/IMG_20190408_172323.jpg 1098w\" sizes=\"(max-width: 300px) 100vw, 300px\" \/><\/p>\n<p><b>Piyush &amp;Team freuen sich Sie alsbald im Restaurant begr\u00fc\u00dfen zu d\u00fcrfen.<\/b><\/p>\n<p><b><img decoding=\"async\" class=\"aligncenter size-full wp-image-86158\" src=\"http:\/\/spanienaktuell.net\/wordpress\/wp-content\/uploads\/2019\/09\/IMG_20190216_165622.jpg\" alt=\"\" width=\"1440\" height=\"449\" srcset=\"https:\/\/spanienaktuell.net\/wordpress\/wp-content\/uploads\/2019\/09\/IMG_20190216_165622.jpg 1440w, https:\/\/spanienaktuell.net\/wordpress\/wp-content\/uploads\/2019\/09\/IMG_20190216_165622-300x93.jpg 300w, https:\/\/spanienaktuell.net\/wordpress\/wp-content\/uploads\/2019\/09\/IMG_20190216_165622-768x239.jpg 768w, https:\/\/spanienaktuell.net\/wordpress\/wp-content\/uploads\/2019\/09\/IMG_20190216_165622-1024x319.jpg 1024w\" sizes=\"(max-width: 1440px) 100vw, 1440px\" \/><\/b><\/p>\n<p><b>Restaurante Indialucia<\/b><\/p>\n<p><span style=\"font-weight: 400;\">Paseo Mar\u00edtimo Levante, 21\u00a0<\/span><\/p>\n<p><span style=\"font-weight: 400;\">29740 Torre Del Mar<\/span><\/p>\n<p><span style=\"font-weight: 400;\">Tel.: + 34-631 08 07 85<\/span><\/p>\n<p><span style=\"font-weight: 400;\">\u00d6ffnungszeiten: 13:00h &#8211; 15:30h, 18:30h &#8211; 23:00h<\/span><\/p>\n<p><b>Kein Ruhetag<\/b><\/p>\n","protected":false},"excerpt":{"rendered":"<p>Piyush Tulcidas kennen viele noch von seinem Restaurant in Los Romanes dem Chez Spice, das Restaurant hatte Piyush vor ca. [&hellip;]<\/p>\n","protected":false},"author":3,"featured_media":86154,"comment_status":"closed","ping_status":"closed","sticky":false,"template":"","format":"standard","meta":{"footnotes":""},"categories":[24],"tags":[],"class_list":["post-86153","post","type-post","status-publish","format-standard","has-post-thumbnail","hentry","category-kulinarisch"],"yoast_head":"<!-- This site is optimized with the Yoast SEO plugin v27.1.1 - https:\/\/yoast.com\/product\/yoast-seo-wordpress\/ -->\n<title>Restaurant \u201eIndialucia\u201c ab sofort jeden Monat Dinner-Show-Flamenco - Spanien aktuell<\/title>\n<meta name=\"robots\" content=\"index, follow, max-snippet:-1, max-image-preview:large, max-video-preview:-1\" \/>\n<link rel=\"canonical\" href=\"https:\/\/spanienaktuell.net\/wordpress\/restaurant-indialucia-ab-sofort-jeden-monat-dinner-show-flamenco\/\" \/>\n<meta property=\"og:locale\" content=\"es_ES\" \/>\n<meta property=\"og:type\" content=\"article\" \/>\n<meta property=\"og:title\" content=\"Restaurant \u201eIndialucia\u201c ab sofort jeden Monat Dinner-Show-Flamenco - Spanien aktuell\" \/>\n<meta property=\"og:description\" content=\"Piyush Tulcidas kennen viele noch von seinem Restaurant in Los Romanes dem Chez Spice, das Restaurant hatte Piyush vor ca. [&hellip;]\" \/>\n<meta property=\"og:url\" content=\"https:\/\/spanienaktuell.net\/wordpress\/restaurant-indialucia-ab-sofort-jeden-monat-dinner-show-flamenco\/\" \/>\n<meta property=\"og:site_name\" content=\"Spanien aktuell\" \/>\n<meta property=\"article:published_time\" content=\"2019-09-01T10:11:18+00:00\" \/>\n<meta property=\"og:image\" content=\"https:\/\/spanienaktuell.net\/wordpress\/wp-content\/uploads\/2019\/09\/IMG_20190319_154050Tocado-.jpg\" \/>\n\t<meta property=\"og:image:width\" content=\"1440\" \/>\n\t<meta property=\"og:image:height\" content=\"951\" \/>\n\t<meta property=\"og:image:type\" content=\"image\/jpeg\" \/>\n<meta name=\"author\" content=\"Spanien Aktuell\" \/>\n<meta name=\"twitter:card\" content=\"summary_large_image\" \/>\n<meta name=\"twitter:label1\" content=\"Escrito por\" \/>\n\t<meta name=\"twitter:data1\" content=\"Spanien Aktuell\" \/>\n\t<meta name=\"twitter:label2\" content=\"Tiempo de lectura\" \/>\n\t<meta name=\"twitter:data2\" content=\"1 minuto\" \/>\n<script type=\"application\/ld+json\" class=\"yoast-schema-graph\">{\"@context\":\"https:\/\/schema.org\",\"@graph\":[{\"@type\":\"Article\",\"@id\":\"https:\/\/spanienaktuell.net\/wordpress\/restaurant-indialucia-ab-sofort-jeden-monat-dinner-show-flamenco\/#article\",\"isPartOf\":{\"@id\":\"https:\/\/spanienaktuell.net\/wordpress\/restaurant-indialucia-ab-sofort-jeden-monat-dinner-show-flamenco\/\"},\"author\":{\"name\":\"Spanien Aktuell\",\"@id\":\"https:\/\/spanienaktuell.net\/wordpress\/#\/schema\/person\/bc410cfae0161b201d837ebfeeba7fd0\"},\"headline\":\"Restaurant \u201eIndialucia\u201c ab sofort jeden Monat Dinner-Show-Flamenco\",\"datePublished\":\"2019-09-01T10:11:18+00:00\",\"mainEntityOfPage\":{\"@id\":\"https:\/\/spanienaktuell.net\/wordpress\/restaurant-indialucia-ab-sofort-jeden-monat-dinner-show-flamenco\/\"},\"wordCount\":132,\"publisher\":{\"@id\":\"https:\/\/spanienaktuell.net\/wordpress\/#organization\"},\"image\":{\"@id\":\"https:\/\/spanienaktuell.net\/wordpress\/restaurant-indialucia-ab-sofort-jeden-monat-dinner-show-flamenco\/#primaryimage\"},\"thumbnailUrl\":\"https:\/\/spanienaktuell.net\/wordpress\/wp-content\/uploads\/2019\/09\/IMG_20190319_154050Tocado-.jpg\",\"articleSection\":[\"Kulinarisch\"],\"inLanguage\":\"es\"},{\"@type\":\"WebPage\",\"@id\":\"https:\/\/spanienaktuell.net\/wordpress\/restaurant-indialucia-ab-sofort-jeden-monat-dinner-show-flamenco\/\",\"url\":\"https:\/\/spanienaktuell.net\/wordpress\/restaurant-indialucia-ab-sofort-jeden-monat-dinner-show-flamenco\/\",\"name\":\"Restaurant \u201eIndialucia\u201c ab sofort jeden Monat Dinner-Show-Flamenco - Spanien aktuell\",\"isPartOf\":{\"@id\":\"https:\/\/spanienaktuell.net\/wordpress\/#website\"},\"primaryImageOfPage\":{\"@id\":\"https:\/\/spanienaktuell.net\/wordpress\/restaurant-indialucia-ab-sofort-jeden-monat-dinner-show-flamenco\/#primaryimage\"},\"image\":{\"@id\":\"https:\/\/spanienaktuell.net\/wordpress\/restaurant-indialucia-ab-sofort-jeden-monat-dinner-show-flamenco\/#primaryimage\"},\"thumbnailUrl\":\"https:\/\/spanienaktuell.net\/wordpress\/wp-content\/uploads\/2019\/09\/IMG_20190319_154050Tocado-.jpg\",\"datePublished\":\"2019-09-01T10:11:18+00:00\",\"breadcrumb\":{\"@id\":\"https:\/\/spanienaktuell.net\/wordpress\/restaurant-indialucia-ab-sofort-jeden-monat-dinner-show-flamenco\/#breadcrumb\"},\"inLanguage\":\"es\",\"potentialAction\":[{\"@type\":\"ReadAction\",\"target\":[\"https:\/\/spanienaktuell.net\/wordpress\/restaurant-indialucia-ab-sofort-jeden-monat-dinner-show-flamenco\/\"]}]},{\"@type\":\"ImageObject\",\"inLanguage\":\"es\",\"@id\":\"https:\/\/spanienaktuell.net\/wordpress\/restaurant-indialucia-ab-sofort-jeden-monat-dinner-show-flamenco\/#primaryimage\",\"url\":\"https:\/\/spanienaktuell.net\/wordpress\/wp-content\/uploads\/2019\/09\/IMG_20190319_154050Tocado-.jpg\",\"contentUrl\":\"https:\/\/spanienaktuell.net\/wordpress\/wp-content\/uploads\/2019\/09\/IMG_20190319_154050Tocado-.jpg\",\"width\":1440,\"height\":951},{\"@type\":\"BreadcrumbList\",\"@id\":\"https:\/\/spanienaktuell.net\/wordpress\/restaurant-indialucia-ab-sofort-jeden-monat-dinner-show-flamenco\/#breadcrumb\",\"itemListElement\":[{\"@type\":\"ListItem\",\"position\":1,\"name\":\"Portada\",\"item\":\"https:\/\/spanienaktuell.net\/wordpress\/\"},{\"@type\":\"ListItem\",\"position\":2,\"name\":\"Restaurant \u201eIndialucia\u201c ab sofort jeden Monat Dinner-Show-Flamenco\"}]},{\"@type\":\"WebSite\",\"@id\":\"https:\/\/spanienaktuell.net\/wordpress\/#website\",\"url\":\"https:\/\/spanienaktuell.net\/wordpress\/\",\"name\":\"Spanien aktuell\",\"description\":\"The German magazine number 1 on the Costa del Sol\",\"publisher\":{\"@id\":\"https:\/\/spanienaktuell.net\/wordpress\/#organization\"},\"potentialAction\":[{\"@type\":\"SearchAction\",\"target\":{\"@type\":\"EntryPoint\",\"urlTemplate\":\"https:\/\/spanienaktuell.net\/wordpress\/?s={search_term_string}\"},\"query-input\":{\"@type\":\"PropertyValueSpecification\",\"valueRequired\":true,\"valueName\":\"search_term_string\"}}],\"inLanguage\":\"es\"},{\"@type\":\"Organization\",\"@id\":\"https:\/\/spanienaktuell.net\/wordpress\/#organization\",\"name\":\"Spanien aktuell\",\"url\":\"https:\/\/spanienaktuell.net\/wordpress\/\",\"logo\":{\"@type\":\"ImageObject\",\"inLanguage\":\"es\",\"@id\":\"https:\/\/spanienaktuell.net\/wordpress\/#\/schema\/logo\/image\/\",\"url\":\"https:\/\/spanienaktuell.net\/wordpress\/wp-content\/uploads\/2019\/06\/cropped-Logo-spanien-aktuell-png-web-e1561631085388.png\",\"contentUrl\":\"https:\/\/spanienaktuell.net\/wordpress\/wp-content\/uploads\/2019\/06\/cropped-Logo-spanien-aktuell-png-web-e1561631085388.png\",\"width\":512,\"height\":110,\"caption\":\"Spanien aktuell\"},\"image\":{\"@id\":\"https:\/\/spanienaktuell.net\/wordpress\/#\/schema\/logo\/image\/\"}},{\"@type\":\"Person\",\"@id\":\"https:\/\/spanienaktuell.net\/wordpress\/#\/schema\/person\/bc410cfae0161b201d837ebfeeba7fd0\",\"name\":\"Spanien Aktuell\",\"image\":{\"@type\":\"ImageObject\",\"inLanguage\":\"es\",\"@id\":\"https:\/\/spanienaktuell.net\/wordpress\/#\/schema\/person\/image\/\",\"url\":\"https:\/\/spanienaktuell.net\/wordpress\/wp-content\/uploads\/2019\/06\/cropped-Logo-spanien-aktuell-png-fav2-100x100.png\",\"contentUrl\":\"https:\/\/spanienaktuell.net\/wordpress\/wp-content\/uploads\/2019\/06\/cropped-Logo-spanien-aktuell-png-fav2-100x100.png\",\"caption\":\"Spanien Aktuell\"},\"url\":\"https:\/\/spanienaktuell.net\/wordpress\/author\/koalum\/\"}]}<\/script>\n<!-- \/ Yoast SEO plugin. -->","yoast_head_json":{"title":"Restaurant \u201eIndialucia\u201c ab sofort jeden Monat Dinner-Show-Flamenco - Spanien aktuell","robots":{"index":"index","follow":"follow","max-snippet":"max-snippet:-1","max-image-preview":"max-image-preview:large","max-video-preview":"max-video-preview:-1"},"canonical":"https:\/\/spanienaktuell.net\/wordpress\/restaurant-indialucia-ab-sofort-jeden-monat-dinner-show-flamenco\/","og_locale":"es_ES","og_type":"article","og_title":"Restaurant \u201eIndialucia\u201c ab sofort jeden Monat Dinner-Show-Flamenco - Spanien aktuell","og_description":"Piyush Tulcidas kennen viele noch von seinem Restaurant in Los Romanes dem Chez Spice, das Restaurant hatte Piyush vor ca. [&hellip;]","og_url":"https:\/\/spanienaktuell.net\/wordpress\/restaurant-indialucia-ab-sofort-jeden-monat-dinner-show-flamenco\/","og_site_name":"Spanien aktuell","article_published_time":"2019-09-01T10:11:18+00:00","og_image":[{"width":1440,"height":951,"url":"https:\/\/spanienaktuell.net\/wordpress\/wp-content\/uploads\/2019\/09\/IMG_20190319_154050Tocado-.jpg","type":"image\/jpeg"}],"author":"Spanien Aktuell","twitter_card":"summary_large_image","twitter_misc":{"Escrito por":"Spanien Aktuell","Tiempo de lectura":"1 minuto"},"schema":{"@context":"https:\/\/schema.org","@graph":[{"@type":"Article","@id":"https:\/\/spanienaktuell.net\/wordpress\/restaurant-indialucia-ab-sofort-jeden-monat-dinner-show-flamenco\/#article","isPartOf":{"@id":"https:\/\/spanienaktuell.net\/wordpress\/restaurant-indialucia-ab-sofort-jeden-monat-dinner-show-flamenco\/"},"author":{"name":"Spanien Aktuell","@id":"https:\/\/spanienaktuell.net\/wordpress\/#\/schema\/person\/bc410cfae0161b201d837ebfeeba7fd0"},"headline":"Restaurant \u201eIndialucia\u201c ab sofort jeden Monat Dinner-Show-Flamenco","datePublished":"2019-09-01T10:11:18+00:00","mainEntityOfPage":{"@id":"https:\/\/spanienaktuell.net\/wordpress\/restaurant-indialucia-ab-sofort-jeden-monat-dinner-show-flamenco\/"},"wordCount":132,"publisher":{"@id":"https:\/\/spanienaktuell.net\/wordpress\/#organization"},"image":{"@id":"https:\/\/spanienaktuell.net\/wordpress\/restaurant-indialucia-ab-sofort-jeden-monat-dinner-show-flamenco\/#primaryimage"},"thumbnailUrl":"https:\/\/spanienaktuell.net\/wordpress\/wp-content\/uploads\/2019\/09\/IMG_20190319_154050Tocado-.jpg","articleSection":["Kulinarisch"],"inLanguage":"es"},{"@type":"WebPage","@id":"https:\/\/spanienaktuell.net\/wordpress\/restaurant-indialucia-ab-sofort-jeden-monat-dinner-show-flamenco\/","url":"https:\/\/spanienaktuell.net\/wordpress\/restaurant-indialucia-ab-sofort-jeden-monat-dinner-show-flamenco\/","name":"Restaurant \u201eIndialucia\u201c ab sofort jeden Monat Dinner-Show-Flamenco - Spanien aktuell","isPartOf":{"@id":"https:\/\/spanienaktuell.net\/wordpress\/#website"},"primaryImageOfPage":{"@id":"https:\/\/spanienaktuell.net\/wordpress\/restaurant-indialucia-ab-sofort-jeden-monat-dinner-show-flamenco\/#primaryimage"},"image":{"@id":"https:\/\/spanienaktuell.net\/wordpress\/restaurant-indialucia-ab-sofort-jeden-monat-dinner-show-flamenco\/#primaryimage"},"thumbnailUrl":"https:\/\/spanienaktuell.net\/wordpress\/wp-content\/uploads\/2019\/09\/IMG_20190319_154050Tocado-.jpg","datePublished":"2019-09-01T10:11:18+00:00","breadcrumb":{"@id":"https:\/\/spanienaktuell.net\/wordpress\/restaurant-indialucia-ab-sofort-jeden-monat-dinner-show-flamenco\/#breadcrumb"},"inLanguage":"es","potentialAction":[{"@type":"ReadAction","target":["https:\/\/spanienaktuell.net\/wordpress\/restaurant-indialucia-ab-sofort-jeden-monat-dinner-show-flamenco\/"]}]},{"@type":"ImageObject","inLanguage":"es","@id":"https:\/\/spanienaktuell.net\/wordpress\/restaurant-indialucia-ab-sofort-jeden-monat-dinner-show-flamenco\/#primaryimage","url":"https:\/\/spanienaktuell.net\/wordpress\/wp-content\/uploads\/2019\/09\/IMG_20190319_154050Tocado-.jpg","contentUrl":"https:\/\/spanienaktuell.net\/wordpress\/wp-content\/uploads\/2019\/09\/IMG_20190319_154050Tocado-.jpg","width":1440,"height":951},{"@type":"BreadcrumbList","@id":"https:\/\/spanienaktuell.net\/wordpress\/restaurant-indialucia-ab-sofort-jeden-monat-dinner-show-flamenco\/#breadcrumb","itemListElement":[{"@type":"ListItem","position":1,"name":"Portada","item":"https:\/\/spanienaktuell.net\/wordpress\/"},{"@type":"ListItem","position":2,"name":"Restaurant \u201eIndialucia\u201c ab sofort jeden Monat Dinner-Show-Flamenco"}]},{"@type":"WebSite","@id":"https:\/\/spanienaktuell.net\/wordpress\/#website","url":"https:\/\/spanienaktuell.net\/wordpress\/","name":"Spanien aktuell","description":"The German magazine number 1 on the Costa del Sol","publisher":{"@id":"https:\/\/spanienaktuell.net\/wordpress\/#organization"},"potentialAction":[{"@type":"SearchAction","target":{"@type":"EntryPoint","urlTemplate":"https:\/\/spanienaktuell.net\/wordpress\/?s={search_term_string}"},"query-input":{"@type":"PropertyValueSpecification","valueRequired":true,"valueName":"search_term_string"}}],"inLanguage":"es"},{"@type":"Organization","@id":"https:\/\/spanienaktuell.net\/wordpress\/#organization","name":"Spanien aktuell","url":"https:\/\/spanienaktuell.net\/wordpress\/","logo":{"@type":"ImageObject","inLanguage":"es","@id":"https:\/\/spanienaktuell.net\/wordpress\/#\/schema\/logo\/image\/","url":"https:\/\/spanienaktuell.net\/wordpress\/wp-content\/uploads\/2019\/06\/cropped-Logo-spanien-aktuell-png-web-e1561631085388.png","contentUrl":"https:\/\/spanienaktuell.net\/wordpress\/wp-content\/uploads\/2019\/06\/cropped-Logo-spanien-aktuell-png-web-e1561631085388.png","width":512,"height":110,"caption":"Spanien aktuell"},"image":{"@id":"https:\/\/spanienaktuell.net\/wordpress\/#\/schema\/logo\/image\/"}},{"@type":"Person","@id":"https:\/\/spanienaktuell.net\/wordpress\/#\/schema\/person\/bc410cfae0161b201d837ebfeeba7fd0","name":"Spanien Aktuell","image":{"@type":"ImageObject","inLanguage":"es","@id":"https:\/\/spanienaktuell.net\/wordpress\/#\/schema\/person\/image\/","url":"https:\/\/spanienaktuell.net\/wordpress\/wp-content\/uploads\/2019\/06\/cropped-Logo-spanien-aktuell-png-fav2-100x100.png","contentUrl":"https:\/\/spanienaktuell.net\/wordpress\/wp-content\/uploads\/2019\/06\/cropped-Logo-spanien-aktuell-png-fav2-100x100.png","caption":"Spanien Aktuell"},"url":"https:\/\/spanienaktuell.net\/wordpress\/author\/koalum\/"}]}},"_links":{"self":[{"href":"https:\/\/spanienaktuell.net\/wordpress\/wp-json\/wp\/v2\/posts\/86153","targetHints":{"allow":["GET"]}}],"collection":[{"href":"https:\/\/spanienaktuell.net\/wordpress\/wp-json\/wp\/v2\/posts"}],"about":[{"href":"https:\/\/spanienaktuell.net\/wordpress\/wp-json\/wp\/v2\/types\/post"}],"author":[{"embeddable":true,"href":"https:\/\/spanienaktuell.net\/wordpress\/wp-json\/wp\/v2\/users\/3"}],"replies":[{"embeddable":true,"href":"https:\/\/spanienaktuell.net\/wordpress\/wp-json\/wp\/v2\/comments?post=86153"}],"version-history":[{"count":1,"href":"https:\/\/spanienaktuell.net\/wordpress\/wp-json\/wp\/v2\/posts\/86153\/revisions"}],"predecessor-version":[{"id":86162,"href":"https:\/\/spanienaktuell.net\/wordpress\/wp-json\/wp\/v2\/posts\/86153\/revisions\/86162"}],"wp:featuredmedia":[{"embeddable":true,"href":"https:\/\/spanienaktuell.net\/wordpress\/wp-json\/wp\/v2\/media\/86154"}],"wp:attachment":[{"href":"https:\/\/spanienaktuell.net\/wordpress\/wp-json\/wp\/v2\/media?parent=86153"}],"wp:term":[{"taxonomy":"category","embeddable":true,"href":"https:\/\/spanienaktuell.net\/wordpress\/wp-json\/wp\/v2\/categories?post=86153"},{"taxonomy":"post_tag","embeddable":true,"href":"https:\/\/spanienaktuell.net\/wordpress\/wp-json\/wp\/v2\/tags?post=86153"}],"curies":[{"name":"wp","href":"https:\/\/api.w.org\/{rel}","templated":true}]}}