{"id":86172,"date":"2019-09-01T10:18:30","date_gmt":"2019-09-01T10:18:30","guid":{"rendered":"http:\/\/spanienaktuell.net\/wordpress\/?p=86172"},"modified":"2019-09-01T10:18:30","modified_gmt":"2019-09-01T10:18:30","slug":"hansen-real-estate-2","status":"publish","type":"post","link":"https:\/\/spanienaktuell.net\/wordpress\/hansen-real-estate-2\/","title":{"rendered":"Hansen Real Estate"},"content":{"rendered":"<p><b>Ben\u00f6tigen Sie Hilfe beim Verkauf Ihrer Immobilie?<\/b> <b>Suchen Sie das Haus Ihrer Tr\u00e4ume?<\/b><span style=\"font-weight: 400;\"> Hansen Real Estate verf\u00fcgt \u00fcber eine mehrj\u00e4hrige Erfahrung in der Branche, sowie \u00fcber solide Kenntnisse \u00fcber die Region.<\/span><\/p>\n<p><b>Bei uns erhalten Sie hier einen seri\u00f6sen und professionellen Service.<\/b><span style=\"font-weight: 400;\">\u00a0<\/span><\/p>\n<p><span style=\"font-weight: 400;\">Wenn Sie Ihre Immobilie verkaufen m\u00f6chten, besteht unsere Aufgabe nicht nur darin, diese zu vermarkten, sondern auch darin, den Marktwert zu sch\u00e4tzen und zu optimieren, um den bestm\u00f6glichen Preis zu erzielen. Mit anderen Worten: Wir beraten Sie um den Wert ihrer Immobilie zu steigern.\u00a0<\/span><\/p>\n<p><img decoding=\"async\" class=\"aligncenter size-full wp-image-86175\" src=\"http:\/\/spanienaktuell.net\/wordpress\/wp-content\/uploads\/2019\/09\/IMG_1876.jpg\" alt=\"\" width=\"1440\" height=\"960\" srcset=\"https:\/\/spanienaktuell.net\/wordpress\/wp-content\/uploads\/2019\/09\/IMG_1876.jpg 1440w, https:\/\/spanienaktuell.net\/wordpress\/wp-content\/uploads\/2019\/09\/IMG_1876-300x200.jpg 300w, https:\/\/spanienaktuell.net\/wordpress\/wp-content\/uploads\/2019\/09\/IMG_1876-768x512.jpg 768w, https:\/\/spanienaktuell.net\/wordpress\/wp-content\/uploads\/2019\/09\/IMG_1876-1024x683.jpg 1024w\" sizes=\"(max-width: 1440px) 100vw, 1440px\" \/><\/p>\n<p><span style=\"font-weight: 400;\">Wenn Sie ein Haus kaufen m\u00f6chten, stehen wir Ihnen selbstverst\u00e4ndlich auch zur Verf\u00fcgung. In diesem Fall besteht unsere Leistung in erster Linie darin, eine Vorstellung davon zu erlangen, wonach Sie suchen und Ihnen dann die gegenw\u00e4rtige Lage auf dem Immobilienmarkt zug\u00e4nglich und verst\u00e4ndlich zu machen. Diese Informationen sind wichtig, um festzustellen, ob eine Immobilie \u00fcber oder unter dem Marktpreis liegt.\u00a0<\/span><\/p>\n<p><b>Sollten Sie also Hilfe zum Thema \u201eImmobilien\u201c ben\u00f6tigen, z\u00f6gern Sie nicht, mit uns in Kontakt zu treten!<\/b><\/p>\n<p><b><img decoding=\"async\" class=\"aligncenter size-full wp-image-86174\" src=\"http:\/\/spanienaktuell.net\/wordpress\/wp-content\/uploads\/2019\/09\/xHansenRealEstate.png.pagespeed.ic_.NB6MR8aNQn.png\" alt=\"\" width=\"484\" height=\"197\" srcset=\"https:\/\/spanienaktuell.net\/wordpress\/wp-content\/uploads\/2019\/09\/xHansenRealEstate.png.pagespeed.ic_.NB6MR8aNQn.png 484w, https:\/\/spanienaktuell.net\/wordpress\/wp-content\/uploads\/2019\/09\/xHansenRealEstate.png.pagespeed.ic_.NB6MR8aNQn-300x122.png 300w\" sizes=\"(max-width: 484px) 100vw, 484px\" \/>Hansen Real Estate<\/b><\/p>\n<p><span style=\"font-weight: 400;\">Telf.:( +34) 692 103 908\u00a0 (+34) 952 54 17 94 (Wir sprechen auch deutsch)<\/span><\/p>\n<p><span style=\"font-weight: 400;\">Av. Andalucia, 64 A<\/span><\/p>\n<p><span style=\"font-weight: 400;\">Torre del Mar 29740, M\u00e1laga<\/span><\/p>\n<p><a href=\"http:\/\/www.hansen-realestate.com\"><b>www.hansen-realestate.com<\/b><\/a><\/p>\n","protected":false},"excerpt":{"rendered":"<p>Ben\u00f6tigen Sie Hilfe beim Verkauf Ihrer Immobilie? Suchen Sie das Haus Ihrer Tr\u00e4ume? Hansen Real Estate verf\u00fcgt \u00fcber eine mehrj\u00e4hrige [&hellip;]<\/p>\n","protected":false},"author":3,"featured_media":86173,"comment_status":"closed","ping_status":"closed","sticky":false,"template":"","format":"standard","meta":{"footnotes":""},"categories":[28],"tags":[],"class_list":["post-86172","post","type-post","status-publish","format-standard","has-post-thumbnail","hentry","category-reportagen"],"yoast_head":"<!-- This site is optimized with the Yoast SEO plugin v27.1.1 - https:\/\/yoast.com\/product\/yoast-seo-wordpress\/ -->\n<title>Hansen Real Estate - Spanien aktuell<\/title>\n<meta name=\"robots\" content=\"index, follow, max-snippet:-1, max-image-preview:large, max-video-preview:-1\" \/>\n<link rel=\"canonical\" href=\"https:\/\/spanienaktuell.net\/wordpress\/hansen-real-estate-2\/\" \/>\n<meta property=\"og:locale\" content=\"es_ES\" \/>\n<meta property=\"og:type\" content=\"article\" \/>\n<meta property=\"og:title\" content=\"Hansen Real Estate - Spanien aktuell\" \/>\n<meta property=\"og:description\" content=\"Ben\u00f6tigen Sie Hilfe beim Verkauf Ihrer Immobilie? Suchen Sie das Haus Ihrer Tr\u00e4ume? Hansen Real Estate verf\u00fcgt \u00fcber eine mehrj\u00e4hrige [&hellip;]\" \/>\n<meta property=\"og:url\" content=\"https:\/\/spanienaktuell.net\/wordpress\/hansen-real-estate-2\/\" \/>\n<meta property=\"og:site_name\" content=\"Spanien aktuell\" \/>\n<meta property=\"article:published_time\" content=\"2019-09-01T10:18:30+00:00\" \/>\n<meta property=\"og:image\" content=\"https:\/\/spanienaktuell.net\/wordpress\/wp-content\/uploads\/2019\/09\/IMG_1893.jpg\" \/>\n\t<meta property=\"og:image:width\" content=\"1440\" \/>\n\t<meta property=\"og:image:height\" content=\"960\" \/>\n\t<meta property=\"og:image:type\" content=\"image\/jpeg\" \/>\n<meta name=\"author\" content=\"Spanien Aktuell\" \/>\n<meta name=\"twitter:card\" content=\"summary_large_image\" \/>\n<meta name=\"twitter:label1\" content=\"Escrito por\" \/>\n\t<meta name=\"twitter:data1\" content=\"Spanien Aktuell\" \/>\n\t<meta name=\"twitter:label2\" content=\"Tiempo de lectura\" \/>\n\t<meta name=\"twitter:data2\" content=\"1 minuto\" \/>\n<script type=\"application\/ld+json\" class=\"yoast-schema-graph\">{\"@context\":\"https:\/\/schema.org\",\"@graph\":[{\"@type\":\"Article\",\"@id\":\"https:\/\/spanienaktuell.net\/wordpress\/hansen-real-estate-2\/#article\",\"isPartOf\":{\"@id\":\"https:\/\/spanienaktuell.net\/wordpress\/hansen-real-estate-2\/\"},\"author\":{\"name\":\"Spanien Aktuell\",\"@id\":\"https:\/\/spanienaktuell.net\/wordpress\/#\/schema\/person\/bc410cfae0161b201d837ebfeeba7fd0\"},\"headline\":\"Hansen Real Estate\",\"datePublished\":\"2019-09-01T10:18:30+00:00\",\"mainEntityOfPage\":{\"@id\":\"https:\/\/spanienaktuell.net\/wordpress\/hansen-real-estate-2\/\"},\"wordCount\":200,\"publisher\":{\"@id\":\"https:\/\/spanienaktuell.net\/wordpress\/#organization\"},\"image\":{\"@id\":\"https:\/\/spanienaktuell.net\/wordpress\/hansen-real-estate-2\/#primaryimage\"},\"thumbnailUrl\":\"https:\/\/spanienaktuell.net\/wordpress\/wp-content\/uploads\/2019\/09\/IMG_1893.jpg\",\"articleSection\":[\"Reportagen\"],\"inLanguage\":\"es\"},{\"@type\":\"WebPage\",\"@id\":\"https:\/\/spanienaktuell.net\/wordpress\/hansen-real-estate-2\/\",\"url\":\"https:\/\/spanienaktuell.net\/wordpress\/hansen-real-estate-2\/\",\"name\":\"Hansen Real Estate - Spanien aktuell\",\"isPartOf\":{\"@id\":\"https:\/\/spanienaktuell.net\/wordpress\/#website\"},\"primaryImageOfPage\":{\"@id\":\"https:\/\/spanienaktuell.net\/wordpress\/hansen-real-estate-2\/#primaryimage\"},\"image\":{\"@id\":\"https:\/\/spanienaktuell.net\/wordpress\/hansen-real-estate-2\/#primaryimage\"},\"thumbnailUrl\":\"https:\/\/spanienaktuell.net\/wordpress\/wp-content\/uploads\/2019\/09\/IMG_1893.jpg\",\"datePublished\":\"2019-09-01T10:18:30+00:00\",\"breadcrumb\":{\"@id\":\"https:\/\/spanienaktuell.net\/wordpress\/hansen-real-estate-2\/#breadcrumb\"},\"inLanguage\":\"es\",\"potentialAction\":[{\"@type\":\"ReadAction\",\"target\":[\"https:\/\/spanienaktuell.net\/wordpress\/hansen-real-estate-2\/\"]}]},{\"@type\":\"ImageObject\",\"inLanguage\":\"es\",\"@id\":\"https:\/\/spanienaktuell.net\/wordpress\/hansen-real-estate-2\/#primaryimage\",\"url\":\"https:\/\/spanienaktuell.net\/wordpress\/wp-content\/uploads\/2019\/09\/IMG_1893.jpg\",\"contentUrl\":\"https:\/\/spanienaktuell.net\/wordpress\/wp-content\/uploads\/2019\/09\/IMG_1893.jpg\",\"width\":1440,\"height\":960},{\"@type\":\"BreadcrumbList\",\"@id\":\"https:\/\/spanienaktuell.net\/wordpress\/hansen-real-estate-2\/#breadcrumb\",\"itemListElement\":[{\"@type\":\"ListItem\",\"position\":1,\"name\":\"Portada\",\"item\":\"https:\/\/spanienaktuell.net\/wordpress\/\"},{\"@type\":\"ListItem\",\"position\":2,\"name\":\"Hansen Real Estate\"}]},{\"@type\":\"WebSite\",\"@id\":\"https:\/\/spanienaktuell.net\/wordpress\/#website\",\"url\":\"https:\/\/spanienaktuell.net\/wordpress\/\",\"name\":\"Spanien aktuell\",\"description\":\"The German magazine number 1 on the Costa del Sol\",\"publisher\":{\"@id\":\"https:\/\/spanienaktuell.net\/wordpress\/#organization\"},\"potentialAction\":[{\"@type\":\"SearchAction\",\"target\":{\"@type\":\"EntryPoint\",\"urlTemplate\":\"https:\/\/spanienaktuell.net\/wordpress\/?s={search_term_string}\"},\"query-input\":{\"@type\":\"PropertyValueSpecification\",\"valueRequired\":true,\"valueName\":\"search_term_string\"}}],\"inLanguage\":\"es\"},{\"@type\":\"Organization\",\"@id\":\"https:\/\/spanienaktuell.net\/wordpress\/#organization\",\"name\":\"Spanien aktuell\",\"url\":\"https:\/\/spanienaktuell.net\/wordpress\/\",\"logo\":{\"@type\":\"ImageObject\",\"inLanguage\":\"es\",\"@id\":\"https:\/\/spanienaktuell.net\/wordpress\/#\/schema\/logo\/image\/\",\"url\":\"https:\/\/spanienaktuell.net\/wordpress\/wp-content\/uploads\/2019\/06\/cropped-Logo-spanien-aktuell-png-web-e1561631085388.png\",\"contentUrl\":\"https:\/\/spanienaktuell.net\/wordpress\/wp-content\/uploads\/2019\/06\/cropped-Logo-spanien-aktuell-png-web-e1561631085388.png\",\"width\":512,\"height\":110,\"caption\":\"Spanien aktuell\"},\"image\":{\"@id\":\"https:\/\/spanienaktuell.net\/wordpress\/#\/schema\/logo\/image\/\"}},{\"@type\":\"Person\",\"@id\":\"https:\/\/spanienaktuell.net\/wordpress\/#\/schema\/person\/bc410cfae0161b201d837ebfeeba7fd0\",\"name\":\"Spanien Aktuell\",\"image\":{\"@type\":\"ImageObject\",\"inLanguage\":\"es\",\"@id\":\"https:\/\/spanienaktuell.net\/wordpress\/#\/schema\/person\/image\/\",\"url\":\"https:\/\/spanienaktuell.net\/wordpress\/wp-content\/uploads\/2019\/06\/cropped-Logo-spanien-aktuell-png-fav2-100x100.png\",\"contentUrl\":\"https:\/\/spanienaktuell.net\/wordpress\/wp-content\/uploads\/2019\/06\/cropped-Logo-spanien-aktuell-png-fav2-100x100.png\",\"caption\":\"Spanien Aktuell\"},\"url\":\"https:\/\/spanienaktuell.net\/wordpress\/author\/koalum\/\"}]}<\/script>\n<!-- \/ Yoast SEO plugin. -->","yoast_head_json":{"title":"Hansen Real Estate - Spanien aktuell","robots":{"index":"index","follow":"follow","max-snippet":"max-snippet:-1","max-image-preview":"max-image-preview:large","max-video-preview":"max-video-preview:-1"},"canonical":"https:\/\/spanienaktuell.net\/wordpress\/hansen-real-estate-2\/","og_locale":"es_ES","og_type":"article","og_title":"Hansen Real Estate - Spanien aktuell","og_description":"Ben\u00f6tigen Sie Hilfe beim Verkauf Ihrer Immobilie? Suchen Sie das Haus Ihrer Tr\u00e4ume? Hansen Real Estate verf\u00fcgt \u00fcber eine mehrj\u00e4hrige [&hellip;]","og_url":"https:\/\/spanienaktuell.net\/wordpress\/hansen-real-estate-2\/","og_site_name":"Spanien aktuell","article_published_time":"2019-09-01T10:18:30+00:00","og_image":[{"width":1440,"height":960,"url":"https:\/\/spanienaktuell.net\/wordpress\/wp-content\/uploads\/2019\/09\/IMG_1893.jpg","type":"image\/jpeg"}],"author":"Spanien Aktuell","twitter_card":"summary_large_image","twitter_misc":{"Escrito por":"Spanien Aktuell","Tiempo de lectura":"1 minuto"},"schema":{"@context":"https:\/\/schema.org","@graph":[{"@type":"Article","@id":"https:\/\/spanienaktuell.net\/wordpress\/hansen-real-estate-2\/#article","isPartOf":{"@id":"https:\/\/spanienaktuell.net\/wordpress\/hansen-real-estate-2\/"},"author":{"name":"Spanien Aktuell","@id":"https:\/\/spanienaktuell.net\/wordpress\/#\/schema\/person\/bc410cfae0161b201d837ebfeeba7fd0"},"headline":"Hansen Real Estate","datePublished":"2019-09-01T10:18:30+00:00","mainEntityOfPage":{"@id":"https:\/\/spanienaktuell.net\/wordpress\/hansen-real-estate-2\/"},"wordCount":200,"publisher":{"@id":"https:\/\/spanienaktuell.net\/wordpress\/#organization"},"image":{"@id":"https:\/\/spanienaktuell.net\/wordpress\/hansen-real-estate-2\/#primaryimage"},"thumbnailUrl":"https:\/\/spanienaktuell.net\/wordpress\/wp-content\/uploads\/2019\/09\/IMG_1893.jpg","articleSection":["Reportagen"],"inLanguage":"es"},{"@type":"WebPage","@id":"https:\/\/spanienaktuell.net\/wordpress\/hansen-real-estate-2\/","url":"https:\/\/spanienaktuell.net\/wordpress\/hansen-real-estate-2\/","name":"Hansen Real Estate - Spanien aktuell","isPartOf":{"@id":"https:\/\/spanienaktuell.net\/wordpress\/#website"},"primaryImageOfPage":{"@id":"https:\/\/spanienaktuell.net\/wordpress\/hansen-real-estate-2\/#primaryimage"},"image":{"@id":"https:\/\/spanienaktuell.net\/wordpress\/hansen-real-estate-2\/#primaryimage"},"thumbnailUrl":"https:\/\/spanienaktuell.net\/wordpress\/wp-content\/uploads\/2019\/09\/IMG_1893.jpg","datePublished":"2019-09-01T10:18:30+00:00","breadcrumb":{"@id":"https:\/\/spanienaktuell.net\/wordpress\/hansen-real-estate-2\/#breadcrumb"},"inLanguage":"es","potentialAction":[{"@type":"ReadAction","target":["https:\/\/spanienaktuell.net\/wordpress\/hansen-real-estate-2\/"]}]},{"@type":"ImageObject","inLanguage":"es","@id":"https:\/\/spanienaktuell.net\/wordpress\/hansen-real-estate-2\/#primaryimage","url":"https:\/\/spanienaktuell.net\/wordpress\/wp-content\/uploads\/2019\/09\/IMG_1893.jpg","contentUrl":"https:\/\/spanienaktuell.net\/wordpress\/wp-content\/uploads\/2019\/09\/IMG_1893.jpg","width":1440,"height":960},{"@type":"BreadcrumbList","@id":"https:\/\/spanienaktuell.net\/wordpress\/hansen-real-estate-2\/#breadcrumb","itemListElement":[{"@type":"ListItem","position":1,"name":"Portada","item":"https:\/\/spanienaktuell.net\/wordpress\/"},{"@type":"ListItem","position":2,"name":"Hansen Real Estate"}]},{"@type":"WebSite","@id":"https:\/\/spanienaktuell.net\/wordpress\/#website","url":"https:\/\/spanienaktuell.net\/wordpress\/","name":"Spanien aktuell","description":"The German magazine number 1 on the Costa del Sol","publisher":{"@id":"https:\/\/spanienaktuell.net\/wordpress\/#organization"},"potentialAction":[{"@type":"SearchAction","target":{"@type":"EntryPoint","urlTemplate":"https:\/\/spanienaktuell.net\/wordpress\/?s={search_term_string}"},"query-input":{"@type":"PropertyValueSpecification","valueRequired":true,"valueName":"search_term_string"}}],"inLanguage":"es"},{"@type":"Organization","@id":"https:\/\/spanienaktuell.net\/wordpress\/#organization","name":"Spanien aktuell","url":"https:\/\/spanienaktuell.net\/wordpress\/","logo":{"@type":"ImageObject","inLanguage":"es","@id":"https:\/\/spanienaktuell.net\/wordpress\/#\/schema\/logo\/image\/","url":"https:\/\/spanienaktuell.net\/wordpress\/wp-content\/uploads\/2019\/06\/cropped-Logo-spanien-aktuell-png-web-e1561631085388.png","contentUrl":"https:\/\/spanienaktuell.net\/wordpress\/wp-content\/uploads\/2019\/06\/cropped-Logo-spanien-aktuell-png-web-e1561631085388.png","width":512,"height":110,"caption":"Spanien aktuell"},"image":{"@id":"https:\/\/spanienaktuell.net\/wordpress\/#\/schema\/logo\/image\/"}},{"@type":"Person","@id":"https:\/\/spanienaktuell.net\/wordpress\/#\/schema\/person\/bc410cfae0161b201d837ebfeeba7fd0","name":"Spanien Aktuell","image":{"@type":"ImageObject","inLanguage":"es","@id":"https:\/\/spanienaktuell.net\/wordpress\/#\/schema\/person\/image\/","url":"https:\/\/spanienaktuell.net\/wordpress\/wp-content\/uploads\/2019\/06\/cropped-Logo-spanien-aktuell-png-fav2-100x100.png","contentUrl":"https:\/\/spanienaktuell.net\/wordpress\/wp-content\/uploads\/2019\/06\/cropped-Logo-spanien-aktuell-png-fav2-100x100.png","caption":"Spanien Aktuell"},"url":"https:\/\/spanienaktuell.net\/wordpress\/author\/koalum\/"}]}},"_links":{"self":[{"href":"https:\/\/spanienaktuell.net\/wordpress\/wp-json\/wp\/v2\/posts\/86172","targetHints":{"allow":["GET"]}}],"collection":[{"href":"https:\/\/spanienaktuell.net\/wordpress\/wp-json\/wp\/v2\/posts"}],"about":[{"href":"https:\/\/spanienaktuell.net\/wordpress\/wp-json\/wp\/v2\/types\/post"}],"author":[{"embeddable":true,"href":"https:\/\/spanienaktuell.net\/wordpress\/wp-json\/wp\/v2\/users\/3"}],"replies":[{"embeddable":true,"href":"https:\/\/spanienaktuell.net\/wordpress\/wp-json\/wp\/v2\/comments?post=86172"}],"version-history":[{"count":1,"href":"https:\/\/spanienaktuell.net\/wordpress\/wp-json\/wp\/v2\/posts\/86172\/revisions"}],"predecessor-version":[{"id":86179,"href":"https:\/\/spanienaktuell.net\/wordpress\/wp-json\/wp\/v2\/posts\/86172\/revisions\/86179"}],"wp:featuredmedia":[{"embeddable":true,"href":"https:\/\/spanienaktuell.net\/wordpress\/wp-json\/wp\/v2\/media\/86173"}],"wp:attachment":[{"href":"https:\/\/spanienaktuell.net\/wordpress\/wp-json\/wp\/v2\/media?parent=86172"}],"wp:term":[{"taxonomy":"category","embeddable":true,"href":"https:\/\/spanienaktuell.net\/wordpress\/wp-json\/wp\/v2\/categories?post=86172"},{"taxonomy":"post_tag","embeddable":true,"href":"https:\/\/spanienaktuell.net\/wordpress\/wp-json\/wp\/v2\/tags?post=86172"}],"curies":[{"name":"wp","href":"https:\/\/api.w.org\/{rel}","templated":true}]}}