{"id":86370,"date":"2019-09-05T09:32:56","date_gmt":"2019-09-05T09:32:56","guid":{"rendered":"http:\/\/spanienaktuell.net\/wordpress\/?p=86370"},"modified":"2019-09-05T09:32:56","modified_gmt":"2019-09-05T09:32:56","slug":"lamborghini-huracan-evo-spyder","status":"publish","type":"post","link":"https:\/\/spanienaktuell.net\/wordpress\/lamborghini-huracan-evo-spyder\/","title":{"rendered":"Lamborghini Hurac\u00e1n EVO Spyder"},"content":{"rendered":"<h3><strong>Verbrauchs- und Emissionswerte von Hurac\u00e1n Evo Spyder &#8211; Kombinierter Verbrauch: 14,2 l\/100km ; Kombinierte CO<\/strong><strong>\u2082<\/strong><strong>-Emissionen: 338 g\/km (WLTP)<\/strong><\/h3>\n<h3><strong>Neues Design des Hurac\u00e1n EVO wird in ein Open-Air-Fahrerlebnis umgesetzt<\/strong><\/h3>\n<h3><strong>Leichtes elektrohydraulisch bet\u00e4tigtes Verdeck f\u00fcr pures Spyder Feeling<\/strong><\/h3>\n<h3><strong>Aerodynamische \u00dcberlegenheit, egal ob bei offenem oder geschlossenem Verdeck<\/strong><\/h3>\n<h3><strong>Motor des Hurac\u00e1n Performante mit 640 PS und 600 Nm Drehmoment<\/strong><\/h3>\n<h3><strong>Beschleunigung 0-100 km\/h in 3,1 s und H\u00f6chstgeschwindigkeit 325 km\/h<\/strong><\/h3>\n<h3><strong>Neues Infotainment-System mit modernsten Konnektivit\u00e4tsl\u00f6sungen<\/strong><\/h3>\n<p><img decoding=\"async\" class=\"aligncenter size-full wp-image-86378\" src=\"http:\/\/spanienaktuell.net\/wordpress\/wp-content\/uploads\/2019\/09\/533031.jpg\" alt=\"\" width=\"1440\" height=\"960\" srcset=\"https:\/\/spanienaktuell.net\/wordpress\/wp-content\/uploads\/2019\/09\/533031.jpg 1440w, https:\/\/spanienaktuell.net\/wordpress\/wp-content\/uploads\/2019\/09\/533031-300x200.jpg 300w, https:\/\/spanienaktuell.net\/wordpress\/wp-content\/uploads\/2019\/09\/533031-768x512.jpg 768w, https:\/\/spanienaktuell.net\/wordpress\/wp-content\/uploads\/2019\/09\/533031-1024x683.jpg 1024w\" sizes=\"(max-width: 1440px) 100vw, 1440px\" \/><\/p>\n<p>Der Spyder \u00fcbernimmt die bereits f\u00fcr das Coup\u00e9 entwickelte Fahrdynamiksteuerung und Aerodynamik der n\u00e4chsten Generation. Der 5,2-Liter-V10 Saugmotor von Lamborghini wurde f\u00fcr eine h\u00f6here Leistungsausbeute optimiert und mit Titan-Einlassventilen ausgestattet.<\/p>\n<p><strong>\u00a0<\/strong>Der Hurac\u00e1n EVO Spyder liefert 640 PS (470 kW) bei 8.000 U\/min und ein Drehmoment von 600 Nm bei 6.500 U\/min. Mit einem Trockengewicht von 1.542 kg erreicht das Fahrzeug ein Leistungsgewicht von 2,41 kg\/PS, beschleunigt in 3,1 Sekunden von 0 auf 100 km\/h und in 9,3 Sekunden von 0 auf 200 km\/h. Der Bremsweg bei einer Verz\u00f6gerung von 100 auf 0 km\/h betr\u00e4gt 32,2 m, die H\u00f6chstgeschwindigkeit liegt bei 325 km\/h.<\/p>\n<p>\u201eDer Hurac\u00e1n EVO Spyder baut auf den Leistungsmerkmalen, der Fahrdynamiksteuerung der n\u00e4chsten Generation und der Aerodynamik des EVO Coup\u00e9 auf, verf\u00fcgt \u00fcber eine eigene einzigartige Pers\u00f6nlichkeit und bietet eine Fahrfreude, wie es nur ein Cabrio vermag,\u00bb sagt Stefano Domenicali, Chairman und\u00a0 Chief Executive Officer von Automobili Lamborghini. \u201eDer Spyder setzt die evolution\u00e4re Entwicklung des Hurac\u00e1n EVO fort: er l\u00e4sst sich extrem leicht fahren und gl\u00e4nzt gleichzeitig als reaktionsschneller, fahrspa\u00dforientierter Supersportwagen. Vor allem bei ge\u00f6ffnetem Verdeck, mit dem emotionalen Klang des Saugmotors und der verfeinerten, leichten Abgasanlage erreicht das sensorische Erlebnis ein neues Niveau. Design und Leistung des Hurac\u00e1n EVO Spyder und das aufregende Open-Air-Fahrerlebnis sind buchst\u00e4blich atemberaubend.\u00bb<\/p>\n<p><strong>Fahrdynamik der n\u00e4chsten Generation<\/strong><\/p>\n<p><img decoding=\"async\" class=\"aligncenter size-full wp-image-86376\" src=\"http:\/\/spanienaktuell.net\/wordpress\/wp-content\/uploads\/2019\/09\/533027.jpg\" alt=\"\" width=\"1440\" height=\"960\" srcset=\"https:\/\/spanienaktuell.net\/wordpress\/wp-content\/uploads\/2019\/09\/533027.jpg 1440w, https:\/\/spanienaktuell.net\/wordpress\/wp-content\/uploads\/2019\/09\/533027-300x200.jpg 300w, https:\/\/spanienaktuell.net\/wordpress\/wp-content\/uploads\/2019\/09\/533027-768x512.jpg 768w, https:\/\/spanienaktuell.net\/wordpress\/wp-content\/uploads\/2019\/09\/533027-1024x683.jpg 1024w\" sizes=\"(max-width: 1440px) 100vw, 1440px\" \/><\/p>\n<p>Der Hurac\u00e1n EVO Spyder kombiniert das Open-Air-Fahren mit der Leistungsf\u00e4higkeit der innovativen Technologien des Hurac\u00e1n EVO. Die Hinterradlenkung und das Torque-Vectoring-System an allen vier R\u00e4dern werden zentral vom Fahrdynamiksystem Lamborghini Dinamica Veicolo Integrata (LDVI) gesteuert: eine Zentraleinheit, die das Dynamikverhalten des Fahrzeugs regelt und s\u00e4mtliche Dynamiksysteme und das Setup des Fahrzeugs vollst\u00e4ndig integriert, um den n\u00e4chsten Schritt und Anforderung des Fahrers zu antizipieren (\u201eFeed-Forward-Logik\u00bb).<\/p>\n<p><img decoding=\"async\" class=\"aligncenter size-full wp-image-86373\" src=\"http:\/\/spanienaktuell.net\/wordpress\/wp-content\/uploads\/2019\/09\/533007_v2.jpg\" alt=\"\" width=\"1440\" height=\"896\" srcset=\"https:\/\/spanienaktuell.net\/wordpress\/wp-content\/uploads\/2019\/09\/533007_v2.jpg 1440w, https:\/\/spanienaktuell.net\/wordpress\/wp-content\/uploads\/2019\/09\/533007_v2-300x187.jpg 300w, https:\/\/spanienaktuell.net\/wordpress\/wp-content\/uploads\/2019\/09\/533007_v2-768x478.jpg 768w, https:\/\/spanienaktuell.net\/wordpress\/wp-content\/uploads\/2019\/09\/533007_v2-1024x637.jpg 1024w\" sizes=\"(max-width: 1440px) 100vw, 1440px\" \/><\/p>\n<p>Dank Datenverarbeitung in Echtzeit, \u00fcberwacht und analysiert das LDVI-System die \u00e4u\u00dferen Bedingungen auf Grundlage der aktiven D\u00e4mpfer und des Allradantriebs. Das System erkennt auch die Absichten des Fahrers anhand der Bedienung von Lenkrad, Brems- und Gaspedal, des eingelegten Gangs und des gew\u00e4hlten Fahrmodus. Das Fahrdynamiksystem erh\u00e4lt so pr\u00e4zise Angaben, und das Fahrzeug wird superagil und reaktionsschnell bei hohen Ma\u00df an Kontrollierbarkeit: es reagiert nicht nur, sondern sieht die optimale Fahrzeugabstimmung f\u00fcr den n\u00e4chsten Moment vorher.<\/p>\n<p><img decoding=\"async\" class=\"aligncenter size-full wp-image-86377\" src=\"http:\/\/spanienaktuell.net\/wordpress\/wp-content\/uploads\/2019\/09\/533028.jpg\" alt=\"\" width=\"1440\" height=\"960\" srcset=\"https:\/\/spanienaktuell.net\/wordpress\/wp-content\/uploads\/2019\/09\/533028.jpg 1440w, https:\/\/spanienaktuell.net\/wordpress\/wp-content\/uploads\/2019\/09\/533028-300x200.jpg 300w, https:\/\/spanienaktuell.net\/wordpress\/wp-content\/uploads\/2019\/09\/533028-768x512.jpg 768w, https:\/\/spanienaktuell.net\/wordpress\/wp-content\/uploads\/2019\/09\/533028-1024x683.jpg 1024w\" sizes=\"(max-width: 1440px) 100vw, 1440px\" \/><\/p>\n<p>Die Lamborghini Piattaforma Inerziale (LPI) Version 2.0, erstmals beim EVO Coup\u00e9 eingesetzt, ist ein umfassendes Paket von Beschleunigungssensoren und Gyroskopen im Schwerpunkt des Fahrzeugs, die Quer-, L\u00e4ngs- und Vertikalbeschleunigung sowie Roll-, Nick- und Gierrate in Echtzeit \u00fcberwachen. Das auf Version 2.0 weiterentwickelte magnetorheologische D\u00e4mpfersystem passt die D\u00e4mpfung unmittelbar basierend auf den Informationen der LPI an. Eine neue weiterentwickelte Traktionskontrolle erm\u00f6glicht gemeinsam mit dem optimierten Allradantrieb und Torque Vectoring eine bedarfsgerechte Verteilung des Antriebsmoments auf die einzelnen R\u00e4der. Die ebenfalls optimierte Dynamiklenkung Lamborghini Dynamic Steering (LDS) bietet ein besseres Ansprechverhalten bei Kurvenfahrten bei gleichzeitig minimalen Lenkwinkeln. In Verbindung mit der Hinterradlenkung werden Agilit\u00e4t bei niedrigen Geschwindigkeiten sowie maximale Stabilit\u00e4t bei schnellen Kurvenfahrten und beim Bremsen sichergestellt.<\/p>\n<p>Das Fahren mit dem Hurac\u00e1n EVO Spyder ist so kultiviert oder aufregend, wie es die Insassen gerade w\u00fcnschen. Der bevorzugte Fahrmodus wird \u00fcber das ANIMA System gew\u00e4hlt, wobei STRADA speziell \u00fcber das LDVI-System f\u00fcr den Stra\u00dfenfahrkomfort angepasst wurde. Im SPORT Modus nimmt es eine fahrspa\u00dforientierte und aufregende Pers\u00f6nlichkeit an, mit der F\u00e4higkeit zu driften. Im Modus CORSA lehnt sich der Hurac\u00e1n EVO Spyder am Erbe des Performante an:\u00a0 bereit f\u00fcr die Rennstrecke und pr\u00e4zise, f\u00fcr extremste Fahrbedingungen.<\/p>\n<p><strong>\u00a0Open-Air-Aerodynamik und Design &#8211; innen und au\u00dfen<\/strong><\/p>\n<p><img decoding=\"async\" class=\"aligncenter size-full wp-image-86375\" src=\"http:\/\/spanienaktuell.net\/wordpress\/wp-content\/uploads\/2019\/09\/533024.jpg\" alt=\"\" width=\"1440\" height=\"960\" srcset=\"https:\/\/spanienaktuell.net\/wordpress\/wp-content\/uploads\/2019\/09\/533024.jpg 1440w, https:\/\/spanienaktuell.net\/wordpress\/wp-content\/uploads\/2019\/09\/533024-300x200.jpg 300w, https:\/\/spanienaktuell.net\/wordpress\/wp-content\/uploads\/2019\/09\/533024-768x512.jpg 768w, https:\/\/spanienaktuell.net\/wordpress\/wp-content\/uploads\/2019\/09\/533024-1024x683.jpg 1024w\" sizes=\"(max-width: 1440px) 100vw, 1440px\" \/><\/p>\n<p>Die aerodynamische \u00dcberlegenheit des Hurac\u00e1n EVO wird mit dem Spyder fortgesetzt. Gleichg\u00fcltig ob mit offenem oder geschlossenem Verdeck, die Aerodynamik des EVO Spyder sorgt nicht nur f\u00fcr dynamisches Handling und hohe Leistung, sondern auch f\u00fcr den Komfort der Insassen. Abtrieb und aerodynamische Effizienz des Fahrzeugs sind f\u00fcnf Mal h\u00f6her als bei der ersten Generation des Hurac\u00e1n Spyder. Durch die Minimierung des Luftstroms im Fahrgastinnenraum erh\u00f6ht sich der akustische Komfort und den Insassen bietet sich die M\u00f6glichkeit einer st\u00f6rungsfreien Unterhaltung.<\/p>\n<p>Wie beim EVO Coup\u00e9 verleiht eine neue Frontsch\u00fcrze dem Fahrzeug einen niedrigen durchsetzungsstarken Ausdruck mit aerodynamischer Effizienz, die durch den Frontsplitter und vergr\u00f6\u00dferte Lufteinl\u00e4sse verbessert wird. Das neue Heckdesign des Hurac\u00e1n EVO Spyder erinnert an unverkleidete Superbikes, inspiriert von Lamborghini Hurac\u00e1n Rennfahrzeugen, w\u00e4hrend die beiden Endrohre der neuen Sport-Agasanlage weit oben im hinteren Sto\u00dff\u00e4nger des Fahrzeugs positioniert sind. Ein am oberen Ende des Hecks integrierter Spoiler sorgt f\u00fcr einen verbesserten Luftstrom, der ma\u00dfgeblich das Aerodynamikverhalten des Fahrzeugs beeinflusst. Der aerodynamische Feinschliff setzt sich am neu geformten Unterboden fort.<\/p>\n<p>Das Seitenprofil des Hurac\u00e1n EVO Spyder unterscheidet sich deutlich vom Coup\u00e9, ist aber ebenso dynamisch, bei offenem wie bei geschlossenem Verdeck. Das leichte Stoffverdeck bildet geschlossen die obere Linie der Spyder Silhouette. Beim automatischen \u00d6ffnen wird es platzsparend unter einer Abdeckung verstaut, wodurch die athletischen und ebenso kraftvollen Linien des offenen Fahrzeugs zum Vorschein kommen. Die automatischen ausfahrenden \u00dcberrollb\u00fcgel bleiben unsichtbar.<\/p>\n<p>Unabh\u00e4ngig davon, ob das Dach ge\u00f6ffnet oder geschlossen ist, kann der Fahrer die Heckscheibe, die im hochgefahrenen Zustand als Windschutz fungiert, elektrisch absenken, wodurch die Insassen in den Genuss des einzigartigen Saugmotorsounds des EVO Spyder kommen.<\/p>\n<p>Das \u00d6ffnen des leichten elektrohydraulisch bet\u00e4tigten Stoffverdecks erfolgt per Knopfdruck am Mitteltunnel in gerade einmal 17 Sekunden bei einer Fahrgeschwindigkeit von bis zu 50 km\/h. Bei offenem Verdeck fahren zwei bewegliche Finnen in Karosseriefarbe aus dem Verdeckkasten aus, die die Dachlinie von den R\u00fcckenlehnen der Sitze bis zum Fahrzeugheck fortsetzen und f\u00fcr die unverkennbare niedrige, dynamische Silhouette sorgen. Ein in die Finnen integrierter Kanal reduziert Luftturbulenzen im Kopfbereich beim Fahren mit offenem Verdeck.<\/p>\n<p><img decoding=\"async\" class=\"aligncenter size-full wp-image-86372\" src=\"http:\/\/spanienaktuell.net\/wordpress\/wp-content\/uploads\/2019\/09\/533075.jpg\" alt=\"\" width=\"1440\" height=\"960\" srcset=\"https:\/\/spanienaktuell.net\/wordpress\/wp-content\/uploads\/2019\/09\/533075.jpg 1440w, https:\/\/spanienaktuell.net\/wordpress\/wp-content\/uploads\/2019\/09\/533075-300x200.jpg 300w, https:\/\/spanienaktuell.net\/wordpress\/wp-content\/uploads\/2019\/09\/533075-768x512.jpg 768w, https:\/\/spanienaktuell.net\/wordpress\/wp-content\/uploads\/2019\/09\/533075-1024x683.jpg 1024w\" sizes=\"(max-width: 1440px) 100vw, 1440px\" \/><\/p>\n<p>Der Hurac\u00e1n EVO Spyder wird in der Farbe Verde Selvans pr\u00e4sentiert: ein Vierschichtlack in neuem kultigen gr\u00fcn, und eine von vielen unz\u00e4hligen Farben und Ausstattungen, die f\u00fcr den Hurac\u00e1n EVO Spyder angeboten werden. Der Innenraum wartet mit neuen EVO-eigenen Ausstattungselementen aus Alcantara und Leder mit N\u00e4hten und Details auf, die perfekt mit der Karosseriefarbe harmonieren. Angeboten wird eine Reihe von Style-Paketen sowie leichte Materialien wie Carbon Forged Composite und Lamborghinis patentierte Carbon Skin. Ad Personam, das umfassende Personalisierungsprogramm von Lamborghini erm\u00f6glicht eine nahezu unbegrenzte Individualisierung des Fahrzeugs. Ausgestattet ist EVO Spyder mit neuen 20&#8243; Aesir-Felgen mit Pirelli P Zero Reifen.<\/p>\n<p><img decoding=\"async\" class=\"aligncenter size-full wp-image-86374\" src=\"http:\/\/spanienaktuell.net\/wordpress\/wp-content\/uploads\/2019\/09\/533017.jpg\" alt=\"\" width=\"1440\" height=\"896\" srcset=\"https:\/\/spanienaktuell.net\/wordpress\/wp-content\/uploads\/2019\/09\/533017.jpg 1440w, https:\/\/spanienaktuell.net\/wordpress\/wp-content\/uploads\/2019\/09\/533017-300x187.jpg 300w, https:\/\/spanienaktuell.net\/wordpress\/wp-content\/uploads\/2019\/09\/533017-768x478.jpg 768w, https:\/\/spanienaktuell.net\/wordpress\/wp-content\/uploads\/2019\/09\/533017-1024x637.jpg 1024w\" sizes=\"(max-width: 1440px) 100vw, 1440px\" \/><\/p>\n<p>Ein neuer 8,4 Zoll gro\u00dfer HMI-Touchscreen in der Mittelkonsole direkt \u00fcber dem Startknopf erm\u00f6glicht die einfache Steuerung der Konnektivit\u00e4tsfunktionen per Fingertipp. Neben der Steuerung diverser Fahrzeugfunktionen wie Sitze, Klimaanlage und Echtzeitstatus des LDVI-Systems gew\u00e4hrt es den Fahrzeuginsassen zudem Zugang zu s\u00e4mtlichen Infotainment-Systemen wie etwa Apple CarPlay mit Smartphone-Anbindung. Ein Multimediasystem umfasst Connected Navigation und Entertainment wie Webradio und Videoplayer, mit intuitiver Benutzeroberfl\u00e4che via Sprachsteuerung.<\/p>\n<p>Quelle: Automobili Lamborghini S.p.A.<\/p>\n","protected":false},"excerpt":{"rendered":"<p>Verbrauchs- und Emissionswerte von Hurac\u00e1n Evo Spyder &#8211; Kombinierter Verbrauch: 14,2 l\/100km ; Kombinierte CO\u2082-Emissionen: 338 g\/km (WLTP) Neues Design [&hellip;]<\/p>\n","protected":false},"author":3,"featured_media":86371,"comment_status":"closed","ping_status":"closed","sticky":false,"template":"","format":"standard","meta":{"footnotes":""},"categories":[27],"tags":[],"class_list":["post-86370","post","type-post","status-publish","format-standard","has-post-thumbnail","hentry","category-motor"],"yoast_head":"<!-- This site is optimized with the Yoast SEO plugin v27.1.1 - https:\/\/yoast.com\/product\/yoast-seo-wordpress\/ -->\n<title>Lamborghini Hurac\u00e1n EVO Spyder - Spanien aktuell<\/title>\n<meta name=\"robots\" content=\"index, follow, max-snippet:-1, max-image-preview:large, max-video-preview:-1\" \/>\n<link rel=\"canonical\" href=\"https:\/\/spanienaktuell.net\/wordpress\/lamborghini-huracan-evo-spyder\/\" \/>\n<meta property=\"og:locale\" content=\"es_ES\" \/>\n<meta property=\"og:type\" content=\"article\" \/>\n<meta property=\"og:title\" content=\"Lamborghini Hurac\u00e1n EVO Spyder - Spanien aktuell\" \/>\n<meta property=\"og:description\" content=\"Verbrauchs- und Emissionswerte von Hurac\u00e1n Evo Spyder &#8211; Kombinierter Verbrauch: 14,2 l\/100km ; Kombinierte CO\u2082-Emissionen: 338 g\/km (WLTP) Neues Design [&hellip;]\" \/>\n<meta property=\"og:url\" content=\"https:\/\/spanienaktuell.net\/wordpress\/lamborghini-huracan-evo-spyder\/\" \/>\n<meta property=\"og:site_name\" content=\"Spanien aktuell\" \/>\n<meta property=\"article:published_time\" content=\"2019-09-05T09:32:56+00:00\" \/>\n<meta property=\"og:image\" content=\"https:\/\/spanienaktuell.net\/wordpress\/wp-content\/uploads\/2019\/09\/533032.jpg\" \/>\n\t<meta property=\"og:image:width\" content=\"1440\" \/>\n\t<meta property=\"og:image:height\" content=\"960\" \/>\n\t<meta property=\"og:image:type\" content=\"image\/jpeg\" \/>\n<meta name=\"author\" content=\"Spanien Aktuell\" \/>\n<meta name=\"twitter:card\" content=\"summary_large_image\" \/>\n<meta name=\"twitter:label1\" content=\"Escrito por\" \/>\n\t<meta name=\"twitter:data1\" content=\"Spanien Aktuell\" \/>\n\t<meta name=\"twitter:label2\" content=\"Tiempo de lectura\" \/>\n\t<meta name=\"twitter:data2\" content=\"6 minutos\" \/>\n<script type=\"application\/ld+json\" class=\"yoast-schema-graph\">{\"@context\":\"https:\/\/schema.org\",\"@graph\":[{\"@type\":\"Article\",\"@id\":\"https:\/\/spanienaktuell.net\/wordpress\/lamborghini-huracan-evo-spyder\/#article\",\"isPartOf\":{\"@id\":\"https:\/\/spanienaktuell.net\/wordpress\/lamborghini-huracan-evo-spyder\/\"},\"author\":{\"name\":\"Spanien Aktuell\",\"@id\":\"https:\/\/spanienaktuell.net\/wordpress\/#\/schema\/person\/bc410cfae0161b201d837ebfeeba7fd0\"},\"headline\":\"Lamborghini Hurac\u00e1n EVO Spyder\",\"datePublished\":\"2019-09-05T09:32:56+00:00\",\"mainEntityOfPage\":{\"@id\":\"https:\/\/spanienaktuell.net\/wordpress\/lamborghini-huracan-evo-spyder\/\"},\"wordCount\":1221,\"publisher\":{\"@id\":\"https:\/\/spanienaktuell.net\/wordpress\/#organization\"},\"image\":{\"@id\":\"https:\/\/spanienaktuell.net\/wordpress\/lamborghini-huracan-evo-spyder\/#primaryimage\"},\"thumbnailUrl\":\"https:\/\/spanienaktuell.net\/wordpress\/wp-content\/uploads\/2019\/09\/533032.jpg\",\"articleSection\":[\"Motor\"],\"inLanguage\":\"es\"},{\"@type\":\"WebPage\",\"@id\":\"https:\/\/spanienaktuell.net\/wordpress\/lamborghini-huracan-evo-spyder\/\",\"url\":\"https:\/\/spanienaktuell.net\/wordpress\/lamborghini-huracan-evo-spyder\/\",\"name\":\"Lamborghini Hurac\u00e1n EVO Spyder - Spanien aktuell\",\"isPartOf\":{\"@id\":\"https:\/\/spanienaktuell.net\/wordpress\/#website\"},\"primaryImageOfPage\":{\"@id\":\"https:\/\/spanienaktuell.net\/wordpress\/lamborghini-huracan-evo-spyder\/#primaryimage\"},\"image\":{\"@id\":\"https:\/\/spanienaktuell.net\/wordpress\/lamborghini-huracan-evo-spyder\/#primaryimage\"},\"thumbnailUrl\":\"https:\/\/spanienaktuell.net\/wordpress\/wp-content\/uploads\/2019\/09\/533032.jpg\",\"datePublished\":\"2019-09-05T09:32:56+00:00\",\"breadcrumb\":{\"@id\":\"https:\/\/spanienaktuell.net\/wordpress\/lamborghini-huracan-evo-spyder\/#breadcrumb\"},\"inLanguage\":\"es\",\"potentialAction\":[{\"@type\":\"ReadAction\",\"target\":[\"https:\/\/spanienaktuell.net\/wordpress\/lamborghini-huracan-evo-spyder\/\"]}]},{\"@type\":\"ImageObject\",\"inLanguage\":\"es\",\"@id\":\"https:\/\/spanienaktuell.net\/wordpress\/lamborghini-huracan-evo-spyder\/#primaryimage\",\"url\":\"https:\/\/spanienaktuell.net\/wordpress\/wp-content\/uploads\/2019\/09\/533032.jpg\",\"contentUrl\":\"https:\/\/spanienaktuell.net\/wordpress\/wp-content\/uploads\/2019\/09\/533032.jpg\",\"width\":1440,\"height\":960},{\"@type\":\"BreadcrumbList\",\"@id\":\"https:\/\/spanienaktuell.net\/wordpress\/lamborghini-huracan-evo-spyder\/#breadcrumb\",\"itemListElement\":[{\"@type\":\"ListItem\",\"position\":1,\"name\":\"Portada\",\"item\":\"https:\/\/spanienaktuell.net\/wordpress\/\"},{\"@type\":\"ListItem\",\"position\":2,\"name\":\"Lamborghini Hurac\u00e1n EVO Spyder\"}]},{\"@type\":\"WebSite\",\"@id\":\"https:\/\/spanienaktuell.net\/wordpress\/#website\",\"url\":\"https:\/\/spanienaktuell.net\/wordpress\/\",\"name\":\"Spanien aktuell\",\"description\":\"The German magazine number 1 on the Costa del Sol\",\"publisher\":{\"@id\":\"https:\/\/spanienaktuell.net\/wordpress\/#organization\"},\"potentialAction\":[{\"@type\":\"SearchAction\",\"target\":{\"@type\":\"EntryPoint\",\"urlTemplate\":\"https:\/\/spanienaktuell.net\/wordpress\/?s={search_term_string}\"},\"query-input\":{\"@type\":\"PropertyValueSpecification\",\"valueRequired\":true,\"valueName\":\"search_term_string\"}}],\"inLanguage\":\"es\"},{\"@type\":\"Organization\",\"@id\":\"https:\/\/spanienaktuell.net\/wordpress\/#organization\",\"name\":\"Spanien aktuell\",\"url\":\"https:\/\/spanienaktuell.net\/wordpress\/\",\"logo\":{\"@type\":\"ImageObject\",\"inLanguage\":\"es\",\"@id\":\"https:\/\/spanienaktuell.net\/wordpress\/#\/schema\/logo\/image\/\",\"url\":\"https:\/\/spanienaktuell.net\/wordpress\/wp-content\/uploads\/2019\/06\/cropped-Logo-spanien-aktuell-png-web-e1561631085388.png\",\"contentUrl\":\"https:\/\/spanienaktuell.net\/wordpress\/wp-content\/uploads\/2019\/06\/cropped-Logo-spanien-aktuell-png-web-e1561631085388.png\",\"width\":512,\"height\":110,\"caption\":\"Spanien aktuell\"},\"image\":{\"@id\":\"https:\/\/spanienaktuell.net\/wordpress\/#\/schema\/logo\/image\/\"}},{\"@type\":\"Person\",\"@id\":\"https:\/\/spanienaktuell.net\/wordpress\/#\/schema\/person\/bc410cfae0161b201d837ebfeeba7fd0\",\"name\":\"Spanien Aktuell\",\"image\":{\"@type\":\"ImageObject\",\"inLanguage\":\"es\",\"@id\":\"https:\/\/spanienaktuell.net\/wordpress\/#\/schema\/person\/image\/\",\"url\":\"https:\/\/spanienaktuell.net\/wordpress\/wp-content\/uploads\/2019\/06\/cropped-Logo-spanien-aktuell-png-fav2-100x100.png\",\"contentUrl\":\"https:\/\/spanienaktuell.net\/wordpress\/wp-content\/uploads\/2019\/06\/cropped-Logo-spanien-aktuell-png-fav2-100x100.png\",\"caption\":\"Spanien Aktuell\"},\"url\":\"https:\/\/spanienaktuell.net\/wordpress\/author\/koalum\/\"}]}<\/script>\n<!-- \/ Yoast SEO plugin. -->","yoast_head_json":{"title":"Lamborghini Hurac\u00e1n EVO Spyder - Spanien aktuell","robots":{"index":"index","follow":"follow","max-snippet":"max-snippet:-1","max-image-preview":"max-image-preview:large","max-video-preview":"max-video-preview:-1"},"canonical":"https:\/\/spanienaktuell.net\/wordpress\/lamborghini-huracan-evo-spyder\/","og_locale":"es_ES","og_type":"article","og_title":"Lamborghini Hurac\u00e1n EVO Spyder - Spanien aktuell","og_description":"Verbrauchs- und Emissionswerte von Hurac\u00e1n Evo Spyder &#8211; Kombinierter Verbrauch: 14,2 l\/100km ; Kombinierte CO\u2082-Emissionen: 338 g\/km (WLTP) Neues Design [&hellip;]","og_url":"https:\/\/spanienaktuell.net\/wordpress\/lamborghini-huracan-evo-spyder\/","og_site_name":"Spanien aktuell","article_published_time":"2019-09-05T09:32:56+00:00","og_image":[{"width":1440,"height":960,"url":"https:\/\/spanienaktuell.net\/wordpress\/wp-content\/uploads\/2019\/09\/533032.jpg","type":"image\/jpeg"}],"author":"Spanien Aktuell","twitter_card":"summary_large_image","twitter_misc":{"Escrito por":"Spanien Aktuell","Tiempo de lectura":"6 minutos"},"schema":{"@context":"https:\/\/schema.org","@graph":[{"@type":"Article","@id":"https:\/\/spanienaktuell.net\/wordpress\/lamborghini-huracan-evo-spyder\/#article","isPartOf":{"@id":"https:\/\/spanienaktuell.net\/wordpress\/lamborghini-huracan-evo-spyder\/"},"author":{"name":"Spanien Aktuell","@id":"https:\/\/spanienaktuell.net\/wordpress\/#\/schema\/person\/bc410cfae0161b201d837ebfeeba7fd0"},"headline":"Lamborghini Hurac\u00e1n EVO Spyder","datePublished":"2019-09-05T09:32:56+00:00","mainEntityOfPage":{"@id":"https:\/\/spanienaktuell.net\/wordpress\/lamborghini-huracan-evo-spyder\/"},"wordCount":1221,"publisher":{"@id":"https:\/\/spanienaktuell.net\/wordpress\/#organization"},"image":{"@id":"https:\/\/spanienaktuell.net\/wordpress\/lamborghini-huracan-evo-spyder\/#primaryimage"},"thumbnailUrl":"https:\/\/spanienaktuell.net\/wordpress\/wp-content\/uploads\/2019\/09\/533032.jpg","articleSection":["Motor"],"inLanguage":"es"},{"@type":"WebPage","@id":"https:\/\/spanienaktuell.net\/wordpress\/lamborghini-huracan-evo-spyder\/","url":"https:\/\/spanienaktuell.net\/wordpress\/lamborghini-huracan-evo-spyder\/","name":"Lamborghini Hurac\u00e1n EVO Spyder - Spanien aktuell","isPartOf":{"@id":"https:\/\/spanienaktuell.net\/wordpress\/#website"},"primaryImageOfPage":{"@id":"https:\/\/spanienaktuell.net\/wordpress\/lamborghini-huracan-evo-spyder\/#primaryimage"},"image":{"@id":"https:\/\/spanienaktuell.net\/wordpress\/lamborghini-huracan-evo-spyder\/#primaryimage"},"thumbnailUrl":"https:\/\/spanienaktuell.net\/wordpress\/wp-content\/uploads\/2019\/09\/533032.jpg","datePublished":"2019-09-05T09:32:56+00:00","breadcrumb":{"@id":"https:\/\/spanienaktuell.net\/wordpress\/lamborghini-huracan-evo-spyder\/#breadcrumb"},"inLanguage":"es","potentialAction":[{"@type":"ReadAction","target":["https:\/\/spanienaktuell.net\/wordpress\/lamborghini-huracan-evo-spyder\/"]}]},{"@type":"ImageObject","inLanguage":"es","@id":"https:\/\/spanienaktuell.net\/wordpress\/lamborghini-huracan-evo-spyder\/#primaryimage","url":"https:\/\/spanienaktuell.net\/wordpress\/wp-content\/uploads\/2019\/09\/533032.jpg","contentUrl":"https:\/\/spanienaktuell.net\/wordpress\/wp-content\/uploads\/2019\/09\/533032.jpg","width":1440,"height":960},{"@type":"BreadcrumbList","@id":"https:\/\/spanienaktuell.net\/wordpress\/lamborghini-huracan-evo-spyder\/#breadcrumb","itemListElement":[{"@type":"ListItem","position":1,"name":"Portada","item":"https:\/\/spanienaktuell.net\/wordpress\/"},{"@type":"ListItem","position":2,"name":"Lamborghini Hurac\u00e1n EVO Spyder"}]},{"@type":"WebSite","@id":"https:\/\/spanienaktuell.net\/wordpress\/#website","url":"https:\/\/spanienaktuell.net\/wordpress\/","name":"Spanien aktuell","description":"The German magazine number 1 on the Costa del Sol","publisher":{"@id":"https:\/\/spanienaktuell.net\/wordpress\/#organization"},"potentialAction":[{"@type":"SearchAction","target":{"@type":"EntryPoint","urlTemplate":"https:\/\/spanienaktuell.net\/wordpress\/?s={search_term_string}"},"query-input":{"@type":"PropertyValueSpecification","valueRequired":true,"valueName":"search_term_string"}}],"inLanguage":"es"},{"@type":"Organization","@id":"https:\/\/spanienaktuell.net\/wordpress\/#organization","name":"Spanien aktuell","url":"https:\/\/spanienaktuell.net\/wordpress\/","logo":{"@type":"ImageObject","inLanguage":"es","@id":"https:\/\/spanienaktuell.net\/wordpress\/#\/schema\/logo\/image\/","url":"https:\/\/spanienaktuell.net\/wordpress\/wp-content\/uploads\/2019\/06\/cropped-Logo-spanien-aktuell-png-web-e1561631085388.png","contentUrl":"https:\/\/spanienaktuell.net\/wordpress\/wp-content\/uploads\/2019\/06\/cropped-Logo-spanien-aktuell-png-web-e1561631085388.png","width":512,"height":110,"caption":"Spanien aktuell"},"image":{"@id":"https:\/\/spanienaktuell.net\/wordpress\/#\/schema\/logo\/image\/"}},{"@type":"Person","@id":"https:\/\/spanienaktuell.net\/wordpress\/#\/schema\/person\/bc410cfae0161b201d837ebfeeba7fd0","name":"Spanien Aktuell","image":{"@type":"ImageObject","inLanguage":"es","@id":"https:\/\/spanienaktuell.net\/wordpress\/#\/schema\/person\/image\/","url":"https:\/\/spanienaktuell.net\/wordpress\/wp-content\/uploads\/2019\/06\/cropped-Logo-spanien-aktuell-png-fav2-100x100.png","contentUrl":"https:\/\/spanienaktuell.net\/wordpress\/wp-content\/uploads\/2019\/06\/cropped-Logo-spanien-aktuell-png-fav2-100x100.png","caption":"Spanien Aktuell"},"url":"https:\/\/spanienaktuell.net\/wordpress\/author\/koalum\/"}]}},"_links":{"self":[{"href":"https:\/\/spanienaktuell.net\/wordpress\/wp-json\/wp\/v2\/posts\/86370","targetHints":{"allow":["GET"]}}],"collection":[{"href":"https:\/\/spanienaktuell.net\/wordpress\/wp-json\/wp\/v2\/posts"}],"about":[{"href":"https:\/\/spanienaktuell.net\/wordpress\/wp-json\/wp\/v2\/types\/post"}],"author":[{"embeddable":true,"href":"https:\/\/spanienaktuell.net\/wordpress\/wp-json\/wp\/v2\/users\/3"}],"replies":[{"embeddable":true,"href":"https:\/\/spanienaktuell.net\/wordpress\/wp-json\/wp\/v2\/comments?post=86370"}],"version-history":[{"count":1,"href":"https:\/\/spanienaktuell.net\/wordpress\/wp-json\/wp\/v2\/posts\/86370\/revisions"}],"predecessor-version":[{"id":86382,"href":"https:\/\/spanienaktuell.net\/wordpress\/wp-json\/wp\/v2\/posts\/86370\/revisions\/86382"}],"wp:featuredmedia":[{"embeddable":true,"href":"https:\/\/spanienaktuell.net\/wordpress\/wp-json\/wp\/v2\/media\/86371"}],"wp:attachment":[{"href":"https:\/\/spanienaktuell.net\/wordpress\/wp-json\/wp\/v2\/media?parent=86370"}],"wp:term":[{"taxonomy":"category","embeddable":true,"href":"https:\/\/spanienaktuell.net\/wordpress\/wp-json\/wp\/v2\/categories?post=86370"},{"taxonomy":"post_tag","embeddable":true,"href":"https:\/\/spanienaktuell.net\/wordpress\/wp-json\/wp\/v2\/tags?post=86370"}],"curies":[{"name":"wp","href":"https:\/\/api.w.org\/{rel}","templated":true}]}}