{"id":86463,"date":"2019-10-01T16:06:48","date_gmt":"2019-10-01T16:06:48","guid":{"rendered":"http:\/\/spanienaktuell.net\/wordpress\/?p=86463"},"modified":"2019-10-01T16:06:48","modified_gmt":"2019-10-01T16:06:48","slug":"leinen-los-sind-wir-auf-hoher-see-krankenversichert","status":"publish","type":"post","link":"https:\/\/spanienaktuell.net\/wordpress\/leinen-los-sind-wir-auf-hoher-see-krankenversichert\/","title":{"rendered":"Leinen los: Sind wir auf hoher See krankenversichert?"},"content":{"rendered":"<p><span style=\"font-weight: 400;\">Mehr als zwei Millionen Deutsche rufen j\u00e4hrlich: \u201eSchiff ahoi!\u201c Kreuzfahrten liegen im Trend. Mit den gigantischen Ozeanriesen l\u00e4sst sich ganz leicht die Welt entdecken. An Bord werden die Passagiere verw\u00f6hnt und genie\u00dfen erlebnisreiches Entertainment. Doch ungewohntes Klima, wechselnde kulinarische K\u00f6stlichkeiten und viele Menschen an einem Ort tr\u00fcben manchmal das Wohlbefinden. Deshalb gibt es an Bord oft eine gute medizinische Versorgung. Doch welche rechtlichen Bestimmungen gelten f\u00fcr den Schutz der Gesundheit auf hoher See?<\/span><\/p>\n<p><span style=\"font-weight: 400;\">Das richtet sich nach der Flagge, unter der die Flotte f\u00e4hrt. Weht auf dem Kreuzfahrtschiff eine italienische Flagge, gilt f\u00fcr eine Krankenbehandlung, ein verschriebenes Medikament oder eine Bandage italienisches Recht. F\u00e4hrt das Schiff unter deutscher Flagge, gelten deutsche Bestimmungen.<\/span><\/p>\n<p><span style=\"font-weight: 400;\">In Deutschland sichert die elektronische Gesundheitskarte (eGK) gesetzlich Versicherten notwendige Behandlungen zu. Wird w\u00e4hrend des Urlaubes im europ\u00e4ischen Ausland unerwartet \u00e4rztliche Hilfe ben\u00f6tigt, brauchen Reisende die eGK nur umzudrehen. Denn auf der R\u00fcckseite ist die Europ\u00e4ische Krankenversicherungskarte (EHIC). Damit erhalten Urlauber medizinisch notwendige Behandlungen des \u00f6ffentlichen Gesundheitswesens im Gastland.<\/span><\/p>\n<p><span style=\"font-weight: 400;\">Allen Reisenden gibt die actimonda krankenkasse den Tipp, sich f\u00fcr den europ\u00e4ischen Auslandsurlaub zus\u00e4tzlich f\u00fcr private Behandlungen und einen Transport zur\u00fcck nach Deutschland abzusichern. Das geht mit einer privaten Zusatzversicherung f\u00fcr Auslandsreisen. Bei Fernreisen au\u00dferhalb der EU, in L\u00e4nder ohne Auslandsabkommen, hilft Urlaubern ausschlie\u00dflich die private Zusatzversicherung. Mehr Infos zum Urlaub im Ausland gibt\u00b4s auf:<\/span><\/p>\n<p><a href=\"https:\/\/www.actimonda.de\/beratung\/auslandsaufenthalt\/\"><span style=\"font-weight: 400;\">https:\/\/www.actimonda.de\/beratung\/auslandsaufenthalt\/<\/span><\/a><span style=\"font-weight: 400;\">\u00a0<\/span><\/p>\n<p><span style=\"font-weight: 400;\">Quelle: actimonda krankenkasse<\/span><\/p>\n","protected":false},"excerpt":{"rendered":"<p>Mehr als zwei Millionen Deutsche rufen j\u00e4hrlich: \u201eSchiff ahoi!\u201c Kreuzfahrten liegen im Trend. Mit den gigantischen Ozeanriesen l\u00e4sst sich ganz [&hellip;]<\/p>\n","protected":false},"author":3,"featured_media":86464,"comment_status":"closed","ping_status":"closed","sticky":false,"template":"","format":"standard","meta":{"footnotes":""},"categories":[31],"tags":[],"class_list":["post-86463","post","type-post","status-publish","format-standard","has-post-thumbnail","hentry","category-reise"],"yoast_head":"<!-- This site is optimized with the Yoast SEO plugin v27.1.1 - https:\/\/yoast.com\/product\/yoast-seo-wordpress\/ -->\n<title>Leinen los: Sind wir auf hoher See krankenversichert? - Spanien aktuell<\/title>\n<meta name=\"robots\" content=\"index, follow, max-snippet:-1, max-image-preview:large, max-video-preview:-1\" \/>\n<link rel=\"canonical\" href=\"https:\/\/spanienaktuell.net\/wordpress\/leinen-los-sind-wir-auf-hoher-see-krankenversichert\/\" \/>\n<meta property=\"og:locale\" content=\"es_ES\" \/>\n<meta property=\"og:type\" content=\"article\" \/>\n<meta property=\"og:title\" content=\"Leinen los: Sind wir auf hoher See krankenversichert? - Spanien aktuell\" \/>\n<meta property=\"og:description\" content=\"Mehr als zwei Millionen Deutsche rufen j\u00e4hrlich: \u201eSchiff ahoi!\u201c Kreuzfahrten liegen im Trend. Mit den gigantischen Ozeanriesen l\u00e4sst sich ganz [&hellip;]\" \/>\n<meta property=\"og:url\" content=\"https:\/\/spanienaktuell.net\/wordpress\/leinen-los-sind-wir-auf-hoher-see-krankenversichert\/\" \/>\n<meta property=\"og:site_name\" content=\"Spanien aktuell\" \/>\n<meta property=\"article:published_time\" content=\"2019-10-01T16:06:48+00:00\" \/>\n<meta property=\"og:image\" content=\"https:\/\/spanienaktuell.net\/wordpress\/wp-content\/uploads\/2019\/10\/Foto-Pixabay-stokpic-cruise-601527_1920.jpg\" \/>\n\t<meta property=\"og:image:width\" content=\"1440\" \/>\n\t<meta property=\"og:image:height\" content=\"751\" \/>\n\t<meta property=\"og:image:type\" content=\"image\/jpeg\" \/>\n<meta name=\"author\" content=\"Spanien Aktuell\" \/>\n<meta name=\"twitter:card\" content=\"summary_large_image\" \/>\n<meta name=\"twitter:label1\" content=\"Escrito por\" \/>\n\t<meta name=\"twitter:data1\" content=\"Spanien Aktuell\" \/>\n\t<meta name=\"twitter:label2\" content=\"Tiempo de lectura\" \/>\n\t<meta name=\"twitter:data2\" content=\"1 minuto\" \/>\n<script type=\"application\/ld+json\" class=\"yoast-schema-graph\">{\"@context\":\"https:\/\/schema.org\",\"@graph\":[{\"@type\":\"Article\",\"@id\":\"https:\/\/spanienaktuell.net\/wordpress\/leinen-los-sind-wir-auf-hoher-see-krankenversichert\/#article\",\"isPartOf\":{\"@id\":\"https:\/\/spanienaktuell.net\/wordpress\/leinen-los-sind-wir-auf-hoher-see-krankenversichert\/\"},\"author\":{\"name\":\"Spanien Aktuell\",\"@id\":\"https:\/\/spanienaktuell.net\/wordpress\/#\/schema\/person\/bc410cfae0161b201d837ebfeeba7fd0\"},\"headline\":\"Leinen los: Sind wir auf hoher See krankenversichert?\",\"datePublished\":\"2019-10-01T16:06:48+00:00\",\"mainEntityOfPage\":{\"@id\":\"https:\/\/spanienaktuell.net\/wordpress\/leinen-los-sind-wir-auf-hoher-see-krankenversichert\/\"},\"wordCount\":258,\"publisher\":{\"@id\":\"https:\/\/spanienaktuell.net\/wordpress\/#organization\"},\"image\":{\"@id\":\"https:\/\/spanienaktuell.net\/wordpress\/leinen-los-sind-wir-auf-hoher-see-krankenversichert\/#primaryimage\"},\"thumbnailUrl\":\"https:\/\/spanienaktuell.net\/wordpress\/wp-content\/uploads\/2019\/10\/Foto-Pixabay-stokpic-cruise-601527_1920.jpg\",\"articleSection\":[\"Reise\"],\"inLanguage\":\"es\"},{\"@type\":\"WebPage\",\"@id\":\"https:\/\/spanienaktuell.net\/wordpress\/leinen-los-sind-wir-auf-hoher-see-krankenversichert\/\",\"url\":\"https:\/\/spanienaktuell.net\/wordpress\/leinen-los-sind-wir-auf-hoher-see-krankenversichert\/\",\"name\":\"Leinen los: Sind wir auf hoher See krankenversichert? - Spanien aktuell\",\"isPartOf\":{\"@id\":\"https:\/\/spanienaktuell.net\/wordpress\/#website\"},\"primaryImageOfPage\":{\"@id\":\"https:\/\/spanienaktuell.net\/wordpress\/leinen-los-sind-wir-auf-hoher-see-krankenversichert\/#primaryimage\"},\"image\":{\"@id\":\"https:\/\/spanienaktuell.net\/wordpress\/leinen-los-sind-wir-auf-hoher-see-krankenversichert\/#primaryimage\"},\"thumbnailUrl\":\"https:\/\/spanienaktuell.net\/wordpress\/wp-content\/uploads\/2019\/10\/Foto-Pixabay-stokpic-cruise-601527_1920.jpg\",\"datePublished\":\"2019-10-01T16:06:48+00:00\",\"breadcrumb\":{\"@id\":\"https:\/\/spanienaktuell.net\/wordpress\/leinen-los-sind-wir-auf-hoher-see-krankenversichert\/#breadcrumb\"},\"inLanguage\":\"es\",\"potentialAction\":[{\"@type\":\"ReadAction\",\"target\":[\"https:\/\/spanienaktuell.net\/wordpress\/leinen-los-sind-wir-auf-hoher-see-krankenversichert\/\"]}]},{\"@type\":\"ImageObject\",\"inLanguage\":\"es\",\"@id\":\"https:\/\/spanienaktuell.net\/wordpress\/leinen-los-sind-wir-auf-hoher-see-krankenversichert\/#primaryimage\",\"url\":\"https:\/\/spanienaktuell.net\/wordpress\/wp-content\/uploads\/2019\/10\/Foto-Pixabay-stokpic-cruise-601527_1920.jpg\",\"contentUrl\":\"https:\/\/spanienaktuell.net\/wordpress\/wp-content\/uploads\/2019\/10\/Foto-Pixabay-stokpic-cruise-601527_1920.jpg\",\"width\":1440,\"height\":751,\"caption\":\"Foto: Pixabay- Stokpic\"},{\"@type\":\"BreadcrumbList\",\"@id\":\"https:\/\/spanienaktuell.net\/wordpress\/leinen-los-sind-wir-auf-hoher-see-krankenversichert\/#breadcrumb\",\"itemListElement\":[{\"@type\":\"ListItem\",\"position\":1,\"name\":\"Portada\",\"item\":\"https:\/\/spanienaktuell.net\/wordpress\/\"},{\"@type\":\"ListItem\",\"position\":2,\"name\":\"Leinen los: Sind wir auf hoher See krankenversichert?\"}]},{\"@type\":\"WebSite\",\"@id\":\"https:\/\/spanienaktuell.net\/wordpress\/#website\",\"url\":\"https:\/\/spanienaktuell.net\/wordpress\/\",\"name\":\"Spanien aktuell\",\"description\":\"The German magazine number 1 on the Costa del Sol\",\"publisher\":{\"@id\":\"https:\/\/spanienaktuell.net\/wordpress\/#organization\"},\"potentialAction\":[{\"@type\":\"SearchAction\",\"target\":{\"@type\":\"EntryPoint\",\"urlTemplate\":\"https:\/\/spanienaktuell.net\/wordpress\/?s={search_term_string}\"},\"query-input\":{\"@type\":\"PropertyValueSpecification\",\"valueRequired\":true,\"valueName\":\"search_term_string\"}}],\"inLanguage\":\"es\"},{\"@type\":\"Organization\",\"@id\":\"https:\/\/spanienaktuell.net\/wordpress\/#organization\",\"name\":\"Spanien aktuell\",\"url\":\"https:\/\/spanienaktuell.net\/wordpress\/\",\"logo\":{\"@type\":\"ImageObject\",\"inLanguage\":\"es\",\"@id\":\"https:\/\/spanienaktuell.net\/wordpress\/#\/schema\/logo\/image\/\",\"url\":\"https:\/\/spanienaktuell.net\/wordpress\/wp-content\/uploads\/2019\/06\/cropped-Logo-spanien-aktuell-png-web-e1561631085388.png\",\"contentUrl\":\"https:\/\/spanienaktuell.net\/wordpress\/wp-content\/uploads\/2019\/06\/cropped-Logo-spanien-aktuell-png-web-e1561631085388.png\",\"width\":512,\"height\":110,\"caption\":\"Spanien aktuell\"},\"image\":{\"@id\":\"https:\/\/spanienaktuell.net\/wordpress\/#\/schema\/logo\/image\/\"}},{\"@type\":\"Person\",\"@id\":\"https:\/\/spanienaktuell.net\/wordpress\/#\/schema\/person\/bc410cfae0161b201d837ebfeeba7fd0\",\"name\":\"Spanien Aktuell\",\"image\":{\"@type\":\"ImageObject\",\"inLanguage\":\"es\",\"@id\":\"https:\/\/spanienaktuell.net\/wordpress\/#\/schema\/person\/image\/\",\"url\":\"https:\/\/spanienaktuell.net\/wordpress\/wp-content\/uploads\/2019\/06\/cropped-Logo-spanien-aktuell-png-fav2-100x100.png\",\"contentUrl\":\"https:\/\/spanienaktuell.net\/wordpress\/wp-content\/uploads\/2019\/06\/cropped-Logo-spanien-aktuell-png-fav2-100x100.png\",\"caption\":\"Spanien Aktuell\"},\"url\":\"https:\/\/spanienaktuell.net\/wordpress\/author\/koalum\/\"}]}<\/script>\n<!-- \/ Yoast SEO plugin. -->","yoast_head_json":{"title":"Leinen los: Sind wir auf hoher See krankenversichert? - Spanien aktuell","robots":{"index":"index","follow":"follow","max-snippet":"max-snippet:-1","max-image-preview":"max-image-preview:large","max-video-preview":"max-video-preview:-1"},"canonical":"https:\/\/spanienaktuell.net\/wordpress\/leinen-los-sind-wir-auf-hoher-see-krankenversichert\/","og_locale":"es_ES","og_type":"article","og_title":"Leinen los: Sind wir auf hoher See krankenversichert? - Spanien aktuell","og_description":"Mehr als zwei Millionen Deutsche rufen j\u00e4hrlich: \u201eSchiff ahoi!\u201c Kreuzfahrten liegen im Trend. Mit den gigantischen Ozeanriesen l\u00e4sst sich ganz [&hellip;]","og_url":"https:\/\/spanienaktuell.net\/wordpress\/leinen-los-sind-wir-auf-hoher-see-krankenversichert\/","og_site_name":"Spanien aktuell","article_published_time":"2019-10-01T16:06:48+00:00","og_image":[{"width":1440,"height":751,"url":"https:\/\/spanienaktuell.net\/wordpress\/wp-content\/uploads\/2019\/10\/Foto-Pixabay-stokpic-cruise-601527_1920.jpg","type":"image\/jpeg"}],"author":"Spanien Aktuell","twitter_card":"summary_large_image","twitter_misc":{"Escrito por":"Spanien Aktuell","Tiempo de lectura":"1 minuto"},"schema":{"@context":"https:\/\/schema.org","@graph":[{"@type":"Article","@id":"https:\/\/spanienaktuell.net\/wordpress\/leinen-los-sind-wir-auf-hoher-see-krankenversichert\/#article","isPartOf":{"@id":"https:\/\/spanienaktuell.net\/wordpress\/leinen-los-sind-wir-auf-hoher-see-krankenversichert\/"},"author":{"name":"Spanien Aktuell","@id":"https:\/\/spanienaktuell.net\/wordpress\/#\/schema\/person\/bc410cfae0161b201d837ebfeeba7fd0"},"headline":"Leinen los: Sind wir auf hoher See krankenversichert?","datePublished":"2019-10-01T16:06:48+00:00","mainEntityOfPage":{"@id":"https:\/\/spanienaktuell.net\/wordpress\/leinen-los-sind-wir-auf-hoher-see-krankenversichert\/"},"wordCount":258,"publisher":{"@id":"https:\/\/spanienaktuell.net\/wordpress\/#organization"},"image":{"@id":"https:\/\/spanienaktuell.net\/wordpress\/leinen-los-sind-wir-auf-hoher-see-krankenversichert\/#primaryimage"},"thumbnailUrl":"https:\/\/spanienaktuell.net\/wordpress\/wp-content\/uploads\/2019\/10\/Foto-Pixabay-stokpic-cruise-601527_1920.jpg","articleSection":["Reise"],"inLanguage":"es"},{"@type":"WebPage","@id":"https:\/\/spanienaktuell.net\/wordpress\/leinen-los-sind-wir-auf-hoher-see-krankenversichert\/","url":"https:\/\/spanienaktuell.net\/wordpress\/leinen-los-sind-wir-auf-hoher-see-krankenversichert\/","name":"Leinen los: Sind wir auf hoher See krankenversichert? - Spanien aktuell","isPartOf":{"@id":"https:\/\/spanienaktuell.net\/wordpress\/#website"},"primaryImageOfPage":{"@id":"https:\/\/spanienaktuell.net\/wordpress\/leinen-los-sind-wir-auf-hoher-see-krankenversichert\/#primaryimage"},"image":{"@id":"https:\/\/spanienaktuell.net\/wordpress\/leinen-los-sind-wir-auf-hoher-see-krankenversichert\/#primaryimage"},"thumbnailUrl":"https:\/\/spanienaktuell.net\/wordpress\/wp-content\/uploads\/2019\/10\/Foto-Pixabay-stokpic-cruise-601527_1920.jpg","datePublished":"2019-10-01T16:06:48+00:00","breadcrumb":{"@id":"https:\/\/spanienaktuell.net\/wordpress\/leinen-los-sind-wir-auf-hoher-see-krankenversichert\/#breadcrumb"},"inLanguage":"es","potentialAction":[{"@type":"ReadAction","target":["https:\/\/spanienaktuell.net\/wordpress\/leinen-los-sind-wir-auf-hoher-see-krankenversichert\/"]}]},{"@type":"ImageObject","inLanguage":"es","@id":"https:\/\/spanienaktuell.net\/wordpress\/leinen-los-sind-wir-auf-hoher-see-krankenversichert\/#primaryimage","url":"https:\/\/spanienaktuell.net\/wordpress\/wp-content\/uploads\/2019\/10\/Foto-Pixabay-stokpic-cruise-601527_1920.jpg","contentUrl":"https:\/\/spanienaktuell.net\/wordpress\/wp-content\/uploads\/2019\/10\/Foto-Pixabay-stokpic-cruise-601527_1920.jpg","width":1440,"height":751,"caption":"Foto: Pixabay- Stokpic"},{"@type":"BreadcrumbList","@id":"https:\/\/spanienaktuell.net\/wordpress\/leinen-los-sind-wir-auf-hoher-see-krankenversichert\/#breadcrumb","itemListElement":[{"@type":"ListItem","position":1,"name":"Portada","item":"https:\/\/spanienaktuell.net\/wordpress\/"},{"@type":"ListItem","position":2,"name":"Leinen los: Sind wir auf hoher See krankenversichert?"}]},{"@type":"WebSite","@id":"https:\/\/spanienaktuell.net\/wordpress\/#website","url":"https:\/\/spanienaktuell.net\/wordpress\/","name":"Spanien aktuell","description":"The German magazine number 1 on the Costa del Sol","publisher":{"@id":"https:\/\/spanienaktuell.net\/wordpress\/#organization"},"potentialAction":[{"@type":"SearchAction","target":{"@type":"EntryPoint","urlTemplate":"https:\/\/spanienaktuell.net\/wordpress\/?s={search_term_string}"},"query-input":{"@type":"PropertyValueSpecification","valueRequired":true,"valueName":"search_term_string"}}],"inLanguage":"es"},{"@type":"Organization","@id":"https:\/\/spanienaktuell.net\/wordpress\/#organization","name":"Spanien aktuell","url":"https:\/\/spanienaktuell.net\/wordpress\/","logo":{"@type":"ImageObject","inLanguage":"es","@id":"https:\/\/spanienaktuell.net\/wordpress\/#\/schema\/logo\/image\/","url":"https:\/\/spanienaktuell.net\/wordpress\/wp-content\/uploads\/2019\/06\/cropped-Logo-spanien-aktuell-png-web-e1561631085388.png","contentUrl":"https:\/\/spanienaktuell.net\/wordpress\/wp-content\/uploads\/2019\/06\/cropped-Logo-spanien-aktuell-png-web-e1561631085388.png","width":512,"height":110,"caption":"Spanien aktuell"},"image":{"@id":"https:\/\/spanienaktuell.net\/wordpress\/#\/schema\/logo\/image\/"}},{"@type":"Person","@id":"https:\/\/spanienaktuell.net\/wordpress\/#\/schema\/person\/bc410cfae0161b201d837ebfeeba7fd0","name":"Spanien Aktuell","image":{"@type":"ImageObject","inLanguage":"es","@id":"https:\/\/spanienaktuell.net\/wordpress\/#\/schema\/person\/image\/","url":"https:\/\/spanienaktuell.net\/wordpress\/wp-content\/uploads\/2019\/06\/cropped-Logo-spanien-aktuell-png-fav2-100x100.png","contentUrl":"https:\/\/spanienaktuell.net\/wordpress\/wp-content\/uploads\/2019\/06\/cropped-Logo-spanien-aktuell-png-fav2-100x100.png","caption":"Spanien Aktuell"},"url":"https:\/\/spanienaktuell.net\/wordpress\/author\/koalum\/"}]}},"_links":{"self":[{"href":"https:\/\/spanienaktuell.net\/wordpress\/wp-json\/wp\/v2\/posts\/86463","targetHints":{"allow":["GET"]}}],"collection":[{"href":"https:\/\/spanienaktuell.net\/wordpress\/wp-json\/wp\/v2\/posts"}],"about":[{"href":"https:\/\/spanienaktuell.net\/wordpress\/wp-json\/wp\/v2\/types\/post"}],"author":[{"embeddable":true,"href":"https:\/\/spanienaktuell.net\/wordpress\/wp-json\/wp\/v2\/users\/3"}],"replies":[{"embeddable":true,"href":"https:\/\/spanienaktuell.net\/wordpress\/wp-json\/wp\/v2\/comments?post=86463"}],"version-history":[{"count":1,"href":"https:\/\/spanienaktuell.net\/wordpress\/wp-json\/wp\/v2\/posts\/86463\/revisions"}],"predecessor-version":[{"id":86468,"href":"https:\/\/spanienaktuell.net\/wordpress\/wp-json\/wp\/v2\/posts\/86463\/revisions\/86468"}],"wp:featuredmedia":[{"embeddable":true,"href":"https:\/\/spanienaktuell.net\/wordpress\/wp-json\/wp\/v2\/media\/86464"}],"wp:attachment":[{"href":"https:\/\/spanienaktuell.net\/wordpress\/wp-json\/wp\/v2\/media?parent=86463"}],"wp:term":[{"taxonomy":"category","embeddable":true,"href":"https:\/\/spanienaktuell.net\/wordpress\/wp-json\/wp\/v2\/categories?post=86463"},{"taxonomy":"post_tag","embeddable":true,"href":"https:\/\/spanienaktuell.net\/wordpress\/wp-json\/wp\/v2\/tags?post=86463"}],"curies":[{"name":"wp","href":"https:\/\/api.w.org\/{rel}","templated":true}]}}